{"id":9491,"date":"2025-08-19T03:11:08","date_gmt":"2025-08-19T06:11:08","guid":{"rendered":"https:\/\/www.comunicarmais.com.br\/site\/?p=9491"},"modified":"2025-08-19T03:11:11","modified_gmt":"2025-08-19T06:11:11","slug":"cineclube-alb-exibe-o-dia-que-durou-21-anos-documentario-sobre-a-interferencia-dos-eua-no-golpe-militar-do-brasil","status":"publish","type":"post","link":"https:\/\/www.comunicarmais.com.br\/site\/2025\/08\/19\/cineclube-alb-exibe-o-dia-que-durou-21-anos-documentario-sobre-a-interferencia-dos-eua-no-golpe-militar-do-brasil\/","title":{"rendered":"Cineclube ALB exibe &#8220;O dia que durou 21 anos&#8221;, document\u00e1rio sobre a interfer\u00eancia dos EUA no golpe militar do Brasil"},"content":{"rendered":"\n<p><strong>Aberta ao p\u00fablico, exibi\u00e7\u00e3o acontece dia 20 de agosto, \u00e0s 16h, no Goethe-Institut Salvador<\/strong><\/p>\n\n\n\n<figure class=\"wp-block-image size-full is-resized\"><img decoding=\"async\" width=\"619\" height=\"358\" data-src=\"https:\/\/www.comunicarmais.com.br\/site\/wp-content\/uploads\/2025\/08\/Militar-.jpg\" alt=\"\" class=\"wp-image-9494 lazyload\" style=\"--smush-placeholder-width: 619px; --smush-placeholder-aspect-ratio: 619\/358;width:840px;height:auto\" src=\"data:image\/svg+xml;base64,PHN2ZyB3aWR0aD0iMSIgaGVpZ2h0PSIxIiB4bWxucz0iaHR0cDovL3d3dy53My5vcmcvMjAwMC9zdmciPjwvc3ZnPg==\" \/><\/figure>\n\n\n\n<p><strong>Reda\u00e7\u00e3o Mais &#8211; <\/strong>A\u00a0tentativa dos Estados Unidos de influenciar a pol\u00edtica brasileira n\u00e3o \u00e9 de hoje. Bem antes do tarifa\u00e7o de Donald Trump, o Brasil j\u00e1 havia sofrido as consequ\u00eancias da interfer\u00eancia norte-americana. O mundo ainda vivia a Guerra Fria quando os EUA decidiram, em nome do combate ao comunismo na Am\u00e9rica Latina, remover o presidente brasileiro Jo\u00e3o Goulart, o Jango, do seu cargo.<\/p>\n\n\n\n<p>As primeiras a\u00e7\u00f5es surgem em 1962, com John Kennedy na presid\u00eancia do pa\u00eds norte-americano. Depois do seu assassinato, em novembro de 1963, o texano Lyndon Johnson assume o comando e mant\u00e9m a estrat\u00e9gia. Em 1964, o ent\u00e3o presidente brasileiro \u00e9 deposto e o pa\u00eds sofre um golpe militar.<\/p>\n\n\n\n<p>\u00c9 sobre isso que o Cineclube ALB vai tratar em sua pr\u00f3xima sess\u00e3o, no dia 20 de agosto (quarta-feira), quando ser\u00e1 exibido o document\u00e1rio \u2018O dia que durou 21 anos\u2019 (2012), de Camilo Tavares. O filme explora o papel que os EUA tiveram no regime militar que se estendeu por 21 anos, at\u00e9 1985. Investiga, ainda, o papel do embaixador Lincoln Gordon, gerenciando um polpudo or\u00e7amento destinado a financiar estudos e disseminar propaganda para desestabilizar o governo do presidente Jo\u00e3o Goulart. Parece familiar aos dias de hoje?<\/p>\n\n\n\n<p>Para responder essa e outras perguntas, e debater o assunto com o p\u00fablico, teremos como convidados o historiador e professor Rafael Dantas e o ge\u00f3logo e professor Arno Brichta, ex-preso pol\u00edtico. A media\u00e7\u00e3o \u00e9 dos Acad\u00eamicos Carlos Ribeiro e D\u00e9cio Torres Cruz, coordenadores do evento. A realiza\u00e7\u00e3o acontece em coopera\u00e7\u00e3o com o Goethe-Institut Salvador.<\/p>\n\n\n\n<p><strong>A entrada \u00e9 aberta ao p\u00fablico e gratuita.<\/strong><\/p>\n\n\n\n<p>A ALB tem apoio financeiro do Governo da Bahia, atrav\u00e9s do Fundo de Cultura, Secretaria da Fazenda (Sefaz-BA), Secretaria de Cultura da Bahia (Secult-BA) e da Assembleia Legislativa da Bahia (ALBA).<\/p>\n\n\n\n<p><strong>SERVI\u00c7O<\/strong><\/p>\n\n\n\n<p>O QUE: C\u200bINECLUBE ALB &#8211; \u200b&#8217;O dia que durou 21 anos\u200b&#8217; (2012), de Camilo Tavares<\/p>\n\n\n\n<p>\u200bConvidados: Historiador e professor Rafael Dantas; ge\u00f3logo, professor e ex-preso pol\u00edtico Arno Brichta<\/p>\n\n\n\n<p>\u200bQUANDO: 20 de agosto, quarta-feira, 16h<\/p>\n\n\n\n<p>ONDE: Audit\u00f3rio do Goethe-Institut Salvador\u200b &#8211; Av. Sete de Setembro, 1809, Corredor da Vit\u00f3ria<\/p>\n\n\n\n<p>\u200bQUANTO: Aberto e gratuito<\/p>\n\n\n\n<figure class=\"wp-block-image size-full\"><img decoding=\"async\" width=\"1024\" height=\"1280\" data-src=\"https:\/\/www.comunicarmais.com.br\/site\/wp-content\/uploads\/2025\/08\/533407415_3589704794499888_7018443954713931604_n.jpg\" alt=\"\" class=\"wp-image-9493 lazyload\" data-srcset=\"https:\/\/www.comunicarmais.com.br\/site\/wp-content\/uploads\/2025\/08\/533407415_3589704794499888_7018443954713931604_n.jpg 1024w, https:\/\/www.comunicarmais.com.br\/site\/wp-content\/uploads\/2025\/08\/533407415_3589704794499888_7018443954713931604_n-819x1024.jpg 819w, https:\/\/www.comunicarmais.com.br\/site\/wp-content\/uploads\/2025\/08\/533407415_3589704794499888_7018443954713931604_n-768x960.jpg 768w\" data-sizes=\"(max-width: 1024px) 100vw, 1024px\" src=\"data:image\/svg+xml;base64,PHN2ZyB3aWR0aD0iMSIgaGVpZ2h0PSIxIiB4bWxucz0iaHR0cDovL3d3dy53My5vcmcvMjAwMC9zdmciPjwvc3ZnPg==\" style=\"--smush-placeholder-width: 1024px; --smush-placeholder-aspect-ratio: 1024\/1280;\" \/><\/figure>\n\n\n\n<p>________________________________________________________________________________________________________________<\/p>\n\n\n<p class=\"wp-block-tag-cloud\"><a href=\"https:\/\/www.comunicarmais.com.br\/site\/tag\/bahia\/\" class=\"tag-cloud-link tag-link-171 tag-link-position-1\" style=\"font-size: 17.922330097087pt;\" aria-label=\"Bahia (116 itens)\">Bahia<\/a>\n<a href=\"https:\/\/www.comunicarmais.com.br\/site\/tag\/bolsonaro\/\" class=\"tag-cloud-link tag-link-112 tag-link-position-2\" style=\"font-size: 11.533980582524pt;\" aria-label=\"Bolsonaro (39 itens)\">Bolsonaro<\/a>\n<a href=\"https:\/\/www.comunicarmais.com.br\/site\/tag\/brasil\/\" class=\"tag-cloud-link tag-link-335 tag-link-position-3\" style=\"font-size: 13.029126213592pt;\" aria-label=\"Brasil (50 itens)\">Brasil<\/a>\n<a href=\"https:\/\/www.comunicarmais.com.br\/site\/tag\/camacari\/\" class=\"tag-cloud-link tag-link-435 tag-link-position-4\" style=\"font-size: 8.8155339805825pt;\" aria-label=\"Cama\u00e7ari (24 itens)\">Cama\u00e7ari<\/a>\n<a href=\"https:\/\/www.comunicarmais.com.br\/site\/tag\/carnaval\/\" class=\"tag-cloud-link tag-link-508 tag-link-position-5\" style=\"font-size: 12.893203883495pt;\" aria-label=\"Carnaval (49 itens)\">Carnaval<\/a>\n<a href=\"https:\/\/www.comunicarmais.com.br\/site\/tag\/cbx\/\" class=\"tag-cloud-link tag-link-1602 tag-link-position-6\" style=\"font-size: 11.398058252427pt;\" aria-label=\"CBX (38 itens)\">CBX<\/a>\n<a href=\"https:\/\/www.comunicarmais.com.br\/site\/tag\/cidade-baixa\/\" class=\"tag-cloud-link tag-link-456 tag-link-position-7\" style=\"font-size: 9.9029126213592pt;\" aria-label=\"Cidade Baixa (29 itens)\">Cidade Baixa<\/a>\n<a href=\"https:\/\/www.comunicarmais.com.br\/site\/tag\/cinema\/\" class=\"tag-cloud-link tag-link-985 tag-link-position-8\" style=\"font-size: 11.126213592233pt;\" aria-label=\"Cinema (36 itens)\">Cinema<\/a>\n<a href=\"https:\/\/www.comunicarmais.com.br\/site\/tag\/cultura\/\" class=\"tag-cloud-link tag-link-231 tag-link-position-9\" style=\"font-size: 12.21359223301pt;\" aria-label=\"Cultura (44 itens)\">Cultura<\/a>\n<a href=\"https:\/\/www.comunicarmais.com.br\/site\/tag\/drogas\/\" class=\"tag-cloud-link tag-link-165 tag-link-position-10\" style=\"font-size: 12.757281553398pt;\" aria-label=\"Drogas (48 itens)\">Drogas<\/a>\n<a href=\"https:\/\/www.comunicarmais.com.br\/site\/tag\/educacao\/\" class=\"tag-cloud-link tag-link-228 tag-link-position-11\" style=\"font-size: 12.621359223301pt;\" aria-label=\"Educa\u00e7\u00e3o (47 itens)\">Educa\u00e7\u00e3o<\/a>\n<a href=\"https:\/\/www.comunicarmais.com.br\/site\/tag\/ensino\/\" class=\"tag-cloud-link tag-link-233 tag-link-position-12\" style=\"font-size: 10.446601941748pt;\" aria-label=\"Ensino (32 itens)\">Ensino<\/a>\n<a href=\"https:\/\/www.comunicarmais.com.br\/site\/tag\/escola\/\" class=\"tag-cloud-link tag-link-229 tag-link-position-13\" style=\"font-size: 9.631067961165pt;\" aria-label=\"Escola (28 itens)\">Escola<\/a>\n<a href=\"https:\/\/www.comunicarmais.com.br\/site\/tag\/eua\/\" class=\"tag-cloud-link tag-link-664 tag-link-position-14\" style=\"font-size: 12.077669902913pt;\" aria-label=\"EUA (43 itens)\">EUA<\/a>\n<a href=\"https:\/\/www.comunicarmais.com.br\/site\/tag\/feira-de-santana\/\" class=\"tag-cloud-link tag-link-642 tag-link-position-15\" style=\"font-size: 9.2233009708738pt;\" aria-label=\"Feira de Santana (26 itens)\">Feira de Santana<\/a>\n<a href=\"https:\/\/www.comunicarmais.com.br\/site\/tag\/ficco\/\" class=\"tag-cloud-link tag-link-143 tag-link-position-16\" style=\"font-size: 9.2233009708738pt;\" aria-label=\"Ficco (26 itens)\">Ficco<\/a>\n<a href=\"https:\/\/www.comunicarmais.com.br\/site\/tag\/folia\/\" class=\"tag-cloud-link tag-link-566 tag-link-position-17\" style=\"font-size: 9.2233009708738pt;\" aria-label=\"Folia (26 itens)\">Folia<\/a>\n<a href=\"https:\/\/www.comunicarmais.com.br\/site\/tag\/futebol\/\" class=\"tag-cloud-link tag-link-40 tag-link-position-18\" style=\"font-size: 13.029126213592pt;\" aria-label=\"Futebol (50 itens)\">Futebol<\/a>\n<a href=\"https:\/\/www.comunicarmais.com.br\/site\/tag\/homicidio\/\" class=\"tag-cloud-link tag-link-101 tag-link-position-19\" style=\"font-size: 10.582524271845pt;\" aria-label=\"Homic\u00eddio (33 itens)\">Homic\u00eddio<\/a>\n<a href=\"https:\/\/www.comunicarmais.com.br\/site\/tag\/itapagipe\/\" class=\"tag-cloud-link tag-link-471 tag-link-position-20\" style=\"font-size: 10.038834951456pt;\" aria-label=\"Itapagipe (30 itens)\">Itapagipe<\/a>\n<a href=\"https:\/\/www.comunicarmais.com.br\/site\/tag\/itaparica\/\" class=\"tag-cloud-link tag-link-301 tag-link-position-21\" style=\"font-size: 8pt;\" aria-label=\"Itaparica (21 itens)\">Itaparica<\/a>\n<a href=\"https:\/\/www.comunicarmais.com.br\/site\/tag\/jeronimo-rodrigues\/\" class=\"tag-cloud-link tag-link-668 tag-link-position-22\" style=\"font-size: 8.2718446601942pt;\" aria-label=\"Jer\u00f4nimo Rodrigues (22 itens)\">Jer\u00f4nimo Rodrigues<\/a>\n<a href=\"https:\/\/www.comunicarmais.com.br\/site\/tag\/justica\/\" class=\"tag-cloud-link tag-link-361 tag-link-position-23\" style=\"font-size: 10.582524271845pt;\" aria-label=\"Justi\u00e7a (33 itens)\">Justi\u00e7a<\/a>\n<a href=\"https:\/\/www.comunicarmais.com.br\/site\/tag\/lauro-de-freitas\/\" class=\"tag-cloud-link tag-link-594 tag-link-position-24\" style=\"font-size: 18.194174757282pt;\" aria-label=\"Lauro de Freitas (122 itens)\">Lauro de Freitas<\/a>\n<a href=\"https:\/\/www.comunicarmais.com.br\/site\/tag\/lazer\/\" class=\"tag-cloud-link tag-link-568 tag-link-position-25\" style=\"font-size: 9.2233009708738pt;\" aria-label=\"Lazer (26 itens)\">Lazer<\/a>\n<a href=\"https:\/\/www.comunicarmais.com.br\/site\/tag\/lula\/\" class=\"tag-cloud-link tag-link-416 tag-link-position-26\" style=\"font-size: 12.21359223301pt;\" aria-label=\"Lula (44 itens)\">Lula<\/a>\n<a href=\"https:\/\/www.comunicarmais.com.br\/site\/tag\/meio-ambiente\/\" class=\"tag-cloud-link tag-link-475 tag-link-position-27\" style=\"font-size: 12.21359223301pt;\" aria-label=\"Meio Ambiente (44 itens)\">Meio Ambiente<\/a>\n<a href=\"https:\/\/www.comunicarmais.com.br\/site\/tag\/mobilidade\/\" class=\"tag-cloud-link tag-link-278 tag-link-position-28\" style=\"font-size: 13.844660194175pt;\" aria-label=\"Mobilidade (58 itens)\">Mobilidade<\/a>\n<a href=\"https:\/\/www.comunicarmais.com.br\/site\/tag\/mulher\/\" class=\"tag-cloud-link tag-link-450 tag-link-position-29\" style=\"font-size: 13.300970873786pt;\" aria-label=\"mulher (53 itens)\">mulher<\/a>\n<a href=\"https:\/\/www.comunicarmais.com.br\/site\/tag\/musica-2\/\" class=\"tag-cloud-link tag-link-747 tag-link-position-30\" style=\"font-size: 12.21359223301pt;\" aria-label=\"M\u00fasica (44 itens)\">M\u00fasica<\/a>\n<a href=\"https:\/\/www.comunicarmais.com.br\/site\/tag\/pcba\/\" class=\"tag-cloud-link tag-link-1332 tag-link-position-31\" style=\"font-size: 15.067961165049pt;\" aria-label=\"PCBA (72 itens)\">PCBA<\/a>\n<a href=\"https:\/\/www.comunicarmais.com.br\/site\/tag\/pmba\/\" class=\"tag-cloud-link tag-link-53 tag-link-position-32\" style=\"font-size: 18.194174757282pt;\" aria-label=\"PMBA (123 itens)\">PMBA<\/a>\n<a href=\"https:\/\/www.comunicarmais.com.br\/site\/tag\/policia-federal\/\" class=\"tag-cloud-link tag-link-620 tag-link-position-33\" style=\"font-size: 8.9514563106796pt;\" aria-label=\"Pol\u00edcia Federal (25 itens)\">Pol\u00edcia Federal<\/a>\n<a href=\"https:\/\/www.comunicarmais.com.br\/site\/tag\/politica\/\" class=\"tag-cloud-link tag-link-495 tag-link-position-34\" style=\"font-size: 16.291262135922pt;\" aria-label=\"Pol\u00edtica (89 itens)\">Pol\u00edtica<\/a>\n<a href=\"https:\/\/www.comunicarmais.com.br\/site\/tag\/rio-de-janeiro\/\" class=\"tag-cloud-link tag-link-152 tag-link-position-35\" style=\"font-size: 9.9029126213592pt;\" aria-label=\"Rio de Janeiro (29 itens)\">Rio de Janeiro<\/a>\n<a href=\"https:\/\/www.comunicarmais.com.br\/site\/tag\/salvador\/\" class=\"tag-cloud-link tag-link-125 tag-link-position-36\" style=\"font-size: 22pt;\" aria-label=\"Salvador (234 itens)\">Salvador<\/a>\n<a href=\"https:\/\/www.comunicarmais.com.br\/site\/tag\/saude\/\" class=\"tag-cloud-link tag-link-42 tag-link-position-37\" style=\"font-size: 17.78640776699pt;\" aria-label=\"Sa\u00fade (115 itens)\">Sa\u00fade<\/a>\n<a href=\"https:\/\/www.comunicarmais.com.br\/site\/tag\/seguranca\/\" class=\"tag-cloud-link tag-link-48 tag-link-position-38\" style=\"font-size: 9.2233009708738pt;\" aria-label=\"Seguran\u00e7a (26 itens)\">Seguran\u00e7a<\/a>\n<a href=\"https:\/\/www.comunicarmais.com.br\/site\/tag\/ssp-ba\/\" class=\"tag-cloud-link tag-link-1937 tag-link-position-39\" style=\"font-size: 8.9514563106796pt;\" aria-label=\"SSP-BA (25 itens)\">SSP-BA<\/a>\n<a href=\"https:\/\/www.comunicarmais.com.br\/site\/tag\/sspba\/\" class=\"tag-cloud-link tag-link-144 tag-link-position-40\" style=\"font-size: 11.398058252427pt;\" aria-label=\"SSPBA (38 itens)\">SSPBA<\/a>\n<a href=\"https:\/\/www.comunicarmais.com.br\/site\/tag\/stf\/\" class=\"tag-cloud-link tag-link-68 tag-link-position-41\" style=\"font-size: 14.252427184466pt;\" aria-label=\"STF (62 itens)\">STF<\/a>\n<a href=\"https:\/\/www.comunicarmais.com.br\/site\/tag\/sao-paulo\/\" class=\"tag-cloud-link tag-link-612 tag-link-position-42\" style=\"font-size: 8pt;\" aria-label=\"S\u00e3o Paulo (21 itens)\">S\u00e3o Paulo<\/a>\n<a href=\"https:\/\/www.comunicarmais.com.br\/site\/tag\/transito-2\/\" class=\"tag-cloud-link tag-link-377 tag-link-position-43\" style=\"font-size: 8.2718446601942pt;\" aria-label=\"tr\u00e2nsito (22 itens)\">tr\u00e2nsito<\/a>\n<a href=\"https:\/\/www.comunicarmais.com.br\/site\/tag\/turismo\/\" class=\"tag-cloud-link tag-link-225 tag-link-position-44\" style=\"font-size: 9.631067961165pt;\" aria-label=\"Turismo (28 itens)\">Turismo<\/a>\n<a href=\"https:\/\/www.comunicarmais.com.br\/site\/tag\/uruguai\/\" class=\"tag-cloud-link tag-link-323 tag-link-position-45\" style=\"font-size: 9.631067961165pt;\" aria-label=\"Uruguai (28 itens)\">Uruguai<\/a><\/p>","protected":false},"excerpt":{"rendered":"<p>Aberta ao p\u00fablico, exibi\u00e7\u00e3o acontece dia 20 de agosto, \u00e0s 16h, no Goethe-Institut Salvador<\/p>\n","protected":false},"author":2,"featured_media":9494,"comment_status":"open","ping_status":"open","sticky":false,"template":"","format":"standard","meta":{"_acf_changed":false,"footnotes":""},"categories":[11],"tags":[230,1536,985,2842,838,2843],"class_list":["post-9491","post","type-post","status-publish","format-standard","has-post-thumbnail","hentry","category-cultura-lazer","tag-alba","tag-censura","tag-cinema","tag-ditadura-militar","tag-forcas-armadas","tag-golpe-militar"],"acf":[],"yoast_head":"<!-- This site is optimized with the Yoast SEO plugin v26.1.1 - https:\/\/yoast.com\/wordpress\/plugins\/seo\/ -->\n<title>Cineclube ALB exibe &quot;O dia que durou 21 anos&quot;, document\u00e1rio sobre a interfer\u00eancia dos EUA no golpe militar do Brasil - Comunicar Mais<\/title>\n<meta name=\"description\" content=\"Aberta ao p\u00fablico, exibi\u00e7\u00e3o acontece dia 20 de agosto, \u00e0s 16h, no Goethe-Institut Salvador\" \/>\n<meta name=\"robots\" content=\"index, follow, max-snippet:-1, max-image-preview:large, max-video-preview:-1\" \/>\n<link rel=\"canonical\" href=\"https:\/\/www.comunicarmais.com.br\/site\/2025\/08\/19\/cineclube-alb-exibe-o-dia-que-durou-21-anos-documentario-sobre-a-interferencia-dos-eua-no-golpe-militar-do-brasil\/\" \/>\n<meta property=\"og:locale\" content=\"pt_BR\" \/>\n<meta property=\"og:type\" content=\"article\" \/>\n<meta property=\"og:title\" content=\"Cineclube ALB exibe &quot;O dia que durou 21 anos&quot;, document\u00e1rio sobre a interfer\u00eancia dos EUA no golpe militar do Brasil - Comunicar Mais\" \/>\n<meta property=\"og:description\" content=\"Aberta ao p\u00fablico, exibi\u00e7\u00e3o acontece dia 20 de agosto, \u00e0s 16h, no Goethe-Institut Salvador\" \/>\n<meta property=\"og:url\" content=\"https:\/\/www.comunicarmais.com.br\/site\/2025\/08\/19\/cineclube-alb-exibe-o-dia-que-durou-21-anos-documentario-sobre-a-interferencia-dos-eua-no-golpe-militar-do-brasil\/\" \/>\n<meta property=\"og:site_name\" content=\"Comunicar Mais\" \/>\n<meta property=\"article:publisher\" content=\"https:\/\/www.facebook.com\/comunicarmais\/\" \/>\n<meta property=\"article:author\" content=\"https:\/\/www.facebook.com\/comunicarmais\/\" \/>\n<meta property=\"article:published_time\" content=\"2025-08-19T06:11:08+00:00\" \/>\n<meta property=\"article:modified_time\" content=\"2025-08-19T06:11:11+00:00\" \/>\n<meta property=\"og:image\" content=\"https:\/\/www.comunicarmais.com.br\/site\/wp-content\/uploads\/2025\/08\/Militar-.jpg\" \/>\n\t<meta property=\"og:image:width\" content=\"619\" \/>\n\t<meta property=\"og:image:height\" content=\"358\" \/>\n\t<meta property=\"og:image:type\" content=\"image\/jpeg\" \/>\n<meta name=\"author\" content=\"Comunicar Mais\" \/>\n<meta name=\"twitter:card\" content=\"summary_large_image\" \/>\n<meta name=\"twitter:creator\" content=\"@ComunicarmaisBA\" \/>\n<meta name=\"twitter:site\" content=\"@ComunicarmaisBA\" \/>\n<meta name=\"twitter:label1\" content=\"Escrito por\" \/>\n\t<meta name=\"twitter:data1\" content=\"Comunicar Mais\" \/>\n\t<meta name=\"twitter:label2\" content=\"Est. tempo de leitura\" \/>\n\t<meta name=\"twitter:data2\" content=\"3 minutos\" \/>\n<script type=\"application\/ld+json\" class=\"yoast-schema-graph\">{\"@context\":\"https:\/\/schema.org\",\"@graph\":[{\"@type\":\"WebPage\",\"@id\":\"https:\/\/www.comunicarmais.com.br\/site\/2025\/08\/19\/cineclube-alb-exibe-o-dia-que-durou-21-anos-documentario-sobre-a-interferencia-dos-eua-no-golpe-militar-do-brasil\/\",\"url\":\"https:\/\/www.comunicarmais.com.br\/site\/2025\/08\/19\/cineclube-alb-exibe-o-dia-que-durou-21-anos-documentario-sobre-a-interferencia-dos-eua-no-golpe-militar-do-brasil\/\",\"name\":\"Cineclube ALB exibe \\\"O dia que durou 21 anos\\\", document\u00e1rio sobre a interfer\u00eancia dos EUA no golpe militar do Brasil - Comunicar Mais\",\"isPartOf\":{\"@id\":\"https:\/\/www.comunicarmais.com.br\/site\/#website\"},\"primaryImageOfPage\":{\"@id\":\"https:\/\/www.comunicarmais.com.br\/site\/2025\/08\/19\/cineclube-alb-exibe-o-dia-que-durou-21-anos-documentario-sobre-a-interferencia-dos-eua-no-golpe-militar-do-brasil\/#primaryimage\"},\"image\":{\"@id\":\"https:\/\/www.comunicarmais.com.br\/site\/2025\/08\/19\/cineclube-alb-exibe-o-dia-que-durou-21-anos-documentario-sobre-a-interferencia-dos-eua-no-golpe-militar-do-brasil\/#primaryimage\"},\"thumbnailUrl\":\"https:\/\/www.comunicarmais.com.br\/site\/wp-content\/uploads\/2025\/08\/Militar-.jpg\",\"datePublished\":\"2025-08-19T06:11:08+00:00\",\"dateModified\":\"2025-08-19T06:11:11+00:00\",\"author\":{\"@id\":\"https:\/\/www.comunicarmais.com.br\/site\/#\/schema\/person\/712f7b6b25b644e4a91c4173674cf284\"},\"description\":\"Aberta ao p\u00fablico, exibi\u00e7\u00e3o acontece dia 20 de agosto, \u00e0s 16h, no Goethe-Institut Salvador\",\"breadcrumb\":{\"@id\":\"https:\/\/www.comunicarmais.com.br\/site\/2025\/08\/19\/cineclube-alb-exibe-o-dia-que-durou-21-anos-documentario-sobre-a-interferencia-dos-eua-no-golpe-militar-do-brasil\/#breadcrumb\"},\"inLanguage\":\"pt-BR\",\"potentialAction\":[{\"@type\":\"ReadAction\",\"target\":[\"https:\/\/www.comunicarmais.com.br\/site\/2025\/08\/19\/cineclube-alb-exibe-o-dia-que-durou-21-anos-documentario-sobre-a-interferencia-dos-eua-no-golpe-militar-do-brasil\/\"]}]},{\"@type\":\"ImageObject\",\"inLanguage\":\"pt-BR\",\"@id\":\"https:\/\/www.comunicarmais.com.br\/site\/2025\/08\/19\/cineclube-alb-exibe-o-dia-que-durou-21-anos-documentario-sobre-a-interferencia-dos-eua-no-golpe-militar-do-brasil\/#primaryimage\",\"url\":\"https:\/\/www.comunicarmais.com.br\/site\/wp-content\/uploads\/2025\/08\/Militar-.jpg\",\"contentUrl\":\"https:\/\/www.comunicarmais.com.br\/site\/wp-content\/uploads\/2025\/08\/Militar-.jpg\",\"width\":619,\"height\":358},{\"@type\":\"BreadcrumbList\",\"@id\":\"https:\/\/www.comunicarmais.com.br\/site\/2025\/08\/19\/cineclube-alb-exibe-o-dia-que-durou-21-anos-documentario-sobre-a-interferencia-dos-eua-no-golpe-militar-do-brasil\/#breadcrumb\",\"itemListElement\":[{\"@type\":\"ListItem\",\"position\":1,\"name\":\"In\u00edcio\",\"item\":\"https:\/\/www.comunicarmais.com.br\/site\/\"},{\"@type\":\"ListItem\",\"position\":2,\"name\":\"Cineclube ALB exibe &#8220;O dia que durou 21 anos&#8221;, document\u00e1rio sobre a interfer\u00eancia dos EUA no golpe militar do Brasil\"}]},{\"@type\":\"WebSite\",\"@id\":\"https:\/\/www.comunicarmais.com.br\/site\/#website\",\"url\":\"https:\/\/www.comunicarmais.com.br\/site\/\",\"name\":\"Comunicar Mais\",\"description\":\"\",\"potentialAction\":[{\"@type\":\"SearchAction\",\"target\":{\"@type\":\"EntryPoint\",\"urlTemplate\":\"https:\/\/www.comunicarmais.com.br\/site\/?s={search_term_string}\"},\"query-input\":{\"@type\":\"PropertyValueSpecification\",\"valueRequired\":true,\"valueName\":\"search_term_string\"}}],\"inLanguage\":\"pt-BR\"},{\"@type\":\"Person\",\"@id\":\"https:\/\/www.comunicarmais.com.br\/site\/#\/schema\/person\/712f7b6b25b644e4a91c4173674cf284\",\"name\":\"Comunicar Mais\",\"image\":{\"@type\":\"ImageObject\",\"inLanguage\":\"pt-BR\",\"@id\":\"https:\/\/www.comunicarmais.com.br\/site\/#\/schema\/person\/image\/\",\"url\":\"https:\/\/secure.gravatar.com\/avatar\/9803218072e2c0dc265d3d787b54c2c33325e79f79732707fddfbf1efd82c678?s=96&d=mm&r=g\",\"contentUrl\":\"https:\/\/secure.gravatar.com\/avatar\/9803218072e2c0dc265d3d787b54c2c33325e79f79732707fddfbf1efd82c678?s=96&d=mm&r=g\",\"caption\":\"Comunicar Mais\"},\"description\":\"Deixe as ideologias com os ide\u00f3logos. Noticiamos fatos, n\u00e3o brigamos com eles. Aqui, voc\u00ea fica bem informado do que acontece no seu bairro e no mundo. Informar com \u00e9tica e responsabilidade s\u00e3o as bandeiras do Comunicarmais.\",\"sameAs\":[\"https:\/\/www.comunicarmais.com.br\/site\/\",\"https:\/\/www.facebook.com\/comunicarmais\/\",\"https:\/\/www.instagram.com\/comunicarmaisba\/\",\"https:\/\/x.com\/ComunicarmaisBA\"],\"url\":\"https:\/\/www.comunicarmais.com.br\/site\/author\/gerenciador\/\"}]}<\/script>\n<!-- \/ Yoast SEO plugin. -->","yoast_head_json":{"title":"Cineclube ALB exibe \"O dia que durou 21 anos\", document\u00e1rio sobre a interfer\u00eancia dos EUA no golpe militar do Brasil - Comunicar Mais","description":"Aberta ao p\u00fablico, exibi\u00e7\u00e3o acontece dia 20 de agosto, \u00e0s 16h, no Goethe-Institut Salvador","robots":{"index":"index","follow":"follow","max-snippet":"max-snippet:-1","max-image-preview":"max-image-preview:large","max-video-preview":"max-video-preview:-1"},"canonical":"https:\/\/www.comunicarmais.com.br\/site\/2025\/08\/19\/cineclube-alb-exibe-o-dia-que-durou-21-anos-documentario-sobre-a-interferencia-dos-eua-no-golpe-militar-do-brasil\/","og_locale":"pt_BR","og_type":"article","og_title":"Cineclube ALB exibe \"O dia que durou 21 anos\", document\u00e1rio sobre a interfer\u00eancia dos EUA no golpe militar do Brasil - Comunicar Mais","og_description":"Aberta ao p\u00fablico, exibi\u00e7\u00e3o acontece dia 20 de agosto, \u00e0s 16h, no Goethe-Institut Salvador","og_url":"https:\/\/www.comunicarmais.com.br\/site\/2025\/08\/19\/cineclube-alb-exibe-o-dia-que-durou-21-anos-documentario-sobre-a-interferencia-dos-eua-no-golpe-militar-do-brasil\/","og_site_name":"Comunicar Mais","article_publisher":"https:\/\/www.facebook.com\/comunicarmais\/","article_author":"https:\/\/www.facebook.com\/comunicarmais\/","article_published_time":"2025-08-19T06:11:08+00:00","article_modified_time":"2025-08-19T06:11:11+00:00","og_image":[{"width":619,"height":358,"url":"https:\/\/www.comunicarmais.com.br\/site\/wp-content\/uploads\/2025\/08\/Militar-.jpg","type":"image\/jpeg"}],"author":"Comunicar Mais","twitter_card":"summary_large_image","twitter_creator":"@ComunicarmaisBA","twitter_site":"@ComunicarmaisBA","twitter_misc":{"Escrito por":"Comunicar Mais","Est. tempo de leitura":"3 minutos"},"schema":{"@context":"https:\/\/schema.org","@graph":[{"@type":"WebPage","@id":"https:\/\/www.comunicarmais.com.br\/site\/2025\/08\/19\/cineclube-alb-exibe-o-dia-que-durou-21-anos-documentario-sobre-a-interferencia-dos-eua-no-golpe-militar-do-brasil\/","url":"https:\/\/www.comunicarmais.com.br\/site\/2025\/08\/19\/cineclube-alb-exibe-o-dia-que-durou-21-anos-documentario-sobre-a-interferencia-dos-eua-no-golpe-militar-do-brasil\/","name":"Cineclube ALB exibe \"O dia que durou 21 anos\", document\u00e1rio sobre a interfer\u00eancia dos EUA no golpe militar do Brasil - Comunicar Mais","isPartOf":{"@id":"https:\/\/www.comunicarmais.com.br\/site\/#website"},"primaryImageOfPage":{"@id":"https:\/\/www.comunicarmais.com.br\/site\/2025\/08\/19\/cineclube-alb-exibe-o-dia-que-durou-21-anos-documentario-sobre-a-interferencia-dos-eua-no-golpe-militar-do-brasil\/#primaryimage"},"image":{"@id":"https:\/\/www.comunicarmais.com.br\/site\/2025\/08\/19\/cineclube-alb-exibe-o-dia-que-durou-21-anos-documentario-sobre-a-interferencia-dos-eua-no-golpe-militar-do-brasil\/#primaryimage"},"thumbnailUrl":"https:\/\/www.comunicarmais.com.br\/site\/wp-content\/uploads\/2025\/08\/Militar-.jpg","datePublished":"2025-08-19T06:11:08+00:00","dateModified":"2025-08-19T06:11:11+00:00","author":{"@id":"https:\/\/www.comunicarmais.com.br\/site\/#\/schema\/person\/712f7b6b25b644e4a91c4173674cf284"},"description":"Aberta ao p\u00fablico, exibi\u00e7\u00e3o acontece dia 20 de agosto, \u00e0s 16h, no Goethe-Institut Salvador","breadcrumb":{"@id":"https:\/\/www.comunicarmais.com.br\/site\/2025\/08\/19\/cineclube-alb-exibe-o-dia-que-durou-21-anos-documentario-sobre-a-interferencia-dos-eua-no-golpe-militar-do-brasil\/#breadcrumb"},"inLanguage":"pt-BR","potentialAction":[{"@type":"ReadAction","target":["https:\/\/www.comunicarmais.com.br\/site\/2025\/08\/19\/cineclube-alb-exibe-o-dia-que-durou-21-anos-documentario-sobre-a-interferencia-dos-eua-no-golpe-militar-do-brasil\/"]}]},{"@type":"ImageObject","inLanguage":"pt-BR","@id":"https:\/\/www.comunicarmais.com.br\/site\/2025\/08\/19\/cineclube-alb-exibe-o-dia-que-durou-21-anos-documentario-sobre-a-interferencia-dos-eua-no-golpe-militar-do-brasil\/#primaryimage","url":"https:\/\/www.comunicarmais.com.br\/site\/wp-content\/uploads\/2025\/08\/Militar-.jpg","contentUrl":"https:\/\/www.comunicarmais.com.br\/site\/wp-content\/uploads\/2025\/08\/Militar-.jpg","width":619,"height":358},{"@type":"BreadcrumbList","@id":"https:\/\/www.comunicarmais.com.br\/site\/2025\/08\/19\/cineclube-alb-exibe-o-dia-que-durou-21-anos-documentario-sobre-a-interferencia-dos-eua-no-golpe-militar-do-brasil\/#breadcrumb","itemListElement":[{"@type":"ListItem","position":1,"name":"In\u00edcio","item":"https:\/\/www.comunicarmais.com.br\/site\/"},{"@type":"ListItem","position":2,"name":"Cineclube ALB exibe &#8220;O dia que durou 21 anos&#8221;, document\u00e1rio sobre a interfer\u00eancia dos EUA no golpe militar do Brasil"}]},{"@type":"WebSite","@id":"https:\/\/www.comunicarmais.com.br\/site\/#website","url":"https:\/\/www.comunicarmais.com.br\/site\/","name":"Comunicar Mais","description":"","potentialAction":[{"@type":"SearchAction","target":{"@type":"EntryPoint","urlTemplate":"https:\/\/www.comunicarmais.com.br\/site\/?s={search_term_string}"},"query-input":{"@type":"PropertyValueSpecification","valueRequired":true,"valueName":"search_term_string"}}],"inLanguage":"pt-BR"},{"@type":"Person","@id":"https:\/\/www.comunicarmais.com.br\/site\/#\/schema\/person\/712f7b6b25b644e4a91c4173674cf284","name":"Comunicar Mais","image":{"@type":"ImageObject","inLanguage":"pt-BR","@id":"https:\/\/www.comunicarmais.com.br\/site\/#\/schema\/person\/image\/","url":"https:\/\/secure.gravatar.com\/avatar\/9803218072e2c0dc265d3d787b54c2c33325e79f79732707fddfbf1efd82c678?s=96&d=mm&r=g","contentUrl":"https:\/\/secure.gravatar.com\/avatar\/9803218072e2c0dc265d3d787b54c2c33325e79f79732707fddfbf1efd82c678?s=96&d=mm&r=g","caption":"Comunicar Mais"},"description":"Deixe as ideologias com os ide\u00f3logos. Noticiamos fatos, n\u00e3o brigamos com eles. Aqui, voc\u00ea fica bem informado do que acontece no seu bairro e no mundo. Informar com \u00e9tica e responsabilidade s\u00e3o as bandeiras do Comunicarmais.","sameAs":["https:\/\/www.comunicarmais.com.br\/site\/","https:\/\/www.facebook.com\/comunicarmais\/","https:\/\/www.instagram.com\/comunicarmaisba\/","https:\/\/x.com\/ComunicarmaisBA"],"url":"https:\/\/www.comunicarmais.com.br\/site\/author\/gerenciador\/"}]}},"_links":{"self":[{"href":"https:\/\/www.comunicarmais.com.br\/site\/wp-json\/wp\/v2\/posts\/9491","targetHints":{"allow":["GET"]}}],"collection":[{"href":"https:\/\/www.comunicarmais.com.br\/site\/wp-json\/wp\/v2\/posts"}],"about":[{"href":"https:\/\/www.comunicarmais.com.br\/site\/wp-json\/wp\/v2\/types\/post"}],"author":[{"embeddable":true,"href":"https:\/\/www.comunicarmais.com.br\/site\/wp-json\/wp\/v2\/users\/2"}],"replies":[{"embeddable":true,"href":"https:\/\/www.comunicarmais.com.br\/site\/wp-json\/wp\/v2\/comments?post=9491"}],"version-history":[{"count":1,"href":"https:\/\/www.comunicarmais.com.br\/site\/wp-json\/wp\/v2\/posts\/9491\/revisions"}],"predecessor-version":[{"id":9495,"href":"https:\/\/www.comunicarmais.com.br\/site\/wp-json\/wp\/v2\/posts\/9491\/revisions\/9495"}],"wp:featuredmedia":[{"embeddable":true,"href":"https:\/\/www.comunicarmais.com.br\/site\/wp-json\/wp\/v2\/media\/9494"}],"wp:attachment":[{"href":"https:\/\/www.comunicarmais.com.br\/site\/wp-json\/wp\/v2\/media?parent=9491"}],"wp:term":[{"taxonomy":"category","embeddable":true,"href":"https:\/\/www.comunicarmais.com.br\/site\/wp-json\/wp\/v2\/categories?post=9491"},{"taxonomy":"post_tag","embeddable":true,"href":"https:\/\/www.comunicarmais.com.br\/site\/wp-json\/wp\/v2\/tags?post=9491"}],"curies":[{"name":"wp","href":"https:\/\/api.w.org\/{rel}","templated":true}]}}