{"id":9475,"date":"2025-08-19T00:53:09","date_gmt":"2025-08-19T03:53:09","guid":{"rendered":"https:\/\/www.comunicarmais.com.br\/site\/?p=9475"},"modified":"2025-08-19T02:32:39","modified_gmt":"2025-08-19T05:32:39","slug":"minha-mae-me-obrigou-a-mentir-homem-condenado-injustamente-a-14-anos-de-prisao-por-abuso-sexual-e-solto-quase-uma-decada-depois","status":"publish","type":"post","link":"https:\/\/www.comunicarmais.com.br\/site\/2025\/08\/19\/minha-mae-me-obrigou-a-mentir-homem-condenado-injustamente-a-14-anos-de-prisao-por-abuso-sexual-e-solto-quase-uma-decada-depois\/","title":{"rendered":"&#8220;Minha m\u00e3e me obrigou a mentir&#8221;: Homem condenado injustamente a 14 anos de pris\u00e3o por abuso \u00e9 solto um ano depois"},"content":{"rendered":"\n<p><strong>Liberta\u00e7\u00e3o s\u00f3 veio depois que a suposta v\u00edtima, hoje com 14 anos, revelar que a acusa\u00e7\u00e3o havia sido induzida pela m\u00e3e<\/strong><\/p>\n\n\n\n<figure class=\"wp-block-image size-full is-resized\"><img decoding=\"async\" width=\"809\" height=\"428\" data-src=\"https:\/\/www.comunicarmais.com.br\/site\/wp-content\/uploads\/2025\/08\/clodoaldo-.jpg\" alt=\"\" class=\"wp-image-9477 lazyload\" style=\"--smush-placeholder-width: 809px; --smush-placeholder-aspect-ratio: 809\/428;width:840px;height:auto\" data-srcset=\"https:\/\/www.comunicarmais.com.br\/site\/wp-content\/uploads\/2025\/08\/clodoaldo-.jpg 809w, https:\/\/www.comunicarmais.com.br\/site\/wp-content\/uploads\/2025\/08\/clodoaldo--768x406.jpg 768w\" data-sizes=\"(max-width: 809px) 100vw, 809px\" src=\"data:image\/svg+xml;base64,PHN2ZyB3aWR0aD0iMSIgaGVpZ2h0PSIxIiB4bWxucz0iaHR0cDovL3d3dy53My5vcmcvMjAwMC9zdmciPjwvc3ZnPg==\" \/><figcaption class=\"wp-element-caption\"><sup>Clodoaldo Lagner recebe o abra\u00e7o do seu advogado ao sair da Penitenci\u00e1ria de Sinop ap\u00f3s 9 longos anos <em>(Reprodu\u00e7\u00e3o)<\/em><\/sup><\/figcaption><\/figure>\n\n\n\n<p><strong><a href=\"https:\/\/x.com\/wagnerpress\">Por Wagner Ferreira<\/a> &#8211; <\/strong>Desde 2016, Clodoaldo Lagner tenta provar a sua inoc\u00eancia da acusa\u00e7\u00e3o de ter abusado da filha, na \u00e9poca, com 6 anos de idade. A den\u00fancia foi feita pela ex-esposa, inconformada pela separa\u00e7\u00e3o. Sob a influ\u00eancia da m\u00e3e, a menina repetiu a mentira, mesmo sem nenhuma prova f\u00edsica ou psicol\u00f3gica que confirmasse o abuso. Baseada somente nos depoimentos de m\u00e3e e filha, a Justi\u00e7a condenou Clodoaldo a 14 anos de pris\u00e3o.<\/p>\n\n\n\n<p>Desde ent\u00e3o, foram nove anos carregando a pecha de abusador de crian\u00e7a. Mas Clodoaldo seguiu na &#8220;f\u00e9 de J\u00f3&#8221;, como ele mesmo definiu a sua resili\u00eancia para um rep\u00f3rter ao sair da penitenci\u00e1ria de Sinop, no Mato Grosso, dia 13 de agosto.<\/p>\n\n\n\n<p>Ap\u00f3s a acusa\u00e7\u00e3o, Clodoaldo compareceu \u00e0 delegacia e depois na audi\u00eancia. Diante do ju\u00edzo, ele revelou a sua incapacidade financeira para contratar um advogado e foi assistido pela Defensoria P\u00fablica, mas os respons\u00e1veis pela sua defesa nunca entraram em contato com ele e nem fizeram qualquer comunicado.<\/p>\n\n\n\n<p>Clodoaldo foi condenado a 14 anos de pris\u00e3o, condena\u00e7\u00e3o esta que se sustentou somente na acusa\u00e7\u00e3o da m\u00e3e e no depoimento da crian\u00e7a, que para responder \u00e0s perguntas do juiz olhava sempre para m\u00e3e, como se estivesse pedindo autoriza\u00e7\u00e3o com os olhos para seguir com o plano mentiroso. J\u00e1 as provas, foram todas contr\u00e1rias. N\u00e3o apontaram qualquer agress\u00e3o ou les\u00e3o na crian\u00e7a, especialmente o laudo pericial e o psicol\u00f3gico, al\u00e9m das testemunhas.<\/p>\n\n\n\n<p>No dia 19 de julho de 2024, um domingo, Clodoaldo e a sua atual esposa estavam na igreja. Tamb\u00e9m os acompanhavam a pr\u00f3pria filha, que nunca deixou de passar o final de semana com o pai, inclusive, de acordo com relatos de sites do Mato Grosso, a menina estava morando com o pai recentemente.<\/p>\n\n\n\n<p>E foi durante o culto que Clodoaldo foi preso. Diante da cena, a filha, com 14 anos, entrou em desespero e tentou esclarecer tudo ali mesmo. Mas foi na presen\u00e7a do juiz que a adolescente revelou que foi for\u00e7ada pela sua m\u00e3e a fazer a acusa\u00e7\u00e3o contra o pai. \u201cMinha m\u00e3e me obrigou a mentir\u201d, confessou.<\/p>\n\n\n\n<p>Diante da revela\u00e7\u00e3o, a defesa solicitou a revis\u00e3o da condena\u00e7\u00e3o, e a Justi\u00e7a determinou a soltura imediata do r\u00e9u. \u201cForam anos de sofrimento e injusti\u00e7a. Agora, espero reconstruir minha vida\u201d, declarou Clodoaldo ao deixar o pres\u00eddio.<\/p>\n\n\n\n<p>Poss\u00edveis den\u00fancias contra a m\u00e3e da menina devem ser analisada pelo Minist\u00e9rio P\u00fablico do Mato Grosso (MP-MT), que pode denunci\u00e1-la por denuncia\u00e7\u00e3o caluniosa e outros crimes relacionados. O caso traz \u00e0 tona o debate sobre condena\u00e7\u00f5es baseadas em provas fr\u00e1geis e o impacto irrevers\u00edvel que erros judiciais causam na vida de inocentes, em sua maioria, homens.<\/p>\n\n\n\n<figure class=\"wp-block-embed is-type-rich is-provider-twitter wp-block-embed-twitter\"><div class=\"wp-block-embed__wrapper\">\n<blockquote class=\"twitter-tweet\" data-width=\"500\" data-dnt=\"true\"><p lang=\"pt\" dir=\"ltr\">\u201cMinha m\u00e3e me obrigou a mentir\u201d: Homem condenado injustamente a 14 anos de pris\u00e3o por abuso \u00e9 solto um ano depois. <br><br>Caso aconteceu em Sinop (MT); liberta\u00e7\u00e3o s\u00f3 veio depois que a suposta v\u00edtima, hoje com 14 anos, revelar que a acusa\u00e7\u00e3o havia sido induzida pela m\u00e3e. <a href=\"https:\/\/t.co\/3RTEsMZisa\">pic.twitter.com\/3RTEsMZisa<\/a><\/p>&mdash; Wagner Ferreira (@wagnerpress) <a href=\"https:\/\/twitter.com\/wagnerpress\/status\/1957676833685536872?ref_src=twsrc%5Etfw\">August 19, 2025<\/a><\/blockquote><script async src=\"https:\/\/platform.twitter.com\/widgets.js\" charset=\"utf-8\"><\/script>\n<\/div><\/figure>\n\n\n\n<p><strong>Perspectiva de G\u00eanero &#8211; <\/strong>Epis\u00f3dios como o vivido por Clodoaldo deixam um saldo amargo para todos os envolvidos, ou quase todos. A devasta\u00e7\u00e3o na vida de quem acusa e quem \u00e9 acusado injustamente \u00e9 para sempre: para a crian\u00e7a, que crescer\u00e1 com a culpa e o trauma de ter contribu\u00eddo, ainda que inocentemente, em abreviar a vida do pai; um pai destru\u00eddo social, emocional e financeiramente, e a m\u00e3e.. E a m\u00e3e? O que cabe a ela diante de um entendimento onde, legisladores e operadores do Direito se abra\u00e7am diante da palavra quase inquestion\u00e1vel da mulher? E o mais grave. Quando um Conselho Nacional de Justi\u00e7a (CNJ) cria, em 2021, o <a href=\"https:\/\/www.cnj.jus.br\/wp-content\/uploads\/2021\/10\/protocolo-para-julgamento-com-perspectiva-de-genero-cnj-24-03-2022.pdf\">Protocolo para Julgamento com Perspectiva de G\u00eanero<\/a> que, na pr\u00e1tica, visa &#8220;treinar&#8221; ju\u00edzes para considerar em seus julgamentos a condi\u00e7\u00e3o de oprimida, sofrida pelas mulheres ao longo dos S\u00e9culos. Ou seja, d\u00e1 carta branca ao aplicador da lei para exercer plenamente a sua parcialidade em favor da mulher, sob a influ\u00eancia de fatores hist\u00f3ricos e sociais que a coloque em situa\u00e7\u00e3o inferior ao homem.<\/p>\n\n\n\n<p>Em julho deste ano, o plen\u00e1rio do CNJ aprovou, por unanimidade, uma nota t\u00e9cnica na qual defende a legitimidade do protocolo para Julgamento com Perspectiva de G\u00eanero. O texto deve ser enviado \u00e0 C\u00e2mara dos Deputados. O documento esclarece quest\u00f5es levantadas no projeto de decreto legislativo 89\/23, que tramita na Comiss\u00e3o de Constitui\u00e7\u00e3o e Justi\u00e7a (CCJ) da Casa.&nbsp;<\/p>\n\n\n\n<p>Mas a deputada federal Bia Kicis (PL-RJ) pretende arrefecer os \u00e2nimos do CNJ. A parlamentar quer sustar a aplica\u00e7\u00e3o da&nbsp;resolu\u00e7\u00e3o 492\/23, que estabeleceu diretrizes para julgamentos com perspectiva de g\u00eanero no Judici\u00e1rio brasileiro. Segundo Kicis, que \u00e9 relatora do PDL, a norma editada pelo Conselho tem conte\u00fado de natureza pol\u00edtica, raz\u00e3o pela qual a delibera\u00e7\u00e3o sobre a mat\u00e9ria deveria competir ao Legislativo.&nbsp;<\/p>\n\n\n\n<p>________________________________________________________________________________________________________________<\/p>\n\n\n<p class=\"wp-block-tag-cloud\"><a href=\"https:\/\/www.comunicarmais.com.br\/site\/tag\/bahia\/\" class=\"tag-cloud-link tag-link-171 tag-link-position-1\" style=\"font-size: 17.922330097087pt;\" aria-label=\"Bahia (116 itens)\">Bahia<\/a>\n<a href=\"https:\/\/www.comunicarmais.com.br\/site\/tag\/bolsonaro\/\" class=\"tag-cloud-link tag-link-112 tag-link-position-2\" style=\"font-size: 11.533980582524pt;\" aria-label=\"Bolsonaro (39 itens)\">Bolsonaro<\/a>\n<a href=\"https:\/\/www.comunicarmais.com.br\/site\/tag\/brasil\/\" class=\"tag-cloud-link tag-link-335 tag-link-position-3\" style=\"font-size: 13.029126213592pt;\" aria-label=\"Brasil (50 itens)\">Brasil<\/a>\n<a href=\"https:\/\/www.comunicarmais.com.br\/site\/tag\/camacari\/\" class=\"tag-cloud-link tag-link-435 tag-link-position-4\" style=\"font-size: 8.8155339805825pt;\" aria-label=\"Cama\u00e7ari (24 itens)\">Cama\u00e7ari<\/a>\n<a href=\"https:\/\/www.comunicarmais.com.br\/site\/tag\/carnaval\/\" class=\"tag-cloud-link tag-link-508 tag-link-position-5\" style=\"font-size: 12.893203883495pt;\" aria-label=\"Carnaval (49 itens)\">Carnaval<\/a>\n<a href=\"https:\/\/www.comunicarmais.com.br\/site\/tag\/cbx\/\" class=\"tag-cloud-link tag-link-1602 tag-link-position-6\" style=\"font-size: 11.398058252427pt;\" aria-label=\"CBX (38 itens)\">CBX<\/a>\n<a href=\"https:\/\/www.comunicarmais.com.br\/site\/tag\/cidade-baixa\/\" class=\"tag-cloud-link tag-link-456 tag-link-position-7\" style=\"font-size: 9.9029126213592pt;\" aria-label=\"Cidade Baixa (29 itens)\">Cidade Baixa<\/a>\n<a href=\"https:\/\/www.comunicarmais.com.br\/site\/tag\/cinema\/\" class=\"tag-cloud-link tag-link-985 tag-link-position-8\" style=\"font-size: 11.126213592233pt;\" aria-label=\"Cinema (36 itens)\">Cinema<\/a>\n<a href=\"https:\/\/www.comunicarmais.com.br\/site\/tag\/cultura\/\" class=\"tag-cloud-link tag-link-231 tag-link-position-9\" style=\"font-size: 12.21359223301pt;\" aria-label=\"Cultura (44 itens)\">Cultura<\/a>\n<a href=\"https:\/\/www.comunicarmais.com.br\/site\/tag\/drogas\/\" class=\"tag-cloud-link tag-link-165 tag-link-position-10\" style=\"font-size: 12.757281553398pt;\" aria-label=\"Drogas (48 itens)\">Drogas<\/a>\n<a href=\"https:\/\/www.comunicarmais.com.br\/site\/tag\/educacao\/\" class=\"tag-cloud-link tag-link-228 tag-link-position-11\" style=\"font-size: 12.485436893204pt;\" aria-label=\"Educa\u00e7\u00e3o (46 itens)\">Educa\u00e7\u00e3o<\/a>\n<a href=\"https:\/\/www.comunicarmais.com.br\/site\/tag\/ensino\/\" class=\"tag-cloud-link tag-link-233 tag-link-position-12\" style=\"font-size: 10.446601941748pt;\" aria-label=\"Ensino (32 itens)\">Ensino<\/a>\n<a href=\"https:\/\/www.comunicarmais.com.br\/site\/tag\/escola\/\" class=\"tag-cloud-link tag-link-229 tag-link-position-13\" style=\"font-size: 9.495145631068pt;\" aria-label=\"Escola (27 itens)\">Escola<\/a>\n<a href=\"https:\/\/www.comunicarmais.com.br\/site\/tag\/eua\/\" class=\"tag-cloud-link tag-link-664 tag-link-position-14\" style=\"font-size: 12.077669902913pt;\" aria-label=\"EUA (43 itens)\">EUA<\/a>\n<a href=\"https:\/\/www.comunicarmais.com.br\/site\/tag\/feira-de-santana\/\" class=\"tag-cloud-link tag-link-642 tag-link-position-15\" style=\"font-size: 9.2233009708738pt;\" aria-label=\"Feira de Santana (26 itens)\">Feira de Santana<\/a>\n<a href=\"https:\/\/www.comunicarmais.com.br\/site\/tag\/ficco\/\" class=\"tag-cloud-link tag-link-143 tag-link-position-16\" style=\"font-size: 9.2233009708738pt;\" aria-label=\"Ficco (26 itens)\">Ficco<\/a>\n<a href=\"https:\/\/www.comunicarmais.com.br\/site\/tag\/folia\/\" class=\"tag-cloud-link tag-link-566 tag-link-position-17\" style=\"font-size: 9.2233009708738pt;\" aria-label=\"Folia (26 itens)\">Folia<\/a>\n<a href=\"https:\/\/www.comunicarmais.com.br\/site\/tag\/futebol\/\" class=\"tag-cloud-link tag-link-40 tag-link-position-18\" style=\"font-size: 13.029126213592pt;\" aria-label=\"Futebol (50 itens)\">Futebol<\/a>\n<a href=\"https:\/\/www.comunicarmais.com.br\/site\/tag\/homicidio\/\" class=\"tag-cloud-link tag-link-101 tag-link-position-19\" style=\"font-size: 10.582524271845pt;\" aria-label=\"Homic\u00eddio (33 itens)\">Homic\u00eddio<\/a>\n<a href=\"https:\/\/www.comunicarmais.com.br\/site\/tag\/itapagipe\/\" class=\"tag-cloud-link tag-link-471 tag-link-position-20\" style=\"font-size: 10.038834951456pt;\" aria-label=\"Itapagipe (30 itens)\">Itapagipe<\/a>\n<a href=\"https:\/\/www.comunicarmais.com.br\/site\/tag\/itaparica\/\" class=\"tag-cloud-link tag-link-301 tag-link-position-21\" style=\"font-size: 8pt;\" aria-label=\"Itaparica (21 itens)\">Itaparica<\/a>\n<a href=\"https:\/\/www.comunicarmais.com.br\/site\/tag\/jeronimo-rodrigues\/\" class=\"tag-cloud-link tag-link-668 tag-link-position-22\" style=\"font-size: 8.2718446601942pt;\" aria-label=\"Jer\u00f4nimo Rodrigues (22 itens)\">Jer\u00f4nimo Rodrigues<\/a>\n<a href=\"https:\/\/www.comunicarmais.com.br\/site\/tag\/justica\/\" class=\"tag-cloud-link tag-link-361 tag-link-position-23\" style=\"font-size: 10.582524271845pt;\" aria-label=\"Justi\u00e7a (33 itens)\">Justi\u00e7a<\/a>\n<a href=\"https:\/\/www.comunicarmais.com.br\/site\/tag\/lauro-de-freitas\/\" class=\"tag-cloud-link tag-link-594 tag-link-position-24\" style=\"font-size: 18.194174757282pt;\" aria-label=\"Lauro de Freitas (122 itens)\">Lauro de Freitas<\/a>\n<a href=\"https:\/\/www.comunicarmais.com.br\/site\/tag\/lazer\/\" class=\"tag-cloud-link tag-link-568 tag-link-position-25\" style=\"font-size: 9.2233009708738pt;\" aria-label=\"Lazer (26 itens)\">Lazer<\/a>\n<a href=\"https:\/\/www.comunicarmais.com.br\/site\/tag\/lula\/\" class=\"tag-cloud-link tag-link-416 tag-link-position-26\" style=\"font-size: 12.21359223301pt;\" aria-label=\"Lula (44 itens)\">Lula<\/a>\n<a href=\"https:\/\/www.comunicarmais.com.br\/site\/tag\/meio-ambiente\/\" class=\"tag-cloud-link tag-link-475 tag-link-position-27\" style=\"font-size: 12.21359223301pt;\" aria-label=\"Meio Ambiente (44 itens)\">Meio Ambiente<\/a>\n<a href=\"https:\/\/www.comunicarmais.com.br\/site\/tag\/mobilidade\/\" class=\"tag-cloud-link tag-link-278 tag-link-position-28\" style=\"font-size: 13.844660194175pt;\" aria-label=\"Mobilidade (58 itens)\">Mobilidade<\/a>\n<a href=\"https:\/\/www.comunicarmais.com.br\/site\/tag\/mulher\/\" class=\"tag-cloud-link tag-link-450 tag-link-position-29\" style=\"font-size: 13.300970873786pt;\" aria-label=\"mulher (53 itens)\">mulher<\/a>\n<a href=\"https:\/\/www.comunicarmais.com.br\/site\/tag\/musica-2\/\" class=\"tag-cloud-link tag-link-747 tag-link-position-30\" style=\"font-size: 12.21359223301pt;\" aria-label=\"M\u00fasica (44 itens)\">M\u00fasica<\/a>\n<a href=\"https:\/\/www.comunicarmais.com.br\/site\/tag\/pcba\/\" class=\"tag-cloud-link tag-link-1332 tag-link-position-31\" style=\"font-size: 15.067961165049pt;\" aria-label=\"PCBA (72 itens)\">PCBA<\/a>\n<a href=\"https:\/\/www.comunicarmais.com.br\/site\/tag\/pmba\/\" class=\"tag-cloud-link tag-link-53 tag-link-position-32\" style=\"font-size: 18.194174757282pt;\" aria-label=\"PMBA (122 itens)\">PMBA<\/a>\n<a href=\"https:\/\/www.comunicarmais.com.br\/site\/tag\/policia-federal\/\" class=\"tag-cloud-link tag-link-620 tag-link-position-33\" style=\"font-size: 8.9514563106796pt;\" aria-label=\"Pol\u00edcia Federal (25 itens)\">Pol\u00edcia Federal<\/a>\n<a href=\"https:\/\/www.comunicarmais.com.br\/site\/tag\/politica\/\" class=\"tag-cloud-link tag-link-495 tag-link-position-34\" style=\"font-size: 16.291262135922pt;\" aria-label=\"Pol\u00edtica (89 itens)\">Pol\u00edtica<\/a>\n<a href=\"https:\/\/www.comunicarmais.com.br\/site\/tag\/rio-de-janeiro\/\" class=\"tag-cloud-link tag-link-152 tag-link-position-35\" style=\"font-size: 9.9029126213592pt;\" aria-label=\"Rio de Janeiro (29 itens)\">Rio de Janeiro<\/a>\n<a href=\"https:\/\/www.comunicarmais.com.br\/site\/tag\/salvador\/\" class=\"tag-cloud-link tag-link-125 tag-link-position-36\" style=\"font-size: 22pt;\" aria-label=\"Salvador (233 itens)\">Salvador<\/a>\n<a href=\"https:\/\/www.comunicarmais.com.br\/site\/tag\/saude\/\" class=\"tag-cloud-link tag-link-42 tag-link-position-37\" style=\"font-size: 17.78640776699pt;\" aria-label=\"Sa\u00fade (115 itens)\">Sa\u00fade<\/a>\n<a href=\"https:\/\/www.comunicarmais.com.br\/site\/tag\/seguranca\/\" class=\"tag-cloud-link tag-link-48 tag-link-position-38\" style=\"font-size: 9.2233009708738pt;\" aria-label=\"Seguran\u00e7a (26 itens)\">Seguran\u00e7a<\/a>\n<a href=\"https:\/\/www.comunicarmais.com.br\/site\/tag\/ssp-ba\/\" class=\"tag-cloud-link tag-link-1937 tag-link-position-39\" style=\"font-size: 8.9514563106796pt;\" aria-label=\"SSP-BA (25 itens)\">SSP-BA<\/a>\n<a href=\"https:\/\/www.comunicarmais.com.br\/site\/tag\/sspba\/\" class=\"tag-cloud-link tag-link-144 tag-link-position-40\" style=\"font-size: 11.398058252427pt;\" aria-label=\"SSPBA (38 itens)\">SSPBA<\/a>\n<a href=\"https:\/\/www.comunicarmais.com.br\/site\/tag\/stf\/\" class=\"tag-cloud-link tag-link-68 tag-link-position-41\" style=\"font-size: 14.252427184466pt;\" aria-label=\"STF (62 itens)\">STF<\/a>\n<a href=\"https:\/\/www.comunicarmais.com.br\/site\/tag\/sao-paulo\/\" class=\"tag-cloud-link tag-link-612 tag-link-position-42\" style=\"font-size: 8pt;\" aria-label=\"S\u00e3o Paulo (21 itens)\">S\u00e3o Paulo<\/a>\n<a href=\"https:\/\/www.comunicarmais.com.br\/site\/tag\/transito-2\/\" class=\"tag-cloud-link tag-link-377 tag-link-position-43\" style=\"font-size: 8.2718446601942pt;\" aria-label=\"tr\u00e2nsito (22 itens)\">tr\u00e2nsito<\/a>\n<a href=\"https:\/\/www.comunicarmais.com.br\/site\/tag\/turismo\/\" class=\"tag-cloud-link tag-link-225 tag-link-position-44\" style=\"font-size: 9.631067961165pt;\" aria-label=\"Turismo (28 itens)\">Turismo<\/a>\n<a href=\"https:\/\/www.comunicarmais.com.br\/site\/tag\/uruguai\/\" class=\"tag-cloud-link tag-link-323 tag-link-position-45\" style=\"font-size: 9.631067961165pt;\" aria-label=\"Uruguai (28 itens)\">Uruguai<\/a><\/p>\n\n\n<p><\/p>\n\n\n\n<p><\/p>\n","protected":false},"excerpt":{"rendered":"<p>Liberta\u00e7\u00e3o s\u00f3 veio depois que a suposta v\u00edtima, hoje com 14 anos, revelar que a acusa\u00e7\u00e3o havia sido induzida pela m\u00e3e<\/p>\n","protected":false},"author":2,"featured_media":9477,"comment_status":"open","ping_status":"open","sticky":false,"template":"","format":"standard","meta":{"_acf_changed":false,"footnotes":""},"categories":[6],"tags":[2841,1892,944,1002,1276,361,1580,1462,450,2840],"class_list":["post-9475","post","type-post","status-publish","format-standard","has-post-thumbnail","hentry","category-brasil","tag-abuso-infantil","tag-ccj","tag-cnj","tag-genero","tag-homem","tag-justica","tag-maria-da-penha","tag-mato-grosso","tag-mulher","tag-sinop"],"acf":[],"yoast_head":"<!-- This site is optimized with the Yoast SEO plugin v26.1.1 - https:\/\/yoast.com\/wordpress\/plugins\/seo\/ -->\n<title>&quot;Minha m\u00e3e me obrigou a mentir&quot;: Homem condenado injustamente a 14 anos de pris\u00e3o por abuso \u00e9 solto um ano depois - Comunicar Mais<\/title>\n<meta name=\"description\" content=\"Liberta\u00e7\u00e3o s\u00f3 veio depois que a suposta v\u00edtima, hoje com 14 anos, revelar que a acusa\u00e7\u00e3o havia sido induzida pela m\u00e3e\" \/>\n<meta name=\"robots\" content=\"index, follow, max-snippet:-1, max-image-preview:large, max-video-preview:-1\" \/>\n<link rel=\"canonical\" href=\"https:\/\/www.comunicarmais.com.br\/site\/2025\/08\/19\/minha-mae-me-obrigou-a-mentir-homem-condenado-injustamente-a-14-anos-de-prisao-por-abuso-sexual-e-solto-quase-uma-decada-depois\/\" \/>\n<meta property=\"og:locale\" content=\"pt_BR\" \/>\n<meta property=\"og:type\" content=\"article\" \/>\n<meta property=\"og:title\" content=\"&quot;Minha m\u00e3e me obrigou a mentir&quot;: Homem condenado injustamente a 14 anos de pris\u00e3o por abuso \u00e9 solto um ano depois - Comunicar Mais\" \/>\n<meta property=\"og:description\" content=\"Liberta\u00e7\u00e3o s\u00f3 veio depois que a suposta v\u00edtima, hoje com 14 anos, revelar que a acusa\u00e7\u00e3o havia sido induzida pela m\u00e3e\" \/>\n<meta property=\"og:url\" content=\"https:\/\/www.comunicarmais.com.br\/site\/2025\/08\/19\/minha-mae-me-obrigou-a-mentir-homem-condenado-injustamente-a-14-anos-de-prisao-por-abuso-sexual-e-solto-quase-uma-decada-depois\/\" \/>\n<meta property=\"og:site_name\" content=\"Comunicar Mais\" \/>\n<meta property=\"article:publisher\" content=\"https:\/\/www.facebook.com\/comunicarmais\/\" \/>\n<meta property=\"article:author\" content=\"https:\/\/www.facebook.com\/comunicarmais\/\" \/>\n<meta property=\"article:published_time\" content=\"2025-08-19T03:53:09+00:00\" \/>\n<meta property=\"article:modified_time\" content=\"2025-08-19T05:32:39+00:00\" \/>\n<meta property=\"og:image\" content=\"https:\/\/www.comunicarmais.com.br\/site\/wp-content\/uploads\/2025\/08\/clodoaldo-.jpg\" \/>\n\t<meta property=\"og:image:width\" content=\"809\" \/>\n\t<meta property=\"og:image:height\" content=\"428\" \/>\n\t<meta property=\"og:image:type\" content=\"image\/jpeg\" \/>\n<meta name=\"author\" content=\"Comunicar Mais\" \/>\n<meta name=\"twitter:card\" content=\"summary_large_image\" \/>\n<meta name=\"twitter:creator\" content=\"@ComunicarmaisBA\" \/>\n<meta name=\"twitter:site\" content=\"@ComunicarmaisBA\" \/>\n<meta name=\"twitter:label1\" content=\"Escrito por\" \/>\n\t<meta name=\"twitter:data1\" content=\"Comunicar Mais\" \/>\n\t<meta name=\"twitter:label2\" content=\"Est. tempo de leitura\" \/>\n\t<meta name=\"twitter:data2\" content=\"5 minutos\" \/>\n<script type=\"application\/ld+json\" class=\"yoast-schema-graph\">{\"@context\":\"https:\/\/schema.org\",\"@graph\":[{\"@type\":\"WebPage\",\"@id\":\"https:\/\/www.comunicarmais.com.br\/site\/2025\/08\/19\/minha-mae-me-obrigou-a-mentir-homem-condenado-injustamente-a-14-anos-de-prisao-por-abuso-sexual-e-solto-quase-uma-decada-depois\/\",\"url\":\"https:\/\/www.comunicarmais.com.br\/site\/2025\/08\/19\/minha-mae-me-obrigou-a-mentir-homem-condenado-injustamente-a-14-anos-de-prisao-por-abuso-sexual-e-solto-quase-uma-decada-depois\/\",\"name\":\"\\\"Minha m\u00e3e me obrigou a mentir\\\": Homem condenado injustamente a 14 anos de pris\u00e3o por abuso \u00e9 solto um ano depois - Comunicar Mais\",\"isPartOf\":{\"@id\":\"https:\/\/www.comunicarmais.com.br\/site\/#website\"},\"primaryImageOfPage\":{\"@id\":\"https:\/\/www.comunicarmais.com.br\/site\/2025\/08\/19\/minha-mae-me-obrigou-a-mentir-homem-condenado-injustamente-a-14-anos-de-prisao-por-abuso-sexual-e-solto-quase-uma-decada-depois\/#primaryimage\"},\"image\":{\"@id\":\"https:\/\/www.comunicarmais.com.br\/site\/2025\/08\/19\/minha-mae-me-obrigou-a-mentir-homem-condenado-injustamente-a-14-anos-de-prisao-por-abuso-sexual-e-solto-quase-uma-decada-depois\/#primaryimage\"},\"thumbnailUrl\":\"https:\/\/www.comunicarmais.com.br\/site\/wp-content\/uploads\/2025\/08\/clodoaldo-.jpg\",\"datePublished\":\"2025-08-19T03:53:09+00:00\",\"dateModified\":\"2025-08-19T05:32:39+00:00\",\"author\":{\"@id\":\"https:\/\/www.comunicarmais.com.br\/site\/#\/schema\/person\/712f7b6b25b644e4a91c4173674cf284\"},\"description\":\"Liberta\u00e7\u00e3o s\u00f3 veio depois que a suposta v\u00edtima, hoje com 14 anos, revelar que a acusa\u00e7\u00e3o havia sido induzida pela m\u00e3e\",\"breadcrumb\":{\"@id\":\"https:\/\/www.comunicarmais.com.br\/site\/2025\/08\/19\/minha-mae-me-obrigou-a-mentir-homem-condenado-injustamente-a-14-anos-de-prisao-por-abuso-sexual-e-solto-quase-uma-decada-depois\/#breadcrumb\"},\"inLanguage\":\"pt-BR\",\"potentialAction\":[{\"@type\":\"ReadAction\",\"target\":[\"https:\/\/www.comunicarmais.com.br\/site\/2025\/08\/19\/minha-mae-me-obrigou-a-mentir-homem-condenado-injustamente-a-14-anos-de-prisao-por-abuso-sexual-e-solto-quase-uma-decada-depois\/\"]}]},{\"@type\":\"ImageObject\",\"inLanguage\":\"pt-BR\",\"@id\":\"https:\/\/www.comunicarmais.com.br\/site\/2025\/08\/19\/minha-mae-me-obrigou-a-mentir-homem-condenado-injustamente-a-14-anos-de-prisao-por-abuso-sexual-e-solto-quase-uma-decada-depois\/#primaryimage\",\"url\":\"https:\/\/www.comunicarmais.com.br\/site\/wp-content\/uploads\/2025\/08\/clodoaldo-.jpg\",\"contentUrl\":\"https:\/\/www.comunicarmais.com.br\/site\/wp-content\/uploads\/2025\/08\/clodoaldo-.jpg\",\"width\":809,\"height\":428},{\"@type\":\"BreadcrumbList\",\"@id\":\"https:\/\/www.comunicarmais.com.br\/site\/2025\/08\/19\/minha-mae-me-obrigou-a-mentir-homem-condenado-injustamente-a-14-anos-de-prisao-por-abuso-sexual-e-solto-quase-uma-decada-depois\/#breadcrumb\",\"itemListElement\":[{\"@type\":\"ListItem\",\"position\":1,\"name\":\"In\u00edcio\",\"item\":\"https:\/\/www.comunicarmais.com.br\/site\/\"},{\"@type\":\"ListItem\",\"position\":2,\"name\":\"&#8220;Minha m\u00e3e me obrigou a mentir&#8221;: Homem condenado injustamente a 14 anos de pris\u00e3o por abuso \u00e9 solto um ano depois\"}]},{\"@type\":\"WebSite\",\"@id\":\"https:\/\/www.comunicarmais.com.br\/site\/#website\",\"url\":\"https:\/\/www.comunicarmais.com.br\/site\/\",\"name\":\"Comunicar Mais\",\"description\":\"\",\"potentialAction\":[{\"@type\":\"SearchAction\",\"target\":{\"@type\":\"EntryPoint\",\"urlTemplate\":\"https:\/\/www.comunicarmais.com.br\/site\/?s={search_term_string}\"},\"query-input\":{\"@type\":\"PropertyValueSpecification\",\"valueRequired\":true,\"valueName\":\"search_term_string\"}}],\"inLanguage\":\"pt-BR\"},{\"@type\":\"Person\",\"@id\":\"https:\/\/www.comunicarmais.com.br\/site\/#\/schema\/person\/712f7b6b25b644e4a91c4173674cf284\",\"name\":\"Comunicar Mais\",\"image\":{\"@type\":\"ImageObject\",\"inLanguage\":\"pt-BR\",\"@id\":\"https:\/\/www.comunicarmais.com.br\/site\/#\/schema\/person\/image\/\",\"url\":\"https:\/\/secure.gravatar.com\/avatar\/9803218072e2c0dc265d3d787b54c2c33325e79f79732707fddfbf1efd82c678?s=96&d=mm&r=g\",\"contentUrl\":\"https:\/\/secure.gravatar.com\/avatar\/9803218072e2c0dc265d3d787b54c2c33325e79f79732707fddfbf1efd82c678?s=96&d=mm&r=g\",\"caption\":\"Comunicar Mais\"},\"description\":\"Deixe as ideologias com os ide\u00f3logos. Noticiamos fatos, n\u00e3o brigamos com eles. Aqui, voc\u00ea fica bem informado do que acontece no seu bairro e no mundo. Informar com \u00e9tica e responsabilidade s\u00e3o as bandeiras do Comunicarmais.\",\"sameAs\":[\"https:\/\/www.comunicarmais.com.br\/site\/\",\"https:\/\/www.facebook.com\/comunicarmais\/\",\"https:\/\/www.instagram.com\/comunicarmaisba\/\",\"https:\/\/x.com\/ComunicarmaisBA\"],\"url\":\"https:\/\/www.comunicarmais.com.br\/site\/author\/gerenciador\/\"}]}<\/script>\n<!-- \/ Yoast SEO plugin. -->","yoast_head_json":{"title":"\"Minha m\u00e3e me obrigou a mentir\": Homem condenado injustamente a 14 anos de pris\u00e3o por abuso \u00e9 solto um ano depois - Comunicar Mais","description":"Liberta\u00e7\u00e3o s\u00f3 veio depois que a suposta v\u00edtima, hoje com 14 anos, revelar que a acusa\u00e7\u00e3o havia sido induzida pela m\u00e3e","robots":{"index":"index","follow":"follow","max-snippet":"max-snippet:-1","max-image-preview":"max-image-preview:large","max-video-preview":"max-video-preview:-1"},"canonical":"https:\/\/www.comunicarmais.com.br\/site\/2025\/08\/19\/minha-mae-me-obrigou-a-mentir-homem-condenado-injustamente-a-14-anos-de-prisao-por-abuso-sexual-e-solto-quase-uma-decada-depois\/","og_locale":"pt_BR","og_type":"article","og_title":"\"Minha m\u00e3e me obrigou a mentir\": Homem condenado injustamente a 14 anos de pris\u00e3o por abuso \u00e9 solto um ano depois - Comunicar Mais","og_description":"Liberta\u00e7\u00e3o s\u00f3 veio depois que a suposta v\u00edtima, hoje com 14 anos, revelar que a acusa\u00e7\u00e3o havia sido induzida pela m\u00e3e","og_url":"https:\/\/www.comunicarmais.com.br\/site\/2025\/08\/19\/minha-mae-me-obrigou-a-mentir-homem-condenado-injustamente-a-14-anos-de-prisao-por-abuso-sexual-e-solto-quase-uma-decada-depois\/","og_site_name":"Comunicar Mais","article_publisher":"https:\/\/www.facebook.com\/comunicarmais\/","article_author":"https:\/\/www.facebook.com\/comunicarmais\/","article_published_time":"2025-08-19T03:53:09+00:00","article_modified_time":"2025-08-19T05:32:39+00:00","og_image":[{"width":809,"height":428,"url":"https:\/\/www.comunicarmais.com.br\/site\/wp-content\/uploads\/2025\/08\/clodoaldo-.jpg","type":"image\/jpeg"}],"author":"Comunicar Mais","twitter_card":"summary_large_image","twitter_creator":"@ComunicarmaisBA","twitter_site":"@ComunicarmaisBA","twitter_misc":{"Escrito por":"Comunicar Mais","Est. tempo de leitura":"5 minutos"},"schema":{"@context":"https:\/\/schema.org","@graph":[{"@type":"WebPage","@id":"https:\/\/www.comunicarmais.com.br\/site\/2025\/08\/19\/minha-mae-me-obrigou-a-mentir-homem-condenado-injustamente-a-14-anos-de-prisao-por-abuso-sexual-e-solto-quase-uma-decada-depois\/","url":"https:\/\/www.comunicarmais.com.br\/site\/2025\/08\/19\/minha-mae-me-obrigou-a-mentir-homem-condenado-injustamente-a-14-anos-de-prisao-por-abuso-sexual-e-solto-quase-uma-decada-depois\/","name":"\"Minha m\u00e3e me obrigou a mentir\": Homem condenado injustamente a 14 anos de pris\u00e3o por abuso \u00e9 solto um ano depois - Comunicar Mais","isPartOf":{"@id":"https:\/\/www.comunicarmais.com.br\/site\/#website"},"primaryImageOfPage":{"@id":"https:\/\/www.comunicarmais.com.br\/site\/2025\/08\/19\/minha-mae-me-obrigou-a-mentir-homem-condenado-injustamente-a-14-anos-de-prisao-por-abuso-sexual-e-solto-quase-uma-decada-depois\/#primaryimage"},"image":{"@id":"https:\/\/www.comunicarmais.com.br\/site\/2025\/08\/19\/minha-mae-me-obrigou-a-mentir-homem-condenado-injustamente-a-14-anos-de-prisao-por-abuso-sexual-e-solto-quase-uma-decada-depois\/#primaryimage"},"thumbnailUrl":"https:\/\/www.comunicarmais.com.br\/site\/wp-content\/uploads\/2025\/08\/clodoaldo-.jpg","datePublished":"2025-08-19T03:53:09+00:00","dateModified":"2025-08-19T05:32:39+00:00","author":{"@id":"https:\/\/www.comunicarmais.com.br\/site\/#\/schema\/person\/712f7b6b25b644e4a91c4173674cf284"},"description":"Liberta\u00e7\u00e3o s\u00f3 veio depois que a suposta v\u00edtima, hoje com 14 anos, revelar que a acusa\u00e7\u00e3o havia sido induzida pela m\u00e3e","breadcrumb":{"@id":"https:\/\/www.comunicarmais.com.br\/site\/2025\/08\/19\/minha-mae-me-obrigou-a-mentir-homem-condenado-injustamente-a-14-anos-de-prisao-por-abuso-sexual-e-solto-quase-uma-decada-depois\/#breadcrumb"},"inLanguage":"pt-BR","potentialAction":[{"@type":"ReadAction","target":["https:\/\/www.comunicarmais.com.br\/site\/2025\/08\/19\/minha-mae-me-obrigou-a-mentir-homem-condenado-injustamente-a-14-anos-de-prisao-por-abuso-sexual-e-solto-quase-uma-decada-depois\/"]}]},{"@type":"ImageObject","inLanguage":"pt-BR","@id":"https:\/\/www.comunicarmais.com.br\/site\/2025\/08\/19\/minha-mae-me-obrigou-a-mentir-homem-condenado-injustamente-a-14-anos-de-prisao-por-abuso-sexual-e-solto-quase-uma-decada-depois\/#primaryimage","url":"https:\/\/www.comunicarmais.com.br\/site\/wp-content\/uploads\/2025\/08\/clodoaldo-.jpg","contentUrl":"https:\/\/www.comunicarmais.com.br\/site\/wp-content\/uploads\/2025\/08\/clodoaldo-.jpg","width":809,"height":428},{"@type":"BreadcrumbList","@id":"https:\/\/www.comunicarmais.com.br\/site\/2025\/08\/19\/minha-mae-me-obrigou-a-mentir-homem-condenado-injustamente-a-14-anos-de-prisao-por-abuso-sexual-e-solto-quase-uma-decada-depois\/#breadcrumb","itemListElement":[{"@type":"ListItem","position":1,"name":"In\u00edcio","item":"https:\/\/www.comunicarmais.com.br\/site\/"},{"@type":"ListItem","position":2,"name":"&#8220;Minha m\u00e3e me obrigou a mentir&#8221;: Homem condenado injustamente a 14 anos de pris\u00e3o por abuso \u00e9 solto um ano depois"}]},{"@type":"WebSite","@id":"https:\/\/www.comunicarmais.com.br\/site\/#website","url":"https:\/\/www.comunicarmais.com.br\/site\/","name":"Comunicar Mais","description":"","potentialAction":[{"@type":"SearchAction","target":{"@type":"EntryPoint","urlTemplate":"https:\/\/www.comunicarmais.com.br\/site\/?s={search_term_string}"},"query-input":{"@type":"PropertyValueSpecification","valueRequired":true,"valueName":"search_term_string"}}],"inLanguage":"pt-BR"},{"@type":"Person","@id":"https:\/\/www.comunicarmais.com.br\/site\/#\/schema\/person\/712f7b6b25b644e4a91c4173674cf284","name":"Comunicar Mais","image":{"@type":"ImageObject","inLanguage":"pt-BR","@id":"https:\/\/www.comunicarmais.com.br\/site\/#\/schema\/person\/image\/","url":"https:\/\/secure.gravatar.com\/avatar\/9803218072e2c0dc265d3d787b54c2c33325e79f79732707fddfbf1efd82c678?s=96&d=mm&r=g","contentUrl":"https:\/\/secure.gravatar.com\/avatar\/9803218072e2c0dc265d3d787b54c2c33325e79f79732707fddfbf1efd82c678?s=96&d=mm&r=g","caption":"Comunicar Mais"},"description":"Deixe as ideologias com os ide\u00f3logos. Noticiamos fatos, n\u00e3o brigamos com eles. Aqui, voc\u00ea fica bem informado do que acontece no seu bairro e no mundo. Informar com \u00e9tica e responsabilidade s\u00e3o as bandeiras do Comunicarmais.","sameAs":["https:\/\/www.comunicarmais.com.br\/site\/","https:\/\/www.facebook.com\/comunicarmais\/","https:\/\/www.instagram.com\/comunicarmaisba\/","https:\/\/x.com\/ComunicarmaisBA"],"url":"https:\/\/www.comunicarmais.com.br\/site\/author\/gerenciador\/"}]}},"_links":{"self":[{"href":"https:\/\/www.comunicarmais.com.br\/site\/wp-json\/wp\/v2\/posts\/9475","targetHints":{"allow":["GET"]}}],"collection":[{"href":"https:\/\/www.comunicarmais.com.br\/site\/wp-json\/wp\/v2\/posts"}],"about":[{"href":"https:\/\/www.comunicarmais.com.br\/site\/wp-json\/wp\/v2\/types\/post"}],"author":[{"embeddable":true,"href":"https:\/\/www.comunicarmais.com.br\/site\/wp-json\/wp\/v2\/users\/2"}],"replies":[{"embeddable":true,"href":"https:\/\/www.comunicarmais.com.br\/site\/wp-json\/wp\/v2\/comments?post=9475"}],"version-history":[{"count":8,"href":"https:\/\/www.comunicarmais.com.br\/site\/wp-json\/wp\/v2\/posts\/9475\/revisions"}],"predecessor-version":[{"id":9490,"href":"https:\/\/www.comunicarmais.com.br\/site\/wp-json\/wp\/v2\/posts\/9475\/revisions\/9490"}],"wp:featuredmedia":[{"embeddable":true,"href":"https:\/\/www.comunicarmais.com.br\/site\/wp-json\/wp\/v2\/media\/9477"}],"wp:attachment":[{"href":"https:\/\/www.comunicarmais.com.br\/site\/wp-json\/wp\/v2\/media?parent=9475"}],"wp:term":[{"taxonomy":"category","embeddable":true,"href":"https:\/\/www.comunicarmais.com.br\/site\/wp-json\/wp\/v2\/categories?post=9475"},{"taxonomy":"post_tag","embeddable":true,"href":"https:\/\/www.comunicarmais.com.br\/site\/wp-json\/wp\/v2\/tags?post=9475"}],"curies":[{"name":"wp","href":"https:\/\/api.w.org\/{rel}","templated":true}]}}