{"id":9426,"date":"2025-08-15T17:36:00","date_gmt":"2025-08-15T20:36:00","guid":{"rendered":"https:\/\/www.comunicarmais.com.br\/site\/?p=9426"},"modified":"2025-08-16T09:28:08","modified_gmt":"2025-08-16T12:28:08","slug":"viver-a-cidade-leva-lazer-e-atividades-fisicas-a-pessoas-com-deficiencia-na-av-magalhaes-neto-neste-domingo-17","status":"publish","type":"post","link":"https:\/\/www.comunicarmais.com.br\/site\/2025\/08\/15\/viver-a-cidade-leva-lazer-e-atividades-fisicas-a-pessoas-com-deficiencia-na-av-magalhaes-neto-neste-domingo-17\/","title":{"rendered":"Viver a Cidade leva lazer e atividades f\u00edsicas a pessoas com defici\u00eancia na Av. Magalh\u00e3es Neto neste domingo (17)"},"content":{"rendered":"\n<p><strong>Uma das metas do programa \u00e9 ampliar e democratizar o acesso \u00e0 pr\u00e1tica esportiva, tanto individual como coletiva, na capital baiana<\/strong><\/p>\n\n\n\n<figure class=\"wp-block-image size-full\"><img decoding=\"async\" width=\"1280\" height=\"853\" data-src=\"https:\/\/www.comunicarmais.com.br\/site\/wp-content\/uploads\/2025\/08\/WhatsApp-Image-2025-08-15-at-17.17.56.jpeg\" alt=\"\" class=\"wp-image-9428 lazyload\" data-srcset=\"https:\/\/www.comunicarmais.com.br\/site\/wp-content\/uploads\/2025\/08\/WhatsApp-Image-2025-08-15-at-17.17.56.jpeg 1280w, https:\/\/www.comunicarmais.com.br\/site\/wp-content\/uploads\/2025\/08\/WhatsApp-Image-2025-08-15-at-17.17.56-1024x682.jpeg 1024w, https:\/\/www.comunicarmais.com.br\/site\/wp-content\/uploads\/2025\/08\/WhatsApp-Image-2025-08-15-at-17.17.56-768x512.jpeg 768w\" data-sizes=\"(max-width: 1280px) 100vw, 1280px\" src=\"data:image\/svg+xml;base64,PHN2ZyB3aWR0aD0iMSIgaGVpZ2h0PSIxIiB4bWxucz0iaHR0cDovL3d3dy53My5vcmcvMjAwMC9zdmciPjwvc3ZnPg==\" style=\"--smush-placeholder-width: 1280px; --smush-placeholder-aspect-ratio: 1280\/853;\" \/><figcaption class=\"wp-element-caption\"><em><sup>(Foto: Associa\u00e7\u00e3o Meu Sorriso \/ Divulga\u00e7\u00e3o)<\/sup><\/em><\/figcaption><\/figure>\n\n\n\n<p><strong>Reda\u00e7\u00e3o Mais &#8211; <\/strong>Pessoas com Defici\u00eancia e seus familiares e cuidadores est\u00e3o convidados a participar do projeto Viver a Cidade na manh\u00e3 deste domingo (17), na Avenida Professor Magalh\u00e3es Neto, na Pituba, em Salvador. A iniciativa disponibiliza uma s\u00e9rie de equipamentos adaptados, como cadeiras e bicicletas, para que todos possam ter um momento de lazer e atividade f\u00edsica ao ar livre: sejam elas pessoas cegas ou com baixa vis\u00e3o, com baixo equil\u00edbrio, com paralisia cerebral, com defici\u00eancias intelectuais, com defici\u00eancia f\u00edsica, com membro amputado, com nanismo, entre muitos outros.<\/p>\n\n\n\n<p>Todos os equipamentos adaptados estar\u00e3o dispon\u00edveis gratuitamente, juntamente com o apoio t\u00e9cnico de colaboradores e volunt\u00e1rios, das 8h \u00e0s 12, na via marginal da Av. Magalh\u00e3es Neto, na altura do Hospital da Bahia. O projeto est\u00e1 sendo viabilizado pela Prefeitura de Salvador, por meio do programa Viva Esporte, e conduzido pela Associa\u00e7\u00e3o Meu Sorriso. A atividade ocorre um domingo por m\u00eas at\u00e9 maio de 2026. O calend\u00e1rio com as pr\u00f3ximas datas pode ser acessado no perfil da organiza\u00e7\u00e3o @projeto.meusorriso.<\/p>\n\n\n\n<p>\u201cA procura tem sido crescente. Tivemos um n\u00famero razo\u00e1vel de pessoas no lan\u00e7amento, em junho. Na segunda edi\u00e7\u00e3o, no m\u00eas passado, choveu bastante, mas mesmo assim tivemos um p\u00fablico maior do que na primeira. Portanto, essa terceira edi\u00e7\u00e3o promete ter muita gente. Estamos vendo v\u00e1rias pessoas entrando em contato para saber informa\u00e7\u00f5es sobre como participar, o sol parece que vai firmar, ent\u00e3o tudo indica que vai ser um dia bem gostoso\u201d, conta Fred Matos, presidente e idealizador do projeto.<\/p>\n\n\n\n<figure class=\"wp-block-image size-full\"><img decoding=\"async\" width=\"1280\" height=\"853\" data-src=\"https:\/\/www.comunicarmais.com.br\/site\/wp-content\/uploads\/2025\/08\/WhatsApp-Image-2025-08-15-at-17.17.56-1.jpeg\" alt=\"\" class=\"wp-image-9430 lazyload\" data-srcset=\"https:\/\/www.comunicarmais.com.br\/site\/wp-content\/uploads\/2025\/08\/WhatsApp-Image-2025-08-15-at-17.17.56-1.jpeg 1280w, https:\/\/www.comunicarmais.com.br\/site\/wp-content\/uploads\/2025\/08\/WhatsApp-Image-2025-08-15-at-17.17.56-1-1024x682.jpeg 1024w, https:\/\/www.comunicarmais.com.br\/site\/wp-content\/uploads\/2025\/08\/WhatsApp-Image-2025-08-15-at-17.17.56-1-768x512.jpeg 768w\" data-sizes=\"(max-width: 1280px) 100vw, 1280px\" src=\"data:image\/svg+xml;base64,PHN2ZyB3aWR0aD0iMSIgaGVpZ2h0PSIxIiB4bWxucz0iaHR0cDovL3d3dy53My5vcmcvMjAwMC9zdmciPjwvc3ZnPg==\" style=\"--smush-placeholder-width: 1280px; --smush-placeholder-aspect-ratio: 1280\/853;\" \/><figcaption class=\"wp-element-caption\"><em><sup>(Foto: Associa\u00e7\u00e3o Meu Sorriso \/ Divulga\u00e7\u00e3o)<\/sup><\/em><\/figcaption><\/figure>\n\n\n\n<p>Segundo ele, o objetivo \u00e9 viabilizar a presen\u00e7a da Pessoa com Defici\u00eancia e das fam\u00edlias e demais respons\u00e1veis para que possam viver a vida e conviver com os demais da forma mais independente poss\u00edvel. Pesquisadores avaliam que a pr\u00e1tica de atividades desportivas para PCDs proporciona benef\u00edcios para o bem-estar, qualidade de vida e oportuniza testar os limites e potencialidades individuais, prevenindo enfermidades secund\u00e1rias \u00e0 defici\u00eancia.<\/p>\n\n\n\n<p>\u201cNa minha opini\u00e3o, o principal benef\u00edcio \u00e9 a vida. As atividades possibilitam que essas pessoas estejam na rua juntamente com as demais, convivendo. A atividade f\u00edsica, em alguns casos, \u00e9 uma atividade leve, mas as pessoas est\u00e3o ali, est\u00e3o se movimentando, est\u00e3o com os amigos e familiares e com outras pessoas que convivem no espa\u00e7o p\u00fablico. Ent\u00e3o, torna-se um ambiente de total integra\u00e7\u00e3o e os equipamentos possibilitam isso\u201d, complementa Fred.<\/p>\n\n\n\n<figure class=\"wp-block-image size-full\"><img decoding=\"async\" width=\"1280\" height=\"853\" data-src=\"https:\/\/www.comunicarmais.com.br\/site\/wp-content\/uploads\/2025\/08\/WhatsApp-Image-2025-08-15-at-17.17.55.jpeg\" alt=\"\" class=\"wp-image-9429 lazyload\" data-srcset=\"https:\/\/www.comunicarmais.com.br\/site\/wp-content\/uploads\/2025\/08\/WhatsApp-Image-2025-08-15-at-17.17.55.jpeg 1280w, https:\/\/www.comunicarmais.com.br\/site\/wp-content\/uploads\/2025\/08\/WhatsApp-Image-2025-08-15-at-17.17.55-1024x682.jpeg 1024w, https:\/\/www.comunicarmais.com.br\/site\/wp-content\/uploads\/2025\/08\/WhatsApp-Image-2025-08-15-at-17.17.55-768x512.jpeg 768w\" data-sizes=\"(max-width: 1280px) 100vw, 1280px\" src=\"data:image\/svg+xml;base64,PHN2ZyB3aWR0aD0iMSIgaGVpZ2h0PSIxIiB4bWxucz0iaHR0cDovL3d3dy53My5vcmcvMjAwMC9zdmciPjwvc3ZnPg==\" style=\"--smush-placeholder-width: 1280px; --smush-placeholder-aspect-ratio: 1280\/853;\" \/><figcaption class=\"wp-element-caption\"><em><sup>(Foto: Associa\u00e7\u00e3o Meu Sorriso \/ Divulga\u00e7\u00e3o)<\/sup><\/em><\/figcaption><\/figure>\n\n\n\n<p>O secret\u00e1rio de Promo\u00e7\u00e3o Social, Combate \u00e0 Pobreza, Esportes e Lazer (Sempre), J\u00fanior Magalh\u00e3es, afirmou que o Viver a Cidade \u00e9 um projeto inspirador, e que a Prefeitura tem a honra de apoi\u00e1-lo atrav\u00e9s do Viva Esporte &#8211; maior programa de incentivo ao esporte e ao lazer da gest\u00e3o municipal. \u201cMais do que uma iniciativa esportiva, o Viver a Cidade promove inclus\u00e3o, cidadania e pertencimento ao garantir que pessoas com defici\u00eancia ocupem e vivenciem os espa\u00e7os urbanos com liberdade, dignidade e respeito. Acreditamos que uma cidade verdadeiramente justa \u00e9 aquela que acolhe todas as pessoas. Por isso, reafirmamos nosso compromisso com pol\u00edticas p\u00fablicas que tornam a cidade um espa\u00e7o de todos \u2014 diverso, acess\u00edvel e inclusivo\u201d, afirmou J\u00fanior Magalh\u00e3es.<\/p>\n\n\n\n<figure class=\"wp-block-image size-full\"><img decoding=\"async\" width=\"1280\" height=\"853\" data-src=\"https:\/\/www.comunicarmais.com.br\/site\/wp-content\/uploads\/2025\/08\/WhatsApp-Image-2025-08-15-at-17.17.57.jpeg\" alt=\"\" class=\"wp-image-9431 lazyload\" data-srcset=\"https:\/\/www.comunicarmais.com.br\/site\/wp-content\/uploads\/2025\/08\/WhatsApp-Image-2025-08-15-at-17.17.57.jpeg 1280w, https:\/\/www.comunicarmais.com.br\/site\/wp-content\/uploads\/2025\/08\/WhatsApp-Image-2025-08-15-at-17.17.57-1024x682.jpeg 1024w, https:\/\/www.comunicarmais.com.br\/site\/wp-content\/uploads\/2025\/08\/WhatsApp-Image-2025-08-15-at-17.17.57-768x512.jpeg 768w\" data-sizes=\"(max-width: 1280px) 100vw, 1280px\" src=\"data:image\/svg+xml;base64,PHN2ZyB3aWR0aD0iMSIgaGVpZ2h0PSIxIiB4bWxucz0iaHR0cDovL3d3dy53My5vcmcvMjAwMC9zdmciPjwvc3ZnPg==\" style=\"--smush-placeholder-width: 1280px; --smush-placeholder-aspect-ratio: 1280\/853;\" \/><figcaption class=\"wp-element-caption\"><em><sup>(Foto: Associa\u00e7\u00e3o Meu Sorriso \/ Divulga\u00e7\u00e3o)<\/sup><\/em><\/figcaption><\/figure>\n\n\n\n<p><strong>Acesso a equipamentos \u2013 <\/strong>A inscri\u00e7\u00e3o para acessar o equipamento \u00e9 feita na hora e \u00e9 poss\u00edvel fazer uso por at\u00e9 45 minutos. O participante pode tamb\u00e9m migrar de equipamento, ap\u00f3s esse per\u00edodo de utiliza\u00e7\u00e3o, caso haja disponibilidade de vaga e hor\u00e1rio.<\/p>\n\n\n\n<p>No local, ficam dispon\u00edveis, em m\u00e9dia, 16 equipamentos, a exemplo de bicicletas tandem, que s\u00e3o bicicletas duplas, com dois selins, e que se aplicam ao ciclismo praticado por cegos e pessoas com baixa vis\u00e3o, al\u00e9m de pessoas com s\u00edndrome de Down, paralisia cerebral mais leve e defici\u00eancias intelectuais moderadas, que, na maioria das vezes, apresentam baixo equil\u00edbrio.<\/p>\n\n\n\n<p>Tamb\u00e9m h\u00e1 cadeiras de corrida, usada por cadeirantes; handbikes, tamb\u00e9m usada por cadeirantes, mas que tamb\u00e9m servem para pessoas com a perna amputada; framerunnings, para pessoas com paralisia cerebral; e triciclos assistidos, que permitem ao familiar ou demais respons\u00e1veis praticar o ciclismo, enquanto puxam o deficiente ou correr, enquanto conduzem a pessoa com defici\u00eancia pelo trajeto. As framerunnings se aplicam a defici\u00eancias de alto grau de perda de mobilidade, a exemplo de tetrapl\u00e9gicos, pessoas com autismo muito severo, entre outros. Al\u00e9m disso, o projeto disp\u00f5e de bicicletas comuns.<\/p>\n\n\n\n<figure class=\"wp-block-image size-full\"><img decoding=\"async\" width=\"1280\" height=\"853\" data-src=\"https:\/\/www.comunicarmais.com.br\/site\/wp-content\/uploads\/2025\/08\/WhatsApp-Image-2025-08-15-at-17.17.54.jpeg\" alt=\"\" class=\"wp-image-9432 lazyload\" data-srcset=\"https:\/\/www.comunicarmais.com.br\/site\/wp-content\/uploads\/2025\/08\/WhatsApp-Image-2025-08-15-at-17.17.54.jpeg 1280w, https:\/\/www.comunicarmais.com.br\/site\/wp-content\/uploads\/2025\/08\/WhatsApp-Image-2025-08-15-at-17.17.54-1024x682.jpeg 1024w, https:\/\/www.comunicarmais.com.br\/site\/wp-content\/uploads\/2025\/08\/WhatsApp-Image-2025-08-15-at-17.17.54-768x512.jpeg 768w\" data-sizes=\"(max-width: 1280px) 100vw, 1280px\" src=\"data:image\/svg+xml;base64,PHN2ZyB3aWR0aD0iMSIgaGVpZ2h0PSIxIiB4bWxucz0iaHR0cDovL3d3dy53My5vcmcvMjAwMC9zdmciPjwvc3ZnPg==\" style=\"--smush-placeholder-width: 1280px; --smush-placeholder-aspect-ratio: 1280\/853;\" \/><figcaption class=\"wp-element-caption\"><em><sup>(Foto: Associa\u00e7\u00e3o Meu Sorriso \/ Divulga\u00e7\u00e3o)<\/sup><\/em><\/figcaption><\/figure>\n\n\n\n<p><strong>Viva Esporte \u2013 <\/strong>O projeto Viver a Cidade foi contemplado pelo Viva Esporte, institu\u00eddo pela Prefeitura, por meio da Lei N\u00ba 9.738\/23. Parte das a\u00e7\u00f5es da Secretaria Municipal de Promo\u00e7\u00e3o Social, Combate \u00e0 Pobreza, Esportes e Lazer (Sempre), o Viva Esporte \u00e9 um programa que tem como finalidade promover o desenvolvimento esportivo em Salvador, mediante a concess\u00e3o de incentivo fiscal. Uma das metas do programa \u00e9 ampliar e democratizar o acesso \u00e0 pr\u00e1tica esportiva, tanto individual como coletiva, na capital baiana. \u201cO programa Viva Esporte possibilita a liga\u00e7\u00e3o entre empresas e entidades sem fins lucrativos, como a gente. Sem essa lei, seria imposs\u00edvel realizar esse projeto com essa regularidade, ent\u00e3o a lei efetivamente tornou poss\u00edvel essa presen\u00e7a nossa de uma forma mais frequente nos espa\u00e7os p\u00fablicos\u201d, conta Fred.<\/p>\n\n\n\n<p>________________________________________________________________________________________________________________<\/p>\n\n\n<p class=\"wp-block-tag-cloud\"><a href=\"https:\/\/www.comunicarmais.com.br\/site\/tag\/bahia\/\" class=\"tag-cloud-link tag-link-171 tag-link-position-1\" style=\"font-size: 17.922330097087pt;\" aria-label=\"Bahia (116 itens)\">Bahia<\/a>\n<a href=\"https:\/\/www.comunicarmais.com.br\/site\/tag\/bolsonaro\/\" class=\"tag-cloud-link tag-link-112 tag-link-position-2\" style=\"font-size: 11.533980582524pt;\" aria-label=\"Bolsonaro (39 itens)\">Bolsonaro<\/a>\n<a href=\"https:\/\/www.comunicarmais.com.br\/site\/tag\/brasil\/\" class=\"tag-cloud-link tag-link-335 tag-link-position-3\" style=\"font-size: 13.029126213592pt;\" aria-label=\"Brasil (50 itens)\">Brasil<\/a>\n<a href=\"https:\/\/www.comunicarmais.com.br\/site\/tag\/camacari\/\" class=\"tag-cloud-link tag-link-435 tag-link-position-4\" style=\"font-size: 8.8155339805825pt;\" aria-label=\"Cama\u00e7ari (24 itens)\">Cama\u00e7ari<\/a>\n<a href=\"https:\/\/www.comunicarmais.com.br\/site\/tag\/carnaval\/\" class=\"tag-cloud-link tag-link-508 tag-link-position-5\" style=\"font-size: 12.893203883495pt;\" aria-label=\"Carnaval (49 itens)\">Carnaval<\/a>\n<a href=\"https:\/\/www.comunicarmais.com.br\/site\/tag\/cbx\/\" class=\"tag-cloud-link tag-link-1602 tag-link-position-6\" style=\"font-size: 11.398058252427pt;\" aria-label=\"CBX (38 itens)\">CBX<\/a>\n<a href=\"https:\/\/www.comunicarmais.com.br\/site\/tag\/cidade-baixa\/\" class=\"tag-cloud-link tag-link-456 tag-link-position-7\" style=\"font-size: 9.9029126213592pt;\" aria-label=\"Cidade Baixa (29 itens)\">Cidade Baixa<\/a>\n<a href=\"https:\/\/www.comunicarmais.com.br\/site\/tag\/cinema\/\" class=\"tag-cloud-link tag-link-985 tag-link-position-8\" style=\"font-size: 11.126213592233pt;\" aria-label=\"Cinema (36 itens)\">Cinema<\/a>\n<a href=\"https:\/\/www.comunicarmais.com.br\/site\/tag\/cultura\/\" class=\"tag-cloud-link tag-link-231 tag-link-position-9\" style=\"font-size: 12.21359223301pt;\" aria-label=\"Cultura (44 itens)\">Cultura<\/a>\n<a href=\"https:\/\/www.comunicarmais.com.br\/site\/tag\/drogas\/\" class=\"tag-cloud-link tag-link-165 tag-link-position-10\" style=\"font-size: 12.757281553398pt;\" aria-label=\"Drogas (48 itens)\">Drogas<\/a>\n<a href=\"https:\/\/www.comunicarmais.com.br\/site\/tag\/educacao\/\" class=\"tag-cloud-link tag-link-228 tag-link-position-11\" style=\"font-size: 12.621359223301pt;\" aria-label=\"Educa\u00e7\u00e3o (47 itens)\">Educa\u00e7\u00e3o<\/a>\n<a href=\"https:\/\/www.comunicarmais.com.br\/site\/tag\/ensino\/\" class=\"tag-cloud-link tag-link-233 tag-link-position-12\" style=\"font-size: 10.446601941748pt;\" aria-label=\"Ensino (32 itens)\">Ensino<\/a>\n<a href=\"https:\/\/www.comunicarmais.com.br\/site\/tag\/escola\/\" class=\"tag-cloud-link tag-link-229 tag-link-position-13\" style=\"font-size: 9.631067961165pt;\" aria-label=\"Escola (28 itens)\">Escola<\/a>\n<a href=\"https:\/\/www.comunicarmais.com.br\/site\/tag\/eua\/\" class=\"tag-cloud-link tag-link-664 tag-link-position-14\" style=\"font-size: 12.077669902913pt;\" aria-label=\"EUA (43 itens)\">EUA<\/a>\n<a href=\"https:\/\/www.comunicarmais.com.br\/site\/tag\/feira-de-santana\/\" class=\"tag-cloud-link tag-link-642 tag-link-position-15\" style=\"font-size: 9.2233009708738pt;\" aria-label=\"Feira de Santana (26 itens)\">Feira de Santana<\/a>\n<a href=\"https:\/\/www.comunicarmais.com.br\/site\/tag\/ficco\/\" class=\"tag-cloud-link tag-link-143 tag-link-position-16\" style=\"font-size: 9.2233009708738pt;\" aria-label=\"Ficco (26 itens)\">Ficco<\/a>\n<a href=\"https:\/\/www.comunicarmais.com.br\/site\/tag\/folia\/\" class=\"tag-cloud-link tag-link-566 tag-link-position-17\" style=\"font-size: 9.2233009708738pt;\" aria-label=\"Folia (26 itens)\">Folia<\/a>\n<a href=\"https:\/\/www.comunicarmais.com.br\/site\/tag\/futebol\/\" class=\"tag-cloud-link tag-link-40 tag-link-position-18\" style=\"font-size: 13.029126213592pt;\" aria-label=\"Futebol (50 itens)\">Futebol<\/a>\n<a href=\"https:\/\/www.comunicarmais.com.br\/site\/tag\/homicidio\/\" class=\"tag-cloud-link tag-link-101 tag-link-position-19\" style=\"font-size: 10.582524271845pt;\" aria-label=\"Homic\u00eddio (33 itens)\">Homic\u00eddio<\/a>\n<a href=\"https:\/\/www.comunicarmais.com.br\/site\/tag\/itapagipe\/\" class=\"tag-cloud-link tag-link-471 tag-link-position-20\" style=\"font-size: 10.038834951456pt;\" aria-label=\"Itapagipe (30 itens)\">Itapagipe<\/a>\n<a href=\"https:\/\/www.comunicarmais.com.br\/site\/tag\/itaparica\/\" class=\"tag-cloud-link tag-link-301 tag-link-position-21\" style=\"font-size: 8pt;\" aria-label=\"Itaparica (21 itens)\">Itaparica<\/a>\n<a href=\"https:\/\/www.comunicarmais.com.br\/site\/tag\/jeronimo-rodrigues\/\" class=\"tag-cloud-link tag-link-668 tag-link-position-22\" style=\"font-size: 8.2718446601942pt;\" aria-label=\"Jer\u00f4nimo Rodrigues (22 itens)\">Jer\u00f4nimo Rodrigues<\/a>\n<a href=\"https:\/\/www.comunicarmais.com.br\/site\/tag\/justica\/\" class=\"tag-cloud-link tag-link-361 tag-link-position-23\" style=\"font-size: 10.582524271845pt;\" aria-label=\"Justi\u00e7a (33 itens)\">Justi\u00e7a<\/a>\n<a href=\"https:\/\/www.comunicarmais.com.br\/site\/tag\/lauro-de-freitas\/\" class=\"tag-cloud-link tag-link-594 tag-link-position-24\" style=\"font-size: 18.194174757282pt;\" aria-label=\"Lauro de Freitas (122 itens)\">Lauro de Freitas<\/a>\n<a href=\"https:\/\/www.comunicarmais.com.br\/site\/tag\/lazer\/\" class=\"tag-cloud-link tag-link-568 tag-link-position-25\" style=\"font-size: 9.2233009708738pt;\" aria-label=\"Lazer (26 itens)\">Lazer<\/a>\n<a href=\"https:\/\/www.comunicarmais.com.br\/site\/tag\/lula\/\" class=\"tag-cloud-link tag-link-416 tag-link-position-26\" style=\"font-size: 12.21359223301pt;\" aria-label=\"Lula (44 itens)\">Lula<\/a>\n<a href=\"https:\/\/www.comunicarmais.com.br\/site\/tag\/meio-ambiente\/\" class=\"tag-cloud-link tag-link-475 tag-link-position-27\" style=\"font-size: 12.21359223301pt;\" aria-label=\"Meio Ambiente (44 itens)\">Meio Ambiente<\/a>\n<a href=\"https:\/\/www.comunicarmais.com.br\/site\/tag\/mobilidade\/\" class=\"tag-cloud-link tag-link-278 tag-link-position-28\" style=\"font-size: 13.844660194175pt;\" aria-label=\"Mobilidade (58 itens)\">Mobilidade<\/a>\n<a href=\"https:\/\/www.comunicarmais.com.br\/site\/tag\/mulher\/\" class=\"tag-cloud-link tag-link-450 tag-link-position-29\" style=\"font-size: 13.300970873786pt;\" aria-label=\"mulher (53 itens)\">mulher<\/a>\n<a href=\"https:\/\/www.comunicarmais.com.br\/site\/tag\/musica-2\/\" class=\"tag-cloud-link tag-link-747 tag-link-position-30\" style=\"font-size: 12.21359223301pt;\" aria-label=\"M\u00fasica (44 itens)\">M\u00fasica<\/a>\n<a href=\"https:\/\/www.comunicarmais.com.br\/site\/tag\/pcba\/\" class=\"tag-cloud-link tag-link-1332 tag-link-position-31\" style=\"font-size: 15.067961165049pt;\" aria-label=\"PCBA (72 itens)\">PCBA<\/a>\n<a href=\"https:\/\/www.comunicarmais.com.br\/site\/tag\/pmba\/\" class=\"tag-cloud-link tag-link-53 tag-link-position-32\" style=\"font-size: 18.194174757282pt;\" aria-label=\"PMBA (123 itens)\">PMBA<\/a>\n<a href=\"https:\/\/www.comunicarmais.com.br\/site\/tag\/policia-federal\/\" class=\"tag-cloud-link tag-link-620 tag-link-position-33\" style=\"font-size: 8.9514563106796pt;\" aria-label=\"Pol\u00edcia Federal (25 itens)\">Pol\u00edcia Federal<\/a>\n<a href=\"https:\/\/www.comunicarmais.com.br\/site\/tag\/politica\/\" class=\"tag-cloud-link tag-link-495 tag-link-position-34\" style=\"font-size: 16.291262135922pt;\" aria-label=\"Pol\u00edtica (89 itens)\">Pol\u00edtica<\/a>\n<a href=\"https:\/\/www.comunicarmais.com.br\/site\/tag\/rio-de-janeiro\/\" class=\"tag-cloud-link tag-link-152 tag-link-position-35\" style=\"font-size: 9.9029126213592pt;\" aria-label=\"Rio de Janeiro (29 itens)\">Rio de Janeiro<\/a>\n<a href=\"https:\/\/www.comunicarmais.com.br\/site\/tag\/salvador\/\" class=\"tag-cloud-link tag-link-125 tag-link-position-36\" style=\"font-size: 22pt;\" aria-label=\"Salvador (234 itens)\">Salvador<\/a>\n<a href=\"https:\/\/www.comunicarmais.com.br\/site\/tag\/saude\/\" class=\"tag-cloud-link tag-link-42 tag-link-position-37\" style=\"font-size: 17.78640776699pt;\" aria-label=\"Sa\u00fade (115 itens)\">Sa\u00fade<\/a>\n<a href=\"https:\/\/www.comunicarmais.com.br\/site\/tag\/seguranca\/\" class=\"tag-cloud-link tag-link-48 tag-link-position-38\" style=\"font-size: 9.2233009708738pt;\" aria-label=\"Seguran\u00e7a (26 itens)\">Seguran\u00e7a<\/a>\n<a href=\"https:\/\/www.comunicarmais.com.br\/site\/tag\/ssp-ba\/\" class=\"tag-cloud-link tag-link-1937 tag-link-position-39\" style=\"font-size: 8.9514563106796pt;\" aria-label=\"SSP-BA (25 itens)\">SSP-BA<\/a>\n<a href=\"https:\/\/www.comunicarmais.com.br\/site\/tag\/sspba\/\" class=\"tag-cloud-link tag-link-144 tag-link-position-40\" style=\"font-size: 11.398058252427pt;\" aria-label=\"SSPBA (38 itens)\">SSPBA<\/a>\n<a href=\"https:\/\/www.comunicarmais.com.br\/site\/tag\/stf\/\" class=\"tag-cloud-link tag-link-68 tag-link-position-41\" style=\"font-size: 14.252427184466pt;\" aria-label=\"STF (62 itens)\">STF<\/a>\n<a href=\"https:\/\/www.comunicarmais.com.br\/site\/tag\/sao-paulo\/\" class=\"tag-cloud-link tag-link-612 tag-link-position-42\" style=\"font-size: 8pt;\" aria-label=\"S\u00e3o Paulo (21 itens)\">S\u00e3o Paulo<\/a>\n<a href=\"https:\/\/www.comunicarmais.com.br\/site\/tag\/transito-2\/\" class=\"tag-cloud-link tag-link-377 tag-link-position-43\" style=\"font-size: 8.2718446601942pt;\" aria-label=\"tr\u00e2nsito (22 itens)\">tr\u00e2nsito<\/a>\n<a href=\"https:\/\/www.comunicarmais.com.br\/site\/tag\/turismo\/\" class=\"tag-cloud-link tag-link-225 tag-link-position-44\" style=\"font-size: 9.631067961165pt;\" aria-label=\"Turismo (28 itens)\">Turismo<\/a>\n<a href=\"https:\/\/www.comunicarmais.com.br\/site\/tag\/uruguai\/\" class=\"tag-cloud-link tag-link-323 tag-link-position-45\" style=\"font-size: 9.631067961165pt;\" aria-label=\"Uruguai (28 itens)\">Uruguai<\/a><\/p>","protected":false},"excerpt":{"rendered":"<p>Uma das metas do programa \u00e9 ampliar e democratizar o acesso \u00e0 pr\u00e1tica esportiva, tanto individual como coletiva, na capital baiana<\/p>\n","protected":false},"author":2,"featured_media":9429,"comment_status":"open","ping_status":"open","sticky":false,"template":"","format":"standard","meta":{"_acf_changed":false,"footnotes":""},"categories":[11,5],"tags":[629,912,567],"class_list":["post-9426","post","type-post","status-publish","format-standard","has-post-thumbnail","hentry","category-cultura-lazer","category-grande-salvador","tag-esportes","tag-pcd","tag-pituba"],"acf":[],"yoast_head":"<!-- This site is optimized with the Yoast SEO plugin v26.1.1 - https:\/\/yoast.com\/wordpress\/plugins\/seo\/ -->\n<title>Viver a Cidade leva lazer e atividades f\u00edsicas a pessoas com defici\u00eancia na Av. Magalh\u00e3es Neto neste domingo (17) - Comunicar Mais<\/title>\n<meta name=\"description\" content=\"Uma das metas do programa \u00e9 ampliar e democratizar o acesso \u00e0 pr\u00e1tica esportiva, tanto individual como coletiva, na capital baiana\" \/>\n<meta name=\"robots\" content=\"index, follow, max-snippet:-1, max-image-preview:large, max-video-preview:-1\" \/>\n<link rel=\"canonical\" href=\"https:\/\/www.comunicarmais.com.br\/site\/2025\/08\/15\/viver-a-cidade-leva-lazer-e-atividades-fisicas-a-pessoas-com-deficiencia-na-av-magalhaes-neto-neste-domingo-17\/\" \/>\n<meta property=\"og:locale\" content=\"pt_BR\" \/>\n<meta property=\"og:type\" content=\"article\" \/>\n<meta property=\"og:title\" content=\"Viver a Cidade leva lazer e atividades f\u00edsicas a pessoas com defici\u00eancia na Av. Magalh\u00e3es Neto neste domingo (17) - Comunicar Mais\" \/>\n<meta property=\"og:description\" content=\"Uma das metas do programa \u00e9 ampliar e democratizar o acesso \u00e0 pr\u00e1tica esportiva, tanto individual como coletiva, na capital baiana\" \/>\n<meta property=\"og:url\" content=\"https:\/\/www.comunicarmais.com.br\/site\/2025\/08\/15\/viver-a-cidade-leva-lazer-e-atividades-fisicas-a-pessoas-com-deficiencia-na-av-magalhaes-neto-neste-domingo-17\/\" \/>\n<meta property=\"og:site_name\" content=\"Comunicar Mais\" \/>\n<meta property=\"article:publisher\" content=\"https:\/\/www.facebook.com\/comunicarmais\/\" \/>\n<meta property=\"article:author\" content=\"https:\/\/www.facebook.com\/comunicarmais\/\" \/>\n<meta property=\"article:published_time\" content=\"2025-08-15T20:36:00+00:00\" \/>\n<meta property=\"article:modified_time\" content=\"2025-08-16T12:28:08+00:00\" \/>\n<meta property=\"og:image\" content=\"https:\/\/www.comunicarmais.com.br\/site\/wp-content\/uploads\/2025\/08\/WhatsApp-Image-2025-08-15-at-17.17.55.jpeg\" \/>\n\t<meta property=\"og:image:width\" content=\"1280\" \/>\n\t<meta property=\"og:image:height\" content=\"853\" \/>\n\t<meta property=\"og:image:type\" content=\"image\/jpeg\" \/>\n<meta name=\"author\" content=\"Comunicar Mais\" \/>\n<meta name=\"twitter:card\" content=\"summary_large_image\" \/>\n<meta name=\"twitter:creator\" content=\"@ComunicarmaisBA\" \/>\n<meta name=\"twitter:site\" content=\"@ComunicarmaisBA\" \/>\n<meta name=\"twitter:label1\" content=\"Escrito por\" \/>\n\t<meta name=\"twitter:data1\" content=\"Comunicar Mais\" \/>\n\t<meta name=\"twitter:label2\" content=\"Est. tempo de leitura\" \/>\n\t<meta name=\"twitter:data2\" content=\"6 minutos\" \/>\n<script type=\"application\/ld+json\" class=\"yoast-schema-graph\">{\"@context\":\"https:\/\/schema.org\",\"@graph\":[{\"@type\":\"WebPage\",\"@id\":\"https:\/\/www.comunicarmais.com.br\/site\/2025\/08\/15\/viver-a-cidade-leva-lazer-e-atividades-fisicas-a-pessoas-com-deficiencia-na-av-magalhaes-neto-neste-domingo-17\/\",\"url\":\"https:\/\/www.comunicarmais.com.br\/site\/2025\/08\/15\/viver-a-cidade-leva-lazer-e-atividades-fisicas-a-pessoas-com-deficiencia-na-av-magalhaes-neto-neste-domingo-17\/\",\"name\":\"Viver a Cidade leva lazer e atividades f\u00edsicas a pessoas com defici\u00eancia na Av. Magalh\u00e3es Neto neste domingo (17) - Comunicar Mais\",\"isPartOf\":{\"@id\":\"https:\/\/www.comunicarmais.com.br\/site\/#website\"},\"primaryImageOfPage\":{\"@id\":\"https:\/\/www.comunicarmais.com.br\/site\/2025\/08\/15\/viver-a-cidade-leva-lazer-e-atividades-fisicas-a-pessoas-com-deficiencia-na-av-magalhaes-neto-neste-domingo-17\/#primaryimage\"},\"image\":{\"@id\":\"https:\/\/www.comunicarmais.com.br\/site\/2025\/08\/15\/viver-a-cidade-leva-lazer-e-atividades-fisicas-a-pessoas-com-deficiencia-na-av-magalhaes-neto-neste-domingo-17\/#primaryimage\"},\"thumbnailUrl\":\"https:\/\/www.comunicarmais.com.br\/site\/wp-content\/uploads\/2025\/08\/WhatsApp-Image-2025-08-15-at-17.17.55.jpeg\",\"datePublished\":\"2025-08-15T20:36:00+00:00\",\"dateModified\":\"2025-08-16T12:28:08+00:00\",\"author\":{\"@id\":\"https:\/\/www.comunicarmais.com.br\/site\/#\/schema\/person\/712f7b6b25b644e4a91c4173674cf284\"},\"description\":\"Uma das metas do programa \u00e9 ampliar e democratizar o acesso \u00e0 pr\u00e1tica esportiva, tanto individual como coletiva, na capital baiana\",\"breadcrumb\":{\"@id\":\"https:\/\/www.comunicarmais.com.br\/site\/2025\/08\/15\/viver-a-cidade-leva-lazer-e-atividades-fisicas-a-pessoas-com-deficiencia-na-av-magalhaes-neto-neste-domingo-17\/#breadcrumb\"},\"inLanguage\":\"pt-BR\",\"potentialAction\":[{\"@type\":\"ReadAction\",\"target\":[\"https:\/\/www.comunicarmais.com.br\/site\/2025\/08\/15\/viver-a-cidade-leva-lazer-e-atividades-fisicas-a-pessoas-com-deficiencia-na-av-magalhaes-neto-neste-domingo-17\/\"]}]},{\"@type\":\"ImageObject\",\"inLanguage\":\"pt-BR\",\"@id\":\"https:\/\/www.comunicarmais.com.br\/site\/2025\/08\/15\/viver-a-cidade-leva-lazer-e-atividades-fisicas-a-pessoas-com-deficiencia-na-av-magalhaes-neto-neste-domingo-17\/#primaryimage\",\"url\":\"https:\/\/www.comunicarmais.com.br\/site\/wp-content\/uploads\/2025\/08\/WhatsApp-Image-2025-08-15-at-17.17.55.jpeg\",\"contentUrl\":\"https:\/\/www.comunicarmais.com.br\/site\/wp-content\/uploads\/2025\/08\/WhatsApp-Image-2025-08-15-at-17.17.55.jpeg\",\"width\":1280,\"height\":853},{\"@type\":\"BreadcrumbList\",\"@id\":\"https:\/\/www.comunicarmais.com.br\/site\/2025\/08\/15\/viver-a-cidade-leva-lazer-e-atividades-fisicas-a-pessoas-com-deficiencia-na-av-magalhaes-neto-neste-domingo-17\/#breadcrumb\",\"itemListElement\":[{\"@type\":\"ListItem\",\"position\":1,\"name\":\"In\u00edcio\",\"item\":\"https:\/\/www.comunicarmais.com.br\/site\/\"},{\"@type\":\"ListItem\",\"position\":2,\"name\":\"Viver a Cidade leva lazer e atividades f\u00edsicas a pessoas com defici\u00eancia na Av. Magalh\u00e3es Neto neste domingo (17)\"}]},{\"@type\":\"WebSite\",\"@id\":\"https:\/\/www.comunicarmais.com.br\/site\/#website\",\"url\":\"https:\/\/www.comunicarmais.com.br\/site\/\",\"name\":\"Comunicar Mais\",\"description\":\"\",\"potentialAction\":[{\"@type\":\"SearchAction\",\"target\":{\"@type\":\"EntryPoint\",\"urlTemplate\":\"https:\/\/www.comunicarmais.com.br\/site\/?s={search_term_string}\"},\"query-input\":{\"@type\":\"PropertyValueSpecification\",\"valueRequired\":true,\"valueName\":\"search_term_string\"}}],\"inLanguage\":\"pt-BR\"},{\"@type\":\"Person\",\"@id\":\"https:\/\/www.comunicarmais.com.br\/site\/#\/schema\/person\/712f7b6b25b644e4a91c4173674cf284\",\"name\":\"Comunicar Mais\",\"image\":{\"@type\":\"ImageObject\",\"inLanguage\":\"pt-BR\",\"@id\":\"https:\/\/www.comunicarmais.com.br\/site\/#\/schema\/person\/image\/\",\"url\":\"https:\/\/secure.gravatar.com\/avatar\/9803218072e2c0dc265d3d787b54c2c33325e79f79732707fddfbf1efd82c678?s=96&d=mm&r=g\",\"contentUrl\":\"https:\/\/secure.gravatar.com\/avatar\/9803218072e2c0dc265d3d787b54c2c33325e79f79732707fddfbf1efd82c678?s=96&d=mm&r=g\",\"caption\":\"Comunicar Mais\"},\"description\":\"Deixe as ideologias com os ide\u00f3logos. Noticiamos fatos, n\u00e3o brigamos com eles. Aqui, voc\u00ea fica bem informado do que acontece no seu bairro e no mundo. Informar com \u00e9tica e responsabilidade s\u00e3o as bandeiras do Comunicarmais.\",\"sameAs\":[\"https:\/\/www.comunicarmais.com.br\/site\/\",\"https:\/\/www.facebook.com\/comunicarmais\/\",\"https:\/\/www.instagram.com\/comunicarmaisba\/\",\"https:\/\/x.com\/ComunicarmaisBA\"],\"url\":\"https:\/\/www.comunicarmais.com.br\/site\/author\/gerenciador\/\"}]}<\/script>\n<!-- \/ Yoast SEO plugin. -->","yoast_head_json":{"title":"Viver a Cidade leva lazer e atividades f\u00edsicas a pessoas com defici\u00eancia na Av. Magalh\u00e3es Neto neste domingo (17) - Comunicar Mais","description":"Uma das metas do programa \u00e9 ampliar e democratizar o acesso \u00e0 pr\u00e1tica esportiva, tanto individual como coletiva, na capital baiana","robots":{"index":"index","follow":"follow","max-snippet":"max-snippet:-1","max-image-preview":"max-image-preview:large","max-video-preview":"max-video-preview:-1"},"canonical":"https:\/\/www.comunicarmais.com.br\/site\/2025\/08\/15\/viver-a-cidade-leva-lazer-e-atividades-fisicas-a-pessoas-com-deficiencia-na-av-magalhaes-neto-neste-domingo-17\/","og_locale":"pt_BR","og_type":"article","og_title":"Viver a Cidade leva lazer e atividades f\u00edsicas a pessoas com defici\u00eancia na Av. Magalh\u00e3es Neto neste domingo (17) - Comunicar Mais","og_description":"Uma das metas do programa \u00e9 ampliar e democratizar o acesso \u00e0 pr\u00e1tica esportiva, tanto individual como coletiva, na capital baiana","og_url":"https:\/\/www.comunicarmais.com.br\/site\/2025\/08\/15\/viver-a-cidade-leva-lazer-e-atividades-fisicas-a-pessoas-com-deficiencia-na-av-magalhaes-neto-neste-domingo-17\/","og_site_name":"Comunicar Mais","article_publisher":"https:\/\/www.facebook.com\/comunicarmais\/","article_author":"https:\/\/www.facebook.com\/comunicarmais\/","article_published_time":"2025-08-15T20:36:00+00:00","article_modified_time":"2025-08-16T12:28:08+00:00","og_image":[{"width":1280,"height":853,"url":"https:\/\/www.comunicarmais.com.br\/site\/wp-content\/uploads\/2025\/08\/WhatsApp-Image-2025-08-15-at-17.17.55.jpeg","type":"image\/jpeg"}],"author":"Comunicar Mais","twitter_card":"summary_large_image","twitter_creator":"@ComunicarmaisBA","twitter_site":"@ComunicarmaisBA","twitter_misc":{"Escrito por":"Comunicar Mais","Est. tempo de leitura":"6 minutos"},"schema":{"@context":"https:\/\/schema.org","@graph":[{"@type":"WebPage","@id":"https:\/\/www.comunicarmais.com.br\/site\/2025\/08\/15\/viver-a-cidade-leva-lazer-e-atividades-fisicas-a-pessoas-com-deficiencia-na-av-magalhaes-neto-neste-domingo-17\/","url":"https:\/\/www.comunicarmais.com.br\/site\/2025\/08\/15\/viver-a-cidade-leva-lazer-e-atividades-fisicas-a-pessoas-com-deficiencia-na-av-magalhaes-neto-neste-domingo-17\/","name":"Viver a Cidade leva lazer e atividades f\u00edsicas a pessoas com defici\u00eancia na Av. Magalh\u00e3es Neto neste domingo (17) - Comunicar Mais","isPartOf":{"@id":"https:\/\/www.comunicarmais.com.br\/site\/#website"},"primaryImageOfPage":{"@id":"https:\/\/www.comunicarmais.com.br\/site\/2025\/08\/15\/viver-a-cidade-leva-lazer-e-atividades-fisicas-a-pessoas-com-deficiencia-na-av-magalhaes-neto-neste-domingo-17\/#primaryimage"},"image":{"@id":"https:\/\/www.comunicarmais.com.br\/site\/2025\/08\/15\/viver-a-cidade-leva-lazer-e-atividades-fisicas-a-pessoas-com-deficiencia-na-av-magalhaes-neto-neste-domingo-17\/#primaryimage"},"thumbnailUrl":"https:\/\/www.comunicarmais.com.br\/site\/wp-content\/uploads\/2025\/08\/WhatsApp-Image-2025-08-15-at-17.17.55.jpeg","datePublished":"2025-08-15T20:36:00+00:00","dateModified":"2025-08-16T12:28:08+00:00","author":{"@id":"https:\/\/www.comunicarmais.com.br\/site\/#\/schema\/person\/712f7b6b25b644e4a91c4173674cf284"},"description":"Uma das metas do programa \u00e9 ampliar e democratizar o acesso \u00e0 pr\u00e1tica esportiva, tanto individual como coletiva, na capital baiana","breadcrumb":{"@id":"https:\/\/www.comunicarmais.com.br\/site\/2025\/08\/15\/viver-a-cidade-leva-lazer-e-atividades-fisicas-a-pessoas-com-deficiencia-na-av-magalhaes-neto-neste-domingo-17\/#breadcrumb"},"inLanguage":"pt-BR","potentialAction":[{"@type":"ReadAction","target":["https:\/\/www.comunicarmais.com.br\/site\/2025\/08\/15\/viver-a-cidade-leva-lazer-e-atividades-fisicas-a-pessoas-com-deficiencia-na-av-magalhaes-neto-neste-domingo-17\/"]}]},{"@type":"ImageObject","inLanguage":"pt-BR","@id":"https:\/\/www.comunicarmais.com.br\/site\/2025\/08\/15\/viver-a-cidade-leva-lazer-e-atividades-fisicas-a-pessoas-com-deficiencia-na-av-magalhaes-neto-neste-domingo-17\/#primaryimage","url":"https:\/\/www.comunicarmais.com.br\/site\/wp-content\/uploads\/2025\/08\/WhatsApp-Image-2025-08-15-at-17.17.55.jpeg","contentUrl":"https:\/\/www.comunicarmais.com.br\/site\/wp-content\/uploads\/2025\/08\/WhatsApp-Image-2025-08-15-at-17.17.55.jpeg","width":1280,"height":853},{"@type":"BreadcrumbList","@id":"https:\/\/www.comunicarmais.com.br\/site\/2025\/08\/15\/viver-a-cidade-leva-lazer-e-atividades-fisicas-a-pessoas-com-deficiencia-na-av-magalhaes-neto-neste-domingo-17\/#breadcrumb","itemListElement":[{"@type":"ListItem","position":1,"name":"In\u00edcio","item":"https:\/\/www.comunicarmais.com.br\/site\/"},{"@type":"ListItem","position":2,"name":"Viver a Cidade leva lazer e atividades f\u00edsicas a pessoas com defici\u00eancia na Av. Magalh\u00e3es Neto neste domingo (17)"}]},{"@type":"WebSite","@id":"https:\/\/www.comunicarmais.com.br\/site\/#website","url":"https:\/\/www.comunicarmais.com.br\/site\/","name":"Comunicar Mais","description":"","potentialAction":[{"@type":"SearchAction","target":{"@type":"EntryPoint","urlTemplate":"https:\/\/www.comunicarmais.com.br\/site\/?s={search_term_string}"},"query-input":{"@type":"PropertyValueSpecification","valueRequired":true,"valueName":"search_term_string"}}],"inLanguage":"pt-BR"},{"@type":"Person","@id":"https:\/\/www.comunicarmais.com.br\/site\/#\/schema\/person\/712f7b6b25b644e4a91c4173674cf284","name":"Comunicar Mais","image":{"@type":"ImageObject","inLanguage":"pt-BR","@id":"https:\/\/www.comunicarmais.com.br\/site\/#\/schema\/person\/image\/","url":"https:\/\/secure.gravatar.com\/avatar\/9803218072e2c0dc265d3d787b54c2c33325e79f79732707fddfbf1efd82c678?s=96&d=mm&r=g","contentUrl":"https:\/\/secure.gravatar.com\/avatar\/9803218072e2c0dc265d3d787b54c2c33325e79f79732707fddfbf1efd82c678?s=96&d=mm&r=g","caption":"Comunicar Mais"},"description":"Deixe as ideologias com os ide\u00f3logos. Noticiamos fatos, n\u00e3o brigamos com eles. Aqui, voc\u00ea fica bem informado do que acontece no seu bairro e no mundo. Informar com \u00e9tica e responsabilidade s\u00e3o as bandeiras do Comunicarmais.","sameAs":["https:\/\/www.comunicarmais.com.br\/site\/","https:\/\/www.facebook.com\/comunicarmais\/","https:\/\/www.instagram.com\/comunicarmaisba\/","https:\/\/x.com\/ComunicarmaisBA"],"url":"https:\/\/www.comunicarmais.com.br\/site\/author\/gerenciador\/"}]}},"_links":{"self":[{"href":"https:\/\/www.comunicarmais.com.br\/site\/wp-json\/wp\/v2\/posts\/9426","targetHints":{"allow":["GET"]}}],"collection":[{"href":"https:\/\/www.comunicarmais.com.br\/site\/wp-json\/wp\/v2\/posts"}],"about":[{"href":"https:\/\/www.comunicarmais.com.br\/site\/wp-json\/wp\/v2\/types\/post"}],"author":[{"embeddable":true,"href":"https:\/\/www.comunicarmais.com.br\/site\/wp-json\/wp\/v2\/users\/2"}],"replies":[{"embeddable":true,"href":"https:\/\/www.comunicarmais.com.br\/site\/wp-json\/wp\/v2\/comments?post=9426"}],"version-history":[{"count":2,"href":"https:\/\/www.comunicarmais.com.br\/site\/wp-json\/wp\/v2\/posts\/9426\/revisions"}],"predecessor-version":[{"id":9434,"href":"https:\/\/www.comunicarmais.com.br\/site\/wp-json\/wp\/v2\/posts\/9426\/revisions\/9434"}],"wp:featuredmedia":[{"embeddable":true,"href":"https:\/\/www.comunicarmais.com.br\/site\/wp-json\/wp\/v2\/media\/9429"}],"wp:attachment":[{"href":"https:\/\/www.comunicarmais.com.br\/site\/wp-json\/wp\/v2\/media?parent=9426"}],"wp:term":[{"taxonomy":"category","embeddable":true,"href":"https:\/\/www.comunicarmais.com.br\/site\/wp-json\/wp\/v2\/categories?post=9426"},{"taxonomy":"post_tag","embeddable":true,"href":"https:\/\/www.comunicarmais.com.br\/site\/wp-json\/wp\/v2\/tags?post=9426"}],"curies":[{"name":"wp","href":"https:\/\/api.w.org\/{rel}","templated":true}]}}