{"id":9266,"date":"2025-08-08T13:48:00","date_gmt":"2025-08-08T16:48:00","guid":{"rendered":"https:\/\/www.comunicarmais.com.br\/site\/?p=9266"},"modified":"2025-08-08T16:55:53","modified_gmt":"2025-08-08T19:55:53","slug":"governo-da-bahia-fortalece-acesso-a-cultura-e-a-literatura-na-9a-edicao-da-flipelo","status":"publish","type":"post","link":"https:\/\/www.comunicarmais.com.br\/site\/2025\/08\/08\/governo-da-bahia-fortalece-acesso-a-cultura-e-a-literatura-na-9a-edicao-da-flipelo\/","title":{"rendered":"Governo da Bahia fortalece acesso \u00e0 cultura e \u00e0 literatura na 9\u00aa edi\u00e7\u00e3o da Flipel\u00f4"},"content":{"rendered":"\n<p><strong>Este ano, evento que acontece de 6 a 10 de agosto, homenageia o dramaturgo Dias Gomes, autor de cl\u00e1ssicos como O Bem Amado<\/strong><\/p>\n\n\n\n<figure class=\"wp-block-image size-large\"><img decoding=\"async\" width=\"1433\" height=\"955\" data-src=\"https:\/\/www.comunicarmais.com.br\/site\/wp-content\/uploads\/2025\/08\/WhatsApp-Image-2025-08-08-at-13.28.58-1-1433x955.jpeg\" alt=\"\" class=\"wp-image-9268 lazyload\" data-srcset=\"https:\/\/www.comunicarmais.com.br\/site\/wp-content\/uploads\/2025\/08\/WhatsApp-Image-2025-08-08-at-13.28.58-1-1433x955.jpeg 1433w, https:\/\/www.comunicarmais.com.br\/site\/wp-content\/uploads\/2025\/08\/WhatsApp-Image-2025-08-08-at-13.28.58-1-1024x682.jpeg 1024w, https:\/\/www.comunicarmais.com.br\/site\/wp-content\/uploads\/2025\/08\/WhatsApp-Image-2025-08-08-at-13.28.58-1-768x512.jpeg 768w, https:\/\/www.comunicarmais.com.br\/site\/wp-content\/uploads\/2025\/08\/WhatsApp-Image-2025-08-08-at-13.28.58-1-1536x1023.jpeg 1536w, https:\/\/www.comunicarmais.com.br\/site\/wp-content\/uploads\/2025\/08\/WhatsApp-Image-2025-08-08-at-13.28.58-1.jpeg 1600w\" data-sizes=\"(max-width: 1433px) 100vw, 1433px\" src=\"data:image\/svg+xml;base64,PHN2ZyB3aWR0aD0iMSIgaGVpZ2h0PSIxIiB4bWxucz0iaHR0cDovL3d3dy53My5vcmcvMjAwMC9zdmciPjwvc3ZnPg==\" style=\"--smush-placeholder-width: 1433px; --smush-placeholder-aspect-ratio: 1433\/955;\" \/><figcaption class=\"wp-element-caption\"><em><sup>(Foto: Ascom \/ GOVBA)<\/sup><\/em><\/figcaption><\/figure>\n\n\n\n<p><strong>Reda\u00e7\u00e3o Mais &#8211; <\/strong>Com apoio do Governo da Bahia, a 9\u00aa edi\u00e7\u00e3o da Festa Liter\u00e1ria Internacional do Pelourinho (Flipel\u00f4 2025) celebra a riqueza da literatura, da identidade cultural e das artes no Centro Hist\u00f3rico de Salvador. O Governo do Estado apoia institucional e financeiramente o evento por meio das Secretarias de Cultura (Secult-BA), Educa\u00e7\u00e3o (SEC) e Turismo (Setur-BA), al\u00e9m da atua\u00e7\u00e3o da Companhia de Desenvolvimento Urbano do Estado da Bahia (Conder), que contribui para a valoriza\u00e7\u00e3o dos espa\u00e7os hist\u00f3ricos onde a festa acontece. O apoio financeiro estadual soma R$ 200 mil, sendo R$ 100 mil atrav\u00e9s da Secult-BA e R$ 100 mil por meio da Setur-BA.<\/p>\n\n\n\n<p>O investimento integra um conjunto maior de a\u00e7\u00f5es estruturadas para o fortalecimento da literatura na Bahia. Por meio do edital Bahia Liter\u00e1ria, o estado \u00e9 o que mais realiza feiras liter\u00e1rias no Brasil: j\u00e1 s\u00e3o R$ 24,3 milh\u00f5es investidos em 81 feiras, al\u00e9m de 13 eventos com apoio direto, como a Flipel\u00f4.<\/p>\n\n\n\n<figure class=\"wp-block-image size-large\"><img decoding=\"async\" width=\"1433\" height=\"955\" data-src=\"https:\/\/www.comunicarmais.com.br\/site\/wp-content\/uploads\/2025\/08\/WhatsApp-Image-2025-08-08-at-13.28.58-1433x955.jpeg\" alt=\"\" class=\"wp-image-9269 lazyload\" data-srcset=\"https:\/\/www.comunicarmais.com.br\/site\/wp-content\/uploads\/2025\/08\/WhatsApp-Image-2025-08-08-at-13.28.58-1433x955.jpeg 1433w, https:\/\/www.comunicarmais.com.br\/site\/wp-content\/uploads\/2025\/08\/WhatsApp-Image-2025-08-08-at-13.28.58-1024x682.jpeg 1024w, https:\/\/www.comunicarmais.com.br\/site\/wp-content\/uploads\/2025\/08\/WhatsApp-Image-2025-08-08-at-13.28.58-768x512.jpeg 768w, https:\/\/www.comunicarmais.com.br\/site\/wp-content\/uploads\/2025\/08\/WhatsApp-Image-2025-08-08-at-13.28.58-1536x1023.jpeg 1536w, https:\/\/www.comunicarmais.com.br\/site\/wp-content\/uploads\/2025\/08\/WhatsApp-Image-2025-08-08-at-13.28.58.jpeg 1600w\" data-sizes=\"(max-width: 1433px) 100vw, 1433px\" src=\"data:image\/svg+xml;base64,PHN2ZyB3aWR0aD0iMSIgaGVpZ2h0PSIxIiB4bWxucz0iaHR0cDovL3d3dy53My5vcmcvMjAwMC9zdmciPjwvc3ZnPg==\" style=\"--smush-placeholder-width: 1433px; --smush-placeholder-aspect-ratio: 1433\/955;\" \/><figcaption class=\"wp-element-caption\"><em><sup>(Foto: Ascom \/ GOVBA)<\/sup><\/em><\/figcaption><\/figure>\n\n\n\n<p>\u201cO Governo do Estado est\u00e1 realizando um dos maiores movimentos da literatura brasileira atrav\u00e9s de um grande programa que se chama Bahia Liter\u00e1ria, que \u00e9 um programa da Secretaria de Educa\u00e7\u00e3o, da Secretaria de Cultura, realizada pela Funda\u00e7\u00e3o Pedro Calmon (FPC), vinculada \u00e0 Secult-BA. N\u00f3s vamos chegar at\u00e9 o final do ano com a realiza\u00e7\u00e3o de mais de 100 Feiras Liter\u00e1rias apoiadas pelo Governo do Estado. Isso representa a circula\u00e7\u00e3o, a distribui\u00e7\u00e3o, a celebra\u00e7\u00e3o da cultura nos territ\u00f3rios baianos. E sobretudo a valoriza\u00e7\u00e3o da literatura baiana, dos escritores, das escritoras que est\u00e3o circulando nessas feiras liter\u00e1rias\u201d, disse o diretor geral da FPC, Sandro Magalh\u00e3es.<\/p>\n\n\n\n<figure class=\"wp-block-image size-large\"><img decoding=\"async\" width=\"1433\" height=\"955\" data-src=\"https:\/\/www.comunicarmais.com.br\/site\/wp-content\/uploads\/2025\/08\/WhatsApp-Image-2025-08-08-at-13.28.59-1-1433x955.jpeg\" alt=\"\" class=\"wp-image-9270 lazyload\" data-srcset=\"https:\/\/www.comunicarmais.com.br\/site\/wp-content\/uploads\/2025\/08\/WhatsApp-Image-2025-08-08-at-13.28.59-1-1433x955.jpeg 1433w, https:\/\/www.comunicarmais.com.br\/site\/wp-content\/uploads\/2025\/08\/WhatsApp-Image-2025-08-08-at-13.28.59-1-1024x682.jpeg 1024w, https:\/\/www.comunicarmais.com.br\/site\/wp-content\/uploads\/2025\/08\/WhatsApp-Image-2025-08-08-at-13.28.59-1-768x512.jpeg 768w, https:\/\/www.comunicarmais.com.br\/site\/wp-content\/uploads\/2025\/08\/WhatsApp-Image-2025-08-08-at-13.28.59-1-1536x1023.jpeg 1536w, https:\/\/www.comunicarmais.com.br\/site\/wp-content\/uploads\/2025\/08\/WhatsApp-Image-2025-08-08-at-13.28.59-1.jpeg 1600w\" data-sizes=\"(max-width: 1433px) 100vw, 1433px\" src=\"data:image\/svg+xml;base64,PHN2ZyB3aWR0aD0iMSIgaGVpZ2h0PSIxIiB4bWxucz0iaHR0cDovL3d3dy53My5vcmcvMjAwMC9zdmciPjwvc3ZnPg==\" style=\"--smush-placeholder-width: 1433px; --smush-placeholder-aspect-ratio: 1433\/955;\" \/><figcaption class=\"wp-element-caption\"><em><sup>(Foto: Ascom \/ GOVBA)<\/sup><\/em><\/figcaption><\/figure>\n\n\n\n<p>Este ano, o evento que acontece de 6 a 10 de agosto, homenageia o dramaturgo Dias Gomes, autor de cl\u00e1ssicos como O Bem Amado, obra que inspira o tema da festa: \u201cO bem amado Dias Gomes\u201d. Considerada o maior evento liter\u00e1rio da capital baiana, a Flipel\u00f4 re\u00fane escritores, artistas e o p\u00fablico em geral numa ampla programa\u00e7\u00e3o que promove o livro, a leitura e a diversidade cultural.<\/p>\n\n\n\n<p>Um dos destaques da participa\u00e7\u00e3o do Governo na Flipel\u00f4 \u00e9 a presen\u00e7a da unidade m\u00f3vel da Biblioteca de Extens\u00e3o (Bibex), iniciativa da Funda\u00e7\u00e3o Pedro Calmon (FPC). Adaptada para levar a literatura a diferentes p\u00fablicos, a Bibex marca presen\u00e7a na Flipel\u00f4 com acervo bibliogr\u00e1fico, oficinas, conta\u00e7\u00f5es de hist\u00f3rias, jogos educativos e o projeto Leve e Leia, que realiza a doa\u00e7\u00e3o gratuita de livros. A meta \u00e9 distribuir 500 livros, sendo 100 por dia. A proposta \u00e9 democratizar o acesso ao livro e incentivar o h\u00e1bito da leitura, especialmente entre crian\u00e7as e jovens.<\/p>\n\n\n\n<figure class=\"wp-block-image size-large\"><img decoding=\"async\" width=\"1433\" height=\"955\" data-src=\"https:\/\/www.comunicarmais.com.br\/site\/wp-content\/uploads\/2025\/08\/WhatsApp-Image-2025-08-08-at-13.28.57-1433x955.jpeg\" alt=\"\" class=\"wp-image-9271 lazyload\" data-srcset=\"https:\/\/www.comunicarmais.com.br\/site\/wp-content\/uploads\/2025\/08\/WhatsApp-Image-2025-08-08-at-13.28.57-1433x955.jpeg 1433w, https:\/\/www.comunicarmais.com.br\/site\/wp-content\/uploads\/2025\/08\/WhatsApp-Image-2025-08-08-at-13.28.57-1024x682.jpeg 1024w, https:\/\/www.comunicarmais.com.br\/site\/wp-content\/uploads\/2025\/08\/WhatsApp-Image-2025-08-08-at-13.28.57-768x512.jpeg 768w, https:\/\/www.comunicarmais.com.br\/site\/wp-content\/uploads\/2025\/08\/WhatsApp-Image-2025-08-08-at-13.28.57-1536x1023.jpeg 1536w, https:\/\/www.comunicarmais.com.br\/site\/wp-content\/uploads\/2025\/08\/WhatsApp-Image-2025-08-08-at-13.28.57.jpeg 1600w\" data-sizes=\"(max-width: 1433px) 100vw, 1433px\" src=\"data:image\/svg+xml;base64,PHN2ZyB3aWR0aD0iMSIgaGVpZ2h0PSIxIiB4bWxucz0iaHR0cDovL3d3dy53My5vcmcvMjAwMC9zdmciPjwvc3ZnPg==\" style=\"--smush-placeholder-width: 1433px; --smush-placeholder-aspect-ratio: 1433\/955;\" \/><figcaption class=\"wp-element-caption\"><em><sup>(Foto: Ascom \/ GOVBA)<\/sup><\/em><\/figcaption><\/figure>\n\n\n\n<p><strong>Programa\u00e7\u00e3o nos largos e pra\u00e7as<\/strong><\/p>\n\n\n\n<p>O apoio da Secult-BA tamb\u00e9m se concretiza na cess\u00e3o dos largos Pedro Archanjo e Tereza Batista, com infraestrutura completa para apresenta\u00e7\u00f5es e atividades culturais. A programa\u00e7\u00e3o gratuita nesses espa\u00e7os conta com apoio t\u00e9cnico, ilumina\u00e7\u00e3o, sonoriza\u00e7\u00e3o, ordenamento do p\u00fablico e limpeza, garantido pelo Centro de Culturas Populares e Identit\u00e1rias (CCPI). \u201cEu como m\u00e3e, eu sempre incentivo e falo que leitura \u00e9 vida. \u00c9 um conhecimento que voc\u00ea adquire e que ningu\u00e9m vai tirar. Voc\u00ea enriquece seu vocabul\u00e1rio, conhece lugares, visita pontos do mundo pela leitura, e al\u00e9m disso conhece as hist\u00f3rias\u201d, destacou a auxiliar administrativo, Elizabeth Silva.<\/p>\n\n\n\n<figure class=\"wp-block-image size-large\"><img decoding=\"async\" width=\"1433\" height=\"955\" data-src=\"https:\/\/www.comunicarmais.com.br\/site\/wp-content\/uploads\/2025\/08\/WhatsApp-Image-2025-08-08-at-13.28.59-1433x955.jpeg\" alt=\"\" class=\"wp-image-9272 lazyload\" data-srcset=\"https:\/\/www.comunicarmais.com.br\/site\/wp-content\/uploads\/2025\/08\/WhatsApp-Image-2025-08-08-at-13.28.59-1433x955.jpeg 1433w, https:\/\/www.comunicarmais.com.br\/site\/wp-content\/uploads\/2025\/08\/WhatsApp-Image-2025-08-08-at-13.28.59-1024x682.jpeg 1024w, https:\/\/www.comunicarmais.com.br\/site\/wp-content\/uploads\/2025\/08\/WhatsApp-Image-2025-08-08-at-13.28.59-768x512.jpeg 768w, https:\/\/www.comunicarmais.com.br\/site\/wp-content\/uploads\/2025\/08\/WhatsApp-Image-2025-08-08-at-13.28.59-1536x1023.jpeg 1536w, https:\/\/www.comunicarmais.com.br\/site\/wp-content\/uploads\/2025\/08\/WhatsApp-Image-2025-08-08-at-13.28.59.jpeg 1600w\" data-sizes=\"(max-width: 1433px) 100vw, 1433px\" src=\"data:image\/svg+xml;base64,PHN2ZyB3aWR0aD0iMSIgaGVpZ2h0PSIxIiB4bWxucz0iaHR0cDovL3d3dy53My5vcmcvMjAwMC9zdmciPjwvc3ZnPg==\" style=\"--smush-placeholder-width: 1433px; --smush-placeholder-aspect-ratio: 1433\/955;\" \/><figcaption class=\"wp-element-caption\"><em><sup>(Foto: Ascom \/ GOVBA)<\/sup><\/em><\/figcaption><\/figure>\n\n\n\n<p>J\u00e1 o Instituto do Patrim\u00f4nio Art\u00edstico e Cultural da Bahia (Ipac) autorizou o uso da Pra\u00e7a das Artes, transformando o local em uma verdadeira arena liter\u00e1ria, aberta aos p\u00fablicos de todas as idades, mediante termo de compromisso firmado com a Funda\u00e7\u00e3o Casa de Jorge Amado. A Funda\u00e7\u00e3o Cultural do Estado da Bahia (Funceb), tamb\u00e9m vinculada \u00e0 SecultBA, contribui com apresenta\u00e7\u00f5es especiais das Cameratas da Orquestra Sinf\u00f4nica da Bahia (Osba). Nesta sexta-feira (8), o Bahia Cordas se apresenta, \u00e0s 17h30, ampliando a presen\u00e7a da m\u00fasica erudita no evento.<\/p>\n\n\n\n<p>Com expectativa de atrair mais de 250 mil visitantes durante os dias de programa\u00e7\u00e3o, que segue at\u00e9 o pr\u00f3ximo domingo (10), o evento tamb\u00e9m movimenta o turismo e a economia criativa do Centro Hist\u00f3rico, gerando empregos diretos e indiretos, al\u00e9m de estimular o com\u00e9rcio local e a produ\u00e7\u00e3o art\u00edstica. <strong>Mais detalhes sobre a programa\u00e7\u00e3o pelo site <a href=\"https:\/\/flipelo.com.br\/programacao\" target=\"_blank\" rel=\"noreferrer noopener\">https:\/\/flipelo.com.br\/programacao<\/a>.<\/strong><\/p>\n","protected":false},"excerpt":{"rendered":"<p>Este ano, evento que acontece de 6 a 10 de agosto, homenageia o dramaturgo Dias Gomes, autor de cl\u00e1ssicos como O Bem Amado<\/p>\n","protected":false},"author":2,"featured_media":9269,"comment_status":"open","ping_status":"open","sticky":false,"template":"","format":"standard","meta":{"_acf_changed":false,"footnotes":""},"categories":[11],"tags":[],"class_list":["post-9266","post","type-post","status-publish","format-standard","has-post-thumbnail","hentry","category-cultura-lazer"],"acf":[],"yoast_head":"<!-- This site is optimized with the Yoast SEO plugin v26.1.1 - https:\/\/yoast.com\/wordpress\/plugins\/seo\/ -->\n<title>Governo da Bahia fortalece acesso \u00e0 cultura e \u00e0 literatura na 9\u00aa edi\u00e7\u00e3o da Flipel\u00f4 - Comunicar Mais<\/title>\n<meta name=\"description\" content=\"Este ano, evento que acontece de 6 a 10 de agosto, homenageia o dramaturgo Dias Gomes, autor de cl\u00e1ssicos como O Bem Amado\" \/>\n<meta name=\"robots\" content=\"index, follow, max-snippet:-1, max-image-preview:large, max-video-preview:-1\" \/>\n<link rel=\"canonical\" href=\"https:\/\/www.comunicarmais.com.br\/site\/2025\/08\/08\/governo-da-bahia-fortalece-acesso-a-cultura-e-a-literatura-na-9a-edicao-da-flipelo\/\" \/>\n<meta property=\"og:locale\" content=\"pt_BR\" \/>\n<meta property=\"og:type\" content=\"article\" \/>\n<meta property=\"og:title\" content=\"Governo da Bahia fortalece acesso \u00e0 cultura e \u00e0 literatura na 9\u00aa edi\u00e7\u00e3o da Flipel\u00f4 - Comunicar Mais\" \/>\n<meta property=\"og:description\" content=\"Este ano, evento que acontece de 6 a 10 de agosto, homenageia o dramaturgo Dias Gomes, autor de cl\u00e1ssicos como O Bem Amado\" \/>\n<meta property=\"og:url\" content=\"https:\/\/www.comunicarmais.com.br\/site\/2025\/08\/08\/governo-da-bahia-fortalece-acesso-a-cultura-e-a-literatura-na-9a-edicao-da-flipelo\/\" \/>\n<meta property=\"og:site_name\" content=\"Comunicar Mais\" \/>\n<meta property=\"article:publisher\" content=\"https:\/\/www.facebook.com\/comunicarmais\/\" \/>\n<meta property=\"article:author\" content=\"https:\/\/www.facebook.com\/comunicarmais\/\" \/>\n<meta property=\"article:published_time\" content=\"2025-08-08T16:48:00+00:00\" \/>\n<meta property=\"article:modified_time\" content=\"2025-08-08T19:55:53+00:00\" \/>\n<meta property=\"og:image\" content=\"https:\/\/www.comunicarmais.com.br\/site\/wp-content\/uploads\/2025\/08\/WhatsApp-Image-2025-08-08-at-13.28.58.jpeg\" \/>\n\t<meta property=\"og:image:width\" content=\"1600\" \/>\n\t<meta property=\"og:image:height\" content=\"1066\" \/>\n\t<meta property=\"og:image:type\" content=\"image\/jpeg\" \/>\n<meta name=\"author\" content=\"Comunicar Mais\" \/>\n<meta name=\"twitter:card\" content=\"summary_large_image\" \/>\n<meta name=\"twitter:creator\" content=\"@ComunicarmaisBA\" \/>\n<meta name=\"twitter:site\" content=\"@ComunicarmaisBA\" \/>\n<meta name=\"twitter:label1\" content=\"Escrito por\" \/>\n\t<meta name=\"twitter:data1\" content=\"Comunicar Mais\" \/>\n\t<meta name=\"twitter:label2\" content=\"Est. tempo de leitura\" \/>\n\t<meta name=\"twitter:data2\" content=\"6 minutos\" \/>\n<script type=\"application\/ld+json\" class=\"yoast-schema-graph\">{\"@context\":\"https:\/\/schema.org\",\"@graph\":[{\"@type\":\"WebPage\",\"@id\":\"https:\/\/www.comunicarmais.com.br\/site\/2025\/08\/08\/governo-da-bahia-fortalece-acesso-a-cultura-e-a-literatura-na-9a-edicao-da-flipelo\/\",\"url\":\"https:\/\/www.comunicarmais.com.br\/site\/2025\/08\/08\/governo-da-bahia-fortalece-acesso-a-cultura-e-a-literatura-na-9a-edicao-da-flipelo\/\",\"name\":\"Governo da Bahia fortalece acesso \u00e0 cultura e \u00e0 literatura na 9\u00aa edi\u00e7\u00e3o da Flipel\u00f4 - Comunicar Mais\",\"isPartOf\":{\"@id\":\"https:\/\/www.comunicarmais.com.br\/site\/#website\"},\"primaryImageOfPage\":{\"@id\":\"https:\/\/www.comunicarmais.com.br\/site\/2025\/08\/08\/governo-da-bahia-fortalece-acesso-a-cultura-e-a-literatura-na-9a-edicao-da-flipelo\/#primaryimage\"},\"image\":{\"@id\":\"https:\/\/www.comunicarmais.com.br\/site\/2025\/08\/08\/governo-da-bahia-fortalece-acesso-a-cultura-e-a-literatura-na-9a-edicao-da-flipelo\/#primaryimage\"},\"thumbnailUrl\":\"https:\/\/www.comunicarmais.com.br\/site\/wp-content\/uploads\/2025\/08\/WhatsApp-Image-2025-08-08-at-13.28.58.jpeg\",\"datePublished\":\"2025-08-08T16:48:00+00:00\",\"dateModified\":\"2025-08-08T19:55:53+00:00\",\"author\":{\"@id\":\"https:\/\/www.comunicarmais.com.br\/site\/#\/schema\/person\/712f7b6b25b644e4a91c4173674cf284\"},\"description\":\"Este ano, evento que acontece de 6 a 10 de agosto, homenageia o dramaturgo Dias Gomes, autor de cl\u00e1ssicos como O Bem Amado\",\"breadcrumb\":{\"@id\":\"https:\/\/www.comunicarmais.com.br\/site\/2025\/08\/08\/governo-da-bahia-fortalece-acesso-a-cultura-e-a-literatura-na-9a-edicao-da-flipelo\/#breadcrumb\"},\"inLanguage\":\"pt-BR\",\"potentialAction\":[{\"@type\":\"ReadAction\",\"target\":[\"https:\/\/www.comunicarmais.com.br\/site\/2025\/08\/08\/governo-da-bahia-fortalece-acesso-a-cultura-e-a-literatura-na-9a-edicao-da-flipelo\/\"]}]},{\"@type\":\"ImageObject\",\"inLanguage\":\"pt-BR\",\"@id\":\"https:\/\/www.comunicarmais.com.br\/site\/2025\/08\/08\/governo-da-bahia-fortalece-acesso-a-cultura-e-a-literatura-na-9a-edicao-da-flipelo\/#primaryimage\",\"url\":\"https:\/\/www.comunicarmais.com.br\/site\/wp-content\/uploads\/2025\/08\/WhatsApp-Image-2025-08-08-at-13.28.58.jpeg\",\"contentUrl\":\"https:\/\/www.comunicarmais.com.br\/site\/wp-content\/uploads\/2025\/08\/WhatsApp-Image-2025-08-08-at-13.28.58.jpeg\",\"width\":1600,\"height\":1066},{\"@type\":\"BreadcrumbList\",\"@id\":\"https:\/\/www.comunicarmais.com.br\/site\/2025\/08\/08\/governo-da-bahia-fortalece-acesso-a-cultura-e-a-literatura-na-9a-edicao-da-flipelo\/#breadcrumb\",\"itemListElement\":[{\"@type\":\"ListItem\",\"position\":1,\"name\":\"In\u00edcio\",\"item\":\"https:\/\/www.comunicarmais.com.br\/site\/\"},{\"@type\":\"ListItem\",\"position\":2,\"name\":\"Governo da Bahia fortalece acesso \u00e0 cultura e \u00e0 literatura na 9\u00aa edi\u00e7\u00e3o da Flipel\u00f4\"}]},{\"@type\":\"WebSite\",\"@id\":\"https:\/\/www.comunicarmais.com.br\/site\/#website\",\"url\":\"https:\/\/www.comunicarmais.com.br\/site\/\",\"name\":\"Comunicar Mais\",\"description\":\"\",\"potentialAction\":[{\"@type\":\"SearchAction\",\"target\":{\"@type\":\"EntryPoint\",\"urlTemplate\":\"https:\/\/www.comunicarmais.com.br\/site\/?s={search_term_string}\"},\"query-input\":{\"@type\":\"PropertyValueSpecification\",\"valueRequired\":true,\"valueName\":\"search_term_string\"}}],\"inLanguage\":\"pt-BR\"},{\"@type\":\"Person\",\"@id\":\"https:\/\/www.comunicarmais.com.br\/site\/#\/schema\/person\/712f7b6b25b644e4a91c4173674cf284\",\"name\":\"Comunicar Mais\",\"image\":{\"@type\":\"ImageObject\",\"inLanguage\":\"pt-BR\",\"@id\":\"https:\/\/www.comunicarmais.com.br\/site\/#\/schema\/person\/image\/\",\"url\":\"https:\/\/secure.gravatar.com\/avatar\/9803218072e2c0dc265d3d787b54c2c33325e79f79732707fddfbf1efd82c678?s=96&d=mm&r=g\",\"contentUrl\":\"https:\/\/secure.gravatar.com\/avatar\/9803218072e2c0dc265d3d787b54c2c33325e79f79732707fddfbf1efd82c678?s=96&d=mm&r=g\",\"caption\":\"Comunicar Mais\"},\"description\":\"Deixe as ideologias com os ide\u00f3logos. Noticiamos fatos, n\u00e3o brigamos com eles. Aqui, voc\u00ea fica bem informado do que acontece no seu bairro e no mundo. Informar com \u00e9tica e responsabilidade s\u00e3o as bandeiras do Comunicarmais.\",\"sameAs\":[\"https:\/\/www.comunicarmais.com.br\/site\/\",\"https:\/\/www.facebook.com\/comunicarmais\/\",\"https:\/\/www.instagram.com\/comunicarmaisba\/\",\"https:\/\/x.com\/ComunicarmaisBA\"],\"url\":\"https:\/\/www.comunicarmais.com.br\/site\/author\/gerenciador\/\"}]}<\/script>\n<!-- \/ Yoast SEO plugin. -->","yoast_head_json":{"title":"Governo da Bahia fortalece acesso \u00e0 cultura e \u00e0 literatura na 9\u00aa edi\u00e7\u00e3o da Flipel\u00f4 - Comunicar Mais","description":"Este ano, evento que acontece de 6 a 10 de agosto, homenageia o dramaturgo Dias Gomes, autor de cl\u00e1ssicos como O Bem Amado","robots":{"index":"index","follow":"follow","max-snippet":"max-snippet:-1","max-image-preview":"max-image-preview:large","max-video-preview":"max-video-preview:-1"},"canonical":"https:\/\/www.comunicarmais.com.br\/site\/2025\/08\/08\/governo-da-bahia-fortalece-acesso-a-cultura-e-a-literatura-na-9a-edicao-da-flipelo\/","og_locale":"pt_BR","og_type":"article","og_title":"Governo da Bahia fortalece acesso \u00e0 cultura e \u00e0 literatura na 9\u00aa edi\u00e7\u00e3o da Flipel\u00f4 - Comunicar Mais","og_description":"Este ano, evento que acontece de 6 a 10 de agosto, homenageia o dramaturgo Dias Gomes, autor de cl\u00e1ssicos como O Bem Amado","og_url":"https:\/\/www.comunicarmais.com.br\/site\/2025\/08\/08\/governo-da-bahia-fortalece-acesso-a-cultura-e-a-literatura-na-9a-edicao-da-flipelo\/","og_site_name":"Comunicar Mais","article_publisher":"https:\/\/www.facebook.com\/comunicarmais\/","article_author":"https:\/\/www.facebook.com\/comunicarmais\/","article_published_time":"2025-08-08T16:48:00+00:00","article_modified_time":"2025-08-08T19:55:53+00:00","og_image":[{"width":1600,"height":1066,"url":"https:\/\/www.comunicarmais.com.br\/site\/wp-content\/uploads\/2025\/08\/WhatsApp-Image-2025-08-08-at-13.28.58.jpeg","type":"image\/jpeg"}],"author":"Comunicar Mais","twitter_card":"summary_large_image","twitter_creator":"@ComunicarmaisBA","twitter_site":"@ComunicarmaisBA","twitter_misc":{"Escrito por":"Comunicar Mais","Est. tempo de leitura":"6 minutos"},"schema":{"@context":"https:\/\/schema.org","@graph":[{"@type":"WebPage","@id":"https:\/\/www.comunicarmais.com.br\/site\/2025\/08\/08\/governo-da-bahia-fortalece-acesso-a-cultura-e-a-literatura-na-9a-edicao-da-flipelo\/","url":"https:\/\/www.comunicarmais.com.br\/site\/2025\/08\/08\/governo-da-bahia-fortalece-acesso-a-cultura-e-a-literatura-na-9a-edicao-da-flipelo\/","name":"Governo da Bahia fortalece acesso \u00e0 cultura e \u00e0 literatura na 9\u00aa edi\u00e7\u00e3o da Flipel\u00f4 - Comunicar Mais","isPartOf":{"@id":"https:\/\/www.comunicarmais.com.br\/site\/#website"},"primaryImageOfPage":{"@id":"https:\/\/www.comunicarmais.com.br\/site\/2025\/08\/08\/governo-da-bahia-fortalece-acesso-a-cultura-e-a-literatura-na-9a-edicao-da-flipelo\/#primaryimage"},"image":{"@id":"https:\/\/www.comunicarmais.com.br\/site\/2025\/08\/08\/governo-da-bahia-fortalece-acesso-a-cultura-e-a-literatura-na-9a-edicao-da-flipelo\/#primaryimage"},"thumbnailUrl":"https:\/\/www.comunicarmais.com.br\/site\/wp-content\/uploads\/2025\/08\/WhatsApp-Image-2025-08-08-at-13.28.58.jpeg","datePublished":"2025-08-08T16:48:00+00:00","dateModified":"2025-08-08T19:55:53+00:00","author":{"@id":"https:\/\/www.comunicarmais.com.br\/site\/#\/schema\/person\/712f7b6b25b644e4a91c4173674cf284"},"description":"Este ano, evento que acontece de 6 a 10 de agosto, homenageia o dramaturgo Dias Gomes, autor de cl\u00e1ssicos como O Bem Amado","breadcrumb":{"@id":"https:\/\/www.comunicarmais.com.br\/site\/2025\/08\/08\/governo-da-bahia-fortalece-acesso-a-cultura-e-a-literatura-na-9a-edicao-da-flipelo\/#breadcrumb"},"inLanguage":"pt-BR","potentialAction":[{"@type":"ReadAction","target":["https:\/\/www.comunicarmais.com.br\/site\/2025\/08\/08\/governo-da-bahia-fortalece-acesso-a-cultura-e-a-literatura-na-9a-edicao-da-flipelo\/"]}]},{"@type":"ImageObject","inLanguage":"pt-BR","@id":"https:\/\/www.comunicarmais.com.br\/site\/2025\/08\/08\/governo-da-bahia-fortalece-acesso-a-cultura-e-a-literatura-na-9a-edicao-da-flipelo\/#primaryimage","url":"https:\/\/www.comunicarmais.com.br\/site\/wp-content\/uploads\/2025\/08\/WhatsApp-Image-2025-08-08-at-13.28.58.jpeg","contentUrl":"https:\/\/www.comunicarmais.com.br\/site\/wp-content\/uploads\/2025\/08\/WhatsApp-Image-2025-08-08-at-13.28.58.jpeg","width":1600,"height":1066},{"@type":"BreadcrumbList","@id":"https:\/\/www.comunicarmais.com.br\/site\/2025\/08\/08\/governo-da-bahia-fortalece-acesso-a-cultura-e-a-literatura-na-9a-edicao-da-flipelo\/#breadcrumb","itemListElement":[{"@type":"ListItem","position":1,"name":"In\u00edcio","item":"https:\/\/www.comunicarmais.com.br\/site\/"},{"@type":"ListItem","position":2,"name":"Governo da Bahia fortalece acesso \u00e0 cultura e \u00e0 literatura na 9\u00aa edi\u00e7\u00e3o da Flipel\u00f4"}]},{"@type":"WebSite","@id":"https:\/\/www.comunicarmais.com.br\/site\/#website","url":"https:\/\/www.comunicarmais.com.br\/site\/","name":"Comunicar Mais","description":"","potentialAction":[{"@type":"SearchAction","target":{"@type":"EntryPoint","urlTemplate":"https:\/\/www.comunicarmais.com.br\/site\/?s={search_term_string}"},"query-input":{"@type":"PropertyValueSpecification","valueRequired":true,"valueName":"search_term_string"}}],"inLanguage":"pt-BR"},{"@type":"Person","@id":"https:\/\/www.comunicarmais.com.br\/site\/#\/schema\/person\/712f7b6b25b644e4a91c4173674cf284","name":"Comunicar Mais","image":{"@type":"ImageObject","inLanguage":"pt-BR","@id":"https:\/\/www.comunicarmais.com.br\/site\/#\/schema\/person\/image\/","url":"https:\/\/secure.gravatar.com\/avatar\/9803218072e2c0dc265d3d787b54c2c33325e79f79732707fddfbf1efd82c678?s=96&d=mm&r=g","contentUrl":"https:\/\/secure.gravatar.com\/avatar\/9803218072e2c0dc265d3d787b54c2c33325e79f79732707fddfbf1efd82c678?s=96&d=mm&r=g","caption":"Comunicar Mais"},"description":"Deixe as ideologias com os ide\u00f3logos. Noticiamos fatos, n\u00e3o brigamos com eles. Aqui, voc\u00ea fica bem informado do que acontece no seu bairro e no mundo. Informar com \u00e9tica e responsabilidade s\u00e3o as bandeiras do Comunicarmais.","sameAs":["https:\/\/www.comunicarmais.com.br\/site\/","https:\/\/www.facebook.com\/comunicarmais\/","https:\/\/www.instagram.com\/comunicarmaisba\/","https:\/\/x.com\/ComunicarmaisBA"],"url":"https:\/\/www.comunicarmais.com.br\/site\/author\/gerenciador\/"}]}},"_links":{"self":[{"href":"https:\/\/www.comunicarmais.com.br\/site\/wp-json\/wp\/v2\/posts\/9266","targetHints":{"allow":["GET"]}}],"collection":[{"href":"https:\/\/www.comunicarmais.com.br\/site\/wp-json\/wp\/v2\/posts"}],"about":[{"href":"https:\/\/www.comunicarmais.com.br\/site\/wp-json\/wp\/v2\/types\/post"}],"author":[{"embeddable":true,"href":"https:\/\/www.comunicarmais.com.br\/site\/wp-json\/wp\/v2\/users\/2"}],"replies":[{"embeddable":true,"href":"https:\/\/www.comunicarmais.com.br\/site\/wp-json\/wp\/v2\/comments?post=9266"}],"version-history":[{"count":1,"href":"https:\/\/www.comunicarmais.com.br\/site\/wp-json\/wp\/v2\/posts\/9266\/revisions"}],"predecessor-version":[{"id":9273,"href":"https:\/\/www.comunicarmais.com.br\/site\/wp-json\/wp\/v2\/posts\/9266\/revisions\/9273"}],"wp:featuredmedia":[{"embeddable":true,"href":"https:\/\/www.comunicarmais.com.br\/site\/wp-json\/wp\/v2\/media\/9269"}],"wp:attachment":[{"href":"https:\/\/www.comunicarmais.com.br\/site\/wp-json\/wp\/v2\/media?parent=9266"}],"wp:term":[{"taxonomy":"category","embeddable":true,"href":"https:\/\/www.comunicarmais.com.br\/site\/wp-json\/wp\/v2\/categories?post=9266"},{"taxonomy":"post_tag","embeddable":true,"href":"https:\/\/www.comunicarmais.com.br\/site\/wp-json\/wp\/v2\/tags?post=9266"}],"curies":[{"name":"wp","href":"https:\/\/api.w.org\/{rel}","templated":true}]}}