{"id":9212,"date":"2025-08-05T12:05:00","date_gmt":"2025-08-05T15:05:00","guid":{"rendered":"https:\/\/www.comunicarmais.com.br\/site\/?p=9212"},"modified":"2025-08-05T22:43:24","modified_gmt":"2025-08-06T01:43:24","slug":"programacao-cultural-da-festa-de-santa-dulce-dos-pobres-tera-apresentacoes-de-forro-musica-religiosa-e-classica","status":"publish","type":"post","link":"https:\/\/www.comunicarmais.com.br\/site\/2025\/08\/05\/programacao-cultural-da-festa-de-santa-dulce-dos-pobres-tera-apresentacoes-de-forro-musica-religiosa-e-classica\/","title":{"rendered":"Programa\u00e7\u00e3o cultural da Festa de Santa Dulce dos Pobres ter\u00e1 apresenta\u00e7\u00f5es de forr\u00f3, m\u00fasica religiosa e cl\u00e1ssica"},"content":{"rendered":"\n<p><strong>Confira a programa\u00e7\u00e3o completa;<\/strong><\/p>\n\n\n\n<figure class=\"wp-block-image size-full\"><img decoding=\"async\" width=\"1280\" height=\"837\" data-src=\"https:\/\/www.comunicarmais.com.br\/site\/wp-content\/uploads\/2025\/08\/WhatsApp-Image-2025-08-05-at-11.07.40.jpeg\" alt=\"\" class=\"wp-image-9214 lazyload\" data-srcset=\"https:\/\/www.comunicarmais.com.br\/site\/wp-content\/uploads\/2025\/08\/WhatsApp-Image-2025-08-05-at-11.07.40.jpeg 1280w, https:\/\/www.comunicarmais.com.br\/site\/wp-content\/uploads\/2025\/08\/WhatsApp-Image-2025-08-05-at-11.07.40-1024x670.jpeg 1024w, https:\/\/www.comunicarmais.com.br\/site\/wp-content\/uploads\/2025\/08\/WhatsApp-Image-2025-08-05-at-11.07.40-768x502.jpeg 768w\" data-sizes=\"(max-width: 1280px) 100vw, 1280px\" src=\"data:image\/svg+xml;base64,PHN2ZyB3aWR0aD0iMSIgaGVpZ2h0PSIxIiB4bWxucz0iaHR0cDovL3d3dy53My5vcmcvMjAwMC9zdmciPjwvc3ZnPg==\" style=\"--smush-placeholder-width: 1280px; --smush-placeholder-aspect-ratio: 1280\/837;\" \/><figcaption class=\"wp-element-caption\"><em><sup>(Foto: Ot\u00e1vio Santos \/ Secom PMS)<\/sup><\/em><\/figcaption><\/figure>\n\n\n\n<p><strong>Reda\u00e7\u00e3o Mais &#8211;<\/strong> A Festa de Santa Dulce dos Pobres vai reunir atra\u00e7\u00f5es culturais e religiosas na Pra\u00e7a Irm\u00e3 Dulce (Largo de Roma), entre os dias 9 e 13 de agosto, para celebrar todo o legado deixado pela primeira santa nascida no Brasil. A programa\u00e7\u00e3o inclui m\u00fasica cl\u00e1ssica, religiosa e at\u00e9 mesmo o bom \u2018forrozinho\u2019, celebrando a obra de Santa Dulce em mensagens de paz, amor, f\u00e9 e esperan\u00e7a.<\/p>\n\n\n\n<p>No s\u00e1bado (9), \u00e0s 20h, o cantor cat\u00f3lico Jonny Mendes e a Orquestra ComPassos levar\u00e3o can\u00e7\u00f5es religiosas e m\u00fasica cl\u00e1ssica para o p\u00fablico presente. \u00c0s 21h, o cantor sul-coreano Junho Chu subir\u00e1 ao palco para compartilhar a sua f\u00e9 por meio de m\u00fasica e de testemunhos. J\u00e1 no domingo (10), \u00e0s 20h, os cantores Adelm\u00e1rio Coelho, Targino Gondim, Del Feliz, Carla Cristina e convidados far\u00e3o um tributo especial \u00e0 Santa Dulce com apresenta\u00e7\u00f5es de forr\u00f3, um dos g\u00eaneros musicais admirados por Irm\u00e3 Dulce.<\/p>\n\n\n\n<p>Devoto de Santa Dulce, o cantor e compositor Adelm\u00e1rio Coelho disse ter ficado muito feliz com o convite. \u201cSempre me impressionava muito a obra de Irm\u00e3 Dulce, mesmo como um ser humano comum aqui na Terra. O verdadeiro amor pelas pessoas, a entrega, a for\u00e7a que ela tinha para ajudar os mais necessitados, isso eu acho que s\u00e3o exemplos que a humanidade precisa ver no seu dia a dia. Fiquei muito feliz com esse convite e em receber tamb\u00e9m convidados, artistas. Tenho certeza que vai ser uma noite muito especial\u201d, conta ele, que tamb\u00e9m teve a oportunidade de cantar o hino a Santo Ant\u00f4nio (de quem Irm\u00e3 Dulce era devota), na Fonte Nova, na ocasi\u00e3o da canoniza\u00e7\u00e3o do Anjo Bom da Bahia.<\/p>\n\n\n\n<p>Ele ressalta que o ritmo tem total harmonia com o evento religioso. \u201cA linguagem do nosso forr\u00f3 \u00e9 exatamente da paz, do amor, do trabalho social, da brasilidade. Sem contar que Irm\u00e3 Dulce tocava tamb\u00e9m acorde\u00e3o, tinha a sua admira\u00e7\u00e3o pelo instrumento, ent\u00e3o acho que \u00e9 uma coisa bacana que o g\u00eanero do forr\u00f3 esteja \u2013 como uma cultura t\u00e3o grandiosa que \u00e9, do povo nordestino, do povo brasileiro \u2013 numa festa t\u00e3o especial como essa de Santa Dulce\u201d, finalizou.<\/p>\n\n\n\n<p>Segundo Del Feliz, um dos convidados para o tributo, \u00e9 um privil\u00e9gio participar de um evento em homenagem \u00e0 primeira santa brasileira, que ele define como um s\u00edmbolo de solidariedade, de compaix\u00e3o, de entrega e de doa\u00e7\u00e3o da vida pelo outro.<\/p>\n\n\n\n<p>\u201c\u00c9 um momento de revitalizar a nossa f\u00e9 e por isso eu recebi com muita alegria e com muita honra esse convite. Al\u00e9m disso, \u00e9 uma oportunidade de a gente se unir, independentemente da religi\u00e3o, porque a espiritualidade \u00e9 maior que a religiosidade. Santa Dulce foi uma das mais not\u00e1veis figuras da Bahia, exatamente pela acessibilidade, pela bondade, complac\u00eancia e entrega em prol dos mais necessitados. Atualmente, o mundo fala muito de ostenta\u00e7\u00e3o; de guerra, mesmo com toda a tecnologia; presenciamos as desigualdades sociais e tamb\u00e9m a viol\u00eancia, por isso acho que a gente precisa exercitar mais a import\u00e2ncia de momentos como esse que teremos, celebrando a Santa Dulce, um exemplo de amor pelo outro\u201d, opinou o forrozeiro.<\/p>\n\n\n\n<p>Segundo Del Feliz, ser\u00e1 uma oportunidade singular de levar, atrav\u00e9s de um instrumento t\u00e3o nobre e t\u00e3o potente, que \u00e9 a m\u00fasica, uma mensagem positiva na perspectiva da constru\u00e7\u00e3o de uma sociedade mais emp\u00e1tica e mais amorosa. A festa ainda ter\u00e1 as apresenta\u00e7\u00f5es religiosas de Banda Dominus, Anjos de Resgate e Padre Ant\u00f4nio Maria.<\/p>\n\n\n\n<figure class=\"wp-block-image size-full\"><img decoding=\"async\" width=\"1280\" height=\"903\" data-src=\"https:\/\/www.comunicarmais.com.br\/site\/wp-content\/uploads\/2025\/08\/WhatsApp-Image-2025-08-05-at-11.07.40-1.jpeg\" alt=\"\" class=\"wp-image-9215 lazyload\" data-srcset=\"https:\/\/www.comunicarmais.com.br\/site\/wp-content\/uploads\/2025\/08\/WhatsApp-Image-2025-08-05-at-11.07.40-1.jpeg 1280w, https:\/\/www.comunicarmais.com.br\/site\/wp-content\/uploads\/2025\/08\/WhatsApp-Image-2025-08-05-at-11.07.40-1-1024x722.jpeg 1024w, https:\/\/www.comunicarmais.com.br\/site\/wp-content\/uploads\/2025\/08\/WhatsApp-Image-2025-08-05-at-11.07.40-1-768x542.jpeg 768w\" data-sizes=\"(max-width: 1280px) 100vw, 1280px\" src=\"data:image\/svg+xml;base64,PHN2ZyB3aWR0aD0iMSIgaGVpZ2h0PSIxIiB4bWxucz0iaHR0cDovL3d3dy53My5vcmcvMjAwMC9zdmciPjwvc3ZnPg==\" style=\"--smush-placeholder-width: 1280px; --smush-placeholder-aspect-ratio: 1280\/903;\" \/><figcaption class=\"wp-element-caption\"><em><sup>(Foto: Ot\u00e1vio Santos \/ Secom PMS)<\/sup><\/em><\/figcaption><\/figure>\n\n\n\n<p><strong>Confira a programa\u00e7\u00e3o musical completa:<\/strong><\/p>\n\n\n\n<p>Dia 09 de agosto (s\u00e1bado)<\/p>\n\n\n\n<p>Atra\u00e7\u00e3o Musical: Orquestra ComPassos e Jonny Mendes, 20h, e Junho Chu, \u00e0s 21h<\/p>\n\n\n\n<p>Dia 10 de agosto (domingo)<\/p>\n\n\n\n<p>Atra\u00e7\u00e3o Musical: Tributo a Santa Dulce, com Del Feliz, Adelm\u00e1rio Coelho, Carla Cristina e convidados, \u00e0s 20h<\/p>\n\n\n\n<p>Dia 11 de agosto (segunda-feira)<\/p>\n\n\n\n<p>Atra\u00e7\u00e3o Musical: Banda Dominus, 20h<\/p>\n\n\n\n<p>Dia 12 de agosto (ter\u00e7a-feira)<\/p>\n\n\n\n<p>Atra\u00e7\u00e3o Musical: Anjos de Resgate, 20h<\/p>\n\n\n\n<p>Dia 13 de agosto (quarta-feira)<\/p>\n\n\n\n<p>Apresenta\u00e7\u00e3o do Padre Ant\u00f4nio Maria: 16h<\/p>\n\n\n\n<p>________________________________________________________________________________________________________________<\/p>\n\n\n<p class=\"wp-block-tag-cloud\"><a href=\"https:\/\/www.comunicarmais.com.br\/site\/tag\/bahia\/\" class=\"tag-cloud-link tag-link-171 tag-link-position-1\" style=\"font-size: 17.922330097087pt;\" aria-label=\"Bahia (116 itens)\">Bahia<\/a>\n<a href=\"https:\/\/www.comunicarmais.com.br\/site\/tag\/bolsonaro\/\" class=\"tag-cloud-link tag-link-112 tag-link-position-2\" style=\"font-size: 11.533980582524pt;\" aria-label=\"Bolsonaro (39 itens)\">Bolsonaro<\/a>\n<a href=\"https:\/\/www.comunicarmais.com.br\/site\/tag\/brasil\/\" class=\"tag-cloud-link tag-link-335 tag-link-position-3\" style=\"font-size: 13.029126213592pt;\" aria-label=\"Brasil (50 itens)\">Brasil<\/a>\n<a href=\"https:\/\/www.comunicarmais.com.br\/site\/tag\/camacari\/\" class=\"tag-cloud-link tag-link-435 tag-link-position-4\" style=\"font-size: 8.8155339805825pt;\" aria-label=\"Cama\u00e7ari (24 itens)\">Cama\u00e7ari<\/a>\n<a href=\"https:\/\/www.comunicarmais.com.br\/site\/tag\/carnaval\/\" class=\"tag-cloud-link tag-link-508 tag-link-position-5\" style=\"font-size: 12.893203883495pt;\" aria-label=\"Carnaval (49 itens)\">Carnaval<\/a>\n<a href=\"https:\/\/www.comunicarmais.com.br\/site\/tag\/cbx\/\" class=\"tag-cloud-link tag-link-1602 tag-link-position-6\" style=\"font-size: 11.398058252427pt;\" aria-label=\"CBX (38 itens)\">CBX<\/a>\n<a href=\"https:\/\/www.comunicarmais.com.br\/site\/tag\/cidade-baixa\/\" class=\"tag-cloud-link tag-link-456 tag-link-position-7\" style=\"font-size: 9.9029126213592pt;\" aria-label=\"Cidade Baixa (29 itens)\">Cidade Baixa<\/a>\n<a href=\"https:\/\/www.comunicarmais.com.br\/site\/tag\/cinema\/\" class=\"tag-cloud-link tag-link-985 tag-link-position-8\" style=\"font-size: 11.126213592233pt;\" aria-label=\"Cinema (36 itens)\">Cinema<\/a>\n<a href=\"https:\/\/www.comunicarmais.com.br\/site\/tag\/cultura\/\" class=\"tag-cloud-link tag-link-231 tag-link-position-9\" style=\"font-size: 12.21359223301pt;\" aria-label=\"Cultura (44 itens)\">Cultura<\/a>\n<a href=\"https:\/\/www.comunicarmais.com.br\/site\/tag\/drogas\/\" class=\"tag-cloud-link tag-link-165 tag-link-position-10\" style=\"font-size: 12.757281553398pt;\" aria-label=\"Drogas (48 itens)\">Drogas<\/a>\n<a href=\"https:\/\/www.comunicarmais.com.br\/site\/tag\/educacao\/\" class=\"tag-cloud-link tag-link-228 tag-link-position-11\" style=\"font-size: 12.621359223301pt;\" aria-label=\"Educa\u00e7\u00e3o (47 itens)\">Educa\u00e7\u00e3o<\/a>\n<a href=\"https:\/\/www.comunicarmais.com.br\/site\/tag\/ensino\/\" class=\"tag-cloud-link tag-link-233 tag-link-position-12\" style=\"font-size: 10.446601941748pt;\" aria-label=\"Ensino (32 itens)\">Ensino<\/a>\n<a href=\"https:\/\/www.comunicarmais.com.br\/site\/tag\/escola\/\" class=\"tag-cloud-link tag-link-229 tag-link-position-13\" style=\"font-size: 9.631067961165pt;\" aria-label=\"Escola (28 itens)\">Escola<\/a>\n<a href=\"https:\/\/www.comunicarmais.com.br\/site\/tag\/eua\/\" class=\"tag-cloud-link tag-link-664 tag-link-position-14\" style=\"font-size: 12.077669902913pt;\" aria-label=\"EUA (43 itens)\">EUA<\/a>\n<a href=\"https:\/\/www.comunicarmais.com.br\/site\/tag\/feira-de-santana\/\" class=\"tag-cloud-link tag-link-642 tag-link-position-15\" style=\"font-size: 9.2233009708738pt;\" aria-label=\"Feira de Santana (26 itens)\">Feira de Santana<\/a>\n<a href=\"https:\/\/www.comunicarmais.com.br\/site\/tag\/ficco\/\" class=\"tag-cloud-link tag-link-143 tag-link-position-16\" style=\"font-size: 9.2233009708738pt;\" aria-label=\"Ficco (26 itens)\">Ficco<\/a>\n<a href=\"https:\/\/www.comunicarmais.com.br\/site\/tag\/folia\/\" class=\"tag-cloud-link tag-link-566 tag-link-position-17\" style=\"font-size: 9.2233009708738pt;\" aria-label=\"Folia (26 itens)\">Folia<\/a>\n<a href=\"https:\/\/www.comunicarmais.com.br\/site\/tag\/futebol\/\" class=\"tag-cloud-link tag-link-40 tag-link-position-18\" style=\"font-size: 13.029126213592pt;\" aria-label=\"Futebol (50 itens)\">Futebol<\/a>\n<a href=\"https:\/\/www.comunicarmais.com.br\/site\/tag\/homicidio\/\" class=\"tag-cloud-link tag-link-101 tag-link-position-19\" style=\"font-size: 10.582524271845pt;\" aria-label=\"Homic\u00eddio (33 itens)\">Homic\u00eddio<\/a>\n<a href=\"https:\/\/www.comunicarmais.com.br\/site\/tag\/itapagipe\/\" class=\"tag-cloud-link tag-link-471 tag-link-position-20\" style=\"font-size: 10.038834951456pt;\" aria-label=\"Itapagipe (30 itens)\">Itapagipe<\/a>\n<a href=\"https:\/\/www.comunicarmais.com.br\/site\/tag\/itaparica\/\" class=\"tag-cloud-link tag-link-301 tag-link-position-21\" style=\"font-size: 8pt;\" aria-label=\"Itaparica (21 itens)\">Itaparica<\/a>\n<a href=\"https:\/\/www.comunicarmais.com.br\/site\/tag\/jeronimo-rodrigues\/\" class=\"tag-cloud-link tag-link-668 tag-link-position-22\" style=\"font-size: 8.2718446601942pt;\" aria-label=\"Jer\u00f4nimo Rodrigues (22 itens)\">Jer\u00f4nimo Rodrigues<\/a>\n<a href=\"https:\/\/www.comunicarmais.com.br\/site\/tag\/justica\/\" class=\"tag-cloud-link tag-link-361 tag-link-position-23\" style=\"font-size: 10.582524271845pt;\" aria-label=\"Justi\u00e7a (33 itens)\">Justi\u00e7a<\/a>\n<a href=\"https:\/\/www.comunicarmais.com.br\/site\/tag\/lauro-de-freitas\/\" class=\"tag-cloud-link tag-link-594 tag-link-position-24\" style=\"font-size: 18.194174757282pt;\" aria-label=\"Lauro de Freitas (122 itens)\">Lauro de Freitas<\/a>\n<a href=\"https:\/\/www.comunicarmais.com.br\/site\/tag\/lazer\/\" class=\"tag-cloud-link tag-link-568 tag-link-position-25\" style=\"font-size: 9.2233009708738pt;\" aria-label=\"Lazer (26 itens)\">Lazer<\/a>\n<a href=\"https:\/\/www.comunicarmais.com.br\/site\/tag\/lula\/\" class=\"tag-cloud-link tag-link-416 tag-link-position-26\" style=\"font-size: 12.21359223301pt;\" aria-label=\"Lula (44 itens)\">Lula<\/a>\n<a href=\"https:\/\/www.comunicarmais.com.br\/site\/tag\/meio-ambiente\/\" class=\"tag-cloud-link tag-link-475 tag-link-position-27\" style=\"font-size: 12.21359223301pt;\" aria-label=\"Meio Ambiente (44 itens)\">Meio Ambiente<\/a>\n<a href=\"https:\/\/www.comunicarmais.com.br\/site\/tag\/mobilidade\/\" class=\"tag-cloud-link tag-link-278 tag-link-position-28\" style=\"font-size: 13.844660194175pt;\" aria-label=\"Mobilidade (58 itens)\">Mobilidade<\/a>\n<a href=\"https:\/\/www.comunicarmais.com.br\/site\/tag\/mulher\/\" class=\"tag-cloud-link tag-link-450 tag-link-position-29\" style=\"font-size: 13.300970873786pt;\" aria-label=\"mulher (53 itens)\">mulher<\/a>\n<a href=\"https:\/\/www.comunicarmais.com.br\/site\/tag\/musica-2\/\" class=\"tag-cloud-link tag-link-747 tag-link-position-30\" style=\"font-size: 12.21359223301pt;\" aria-label=\"M\u00fasica (44 itens)\">M\u00fasica<\/a>\n<a href=\"https:\/\/www.comunicarmais.com.br\/site\/tag\/pcba\/\" class=\"tag-cloud-link tag-link-1332 tag-link-position-31\" style=\"font-size: 15.067961165049pt;\" aria-label=\"PCBA (72 itens)\">PCBA<\/a>\n<a href=\"https:\/\/www.comunicarmais.com.br\/site\/tag\/pmba\/\" class=\"tag-cloud-link tag-link-53 tag-link-position-32\" style=\"font-size: 18.194174757282pt;\" aria-label=\"PMBA (123 itens)\">PMBA<\/a>\n<a href=\"https:\/\/www.comunicarmais.com.br\/site\/tag\/policia-federal\/\" class=\"tag-cloud-link tag-link-620 tag-link-position-33\" style=\"font-size: 8.9514563106796pt;\" aria-label=\"Pol\u00edcia Federal (25 itens)\">Pol\u00edcia Federal<\/a>\n<a href=\"https:\/\/www.comunicarmais.com.br\/site\/tag\/politica\/\" class=\"tag-cloud-link tag-link-495 tag-link-position-34\" style=\"font-size: 16.291262135922pt;\" aria-label=\"Pol\u00edtica (89 itens)\">Pol\u00edtica<\/a>\n<a href=\"https:\/\/www.comunicarmais.com.br\/site\/tag\/rio-de-janeiro\/\" class=\"tag-cloud-link tag-link-152 tag-link-position-35\" style=\"font-size: 9.9029126213592pt;\" aria-label=\"Rio de Janeiro (29 itens)\">Rio de Janeiro<\/a>\n<a href=\"https:\/\/www.comunicarmais.com.br\/site\/tag\/salvador\/\" class=\"tag-cloud-link tag-link-125 tag-link-position-36\" style=\"font-size: 22pt;\" aria-label=\"Salvador (234 itens)\">Salvador<\/a>\n<a href=\"https:\/\/www.comunicarmais.com.br\/site\/tag\/saude\/\" class=\"tag-cloud-link tag-link-42 tag-link-position-37\" style=\"font-size: 17.78640776699pt;\" aria-label=\"Sa\u00fade (115 itens)\">Sa\u00fade<\/a>\n<a href=\"https:\/\/www.comunicarmais.com.br\/site\/tag\/seguranca\/\" class=\"tag-cloud-link tag-link-48 tag-link-position-38\" style=\"font-size: 9.2233009708738pt;\" aria-label=\"Seguran\u00e7a (26 itens)\">Seguran\u00e7a<\/a>\n<a href=\"https:\/\/www.comunicarmais.com.br\/site\/tag\/ssp-ba\/\" class=\"tag-cloud-link tag-link-1937 tag-link-position-39\" style=\"font-size: 8.9514563106796pt;\" aria-label=\"SSP-BA (25 itens)\">SSP-BA<\/a>\n<a href=\"https:\/\/www.comunicarmais.com.br\/site\/tag\/sspba\/\" class=\"tag-cloud-link tag-link-144 tag-link-position-40\" style=\"font-size: 11.398058252427pt;\" aria-label=\"SSPBA (38 itens)\">SSPBA<\/a>\n<a href=\"https:\/\/www.comunicarmais.com.br\/site\/tag\/stf\/\" class=\"tag-cloud-link tag-link-68 tag-link-position-41\" style=\"font-size: 14.252427184466pt;\" aria-label=\"STF (62 itens)\">STF<\/a>\n<a href=\"https:\/\/www.comunicarmais.com.br\/site\/tag\/sao-paulo\/\" class=\"tag-cloud-link tag-link-612 tag-link-position-42\" style=\"font-size: 8pt;\" aria-label=\"S\u00e3o Paulo (21 itens)\">S\u00e3o Paulo<\/a>\n<a href=\"https:\/\/www.comunicarmais.com.br\/site\/tag\/transito-2\/\" class=\"tag-cloud-link tag-link-377 tag-link-position-43\" style=\"font-size: 8.2718446601942pt;\" aria-label=\"tr\u00e2nsito (22 itens)\">tr\u00e2nsito<\/a>\n<a href=\"https:\/\/www.comunicarmais.com.br\/site\/tag\/turismo\/\" class=\"tag-cloud-link tag-link-225 tag-link-position-44\" style=\"font-size: 9.631067961165pt;\" aria-label=\"Turismo (28 itens)\">Turismo<\/a>\n<a href=\"https:\/\/www.comunicarmais.com.br\/site\/tag\/uruguai\/\" class=\"tag-cloud-link tag-link-323 tag-link-position-45\" style=\"font-size: 9.631067961165pt;\" aria-label=\"Uruguai (28 itens)\">Uruguai<\/a><\/p>","protected":false},"excerpt":{"rendered":"<p>Confira a programa\u00e7\u00e3o completa; Reda\u00e7\u00e3o Mais &#8211; A Festa de Santa Dulce dos Pobres vai reunir atra\u00e7\u00f5es culturais e religiosas na Pra\u00e7a Irm\u00e3 Dulce (Largo de Roma), entre os dias 9 e 13 de agosto, para celebrar todo o legado deixado pela primeira santa nascida no Brasil. A programa\u00e7\u00e3o inclui m\u00fasica cl\u00e1ssica, religiosa e at\u00e9 &hellip; <a href=\"https:\/\/www.comunicarmais.com.br\/site\/2025\/08\/05\/programacao-cultural-da-festa-de-santa-dulce-dos-pobres-tera-apresentacoes-de-forro-musica-religiosa-e-classica\/\">Continua<\/a><\/p>\n","protected":false},"author":2,"featured_media":9215,"comment_status":"open","ping_status":"open","sticky":false,"template":"","format":"standard","meta":{"_acf_changed":false,"footnotes":""},"categories":[11],"tags":[471,2754,1510,789],"class_list":["post-9212","post","type-post","status-publish","format-standard","has-post-thumbnail","hentry","category-cultura-lazer","tag-itapagipe","tag-largo-de-roma","tag-santa-dulce-dos-pobres","tag-turismo-religioso"],"acf":[],"yoast_head":"<!-- This site is optimized with the Yoast SEO plugin v26.1.1 - https:\/\/yoast.com\/wordpress\/plugins\/seo\/ -->\n<title>Programa\u00e7\u00e3o cultural da Festa de Santa Dulce dos Pobres ter\u00e1 apresenta\u00e7\u00f5es de forr\u00f3, m\u00fasica religiosa e cl\u00e1ssica - Comunicar Mais<\/title>\n<meta name=\"description\" content=\"Confira a programa\u00e7\u00e3o completa;\" \/>\n<meta name=\"robots\" content=\"index, follow, max-snippet:-1, max-image-preview:large, max-video-preview:-1\" \/>\n<link rel=\"canonical\" href=\"https:\/\/www.comunicarmais.com.br\/site\/2025\/08\/05\/programacao-cultural-da-festa-de-santa-dulce-dos-pobres-tera-apresentacoes-de-forro-musica-religiosa-e-classica\/\" \/>\n<meta property=\"og:locale\" content=\"pt_BR\" \/>\n<meta property=\"og:type\" content=\"article\" \/>\n<meta property=\"og:title\" content=\"Programa\u00e7\u00e3o cultural da Festa de Santa Dulce dos Pobres ter\u00e1 apresenta\u00e7\u00f5es de forr\u00f3, m\u00fasica religiosa e cl\u00e1ssica - Comunicar Mais\" \/>\n<meta property=\"og:description\" content=\"Confira a programa\u00e7\u00e3o completa;\" \/>\n<meta property=\"og:url\" content=\"https:\/\/www.comunicarmais.com.br\/site\/2025\/08\/05\/programacao-cultural-da-festa-de-santa-dulce-dos-pobres-tera-apresentacoes-de-forro-musica-religiosa-e-classica\/\" \/>\n<meta property=\"og:site_name\" content=\"Comunicar Mais\" \/>\n<meta property=\"article:publisher\" content=\"https:\/\/www.facebook.com\/comunicarmais\/\" \/>\n<meta property=\"article:author\" content=\"https:\/\/www.facebook.com\/comunicarmais\/\" \/>\n<meta property=\"article:published_time\" content=\"2025-08-05T15:05:00+00:00\" \/>\n<meta property=\"article:modified_time\" content=\"2025-08-06T01:43:24+00:00\" \/>\n<meta property=\"og:image\" content=\"https:\/\/www.comunicarmais.com.br\/site\/wp-content\/uploads\/2025\/08\/WhatsApp-Image-2025-08-05-at-11.07.40-1.jpeg\" \/>\n\t<meta property=\"og:image:width\" content=\"1280\" \/>\n\t<meta property=\"og:image:height\" content=\"903\" \/>\n\t<meta property=\"og:image:type\" content=\"image\/jpeg\" \/>\n<meta name=\"author\" content=\"Comunicar Mais\" \/>\n<meta name=\"twitter:card\" content=\"summary_large_image\" \/>\n<meta name=\"twitter:creator\" content=\"@ComunicarmaisBA\" \/>\n<meta name=\"twitter:site\" content=\"@ComunicarmaisBA\" \/>\n<meta name=\"twitter:label1\" content=\"Escrito por\" \/>\n\t<meta name=\"twitter:data1\" content=\"Comunicar Mais\" \/>\n\t<meta name=\"twitter:label2\" content=\"Est. tempo de leitura\" \/>\n\t<meta name=\"twitter:data2\" content=\"5 minutos\" \/>\n<script type=\"application\/ld+json\" class=\"yoast-schema-graph\">{\"@context\":\"https:\/\/schema.org\",\"@graph\":[{\"@type\":\"WebPage\",\"@id\":\"https:\/\/www.comunicarmais.com.br\/site\/2025\/08\/05\/programacao-cultural-da-festa-de-santa-dulce-dos-pobres-tera-apresentacoes-de-forro-musica-religiosa-e-classica\/\",\"url\":\"https:\/\/www.comunicarmais.com.br\/site\/2025\/08\/05\/programacao-cultural-da-festa-de-santa-dulce-dos-pobres-tera-apresentacoes-de-forro-musica-religiosa-e-classica\/\",\"name\":\"Programa\u00e7\u00e3o cultural da Festa de Santa Dulce dos Pobres ter\u00e1 apresenta\u00e7\u00f5es de forr\u00f3, m\u00fasica religiosa e cl\u00e1ssica - Comunicar Mais\",\"isPartOf\":{\"@id\":\"https:\/\/www.comunicarmais.com.br\/site\/#website\"},\"primaryImageOfPage\":{\"@id\":\"https:\/\/www.comunicarmais.com.br\/site\/2025\/08\/05\/programacao-cultural-da-festa-de-santa-dulce-dos-pobres-tera-apresentacoes-de-forro-musica-religiosa-e-classica\/#primaryimage\"},\"image\":{\"@id\":\"https:\/\/www.comunicarmais.com.br\/site\/2025\/08\/05\/programacao-cultural-da-festa-de-santa-dulce-dos-pobres-tera-apresentacoes-de-forro-musica-religiosa-e-classica\/#primaryimage\"},\"thumbnailUrl\":\"https:\/\/www.comunicarmais.com.br\/site\/wp-content\/uploads\/2025\/08\/WhatsApp-Image-2025-08-05-at-11.07.40-1.jpeg\",\"datePublished\":\"2025-08-05T15:05:00+00:00\",\"dateModified\":\"2025-08-06T01:43:24+00:00\",\"author\":{\"@id\":\"https:\/\/www.comunicarmais.com.br\/site\/#\/schema\/person\/712f7b6b25b644e4a91c4173674cf284\"},\"description\":\"Confira a programa\u00e7\u00e3o completa;\",\"breadcrumb\":{\"@id\":\"https:\/\/www.comunicarmais.com.br\/site\/2025\/08\/05\/programacao-cultural-da-festa-de-santa-dulce-dos-pobres-tera-apresentacoes-de-forro-musica-religiosa-e-classica\/#breadcrumb\"},\"inLanguage\":\"pt-BR\",\"potentialAction\":[{\"@type\":\"ReadAction\",\"target\":[\"https:\/\/www.comunicarmais.com.br\/site\/2025\/08\/05\/programacao-cultural-da-festa-de-santa-dulce-dos-pobres-tera-apresentacoes-de-forro-musica-religiosa-e-classica\/\"]}]},{\"@type\":\"ImageObject\",\"inLanguage\":\"pt-BR\",\"@id\":\"https:\/\/www.comunicarmais.com.br\/site\/2025\/08\/05\/programacao-cultural-da-festa-de-santa-dulce-dos-pobres-tera-apresentacoes-de-forro-musica-religiosa-e-classica\/#primaryimage\",\"url\":\"https:\/\/www.comunicarmais.com.br\/site\/wp-content\/uploads\/2025\/08\/WhatsApp-Image-2025-08-05-at-11.07.40-1.jpeg\",\"contentUrl\":\"https:\/\/www.comunicarmais.com.br\/site\/wp-content\/uploads\/2025\/08\/WhatsApp-Image-2025-08-05-at-11.07.40-1.jpeg\",\"width\":1280,\"height\":903},{\"@type\":\"BreadcrumbList\",\"@id\":\"https:\/\/www.comunicarmais.com.br\/site\/2025\/08\/05\/programacao-cultural-da-festa-de-santa-dulce-dos-pobres-tera-apresentacoes-de-forro-musica-religiosa-e-classica\/#breadcrumb\",\"itemListElement\":[{\"@type\":\"ListItem\",\"position\":1,\"name\":\"In\u00edcio\",\"item\":\"https:\/\/www.comunicarmais.com.br\/site\/\"},{\"@type\":\"ListItem\",\"position\":2,\"name\":\"Programa\u00e7\u00e3o cultural da Festa de Santa Dulce dos Pobres ter\u00e1 apresenta\u00e7\u00f5es de forr\u00f3, m\u00fasica religiosa e cl\u00e1ssica\"}]},{\"@type\":\"WebSite\",\"@id\":\"https:\/\/www.comunicarmais.com.br\/site\/#website\",\"url\":\"https:\/\/www.comunicarmais.com.br\/site\/\",\"name\":\"Comunicar Mais\",\"description\":\"\",\"potentialAction\":[{\"@type\":\"SearchAction\",\"target\":{\"@type\":\"EntryPoint\",\"urlTemplate\":\"https:\/\/www.comunicarmais.com.br\/site\/?s={search_term_string}\"},\"query-input\":{\"@type\":\"PropertyValueSpecification\",\"valueRequired\":true,\"valueName\":\"search_term_string\"}}],\"inLanguage\":\"pt-BR\"},{\"@type\":\"Person\",\"@id\":\"https:\/\/www.comunicarmais.com.br\/site\/#\/schema\/person\/712f7b6b25b644e4a91c4173674cf284\",\"name\":\"Comunicar Mais\",\"image\":{\"@type\":\"ImageObject\",\"inLanguage\":\"pt-BR\",\"@id\":\"https:\/\/www.comunicarmais.com.br\/site\/#\/schema\/person\/image\/\",\"url\":\"https:\/\/secure.gravatar.com\/avatar\/9803218072e2c0dc265d3d787b54c2c33325e79f79732707fddfbf1efd82c678?s=96&d=mm&r=g\",\"contentUrl\":\"https:\/\/secure.gravatar.com\/avatar\/9803218072e2c0dc265d3d787b54c2c33325e79f79732707fddfbf1efd82c678?s=96&d=mm&r=g\",\"caption\":\"Comunicar Mais\"},\"description\":\"Deixe as ideologias com os ide\u00f3logos. Noticiamos fatos, n\u00e3o brigamos com eles. Aqui, voc\u00ea fica bem informado do que acontece no seu bairro e no mundo. Informar com \u00e9tica e responsabilidade s\u00e3o as bandeiras do Comunicarmais.\",\"sameAs\":[\"https:\/\/www.comunicarmais.com.br\/site\/\",\"https:\/\/www.facebook.com\/comunicarmais\/\",\"https:\/\/www.instagram.com\/comunicarmaisba\/\",\"https:\/\/x.com\/ComunicarmaisBA\"],\"url\":\"https:\/\/www.comunicarmais.com.br\/site\/author\/gerenciador\/\"}]}<\/script>\n<!-- \/ Yoast SEO plugin. -->","yoast_head_json":{"title":"Programa\u00e7\u00e3o cultural da Festa de Santa Dulce dos Pobres ter\u00e1 apresenta\u00e7\u00f5es de forr\u00f3, m\u00fasica religiosa e cl\u00e1ssica - Comunicar Mais","description":"Confira a programa\u00e7\u00e3o completa;","robots":{"index":"index","follow":"follow","max-snippet":"max-snippet:-1","max-image-preview":"max-image-preview:large","max-video-preview":"max-video-preview:-1"},"canonical":"https:\/\/www.comunicarmais.com.br\/site\/2025\/08\/05\/programacao-cultural-da-festa-de-santa-dulce-dos-pobres-tera-apresentacoes-de-forro-musica-religiosa-e-classica\/","og_locale":"pt_BR","og_type":"article","og_title":"Programa\u00e7\u00e3o cultural da Festa de Santa Dulce dos Pobres ter\u00e1 apresenta\u00e7\u00f5es de forr\u00f3, m\u00fasica religiosa e cl\u00e1ssica - Comunicar Mais","og_description":"Confira a programa\u00e7\u00e3o completa;","og_url":"https:\/\/www.comunicarmais.com.br\/site\/2025\/08\/05\/programacao-cultural-da-festa-de-santa-dulce-dos-pobres-tera-apresentacoes-de-forro-musica-religiosa-e-classica\/","og_site_name":"Comunicar Mais","article_publisher":"https:\/\/www.facebook.com\/comunicarmais\/","article_author":"https:\/\/www.facebook.com\/comunicarmais\/","article_published_time":"2025-08-05T15:05:00+00:00","article_modified_time":"2025-08-06T01:43:24+00:00","og_image":[{"width":1280,"height":903,"url":"https:\/\/www.comunicarmais.com.br\/site\/wp-content\/uploads\/2025\/08\/WhatsApp-Image-2025-08-05-at-11.07.40-1.jpeg","type":"image\/jpeg"}],"author":"Comunicar Mais","twitter_card":"summary_large_image","twitter_creator":"@ComunicarmaisBA","twitter_site":"@ComunicarmaisBA","twitter_misc":{"Escrito por":"Comunicar Mais","Est. tempo de leitura":"5 minutos"},"schema":{"@context":"https:\/\/schema.org","@graph":[{"@type":"WebPage","@id":"https:\/\/www.comunicarmais.com.br\/site\/2025\/08\/05\/programacao-cultural-da-festa-de-santa-dulce-dos-pobres-tera-apresentacoes-de-forro-musica-religiosa-e-classica\/","url":"https:\/\/www.comunicarmais.com.br\/site\/2025\/08\/05\/programacao-cultural-da-festa-de-santa-dulce-dos-pobres-tera-apresentacoes-de-forro-musica-religiosa-e-classica\/","name":"Programa\u00e7\u00e3o cultural da Festa de Santa Dulce dos Pobres ter\u00e1 apresenta\u00e7\u00f5es de forr\u00f3, m\u00fasica religiosa e cl\u00e1ssica - Comunicar Mais","isPartOf":{"@id":"https:\/\/www.comunicarmais.com.br\/site\/#website"},"primaryImageOfPage":{"@id":"https:\/\/www.comunicarmais.com.br\/site\/2025\/08\/05\/programacao-cultural-da-festa-de-santa-dulce-dos-pobres-tera-apresentacoes-de-forro-musica-religiosa-e-classica\/#primaryimage"},"image":{"@id":"https:\/\/www.comunicarmais.com.br\/site\/2025\/08\/05\/programacao-cultural-da-festa-de-santa-dulce-dos-pobres-tera-apresentacoes-de-forro-musica-religiosa-e-classica\/#primaryimage"},"thumbnailUrl":"https:\/\/www.comunicarmais.com.br\/site\/wp-content\/uploads\/2025\/08\/WhatsApp-Image-2025-08-05-at-11.07.40-1.jpeg","datePublished":"2025-08-05T15:05:00+00:00","dateModified":"2025-08-06T01:43:24+00:00","author":{"@id":"https:\/\/www.comunicarmais.com.br\/site\/#\/schema\/person\/712f7b6b25b644e4a91c4173674cf284"},"description":"Confira a programa\u00e7\u00e3o completa;","breadcrumb":{"@id":"https:\/\/www.comunicarmais.com.br\/site\/2025\/08\/05\/programacao-cultural-da-festa-de-santa-dulce-dos-pobres-tera-apresentacoes-de-forro-musica-religiosa-e-classica\/#breadcrumb"},"inLanguage":"pt-BR","potentialAction":[{"@type":"ReadAction","target":["https:\/\/www.comunicarmais.com.br\/site\/2025\/08\/05\/programacao-cultural-da-festa-de-santa-dulce-dos-pobres-tera-apresentacoes-de-forro-musica-religiosa-e-classica\/"]}]},{"@type":"ImageObject","inLanguage":"pt-BR","@id":"https:\/\/www.comunicarmais.com.br\/site\/2025\/08\/05\/programacao-cultural-da-festa-de-santa-dulce-dos-pobres-tera-apresentacoes-de-forro-musica-religiosa-e-classica\/#primaryimage","url":"https:\/\/www.comunicarmais.com.br\/site\/wp-content\/uploads\/2025\/08\/WhatsApp-Image-2025-08-05-at-11.07.40-1.jpeg","contentUrl":"https:\/\/www.comunicarmais.com.br\/site\/wp-content\/uploads\/2025\/08\/WhatsApp-Image-2025-08-05-at-11.07.40-1.jpeg","width":1280,"height":903},{"@type":"BreadcrumbList","@id":"https:\/\/www.comunicarmais.com.br\/site\/2025\/08\/05\/programacao-cultural-da-festa-de-santa-dulce-dos-pobres-tera-apresentacoes-de-forro-musica-religiosa-e-classica\/#breadcrumb","itemListElement":[{"@type":"ListItem","position":1,"name":"In\u00edcio","item":"https:\/\/www.comunicarmais.com.br\/site\/"},{"@type":"ListItem","position":2,"name":"Programa\u00e7\u00e3o cultural da Festa de Santa Dulce dos Pobres ter\u00e1 apresenta\u00e7\u00f5es de forr\u00f3, m\u00fasica religiosa e cl\u00e1ssica"}]},{"@type":"WebSite","@id":"https:\/\/www.comunicarmais.com.br\/site\/#website","url":"https:\/\/www.comunicarmais.com.br\/site\/","name":"Comunicar Mais","description":"","potentialAction":[{"@type":"SearchAction","target":{"@type":"EntryPoint","urlTemplate":"https:\/\/www.comunicarmais.com.br\/site\/?s={search_term_string}"},"query-input":{"@type":"PropertyValueSpecification","valueRequired":true,"valueName":"search_term_string"}}],"inLanguage":"pt-BR"},{"@type":"Person","@id":"https:\/\/www.comunicarmais.com.br\/site\/#\/schema\/person\/712f7b6b25b644e4a91c4173674cf284","name":"Comunicar Mais","image":{"@type":"ImageObject","inLanguage":"pt-BR","@id":"https:\/\/www.comunicarmais.com.br\/site\/#\/schema\/person\/image\/","url":"https:\/\/secure.gravatar.com\/avatar\/9803218072e2c0dc265d3d787b54c2c33325e79f79732707fddfbf1efd82c678?s=96&d=mm&r=g","contentUrl":"https:\/\/secure.gravatar.com\/avatar\/9803218072e2c0dc265d3d787b54c2c33325e79f79732707fddfbf1efd82c678?s=96&d=mm&r=g","caption":"Comunicar Mais"},"description":"Deixe as ideologias com os ide\u00f3logos. Noticiamos fatos, n\u00e3o brigamos com eles. Aqui, voc\u00ea fica bem informado do que acontece no seu bairro e no mundo. Informar com \u00e9tica e responsabilidade s\u00e3o as bandeiras do Comunicarmais.","sameAs":["https:\/\/www.comunicarmais.com.br\/site\/","https:\/\/www.facebook.com\/comunicarmais\/","https:\/\/www.instagram.com\/comunicarmaisba\/","https:\/\/x.com\/ComunicarmaisBA"],"url":"https:\/\/www.comunicarmais.com.br\/site\/author\/gerenciador\/"}]}},"_links":{"self":[{"href":"https:\/\/www.comunicarmais.com.br\/site\/wp-json\/wp\/v2\/posts\/9212","targetHints":{"allow":["GET"]}}],"collection":[{"href":"https:\/\/www.comunicarmais.com.br\/site\/wp-json\/wp\/v2\/posts"}],"about":[{"href":"https:\/\/www.comunicarmais.com.br\/site\/wp-json\/wp\/v2\/types\/post"}],"author":[{"embeddable":true,"href":"https:\/\/www.comunicarmais.com.br\/site\/wp-json\/wp\/v2\/users\/2"}],"replies":[{"embeddable":true,"href":"https:\/\/www.comunicarmais.com.br\/site\/wp-json\/wp\/v2\/comments?post=9212"}],"version-history":[{"count":1,"href":"https:\/\/www.comunicarmais.com.br\/site\/wp-json\/wp\/v2\/posts\/9212\/revisions"}],"predecessor-version":[{"id":9216,"href":"https:\/\/www.comunicarmais.com.br\/site\/wp-json\/wp\/v2\/posts\/9212\/revisions\/9216"}],"wp:featuredmedia":[{"embeddable":true,"href":"https:\/\/www.comunicarmais.com.br\/site\/wp-json\/wp\/v2\/media\/9215"}],"wp:attachment":[{"href":"https:\/\/www.comunicarmais.com.br\/site\/wp-json\/wp\/v2\/media?parent=9212"}],"wp:term":[{"taxonomy":"category","embeddable":true,"href":"https:\/\/www.comunicarmais.com.br\/site\/wp-json\/wp\/v2\/categories?post=9212"},{"taxonomy":"post_tag","embeddable":true,"href":"https:\/\/www.comunicarmais.com.br\/site\/wp-json\/wp\/v2\/tags?post=9212"}],"curies":[{"name":"wp","href":"https:\/\/api.w.org\/{rel}","templated":true}]}}