{"id":9091,"date":"2025-08-05T05:25:45","date_gmt":"2025-08-05T08:25:45","guid":{"rendered":"https:\/\/www.comunicarmais.com.br\/site\/?p=9091"},"modified":"2025-08-05T23:19:15","modified_gmt":"2025-08-06T02:19:15","slug":"servico-de-manutencao-em-pedra-do-cavalo-deixa-salvador-e-mais-12-cidades-sem-agua-nesta-terca-feira-5","status":"publish","type":"post","link":"https:\/\/www.comunicarmais.com.br\/site\/2025\/08\/05\/servico-de-manutencao-em-pedra-do-cavalo-deixa-salvador-e-mais-12-cidades-sem-agua-nesta-terca-feira-5\/","title":{"rendered":"Servi\u00e7o de manuten\u00e7\u00e3o em Pedra do Cavalo deixa Salvador e mais 12 cidades sem \u00e1gua nesta ter\u00e7a-feira (5)"},"content":{"rendered":"\n<p><strong>Embasa prev\u00ea conclus\u00e3o dos servi\u00e7os na noite do mesmo dia, quando o abastecimento de \u00e1gua come\u00e7ar\u00e1 a ser regularizado nas \u00e1reas afetadas<\/strong><\/p>\n\n\n\n<figure class=\"wp-block-image size-full is-resized\"><img decoding=\"async\" width=\"600\" height=\"335\" data-src=\"https:\/\/www.comunicarmais.com.br\/site\/wp-content\/uploads\/2025\/08\/WhatsApp-Image-2025-07-31-at-15.26.22.jpeg\" alt=\"\" class=\"wp-image-9094 lazyload\" style=\"--smush-placeholder-width: 600px; --smush-placeholder-aspect-ratio: 600\/335;width:840px;height:auto\" src=\"data:image\/svg+xml;base64,PHN2ZyB3aWR0aD0iMSIgaGVpZ2h0PSIxIiB4bWxucz0iaHR0cDovL3d3dy53My5vcmcvMjAwMC9zdmciPjwvc3ZnPg==\" \/><figcaption class=\"wp-element-caption\"><sup>Capta\u00e7\u00e3o de Pedra do Cavalo <em>(Foto: Elemilson Neg\u00e3o\/Ascom Embasa)<\/em><\/sup><\/figcaption><\/figure>\n\n\n\n<p><strong>Reda\u00e7\u00e3o Mais &#8211; <\/strong>Para garantir o bom funcionamento do sistema de abastecimento de \u00e1gua, a Embasa promover\u00e1, na pr\u00f3xima ter\u00e7a-feira (5), uma grande opera\u00e7\u00e3o de manuten\u00e7\u00e3o e melhoria. Cerca de 500 profissionais, distribu\u00eddos em 50 equipes, realizar\u00e3o servi\u00e7os na capta\u00e7\u00e3o de \u00e1gua da Usina Hidrel\u00e9trica de Pedra do Cavalo, em esta\u00e7\u00f5es de tratamento, reservat\u00f3rios e em diversos pontos da rede distribuidora. Com isso, o fornecimento de \u00e1gua ser\u00e1 interrompido, a partir das 3 horas da manh\u00e3, em Salvador e outros munic\u00edpios.<\/p>\n\n\n\n<p>Al\u00e9m da capital, as cidades atingidas s\u00e3o: Lauro de Freitas, Sim\u00f5es Filho, Candeias, S\u00e3o Francisco do Conde, Madre de Deus, parte de S\u00e3o Sebasti\u00e3o do Pass\u00e9 (Maracangalha), Santo Amaro, Saubara, Terra Nova, Cora\u00e7\u00e3o de Maria, Concei\u00e7\u00e3o do Jacu\u00edpe e Am\u00e9lia Rodrigues. \u201cS\u00e3o servi\u00e7os muito importantes, que precisam ser realizados com o sistema parado, sem fluxo de \u00e1gua. Este conjunto de a\u00e7\u00f5es foi planejado e tem car\u00e1ter preventivo, visando evitar paradas emergenciais futuras. Ser\u00e1 um esfor\u00e7o concentrado, com a execu\u00e7\u00e3o simult\u00e2nea de manuten\u00e7\u00f5es e servi\u00e7os de melhoria que v\u00e3o garantir maior confiabilidade e seguran\u00e7a h\u00eddrica para os sistemas\u201d, ressalta a diretora de opera\u00e7\u00f5es da Embasa na Regi\u00e3o Metropolitana de Salvador (RMS), Joana Rolemberg.<\/p>\n\n\n\n<p>A previs\u00e3o \u00e9 que essa grande opera\u00e7\u00e3o seja conclu\u00edda na noite do mesmo dia, quando o abastecimento de \u00e1gua come\u00e7ar\u00e1 a ser regularizado na \u00e1rea afetada. O retorno ocorre sempre de forma gradual, pois \u00e9 preciso reiniciar a capta\u00e7\u00e3o, tratamento e distribui\u00e7\u00e3o de \u00e1gua, com press\u00e3o suficiente para alcan\u00e7ar os pontos mais altos e distantes da rede. Alguns im\u00f3veis podem ter o fornecimento normalizado em at\u00e9 48 horas ap\u00f3s a retomada, por isso, \u00e9 importante que os moradores reservem \u00e1gua suficiente para o uso econ\u00f4mico nesse per\u00edodo.<\/p>\n\n\n\n<p><strong>Frentes de servi\u00e7o &#8211; <\/strong>Al\u00e9m de interven\u00e7\u00f5es necess\u00e1rias na capta\u00e7\u00e3o da barragem de Pedra do Cavalo, as frentes de trabalho estar\u00e3o trabalhando em servi\u00e7os como: liga\u00e7\u00e3o de uma deriva\u00e7\u00e3o da adutora principal at\u00e9 o reservat\u00f3rio da Gomeia, em S\u00e3o Caetano; melhorias nos equipamentos de bombeamento que captam \u00e1gua em Pedra do Cavalo e Joanes 2; e substitui\u00e7\u00e3o de equipamentos como v\u00e1lvulas e registros na esta\u00e7\u00e3o de tratamento de \u00e1gua em Candeias (ETA Principal), al\u00e9m de revis\u00e3o das instala\u00e7\u00f5es el\u00e9tricas em equipamentos e limpeza e revis\u00e3o geral das estruturas, dentre outros.<\/p>\n\n\n\n<p>________________________________________________________________________________________________________________<\/p>\n\n\n<p class=\"wp-block-tag-cloud\"><a href=\"https:\/\/www.comunicarmais.com.br\/site\/tag\/bahia\/\" class=\"tag-cloud-link tag-link-171 tag-link-position-1\" style=\"font-size: 17.922330097087pt;\" aria-label=\"Bahia (116 itens)\">Bahia<\/a>\n<a href=\"https:\/\/www.comunicarmais.com.br\/site\/tag\/bolsonaro\/\" class=\"tag-cloud-link tag-link-112 tag-link-position-2\" style=\"font-size: 11.533980582524pt;\" aria-label=\"Bolsonaro (39 itens)\">Bolsonaro<\/a>\n<a href=\"https:\/\/www.comunicarmais.com.br\/site\/tag\/brasil\/\" class=\"tag-cloud-link tag-link-335 tag-link-position-3\" style=\"font-size: 13.029126213592pt;\" aria-label=\"Brasil (50 itens)\">Brasil<\/a>\n<a href=\"https:\/\/www.comunicarmais.com.br\/site\/tag\/camacari\/\" class=\"tag-cloud-link tag-link-435 tag-link-position-4\" style=\"font-size: 8.8155339805825pt;\" aria-label=\"Cama\u00e7ari (24 itens)\">Cama\u00e7ari<\/a>\n<a href=\"https:\/\/www.comunicarmais.com.br\/site\/tag\/carnaval\/\" class=\"tag-cloud-link tag-link-508 tag-link-position-5\" style=\"font-size: 12.893203883495pt;\" aria-label=\"Carnaval (49 itens)\">Carnaval<\/a>\n<a href=\"https:\/\/www.comunicarmais.com.br\/site\/tag\/cbx\/\" class=\"tag-cloud-link tag-link-1602 tag-link-position-6\" style=\"font-size: 11.398058252427pt;\" aria-label=\"CBX (38 itens)\">CBX<\/a>\n<a href=\"https:\/\/www.comunicarmais.com.br\/site\/tag\/cidade-baixa\/\" class=\"tag-cloud-link tag-link-456 tag-link-position-7\" style=\"font-size: 9.9029126213592pt;\" aria-label=\"Cidade Baixa (29 itens)\">Cidade Baixa<\/a>\n<a href=\"https:\/\/www.comunicarmais.com.br\/site\/tag\/cinema\/\" class=\"tag-cloud-link tag-link-985 tag-link-position-8\" style=\"font-size: 11.126213592233pt;\" aria-label=\"Cinema (36 itens)\">Cinema<\/a>\n<a href=\"https:\/\/www.comunicarmais.com.br\/site\/tag\/cultura\/\" class=\"tag-cloud-link tag-link-231 tag-link-position-9\" style=\"font-size: 12.349514563107pt;\" aria-label=\"Cultura (45 itens)\">Cultura<\/a>\n<a href=\"https:\/\/www.comunicarmais.com.br\/site\/tag\/drogas\/\" class=\"tag-cloud-link tag-link-165 tag-link-position-10\" style=\"font-size: 12.757281553398pt;\" aria-label=\"Drogas (48 itens)\">Drogas<\/a>\n<a href=\"https:\/\/www.comunicarmais.com.br\/site\/tag\/educacao\/\" class=\"tag-cloud-link tag-link-228 tag-link-position-11\" style=\"font-size: 12.621359223301pt;\" aria-label=\"Educa\u00e7\u00e3o (47 itens)\">Educa\u00e7\u00e3o<\/a>\n<a href=\"https:\/\/www.comunicarmais.com.br\/site\/tag\/ensino\/\" class=\"tag-cloud-link tag-link-233 tag-link-position-12\" style=\"font-size: 10.446601941748pt;\" aria-label=\"Ensino (32 itens)\">Ensino<\/a>\n<a href=\"https:\/\/www.comunicarmais.com.br\/site\/tag\/escola\/\" class=\"tag-cloud-link tag-link-229 tag-link-position-13\" style=\"font-size: 9.631067961165pt;\" aria-label=\"Escola (28 itens)\">Escola<\/a>\n<a href=\"https:\/\/www.comunicarmais.com.br\/site\/tag\/eua\/\" class=\"tag-cloud-link tag-link-664 tag-link-position-14\" style=\"font-size: 12.077669902913pt;\" aria-label=\"EUA (43 itens)\">EUA<\/a>\n<a href=\"https:\/\/www.comunicarmais.com.br\/site\/tag\/feira-de-santana\/\" class=\"tag-cloud-link tag-link-642 tag-link-position-15\" style=\"font-size: 9.2233009708738pt;\" aria-label=\"Feira de Santana (26 itens)\">Feira de Santana<\/a>\n<a href=\"https:\/\/www.comunicarmais.com.br\/site\/tag\/ficco\/\" class=\"tag-cloud-link tag-link-143 tag-link-position-16\" style=\"font-size: 9.2233009708738pt;\" aria-label=\"Ficco (26 itens)\">Ficco<\/a>\n<a href=\"https:\/\/www.comunicarmais.com.br\/site\/tag\/folia\/\" class=\"tag-cloud-link tag-link-566 tag-link-position-17\" style=\"font-size: 9.2233009708738pt;\" aria-label=\"Folia (26 itens)\">Folia<\/a>\n<a href=\"https:\/\/www.comunicarmais.com.br\/site\/tag\/futebol\/\" class=\"tag-cloud-link tag-link-40 tag-link-position-18\" style=\"font-size: 13.029126213592pt;\" aria-label=\"Futebol (50 itens)\">Futebol<\/a>\n<a href=\"https:\/\/www.comunicarmais.com.br\/site\/tag\/homicidio\/\" class=\"tag-cloud-link tag-link-101 tag-link-position-19\" style=\"font-size: 10.582524271845pt;\" aria-label=\"Homic\u00eddio (33 itens)\">Homic\u00eddio<\/a>\n<a href=\"https:\/\/www.comunicarmais.com.br\/site\/tag\/itapagipe\/\" class=\"tag-cloud-link tag-link-471 tag-link-position-20\" style=\"font-size: 10.038834951456pt;\" aria-label=\"Itapagipe (30 itens)\">Itapagipe<\/a>\n<a href=\"https:\/\/www.comunicarmais.com.br\/site\/tag\/itaparica\/\" class=\"tag-cloud-link tag-link-301 tag-link-position-21\" style=\"font-size: 8pt;\" aria-label=\"Itaparica (21 itens)\">Itaparica<\/a>\n<a href=\"https:\/\/www.comunicarmais.com.br\/site\/tag\/jeronimo-rodrigues\/\" class=\"tag-cloud-link tag-link-668 tag-link-position-22\" style=\"font-size: 8.2718446601942pt;\" aria-label=\"Jer\u00f4nimo Rodrigues (22 itens)\">Jer\u00f4nimo Rodrigues<\/a>\n<a href=\"https:\/\/www.comunicarmais.com.br\/site\/tag\/justica\/\" class=\"tag-cloud-link tag-link-361 tag-link-position-23\" style=\"font-size: 10.582524271845pt;\" aria-label=\"Justi\u00e7a (33 itens)\">Justi\u00e7a<\/a>\n<a href=\"https:\/\/www.comunicarmais.com.br\/site\/tag\/lauro-de-freitas\/\" class=\"tag-cloud-link tag-link-594 tag-link-position-24\" style=\"font-size: 18.194174757282pt;\" aria-label=\"Lauro de Freitas (122 itens)\">Lauro de Freitas<\/a>\n<a href=\"https:\/\/www.comunicarmais.com.br\/site\/tag\/lazer\/\" class=\"tag-cloud-link tag-link-568 tag-link-position-25\" style=\"font-size: 9.2233009708738pt;\" aria-label=\"Lazer (26 itens)\">Lazer<\/a>\n<a href=\"https:\/\/www.comunicarmais.com.br\/site\/tag\/lula\/\" class=\"tag-cloud-link tag-link-416 tag-link-position-26\" style=\"font-size: 12.21359223301pt;\" aria-label=\"Lula (44 itens)\">Lula<\/a>\n<a href=\"https:\/\/www.comunicarmais.com.br\/site\/tag\/meio-ambiente\/\" class=\"tag-cloud-link tag-link-475 tag-link-position-27\" style=\"font-size: 12.21359223301pt;\" aria-label=\"Meio Ambiente (44 itens)\">Meio Ambiente<\/a>\n<a href=\"https:\/\/www.comunicarmais.com.br\/site\/tag\/mobilidade\/\" class=\"tag-cloud-link tag-link-278 tag-link-position-28\" style=\"font-size: 13.844660194175pt;\" aria-label=\"Mobilidade (58 itens)\">Mobilidade<\/a>\n<a href=\"https:\/\/www.comunicarmais.com.br\/site\/tag\/mulher\/\" class=\"tag-cloud-link tag-link-450 tag-link-position-29\" style=\"font-size: 13.300970873786pt;\" aria-label=\"mulher (53 itens)\">mulher<\/a>\n<a href=\"https:\/\/www.comunicarmais.com.br\/site\/tag\/musica-2\/\" class=\"tag-cloud-link tag-link-747 tag-link-position-30\" style=\"font-size: 12.21359223301pt;\" aria-label=\"M\u00fasica (44 itens)\">M\u00fasica<\/a>\n<a href=\"https:\/\/www.comunicarmais.com.br\/site\/tag\/pcba\/\" class=\"tag-cloud-link tag-link-1332 tag-link-position-31\" style=\"font-size: 15.067961165049pt;\" aria-label=\"PCBA (72 itens)\">PCBA<\/a>\n<a href=\"https:\/\/www.comunicarmais.com.br\/site\/tag\/pmba\/\" class=\"tag-cloud-link tag-link-53 tag-link-position-32\" style=\"font-size: 18.194174757282pt;\" aria-label=\"PMBA (123 itens)\">PMBA<\/a>\n<a href=\"https:\/\/www.comunicarmais.com.br\/site\/tag\/policia-federal\/\" class=\"tag-cloud-link tag-link-620 tag-link-position-33\" style=\"font-size: 8.9514563106796pt;\" aria-label=\"Pol\u00edcia Federal (25 itens)\">Pol\u00edcia Federal<\/a>\n<a href=\"https:\/\/www.comunicarmais.com.br\/site\/tag\/politica\/\" class=\"tag-cloud-link tag-link-495 tag-link-position-34\" style=\"font-size: 16.291262135922pt;\" aria-label=\"Pol\u00edtica (89 itens)\">Pol\u00edtica<\/a>\n<a href=\"https:\/\/www.comunicarmais.com.br\/site\/tag\/rio-de-janeiro\/\" class=\"tag-cloud-link tag-link-152 tag-link-position-35\" style=\"font-size: 9.9029126213592pt;\" aria-label=\"Rio de Janeiro (29 itens)\">Rio de Janeiro<\/a>\n<a href=\"https:\/\/www.comunicarmais.com.br\/site\/tag\/salvador\/\" class=\"tag-cloud-link tag-link-125 tag-link-position-36\" style=\"font-size: 22pt;\" aria-label=\"Salvador (235 itens)\">Salvador<\/a>\n<a href=\"https:\/\/www.comunicarmais.com.br\/site\/tag\/saude\/\" class=\"tag-cloud-link tag-link-42 tag-link-position-37\" style=\"font-size: 17.78640776699pt;\" aria-label=\"Sa\u00fade (115 itens)\">Sa\u00fade<\/a>\n<a href=\"https:\/\/www.comunicarmais.com.br\/site\/tag\/seguranca\/\" class=\"tag-cloud-link tag-link-48 tag-link-position-38\" style=\"font-size: 9.2233009708738pt;\" aria-label=\"Seguran\u00e7a (26 itens)\">Seguran\u00e7a<\/a>\n<a href=\"https:\/\/www.comunicarmais.com.br\/site\/tag\/ssp-ba\/\" class=\"tag-cloud-link tag-link-1937 tag-link-position-39\" style=\"font-size: 8.9514563106796pt;\" aria-label=\"SSP-BA (25 itens)\">SSP-BA<\/a>\n<a href=\"https:\/\/www.comunicarmais.com.br\/site\/tag\/sspba\/\" class=\"tag-cloud-link tag-link-144 tag-link-position-40\" style=\"font-size: 11.398058252427pt;\" aria-label=\"SSPBA (38 itens)\">SSPBA<\/a>\n<a href=\"https:\/\/www.comunicarmais.com.br\/site\/tag\/stf\/\" class=\"tag-cloud-link tag-link-68 tag-link-position-41\" style=\"font-size: 14.252427184466pt;\" aria-label=\"STF (62 itens)\">STF<\/a>\n<a href=\"https:\/\/www.comunicarmais.com.br\/site\/tag\/sao-paulo\/\" class=\"tag-cloud-link tag-link-612 tag-link-position-42\" style=\"font-size: 8pt;\" aria-label=\"S\u00e3o Paulo (21 itens)\">S\u00e3o Paulo<\/a>\n<a href=\"https:\/\/www.comunicarmais.com.br\/site\/tag\/transito-2\/\" class=\"tag-cloud-link tag-link-377 tag-link-position-43\" style=\"font-size: 8.2718446601942pt;\" aria-label=\"tr\u00e2nsito (22 itens)\">tr\u00e2nsito<\/a>\n<a href=\"https:\/\/www.comunicarmais.com.br\/site\/tag\/turismo\/\" class=\"tag-cloud-link tag-link-225 tag-link-position-44\" style=\"font-size: 9.9029126213592pt;\" aria-label=\"Turismo (29 itens)\">Turismo<\/a>\n<a href=\"https:\/\/www.comunicarmais.com.br\/site\/tag\/uruguai\/\" class=\"tag-cloud-link tag-link-323 tag-link-position-45\" style=\"font-size: 9.631067961165pt;\" aria-label=\"Uruguai (28 itens)\">Uruguai<\/a><\/p>","protected":false},"excerpt":{"rendered":"<p>Embasa prev\u00ea conclus\u00e3o dos servi\u00e7os na noite do mesmo dia, quando o abastecimento de \u00e1gua come\u00e7ar\u00e1 a ser regularizado nas \u00e1reas afetadas<\/p>\n","protected":false},"author":2,"featured_media":9093,"comment_status":"open","ping_status":"open","sticky":false,"template":"","format":"standard","meta":{"_acf_changed":false,"footnotes":""},"categories":[4],"tags":[202,1742,2787,2786,203,594,1759,2521,1582,1607,2785,1173,2318],"class_list":["post-9091","post","type-post","status-publish","format-standard","has-post-thumbnail","hentry","category-bahia","tag-agua","tag-candeias","tag-conceicao-do-jacuipe-e-amelia-rodrigues","tag-coracao-de-maria","tag-embasa","tag-lauro-de-freitas","tag-madre-de-deus","tag-santo-amaro","tag-sao-francisco-do-conde","tag-sao-sebastiao-do-passe","tag-saubara","tag-simoes-filho","tag-terra-nova"],"acf":[],"yoast_head":"<!-- This site is optimized with the Yoast SEO plugin v26.1.1 - https:\/\/yoast.com\/wordpress\/plugins\/seo\/ -->\n<title>Servi\u00e7o de manuten\u00e7\u00e3o em Pedra do Cavalo deixa Salvador e mais 12 cidades sem \u00e1gua nesta ter\u00e7a-feira (5) - Comunicar Mais<\/title>\n<meta name=\"description\" content=\"Embasa prev\u00ea conclus\u00e3o dos servi\u00e7os na noite do mesmo dia, quando o abastecimento de \u00e1gua come\u00e7ar\u00e1 a ser regularizado nas \u00e1reas afetadas\" \/>\n<meta name=\"robots\" content=\"index, follow, max-snippet:-1, max-image-preview:large, max-video-preview:-1\" \/>\n<link rel=\"canonical\" href=\"https:\/\/www.comunicarmais.com.br\/site\/2025\/08\/05\/servico-de-manutencao-em-pedra-do-cavalo-deixa-salvador-e-mais-12-cidades-sem-agua-nesta-terca-feira-5\/\" \/>\n<meta property=\"og:locale\" content=\"pt_BR\" \/>\n<meta property=\"og:type\" content=\"article\" \/>\n<meta property=\"og:title\" content=\"Servi\u00e7o de manuten\u00e7\u00e3o em Pedra do Cavalo deixa Salvador e mais 12 cidades sem \u00e1gua nesta ter\u00e7a-feira (5) - Comunicar Mais\" \/>\n<meta property=\"og:description\" content=\"Embasa prev\u00ea conclus\u00e3o dos servi\u00e7os na noite do mesmo dia, quando o abastecimento de \u00e1gua come\u00e7ar\u00e1 a ser regularizado nas \u00e1reas afetadas\" \/>\n<meta property=\"og:url\" content=\"https:\/\/www.comunicarmais.com.br\/site\/2025\/08\/05\/servico-de-manutencao-em-pedra-do-cavalo-deixa-salvador-e-mais-12-cidades-sem-agua-nesta-terca-feira-5\/\" \/>\n<meta property=\"og:site_name\" content=\"Comunicar Mais\" \/>\n<meta property=\"article:publisher\" content=\"https:\/\/www.facebook.com\/comunicarmais\/\" \/>\n<meta property=\"article:author\" content=\"https:\/\/www.facebook.com\/comunicarmais\/\" \/>\n<meta property=\"article:published_time\" content=\"2025-08-05T08:25:45+00:00\" \/>\n<meta property=\"article:modified_time\" content=\"2025-08-06T02:19:15+00:00\" \/>\n<meta property=\"og:image\" content=\"https:\/\/www.comunicarmais.com.br\/site\/wp-content\/uploads\/2025\/08\/agua-.jpg\" \/>\n\t<meta property=\"og:image:width\" content=\"620\" \/>\n\t<meta property=\"og:image:height\" content=\"449\" \/>\n\t<meta property=\"og:image:type\" content=\"image\/jpeg\" \/>\n<meta name=\"author\" content=\"Comunicar Mais\" \/>\n<meta name=\"twitter:card\" content=\"summary_large_image\" \/>\n<meta name=\"twitter:creator\" content=\"@ComunicarmaisBA\" \/>\n<meta name=\"twitter:site\" content=\"@ComunicarmaisBA\" \/>\n<meta name=\"twitter:label1\" content=\"Escrito por\" \/>\n\t<meta name=\"twitter:data1\" content=\"Comunicar Mais\" \/>\n\t<meta name=\"twitter:label2\" content=\"Est. tempo de leitura\" \/>\n\t<meta name=\"twitter:data2\" content=\"3 minutos\" \/>\n<script type=\"application\/ld+json\" class=\"yoast-schema-graph\">{\"@context\":\"https:\/\/schema.org\",\"@graph\":[{\"@type\":\"WebPage\",\"@id\":\"https:\/\/www.comunicarmais.com.br\/site\/2025\/08\/05\/servico-de-manutencao-em-pedra-do-cavalo-deixa-salvador-e-mais-12-cidades-sem-agua-nesta-terca-feira-5\/\",\"url\":\"https:\/\/www.comunicarmais.com.br\/site\/2025\/08\/05\/servico-de-manutencao-em-pedra-do-cavalo-deixa-salvador-e-mais-12-cidades-sem-agua-nesta-terca-feira-5\/\",\"name\":\"Servi\u00e7o de manuten\u00e7\u00e3o em Pedra do Cavalo deixa Salvador e mais 12 cidades sem \u00e1gua nesta ter\u00e7a-feira (5) - Comunicar Mais\",\"isPartOf\":{\"@id\":\"https:\/\/www.comunicarmais.com.br\/site\/#website\"},\"primaryImageOfPage\":{\"@id\":\"https:\/\/www.comunicarmais.com.br\/site\/2025\/08\/05\/servico-de-manutencao-em-pedra-do-cavalo-deixa-salvador-e-mais-12-cidades-sem-agua-nesta-terca-feira-5\/#primaryimage\"},\"image\":{\"@id\":\"https:\/\/www.comunicarmais.com.br\/site\/2025\/08\/05\/servico-de-manutencao-em-pedra-do-cavalo-deixa-salvador-e-mais-12-cidades-sem-agua-nesta-terca-feira-5\/#primaryimage\"},\"thumbnailUrl\":\"https:\/\/www.comunicarmais.com.br\/site\/wp-content\/uploads\/2025\/08\/agua-.jpg\",\"datePublished\":\"2025-08-05T08:25:45+00:00\",\"dateModified\":\"2025-08-06T02:19:15+00:00\",\"author\":{\"@id\":\"https:\/\/www.comunicarmais.com.br\/site\/#\/schema\/person\/712f7b6b25b644e4a91c4173674cf284\"},\"description\":\"Embasa prev\u00ea conclus\u00e3o dos servi\u00e7os na noite do mesmo dia, quando o abastecimento de \u00e1gua come\u00e7ar\u00e1 a ser regularizado nas \u00e1reas afetadas\",\"breadcrumb\":{\"@id\":\"https:\/\/www.comunicarmais.com.br\/site\/2025\/08\/05\/servico-de-manutencao-em-pedra-do-cavalo-deixa-salvador-e-mais-12-cidades-sem-agua-nesta-terca-feira-5\/#breadcrumb\"},\"inLanguage\":\"pt-BR\",\"potentialAction\":[{\"@type\":\"ReadAction\",\"target\":[\"https:\/\/www.comunicarmais.com.br\/site\/2025\/08\/05\/servico-de-manutencao-em-pedra-do-cavalo-deixa-salvador-e-mais-12-cidades-sem-agua-nesta-terca-feira-5\/\"]}]},{\"@type\":\"ImageObject\",\"inLanguage\":\"pt-BR\",\"@id\":\"https:\/\/www.comunicarmais.com.br\/site\/2025\/08\/05\/servico-de-manutencao-em-pedra-do-cavalo-deixa-salvador-e-mais-12-cidades-sem-agua-nesta-terca-feira-5\/#primaryimage\",\"url\":\"https:\/\/www.comunicarmais.com.br\/site\/wp-content\/uploads\/2025\/08\/agua-.jpg\",\"contentUrl\":\"https:\/\/www.comunicarmais.com.br\/site\/wp-content\/uploads\/2025\/08\/agua-.jpg\",\"width\":620,\"height\":449,\"caption\":\"(Foto: Thinkstock)\"},{\"@type\":\"BreadcrumbList\",\"@id\":\"https:\/\/www.comunicarmais.com.br\/site\/2025\/08\/05\/servico-de-manutencao-em-pedra-do-cavalo-deixa-salvador-e-mais-12-cidades-sem-agua-nesta-terca-feira-5\/#breadcrumb\",\"itemListElement\":[{\"@type\":\"ListItem\",\"position\":1,\"name\":\"In\u00edcio\",\"item\":\"https:\/\/www.comunicarmais.com.br\/site\/\"},{\"@type\":\"ListItem\",\"position\":2,\"name\":\"Servi\u00e7o de manuten\u00e7\u00e3o em Pedra do Cavalo deixa Salvador e mais 12 cidades sem \u00e1gua nesta ter\u00e7a-feira (5)\"}]},{\"@type\":\"WebSite\",\"@id\":\"https:\/\/www.comunicarmais.com.br\/site\/#website\",\"url\":\"https:\/\/www.comunicarmais.com.br\/site\/\",\"name\":\"Comunicar Mais\",\"description\":\"\",\"potentialAction\":[{\"@type\":\"SearchAction\",\"target\":{\"@type\":\"EntryPoint\",\"urlTemplate\":\"https:\/\/www.comunicarmais.com.br\/site\/?s={search_term_string}\"},\"query-input\":{\"@type\":\"PropertyValueSpecification\",\"valueRequired\":true,\"valueName\":\"search_term_string\"}}],\"inLanguage\":\"pt-BR\"},{\"@type\":\"Person\",\"@id\":\"https:\/\/www.comunicarmais.com.br\/site\/#\/schema\/person\/712f7b6b25b644e4a91c4173674cf284\",\"name\":\"Comunicar Mais\",\"image\":{\"@type\":\"ImageObject\",\"inLanguage\":\"pt-BR\",\"@id\":\"https:\/\/www.comunicarmais.com.br\/site\/#\/schema\/person\/image\/\",\"url\":\"https:\/\/secure.gravatar.com\/avatar\/9803218072e2c0dc265d3d787b54c2c33325e79f79732707fddfbf1efd82c678?s=96&d=mm&r=g\",\"contentUrl\":\"https:\/\/secure.gravatar.com\/avatar\/9803218072e2c0dc265d3d787b54c2c33325e79f79732707fddfbf1efd82c678?s=96&d=mm&r=g\",\"caption\":\"Comunicar Mais\"},\"description\":\"Deixe as ideologias com os ide\u00f3logos. Noticiamos fatos, n\u00e3o brigamos com eles. Aqui, voc\u00ea fica bem informado do que acontece no seu bairro e no mundo. Informar com \u00e9tica e responsabilidade s\u00e3o as bandeiras do Comunicarmais.\",\"sameAs\":[\"https:\/\/www.comunicarmais.com.br\/site\/\",\"https:\/\/www.facebook.com\/comunicarmais\/\",\"https:\/\/www.instagram.com\/comunicarmaisba\/\",\"https:\/\/x.com\/ComunicarmaisBA\"],\"url\":\"https:\/\/www.comunicarmais.com.br\/site\/author\/gerenciador\/\"}]}<\/script>\n<!-- \/ Yoast SEO plugin. -->","yoast_head_json":{"title":"Servi\u00e7o de manuten\u00e7\u00e3o em Pedra do Cavalo deixa Salvador e mais 12 cidades sem \u00e1gua nesta ter\u00e7a-feira (5) - Comunicar Mais","description":"Embasa prev\u00ea conclus\u00e3o dos servi\u00e7os na noite do mesmo dia, quando o abastecimento de \u00e1gua come\u00e7ar\u00e1 a ser regularizado nas \u00e1reas afetadas","robots":{"index":"index","follow":"follow","max-snippet":"max-snippet:-1","max-image-preview":"max-image-preview:large","max-video-preview":"max-video-preview:-1"},"canonical":"https:\/\/www.comunicarmais.com.br\/site\/2025\/08\/05\/servico-de-manutencao-em-pedra-do-cavalo-deixa-salvador-e-mais-12-cidades-sem-agua-nesta-terca-feira-5\/","og_locale":"pt_BR","og_type":"article","og_title":"Servi\u00e7o de manuten\u00e7\u00e3o em Pedra do Cavalo deixa Salvador e mais 12 cidades sem \u00e1gua nesta ter\u00e7a-feira (5) - Comunicar Mais","og_description":"Embasa prev\u00ea conclus\u00e3o dos servi\u00e7os na noite do mesmo dia, quando o abastecimento de \u00e1gua come\u00e7ar\u00e1 a ser regularizado nas \u00e1reas afetadas","og_url":"https:\/\/www.comunicarmais.com.br\/site\/2025\/08\/05\/servico-de-manutencao-em-pedra-do-cavalo-deixa-salvador-e-mais-12-cidades-sem-agua-nesta-terca-feira-5\/","og_site_name":"Comunicar Mais","article_publisher":"https:\/\/www.facebook.com\/comunicarmais\/","article_author":"https:\/\/www.facebook.com\/comunicarmais\/","article_published_time":"2025-08-05T08:25:45+00:00","article_modified_time":"2025-08-06T02:19:15+00:00","og_image":[{"width":620,"height":449,"url":"https:\/\/www.comunicarmais.com.br\/site\/wp-content\/uploads\/2025\/08\/agua-.jpg","type":"image\/jpeg"}],"author":"Comunicar Mais","twitter_card":"summary_large_image","twitter_creator":"@ComunicarmaisBA","twitter_site":"@ComunicarmaisBA","twitter_misc":{"Escrito por":"Comunicar Mais","Est. tempo de leitura":"3 minutos"},"schema":{"@context":"https:\/\/schema.org","@graph":[{"@type":"WebPage","@id":"https:\/\/www.comunicarmais.com.br\/site\/2025\/08\/05\/servico-de-manutencao-em-pedra-do-cavalo-deixa-salvador-e-mais-12-cidades-sem-agua-nesta-terca-feira-5\/","url":"https:\/\/www.comunicarmais.com.br\/site\/2025\/08\/05\/servico-de-manutencao-em-pedra-do-cavalo-deixa-salvador-e-mais-12-cidades-sem-agua-nesta-terca-feira-5\/","name":"Servi\u00e7o de manuten\u00e7\u00e3o em Pedra do Cavalo deixa Salvador e mais 12 cidades sem \u00e1gua nesta ter\u00e7a-feira (5) - Comunicar Mais","isPartOf":{"@id":"https:\/\/www.comunicarmais.com.br\/site\/#website"},"primaryImageOfPage":{"@id":"https:\/\/www.comunicarmais.com.br\/site\/2025\/08\/05\/servico-de-manutencao-em-pedra-do-cavalo-deixa-salvador-e-mais-12-cidades-sem-agua-nesta-terca-feira-5\/#primaryimage"},"image":{"@id":"https:\/\/www.comunicarmais.com.br\/site\/2025\/08\/05\/servico-de-manutencao-em-pedra-do-cavalo-deixa-salvador-e-mais-12-cidades-sem-agua-nesta-terca-feira-5\/#primaryimage"},"thumbnailUrl":"https:\/\/www.comunicarmais.com.br\/site\/wp-content\/uploads\/2025\/08\/agua-.jpg","datePublished":"2025-08-05T08:25:45+00:00","dateModified":"2025-08-06T02:19:15+00:00","author":{"@id":"https:\/\/www.comunicarmais.com.br\/site\/#\/schema\/person\/712f7b6b25b644e4a91c4173674cf284"},"description":"Embasa prev\u00ea conclus\u00e3o dos servi\u00e7os na noite do mesmo dia, quando o abastecimento de \u00e1gua come\u00e7ar\u00e1 a ser regularizado nas \u00e1reas afetadas","breadcrumb":{"@id":"https:\/\/www.comunicarmais.com.br\/site\/2025\/08\/05\/servico-de-manutencao-em-pedra-do-cavalo-deixa-salvador-e-mais-12-cidades-sem-agua-nesta-terca-feira-5\/#breadcrumb"},"inLanguage":"pt-BR","potentialAction":[{"@type":"ReadAction","target":["https:\/\/www.comunicarmais.com.br\/site\/2025\/08\/05\/servico-de-manutencao-em-pedra-do-cavalo-deixa-salvador-e-mais-12-cidades-sem-agua-nesta-terca-feira-5\/"]}]},{"@type":"ImageObject","inLanguage":"pt-BR","@id":"https:\/\/www.comunicarmais.com.br\/site\/2025\/08\/05\/servico-de-manutencao-em-pedra-do-cavalo-deixa-salvador-e-mais-12-cidades-sem-agua-nesta-terca-feira-5\/#primaryimage","url":"https:\/\/www.comunicarmais.com.br\/site\/wp-content\/uploads\/2025\/08\/agua-.jpg","contentUrl":"https:\/\/www.comunicarmais.com.br\/site\/wp-content\/uploads\/2025\/08\/agua-.jpg","width":620,"height":449,"caption":"(Foto: Thinkstock)"},{"@type":"BreadcrumbList","@id":"https:\/\/www.comunicarmais.com.br\/site\/2025\/08\/05\/servico-de-manutencao-em-pedra-do-cavalo-deixa-salvador-e-mais-12-cidades-sem-agua-nesta-terca-feira-5\/#breadcrumb","itemListElement":[{"@type":"ListItem","position":1,"name":"In\u00edcio","item":"https:\/\/www.comunicarmais.com.br\/site\/"},{"@type":"ListItem","position":2,"name":"Servi\u00e7o de manuten\u00e7\u00e3o em Pedra do Cavalo deixa Salvador e mais 12 cidades sem \u00e1gua nesta ter\u00e7a-feira (5)"}]},{"@type":"WebSite","@id":"https:\/\/www.comunicarmais.com.br\/site\/#website","url":"https:\/\/www.comunicarmais.com.br\/site\/","name":"Comunicar Mais","description":"","potentialAction":[{"@type":"SearchAction","target":{"@type":"EntryPoint","urlTemplate":"https:\/\/www.comunicarmais.com.br\/site\/?s={search_term_string}"},"query-input":{"@type":"PropertyValueSpecification","valueRequired":true,"valueName":"search_term_string"}}],"inLanguage":"pt-BR"},{"@type":"Person","@id":"https:\/\/www.comunicarmais.com.br\/site\/#\/schema\/person\/712f7b6b25b644e4a91c4173674cf284","name":"Comunicar Mais","image":{"@type":"ImageObject","inLanguage":"pt-BR","@id":"https:\/\/www.comunicarmais.com.br\/site\/#\/schema\/person\/image\/","url":"https:\/\/secure.gravatar.com\/avatar\/9803218072e2c0dc265d3d787b54c2c33325e79f79732707fddfbf1efd82c678?s=96&d=mm&r=g","contentUrl":"https:\/\/secure.gravatar.com\/avatar\/9803218072e2c0dc265d3d787b54c2c33325e79f79732707fddfbf1efd82c678?s=96&d=mm&r=g","caption":"Comunicar Mais"},"description":"Deixe as ideologias com os ide\u00f3logos. Noticiamos fatos, n\u00e3o brigamos com eles. Aqui, voc\u00ea fica bem informado do que acontece no seu bairro e no mundo. Informar com \u00e9tica e responsabilidade s\u00e3o as bandeiras do Comunicarmais.","sameAs":["https:\/\/www.comunicarmais.com.br\/site\/","https:\/\/www.facebook.com\/comunicarmais\/","https:\/\/www.instagram.com\/comunicarmaisba\/","https:\/\/x.com\/ComunicarmaisBA"],"url":"https:\/\/www.comunicarmais.com.br\/site\/author\/gerenciador\/"}]}},"_links":{"self":[{"href":"https:\/\/www.comunicarmais.com.br\/site\/wp-json\/wp\/v2\/posts\/9091","targetHints":{"allow":["GET"]}}],"collection":[{"href":"https:\/\/www.comunicarmais.com.br\/site\/wp-json\/wp\/v2\/posts"}],"about":[{"href":"https:\/\/www.comunicarmais.com.br\/site\/wp-json\/wp\/v2\/types\/post"}],"author":[{"embeddable":true,"href":"https:\/\/www.comunicarmais.com.br\/site\/wp-json\/wp\/v2\/users\/2"}],"replies":[{"embeddable":true,"href":"https:\/\/www.comunicarmais.com.br\/site\/wp-json\/wp\/v2\/comments?post=9091"}],"version-history":[{"count":2,"href":"https:\/\/www.comunicarmais.com.br\/site\/wp-json\/wp\/v2\/posts\/9091\/revisions"}],"predecessor-version":[{"id":9106,"href":"https:\/\/www.comunicarmais.com.br\/site\/wp-json\/wp\/v2\/posts\/9091\/revisions\/9106"}],"wp:featuredmedia":[{"embeddable":true,"href":"https:\/\/www.comunicarmais.com.br\/site\/wp-json\/wp\/v2\/media\/9093"}],"wp:attachment":[{"href":"https:\/\/www.comunicarmais.com.br\/site\/wp-json\/wp\/v2\/media?parent=9091"}],"wp:term":[{"taxonomy":"category","embeddable":true,"href":"https:\/\/www.comunicarmais.com.br\/site\/wp-json\/wp\/v2\/categories?post=9091"},{"taxonomy":"post_tag","embeddable":true,"href":"https:\/\/www.comunicarmais.com.br\/site\/wp-json\/wp\/v2\/tags?post=9091"}],"curies":[{"name":"wp","href":"https:\/\/api.w.org\/{rel}","templated":true}]}}