{"id":8660,"date":"2025-07-06T22:21:33","date_gmt":"2025-07-07T01:21:33","guid":{"rendered":"https:\/\/www.comunicarmais.com.br\/site\/?p=8660"},"modified":"2025-07-06T22:22:13","modified_gmt":"2025-07-07T01:22:13","slug":"alex-sa-gomes-homenageia-sebastiao-salgado-com-o-jardim-das-arvores-na-casacor-bahia","status":"publish","type":"post","link":"https:\/\/www.comunicarmais.com.br\/site\/2025\/07\/06\/alex-sa-gomes-homenageia-sebastiao-salgado-com-o-jardim-das-arvores-na-casacor-bahia\/","title":{"rendered":"Alex S\u00e1 Gomes homenageia Sebasti\u00e3o Salgado com o Jardim das \u00c1rvores na Casacor Bahia"},"content":{"rendered":"\n<p id=\"isPasted\"><strong>Fot\u00f3grafo, falecido em maio, foi um dos mais engajados na luta contra o desmatamento no Brasil<\/strong><\/p>\n\n\n\n<figure class=\"wp-block-image size-large\"><img decoding=\"async\" width=\"1433\" height=\"1036\" data-src=\"https:\/\/www.comunicarmais.com.br\/site\/wp-content\/uploads\/2025\/07\/VERT_A-mao-04-1-horz-1433x1036.jpg\" alt=\"\" class=\"wp-image-8661 lazyload\" data-srcset=\"https:\/\/www.comunicarmais.com.br\/site\/wp-content\/uploads\/2025\/07\/VERT_A-mao-04-1-horz-1433x1036.jpg 1433w, https:\/\/www.comunicarmais.com.br\/site\/wp-content\/uploads\/2025\/07\/VERT_A-mao-04-1-horz-1024x740.jpg 1024w, https:\/\/www.comunicarmais.com.br\/site\/wp-content\/uploads\/2025\/07\/VERT_A-mao-04-1-horz-768x555.jpg 768w, https:\/\/www.comunicarmais.com.br\/site\/wp-content\/uploads\/2025\/07\/VERT_A-mao-04-1-horz-1536x1110.jpg 1536w, https:\/\/www.comunicarmais.com.br\/site\/wp-content\/uploads\/2025\/07\/VERT_A-mao-04-1-horz-2048x1480.jpg 2048w, https:\/\/www.comunicarmais.com.br\/site\/wp-content\/uploads\/2025\/07\/VERT_A-mao-04-1-horz-1320x954.jpg 1320w\" data-sizes=\"(max-width: 1433px) 100vw, 1433px\" src=\"data:image\/svg+xml;base64,PHN2ZyB3aWR0aD0iMSIgaGVpZ2h0PSIxIiB4bWxucz0iaHR0cDovL3d3dy53My5vcmcvMjAwMC9zdmciPjwvc3ZnPg==\" style=\"--smush-placeholder-width: 1433px; --smush-placeholder-aspect-ratio: 1433\/1036;\" \/><figcaption class=\"wp-element-caption\">(Divulga\u00e7\u00e3o)<\/figcaption><\/figure>\n\n\n\n<p><strong>Reda\u00e7\u00e3o Mais &#8211; <\/strong>O segundo semestre come\u00e7a agitado para Alex S\u00e1 Gomes, nome \u00e0 frente da Terra Verde Paisagismo. Ap\u00f3s realizar a exposi\u00e7\u00e3o fotogr\u00e1fica Uma viagem aos jardins do Jap\u00e3o, o paisagista e engenheiro agr\u00f4nomo se prepara para apresentar seu espa\u00e7o na edi\u00e7\u00e3o 2025 da Casacor Bahia. O maior evento de decora\u00e7\u00e3o, arquitetura e paisagismo do estado acontece de 8 de julho a 7 de setembro na Casa Nossa Senhora das Merc\u00eas, na Avenida Sete de Setembro, em Salvador.<\/p>\n\n\n\n<p>Com cerca de 600 m\u00b2, o Jardim das \u00c1rvores homenageia o fot\u00f3grafo Sebasti\u00e3o Salgado, falecido em maio, um dos mais engajados na luta contra o desmatamento no Brasil. O projeto tamb\u00e9m dialoga com o tema da Casacor Bahia deste ano, &#8220;Semear Sonhos&#8221;. O espa\u00e7o de Alex abriga ainda uma obra de Bel Borba, A m\u00e3o, em uma integra\u00e7\u00e3o entre arte e natureza.<\/p>\n\n\n\n<p>No centro da Casa Nossa Senhora das Merc\u00eas, o espa\u00e7o convida \u00e0 reflex\u00e3o, estimulando o p\u00fablico a pensar sobre a atual situa\u00e7\u00e3o do ecossistema brasileiro e a heran\u00e7a ambiental que deixaremos para as pr\u00f3ximas gera\u00e7\u00f5es.<\/p>\n\n\n\n<p>&#8220;Mais do que criar um jardim esteticamente bonito, queremos provocar uma reflex\u00e3o sobre a import\u00e2ncia das \u00e1rvores em nossas vidas e o impacto das escolhas de hoje nas futuras gera\u00e7\u00f5es&#8221;, afirma Alex. &#8220;Dedicamos esse trabalho a Sebasti\u00e3o e L\u00e9lia Salgado, que conseguiram regenerar uma \u00e1rea degradada em Minas Gerais com um trabalho exemplar de reflorestamento.&#8221;<\/p>\n\n\n\n<p>Sobre a composi\u00e7\u00e3o do espa\u00e7o, ele detalha: &#8220;Um espa\u00e7o que antes estava vazio, agora est\u00e1 cheio de ip\u00eas, pau-brasil, pau-ferro, bau\u00ednias, sete-copas e tantas outras esp\u00e9cies. Queremos que o visitante da Casacor, ao chegar ao nosso espa\u00e7o, sinta-se abra\u00e7ado pela natureza. Que encontre paz e prazer em sentar e desfrutar um pouco de tudo que fizemos com tanto carinho e respeito ao meio ambiente.&#8221;<\/p>\n\n\n\n<p>Um defensor ativo da natureza, Alex cita o Jardim das \u00c1rvores como um desdobramento de seu projeto nas redes sociais, representado pela hashtag #tafaltandoarvore, usada para denunciar, por meio de fotos e v\u00eddeos, a aus\u00eancia de \u00e1reas verdes na maioria das cidades brasileiras, especialmente em Salvador e Itabuna, sua cidade natal.<\/p>\n\n\n\n<p><strong>Ficha t\u00e9cnica<\/strong><\/p>\n\n\n\n<p><strong><em>Casacor Bahia 2025<\/em><\/strong><\/p>\n\n\n\n<p><em><strong>Espa\u00e7o de Alex S\u00e1 Gomes: Jardim das \u00c1rvores<\/strong><\/em><\/p>\n\n\n\n<p><strong><em>Destaque: homenagem ao fot\u00f3grafo Sebasti\u00e3o Salgado (falecido em maio de 2025), com obra de Bel Borba em exposi\u00e7\u00e3o<\/em><\/strong><\/p>\n\n\n\n<p><strong><em>Quando: de 8 de julho a 7 de setembro<\/em><\/strong><\/p>\n\n\n\n<p><strong><em>Onde: Casa Nossa Senhora das Merc\u00eas \u2013 Av. Sete de Setembro, 1105, Centro<\/em><\/strong><\/p>\n\n\n\n<p><strong><em>Tema: &#8220;Semear Sonhos&#8221;<\/em><\/strong><\/p>\n\n\n\n<p><em><strong>Ingressos: https:\/\/appcasacor.com.br\/events\/bahia-2025\/tickets<\/strong><\/em><\/p>\n\n\n\n<p><strong><em>Instagram: @alex.paisagismo<\/em><\/strong><\/p>\n\n\n\n<p><strong><em>Parceiros do espa\u00e7o Jardim das \u00c1rvores (ordem alfab\u00e9tica):<\/em><\/strong><\/p>\n\n\n\n<p><strong><em>Anau\u00e1 Revestimentos, Areka&#8217;a &#8211; Arte da Mata, B\u00e1sica Home, Bel Borba, Cama\u00e7ari Ind\u00fastria de Piscinas, Horto Capital do Verde, Jardins e Afins, Luminata<\/em><\/strong><\/p>\n\n\n\n<p>________________________________________________________________________________________________________________<\/p>\n\n\n<p class=\"wp-block-tag-cloud\"><a href=\"https:\/\/www.comunicarmais.com.br\/site\/tag\/bahia\/\" class=\"tag-cloud-link tag-link-171 tag-link-position-1\" style=\"font-size: 17.922330097087pt;\" aria-label=\"Bahia (116 itens)\">Bahia<\/a>\n<a href=\"https:\/\/www.comunicarmais.com.br\/site\/tag\/bolsonaro\/\" class=\"tag-cloud-link tag-link-112 tag-link-position-2\" style=\"font-size: 11.533980582524pt;\" aria-label=\"Bolsonaro (39 itens)\">Bolsonaro<\/a>\n<a href=\"https:\/\/www.comunicarmais.com.br\/site\/tag\/brasil\/\" class=\"tag-cloud-link tag-link-335 tag-link-position-3\" style=\"font-size: 13.029126213592pt;\" aria-label=\"Brasil (50 itens)\">Brasil<\/a>\n<a href=\"https:\/\/www.comunicarmais.com.br\/site\/tag\/camacari\/\" class=\"tag-cloud-link tag-link-435 tag-link-position-4\" style=\"font-size: 8.8155339805825pt;\" aria-label=\"Cama\u00e7ari (24 itens)\">Cama\u00e7ari<\/a>\n<a href=\"https:\/\/www.comunicarmais.com.br\/site\/tag\/carnaval\/\" class=\"tag-cloud-link tag-link-508 tag-link-position-5\" style=\"font-size: 12.893203883495pt;\" aria-label=\"Carnaval (49 itens)\">Carnaval<\/a>\n<a href=\"https:\/\/www.comunicarmais.com.br\/site\/tag\/cbx\/\" class=\"tag-cloud-link tag-link-1602 tag-link-position-6\" style=\"font-size: 11.398058252427pt;\" aria-label=\"CBX (38 itens)\">CBX<\/a>\n<a href=\"https:\/\/www.comunicarmais.com.br\/site\/tag\/cidade-baixa\/\" class=\"tag-cloud-link tag-link-456 tag-link-position-7\" style=\"font-size: 9.9029126213592pt;\" aria-label=\"Cidade Baixa (29 itens)\">Cidade Baixa<\/a>\n<a href=\"https:\/\/www.comunicarmais.com.br\/site\/tag\/cinema\/\" class=\"tag-cloud-link tag-link-985 tag-link-position-8\" style=\"font-size: 11.126213592233pt;\" aria-label=\"Cinema (36 itens)\">Cinema<\/a>\n<a href=\"https:\/\/www.comunicarmais.com.br\/site\/tag\/cultura\/\" class=\"tag-cloud-link tag-link-231 tag-link-position-9\" style=\"font-size: 12.21359223301pt;\" aria-label=\"Cultura (44 itens)\">Cultura<\/a>\n<a href=\"https:\/\/www.comunicarmais.com.br\/site\/tag\/drogas\/\" class=\"tag-cloud-link tag-link-165 tag-link-position-10\" style=\"font-size: 12.757281553398pt;\" aria-label=\"Drogas (48 itens)\">Drogas<\/a>\n<a href=\"https:\/\/www.comunicarmais.com.br\/site\/tag\/educacao\/\" class=\"tag-cloud-link tag-link-228 tag-link-position-11\" style=\"font-size: 12.621359223301pt;\" aria-label=\"Educa\u00e7\u00e3o (47 itens)\">Educa\u00e7\u00e3o<\/a>\n<a href=\"https:\/\/www.comunicarmais.com.br\/site\/tag\/ensino\/\" class=\"tag-cloud-link tag-link-233 tag-link-position-12\" style=\"font-size: 10.446601941748pt;\" aria-label=\"Ensino (32 itens)\">Ensino<\/a>\n<a href=\"https:\/\/www.comunicarmais.com.br\/site\/tag\/escola\/\" class=\"tag-cloud-link tag-link-229 tag-link-position-13\" style=\"font-size: 9.631067961165pt;\" aria-label=\"Escola (28 itens)\">Escola<\/a>\n<a href=\"https:\/\/www.comunicarmais.com.br\/site\/tag\/eua\/\" class=\"tag-cloud-link tag-link-664 tag-link-position-14\" style=\"font-size: 12.077669902913pt;\" aria-label=\"EUA (43 itens)\">EUA<\/a>\n<a href=\"https:\/\/www.comunicarmais.com.br\/site\/tag\/feira-de-santana\/\" class=\"tag-cloud-link tag-link-642 tag-link-position-15\" style=\"font-size: 9.2233009708738pt;\" aria-label=\"Feira de Santana (26 itens)\">Feira de Santana<\/a>\n<a href=\"https:\/\/www.comunicarmais.com.br\/site\/tag\/ficco\/\" class=\"tag-cloud-link tag-link-143 tag-link-position-16\" style=\"font-size: 9.2233009708738pt;\" aria-label=\"Ficco (26 itens)\">Ficco<\/a>\n<a href=\"https:\/\/www.comunicarmais.com.br\/site\/tag\/folia\/\" class=\"tag-cloud-link tag-link-566 tag-link-position-17\" style=\"font-size: 9.2233009708738pt;\" aria-label=\"Folia (26 itens)\">Folia<\/a>\n<a href=\"https:\/\/www.comunicarmais.com.br\/site\/tag\/futebol\/\" class=\"tag-cloud-link tag-link-40 tag-link-position-18\" style=\"font-size: 13.029126213592pt;\" aria-label=\"Futebol (50 itens)\">Futebol<\/a>\n<a href=\"https:\/\/www.comunicarmais.com.br\/site\/tag\/homicidio\/\" class=\"tag-cloud-link tag-link-101 tag-link-position-19\" style=\"font-size: 10.582524271845pt;\" aria-label=\"Homic\u00eddio (33 itens)\">Homic\u00eddio<\/a>\n<a href=\"https:\/\/www.comunicarmais.com.br\/site\/tag\/itapagipe\/\" class=\"tag-cloud-link tag-link-471 tag-link-position-20\" style=\"font-size: 10.038834951456pt;\" aria-label=\"Itapagipe (30 itens)\">Itapagipe<\/a>\n<a href=\"https:\/\/www.comunicarmais.com.br\/site\/tag\/itaparica\/\" class=\"tag-cloud-link tag-link-301 tag-link-position-21\" style=\"font-size: 8pt;\" aria-label=\"Itaparica (21 itens)\">Itaparica<\/a>\n<a href=\"https:\/\/www.comunicarmais.com.br\/site\/tag\/jeronimo-rodrigues\/\" class=\"tag-cloud-link tag-link-668 tag-link-position-22\" style=\"font-size: 8.2718446601942pt;\" aria-label=\"Jer\u00f4nimo Rodrigues (22 itens)\">Jer\u00f4nimo Rodrigues<\/a>\n<a href=\"https:\/\/www.comunicarmais.com.br\/site\/tag\/justica\/\" class=\"tag-cloud-link tag-link-361 tag-link-position-23\" style=\"font-size: 10.582524271845pt;\" aria-label=\"Justi\u00e7a (33 itens)\">Justi\u00e7a<\/a>\n<a href=\"https:\/\/www.comunicarmais.com.br\/site\/tag\/lauro-de-freitas\/\" class=\"tag-cloud-link tag-link-594 tag-link-position-24\" style=\"font-size: 18.194174757282pt;\" aria-label=\"Lauro de Freitas (122 itens)\">Lauro de Freitas<\/a>\n<a href=\"https:\/\/www.comunicarmais.com.br\/site\/tag\/lazer\/\" class=\"tag-cloud-link tag-link-568 tag-link-position-25\" style=\"font-size: 9.2233009708738pt;\" aria-label=\"Lazer (26 itens)\">Lazer<\/a>\n<a href=\"https:\/\/www.comunicarmais.com.br\/site\/tag\/lula\/\" class=\"tag-cloud-link tag-link-416 tag-link-position-26\" style=\"font-size: 12.21359223301pt;\" aria-label=\"Lula (44 itens)\">Lula<\/a>\n<a href=\"https:\/\/www.comunicarmais.com.br\/site\/tag\/meio-ambiente\/\" class=\"tag-cloud-link tag-link-475 tag-link-position-27\" style=\"font-size: 12.21359223301pt;\" aria-label=\"Meio Ambiente (44 itens)\">Meio Ambiente<\/a>\n<a href=\"https:\/\/www.comunicarmais.com.br\/site\/tag\/mobilidade\/\" class=\"tag-cloud-link tag-link-278 tag-link-position-28\" style=\"font-size: 13.844660194175pt;\" aria-label=\"Mobilidade (58 itens)\">Mobilidade<\/a>\n<a href=\"https:\/\/www.comunicarmais.com.br\/site\/tag\/mulher\/\" class=\"tag-cloud-link tag-link-450 tag-link-position-29\" style=\"font-size: 13.300970873786pt;\" aria-label=\"mulher (53 itens)\">mulher<\/a>\n<a href=\"https:\/\/www.comunicarmais.com.br\/site\/tag\/musica-2\/\" class=\"tag-cloud-link tag-link-747 tag-link-position-30\" style=\"font-size: 12.21359223301pt;\" aria-label=\"M\u00fasica (44 itens)\">M\u00fasica<\/a>\n<a href=\"https:\/\/www.comunicarmais.com.br\/site\/tag\/pcba\/\" class=\"tag-cloud-link tag-link-1332 tag-link-position-31\" style=\"font-size: 15.067961165049pt;\" aria-label=\"PCBA (72 itens)\">PCBA<\/a>\n<a href=\"https:\/\/www.comunicarmais.com.br\/site\/tag\/pmba\/\" class=\"tag-cloud-link tag-link-53 tag-link-position-32\" style=\"font-size: 18.194174757282pt;\" aria-label=\"PMBA (123 itens)\">PMBA<\/a>\n<a href=\"https:\/\/www.comunicarmais.com.br\/site\/tag\/policia-federal\/\" class=\"tag-cloud-link tag-link-620 tag-link-position-33\" style=\"font-size: 8.9514563106796pt;\" aria-label=\"Pol\u00edcia Federal (25 itens)\">Pol\u00edcia Federal<\/a>\n<a href=\"https:\/\/www.comunicarmais.com.br\/site\/tag\/politica\/\" class=\"tag-cloud-link tag-link-495 tag-link-position-34\" style=\"font-size: 16.291262135922pt;\" aria-label=\"Pol\u00edtica (89 itens)\">Pol\u00edtica<\/a>\n<a href=\"https:\/\/www.comunicarmais.com.br\/site\/tag\/rio-de-janeiro\/\" class=\"tag-cloud-link tag-link-152 tag-link-position-35\" style=\"font-size: 9.9029126213592pt;\" aria-label=\"Rio de Janeiro (29 itens)\">Rio de Janeiro<\/a>\n<a href=\"https:\/\/www.comunicarmais.com.br\/site\/tag\/salvador\/\" class=\"tag-cloud-link tag-link-125 tag-link-position-36\" style=\"font-size: 22pt;\" aria-label=\"Salvador (234 itens)\">Salvador<\/a>\n<a href=\"https:\/\/www.comunicarmais.com.br\/site\/tag\/saude\/\" class=\"tag-cloud-link tag-link-42 tag-link-position-37\" style=\"font-size: 17.78640776699pt;\" aria-label=\"Sa\u00fade (115 itens)\">Sa\u00fade<\/a>\n<a href=\"https:\/\/www.comunicarmais.com.br\/site\/tag\/seguranca\/\" class=\"tag-cloud-link tag-link-48 tag-link-position-38\" style=\"font-size: 9.2233009708738pt;\" aria-label=\"Seguran\u00e7a (26 itens)\">Seguran\u00e7a<\/a>\n<a href=\"https:\/\/www.comunicarmais.com.br\/site\/tag\/ssp-ba\/\" class=\"tag-cloud-link tag-link-1937 tag-link-position-39\" style=\"font-size: 8.9514563106796pt;\" aria-label=\"SSP-BA (25 itens)\">SSP-BA<\/a>\n<a href=\"https:\/\/www.comunicarmais.com.br\/site\/tag\/sspba\/\" class=\"tag-cloud-link tag-link-144 tag-link-position-40\" style=\"font-size: 11.398058252427pt;\" aria-label=\"SSPBA (38 itens)\">SSPBA<\/a>\n<a href=\"https:\/\/www.comunicarmais.com.br\/site\/tag\/stf\/\" class=\"tag-cloud-link tag-link-68 tag-link-position-41\" style=\"font-size: 14.252427184466pt;\" aria-label=\"STF (62 itens)\">STF<\/a>\n<a href=\"https:\/\/www.comunicarmais.com.br\/site\/tag\/sao-paulo\/\" class=\"tag-cloud-link tag-link-612 tag-link-position-42\" style=\"font-size: 8pt;\" aria-label=\"S\u00e3o Paulo (21 itens)\">S\u00e3o Paulo<\/a>\n<a href=\"https:\/\/www.comunicarmais.com.br\/site\/tag\/transito-2\/\" class=\"tag-cloud-link tag-link-377 tag-link-position-43\" style=\"font-size: 8.2718446601942pt;\" aria-label=\"tr\u00e2nsito (22 itens)\">tr\u00e2nsito<\/a>\n<a href=\"https:\/\/www.comunicarmais.com.br\/site\/tag\/turismo\/\" class=\"tag-cloud-link tag-link-225 tag-link-position-44\" style=\"font-size: 9.631067961165pt;\" aria-label=\"Turismo (28 itens)\">Turismo<\/a>\n<a href=\"https:\/\/www.comunicarmais.com.br\/site\/tag\/uruguai\/\" class=\"tag-cloud-link tag-link-323 tag-link-position-45\" style=\"font-size: 9.631067961165pt;\" aria-label=\"Uruguai (28 itens)\">Uruguai<\/a><\/p>","protected":false},"excerpt":{"rendered":"<p>Fot\u00f3grafo, falecido em maio, foi um dos mais engajados na luta contra o desmatamento no Brasil<\/p>\n","protected":false},"author":2,"featured_media":8661,"comment_status":"open","ping_status":"open","sticky":false,"template":"","format":"standard","meta":{"_acf_changed":false,"footnotes":""},"categories":[11,1],"tags":[1155,2714,2711,2713,2712],"class_list":["post-8660","post","type-post","status-publish","format-standard","has-post-thumbnail","hentry","category-cultura-lazer","category-sem-categoria","tag-artes-plasticas","tag-bel-borba","tag-casacor","tag-paisagismo","tag-sebastiao-salgado"],"acf":[],"yoast_head":"<!-- This site is optimized with the Yoast SEO plugin v26.1.1 - https:\/\/yoast.com\/wordpress\/plugins\/seo\/ -->\n<title>Alex S\u00e1 Gomes homenageia Sebasti\u00e3o Salgado com o Jardim das \u00c1rvores na Casacor Bahia - Comunicar Mais<\/title>\n<meta name=\"description\" content=\"Fot\u00f3grafo, falecido em maio, foi um dos mais engajados na luta contra o desmatamento no Brasil\" \/>\n<meta name=\"robots\" content=\"index, follow, max-snippet:-1, max-image-preview:large, max-video-preview:-1\" \/>\n<link rel=\"canonical\" href=\"https:\/\/www.comunicarmais.com.br\/site\/2025\/07\/06\/alex-sa-gomes-homenageia-sebastiao-salgado-com-o-jardim-das-arvores-na-casacor-bahia\/\" \/>\n<meta property=\"og:locale\" content=\"pt_BR\" \/>\n<meta property=\"og:type\" content=\"article\" \/>\n<meta property=\"og:title\" content=\"Alex S\u00e1 Gomes homenageia Sebasti\u00e3o Salgado com o Jardim das \u00c1rvores na Casacor Bahia - Comunicar Mais\" \/>\n<meta property=\"og:description\" content=\"Fot\u00f3grafo, falecido em maio, foi um dos mais engajados na luta contra o desmatamento no Brasil\" \/>\n<meta property=\"og:url\" content=\"https:\/\/www.comunicarmais.com.br\/site\/2025\/07\/06\/alex-sa-gomes-homenageia-sebastiao-salgado-com-o-jardim-das-arvores-na-casacor-bahia\/\" \/>\n<meta property=\"og:site_name\" content=\"Comunicar Mais\" \/>\n<meta property=\"article:publisher\" content=\"https:\/\/www.facebook.com\/comunicarmais\/\" \/>\n<meta property=\"article:author\" content=\"https:\/\/www.facebook.com\/comunicarmais\/\" \/>\n<meta property=\"article:published_time\" content=\"2025-07-07T01:21:33+00:00\" \/>\n<meta property=\"article:modified_time\" content=\"2025-07-07T01:22:13+00:00\" \/>\n<meta property=\"og:image\" content=\"https:\/\/www.comunicarmais.com.br\/site\/wp-content\/uploads\/2025\/07\/VERT_A-mao-04-1-horz-1433x1036.jpg\" \/>\n\t<meta property=\"og:image:width\" content=\"1433\" \/>\n\t<meta property=\"og:image:height\" content=\"1036\" \/>\n\t<meta property=\"og:image:type\" content=\"image\/jpeg\" \/>\n<meta name=\"author\" content=\"Comunicar Mais\" \/>\n<meta name=\"twitter:card\" content=\"summary_large_image\" \/>\n<meta name=\"twitter:creator\" content=\"@ComunicarmaisBA\" \/>\n<meta name=\"twitter:site\" content=\"@ComunicarmaisBA\" \/>\n<meta name=\"twitter:label1\" content=\"Escrito por\" \/>\n\t<meta name=\"twitter:data1\" content=\"Comunicar Mais\" \/>\n\t<meta name=\"twitter:label2\" content=\"Est. tempo de leitura\" \/>\n\t<meta name=\"twitter:data2\" content=\"3 minutos\" \/>\n<script type=\"application\/ld+json\" class=\"yoast-schema-graph\">{\"@context\":\"https:\/\/schema.org\",\"@graph\":[{\"@type\":\"WebPage\",\"@id\":\"https:\/\/www.comunicarmais.com.br\/site\/2025\/07\/06\/alex-sa-gomes-homenageia-sebastiao-salgado-com-o-jardim-das-arvores-na-casacor-bahia\/\",\"url\":\"https:\/\/www.comunicarmais.com.br\/site\/2025\/07\/06\/alex-sa-gomes-homenageia-sebastiao-salgado-com-o-jardim-das-arvores-na-casacor-bahia\/\",\"name\":\"Alex S\u00e1 Gomes homenageia Sebasti\u00e3o Salgado com o Jardim das \u00c1rvores na Casacor Bahia - Comunicar Mais\",\"isPartOf\":{\"@id\":\"https:\/\/www.comunicarmais.com.br\/site\/#website\"},\"primaryImageOfPage\":{\"@id\":\"https:\/\/www.comunicarmais.com.br\/site\/2025\/07\/06\/alex-sa-gomes-homenageia-sebastiao-salgado-com-o-jardim-das-arvores-na-casacor-bahia\/#primaryimage\"},\"image\":{\"@id\":\"https:\/\/www.comunicarmais.com.br\/site\/2025\/07\/06\/alex-sa-gomes-homenageia-sebastiao-salgado-com-o-jardim-das-arvores-na-casacor-bahia\/#primaryimage\"},\"thumbnailUrl\":\"https:\/\/www.comunicarmais.com.br\/site\/wp-content\/uploads\/2025\/07\/VERT_A-mao-04-1-horz.jpg\",\"datePublished\":\"2025-07-07T01:21:33+00:00\",\"dateModified\":\"2025-07-07T01:22:13+00:00\",\"author\":{\"@id\":\"https:\/\/www.comunicarmais.com.br\/site\/#\/schema\/person\/712f7b6b25b644e4a91c4173674cf284\"},\"description\":\"Fot\u00f3grafo, falecido em maio, foi um dos mais engajados na luta contra o desmatamento no Brasil\",\"breadcrumb\":{\"@id\":\"https:\/\/www.comunicarmais.com.br\/site\/2025\/07\/06\/alex-sa-gomes-homenageia-sebastiao-salgado-com-o-jardim-das-arvores-na-casacor-bahia\/#breadcrumb\"},\"inLanguage\":\"pt-BR\",\"potentialAction\":[{\"@type\":\"ReadAction\",\"target\":[\"https:\/\/www.comunicarmais.com.br\/site\/2025\/07\/06\/alex-sa-gomes-homenageia-sebastiao-salgado-com-o-jardim-das-arvores-na-casacor-bahia\/\"]}]},{\"@type\":\"ImageObject\",\"inLanguage\":\"pt-BR\",\"@id\":\"https:\/\/www.comunicarmais.com.br\/site\/2025\/07\/06\/alex-sa-gomes-homenageia-sebastiao-salgado-com-o-jardim-das-arvores-na-casacor-bahia\/#primaryimage\",\"url\":\"https:\/\/www.comunicarmais.com.br\/site\/wp-content\/uploads\/2025\/07\/VERT_A-mao-04-1-horz.jpg\",\"contentUrl\":\"https:\/\/www.comunicarmais.com.br\/site\/wp-content\/uploads\/2025\/07\/VERT_A-mao-04-1-horz.jpg\",\"width\":2214,\"height\":1600},{\"@type\":\"BreadcrumbList\",\"@id\":\"https:\/\/www.comunicarmais.com.br\/site\/2025\/07\/06\/alex-sa-gomes-homenageia-sebastiao-salgado-com-o-jardim-das-arvores-na-casacor-bahia\/#breadcrumb\",\"itemListElement\":[{\"@type\":\"ListItem\",\"position\":1,\"name\":\"In\u00edcio\",\"item\":\"https:\/\/www.comunicarmais.com.br\/site\/\"},{\"@type\":\"ListItem\",\"position\":2,\"name\":\"Alex S\u00e1 Gomes homenageia Sebasti\u00e3o Salgado com o Jardim das \u00c1rvores na Casacor Bahia\"}]},{\"@type\":\"WebSite\",\"@id\":\"https:\/\/www.comunicarmais.com.br\/site\/#website\",\"url\":\"https:\/\/www.comunicarmais.com.br\/site\/\",\"name\":\"Comunicar Mais\",\"description\":\"\",\"potentialAction\":[{\"@type\":\"SearchAction\",\"target\":{\"@type\":\"EntryPoint\",\"urlTemplate\":\"https:\/\/www.comunicarmais.com.br\/site\/?s={search_term_string}\"},\"query-input\":{\"@type\":\"PropertyValueSpecification\",\"valueRequired\":true,\"valueName\":\"search_term_string\"}}],\"inLanguage\":\"pt-BR\"},{\"@type\":\"Person\",\"@id\":\"https:\/\/www.comunicarmais.com.br\/site\/#\/schema\/person\/712f7b6b25b644e4a91c4173674cf284\",\"name\":\"Comunicar Mais\",\"image\":{\"@type\":\"ImageObject\",\"inLanguage\":\"pt-BR\",\"@id\":\"https:\/\/www.comunicarmais.com.br\/site\/#\/schema\/person\/image\/\",\"url\":\"https:\/\/secure.gravatar.com\/avatar\/9803218072e2c0dc265d3d787b54c2c33325e79f79732707fddfbf1efd82c678?s=96&d=mm&r=g\",\"contentUrl\":\"https:\/\/secure.gravatar.com\/avatar\/9803218072e2c0dc265d3d787b54c2c33325e79f79732707fddfbf1efd82c678?s=96&d=mm&r=g\",\"caption\":\"Comunicar Mais\"},\"description\":\"Deixe as ideologias com os ide\u00f3logos. Noticiamos fatos, n\u00e3o brigamos com eles. Aqui, voc\u00ea fica bem informado do que acontece no seu bairro e no mundo. Informar com \u00e9tica e responsabilidade s\u00e3o as bandeiras do Comunicarmais.\",\"sameAs\":[\"https:\/\/www.comunicarmais.com.br\/site\/\",\"https:\/\/www.facebook.com\/comunicarmais\/\",\"https:\/\/www.instagram.com\/comunicarmaisba\/\",\"https:\/\/x.com\/ComunicarmaisBA\"],\"url\":\"https:\/\/www.comunicarmais.com.br\/site\/author\/gerenciador\/\"}]}<\/script>\n<!-- \/ Yoast SEO plugin. -->","yoast_head_json":{"title":"Alex S\u00e1 Gomes homenageia Sebasti\u00e3o Salgado com o Jardim das \u00c1rvores na Casacor Bahia - Comunicar Mais","description":"Fot\u00f3grafo, falecido em maio, foi um dos mais engajados na luta contra o desmatamento no Brasil","robots":{"index":"index","follow":"follow","max-snippet":"max-snippet:-1","max-image-preview":"max-image-preview:large","max-video-preview":"max-video-preview:-1"},"canonical":"https:\/\/www.comunicarmais.com.br\/site\/2025\/07\/06\/alex-sa-gomes-homenageia-sebastiao-salgado-com-o-jardim-das-arvores-na-casacor-bahia\/","og_locale":"pt_BR","og_type":"article","og_title":"Alex S\u00e1 Gomes homenageia Sebasti\u00e3o Salgado com o Jardim das \u00c1rvores na Casacor Bahia - Comunicar Mais","og_description":"Fot\u00f3grafo, falecido em maio, foi um dos mais engajados na luta contra o desmatamento no Brasil","og_url":"https:\/\/www.comunicarmais.com.br\/site\/2025\/07\/06\/alex-sa-gomes-homenageia-sebastiao-salgado-com-o-jardim-das-arvores-na-casacor-bahia\/","og_site_name":"Comunicar Mais","article_publisher":"https:\/\/www.facebook.com\/comunicarmais\/","article_author":"https:\/\/www.facebook.com\/comunicarmais\/","article_published_time":"2025-07-07T01:21:33+00:00","article_modified_time":"2025-07-07T01:22:13+00:00","og_image":[{"width":1433,"height":1036,"url":"https:\/\/www.comunicarmais.com.br\/site\/wp-content\/uploads\/2025\/07\/VERT_A-mao-04-1-horz-1433x1036.jpg","type":"image\/jpeg"}],"author":"Comunicar Mais","twitter_card":"summary_large_image","twitter_creator":"@ComunicarmaisBA","twitter_site":"@ComunicarmaisBA","twitter_misc":{"Escrito por":"Comunicar Mais","Est. tempo de leitura":"3 minutos"},"schema":{"@context":"https:\/\/schema.org","@graph":[{"@type":"WebPage","@id":"https:\/\/www.comunicarmais.com.br\/site\/2025\/07\/06\/alex-sa-gomes-homenageia-sebastiao-salgado-com-o-jardim-das-arvores-na-casacor-bahia\/","url":"https:\/\/www.comunicarmais.com.br\/site\/2025\/07\/06\/alex-sa-gomes-homenageia-sebastiao-salgado-com-o-jardim-das-arvores-na-casacor-bahia\/","name":"Alex S\u00e1 Gomes homenageia Sebasti\u00e3o Salgado com o Jardim das \u00c1rvores na Casacor Bahia - Comunicar Mais","isPartOf":{"@id":"https:\/\/www.comunicarmais.com.br\/site\/#website"},"primaryImageOfPage":{"@id":"https:\/\/www.comunicarmais.com.br\/site\/2025\/07\/06\/alex-sa-gomes-homenageia-sebastiao-salgado-com-o-jardim-das-arvores-na-casacor-bahia\/#primaryimage"},"image":{"@id":"https:\/\/www.comunicarmais.com.br\/site\/2025\/07\/06\/alex-sa-gomes-homenageia-sebastiao-salgado-com-o-jardim-das-arvores-na-casacor-bahia\/#primaryimage"},"thumbnailUrl":"https:\/\/www.comunicarmais.com.br\/site\/wp-content\/uploads\/2025\/07\/VERT_A-mao-04-1-horz.jpg","datePublished":"2025-07-07T01:21:33+00:00","dateModified":"2025-07-07T01:22:13+00:00","author":{"@id":"https:\/\/www.comunicarmais.com.br\/site\/#\/schema\/person\/712f7b6b25b644e4a91c4173674cf284"},"description":"Fot\u00f3grafo, falecido em maio, foi um dos mais engajados na luta contra o desmatamento no Brasil","breadcrumb":{"@id":"https:\/\/www.comunicarmais.com.br\/site\/2025\/07\/06\/alex-sa-gomes-homenageia-sebastiao-salgado-com-o-jardim-das-arvores-na-casacor-bahia\/#breadcrumb"},"inLanguage":"pt-BR","potentialAction":[{"@type":"ReadAction","target":["https:\/\/www.comunicarmais.com.br\/site\/2025\/07\/06\/alex-sa-gomes-homenageia-sebastiao-salgado-com-o-jardim-das-arvores-na-casacor-bahia\/"]}]},{"@type":"ImageObject","inLanguage":"pt-BR","@id":"https:\/\/www.comunicarmais.com.br\/site\/2025\/07\/06\/alex-sa-gomes-homenageia-sebastiao-salgado-com-o-jardim-das-arvores-na-casacor-bahia\/#primaryimage","url":"https:\/\/www.comunicarmais.com.br\/site\/wp-content\/uploads\/2025\/07\/VERT_A-mao-04-1-horz.jpg","contentUrl":"https:\/\/www.comunicarmais.com.br\/site\/wp-content\/uploads\/2025\/07\/VERT_A-mao-04-1-horz.jpg","width":2214,"height":1600},{"@type":"BreadcrumbList","@id":"https:\/\/www.comunicarmais.com.br\/site\/2025\/07\/06\/alex-sa-gomes-homenageia-sebastiao-salgado-com-o-jardim-das-arvores-na-casacor-bahia\/#breadcrumb","itemListElement":[{"@type":"ListItem","position":1,"name":"In\u00edcio","item":"https:\/\/www.comunicarmais.com.br\/site\/"},{"@type":"ListItem","position":2,"name":"Alex S\u00e1 Gomes homenageia Sebasti\u00e3o Salgado com o Jardim das \u00c1rvores na Casacor Bahia"}]},{"@type":"WebSite","@id":"https:\/\/www.comunicarmais.com.br\/site\/#website","url":"https:\/\/www.comunicarmais.com.br\/site\/","name":"Comunicar Mais","description":"","potentialAction":[{"@type":"SearchAction","target":{"@type":"EntryPoint","urlTemplate":"https:\/\/www.comunicarmais.com.br\/site\/?s={search_term_string}"},"query-input":{"@type":"PropertyValueSpecification","valueRequired":true,"valueName":"search_term_string"}}],"inLanguage":"pt-BR"},{"@type":"Person","@id":"https:\/\/www.comunicarmais.com.br\/site\/#\/schema\/person\/712f7b6b25b644e4a91c4173674cf284","name":"Comunicar Mais","image":{"@type":"ImageObject","inLanguage":"pt-BR","@id":"https:\/\/www.comunicarmais.com.br\/site\/#\/schema\/person\/image\/","url":"https:\/\/secure.gravatar.com\/avatar\/9803218072e2c0dc265d3d787b54c2c33325e79f79732707fddfbf1efd82c678?s=96&d=mm&r=g","contentUrl":"https:\/\/secure.gravatar.com\/avatar\/9803218072e2c0dc265d3d787b54c2c33325e79f79732707fddfbf1efd82c678?s=96&d=mm&r=g","caption":"Comunicar Mais"},"description":"Deixe as ideologias com os ide\u00f3logos. Noticiamos fatos, n\u00e3o brigamos com eles. Aqui, voc\u00ea fica bem informado do que acontece no seu bairro e no mundo. Informar com \u00e9tica e responsabilidade s\u00e3o as bandeiras do Comunicarmais.","sameAs":["https:\/\/www.comunicarmais.com.br\/site\/","https:\/\/www.facebook.com\/comunicarmais\/","https:\/\/www.instagram.com\/comunicarmaisba\/","https:\/\/x.com\/ComunicarmaisBA"],"url":"https:\/\/www.comunicarmais.com.br\/site\/author\/gerenciador\/"}]}},"_links":{"self":[{"href":"https:\/\/www.comunicarmais.com.br\/site\/wp-json\/wp\/v2\/posts\/8660","targetHints":{"allow":["GET"]}}],"collection":[{"href":"https:\/\/www.comunicarmais.com.br\/site\/wp-json\/wp\/v2\/posts"}],"about":[{"href":"https:\/\/www.comunicarmais.com.br\/site\/wp-json\/wp\/v2\/types\/post"}],"author":[{"embeddable":true,"href":"https:\/\/www.comunicarmais.com.br\/site\/wp-json\/wp\/v2\/users\/2"}],"replies":[{"embeddable":true,"href":"https:\/\/www.comunicarmais.com.br\/site\/wp-json\/wp\/v2\/comments?post=8660"}],"version-history":[{"count":1,"href":"https:\/\/www.comunicarmais.com.br\/site\/wp-json\/wp\/v2\/posts\/8660\/revisions"}],"predecessor-version":[{"id":8662,"href":"https:\/\/www.comunicarmais.com.br\/site\/wp-json\/wp\/v2\/posts\/8660\/revisions\/8662"}],"wp:featuredmedia":[{"embeddable":true,"href":"https:\/\/www.comunicarmais.com.br\/site\/wp-json\/wp\/v2\/media\/8661"}],"wp:attachment":[{"href":"https:\/\/www.comunicarmais.com.br\/site\/wp-json\/wp\/v2\/media?parent=8660"}],"wp:term":[{"taxonomy":"category","embeddable":true,"href":"https:\/\/www.comunicarmais.com.br\/site\/wp-json\/wp\/v2\/categories?post=8660"},{"taxonomy":"post_tag","embeddable":true,"href":"https:\/\/www.comunicarmais.com.br\/site\/wp-json\/wp\/v2\/tags?post=8660"}],"curies":[{"name":"wp","href":"https:\/\/api.w.org\/{rel}","templated":true}]}}