{"id":8635,"date":"2025-07-03T12:03:00","date_gmt":"2025-07-03T15:03:00","guid":{"rendered":"https:\/\/www.comunicarmais.com.br\/site\/?p=8635"},"modified":"2025-07-03T22:17:44","modified_gmt":"2025-07-04T01:17:44","slug":"salvador-retoma-voos-diretos-para-o-panama-e-amplia-acesso-a-88-destinos-do-caribe-e-das-americas-do-norte-e-central","status":"publish","type":"post","link":"https:\/\/www.comunicarmais.com.br\/site\/2025\/07\/03\/salvador-retoma-voos-diretos-para-o-panama-e-amplia-acesso-a-88-destinos-do-caribe-e-das-americas-do-norte-e-central\/","title":{"rendered":"Salvador retoma voos diretos para o Panam\u00e1 e amplia acesso a 88 destinos do Caribe e das Am\u00e9ricas do Norte e Central"},"content":{"rendered":"\n<p><strong>Com a nova rota, pessoas vindas de todas as Am\u00e9ricas poder\u00e3o desembarcar diretamente em Salvador num voo da Copa Airlines, sem a necessidade de fazer conex\u00e3o em outra cidade brasileira<\/strong><\/p>\n\n\n\n<figure class=\"wp-block-image size-full\"><img decoding=\"async\" width=\"1024\" height=\"682\" data-src=\"https:\/\/www.comunicarmais.com.br\/site\/wp-content\/uploads\/2025\/07\/Novo_voo_Copa_Airlines_Cidade_do_Panama__Fotos__Adam_Vidal__Secom_PMS-1-1024x682-1.jpg\" alt=\"\" class=\"wp-image-8636 lazyload\" data-srcset=\"https:\/\/www.comunicarmais.com.br\/site\/wp-content\/uploads\/2025\/07\/Novo_voo_Copa_Airlines_Cidade_do_Panama__Fotos__Adam_Vidal__Secom_PMS-1-1024x682-1.jpg 1024w, https:\/\/www.comunicarmais.com.br\/site\/wp-content\/uploads\/2025\/07\/Novo_voo_Copa_Airlines_Cidade_do_Panama__Fotos__Adam_Vidal__Secom_PMS-1-1024x682-1-768x512.jpg 768w\" data-sizes=\"(max-width: 1024px) 100vw, 1024px\" src=\"data:image\/svg+xml;base64,PHN2ZyB3aWR0aD0iMSIgaGVpZ2h0PSIxIiB4bWxucz0iaHR0cDovL3d3dy53My5vcmcvMjAwMC9zdmciPjwvc3ZnPg==\" style=\"--smush-placeholder-width: 1024px; --smush-placeholder-aspect-ratio: 1024\/682;\" \/><figcaption class=\"wp-element-caption\"><sup>(<em>Foto: Adam Vidal\/ Secom PMS)<\/em><\/sup><\/figcaption><\/figure>\n\n\n\n<p><strong>Reda\u00e7\u00e3o Mais &#8211; <\/strong>A Copa Airlines, companhia a\u00e9rea panamenha que est\u00e1 entre as maiores da Am\u00e9rica Latina, anunciou nesta quinta-feira (3) o retorno da sua opera\u00e7\u00e3o em Salvador. Ser\u00e3o quatro voos semanais interligando a capital baiana e o Aeroporto de Tocumen, na Cidade do Panam\u00e1, principal hub internacional da empresa. De l\u00e1, \u00e9 poss\u00edvel fazer conex\u00f5es para mais de 88 destinos em 32 pa\u00edses do Caribe e das Am\u00e9ricas Central, do Sul e do Norte, inclusive para os Estados Unidos. Ana Paula Matos, vice-prefeita e secret\u00e1ria municipal de Cultura e Turismo (Secult), participou da cerim\u00f4nia de an\u00fancio, realizada no Aeroporto de Salvador.<\/p>\n\n\n\n<p>O primeiro voo est\u00e1 programado para o dia 7 de janeiro. Com a nova rota, pessoas vindas de todas as Am\u00e9ricas poder\u00e3o desembarcar diretamente em Salvador num voo da Copa Airlines, sem a necessidade de fazer conex\u00e3o em outra cidade brasileira. No sentido inverso, milhares de baianos poder\u00e3o viajar a pa\u00edses como Estados Unidos, Costa Rica, Canad\u00e1, M\u00e9xico e todo o Caribe sem precisarem passar por um hub mais ao sul do Brasil, como em S\u00e3o Paulo, economizando assim tempo e tornando as passagens mais baratas.<\/p>\n\n\n\n<p>Ana Paula Matos destacou a import\u00e2ncia para a economia soteropolitana: \u201cPara qualquer cidade brasileira esses voos seriam importantes, mas, para Salvador, ele \u00e9 essencial. Somos hoje a cidade refer\u00eancia no mundo em afroturismo, somos a cidade mais negra fora da \u00c1frica. Com esse voo, a gente se conecta com todo o Caribe, com a \u00c1frica e, tamb\u00e9m, com o forte mercado de afroturismo dos Estados Unidos. Com isso, a gente mostra para o mundo quem \u00e9 Salvador e toda a nossa for\u00e7a\u201d, disse.<\/p>\n\n\n\n<p>\u201cS\u00f3 um dado, que \u00e9 importante, para a gente compreender: 80 mil baianos, anualmente, v\u00e3o para S\u00e3o Paulo e para outros lugares do Brasil com o objetivo de pegar um voo de conex\u00e3o para os Estados Unidos, boa parte deles pela Copa. Agora, esses baianos n\u00e3o v\u00e3o mais sair de Salvador para fazer essa conex\u00e3o. Eles v\u00e3o voar daqui mesmo, e poder\u00e3o fazer um \u2018stopover\u2019 no Panam\u00e1 antes de irem a outros destinos, seja pegando um navio a partir daquele pa\u00eds ou um voo, como, por exemplo, para os Estados Unidos\u201d, completou Ana Paula Matos.<\/p>\n\n\n\n<p>Os voos ser\u00e3o feitos pela aeronave Boeing 737-800, configuradas com capacidade para 160 passageiros. A rota entre a capital baiana e a Cidade do Panam\u00e1 j\u00e1 ocorreu entre julho de 2018 e mar\u00e7o de 2020, e foi encerrada por conta da pandemia da covid-19. A Copa tornou-se uma das maiores companhias a\u00e9reas do continente especializando-se em conectar as Am\u00e9ricas, e Salvador ser\u00e1 o \u00fanico destino no Nordeste. Hoje, ela opera no Brasil nas cidades de Manaus, Bras\u00edlia, Belo Horizonte, Rio de Janeiro, S\u00e3o Paulo, Florian\u00f3polis e Porto Alegre.<\/p>\n\n\n\n<p><strong>Protagonismo \u2013&nbsp;<\/strong>Ana Paula Matos destacou que a Prefeitura teve participa\u00e7\u00e3o fundamental na atra\u00e7\u00e3o do voo, que estava sendo disputado com o Recife. As negocia\u00e7\u00f5es come\u00e7aram em 2024, quando uma comitiva da Secult foi ao Panam\u00e1 apresentar os potenciais da cidade aos diretores da empresa. No \u00faltimo m\u00eas de maio, a pr\u00f3pria vice-prefeita e secret\u00e1ria foi \u00e0 Cidade do Panam\u00e1 para apresentar o plano de desenvolvimento tur\u00edstico e de comunica\u00e7\u00e3o da capital baiana para o CEO da companhia, Pedro Heilbron.<\/p>\n\n\n\n<p>\u201cEle perguntou: por que Salvador? E a gente apresentou um v\u00eddeo, mostrando tudo o que estava sendo feito no turismo daqui, tratamos do que seria poss\u00edvel fazer em rela\u00e7\u00e3o \u00e0 diminui\u00e7\u00e3o de taxas e nos comprometemos tamb\u00e9m a dar apoio na parte de comunica\u00e7\u00e3o. O trade tur\u00edstico foi essencial, porque os hot\u00e9is apresentaram uma tarifa especial para atrair esses trabalhadores da Copa. E aqui est\u00e1 a minha palavra de agradecimento \u00e0 Copa por essa escolha, por reconhecer a for\u00e7a do povo baiano\u201d, disse Ana Paula Matos.<\/p>\n\n\n\n<p>Foi apresentado todo o trabalho da Prefeitura para desenvolver o turismo, a exemplo da cria\u00e7\u00e3o de novos equipamentos culturais como a Casa das Hist\u00f3rias e a Galeria Mercado, al\u00e9m do apoio ao Museu Nacional da Cultura Afro-Brasileira (Muncab); a constru\u00e7\u00e3o de um novo Centro de Conven\u00e7\u00f5es; a requalifica\u00e7\u00e3o de toda a orla; al\u00e9m da divulga\u00e7\u00e3o estrat\u00e9gica do destino por meio da campanha Salvador Capital Afro, do calend\u00e1rio de ver\u00e3o e de festivais culturais internacionais, entre outros.<\/p>\n\n\n\n<p>Raphael de Lucca, Country Manager Brasil da Copa Airlines, agradeceu a Ana Paula Matos e \u00e0 Secult pela ajuda na intermedia\u00e7\u00e3o, e destacou que a rota aprofunda inclusive as rela\u00e7\u00f5es comerciais do Brasil com o Panam\u00e1, pa\u00eds que neste ano formalizou a sua entrada como Estado Associado ao Mercosul. \u201cClaro que quando a gente fala de um destino novo, a gente pensa logo no turismo, at\u00e9 porque a voca\u00e7\u00e3o natural da Bahia \u00e9 o turismo. Mas, junto do turismo, tamb\u00e9m vem o com\u00e9rcio, e o Panam\u00e1 est\u00e1 agora no Mercosul. Essa foi uma volta que foi trabalhada por muitas m\u00e3os e durante muito tempo, por isso quero agradecer a todos que estiveram envolvidos\u201d, disse na coletiva.<\/p>\n\n\n\n<p>Tamb\u00e9m presente ao evento, o presidente da Embratur, Marcelo Freixo, afirmou que est\u00e1 estreitando os la\u00e7os com a Secult para fortalecer a infraestrutura tur\u00edstica de Salvador. \u201cObrigado por toda a parceria, por toda a confian\u00e7a, por toda a constru\u00e7\u00e3o que a gente tem feito junto. A gente est\u00e1 combinando aqui uma parceria de intelig\u00eancia de dados, de modal, de inova\u00e7\u00e3o, de tudo o que a Embratur vem produzindo de infraestrutura, para que possa ser uma realidade municipal tamb\u00e9m. Tudo o que a gente produz l\u00e1 tem que acontecer tamb\u00e9m nas cidades, porque as cidades s\u00e3o determinantes. Ningu\u00e9m vive no estado ou no pa\u00eds, as pessoas vivem nas cidades, e elas s\u00e3o decisivas para a gente pensar no turismo\u201d, disse.<\/p>\n\n\n\n<p>Tamb\u00e9m participaram do evento a gerente de opera\u00e7\u00f5es do Salvador Bahia Airport, Marcia Lopes; o supervisor de transportes a\u00e9reos da Embratur, Maur\u00edcio Mascarenhas; e o secret\u00e1rio estadual de turismo da Bahia, Maur\u00edcio Bacelar.<\/p>\n\n\n\n<p>________________________________________________________________________________________________________________<\/p>\n\n\n<p class=\"wp-block-tag-cloud\"><a href=\"https:\/\/www.comunicarmais.com.br\/site\/tag\/bahia\/\" class=\"tag-cloud-link tag-link-171 tag-link-position-1\" style=\"font-size: 17.922330097087pt;\" aria-label=\"Bahia (116 itens)\">Bahia<\/a>\n<a href=\"https:\/\/www.comunicarmais.com.br\/site\/tag\/bolsonaro\/\" class=\"tag-cloud-link tag-link-112 tag-link-position-2\" style=\"font-size: 11.533980582524pt;\" aria-label=\"Bolsonaro (39 itens)\">Bolsonaro<\/a>\n<a href=\"https:\/\/www.comunicarmais.com.br\/site\/tag\/brasil\/\" class=\"tag-cloud-link tag-link-335 tag-link-position-3\" style=\"font-size: 12.893203883495pt;\" aria-label=\"Brasil (49 itens)\">Brasil<\/a>\n<a href=\"https:\/\/www.comunicarmais.com.br\/site\/tag\/camacari\/\" class=\"tag-cloud-link tag-link-435 tag-link-position-4\" style=\"font-size: 8.8155339805825pt;\" aria-label=\"Cama\u00e7ari (24 itens)\">Cama\u00e7ari<\/a>\n<a href=\"https:\/\/www.comunicarmais.com.br\/site\/tag\/carnaval\/\" class=\"tag-cloud-link tag-link-508 tag-link-position-5\" style=\"font-size: 12.893203883495pt;\" aria-label=\"Carnaval (49 itens)\">Carnaval<\/a>\n<a href=\"https:\/\/www.comunicarmais.com.br\/site\/tag\/cbx\/\" class=\"tag-cloud-link tag-link-1602 tag-link-position-6\" style=\"font-size: 11.398058252427pt;\" aria-label=\"CBX (38 itens)\">CBX<\/a>\n<a href=\"https:\/\/www.comunicarmais.com.br\/site\/tag\/cidade-baixa\/\" class=\"tag-cloud-link tag-link-456 tag-link-position-7\" style=\"font-size: 9.9029126213592pt;\" aria-label=\"Cidade Baixa (29 itens)\">Cidade Baixa<\/a>\n<a href=\"https:\/\/www.comunicarmais.com.br\/site\/tag\/cinema\/\" class=\"tag-cloud-link tag-link-985 tag-link-position-8\" style=\"font-size: 11.126213592233pt;\" aria-label=\"Cinema (36 itens)\">Cinema<\/a>\n<a href=\"https:\/\/www.comunicarmais.com.br\/site\/tag\/cultura\/\" class=\"tag-cloud-link tag-link-231 tag-link-position-9\" style=\"font-size: 12.21359223301pt;\" aria-label=\"Cultura (44 itens)\">Cultura<\/a>\n<a href=\"https:\/\/www.comunicarmais.com.br\/site\/tag\/drogas\/\" class=\"tag-cloud-link tag-link-165 tag-link-position-10\" style=\"font-size: 12.757281553398pt;\" aria-label=\"Drogas (48 itens)\">Drogas<\/a>\n<a href=\"https:\/\/www.comunicarmais.com.br\/site\/tag\/educacao\/\" class=\"tag-cloud-link tag-link-228 tag-link-position-11\" style=\"font-size: 12.485436893204pt;\" aria-label=\"Educa\u00e7\u00e3o (46 itens)\">Educa\u00e7\u00e3o<\/a>\n<a href=\"https:\/\/www.comunicarmais.com.br\/site\/tag\/ensino\/\" class=\"tag-cloud-link tag-link-233 tag-link-position-12\" style=\"font-size: 10.446601941748pt;\" aria-label=\"Ensino (32 itens)\">Ensino<\/a>\n<a href=\"https:\/\/www.comunicarmais.com.br\/site\/tag\/escola\/\" class=\"tag-cloud-link tag-link-229 tag-link-position-13\" style=\"font-size: 9.495145631068pt;\" aria-label=\"Escola (27 itens)\">Escola<\/a>\n<a href=\"https:\/\/www.comunicarmais.com.br\/site\/tag\/eua\/\" class=\"tag-cloud-link tag-link-664 tag-link-position-14\" style=\"font-size: 11.941747572816pt;\" aria-label=\"EUA (42 itens)\">EUA<\/a>\n<a href=\"https:\/\/www.comunicarmais.com.br\/site\/tag\/feira-de-santana\/\" class=\"tag-cloud-link tag-link-642 tag-link-position-15\" style=\"font-size: 9.2233009708738pt;\" aria-label=\"Feira de Santana (26 itens)\">Feira de Santana<\/a>\n<a href=\"https:\/\/www.comunicarmais.com.br\/site\/tag\/ficco\/\" class=\"tag-cloud-link tag-link-143 tag-link-position-16\" style=\"font-size: 9.2233009708738pt;\" aria-label=\"Ficco (26 itens)\">Ficco<\/a>\n<a href=\"https:\/\/www.comunicarmais.com.br\/site\/tag\/folia\/\" class=\"tag-cloud-link tag-link-566 tag-link-position-17\" style=\"font-size: 9.2233009708738pt;\" aria-label=\"Folia (26 itens)\">Folia<\/a>\n<a href=\"https:\/\/www.comunicarmais.com.br\/site\/tag\/futebol\/\" class=\"tag-cloud-link tag-link-40 tag-link-position-18\" style=\"font-size: 13.029126213592pt;\" aria-label=\"Futebol (50 itens)\">Futebol<\/a>\n<a href=\"https:\/\/www.comunicarmais.com.br\/site\/tag\/homicidio\/\" class=\"tag-cloud-link tag-link-101 tag-link-position-19\" style=\"font-size: 10.582524271845pt;\" aria-label=\"Homic\u00eddio (33 itens)\">Homic\u00eddio<\/a>\n<a href=\"https:\/\/www.comunicarmais.com.br\/site\/tag\/itapagipe\/\" class=\"tag-cloud-link tag-link-471 tag-link-position-20\" style=\"font-size: 10.038834951456pt;\" aria-label=\"Itapagipe (30 itens)\">Itapagipe<\/a>\n<a href=\"https:\/\/www.comunicarmais.com.br\/site\/tag\/itaparica\/\" class=\"tag-cloud-link tag-link-301 tag-link-position-21\" style=\"font-size: 8pt;\" aria-label=\"Itaparica (21 itens)\">Itaparica<\/a>\n<a href=\"https:\/\/www.comunicarmais.com.br\/site\/tag\/jeronimo-rodrigues\/\" class=\"tag-cloud-link tag-link-668 tag-link-position-22\" style=\"font-size: 8.2718446601942pt;\" aria-label=\"Jer\u00f4nimo Rodrigues (22 itens)\">Jer\u00f4nimo Rodrigues<\/a>\n<a href=\"https:\/\/www.comunicarmais.com.br\/site\/tag\/justica\/\" class=\"tag-cloud-link tag-link-361 tag-link-position-23\" style=\"font-size: 10.582524271845pt;\" aria-label=\"Justi\u00e7a (33 itens)\">Justi\u00e7a<\/a>\n<a href=\"https:\/\/www.comunicarmais.com.br\/site\/tag\/lauro-de-freitas\/\" class=\"tag-cloud-link tag-link-594 tag-link-position-24\" style=\"font-size: 18.194174757282pt;\" aria-label=\"Lauro de Freitas (122 itens)\">Lauro de Freitas<\/a>\n<a href=\"https:\/\/www.comunicarmais.com.br\/site\/tag\/lazer\/\" class=\"tag-cloud-link tag-link-568 tag-link-position-25\" style=\"font-size: 9.2233009708738pt;\" aria-label=\"Lazer (26 itens)\">Lazer<\/a>\n<a href=\"https:\/\/www.comunicarmais.com.br\/site\/tag\/lula\/\" class=\"tag-cloud-link tag-link-416 tag-link-position-26\" style=\"font-size: 12.21359223301pt;\" aria-label=\"Lula (44 itens)\">Lula<\/a>\n<a href=\"https:\/\/www.comunicarmais.com.br\/site\/tag\/meio-ambiente\/\" class=\"tag-cloud-link tag-link-475 tag-link-position-27\" style=\"font-size: 12.21359223301pt;\" aria-label=\"Meio Ambiente (44 itens)\">Meio Ambiente<\/a>\n<a href=\"https:\/\/www.comunicarmais.com.br\/site\/tag\/mobilidade\/\" class=\"tag-cloud-link tag-link-278 tag-link-position-28\" style=\"font-size: 13.844660194175pt;\" aria-label=\"Mobilidade (58 itens)\">Mobilidade<\/a>\n<a href=\"https:\/\/www.comunicarmais.com.br\/site\/tag\/mulher\/\" class=\"tag-cloud-link tag-link-450 tag-link-position-29\" style=\"font-size: 13.300970873786pt;\" aria-label=\"mulher (53 itens)\">mulher<\/a>\n<a href=\"https:\/\/www.comunicarmais.com.br\/site\/tag\/musica-2\/\" class=\"tag-cloud-link tag-link-747 tag-link-position-30\" style=\"font-size: 12.21359223301pt;\" aria-label=\"M\u00fasica (44 itens)\">M\u00fasica<\/a>\n<a href=\"https:\/\/www.comunicarmais.com.br\/site\/tag\/pcba\/\" class=\"tag-cloud-link tag-link-1332 tag-link-position-31\" style=\"font-size: 15.067961165049pt;\" aria-label=\"PCBA (72 itens)\">PCBA<\/a>\n<a href=\"https:\/\/www.comunicarmais.com.br\/site\/tag\/pmba\/\" class=\"tag-cloud-link tag-link-53 tag-link-position-32\" style=\"font-size: 18.194174757282pt;\" aria-label=\"PMBA (122 itens)\">PMBA<\/a>\n<a href=\"https:\/\/www.comunicarmais.com.br\/site\/tag\/policia-federal\/\" class=\"tag-cloud-link tag-link-620 tag-link-position-33\" style=\"font-size: 8.9514563106796pt;\" aria-label=\"Pol\u00edcia Federal (25 itens)\">Pol\u00edcia Federal<\/a>\n<a href=\"https:\/\/www.comunicarmais.com.br\/site\/tag\/politica\/\" class=\"tag-cloud-link tag-link-495 tag-link-position-34\" style=\"font-size: 16.291262135922pt;\" aria-label=\"Pol\u00edtica (89 itens)\">Pol\u00edtica<\/a>\n<a href=\"https:\/\/www.comunicarmais.com.br\/site\/tag\/rio-de-janeiro\/\" class=\"tag-cloud-link tag-link-152 tag-link-position-35\" style=\"font-size: 9.9029126213592pt;\" aria-label=\"Rio de Janeiro (29 itens)\">Rio de Janeiro<\/a>\n<a href=\"https:\/\/www.comunicarmais.com.br\/site\/tag\/salvador\/\" class=\"tag-cloud-link tag-link-125 tag-link-position-36\" style=\"font-size: 22pt;\" aria-label=\"Salvador (233 itens)\">Salvador<\/a>\n<a href=\"https:\/\/www.comunicarmais.com.br\/site\/tag\/saude\/\" class=\"tag-cloud-link tag-link-42 tag-link-position-37\" style=\"font-size: 17.78640776699pt;\" aria-label=\"Sa\u00fade (115 itens)\">Sa\u00fade<\/a>\n<a href=\"https:\/\/www.comunicarmais.com.br\/site\/tag\/seguranca\/\" class=\"tag-cloud-link tag-link-48 tag-link-position-38\" style=\"font-size: 9.2233009708738pt;\" aria-label=\"Seguran\u00e7a (26 itens)\">Seguran\u00e7a<\/a>\n<a href=\"https:\/\/www.comunicarmais.com.br\/site\/tag\/ssp-ba\/\" class=\"tag-cloud-link tag-link-1937 tag-link-position-39\" style=\"font-size: 8.9514563106796pt;\" aria-label=\"SSP-BA (25 itens)\">SSP-BA<\/a>\n<a href=\"https:\/\/www.comunicarmais.com.br\/site\/tag\/sspba\/\" class=\"tag-cloud-link tag-link-144 tag-link-position-40\" style=\"font-size: 11.398058252427pt;\" aria-label=\"SSPBA (38 itens)\">SSPBA<\/a>\n<a href=\"https:\/\/www.comunicarmais.com.br\/site\/tag\/stf\/\" class=\"tag-cloud-link tag-link-68 tag-link-position-41\" style=\"font-size: 14.252427184466pt;\" aria-label=\"STF (62 itens)\">STF<\/a>\n<a href=\"https:\/\/www.comunicarmais.com.br\/site\/tag\/sao-paulo\/\" class=\"tag-cloud-link tag-link-612 tag-link-position-42\" style=\"font-size: 8pt;\" aria-label=\"S\u00e3o Paulo (21 itens)\">S\u00e3o Paulo<\/a>\n<a href=\"https:\/\/www.comunicarmais.com.br\/site\/tag\/transito-2\/\" class=\"tag-cloud-link tag-link-377 tag-link-position-43\" style=\"font-size: 8.2718446601942pt;\" aria-label=\"tr\u00e2nsito (22 itens)\">tr\u00e2nsito<\/a>\n<a href=\"https:\/\/www.comunicarmais.com.br\/site\/tag\/turismo\/\" class=\"tag-cloud-link tag-link-225 tag-link-position-44\" style=\"font-size: 9.631067961165pt;\" aria-label=\"Turismo (28 itens)\">Turismo<\/a>\n<a href=\"https:\/\/www.comunicarmais.com.br\/site\/tag\/uruguai\/\" class=\"tag-cloud-link tag-link-323 tag-link-position-45\" style=\"font-size: 9.631067961165pt;\" aria-label=\"Uruguai (28 itens)\">Uruguai<\/a><\/p>","protected":false},"excerpt":{"rendered":"<p>Com a nova rota, pessoas vindas de todas as Am\u00e9ricas poder\u00e3o desembarcar diretamente em Salvador num voo da Copa Airlines, sem a necessidade de fazer conex\u00e3o em outra cidade brasileira<\/p>\n","protected":false},"author":2,"featured_media":8636,"comment_status":"open","ping_status":"open","sticky":false,"template":"","format":"standard","meta":{"_acf_changed":false,"footnotes":""},"categories":[4],"tags":[930,2710,2709,2708],"class_list":["post-8635","post","type-post","status-publish","format-standard","has-post-thumbnail","hentry","category-bahia","tag-caribe","tag-copa-airlines","tag-escala","tag-panama"],"acf":[],"yoast_head":"<!-- This site is optimized with the Yoast SEO plugin v26.1.1 - https:\/\/yoast.com\/wordpress\/plugins\/seo\/ -->\n<title>Salvador retoma voos diretos para o Panam\u00e1 e amplia acesso a 88 destinos do Caribe e das Am\u00e9ricas do Norte e Central - Comunicar Mais<\/title>\n<meta name=\"description\" content=\"Com a nova rota, pessoas vindas de todas as Am\u00e9ricas poder\u00e3o desembarcar diretamente em Salvador num voo da Copa Airlines, sem a necessidade de fazer conex\u00e3o em outra cidade brasileira\" \/>\n<meta name=\"robots\" content=\"index, follow, max-snippet:-1, max-image-preview:large, max-video-preview:-1\" \/>\n<link rel=\"canonical\" href=\"https:\/\/www.comunicarmais.com.br\/site\/2025\/07\/03\/salvador-retoma-voos-diretos-para-o-panama-e-amplia-acesso-a-88-destinos-do-caribe-e-das-americas-do-norte-e-central\/\" \/>\n<meta property=\"og:locale\" content=\"pt_BR\" \/>\n<meta property=\"og:type\" content=\"article\" \/>\n<meta property=\"og:title\" content=\"Salvador retoma voos diretos para o Panam\u00e1 e amplia acesso a 88 destinos do Caribe e das Am\u00e9ricas do Norte e Central - Comunicar Mais\" \/>\n<meta property=\"og:description\" content=\"Com a nova rota, pessoas vindas de todas as Am\u00e9ricas poder\u00e3o desembarcar diretamente em Salvador num voo da Copa Airlines, sem a necessidade de fazer conex\u00e3o em outra cidade brasileira\" \/>\n<meta property=\"og:url\" content=\"https:\/\/www.comunicarmais.com.br\/site\/2025\/07\/03\/salvador-retoma-voos-diretos-para-o-panama-e-amplia-acesso-a-88-destinos-do-caribe-e-das-americas-do-norte-e-central\/\" \/>\n<meta property=\"og:site_name\" content=\"Comunicar Mais\" \/>\n<meta property=\"article:publisher\" content=\"https:\/\/www.facebook.com\/comunicarmais\/\" \/>\n<meta property=\"article:author\" content=\"https:\/\/www.facebook.com\/comunicarmais\/\" \/>\n<meta property=\"article:published_time\" content=\"2025-07-03T15:03:00+00:00\" \/>\n<meta property=\"article:modified_time\" content=\"2025-07-04T01:17:44+00:00\" \/>\n<meta property=\"og:image\" content=\"https:\/\/www.comunicarmais.com.br\/site\/wp-content\/uploads\/2025\/07\/Novo_voo_Copa_Airlines_Cidade_do_Panama__Fotos__Adam_Vidal__Secom_PMS-1-1024x682-1.jpg\" \/>\n\t<meta property=\"og:image:width\" content=\"1024\" \/>\n\t<meta property=\"og:image:height\" content=\"682\" \/>\n\t<meta property=\"og:image:type\" content=\"image\/jpeg\" \/>\n<meta name=\"author\" content=\"Comunicar Mais\" \/>\n<meta name=\"twitter:card\" content=\"summary_large_image\" \/>\n<meta name=\"twitter:creator\" content=\"@ComunicarmaisBA\" \/>\n<meta name=\"twitter:site\" content=\"@ComunicarmaisBA\" \/>\n<meta name=\"twitter:label1\" content=\"Escrito por\" \/>\n\t<meta name=\"twitter:data1\" content=\"Comunicar Mais\" \/>\n\t<meta name=\"twitter:label2\" content=\"Est. tempo de leitura\" \/>\n\t<meta name=\"twitter:data2\" content=\"6 minutos\" \/>\n<script type=\"application\/ld+json\" class=\"yoast-schema-graph\">{\"@context\":\"https:\/\/schema.org\",\"@graph\":[{\"@type\":\"WebPage\",\"@id\":\"https:\/\/www.comunicarmais.com.br\/site\/2025\/07\/03\/salvador-retoma-voos-diretos-para-o-panama-e-amplia-acesso-a-88-destinos-do-caribe-e-das-americas-do-norte-e-central\/\",\"url\":\"https:\/\/www.comunicarmais.com.br\/site\/2025\/07\/03\/salvador-retoma-voos-diretos-para-o-panama-e-amplia-acesso-a-88-destinos-do-caribe-e-das-americas-do-norte-e-central\/\",\"name\":\"Salvador retoma voos diretos para o Panam\u00e1 e amplia acesso a 88 destinos do Caribe e das Am\u00e9ricas do Norte e Central - Comunicar Mais\",\"isPartOf\":{\"@id\":\"https:\/\/www.comunicarmais.com.br\/site\/#website\"},\"primaryImageOfPage\":{\"@id\":\"https:\/\/www.comunicarmais.com.br\/site\/2025\/07\/03\/salvador-retoma-voos-diretos-para-o-panama-e-amplia-acesso-a-88-destinos-do-caribe-e-das-americas-do-norte-e-central\/#primaryimage\"},\"image\":{\"@id\":\"https:\/\/www.comunicarmais.com.br\/site\/2025\/07\/03\/salvador-retoma-voos-diretos-para-o-panama-e-amplia-acesso-a-88-destinos-do-caribe-e-das-americas-do-norte-e-central\/#primaryimage\"},\"thumbnailUrl\":\"https:\/\/www.comunicarmais.com.br\/site\/wp-content\/uploads\/2025\/07\/Novo_voo_Copa_Airlines_Cidade_do_Panama__Fotos__Adam_Vidal__Secom_PMS-1-1024x682-1.jpg\",\"datePublished\":\"2025-07-03T15:03:00+00:00\",\"dateModified\":\"2025-07-04T01:17:44+00:00\",\"author\":{\"@id\":\"https:\/\/www.comunicarmais.com.br\/site\/#\/schema\/person\/712f7b6b25b644e4a91c4173674cf284\"},\"description\":\"Com a nova rota, pessoas vindas de todas as Am\u00e9ricas poder\u00e3o desembarcar diretamente em Salvador num voo da Copa Airlines, sem a necessidade de fazer conex\u00e3o em outra cidade brasileira\",\"breadcrumb\":{\"@id\":\"https:\/\/www.comunicarmais.com.br\/site\/2025\/07\/03\/salvador-retoma-voos-diretos-para-o-panama-e-amplia-acesso-a-88-destinos-do-caribe-e-das-americas-do-norte-e-central\/#breadcrumb\"},\"inLanguage\":\"pt-BR\",\"potentialAction\":[{\"@type\":\"ReadAction\",\"target\":[\"https:\/\/www.comunicarmais.com.br\/site\/2025\/07\/03\/salvador-retoma-voos-diretos-para-o-panama-e-amplia-acesso-a-88-destinos-do-caribe-e-das-americas-do-norte-e-central\/\"]}]},{\"@type\":\"ImageObject\",\"inLanguage\":\"pt-BR\",\"@id\":\"https:\/\/www.comunicarmais.com.br\/site\/2025\/07\/03\/salvador-retoma-voos-diretos-para-o-panama-e-amplia-acesso-a-88-destinos-do-caribe-e-das-americas-do-norte-e-central\/#primaryimage\",\"url\":\"https:\/\/www.comunicarmais.com.br\/site\/wp-content\/uploads\/2025\/07\/Novo_voo_Copa_Airlines_Cidade_do_Panama__Fotos__Adam_Vidal__Secom_PMS-1-1024x682-1.jpg\",\"contentUrl\":\"https:\/\/www.comunicarmais.com.br\/site\/wp-content\/uploads\/2025\/07\/Novo_voo_Copa_Airlines_Cidade_do_Panama__Fotos__Adam_Vidal__Secom_PMS-1-1024x682-1.jpg\",\"width\":1024,\"height\":682},{\"@type\":\"BreadcrumbList\",\"@id\":\"https:\/\/www.comunicarmais.com.br\/site\/2025\/07\/03\/salvador-retoma-voos-diretos-para-o-panama-e-amplia-acesso-a-88-destinos-do-caribe-e-das-americas-do-norte-e-central\/#breadcrumb\",\"itemListElement\":[{\"@type\":\"ListItem\",\"position\":1,\"name\":\"In\u00edcio\",\"item\":\"https:\/\/www.comunicarmais.com.br\/site\/\"},{\"@type\":\"ListItem\",\"position\":2,\"name\":\"Salvador retoma voos diretos para o Panam\u00e1 e amplia acesso a 88 destinos do Caribe e das Am\u00e9ricas do Norte e Central\"}]},{\"@type\":\"WebSite\",\"@id\":\"https:\/\/www.comunicarmais.com.br\/site\/#website\",\"url\":\"https:\/\/www.comunicarmais.com.br\/site\/\",\"name\":\"Comunicar Mais\",\"description\":\"\",\"potentialAction\":[{\"@type\":\"SearchAction\",\"target\":{\"@type\":\"EntryPoint\",\"urlTemplate\":\"https:\/\/www.comunicarmais.com.br\/site\/?s={search_term_string}\"},\"query-input\":{\"@type\":\"PropertyValueSpecification\",\"valueRequired\":true,\"valueName\":\"search_term_string\"}}],\"inLanguage\":\"pt-BR\"},{\"@type\":\"Person\",\"@id\":\"https:\/\/www.comunicarmais.com.br\/site\/#\/schema\/person\/712f7b6b25b644e4a91c4173674cf284\",\"name\":\"Comunicar Mais\",\"image\":{\"@type\":\"ImageObject\",\"inLanguage\":\"pt-BR\",\"@id\":\"https:\/\/www.comunicarmais.com.br\/site\/#\/schema\/person\/image\/\",\"url\":\"https:\/\/secure.gravatar.com\/avatar\/9803218072e2c0dc265d3d787b54c2c33325e79f79732707fddfbf1efd82c678?s=96&d=mm&r=g\",\"contentUrl\":\"https:\/\/secure.gravatar.com\/avatar\/9803218072e2c0dc265d3d787b54c2c33325e79f79732707fddfbf1efd82c678?s=96&d=mm&r=g\",\"caption\":\"Comunicar Mais\"},\"description\":\"Deixe as ideologias com os ide\u00f3logos. Noticiamos fatos, n\u00e3o brigamos com eles. Aqui, voc\u00ea fica bem informado do que acontece no seu bairro e no mundo. Informar com \u00e9tica e responsabilidade s\u00e3o as bandeiras do Comunicarmais.\",\"sameAs\":[\"https:\/\/www.comunicarmais.com.br\/site\/\",\"https:\/\/www.facebook.com\/comunicarmais\/\",\"https:\/\/www.instagram.com\/comunicarmaisba\/\",\"https:\/\/x.com\/ComunicarmaisBA\"],\"url\":\"https:\/\/www.comunicarmais.com.br\/site\/author\/gerenciador\/\"}]}<\/script>\n<!-- \/ Yoast SEO plugin. -->","yoast_head_json":{"title":"Salvador retoma voos diretos para o Panam\u00e1 e amplia acesso a 88 destinos do Caribe e das Am\u00e9ricas do Norte e Central - Comunicar Mais","description":"Com a nova rota, pessoas vindas de todas as Am\u00e9ricas poder\u00e3o desembarcar diretamente em Salvador num voo da Copa Airlines, sem a necessidade de fazer conex\u00e3o em outra cidade brasileira","robots":{"index":"index","follow":"follow","max-snippet":"max-snippet:-1","max-image-preview":"max-image-preview:large","max-video-preview":"max-video-preview:-1"},"canonical":"https:\/\/www.comunicarmais.com.br\/site\/2025\/07\/03\/salvador-retoma-voos-diretos-para-o-panama-e-amplia-acesso-a-88-destinos-do-caribe-e-das-americas-do-norte-e-central\/","og_locale":"pt_BR","og_type":"article","og_title":"Salvador retoma voos diretos para o Panam\u00e1 e amplia acesso a 88 destinos do Caribe e das Am\u00e9ricas do Norte e Central - Comunicar Mais","og_description":"Com a nova rota, pessoas vindas de todas as Am\u00e9ricas poder\u00e3o desembarcar diretamente em Salvador num voo da Copa Airlines, sem a necessidade de fazer conex\u00e3o em outra cidade brasileira","og_url":"https:\/\/www.comunicarmais.com.br\/site\/2025\/07\/03\/salvador-retoma-voos-diretos-para-o-panama-e-amplia-acesso-a-88-destinos-do-caribe-e-das-americas-do-norte-e-central\/","og_site_name":"Comunicar Mais","article_publisher":"https:\/\/www.facebook.com\/comunicarmais\/","article_author":"https:\/\/www.facebook.com\/comunicarmais\/","article_published_time":"2025-07-03T15:03:00+00:00","article_modified_time":"2025-07-04T01:17:44+00:00","og_image":[{"width":1024,"height":682,"url":"https:\/\/www.comunicarmais.com.br\/site\/wp-content\/uploads\/2025\/07\/Novo_voo_Copa_Airlines_Cidade_do_Panama__Fotos__Adam_Vidal__Secom_PMS-1-1024x682-1.jpg","type":"image\/jpeg"}],"author":"Comunicar Mais","twitter_card":"summary_large_image","twitter_creator":"@ComunicarmaisBA","twitter_site":"@ComunicarmaisBA","twitter_misc":{"Escrito por":"Comunicar Mais","Est. tempo de leitura":"6 minutos"},"schema":{"@context":"https:\/\/schema.org","@graph":[{"@type":"WebPage","@id":"https:\/\/www.comunicarmais.com.br\/site\/2025\/07\/03\/salvador-retoma-voos-diretos-para-o-panama-e-amplia-acesso-a-88-destinos-do-caribe-e-das-americas-do-norte-e-central\/","url":"https:\/\/www.comunicarmais.com.br\/site\/2025\/07\/03\/salvador-retoma-voos-diretos-para-o-panama-e-amplia-acesso-a-88-destinos-do-caribe-e-das-americas-do-norte-e-central\/","name":"Salvador retoma voos diretos para o Panam\u00e1 e amplia acesso a 88 destinos do Caribe e das Am\u00e9ricas do Norte e Central - Comunicar Mais","isPartOf":{"@id":"https:\/\/www.comunicarmais.com.br\/site\/#website"},"primaryImageOfPage":{"@id":"https:\/\/www.comunicarmais.com.br\/site\/2025\/07\/03\/salvador-retoma-voos-diretos-para-o-panama-e-amplia-acesso-a-88-destinos-do-caribe-e-das-americas-do-norte-e-central\/#primaryimage"},"image":{"@id":"https:\/\/www.comunicarmais.com.br\/site\/2025\/07\/03\/salvador-retoma-voos-diretos-para-o-panama-e-amplia-acesso-a-88-destinos-do-caribe-e-das-americas-do-norte-e-central\/#primaryimage"},"thumbnailUrl":"https:\/\/www.comunicarmais.com.br\/site\/wp-content\/uploads\/2025\/07\/Novo_voo_Copa_Airlines_Cidade_do_Panama__Fotos__Adam_Vidal__Secom_PMS-1-1024x682-1.jpg","datePublished":"2025-07-03T15:03:00+00:00","dateModified":"2025-07-04T01:17:44+00:00","author":{"@id":"https:\/\/www.comunicarmais.com.br\/site\/#\/schema\/person\/712f7b6b25b644e4a91c4173674cf284"},"description":"Com a nova rota, pessoas vindas de todas as Am\u00e9ricas poder\u00e3o desembarcar diretamente em Salvador num voo da Copa Airlines, sem a necessidade de fazer conex\u00e3o em outra cidade brasileira","breadcrumb":{"@id":"https:\/\/www.comunicarmais.com.br\/site\/2025\/07\/03\/salvador-retoma-voos-diretos-para-o-panama-e-amplia-acesso-a-88-destinos-do-caribe-e-das-americas-do-norte-e-central\/#breadcrumb"},"inLanguage":"pt-BR","potentialAction":[{"@type":"ReadAction","target":["https:\/\/www.comunicarmais.com.br\/site\/2025\/07\/03\/salvador-retoma-voos-diretos-para-o-panama-e-amplia-acesso-a-88-destinos-do-caribe-e-das-americas-do-norte-e-central\/"]}]},{"@type":"ImageObject","inLanguage":"pt-BR","@id":"https:\/\/www.comunicarmais.com.br\/site\/2025\/07\/03\/salvador-retoma-voos-diretos-para-o-panama-e-amplia-acesso-a-88-destinos-do-caribe-e-das-americas-do-norte-e-central\/#primaryimage","url":"https:\/\/www.comunicarmais.com.br\/site\/wp-content\/uploads\/2025\/07\/Novo_voo_Copa_Airlines_Cidade_do_Panama__Fotos__Adam_Vidal__Secom_PMS-1-1024x682-1.jpg","contentUrl":"https:\/\/www.comunicarmais.com.br\/site\/wp-content\/uploads\/2025\/07\/Novo_voo_Copa_Airlines_Cidade_do_Panama__Fotos__Adam_Vidal__Secom_PMS-1-1024x682-1.jpg","width":1024,"height":682},{"@type":"BreadcrumbList","@id":"https:\/\/www.comunicarmais.com.br\/site\/2025\/07\/03\/salvador-retoma-voos-diretos-para-o-panama-e-amplia-acesso-a-88-destinos-do-caribe-e-das-americas-do-norte-e-central\/#breadcrumb","itemListElement":[{"@type":"ListItem","position":1,"name":"In\u00edcio","item":"https:\/\/www.comunicarmais.com.br\/site\/"},{"@type":"ListItem","position":2,"name":"Salvador retoma voos diretos para o Panam\u00e1 e amplia acesso a 88 destinos do Caribe e das Am\u00e9ricas do Norte e Central"}]},{"@type":"WebSite","@id":"https:\/\/www.comunicarmais.com.br\/site\/#website","url":"https:\/\/www.comunicarmais.com.br\/site\/","name":"Comunicar Mais","description":"","potentialAction":[{"@type":"SearchAction","target":{"@type":"EntryPoint","urlTemplate":"https:\/\/www.comunicarmais.com.br\/site\/?s={search_term_string}"},"query-input":{"@type":"PropertyValueSpecification","valueRequired":true,"valueName":"search_term_string"}}],"inLanguage":"pt-BR"},{"@type":"Person","@id":"https:\/\/www.comunicarmais.com.br\/site\/#\/schema\/person\/712f7b6b25b644e4a91c4173674cf284","name":"Comunicar Mais","image":{"@type":"ImageObject","inLanguage":"pt-BR","@id":"https:\/\/www.comunicarmais.com.br\/site\/#\/schema\/person\/image\/","url":"https:\/\/secure.gravatar.com\/avatar\/9803218072e2c0dc265d3d787b54c2c33325e79f79732707fddfbf1efd82c678?s=96&d=mm&r=g","contentUrl":"https:\/\/secure.gravatar.com\/avatar\/9803218072e2c0dc265d3d787b54c2c33325e79f79732707fddfbf1efd82c678?s=96&d=mm&r=g","caption":"Comunicar Mais"},"description":"Deixe as ideologias com os ide\u00f3logos. Noticiamos fatos, n\u00e3o brigamos com eles. Aqui, voc\u00ea fica bem informado do que acontece no seu bairro e no mundo. Informar com \u00e9tica e responsabilidade s\u00e3o as bandeiras do Comunicarmais.","sameAs":["https:\/\/www.comunicarmais.com.br\/site\/","https:\/\/www.facebook.com\/comunicarmais\/","https:\/\/www.instagram.com\/comunicarmaisba\/","https:\/\/x.com\/ComunicarmaisBA"],"url":"https:\/\/www.comunicarmais.com.br\/site\/author\/gerenciador\/"}]}},"_links":{"self":[{"href":"https:\/\/www.comunicarmais.com.br\/site\/wp-json\/wp\/v2\/posts\/8635","targetHints":{"allow":["GET"]}}],"collection":[{"href":"https:\/\/www.comunicarmais.com.br\/site\/wp-json\/wp\/v2\/posts"}],"about":[{"href":"https:\/\/www.comunicarmais.com.br\/site\/wp-json\/wp\/v2\/types\/post"}],"author":[{"embeddable":true,"href":"https:\/\/www.comunicarmais.com.br\/site\/wp-json\/wp\/v2\/users\/2"}],"replies":[{"embeddable":true,"href":"https:\/\/www.comunicarmais.com.br\/site\/wp-json\/wp\/v2\/comments?post=8635"}],"version-history":[{"count":2,"href":"https:\/\/www.comunicarmais.com.br\/site\/wp-json\/wp\/v2\/posts\/8635\/revisions"}],"predecessor-version":[{"id":8638,"href":"https:\/\/www.comunicarmais.com.br\/site\/wp-json\/wp\/v2\/posts\/8635\/revisions\/8638"}],"wp:featuredmedia":[{"embeddable":true,"href":"https:\/\/www.comunicarmais.com.br\/site\/wp-json\/wp\/v2\/media\/8636"}],"wp:attachment":[{"href":"https:\/\/www.comunicarmais.com.br\/site\/wp-json\/wp\/v2\/media?parent=8635"}],"wp:term":[{"taxonomy":"category","embeddable":true,"href":"https:\/\/www.comunicarmais.com.br\/site\/wp-json\/wp\/v2\/categories?post=8635"},{"taxonomy":"post_tag","embeddable":true,"href":"https:\/\/www.comunicarmais.com.br\/site\/wp-json\/wp\/v2\/tags?post=8635"}],"curies":[{"name":"wp","href":"https:\/\/api.w.org\/{rel}","templated":true}]}}