{"id":8533,"date":"2025-06-19T19:33:00","date_gmt":"2025-06-19T22:33:00","guid":{"rendered":"https:\/\/www.comunicarmais.com.br\/site\/?p=8533"},"modified":"2025-06-22T21:22:02","modified_gmt":"2025-06-23T00:22:02","slug":"governo-sanciona-lei-que-proibe-tatuagens-e-piercings-em-caes-e-gatos","status":"publish","type":"post","link":"https:\/\/www.comunicarmais.com.br\/site\/2025\/06\/19\/governo-sanciona-lei-que-proibe-tatuagens-e-piercings-em-caes-e-gatos\/","title":{"rendered":"Governo sanciona lei que pro\u00edbe tatuagens\u00a0e piercings\u00a0em c\u00e3es\u00a0e gatos"},"content":{"rendered":"\n<p><strong>Pena se aplica ainda a quem permitir, e aumenta se animal morrer<\/strong><\/p>\n\n\n\n<figure class=\"wp-block-image size-full is-resized\"><img decoding=\"async\" width=\"538\" height=\"325\" data-src=\"https:\/\/www.comunicarmais.com.br\/site\/wp-content\/uploads\/2025\/06\/tatoo-.jpg\" alt=\"\" class=\"wp-image-8534 lazyload\" style=\"--smush-placeholder-width: 538px; --smush-placeholder-aspect-ratio: 538\/325;width:840px;height:auto\" src=\"data:image\/svg+xml;base64,PHN2ZyB3aWR0aD0iMSIgaGVpZ2h0PSIxIiB4bWxucz0iaHR0cDovL3d3dy53My5vcmcvMjAwMC9zdmciPjwvc3ZnPg==\" \/><\/figure>\n\n\n\n<p><strong>Ag\u00eancia Brasil &#8211;<\/strong> Desde a ter\u00e7a-feira (17), quem fizer uma tatuagem com fins est\u00e9ticos ou colocar\u00a0<em>piercing<\/em>\u00a0em um c\u00e3o ou um gato poder\u00e1 pegar de dois anos a cinco anos de reclus\u00e3o, al\u00e9m de ter que pagar uma multa e perder a guarda do animal. A pena tamb\u00e9m se aplica a quem permitir que isso seja feito e\u00a0ser\u00e1 aumentada se o animal morrer devido \u00e0s interven\u00e7\u00f5es.<img decoding=\"async\" data-src=\"https:\/\/agenciabrasil.ebc.com.br\/ebc.png?id=1647348&amp;o=node\" src=\"data:image\/svg+xml;base64,PHN2ZyB3aWR0aD0iMSIgaGVpZ2h0PSIxIiB4bWxucz0iaHR0cDovL3d3dy53My5vcmcvMjAwMC9zdmciPjwvc3ZnPg==\" class=\"lazyload\"><img decoding=\"async\" data-src=\"https:\/\/agenciabrasil.ebc.com.br\/ebc.gif?id=1647348&amp;o=node\" src=\"data:image\/svg+xml;base64,PHN2ZyB3aWR0aD0iMSIgaGVpZ2h0PSIxIiB4bWxucz0iaHR0cDovL3d3dy53My5vcmcvMjAwMC9zdmciPjwvc3ZnPg==\" class=\"lazyload\"><\/p>\n\n\n\n<p>As puni\u00e7\u00f5es est\u00e3o previstas na\u00a0<a href=\"https:\/\/www.in.gov.br\/en\/web\/dou\/-\/lei-n-15.150-de-16-de-junho-de-2025-636797507\" target=\"_blank\" rel=\"noreferrer noopener\">Lei n\u00ba 15.150<\/a>, publicada no\u00a0<em>Di\u00e1rio Oficial da Uni\u00e3o<\/em>. A norma altera a chamada Lei de Crimes Ambientais &#8211;\u00a0<a href=\"https:\/\/www.planalto.gov.br\/ccivil_03\/leis\/l9605.htm\" target=\"_blank\" rel=\"noreferrer noopener\">Lei n\u00ba 9.605<\/a>\u00a0&#8211; , de 1998, equiparando a pr\u00e1tica a outras condutas abusivas que causem ferimentos ou mutilem animais silvestres, dom\u00e9sticos ou domesticados, sejam eles nativos ou ex\u00f3ticos.<\/p>\n\n\n\n<p>A proibi\u00e7\u00e3o, contudo, n\u00e3o se aplica a procedimentos usados para outros fins que n\u00e3o est\u00e9ticos \u2013 como, por exemplo, as marca\u00e7\u00f5es feitas em c\u00e3es e gatos para facilitar o reconhecimento dos que foram castrados, nem aos empregados para garantir a rastreabilidade e certifica\u00e7\u00e3o de animais de produ\u00e7\u00e3o do agroneg\u00f3cio, como bois, cavalos e porcos.<\/p>\n\n\n\n<p><strong>Complica\u00e7\u00f5es\u00a0<\/strong>&#8211; A norma legal foi bem recebida por especialistas, incluindo integrantes do Conselho Federal de Medicina Veterin\u00e1ria (CFMV), cuja\u00a0<a href=\"https:\/\/ceuaics.ufba.br\/sites\/ceuaics.ufba.br\/files\/anexo_da_resolucao_cfmv_1236_2018.pdf\" target=\"_blank\" rel=\"noreferrer noopener\">Resolu\u00e7\u00e3o n\u00ba 1236<\/a>, de 2018, caracteriza pr\u00e1ticas cru\u00e9is e maus tratos contra os animais e estipula as normas de conduta dos profissionais da categoria.<\/p>\n\n\n\n<p>\u201cA proibi\u00e7\u00e3o de procedimentos desnecess\u00e1rios definidos na Lei n\u00ba 15.150 complementa e refor\u00e7a o posicionamento do CFMV na defesa do bem estar animal.\u00a0 A realiza\u00e7\u00e3o de tatuagem ou coloca\u00e7\u00e3o de piercing com fins est\u00e9ticos em c\u00e3es e gatos, al\u00e9m de provocar dor, os exp\u00f5e a diversas complica\u00e7\u00f5es como rea\u00e7\u00f5es al\u00e9rgicas, infec\u00e7\u00f5es, necrose da pele e acidentes com o adorno, provocando lacera\u00e7\u00f5es\u201d, disse, em nota, o gerente t\u00e9cnico do conselho, Fernando Zacchi.<\/p>\n\n\n\n<p>Especialista em cl\u00ednica m\u00e9dica e cir\u00fargica, com mais de 20 anos de experi\u00eancia, a veterin\u00e1ria Marina Zimmermann disse \u00e0\u00a0Ag\u00eancia Brasil\u00a0que os potenciais riscos e preju\u00edzos de tatuagens em animais ainda n\u00e3o s\u00e3o totalmente conhecidos. \u201cTemos, obviamente, a dor, o\u00a0que obriga que o tatuador anestesie o animal, o que j\u00e1 representa um risco. H\u00e1 tamb\u00e9m o risco de a\u00a0tinta causar alergia, provocando feridas e at\u00e9 infec\u00e7\u00f5es,\u00a0principalmente no caso do animal lamber excessivamente o local da dor. Al\u00e9m disso, as consequ\u00eancias podem variar de acordo com a ra\u00e7a e outros aspectos\u201d, ressaltou a veterin\u00e1ria.<\/p>\n\n\n\n<p>Marina afirma que j\u00e1 atendeu uma gata que feriu seriamente a pr\u00f3pria orelha ao tentar arrancar um&nbsp;<em>piercing<\/em>.<\/p>\n\n\n\n<figure class=\"wp-block-image size-full is-resized\"><img decoding=\"async\" width=\"319\" height=\"215\" data-src=\"https:\/\/www.comunicarmais.com.br\/site\/wp-content\/uploads\/2025\/06\/pet-tatoo-.jpg\" alt=\"\" class=\"wp-image-8535 lazyload\" style=\"--smush-placeholder-width: 319px; --smush-placeholder-aspect-ratio: 319\/215;width:840px;height:auto\" src=\"data:image\/svg+xml;base64,PHN2ZyB3aWR0aD0iMSIgaGVpZ2h0PSIxIiB4bWxucz0iaHR0cDovL3d3dy53My5vcmcvMjAwMC9zdmciPjwvc3ZnPg==\" \/><\/figure>\n\n\n\n<blockquote class=\"wp-block-quote is-layout-flow wp-block-quote-is-layout-flow\">\n<p>\u201cA tutora achou bonito colocar dois&nbsp;<em>piercings<\/em>&nbsp;na orelha da gatinha que, como todo felino, faz sua higiene se lambendo. Ao passar a pata pelo rosto, a gata enganchou uma garra em um dos piercings e rasgou a orelha\u201d, lembrou a especialista, relatando que, embora tais pr\u00e1ticas n\u00e3o sejam t\u00e3o comuns,&nbsp; j\u00e1 viu&nbsp;coisas complicadas,&nbsp;como pessoas colocando presas de metal em c\u00e3es ou mesmo colorindo o pelo dos cachorros \u2013 \u201co que, ainda que n\u00e3o seja uma grande agress\u00e3o, \u00e9 algo extravagante.\u201d<\/p>\n<cite><strong>Tend\u00eancia &#8211;<\/strong> A\u00a0lei sancionada pelo presidente em exerc\u00edcio Geraldo Alckmin e pelo ministro da Justi\u00e7a e Seguran\u00e7a P\u00fablica \u00e9 fruto de projeto de lei que tramitou por cinco anos no\u00a0Congresso Nacional. De autoria do deputado federal Fred Costa (PRD-MG), a proposta foi aprovada pela C\u00e2mara dos Deputados em agosto de 2021 e\u00a0pelo Senado em 20 de maio deste ano.<br>Ao<a href=\"https:\/\/www.camara.leg.br\/proposicoesWeb\/prop_mostrarintegra?codteor=1922798&amp;filename=PL%204206\/2020\" target=\"_blank\" rel=\"noreferrer noopener\">\u00a0justificar<\/a>\u00a0a iniciativa,\u00a0em 2020, Costa destacou que, segundo o notici\u00e1rio,\u00a0a realiza\u00e7\u00e3o de tatuagens e a coloca\u00e7\u00e3o de\u00a0<em>piercings<\/em>\u00a0em animais dom\u00e9sticos despontava como uma tend\u00eancia, exigindo medidas legislativas em favor da prote\u00e7\u00e3o de\u00a0<em>pets<\/em>.<br>\u201cTodos sabemos, por experi\u00eancia pr\u00f3pria ou por relatos de conhecidos, que fazer uma tatuagem \u00e9 sempre algo doloroso\u201d, apontou o parlamentar na justificativa do projeto de lei. \u201cN\u00e3o h\u00e1 o que se discutir quanto ao livre arb\u00edtrio de uma pessoa que queira fazer uso desse tipo de adorno em seu pr\u00f3prio corpo, mas a liberdade de tatuar a [pr\u00f3pria] pele n\u00e3o significa que podemos tomar essa decis\u00e3o pelos animais que convivem conosco\u201d, disse o parlamentar.<\/cite><\/blockquote>\n\n\n\n<p>Antes mesmo da decis\u00e3o nacional, algumas prefeituras j\u00e1 tinham decidido proibir a&nbsp;pr\u00e1tica&nbsp;em territ\u00f3rio municipal. Na cidade de S\u00e3o Paulo, por exemplo, a&nbsp;<a href=\"https:\/\/legislacao.prefeitura.sp.gov.br\/leis\/lei-18269-de-9-de-junho-de-2025\" target=\"_blank\" rel=\"noreferrer noopener\">Lei n\u00ba 18.269<\/a>&nbsp;entrou em vigor no \u00faltimo dia 10, com a previs\u00e3o de multas de R$ 5 mil para o tutor do animal e para o respons\u00e1vel pelo est\u00fadio de tatuagem ou estabelecimento comercial, cuja licen\u00e7a de funcionamento ser\u00e1 cassada.<\/p>\n\n\n\n<p>A norma paulistana \u00e9 parecida com a que est\u00e1 em vigor na cidade do Rio de Janeiro desde 2021 &#8211;&nbsp;<a href=\"https:\/\/leismunicipais.com.br\/a1\/rj\/r\/rio-de-janeiro\/lei-ordinaria\/2021\/706\/7051\/lei-ordinaria-n-7051-2021-proibe-a-realizacao-de-tatuagens-para-fins-esteticos-em-animais-no-municipio-do-rio-de-janeiro-na-forma-que-menciona?q=tatuagens)\" target=\"_blank\" rel=\"noreferrer noopener\">Lei n\u00ba 7.051&nbsp;<\/a>. A diferen\u00e7a \u00e9 que, na capital fluminense, o valor da multa aplicada ao estabelecimento pode variar entre R$ 5 mil e R$ 15 mil, sendo dobrado em caso de reincid\u00eancia.<\/p>\n","protected":false},"excerpt":{"rendered":"<p>Pena se aplica ainda a quem permitir, e aumenta se animal morrer<\/p>\n","protected":false},"author":2,"featured_media":8534,"comment_status":"open","ping_status":"open","sticky":false,"template":"","format":"standard","meta":{"_acf_changed":false,"footnotes":""},"categories":[6,8],"tags":[956,236,957,2508,30,2689,1721],"class_list":["post-8533","post","type-post","status-publish","format-standard","has-post-thumbnail","hentry","category-brasil","category-politica","tag-caes","tag-gatos","tag-maus-tratos-2","tag-maus-tratos-animal","tag-pet","tag-tatoo","tag-tatuagem"],"acf":[],"yoast_head":"<!-- This site is optimized with the Yoast SEO plugin v26.1.1 - https:\/\/yoast.com\/wordpress\/plugins\/seo\/ -->\n<title>Governo sanciona lei que pro\u00edbe tatuagens\u00a0e piercings\u00a0em c\u00e3es\u00a0e gatos - Comunicar Mais<\/title>\n<meta name=\"description\" content=\"Pena se aplica ainda a quem permitir, e aumenta se animal morrer\" \/>\n<meta name=\"robots\" content=\"index, follow, max-snippet:-1, max-image-preview:large, max-video-preview:-1\" \/>\n<link rel=\"canonical\" href=\"https:\/\/www.comunicarmais.com.br\/site\/2025\/06\/19\/governo-sanciona-lei-que-proibe-tatuagens-e-piercings-em-caes-e-gatos\/\" \/>\n<meta property=\"og:locale\" content=\"pt_BR\" \/>\n<meta property=\"og:type\" content=\"article\" \/>\n<meta property=\"og:title\" content=\"Governo sanciona lei que pro\u00edbe tatuagens\u00a0e piercings\u00a0em c\u00e3es\u00a0e gatos - Comunicar Mais\" \/>\n<meta property=\"og:description\" content=\"Pena se aplica ainda a quem permitir, e aumenta se animal morrer\" \/>\n<meta property=\"og:url\" content=\"https:\/\/www.comunicarmais.com.br\/site\/2025\/06\/19\/governo-sanciona-lei-que-proibe-tatuagens-e-piercings-em-caes-e-gatos\/\" \/>\n<meta property=\"og:site_name\" content=\"Comunicar Mais\" \/>\n<meta property=\"article:publisher\" content=\"https:\/\/www.facebook.com\/comunicarmais\/\" \/>\n<meta property=\"article:author\" content=\"https:\/\/www.facebook.com\/comunicarmais\/\" \/>\n<meta property=\"article:published_time\" content=\"2025-06-19T22:33:00+00:00\" \/>\n<meta property=\"article:modified_time\" content=\"2025-06-23T00:22:02+00:00\" \/>\n<meta property=\"og:image\" content=\"https:\/\/www.comunicarmais.com.br\/site\/wp-content\/uploads\/2025\/06\/tatoo-.jpg\" \/>\n\t<meta property=\"og:image:width\" content=\"538\" \/>\n\t<meta property=\"og:image:height\" content=\"325\" \/>\n\t<meta property=\"og:image:type\" content=\"image\/jpeg\" \/>\n<meta name=\"author\" content=\"Comunicar Mais\" \/>\n<meta name=\"twitter:card\" content=\"summary_large_image\" \/>\n<meta name=\"twitter:creator\" content=\"@ComunicarmaisBA\" \/>\n<meta name=\"twitter:site\" content=\"@ComunicarmaisBA\" \/>\n<meta name=\"twitter:label1\" content=\"Escrito por\" \/>\n\t<meta name=\"twitter:data1\" content=\"Comunicar Mais\" \/>\n\t<meta name=\"twitter:label2\" content=\"Est. tempo de leitura\" \/>\n\t<meta name=\"twitter:data2\" content=\"4 minutos\" \/>\n<script type=\"application\/ld+json\" class=\"yoast-schema-graph\">{\"@context\":\"https:\/\/schema.org\",\"@graph\":[{\"@type\":\"WebPage\",\"@id\":\"https:\/\/www.comunicarmais.com.br\/site\/2025\/06\/19\/governo-sanciona-lei-que-proibe-tatuagens-e-piercings-em-caes-e-gatos\/\",\"url\":\"https:\/\/www.comunicarmais.com.br\/site\/2025\/06\/19\/governo-sanciona-lei-que-proibe-tatuagens-e-piercings-em-caes-e-gatos\/\",\"name\":\"Governo sanciona lei que pro\u00edbe tatuagens\u00a0e piercings\u00a0em c\u00e3es\u00a0e gatos - Comunicar Mais\",\"isPartOf\":{\"@id\":\"https:\/\/www.comunicarmais.com.br\/site\/#website\"},\"primaryImageOfPage\":{\"@id\":\"https:\/\/www.comunicarmais.com.br\/site\/2025\/06\/19\/governo-sanciona-lei-que-proibe-tatuagens-e-piercings-em-caes-e-gatos\/#primaryimage\"},\"image\":{\"@id\":\"https:\/\/www.comunicarmais.com.br\/site\/2025\/06\/19\/governo-sanciona-lei-que-proibe-tatuagens-e-piercings-em-caes-e-gatos\/#primaryimage\"},\"thumbnailUrl\":\"https:\/\/www.comunicarmais.com.br\/site\/wp-content\/uploads\/2025\/06\/tatoo-.jpg\",\"datePublished\":\"2025-06-19T22:33:00+00:00\",\"dateModified\":\"2025-06-23T00:22:02+00:00\",\"author\":{\"@id\":\"https:\/\/www.comunicarmais.com.br\/site\/#\/schema\/person\/712f7b6b25b644e4a91c4173674cf284\"},\"description\":\"Pena se aplica ainda a quem permitir, e aumenta se animal morrer\",\"breadcrumb\":{\"@id\":\"https:\/\/www.comunicarmais.com.br\/site\/2025\/06\/19\/governo-sanciona-lei-que-proibe-tatuagens-e-piercings-em-caes-e-gatos\/#breadcrumb\"},\"inLanguage\":\"pt-BR\",\"potentialAction\":[{\"@type\":\"ReadAction\",\"target\":[\"https:\/\/www.comunicarmais.com.br\/site\/2025\/06\/19\/governo-sanciona-lei-que-proibe-tatuagens-e-piercings-em-caes-e-gatos\/\"]}]},{\"@type\":\"ImageObject\",\"inLanguage\":\"pt-BR\",\"@id\":\"https:\/\/www.comunicarmais.com.br\/site\/2025\/06\/19\/governo-sanciona-lei-que-proibe-tatuagens-e-piercings-em-caes-e-gatos\/#primaryimage\",\"url\":\"https:\/\/www.comunicarmais.com.br\/site\/wp-content\/uploads\/2025\/06\/tatoo-.jpg\",\"contentUrl\":\"https:\/\/www.comunicarmais.com.br\/site\/wp-content\/uploads\/2025\/06\/tatoo-.jpg\",\"width\":538,\"height\":325},{\"@type\":\"BreadcrumbList\",\"@id\":\"https:\/\/www.comunicarmais.com.br\/site\/2025\/06\/19\/governo-sanciona-lei-que-proibe-tatuagens-e-piercings-em-caes-e-gatos\/#breadcrumb\",\"itemListElement\":[{\"@type\":\"ListItem\",\"position\":1,\"name\":\"In\u00edcio\",\"item\":\"https:\/\/www.comunicarmais.com.br\/site\/\"},{\"@type\":\"ListItem\",\"position\":2,\"name\":\"Governo sanciona lei que pro\u00edbe tatuagens\u00a0e piercings\u00a0em c\u00e3es\u00a0e gatos\"}]},{\"@type\":\"WebSite\",\"@id\":\"https:\/\/www.comunicarmais.com.br\/site\/#website\",\"url\":\"https:\/\/www.comunicarmais.com.br\/site\/\",\"name\":\"Comunicar Mais\",\"description\":\"\",\"potentialAction\":[{\"@type\":\"SearchAction\",\"target\":{\"@type\":\"EntryPoint\",\"urlTemplate\":\"https:\/\/www.comunicarmais.com.br\/site\/?s={search_term_string}\"},\"query-input\":{\"@type\":\"PropertyValueSpecification\",\"valueRequired\":true,\"valueName\":\"search_term_string\"}}],\"inLanguage\":\"pt-BR\"},{\"@type\":\"Person\",\"@id\":\"https:\/\/www.comunicarmais.com.br\/site\/#\/schema\/person\/712f7b6b25b644e4a91c4173674cf284\",\"name\":\"Comunicar Mais\",\"image\":{\"@type\":\"ImageObject\",\"inLanguage\":\"pt-BR\",\"@id\":\"https:\/\/www.comunicarmais.com.br\/site\/#\/schema\/person\/image\/\",\"url\":\"https:\/\/secure.gravatar.com\/avatar\/9803218072e2c0dc265d3d787b54c2c33325e79f79732707fddfbf1efd82c678?s=96&d=mm&r=g\",\"contentUrl\":\"https:\/\/secure.gravatar.com\/avatar\/9803218072e2c0dc265d3d787b54c2c33325e79f79732707fddfbf1efd82c678?s=96&d=mm&r=g\",\"caption\":\"Comunicar Mais\"},\"description\":\"Deixe as ideologias com os ide\u00f3logos. Noticiamos fatos, n\u00e3o brigamos com eles. Aqui, voc\u00ea fica bem informado do que acontece no seu bairro e no mundo. Informar com \u00e9tica e responsabilidade s\u00e3o as bandeiras do Comunicarmais.\",\"sameAs\":[\"https:\/\/www.comunicarmais.com.br\/site\/\",\"https:\/\/www.facebook.com\/comunicarmais\/\",\"https:\/\/www.instagram.com\/comunicarmaisba\/\",\"https:\/\/x.com\/ComunicarmaisBA\"],\"url\":\"https:\/\/www.comunicarmais.com.br\/site\/author\/gerenciador\/\"}]}<\/script>\n<!-- \/ Yoast SEO plugin. -->","yoast_head_json":{"title":"Governo sanciona lei que pro\u00edbe tatuagens\u00a0e piercings\u00a0em c\u00e3es\u00a0e gatos - Comunicar Mais","description":"Pena se aplica ainda a quem permitir, e aumenta se animal morrer","robots":{"index":"index","follow":"follow","max-snippet":"max-snippet:-1","max-image-preview":"max-image-preview:large","max-video-preview":"max-video-preview:-1"},"canonical":"https:\/\/www.comunicarmais.com.br\/site\/2025\/06\/19\/governo-sanciona-lei-que-proibe-tatuagens-e-piercings-em-caes-e-gatos\/","og_locale":"pt_BR","og_type":"article","og_title":"Governo sanciona lei que pro\u00edbe tatuagens\u00a0e piercings\u00a0em c\u00e3es\u00a0e gatos - Comunicar Mais","og_description":"Pena se aplica ainda a quem permitir, e aumenta se animal morrer","og_url":"https:\/\/www.comunicarmais.com.br\/site\/2025\/06\/19\/governo-sanciona-lei-que-proibe-tatuagens-e-piercings-em-caes-e-gatos\/","og_site_name":"Comunicar Mais","article_publisher":"https:\/\/www.facebook.com\/comunicarmais\/","article_author":"https:\/\/www.facebook.com\/comunicarmais\/","article_published_time":"2025-06-19T22:33:00+00:00","article_modified_time":"2025-06-23T00:22:02+00:00","og_image":[{"width":538,"height":325,"url":"https:\/\/www.comunicarmais.com.br\/site\/wp-content\/uploads\/2025\/06\/tatoo-.jpg","type":"image\/jpeg"}],"author":"Comunicar Mais","twitter_card":"summary_large_image","twitter_creator":"@ComunicarmaisBA","twitter_site":"@ComunicarmaisBA","twitter_misc":{"Escrito por":"Comunicar Mais","Est. tempo de leitura":"4 minutos"},"schema":{"@context":"https:\/\/schema.org","@graph":[{"@type":"WebPage","@id":"https:\/\/www.comunicarmais.com.br\/site\/2025\/06\/19\/governo-sanciona-lei-que-proibe-tatuagens-e-piercings-em-caes-e-gatos\/","url":"https:\/\/www.comunicarmais.com.br\/site\/2025\/06\/19\/governo-sanciona-lei-que-proibe-tatuagens-e-piercings-em-caes-e-gatos\/","name":"Governo sanciona lei que pro\u00edbe tatuagens\u00a0e piercings\u00a0em c\u00e3es\u00a0e gatos - Comunicar Mais","isPartOf":{"@id":"https:\/\/www.comunicarmais.com.br\/site\/#website"},"primaryImageOfPage":{"@id":"https:\/\/www.comunicarmais.com.br\/site\/2025\/06\/19\/governo-sanciona-lei-que-proibe-tatuagens-e-piercings-em-caes-e-gatos\/#primaryimage"},"image":{"@id":"https:\/\/www.comunicarmais.com.br\/site\/2025\/06\/19\/governo-sanciona-lei-que-proibe-tatuagens-e-piercings-em-caes-e-gatos\/#primaryimage"},"thumbnailUrl":"https:\/\/www.comunicarmais.com.br\/site\/wp-content\/uploads\/2025\/06\/tatoo-.jpg","datePublished":"2025-06-19T22:33:00+00:00","dateModified":"2025-06-23T00:22:02+00:00","author":{"@id":"https:\/\/www.comunicarmais.com.br\/site\/#\/schema\/person\/712f7b6b25b644e4a91c4173674cf284"},"description":"Pena se aplica ainda a quem permitir, e aumenta se animal morrer","breadcrumb":{"@id":"https:\/\/www.comunicarmais.com.br\/site\/2025\/06\/19\/governo-sanciona-lei-que-proibe-tatuagens-e-piercings-em-caes-e-gatos\/#breadcrumb"},"inLanguage":"pt-BR","potentialAction":[{"@type":"ReadAction","target":["https:\/\/www.comunicarmais.com.br\/site\/2025\/06\/19\/governo-sanciona-lei-que-proibe-tatuagens-e-piercings-em-caes-e-gatos\/"]}]},{"@type":"ImageObject","inLanguage":"pt-BR","@id":"https:\/\/www.comunicarmais.com.br\/site\/2025\/06\/19\/governo-sanciona-lei-que-proibe-tatuagens-e-piercings-em-caes-e-gatos\/#primaryimage","url":"https:\/\/www.comunicarmais.com.br\/site\/wp-content\/uploads\/2025\/06\/tatoo-.jpg","contentUrl":"https:\/\/www.comunicarmais.com.br\/site\/wp-content\/uploads\/2025\/06\/tatoo-.jpg","width":538,"height":325},{"@type":"BreadcrumbList","@id":"https:\/\/www.comunicarmais.com.br\/site\/2025\/06\/19\/governo-sanciona-lei-que-proibe-tatuagens-e-piercings-em-caes-e-gatos\/#breadcrumb","itemListElement":[{"@type":"ListItem","position":1,"name":"In\u00edcio","item":"https:\/\/www.comunicarmais.com.br\/site\/"},{"@type":"ListItem","position":2,"name":"Governo sanciona lei que pro\u00edbe tatuagens\u00a0e piercings\u00a0em c\u00e3es\u00a0e gatos"}]},{"@type":"WebSite","@id":"https:\/\/www.comunicarmais.com.br\/site\/#website","url":"https:\/\/www.comunicarmais.com.br\/site\/","name":"Comunicar Mais","description":"","potentialAction":[{"@type":"SearchAction","target":{"@type":"EntryPoint","urlTemplate":"https:\/\/www.comunicarmais.com.br\/site\/?s={search_term_string}"},"query-input":{"@type":"PropertyValueSpecification","valueRequired":true,"valueName":"search_term_string"}}],"inLanguage":"pt-BR"},{"@type":"Person","@id":"https:\/\/www.comunicarmais.com.br\/site\/#\/schema\/person\/712f7b6b25b644e4a91c4173674cf284","name":"Comunicar Mais","image":{"@type":"ImageObject","inLanguage":"pt-BR","@id":"https:\/\/www.comunicarmais.com.br\/site\/#\/schema\/person\/image\/","url":"https:\/\/secure.gravatar.com\/avatar\/9803218072e2c0dc265d3d787b54c2c33325e79f79732707fddfbf1efd82c678?s=96&d=mm&r=g","contentUrl":"https:\/\/secure.gravatar.com\/avatar\/9803218072e2c0dc265d3d787b54c2c33325e79f79732707fddfbf1efd82c678?s=96&d=mm&r=g","caption":"Comunicar Mais"},"description":"Deixe as ideologias com os ide\u00f3logos. Noticiamos fatos, n\u00e3o brigamos com eles. Aqui, voc\u00ea fica bem informado do que acontece no seu bairro e no mundo. Informar com \u00e9tica e responsabilidade s\u00e3o as bandeiras do Comunicarmais.","sameAs":["https:\/\/www.comunicarmais.com.br\/site\/","https:\/\/www.facebook.com\/comunicarmais\/","https:\/\/www.instagram.com\/comunicarmaisba\/","https:\/\/x.com\/ComunicarmaisBA"],"url":"https:\/\/www.comunicarmais.com.br\/site\/author\/gerenciador\/"}]}},"_links":{"self":[{"href":"https:\/\/www.comunicarmais.com.br\/site\/wp-json\/wp\/v2\/posts\/8533","targetHints":{"allow":["GET"]}}],"collection":[{"href":"https:\/\/www.comunicarmais.com.br\/site\/wp-json\/wp\/v2\/posts"}],"about":[{"href":"https:\/\/www.comunicarmais.com.br\/site\/wp-json\/wp\/v2\/types\/post"}],"author":[{"embeddable":true,"href":"https:\/\/www.comunicarmais.com.br\/site\/wp-json\/wp\/v2\/users\/2"}],"replies":[{"embeddable":true,"href":"https:\/\/www.comunicarmais.com.br\/site\/wp-json\/wp\/v2\/comments?post=8533"}],"version-history":[{"count":1,"href":"https:\/\/www.comunicarmais.com.br\/site\/wp-json\/wp\/v2\/posts\/8533\/revisions"}],"predecessor-version":[{"id":8536,"href":"https:\/\/www.comunicarmais.com.br\/site\/wp-json\/wp\/v2\/posts\/8533\/revisions\/8536"}],"wp:featuredmedia":[{"embeddable":true,"href":"https:\/\/www.comunicarmais.com.br\/site\/wp-json\/wp\/v2\/media\/8534"}],"wp:attachment":[{"href":"https:\/\/www.comunicarmais.com.br\/site\/wp-json\/wp\/v2\/media?parent=8533"}],"wp:term":[{"taxonomy":"category","embeddable":true,"href":"https:\/\/www.comunicarmais.com.br\/site\/wp-json\/wp\/v2\/categories?post=8533"},{"taxonomy":"post_tag","embeddable":true,"href":"https:\/\/www.comunicarmais.com.br\/site\/wp-json\/wp\/v2\/tags?post=8533"}],"curies":[{"name":"wp","href":"https:\/\/api.w.org\/{rel}","templated":true}]}}