{"id":8482,"date":"2025-06-17T11:14:00","date_gmt":"2025-06-17T14:14:00","guid":{"rendered":"https:\/\/www.comunicarmais.com.br\/site\/?p=8482"},"modified":"2025-06-17T11:48:02","modified_gmt":"2025-06-17T14:48:02","slug":"prefeitura-de-lauro-de-freitas-antecipa-1a-parcela-do-13o-salario-para-18-de-junho","status":"publish","type":"post","link":"https:\/\/www.comunicarmais.com.br\/site\/2025\/06\/17\/prefeitura-de-lauro-de-freitas-antecipa-1a-parcela-do-13o-salario-para-18-de-junho\/","title":{"rendered":"Prefeitura de Lauro de Freitas antecipa 1\u00aa parcela do 13\u00ba sal\u00e1rio para 18 de junho"},"content":{"rendered":"\n<p><strong>Medida visa garantir seguran\u00e7a financeira e comodidade aos funcion\u00e1rios para aproveitarem os festejos juninos<\/strong><\/p>\n\n\n\n<figure class=\"wp-block-image size-full\"><img decoding=\"async\" width=\"1280\" height=\"853\" data-src=\"https:\/\/www.comunicarmais.com.br\/site\/wp-content\/uploads\/2025\/06\/Fachada-Calf_03_Tiago-Pacheco_2025.jpeg\" alt=\"\" class=\"wp-image-8483 lazyload\" data-srcset=\"https:\/\/www.comunicarmais.com.br\/site\/wp-content\/uploads\/2025\/06\/Fachada-Calf_03_Tiago-Pacheco_2025.jpeg 1280w, https:\/\/www.comunicarmais.com.br\/site\/wp-content\/uploads\/2025\/06\/Fachada-Calf_03_Tiago-Pacheco_2025-1024x682.jpeg 1024w, https:\/\/www.comunicarmais.com.br\/site\/wp-content\/uploads\/2025\/06\/Fachada-Calf_03_Tiago-Pacheco_2025-768x512.jpeg 768w\" data-sizes=\"(max-width: 1280px) 100vw, 1280px\" src=\"data:image\/svg+xml;base64,PHN2ZyB3aWR0aD0iMSIgaGVpZ2h0PSIxIiB4bWxucz0iaHR0cDovL3d3dy53My5vcmcvMjAwMC9zdmciPjwvc3ZnPg==\" style=\"--smush-placeholder-width: 1280px; --smush-placeholder-aspect-ratio: 1280\/853;\" \/><figcaption class=\"wp-element-caption\"><em><sup>(Foto: Tiago Pacheco)<\/sup><\/em><\/figcaption><\/figure>\n\n\n\n<p><strong>Reda\u00e7\u00e3o Mais &#8211;<\/strong> Para manter a pol\u00edtica de valoriza\u00e7\u00e3o do servidor municipal, com o prop\u00f3sito ainda de incrementar a economia, injetando dinheiro no com\u00e9rcio local, a prefeita D\u00e9bora Regis determinou que a primeira parcela do d\u00e9cimo terceiro sal\u00e1rio dos servidores seja paga nesta quarta-feira (18).<\/p>\n\n\n\n<p>A medida visa garantir seguran\u00e7a financeira e comodidade aos funcion\u00e1rios para aproveitarem os festejos juninos, levando em considera\u00e7\u00e3o que, al\u00e9m do pagamento de 50% do valor do 13\u00ba sal\u00e1rio, a gest\u00e3o instituiu, por meio de decreto, pontos facultativos nas reparti\u00e7\u00f5es p\u00fablicas municipais nesta sexta-feira (20\/6) e na pr\u00f3xima segunda (23), exceto os servi\u00e7os essenciais, como os de urg\u00eancia e emerg\u00eancia.<\/p>\n\n\n\n<p>O pagamento realizado pela gest\u00e3o municipal ser\u00e1 feito em duas parcelas, conforme determinado pela Lei n\u00ba 4.090\/1962, que estabelece que o 13\u00ba sal\u00e1rio pode ser pago em duas vezes, a primeira at\u00e9 o dia 30\/11 e a segunda at\u00e9 o dia 20\/12.&nbsp; Al\u00e9m disso, o pagamento pode ser feito tamb\u00e9m em parcela \u00fanica, com prazo m\u00e1ximo de 30\/11.<\/p>\n","protected":false},"excerpt":{"rendered":"<p>Medida visa garantir seguran\u00e7a financeira e comodidade aos funcion\u00e1rios para aproveitarem os festejos juninos<\/p>\n","protected":false},"author":2,"featured_media":8483,"comment_status":"open","ping_status":"open","sticky":false,"template":"","format":"standard","meta":{"_acf_changed":false,"footnotes":""},"categories":[5],"tags":[1847,2557,594,1198],"class_list":["post-8482","post","type-post","status-publish","format-standard","has-post-thumbnail","hentry","category-grande-salvador","tag-13o-salario","tag-festas-juninas","tag-lauro-de-freitas","tag-sao-joao"],"acf":[],"yoast_head":"<!-- This site is optimized with the Yoast SEO plugin v26.1.1 - https:\/\/yoast.com\/wordpress\/plugins\/seo\/ -->\n<title>Prefeitura de Lauro de Freitas antecipa 1\u00aa parcela do 13\u00ba sal\u00e1rio para 18 de junho - Comunicar Mais<\/title>\n<meta name=\"robots\" content=\"index, follow, max-snippet:-1, max-image-preview:large, max-video-preview:-1\" \/>\n<link rel=\"canonical\" href=\"https:\/\/www.comunicarmais.com.br\/site\/2025\/06\/17\/prefeitura-de-lauro-de-freitas-antecipa-1a-parcela-do-13o-salario-para-18-de-junho\/\" \/>\n<meta property=\"og:locale\" content=\"pt_BR\" \/>\n<meta property=\"og:type\" content=\"article\" \/>\n<meta property=\"og:title\" content=\"Prefeitura de Lauro de Freitas antecipa 1\u00aa parcela do 13\u00ba sal\u00e1rio para 18 de junho - Comunicar Mais\" \/>\n<meta property=\"og:description\" content=\"Medida visa garantir seguran\u00e7a financeira e comodidade aos funcion\u00e1rios para aproveitarem os festejos juninos\" \/>\n<meta property=\"og:url\" content=\"https:\/\/www.comunicarmais.com.br\/site\/2025\/06\/17\/prefeitura-de-lauro-de-freitas-antecipa-1a-parcela-do-13o-salario-para-18-de-junho\/\" \/>\n<meta property=\"og:site_name\" content=\"Comunicar Mais\" \/>\n<meta property=\"article:publisher\" content=\"https:\/\/www.facebook.com\/comunicarmais\/\" \/>\n<meta property=\"article:author\" content=\"https:\/\/www.facebook.com\/comunicarmais\/\" \/>\n<meta property=\"article:published_time\" content=\"2025-06-17T14:14:00+00:00\" \/>\n<meta property=\"article:modified_time\" content=\"2025-06-17T14:48:02+00:00\" \/>\n<meta property=\"og:image\" content=\"https:\/\/www.comunicarmais.com.br\/site\/wp-content\/uploads\/2025\/06\/Fachada-Calf_03_Tiago-Pacheco_2025.jpeg\" \/>\n\t<meta property=\"og:image:width\" content=\"1280\" \/>\n\t<meta property=\"og:image:height\" content=\"853\" \/>\n\t<meta property=\"og:image:type\" content=\"image\/jpeg\" \/>\n<meta name=\"author\" content=\"Comunicar Mais\" \/>\n<meta name=\"twitter:card\" content=\"summary_large_image\" \/>\n<meta name=\"twitter:creator\" content=\"@ComunicarmaisBA\" \/>\n<meta name=\"twitter:site\" content=\"@ComunicarmaisBA\" \/>\n<meta name=\"twitter:label1\" content=\"Escrito por\" \/>\n\t<meta name=\"twitter:data1\" content=\"Comunicar Mais\" \/>\n\t<meta name=\"twitter:label2\" content=\"Est. tempo de leitura\" \/>\n\t<meta name=\"twitter:data2\" content=\"2 minutos\" \/>\n<script type=\"application\/ld+json\" class=\"yoast-schema-graph\">{\"@context\":\"https:\/\/schema.org\",\"@graph\":[{\"@type\":\"WebPage\",\"@id\":\"https:\/\/www.comunicarmais.com.br\/site\/2025\/06\/17\/prefeitura-de-lauro-de-freitas-antecipa-1a-parcela-do-13o-salario-para-18-de-junho\/\",\"url\":\"https:\/\/www.comunicarmais.com.br\/site\/2025\/06\/17\/prefeitura-de-lauro-de-freitas-antecipa-1a-parcela-do-13o-salario-para-18-de-junho\/\",\"name\":\"Prefeitura de Lauro de Freitas antecipa 1\u00aa parcela do 13\u00ba sal\u00e1rio para 18 de junho - Comunicar Mais\",\"isPartOf\":{\"@id\":\"https:\/\/www.comunicarmais.com.br\/site\/#website\"},\"primaryImageOfPage\":{\"@id\":\"https:\/\/www.comunicarmais.com.br\/site\/2025\/06\/17\/prefeitura-de-lauro-de-freitas-antecipa-1a-parcela-do-13o-salario-para-18-de-junho\/#primaryimage\"},\"image\":{\"@id\":\"https:\/\/www.comunicarmais.com.br\/site\/2025\/06\/17\/prefeitura-de-lauro-de-freitas-antecipa-1a-parcela-do-13o-salario-para-18-de-junho\/#primaryimage\"},\"thumbnailUrl\":\"https:\/\/www.comunicarmais.com.br\/site\/wp-content\/uploads\/2025\/06\/Fachada-Calf_03_Tiago-Pacheco_2025.jpeg\",\"datePublished\":\"2025-06-17T14:14:00+00:00\",\"dateModified\":\"2025-06-17T14:48:02+00:00\",\"author\":{\"@id\":\"https:\/\/www.comunicarmais.com.br\/site\/#\/schema\/person\/712f7b6b25b644e4a91c4173674cf284\"},\"breadcrumb\":{\"@id\":\"https:\/\/www.comunicarmais.com.br\/site\/2025\/06\/17\/prefeitura-de-lauro-de-freitas-antecipa-1a-parcela-do-13o-salario-para-18-de-junho\/#breadcrumb\"},\"inLanguage\":\"pt-BR\",\"potentialAction\":[{\"@type\":\"ReadAction\",\"target\":[\"https:\/\/www.comunicarmais.com.br\/site\/2025\/06\/17\/prefeitura-de-lauro-de-freitas-antecipa-1a-parcela-do-13o-salario-para-18-de-junho\/\"]}]},{\"@type\":\"ImageObject\",\"inLanguage\":\"pt-BR\",\"@id\":\"https:\/\/www.comunicarmais.com.br\/site\/2025\/06\/17\/prefeitura-de-lauro-de-freitas-antecipa-1a-parcela-do-13o-salario-para-18-de-junho\/#primaryimage\",\"url\":\"https:\/\/www.comunicarmais.com.br\/site\/wp-content\/uploads\/2025\/06\/Fachada-Calf_03_Tiago-Pacheco_2025.jpeg\",\"contentUrl\":\"https:\/\/www.comunicarmais.com.br\/site\/wp-content\/uploads\/2025\/06\/Fachada-Calf_03_Tiago-Pacheco_2025.jpeg\",\"width\":1280,\"height\":853},{\"@type\":\"BreadcrumbList\",\"@id\":\"https:\/\/www.comunicarmais.com.br\/site\/2025\/06\/17\/prefeitura-de-lauro-de-freitas-antecipa-1a-parcela-do-13o-salario-para-18-de-junho\/#breadcrumb\",\"itemListElement\":[{\"@type\":\"ListItem\",\"position\":1,\"name\":\"In\u00edcio\",\"item\":\"https:\/\/www.comunicarmais.com.br\/site\/\"},{\"@type\":\"ListItem\",\"position\":2,\"name\":\"Prefeitura de Lauro de Freitas antecipa 1\u00aa parcela do 13\u00ba sal\u00e1rio para 18 de junho\"}]},{\"@type\":\"WebSite\",\"@id\":\"https:\/\/www.comunicarmais.com.br\/site\/#website\",\"url\":\"https:\/\/www.comunicarmais.com.br\/site\/\",\"name\":\"Comunicar Mais\",\"description\":\"\",\"potentialAction\":[{\"@type\":\"SearchAction\",\"target\":{\"@type\":\"EntryPoint\",\"urlTemplate\":\"https:\/\/www.comunicarmais.com.br\/site\/?s={search_term_string}\"},\"query-input\":{\"@type\":\"PropertyValueSpecification\",\"valueRequired\":true,\"valueName\":\"search_term_string\"}}],\"inLanguage\":\"pt-BR\"},{\"@type\":\"Person\",\"@id\":\"https:\/\/www.comunicarmais.com.br\/site\/#\/schema\/person\/712f7b6b25b644e4a91c4173674cf284\",\"name\":\"Comunicar Mais\",\"image\":{\"@type\":\"ImageObject\",\"inLanguage\":\"pt-BR\",\"@id\":\"https:\/\/www.comunicarmais.com.br\/site\/#\/schema\/person\/image\/\",\"url\":\"https:\/\/secure.gravatar.com\/avatar\/9803218072e2c0dc265d3d787b54c2c33325e79f79732707fddfbf1efd82c678?s=96&d=mm&r=g\",\"contentUrl\":\"https:\/\/secure.gravatar.com\/avatar\/9803218072e2c0dc265d3d787b54c2c33325e79f79732707fddfbf1efd82c678?s=96&d=mm&r=g\",\"caption\":\"Comunicar Mais\"},\"description\":\"Deixe as ideologias com os ide\u00f3logos. Noticiamos fatos, n\u00e3o brigamos com eles. Aqui, voc\u00ea fica bem informado do que acontece no seu bairro e no mundo. Informar com \u00e9tica e responsabilidade s\u00e3o as bandeiras do Comunicarmais.\",\"sameAs\":[\"https:\/\/www.comunicarmais.com.br\/site\/\",\"https:\/\/www.facebook.com\/comunicarmais\/\",\"https:\/\/www.instagram.com\/comunicarmaisba\/\",\"https:\/\/x.com\/ComunicarmaisBA\"],\"url\":\"https:\/\/www.comunicarmais.com.br\/site\/author\/gerenciador\/\"}]}<\/script>\n<!-- \/ Yoast SEO plugin. -->","yoast_head_json":{"title":"Prefeitura de Lauro de Freitas antecipa 1\u00aa parcela do 13\u00ba sal\u00e1rio para 18 de junho - Comunicar Mais","robots":{"index":"index","follow":"follow","max-snippet":"max-snippet:-1","max-image-preview":"max-image-preview:large","max-video-preview":"max-video-preview:-1"},"canonical":"https:\/\/www.comunicarmais.com.br\/site\/2025\/06\/17\/prefeitura-de-lauro-de-freitas-antecipa-1a-parcela-do-13o-salario-para-18-de-junho\/","og_locale":"pt_BR","og_type":"article","og_title":"Prefeitura de Lauro de Freitas antecipa 1\u00aa parcela do 13\u00ba sal\u00e1rio para 18 de junho - Comunicar Mais","og_description":"Medida visa garantir seguran\u00e7a financeira e comodidade aos funcion\u00e1rios para aproveitarem os festejos juninos","og_url":"https:\/\/www.comunicarmais.com.br\/site\/2025\/06\/17\/prefeitura-de-lauro-de-freitas-antecipa-1a-parcela-do-13o-salario-para-18-de-junho\/","og_site_name":"Comunicar Mais","article_publisher":"https:\/\/www.facebook.com\/comunicarmais\/","article_author":"https:\/\/www.facebook.com\/comunicarmais\/","article_published_time":"2025-06-17T14:14:00+00:00","article_modified_time":"2025-06-17T14:48:02+00:00","og_image":[{"width":1280,"height":853,"url":"https:\/\/www.comunicarmais.com.br\/site\/wp-content\/uploads\/2025\/06\/Fachada-Calf_03_Tiago-Pacheco_2025.jpeg","type":"image\/jpeg"}],"author":"Comunicar Mais","twitter_card":"summary_large_image","twitter_creator":"@ComunicarmaisBA","twitter_site":"@ComunicarmaisBA","twitter_misc":{"Escrito por":"Comunicar Mais","Est. tempo de leitura":"2 minutos"},"schema":{"@context":"https:\/\/schema.org","@graph":[{"@type":"WebPage","@id":"https:\/\/www.comunicarmais.com.br\/site\/2025\/06\/17\/prefeitura-de-lauro-de-freitas-antecipa-1a-parcela-do-13o-salario-para-18-de-junho\/","url":"https:\/\/www.comunicarmais.com.br\/site\/2025\/06\/17\/prefeitura-de-lauro-de-freitas-antecipa-1a-parcela-do-13o-salario-para-18-de-junho\/","name":"Prefeitura de Lauro de Freitas antecipa 1\u00aa parcela do 13\u00ba sal\u00e1rio para 18 de junho - Comunicar Mais","isPartOf":{"@id":"https:\/\/www.comunicarmais.com.br\/site\/#website"},"primaryImageOfPage":{"@id":"https:\/\/www.comunicarmais.com.br\/site\/2025\/06\/17\/prefeitura-de-lauro-de-freitas-antecipa-1a-parcela-do-13o-salario-para-18-de-junho\/#primaryimage"},"image":{"@id":"https:\/\/www.comunicarmais.com.br\/site\/2025\/06\/17\/prefeitura-de-lauro-de-freitas-antecipa-1a-parcela-do-13o-salario-para-18-de-junho\/#primaryimage"},"thumbnailUrl":"https:\/\/www.comunicarmais.com.br\/site\/wp-content\/uploads\/2025\/06\/Fachada-Calf_03_Tiago-Pacheco_2025.jpeg","datePublished":"2025-06-17T14:14:00+00:00","dateModified":"2025-06-17T14:48:02+00:00","author":{"@id":"https:\/\/www.comunicarmais.com.br\/site\/#\/schema\/person\/712f7b6b25b644e4a91c4173674cf284"},"breadcrumb":{"@id":"https:\/\/www.comunicarmais.com.br\/site\/2025\/06\/17\/prefeitura-de-lauro-de-freitas-antecipa-1a-parcela-do-13o-salario-para-18-de-junho\/#breadcrumb"},"inLanguage":"pt-BR","potentialAction":[{"@type":"ReadAction","target":["https:\/\/www.comunicarmais.com.br\/site\/2025\/06\/17\/prefeitura-de-lauro-de-freitas-antecipa-1a-parcela-do-13o-salario-para-18-de-junho\/"]}]},{"@type":"ImageObject","inLanguage":"pt-BR","@id":"https:\/\/www.comunicarmais.com.br\/site\/2025\/06\/17\/prefeitura-de-lauro-de-freitas-antecipa-1a-parcela-do-13o-salario-para-18-de-junho\/#primaryimage","url":"https:\/\/www.comunicarmais.com.br\/site\/wp-content\/uploads\/2025\/06\/Fachada-Calf_03_Tiago-Pacheco_2025.jpeg","contentUrl":"https:\/\/www.comunicarmais.com.br\/site\/wp-content\/uploads\/2025\/06\/Fachada-Calf_03_Tiago-Pacheco_2025.jpeg","width":1280,"height":853},{"@type":"BreadcrumbList","@id":"https:\/\/www.comunicarmais.com.br\/site\/2025\/06\/17\/prefeitura-de-lauro-de-freitas-antecipa-1a-parcela-do-13o-salario-para-18-de-junho\/#breadcrumb","itemListElement":[{"@type":"ListItem","position":1,"name":"In\u00edcio","item":"https:\/\/www.comunicarmais.com.br\/site\/"},{"@type":"ListItem","position":2,"name":"Prefeitura de Lauro de Freitas antecipa 1\u00aa parcela do 13\u00ba sal\u00e1rio para 18 de junho"}]},{"@type":"WebSite","@id":"https:\/\/www.comunicarmais.com.br\/site\/#website","url":"https:\/\/www.comunicarmais.com.br\/site\/","name":"Comunicar Mais","description":"","potentialAction":[{"@type":"SearchAction","target":{"@type":"EntryPoint","urlTemplate":"https:\/\/www.comunicarmais.com.br\/site\/?s={search_term_string}"},"query-input":{"@type":"PropertyValueSpecification","valueRequired":true,"valueName":"search_term_string"}}],"inLanguage":"pt-BR"},{"@type":"Person","@id":"https:\/\/www.comunicarmais.com.br\/site\/#\/schema\/person\/712f7b6b25b644e4a91c4173674cf284","name":"Comunicar Mais","image":{"@type":"ImageObject","inLanguage":"pt-BR","@id":"https:\/\/www.comunicarmais.com.br\/site\/#\/schema\/person\/image\/","url":"https:\/\/secure.gravatar.com\/avatar\/9803218072e2c0dc265d3d787b54c2c33325e79f79732707fddfbf1efd82c678?s=96&d=mm&r=g","contentUrl":"https:\/\/secure.gravatar.com\/avatar\/9803218072e2c0dc265d3d787b54c2c33325e79f79732707fddfbf1efd82c678?s=96&d=mm&r=g","caption":"Comunicar Mais"},"description":"Deixe as ideologias com os ide\u00f3logos. Noticiamos fatos, n\u00e3o brigamos com eles. Aqui, voc\u00ea fica bem informado do que acontece no seu bairro e no mundo. Informar com \u00e9tica e responsabilidade s\u00e3o as bandeiras do Comunicarmais.","sameAs":["https:\/\/www.comunicarmais.com.br\/site\/","https:\/\/www.facebook.com\/comunicarmais\/","https:\/\/www.instagram.com\/comunicarmaisba\/","https:\/\/x.com\/ComunicarmaisBA"],"url":"https:\/\/www.comunicarmais.com.br\/site\/author\/gerenciador\/"}]}},"_links":{"self":[{"href":"https:\/\/www.comunicarmais.com.br\/site\/wp-json\/wp\/v2\/posts\/8482","targetHints":{"allow":["GET"]}}],"collection":[{"href":"https:\/\/www.comunicarmais.com.br\/site\/wp-json\/wp\/v2\/posts"}],"about":[{"href":"https:\/\/www.comunicarmais.com.br\/site\/wp-json\/wp\/v2\/types\/post"}],"author":[{"embeddable":true,"href":"https:\/\/www.comunicarmais.com.br\/site\/wp-json\/wp\/v2\/users\/2"}],"replies":[{"embeddable":true,"href":"https:\/\/www.comunicarmais.com.br\/site\/wp-json\/wp\/v2\/comments?post=8482"}],"version-history":[{"count":1,"href":"https:\/\/www.comunicarmais.com.br\/site\/wp-json\/wp\/v2\/posts\/8482\/revisions"}],"predecessor-version":[{"id":8484,"href":"https:\/\/www.comunicarmais.com.br\/site\/wp-json\/wp\/v2\/posts\/8482\/revisions\/8484"}],"wp:featuredmedia":[{"embeddable":true,"href":"https:\/\/www.comunicarmais.com.br\/site\/wp-json\/wp\/v2\/media\/8483"}],"wp:attachment":[{"href":"https:\/\/www.comunicarmais.com.br\/site\/wp-json\/wp\/v2\/media?parent=8482"}],"wp:term":[{"taxonomy":"category","embeddable":true,"href":"https:\/\/www.comunicarmais.com.br\/site\/wp-json\/wp\/v2\/categories?post=8482"},{"taxonomy":"post_tag","embeddable":true,"href":"https:\/\/www.comunicarmais.com.br\/site\/wp-json\/wp\/v2\/tags?post=8482"}],"curies":[{"name":"wp","href":"https:\/\/api.w.org\/{rel}","templated":true}]}}