{"id":8052,"date":"2025-05-15T14:15:00","date_gmt":"2025-05-15T17:15:00","guid":{"rendered":"https:\/\/www.comunicarmais.com.br\/site\/?p=8052"},"modified":"2025-05-15T20:13:36","modified_gmt":"2025-05-15T23:13:36","slug":"prefeitura-renova-60-da-frota-de-compactadores-utilizados-na-coleta-de-residuos-de-salvador","status":"publish","type":"post","link":"https:\/\/www.comunicarmais.com.br\/site\/2025\/05\/15\/prefeitura-renova-60-da-frota-de-compactadores-utilizados-na-coleta-de-residuos-de-salvador\/","title":{"rendered":"Prefeitura de Salvador renova 60% da frota de compactadores da coleta de res\u00edduos"},"content":{"rendered":"\n<p><strong>Entrega simb\u00f3lica dos ve\u00edculos foi feita pelo prefeito da cidade e o presidente da Limpurb<\/strong><\/p>\n\n\n\n<figure class=\"wp-block-image size-large\"><img decoding=\"async\" width=\"1433\" height=\"956\" data-src=\"https:\/\/www.comunicarmais.com.br\/site\/wp-content\/uploads\/2025\/05\/WhatsApp-Image-2025-05-15-at-13.45.41-1433x956.jpeg\" alt=\"\" class=\"wp-image-8053 lazyload\" data-srcset=\"https:\/\/www.comunicarmais.com.br\/site\/wp-content\/uploads\/2025\/05\/WhatsApp-Image-2025-05-15-at-13.45.41-1433x956.jpeg 1433w, https:\/\/www.comunicarmais.com.br\/site\/wp-content\/uploads\/2025\/05\/WhatsApp-Image-2025-05-15-at-13.45.41-1024x683.jpeg 1024w, https:\/\/www.comunicarmais.com.br\/site\/wp-content\/uploads\/2025\/05\/WhatsApp-Image-2025-05-15-at-13.45.41-768x512.jpeg 768w, https:\/\/www.comunicarmais.com.br\/site\/wp-content\/uploads\/2025\/05\/WhatsApp-Image-2025-05-15-at-13.45.41-1536x1024.jpeg 1536w, https:\/\/www.comunicarmais.com.br\/site\/wp-content\/uploads\/2025\/05\/WhatsApp-Image-2025-05-15-at-13.45.41-1320x880.jpeg 1320w, https:\/\/www.comunicarmais.com.br\/site\/wp-content\/uploads\/2025\/05\/WhatsApp-Image-2025-05-15-at-13.45.41.jpeg 1600w\" data-sizes=\"(max-width: 1433px) 100vw, 1433px\" src=\"data:image\/svg+xml;base64,PHN2ZyB3aWR0aD0iMSIgaGVpZ2h0PSIxIiB4bWxucz0iaHR0cDovL3d3dy53My5vcmcvMjAwMC9zdmciPjwvc3ZnPg==\" style=\"--smush-placeholder-width: 1433px; --smush-placeholder-aspect-ratio: 1433\/956;\" \/><figcaption class=\"wp-element-caption\"><em><sup>(Fotos: Valter Pontes\/Secom PMS)<\/sup><\/em><\/figcaption><\/figure>\n\n\n\n<p><strong>Reda\u00e7\u00e3o Mais &#8211; <\/strong>A capital baiana renovou 60% da frota dos caminh\u00f5es compactadores utilizados na coleta de res\u00edduos na cidade. A entrega simb\u00f3lica dos ve\u00edculos foi feita pelo prefeito Bruno Reis e pelo presidente da Empresa de Limpeza Urbana (Limpurb), Carlos Augusto Gomes, na manh\u00e3 desta quinta-feira (15), na sede da autarquia, na BR-324. O ato foi marcado por um caf\u00e9 da manh\u00e3 com agentes de limpeza urbana e ocorre na v\u00e9spera do Dia do Gari.<\/p>\n\n\n\n<p>Cinco dos novos caminh\u00f5es apresentados ganharam, inclusive, uma plotagem especial, estampando rostos dos trabalhadores e trazendo o tema \u201cValentes\u201d. \u201cAmanh\u00e3 (16) \u00e9 o Dia do Gari, profissionais esses que s\u00e3o extremamente importantes para a nossa cidade. Temos uma rela\u00e7\u00e3o de afeto e de carinho muito pr\u00f3xima a eles. Por isso, fiz quest\u00e3o de vir aqui, na Limpurb, para tomar caf\u00e9 com esses trabalhadores e tamb\u00e9m realizar o ato de entrega da renova\u00e7\u00e3o de mais de 60% da frota dos nossos caminh\u00f5es compactadores que realizam a coleta em nossa cidade\u201d, destacou Bruno Reis.<\/p>\n\n\n\n<p>Segundo a Limpurb, h\u00e1 mais de 200 ve\u00edculos envolvidos na limpeza urbana, sendo 96 compactadores, dos quais mais de 60 s\u00e3o novos. Investir na moderniza\u00e7\u00e3o da frota de ve\u00edculos, acrescentou o prefeito, significa melhorar o atendimento \u00e0 demanda di\u00e1ria da cidade. \u201cAs empresas que prestam esse servi\u00e7o de coleta t\u00eam por obriga\u00e7\u00e3o, ao longo do contrato, de chegar a 100% dessa renova\u00e7\u00e3o, que vai ocorrendo no dia a dia. Isso permite que a gente tenha uma coleta de lixo com melhor qualidade, deixando a cidade mais limpa, mais bem cuidada para todos n\u00f3s que aqui moramos e vivemos\u201d, frisou.<\/p>\n\n\n\n<figure class=\"wp-block-image size-large\"><img decoding=\"async\" width=\"1433\" height=\"955\" data-src=\"https:\/\/www.comunicarmais.com.br\/site\/wp-content\/uploads\/2025\/05\/WhatsApp-Image-2025-05-15-at-13.45.40-1433x955.jpeg\" alt=\"\" class=\"wp-image-8054 lazyload\" data-srcset=\"https:\/\/www.comunicarmais.com.br\/site\/wp-content\/uploads\/2025\/05\/WhatsApp-Image-2025-05-15-at-13.45.40-1433x955.jpeg 1433w, https:\/\/www.comunicarmais.com.br\/site\/wp-content\/uploads\/2025\/05\/WhatsApp-Image-2025-05-15-at-13.45.40-1024x682.jpeg 1024w, https:\/\/www.comunicarmais.com.br\/site\/wp-content\/uploads\/2025\/05\/WhatsApp-Image-2025-05-15-at-13.45.40-768x512.jpeg 768w, https:\/\/www.comunicarmais.com.br\/site\/wp-content\/uploads\/2025\/05\/WhatsApp-Image-2025-05-15-at-13.45.40-1536x1023.jpeg 1536w, https:\/\/www.comunicarmais.com.br\/site\/wp-content\/uploads\/2025\/05\/WhatsApp-Image-2025-05-15-at-13.45.40-1320x879.jpeg 1320w, https:\/\/www.comunicarmais.com.br\/site\/wp-content\/uploads\/2025\/05\/WhatsApp-Image-2025-05-15-at-13.45.40.jpeg 1600w\" data-sizes=\"(max-width: 1433px) 100vw, 1433px\" src=\"data:image\/svg+xml;base64,PHN2ZyB3aWR0aD0iMSIgaGVpZ2h0PSIxIiB4bWxucz0iaHR0cDovL3d3dy53My5vcmcvMjAwMC9zdmciPjwvc3ZnPg==\" style=\"--smush-placeholder-width: 1433px; --smush-placeholder-aspect-ratio: 1433\/955;\" \/><figcaption class=\"wp-element-caption\"><em><sup>(Fotos: Valter Pontes\/Secom PMS)<\/sup><\/em><\/figcaption><\/figure>\n\n\n\n<p><strong>Descarte consciente \u2013<\/strong> Diante do atual per\u00edodo de chuvas, a coleta de res\u00edduos ganha ainda mais relev\u00e2ncia para a rotina urbana. O prefeito chama a aten\u00e7\u00e3o, no entanto, para o descarte consciente pela popula\u00e7\u00e3o. \u201cAinda enfrentamos uma s\u00e9rie de problemas. Muitas pessoas se acostumaram a colocar o entulho na porta de casa, \u00e0s vezes, no canteiro central de algumas vias. Ent\u00e3o, meu apelo \u00e9 para que as pessoas tenham a consci\u00eancia de depositar no local devido para ajudar o nosso trabalho, colocando o lixo na porta de casa, pr\u00f3ximo do hor\u00e1rio da coleta que ela ocorre, de forma programada. Hoje temos um custo elevado com varri\u00e7\u00e3o e limpeza, o que acaba onerando ainda mais os cofres p\u00fablicos\u201d, alertou o chefe do executivo municipal.<\/p>\n\n\n\n<figure class=\"wp-block-image size-large\"><img decoding=\"async\" width=\"1433\" height=\"955\" data-src=\"https:\/\/www.comunicarmais.com.br\/site\/wp-content\/uploads\/2025\/05\/WhatsApp-Image-2025-05-15-at-13.45.40-1-1433x955.jpeg\" alt=\"\" class=\"wp-image-8055 lazyload\" data-srcset=\"https:\/\/www.comunicarmais.com.br\/site\/wp-content\/uploads\/2025\/05\/WhatsApp-Image-2025-05-15-at-13.45.40-1-1433x955.jpeg 1433w, https:\/\/www.comunicarmais.com.br\/site\/wp-content\/uploads\/2025\/05\/WhatsApp-Image-2025-05-15-at-13.45.40-1-1024x682.jpeg 1024w, https:\/\/www.comunicarmais.com.br\/site\/wp-content\/uploads\/2025\/05\/WhatsApp-Image-2025-05-15-at-13.45.40-1-768x512.jpeg 768w, https:\/\/www.comunicarmais.com.br\/site\/wp-content\/uploads\/2025\/05\/WhatsApp-Image-2025-05-15-at-13.45.40-1-1536x1023.jpeg 1536w, https:\/\/www.comunicarmais.com.br\/site\/wp-content\/uploads\/2025\/05\/WhatsApp-Image-2025-05-15-at-13.45.40-1-1320x879.jpeg 1320w, https:\/\/www.comunicarmais.com.br\/site\/wp-content\/uploads\/2025\/05\/WhatsApp-Image-2025-05-15-at-13.45.40-1.jpeg 1600w\" data-sizes=\"(max-width: 1433px) 100vw, 1433px\" src=\"data:image\/svg+xml;base64,PHN2ZyB3aWR0aD0iMSIgaGVpZ2h0PSIxIiB4bWxucz0iaHR0cDovL3d3dy53My5vcmcvMjAwMC9zdmciPjwvc3ZnPg==\" style=\"--smush-placeholder-width: 1433px; --smush-placeholder-aspect-ratio: 1433\/955;\" \/><figcaption class=\"wp-element-caption\"><em><sup>(Fotos: Valter Pontes\/Secom PMS)<\/sup><\/em><\/figcaption><\/figure>\n\n\n\n<p><strong>Reconhecimento \u2013 <\/strong>Atualmente, h\u00e1 cerca de 4 mil garis atuando na capital baiana. S\u00e3o recolhidas, diariamente, uma m\u00e9dia de 5,2 mil toneladas de res\u00edduos domiciliares e restos da constru\u00e7\u00e3o civil.<\/p>\n\n\n\n<p>O presidente da Empresa de Limpeza Urbana (Limpurb), Carlos Augusto Gomes, \u00e9 enf\u00e1tico ao ressaltar o papel dos agentes. \u201cCidade nenhuma do Brasil e do mundo funciona sem eles. Eu at\u00e9 me emociono, porque todo o esfor\u00e7o que a gente fizer \u00e9 pouco para esses profissionais. Agora, por exemplo, estamos com a Opera\u00e7\u00e3o Chuva e eles est\u00e3o fazendo tudo, desde a limpeza de canaletas at\u00e9 a coloca\u00e7\u00e3o de lonas. Por isso, fa\u00e7o quest\u00e3o de prestar homenagem a esses guerreiros\u201d, disse.<\/p>\n\n\n\n<p>Agente de limpeza h\u00e1 cinco anos, Luciane Ferreira, 50, foi uma das trabalhadoras selecionadas para estampar os novos compactadores da Limpurb. Ela conta que, diariamente, \u00e0s 6h, est\u00e1 nas praias da Boca do Rio para atuar na limpeza da localidade. \u201c\u00c9 um privil\u00e9gio para gente essa comemora\u00e7\u00e3o ao Dia do Gari. \u00c9 motivo de muito orgulho n\u00e3o s\u00f3 para mim como para toda minha fam\u00edlia\u201d, disse.<\/p>\n\n\n\n<p>Com nove meses de servi\u00e7o, Guilherme Ribeiro, 25 anos, revelou que tamb\u00e9m se orgulha em exercer a profiss\u00e3o, cuja escolha laboral foi inspirada no exemplo do pr\u00f3prio pai, que \u00e9 gari h\u00e1 mais de duas d\u00e9cadas. \u201c\u00c9 um emprego que est\u00e1 me dando oportunidade de correr atr\u00e1s dos meus objetivos, de colocar comida na mesa. E essa comemora\u00e7\u00e3o do Dia do Gari mostra que a Prefeitura est\u00e1 valorizando o nosso servi\u00e7o\u201d, pontuou ele, que atua na Federa\u00e7\u00e3o, Barra e Itapu\u00e3.<\/p>\n\n\n\n<p>________________________________________________________________________________________________________________<\/p>\n\n\n<p class=\"wp-block-tag-cloud\"><a href=\"https:\/\/www.comunicarmais.com.br\/site\/tag\/bahia\/\" class=\"tag-cloud-link tag-link-171 tag-link-position-1\" style=\"font-size: 17.922330097087pt;\" aria-label=\"Bahia (116 itens)\">Bahia<\/a>\n<a href=\"https:\/\/www.comunicarmais.com.br\/site\/tag\/bolsonaro\/\" class=\"tag-cloud-link tag-link-112 tag-link-position-2\" style=\"font-size: 11.533980582524pt;\" aria-label=\"Bolsonaro (39 itens)\">Bolsonaro<\/a>\n<a href=\"https:\/\/www.comunicarmais.com.br\/site\/tag\/brasil\/\" class=\"tag-cloud-link tag-link-335 tag-link-position-3\" style=\"font-size: 13.029126213592pt;\" aria-label=\"Brasil (50 itens)\">Brasil<\/a>\n<a href=\"https:\/\/www.comunicarmais.com.br\/site\/tag\/camacari\/\" class=\"tag-cloud-link tag-link-435 tag-link-position-4\" style=\"font-size: 8.8155339805825pt;\" aria-label=\"Cama\u00e7ari (24 itens)\">Cama\u00e7ari<\/a>\n<a href=\"https:\/\/www.comunicarmais.com.br\/site\/tag\/carnaval\/\" class=\"tag-cloud-link tag-link-508 tag-link-position-5\" style=\"font-size: 12.893203883495pt;\" aria-label=\"Carnaval (49 itens)\">Carnaval<\/a>\n<a href=\"https:\/\/www.comunicarmais.com.br\/site\/tag\/cbx\/\" class=\"tag-cloud-link tag-link-1602 tag-link-position-6\" style=\"font-size: 11.398058252427pt;\" aria-label=\"CBX (38 itens)\">CBX<\/a>\n<a href=\"https:\/\/www.comunicarmais.com.br\/site\/tag\/cidade-baixa\/\" class=\"tag-cloud-link tag-link-456 tag-link-position-7\" style=\"font-size: 9.9029126213592pt;\" aria-label=\"Cidade Baixa (29 itens)\">Cidade Baixa<\/a>\n<a href=\"https:\/\/www.comunicarmais.com.br\/site\/tag\/cinema\/\" class=\"tag-cloud-link tag-link-985 tag-link-position-8\" style=\"font-size: 11.126213592233pt;\" aria-label=\"Cinema (36 itens)\">Cinema<\/a>\n<a href=\"https:\/\/www.comunicarmais.com.br\/site\/tag\/cultura\/\" class=\"tag-cloud-link tag-link-231 tag-link-position-9\" style=\"font-size: 12.21359223301pt;\" aria-label=\"Cultura (44 itens)\">Cultura<\/a>\n<a href=\"https:\/\/www.comunicarmais.com.br\/site\/tag\/drogas\/\" class=\"tag-cloud-link tag-link-165 tag-link-position-10\" style=\"font-size: 12.757281553398pt;\" aria-label=\"Drogas (48 itens)\">Drogas<\/a>\n<a href=\"https:\/\/www.comunicarmais.com.br\/site\/tag\/educacao\/\" class=\"tag-cloud-link tag-link-228 tag-link-position-11\" style=\"font-size: 12.621359223301pt;\" aria-label=\"Educa\u00e7\u00e3o (47 itens)\">Educa\u00e7\u00e3o<\/a>\n<a href=\"https:\/\/www.comunicarmais.com.br\/site\/tag\/ensino\/\" class=\"tag-cloud-link tag-link-233 tag-link-position-12\" style=\"font-size: 10.446601941748pt;\" aria-label=\"Ensino (32 itens)\">Ensino<\/a>\n<a href=\"https:\/\/www.comunicarmais.com.br\/site\/tag\/escola\/\" class=\"tag-cloud-link tag-link-229 tag-link-position-13\" style=\"font-size: 9.631067961165pt;\" aria-label=\"Escola (28 itens)\">Escola<\/a>\n<a href=\"https:\/\/www.comunicarmais.com.br\/site\/tag\/eua\/\" class=\"tag-cloud-link tag-link-664 tag-link-position-14\" style=\"font-size: 12.077669902913pt;\" aria-label=\"EUA (43 itens)\">EUA<\/a>\n<a href=\"https:\/\/www.comunicarmais.com.br\/site\/tag\/feira-de-santana\/\" class=\"tag-cloud-link tag-link-642 tag-link-position-15\" style=\"font-size: 9.2233009708738pt;\" aria-label=\"Feira de Santana (26 itens)\">Feira de Santana<\/a>\n<a href=\"https:\/\/www.comunicarmais.com.br\/site\/tag\/ficco\/\" class=\"tag-cloud-link tag-link-143 tag-link-position-16\" style=\"font-size: 9.2233009708738pt;\" aria-label=\"Ficco (26 itens)\">Ficco<\/a>\n<a href=\"https:\/\/www.comunicarmais.com.br\/site\/tag\/folia\/\" class=\"tag-cloud-link tag-link-566 tag-link-position-17\" style=\"font-size: 9.2233009708738pt;\" aria-label=\"Folia (26 itens)\">Folia<\/a>\n<a href=\"https:\/\/www.comunicarmais.com.br\/site\/tag\/futebol\/\" class=\"tag-cloud-link tag-link-40 tag-link-position-18\" style=\"font-size: 13.029126213592pt;\" aria-label=\"Futebol (50 itens)\">Futebol<\/a>\n<a href=\"https:\/\/www.comunicarmais.com.br\/site\/tag\/homicidio\/\" class=\"tag-cloud-link tag-link-101 tag-link-position-19\" style=\"font-size: 10.582524271845pt;\" aria-label=\"Homic\u00eddio (33 itens)\">Homic\u00eddio<\/a>\n<a href=\"https:\/\/www.comunicarmais.com.br\/site\/tag\/itapagipe\/\" class=\"tag-cloud-link tag-link-471 tag-link-position-20\" style=\"font-size: 10.038834951456pt;\" aria-label=\"Itapagipe (30 itens)\">Itapagipe<\/a>\n<a href=\"https:\/\/www.comunicarmais.com.br\/site\/tag\/itaparica\/\" class=\"tag-cloud-link tag-link-301 tag-link-position-21\" style=\"font-size: 8pt;\" aria-label=\"Itaparica (21 itens)\">Itaparica<\/a>\n<a href=\"https:\/\/www.comunicarmais.com.br\/site\/tag\/jeronimo-rodrigues\/\" class=\"tag-cloud-link tag-link-668 tag-link-position-22\" style=\"font-size: 8.2718446601942pt;\" aria-label=\"Jer\u00f4nimo Rodrigues (22 itens)\">Jer\u00f4nimo Rodrigues<\/a>\n<a href=\"https:\/\/www.comunicarmais.com.br\/site\/tag\/justica\/\" class=\"tag-cloud-link tag-link-361 tag-link-position-23\" style=\"font-size: 10.582524271845pt;\" aria-label=\"Justi\u00e7a (33 itens)\">Justi\u00e7a<\/a>\n<a href=\"https:\/\/www.comunicarmais.com.br\/site\/tag\/lauro-de-freitas\/\" class=\"tag-cloud-link tag-link-594 tag-link-position-24\" style=\"font-size: 18.194174757282pt;\" aria-label=\"Lauro de Freitas (122 itens)\">Lauro de Freitas<\/a>\n<a href=\"https:\/\/www.comunicarmais.com.br\/site\/tag\/lazer\/\" class=\"tag-cloud-link tag-link-568 tag-link-position-25\" style=\"font-size: 9.2233009708738pt;\" aria-label=\"Lazer (26 itens)\">Lazer<\/a>\n<a href=\"https:\/\/www.comunicarmais.com.br\/site\/tag\/lula\/\" class=\"tag-cloud-link tag-link-416 tag-link-position-26\" style=\"font-size: 12.21359223301pt;\" aria-label=\"Lula (44 itens)\">Lula<\/a>\n<a href=\"https:\/\/www.comunicarmais.com.br\/site\/tag\/meio-ambiente\/\" class=\"tag-cloud-link tag-link-475 tag-link-position-27\" style=\"font-size: 12.21359223301pt;\" aria-label=\"Meio Ambiente (44 itens)\">Meio Ambiente<\/a>\n<a href=\"https:\/\/www.comunicarmais.com.br\/site\/tag\/mobilidade\/\" class=\"tag-cloud-link tag-link-278 tag-link-position-28\" style=\"font-size: 13.844660194175pt;\" aria-label=\"Mobilidade (58 itens)\">Mobilidade<\/a>\n<a href=\"https:\/\/www.comunicarmais.com.br\/site\/tag\/mulher\/\" class=\"tag-cloud-link tag-link-450 tag-link-position-29\" style=\"font-size: 13.300970873786pt;\" aria-label=\"mulher (53 itens)\">mulher<\/a>\n<a href=\"https:\/\/www.comunicarmais.com.br\/site\/tag\/musica-2\/\" class=\"tag-cloud-link tag-link-747 tag-link-position-30\" style=\"font-size: 12.21359223301pt;\" aria-label=\"M\u00fasica (44 itens)\">M\u00fasica<\/a>\n<a href=\"https:\/\/www.comunicarmais.com.br\/site\/tag\/pcba\/\" class=\"tag-cloud-link tag-link-1332 tag-link-position-31\" style=\"font-size: 15.067961165049pt;\" aria-label=\"PCBA (72 itens)\">PCBA<\/a>\n<a href=\"https:\/\/www.comunicarmais.com.br\/site\/tag\/pmba\/\" class=\"tag-cloud-link tag-link-53 tag-link-position-32\" style=\"font-size: 18.194174757282pt;\" aria-label=\"PMBA (123 itens)\">PMBA<\/a>\n<a href=\"https:\/\/www.comunicarmais.com.br\/site\/tag\/policia-federal\/\" class=\"tag-cloud-link tag-link-620 tag-link-position-33\" style=\"font-size: 8.9514563106796pt;\" aria-label=\"Pol\u00edcia Federal (25 itens)\">Pol\u00edcia Federal<\/a>\n<a href=\"https:\/\/www.comunicarmais.com.br\/site\/tag\/politica\/\" class=\"tag-cloud-link tag-link-495 tag-link-position-34\" style=\"font-size: 16.291262135922pt;\" aria-label=\"Pol\u00edtica (89 itens)\">Pol\u00edtica<\/a>\n<a href=\"https:\/\/www.comunicarmais.com.br\/site\/tag\/rio-de-janeiro\/\" class=\"tag-cloud-link tag-link-152 tag-link-position-35\" style=\"font-size: 9.9029126213592pt;\" aria-label=\"Rio de Janeiro (29 itens)\">Rio de Janeiro<\/a>\n<a href=\"https:\/\/www.comunicarmais.com.br\/site\/tag\/salvador\/\" class=\"tag-cloud-link tag-link-125 tag-link-position-36\" style=\"font-size: 22pt;\" aria-label=\"Salvador (234 itens)\">Salvador<\/a>\n<a href=\"https:\/\/www.comunicarmais.com.br\/site\/tag\/saude\/\" class=\"tag-cloud-link tag-link-42 tag-link-position-37\" style=\"font-size: 17.78640776699pt;\" aria-label=\"Sa\u00fade (115 itens)\">Sa\u00fade<\/a>\n<a href=\"https:\/\/www.comunicarmais.com.br\/site\/tag\/seguranca\/\" class=\"tag-cloud-link tag-link-48 tag-link-position-38\" style=\"font-size: 9.2233009708738pt;\" aria-label=\"Seguran\u00e7a (26 itens)\">Seguran\u00e7a<\/a>\n<a href=\"https:\/\/www.comunicarmais.com.br\/site\/tag\/ssp-ba\/\" class=\"tag-cloud-link tag-link-1937 tag-link-position-39\" style=\"font-size: 8.9514563106796pt;\" aria-label=\"SSP-BA (25 itens)\">SSP-BA<\/a>\n<a href=\"https:\/\/www.comunicarmais.com.br\/site\/tag\/sspba\/\" class=\"tag-cloud-link tag-link-144 tag-link-position-40\" style=\"font-size: 11.398058252427pt;\" aria-label=\"SSPBA (38 itens)\">SSPBA<\/a>\n<a href=\"https:\/\/www.comunicarmais.com.br\/site\/tag\/stf\/\" class=\"tag-cloud-link tag-link-68 tag-link-position-41\" style=\"font-size: 14.252427184466pt;\" aria-label=\"STF (62 itens)\">STF<\/a>\n<a href=\"https:\/\/www.comunicarmais.com.br\/site\/tag\/sao-paulo\/\" class=\"tag-cloud-link tag-link-612 tag-link-position-42\" style=\"font-size: 8pt;\" aria-label=\"S\u00e3o Paulo (21 itens)\">S\u00e3o Paulo<\/a>\n<a href=\"https:\/\/www.comunicarmais.com.br\/site\/tag\/transito-2\/\" class=\"tag-cloud-link tag-link-377 tag-link-position-43\" style=\"font-size: 8.2718446601942pt;\" aria-label=\"tr\u00e2nsito (22 itens)\">tr\u00e2nsito<\/a>\n<a href=\"https:\/\/www.comunicarmais.com.br\/site\/tag\/turismo\/\" class=\"tag-cloud-link tag-link-225 tag-link-position-44\" style=\"font-size: 9.631067961165pt;\" aria-label=\"Turismo (28 itens)\">Turismo<\/a>\n<a href=\"https:\/\/www.comunicarmais.com.br\/site\/tag\/uruguai\/\" class=\"tag-cloud-link tag-link-323 tag-link-position-45\" style=\"font-size: 9.631067961165pt;\" aria-label=\"Uruguai (28 itens)\">Uruguai<\/a><\/p>","protected":false},"excerpt":{"rendered":"<p>Entrega simb\u00f3lica dos ve\u00edculos foi feita pelo prefeito da cidade e o presidente da Limpurb<\/p>\n","protected":false},"author":2,"featured_media":8054,"comment_status":"open","ping_status":"open","sticky":false,"template":"","format":"standard","meta":{"_acf_changed":false,"footnotes":""},"categories":[5],"tags":[2588,1426,125],"class_list":["post-8052","post","type-post","status-publish","format-standard","has-post-thumbnail","hentry","category-grande-salvador","tag-limpeza-urbana","tag-limpurb","tag-salvador"],"acf":[],"yoast_head":"<!-- This site is optimized with the Yoast SEO plugin v26.1.1 - https:\/\/yoast.com\/wordpress\/plugins\/seo\/ -->\n<title>Prefeitura de Salvador renova 60% da frota de compactadores da coleta de res\u00edduos - Comunicar Mais<\/title>\n<meta name=\"description\" content=\"Entrega simb\u00f3lica dos ve\u00edculos foi feita pelo prefeito da cidade e o presidente da Limpurb\" \/>\n<meta name=\"robots\" content=\"index, follow, max-snippet:-1, max-image-preview:large, max-video-preview:-1\" \/>\n<link rel=\"canonical\" href=\"https:\/\/www.comunicarmais.com.br\/site\/2025\/05\/15\/prefeitura-renova-60-da-frota-de-compactadores-utilizados-na-coleta-de-residuos-de-salvador\/\" \/>\n<meta property=\"og:locale\" content=\"pt_BR\" \/>\n<meta property=\"og:type\" content=\"article\" \/>\n<meta property=\"og:title\" content=\"Prefeitura de Salvador renova 60% da frota de compactadores da coleta de res\u00edduos - Comunicar Mais\" \/>\n<meta property=\"og:description\" content=\"Entrega simb\u00f3lica dos ve\u00edculos foi feita pelo prefeito da cidade e o presidente da Limpurb\" \/>\n<meta property=\"og:url\" content=\"https:\/\/www.comunicarmais.com.br\/site\/2025\/05\/15\/prefeitura-renova-60-da-frota-de-compactadores-utilizados-na-coleta-de-residuos-de-salvador\/\" \/>\n<meta property=\"og:site_name\" content=\"Comunicar Mais\" \/>\n<meta property=\"article:publisher\" content=\"https:\/\/www.facebook.com\/comunicarmais\/\" \/>\n<meta property=\"article:author\" content=\"https:\/\/www.facebook.com\/comunicarmais\/\" \/>\n<meta property=\"article:published_time\" content=\"2025-05-15T17:15:00+00:00\" \/>\n<meta property=\"article:modified_time\" content=\"2025-05-15T23:13:36+00:00\" \/>\n<meta property=\"og:image\" content=\"https:\/\/www.comunicarmais.com.br\/site\/wp-content\/uploads\/2025\/05\/WhatsApp-Image-2025-05-15-at-13.45.40.jpeg\" \/>\n\t<meta property=\"og:image:width\" content=\"1600\" \/>\n\t<meta property=\"og:image:height\" content=\"1066\" \/>\n\t<meta property=\"og:image:type\" content=\"image\/jpeg\" \/>\n<meta name=\"author\" content=\"Comunicar Mais\" \/>\n<meta name=\"twitter:card\" content=\"summary_large_image\" \/>\n<meta name=\"twitter:creator\" content=\"@ComunicarmaisBA\" \/>\n<meta name=\"twitter:site\" content=\"@ComunicarmaisBA\" \/>\n<meta name=\"twitter:label1\" content=\"Escrito por\" \/>\n\t<meta name=\"twitter:data1\" content=\"Comunicar Mais\" \/>\n\t<meta name=\"twitter:label2\" content=\"Est. tempo de leitura\" \/>\n\t<meta name=\"twitter:data2\" content=\"5 minutos\" \/>\n<script type=\"application\/ld+json\" class=\"yoast-schema-graph\">{\"@context\":\"https:\/\/schema.org\",\"@graph\":[{\"@type\":\"WebPage\",\"@id\":\"https:\/\/www.comunicarmais.com.br\/site\/2025\/05\/15\/prefeitura-renova-60-da-frota-de-compactadores-utilizados-na-coleta-de-residuos-de-salvador\/\",\"url\":\"https:\/\/www.comunicarmais.com.br\/site\/2025\/05\/15\/prefeitura-renova-60-da-frota-de-compactadores-utilizados-na-coleta-de-residuos-de-salvador\/\",\"name\":\"Prefeitura de Salvador renova 60% da frota de compactadores da coleta de res\u00edduos - Comunicar Mais\",\"isPartOf\":{\"@id\":\"https:\/\/www.comunicarmais.com.br\/site\/#website\"},\"primaryImageOfPage\":{\"@id\":\"https:\/\/www.comunicarmais.com.br\/site\/2025\/05\/15\/prefeitura-renova-60-da-frota-de-compactadores-utilizados-na-coleta-de-residuos-de-salvador\/#primaryimage\"},\"image\":{\"@id\":\"https:\/\/www.comunicarmais.com.br\/site\/2025\/05\/15\/prefeitura-renova-60-da-frota-de-compactadores-utilizados-na-coleta-de-residuos-de-salvador\/#primaryimage\"},\"thumbnailUrl\":\"https:\/\/www.comunicarmais.com.br\/site\/wp-content\/uploads\/2025\/05\/WhatsApp-Image-2025-05-15-at-13.45.40.jpeg\",\"datePublished\":\"2025-05-15T17:15:00+00:00\",\"dateModified\":\"2025-05-15T23:13:36+00:00\",\"author\":{\"@id\":\"https:\/\/www.comunicarmais.com.br\/site\/#\/schema\/person\/712f7b6b25b644e4a91c4173674cf284\"},\"description\":\"Entrega simb\u00f3lica dos ve\u00edculos foi feita pelo prefeito da cidade e o presidente da Limpurb\",\"breadcrumb\":{\"@id\":\"https:\/\/www.comunicarmais.com.br\/site\/2025\/05\/15\/prefeitura-renova-60-da-frota-de-compactadores-utilizados-na-coleta-de-residuos-de-salvador\/#breadcrumb\"},\"inLanguage\":\"pt-BR\",\"potentialAction\":[{\"@type\":\"ReadAction\",\"target\":[\"https:\/\/www.comunicarmais.com.br\/site\/2025\/05\/15\/prefeitura-renova-60-da-frota-de-compactadores-utilizados-na-coleta-de-residuos-de-salvador\/\"]}]},{\"@type\":\"ImageObject\",\"inLanguage\":\"pt-BR\",\"@id\":\"https:\/\/www.comunicarmais.com.br\/site\/2025\/05\/15\/prefeitura-renova-60-da-frota-de-compactadores-utilizados-na-coleta-de-residuos-de-salvador\/#primaryimage\",\"url\":\"https:\/\/www.comunicarmais.com.br\/site\/wp-content\/uploads\/2025\/05\/WhatsApp-Image-2025-05-15-at-13.45.40.jpeg\",\"contentUrl\":\"https:\/\/www.comunicarmais.com.br\/site\/wp-content\/uploads\/2025\/05\/WhatsApp-Image-2025-05-15-at-13.45.40.jpeg\",\"width\":1600,\"height\":1066},{\"@type\":\"BreadcrumbList\",\"@id\":\"https:\/\/www.comunicarmais.com.br\/site\/2025\/05\/15\/prefeitura-renova-60-da-frota-de-compactadores-utilizados-na-coleta-de-residuos-de-salvador\/#breadcrumb\",\"itemListElement\":[{\"@type\":\"ListItem\",\"position\":1,\"name\":\"In\u00edcio\",\"item\":\"https:\/\/www.comunicarmais.com.br\/site\/\"},{\"@type\":\"ListItem\",\"position\":2,\"name\":\"Prefeitura de Salvador renova 60% da frota de compactadores da coleta de res\u00edduos\"}]},{\"@type\":\"WebSite\",\"@id\":\"https:\/\/www.comunicarmais.com.br\/site\/#website\",\"url\":\"https:\/\/www.comunicarmais.com.br\/site\/\",\"name\":\"Comunicar Mais\",\"description\":\"\",\"potentialAction\":[{\"@type\":\"SearchAction\",\"target\":{\"@type\":\"EntryPoint\",\"urlTemplate\":\"https:\/\/www.comunicarmais.com.br\/site\/?s={search_term_string}\"},\"query-input\":{\"@type\":\"PropertyValueSpecification\",\"valueRequired\":true,\"valueName\":\"search_term_string\"}}],\"inLanguage\":\"pt-BR\"},{\"@type\":\"Person\",\"@id\":\"https:\/\/www.comunicarmais.com.br\/site\/#\/schema\/person\/712f7b6b25b644e4a91c4173674cf284\",\"name\":\"Comunicar Mais\",\"image\":{\"@type\":\"ImageObject\",\"inLanguage\":\"pt-BR\",\"@id\":\"https:\/\/www.comunicarmais.com.br\/site\/#\/schema\/person\/image\/\",\"url\":\"https:\/\/secure.gravatar.com\/avatar\/9803218072e2c0dc265d3d787b54c2c33325e79f79732707fddfbf1efd82c678?s=96&d=mm&r=g\",\"contentUrl\":\"https:\/\/secure.gravatar.com\/avatar\/9803218072e2c0dc265d3d787b54c2c33325e79f79732707fddfbf1efd82c678?s=96&d=mm&r=g\",\"caption\":\"Comunicar Mais\"},\"description\":\"Deixe as ideologias com os ide\u00f3logos. Noticiamos fatos, n\u00e3o brigamos com eles. Aqui, voc\u00ea fica bem informado do que acontece no seu bairro e no mundo. Informar com \u00e9tica e responsabilidade s\u00e3o as bandeiras do Comunicarmais.\",\"sameAs\":[\"https:\/\/www.comunicarmais.com.br\/site\/\",\"https:\/\/www.facebook.com\/comunicarmais\/\",\"https:\/\/www.instagram.com\/comunicarmaisba\/\",\"https:\/\/x.com\/ComunicarmaisBA\"],\"url\":\"https:\/\/www.comunicarmais.com.br\/site\/author\/gerenciador\/\"}]}<\/script>\n<!-- \/ Yoast SEO plugin. -->","yoast_head_json":{"title":"Prefeitura de Salvador renova 60% da frota de compactadores da coleta de res\u00edduos - Comunicar Mais","description":"Entrega simb\u00f3lica dos ve\u00edculos foi feita pelo prefeito da cidade e o presidente da Limpurb","robots":{"index":"index","follow":"follow","max-snippet":"max-snippet:-1","max-image-preview":"max-image-preview:large","max-video-preview":"max-video-preview:-1"},"canonical":"https:\/\/www.comunicarmais.com.br\/site\/2025\/05\/15\/prefeitura-renova-60-da-frota-de-compactadores-utilizados-na-coleta-de-residuos-de-salvador\/","og_locale":"pt_BR","og_type":"article","og_title":"Prefeitura de Salvador renova 60% da frota de compactadores da coleta de res\u00edduos - Comunicar Mais","og_description":"Entrega simb\u00f3lica dos ve\u00edculos foi feita pelo prefeito da cidade e o presidente da Limpurb","og_url":"https:\/\/www.comunicarmais.com.br\/site\/2025\/05\/15\/prefeitura-renova-60-da-frota-de-compactadores-utilizados-na-coleta-de-residuos-de-salvador\/","og_site_name":"Comunicar Mais","article_publisher":"https:\/\/www.facebook.com\/comunicarmais\/","article_author":"https:\/\/www.facebook.com\/comunicarmais\/","article_published_time":"2025-05-15T17:15:00+00:00","article_modified_time":"2025-05-15T23:13:36+00:00","og_image":[{"width":1600,"height":1066,"url":"https:\/\/www.comunicarmais.com.br\/site\/wp-content\/uploads\/2025\/05\/WhatsApp-Image-2025-05-15-at-13.45.40.jpeg","type":"image\/jpeg"}],"author":"Comunicar Mais","twitter_card":"summary_large_image","twitter_creator":"@ComunicarmaisBA","twitter_site":"@ComunicarmaisBA","twitter_misc":{"Escrito por":"Comunicar Mais","Est. tempo de leitura":"5 minutos"},"schema":{"@context":"https:\/\/schema.org","@graph":[{"@type":"WebPage","@id":"https:\/\/www.comunicarmais.com.br\/site\/2025\/05\/15\/prefeitura-renova-60-da-frota-de-compactadores-utilizados-na-coleta-de-residuos-de-salvador\/","url":"https:\/\/www.comunicarmais.com.br\/site\/2025\/05\/15\/prefeitura-renova-60-da-frota-de-compactadores-utilizados-na-coleta-de-residuos-de-salvador\/","name":"Prefeitura de Salvador renova 60% da frota de compactadores da coleta de res\u00edduos - Comunicar Mais","isPartOf":{"@id":"https:\/\/www.comunicarmais.com.br\/site\/#website"},"primaryImageOfPage":{"@id":"https:\/\/www.comunicarmais.com.br\/site\/2025\/05\/15\/prefeitura-renova-60-da-frota-de-compactadores-utilizados-na-coleta-de-residuos-de-salvador\/#primaryimage"},"image":{"@id":"https:\/\/www.comunicarmais.com.br\/site\/2025\/05\/15\/prefeitura-renova-60-da-frota-de-compactadores-utilizados-na-coleta-de-residuos-de-salvador\/#primaryimage"},"thumbnailUrl":"https:\/\/www.comunicarmais.com.br\/site\/wp-content\/uploads\/2025\/05\/WhatsApp-Image-2025-05-15-at-13.45.40.jpeg","datePublished":"2025-05-15T17:15:00+00:00","dateModified":"2025-05-15T23:13:36+00:00","author":{"@id":"https:\/\/www.comunicarmais.com.br\/site\/#\/schema\/person\/712f7b6b25b644e4a91c4173674cf284"},"description":"Entrega simb\u00f3lica dos ve\u00edculos foi feita pelo prefeito da cidade e o presidente da Limpurb","breadcrumb":{"@id":"https:\/\/www.comunicarmais.com.br\/site\/2025\/05\/15\/prefeitura-renova-60-da-frota-de-compactadores-utilizados-na-coleta-de-residuos-de-salvador\/#breadcrumb"},"inLanguage":"pt-BR","potentialAction":[{"@type":"ReadAction","target":["https:\/\/www.comunicarmais.com.br\/site\/2025\/05\/15\/prefeitura-renova-60-da-frota-de-compactadores-utilizados-na-coleta-de-residuos-de-salvador\/"]}]},{"@type":"ImageObject","inLanguage":"pt-BR","@id":"https:\/\/www.comunicarmais.com.br\/site\/2025\/05\/15\/prefeitura-renova-60-da-frota-de-compactadores-utilizados-na-coleta-de-residuos-de-salvador\/#primaryimage","url":"https:\/\/www.comunicarmais.com.br\/site\/wp-content\/uploads\/2025\/05\/WhatsApp-Image-2025-05-15-at-13.45.40.jpeg","contentUrl":"https:\/\/www.comunicarmais.com.br\/site\/wp-content\/uploads\/2025\/05\/WhatsApp-Image-2025-05-15-at-13.45.40.jpeg","width":1600,"height":1066},{"@type":"BreadcrumbList","@id":"https:\/\/www.comunicarmais.com.br\/site\/2025\/05\/15\/prefeitura-renova-60-da-frota-de-compactadores-utilizados-na-coleta-de-residuos-de-salvador\/#breadcrumb","itemListElement":[{"@type":"ListItem","position":1,"name":"In\u00edcio","item":"https:\/\/www.comunicarmais.com.br\/site\/"},{"@type":"ListItem","position":2,"name":"Prefeitura de Salvador renova 60% da frota de compactadores da coleta de res\u00edduos"}]},{"@type":"WebSite","@id":"https:\/\/www.comunicarmais.com.br\/site\/#website","url":"https:\/\/www.comunicarmais.com.br\/site\/","name":"Comunicar Mais","description":"","potentialAction":[{"@type":"SearchAction","target":{"@type":"EntryPoint","urlTemplate":"https:\/\/www.comunicarmais.com.br\/site\/?s={search_term_string}"},"query-input":{"@type":"PropertyValueSpecification","valueRequired":true,"valueName":"search_term_string"}}],"inLanguage":"pt-BR"},{"@type":"Person","@id":"https:\/\/www.comunicarmais.com.br\/site\/#\/schema\/person\/712f7b6b25b644e4a91c4173674cf284","name":"Comunicar Mais","image":{"@type":"ImageObject","inLanguage":"pt-BR","@id":"https:\/\/www.comunicarmais.com.br\/site\/#\/schema\/person\/image\/","url":"https:\/\/secure.gravatar.com\/avatar\/9803218072e2c0dc265d3d787b54c2c33325e79f79732707fddfbf1efd82c678?s=96&d=mm&r=g","contentUrl":"https:\/\/secure.gravatar.com\/avatar\/9803218072e2c0dc265d3d787b54c2c33325e79f79732707fddfbf1efd82c678?s=96&d=mm&r=g","caption":"Comunicar Mais"},"description":"Deixe as ideologias com os ide\u00f3logos. Noticiamos fatos, n\u00e3o brigamos com eles. Aqui, voc\u00ea fica bem informado do que acontece no seu bairro e no mundo. Informar com \u00e9tica e responsabilidade s\u00e3o as bandeiras do Comunicarmais.","sameAs":["https:\/\/www.comunicarmais.com.br\/site\/","https:\/\/www.facebook.com\/comunicarmais\/","https:\/\/www.instagram.com\/comunicarmaisba\/","https:\/\/x.com\/ComunicarmaisBA"],"url":"https:\/\/www.comunicarmais.com.br\/site\/author\/gerenciador\/"}]}},"_links":{"self":[{"href":"https:\/\/www.comunicarmais.com.br\/site\/wp-json\/wp\/v2\/posts\/8052","targetHints":{"allow":["GET"]}}],"collection":[{"href":"https:\/\/www.comunicarmais.com.br\/site\/wp-json\/wp\/v2\/posts"}],"about":[{"href":"https:\/\/www.comunicarmais.com.br\/site\/wp-json\/wp\/v2\/types\/post"}],"author":[{"embeddable":true,"href":"https:\/\/www.comunicarmais.com.br\/site\/wp-json\/wp\/v2\/users\/2"}],"replies":[{"embeddable":true,"href":"https:\/\/www.comunicarmais.com.br\/site\/wp-json\/wp\/v2\/comments?post=8052"}],"version-history":[{"count":3,"href":"https:\/\/www.comunicarmais.com.br\/site\/wp-json\/wp\/v2\/posts\/8052\/revisions"}],"predecessor-version":[{"id":8058,"href":"https:\/\/www.comunicarmais.com.br\/site\/wp-json\/wp\/v2\/posts\/8052\/revisions\/8058"}],"wp:featuredmedia":[{"embeddable":true,"href":"https:\/\/www.comunicarmais.com.br\/site\/wp-json\/wp\/v2\/media\/8054"}],"wp:attachment":[{"href":"https:\/\/www.comunicarmais.com.br\/site\/wp-json\/wp\/v2\/media?parent=8052"}],"wp:term":[{"taxonomy":"category","embeddable":true,"href":"https:\/\/www.comunicarmais.com.br\/site\/wp-json\/wp\/v2\/categories?post=8052"},{"taxonomy":"post_tag","embeddable":true,"href":"https:\/\/www.comunicarmais.com.br\/site\/wp-json\/wp\/v2\/tags?post=8052"}],"curies":[{"name":"wp","href":"https:\/\/api.w.org\/{rel}","templated":true}]}}