{"id":7096,"date":"2025-03-19T14:13:00","date_gmt":"2025-03-19T17:13:00","guid":{"rendered":"https:\/\/www.comunicarmais.com.br\/site\/?p=7096"},"modified":"2025-03-20T13:29:48","modified_gmt":"2025-03-20T16:29:48","slug":"prefeitura-de-lauro-de-freitas-inicia-recadastramento-do-programa-bolsa-aluguel","status":"publish","type":"post","link":"https:\/\/www.comunicarmais.com.br\/site\/2025\/03\/19\/prefeitura-de-lauro-de-freitas-inicia-recadastramento-do-programa-bolsa-aluguel\/","title":{"rendered":"Prefeitura de Lauro de Freitas inicia recadastramento do Programa Bolsa Aluguel"},"content":{"rendered":"\n<p><strong>Processo acontece de forma presencial na sede da Secretaria Municipal de Desenvolvimento Social e Cidadania<\/strong><\/p>\n\n\n\n<figure class=\"wp-block-image size-large\"><img decoding=\"async\" width=\"1433\" height=\"955\" data-src=\"https:\/\/www.comunicarmais.com.br\/site\/wp-content\/uploads\/2025\/03\/WhatsApp-Image-2025-03-19-at-13.44.55-1433x955.jpeg\" alt=\"\" class=\"wp-image-7097 lazyload\" data-srcset=\"https:\/\/www.comunicarmais.com.br\/site\/wp-content\/uploads\/2025\/03\/WhatsApp-Image-2025-03-19-at-13.44.55-1433x955.jpeg 1433w, https:\/\/www.comunicarmais.com.br\/site\/wp-content\/uploads\/2025\/03\/WhatsApp-Image-2025-03-19-at-13.44.55-1024x682.jpeg 1024w, https:\/\/www.comunicarmais.com.br\/site\/wp-content\/uploads\/2025\/03\/WhatsApp-Image-2025-03-19-at-13.44.55-768x512.jpeg 768w, https:\/\/www.comunicarmais.com.br\/site\/wp-content\/uploads\/2025\/03\/WhatsApp-Image-2025-03-19-at-13.44.55-1536x1023.jpeg 1536w, https:\/\/www.comunicarmais.com.br\/site\/wp-content\/uploads\/2025\/03\/WhatsApp-Image-2025-03-19-at-13.44.55-1320x879.jpeg 1320w, https:\/\/www.comunicarmais.com.br\/site\/wp-content\/uploads\/2025\/03\/WhatsApp-Image-2025-03-19-at-13.44.55.jpeg 1600w\" data-sizes=\"(max-width: 1433px) 100vw, 1433px\" src=\"data:image\/svg+xml;base64,PHN2ZyB3aWR0aD0iMSIgaGVpZ2h0PSIxIiB4bWxucz0iaHR0cDovL3d3dy53My5vcmcvMjAwMC9zdmciPjwvc3ZnPg==\" style=\"--smush-placeholder-width: 1433px; --smush-placeholder-aspect-ratio: 1433\/955;\" \/><figcaption class=\"wp-element-caption\"><em><sup>(Foto: Tiago Pacheco)<\/sup><\/em><\/figcaption><\/figure>\n\n\n\n<p><strong>Reda\u00e7\u00e3o Mais &#8211; <\/strong>A Prefeitura de Lauro de Freitas, por meio da Secretaria Municipal de Desenvolvimento Social e Cidadania (Semdesc), realiza o recadastramento obrigat\u00f3rio dos benefici\u00e1rios do Programa Bolsa Aluguel, conforme estabelecido no Decreto n\u00ba 5.446\/2025, de 25\/2. O processo acontece de forma presencial na sede da pasta, localizada na Rua Renato Concei\u00e7\u00e3o Bispo da Silva, Centro, com o objetivo garantir que o benef\u00edcio seja destinado a quem realmente necessita.<\/p>\n\n\n\n<p>A diretora do recadastramento, Carmem L\u00facia Aras, explicou que o procedimento segue at\u00e9 11 de abril, inclusive aos finais de semana. \u201cEstamos aqui com uma equipe extensa dispon\u00edvel para atender de forma \u00e1gil. Os benefici\u00e1rios ativos podem vir \u00e0 secretaria com os documentos necess\u00e1rios para garantir a continuidade do pagamento. Quem n\u00e3o fizer esse recadastramento ter\u00e1 o benef\u00edcio suspenso. A expectativa \u00e9 recadastrar 944 pessoas\u201d, disse.<\/p>\n\n\n\n<p>O atendimento acontece de segunda a sexta-feira, das 8h \u00e0s 12h e das 14h \u00e0s 17h; e aos s\u00e1bados e domingos, das 8h \u00e0s 14h. Esse recadastramento \u00e9 fundamental para manter a regularidade do programa e garantir que o aux\u00edlio continue a beneficiar fam\u00edlias que precisam. Benefici\u00e1rios que n\u00e3o cumprirem o prazo estabelecido poder\u00e3o ter o benef\u00edcio suspenso.<\/p>\n\n\n\n<p>A titular da secretaria, Diana Souza, destacou a import\u00e2ncia da a\u00e7\u00e3o para as fam\u00edlias. \u201cEsse benef\u00edcio ajuda muitas fam\u00edlias do munic\u00edpio em situa\u00e7\u00e3o de vulnerabilidade. Qualquer d\u00favida com rela\u00e7\u00e3o aos documentos, a comunidade pode procurar o Centro de Refer\u00eancia de Assist\u00eancia Social (Cras) do seu bairro\u201d, destacou a gestora.<\/p>\n\n\n\n<figure class=\"wp-block-image size-large\"><img decoding=\"async\" width=\"1433\" height=\"955\" data-src=\"https:\/\/www.comunicarmais.com.br\/site\/wp-content\/uploads\/2025\/03\/WhatsApp-Image-2025-03-19-at-13.44.53-1433x955.jpeg\" alt=\"\" class=\"wp-image-7098 lazyload\" data-srcset=\"https:\/\/www.comunicarmais.com.br\/site\/wp-content\/uploads\/2025\/03\/WhatsApp-Image-2025-03-19-at-13.44.53-1433x955.jpeg 1433w, https:\/\/www.comunicarmais.com.br\/site\/wp-content\/uploads\/2025\/03\/WhatsApp-Image-2025-03-19-at-13.44.53-1024x682.jpeg 1024w, https:\/\/www.comunicarmais.com.br\/site\/wp-content\/uploads\/2025\/03\/WhatsApp-Image-2025-03-19-at-13.44.53-768x512.jpeg 768w, https:\/\/www.comunicarmais.com.br\/site\/wp-content\/uploads\/2025\/03\/WhatsApp-Image-2025-03-19-at-13.44.53-1536x1023.jpeg 1536w, https:\/\/www.comunicarmais.com.br\/site\/wp-content\/uploads\/2025\/03\/WhatsApp-Image-2025-03-19-at-13.44.53-1320x879.jpeg 1320w, https:\/\/www.comunicarmais.com.br\/site\/wp-content\/uploads\/2025\/03\/WhatsApp-Image-2025-03-19-at-13.44.53.jpeg 1600w\" data-sizes=\"(max-width: 1433px) 100vw, 1433px\" src=\"data:image\/svg+xml;base64,PHN2ZyB3aWR0aD0iMSIgaGVpZ2h0PSIxIiB4bWxucz0iaHR0cDovL3d3dy53My5vcmcvMjAwMC9zdmciPjwvc3ZnPg==\" style=\"--smush-placeholder-width: 1433px; --smush-placeholder-aspect-ratio: 1433\/955;\" \/><figcaption class=\"wp-element-caption\"><em><sup>(Foto: Tiago Pacheco)<\/sup><\/em><\/figcaption><\/figure>\n\n\n\n<p>Gilmara Carvalho \u00e9 benefici\u00e1ria do programa h\u00e1 um ano e foi \u00e0 Semdesc garantir a continuidade do benef\u00edcio. \u201cEu consegui esse benef\u00edcio da prefeitura, que \u00e9 muito importante e ajuda pessoas com dificuldade a pagar a moradia, eu sempre morei de aluguel. Sou muito grata por esse aux\u00edlio\u201d, informou.<\/p>\n\n\n\n<p>Para realizar o recadastramento \u00e9 necess\u00e1rio apresentar os seguintes documentos originais e fotoc\u00f3pias: formul\u00e1rio de recadastramento preenchido; documento de identifica\u00e7\u00e3o oficial com foto; certid\u00e3o de casamento; declara\u00e7\u00e3o de uni\u00e3o est\u00e1vel; certid\u00e3o de div\u00f3rcio averbada ou declara\u00e7\u00e3o verbal de estado civil; n\u00famero de Identifica\u00e7\u00e3o Social (NIS), se houver; comprovante ou declara\u00e7\u00e3o de renda familiar; comprovante de inscri\u00e7\u00e3o no Cadastro de Pessoa F\u00edsica (CPF); contrato de loca\u00e7\u00e3o do im\u00f3vel e aditivos de renova\u00e7\u00e3o, se houver; comprovantes dos \u00faltimos seis meses de pagamento de aluguel; comprovante de resid\u00eancia; documento de identifica\u00e7\u00e3o oficial com foto do locador respons\u00e1vel pelo contrato; autodeclara\u00e7\u00e3o se n\u00e3o possuir im\u00f3vel pr\u00f3prio; e autodeclara\u00e7\u00e3o de que o im\u00f3vel pr\u00f3prio est\u00e1 em situa\u00e7\u00e3o de risco ou emerg\u00eancia, se for o caso.<\/p>\n\n\n\n<p>O atendimento priorit\u00e1rio para idosos com 60 anos ou mais, pessoas com defici\u00eancia (PcD), pessoas com Transtorno do Espectro Autista (TEA) e pessoas com restri\u00e7\u00e3o de locomo\u00e7\u00e3o, segue at\u00e9 23\/3. Mais informa\u00e7\u00f5es e d\u00favidas podem ser esclarecidas pelo n\u00famero de WhatsApp (71) 9 9167-6167.<\/p>\n\n\n<p class=\"wp-block-tag-cloud\"><a href=\"https:\/\/www.comunicarmais.com.br\/site\/tag\/bahia\/\" class=\"tag-cloud-link tag-link-171 tag-link-position-1\" style=\"font-size: 17.922330097087pt;\" aria-label=\"Bahia (116 itens)\">Bahia<\/a>\n<a href=\"https:\/\/www.comunicarmais.com.br\/site\/tag\/bolsonaro\/\" class=\"tag-cloud-link tag-link-112 tag-link-position-2\" style=\"font-size: 11.533980582524pt;\" aria-label=\"Bolsonaro (39 itens)\">Bolsonaro<\/a>\n<a href=\"https:\/\/www.comunicarmais.com.br\/site\/tag\/brasil\/\" class=\"tag-cloud-link tag-link-335 tag-link-position-3\" style=\"font-size: 13.029126213592pt;\" aria-label=\"Brasil (50 itens)\">Brasil<\/a>\n<a href=\"https:\/\/www.comunicarmais.com.br\/site\/tag\/camacari\/\" class=\"tag-cloud-link tag-link-435 tag-link-position-4\" style=\"font-size: 8.8155339805825pt;\" aria-label=\"Cama\u00e7ari (24 itens)\">Cama\u00e7ari<\/a>\n<a href=\"https:\/\/www.comunicarmais.com.br\/site\/tag\/carnaval\/\" class=\"tag-cloud-link tag-link-508 tag-link-position-5\" style=\"font-size: 12.893203883495pt;\" aria-label=\"Carnaval (49 itens)\">Carnaval<\/a>\n<a href=\"https:\/\/www.comunicarmais.com.br\/site\/tag\/cbx\/\" class=\"tag-cloud-link tag-link-1602 tag-link-position-6\" style=\"font-size: 11.398058252427pt;\" aria-label=\"CBX (38 itens)\">CBX<\/a>\n<a href=\"https:\/\/www.comunicarmais.com.br\/site\/tag\/cidade-baixa\/\" class=\"tag-cloud-link tag-link-456 tag-link-position-7\" style=\"font-size: 9.9029126213592pt;\" aria-label=\"Cidade Baixa (29 itens)\">Cidade Baixa<\/a>\n<a href=\"https:\/\/www.comunicarmais.com.br\/site\/tag\/cinema\/\" class=\"tag-cloud-link tag-link-985 tag-link-position-8\" style=\"font-size: 11.126213592233pt;\" aria-label=\"Cinema (36 itens)\">Cinema<\/a>\n<a href=\"https:\/\/www.comunicarmais.com.br\/site\/tag\/cultura\/\" class=\"tag-cloud-link tag-link-231 tag-link-position-9\" style=\"font-size: 12.21359223301pt;\" aria-label=\"Cultura (44 itens)\">Cultura<\/a>\n<a href=\"https:\/\/www.comunicarmais.com.br\/site\/tag\/drogas\/\" class=\"tag-cloud-link tag-link-165 tag-link-position-10\" style=\"font-size: 12.757281553398pt;\" aria-label=\"Drogas (48 itens)\">Drogas<\/a>\n<a href=\"https:\/\/www.comunicarmais.com.br\/site\/tag\/educacao\/\" class=\"tag-cloud-link tag-link-228 tag-link-position-11\" style=\"font-size: 12.621359223301pt;\" aria-label=\"Educa\u00e7\u00e3o (47 itens)\">Educa\u00e7\u00e3o<\/a>\n<a href=\"https:\/\/www.comunicarmais.com.br\/site\/tag\/ensino\/\" class=\"tag-cloud-link tag-link-233 tag-link-position-12\" style=\"font-size: 10.446601941748pt;\" aria-label=\"Ensino (32 itens)\">Ensino<\/a>\n<a href=\"https:\/\/www.comunicarmais.com.br\/site\/tag\/escola\/\" class=\"tag-cloud-link tag-link-229 tag-link-position-13\" style=\"font-size: 9.631067961165pt;\" aria-label=\"Escola (28 itens)\">Escola<\/a>\n<a href=\"https:\/\/www.comunicarmais.com.br\/site\/tag\/eua\/\" class=\"tag-cloud-link tag-link-664 tag-link-position-14\" style=\"font-size: 12.077669902913pt;\" aria-label=\"EUA (43 itens)\">EUA<\/a>\n<a href=\"https:\/\/www.comunicarmais.com.br\/site\/tag\/feira-de-santana\/\" class=\"tag-cloud-link tag-link-642 tag-link-position-15\" style=\"font-size: 9.2233009708738pt;\" aria-label=\"Feira de Santana (26 itens)\">Feira de Santana<\/a>\n<a href=\"https:\/\/www.comunicarmais.com.br\/site\/tag\/ficco\/\" class=\"tag-cloud-link tag-link-143 tag-link-position-16\" style=\"font-size: 9.2233009708738pt;\" aria-label=\"Ficco (26 itens)\">Ficco<\/a>\n<a href=\"https:\/\/www.comunicarmais.com.br\/site\/tag\/folia\/\" class=\"tag-cloud-link tag-link-566 tag-link-position-17\" style=\"font-size: 9.2233009708738pt;\" aria-label=\"Folia (26 itens)\">Folia<\/a>\n<a href=\"https:\/\/www.comunicarmais.com.br\/site\/tag\/futebol\/\" class=\"tag-cloud-link tag-link-40 tag-link-position-18\" style=\"font-size: 13.029126213592pt;\" aria-label=\"Futebol (50 itens)\">Futebol<\/a>\n<a href=\"https:\/\/www.comunicarmais.com.br\/site\/tag\/homicidio\/\" class=\"tag-cloud-link tag-link-101 tag-link-position-19\" style=\"font-size: 10.582524271845pt;\" aria-label=\"Homic\u00eddio (33 itens)\">Homic\u00eddio<\/a>\n<a href=\"https:\/\/www.comunicarmais.com.br\/site\/tag\/itapagipe\/\" class=\"tag-cloud-link tag-link-471 tag-link-position-20\" style=\"font-size: 10.038834951456pt;\" aria-label=\"Itapagipe (30 itens)\">Itapagipe<\/a>\n<a href=\"https:\/\/www.comunicarmais.com.br\/site\/tag\/itaparica\/\" class=\"tag-cloud-link tag-link-301 tag-link-position-21\" style=\"font-size: 8pt;\" aria-label=\"Itaparica (21 itens)\">Itaparica<\/a>\n<a href=\"https:\/\/www.comunicarmais.com.br\/site\/tag\/jeronimo-rodrigues\/\" class=\"tag-cloud-link tag-link-668 tag-link-position-22\" style=\"font-size: 8.2718446601942pt;\" aria-label=\"Jer\u00f4nimo Rodrigues (22 itens)\">Jer\u00f4nimo Rodrigues<\/a>\n<a href=\"https:\/\/www.comunicarmais.com.br\/site\/tag\/justica\/\" class=\"tag-cloud-link tag-link-361 tag-link-position-23\" style=\"font-size: 10.582524271845pt;\" aria-label=\"Justi\u00e7a (33 itens)\">Justi\u00e7a<\/a>\n<a href=\"https:\/\/www.comunicarmais.com.br\/site\/tag\/lauro-de-freitas\/\" class=\"tag-cloud-link tag-link-594 tag-link-position-24\" style=\"font-size: 18.194174757282pt;\" aria-label=\"Lauro de Freitas (122 itens)\">Lauro de Freitas<\/a>\n<a href=\"https:\/\/www.comunicarmais.com.br\/site\/tag\/lazer\/\" class=\"tag-cloud-link tag-link-568 tag-link-position-25\" style=\"font-size: 9.2233009708738pt;\" aria-label=\"Lazer (26 itens)\">Lazer<\/a>\n<a href=\"https:\/\/www.comunicarmais.com.br\/site\/tag\/lula\/\" class=\"tag-cloud-link tag-link-416 tag-link-position-26\" style=\"font-size: 12.21359223301pt;\" aria-label=\"Lula (44 itens)\">Lula<\/a>\n<a href=\"https:\/\/www.comunicarmais.com.br\/site\/tag\/meio-ambiente\/\" class=\"tag-cloud-link tag-link-475 tag-link-position-27\" style=\"font-size: 12.21359223301pt;\" aria-label=\"Meio Ambiente (44 itens)\">Meio Ambiente<\/a>\n<a href=\"https:\/\/www.comunicarmais.com.br\/site\/tag\/mobilidade\/\" class=\"tag-cloud-link tag-link-278 tag-link-position-28\" style=\"font-size: 13.844660194175pt;\" aria-label=\"Mobilidade (58 itens)\">Mobilidade<\/a>\n<a href=\"https:\/\/www.comunicarmais.com.br\/site\/tag\/mulher\/\" class=\"tag-cloud-link tag-link-450 tag-link-position-29\" style=\"font-size: 13.300970873786pt;\" aria-label=\"mulher (53 itens)\">mulher<\/a>\n<a href=\"https:\/\/www.comunicarmais.com.br\/site\/tag\/musica-2\/\" class=\"tag-cloud-link tag-link-747 tag-link-position-30\" style=\"font-size: 12.21359223301pt;\" aria-label=\"M\u00fasica (44 itens)\">M\u00fasica<\/a>\n<a href=\"https:\/\/www.comunicarmais.com.br\/site\/tag\/pcba\/\" class=\"tag-cloud-link tag-link-1332 tag-link-position-31\" style=\"font-size: 15.067961165049pt;\" aria-label=\"PCBA (72 itens)\">PCBA<\/a>\n<a href=\"https:\/\/www.comunicarmais.com.br\/site\/tag\/pmba\/\" class=\"tag-cloud-link tag-link-53 tag-link-position-32\" style=\"font-size: 18.194174757282pt;\" aria-label=\"PMBA (123 itens)\">PMBA<\/a>\n<a href=\"https:\/\/www.comunicarmais.com.br\/site\/tag\/policia-federal\/\" class=\"tag-cloud-link tag-link-620 tag-link-position-33\" style=\"font-size: 8.9514563106796pt;\" aria-label=\"Pol\u00edcia Federal (25 itens)\">Pol\u00edcia Federal<\/a>\n<a href=\"https:\/\/www.comunicarmais.com.br\/site\/tag\/politica\/\" class=\"tag-cloud-link tag-link-495 tag-link-position-34\" style=\"font-size: 16.291262135922pt;\" aria-label=\"Pol\u00edtica (89 itens)\">Pol\u00edtica<\/a>\n<a href=\"https:\/\/www.comunicarmais.com.br\/site\/tag\/rio-de-janeiro\/\" class=\"tag-cloud-link tag-link-152 tag-link-position-35\" style=\"font-size: 9.9029126213592pt;\" aria-label=\"Rio de Janeiro (29 itens)\">Rio de Janeiro<\/a>\n<a href=\"https:\/\/www.comunicarmais.com.br\/site\/tag\/salvador\/\" class=\"tag-cloud-link tag-link-125 tag-link-position-36\" style=\"font-size: 22pt;\" aria-label=\"Salvador (235 itens)\">Salvador<\/a>\n<a href=\"https:\/\/www.comunicarmais.com.br\/site\/tag\/saude\/\" class=\"tag-cloud-link tag-link-42 tag-link-position-37\" style=\"font-size: 17.78640776699pt;\" aria-label=\"Sa\u00fade (115 itens)\">Sa\u00fade<\/a>\n<a href=\"https:\/\/www.comunicarmais.com.br\/site\/tag\/seguranca\/\" class=\"tag-cloud-link tag-link-48 tag-link-position-38\" style=\"font-size: 9.2233009708738pt;\" aria-label=\"Seguran\u00e7a (26 itens)\">Seguran\u00e7a<\/a>\n<a href=\"https:\/\/www.comunicarmais.com.br\/site\/tag\/ssp-ba\/\" class=\"tag-cloud-link tag-link-1937 tag-link-position-39\" style=\"font-size: 8.9514563106796pt;\" aria-label=\"SSP-BA (25 itens)\">SSP-BA<\/a>\n<a href=\"https:\/\/www.comunicarmais.com.br\/site\/tag\/sspba\/\" class=\"tag-cloud-link tag-link-144 tag-link-position-40\" style=\"font-size: 11.398058252427pt;\" aria-label=\"SSPBA (38 itens)\">SSPBA<\/a>\n<a href=\"https:\/\/www.comunicarmais.com.br\/site\/tag\/stf\/\" class=\"tag-cloud-link tag-link-68 tag-link-position-41\" style=\"font-size: 14.252427184466pt;\" aria-label=\"STF (62 itens)\">STF<\/a>\n<a href=\"https:\/\/www.comunicarmais.com.br\/site\/tag\/sao-paulo\/\" class=\"tag-cloud-link tag-link-612 tag-link-position-42\" style=\"font-size: 8pt;\" aria-label=\"S\u00e3o Paulo (21 itens)\">S\u00e3o Paulo<\/a>\n<a href=\"https:\/\/www.comunicarmais.com.br\/site\/tag\/transito-2\/\" class=\"tag-cloud-link tag-link-377 tag-link-position-43\" style=\"font-size: 8.2718446601942pt;\" aria-label=\"tr\u00e2nsito (22 itens)\">tr\u00e2nsito<\/a>\n<a href=\"https:\/\/www.comunicarmais.com.br\/site\/tag\/turismo\/\" class=\"tag-cloud-link tag-link-225 tag-link-position-44\" style=\"font-size: 9.9029126213592pt;\" aria-label=\"Turismo (29 itens)\">Turismo<\/a>\n<a href=\"https:\/\/www.comunicarmais.com.br\/site\/tag\/uruguai\/\" class=\"tag-cloud-link tag-link-323 tag-link-position-45\" style=\"font-size: 9.631067961165pt;\" aria-label=\"Uruguai (28 itens)\">Uruguai<\/a><\/p>","protected":false},"excerpt":{"rendered":"<p>Processo acontece de forma presencial na sede da Secretaria Municipal de Desenvolvimento Social e Cidadania<\/p>\n","protected":false},"author":2,"featured_media":7098,"comment_status":"open","ping_status":"open","sticky":false,"template":"","format":"standard","meta":{"_acf_changed":false,"footnotes":""},"categories":[5],"tags":[2305,115,594,2304],"class_list":["post-7096","post","type-post","status-publish","format-standard","has-post-thumbnail","hentry","category-grande-salvador","tag-bolsa-aluguel","tag-cidadania","tag-lauro-de-freitas","tag-semdesc"],"acf":[],"yoast_head":"<!-- This site is optimized with the Yoast SEO plugin v26.1.1 - https:\/\/yoast.com\/wordpress\/plugins\/seo\/ -->\n<title>Prefeitura de Lauro de Freitas inicia recadastramento do Programa Bolsa Aluguel - Comunicar Mais<\/title>\n<meta name=\"description\" content=\"Processo acontece de forma presencial na sede da Secretaria Municipal de Desenvolvimento Social e Cidadania\" \/>\n<meta name=\"robots\" content=\"index, follow, max-snippet:-1, max-image-preview:large, max-video-preview:-1\" \/>\n<link rel=\"canonical\" href=\"https:\/\/www.comunicarmais.com.br\/site\/2025\/03\/19\/prefeitura-de-lauro-de-freitas-inicia-recadastramento-do-programa-bolsa-aluguel\/\" \/>\n<meta property=\"og:locale\" content=\"pt_BR\" \/>\n<meta property=\"og:type\" content=\"article\" \/>\n<meta property=\"og:title\" content=\"Prefeitura de Lauro de Freitas inicia recadastramento do Programa Bolsa Aluguel - Comunicar Mais\" \/>\n<meta property=\"og:description\" content=\"Processo acontece de forma presencial na sede da Secretaria Municipal de Desenvolvimento Social e Cidadania\" \/>\n<meta property=\"og:url\" content=\"https:\/\/www.comunicarmais.com.br\/site\/2025\/03\/19\/prefeitura-de-lauro-de-freitas-inicia-recadastramento-do-programa-bolsa-aluguel\/\" \/>\n<meta property=\"og:site_name\" content=\"Comunicar Mais\" \/>\n<meta property=\"article:publisher\" content=\"https:\/\/www.facebook.com\/comunicarmais\/\" \/>\n<meta property=\"article:author\" content=\"https:\/\/www.facebook.com\/comunicarmais\/\" \/>\n<meta property=\"article:published_time\" content=\"2025-03-19T17:13:00+00:00\" \/>\n<meta property=\"article:modified_time\" content=\"2025-03-20T16:29:48+00:00\" \/>\n<meta property=\"og:image\" content=\"https:\/\/www.comunicarmais.com.br\/site\/wp-content\/uploads\/2025\/03\/WhatsApp-Image-2025-03-19-at-13.44.53.jpeg\" \/>\n\t<meta property=\"og:image:width\" content=\"1600\" \/>\n\t<meta property=\"og:image:height\" content=\"1066\" \/>\n\t<meta property=\"og:image:type\" content=\"image\/jpeg\" \/>\n<meta name=\"author\" content=\"Comunicar Mais\" \/>\n<meta name=\"twitter:card\" content=\"summary_large_image\" \/>\n<meta name=\"twitter:creator\" content=\"@ComunicarmaisBA\" \/>\n<meta name=\"twitter:site\" content=\"@ComunicarmaisBA\" \/>\n<meta name=\"twitter:label1\" content=\"Escrito por\" \/>\n\t<meta name=\"twitter:data1\" content=\"Comunicar Mais\" \/>\n\t<meta name=\"twitter:label2\" content=\"Est. tempo de leitura\" \/>\n\t<meta name=\"twitter:data2\" content=\"4 minutos\" \/>\n<script type=\"application\/ld+json\" class=\"yoast-schema-graph\">{\"@context\":\"https:\/\/schema.org\",\"@graph\":[{\"@type\":\"WebPage\",\"@id\":\"https:\/\/www.comunicarmais.com.br\/site\/2025\/03\/19\/prefeitura-de-lauro-de-freitas-inicia-recadastramento-do-programa-bolsa-aluguel\/\",\"url\":\"https:\/\/www.comunicarmais.com.br\/site\/2025\/03\/19\/prefeitura-de-lauro-de-freitas-inicia-recadastramento-do-programa-bolsa-aluguel\/\",\"name\":\"Prefeitura de Lauro de Freitas inicia recadastramento do Programa Bolsa Aluguel - Comunicar Mais\",\"isPartOf\":{\"@id\":\"https:\/\/www.comunicarmais.com.br\/site\/#website\"},\"primaryImageOfPage\":{\"@id\":\"https:\/\/www.comunicarmais.com.br\/site\/2025\/03\/19\/prefeitura-de-lauro-de-freitas-inicia-recadastramento-do-programa-bolsa-aluguel\/#primaryimage\"},\"image\":{\"@id\":\"https:\/\/www.comunicarmais.com.br\/site\/2025\/03\/19\/prefeitura-de-lauro-de-freitas-inicia-recadastramento-do-programa-bolsa-aluguel\/#primaryimage\"},\"thumbnailUrl\":\"https:\/\/www.comunicarmais.com.br\/site\/wp-content\/uploads\/2025\/03\/WhatsApp-Image-2025-03-19-at-13.44.53.jpeg\",\"datePublished\":\"2025-03-19T17:13:00+00:00\",\"dateModified\":\"2025-03-20T16:29:48+00:00\",\"author\":{\"@id\":\"https:\/\/www.comunicarmais.com.br\/site\/#\/schema\/person\/712f7b6b25b644e4a91c4173674cf284\"},\"description\":\"Processo acontece de forma presencial na sede da Secretaria Municipal de Desenvolvimento Social e Cidadania\",\"breadcrumb\":{\"@id\":\"https:\/\/www.comunicarmais.com.br\/site\/2025\/03\/19\/prefeitura-de-lauro-de-freitas-inicia-recadastramento-do-programa-bolsa-aluguel\/#breadcrumb\"},\"inLanguage\":\"pt-BR\",\"potentialAction\":[{\"@type\":\"ReadAction\",\"target\":[\"https:\/\/www.comunicarmais.com.br\/site\/2025\/03\/19\/prefeitura-de-lauro-de-freitas-inicia-recadastramento-do-programa-bolsa-aluguel\/\"]}]},{\"@type\":\"ImageObject\",\"inLanguage\":\"pt-BR\",\"@id\":\"https:\/\/www.comunicarmais.com.br\/site\/2025\/03\/19\/prefeitura-de-lauro-de-freitas-inicia-recadastramento-do-programa-bolsa-aluguel\/#primaryimage\",\"url\":\"https:\/\/www.comunicarmais.com.br\/site\/wp-content\/uploads\/2025\/03\/WhatsApp-Image-2025-03-19-at-13.44.53.jpeg\",\"contentUrl\":\"https:\/\/www.comunicarmais.com.br\/site\/wp-content\/uploads\/2025\/03\/WhatsApp-Image-2025-03-19-at-13.44.53.jpeg\",\"width\":1600,\"height\":1066},{\"@type\":\"BreadcrumbList\",\"@id\":\"https:\/\/www.comunicarmais.com.br\/site\/2025\/03\/19\/prefeitura-de-lauro-de-freitas-inicia-recadastramento-do-programa-bolsa-aluguel\/#breadcrumb\",\"itemListElement\":[{\"@type\":\"ListItem\",\"position\":1,\"name\":\"In\u00edcio\",\"item\":\"https:\/\/www.comunicarmais.com.br\/site\/\"},{\"@type\":\"ListItem\",\"position\":2,\"name\":\"Prefeitura de Lauro de Freitas inicia recadastramento do Programa Bolsa Aluguel\"}]},{\"@type\":\"WebSite\",\"@id\":\"https:\/\/www.comunicarmais.com.br\/site\/#website\",\"url\":\"https:\/\/www.comunicarmais.com.br\/site\/\",\"name\":\"Comunicar Mais\",\"description\":\"\",\"potentialAction\":[{\"@type\":\"SearchAction\",\"target\":{\"@type\":\"EntryPoint\",\"urlTemplate\":\"https:\/\/www.comunicarmais.com.br\/site\/?s={search_term_string}\"},\"query-input\":{\"@type\":\"PropertyValueSpecification\",\"valueRequired\":true,\"valueName\":\"search_term_string\"}}],\"inLanguage\":\"pt-BR\"},{\"@type\":\"Person\",\"@id\":\"https:\/\/www.comunicarmais.com.br\/site\/#\/schema\/person\/712f7b6b25b644e4a91c4173674cf284\",\"name\":\"Comunicar Mais\",\"image\":{\"@type\":\"ImageObject\",\"inLanguage\":\"pt-BR\",\"@id\":\"https:\/\/www.comunicarmais.com.br\/site\/#\/schema\/person\/image\/\",\"url\":\"https:\/\/secure.gravatar.com\/avatar\/9803218072e2c0dc265d3d787b54c2c33325e79f79732707fddfbf1efd82c678?s=96&d=mm&r=g\",\"contentUrl\":\"https:\/\/secure.gravatar.com\/avatar\/9803218072e2c0dc265d3d787b54c2c33325e79f79732707fddfbf1efd82c678?s=96&d=mm&r=g\",\"caption\":\"Comunicar Mais\"},\"description\":\"Deixe as ideologias com os ide\u00f3logos. Noticiamos fatos, n\u00e3o brigamos com eles. Aqui, voc\u00ea fica bem informado do que acontece no seu bairro e no mundo. Informar com \u00e9tica e responsabilidade s\u00e3o as bandeiras do Comunicarmais.\",\"sameAs\":[\"https:\/\/www.comunicarmais.com.br\/site\/\",\"https:\/\/www.facebook.com\/comunicarmais\/\",\"https:\/\/www.instagram.com\/comunicarmaisba\/\",\"https:\/\/x.com\/ComunicarmaisBA\"],\"url\":\"https:\/\/www.comunicarmais.com.br\/site\/author\/gerenciador\/\"}]}<\/script>\n<!-- \/ Yoast SEO plugin. -->","yoast_head_json":{"title":"Prefeitura de Lauro de Freitas inicia recadastramento do Programa Bolsa Aluguel - Comunicar Mais","description":"Processo acontece de forma presencial na sede da Secretaria Municipal de Desenvolvimento Social e Cidadania","robots":{"index":"index","follow":"follow","max-snippet":"max-snippet:-1","max-image-preview":"max-image-preview:large","max-video-preview":"max-video-preview:-1"},"canonical":"https:\/\/www.comunicarmais.com.br\/site\/2025\/03\/19\/prefeitura-de-lauro-de-freitas-inicia-recadastramento-do-programa-bolsa-aluguel\/","og_locale":"pt_BR","og_type":"article","og_title":"Prefeitura de Lauro de Freitas inicia recadastramento do Programa Bolsa Aluguel - Comunicar Mais","og_description":"Processo acontece de forma presencial na sede da Secretaria Municipal de Desenvolvimento Social e Cidadania","og_url":"https:\/\/www.comunicarmais.com.br\/site\/2025\/03\/19\/prefeitura-de-lauro-de-freitas-inicia-recadastramento-do-programa-bolsa-aluguel\/","og_site_name":"Comunicar Mais","article_publisher":"https:\/\/www.facebook.com\/comunicarmais\/","article_author":"https:\/\/www.facebook.com\/comunicarmais\/","article_published_time":"2025-03-19T17:13:00+00:00","article_modified_time":"2025-03-20T16:29:48+00:00","og_image":[{"width":1600,"height":1066,"url":"https:\/\/www.comunicarmais.com.br\/site\/wp-content\/uploads\/2025\/03\/WhatsApp-Image-2025-03-19-at-13.44.53.jpeg","type":"image\/jpeg"}],"author":"Comunicar Mais","twitter_card":"summary_large_image","twitter_creator":"@ComunicarmaisBA","twitter_site":"@ComunicarmaisBA","twitter_misc":{"Escrito por":"Comunicar Mais","Est. tempo de leitura":"4 minutos"},"schema":{"@context":"https:\/\/schema.org","@graph":[{"@type":"WebPage","@id":"https:\/\/www.comunicarmais.com.br\/site\/2025\/03\/19\/prefeitura-de-lauro-de-freitas-inicia-recadastramento-do-programa-bolsa-aluguel\/","url":"https:\/\/www.comunicarmais.com.br\/site\/2025\/03\/19\/prefeitura-de-lauro-de-freitas-inicia-recadastramento-do-programa-bolsa-aluguel\/","name":"Prefeitura de Lauro de Freitas inicia recadastramento do Programa Bolsa Aluguel - Comunicar Mais","isPartOf":{"@id":"https:\/\/www.comunicarmais.com.br\/site\/#website"},"primaryImageOfPage":{"@id":"https:\/\/www.comunicarmais.com.br\/site\/2025\/03\/19\/prefeitura-de-lauro-de-freitas-inicia-recadastramento-do-programa-bolsa-aluguel\/#primaryimage"},"image":{"@id":"https:\/\/www.comunicarmais.com.br\/site\/2025\/03\/19\/prefeitura-de-lauro-de-freitas-inicia-recadastramento-do-programa-bolsa-aluguel\/#primaryimage"},"thumbnailUrl":"https:\/\/www.comunicarmais.com.br\/site\/wp-content\/uploads\/2025\/03\/WhatsApp-Image-2025-03-19-at-13.44.53.jpeg","datePublished":"2025-03-19T17:13:00+00:00","dateModified":"2025-03-20T16:29:48+00:00","author":{"@id":"https:\/\/www.comunicarmais.com.br\/site\/#\/schema\/person\/712f7b6b25b644e4a91c4173674cf284"},"description":"Processo acontece de forma presencial na sede da Secretaria Municipal de Desenvolvimento Social e Cidadania","breadcrumb":{"@id":"https:\/\/www.comunicarmais.com.br\/site\/2025\/03\/19\/prefeitura-de-lauro-de-freitas-inicia-recadastramento-do-programa-bolsa-aluguel\/#breadcrumb"},"inLanguage":"pt-BR","potentialAction":[{"@type":"ReadAction","target":["https:\/\/www.comunicarmais.com.br\/site\/2025\/03\/19\/prefeitura-de-lauro-de-freitas-inicia-recadastramento-do-programa-bolsa-aluguel\/"]}]},{"@type":"ImageObject","inLanguage":"pt-BR","@id":"https:\/\/www.comunicarmais.com.br\/site\/2025\/03\/19\/prefeitura-de-lauro-de-freitas-inicia-recadastramento-do-programa-bolsa-aluguel\/#primaryimage","url":"https:\/\/www.comunicarmais.com.br\/site\/wp-content\/uploads\/2025\/03\/WhatsApp-Image-2025-03-19-at-13.44.53.jpeg","contentUrl":"https:\/\/www.comunicarmais.com.br\/site\/wp-content\/uploads\/2025\/03\/WhatsApp-Image-2025-03-19-at-13.44.53.jpeg","width":1600,"height":1066},{"@type":"BreadcrumbList","@id":"https:\/\/www.comunicarmais.com.br\/site\/2025\/03\/19\/prefeitura-de-lauro-de-freitas-inicia-recadastramento-do-programa-bolsa-aluguel\/#breadcrumb","itemListElement":[{"@type":"ListItem","position":1,"name":"In\u00edcio","item":"https:\/\/www.comunicarmais.com.br\/site\/"},{"@type":"ListItem","position":2,"name":"Prefeitura de Lauro de Freitas inicia recadastramento do Programa Bolsa Aluguel"}]},{"@type":"WebSite","@id":"https:\/\/www.comunicarmais.com.br\/site\/#website","url":"https:\/\/www.comunicarmais.com.br\/site\/","name":"Comunicar Mais","description":"","potentialAction":[{"@type":"SearchAction","target":{"@type":"EntryPoint","urlTemplate":"https:\/\/www.comunicarmais.com.br\/site\/?s={search_term_string}"},"query-input":{"@type":"PropertyValueSpecification","valueRequired":true,"valueName":"search_term_string"}}],"inLanguage":"pt-BR"},{"@type":"Person","@id":"https:\/\/www.comunicarmais.com.br\/site\/#\/schema\/person\/712f7b6b25b644e4a91c4173674cf284","name":"Comunicar Mais","image":{"@type":"ImageObject","inLanguage":"pt-BR","@id":"https:\/\/www.comunicarmais.com.br\/site\/#\/schema\/person\/image\/","url":"https:\/\/secure.gravatar.com\/avatar\/9803218072e2c0dc265d3d787b54c2c33325e79f79732707fddfbf1efd82c678?s=96&d=mm&r=g","contentUrl":"https:\/\/secure.gravatar.com\/avatar\/9803218072e2c0dc265d3d787b54c2c33325e79f79732707fddfbf1efd82c678?s=96&d=mm&r=g","caption":"Comunicar Mais"},"description":"Deixe as ideologias com os ide\u00f3logos. Noticiamos fatos, n\u00e3o brigamos com eles. Aqui, voc\u00ea fica bem informado do que acontece no seu bairro e no mundo. Informar com \u00e9tica e responsabilidade s\u00e3o as bandeiras do Comunicarmais.","sameAs":["https:\/\/www.comunicarmais.com.br\/site\/","https:\/\/www.facebook.com\/comunicarmais\/","https:\/\/www.instagram.com\/comunicarmaisba\/","https:\/\/x.com\/ComunicarmaisBA"],"url":"https:\/\/www.comunicarmais.com.br\/site\/author\/gerenciador\/"}]}},"_links":{"self":[{"href":"https:\/\/www.comunicarmais.com.br\/site\/wp-json\/wp\/v2\/posts\/7096","targetHints":{"allow":["GET"]}}],"collection":[{"href":"https:\/\/www.comunicarmais.com.br\/site\/wp-json\/wp\/v2\/posts"}],"about":[{"href":"https:\/\/www.comunicarmais.com.br\/site\/wp-json\/wp\/v2\/types\/post"}],"author":[{"embeddable":true,"href":"https:\/\/www.comunicarmais.com.br\/site\/wp-json\/wp\/v2\/users\/2"}],"replies":[{"embeddable":true,"href":"https:\/\/www.comunicarmais.com.br\/site\/wp-json\/wp\/v2\/comments?post=7096"}],"version-history":[{"count":1,"href":"https:\/\/www.comunicarmais.com.br\/site\/wp-json\/wp\/v2\/posts\/7096\/revisions"}],"predecessor-version":[{"id":7099,"href":"https:\/\/www.comunicarmais.com.br\/site\/wp-json\/wp\/v2\/posts\/7096\/revisions\/7099"}],"wp:featuredmedia":[{"embeddable":true,"href":"https:\/\/www.comunicarmais.com.br\/site\/wp-json\/wp\/v2\/media\/7098"}],"wp:attachment":[{"href":"https:\/\/www.comunicarmais.com.br\/site\/wp-json\/wp\/v2\/media?parent=7096"}],"wp:term":[{"taxonomy":"category","embeddable":true,"href":"https:\/\/www.comunicarmais.com.br\/site\/wp-json\/wp\/v2\/categories?post=7096"},{"taxonomy":"post_tag","embeddable":true,"href":"https:\/\/www.comunicarmais.com.br\/site\/wp-json\/wp\/v2\/tags?post=7096"}],"curies":[{"name":"wp","href":"https:\/\/api.w.org\/{rel}","templated":true}]}}