{"id":6964,"date":"2025-03-10T10:43:00","date_gmt":"2025-03-10T13:43:00","guid":{"rendered":"https:\/\/www.comunicarmais.com.br\/site\/?p=6964"},"modified":"2025-03-10T23:55:22","modified_gmt":"2025-03-11T02:55:22","slug":"show-sambelas-celebra-protagonismo-feminino-no-samba-baiano","status":"publish","type":"post","link":"https:\/\/www.comunicarmais.com.br\/site\/2025\/03\/10\/show-sambelas-celebra-protagonismo-feminino-no-samba-baiano\/","title":{"rendered":"Show Sambelas celebra protagonismo feminino no samba baiano"},"content":{"rendered":"\n<p><strong>Repert\u00f3rio mescla tradi\u00e7\u00e3o e contemporaneidade, desde os cl\u00e1ssicos do samba de roda do Rec\u00f4ncavo Baiano at\u00e9 composi\u00e7\u00f5es de grandes nomes como Dorival Caymmi, Roque Ferreira e Caetano Veloso<\/strong><\/p>\n\n\n\n<figure class=\"wp-block-image size-large\"><img decoding=\"async\" width=\"1433\" height=\"1075\" data-src=\"https:\/\/www.comunicarmais.com.br\/site\/wp-content\/uploads\/2025\/03\/WhatsApp-Image-2025-03-10-at-10.10-horz-1433x1075.jpg\" alt=\"\" class=\"wp-image-6966 lazyload\" data-srcset=\"https:\/\/www.comunicarmais.com.br\/site\/wp-content\/uploads\/2025\/03\/WhatsApp-Image-2025-03-10-at-10.10-horz-1433x1075.jpg 1433w, https:\/\/www.comunicarmais.com.br\/site\/wp-content\/uploads\/2025\/03\/WhatsApp-Image-2025-03-10-at-10.10-horz-1024x768.jpg 1024w, https:\/\/www.comunicarmais.com.br\/site\/wp-content\/uploads\/2025\/03\/WhatsApp-Image-2025-03-10-at-10.10-horz-768x576.jpg 768w, https:\/\/www.comunicarmais.com.br\/site\/wp-content\/uploads\/2025\/03\/WhatsApp-Image-2025-03-10-at-10.10-horz-1536x1153.jpg 1536w, https:\/\/www.comunicarmais.com.br\/site\/wp-content\/uploads\/2025\/03\/WhatsApp-Image-2025-03-10-at-10.10-horz-2048x1537.jpg 2048w, https:\/\/www.comunicarmais.com.br\/site\/wp-content\/uploads\/2025\/03\/WhatsApp-Image-2025-03-10-at-10.10-horz-1320x991.jpg 1320w\" data-sizes=\"(max-width: 1433px) 100vw, 1433px\" src=\"data:image\/svg+xml;base64,PHN2ZyB3aWR0aD0iMSIgaGVpZ2h0PSIxIiB4bWxucz0iaHR0cDovL3d3dy53My5vcmcvMjAwMC9zdmciPjwvc3ZnPg==\" style=\"--smush-placeholder-width: 1433px; --smush-placeholder-aspect-ratio: 1433\/1075;\" \/><figcaption class=\"wp-element-caption\"><em><sup>(Divulga\u00e7\u00e3o)<\/sup><\/em><\/figcaption><\/figure>\n\n\n\n<p><strong>Reda\u00e7\u00e3o Mais &#8211;<\/strong> Cl\u00e9cia Queiroz e Maira Lins fazem do show Sambelas uma vibrante celebra\u00e7\u00e3o do samba de roda baiano, atrav\u00e9s da for\u00e7a feminina. A apresenta\u00e7\u00e3o acontece na Sala do Coro do Teatro Castro Alves (TCA), ter\u00e7a-feira (11) \u00e0s 20h, em Salvador. O repert\u00f3rio, cuidadosamente selecionado, mescla tradi\u00e7\u00e3o e contemporaneidade, e percorre desde os cl\u00e1ssicos do samba de roda do Rec\u00f4ncavo Baiano at\u00e9 composi\u00e7\u00f5es de grandes nomes que dialogam com esse g\u00eanero, como Dorival Caymmi, Roque Ferreira e Caetano Veloso.<\/p>\n\n\n\n<p>Al\u00e9m disso, o show homenageia int\u00e9rpretes femininas que marcaram a hist\u00f3ria do samba, como Clara Nunes e Alcione. O resultado \u00e9 um espet\u00e1culo que equilibra tradi\u00e7\u00e3o e renova\u00e7\u00e3o, celebrando aqueles que mant\u00eam viva a ess\u00eancia do samba. A banda que acompanha \u00e9 formada por Dudu Reis (cavaquinho), que divide a dire\u00e7\u00e3o musical com Marcos Bezerra (viol\u00e3o), Gel Barbosa (acordeon), Z\u00e9 M\u00e1rio (bandolim), Rafael Santana (Bolota) e Alex Brand\u00e3o (percuss\u00e3o).<\/p>\n\n\n\n<p>A uni\u00e3o entre Cl\u00e9cia Queiroz e Maira Lins nasceu da vis\u00e3o das produtoras Pool Produ\u00e7\u00f5es e Hora Produ\u00e7\u00f5es, que identificaram a pot\u00eancia art\u00edstica das artistas no palco. &#8220;Al\u00e9m da admira\u00e7\u00e3o e do respeito m\u00fatuo, vimos nessa jun\u00e7\u00e3o uma oportunidade de fortalecer a presen\u00e7a feminina no samba, reafirmando o papel das mulheres como protagonistas dessa hist\u00f3ria&#8221;, destaca Cl\u00e9cia. Para Maira, &#8220;O repert\u00f3rio desse show atesta a multiplicidade das facetas do samba, dos seus sotaques e linguagens. Apesar de sermos do mesmo lugar e termos nossas carreiras voltadas para o samba, conseguimos mostrar a plasticidade do g\u00eanero, inclusive em termos c\u00eanicos.\u201d<\/p>\n\n\n\n<figure class=\"wp-block-image size-large\"><img decoding=\"async\" width=\"1433\" height=\"955\" data-src=\"https:\/\/www.comunicarmais.com.br\/site\/wp-content\/uploads\/2025\/03\/WhatsApp-Image-2025-03-10-at-10.10.45-1433x955.jpeg\" alt=\"\" class=\"wp-image-6965 lazyload\" data-srcset=\"https:\/\/www.comunicarmais.com.br\/site\/wp-content\/uploads\/2025\/03\/WhatsApp-Image-2025-03-10-at-10.10.45-1433x955.jpeg 1433w, https:\/\/www.comunicarmais.com.br\/site\/wp-content\/uploads\/2025\/03\/WhatsApp-Image-2025-03-10-at-10.10.45-1024x682.jpeg 1024w, https:\/\/www.comunicarmais.com.br\/site\/wp-content\/uploads\/2025\/03\/WhatsApp-Image-2025-03-10-at-10.10.45-768x512.jpeg 768w, https:\/\/www.comunicarmais.com.br\/site\/wp-content\/uploads\/2025\/03\/WhatsApp-Image-2025-03-10-at-10.10.45-1536x1023.jpeg 1536w, https:\/\/www.comunicarmais.com.br\/site\/wp-content\/uploads\/2025\/03\/WhatsApp-Image-2025-03-10-at-10.10.45-1320x879.jpeg 1320w, https:\/\/www.comunicarmais.com.br\/site\/wp-content\/uploads\/2025\/03\/WhatsApp-Image-2025-03-10-at-10.10.45.jpeg 1600w\" data-sizes=\"(max-width: 1433px) 100vw, 1433px\" src=\"data:image\/svg+xml;base64,PHN2ZyB3aWR0aD0iMSIgaGVpZ2h0PSIxIiB4bWxucz0iaHR0cDovL3d3dy53My5vcmcvMjAwMC9zdmciPjwvc3ZnPg==\" style=\"--smush-placeholder-width: 1433px; --smush-placeholder-aspect-ratio: 1433\/955;\" \/><figcaption class=\"wp-element-caption\"><em><sup>(Divulga\u00e7\u00e3o)<\/sup><\/em><\/figcaption><\/figure>\n\n\n\n<p>A ess\u00eancia do show est\u00e1 na diversidade do samba e na sua capacidade de evocar diferentes emo\u00e7\u00f5es. &#8220;O samba transita entre dores de amor, saudades, tristezas, mas tamb\u00e9m fala de f\u00e9, cren\u00e7as e mitos, al\u00e9m da alegria contagiante que transforma quem o escuta. Queremos proporcionar ao p\u00fablico uma experi\u00eancia vibrante e envolvente, onde cada pessoa possa sentir essa energia e celebrar conosco essa tradi\u00e7\u00e3o t\u00e3o rica e potente\u201d, afirma Cl\u00e9cia. J\u00e1 Maira refor\u00e7a que \u201cA for\u00e7a feminina do samba est\u00e1 presente do in\u00edcio ao fim do espet\u00e1culo. \u00c9 assim que vejo o samba e a alma desse show.\u201d<\/p>\n\n\n\n<p>Maira Lins \u00e9 uma cantora e compositora baiana com mais de uma d\u00e9cada de carreira, que se destaca no cen\u00e1rio do samba e da MPB. Sua trajet\u00f3ria \u00e9 marcada por performances vibrantes e pela valoriza\u00e7\u00e3o da cultura afro-brasileira.<\/p>\n\n\n\n<p>Cl\u00e9cia Queiroz \u00e9 uma das grandes vozes do samba brasileiro, com uma trajet\u00f3ria marcada por emo\u00e7\u00e3o e conquistas. Nascida em Ilh\u00e9us (BA), sua m\u00fasica reflete a riqueza da cultura afro-brasileira, com forte influ\u00eancia do samba da Bahia e refer\u00eancias ao Candombl\u00e9. Ao longo da carreira, se apresentou em importantes palcos do Brasil e do exterior, incluindo EUA, Espanha e pa\u00edses africanos.<\/p>\n\n\n\n<p>Al\u00e9m de cantora, \u00e9 atriz, dan\u00e7arina e pesquisadora, doutora em Difus\u00e3o do Conhecimento pela Ufba e mestre em Artes pela Howard University (EUA). Foi professora na UFS e atualmente leciona na Ufba. Com quatro discos solo e premia\u00e7\u00f5es em m\u00fasica e teatro, tamb\u00e9m se dedica \u00e0 difus\u00e3o do samba de roda por meio de pesquisas, publica\u00e7\u00f5es e oficinas internacionais.<\/p>\n\n\n\n<p>________________________________________________________________________________________________________________<\/p>\n\n\n\n<p><strong> Sambelas \u2013 Com Cl\u00e9cia Queiroz e Maira Lins<\/strong><br>\u2022 Data: 11 de mar\u00e7o (ter\u00e7a-feira) \u00e0s 20h<br>\u2022 Local: Sala do Coro do Teatro Castro Alves (TCA)<br>\u2022 Vendas: Sympla e Bilheteria do TCA<br>\u2022 Ingressos: Meia-entrada R$ 30 | Inteira R$ 60<br>\u2022 Classifica\u00e7\u00e3o: Livre<\/p>\n\n\n\n<p>________________________________________________________________________________________________________________<\/p>\n\n\n<p class=\"wp-block-tag-cloud\"><a href=\"https:\/\/www.comunicarmais.com.br\/site\/tag\/bahia\/\" class=\"tag-cloud-link tag-link-171 tag-link-position-1\" style=\"font-size: 17.922330097087pt;\" aria-label=\"Bahia (116 itens)\">Bahia<\/a>\n<a href=\"https:\/\/www.comunicarmais.com.br\/site\/tag\/bolsonaro\/\" class=\"tag-cloud-link tag-link-112 tag-link-position-2\" style=\"font-size: 11.533980582524pt;\" aria-label=\"Bolsonaro (39 itens)\">Bolsonaro<\/a>\n<a href=\"https:\/\/www.comunicarmais.com.br\/site\/tag\/brasil\/\" class=\"tag-cloud-link tag-link-335 tag-link-position-3\" style=\"font-size: 13.029126213592pt;\" aria-label=\"Brasil (50 itens)\">Brasil<\/a>\n<a href=\"https:\/\/www.comunicarmais.com.br\/site\/tag\/camacari\/\" class=\"tag-cloud-link tag-link-435 tag-link-position-4\" style=\"font-size: 8.8155339805825pt;\" aria-label=\"Cama\u00e7ari (24 itens)\">Cama\u00e7ari<\/a>\n<a href=\"https:\/\/www.comunicarmais.com.br\/site\/tag\/carnaval\/\" class=\"tag-cloud-link tag-link-508 tag-link-position-5\" style=\"font-size: 12.893203883495pt;\" aria-label=\"Carnaval (49 itens)\">Carnaval<\/a>\n<a href=\"https:\/\/www.comunicarmais.com.br\/site\/tag\/cbx\/\" class=\"tag-cloud-link tag-link-1602 tag-link-position-6\" style=\"font-size: 11.398058252427pt;\" aria-label=\"CBX (38 itens)\">CBX<\/a>\n<a href=\"https:\/\/www.comunicarmais.com.br\/site\/tag\/cidade-baixa\/\" class=\"tag-cloud-link tag-link-456 tag-link-position-7\" style=\"font-size: 9.9029126213592pt;\" aria-label=\"Cidade Baixa (29 itens)\">Cidade Baixa<\/a>\n<a href=\"https:\/\/www.comunicarmais.com.br\/site\/tag\/cinema\/\" class=\"tag-cloud-link tag-link-985 tag-link-position-8\" style=\"font-size: 11.126213592233pt;\" aria-label=\"Cinema (36 itens)\">Cinema<\/a>\n<a href=\"https:\/\/www.comunicarmais.com.br\/site\/tag\/cultura\/\" class=\"tag-cloud-link tag-link-231 tag-link-position-9\" style=\"font-size: 12.349514563107pt;\" aria-label=\"Cultura (45 itens)\">Cultura<\/a>\n<a href=\"https:\/\/www.comunicarmais.com.br\/site\/tag\/drogas\/\" class=\"tag-cloud-link tag-link-165 tag-link-position-10\" style=\"font-size: 12.757281553398pt;\" aria-label=\"Drogas (48 itens)\">Drogas<\/a>\n<a href=\"https:\/\/www.comunicarmais.com.br\/site\/tag\/educacao\/\" class=\"tag-cloud-link tag-link-228 tag-link-position-11\" style=\"font-size: 12.621359223301pt;\" aria-label=\"Educa\u00e7\u00e3o (47 itens)\">Educa\u00e7\u00e3o<\/a>\n<a href=\"https:\/\/www.comunicarmais.com.br\/site\/tag\/ensino\/\" class=\"tag-cloud-link tag-link-233 tag-link-position-12\" style=\"font-size: 10.446601941748pt;\" aria-label=\"Ensino (32 itens)\">Ensino<\/a>\n<a href=\"https:\/\/www.comunicarmais.com.br\/site\/tag\/escola\/\" class=\"tag-cloud-link tag-link-229 tag-link-position-13\" style=\"font-size: 9.631067961165pt;\" aria-label=\"Escola (28 itens)\">Escola<\/a>\n<a href=\"https:\/\/www.comunicarmais.com.br\/site\/tag\/eua\/\" class=\"tag-cloud-link tag-link-664 tag-link-position-14\" style=\"font-size: 12.077669902913pt;\" aria-label=\"EUA (43 itens)\">EUA<\/a>\n<a href=\"https:\/\/www.comunicarmais.com.br\/site\/tag\/feira-de-santana\/\" class=\"tag-cloud-link tag-link-642 tag-link-position-15\" style=\"font-size: 9.2233009708738pt;\" aria-label=\"Feira de Santana (26 itens)\">Feira de Santana<\/a>\n<a href=\"https:\/\/www.comunicarmais.com.br\/site\/tag\/ficco\/\" class=\"tag-cloud-link tag-link-143 tag-link-position-16\" style=\"font-size: 9.2233009708738pt;\" aria-label=\"Ficco (26 itens)\">Ficco<\/a>\n<a href=\"https:\/\/www.comunicarmais.com.br\/site\/tag\/folia\/\" class=\"tag-cloud-link tag-link-566 tag-link-position-17\" style=\"font-size: 9.2233009708738pt;\" aria-label=\"Folia (26 itens)\">Folia<\/a>\n<a href=\"https:\/\/www.comunicarmais.com.br\/site\/tag\/futebol\/\" class=\"tag-cloud-link tag-link-40 tag-link-position-18\" style=\"font-size: 13.029126213592pt;\" aria-label=\"Futebol (50 itens)\">Futebol<\/a>\n<a href=\"https:\/\/www.comunicarmais.com.br\/site\/tag\/homicidio\/\" class=\"tag-cloud-link tag-link-101 tag-link-position-19\" style=\"font-size: 10.582524271845pt;\" aria-label=\"Homic\u00eddio (33 itens)\">Homic\u00eddio<\/a>\n<a href=\"https:\/\/www.comunicarmais.com.br\/site\/tag\/itapagipe\/\" class=\"tag-cloud-link tag-link-471 tag-link-position-20\" style=\"font-size: 10.038834951456pt;\" aria-label=\"Itapagipe (30 itens)\">Itapagipe<\/a>\n<a href=\"https:\/\/www.comunicarmais.com.br\/site\/tag\/itaparica\/\" class=\"tag-cloud-link tag-link-301 tag-link-position-21\" style=\"font-size: 8pt;\" aria-label=\"Itaparica (21 itens)\">Itaparica<\/a>\n<a href=\"https:\/\/www.comunicarmais.com.br\/site\/tag\/jeronimo-rodrigues\/\" class=\"tag-cloud-link tag-link-668 tag-link-position-22\" style=\"font-size: 8.2718446601942pt;\" aria-label=\"Jer\u00f4nimo Rodrigues (22 itens)\">Jer\u00f4nimo Rodrigues<\/a>\n<a href=\"https:\/\/www.comunicarmais.com.br\/site\/tag\/justica\/\" class=\"tag-cloud-link tag-link-361 tag-link-position-23\" style=\"font-size: 10.582524271845pt;\" aria-label=\"Justi\u00e7a (33 itens)\">Justi\u00e7a<\/a>\n<a href=\"https:\/\/www.comunicarmais.com.br\/site\/tag\/lauro-de-freitas\/\" class=\"tag-cloud-link tag-link-594 tag-link-position-24\" style=\"font-size: 18.194174757282pt;\" aria-label=\"Lauro de Freitas (122 itens)\">Lauro de Freitas<\/a>\n<a href=\"https:\/\/www.comunicarmais.com.br\/site\/tag\/lazer\/\" class=\"tag-cloud-link tag-link-568 tag-link-position-25\" style=\"font-size: 9.2233009708738pt;\" aria-label=\"Lazer (26 itens)\">Lazer<\/a>\n<a href=\"https:\/\/www.comunicarmais.com.br\/site\/tag\/lula\/\" class=\"tag-cloud-link tag-link-416 tag-link-position-26\" style=\"font-size: 12.21359223301pt;\" aria-label=\"Lula (44 itens)\">Lula<\/a>\n<a href=\"https:\/\/www.comunicarmais.com.br\/site\/tag\/meio-ambiente\/\" class=\"tag-cloud-link tag-link-475 tag-link-position-27\" style=\"font-size: 12.21359223301pt;\" aria-label=\"Meio Ambiente (44 itens)\">Meio Ambiente<\/a>\n<a href=\"https:\/\/www.comunicarmais.com.br\/site\/tag\/mobilidade\/\" class=\"tag-cloud-link tag-link-278 tag-link-position-28\" style=\"font-size: 13.844660194175pt;\" aria-label=\"Mobilidade (58 itens)\">Mobilidade<\/a>\n<a href=\"https:\/\/www.comunicarmais.com.br\/site\/tag\/mulher\/\" class=\"tag-cloud-link tag-link-450 tag-link-position-29\" style=\"font-size: 13.300970873786pt;\" aria-label=\"mulher (53 itens)\">mulher<\/a>\n<a href=\"https:\/\/www.comunicarmais.com.br\/site\/tag\/musica-2\/\" class=\"tag-cloud-link tag-link-747 tag-link-position-30\" style=\"font-size: 12.21359223301pt;\" aria-label=\"M\u00fasica (44 itens)\">M\u00fasica<\/a>\n<a href=\"https:\/\/www.comunicarmais.com.br\/site\/tag\/pcba\/\" class=\"tag-cloud-link tag-link-1332 tag-link-position-31\" style=\"font-size: 15.067961165049pt;\" aria-label=\"PCBA (72 itens)\">PCBA<\/a>\n<a href=\"https:\/\/www.comunicarmais.com.br\/site\/tag\/pmba\/\" class=\"tag-cloud-link tag-link-53 tag-link-position-32\" style=\"font-size: 18.194174757282pt;\" aria-label=\"PMBA (123 itens)\">PMBA<\/a>\n<a href=\"https:\/\/www.comunicarmais.com.br\/site\/tag\/policia-federal\/\" class=\"tag-cloud-link tag-link-620 tag-link-position-33\" style=\"font-size: 8.9514563106796pt;\" aria-label=\"Pol\u00edcia Federal (25 itens)\">Pol\u00edcia Federal<\/a>\n<a href=\"https:\/\/www.comunicarmais.com.br\/site\/tag\/politica\/\" class=\"tag-cloud-link tag-link-495 tag-link-position-34\" style=\"font-size: 16.291262135922pt;\" aria-label=\"Pol\u00edtica (89 itens)\">Pol\u00edtica<\/a>\n<a href=\"https:\/\/www.comunicarmais.com.br\/site\/tag\/rio-de-janeiro\/\" class=\"tag-cloud-link tag-link-152 tag-link-position-35\" style=\"font-size: 9.9029126213592pt;\" aria-label=\"Rio de Janeiro (29 itens)\">Rio de Janeiro<\/a>\n<a href=\"https:\/\/www.comunicarmais.com.br\/site\/tag\/salvador\/\" class=\"tag-cloud-link tag-link-125 tag-link-position-36\" style=\"font-size: 22pt;\" aria-label=\"Salvador (235 itens)\">Salvador<\/a>\n<a href=\"https:\/\/www.comunicarmais.com.br\/site\/tag\/saude\/\" class=\"tag-cloud-link tag-link-42 tag-link-position-37\" style=\"font-size: 17.78640776699pt;\" aria-label=\"Sa\u00fade (115 itens)\">Sa\u00fade<\/a>\n<a href=\"https:\/\/www.comunicarmais.com.br\/site\/tag\/seguranca\/\" class=\"tag-cloud-link tag-link-48 tag-link-position-38\" style=\"font-size: 9.2233009708738pt;\" aria-label=\"Seguran\u00e7a (26 itens)\">Seguran\u00e7a<\/a>\n<a href=\"https:\/\/www.comunicarmais.com.br\/site\/tag\/ssp-ba\/\" class=\"tag-cloud-link tag-link-1937 tag-link-position-39\" style=\"font-size: 8.9514563106796pt;\" aria-label=\"SSP-BA (25 itens)\">SSP-BA<\/a>\n<a href=\"https:\/\/www.comunicarmais.com.br\/site\/tag\/sspba\/\" class=\"tag-cloud-link tag-link-144 tag-link-position-40\" style=\"font-size: 11.398058252427pt;\" aria-label=\"SSPBA (38 itens)\">SSPBA<\/a>\n<a href=\"https:\/\/www.comunicarmais.com.br\/site\/tag\/stf\/\" class=\"tag-cloud-link tag-link-68 tag-link-position-41\" style=\"font-size: 14.252427184466pt;\" aria-label=\"STF (62 itens)\">STF<\/a>\n<a href=\"https:\/\/www.comunicarmais.com.br\/site\/tag\/sao-paulo\/\" class=\"tag-cloud-link tag-link-612 tag-link-position-42\" style=\"font-size: 8pt;\" aria-label=\"S\u00e3o Paulo (21 itens)\">S\u00e3o Paulo<\/a>\n<a href=\"https:\/\/www.comunicarmais.com.br\/site\/tag\/transito-2\/\" class=\"tag-cloud-link tag-link-377 tag-link-position-43\" style=\"font-size: 8.2718446601942pt;\" aria-label=\"tr\u00e2nsito (22 itens)\">tr\u00e2nsito<\/a>\n<a href=\"https:\/\/www.comunicarmais.com.br\/site\/tag\/turismo\/\" class=\"tag-cloud-link tag-link-225 tag-link-position-44\" style=\"font-size: 9.9029126213592pt;\" aria-label=\"Turismo (29 itens)\">Turismo<\/a>\n<a href=\"https:\/\/www.comunicarmais.com.br\/site\/tag\/uruguai\/\" class=\"tag-cloud-link tag-link-323 tag-link-position-45\" style=\"font-size: 9.631067961165pt;\" aria-label=\"Uruguai (28 itens)\">Uruguai<\/a><\/p>","protected":false},"excerpt":{"rendered":"<p>Repert\u00f3rio mescla tradi\u00e7\u00e3o e contemporaneidade, desde os cl\u00e1ssicos do samba de roda do Rec\u00f4ncavo Baiano at\u00e9 composi\u00e7\u00f5es de grandes nomes como Dorival Caymmi, Roque Ferreira e Caetano Veloso<\/p>\n","protected":false},"author":2,"featured_media":6965,"comment_status":"open","ping_status":"open","sticky":false,"template":"","format":"standard","meta":{"_acf_changed":false,"footnotes":""},"categories":[11],"tags":[2279,2278,725,997],"class_list":["post-6964","post","type-post","status-publish","format-standard","has-post-thumbnail","hentry","category-cultura-lazer","tag-caymmi","tag-protagonismo","tag-samba","tag-tca"],"acf":[],"yoast_head":"<!-- This site is optimized with the Yoast SEO plugin v26.1.1 - https:\/\/yoast.com\/wordpress\/plugins\/seo\/ -->\n<title>Show Sambelas celebra protagonismo feminino no samba baiano - Comunicar Mais<\/title>\n<meta name=\"description\" content=\"Repert\u00f3rio mescla tradi\u00e7\u00e3o e contemporaneidade, desde os cl\u00e1ssicos do samba de roda do Rec\u00f4ncavo Baiano at\u00e9 composi\u00e7\u00f5es de grandes nomes como Dorival Caymmi, Roque Ferreira e Caetano Veloso\" \/>\n<meta name=\"robots\" content=\"index, follow, max-snippet:-1, max-image-preview:large, max-video-preview:-1\" \/>\n<link rel=\"canonical\" href=\"https:\/\/www.comunicarmais.com.br\/site\/2025\/03\/10\/show-sambelas-celebra-protagonismo-feminino-no-samba-baiano\/\" \/>\n<meta property=\"og:locale\" content=\"pt_BR\" \/>\n<meta property=\"og:type\" content=\"article\" \/>\n<meta property=\"og:title\" content=\"Show Sambelas celebra protagonismo feminino no samba baiano - Comunicar Mais\" \/>\n<meta property=\"og:description\" content=\"Repert\u00f3rio mescla tradi\u00e7\u00e3o e contemporaneidade, desde os cl\u00e1ssicos do samba de roda do Rec\u00f4ncavo Baiano at\u00e9 composi\u00e7\u00f5es de grandes nomes como Dorival Caymmi, Roque Ferreira e Caetano Veloso\" \/>\n<meta property=\"og:url\" content=\"https:\/\/www.comunicarmais.com.br\/site\/2025\/03\/10\/show-sambelas-celebra-protagonismo-feminino-no-samba-baiano\/\" \/>\n<meta property=\"og:site_name\" content=\"Comunicar Mais\" \/>\n<meta property=\"article:publisher\" content=\"https:\/\/www.facebook.com\/comunicarmais\/\" \/>\n<meta property=\"article:author\" content=\"https:\/\/www.facebook.com\/comunicarmais\/\" \/>\n<meta property=\"article:published_time\" content=\"2025-03-10T13:43:00+00:00\" \/>\n<meta property=\"article:modified_time\" content=\"2025-03-11T02:55:22+00:00\" \/>\n<meta property=\"og:image\" content=\"https:\/\/www.comunicarmais.com.br\/site\/wp-content\/uploads\/2025\/03\/WhatsApp-Image-2025-03-10-at-10.10.45.jpeg\" \/>\n\t<meta property=\"og:image:width\" content=\"1600\" \/>\n\t<meta property=\"og:image:height\" content=\"1066\" \/>\n\t<meta property=\"og:image:type\" content=\"image\/jpeg\" \/>\n<meta name=\"author\" content=\"Comunicar Mais\" \/>\n<meta name=\"twitter:card\" content=\"summary_large_image\" \/>\n<meta name=\"twitter:creator\" content=\"@ComunicarmaisBA\" \/>\n<meta name=\"twitter:site\" content=\"@ComunicarmaisBA\" \/>\n<meta name=\"twitter:label1\" content=\"Escrito por\" \/>\n\t<meta name=\"twitter:data1\" content=\"Comunicar Mais\" \/>\n\t<meta name=\"twitter:label2\" content=\"Est. tempo de leitura\" \/>\n\t<meta name=\"twitter:data2\" content=\"4 minutos\" \/>\n<script type=\"application\/ld+json\" class=\"yoast-schema-graph\">{\"@context\":\"https:\/\/schema.org\",\"@graph\":[{\"@type\":\"WebPage\",\"@id\":\"https:\/\/www.comunicarmais.com.br\/site\/2025\/03\/10\/show-sambelas-celebra-protagonismo-feminino-no-samba-baiano\/\",\"url\":\"https:\/\/www.comunicarmais.com.br\/site\/2025\/03\/10\/show-sambelas-celebra-protagonismo-feminino-no-samba-baiano\/\",\"name\":\"Show Sambelas celebra protagonismo feminino no samba baiano - Comunicar Mais\",\"isPartOf\":{\"@id\":\"https:\/\/www.comunicarmais.com.br\/site\/#website\"},\"primaryImageOfPage\":{\"@id\":\"https:\/\/www.comunicarmais.com.br\/site\/2025\/03\/10\/show-sambelas-celebra-protagonismo-feminino-no-samba-baiano\/#primaryimage\"},\"image\":{\"@id\":\"https:\/\/www.comunicarmais.com.br\/site\/2025\/03\/10\/show-sambelas-celebra-protagonismo-feminino-no-samba-baiano\/#primaryimage\"},\"thumbnailUrl\":\"https:\/\/www.comunicarmais.com.br\/site\/wp-content\/uploads\/2025\/03\/WhatsApp-Image-2025-03-10-at-10.10.45.jpeg\",\"datePublished\":\"2025-03-10T13:43:00+00:00\",\"dateModified\":\"2025-03-11T02:55:22+00:00\",\"author\":{\"@id\":\"https:\/\/www.comunicarmais.com.br\/site\/#\/schema\/person\/712f7b6b25b644e4a91c4173674cf284\"},\"description\":\"Repert\u00f3rio mescla tradi\u00e7\u00e3o e contemporaneidade, desde os cl\u00e1ssicos do samba de roda do Rec\u00f4ncavo Baiano at\u00e9 composi\u00e7\u00f5es de grandes nomes como Dorival Caymmi, Roque Ferreira e Caetano Veloso\",\"breadcrumb\":{\"@id\":\"https:\/\/www.comunicarmais.com.br\/site\/2025\/03\/10\/show-sambelas-celebra-protagonismo-feminino-no-samba-baiano\/#breadcrumb\"},\"inLanguage\":\"pt-BR\",\"potentialAction\":[{\"@type\":\"ReadAction\",\"target\":[\"https:\/\/www.comunicarmais.com.br\/site\/2025\/03\/10\/show-sambelas-celebra-protagonismo-feminino-no-samba-baiano\/\"]}]},{\"@type\":\"ImageObject\",\"inLanguage\":\"pt-BR\",\"@id\":\"https:\/\/www.comunicarmais.com.br\/site\/2025\/03\/10\/show-sambelas-celebra-protagonismo-feminino-no-samba-baiano\/#primaryimage\",\"url\":\"https:\/\/www.comunicarmais.com.br\/site\/wp-content\/uploads\/2025\/03\/WhatsApp-Image-2025-03-10-at-10.10.45.jpeg\",\"contentUrl\":\"https:\/\/www.comunicarmais.com.br\/site\/wp-content\/uploads\/2025\/03\/WhatsApp-Image-2025-03-10-at-10.10.45.jpeg\",\"width\":1600,\"height\":1066},{\"@type\":\"BreadcrumbList\",\"@id\":\"https:\/\/www.comunicarmais.com.br\/site\/2025\/03\/10\/show-sambelas-celebra-protagonismo-feminino-no-samba-baiano\/#breadcrumb\",\"itemListElement\":[{\"@type\":\"ListItem\",\"position\":1,\"name\":\"In\u00edcio\",\"item\":\"https:\/\/www.comunicarmais.com.br\/site\/\"},{\"@type\":\"ListItem\",\"position\":2,\"name\":\"Show Sambelas celebra protagonismo feminino no samba baiano\"}]},{\"@type\":\"WebSite\",\"@id\":\"https:\/\/www.comunicarmais.com.br\/site\/#website\",\"url\":\"https:\/\/www.comunicarmais.com.br\/site\/\",\"name\":\"Comunicar Mais\",\"description\":\"\",\"potentialAction\":[{\"@type\":\"SearchAction\",\"target\":{\"@type\":\"EntryPoint\",\"urlTemplate\":\"https:\/\/www.comunicarmais.com.br\/site\/?s={search_term_string}\"},\"query-input\":{\"@type\":\"PropertyValueSpecification\",\"valueRequired\":true,\"valueName\":\"search_term_string\"}}],\"inLanguage\":\"pt-BR\"},{\"@type\":\"Person\",\"@id\":\"https:\/\/www.comunicarmais.com.br\/site\/#\/schema\/person\/712f7b6b25b644e4a91c4173674cf284\",\"name\":\"Comunicar Mais\",\"image\":{\"@type\":\"ImageObject\",\"inLanguage\":\"pt-BR\",\"@id\":\"https:\/\/www.comunicarmais.com.br\/site\/#\/schema\/person\/image\/\",\"url\":\"https:\/\/secure.gravatar.com\/avatar\/9803218072e2c0dc265d3d787b54c2c33325e79f79732707fddfbf1efd82c678?s=96&d=mm&r=g\",\"contentUrl\":\"https:\/\/secure.gravatar.com\/avatar\/9803218072e2c0dc265d3d787b54c2c33325e79f79732707fddfbf1efd82c678?s=96&d=mm&r=g\",\"caption\":\"Comunicar Mais\"},\"description\":\"Deixe as ideologias com os ide\u00f3logos. Noticiamos fatos, n\u00e3o brigamos com eles. Aqui, voc\u00ea fica bem informado do que acontece no seu bairro e no mundo. Informar com \u00e9tica e responsabilidade s\u00e3o as bandeiras do Comunicarmais.\",\"sameAs\":[\"https:\/\/www.comunicarmais.com.br\/site\/\",\"https:\/\/www.facebook.com\/comunicarmais\/\",\"https:\/\/www.instagram.com\/comunicarmaisba\/\",\"https:\/\/x.com\/ComunicarmaisBA\"],\"url\":\"https:\/\/www.comunicarmais.com.br\/site\/author\/gerenciador\/\"}]}<\/script>\n<!-- \/ Yoast SEO plugin. -->","yoast_head_json":{"title":"Show Sambelas celebra protagonismo feminino no samba baiano - Comunicar Mais","description":"Repert\u00f3rio mescla tradi\u00e7\u00e3o e contemporaneidade, desde os cl\u00e1ssicos do samba de roda do Rec\u00f4ncavo Baiano at\u00e9 composi\u00e7\u00f5es de grandes nomes como Dorival Caymmi, Roque Ferreira e Caetano Veloso","robots":{"index":"index","follow":"follow","max-snippet":"max-snippet:-1","max-image-preview":"max-image-preview:large","max-video-preview":"max-video-preview:-1"},"canonical":"https:\/\/www.comunicarmais.com.br\/site\/2025\/03\/10\/show-sambelas-celebra-protagonismo-feminino-no-samba-baiano\/","og_locale":"pt_BR","og_type":"article","og_title":"Show Sambelas celebra protagonismo feminino no samba baiano - Comunicar Mais","og_description":"Repert\u00f3rio mescla tradi\u00e7\u00e3o e contemporaneidade, desde os cl\u00e1ssicos do samba de roda do Rec\u00f4ncavo Baiano at\u00e9 composi\u00e7\u00f5es de grandes nomes como Dorival Caymmi, Roque Ferreira e Caetano Veloso","og_url":"https:\/\/www.comunicarmais.com.br\/site\/2025\/03\/10\/show-sambelas-celebra-protagonismo-feminino-no-samba-baiano\/","og_site_name":"Comunicar Mais","article_publisher":"https:\/\/www.facebook.com\/comunicarmais\/","article_author":"https:\/\/www.facebook.com\/comunicarmais\/","article_published_time":"2025-03-10T13:43:00+00:00","article_modified_time":"2025-03-11T02:55:22+00:00","og_image":[{"width":1600,"height":1066,"url":"https:\/\/www.comunicarmais.com.br\/site\/wp-content\/uploads\/2025\/03\/WhatsApp-Image-2025-03-10-at-10.10.45.jpeg","type":"image\/jpeg"}],"author":"Comunicar Mais","twitter_card":"summary_large_image","twitter_creator":"@ComunicarmaisBA","twitter_site":"@ComunicarmaisBA","twitter_misc":{"Escrito por":"Comunicar Mais","Est. tempo de leitura":"4 minutos"},"schema":{"@context":"https:\/\/schema.org","@graph":[{"@type":"WebPage","@id":"https:\/\/www.comunicarmais.com.br\/site\/2025\/03\/10\/show-sambelas-celebra-protagonismo-feminino-no-samba-baiano\/","url":"https:\/\/www.comunicarmais.com.br\/site\/2025\/03\/10\/show-sambelas-celebra-protagonismo-feminino-no-samba-baiano\/","name":"Show Sambelas celebra protagonismo feminino no samba baiano - Comunicar Mais","isPartOf":{"@id":"https:\/\/www.comunicarmais.com.br\/site\/#website"},"primaryImageOfPage":{"@id":"https:\/\/www.comunicarmais.com.br\/site\/2025\/03\/10\/show-sambelas-celebra-protagonismo-feminino-no-samba-baiano\/#primaryimage"},"image":{"@id":"https:\/\/www.comunicarmais.com.br\/site\/2025\/03\/10\/show-sambelas-celebra-protagonismo-feminino-no-samba-baiano\/#primaryimage"},"thumbnailUrl":"https:\/\/www.comunicarmais.com.br\/site\/wp-content\/uploads\/2025\/03\/WhatsApp-Image-2025-03-10-at-10.10.45.jpeg","datePublished":"2025-03-10T13:43:00+00:00","dateModified":"2025-03-11T02:55:22+00:00","author":{"@id":"https:\/\/www.comunicarmais.com.br\/site\/#\/schema\/person\/712f7b6b25b644e4a91c4173674cf284"},"description":"Repert\u00f3rio mescla tradi\u00e7\u00e3o e contemporaneidade, desde os cl\u00e1ssicos do samba de roda do Rec\u00f4ncavo Baiano at\u00e9 composi\u00e7\u00f5es de grandes nomes como Dorival Caymmi, Roque Ferreira e Caetano Veloso","breadcrumb":{"@id":"https:\/\/www.comunicarmais.com.br\/site\/2025\/03\/10\/show-sambelas-celebra-protagonismo-feminino-no-samba-baiano\/#breadcrumb"},"inLanguage":"pt-BR","potentialAction":[{"@type":"ReadAction","target":["https:\/\/www.comunicarmais.com.br\/site\/2025\/03\/10\/show-sambelas-celebra-protagonismo-feminino-no-samba-baiano\/"]}]},{"@type":"ImageObject","inLanguage":"pt-BR","@id":"https:\/\/www.comunicarmais.com.br\/site\/2025\/03\/10\/show-sambelas-celebra-protagonismo-feminino-no-samba-baiano\/#primaryimage","url":"https:\/\/www.comunicarmais.com.br\/site\/wp-content\/uploads\/2025\/03\/WhatsApp-Image-2025-03-10-at-10.10.45.jpeg","contentUrl":"https:\/\/www.comunicarmais.com.br\/site\/wp-content\/uploads\/2025\/03\/WhatsApp-Image-2025-03-10-at-10.10.45.jpeg","width":1600,"height":1066},{"@type":"BreadcrumbList","@id":"https:\/\/www.comunicarmais.com.br\/site\/2025\/03\/10\/show-sambelas-celebra-protagonismo-feminino-no-samba-baiano\/#breadcrumb","itemListElement":[{"@type":"ListItem","position":1,"name":"In\u00edcio","item":"https:\/\/www.comunicarmais.com.br\/site\/"},{"@type":"ListItem","position":2,"name":"Show Sambelas celebra protagonismo feminino no samba baiano"}]},{"@type":"WebSite","@id":"https:\/\/www.comunicarmais.com.br\/site\/#website","url":"https:\/\/www.comunicarmais.com.br\/site\/","name":"Comunicar Mais","description":"","potentialAction":[{"@type":"SearchAction","target":{"@type":"EntryPoint","urlTemplate":"https:\/\/www.comunicarmais.com.br\/site\/?s={search_term_string}"},"query-input":{"@type":"PropertyValueSpecification","valueRequired":true,"valueName":"search_term_string"}}],"inLanguage":"pt-BR"},{"@type":"Person","@id":"https:\/\/www.comunicarmais.com.br\/site\/#\/schema\/person\/712f7b6b25b644e4a91c4173674cf284","name":"Comunicar Mais","image":{"@type":"ImageObject","inLanguage":"pt-BR","@id":"https:\/\/www.comunicarmais.com.br\/site\/#\/schema\/person\/image\/","url":"https:\/\/secure.gravatar.com\/avatar\/9803218072e2c0dc265d3d787b54c2c33325e79f79732707fddfbf1efd82c678?s=96&d=mm&r=g","contentUrl":"https:\/\/secure.gravatar.com\/avatar\/9803218072e2c0dc265d3d787b54c2c33325e79f79732707fddfbf1efd82c678?s=96&d=mm&r=g","caption":"Comunicar Mais"},"description":"Deixe as ideologias com os ide\u00f3logos. Noticiamos fatos, n\u00e3o brigamos com eles. Aqui, voc\u00ea fica bem informado do que acontece no seu bairro e no mundo. Informar com \u00e9tica e responsabilidade s\u00e3o as bandeiras do Comunicarmais.","sameAs":["https:\/\/www.comunicarmais.com.br\/site\/","https:\/\/www.facebook.com\/comunicarmais\/","https:\/\/www.instagram.com\/comunicarmaisba\/","https:\/\/x.com\/ComunicarmaisBA"],"url":"https:\/\/www.comunicarmais.com.br\/site\/author\/gerenciador\/"}]}},"_links":{"self":[{"href":"https:\/\/www.comunicarmais.com.br\/site\/wp-json\/wp\/v2\/posts\/6964","targetHints":{"allow":["GET"]}}],"collection":[{"href":"https:\/\/www.comunicarmais.com.br\/site\/wp-json\/wp\/v2\/posts"}],"about":[{"href":"https:\/\/www.comunicarmais.com.br\/site\/wp-json\/wp\/v2\/types\/post"}],"author":[{"embeddable":true,"href":"https:\/\/www.comunicarmais.com.br\/site\/wp-json\/wp\/v2\/users\/2"}],"replies":[{"embeddable":true,"href":"https:\/\/www.comunicarmais.com.br\/site\/wp-json\/wp\/v2\/comments?post=6964"}],"version-history":[{"count":1,"href":"https:\/\/www.comunicarmais.com.br\/site\/wp-json\/wp\/v2\/posts\/6964\/revisions"}],"predecessor-version":[{"id":6967,"href":"https:\/\/www.comunicarmais.com.br\/site\/wp-json\/wp\/v2\/posts\/6964\/revisions\/6967"}],"wp:featuredmedia":[{"embeddable":true,"href":"https:\/\/www.comunicarmais.com.br\/site\/wp-json\/wp\/v2\/media\/6965"}],"wp:attachment":[{"href":"https:\/\/www.comunicarmais.com.br\/site\/wp-json\/wp\/v2\/media?parent=6964"}],"wp:term":[{"taxonomy":"category","embeddable":true,"href":"https:\/\/www.comunicarmais.com.br\/site\/wp-json\/wp\/v2\/categories?post=6964"},{"taxonomy":"post_tag","embeddable":true,"href":"https:\/\/www.comunicarmais.com.br\/site\/wp-json\/wp\/v2\/tags?post=6964"}],"curies":[{"name":"wp","href":"https:\/\/api.w.org\/{rel}","templated":true}]}}