{"id":5939,"date":"2025-01-15T09:16:00","date_gmt":"2025-01-15T12:16:00","guid":{"rendered":"https:\/\/www.comunicarmais.com.br\/site\/?p=5939"},"modified":"2025-01-16T15:46:28","modified_gmt":"2025-01-16T18:46:28","slug":"prefeitura-entrega-mais-251-casas-reformadas-pelo-morar-melhor-em-sussuarana","status":"publish","type":"post","link":"https:\/\/www.comunicarmais.com.br\/site\/2025\/01\/15\/prefeitura-entrega-mais-251-casas-reformadas-pelo-morar-melhor-em-sussuarana\/","title":{"rendered":"Prefeitura de Salvador entrega mais 251 casas reformadas pelo Morar Melhor em Sussuarana"},"content":{"rendered":"\n<p><strong>Esta \u00e9 a terceira vez que o programa chega \u00e0 comunidade, totalizando 1.051 im\u00f3veis atendidos no bairro<\/strong><\/p>\n\n\n\n<figure class=\"wp-block-image size-large\"><img decoding=\"async\" width=\"1433\" height=\"956\" data-src=\"https:\/\/www.comunicarmais.com.br\/site\/wp-content\/uploads\/2025\/01\/WhatsApp-Image-2025-01-15-at-08.50.29-1-1433x956.jpeg\" alt=\"\" class=\"wp-image-5940 lazyload\" data-srcset=\"https:\/\/www.comunicarmais.com.br\/site\/wp-content\/uploads\/2025\/01\/WhatsApp-Image-2025-01-15-at-08.50.29-1-1433x956.jpeg 1433w, https:\/\/www.comunicarmais.com.br\/site\/wp-content\/uploads\/2025\/01\/WhatsApp-Image-2025-01-15-at-08.50.29-1-1024x683.jpeg 1024w, https:\/\/www.comunicarmais.com.br\/site\/wp-content\/uploads\/2025\/01\/WhatsApp-Image-2025-01-15-at-08.50.29-1-768x512.jpeg 768w, https:\/\/www.comunicarmais.com.br\/site\/wp-content\/uploads\/2025\/01\/WhatsApp-Image-2025-01-15-at-08.50.29-1-1536x1024.jpeg 1536w, https:\/\/www.comunicarmais.com.br\/site\/wp-content\/uploads\/2025\/01\/WhatsApp-Image-2025-01-15-at-08.50.29-1-1320x880.jpeg 1320w, https:\/\/www.comunicarmais.com.br\/site\/wp-content\/uploads\/2025\/01\/WhatsApp-Image-2025-01-15-at-08.50.29-1.jpeg 1600w\" data-sizes=\"(max-width: 1433px) 100vw, 1433px\" src=\"data:image\/svg+xml;base64,PHN2ZyB3aWR0aD0iMSIgaGVpZ2h0PSIxIiB4bWxucz0iaHR0cDovL3d3dy53My5vcmcvMjAwMC9zdmciPjwvc3ZnPg==\" style=\"--smush-placeholder-width: 1433px; --smush-placeholder-aspect-ratio: 1433\/956;\" \/><figcaption class=\"wp-element-caption\"><em><sup>(Foto: Betto Jr.\/ Secom PMS)<\/sup><\/em><\/figcaption><\/figure>\n\n\n\n<p><strong>Reda\u00e7\u00e3o Mais &#8211; <\/strong>O bairro de Sussuarana celebrou nesta ter\u00e7a-feira (14) a entrega de mais uma etapa do programa Morar Melhor, iniciativa que transforma as condi\u00e7\u00f5es de moradia de fam\u00edlias em situa\u00e7\u00e3o de vulnerabilidade social. Ao todo, foram entregues 251 resid\u00eancias reformadas, incluindo melhorias estruturais e est\u00e9ticas. Esta \u00e9 a terceira vez que o programa chega \u00e0 comunidade, totalizando 1.051 im\u00f3veis atendidos no bairro.<\/p>\n\n\n\n<p>Entre os moradores contemplados, est\u00e1 Angelina Pinheiro de Freitas, de 38 anos. H\u00e1 cerca de 30 anos no bairro, ela vive na casa herdada do av\u00f4, na Rua Sant\u00edssima Trindade, com o marido e dois filhos dos tr\u00eas filhos. Angelina relatou as dificuldades enfrentadas antes da reforma, como telhados quebrados que causavam infiltra\u00e7\u00f5es e pisos danificados na cozinha. \u201cAntes, o telhado pingava muito, e as aberturas nas paredes deixavam os ratos entrarem. Agora, com o programa, tudo mudou: o telhado foi trocado, as paredes e pisos da cozinha foram reformados, e at\u00e9 ganhei uma cozinha americana. \u00c9 uma melhoria que trouxe dignidade para minha fam\u00edlia. Sou muito grata, primeiro a Deus e depois \u00e0 equipe do Morar Melhor\u201d, afirmou Angelina emocionada.<\/p>\n\n\n\n<figure class=\"wp-block-image size-large\"><img decoding=\"async\" width=\"1433\" height=\"956\" data-src=\"https:\/\/www.comunicarmais.com.br\/site\/wp-content\/uploads\/2025\/01\/WhatsApp-Image-2025-01-15-at-08.50.29-1433x956.jpeg\" alt=\"\" class=\"wp-image-5941 lazyload\" data-srcset=\"https:\/\/www.comunicarmais.com.br\/site\/wp-content\/uploads\/2025\/01\/WhatsApp-Image-2025-01-15-at-08.50.29-1433x956.jpeg 1433w, https:\/\/www.comunicarmais.com.br\/site\/wp-content\/uploads\/2025\/01\/WhatsApp-Image-2025-01-15-at-08.50.29-1024x683.jpeg 1024w, https:\/\/www.comunicarmais.com.br\/site\/wp-content\/uploads\/2025\/01\/WhatsApp-Image-2025-01-15-at-08.50.29-768x512.jpeg 768w, https:\/\/www.comunicarmais.com.br\/site\/wp-content\/uploads\/2025\/01\/WhatsApp-Image-2025-01-15-at-08.50.29-1536x1024.jpeg 1536w, https:\/\/www.comunicarmais.com.br\/site\/wp-content\/uploads\/2025\/01\/WhatsApp-Image-2025-01-15-at-08.50.29-1320x880.jpeg 1320w, https:\/\/www.comunicarmais.com.br\/site\/wp-content\/uploads\/2025\/01\/WhatsApp-Image-2025-01-15-at-08.50.29.jpeg 1600w\" data-sizes=\"(max-width: 1433px) 100vw, 1433px\" src=\"data:image\/svg+xml;base64,PHN2ZyB3aWR0aD0iMSIgaGVpZ2h0PSIxIiB4bWxucz0iaHR0cDovL3d3dy53My5vcmcvMjAwMC9zdmciPjwvc3ZnPg==\" style=\"--smush-placeholder-width: 1433px; --smush-placeholder-aspect-ratio: 1433\/956;\" \/><figcaption class=\"wp-element-caption\"><em><sup>(Foto: Betto Jr.\/ Secom PMS)<\/sup><\/em><\/figcaption><\/figure>\n\n\n\n<p>A casa de Angelina, que tinha apenas um quarto, agora \u00e9 composta por tr\u00eas, al\u00e9m de uma sala, cozinha, banheiro e varanda. Al\u00e9m de trazer mais conforto, as interven\u00e7\u00f5es garantiram seguran\u00e7a e um espa\u00e7o mais funcional para a fam\u00edlia.<\/p>\n\n\n\n<p>O prefeito Bruno Reis destacou que o Morar Melhor \u00e9 um dos principais programas habitacionais voltado para fam\u00edlias de baixa renda, promovendo reformas que incluem troca de telhados, aplica\u00e7\u00e3o de reboco, pintura e instala\u00e7\u00e3o de revestimentos em \u00e1reas essenciais como cozinhas e banheiros. Ele tamb\u00e9m comentou sobre a entrega da casa de Angelina. \u201cEles come\u00e7aram construindo a casa com apenas um quarto, que foi sendo ampliada at\u00e9 chegar a tr\u00eas. Ent\u00e3o, veio o programa Morar Melhor, que transformou tudo e deu uma nova casa. Agora, \u00e9 uma casa de verdade, onde a fam\u00edlia vai morar com os seus tr\u00eas filhos, com toda dignidade. N\u00f3s fizemos o telhado, reboco, pintura, esquadrias e o piso. A hist\u00f3ria de Angelina \u00e9 muito semelhante \u00e0s de outras pessoas beneficiadas pelo programa Nosso trabalho mudou a vida dessa fam\u00edlia e permitir\u00e1 que as crian\u00e7as tenham um presente e um futuro melhores\u201d, disse o gestor.<\/p>\n\n\n\n<figure class=\"wp-block-image size-large\"><img decoding=\"async\" width=\"1433\" height=\"956\" data-src=\"https:\/\/www.comunicarmais.com.br\/site\/wp-content\/uploads\/2025\/01\/WhatsApp-Image-2025-01-15-at-08.50.28-1433x956.jpeg\" alt=\"\" class=\"wp-image-5942 lazyload\" data-srcset=\"https:\/\/www.comunicarmais.com.br\/site\/wp-content\/uploads\/2025\/01\/WhatsApp-Image-2025-01-15-at-08.50.28-1433x956.jpeg 1433w, https:\/\/www.comunicarmais.com.br\/site\/wp-content\/uploads\/2025\/01\/WhatsApp-Image-2025-01-15-at-08.50.28-1024x683.jpeg 1024w, https:\/\/www.comunicarmais.com.br\/site\/wp-content\/uploads\/2025\/01\/WhatsApp-Image-2025-01-15-at-08.50.28-768x512.jpeg 768w, https:\/\/www.comunicarmais.com.br\/site\/wp-content\/uploads\/2025\/01\/WhatsApp-Image-2025-01-15-at-08.50.28-1536x1024.jpeg 1536w, https:\/\/www.comunicarmais.com.br\/site\/wp-content\/uploads\/2025\/01\/WhatsApp-Image-2025-01-15-at-08.50.28-1320x880.jpeg 1320w, https:\/\/www.comunicarmais.com.br\/site\/wp-content\/uploads\/2025\/01\/WhatsApp-Image-2025-01-15-at-08.50.28.jpeg 1600w\" data-sizes=\"(max-width: 1433px) 100vw, 1433px\" src=\"data:image\/svg+xml;base64,PHN2ZyB3aWR0aD0iMSIgaGVpZ2h0PSIxIiB4bWxucz0iaHR0cDovL3d3dy53My5vcmcvMjAwMC9zdmciPjwvc3ZnPg==\" style=\"--smush-placeholder-width: 1433px; --smush-placeholder-aspect-ratio: 1433\/956;\" \/><figcaption class=\"wp-element-caption\"><em><sup>(Foto: Betto Jr.\/ Secom PMS)<\/sup><\/em><\/figcaption><\/figure>\n\n\n\n<p>Cristiane Oliveira, gerente do programa, destacou a import\u00e2ncia da iniciativa. Segundo ela, o Morar Melhor j\u00e1 promoveu melhorias em mais de 54 mil resid\u00eancias em Salvador, sendo 18.577 apenas entre 2022 e 2024. \u201cHoje estamos celebrando uma grande conquista para a comunidade. A casa modelo, que representa as demais, recebeu troca de telhado, coloca\u00e7\u00e3o de cer\u00e2mica no ch\u00e3o e nas paredes da cozinha, para resolver problemas de infiltra\u00e7\u00e3o e melhorar a ventila\u00e7\u00e3o, al\u00e9m de reformas como pintura, reboco e ajustes estruturais\u201d, afirmou.<\/p>\n\n\n\n<p><strong>Pra\u00e7a \u2013 <\/strong>Tamb\u00e9m nesta ter\u00e7a, na Rua Sant\u00edssima Trindade, a prefeitura entregou uma pra\u00e7a, que conta com uma quadra poliesportiva e um parque infantil. O equipamento foi constru\u00eddo em uma \u00e1rea de 427 metros quadrados. \u201cAntes isso tudo era lama, n\u00e3o existia quadra e nem parque. As pessoas tamb\u00e9m utilizavam o local para descartar lixo. Agora, est\u00e1 uma maravilha\u201d, comemorou a aposentada Rosalinda Mendes, de 78 anos.<\/p>\n\n\n\n<figure class=\"wp-block-image size-large\"><img decoding=\"async\" width=\"1433\" height=\"956\" data-src=\"https:\/\/www.comunicarmais.com.br\/site\/wp-content\/uploads\/2025\/01\/WhatsApp-Image-2025-01-15-at-08.50.31-1433x956.jpeg\" alt=\"\" class=\"wp-image-5943 lazyload\" data-srcset=\"https:\/\/www.comunicarmais.com.br\/site\/wp-content\/uploads\/2025\/01\/WhatsApp-Image-2025-01-15-at-08.50.31-1433x956.jpeg 1433w, https:\/\/www.comunicarmais.com.br\/site\/wp-content\/uploads\/2025\/01\/WhatsApp-Image-2025-01-15-at-08.50.31-1024x683.jpeg 1024w, https:\/\/www.comunicarmais.com.br\/site\/wp-content\/uploads\/2025\/01\/WhatsApp-Image-2025-01-15-at-08.50.31-768x512.jpeg 768w, https:\/\/www.comunicarmais.com.br\/site\/wp-content\/uploads\/2025\/01\/WhatsApp-Image-2025-01-15-at-08.50.31-1536x1024.jpeg 1536w, https:\/\/www.comunicarmais.com.br\/site\/wp-content\/uploads\/2025\/01\/WhatsApp-Image-2025-01-15-at-08.50.31-1320x880.jpeg 1320w, https:\/\/www.comunicarmais.com.br\/site\/wp-content\/uploads\/2025\/01\/WhatsApp-Image-2025-01-15-at-08.50.31.jpeg 1600w\" data-sizes=\"(max-width: 1433px) 100vw, 1433px\" src=\"data:image\/svg+xml;base64,PHN2ZyB3aWR0aD0iMSIgaGVpZ2h0PSIxIiB4bWxucz0iaHR0cDovL3d3dy53My5vcmcvMjAwMC9zdmciPjwvc3ZnPg==\" style=\"--smush-placeholder-width: 1433px; --smush-placeholder-aspect-ratio: 1433\/956;\" \/><figcaption class=\"wp-element-caption\"><em><sup>(Foto: Betto Jr.\/ Secom PMS)<\/sup><\/em><\/figcaption><\/figure>\n\n\n<p class=\"wp-block-tag-cloud\"><a href=\"https:\/\/www.comunicarmais.com.br\/site\/tag\/bahia\/\" class=\"tag-cloud-link tag-link-171 tag-link-position-1\" style=\"font-size: 17.922330097087pt;\" aria-label=\"Bahia (116 itens)\">Bahia<\/a>\n<a href=\"https:\/\/www.comunicarmais.com.br\/site\/tag\/bolsonaro\/\" class=\"tag-cloud-link tag-link-112 tag-link-position-2\" style=\"font-size: 11.533980582524pt;\" aria-label=\"Bolsonaro (39 itens)\">Bolsonaro<\/a>\n<a href=\"https:\/\/www.comunicarmais.com.br\/site\/tag\/brasil\/\" class=\"tag-cloud-link tag-link-335 tag-link-position-3\" style=\"font-size: 12.893203883495pt;\" aria-label=\"Brasil (49 itens)\">Brasil<\/a>\n<a href=\"https:\/\/www.comunicarmais.com.br\/site\/tag\/camacari\/\" class=\"tag-cloud-link tag-link-435 tag-link-position-4\" style=\"font-size: 8.8155339805825pt;\" aria-label=\"Cama\u00e7ari (24 itens)\">Cama\u00e7ari<\/a>\n<a href=\"https:\/\/www.comunicarmais.com.br\/site\/tag\/carnaval\/\" class=\"tag-cloud-link tag-link-508 tag-link-position-5\" style=\"font-size: 12.893203883495pt;\" aria-label=\"Carnaval (49 itens)\">Carnaval<\/a>\n<a href=\"https:\/\/www.comunicarmais.com.br\/site\/tag\/cbx\/\" class=\"tag-cloud-link tag-link-1602 tag-link-position-6\" style=\"font-size: 11.398058252427pt;\" aria-label=\"CBX (38 itens)\">CBX<\/a>\n<a href=\"https:\/\/www.comunicarmais.com.br\/site\/tag\/cidade-baixa\/\" class=\"tag-cloud-link tag-link-456 tag-link-position-7\" style=\"font-size: 9.9029126213592pt;\" aria-label=\"Cidade Baixa (29 itens)\">Cidade Baixa<\/a>\n<a href=\"https:\/\/www.comunicarmais.com.br\/site\/tag\/cinema\/\" class=\"tag-cloud-link tag-link-985 tag-link-position-8\" style=\"font-size: 11.126213592233pt;\" aria-label=\"Cinema (36 itens)\">Cinema<\/a>\n<a href=\"https:\/\/www.comunicarmais.com.br\/site\/tag\/cultura\/\" class=\"tag-cloud-link tag-link-231 tag-link-position-9\" style=\"font-size: 12.21359223301pt;\" aria-label=\"Cultura (44 itens)\">Cultura<\/a>\n<a href=\"https:\/\/www.comunicarmais.com.br\/site\/tag\/drogas\/\" class=\"tag-cloud-link tag-link-165 tag-link-position-10\" style=\"font-size: 12.757281553398pt;\" aria-label=\"Drogas (48 itens)\">Drogas<\/a>\n<a href=\"https:\/\/www.comunicarmais.com.br\/site\/tag\/educacao\/\" class=\"tag-cloud-link tag-link-228 tag-link-position-11\" style=\"font-size: 12.485436893204pt;\" aria-label=\"Educa\u00e7\u00e3o (46 itens)\">Educa\u00e7\u00e3o<\/a>\n<a href=\"https:\/\/www.comunicarmais.com.br\/site\/tag\/ensino\/\" class=\"tag-cloud-link tag-link-233 tag-link-position-12\" style=\"font-size: 10.446601941748pt;\" aria-label=\"Ensino (32 itens)\">Ensino<\/a>\n<a href=\"https:\/\/www.comunicarmais.com.br\/site\/tag\/escola\/\" class=\"tag-cloud-link tag-link-229 tag-link-position-13\" style=\"font-size: 9.495145631068pt;\" aria-label=\"Escola (27 itens)\">Escola<\/a>\n<a href=\"https:\/\/www.comunicarmais.com.br\/site\/tag\/eua\/\" class=\"tag-cloud-link tag-link-664 tag-link-position-14\" style=\"font-size: 11.941747572816pt;\" aria-label=\"EUA (42 itens)\">EUA<\/a>\n<a href=\"https:\/\/www.comunicarmais.com.br\/site\/tag\/feira-de-santana\/\" class=\"tag-cloud-link tag-link-642 tag-link-position-15\" style=\"font-size: 9.2233009708738pt;\" aria-label=\"Feira de Santana (26 itens)\">Feira de Santana<\/a>\n<a href=\"https:\/\/www.comunicarmais.com.br\/site\/tag\/ficco\/\" class=\"tag-cloud-link tag-link-143 tag-link-position-16\" style=\"font-size: 9.2233009708738pt;\" aria-label=\"Ficco (26 itens)\">Ficco<\/a>\n<a href=\"https:\/\/www.comunicarmais.com.br\/site\/tag\/folia\/\" class=\"tag-cloud-link tag-link-566 tag-link-position-17\" style=\"font-size: 9.2233009708738pt;\" aria-label=\"Folia (26 itens)\">Folia<\/a>\n<a href=\"https:\/\/www.comunicarmais.com.br\/site\/tag\/futebol\/\" class=\"tag-cloud-link tag-link-40 tag-link-position-18\" style=\"font-size: 13.029126213592pt;\" aria-label=\"Futebol (50 itens)\">Futebol<\/a>\n<a href=\"https:\/\/www.comunicarmais.com.br\/site\/tag\/homicidio\/\" class=\"tag-cloud-link tag-link-101 tag-link-position-19\" style=\"font-size: 10.582524271845pt;\" aria-label=\"Homic\u00eddio (33 itens)\">Homic\u00eddio<\/a>\n<a href=\"https:\/\/www.comunicarmais.com.br\/site\/tag\/itapagipe\/\" class=\"tag-cloud-link tag-link-471 tag-link-position-20\" style=\"font-size: 10.038834951456pt;\" aria-label=\"Itapagipe (30 itens)\">Itapagipe<\/a>\n<a href=\"https:\/\/www.comunicarmais.com.br\/site\/tag\/itaparica\/\" class=\"tag-cloud-link tag-link-301 tag-link-position-21\" style=\"font-size: 8pt;\" aria-label=\"Itaparica (21 itens)\">Itaparica<\/a>\n<a href=\"https:\/\/www.comunicarmais.com.br\/site\/tag\/jeronimo-rodrigues\/\" class=\"tag-cloud-link tag-link-668 tag-link-position-22\" style=\"font-size: 8.2718446601942pt;\" aria-label=\"Jer\u00f4nimo Rodrigues (22 itens)\">Jer\u00f4nimo Rodrigues<\/a>\n<a href=\"https:\/\/www.comunicarmais.com.br\/site\/tag\/justica\/\" class=\"tag-cloud-link tag-link-361 tag-link-position-23\" style=\"font-size: 10.582524271845pt;\" aria-label=\"Justi\u00e7a (33 itens)\">Justi\u00e7a<\/a>\n<a href=\"https:\/\/www.comunicarmais.com.br\/site\/tag\/lauro-de-freitas\/\" class=\"tag-cloud-link tag-link-594 tag-link-position-24\" style=\"font-size: 18.194174757282pt;\" aria-label=\"Lauro de Freitas (122 itens)\">Lauro de Freitas<\/a>\n<a href=\"https:\/\/www.comunicarmais.com.br\/site\/tag\/lazer\/\" class=\"tag-cloud-link tag-link-568 tag-link-position-25\" style=\"font-size: 9.2233009708738pt;\" aria-label=\"Lazer (26 itens)\">Lazer<\/a>\n<a href=\"https:\/\/www.comunicarmais.com.br\/site\/tag\/lula\/\" class=\"tag-cloud-link tag-link-416 tag-link-position-26\" style=\"font-size: 12.21359223301pt;\" aria-label=\"Lula (44 itens)\">Lula<\/a>\n<a href=\"https:\/\/www.comunicarmais.com.br\/site\/tag\/meio-ambiente\/\" class=\"tag-cloud-link tag-link-475 tag-link-position-27\" style=\"font-size: 12.21359223301pt;\" aria-label=\"Meio Ambiente (44 itens)\">Meio Ambiente<\/a>\n<a href=\"https:\/\/www.comunicarmais.com.br\/site\/tag\/mobilidade\/\" class=\"tag-cloud-link tag-link-278 tag-link-position-28\" style=\"font-size: 13.844660194175pt;\" aria-label=\"Mobilidade (58 itens)\">Mobilidade<\/a>\n<a href=\"https:\/\/www.comunicarmais.com.br\/site\/tag\/mulher\/\" class=\"tag-cloud-link tag-link-450 tag-link-position-29\" style=\"font-size: 13.300970873786pt;\" aria-label=\"mulher (53 itens)\">mulher<\/a>\n<a href=\"https:\/\/www.comunicarmais.com.br\/site\/tag\/musica-2\/\" class=\"tag-cloud-link tag-link-747 tag-link-position-30\" style=\"font-size: 12.21359223301pt;\" aria-label=\"M\u00fasica (44 itens)\">M\u00fasica<\/a>\n<a href=\"https:\/\/www.comunicarmais.com.br\/site\/tag\/pcba\/\" class=\"tag-cloud-link tag-link-1332 tag-link-position-31\" style=\"font-size: 15.067961165049pt;\" aria-label=\"PCBA (72 itens)\">PCBA<\/a>\n<a href=\"https:\/\/www.comunicarmais.com.br\/site\/tag\/pmba\/\" class=\"tag-cloud-link tag-link-53 tag-link-position-32\" style=\"font-size: 18.194174757282pt;\" aria-label=\"PMBA (122 itens)\">PMBA<\/a>\n<a href=\"https:\/\/www.comunicarmais.com.br\/site\/tag\/policia-federal\/\" class=\"tag-cloud-link tag-link-620 tag-link-position-33\" style=\"font-size: 8.9514563106796pt;\" aria-label=\"Pol\u00edcia Federal (25 itens)\">Pol\u00edcia Federal<\/a>\n<a href=\"https:\/\/www.comunicarmais.com.br\/site\/tag\/politica\/\" class=\"tag-cloud-link tag-link-495 tag-link-position-34\" style=\"font-size: 16.291262135922pt;\" aria-label=\"Pol\u00edtica (89 itens)\">Pol\u00edtica<\/a>\n<a href=\"https:\/\/www.comunicarmais.com.br\/site\/tag\/rio-de-janeiro\/\" class=\"tag-cloud-link tag-link-152 tag-link-position-35\" style=\"font-size: 9.9029126213592pt;\" aria-label=\"Rio de Janeiro (29 itens)\">Rio de Janeiro<\/a>\n<a href=\"https:\/\/www.comunicarmais.com.br\/site\/tag\/salvador\/\" class=\"tag-cloud-link tag-link-125 tag-link-position-36\" style=\"font-size: 22pt;\" aria-label=\"Salvador (233 itens)\">Salvador<\/a>\n<a href=\"https:\/\/www.comunicarmais.com.br\/site\/tag\/saude\/\" class=\"tag-cloud-link tag-link-42 tag-link-position-37\" style=\"font-size: 17.78640776699pt;\" aria-label=\"Sa\u00fade (115 itens)\">Sa\u00fade<\/a>\n<a href=\"https:\/\/www.comunicarmais.com.br\/site\/tag\/seguranca\/\" class=\"tag-cloud-link tag-link-48 tag-link-position-38\" style=\"font-size: 9.2233009708738pt;\" aria-label=\"Seguran\u00e7a (26 itens)\">Seguran\u00e7a<\/a>\n<a href=\"https:\/\/www.comunicarmais.com.br\/site\/tag\/ssp-ba\/\" class=\"tag-cloud-link tag-link-1937 tag-link-position-39\" style=\"font-size: 8.9514563106796pt;\" aria-label=\"SSP-BA (25 itens)\">SSP-BA<\/a>\n<a href=\"https:\/\/www.comunicarmais.com.br\/site\/tag\/sspba\/\" class=\"tag-cloud-link tag-link-144 tag-link-position-40\" style=\"font-size: 11.398058252427pt;\" aria-label=\"SSPBA (38 itens)\">SSPBA<\/a>\n<a href=\"https:\/\/www.comunicarmais.com.br\/site\/tag\/stf\/\" class=\"tag-cloud-link tag-link-68 tag-link-position-41\" style=\"font-size: 14.252427184466pt;\" aria-label=\"STF (62 itens)\">STF<\/a>\n<a href=\"https:\/\/www.comunicarmais.com.br\/site\/tag\/sao-paulo\/\" class=\"tag-cloud-link tag-link-612 tag-link-position-42\" style=\"font-size: 8pt;\" aria-label=\"S\u00e3o Paulo (21 itens)\">S\u00e3o Paulo<\/a>\n<a href=\"https:\/\/www.comunicarmais.com.br\/site\/tag\/transito-2\/\" class=\"tag-cloud-link tag-link-377 tag-link-position-43\" style=\"font-size: 8.2718446601942pt;\" aria-label=\"tr\u00e2nsito (22 itens)\">tr\u00e2nsito<\/a>\n<a href=\"https:\/\/www.comunicarmais.com.br\/site\/tag\/turismo\/\" class=\"tag-cloud-link tag-link-225 tag-link-position-44\" style=\"font-size: 9.631067961165pt;\" aria-label=\"Turismo (28 itens)\">Turismo<\/a>\n<a href=\"https:\/\/www.comunicarmais.com.br\/site\/tag\/uruguai\/\" class=\"tag-cloud-link tag-link-323 tag-link-position-45\" style=\"font-size: 9.631067961165pt;\" aria-label=\"Uruguai (28 itens)\">Uruguai<\/a><\/p>","protected":false},"excerpt":{"rendered":"<p>Esta \u00e9 a terceira vez que o programa chega \u00e0 comunidade, totalizando 1.051 im\u00f3veis atendidos no bairro<\/p>\n","protected":false},"author":2,"featured_media":5944,"comment_status":"open","ping_status":"open","sticky":false,"template":"","format":"standard","meta":{"_acf_changed":false,"footnotes":""},"categories":[5],"tags":[79,1740,2042,2043],"class_list":["post-5939","post","type-post","status-publish","format-standard","has-post-thumbnail","hentry","category-grande-salvador","tag-dignidade","tag-moradia","tag-morar-melhor","tag-sussuarana"],"acf":[],"yoast_head":"<!-- This site is optimized with the Yoast SEO plugin v26.1.1 - https:\/\/yoast.com\/wordpress\/plugins\/seo\/ -->\n<title>Prefeitura de Salvador entrega mais 251 casas reformadas pelo Morar Melhor em Sussuarana - Comunicar Mais<\/title>\n<meta name=\"description\" content=\"Esta \u00e9 a terceira vez que o programa chega \u00e0 comunidade, totalizando 1.051 im\u00f3veis atendidos no bairro\" \/>\n<meta name=\"robots\" content=\"index, follow, max-snippet:-1, max-image-preview:large, max-video-preview:-1\" \/>\n<link rel=\"canonical\" href=\"https:\/\/www.comunicarmais.com.br\/site\/2025\/01\/15\/prefeitura-entrega-mais-251-casas-reformadas-pelo-morar-melhor-em-sussuarana\/\" \/>\n<meta property=\"og:locale\" content=\"pt_BR\" \/>\n<meta property=\"og:type\" content=\"article\" \/>\n<meta property=\"og:title\" content=\"Prefeitura de Salvador entrega mais 251 casas reformadas pelo Morar Melhor em Sussuarana - Comunicar Mais\" \/>\n<meta property=\"og:description\" content=\"Esta \u00e9 a terceira vez que o programa chega \u00e0 comunidade, totalizando 1.051 im\u00f3veis atendidos no bairro\" \/>\n<meta property=\"og:url\" content=\"https:\/\/www.comunicarmais.com.br\/site\/2025\/01\/15\/prefeitura-entrega-mais-251-casas-reformadas-pelo-morar-melhor-em-sussuarana\/\" \/>\n<meta property=\"og:site_name\" content=\"Comunicar Mais\" \/>\n<meta property=\"article:publisher\" content=\"https:\/\/www.facebook.com\/comunicarmais\/\" \/>\n<meta property=\"article:author\" content=\"https:\/\/www.facebook.com\/comunicarmais\/\" \/>\n<meta property=\"article:published_time\" content=\"2025-01-15T12:16:00+00:00\" \/>\n<meta property=\"article:modified_time\" content=\"2025-01-16T18:46:28+00:00\" \/>\n<meta property=\"og:image\" content=\"https:\/\/www.comunicarmais.com.br\/site\/wp-content\/uploads\/2025\/01\/WhatsApp-Image-2025-01-15-at-08.50.27.jpeg\" \/>\n\t<meta property=\"og:image:width\" content=\"1600\" \/>\n\t<meta property=\"og:image:height\" content=\"1067\" \/>\n\t<meta property=\"og:image:type\" content=\"image\/jpeg\" \/>\n<meta name=\"author\" content=\"Comunicar Mais\" \/>\n<meta name=\"twitter:card\" content=\"summary_large_image\" \/>\n<meta name=\"twitter:creator\" content=\"@ComunicarmaisBA\" \/>\n<meta name=\"twitter:site\" content=\"@ComunicarmaisBA\" \/>\n<meta name=\"twitter:label1\" content=\"Escrito por\" \/>\n\t<meta name=\"twitter:data1\" content=\"Comunicar Mais\" \/>\n\t<meta name=\"twitter:label2\" content=\"Est. tempo de leitura\" \/>\n\t<meta name=\"twitter:data2\" content=\"5 minutos\" \/>\n<script type=\"application\/ld+json\" class=\"yoast-schema-graph\">{\"@context\":\"https:\/\/schema.org\",\"@graph\":[{\"@type\":\"WebPage\",\"@id\":\"https:\/\/www.comunicarmais.com.br\/site\/2025\/01\/15\/prefeitura-entrega-mais-251-casas-reformadas-pelo-morar-melhor-em-sussuarana\/\",\"url\":\"https:\/\/www.comunicarmais.com.br\/site\/2025\/01\/15\/prefeitura-entrega-mais-251-casas-reformadas-pelo-morar-melhor-em-sussuarana\/\",\"name\":\"Prefeitura de Salvador entrega mais 251 casas reformadas pelo Morar Melhor em Sussuarana - Comunicar Mais\",\"isPartOf\":{\"@id\":\"https:\/\/www.comunicarmais.com.br\/site\/#website\"},\"primaryImageOfPage\":{\"@id\":\"https:\/\/www.comunicarmais.com.br\/site\/2025\/01\/15\/prefeitura-entrega-mais-251-casas-reformadas-pelo-morar-melhor-em-sussuarana\/#primaryimage\"},\"image\":{\"@id\":\"https:\/\/www.comunicarmais.com.br\/site\/2025\/01\/15\/prefeitura-entrega-mais-251-casas-reformadas-pelo-morar-melhor-em-sussuarana\/#primaryimage\"},\"thumbnailUrl\":\"https:\/\/www.comunicarmais.com.br\/site\/wp-content\/uploads\/2025\/01\/WhatsApp-Image-2025-01-15-at-08.50.27.jpeg\",\"datePublished\":\"2025-01-15T12:16:00+00:00\",\"dateModified\":\"2025-01-16T18:46:28+00:00\",\"author\":{\"@id\":\"https:\/\/www.comunicarmais.com.br\/site\/#\/schema\/person\/712f7b6b25b644e4a91c4173674cf284\"},\"description\":\"Esta \u00e9 a terceira vez que o programa chega \u00e0 comunidade, totalizando 1.051 im\u00f3veis atendidos no bairro\",\"breadcrumb\":{\"@id\":\"https:\/\/www.comunicarmais.com.br\/site\/2025\/01\/15\/prefeitura-entrega-mais-251-casas-reformadas-pelo-morar-melhor-em-sussuarana\/#breadcrumb\"},\"inLanguage\":\"pt-BR\",\"potentialAction\":[{\"@type\":\"ReadAction\",\"target\":[\"https:\/\/www.comunicarmais.com.br\/site\/2025\/01\/15\/prefeitura-entrega-mais-251-casas-reformadas-pelo-morar-melhor-em-sussuarana\/\"]}]},{\"@type\":\"ImageObject\",\"inLanguage\":\"pt-BR\",\"@id\":\"https:\/\/www.comunicarmais.com.br\/site\/2025\/01\/15\/prefeitura-entrega-mais-251-casas-reformadas-pelo-morar-melhor-em-sussuarana\/#primaryimage\",\"url\":\"https:\/\/www.comunicarmais.com.br\/site\/wp-content\/uploads\/2025\/01\/WhatsApp-Image-2025-01-15-at-08.50.27.jpeg\",\"contentUrl\":\"https:\/\/www.comunicarmais.com.br\/site\/wp-content\/uploads\/2025\/01\/WhatsApp-Image-2025-01-15-at-08.50.27.jpeg\",\"width\":1600,\"height\":1067},{\"@type\":\"BreadcrumbList\",\"@id\":\"https:\/\/www.comunicarmais.com.br\/site\/2025\/01\/15\/prefeitura-entrega-mais-251-casas-reformadas-pelo-morar-melhor-em-sussuarana\/#breadcrumb\",\"itemListElement\":[{\"@type\":\"ListItem\",\"position\":1,\"name\":\"In\u00edcio\",\"item\":\"https:\/\/www.comunicarmais.com.br\/site\/\"},{\"@type\":\"ListItem\",\"position\":2,\"name\":\"Prefeitura de Salvador entrega mais 251 casas reformadas pelo Morar Melhor em Sussuarana\"}]},{\"@type\":\"WebSite\",\"@id\":\"https:\/\/www.comunicarmais.com.br\/site\/#website\",\"url\":\"https:\/\/www.comunicarmais.com.br\/site\/\",\"name\":\"Comunicar Mais\",\"description\":\"\",\"potentialAction\":[{\"@type\":\"SearchAction\",\"target\":{\"@type\":\"EntryPoint\",\"urlTemplate\":\"https:\/\/www.comunicarmais.com.br\/site\/?s={search_term_string}\"},\"query-input\":{\"@type\":\"PropertyValueSpecification\",\"valueRequired\":true,\"valueName\":\"search_term_string\"}}],\"inLanguage\":\"pt-BR\"},{\"@type\":\"Person\",\"@id\":\"https:\/\/www.comunicarmais.com.br\/site\/#\/schema\/person\/712f7b6b25b644e4a91c4173674cf284\",\"name\":\"Comunicar Mais\",\"image\":{\"@type\":\"ImageObject\",\"inLanguage\":\"pt-BR\",\"@id\":\"https:\/\/www.comunicarmais.com.br\/site\/#\/schema\/person\/image\/\",\"url\":\"https:\/\/secure.gravatar.com\/avatar\/9803218072e2c0dc265d3d787b54c2c33325e79f79732707fddfbf1efd82c678?s=96&d=mm&r=g\",\"contentUrl\":\"https:\/\/secure.gravatar.com\/avatar\/9803218072e2c0dc265d3d787b54c2c33325e79f79732707fddfbf1efd82c678?s=96&d=mm&r=g\",\"caption\":\"Comunicar Mais\"},\"description\":\"Deixe as ideologias com os ide\u00f3logos. Noticiamos fatos, n\u00e3o brigamos com eles. Aqui, voc\u00ea fica bem informado do que acontece no seu bairro e no mundo. Informar com \u00e9tica e responsabilidade s\u00e3o as bandeiras do Comunicarmais.\",\"sameAs\":[\"https:\/\/www.comunicarmais.com.br\/site\/\",\"https:\/\/www.facebook.com\/comunicarmais\/\",\"https:\/\/www.instagram.com\/comunicarmaisba\/\",\"https:\/\/x.com\/ComunicarmaisBA\"],\"url\":\"https:\/\/www.comunicarmais.com.br\/site\/author\/gerenciador\/\"}]}<\/script>\n<!-- \/ Yoast SEO plugin. -->","yoast_head_json":{"title":"Prefeitura de Salvador entrega mais 251 casas reformadas pelo Morar Melhor em Sussuarana - Comunicar Mais","description":"Esta \u00e9 a terceira vez que o programa chega \u00e0 comunidade, totalizando 1.051 im\u00f3veis atendidos no bairro","robots":{"index":"index","follow":"follow","max-snippet":"max-snippet:-1","max-image-preview":"max-image-preview:large","max-video-preview":"max-video-preview:-1"},"canonical":"https:\/\/www.comunicarmais.com.br\/site\/2025\/01\/15\/prefeitura-entrega-mais-251-casas-reformadas-pelo-morar-melhor-em-sussuarana\/","og_locale":"pt_BR","og_type":"article","og_title":"Prefeitura de Salvador entrega mais 251 casas reformadas pelo Morar Melhor em Sussuarana - Comunicar Mais","og_description":"Esta \u00e9 a terceira vez que o programa chega \u00e0 comunidade, totalizando 1.051 im\u00f3veis atendidos no bairro","og_url":"https:\/\/www.comunicarmais.com.br\/site\/2025\/01\/15\/prefeitura-entrega-mais-251-casas-reformadas-pelo-morar-melhor-em-sussuarana\/","og_site_name":"Comunicar Mais","article_publisher":"https:\/\/www.facebook.com\/comunicarmais\/","article_author":"https:\/\/www.facebook.com\/comunicarmais\/","article_published_time":"2025-01-15T12:16:00+00:00","article_modified_time":"2025-01-16T18:46:28+00:00","og_image":[{"width":1600,"height":1067,"url":"https:\/\/www.comunicarmais.com.br\/site\/wp-content\/uploads\/2025\/01\/WhatsApp-Image-2025-01-15-at-08.50.27.jpeg","type":"image\/jpeg"}],"author":"Comunicar Mais","twitter_card":"summary_large_image","twitter_creator":"@ComunicarmaisBA","twitter_site":"@ComunicarmaisBA","twitter_misc":{"Escrito por":"Comunicar Mais","Est. tempo de leitura":"5 minutos"},"schema":{"@context":"https:\/\/schema.org","@graph":[{"@type":"WebPage","@id":"https:\/\/www.comunicarmais.com.br\/site\/2025\/01\/15\/prefeitura-entrega-mais-251-casas-reformadas-pelo-morar-melhor-em-sussuarana\/","url":"https:\/\/www.comunicarmais.com.br\/site\/2025\/01\/15\/prefeitura-entrega-mais-251-casas-reformadas-pelo-morar-melhor-em-sussuarana\/","name":"Prefeitura de Salvador entrega mais 251 casas reformadas pelo Morar Melhor em Sussuarana - Comunicar Mais","isPartOf":{"@id":"https:\/\/www.comunicarmais.com.br\/site\/#website"},"primaryImageOfPage":{"@id":"https:\/\/www.comunicarmais.com.br\/site\/2025\/01\/15\/prefeitura-entrega-mais-251-casas-reformadas-pelo-morar-melhor-em-sussuarana\/#primaryimage"},"image":{"@id":"https:\/\/www.comunicarmais.com.br\/site\/2025\/01\/15\/prefeitura-entrega-mais-251-casas-reformadas-pelo-morar-melhor-em-sussuarana\/#primaryimage"},"thumbnailUrl":"https:\/\/www.comunicarmais.com.br\/site\/wp-content\/uploads\/2025\/01\/WhatsApp-Image-2025-01-15-at-08.50.27.jpeg","datePublished":"2025-01-15T12:16:00+00:00","dateModified":"2025-01-16T18:46:28+00:00","author":{"@id":"https:\/\/www.comunicarmais.com.br\/site\/#\/schema\/person\/712f7b6b25b644e4a91c4173674cf284"},"description":"Esta \u00e9 a terceira vez que o programa chega \u00e0 comunidade, totalizando 1.051 im\u00f3veis atendidos no bairro","breadcrumb":{"@id":"https:\/\/www.comunicarmais.com.br\/site\/2025\/01\/15\/prefeitura-entrega-mais-251-casas-reformadas-pelo-morar-melhor-em-sussuarana\/#breadcrumb"},"inLanguage":"pt-BR","potentialAction":[{"@type":"ReadAction","target":["https:\/\/www.comunicarmais.com.br\/site\/2025\/01\/15\/prefeitura-entrega-mais-251-casas-reformadas-pelo-morar-melhor-em-sussuarana\/"]}]},{"@type":"ImageObject","inLanguage":"pt-BR","@id":"https:\/\/www.comunicarmais.com.br\/site\/2025\/01\/15\/prefeitura-entrega-mais-251-casas-reformadas-pelo-morar-melhor-em-sussuarana\/#primaryimage","url":"https:\/\/www.comunicarmais.com.br\/site\/wp-content\/uploads\/2025\/01\/WhatsApp-Image-2025-01-15-at-08.50.27.jpeg","contentUrl":"https:\/\/www.comunicarmais.com.br\/site\/wp-content\/uploads\/2025\/01\/WhatsApp-Image-2025-01-15-at-08.50.27.jpeg","width":1600,"height":1067},{"@type":"BreadcrumbList","@id":"https:\/\/www.comunicarmais.com.br\/site\/2025\/01\/15\/prefeitura-entrega-mais-251-casas-reformadas-pelo-morar-melhor-em-sussuarana\/#breadcrumb","itemListElement":[{"@type":"ListItem","position":1,"name":"In\u00edcio","item":"https:\/\/www.comunicarmais.com.br\/site\/"},{"@type":"ListItem","position":2,"name":"Prefeitura de Salvador entrega mais 251 casas reformadas pelo Morar Melhor em Sussuarana"}]},{"@type":"WebSite","@id":"https:\/\/www.comunicarmais.com.br\/site\/#website","url":"https:\/\/www.comunicarmais.com.br\/site\/","name":"Comunicar Mais","description":"","potentialAction":[{"@type":"SearchAction","target":{"@type":"EntryPoint","urlTemplate":"https:\/\/www.comunicarmais.com.br\/site\/?s={search_term_string}"},"query-input":{"@type":"PropertyValueSpecification","valueRequired":true,"valueName":"search_term_string"}}],"inLanguage":"pt-BR"},{"@type":"Person","@id":"https:\/\/www.comunicarmais.com.br\/site\/#\/schema\/person\/712f7b6b25b644e4a91c4173674cf284","name":"Comunicar Mais","image":{"@type":"ImageObject","inLanguage":"pt-BR","@id":"https:\/\/www.comunicarmais.com.br\/site\/#\/schema\/person\/image\/","url":"https:\/\/secure.gravatar.com\/avatar\/9803218072e2c0dc265d3d787b54c2c33325e79f79732707fddfbf1efd82c678?s=96&d=mm&r=g","contentUrl":"https:\/\/secure.gravatar.com\/avatar\/9803218072e2c0dc265d3d787b54c2c33325e79f79732707fddfbf1efd82c678?s=96&d=mm&r=g","caption":"Comunicar Mais"},"description":"Deixe as ideologias com os ide\u00f3logos. Noticiamos fatos, n\u00e3o brigamos com eles. Aqui, voc\u00ea fica bem informado do que acontece no seu bairro e no mundo. Informar com \u00e9tica e responsabilidade s\u00e3o as bandeiras do Comunicarmais.","sameAs":["https:\/\/www.comunicarmais.com.br\/site\/","https:\/\/www.facebook.com\/comunicarmais\/","https:\/\/www.instagram.com\/comunicarmaisba\/","https:\/\/x.com\/ComunicarmaisBA"],"url":"https:\/\/www.comunicarmais.com.br\/site\/author\/gerenciador\/"}]}},"_links":{"self":[{"href":"https:\/\/www.comunicarmais.com.br\/site\/wp-json\/wp\/v2\/posts\/5939","targetHints":{"allow":["GET"]}}],"collection":[{"href":"https:\/\/www.comunicarmais.com.br\/site\/wp-json\/wp\/v2\/posts"}],"about":[{"href":"https:\/\/www.comunicarmais.com.br\/site\/wp-json\/wp\/v2\/types\/post"}],"author":[{"embeddable":true,"href":"https:\/\/www.comunicarmais.com.br\/site\/wp-json\/wp\/v2\/users\/2"}],"replies":[{"embeddable":true,"href":"https:\/\/www.comunicarmais.com.br\/site\/wp-json\/wp\/v2\/comments?post=5939"}],"version-history":[{"count":2,"href":"https:\/\/www.comunicarmais.com.br\/site\/wp-json\/wp\/v2\/posts\/5939\/revisions"}],"predecessor-version":[{"id":5946,"href":"https:\/\/www.comunicarmais.com.br\/site\/wp-json\/wp\/v2\/posts\/5939\/revisions\/5946"}],"wp:featuredmedia":[{"embeddable":true,"href":"https:\/\/www.comunicarmais.com.br\/site\/wp-json\/wp\/v2\/media\/5944"}],"wp:attachment":[{"href":"https:\/\/www.comunicarmais.com.br\/site\/wp-json\/wp\/v2\/media?parent=5939"}],"wp:term":[{"taxonomy":"category","embeddable":true,"href":"https:\/\/www.comunicarmais.com.br\/site\/wp-json\/wp\/v2\/categories?post=5939"},{"taxonomy":"post_tag","embeddable":true,"href":"https:\/\/www.comunicarmais.com.br\/site\/wp-json\/wp\/v2\/tags?post=5939"}],"curies":[{"name":"wp","href":"https:\/\/api.w.org\/{rel}","templated":true}]}}