{"id":4298,"date":"2024-09-11T16:52:00","date_gmt":"2024-09-11T19:52:00","guid":{"rendered":"https:\/\/www.comunicarmais.com.br\/site\/?p=4298"},"modified":"2024-09-11T23:32:09","modified_gmt":"2024-09-12T02:32:09","slug":"cordel-do-amor-sem-fim-ou-a-flor-do-chico-entra-em-cartaz-neste-final-de-semana-na-sala-do-coro-do-tca","status":"publish","type":"post","link":"https:\/\/www.comunicarmais.com.br\/site\/2024\/09\/11\/cordel-do-amor-sem-fim-ou-a-flor-do-chico-entra-em-cartaz-neste-final-de-semana-na-sala-do-coro-do-tca\/","title":{"rendered":"\u201cCordel do Amor sem Fim &#8211; ou A Flor do Chico\u201d entra em cartaz neste final de semana na Sala do Coro do TCA"},"content":{"rendered":"\n<p><strong>Grupo Os Geraldos, de Campinas, SP, traz o espet\u00e1culo de Gabriel Villela e Claudia Barral e realiza resid\u00eancia Art\u00edstica<\/strong><\/p>\n\n\n\n<figure class=\"wp-block-image size-large\"><img decoding=\"async\" width=\"1433\" height=\"1006\" data-src=\"https:\/\/www.comunicarmais.com.br\/site\/wp-content\/uploads\/2024\/09\/WhatsApp-Image-2024-09-11-at-16.26.39-1433x1006.jpeg\" alt=\"\" class=\"wp-image-4299 lazyload\" data-srcset=\"https:\/\/www.comunicarmais.com.br\/site\/wp-content\/uploads\/2024\/09\/WhatsApp-Image-2024-09-11-at-16.26.39-1433x1006.jpeg 1433w, https:\/\/www.comunicarmais.com.br\/site\/wp-content\/uploads\/2024\/09\/WhatsApp-Image-2024-09-11-at-16.26.39-1024x719.jpeg 1024w, https:\/\/www.comunicarmais.com.br\/site\/wp-content\/uploads\/2024\/09\/WhatsApp-Image-2024-09-11-at-16.26.39-768x539.jpeg 768w, https:\/\/www.comunicarmais.com.br\/site\/wp-content\/uploads\/2024\/09\/WhatsApp-Image-2024-09-11-at-16.26.39-1536x1078.jpeg 1536w, https:\/\/www.comunicarmais.com.br\/site\/wp-content\/uploads\/2024\/09\/WhatsApp-Image-2024-09-11-at-16.26.39-1320x926.jpeg 1320w, https:\/\/www.comunicarmais.com.br\/site\/wp-content\/uploads\/2024\/09\/WhatsApp-Image-2024-09-11-at-16.26.39.jpeg 1600w\" data-sizes=\"(max-width: 1433px) 100vw, 1433px\" src=\"data:image\/svg+xml;base64,PHN2ZyB3aWR0aD0iMSIgaGVpZ2h0PSIxIiB4bWxucz0iaHR0cDovL3d3dy53My5vcmcvMjAwMC9zdmciPjwvc3ZnPg==\" style=\"--smush-placeholder-width: 1433px; --smush-placeholder-aspect-ratio: 1433\/1006;\" \/><figcaption class=\"wp-element-caption\"><em><sup>(Divulga\u00e7\u00e3o)<\/sup><\/em><\/figcaption><\/figure>\n\n\n\n<p><br><strong>Reda\u00e7\u00e3o Mais &#8211;<\/strong> O grupo Os Geraldos, de Campinas, S\u00e3o Paulo, realiza em Salvador, nos pr\u00f3ximos dias 14 e 15 de setembro, \u00e0s 20h, na Sala do Coro do Teatro Castro Alves, duas apresenta\u00e7\u00f5es do espet\u00e1culo \u201cCordel do Amor sem Fim &#8211; ou A Flor do Chico\u201d e assim encerra sua turn\u00ea pelo Norte e Nordeste do Brasil. A pe\u00e7a \u00e9 de autoria da dramaturga baiana Claudia Barral, que participar\u00e1 dos bate-papos, com elenco e p\u00fablico, ao final das duas apresenta\u00e7\u00f5es.<\/p>\n\n\n\n<p><strong>Resid\u00eancia Art\u00edstica &#8211; <\/strong>Antes das apresenta\u00e7\u00f5es dos espet\u00e1culos o grupo Os Geraldos realiza, nos dias 13 e 14 de setembro, a partir das 09h, tamb\u00e9m na sala do Coro do TCA, Resid\u00eancia Art\u00edstica (a partir de 14 anos). Oficina &#8220;A M\u00fasica e a Cena&#8221; (\u00e0s 10h do dia 13), &#8220;Acompanhamento de Montagem T\u00e9cnica&#8221; (\u00e0s 15h do dia 13), &#8220;Gest\u00e3o Cultural&#8221; (\u00e0s 10h do dia 14) e o &#8220;Ensaio Musical&#8221; (\u00e0s 17h do dia 14.). As inscri\u00e7\u00f5es devem ser feitas atrav\u00e9s do link <a href=\"https:\/\/forms.gle\/fpji4Vwg3txSwX5eA\" target=\"_blank\" rel=\"noreferrer noopener\">https:\/\/forms.gle\/fpji4Vwg3txSwX5eA<\/a><\/p>\n\n\n\n<p>Na oficina \u201cA M\u00fasica e a Cena\u201d a voz falada e cantada ser\u00e1 trabalhada como princ\u00edpio de cria\u00e7\u00e3o da cena, e os professores Everton Gennari e Paula Guerreiro compartilhar\u00e3o com os participantes pr\u00e1ticas referentes a elementos como ritmo, resist\u00eancia respirat\u00f3ria e timbragem vocal, ressaltando aspectos da brasilidade na voz presentes no processo de cria\u00e7\u00e3o do espet\u00e1culo.<\/p>\n\n\n\n<figure class=\"wp-block-image size-large\"><img decoding=\"async\" width=\"1433\" height=\"955\" data-src=\"https:\/\/www.comunicarmais.com.br\/site\/wp-content\/uploads\/2024\/09\/WhatsApp-Image-2024-09-11-at-16.26.36-1433x955.jpeg\" alt=\"\" class=\"wp-image-4300 lazyload\" data-srcset=\"https:\/\/www.comunicarmais.com.br\/site\/wp-content\/uploads\/2024\/09\/WhatsApp-Image-2024-09-11-at-16.26.36-1433x955.jpeg 1433w, https:\/\/www.comunicarmais.com.br\/site\/wp-content\/uploads\/2024\/09\/WhatsApp-Image-2024-09-11-at-16.26.36-1024x682.jpeg 1024w, https:\/\/www.comunicarmais.com.br\/site\/wp-content\/uploads\/2024\/09\/WhatsApp-Image-2024-09-11-at-16.26.36-768x512.jpeg 768w, https:\/\/www.comunicarmais.com.br\/site\/wp-content\/uploads\/2024\/09\/WhatsApp-Image-2024-09-11-at-16.26.36-1536x1023.jpeg 1536w, https:\/\/www.comunicarmais.com.br\/site\/wp-content\/uploads\/2024\/09\/WhatsApp-Image-2024-09-11-at-16.26.36-1320x879.jpeg 1320w, https:\/\/www.comunicarmais.com.br\/site\/wp-content\/uploads\/2024\/09\/WhatsApp-Image-2024-09-11-at-16.26.36.jpeg 1600w\" data-sizes=\"(max-width: 1433px) 100vw, 1433px\" src=\"data:image\/svg+xml;base64,PHN2ZyB3aWR0aD0iMSIgaGVpZ2h0PSIxIiB4bWxucz0iaHR0cDovL3d3dy53My5vcmcvMjAwMC9zdmciPjwvc3ZnPg==\" style=\"--smush-placeholder-width: 1433px; --smush-placeholder-aspect-ratio: 1433\/955;\" \/><figcaption class=\"wp-element-caption\"><em><sup>(Divulga\u00e7\u00e3o)<\/sup><\/em><\/figcaption><\/figure>\n\n\n\n<p><strong>Mais sobre \u201cCordel do Amor sem Fim &#8211; ou A Flor do Chico\u201d <\/strong><\/p>\n\n\n\n<p>Com dire\u00e7\u00e3o de Gabriel Villela, a pe\u00e7a, que estreou em 2021, tem alcan\u00e7ado sucesso de p\u00fablico e cr\u00edtica em importantes circuitos teatrais brasileiros, como o Festival de Curitiba, o Cena Contempor\u00e2nea (Bras\u00edlia\/DF), o Tiradentes em Cena (MG), o Festival Nacional de Teatro de Passos, Bel\u00e9m, S\u00e3o Lu\u00eds, Recife, dentre outros, j\u00e1 tendo sido vista por mais de 10 mil pessoas, de 27 munic\u00edpios brasileiros. Nesta circula\u00e7\u00e3o pelo norte e nordeste do pa\u00eds, o grupo conta com o Patroc\u00ednio Master do Instituto Cultural Vale, por meio da Lei Federal de Incentivo \u00e0 Cultura.<\/p>\n\n\n\n<p>A hist\u00f3ria nos apresenta tr\u00eas irm\u00e3s que vivem em Carinhanha, uma cidade do sert\u00e3o baiano, \u00e0s margens do Rio S\u00e3o Francisco. A mais nova das mo\u00e7as, \u00e0s v\u00e9speras de seu noivado, apaixona-se por um viajante no porto, um acaso que muda o rumo de todas as personagens dessa hist\u00f3ria sobre a espera, o tempo e o amor. Com m\u00fasicas tocadas e cantadas ao vivo, a obra trar\u00e1 can\u00e7\u00f5es da M\u00fasica Popular Brasileira.<br>A montagem re\u00fane artistas que t\u00eam em comum o trabalho com o teatro popular: o diretor mineiro Gabriel Villela, com seu universo barroco, musical, colorido e popular; a dramaturga Claudia Barral, nascida em Salvador e inspirada pelas narrativas, poesias e culturas locais do sert\u00e3o baiano; e o grupo do interior paulista Os Geraldos, cuja trajet\u00f3ria, de 16 anos, foi sempre tra\u00e7ada na cultura popular, realizando, com seus espet\u00e1culos ampla circula\u00e7\u00e3o pelo Brasil principalmente das cidades pequenas &#8211; foram mais de 100 munic\u00edpios, de 14 estados brasileiros, al\u00e9m de tr\u00eas outros pa\u00edses: Argentina, Peru, Marrocos, Portugal e R\u00fassia.<\/p>\n\n\n\n<p><strong>Gabriel Villela &#8211;<\/strong> diretor que tem contribui\u00e7\u00e3o tamb\u00e9m na M\u00fasica Popular Brasileira, com a dire\u00e7\u00e3o de shows de Maria Beth\u00e2nia, Milton Nascimento, Elba Ramalho e Ivete Sangalo &#8211; j\u00e1 dirigiu mais de 50 espet\u00e1culos teatrais, participando de v\u00e1rias edi\u00e7\u00f5es do Festival de Curitiba, desde a primeira, com \u201cA Vida \u00e9 Sonho\u201d, \u201cRomeu e Julieta\u201d, \u201cSua Incelen\u00e7a, Ricardo III\u201d, dentre outras obras. J\u00e1 trabalhou com artistas como Renata Sorrah, Laura Cardoso, Beatriz Segall, Walderez de Barros, Marcello Antony, Regina Duarte, Thiago Lacerda, entre outros grandes nomes das artes c\u00eanicas nacionais.<\/p>\n\n\n\n<p>J\u00e1 recebeu Pr\u00eamios Moli\u00e8re, Sharp, Shell, Trof\u00e9us Mambembe, Trof\u00e9us APCA (Associa\u00e7\u00e3o Paulista de Cr\u00edticos de Arte), Pr\u00eamios APETESP (Associa\u00e7\u00e3o de Produtores de Espet\u00e1culos Teatrais de S\u00e3o Paulo), Pr\u00eamios PANAMCO, Zilka Salaberry, al\u00e9m de dezenas de premia\u00e7\u00f5es internacionais, como no Festival Theater Der Welt in Dresden (Alemanha), Word State Festival, em Toronto (Canad\u00e1), \u201cGlobe to Globe\u201d, no Shakespeare`s Globe Theatre (Londres, Inglaterra), dentre outros. Sua po\u00e9tica e produ\u00e7\u00e3o art\u00edstica est\u00e3o registrados no livro \u201cImaginai! O teatro de Gabriel Villela\u201d, de Dib Carneiro Neto e Rodrigo Audi, lan\u00e7ado em 2017 e vencedor, na categoria de livro de arte, do Pr\u00eamio Jabuti 2018. Recentemente foi vencedor do Pr\u00eamio Governador do Estado na categoria Teatro pela dire\u00e7\u00e3o de Ubu Rei 2023, com o grupo Os Geraldos.<br>Em mais de 30 anos de trajet\u00f3ria profissional, foi a primeira vez que Villela dirigiu um espet\u00e1culo no interior paulista, levando a Campinas profissionais como Babaya Morais, de Belo Horizonte (MG), Francesca Della Monica, de Floren\u00e7a (It\u00e1lia), e Everton Gennari, de Birigui (SP), que trabalharam a espacializa\u00e7\u00e3o e antropologia da voz, o assistente de figurinos e adere\u00e7os Jos\u00e9 Rosa, de Cacul\u00e9 (BA), e os assistentes de dire\u00e7\u00e3o Z\u00e9 Gui Bueno e Ivan Andrade, de S\u00e3o Paulo. Andrade \u00e9 parceiro de cria\u00e7\u00e3o de Villela em outras obras e segue carreira de diretor.<\/p>\n\n\n\n<p><strong>Sobre o grupo &#8211;<\/strong> Os Geraldos tem sede em Campinas (SP) desde 2008 e atua em tr\u00eas frentes de trabalho: Cria\u00e7\u00e3o Art\u00edstica, ao criar e manter em circula\u00e7\u00e3o seus espet\u00e1culos; Projetos Formativos, ao oferecer cursos sobre a arte do ator e gest\u00e3o cultural, a partir da pr\u00e1tica do grupo e de pesquisas de mestrado e doutorado de seus integrantes; e Territ\u00f3rios Culturais, ao instituir espa\u00e7os que possam sediar, para al\u00e9m das atividades do grupo, outros eventos art\u00edsticos, como ocorre em sua atual sede, o Teatro de Arte e Of\u00edcio (TAO), um dos mais importantes espa\u00e7os culturais de Campinas.<br>O grupo j\u00e1 circulou por mais de 100 munic\u00edpios, de cinco pa\u00edses e de quatorze estados brasileiros, e foi indicado ao Pr\u00eamio Governador do Estado de Territ\u00f3rios Culturais (2017), al\u00e9m de receber mais de 40 pr\u00eamios, em festivais nacionais e internacionais e \u00e9 filiado ao ISPA (Sociedade Internacional de Artes Performativas) desde 2023, em 2024 partir\u00e1 para Barcelona para participa\u00e7\u00e3o do projeto La Casa del Teatre Nu: Residency for Performing Artists.<\/p>\n\n\n\n<p><strong>Servi\u00e7o<\/strong>:<\/p>\n\n\n\n<p><strong><em>Resid\u00eancia Art\u00edstica (a partir de 14 anos)<br>Oficina &#8220;A M\u00fasica e a Cena&#8221; (\u00e0s 10h do dia 13), \u201cAcompanhamento de Montagem T\u00e9cnica&#8221; (09h \u00e0s 15h do dia 13), &#8220;Gest\u00e3o Cultural&#8221; (09h \u00e0s 10h do dia 14) e o &#8220;Ensaio Musical&#8221; (09h \u00e0s 17h do dia 14.<\/em><\/strong><\/p>\n\n\n\n<p><strong>As inscri\u00e7\u00f5es devem ser feitas atrav\u00e9s do link<\/strong> <a href=\"https:\/\/forms.gle\/fpji4Vwg3txSwX5eA\" target=\"_blank\" rel=\"noreferrer noopener\">https:\/\/forms.gle\/fpji4Vwg3txSwX5eA<\/a><\/p>\n\n\n\n<p><strong><em>Espet\u00e1culo \u201cCordel do Amor sem Fim &#8211; ou A Flor do Chico\u201d<br>Data: 14 e 15 de setembro, s\u00e1bado e domingo, \u00e0s 20 horas<br>Sala do Coro do Teatro Castro Alves<br>Entrada franca. Os ingressos estar\u00e3o dispon\u00edveis para retirados 1h antes do espet\u00e1culo na bilheteria do teatro<br>Dura\u00e7\u00e3o: 60 minutos<br>Classifica\u00e7\u00e3o indicativa: 14 anos<\/em><\/strong><\/p>\n\n\n<p class=\"wp-block-tag-cloud\"><a href=\"https:\/\/www.comunicarmais.com.br\/site\/tag\/bahia\/\" class=\"tag-cloud-link tag-link-171 tag-link-position-1\" style=\"font-size: 17.922330097087pt;\" aria-label=\"Bahia (116 itens)\">Bahia<\/a>\n<a href=\"https:\/\/www.comunicarmais.com.br\/site\/tag\/bolsonaro\/\" class=\"tag-cloud-link tag-link-112 tag-link-position-2\" style=\"font-size: 11.533980582524pt;\" aria-label=\"Bolsonaro (39 itens)\">Bolsonaro<\/a>\n<a href=\"https:\/\/www.comunicarmais.com.br\/site\/tag\/brasil\/\" class=\"tag-cloud-link tag-link-335 tag-link-position-3\" style=\"font-size: 13.029126213592pt;\" aria-label=\"Brasil (50 itens)\">Brasil<\/a>\n<a href=\"https:\/\/www.comunicarmais.com.br\/site\/tag\/camacari\/\" class=\"tag-cloud-link tag-link-435 tag-link-position-4\" style=\"font-size: 8.8155339805825pt;\" aria-label=\"Cama\u00e7ari (24 itens)\">Cama\u00e7ari<\/a>\n<a href=\"https:\/\/www.comunicarmais.com.br\/site\/tag\/carnaval\/\" class=\"tag-cloud-link tag-link-508 tag-link-position-5\" style=\"font-size: 12.893203883495pt;\" aria-label=\"Carnaval (49 itens)\">Carnaval<\/a>\n<a href=\"https:\/\/www.comunicarmais.com.br\/site\/tag\/cbx\/\" class=\"tag-cloud-link tag-link-1602 tag-link-position-6\" style=\"font-size: 11.398058252427pt;\" aria-label=\"CBX (38 itens)\">CBX<\/a>\n<a href=\"https:\/\/www.comunicarmais.com.br\/site\/tag\/cidade-baixa\/\" class=\"tag-cloud-link tag-link-456 tag-link-position-7\" style=\"font-size: 9.9029126213592pt;\" aria-label=\"Cidade Baixa (29 itens)\">Cidade Baixa<\/a>\n<a href=\"https:\/\/www.comunicarmais.com.br\/site\/tag\/cinema\/\" class=\"tag-cloud-link tag-link-985 tag-link-position-8\" style=\"font-size: 11.126213592233pt;\" aria-label=\"Cinema (36 itens)\">Cinema<\/a>\n<a href=\"https:\/\/www.comunicarmais.com.br\/site\/tag\/cultura\/\" class=\"tag-cloud-link tag-link-231 tag-link-position-9\" style=\"font-size: 12.349514563107pt;\" aria-label=\"Cultura (45 itens)\">Cultura<\/a>\n<a href=\"https:\/\/www.comunicarmais.com.br\/site\/tag\/drogas\/\" class=\"tag-cloud-link tag-link-165 tag-link-position-10\" style=\"font-size: 12.757281553398pt;\" aria-label=\"Drogas (48 itens)\">Drogas<\/a>\n<a href=\"https:\/\/www.comunicarmais.com.br\/site\/tag\/educacao\/\" class=\"tag-cloud-link tag-link-228 tag-link-position-11\" style=\"font-size: 12.621359223301pt;\" aria-label=\"Educa\u00e7\u00e3o (47 itens)\">Educa\u00e7\u00e3o<\/a>\n<a href=\"https:\/\/www.comunicarmais.com.br\/site\/tag\/ensino\/\" class=\"tag-cloud-link tag-link-233 tag-link-position-12\" style=\"font-size: 10.446601941748pt;\" aria-label=\"Ensino (32 itens)\">Ensino<\/a>\n<a href=\"https:\/\/www.comunicarmais.com.br\/site\/tag\/escola\/\" class=\"tag-cloud-link tag-link-229 tag-link-position-13\" style=\"font-size: 9.631067961165pt;\" aria-label=\"Escola (28 itens)\">Escola<\/a>\n<a href=\"https:\/\/www.comunicarmais.com.br\/site\/tag\/eua\/\" class=\"tag-cloud-link tag-link-664 tag-link-position-14\" style=\"font-size: 12.077669902913pt;\" aria-label=\"EUA (43 itens)\">EUA<\/a>\n<a href=\"https:\/\/www.comunicarmais.com.br\/site\/tag\/feira-de-santana\/\" class=\"tag-cloud-link tag-link-642 tag-link-position-15\" style=\"font-size: 9.2233009708738pt;\" aria-label=\"Feira de Santana (26 itens)\">Feira de Santana<\/a>\n<a href=\"https:\/\/www.comunicarmais.com.br\/site\/tag\/ficco\/\" class=\"tag-cloud-link tag-link-143 tag-link-position-16\" style=\"font-size: 9.2233009708738pt;\" aria-label=\"Ficco (26 itens)\">Ficco<\/a>\n<a href=\"https:\/\/www.comunicarmais.com.br\/site\/tag\/folia\/\" class=\"tag-cloud-link tag-link-566 tag-link-position-17\" style=\"font-size: 9.2233009708738pt;\" aria-label=\"Folia (26 itens)\">Folia<\/a>\n<a href=\"https:\/\/www.comunicarmais.com.br\/site\/tag\/futebol\/\" class=\"tag-cloud-link tag-link-40 tag-link-position-18\" style=\"font-size: 13.029126213592pt;\" aria-label=\"Futebol (50 itens)\">Futebol<\/a>\n<a href=\"https:\/\/www.comunicarmais.com.br\/site\/tag\/homicidio\/\" class=\"tag-cloud-link tag-link-101 tag-link-position-19\" style=\"font-size: 10.582524271845pt;\" aria-label=\"Homic\u00eddio (33 itens)\">Homic\u00eddio<\/a>\n<a href=\"https:\/\/www.comunicarmais.com.br\/site\/tag\/itapagipe\/\" class=\"tag-cloud-link tag-link-471 tag-link-position-20\" style=\"font-size: 10.038834951456pt;\" aria-label=\"Itapagipe (30 itens)\">Itapagipe<\/a>\n<a href=\"https:\/\/www.comunicarmais.com.br\/site\/tag\/itaparica\/\" class=\"tag-cloud-link tag-link-301 tag-link-position-21\" style=\"font-size: 8pt;\" aria-label=\"Itaparica (21 itens)\">Itaparica<\/a>\n<a href=\"https:\/\/www.comunicarmais.com.br\/site\/tag\/jeronimo-rodrigues\/\" class=\"tag-cloud-link tag-link-668 tag-link-position-22\" style=\"font-size: 8.2718446601942pt;\" aria-label=\"Jer\u00f4nimo Rodrigues (22 itens)\">Jer\u00f4nimo Rodrigues<\/a>\n<a href=\"https:\/\/www.comunicarmais.com.br\/site\/tag\/justica\/\" class=\"tag-cloud-link tag-link-361 tag-link-position-23\" style=\"font-size: 10.582524271845pt;\" aria-label=\"Justi\u00e7a (33 itens)\">Justi\u00e7a<\/a>\n<a href=\"https:\/\/www.comunicarmais.com.br\/site\/tag\/lauro-de-freitas\/\" class=\"tag-cloud-link tag-link-594 tag-link-position-24\" style=\"font-size: 18.194174757282pt;\" aria-label=\"Lauro de Freitas (123 itens)\">Lauro de Freitas<\/a>\n<a href=\"https:\/\/www.comunicarmais.com.br\/site\/tag\/lazer\/\" class=\"tag-cloud-link tag-link-568 tag-link-position-25\" style=\"font-size: 9.2233009708738pt;\" aria-label=\"Lazer (26 itens)\">Lazer<\/a>\n<a href=\"https:\/\/www.comunicarmais.com.br\/site\/tag\/lula\/\" class=\"tag-cloud-link tag-link-416 tag-link-position-26\" style=\"font-size: 12.21359223301pt;\" aria-label=\"Lula (44 itens)\">Lula<\/a>\n<a href=\"https:\/\/www.comunicarmais.com.br\/site\/tag\/meio-ambiente\/\" class=\"tag-cloud-link tag-link-475 tag-link-position-27\" style=\"font-size: 12.21359223301pt;\" aria-label=\"Meio Ambiente (44 itens)\">Meio Ambiente<\/a>\n<a href=\"https:\/\/www.comunicarmais.com.br\/site\/tag\/mobilidade\/\" class=\"tag-cloud-link tag-link-278 tag-link-position-28\" style=\"font-size: 13.844660194175pt;\" aria-label=\"Mobilidade (58 itens)\">Mobilidade<\/a>\n<a href=\"https:\/\/www.comunicarmais.com.br\/site\/tag\/mulher\/\" class=\"tag-cloud-link tag-link-450 tag-link-position-29\" style=\"font-size: 13.300970873786pt;\" aria-label=\"mulher (53 itens)\">mulher<\/a>\n<a href=\"https:\/\/www.comunicarmais.com.br\/site\/tag\/musica-2\/\" class=\"tag-cloud-link tag-link-747 tag-link-position-30\" style=\"font-size: 12.21359223301pt;\" aria-label=\"M\u00fasica (44 itens)\">M\u00fasica<\/a>\n<a href=\"https:\/\/www.comunicarmais.com.br\/site\/tag\/pcba\/\" class=\"tag-cloud-link tag-link-1332 tag-link-position-31\" style=\"font-size: 15.067961165049pt;\" aria-label=\"PCBA (72 itens)\">PCBA<\/a>\n<a href=\"https:\/\/www.comunicarmais.com.br\/site\/tag\/pmba\/\" class=\"tag-cloud-link tag-link-53 tag-link-position-32\" style=\"font-size: 18.194174757282pt;\" aria-label=\"PMBA (123 itens)\">PMBA<\/a>\n<a href=\"https:\/\/www.comunicarmais.com.br\/site\/tag\/policia-federal\/\" class=\"tag-cloud-link tag-link-620 tag-link-position-33\" style=\"font-size: 8.9514563106796pt;\" aria-label=\"Pol\u00edcia Federal (25 itens)\">Pol\u00edcia Federal<\/a>\n<a href=\"https:\/\/www.comunicarmais.com.br\/site\/tag\/politica\/\" class=\"tag-cloud-link tag-link-495 tag-link-position-34\" style=\"font-size: 16.291262135922pt;\" aria-label=\"Pol\u00edtica (89 itens)\">Pol\u00edtica<\/a>\n<a href=\"https:\/\/www.comunicarmais.com.br\/site\/tag\/rio-de-janeiro\/\" class=\"tag-cloud-link tag-link-152 tag-link-position-35\" style=\"font-size: 9.9029126213592pt;\" aria-label=\"Rio de Janeiro (29 itens)\">Rio de Janeiro<\/a>\n<a href=\"https:\/\/www.comunicarmais.com.br\/site\/tag\/salvador\/\" class=\"tag-cloud-link tag-link-125 tag-link-position-36\" style=\"font-size: 22pt;\" aria-label=\"Salvador (235 itens)\">Salvador<\/a>\n<a href=\"https:\/\/www.comunicarmais.com.br\/site\/tag\/saude\/\" class=\"tag-cloud-link tag-link-42 tag-link-position-37\" style=\"font-size: 17.922330097087pt;\" aria-label=\"Sa\u00fade (116 itens)\">Sa\u00fade<\/a>\n<a href=\"https:\/\/www.comunicarmais.com.br\/site\/tag\/seguranca\/\" class=\"tag-cloud-link tag-link-48 tag-link-position-38\" style=\"font-size: 9.2233009708738pt;\" aria-label=\"Seguran\u00e7a (26 itens)\">Seguran\u00e7a<\/a>\n<a href=\"https:\/\/www.comunicarmais.com.br\/site\/tag\/ssp-ba\/\" class=\"tag-cloud-link tag-link-1937 tag-link-position-39\" style=\"font-size: 8.9514563106796pt;\" aria-label=\"SSP-BA (25 itens)\">SSP-BA<\/a>\n<a href=\"https:\/\/www.comunicarmais.com.br\/site\/tag\/sspba\/\" class=\"tag-cloud-link tag-link-144 tag-link-position-40\" style=\"font-size: 11.398058252427pt;\" aria-label=\"SSPBA (38 itens)\">SSPBA<\/a>\n<a href=\"https:\/\/www.comunicarmais.com.br\/site\/tag\/stf\/\" class=\"tag-cloud-link tag-link-68 tag-link-position-41\" style=\"font-size: 14.252427184466pt;\" aria-label=\"STF (62 itens)\">STF<\/a>\n<a href=\"https:\/\/www.comunicarmais.com.br\/site\/tag\/sao-paulo\/\" class=\"tag-cloud-link tag-link-612 tag-link-position-42\" style=\"font-size: 8pt;\" aria-label=\"S\u00e3o Paulo (21 itens)\">S\u00e3o Paulo<\/a>\n<a href=\"https:\/\/www.comunicarmais.com.br\/site\/tag\/transito-2\/\" class=\"tag-cloud-link tag-link-377 tag-link-position-43\" style=\"font-size: 8.2718446601942pt;\" aria-label=\"tr\u00e2nsito (22 itens)\">tr\u00e2nsito<\/a>\n<a href=\"https:\/\/www.comunicarmais.com.br\/site\/tag\/turismo\/\" class=\"tag-cloud-link tag-link-225 tag-link-position-44\" style=\"font-size: 9.9029126213592pt;\" aria-label=\"Turismo (29 itens)\">Turismo<\/a>\n<a href=\"https:\/\/www.comunicarmais.com.br\/site\/tag\/uruguai\/\" class=\"tag-cloud-link tag-link-323 tag-link-position-45\" style=\"font-size: 9.631067961165pt;\" aria-label=\"Uruguai (28 itens)\">Uruguai<\/a><\/p>","protected":false},"excerpt":{"rendered":"<p>Grupo Os Geraldos, de Campinas, SP, traz o espet\u00e1culo de Gabriel Villela e Claudia Barral e realiza resid\u00eancia Art\u00edstica<\/p>\n","protected":false},"author":2,"featured_media":4299,"comment_status":"open","ping_status":"open","sticky":false,"template":"","format":"standard","meta":{"_acf_changed":false,"footnotes":""},"categories":[11],"tags":[231,997,702],"class_list":["post-4298","post","type-post","status-publish","format-standard","has-post-thumbnail","hentry","category-cultura-lazer","tag-cultura","tag-tca","tag-teatro"],"acf":[],"yoast_head":"<!-- This site is optimized with the Yoast SEO plugin v26.1.1 - https:\/\/yoast.com\/wordpress\/plugins\/seo\/ -->\n<title>\u201cCordel do Amor sem Fim - ou A Flor do Chico\u201d entra em cartaz neste final de semana na Sala do Coro do TCA - Comunicar Mais<\/title>\n<meta name=\"description\" content=\"Grupo Os Geraldos, de Campinas, SP, traz o espet\u00e1culo de Gabriel Villela e Claudia Barral e realiza resid\u00eancia Art\u00edstica\" \/>\n<meta name=\"robots\" content=\"index, follow, max-snippet:-1, max-image-preview:large, max-video-preview:-1\" \/>\n<link rel=\"canonical\" href=\"https:\/\/www.comunicarmais.com.br\/site\/2024\/09\/11\/cordel-do-amor-sem-fim-ou-a-flor-do-chico-entra-em-cartaz-neste-final-de-semana-na-sala-do-coro-do-tca\/\" \/>\n<meta property=\"og:locale\" content=\"pt_BR\" \/>\n<meta property=\"og:type\" content=\"article\" \/>\n<meta property=\"og:title\" content=\"\u201cCordel do Amor sem Fim - ou A Flor do Chico\u201d entra em cartaz neste final de semana na Sala do Coro do TCA - Comunicar Mais\" \/>\n<meta property=\"og:description\" content=\"Grupo Os Geraldos, de Campinas, SP, traz o espet\u00e1culo de Gabriel Villela e Claudia Barral e realiza resid\u00eancia Art\u00edstica\" \/>\n<meta property=\"og:url\" content=\"https:\/\/www.comunicarmais.com.br\/site\/2024\/09\/11\/cordel-do-amor-sem-fim-ou-a-flor-do-chico-entra-em-cartaz-neste-final-de-semana-na-sala-do-coro-do-tca\/\" \/>\n<meta property=\"og:site_name\" content=\"Comunicar Mais\" \/>\n<meta property=\"article:publisher\" content=\"https:\/\/www.facebook.com\/comunicarmais\/\" \/>\n<meta property=\"article:author\" content=\"https:\/\/www.facebook.com\/comunicarmais\/\" \/>\n<meta property=\"article:published_time\" content=\"2024-09-11T19:52:00+00:00\" \/>\n<meta property=\"article:modified_time\" content=\"2024-09-12T02:32:09+00:00\" \/>\n<meta property=\"og:image\" content=\"https:\/\/www.comunicarmais.com.br\/site\/wp-content\/uploads\/2024\/09\/WhatsApp-Image-2024-09-11-at-16.26.39.jpeg\" \/>\n\t<meta property=\"og:image:width\" content=\"1600\" \/>\n\t<meta property=\"og:image:height\" content=\"1123\" \/>\n\t<meta property=\"og:image:type\" content=\"image\/jpeg\" \/>\n<meta name=\"author\" content=\"Comunicar Mais\" \/>\n<meta name=\"twitter:card\" content=\"summary_large_image\" \/>\n<meta name=\"twitter:creator\" content=\"@ComunicarmaisBA\" \/>\n<meta name=\"twitter:site\" content=\"@ComunicarmaisBA\" \/>\n<meta name=\"twitter:label1\" content=\"Escrito por\" \/>\n\t<meta name=\"twitter:data1\" content=\"Comunicar Mais\" \/>\n\t<meta name=\"twitter:label2\" content=\"Est. tempo de leitura\" \/>\n\t<meta name=\"twitter:data2\" content=\"7 minutos\" \/>\n<script type=\"application\/ld+json\" class=\"yoast-schema-graph\">{\"@context\":\"https:\/\/schema.org\",\"@graph\":[{\"@type\":\"WebPage\",\"@id\":\"https:\/\/www.comunicarmais.com.br\/site\/2024\/09\/11\/cordel-do-amor-sem-fim-ou-a-flor-do-chico-entra-em-cartaz-neste-final-de-semana-na-sala-do-coro-do-tca\/\",\"url\":\"https:\/\/www.comunicarmais.com.br\/site\/2024\/09\/11\/cordel-do-amor-sem-fim-ou-a-flor-do-chico-entra-em-cartaz-neste-final-de-semana-na-sala-do-coro-do-tca\/\",\"name\":\"\u201cCordel do Amor sem Fim - ou A Flor do Chico\u201d entra em cartaz neste final de semana na Sala do Coro do TCA - Comunicar Mais\",\"isPartOf\":{\"@id\":\"https:\/\/www.comunicarmais.com.br\/site\/#website\"},\"primaryImageOfPage\":{\"@id\":\"https:\/\/www.comunicarmais.com.br\/site\/2024\/09\/11\/cordel-do-amor-sem-fim-ou-a-flor-do-chico-entra-em-cartaz-neste-final-de-semana-na-sala-do-coro-do-tca\/#primaryimage\"},\"image\":{\"@id\":\"https:\/\/www.comunicarmais.com.br\/site\/2024\/09\/11\/cordel-do-amor-sem-fim-ou-a-flor-do-chico-entra-em-cartaz-neste-final-de-semana-na-sala-do-coro-do-tca\/#primaryimage\"},\"thumbnailUrl\":\"https:\/\/www.comunicarmais.com.br\/site\/wp-content\/uploads\/2024\/09\/WhatsApp-Image-2024-09-11-at-16.26.39.jpeg\",\"datePublished\":\"2024-09-11T19:52:00+00:00\",\"dateModified\":\"2024-09-12T02:32:09+00:00\",\"author\":{\"@id\":\"https:\/\/www.comunicarmais.com.br\/site\/#\/schema\/person\/712f7b6b25b644e4a91c4173674cf284\"},\"description\":\"Grupo Os Geraldos, de Campinas, SP, traz o espet\u00e1culo de Gabriel Villela e Claudia Barral e realiza resid\u00eancia Art\u00edstica\",\"breadcrumb\":{\"@id\":\"https:\/\/www.comunicarmais.com.br\/site\/2024\/09\/11\/cordel-do-amor-sem-fim-ou-a-flor-do-chico-entra-em-cartaz-neste-final-de-semana-na-sala-do-coro-do-tca\/#breadcrumb\"},\"inLanguage\":\"pt-BR\",\"potentialAction\":[{\"@type\":\"ReadAction\",\"target\":[\"https:\/\/www.comunicarmais.com.br\/site\/2024\/09\/11\/cordel-do-amor-sem-fim-ou-a-flor-do-chico-entra-em-cartaz-neste-final-de-semana-na-sala-do-coro-do-tca\/\"]}]},{\"@type\":\"ImageObject\",\"inLanguage\":\"pt-BR\",\"@id\":\"https:\/\/www.comunicarmais.com.br\/site\/2024\/09\/11\/cordel-do-amor-sem-fim-ou-a-flor-do-chico-entra-em-cartaz-neste-final-de-semana-na-sala-do-coro-do-tca\/#primaryimage\",\"url\":\"https:\/\/www.comunicarmais.com.br\/site\/wp-content\/uploads\/2024\/09\/WhatsApp-Image-2024-09-11-at-16.26.39.jpeg\",\"contentUrl\":\"https:\/\/www.comunicarmais.com.br\/site\/wp-content\/uploads\/2024\/09\/WhatsApp-Image-2024-09-11-at-16.26.39.jpeg\",\"width\":1600,\"height\":1123},{\"@type\":\"BreadcrumbList\",\"@id\":\"https:\/\/www.comunicarmais.com.br\/site\/2024\/09\/11\/cordel-do-amor-sem-fim-ou-a-flor-do-chico-entra-em-cartaz-neste-final-de-semana-na-sala-do-coro-do-tca\/#breadcrumb\",\"itemListElement\":[{\"@type\":\"ListItem\",\"position\":1,\"name\":\"In\u00edcio\",\"item\":\"https:\/\/www.comunicarmais.com.br\/site\/\"},{\"@type\":\"ListItem\",\"position\":2,\"name\":\"\u201cCordel do Amor sem Fim &#8211; ou A Flor do Chico\u201d entra em cartaz neste final de semana na Sala do Coro do TCA\"}]},{\"@type\":\"WebSite\",\"@id\":\"https:\/\/www.comunicarmais.com.br\/site\/#website\",\"url\":\"https:\/\/www.comunicarmais.com.br\/site\/\",\"name\":\"Comunicar Mais\",\"description\":\"\",\"potentialAction\":[{\"@type\":\"SearchAction\",\"target\":{\"@type\":\"EntryPoint\",\"urlTemplate\":\"https:\/\/www.comunicarmais.com.br\/site\/?s={search_term_string}\"},\"query-input\":{\"@type\":\"PropertyValueSpecification\",\"valueRequired\":true,\"valueName\":\"search_term_string\"}}],\"inLanguage\":\"pt-BR\"},{\"@type\":\"Person\",\"@id\":\"https:\/\/www.comunicarmais.com.br\/site\/#\/schema\/person\/712f7b6b25b644e4a91c4173674cf284\",\"name\":\"Comunicar Mais\",\"image\":{\"@type\":\"ImageObject\",\"inLanguage\":\"pt-BR\",\"@id\":\"https:\/\/www.comunicarmais.com.br\/site\/#\/schema\/person\/image\/\",\"url\":\"https:\/\/secure.gravatar.com\/avatar\/9803218072e2c0dc265d3d787b54c2c33325e79f79732707fddfbf1efd82c678?s=96&d=mm&r=g\",\"contentUrl\":\"https:\/\/secure.gravatar.com\/avatar\/9803218072e2c0dc265d3d787b54c2c33325e79f79732707fddfbf1efd82c678?s=96&d=mm&r=g\",\"caption\":\"Comunicar Mais\"},\"description\":\"Deixe as ideologias com os ide\u00f3logos. Noticiamos fatos, n\u00e3o brigamos com eles. Aqui, voc\u00ea fica bem informado do que acontece no seu bairro e no mundo. Informar com \u00e9tica e responsabilidade s\u00e3o as bandeiras do Comunicarmais.\",\"sameAs\":[\"https:\/\/www.comunicarmais.com.br\/site\/\",\"https:\/\/www.facebook.com\/comunicarmais\/\",\"https:\/\/www.instagram.com\/comunicarmaisba\/\",\"https:\/\/x.com\/ComunicarmaisBA\"],\"url\":\"https:\/\/www.comunicarmais.com.br\/site\/author\/gerenciador\/\"}]}<\/script>\n<!-- \/ Yoast SEO plugin. -->","yoast_head_json":{"title":"\u201cCordel do Amor sem Fim - ou A Flor do Chico\u201d entra em cartaz neste final de semana na Sala do Coro do TCA - Comunicar Mais","description":"Grupo Os Geraldos, de Campinas, SP, traz o espet\u00e1culo de Gabriel Villela e Claudia Barral e realiza resid\u00eancia Art\u00edstica","robots":{"index":"index","follow":"follow","max-snippet":"max-snippet:-1","max-image-preview":"max-image-preview:large","max-video-preview":"max-video-preview:-1"},"canonical":"https:\/\/www.comunicarmais.com.br\/site\/2024\/09\/11\/cordel-do-amor-sem-fim-ou-a-flor-do-chico-entra-em-cartaz-neste-final-de-semana-na-sala-do-coro-do-tca\/","og_locale":"pt_BR","og_type":"article","og_title":"\u201cCordel do Amor sem Fim - ou A Flor do Chico\u201d entra em cartaz neste final de semana na Sala do Coro do TCA - Comunicar Mais","og_description":"Grupo Os Geraldos, de Campinas, SP, traz o espet\u00e1culo de Gabriel Villela e Claudia Barral e realiza resid\u00eancia Art\u00edstica","og_url":"https:\/\/www.comunicarmais.com.br\/site\/2024\/09\/11\/cordel-do-amor-sem-fim-ou-a-flor-do-chico-entra-em-cartaz-neste-final-de-semana-na-sala-do-coro-do-tca\/","og_site_name":"Comunicar Mais","article_publisher":"https:\/\/www.facebook.com\/comunicarmais\/","article_author":"https:\/\/www.facebook.com\/comunicarmais\/","article_published_time":"2024-09-11T19:52:00+00:00","article_modified_time":"2024-09-12T02:32:09+00:00","og_image":[{"width":1600,"height":1123,"url":"https:\/\/www.comunicarmais.com.br\/site\/wp-content\/uploads\/2024\/09\/WhatsApp-Image-2024-09-11-at-16.26.39.jpeg","type":"image\/jpeg"}],"author":"Comunicar Mais","twitter_card":"summary_large_image","twitter_creator":"@ComunicarmaisBA","twitter_site":"@ComunicarmaisBA","twitter_misc":{"Escrito por":"Comunicar Mais","Est. tempo de leitura":"7 minutos"},"schema":{"@context":"https:\/\/schema.org","@graph":[{"@type":"WebPage","@id":"https:\/\/www.comunicarmais.com.br\/site\/2024\/09\/11\/cordel-do-amor-sem-fim-ou-a-flor-do-chico-entra-em-cartaz-neste-final-de-semana-na-sala-do-coro-do-tca\/","url":"https:\/\/www.comunicarmais.com.br\/site\/2024\/09\/11\/cordel-do-amor-sem-fim-ou-a-flor-do-chico-entra-em-cartaz-neste-final-de-semana-na-sala-do-coro-do-tca\/","name":"\u201cCordel do Amor sem Fim - ou A Flor do Chico\u201d entra em cartaz neste final de semana na Sala do Coro do TCA - Comunicar Mais","isPartOf":{"@id":"https:\/\/www.comunicarmais.com.br\/site\/#website"},"primaryImageOfPage":{"@id":"https:\/\/www.comunicarmais.com.br\/site\/2024\/09\/11\/cordel-do-amor-sem-fim-ou-a-flor-do-chico-entra-em-cartaz-neste-final-de-semana-na-sala-do-coro-do-tca\/#primaryimage"},"image":{"@id":"https:\/\/www.comunicarmais.com.br\/site\/2024\/09\/11\/cordel-do-amor-sem-fim-ou-a-flor-do-chico-entra-em-cartaz-neste-final-de-semana-na-sala-do-coro-do-tca\/#primaryimage"},"thumbnailUrl":"https:\/\/www.comunicarmais.com.br\/site\/wp-content\/uploads\/2024\/09\/WhatsApp-Image-2024-09-11-at-16.26.39.jpeg","datePublished":"2024-09-11T19:52:00+00:00","dateModified":"2024-09-12T02:32:09+00:00","author":{"@id":"https:\/\/www.comunicarmais.com.br\/site\/#\/schema\/person\/712f7b6b25b644e4a91c4173674cf284"},"description":"Grupo Os Geraldos, de Campinas, SP, traz o espet\u00e1culo de Gabriel Villela e Claudia Barral e realiza resid\u00eancia Art\u00edstica","breadcrumb":{"@id":"https:\/\/www.comunicarmais.com.br\/site\/2024\/09\/11\/cordel-do-amor-sem-fim-ou-a-flor-do-chico-entra-em-cartaz-neste-final-de-semana-na-sala-do-coro-do-tca\/#breadcrumb"},"inLanguage":"pt-BR","potentialAction":[{"@type":"ReadAction","target":["https:\/\/www.comunicarmais.com.br\/site\/2024\/09\/11\/cordel-do-amor-sem-fim-ou-a-flor-do-chico-entra-em-cartaz-neste-final-de-semana-na-sala-do-coro-do-tca\/"]}]},{"@type":"ImageObject","inLanguage":"pt-BR","@id":"https:\/\/www.comunicarmais.com.br\/site\/2024\/09\/11\/cordel-do-amor-sem-fim-ou-a-flor-do-chico-entra-em-cartaz-neste-final-de-semana-na-sala-do-coro-do-tca\/#primaryimage","url":"https:\/\/www.comunicarmais.com.br\/site\/wp-content\/uploads\/2024\/09\/WhatsApp-Image-2024-09-11-at-16.26.39.jpeg","contentUrl":"https:\/\/www.comunicarmais.com.br\/site\/wp-content\/uploads\/2024\/09\/WhatsApp-Image-2024-09-11-at-16.26.39.jpeg","width":1600,"height":1123},{"@type":"BreadcrumbList","@id":"https:\/\/www.comunicarmais.com.br\/site\/2024\/09\/11\/cordel-do-amor-sem-fim-ou-a-flor-do-chico-entra-em-cartaz-neste-final-de-semana-na-sala-do-coro-do-tca\/#breadcrumb","itemListElement":[{"@type":"ListItem","position":1,"name":"In\u00edcio","item":"https:\/\/www.comunicarmais.com.br\/site\/"},{"@type":"ListItem","position":2,"name":"\u201cCordel do Amor sem Fim &#8211; ou A Flor do Chico\u201d entra em cartaz neste final de semana na Sala do Coro do TCA"}]},{"@type":"WebSite","@id":"https:\/\/www.comunicarmais.com.br\/site\/#website","url":"https:\/\/www.comunicarmais.com.br\/site\/","name":"Comunicar Mais","description":"","potentialAction":[{"@type":"SearchAction","target":{"@type":"EntryPoint","urlTemplate":"https:\/\/www.comunicarmais.com.br\/site\/?s={search_term_string}"},"query-input":{"@type":"PropertyValueSpecification","valueRequired":true,"valueName":"search_term_string"}}],"inLanguage":"pt-BR"},{"@type":"Person","@id":"https:\/\/www.comunicarmais.com.br\/site\/#\/schema\/person\/712f7b6b25b644e4a91c4173674cf284","name":"Comunicar Mais","image":{"@type":"ImageObject","inLanguage":"pt-BR","@id":"https:\/\/www.comunicarmais.com.br\/site\/#\/schema\/person\/image\/","url":"https:\/\/secure.gravatar.com\/avatar\/9803218072e2c0dc265d3d787b54c2c33325e79f79732707fddfbf1efd82c678?s=96&d=mm&r=g","contentUrl":"https:\/\/secure.gravatar.com\/avatar\/9803218072e2c0dc265d3d787b54c2c33325e79f79732707fddfbf1efd82c678?s=96&d=mm&r=g","caption":"Comunicar Mais"},"description":"Deixe as ideologias com os ide\u00f3logos. Noticiamos fatos, n\u00e3o brigamos com eles. Aqui, voc\u00ea fica bem informado do que acontece no seu bairro e no mundo. Informar com \u00e9tica e responsabilidade s\u00e3o as bandeiras do Comunicarmais.","sameAs":["https:\/\/www.comunicarmais.com.br\/site\/","https:\/\/www.facebook.com\/comunicarmais\/","https:\/\/www.instagram.com\/comunicarmaisba\/","https:\/\/x.com\/ComunicarmaisBA"],"url":"https:\/\/www.comunicarmais.com.br\/site\/author\/gerenciador\/"}]}},"_links":{"self":[{"href":"https:\/\/www.comunicarmais.com.br\/site\/wp-json\/wp\/v2\/posts\/4298","targetHints":{"allow":["GET"]}}],"collection":[{"href":"https:\/\/www.comunicarmais.com.br\/site\/wp-json\/wp\/v2\/posts"}],"about":[{"href":"https:\/\/www.comunicarmais.com.br\/site\/wp-json\/wp\/v2\/types\/post"}],"author":[{"embeddable":true,"href":"https:\/\/www.comunicarmais.com.br\/site\/wp-json\/wp\/v2\/users\/2"}],"replies":[{"embeddable":true,"href":"https:\/\/www.comunicarmais.com.br\/site\/wp-json\/wp\/v2\/comments?post=4298"}],"version-history":[{"count":1,"href":"https:\/\/www.comunicarmais.com.br\/site\/wp-json\/wp\/v2\/posts\/4298\/revisions"}],"predecessor-version":[{"id":4301,"href":"https:\/\/www.comunicarmais.com.br\/site\/wp-json\/wp\/v2\/posts\/4298\/revisions\/4301"}],"wp:featuredmedia":[{"embeddable":true,"href":"https:\/\/www.comunicarmais.com.br\/site\/wp-json\/wp\/v2\/media\/4299"}],"wp:attachment":[{"href":"https:\/\/www.comunicarmais.com.br\/site\/wp-json\/wp\/v2\/media?parent=4298"}],"wp:term":[{"taxonomy":"category","embeddable":true,"href":"https:\/\/www.comunicarmais.com.br\/site\/wp-json\/wp\/v2\/categories?post=4298"},{"taxonomy":"post_tag","embeddable":true,"href":"https:\/\/www.comunicarmais.com.br\/site\/wp-json\/wp\/v2\/tags?post=4298"}],"curies":[{"name":"wp","href":"https:\/\/api.w.org\/{rel}","templated":true}]}}