{"id":3558,"date":"2024-08-05T11:25:00","date_gmt":"2024-08-05T14:25:00","guid":{"rendered":"https:\/\/www.comunicarmais.com.br\/site\/?p=3558"},"modified":"2024-08-05T15:30:49","modified_gmt":"2024-08-05T18:30:49","slug":"buel-e-mais-quatro-procurados-entram-para-o-baralho-do-crime-da-ssp-ba","status":"publish","type":"post","link":"https:\/\/www.comunicarmais.com.br\/site\/2024\/08\/05\/buel-e-mais-quatro-procurados-entram-para-o-baralho-do-crime-da-ssp-ba\/","title":{"rendered":"Buel e mais quatro procurados entram para o Baralho do Crime da SSP-BA"},"content":{"rendered":"\n<p><strong>Informa\u00e7\u00f5es sobre os foragidos da Justi\u00e7a podem ser encaminhadas atrav\u00e9s do telefone 181 (Disque Den\u00fancia)<\/strong><\/p>\n\n\n\n<figure class=\"wp-block-image size-full\"><img decoding=\"async\" width=\"1200\" height=\"840\" data-src=\"https:\/\/www.comunicarmais.com.br\/site\/wp-content\/uploads\/2024\/08\/WhatsApp-Image-2024-08-05-at-10.42.56-1.jpeg\" alt=\"\" class=\"wp-image-3560 lazyload\" data-srcset=\"https:\/\/www.comunicarmais.com.br\/site\/wp-content\/uploads\/2024\/08\/WhatsApp-Image-2024-08-05-at-10.42.56-1.jpeg 1200w, https:\/\/www.comunicarmais.com.br\/site\/wp-content\/uploads\/2024\/08\/WhatsApp-Image-2024-08-05-at-10.42.56-1-1024x717.jpeg 1024w, https:\/\/www.comunicarmais.com.br\/site\/wp-content\/uploads\/2024\/08\/WhatsApp-Image-2024-08-05-at-10.42.56-1-768x538.jpeg 768w\" data-sizes=\"(max-width: 1200px) 100vw, 1200px\" src=\"data:image\/svg+xml;base64,PHN2ZyB3aWR0aD0iMSIgaGVpZ2h0PSIxIiB4bWxucz0iaHR0cDovL3d3dy53My5vcmcvMjAwMC9zdmciPjwvc3ZnPg==\" style=\"--smush-placeholder-width: 1200px; --smush-placeholder-aspect-ratio: 1200\/840;\" \/><\/figure>\n\n\n\n<p><strong>Reda\u00e7\u00e3o Mais &#8211;<\/strong> O naipe de \u2018Copas\u2019 do Baralho do Crime, ferramenta criada pela Secretaria da Seguran\u00e7a P\u00fablica para estimular a participa\u00e7\u00e3o dos baianos na busca e captura de foragidos da justi\u00e7a, foi atualizado, com imagens de cinco foragidos da justi\u00e7a.<\/p>\n\n\n\n<p>O novo \u2018Rei de Copas\u2019 \u00e9 Anderson Souza de Jesus, conhecido como \u201cBuel\u201d, \u201cCris\u201d ou \u201cEsquerdinha\u201d, que possui mandado de pris\u00e3o em aberto por tr\u00e1fico de drogas e associa\u00e7\u00e3o para o tr\u00e1fico.<\/p>\n\n\n\n<figure class=\"wp-block-image size-full\"><img decoding=\"async\" width=\"1200\" height=\"840\" data-src=\"https:\/\/www.comunicarmais.com.br\/site\/wp-content\/uploads\/2024\/08\/WhatsApp-Image-2024-08-05-at-10.42.57.jpeg\" alt=\"\" class=\"wp-image-3561 lazyload\" data-srcset=\"https:\/\/www.comunicarmais.com.br\/site\/wp-content\/uploads\/2024\/08\/WhatsApp-Image-2024-08-05-at-10.42.57.jpeg 1200w, https:\/\/www.comunicarmais.com.br\/site\/wp-content\/uploads\/2024\/08\/WhatsApp-Image-2024-08-05-at-10.42.57-1024x717.jpeg 1024w, https:\/\/www.comunicarmais.com.br\/site\/wp-content\/uploads\/2024\/08\/WhatsApp-Image-2024-08-05-at-10.42.57-768x538.jpeg 768w\" data-sizes=\"(max-width: 1200px) 100vw, 1200px\" src=\"data:image\/svg+xml;base64,PHN2ZyB3aWR0aD0iMSIgaGVpZ2h0PSIxIiB4bWxucz0iaHR0cDovL3d3dy53My5vcmcvMjAwMC9zdmciPjwvc3ZnPg==\" style=\"--smush-placeholder-width: 1200px; --smush-placeholder-aspect-ratio: 1200\/840;\" \/><\/figure>\n\n\n\n<p>Segundo investiga\u00e7\u00f5es do Departamento Especializado de Investiga\u00e7\u00e3o e Repress\u00e3o ao Narcotr\u00e1fico (Denarc) da Pol\u00edcia Civil, \u201cBuel\u201d pode estar escondido no estado do Rio de Janeiro e \u00e9 o principal fornecedor de armas para membros da organiza\u00e7\u00e3o criminosa que atua em Salvador e na Regi\u00e3o Metropolitana (RMS). Al\u00e9m de dominar a venda de entorpecentes em v\u00e1rias localidades da capital baiana, ele tamb\u00e9m \u00e9 o mandante de dezenas de homic\u00eddios.<\/p>\n\n\n\n<p>\u201cBuel\u201d \u00e9 considerado atualmente o alvo de maior prioridade da pol\u00edcia baiana. A Secret\u00e1ria da Seguran\u00e7a P\u00fablica do Estado da Bahia e as for\u00e7as policiais do Rio de Janeiro est\u00e3o trabalhando de forma conjunta para capturar o foragido.<\/p>\n\n\n\n<figure class=\"wp-block-image size-full\"><img decoding=\"async\" width=\"1200\" height=\"840\" data-src=\"https:\/\/www.comunicarmais.com.br\/site\/wp-content\/uploads\/2024\/08\/WhatsApp-Image-2024-08-05-at-10.42.58-1.jpeg\" alt=\"\" class=\"wp-image-3562 lazyload\" data-srcset=\"https:\/\/www.comunicarmais.com.br\/site\/wp-content\/uploads\/2024\/08\/WhatsApp-Image-2024-08-05-at-10.42.58-1.jpeg 1200w, https:\/\/www.comunicarmais.com.br\/site\/wp-content\/uploads\/2024\/08\/WhatsApp-Image-2024-08-05-at-10.42.58-1-1024x717.jpeg 1024w, https:\/\/www.comunicarmais.com.br\/site\/wp-content\/uploads\/2024\/08\/WhatsApp-Image-2024-08-05-at-10.42.58-1-768x538.jpeg 768w\" data-sizes=\"(max-width: 1200px) 100vw, 1200px\" src=\"data:image\/svg+xml;base64,PHN2ZyB3aWR0aD0iMSIgaGVpZ2h0PSIxIiB4bWxucz0iaHR0cDovL3d3dy53My5vcmcvMjAwMC9zdmciPjwvc3ZnPg==\" style=\"--smush-placeholder-width: 1200px; --smush-placeholder-aspect-ratio: 1200\/840;\" \/><\/figure>\n\n\n\n<p>Gutemberg Santana de Oliveira, o \u201cGuduval\u201d, passa a ilustrar a carta \u2018Dama de Copas\u2019. Atuante nas cidades de Nazar\u00e9 das Farinhas e Maragogipe, no Rec\u00f4ncavo Baiano, e no bairro de Val\u00e9ria, em Salvador, o foragido tem mandados de pris\u00e3o pelos crimes de homic\u00eddio, organiza\u00e7\u00e3o criminosa, associa\u00e7\u00e3o para o tr\u00e1fico e tr\u00e1fico de drogas.<\/p>\n\n\n\n<p>De acordo com as investiga\u00e7\u00f5es do Grupo de Atua\u00e7\u00e3o Especial de Combate \u00e0s Organiza\u00e7\u00f5es Criminosas e Investiga\u00e7\u00f5es Criminais (Gaeco), do Minist\u00e9rio P\u00fablico da Bahia, \u201cGuduval\u201d exerce a fun\u00e7\u00e3o de coordenador operacional da organiza\u00e7\u00e3o criminosa, sendo respons\u00e1vel pela log\u00edstica de distribui\u00e7\u00e3o de drogas para a capital e outras cidades do Rec\u00f4ncavo baiano, como Saubara.<br>Bra\u00e7o direito de Alan Santos Fonseca, o \u201cJunior Pial\u201d ou \u201cJP\u201d, atual \u2018As de Paus\u2019 do Baralho do Crime, \u201cGuduval\u201d foi alvo da Opera\u00e7\u00e3o Araitak, deflagrada pelo Departamento de Homic\u00eddios e Prote\u00e7\u00e3o \u00e0 Pessoa (DHPP), em setembro de 2022.<\/p>\n\n\n\n<figure class=\"wp-block-image size-full\"><img decoding=\"async\" width=\"1200\" height=\"840\" data-src=\"https:\/\/www.comunicarmais.com.br\/site\/wp-content\/uploads\/2024\/08\/WhatsApp-Image-2024-08-05-at-10.42.59.jpeg\" alt=\"\" class=\"wp-image-3563 lazyload\" data-srcset=\"https:\/\/www.comunicarmais.com.br\/site\/wp-content\/uploads\/2024\/08\/WhatsApp-Image-2024-08-05-at-10.42.59.jpeg 1200w, https:\/\/www.comunicarmais.com.br\/site\/wp-content\/uploads\/2024\/08\/WhatsApp-Image-2024-08-05-at-10.42.59-1024x717.jpeg 1024w, https:\/\/www.comunicarmais.com.br\/site\/wp-content\/uploads\/2024\/08\/WhatsApp-Image-2024-08-05-at-10.42.59-768x538.jpeg 768w\" data-sizes=\"(max-width: 1200px) 100vw, 1200px\" src=\"data:image\/svg+xml;base64,PHN2ZyB3aWR0aD0iMSIgaGVpZ2h0PSIxIiB4bWxucz0iaHR0cDovL3d3dy53My5vcmcvMjAwMC9zdmciPjwvc3ZnPg==\" style=\"--smush-placeholder-width: 1200px; --smush-placeholder-aspect-ratio: 1200\/840;\" \/><\/figure>\n\n\n\n<p>O novo \u2018Valete de Copas\u2019 \u00e9 Danilo Jos\u00e9 de Jesus Silva, o \u201cHaroldo\u201d, apontado como a lideran\u00e7a do tr\u00e1fico de drogas no bairro de Plataforma, principalmente nas localidades Conjunto Senhor do Bonfim e Bariri, em Salvador. Ele integra, pela segunda vez, a ferramenta, ap\u00f3s a primeira inser\u00e7\u00e3o em setembro de 2017, na carta \u2018Dois de Copas\u2019.<\/p>\n\n\n\n<p>Segundo informa\u00e7\u00f5es apresentadas pelo Minist\u00e9rio P\u00fablico, o grupo criminoso liderado por \u201cHaroldo\u201d, aproveitando-se do enfraquecimento das fac\u00e7\u00f5es rivais, em decorr\u00eancia de pris\u00f5es, promoveu ataques com atua\u00e7\u00e3o de \u201cbondes\u201d (grupos de pessoas fortemente armadas), com o objetivo de expandir os pontos de venda de entorpecentes para os territ\u00f3rios localizados nos bairros de Alto da Terezinha e Itacaranha.<\/p>\n\n\n\n<figure class=\"wp-block-image size-full\"><img decoding=\"async\" width=\"1200\" height=\"842\" data-src=\"https:\/\/www.comunicarmais.com.br\/site\/wp-content\/uploads\/2024\/08\/WhatsApp-Image-2024-08-05-at-10.42.58.jpeg\" alt=\"\" class=\"wp-image-3565 lazyload\" data-srcset=\"https:\/\/www.comunicarmais.com.br\/site\/wp-content\/uploads\/2024\/08\/WhatsApp-Image-2024-08-05-at-10.42.58.jpeg 1200w, https:\/\/www.comunicarmais.com.br\/site\/wp-content\/uploads\/2024\/08\/WhatsApp-Image-2024-08-05-at-10.42.58-1024x719.jpeg 1024w, https:\/\/www.comunicarmais.com.br\/site\/wp-content\/uploads\/2024\/08\/WhatsApp-Image-2024-08-05-at-10.42.58-768x539.jpeg 768w\" data-sizes=\"(max-width: 1200px) 100vw, 1200px\" src=\"data:image\/svg+xml;base64,PHN2ZyB3aWR0aD0iMSIgaGVpZ2h0PSIxIiB4bWxucz0iaHR0cDovL3d3dy53My5vcmcvMjAwMC9zdmciPjwvc3ZnPg==\" style=\"--smush-placeholder-width: 1200px; --smush-placeholder-aspect-ratio: 1200\/842;\" \/><\/figure>\n\n\n\n<p>Na carta \u2018Dez de Copas\u2019 foi inserido Anderson Silva Fagundes, conhecido como \u201cRalado\u201d. Integrante do mesmo grupo criminoso de \u201cJunior Pial\u201d, \u201cRalado\u201d \u00e9 procurado por homic\u00eddio e tr\u00e1fico de drogas, com atua\u00e7\u00e3o em Val\u00e9ria, bairro da capital e na regi\u00e3o de Maragogipe, no Rec\u00f4ncavo Baiano.<\/p>\n\n\n\n<p>De Vit\u00f3ria da Conquista, a cerca de 500 quil\u00f4metros de dist\u00e2ncia da capital baiana, Judson Santos de Oliveira, o \u201cLeozinho\u201d, possui mandado de pris\u00e3o por tr\u00e1fico de drogas e passa a ilustrar a carta \u2018Tr\u00eas de Copas\u2019.<\/p>\n\n\n<p class=\"wp-block-tag-cloud\"><a href=\"https:\/\/www.comunicarmais.com.br\/site\/tag\/bahia\/\" class=\"tag-cloud-link tag-link-171 tag-link-position-1\" style=\"font-size: 17.922330097087pt;\" aria-label=\"Bahia (116 itens)\">Bahia<\/a>\n<a href=\"https:\/\/www.comunicarmais.com.br\/site\/tag\/bolsonaro\/\" class=\"tag-cloud-link tag-link-112 tag-link-position-2\" style=\"font-size: 11.533980582524pt;\" aria-label=\"Bolsonaro (39 itens)\">Bolsonaro<\/a>\n<a href=\"https:\/\/www.comunicarmais.com.br\/site\/tag\/brasil\/\" class=\"tag-cloud-link tag-link-335 tag-link-position-3\" style=\"font-size: 13.029126213592pt;\" aria-label=\"Brasil (50 itens)\">Brasil<\/a>\n<a href=\"https:\/\/www.comunicarmais.com.br\/site\/tag\/camacari\/\" class=\"tag-cloud-link tag-link-435 tag-link-position-4\" style=\"font-size: 8.8155339805825pt;\" aria-label=\"Cama\u00e7ari (24 itens)\">Cama\u00e7ari<\/a>\n<a href=\"https:\/\/www.comunicarmais.com.br\/site\/tag\/carnaval\/\" class=\"tag-cloud-link tag-link-508 tag-link-position-5\" style=\"font-size: 12.893203883495pt;\" aria-label=\"Carnaval (49 itens)\">Carnaval<\/a>\n<a href=\"https:\/\/www.comunicarmais.com.br\/site\/tag\/cbx\/\" class=\"tag-cloud-link tag-link-1602 tag-link-position-6\" style=\"font-size: 11.398058252427pt;\" aria-label=\"CBX (38 itens)\">CBX<\/a>\n<a href=\"https:\/\/www.comunicarmais.com.br\/site\/tag\/cidade-baixa\/\" class=\"tag-cloud-link tag-link-456 tag-link-position-7\" style=\"font-size: 9.9029126213592pt;\" aria-label=\"Cidade Baixa (29 itens)\">Cidade Baixa<\/a>\n<a href=\"https:\/\/www.comunicarmais.com.br\/site\/tag\/cinema\/\" class=\"tag-cloud-link tag-link-985 tag-link-position-8\" style=\"font-size: 11.126213592233pt;\" aria-label=\"Cinema (36 itens)\">Cinema<\/a>\n<a href=\"https:\/\/www.comunicarmais.com.br\/site\/tag\/cultura\/\" class=\"tag-cloud-link tag-link-231 tag-link-position-9\" style=\"font-size: 12.349514563107pt;\" aria-label=\"Cultura (45 itens)\">Cultura<\/a>\n<a href=\"https:\/\/www.comunicarmais.com.br\/site\/tag\/drogas\/\" class=\"tag-cloud-link tag-link-165 tag-link-position-10\" style=\"font-size: 12.757281553398pt;\" aria-label=\"Drogas (48 itens)\">Drogas<\/a>\n<a href=\"https:\/\/www.comunicarmais.com.br\/site\/tag\/educacao\/\" class=\"tag-cloud-link tag-link-228 tag-link-position-11\" style=\"font-size: 12.621359223301pt;\" aria-label=\"Educa\u00e7\u00e3o (47 itens)\">Educa\u00e7\u00e3o<\/a>\n<a href=\"https:\/\/www.comunicarmais.com.br\/site\/tag\/ensino\/\" class=\"tag-cloud-link tag-link-233 tag-link-position-12\" style=\"font-size: 10.446601941748pt;\" aria-label=\"Ensino (32 itens)\">Ensino<\/a>\n<a href=\"https:\/\/www.comunicarmais.com.br\/site\/tag\/escola\/\" class=\"tag-cloud-link tag-link-229 tag-link-position-13\" style=\"font-size: 9.631067961165pt;\" aria-label=\"Escola (28 itens)\">Escola<\/a>\n<a href=\"https:\/\/www.comunicarmais.com.br\/site\/tag\/eua\/\" class=\"tag-cloud-link tag-link-664 tag-link-position-14\" style=\"font-size: 12.077669902913pt;\" aria-label=\"EUA (43 itens)\">EUA<\/a>\n<a href=\"https:\/\/www.comunicarmais.com.br\/site\/tag\/feira-de-santana\/\" class=\"tag-cloud-link tag-link-642 tag-link-position-15\" style=\"font-size: 9.2233009708738pt;\" aria-label=\"Feira de Santana (26 itens)\">Feira de Santana<\/a>\n<a href=\"https:\/\/www.comunicarmais.com.br\/site\/tag\/ficco\/\" class=\"tag-cloud-link tag-link-143 tag-link-position-16\" style=\"font-size: 9.2233009708738pt;\" aria-label=\"Ficco (26 itens)\">Ficco<\/a>\n<a href=\"https:\/\/www.comunicarmais.com.br\/site\/tag\/folia\/\" class=\"tag-cloud-link tag-link-566 tag-link-position-17\" style=\"font-size: 9.2233009708738pt;\" aria-label=\"Folia (26 itens)\">Folia<\/a>\n<a href=\"https:\/\/www.comunicarmais.com.br\/site\/tag\/futebol\/\" class=\"tag-cloud-link tag-link-40 tag-link-position-18\" style=\"font-size: 13.029126213592pt;\" aria-label=\"Futebol (50 itens)\">Futebol<\/a>\n<a href=\"https:\/\/www.comunicarmais.com.br\/site\/tag\/homicidio\/\" class=\"tag-cloud-link tag-link-101 tag-link-position-19\" style=\"font-size: 10.718446601942pt;\" aria-label=\"Homic\u00eddio (34 itens)\">Homic\u00eddio<\/a>\n<a href=\"https:\/\/www.comunicarmais.com.br\/site\/tag\/itapagipe\/\" class=\"tag-cloud-link tag-link-471 tag-link-position-20\" style=\"font-size: 10.038834951456pt;\" aria-label=\"Itapagipe (30 itens)\">Itapagipe<\/a>\n<a href=\"https:\/\/www.comunicarmais.com.br\/site\/tag\/itaparica\/\" class=\"tag-cloud-link tag-link-301 tag-link-position-21\" style=\"font-size: 8pt;\" aria-label=\"Itaparica (21 itens)\">Itaparica<\/a>\n<a href=\"https:\/\/www.comunicarmais.com.br\/site\/tag\/jeronimo-rodrigues\/\" class=\"tag-cloud-link tag-link-668 tag-link-position-22\" style=\"font-size: 8.2718446601942pt;\" aria-label=\"Jer\u00f4nimo Rodrigues (22 itens)\">Jer\u00f4nimo Rodrigues<\/a>\n<a href=\"https:\/\/www.comunicarmais.com.br\/site\/tag\/justica\/\" class=\"tag-cloud-link tag-link-361 tag-link-position-23\" style=\"font-size: 10.582524271845pt;\" aria-label=\"Justi\u00e7a (33 itens)\">Justi\u00e7a<\/a>\n<a href=\"https:\/\/www.comunicarmais.com.br\/site\/tag\/lauro-de-freitas\/\" class=\"tag-cloud-link tag-link-594 tag-link-position-24\" style=\"font-size: 18.194174757282pt;\" aria-label=\"Lauro de Freitas (123 itens)\">Lauro de Freitas<\/a>\n<a href=\"https:\/\/www.comunicarmais.com.br\/site\/tag\/lazer\/\" class=\"tag-cloud-link tag-link-568 tag-link-position-25\" style=\"font-size: 9.2233009708738pt;\" aria-label=\"Lazer (26 itens)\">Lazer<\/a>\n<a href=\"https:\/\/www.comunicarmais.com.br\/site\/tag\/lula\/\" class=\"tag-cloud-link tag-link-416 tag-link-position-26\" style=\"font-size: 12.21359223301pt;\" aria-label=\"Lula (44 itens)\">Lula<\/a>\n<a href=\"https:\/\/www.comunicarmais.com.br\/site\/tag\/meio-ambiente\/\" class=\"tag-cloud-link tag-link-475 tag-link-position-27\" style=\"font-size: 12.21359223301pt;\" aria-label=\"Meio Ambiente (44 itens)\">Meio Ambiente<\/a>\n<a href=\"https:\/\/www.comunicarmais.com.br\/site\/tag\/mobilidade\/\" class=\"tag-cloud-link tag-link-278 tag-link-position-28\" style=\"font-size: 13.844660194175pt;\" aria-label=\"Mobilidade (58 itens)\">Mobilidade<\/a>\n<a href=\"https:\/\/www.comunicarmais.com.br\/site\/tag\/mulher\/\" class=\"tag-cloud-link tag-link-450 tag-link-position-29\" style=\"font-size: 13.300970873786pt;\" aria-label=\"mulher (53 itens)\">mulher<\/a>\n<a href=\"https:\/\/www.comunicarmais.com.br\/site\/tag\/musica-2\/\" class=\"tag-cloud-link tag-link-747 tag-link-position-30\" style=\"font-size: 12.21359223301pt;\" aria-label=\"M\u00fasica (44 itens)\">M\u00fasica<\/a>\n<a href=\"https:\/\/www.comunicarmais.com.br\/site\/tag\/pcba\/\" class=\"tag-cloud-link tag-link-1332 tag-link-position-31\" style=\"font-size: 15.067961165049pt;\" aria-label=\"PCBA (72 itens)\">PCBA<\/a>\n<a href=\"https:\/\/www.comunicarmais.com.br\/site\/tag\/pmba\/\" class=\"tag-cloud-link tag-link-53 tag-link-position-32\" style=\"font-size: 18.194174757282pt;\" aria-label=\"PMBA (123 itens)\">PMBA<\/a>\n<a href=\"https:\/\/www.comunicarmais.com.br\/site\/tag\/policia-federal\/\" class=\"tag-cloud-link tag-link-620 tag-link-position-33\" style=\"font-size: 8.9514563106796pt;\" aria-label=\"Pol\u00edcia Federal (25 itens)\">Pol\u00edcia Federal<\/a>\n<a href=\"https:\/\/www.comunicarmais.com.br\/site\/tag\/politica\/\" class=\"tag-cloud-link tag-link-495 tag-link-position-34\" style=\"font-size: 16.291262135922pt;\" aria-label=\"Pol\u00edtica (89 itens)\">Pol\u00edtica<\/a>\n<a href=\"https:\/\/www.comunicarmais.com.br\/site\/tag\/rio-de-janeiro\/\" class=\"tag-cloud-link tag-link-152 tag-link-position-35\" style=\"font-size: 9.9029126213592pt;\" aria-label=\"Rio de Janeiro (29 itens)\">Rio de Janeiro<\/a>\n<a href=\"https:\/\/www.comunicarmais.com.br\/site\/tag\/salvador\/\" class=\"tag-cloud-link tag-link-125 tag-link-position-36\" style=\"font-size: 22pt;\" aria-label=\"Salvador (236 itens)\">Salvador<\/a>\n<a href=\"https:\/\/www.comunicarmais.com.br\/site\/tag\/saude\/\" class=\"tag-cloud-link tag-link-42 tag-link-position-37\" style=\"font-size: 17.922330097087pt;\" aria-label=\"Sa\u00fade (117 itens)\">Sa\u00fade<\/a>\n<a href=\"https:\/\/www.comunicarmais.com.br\/site\/tag\/seguranca\/\" class=\"tag-cloud-link tag-link-48 tag-link-position-38\" style=\"font-size: 9.2233009708738pt;\" aria-label=\"Seguran\u00e7a (26 itens)\">Seguran\u00e7a<\/a>\n<a href=\"https:\/\/www.comunicarmais.com.br\/site\/tag\/ssp-ba\/\" class=\"tag-cloud-link tag-link-1937 tag-link-position-39\" style=\"font-size: 8.9514563106796pt;\" aria-label=\"SSP-BA (25 itens)\">SSP-BA<\/a>\n<a href=\"https:\/\/www.comunicarmais.com.br\/site\/tag\/sspba\/\" class=\"tag-cloud-link tag-link-144 tag-link-position-40\" style=\"font-size: 11.398058252427pt;\" aria-label=\"SSPBA (38 itens)\">SSPBA<\/a>\n<a href=\"https:\/\/www.comunicarmais.com.br\/site\/tag\/stf\/\" class=\"tag-cloud-link tag-link-68 tag-link-position-41\" style=\"font-size: 14.252427184466pt;\" aria-label=\"STF (62 itens)\">STF<\/a>\n<a href=\"https:\/\/www.comunicarmais.com.br\/site\/tag\/sao-paulo\/\" class=\"tag-cloud-link tag-link-612 tag-link-position-42\" style=\"font-size: 8pt;\" aria-label=\"S\u00e3o Paulo (21 itens)\">S\u00e3o Paulo<\/a>\n<a href=\"https:\/\/www.comunicarmais.com.br\/site\/tag\/transito-2\/\" class=\"tag-cloud-link tag-link-377 tag-link-position-43\" style=\"font-size: 8.2718446601942pt;\" aria-label=\"tr\u00e2nsito (22 itens)\">tr\u00e2nsito<\/a>\n<a href=\"https:\/\/www.comunicarmais.com.br\/site\/tag\/turismo\/\" class=\"tag-cloud-link tag-link-225 tag-link-position-44\" style=\"font-size: 9.9029126213592pt;\" aria-label=\"Turismo (29 itens)\">Turismo<\/a>\n<a href=\"https:\/\/www.comunicarmais.com.br\/site\/tag\/uruguai\/\" class=\"tag-cloud-link tag-link-323 tag-link-position-45\" style=\"font-size: 9.631067961165pt;\" aria-label=\"Uruguai (28 itens)\">Uruguai<\/a><\/p>","protected":false},"excerpt":{"rendered":"<p>Informa\u00e7\u00f5es sobre os foragidos da Justi\u00e7a podem ser encaminhadas atrav\u00e9s do telefone 181 (Disque Den\u00fancia)<\/p>\n","protected":false},"author":2,"featured_media":3559,"comment_status":"open","ping_status":"open","sticky":false,"template":"","format":"standard","meta":{"_acf_changed":false,"footnotes":""},"categories":[50],"tags":[436,144,525],"class_list":["post-3558","post","type-post","status-publish","format-standard","has-post-thumbnail","hentry","category-seguranca","tag-baralho-do-crime","tag-sspba","tag-trafico-de-drogas-2"],"acf":[],"yoast_head":"<!-- This site is optimized with the Yoast SEO plugin v26.1.1 - https:\/\/yoast.com\/wordpress\/plugins\/seo\/ -->\n<title>Buel e mais quatro procurados entram para o Baralho do Crime da SSP-BA - Comunicar Mais<\/title>\n<meta name=\"description\" content=\"Informa\u00e7\u00f5es sobre os foragidos da Justi\u00e7a podem ser encaminhadas atrav\u00e9s do telefone 181 (Disque Den\u00fancia)\" \/>\n<meta name=\"robots\" content=\"index, follow, max-snippet:-1, max-image-preview:large, max-video-preview:-1\" \/>\n<link rel=\"canonical\" href=\"https:\/\/www.comunicarmais.com.br\/site\/2024\/08\/05\/buel-e-mais-quatro-procurados-entram-para-o-baralho-do-crime-da-ssp-ba\/\" \/>\n<meta property=\"og:locale\" content=\"pt_BR\" \/>\n<meta property=\"og:type\" content=\"article\" \/>\n<meta property=\"og:title\" content=\"Buel e mais quatro procurados entram para o Baralho do Crime da SSP-BA - Comunicar Mais\" \/>\n<meta property=\"og:description\" content=\"Informa\u00e7\u00f5es sobre os foragidos da Justi\u00e7a podem ser encaminhadas atrav\u00e9s do telefone 181 (Disque Den\u00fancia)\" \/>\n<meta property=\"og:url\" content=\"https:\/\/www.comunicarmais.com.br\/site\/2024\/08\/05\/buel-e-mais-quatro-procurados-entram-para-o-baralho-do-crime-da-ssp-ba\/\" \/>\n<meta property=\"og:site_name\" content=\"Comunicar Mais\" \/>\n<meta property=\"article:publisher\" content=\"https:\/\/www.facebook.com\/comunicarmais\/\" \/>\n<meta property=\"article:author\" content=\"https:\/\/www.facebook.com\/comunicarmais\/\" \/>\n<meta property=\"article:published_time\" content=\"2024-08-05T14:25:00+00:00\" \/>\n<meta property=\"article:modified_time\" content=\"2024-08-05T18:30:49+00:00\" \/>\n<meta property=\"og:image\" content=\"https:\/\/www.comunicarmais.com.br\/site\/wp-content\/uploads\/2024\/08\/WhatsApp-Image-2024-08-05-at-10.42.56.jpeg\" \/>\n\t<meta property=\"og:image:width\" content=\"1200\" \/>\n\t<meta property=\"og:image:height\" content=\"840\" \/>\n\t<meta property=\"og:image:type\" content=\"image\/jpeg\" \/>\n<meta name=\"author\" content=\"Comunicar Mais\" \/>\n<meta name=\"twitter:card\" content=\"summary_large_image\" \/>\n<meta name=\"twitter:creator\" content=\"@ComunicarmaisBA\" \/>\n<meta name=\"twitter:site\" content=\"@ComunicarmaisBA\" \/>\n<meta name=\"twitter:label1\" content=\"Escrito por\" \/>\n\t<meta name=\"twitter:data1\" content=\"Comunicar Mais\" \/>\n\t<meta name=\"twitter:label2\" content=\"Est. tempo de leitura\" \/>\n\t<meta name=\"twitter:data2\" content=\"5 minutos\" \/>\n<script type=\"application\/ld+json\" class=\"yoast-schema-graph\">{\"@context\":\"https:\/\/schema.org\",\"@graph\":[{\"@type\":\"WebPage\",\"@id\":\"https:\/\/www.comunicarmais.com.br\/site\/2024\/08\/05\/buel-e-mais-quatro-procurados-entram-para-o-baralho-do-crime-da-ssp-ba\/\",\"url\":\"https:\/\/www.comunicarmais.com.br\/site\/2024\/08\/05\/buel-e-mais-quatro-procurados-entram-para-o-baralho-do-crime-da-ssp-ba\/\",\"name\":\"Buel e mais quatro procurados entram para o Baralho do Crime da SSP-BA - Comunicar Mais\",\"isPartOf\":{\"@id\":\"https:\/\/www.comunicarmais.com.br\/site\/#website\"},\"primaryImageOfPage\":{\"@id\":\"https:\/\/www.comunicarmais.com.br\/site\/2024\/08\/05\/buel-e-mais-quatro-procurados-entram-para-o-baralho-do-crime-da-ssp-ba\/#primaryimage\"},\"image\":{\"@id\":\"https:\/\/www.comunicarmais.com.br\/site\/2024\/08\/05\/buel-e-mais-quatro-procurados-entram-para-o-baralho-do-crime-da-ssp-ba\/#primaryimage\"},\"thumbnailUrl\":\"https:\/\/www.comunicarmais.com.br\/site\/wp-content\/uploads\/2024\/08\/WhatsApp-Image-2024-08-05-at-10.42.56.jpeg\",\"datePublished\":\"2024-08-05T14:25:00+00:00\",\"dateModified\":\"2024-08-05T18:30:49+00:00\",\"author\":{\"@id\":\"https:\/\/www.comunicarmais.com.br\/site\/#\/schema\/person\/712f7b6b25b644e4a91c4173674cf284\"},\"description\":\"Informa\u00e7\u00f5es sobre os foragidos da Justi\u00e7a podem ser encaminhadas atrav\u00e9s do telefone 181 (Disque Den\u00fancia)\",\"breadcrumb\":{\"@id\":\"https:\/\/www.comunicarmais.com.br\/site\/2024\/08\/05\/buel-e-mais-quatro-procurados-entram-para-o-baralho-do-crime-da-ssp-ba\/#breadcrumb\"},\"inLanguage\":\"pt-BR\",\"potentialAction\":[{\"@type\":\"ReadAction\",\"target\":[\"https:\/\/www.comunicarmais.com.br\/site\/2024\/08\/05\/buel-e-mais-quatro-procurados-entram-para-o-baralho-do-crime-da-ssp-ba\/\"]}]},{\"@type\":\"ImageObject\",\"inLanguage\":\"pt-BR\",\"@id\":\"https:\/\/www.comunicarmais.com.br\/site\/2024\/08\/05\/buel-e-mais-quatro-procurados-entram-para-o-baralho-do-crime-da-ssp-ba\/#primaryimage\",\"url\":\"https:\/\/www.comunicarmais.com.br\/site\/wp-content\/uploads\/2024\/08\/WhatsApp-Image-2024-08-05-at-10.42.56.jpeg\",\"contentUrl\":\"https:\/\/www.comunicarmais.com.br\/site\/wp-content\/uploads\/2024\/08\/WhatsApp-Image-2024-08-05-at-10.42.56.jpeg\",\"width\":1200,\"height\":840},{\"@type\":\"BreadcrumbList\",\"@id\":\"https:\/\/www.comunicarmais.com.br\/site\/2024\/08\/05\/buel-e-mais-quatro-procurados-entram-para-o-baralho-do-crime-da-ssp-ba\/#breadcrumb\",\"itemListElement\":[{\"@type\":\"ListItem\",\"position\":1,\"name\":\"In\u00edcio\",\"item\":\"https:\/\/www.comunicarmais.com.br\/site\/\"},{\"@type\":\"ListItem\",\"position\":2,\"name\":\"Buel e mais quatro procurados entram para o Baralho do Crime da SSP-BA\"}]},{\"@type\":\"WebSite\",\"@id\":\"https:\/\/www.comunicarmais.com.br\/site\/#website\",\"url\":\"https:\/\/www.comunicarmais.com.br\/site\/\",\"name\":\"Comunicar Mais\",\"description\":\"\",\"potentialAction\":[{\"@type\":\"SearchAction\",\"target\":{\"@type\":\"EntryPoint\",\"urlTemplate\":\"https:\/\/www.comunicarmais.com.br\/site\/?s={search_term_string}\"},\"query-input\":{\"@type\":\"PropertyValueSpecification\",\"valueRequired\":true,\"valueName\":\"search_term_string\"}}],\"inLanguage\":\"pt-BR\"},{\"@type\":\"Person\",\"@id\":\"https:\/\/www.comunicarmais.com.br\/site\/#\/schema\/person\/712f7b6b25b644e4a91c4173674cf284\",\"name\":\"Comunicar Mais\",\"image\":{\"@type\":\"ImageObject\",\"inLanguage\":\"pt-BR\",\"@id\":\"https:\/\/www.comunicarmais.com.br\/site\/#\/schema\/person\/image\/\",\"url\":\"https:\/\/secure.gravatar.com\/avatar\/9803218072e2c0dc265d3d787b54c2c33325e79f79732707fddfbf1efd82c678?s=96&d=mm&r=g\",\"contentUrl\":\"https:\/\/secure.gravatar.com\/avatar\/9803218072e2c0dc265d3d787b54c2c33325e79f79732707fddfbf1efd82c678?s=96&d=mm&r=g\",\"caption\":\"Comunicar Mais\"},\"description\":\"Deixe as ideologias com os ide\u00f3logos. Noticiamos fatos, n\u00e3o brigamos com eles. Aqui, voc\u00ea fica bem informado do que acontece no seu bairro e no mundo. Informar com \u00e9tica e responsabilidade s\u00e3o as bandeiras do Comunicarmais.\",\"sameAs\":[\"https:\/\/www.comunicarmais.com.br\/site\/\",\"https:\/\/www.facebook.com\/comunicarmais\/\",\"https:\/\/www.instagram.com\/comunicarmaisba\/\",\"https:\/\/x.com\/ComunicarmaisBA\"],\"url\":\"https:\/\/www.comunicarmais.com.br\/site\/author\/gerenciador\/\"}]}<\/script>\n<!-- \/ Yoast SEO plugin. -->","yoast_head_json":{"title":"Buel e mais quatro procurados entram para o Baralho do Crime da SSP-BA - Comunicar Mais","description":"Informa\u00e7\u00f5es sobre os foragidos da Justi\u00e7a podem ser encaminhadas atrav\u00e9s do telefone 181 (Disque Den\u00fancia)","robots":{"index":"index","follow":"follow","max-snippet":"max-snippet:-1","max-image-preview":"max-image-preview:large","max-video-preview":"max-video-preview:-1"},"canonical":"https:\/\/www.comunicarmais.com.br\/site\/2024\/08\/05\/buel-e-mais-quatro-procurados-entram-para-o-baralho-do-crime-da-ssp-ba\/","og_locale":"pt_BR","og_type":"article","og_title":"Buel e mais quatro procurados entram para o Baralho do Crime da SSP-BA - Comunicar Mais","og_description":"Informa\u00e7\u00f5es sobre os foragidos da Justi\u00e7a podem ser encaminhadas atrav\u00e9s do telefone 181 (Disque Den\u00fancia)","og_url":"https:\/\/www.comunicarmais.com.br\/site\/2024\/08\/05\/buel-e-mais-quatro-procurados-entram-para-o-baralho-do-crime-da-ssp-ba\/","og_site_name":"Comunicar Mais","article_publisher":"https:\/\/www.facebook.com\/comunicarmais\/","article_author":"https:\/\/www.facebook.com\/comunicarmais\/","article_published_time":"2024-08-05T14:25:00+00:00","article_modified_time":"2024-08-05T18:30:49+00:00","og_image":[{"width":1200,"height":840,"url":"https:\/\/www.comunicarmais.com.br\/site\/wp-content\/uploads\/2024\/08\/WhatsApp-Image-2024-08-05-at-10.42.56.jpeg","type":"image\/jpeg"}],"author":"Comunicar Mais","twitter_card":"summary_large_image","twitter_creator":"@ComunicarmaisBA","twitter_site":"@ComunicarmaisBA","twitter_misc":{"Escrito por":"Comunicar Mais","Est. tempo de leitura":"5 minutos"},"schema":{"@context":"https:\/\/schema.org","@graph":[{"@type":"WebPage","@id":"https:\/\/www.comunicarmais.com.br\/site\/2024\/08\/05\/buel-e-mais-quatro-procurados-entram-para-o-baralho-do-crime-da-ssp-ba\/","url":"https:\/\/www.comunicarmais.com.br\/site\/2024\/08\/05\/buel-e-mais-quatro-procurados-entram-para-o-baralho-do-crime-da-ssp-ba\/","name":"Buel e mais quatro procurados entram para o Baralho do Crime da SSP-BA - Comunicar Mais","isPartOf":{"@id":"https:\/\/www.comunicarmais.com.br\/site\/#website"},"primaryImageOfPage":{"@id":"https:\/\/www.comunicarmais.com.br\/site\/2024\/08\/05\/buel-e-mais-quatro-procurados-entram-para-o-baralho-do-crime-da-ssp-ba\/#primaryimage"},"image":{"@id":"https:\/\/www.comunicarmais.com.br\/site\/2024\/08\/05\/buel-e-mais-quatro-procurados-entram-para-o-baralho-do-crime-da-ssp-ba\/#primaryimage"},"thumbnailUrl":"https:\/\/www.comunicarmais.com.br\/site\/wp-content\/uploads\/2024\/08\/WhatsApp-Image-2024-08-05-at-10.42.56.jpeg","datePublished":"2024-08-05T14:25:00+00:00","dateModified":"2024-08-05T18:30:49+00:00","author":{"@id":"https:\/\/www.comunicarmais.com.br\/site\/#\/schema\/person\/712f7b6b25b644e4a91c4173674cf284"},"description":"Informa\u00e7\u00f5es sobre os foragidos da Justi\u00e7a podem ser encaminhadas atrav\u00e9s do telefone 181 (Disque Den\u00fancia)","breadcrumb":{"@id":"https:\/\/www.comunicarmais.com.br\/site\/2024\/08\/05\/buel-e-mais-quatro-procurados-entram-para-o-baralho-do-crime-da-ssp-ba\/#breadcrumb"},"inLanguage":"pt-BR","potentialAction":[{"@type":"ReadAction","target":["https:\/\/www.comunicarmais.com.br\/site\/2024\/08\/05\/buel-e-mais-quatro-procurados-entram-para-o-baralho-do-crime-da-ssp-ba\/"]}]},{"@type":"ImageObject","inLanguage":"pt-BR","@id":"https:\/\/www.comunicarmais.com.br\/site\/2024\/08\/05\/buel-e-mais-quatro-procurados-entram-para-o-baralho-do-crime-da-ssp-ba\/#primaryimage","url":"https:\/\/www.comunicarmais.com.br\/site\/wp-content\/uploads\/2024\/08\/WhatsApp-Image-2024-08-05-at-10.42.56.jpeg","contentUrl":"https:\/\/www.comunicarmais.com.br\/site\/wp-content\/uploads\/2024\/08\/WhatsApp-Image-2024-08-05-at-10.42.56.jpeg","width":1200,"height":840},{"@type":"BreadcrumbList","@id":"https:\/\/www.comunicarmais.com.br\/site\/2024\/08\/05\/buel-e-mais-quatro-procurados-entram-para-o-baralho-do-crime-da-ssp-ba\/#breadcrumb","itemListElement":[{"@type":"ListItem","position":1,"name":"In\u00edcio","item":"https:\/\/www.comunicarmais.com.br\/site\/"},{"@type":"ListItem","position":2,"name":"Buel e mais quatro procurados entram para o Baralho do Crime da SSP-BA"}]},{"@type":"WebSite","@id":"https:\/\/www.comunicarmais.com.br\/site\/#website","url":"https:\/\/www.comunicarmais.com.br\/site\/","name":"Comunicar Mais","description":"","potentialAction":[{"@type":"SearchAction","target":{"@type":"EntryPoint","urlTemplate":"https:\/\/www.comunicarmais.com.br\/site\/?s={search_term_string}"},"query-input":{"@type":"PropertyValueSpecification","valueRequired":true,"valueName":"search_term_string"}}],"inLanguage":"pt-BR"},{"@type":"Person","@id":"https:\/\/www.comunicarmais.com.br\/site\/#\/schema\/person\/712f7b6b25b644e4a91c4173674cf284","name":"Comunicar Mais","image":{"@type":"ImageObject","inLanguage":"pt-BR","@id":"https:\/\/www.comunicarmais.com.br\/site\/#\/schema\/person\/image\/","url":"https:\/\/secure.gravatar.com\/avatar\/9803218072e2c0dc265d3d787b54c2c33325e79f79732707fddfbf1efd82c678?s=96&d=mm&r=g","contentUrl":"https:\/\/secure.gravatar.com\/avatar\/9803218072e2c0dc265d3d787b54c2c33325e79f79732707fddfbf1efd82c678?s=96&d=mm&r=g","caption":"Comunicar Mais"},"description":"Deixe as ideologias com os ide\u00f3logos. Noticiamos fatos, n\u00e3o brigamos com eles. Aqui, voc\u00ea fica bem informado do que acontece no seu bairro e no mundo. Informar com \u00e9tica e responsabilidade s\u00e3o as bandeiras do Comunicarmais.","sameAs":["https:\/\/www.comunicarmais.com.br\/site\/","https:\/\/www.facebook.com\/comunicarmais\/","https:\/\/www.instagram.com\/comunicarmaisba\/","https:\/\/x.com\/ComunicarmaisBA"],"url":"https:\/\/www.comunicarmais.com.br\/site\/author\/gerenciador\/"}]}},"_links":{"self":[{"href":"https:\/\/www.comunicarmais.com.br\/site\/wp-json\/wp\/v2\/posts\/3558","targetHints":{"allow":["GET"]}}],"collection":[{"href":"https:\/\/www.comunicarmais.com.br\/site\/wp-json\/wp\/v2\/posts"}],"about":[{"href":"https:\/\/www.comunicarmais.com.br\/site\/wp-json\/wp\/v2\/types\/post"}],"author":[{"embeddable":true,"href":"https:\/\/www.comunicarmais.com.br\/site\/wp-json\/wp\/v2\/users\/2"}],"replies":[{"embeddable":true,"href":"https:\/\/www.comunicarmais.com.br\/site\/wp-json\/wp\/v2\/comments?post=3558"}],"version-history":[{"count":1,"href":"https:\/\/www.comunicarmais.com.br\/site\/wp-json\/wp\/v2\/posts\/3558\/revisions"}],"predecessor-version":[{"id":3566,"href":"https:\/\/www.comunicarmais.com.br\/site\/wp-json\/wp\/v2\/posts\/3558\/revisions\/3566"}],"wp:featuredmedia":[{"embeddable":true,"href":"https:\/\/www.comunicarmais.com.br\/site\/wp-json\/wp\/v2\/media\/3559"}],"wp:attachment":[{"href":"https:\/\/www.comunicarmais.com.br\/site\/wp-json\/wp\/v2\/media?parent=3558"}],"wp:term":[{"taxonomy":"category","embeddable":true,"href":"https:\/\/www.comunicarmais.com.br\/site\/wp-json\/wp\/v2\/categories?post=3558"},{"taxonomy":"post_tag","embeddable":true,"href":"https:\/\/www.comunicarmais.com.br\/site\/wp-json\/wp\/v2\/tags?post=3558"}],"curies":[{"name":"wp","href":"https:\/\/api.w.org\/{rel}","templated":true}]}}