{"id":3480,"date":"2024-07-30T16:21:00","date_gmt":"2024-07-30T19:21:00","guid":{"rendered":"https:\/\/www.comunicarmais.com.br\/site\/?p=3480"},"modified":"2024-07-30T20:34:27","modified_gmt":"2024-07-30T23:34:27","slug":"misterio-que-envolvia-desaparecimento-de-professora-em-camamu-e-desvendado","status":"publish","type":"post","link":"https:\/\/www.comunicarmais.com.br\/site\/2024\/07\/30\/misterio-que-envolvia-desaparecimento-de-professora-em-camamu-e-desvendado\/","title":{"rendered":"Mist\u00e9rio que envolvia desaparecimento de professora em Camamu \u00e9 desvendado"},"content":{"rendered":"\n<p><strong>Partes do corpo da mulher foram achadas por um ca\u00e7ador em uma cova rasa em Jiribatuba; marido da v\u00edtima responder\u00e1 pelos crimes de feminic\u00eddio, oculta\u00e7\u00e3o de cad\u00e1ver e c\u00e1rcere privado<\/strong><\/p>\n\n\n\n<figure class=\"wp-block-image size-full is-resized\"><img decoding=\"async\" width=\"797\" height=\"420\" data-src=\"https:\/\/www.comunicarmais.com.br\/site\/wp-content\/uploads\/2024\/07\/jiribatuba.png\" alt=\"\" class=\"wp-image-3482 lazyload\" style=\"--smush-placeholder-width: 797px; --smush-placeholder-aspect-ratio: 797\/420;width:840px;height:auto\" data-srcset=\"https:\/\/www.comunicarmais.com.br\/site\/wp-content\/uploads\/2024\/07\/jiribatuba.png 797w, https:\/\/www.comunicarmais.com.br\/site\/wp-content\/uploads\/2024\/07\/jiribatuba-768x405.png 768w\" data-sizes=\"(max-width: 797px) 100vw, 797px\" src=\"data:image\/svg+xml;base64,PHN2ZyB3aWR0aD0iMSIgaGVpZ2h0PSIxIiB4bWxucz0iaHR0cDovL3d3dy53My5vcmcvMjAwMC9zdmciPjwvc3ZnPg==\" \/><figcaption class=\"wp-element-caption\"><em><sup>(Foto: reprodu\u00e7\u00e3o)<\/sup><\/em><\/figcaption><\/figure>\n\n\n\n<p><strong>Reda\u00e7\u00e3o Mais &#8211; <\/strong>O trabalho de investiga\u00e7\u00e3o realizado pelas equipes que comp\u00f5em a 5\u00aa Coordenadoria Regional de Pol\u00edcia do Interior (Coorpin\/Valen\u00e7a) colocou ponto final ao mist\u00e9rio que envolvia o desaparecimento da professora Ariane Lima dos Santos, 37 anos, vista pela \u00faltima vez no dia 25 de junho, na cidade de Camamu, no baixo sul da Bahia.<\/p>\n\n\n\n<p>No \u00faltimo s\u00e1bado (27), parte do corpo desmembrado da v\u00edtima &#8211; tronco, cabe\u00e7a e membros superiores -, foi localizado por um ca\u00e7ador, j\u00e1 em adiantado estado de decomposi\u00e7\u00e3o, em uma cova rasa nas imedia\u00e7\u00f5es do quil\u00f4metro 23, BA-001, na localidade conhecida como Jiribatuba, no munic\u00edpio de Vera Cruz. O principal suspeito de ser o autor do crime \u00e9 o ex-companheiro da v\u00edtima, com quem Ariane tinha um filho de cinco anos de idade.<\/p>\n\n\n\n<p><strong>Passo a passo &#8211; <\/strong>De posse de imagens de c\u00e2meras de seguran\u00e7a, os investigadores refizeram os passos da professora, que um dia ap\u00f3s o desaparecimento ligou para um parente relatando que estava sendo mantida em c\u00e1rcere privado pelo suspeito, em um s\u00edtio da regi\u00e3o. De posse dessas informa\u00e7\u00f5es e do depoimento de familiares sobre uma rela\u00e7\u00e3o baseada em agress\u00f5es e medo, a Pol\u00edcia Civil solicitou a pris\u00e3o tempor\u00e1ria do acusado, que foi prontamente atendida pela Justi\u00e7a.<\/p>\n\n\n\n<p>Com o aprofundamento das investiga\u00e7\u00f5es, o acusado acabou entrando em contradi\u00e7\u00f5es, o que levou a pol\u00edcia aos objetos que podem ter sido utilizados na execu\u00e7\u00e3o do crime, como um rev\u00f3lver municiado e apenas um proj\u00e9til deflagrado e uma motosserra que pode ter sido usada para esquartejar a v\u00edtima. O material est\u00e1 sendo submetido \u00e0 per\u00edcia que deve confirmar a den\u00fancia. Al\u00e9m disso, c\u00e3es farejadores do 23\u00ba Batalh\u00e3o de Pol\u00edcia Militar revelaram ind\u00edcios de que o acusado esteve no local onde os restos mortais foram encontrados.<\/p>\n\n\n\n<figure class=\"wp-block-image size-full is-resized\"><img decoding=\"async\" width=\"631\" height=\"510\" data-src=\"https:\/\/www.comunicarmais.com.br\/site\/wp-content\/uploads\/2024\/07\/WhatsApp-Image-2024-07-30-at-15.52.00.jpeg\" alt=\"\" class=\"wp-image-3481 lazyload\" style=\"--smush-placeholder-width: 631px; --smush-placeholder-aspect-ratio: 631\/510;width:840px;height:auto\" src=\"data:image\/svg+xml;base64,PHN2ZyB3aWR0aD0iMSIgaGVpZ2h0PSIxIiB4bWxucz0iaHR0cDovL3d3dy53My5vcmcvMjAwMC9zdmciPjwvc3ZnPg==\" \/><figcaption class=\"wp-element-caption\"><em><sup>(Foto: Ascom \/ PCBA)<\/sup><\/em><\/figcaption><\/figure>\n\n\n\n<p><strong>Crimes &#8211; <\/strong>\u201cO trabalho dos nossos investigadores foi impec\u00e1vel com todas as pe\u00e7as do xadrez devidamente encaixadas. Com agilidade e efici\u00eancia prendemos o suspeito apenas oito dias ap\u00f3s o desaparecimento da v\u00edtima e agora, menos de um m\u00eas depois do sumi\u00e7o da professora, representamos pela sua pris\u00e3o preventiva com toda materialidade do crime\u201d, pontua o Coordenador da 5\u00aa Coorpin, delegado Jos\u00e9 Raimundo Neri Pinto.<\/p>\n\n\n\n<p>Pela robustez das provas o Minist\u00e9rio P\u00fablico apresentou den\u00fancia contra o acusado pelos crimes de feminic\u00eddio duplamente qualificado, oculta\u00e7\u00e3o de cad\u00e1ver, posse ilegal de arma de fogo e c\u00e1rcere privado. O homem tamb\u00e9m responde pelo estupro de uma adolescente em Camamu.<\/p>\n\n\n<p class=\"wp-block-tag-cloud\"><a href=\"https:\/\/www.comunicarmais.com.br\/site\/tag\/bahia\/\" class=\"tag-cloud-link tag-link-171 tag-link-position-1\" style=\"font-size: 17.922330097087pt;\" aria-label=\"Bahia (116 itens)\">Bahia<\/a>\n<a href=\"https:\/\/www.comunicarmais.com.br\/site\/tag\/bolsonaro\/\" class=\"tag-cloud-link tag-link-112 tag-link-position-2\" style=\"font-size: 11.533980582524pt;\" aria-label=\"Bolsonaro (39 itens)\">Bolsonaro<\/a>\n<a href=\"https:\/\/www.comunicarmais.com.br\/site\/tag\/brasil\/\" class=\"tag-cloud-link tag-link-335 tag-link-position-3\" style=\"font-size: 13.029126213592pt;\" aria-label=\"Brasil (50 itens)\">Brasil<\/a>\n<a href=\"https:\/\/www.comunicarmais.com.br\/site\/tag\/camacari\/\" class=\"tag-cloud-link tag-link-435 tag-link-position-4\" style=\"font-size: 8.8155339805825pt;\" aria-label=\"Cama\u00e7ari (24 itens)\">Cama\u00e7ari<\/a>\n<a href=\"https:\/\/www.comunicarmais.com.br\/site\/tag\/carnaval\/\" class=\"tag-cloud-link tag-link-508 tag-link-position-5\" style=\"font-size: 12.893203883495pt;\" aria-label=\"Carnaval (49 itens)\">Carnaval<\/a>\n<a href=\"https:\/\/www.comunicarmais.com.br\/site\/tag\/cbx\/\" class=\"tag-cloud-link tag-link-1602 tag-link-position-6\" style=\"font-size: 11.398058252427pt;\" aria-label=\"CBX (38 itens)\">CBX<\/a>\n<a href=\"https:\/\/www.comunicarmais.com.br\/site\/tag\/cidade-baixa\/\" class=\"tag-cloud-link tag-link-456 tag-link-position-7\" style=\"font-size: 9.9029126213592pt;\" aria-label=\"Cidade Baixa (29 itens)\">Cidade Baixa<\/a>\n<a href=\"https:\/\/www.comunicarmais.com.br\/site\/tag\/cinema\/\" class=\"tag-cloud-link tag-link-985 tag-link-position-8\" style=\"font-size: 11.126213592233pt;\" aria-label=\"Cinema (36 itens)\">Cinema<\/a>\n<a href=\"https:\/\/www.comunicarmais.com.br\/site\/tag\/cultura\/\" class=\"tag-cloud-link tag-link-231 tag-link-position-9\" style=\"font-size: 12.21359223301pt;\" aria-label=\"Cultura (44 itens)\">Cultura<\/a>\n<a href=\"https:\/\/www.comunicarmais.com.br\/site\/tag\/drogas\/\" class=\"tag-cloud-link tag-link-165 tag-link-position-10\" style=\"font-size: 12.757281553398pt;\" aria-label=\"Drogas (48 itens)\">Drogas<\/a>\n<a href=\"https:\/\/www.comunicarmais.com.br\/site\/tag\/educacao\/\" class=\"tag-cloud-link tag-link-228 tag-link-position-11\" style=\"font-size: 12.621359223301pt;\" aria-label=\"Educa\u00e7\u00e3o (47 itens)\">Educa\u00e7\u00e3o<\/a>\n<a href=\"https:\/\/www.comunicarmais.com.br\/site\/tag\/ensino\/\" class=\"tag-cloud-link tag-link-233 tag-link-position-12\" style=\"font-size: 10.446601941748pt;\" aria-label=\"Ensino (32 itens)\">Ensino<\/a>\n<a href=\"https:\/\/www.comunicarmais.com.br\/site\/tag\/escola\/\" class=\"tag-cloud-link tag-link-229 tag-link-position-13\" style=\"font-size: 9.631067961165pt;\" aria-label=\"Escola (28 itens)\">Escola<\/a>\n<a href=\"https:\/\/www.comunicarmais.com.br\/site\/tag\/eua\/\" class=\"tag-cloud-link tag-link-664 tag-link-position-14\" style=\"font-size: 12.077669902913pt;\" aria-label=\"EUA (43 itens)\">EUA<\/a>\n<a href=\"https:\/\/www.comunicarmais.com.br\/site\/tag\/feira-de-santana\/\" class=\"tag-cloud-link tag-link-642 tag-link-position-15\" style=\"font-size: 9.2233009708738pt;\" aria-label=\"Feira de Santana (26 itens)\">Feira de Santana<\/a>\n<a href=\"https:\/\/www.comunicarmais.com.br\/site\/tag\/ficco\/\" class=\"tag-cloud-link tag-link-143 tag-link-position-16\" style=\"font-size: 9.2233009708738pt;\" aria-label=\"Ficco (26 itens)\">Ficco<\/a>\n<a href=\"https:\/\/www.comunicarmais.com.br\/site\/tag\/folia\/\" class=\"tag-cloud-link tag-link-566 tag-link-position-17\" style=\"font-size: 9.2233009708738pt;\" aria-label=\"Folia (26 itens)\">Folia<\/a>\n<a href=\"https:\/\/www.comunicarmais.com.br\/site\/tag\/futebol\/\" class=\"tag-cloud-link tag-link-40 tag-link-position-18\" style=\"font-size: 13.029126213592pt;\" aria-label=\"Futebol (50 itens)\">Futebol<\/a>\n<a href=\"https:\/\/www.comunicarmais.com.br\/site\/tag\/homicidio\/\" class=\"tag-cloud-link tag-link-101 tag-link-position-19\" style=\"font-size: 10.582524271845pt;\" aria-label=\"Homic\u00eddio (33 itens)\">Homic\u00eddio<\/a>\n<a href=\"https:\/\/www.comunicarmais.com.br\/site\/tag\/itapagipe\/\" class=\"tag-cloud-link tag-link-471 tag-link-position-20\" style=\"font-size: 10.038834951456pt;\" aria-label=\"Itapagipe (30 itens)\">Itapagipe<\/a>\n<a href=\"https:\/\/www.comunicarmais.com.br\/site\/tag\/itaparica\/\" class=\"tag-cloud-link tag-link-301 tag-link-position-21\" style=\"font-size: 8pt;\" aria-label=\"Itaparica (21 itens)\">Itaparica<\/a>\n<a href=\"https:\/\/www.comunicarmais.com.br\/site\/tag\/jeronimo-rodrigues\/\" class=\"tag-cloud-link tag-link-668 tag-link-position-22\" style=\"font-size: 8.2718446601942pt;\" aria-label=\"Jer\u00f4nimo Rodrigues (22 itens)\">Jer\u00f4nimo Rodrigues<\/a>\n<a href=\"https:\/\/www.comunicarmais.com.br\/site\/tag\/justica\/\" class=\"tag-cloud-link tag-link-361 tag-link-position-23\" style=\"font-size: 10.582524271845pt;\" aria-label=\"Justi\u00e7a (33 itens)\">Justi\u00e7a<\/a>\n<a href=\"https:\/\/www.comunicarmais.com.br\/site\/tag\/lauro-de-freitas\/\" class=\"tag-cloud-link tag-link-594 tag-link-position-24\" style=\"font-size: 18.194174757282pt;\" aria-label=\"Lauro de Freitas (122 itens)\">Lauro de Freitas<\/a>\n<a href=\"https:\/\/www.comunicarmais.com.br\/site\/tag\/lazer\/\" class=\"tag-cloud-link tag-link-568 tag-link-position-25\" style=\"font-size: 9.2233009708738pt;\" aria-label=\"Lazer (26 itens)\">Lazer<\/a>\n<a href=\"https:\/\/www.comunicarmais.com.br\/site\/tag\/lula\/\" class=\"tag-cloud-link tag-link-416 tag-link-position-26\" style=\"font-size: 12.21359223301pt;\" aria-label=\"Lula (44 itens)\">Lula<\/a>\n<a href=\"https:\/\/www.comunicarmais.com.br\/site\/tag\/meio-ambiente\/\" class=\"tag-cloud-link tag-link-475 tag-link-position-27\" style=\"font-size: 12.21359223301pt;\" aria-label=\"Meio Ambiente (44 itens)\">Meio Ambiente<\/a>\n<a href=\"https:\/\/www.comunicarmais.com.br\/site\/tag\/mobilidade\/\" class=\"tag-cloud-link tag-link-278 tag-link-position-28\" style=\"font-size: 13.844660194175pt;\" aria-label=\"Mobilidade (58 itens)\">Mobilidade<\/a>\n<a href=\"https:\/\/www.comunicarmais.com.br\/site\/tag\/mulher\/\" class=\"tag-cloud-link tag-link-450 tag-link-position-29\" style=\"font-size: 13.300970873786pt;\" aria-label=\"mulher (53 itens)\">mulher<\/a>\n<a href=\"https:\/\/www.comunicarmais.com.br\/site\/tag\/musica-2\/\" class=\"tag-cloud-link tag-link-747 tag-link-position-30\" style=\"font-size: 12.21359223301pt;\" aria-label=\"M\u00fasica (44 itens)\">M\u00fasica<\/a>\n<a href=\"https:\/\/www.comunicarmais.com.br\/site\/tag\/pcba\/\" class=\"tag-cloud-link tag-link-1332 tag-link-position-31\" style=\"font-size: 15.067961165049pt;\" aria-label=\"PCBA (72 itens)\">PCBA<\/a>\n<a href=\"https:\/\/www.comunicarmais.com.br\/site\/tag\/pmba\/\" class=\"tag-cloud-link tag-link-53 tag-link-position-32\" style=\"font-size: 18.194174757282pt;\" aria-label=\"PMBA (123 itens)\">PMBA<\/a>\n<a href=\"https:\/\/www.comunicarmais.com.br\/site\/tag\/policia-federal\/\" class=\"tag-cloud-link tag-link-620 tag-link-position-33\" style=\"font-size: 8.9514563106796pt;\" aria-label=\"Pol\u00edcia Federal (25 itens)\">Pol\u00edcia Federal<\/a>\n<a href=\"https:\/\/www.comunicarmais.com.br\/site\/tag\/politica\/\" class=\"tag-cloud-link tag-link-495 tag-link-position-34\" style=\"font-size: 16.291262135922pt;\" aria-label=\"Pol\u00edtica (89 itens)\">Pol\u00edtica<\/a>\n<a href=\"https:\/\/www.comunicarmais.com.br\/site\/tag\/rio-de-janeiro\/\" class=\"tag-cloud-link tag-link-152 tag-link-position-35\" style=\"font-size: 9.9029126213592pt;\" aria-label=\"Rio de Janeiro (29 itens)\">Rio de Janeiro<\/a>\n<a href=\"https:\/\/www.comunicarmais.com.br\/site\/tag\/salvador\/\" class=\"tag-cloud-link tag-link-125 tag-link-position-36\" style=\"font-size: 22pt;\" aria-label=\"Salvador (234 itens)\">Salvador<\/a>\n<a href=\"https:\/\/www.comunicarmais.com.br\/site\/tag\/saude\/\" class=\"tag-cloud-link tag-link-42 tag-link-position-37\" style=\"font-size: 17.78640776699pt;\" aria-label=\"Sa\u00fade (115 itens)\">Sa\u00fade<\/a>\n<a href=\"https:\/\/www.comunicarmais.com.br\/site\/tag\/seguranca\/\" class=\"tag-cloud-link tag-link-48 tag-link-position-38\" style=\"font-size: 9.2233009708738pt;\" aria-label=\"Seguran\u00e7a (26 itens)\">Seguran\u00e7a<\/a>\n<a href=\"https:\/\/www.comunicarmais.com.br\/site\/tag\/ssp-ba\/\" class=\"tag-cloud-link tag-link-1937 tag-link-position-39\" style=\"font-size: 8.9514563106796pt;\" aria-label=\"SSP-BA (25 itens)\">SSP-BA<\/a>\n<a href=\"https:\/\/www.comunicarmais.com.br\/site\/tag\/sspba\/\" class=\"tag-cloud-link tag-link-144 tag-link-position-40\" style=\"font-size: 11.398058252427pt;\" aria-label=\"SSPBA (38 itens)\">SSPBA<\/a>\n<a href=\"https:\/\/www.comunicarmais.com.br\/site\/tag\/stf\/\" class=\"tag-cloud-link tag-link-68 tag-link-position-41\" style=\"font-size: 14.252427184466pt;\" aria-label=\"STF (62 itens)\">STF<\/a>\n<a href=\"https:\/\/www.comunicarmais.com.br\/site\/tag\/sao-paulo\/\" class=\"tag-cloud-link tag-link-612 tag-link-position-42\" style=\"font-size: 8pt;\" aria-label=\"S\u00e3o Paulo (21 itens)\">S\u00e3o Paulo<\/a>\n<a href=\"https:\/\/www.comunicarmais.com.br\/site\/tag\/transito-2\/\" class=\"tag-cloud-link tag-link-377 tag-link-position-43\" style=\"font-size: 8.2718446601942pt;\" aria-label=\"tr\u00e2nsito (22 itens)\">tr\u00e2nsito<\/a>\n<a href=\"https:\/\/www.comunicarmais.com.br\/site\/tag\/turismo\/\" class=\"tag-cloud-link tag-link-225 tag-link-position-44\" style=\"font-size: 9.631067961165pt;\" aria-label=\"Turismo (28 itens)\">Turismo<\/a>\n<a href=\"https:\/\/www.comunicarmais.com.br\/site\/tag\/uruguai\/\" class=\"tag-cloud-link tag-link-323 tag-link-position-45\" style=\"font-size: 9.631067961165pt;\" aria-label=\"Uruguai (28 itens)\">Uruguai<\/a><\/p>","protected":false},"excerpt":{"rendered":"<p>Partes do corpo da mulher foram achadas por um ca\u00e7ador em uma cova rasa em Jiribatuba; marido da v\u00edtima responder\u00e1 pelos crimes de feminic\u00eddio, oculta\u00e7\u00e3o de cad\u00e1ver e c\u00e1rcere privado<\/p>\n","protected":false},"author":2,"featured_media":3482,"comment_status":"open","ping_status":"open","sticky":false,"template":"","format":"standard","meta":{"_acf_changed":false,"footnotes":""},"categories":[4,50],"tags":[],"class_list":["post-3480","post","type-post","status-publish","format-standard","has-post-thumbnail","hentry","category-bahia","category-seguranca"],"acf":[],"yoast_head":"<!-- This site is optimized with the Yoast SEO plugin v26.1.1 - https:\/\/yoast.com\/wordpress\/plugins\/seo\/ -->\n<title>Mist\u00e9rio que envolvia desaparecimento de professora em Camamu \u00e9 desvendado - Comunicar Mais<\/title>\n<meta name=\"description\" content=\"Partes do corpo da mulher foram achadas por um ca\u00e7ador em uma cova rasa em Jiribatuba; marido da v\u00edtima responder\u00e1 pelos crimes de feminic\u00eddio, oculta\u00e7\u00e3o de cad\u00e1ver e c\u00e1rcere privado\" \/>\n<meta name=\"robots\" content=\"index, follow, max-snippet:-1, max-image-preview:large, max-video-preview:-1\" \/>\n<link rel=\"canonical\" href=\"https:\/\/www.comunicarmais.com.br\/site\/2024\/07\/30\/misterio-que-envolvia-desaparecimento-de-professora-em-camamu-e-desvendado\/\" \/>\n<meta property=\"og:locale\" content=\"pt_BR\" \/>\n<meta property=\"og:type\" content=\"article\" \/>\n<meta property=\"og:title\" content=\"Mist\u00e9rio que envolvia desaparecimento de professora em Camamu \u00e9 desvendado - Comunicar Mais\" \/>\n<meta property=\"og:description\" content=\"Partes do corpo da mulher foram achadas por um ca\u00e7ador em uma cova rasa em Jiribatuba; marido da v\u00edtima responder\u00e1 pelos crimes de feminic\u00eddio, oculta\u00e7\u00e3o de cad\u00e1ver e c\u00e1rcere privado\" \/>\n<meta property=\"og:url\" content=\"https:\/\/www.comunicarmais.com.br\/site\/2024\/07\/30\/misterio-que-envolvia-desaparecimento-de-professora-em-camamu-e-desvendado\/\" \/>\n<meta property=\"og:site_name\" content=\"Comunicar Mais\" \/>\n<meta property=\"article:publisher\" content=\"https:\/\/www.facebook.com\/comunicarmais\/\" \/>\n<meta property=\"article:author\" content=\"https:\/\/www.facebook.com\/comunicarmais\/\" \/>\n<meta property=\"article:published_time\" content=\"2024-07-30T19:21:00+00:00\" \/>\n<meta property=\"article:modified_time\" content=\"2024-07-30T23:34:27+00:00\" \/>\n<meta property=\"og:image\" content=\"https:\/\/www.comunicarmais.com.br\/site\/wp-content\/uploads\/2024\/07\/jiribatuba.png\" \/>\n\t<meta property=\"og:image:width\" content=\"797\" \/>\n\t<meta property=\"og:image:height\" content=\"420\" \/>\n\t<meta property=\"og:image:type\" content=\"image\/png\" \/>\n<meta name=\"author\" content=\"Comunicar Mais\" \/>\n<meta name=\"twitter:card\" content=\"summary_large_image\" \/>\n<meta name=\"twitter:creator\" content=\"@ComunicarmaisBA\" \/>\n<meta name=\"twitter:site\" content=\"@ComunicarmaisBA\" \/>\n<meta name=\"twitter:label1\" content=\"Escrito por\" \/>\n\t<meta name=\"twitter:data1\" content=\"Comunicar Mais\" \/>\n\t<meta name=\"twitter:label2\" content=\"Est. tempo de leitura\" \/>\n\t<meta name=\"twitter:data2\" content=\"3 minutos\" \/>\n<script type=\"application\/ld+json\" class=\"yoast-schema-graph\">{\"@context\":\"https:\/\/schema.org\",\"@graph\":[{\"@type\":\"WebPage\",\"@id\":\"https:\/\/www.comunicarmais.com.br\/site\/2024\/07\/30\/misterio-que-envolvia-desaparecimento-de-professora-em-camamu-e-desvendado\/\",\"url\":\"https:\/\/www.comunicarmais.com.br\/site\/2024\/07\/30\/misterio-que-envolvia-desaparecimento-de-professora-em-camamu-e-desvendado\/\",\"name\":\"Mist\u00e9rio que envolvia desaparecimento de professora em Camamu \u00e9 desvendado - Comunicar Mais\",\"isPartOf\":{\"@id\":\"https:\/\/www.comunicarmais.com.br\/site\/#website\"},\"primaryImageOfPage\":{\"@id\":\"https:\/\/www.comunicarmais.com.br\/site\/2024\/07\/30\/misterio-que-envolvia-desaparecimento-de-professora-em-camamu-e-desvendado\/#primaryimage\"},\"image\":{\"@id\":\"https:\/\/www.comunicarmais.com.br\/site\/2024\/07\/30\/misterio-que-envolvia-desaparecimento-de-professora-em-camamu-e-desvendado\/#primaryimage\"},\"thumbnailUrl\":\"https:\/\/www.comunicarmais.com.br\/site\/wp-content\/uploads\/2024\/07\/jiribatuba.png\",\"datePublished\":\"2024-07-30T19:21:00+00:00\",\"dateModified\":\"2024-07-30T23:34:27+00:00\",\"author\":{\"@id\":\"https:\/\/www.comunicarmais.com.br\/site\/#\/schema\/person\/712f7b6b25b644e4a91c4173674cf284\"},\"description\":\"Partes do corpo da mulher foram achadas por um ca\u00e7ador em uma cova rasa em Jiribatuba; marido da v\u00edtima responder\u00e1 pelos crimes de feminic\u00eddio, oculta\u00e7\u00e3o de cad\u00e1ver e c\u00e1rcere privado\",\"breadcrumb\":{\"@id\":\"https:\/\/www.comunicarmais.com.br\/site\/2024\/07\/30\/misterio-que-envolvia-desaparecimento-de-professora-em-camamu-e-desvendado\/#breadcrumb\"},\"inLanguage\":\"pt-BR\",\"potentialAction\":[{\"@type\":\"ReadAction\",\"target\":[\"https:\/\/www.comunicarmais.com.br\/site\/2024\/07\/30\/misterio-que-envolvia-desaparecimento-de-professora-em-camamu-e-desvendado\/\"]}]},{\"@type\":\"ImageObject\",\"inLanguage\":\"pt-BR\",\"@id\":\"https:\/\/www.comunicarmais.com.br\/site\/2024\/07\/30\/misterio-que-envolvia-desaparecimento-de-professora-em-camamu-e-desvendado\/#primaryimage\",\"url\":\"https:\/\/www.comunicarmais.com.br\/site\/wp-content\/uploads\/2024\/07\/jiribatuba.png\",\"contentUrl\":\"https:\/\/www.comunicarmais.com.br\/site\/wp-content\/uploads\/2024\/07\/jiribatuba.png\",\"width\":797,\"height\":420},{\"@type\":\"BreadcrumbList\",\"@id\":\"https:\/\/www.comunicarmais.com.br\/site\/2024\/07\/30\/misterio-que-envolvia-desaparecimento-de-professora-em-camamu-e-desvendado\/#breadcrumb\",\"itemListElement\":[{\"@type\":\"ListItem\",\"position\":1,\"name\":\"In\u00edcio\",\"item\":\"https:\/\/www.comunicarmais.com.br\/site\/\"},{\"@type\":\"ListItem\",\"position\":2,\"name\":\"Mist\u00e9rio que envolvia desaparecimento de professora em Camamu \u00e9 desvendado\"}]},{\"@type\":\"WebSite\",\"@id\":\"https:\/\/www.comunicarmais.com.br\/site\/#website\",\"url\":\"https:\/\/www.comunicarmais.com.br\/site\/\",\"name\":\"Comunicar Mais\",\"description\":\"\",\"potentialAction\":[{\"@type\":\"SearchAction\",\"target\":{\"@type\":\"EntryPoint\",\"urlTemplate\":\"https:\/\/www.comunicarmais.com.br\/site\/?s={search_term_string}\"},\"query-input\":{\"@type\":\"PropertyValueSpecification\",\"valueRequired\":true,\"valueName\":\"search_term_string\"}}],\"inLanguage\":\"pt-BR\"},{\"@type\":\"Person\",\"@id\":\"https:\/\/www.comunicarmais.com.br\/site\/#\/schema\/person\/712f7b6b25b644e4a91c4173674cf284\",\"name\":\"Comunicar Mais\",\"image\":{\"@type\":\"ImageObject\",\"inLanguage\":\"pt-BR\",\"@id\":\"https:\/\/www.comunicarmais.com.br\/site\/#\/schema\/person\/image\/\",\"url\":\"https:\/\/secure.gravatar.com\/avatar\/9803218072e2c0dc265d3d787b54c2c33325e79f79732707fddfbf1efd82c678?s=96&d=mm&r=g\",\"contentUrl\":\"https:\/\/secure.gravatar.com\/avatar\/9803218072e2c0dc265d3d787b54c2c33325e79f79732707fddfbf1efd82c678?s=96&d=mm&r=g\",\"caption\":\"Comunicar Mais\"},\"description\":\"Deixe as ideologias com os ide\u00f3logos. Noticiamos fatos, n\u00e3o brigamos com eles. Aqui, voc\u00ea fica bem informado do que acontece no seu bairro e no mundo. Informar com \u00e9tica e responsabilidade s\u00e3o as bandeiras do Comunicarmais.\",\"sameAs\":[\"https:\/\/www.comunicarmais.com.br\/site\/\",\"https:\/\/www.facebook.com\/comunicarmais\/\",\"https:\/\/www.instagram.com\/comunicarmaisba\/\",\"https:\/\/x.com\/ComunicarmaisBA\"],\"url\":\"https:\/\/www.comunicarmais.com.br\/site\/author\/gerenciador\/\"}]}<\/script>\n<!-- \/ Yoast SEO plugin. -->","yoast_head_json":{"title":"Mist\u00e9rio que envolvia desaparecimento de professora em Camamu \u00e9 desvendado - Comunicar Mais","description":"Partes do corpo da mulher foram achadas por um ca\u00e7ador em uma cova rasa em Jiribatuba; marido da v\u00edtima responder\u00e1 pelos crimes de feminic\u00eddio, oculta\u00e7\u00e3o de cad\u00e1ver e c\u00e1rcere privado","robots":{"index":"index","follow":"follow","max-snippet":"max-snippet:-1","max-image-preview":"max-image-preview:large","max-video-preview":"max-video-preview:-1"},"canonical":"https:\/\/www.comunicarmais.com.br\/site\/2024\/07\/30\/misterio-que-envolvia-desaparecimento-de-professora-em-camamu-e-desvendado\/","og_locale":"pt_BR","og_type":"article","og_title":"Mist\u00e9rio que envolvia desaparecimento de professora em Camamu \u00e9 desvendado - Comunicar Mais","og_description":"Partes do corpo da mulher foram achadas por um ca\u00e7ador em uma cova rasa em Jiribatuba; marido da v\u00edtima responder\u00e1 pelos crimes de feminic\u00eddio, oculta\u00e7\u00e3o de cad\u00e1ver e c\u00e1rcere privado","og_url":"https:\/\/www.comunicarmais.com.br\/site\/2024\/07\/30\/misterio-que-envolvia-desaparecimento-de-professora-em-camamu-e-desvendado\/","og_site_name":"Comunicar Mais","article_publisher":"https:\/\/www.facebook.com\/comunicarmais\/","article_author":"https:\/\/www.facebook.com\/comunicarmais\/","article_published_time":"2024-07-30T19:21:00+00:00","article_modified_time":"2024-07-30T23:34:27+00:00","og_image":[{"width":797,"height":420,"url":"https:\/\/www.comunicarmais.com.br\/site\/wp-content\/uploads\/2024\/07\/jiribatuba.png","type":"image\/png"}],"author":"Comunicar Mais","twitter_card":"summary_large_image","twitter_creator":"@ComunicarmaisBA","twitter_site":"@ComunicarmaisBA","twitter_misc":{"Escrito por":"Comunicar Mais","Est. tempo de leitura":"3 minutos"},"schema":{"@context":"https:\/\/schema.org","@graph":[{"@type":"WebPage","@id":"https:\/\/www.comunicarmais.com.br\/site\/2024\/07\/30\/misterio-que-envolvia-desaparecimento-de-professora-em-camamu-e-desvendado\/","url":"https:\/\/www.comunicarmais.com.br\/site\/2024\/07\/30\/misterio-que-envolvia-desaparecimento-de-professora-em-camamu-e-desvendado\/","name":"Mist\u00e9rio que envolvia desaparecimento de professora em Camamu \u00e9 desvendado - Comunicar Mais","isPartOf":{"@id":"https:\/\/www.comunicarmais.com.br\/site\/#website"},"primaryImageOfPage":{"@id":"https:\/\/www.comunicarmais.com.br\/site\/2024\/07\/30\/misterio-que-envolvia-desaparecimento-de-professora-em-camamu-e-desvendado\/#primaryimage"},"image":{"@id":"https:\/\/www.comunicarmais.com.br\/site\/2024\/07\/30\/misterio-que-envolvia-desaparecimento-de-professora-em-camamu-e-desvendado\/#primaryimage"},"thumbnailUrl":"https:\/\/www.comunicarmais.com.br\/site\/wp-content\/uploads\/2024\/07\/jiribatuba.png","datePublished":"2024-07-30T19:21:00+00:00","dateModified":"2024-07-30T23:34:27+00:00","author":{"@id":"https:\/\/www.comunicarmais.com.br\/site\/#\/schema\/person\/712f7b6b25b644e4a91c4173674cf284"},"description":"Partes do corpo da mulher foram achadas por um ca\u00e7ador em uma cova rasa em Jiribatuba; marido da v\u00edtima responder\u00e1 pelos crimes de feminic\u00eddio, oculta\u00e7\u00e3o de cad\u00e1ver e c\u00e1rcere privado","breadcrumb":{"@id":"https:\/\/www.comunicarmais.com.br\/site\/2024\/07\/30\/misterio-que-envolvia-desaparecimento-de-professora-em-camamu-e-desvendado\/#breadcrumb"},"inLanguage":"pt-BR","potentialAction":[{"@type":"ReadAction","target":["https:\/\/www.comunicarmais.com.br\/site\/2024\/07\/30\/misterio-que-envolvia-desaparecimento-de-professora-em-camamu-e-desvendado\/"]}]},{"@type":"ImageObject","inLanguage":"pt-BR","@id":"https:\/\/www.comunicarmais.com.br\/site\/2024\/07\/30\/misterio-que-envolvia-desaparecimento-de-professora-em-camamu-e-desvendado\/#primaryimage","url":"https:\/\/www.comunicarmais.com.br\/site\/wp-content\/uploads\/2024\/07\/jiribatuba.png","contentUrl":"https:\/\/www.comunicarmais.com.br\/site\/wp-content\/uploads\/2024\/07\/jiribatuba.png","width":797,"height":420},{"@type":"BreadcrumbList","@id":"https:\/\/www.comunicarmais.com.br\/site\/2024\/07\/30\/misterio-que-envolvia-desaparecimento-de-professora-em-camamu-e-desvendado\/#breadcrumb","itemListElement":[{"@type":"ListItem","position":1,"name":"In\u00edcio","item":"https:\/\/www.comunicarmais.com.br\/site\/"},{"@type":"ListItem","position":2,"name":"Mist\u00e9rio que envolvia desaparecimento de professora em Camamu \u00e9 desvendado"}]},{"@type":"WebSite","@id":"https:\/\/www.comunicarmais.com.br\/site\/#website","url":"https:\/\/www.comunicarmais.com.br\/site\/","name":"Comunicar Mais","description":"","potentialAction":[{"@type":"SearchAction","target":{"@type":"EntryPoint","urlTemplate":"https:\/\/www.comunicarmais.com.br\/site\/?s={search_term_string}"},"query-input":{"@type":"PropertyValueSpecification","valueRequired":true,"valueName":"search_term_string"}}],"inLanguage":"pt-BR"},{"@type":"Person","@id":"https:\/\/www.comunicarmais.com.br\/site\/#\/schema\/person\/712f7b6b25b644e4a91c4173674cf284","name":"Comunicar Mais","image":{"@type":"ImageObject","inLanguage":"pt-BR","@id":"https:\/\/www.comunicarmais.com.br\/site\/#\/schema\/person\/image\/","url":"https:\/\/secure.gravatar.com\/avatar\/9803218072e2c0dc265d3d787b54c2c33325e79f79732707fddfbf1efd82c678?s=96&d=mm&r=g","contentUrl":"https:\/\/secure.gravatar.com\/avatar\/9803218072e2c0dc265d3d787b54c2c33325e79f79732707fddfbf1efd82c678?s=96&d=mm&r=g","caption":"Comunicar Mais"},"description":"Deixe as ideologias com os ide\u00f3logos. Noticiamos fatos, n\u00e3o brigamos com eles. Aqui, voc\u00ea fica bem informado do que acontece no seu bairro e no mundo. Informar com \u00e9tica e responsabilidade s\u00e3o as bandeiras do Comunicarmais.","sameAs":["https:\/\/www.comunicarmais.com.br\/site\/","https:\/\/www.facebook.com\/comunicarmais\/","https:\/\/www.instagram.com\/comunicarmaisba\/","https:\/\/x.com\/ComunicarmaisBA"],"url":"https:\/\/www.comunicarmais.com.br\/site\/author\/gerenciador\/"}]}},"_links":{"self":[{"href":"https:\/\/www.comunicarmais.com.br\/site\/wp-json\/wp\/v2\/posts\/3480","targetHints":{"allow":["GET"]}}],"collection":[{"href":"https:\/\/www.comunicarmais.com.br\/site\/wp-json\/wp\/v2\/posts"}],"about":[{"href":"https:\/\/www.comunicarmais.com.br\/site\/wp-json\/wp\/v2\/types\/post"}],"author":[{"embeddable":true,"href":"https:\/\/www.comunicarmais.com.br\/site\/wp-json\/wp\/v2\/users\/2"}],"replies":[{"embeddable":true,"href":"https:\/\/www.comunicarmais.com.br\/site\/wp-json\/wp\/v2\/comments?post=3480"}],"version-history":[{"count":1,"href":"https:\/\/www.comunicarmais.com.br\/site\/wp-json\/wp\/v2\/posts\/3480\/revisions"}],"predecessor-version":[{"id":3483,"href":"https:\/\/www.comunicarmais.com.br\/site\/wp-json\/wp\/v2\/posts\/3480\/revisions\/3483"}],"wp:featuredmedia":[{"embeddable":true,"href":"https:\/\/www.comunicarmais.com.br\/site\/wp-json\/wp\/v2\/media\/3482"}],"wp:attachment":[{"href":"https:\/\/www.comunicarmais.com.br\/site\/wp-json\/wp\/v2\/media?parent=3480"}],"wp:term":[{"taxonomy":"category","embeddable":true,"href":"https:\/\/www.comunicarmais.com.br\/site\/wp-json\/wp\/v2\/categories?post=3480"},{"taxonomy":"post_tag","embeddable":true,"href":"https:\/\/www.comunicarmais.com.br\/site\/wp-json\/wp\/v2\/tags?post=3480"}],"curies":[{"name":"wp","href":"https:\/\/api.w.org\/{rel}","templated":true}]}}