{"id":2707,"date":"2024-06-11T15:22:00","date_gmt":"2024-06-11T18:22:00","guid":{"rendered":"https:\/\/www.comunicarmais.com.br\/site\/?p=2707"},"modified":"2024-06-12T17:24:22","modified_gmt":"2024-06-12T20:24:22","slug":"governo-anula-leilao-e-cancela-compra-de-arroz-importado","status":"publish","type":"post","link":"https:\/\/www.comunicarmais.com.br\/site\/2024\/06\/11\/governo-anula-leilao-e-cancela-compra-de-arroz-importado\/","title":{"rendered":"Governo anula leil\u00e3o e cancela compra de arroz importado"},"content":{"rendered":"\n<p><strong>Secret\u00e1rio pediu demiss\u00e3o ap\u00f3s suspeitas de conflito de interesses<\/strong><\/p>\n\n\n\n<figure class=\"wp-block-image size-full\"><img decoding=\"async\" width=\"1171\" height=\"695\" data-src=\"https:\/\/www.comunicarmais.com.br\/site\/wp-content\/uploads\/2024\/06\/arroz.jpg\" alt=\"\" class=\"wp-image-2709 lazyload\" data-srcset=\"https:\/\/www.comunicarmais.com.br\/site\/wp-content\/uploads\/2024\/06\/arroz.jpg 1171w, https:\/\/www.comunicarmais.com.br\/site\/wp-content\/uploads\/2024\/06\/arroz-1024x608.jpg 1024w, https:\/\/www.comunicarmais.com.br\/site\/wp-content\/uploads\/2024\/06\/arroz-768x456.jpg 768w\" data-sizes=\"(max-width: 1171px) 100vw, 1171px\" src=\"data:image\/svg+xml;base64,PHN2ZyB3aWR0aD0iMSIgaGVpZ2h0PSIxIiB4bWxucz0iaHR0cDovL3d3dy53My5vcmcvMjAwMC9zdmciPjwvc3ZnPg==\" style=\"--smush-placeholder-width: 1171px; --smush-placeholder-aspect-ratio: 1171\/695;\" \/><\/figure>\n\n\n\n<p><strong>Ag\u00eancia Brasil &#8211;<\/strong> O governo federal decidiu anular o leil\u00e3o realizado pela Companhia Nacional de Abastecimento (Conab) no \u00faltimo dia 6 de maio e cancelou a compra das 263,3 mil toneladas de arroz que seriam importadas para o pa\u00eds. A informa\u00e7\u00e3o \u00e9 do presidente da Conab, Edegar Pretto, e dos ministros da Agricultura, Carlos F\u00e1varo, e do Desenvolvimento Agr\u00e1rio, Paulo Teixeira, ap\u00f3s reuni\u00e3o com o presidente Luiz In\u00e1cio Lula da Silva, nesta ter\u00e7a-feira (11), no Pal\u00e1cio do Planalto.<\/p>\n\n\n\n<p>Segundo F\u00e1varo, a avalia\u00e7\u00e3o do governo \u00e9 que, do conjunto das empresas vencedoras do leil\u00e3o, uma maioria tem \u201cfragilidades\u201d, ou seja, \u201cn\u00e3o tem capacidade financeira de operar um volume financeiro desse tamanho\u201d. As mais de 260 mil toneladas de arroz arrematadas correspondem a 87% das 300 mil toneladas autorizadas pelo governo nesta primeira opera\u00e7\u00e3o. No total, mais de R$ 7 bilh\u00f5es foram liberados para a compra de at\u00e9 1 milh\u00e3o de toneladas.<\/p>\n\n\n\n<p>\u201cA gente tem que conhecer a capacidade [das empresas], \u00e9 dinheiro p\u00fablico e que tem que ser tratado com a maior responsabilidade\u201d, disse F\u00e1varo, explicando que nenhum recurso chegou a ser transferido na opera\u00e7\u00e3o.<\/p>\n\n\n\n<p>As empresas participam do leil\u00e3o representadas por corretoras em Bolsas de Mercadorias e Cereais e s\u00f3 s\u00e3o conhecidas ap\u00f3s o certame. Um novo edital ser\u00e1 publicado, com mudan\u00e7as nos mecanismos de transpar\u00eancia e seguran\u00e7a jur\u00eddica, mas ainda n\u00e3o h\u00e1 data para o novo leil\u00e3o.<\/p>\n\n\n\n<p><strong>Conflito &#8211; <\/strong>Tamb\u00e9m nesta ter\u00e7a-feira, o secret\u00e1rio de Pol\u00edtica Agr\u00edcola do Mapa, Neri Geller, pediu demiss\u00e3o ap\u00f3s suspeitas de conflito de interesse. Mat\u00e9ria do site Estad\u00e3o informa que o diretor de Abastecimento da Conab, Thiago dos Santos, respons\u00e1vel pelo leil\u00e3o, \u00e9 uma indica\u00e7\u00e3o direta do secret\u00e1rio. Al\u00e9m disso, a Foco Corretora de Gr\u00e3os, principal corretora do leil\u00e3o, \u00e9 do empres\u00e1rio Robson Almeida de Fran\u00e7a, que foi assessor parlamentar de Geller na C\u00e2mara e \u00e9 s\u00f3cio de Marcello Geller, filho do secret\u00e1rio, em outras empresas.<\/p>\n\n\n\n<p>O ministro F\u00e1varo confirmou que aceitou a demiss\u00e3o do secret\u00e1rio. \u201cEle [Geller] fez uma pondera\u00e7\u00e3o que, quando o filho dele estabeleceu a sociedade com esta corretora l\u00e1 de Mato Grosso, ele n\u00e3o era a secret\u00e1rio de Pol\u00edtica Agr\u00edcola, portanto, n\u00e3o tinha conflito ali. E que essa empresa n\u00e3o est\u00e1 operando, n\u00e3o participou do leil\u00e3o, n\u00e3o fez nenhuma opera\u00e7\u00e3o, isto \u00e9 fato. Tamb\u00e9m n\u00e3o h\u00e1 nenhum fato que desabone e que gere qualquer tipo de suspeita, mas que, de fato, isso gerou um transtorno e, por isso, ele colocou hoje de manh\u00e3 o cargo \u00e0 disposi\u00e7\u00e3o\u201d, explicou F\u00e1varo.<\/p>\n\n\n\n<p><strong>Pre\u00e7o do arroz &#8211; <\/strong>O objetivo da importa\u00e7\u00e3o do arroz \u00e9 garantir o abastecimento e estabilizar os pre\u00e7os do produto no mercado interno, que tiveram uma alta m\u00e9dia de 14%, chegando em alguns lugares a 100%, ap\u00f3s as inunda\u00e7\u00f5es no Rio Grande do Sul em abril e maio deste ano. O estado \u00e9 respons\u00e1vel por cerca de 70% do arroz consumido no pa\u00eds. A produ\u00e7\u00e3o local foi atingida tanto na lavoura como em armaz\u00e9ns, al\u00e9m de ter a distribui\u00e7\u00e3o afetada por quest\u00f5es log\u00edsticas no estado.<\/p>\n\n\n\n<p>De acordo com F\u00e1varo, a diferen\u00e7a entre o que \u00e9 produzido e o que \u00e9 consumido no Brasil \u00e9 muito apertada. \u201cNingu\u00e9m disse que n\u00e3o tem arroz no Brasil, mas \u00e9 muito justo. Ontem sa\u00edram dados da Serasa que preveem uma quebra de 500 mil toneladas [na produ\u00e7\u00e3o]. Para aquilo que \u00e9 justo, j\u00e1 ficar faltando. E \u00e9 determina\u00e7\u00e3o do presidente que isso n\u00e3o reflita na mesa dos mais humildes \u00e9 um alimento b\u00e1sico da popula\u00e7\u00e3o brasileira\u201d, disse o ministro da Agricultura.<\/p>\n\n\n\n<p><strong>Novo leil\u00e3o &#8211;<\/strong> A Conab chegou a convocar a Bolsa de Cereais e Mercadorias de Londrina e a Bolsa de Mercadorias do Mato Grosso para apresentarem as comprova\u00e7\u00f5es das empresas, ap\u00f3s d\u00favidas e repercuss\u00f5es com o resultado do leil\u00e3o. Os documentos exigidos s\u00e3o capacidade t\u00e9cnica dos arrematantes; capacidade financeira, com as demonstra\u00e7\u00f5es financeiras dos exerc\u00edcios de 2022 e 2023; regularidade legal para enquadramento nas regras do leil\u00e3o da Bolsa e dos arrematantes e participa\u00e7\u00e3o dos s\u00f3cios da Bolsa e dos arrematantes dos lotes em outras sociedades.<\/p>\n\n\n\n<p>O governo vai, agora, construir um novo edital, com a participa\u00e7\u00e3o da Controladoria-Geral da Uni\u00e3o (CGU) e da Advocacia-Geral da Uni\u00e3o (AGU) para que essa an\u00e1lise das empresas participantes ocorra antes da opera\u00e7\u00e3o.<\/p>\n\n\n\n<p>\u201cO presidente Lula participou dessa decis\u00e3o de anular esse leil\u00e3o e proceder um novo leil\u00e3o, mas aperfei\u00e7oado do ponto de vista de suas regras, por isso que a CGU e AGU participar\u00e3o, e a Receita Federal tamb\u00e9m, da elabora\u00e7\u00e3o desse novo leil\u00e3o, juntamente com a Conab para garantir que ele esteja em outras bases\u201d, disse o ministro Paulo Teixeira. \u201cN\u00f3s vamos proceder um novo leil\u00e3o, n\u00e3o haver\u00e1 recuo dessa decis\u00e3o tendo em vista que \u00e9 necess\u00e1rio que o arroz chegue na mesa do povo brasileiro a um pre\u00e7o justo\u201d, acrescentou.<\/p>\n\n\n\n<p>Segundo o ministro do Desenvolvimento Agr\u00e1rio, algumas empresas que tamb\u00e9m venceram o leil\u00e3o s\u00e3o consistentes, entendem que a anula\u00e7\u00e3o \u00e9 necess\u00e1ria e participar\u00e3o do certame quando ele acontecer novamente. \u201cTodas as medidas ser\u00e3o adotadas, de moderniza\u00e7\u00e3o desse processo, de cautelas que esse leil\u00e3o deva adotar e, rapidamente, a Conab vai anunciar um novo leil\u00e3o\u201d, destacou.<\/p>\n\n\n\n<p>O presidente da Conab contou que a companhia n\u00e3o fazia esse modelo de importa\u00e7\u00e3o via leil\u00e3o de arroz desde 1987 e que ela foi adotada, exclusivamente, em raz\u00e3o da emerg\u00eancia no Rio Grande do Sul.<\/p>\n\n\n\n<p>\u201cA partir da revela\u00e7\u00e3o de quem s\u00e3o as empresas vencedoras come\u00e7aram os questionamentos se, verdadeiramente, elas teriam capacidade t\u00e9cnica e financeira para honrar os compromissos de um volume expressivo de dinheiro p\u00fablico. Com todas as informa\u00e7\u00f5es que n\u00f3s reunimos [\u2026] decidimos anular esse leil\u00e3o e vamos revisitar os mecanismos que s\u00e3o estabelecidos\u201d, reafirmou Pretto.<\/p>\n\n\n\n<p>\u201cA gente n\u00e3o pode, de forma alguma, colocar dinheiro p\u00fablico se tiver qualquer fragilidade ou d\u00favida de um processo como esse. N\u00f3s queremos ter mecanismos que a gente possa dizer com clareza: as empresas que participaram, que deram lance,, que venceram, elas t\u00eam capacidade de honrar esse compromisso\u201d, completou o presidente da Conab.<\/p>\n\n\n<p class=\"wp-block-tag-cloud\"><a href=\"https:\/\/www.comunicarmais.com.br\/site\/tag\/bahia\/\" class=\"tag-cloud-link tag-link-171 tag-link-position-1\" style=\"font-size: 17.922330097087pt;\" aria-label=\"Bahia (116 itens)\">Bahia<\/a>\n<a href=\"https:\/\/www.comunicarmais.com.br\/site\/tag\/bolsonaro\/\" class=\"tag-cloud-link tag-link-112 tag-link-position-2\" style=\"font-size: 11.533980582524pt;\" aria-label=\"Bolsonaro (39 itens)\">Bolsonaro<\/a>\n<a href=\"https:\/\/www.comunicarmais.com.br\/site\/tag\/brasil\/\" class=\"tag-cloud-link tag-link-335 tag-link-position-3\" style=\"font-size: 13.029126213592pt;\" aria-label=\"Brasil (50 itens)\">Brasil<\/a>\n<a href=\"https:\/\/www.comunicarmais.com.br\/site\/tag\/camacari\/\" class=\"tag-cloud-link tag-link-435 tag-link-position-4\" style=\"font-size: 8.8155339805825pt;\" aria-label=\"Cama\u00e7ari (24 itens)\">Cama\u00e7ari<\/a>\n<a href=\"https:\/\/www.comunicarmais.com.br\/site\/tag\/carnaval\/\" class=\"tag-cloud-link tag-link-508 tag-link-position-5\" style=\"font-size: 12.893203883495pt;\" aria-label=\"Carnaval (49 itens)\">Carnaval<\/a>\n<a href=\"https:\/\/www.comunicarmais.com.br\/site\/tag\/cbx\/\" class=\"tag-cloud-link tag-link-1602 tag-link-position-6\" style=\"font-size: 11.398058252427pt;\" aria-label=\"CBX (38 itens)\">CBX<\/a>\n<a href=\"https:\/\/www.comunicarmais.com.br\/site\/tag\/cidade-baixa\/\" class=\"tag-cloud-link tag-link-456 tag-link-position-7\" style=\"font-size: 9.9029126213592pt;\" aria-label=\"Cidade Baixa (29 itens)\">Cidade Baixa<\/a>\n<a href=\"https:\/\/www.comunicarmais.com.br\/site\/tag\/cinema\/\" class=\"tag-cloud-link tag-link-985 tag-link-position-8\" style=\"font-size: 11.126213592233pt;\" aria-label=\"Cinema (36 itens)\">Cinema<\/a>\n<a href=\"https:\/\/www.comunicarmais.com.br\/site\/tag\/cultura\/\" class=\"tag-cloud-link tag-link-231 tag-link-position-9\" style=\"font-size: 12.21359223301pt;\" aria-label=\"Cultura (44 itens)\">Cultura<\/a>\n<a href=\"https:\/\/www.comunicarmais.com.br\/site\/tag\/drogas\/\" class=\"tag-cloud-link tag-link-165 tag-link-position-10\" style=\"font-size: 12.757281553398pt;\" aria-label=\"Drogas (48 itens)\">Drogas<\/a>\n<a href=\"https:\/\/www.comunicarmais.com.br\/site\/tag\/educacao\/\" class=\"tag-cloud-link tag-link-228 tag-link-position-11\" style=\"font-size: 12.621359223301pt;\" aria-label=\"Educa\u00e7\u00e3o (47 itens)\">Educa\u00e7\u00e3o<\/a>\n<a href=\"https:\/\/www.comunicarmais.com.br\/site\/tag\/ensino\/\" class=\"tag-cloud-link tag-link-233 tag-link-position-12\" style=\"font-size: 10.446601941748pt;\" aria-label=\"Ensino (32 itens)\">Ensino<\/a>\n<a href=\"https:\/\/www.comunicarmais.com.br\/site\/tag\/escola\/\" class=\"tag-cloud-link tag-link-229 tag-link-position-13\" style=\"font-size: 9.631067961165pt;\" aria-label=\"Escola (28 itens)\">Escola<\/a>\n<a href=\"https:\/\/www.comunicarmais.com.br\/site\/tag\/eua\/\" class=\"tag-cloud-link tag-link-664 tag-link-position-14\" style=\"font-size: 12.077669902913pt;\" aria-label=\"EUA (43 itens)\">EUA<\/a>\n<a href=\"https:\/\/www.comunicarmais.com.br\/site\/tag\/feira-de-santana\/\" class=\"tag-cloud-link tag-link-642 tag-link-position-15\" style=\"font-size: 9.2233009708738pt;\" aria-label=\"Feira de Santana (26 itens)\">Feira de Santana<\/a>\n<a href=\"https:\/\/www.comunicarmais.com.br\/site\/tag\/ficco\/\" class=\"tag-cloud-link tag-link-143 tag-link-position-16\" style=\"font-size: 9.2233009708738pt;\" aria-label=\"Ficco (26 itens)\">Ficco<\/a>\n<a href=\"https:\/\/www.comunicarmais.com.br\/site\/tag\/folia\/\" class=\"tag-cloud-link tag-link-566 tag-link-position-17\" style=\"font-size: 9.2233009708738pt;\" aria-label=\"Folia (26 itens)\">Folia<\/a>\n<a href=\"https:\/\/www.comunicarmais.com.br\/site\/tag\/futebol\/\" class=\"tag-cloud-link tag-link-40 tag-link-position-18\" style=\"font-size: 13.029126213592pt;\" aria-label=\"Futebol (50 itens)\">Futebol<\/a>\n<a href=\"https:\/\/www.comunicarmais.com.br\/site\/tag\/homicidio\/\" class=\"tag-cloud-link tag-link-101 tag-link-position-19\" style=\"font-size: 10.582524271845pt;\" aria-label=\"Homic\u00eddio (33 itens)\">Homic\u00eddio<\/a>\n<a href=\"https:\/\/www.comunicarmais.com.br\/site\/tag\/itapagipe\/\" class=\"tag-cloud-link tag-link-471 tag-link-position-20\" style=\"font-size: 10.038834951456pt;\" aria-label=\"Itapagipe (30 itens)\">Itapagipe<\/a>\n<a href=\"https:\/\/www.comunicarmais.com.br\/site\/tag\/itaparica\/\" class=\"tag-cloud-link tag-link-301 tag-link-position-21\" style=\"font-size: 8pt;\" aria-label=\"Itaparica (21 itens)\">Itaparica<\/a>\n<a href=\"https:\/\/www.comunicarmais.com.br\/site\/tag\/jeronimo-rodrigues\/\" class=\"tag-cloud-link tag-link-668 tag-link-position-22\" style=\"font-size: 8.2718446601942pt;\" aria-label=\"Jer\u00f4nimo Rodrigues (22 itens)\">Jer\u00f4nimo Rodrigues<\/a>\n<a href=\"https:\/\/www.comunicarmais.com.br\/site\/tag\/justica\/\" class=\"tag-cloud-link tag-link-361 tag-link-position-23\" style=\"font-size: 10.582524271845pt;\" aria-label=\"Justi\u00e7a (33 itens)\">Justi\u00e7a<\/a>\n<a href=\"https:\/\/www.comunicarmais.com.br\/site\/tag\/lauro-de-freitas\/\" class=\"tag-cloud-link tag-link-594 tag-link-position-24\" style=\"font-size: 18.194174757282pt;\" aria-label=\"Lauro de Freitas (122 itens)\">Lauro de Freitas<\/a>\n<a href=\"https:\/\/www.comunicarmais.com.br\/site\/tag\/lazer\/\" class=\"tag-cloud-link tag-link-568 tag-link-position-25\" style=\"font-size: 9.2233009708738pt;\" aria-label=\"Lazer (26 itens)\">Lazer<\/a>\n<a href=\"https:\/\/www.comunicarmais.com.br\/site\/tag\/lula\/\" class=\"tag-cloud-link tag-link-416 tag-link-position-26\" style=\"font-size: 12.21359223301pt;\" aria-label=\"Lula (44 itens)\">Lula<\/a>\n<a href=\"https:\/\/www.comunicarmais.com.br\/site\/tag\/meio-ambiente\/\" class=\"tag-cloud-link tag-link-475 tag-link-position-27\" style=\"font-size: 12.21359223301pt;\" aria-label=\"Meio Ambiente (44 itens)\">Meio Ambiente<\/a>\n<a href=\"https:\/\/www.comunicarmais.com.br\/site\/tag\/mobilidade\/\" class=\"tag-cloud-link tag-link-278 tag-link-position-28\" style=\"font-size: 13.844660194175pt;\" aria-label=\"Mobilidade (58 itens)\">Mobilidade<\/a>\n<a href=\"https:\/\/www.comunicarmais.com.br\/site\/tag\/mulher\/\" class=\"tag-cloud-link tag-link-450 tag-link-position-29\" style=\"font-size: 13.300970873786pt;\" aria-label=\"mulher (53 itens)\">mulher<\/a>\n<a href=\"https:\/\/www.comunicarmais.com.br\/site\/tag\/musica-2\/\" class=\"tag-cloud-link tag-link-747 tag-link-position-30\" style=\"font-size: 12.21359223301pt;\" aria-label=\"M\u00fasica (44 itens)\">M\u00fasica<\/a>\n<a href=\"https:\/\/www.comunicarmais.com.br\/site\/tag\/pcba\/\" class=\"tag-cloud-link tag-link-1332 tag-link-position-31\" style=\"font-size: 15.067961165049pt;\" aria-label=\"PCBA (72 itens)\">PCBA<\/a>\n<a href=\"https:\/\/www.comunicarmais.com.br\/site\/tag\/pmba\/\" class=\"tag-cloud-link tag-link-53 tag-link-position-32\" style=\"font-size: 18.194174757282pt;\" aria-label=\"PMBA (123 itens)\">PMBA<\/a>\n<a href=\"https:\/\/www.comunicarmais.com.br\/site\/tag\/policia-federal\/\" class=\"tag-cloud-link tag-link-620 tag-link-position-33\" style=\"font-size: 8.9514563106796pt;\" aria-label=\"Pol\u00edcia Federal (25 itens)\">Pol\u00edcia Federal<\/a>\n<a href=\"https:\/\/www.comunicarmais.com.br\/site\/tag\/politica\/\" class=\"tag-cloud-link tag-link-495 tag-link-position-34\" style=\"font-size: 16.291262135922pt;\" aria-label=\"Pol\u00edtica (89 itens)\">Pol\u00edtica<\/a>\n<a href=\"https:\/\/www.comunicarmais.com.br\/site\/tag\/rio-de-janeiro\/\" class=\"tag-cloud-link tag-link-152 tag-link-position-35\" style=\"font-size: 9.9029126213592pt;\" aria-label=\"Rio de Janeiro (29 itens)\">Rio de Janeiro<\/a>\n<a href=\"https:\/\/www.comunicarmais.com.br\/site\/tag\/salvador\/\" class=\"tag-cloud-link tag-link-125 tag-link-position-36\" style=\"font-size: 22pt;\" aria-label=\"Salvador (234 itens)\">Salvador<\/a>\n<a href=\"https:\/\/www.comunicarmais.com.br\/site\/tag\/saude\/\" class=\"tag-cloud-link tag-link-42 tag-link-position-37\" style=\"font-size: 17.78640776699pt;\" aria-label=\"Sa\u00fade (115 itens)\">Sa\u00fade<\/a>\n<a href=\"https:\/\/www.comunicarmais.com.br\/site\/tag\/seguranca\/\" class=\"tag-cloud-link tag-link-48 tag-link-position-38\" style=\"font-size: 9.2233009708738pt;\" aria-label=\"Seguran\u00e7a (26 itens)\">Seguran\u00e7a<\/a>\n<a href=\"https:\/\/www.comunicarmais.com.br\/site\/tag\/ssp-ba\/\" class=\"tag-cloud-link tag-link-1937 tag-link-position-39\" style=\"font-size: 8.9514563106796pt;\" aria-label=\"SSP-BA (25 itens)\">SSP-BA<\/a>\n<a href=\"https:\/\/www.comunicarmais.com.br\/site\/tag\/sspba\/\" class=\"tag-cloud-link tag-link-144 tag-link-position-40\" style=\"font-size: 11.398058252427pt;\" aria-label=\"SSPBA (38 itens)\">SSPBA<\/a>\n<a href=\"https:\/\/www.comunicarmais.com.br\/site\/tag\/stf\/\" class=\"tag-cloud-link tag-link-68 tag-link-position-41\" style=\"font-size: 14.252427184466pt;\" aria-label=\"STF (62 itens)\">STF<\/a>\n<a href=\"https:\/\/www.comunicarmais.com.br\/site\/tag\/sao-paulo\/\" class=\"tag-cloud-link tag-link-612 tag-link-position-42\" style=\"font-size: 8pt;\" aria-label=\"S\u00e3o Paulo (21 itens)\">S\u00e3o Paulo<\/a>\n<a href=\"https:\/\/www.comunicarmais.com.br\/site\/tag\/transito-2\/\" class=\"tag-cloud-link tag-link-377 tag-link-position-43\" style=\"font-size: 8.2718446601942pt;\" aria-label=\"tr\u00e2nsito (22 itens)\">tr\u00e2nsito<\/a>\n<a href=\"https:\/\/www.comunicarmais.com.br\/site\/tag\/turismo\/\" class=\"tag-cloud-link tag-link-225 tag-link-position-44\" style=\"font-size: 9.631067961165pt;\" aria-label=\"Turismo (28 itens)\">Turismo<\/a>\n<a href=\"https:\/\/www.comunicarmais.com.br\/site\/tag\/uruguai\/\" class=\"tag-cloud-link tag-link-323 tag-link-position-45\" style=\"font-size: 9.631067961165pt;\" aria-label=\"Uruguai (28 itens)\">Uruguai<\/a><\/p>","protected":false},"excerpt":{"rendered":"<p>Secret\u00e1rio pediu demiss\u00e3o ap\u00f3s suspeitas de conflito de interesses<\/p>\n","protected":false},"author":2,"featured_media":2709,"comment_status":"open","ping_status":"open","sticky":false,"template":"","format":"standard","meta":{"_acf_changed":false,"footnotes":""},"categories":[6],"tags":[175,176,1238,1239,1019],"class_list":["post-2707","post","type-post","status-publish","format-standard","has-post-thumbnail","hentry","category-brasil","tag-agricultura","tag-alimentos","tag-arroz","tag-conab","tag-rio-grande-do-sul"],"acf":[],"yoast_head":"<!-- This site is optimized with the Yoast SEO plugin v26.1.1 - https:\/\/yoast.com\/wordpress\/plugins\/seo\/ -->\n<title>Governo anula leil\u00e3o e cancela compra de arroz importado - Comunicar Mais<\/title>\n<meta name=\"robots\" content=\"index, follow, max-snippet:-1, max-image-preview:large, max-video-preview:-1\" \/>\n<link rel=\"canonical\" href=\"https:\/\/www.comunicarmais.com.br\/site\/2024\/06\/11\/governo-anula-leilao-e-cancela-compra-de-arroz-importado\/\" \/>\n<meta property=\"og:locale\" content=\"pt_BR\" \/>\n<meta property=\"og:type\" content=\"article\" \/>\n<meta property=\"og:title\" content=\"Governo anula leil\u00e3o e cancela compra de arroz importado - Comunicar Mais\" \/>\n<meta property=\"og:description\" content=\"Secret\u00e1rio pediu demiss\u00e3o ap\u00f3s suspeitas de conflito de interesses\" \/>\n<meta property=\"og:url\" content=\"https:\/\/www.comunicarmais.com.br\/site\/2024\/06\/11\/governo-anula-leilao-e-cancela-compra-de-arroz-importado\/\" \/>\n<meta property=\"og:site_name\" content=\"Comunicar Mais\" \/>\n<meta property=\"article:publisher\" content=\"https:\/\/www.facebook.com\/comunicarmais\/\" \/>\n<meta property=\"article:author\" content=\"https:\/\/www.facebook.com\/comunicarmais\/\" \/>\n<meta property=\"article:published_time\" content=\"2024-06-11T18:22:00+00:00\" \/>\n<meta property=\"article:modified_time\" content=\"2024-06-12T20:24:22+00:00\" \/>\n<meta property=\"og:image\" content=\"https:\/\/www.comunicarmais.com.br\/site\/wp-content\/uploads\/2024\/06\/arroz.jpg\" \/>\n\t<meta property=\"og:image:width\" content=\"1171\" \/>\n\t<meta property=\"og:image:height\" content=\"695\" \/>\n\t<meta property=\"og:image:type\" content=\"image\/jpeg\" \/>\n<meta name=\"author\" content=\"Comunicar Mais\" \/>\n<meta name=\"twitter:card\" content=\"summary_large_image\" \/>\n<meta name=\"twitter:creator\" content=\"@ComunicarmaisBA\" \/>\n<meta name=\"twitter:site\" content=\"@ComunicarmaisBA\" \/>\n<meta name=\"twitter:label1\" content=\"Escrito por\" \/>\n\t<meta name=\"twitter:data1\" content=\"Comunicar Mais\" \/>\n\t<meta name=\"twitter:label2\" content=\"Est. tempo de leitura\" \/>\n\t<meta name=\"twitter:data2\" content=\"6 minutos\" \/>\n<script type=\"application\/ld+json\" class=\"yoast-schema-graph\">{\"@context\":\"https:\/\/schema.org\",\"@graph\":[{\"@type\":\"WebPage\",\"@id\":\"https:\/\/www.comunicarmais.com.br\/site\/2024\/06\/11\/governo-anula-leilao-e-cancela-compra-de-arroz-importado\/\",\"url\":\"https:\/\/www.comunicarmais.com.br\/site\/2024\/06\/11\/governo-anula-leilao-e-cancela-compra-de-arroz-importado\/\",\"name\":\"Governo anula leil\u00e3o e cancela compra de arroz importado - Comunicar Mais\",\"isPartOf\":{\"@id\":\"https:\/\/www.comunicarmais.com.br\/site\/#website\"},\"primaryImageOfPage\":{\"@id\":\"https:\/\/www.comunicarmais.com.br\/site\/2024\/06\/11\/governo-anula-leilao-e-cancela-compra-de-arroz-importado\/#primaryimage\"},\"image\":{\"@id\":\"https:\/\/www.comunicarmais.com.br\/site\/2024\/06\/11\/governo-anula-leilao-e-cancela-compra-de-arroz-importado\/#primaryimage\"},\"thumbnailUrl\":\"https:\/\/www.comunicarmais.com.br\/site\/wp-content\/uploads\/2024\/06\/arroz.jpg\",\"datePublished\":\"2024-06-11T18:22:00+00:00\",\"dateModified\":\"2024-06-12T20:24:22+00:00\",\"author\":{\"@id\":\"https:\/\/www.comunicarmais.com.br\/site\/#\/schema\/person\/712f7b6b25b644e4a91c4173674cf284\"},\"breadcrumb\":{\"@id\":\"https:\/\/www.comunicarmais.com.br\/site\/2024\/06\/11\/governo-anula-leilao-e-cancela-compra-de-arroz-importado\/#breadcrumb\"},\"inLanguage\":\"pt-BR\",\"potentialAction\":[{\"@type\":\"ReadAction\",\"target\":[\"https:\/\/www.comunicarmais.com.br\/site\/2024\/06\/11\/governo-anula-leilao-e-cancela-compra-de-arroz-importado\/\"]}]},{\"@type\":\"ImageObject\",\"inLanguage\":\"pt-BR\",\"@id\":\"https:\/\/www.comunicarmais.com.br\/site\/2024\/06\/11\/governo-anula-leilao-e-cancela-compra-de-arroz-importado\/#primaryimage\",\"url\":\"https:\/\/www.comunicarmais.com.br\/site\/wp-content\/uploads\/2024\/06\/arroz.jpg\",\"contentUrl\":\"https:\/\/www.comunicarmais.com.br\/site\/wp-content\/uploads\/2024\/06\/arroz.jpg\",\"width\":1171,\"height\":695,\"caption\":\"Secret\u00e1rio pediu demiss\u00e3o ap\u00f3s suspeitas de conflito de interesses\"},{\"@type\":\"BreadcrumbList\",\"@id\":\"https:\/\/www.comunicarmais.com.br\/site\/2024\/06\/11\/governo-anula-leilao-e-cancela-compra-de-arroz-importado\/#breadcrumb\",\"itemListElement\":[{\"@type\":\"ListItem\",\"position\":1,\"name\":\"In\u00edcio\",\"item\":\"https:\/\/www.comunicarmais.com.br\/site\/\"},{\"@type\":\"ListItem\",\"position\":2,\"name\":\"Governo anula leil\u00e3o e cancela compra de arroz importado\"}]},{\"@type\":\"WebSite\",\"@id\":\"https:\/\/www.comunicarmais.com.br\/site\/#website\",\"url\":\"https:\/\/www.comunicarmais.com.br\/site\/\",\"name\":\"Comunicar Mais\",\"description\":\"\",\"potentialAction\":[{\"@type\":\"SearchAction\",\"target\":{\"@type\":\"EntryPoint\",\"urlTemplate\":\"https:\/\/www.comunicarmais.com.br\/site\/?s={search_term_string}\"},\"query-input\":{\"@type\":\"PropertyValueSpecification\",\"valueRequired\":true,\"valueName\":\"search_term_string\"}}],\"inLanguage\":\"pt-BR\"},{\"@type\":\"Person\",\"@id\":\"https:\/\/www.comunicarmais.com.br\/site\/#\/schema\/person\/712f7b6b25b644e4a91c4173674cf284\",\"name\":\"Comunicar Mais\",\"image\":{\"@type\":\"ImageObject\",\"inLanguage\":\"pt-BR\",\"@id\":\"https:\/\/www.comunicarmais.com.br\/site\/#\/schema\/person\/image\/\",\"url\":\"https:\/\/secure.gravatar.com\/avatar\/9803218072e2c0dc265d3d787b54c2c33325e79f79732707fddfbf1efd82c678?s=96&d=mm&r=g\",\"contentUrl\":\"https:\/\/secure.gravatar.com\/avatar\/9803218072e2c0dc265d3d787b54c2c33325e79f79732707fddfbf1efd82c678?s=96&d=mm&r=g\",\"caption\":\"Comunicar Mais\"},\"description\":\"Deixe as ideologias com os ide\u00f3logos. Noticiamos fatos, n\u00e3o brigamos com eles. Aqui, voc\u00ea fica bem informado do que acontece no seu bairro e no mundo. Informar com \u00e9tica e responsabilidade s\u00e3o as bandeiras do Comunicarmais.\",\"sameAs\":[\"https:\/\/www.comunicarmais.com.br\/site\/\",\"https:\/\/www.facebook.com\/comunicarmais\/\",\"https:\/\/www.instagram.com\/comunicarmaisba\/\",\"https:\/\/x.com\/ComunicarmaisBA\"],\"url\":\"https:\/\/www.comunicarmais.com.br\/site\/author\/gerenciador\/\"}]}<\/script>\n<!-- \/ Yoast SEO plugin. -->","yoast_head_json":{"title":"Governo anula leil\u00e3o e cancela compra de arroz importado - Comunicar Mais","robots":{"index":"index","follow":"follow","max-snippet":"max-snippet:-1","max-image-preview":"max-image-preview:large","max-video-preview":"max-video-preview:-1"},"canonical":"https:\/\/www.comunicarmais.com.br\/site\/2024\/06\/11\/governo-anula-leilao-e-cancela-compra-de-arroz-importado\/","og_locale":"pt_BR","og_type":"article","og_title":"Governo anula leil\u00e3o e cancela compra de arroz importado - Comunicar Mais","og_description":"Secret\u00e1rio pediu demiss\u00e3o ap\u00f3s suspeitas de conflito de interesses","og_url":"https:\/\/www.comunicarmais.com.br\/site\/2024\/06\/11\/governo-anula-leilao-e-cancela-compra-de-arroz-importado\/","og_site_name":"Comunicar Mais","article_publisher":"https:\/\/www.facebook.com\/comunicarmais\/","article_author":"https:\/\/www.facebook.com\/comunicarmais\/","article_published_time":"2024-06-11T18:22:00+00:00","article_modified_time":"2024-06-12T20:24:22+00:00","og_image":[{"width":1171,"height":695,"url":"https:\/\/www.comunicarmais.com.br\/site\/wp-content\/uploads\/2024\/06\/arroz.jpg","type":"image\/jpeg"}],"author":"Comunicar Mais","twitter_card":"summary_large_image","twitter_creator":"@ComunicarmaisBA","twitter_site":"@ComunicarmaisBA","twitter_misc":{"Escrito por":"Comunicar Mais","Est. tempo de leitura":"6 minutos"},"schema":{"@context":"https:\/\/schema.org","@graph":[{"@type":"WebPage","@id":"https:\/\/www.comunicarmais.com.br\/site\/2024\/06\/11\/governo-anula-leilao-e-cancela-compra-de-arroz-importado\/","url":"https:\/\/www.comunicarmais.com.br\/site\/2024\/06\/11\/governo-anula-leilao-e-cancela-compra-de-arroz-importado\/","name":"Governo anula leil\u00e3o e cancela compra de arroz importado - Comunicar Mais","isPartOf":{"@id":"https:\/\/www.comunicarmais.com.br\/site\/#website"},"primaryImageOfPage":{"@id":"https:\/\/www.comunicarmais.com.br\/site\/2024\/06\/11\/governo-anula-leilao-e-cancela-compra-de-arroz-importado\/#primaryimage"},"image":{"@id":"https:\/\/www.comunicarmais.com.br\/site\/2024\/06\/11\/governo-anula-leilao-e-cancela-compra-de-arroz-importado\/#primaryimage"},"thumbnailUrl":"https:\/\/www.comunicarmais.com.br\/site\/wp-content\/uploads\/2024\/06\/arroz.jpg","datePublished":"2024-06-11T18:22:00+00:00","dateModified":"2024-06-12T20:24:22+00:00","author":{"@id":"https:\/\/www.comunicarmais.com.br\/site\/#\/schema\/person\/712f7b6b25b644e4a91c4173674cf284"},"breadcrumb":{"@id":"https:\/\/www.comunicarmais.com.br\/site\/2024\/06\/11\/governo-anula-leilao-e-cancela-compra-de-arroz-importado\/#breadcrumb"},"inLanguage":"pt-BR","potentialAction":[{"@type":"ReadAction","target":["https:\/\/www.comunicarmais.com.br\/site\/2024\/06\/11\/governo-anula-leilao-e-cancela-compra-de-arroz-importado\/"]}]},{"@type":"ImageObject","inLanguage":"pt-BR","@id":"https:\/\/www.comunicarmais.com.br\/site\/2024\/06\/11\/governo-anula-leilao-e-cancela-compra-de-arroz-importado\/#primaryimage","url":"https:\/\/www.comunicarmais.com.br\/site\/wp-content\/uploads\/2024\/06\/arroz.jpg","contentUrl":"https:\/\/www.comunicarmais.com.br\/site\/wp-content\/uploads\/2024\/06\/arroz.jpg","width":1171,"height":695,"caption":"Secret\u00e1rio pediu demiss\u00e3o ap\u00f3s suspeitas de conflito de interesses"},{"@type":"BreadcrumbList","@id":"https:\/\/www.comunicarmais.com.br\/site\/2024\/06\/11\/governo-anula-leilao-e-cancela-compra-de-arroz-importado\/#breadcrumb","itemListElement":[{"@type":"ListItem","position":1,"name":"In\u00edcio","item":"https:\/\/www.comunicarmais.com.br\/site\/"},{"@type":"ListItem","position":2,"name":"Governo anula leil\u00e3o e cancela compra de arroz importado"}]},{"@type":"WebSite","@id":"https:\/\/www.comunicarmais.com.br\/site\/#website","url":"https:\/\/www.comunicarmais.com.br\/site\/","name":"Comunicar Mais","description":"","potentialAction":[{"@type":"SearchAction","target":{"@type":"EntryPoint","urlTemplate":"https:\/\/www.comunicarmais.com.br\/site\/?s={search_term_string}"},"query-input":{"@type":"PropertyValueSpecification","valueRequired":true,"valueName":"search_term_string"}}],"inLanguage":"pt-BR"},{"@type":"Person","@id":"https:\/\/www.comunicarmais.com.br\/site\/#\/schema\/person\/712f7b6b25b644e4a91c4173674cf284","name":"Comunicar Mais","image":{"@type":"ImageObject","inLanguage":"pt-BR","@id":"https:\/\/www.comunicarmais.com.br\/site\/#\/schema\/person\/image\/","url":"https:\/\/secure.gravatar.com\/avatar\/9803218072e2c0dc265d3d787b54c2c33325e79f79732707fddfbf1efd82c678?s=96&d=mm&r=g","contentUrl":"https:\/\/secure.gravatar.com\/avatar\/9803218072e2c0dc265d3d787b54c2c33325e79f79732707fddfbf1efd82c678?s=96&d=mm&r=g","caption":"Comunicar Mais"},"description":"Deixe as ideologias com os ide\u00f3logos. Noticiamos fatos, n\u00e3o brigamos com eles. Aqui, voc\u00ea fica bem informado do que acontece no seu bairro e no mundo. Informar com \u00e9tica e responsabilidade s\u00e3o as bandeiras do Comunicarmais.","sameAs":["https:\/\/www.comunicarmais.com.br\/site\/","https:\/\/www.facebook.com\/comunicarmais\/","https:\/\/www.instagram.com\/comunicarmaisba\/","https:\/\/x.com\/ComunicarmaisBA"],"url":"https:\/\/www.comunicarmais.com.br\/site\/author\/gerenciador\/"}]}},"_links":{"self":[{"href":"https:\/\/www.comunicarmais.com.br\/site\/wp-json\/wp\/v2\/posts\/2707","targetHints":{"allow":["GET"]}}],"collection":[{"href":"https:\/\/www.comunicarmais.com.br\/site\/wp-json\/wp\/v2\/posts"}],"about":[{"href":"https:\/\/www.comunicarmais.com.br\/site\/wp-json\/wp\/v2\/types\/post"}],"author":[{"embeddable":true,"href":"https:\/\/www.comunicarmais.com.br\/site\/wp-json\/wp\/v2\/users\/2"}],"replies":[{"embeddable":true,"href":"https:\/\/www.comunicarmais.com.br\/site\/wp-json\/wp\/v2\/comments?post=2707"}],"version-history":[{"count":2,"href":"https:\/\/www.comunicarmais.com.br\/site\/wp-json\/wp\/v2\/posts\/2707\/revisions"}],"predecessor-version":[{"id":2710,"href":"https:\/\/www.comunicarmais.com.br\/site\/wp-json\/wp\/v2\/posts\/2707\/revisions\/2710"}],"wp:featuredmedia":[{"embeddable":true,"href":"https:\/\/www.comunicarmais.com.br\/site\/wp-json\/wp\/v2\/media\/2709"}],"wp:attachment":[{"href":"https:\/\/www.comunicarmais.com.br\/site\/wp-json\/wp\/v2\/media?parent=2707"}],"wp:term":[{"taxonomy":"category","embeddable":true,"href":"https:\/\/www.comunicarmais.com.br\/site\/wp-json\/wp\/v2\/categories?post=2707"},{"taxonomy":"post_tag","embeddable":true,"href":"https:\/\/www.comunicarmais.com.br\/site\/wp-json\/wp\/v2\/tags?post=2707"}],"curies":[{"name":"wp","href":"https:\/\/api.w.org\/{rel}","templated":true}]}}