{"id":14448,"date":"2026-04-27T16:58:00","date_gmt":"2026-04-27T19:58:00","guid":{"rendered":"https:\/\/www.comunicarmais.com.br\/site\/?p=14448"},"modified":"2026-04-27T21:34:27","modified_gmt":"2026-04-28T00:34:27","slug":"programa-de-saude-em-lauro-de-freitas-oferece-atendimento-a-pessoas-com-doenca-falciforme","status":"publish","type":"post","link":"https:\/\/www.comunicarmais.com.br\/site\/2026\/04\/27\/programa-de-saude-em-lauro-de-freitas-oferece-atendimento-a-pessoas-com-doenca-falciforme\/","title":{"rendered":"Programa de sa\u00fade em Lauro de Freitas oferece atendimento a pessoas com doen\u00e7a falciforme"},"content":{"rendered":"\n<p><strong>Ainda s\u00e3o oferecidas as especialidades m\u00e9dicas de hematologia adulto e pedi\u00e1trico, nutri\u00e7\u00e3o, psicologia, servi\u00e7o social e exames laboratoriais para os pacientes<\/strong><\/p>\n\n\n\n<figure class=\"wp-block-image size-large\"><img decoding=\"async\" width=\"1433\" height=\"953\" data-src=\"https:\/\/www.comunicarmais.com.br\/site\/wp-content\/uploads\/2026\/04\/GAPRE_SESA-Prefeita-acompanha-primeiro-dia-de-Fila-Zero-no-Quingoma_Viviane-Moreira-_03.11.25-16-1433x953.jpg\" alt=\"\" class=\"wp-image-14451 lazyload\" data-srcset=\"https:\/\/www.comunicarmais.com.br\/site\/wp-content\/uploads\/2026\/04\/GAPRE_SESA-Prefeita-acompanha-primeiro-dia-de-Fila-Zero-no-Quingoma_Viviane-Moreira-_03.11.25-16-1433x953.jpg 1433w, https:\/\/www.comunicarmais.com.br\/site\/wp-content\/uploads\/2026\/04\/GAPRE_SESA-Prefeita-acompanha-primeiro-dia-de-Fila-Zero-no-Quingoma_Viviane-Moreira-_03.11.25-16-1024x681.jpg 1024w, https:\/\/www.comunicarmais.com.br\/site\/wp-content\/uploads\/2026\/04\/GAPRE_SESA-Prefeita-acompanha-primeiro-dia-de-Fila-Zero-no-Quingoma_Viviane-Moreira-_03.11.25-16-768x511.jpg 768w, https:\/\/www.comunicarmais.com.br\/site\/wp-content\/uploads\/2026\/04\/GAPRE_SESA-Prefeita-acompanha-primeiro-dia-de-Fila-Zero-no-Quingoma_Viviane-Moreira-_03.11.25-16-1536x1021.jpg 1536w, https:\/\/www.comunicarmais.com.br\/site\/wp-content\/uploads\/2026\/04\/GAPRE_SESA-Prefeita-acompanha-primeiro-dia-de-Fila-Zero-no-Quingoma_Viviane-Moreira-_03.11.25-16-2048x1362.jpg 2048w\" data-sizes=\"(max-width: 1433px) 100vw, 1433px\" src=\"data:image\/svg+xml;base64,PHN2ZyB3aWR0aD0iMSIgaGVpZ2h0PSIxIiB4bWxucz0iaHR0cDovL3d3dy53My5vcmcvMjAwMC9zdmciPjwvc3ZnPg==\" style=\"--smush-placeholder-width: 1433px; --smush-placeholder-aspect-ratio: 1433\/953;\" \/><\/figure>\n\n\n\n<p><strong>Reda\u00e7\u00e3o Mais &#8211;<\/strong> Visando garantir assist\u00eancia \u00e0s pessoas com doen\u00e7a falciforme, condi\u00e7\u00e3o gen\u00e9tica e heredit\u00e1ria do sangue que altera o formato dos gl\u00f3bulos vermelhos, a Prefeitura de Lauro de Freitas, na Bahia, por meio da Secretaria Municipal de Sa\u00fade (Sesa), oferece o atendimento integrado aos portadores da doen\u00e7a no munic\u00edpio, atrav\u00e9s do Programa Municipal de Aten\u00e7\u00e3o \u00e0 Pessoa com Doen\u00e7a Falciforme.<\/p>\n\n\n\n<p>O atendimento pelo programa \u00e9 realizado de segunda a sexta-feira, das 8h \u00e0s 16h, na Policl\u00ednica Municipal Professor Carlos Bastos, situada na Avenida Luiz Tarqu\u00ednio Pontes, no Centro. No local, s\u00e3o oferecidas as especialidades m\u00e9dicas de hematologia adulto e pedi\u00e1trico, nutri\u00e7\u00e3o, psicologia, servi\u00e7o social e exames laboratoriais para os pacientes.<\/p>\n\n\n\n<figure class=\"wp-block-image size-large\"><img decoding=\"async\" width=\"1433\" height=\"953\" data-src=\"https:\/\/www.comunicarmais.com.br\/site\/wp-content\/uploads\/2026\/04\/GAPRE_SESA-Prefeita-acompanha-primeiro-dia-de-Fila-Zero-no-Quingoma_Viviane-Moreira-_03.11.25-8-1433x953.jpg\" alt=\"\" class=\"wp-image-14450 lazyload\" data-srcset=\"https:\/\/www.comunicarmais.com.br\/site\/wp-content\/uploads\/2026\/04\/GAPRE_SESA-Prefeita-acompanha-primeiro-dia-de-Fila-Zero-no-Quingoma_Viviane-Moreira-_03.11.25-8-1433x953.jpg 1433w, https:\/\/www.comunicarmais.com.br\/site\/wp-content\/uploads\/2026\/04\/GAPRE_SESA-Prefeita-acompanha-primeiro-dia-de-Fila-Zero-no-Quingoma_Viviane-Moreira-_03.11.25-8-1024x681.jpg 1024w, https:\/\/www.comunicarmais.com.br\/site\/wp-content\/uploads\/2026\/04\/GAPRE_SESA-Prefeita-acompanha-primeiro-dia-de-Fila-Zero-no-Quingoma_Viviane-Moreira-_03.11.25-8-768x511.jpg 768w, https:\/\/www.comunicarmais.com.br\/site\/wp-content\/uploads\/2026\/04\/GAPRE_SESA-Prefeita-acompanha-primeiro-dia-de-Fila-Zero-no-Quingoma_Viviane-Moreira-_03.11.25-8-1536x1021.jpg 1536w, https:\/\/www.comunicarmais.com.br\/site\/wp-content\/uploads\/2026\/04\/GAPRE_SESA-Prefeita-acompanha-primeiro-dia-de-Fila-Zero-no-Quingoma_Viviane-Moreira-_03.11.25-8-2048x1362.jpg 2048w\" data-sizes=\"(max-width: 1433px) 100vw, 1433px\" src=\"data:image\/svg+xml;base64,PHN2ZyB3aWR0aD0iMSIgaGVpZ2h0PSIxIiB4bWxucz0iaHR0cDovL3d3dy53My5vcmcvMjAwMC9zdmciPjwvc3ZnPg==\" style=\"--smush-placeholder-width: 1433px; --smush-placeholder-aspect-ratio: 1433\/953;\" \/><\/figure>\n\n\n\n<p>Para garantir cuidados aos portadores da doen\u00e7a, tamb\u00e9m s\u00e3o oferecidos acompanhamento cl\u00ednico, medicamento, exames de controle e rotina, a exemplo do exame de eletroforese de hemoglobina, fundamental para identificar e medir os diferentes tipos de hemoglobina presentes no sangue e essencial para o diagn\u00f3stico precoce e preciso de doen\u00e7as gen\u00e9ticas e heredit\u00e1rias do sangue, como a anemia falciforme e as talassemias.<\/p>\n\n\n\n<p>O Programa de Aten\u00e7\u00e3o Integral \u00e0s Pessoas com Doen\u00e7a Falciforme em Lauro de Freitas funciona como uma rede de cuidados dentro do Sistema \u00danico de Sa\u00fade (SUS), focada na identifica\u00e7\u00e3o precoce, acompanhamento especializado e preven\u00e7\u00e3o de complica\u00e7\u00f5es.<\/p>\n\n\n\n<p>________________________________________________________________________________________________________________<\/p>\n\n\n<p class=\"wp-block-tag-cloud\"><a href=\"https:\/\/www.comunicarmais.com.br\/site\/tag\/bahia\/\" class=\"tag-cloud-link tag-link-171 tag-link-position-1\" style=\"font-size: 17.922330097087pt;\" aria-label=\"Bahia (116 itens)\">Bahia<\/a>\n<a href=\"https:\/\/www.comunicarmais.com.br\/site\/tag\/bolsonaro\/\" class=\"tag-cloud-link tag-link-112 tag-link-position-2\" style=\"font-size: 11.533980582524pt;\" aria-label=\"Bolsonaro (39 itens)\">Bolsonaro<\/a>\n<a href=\"https:\/\/www.comunicarmais.com.br\/site\/tag\/brasil\/\" class=\"tag-cloud-link tag-link-335 tag-link-position-3\" style=\"font-size: 13.029126213592pt;\" aria-label=\"Brasil (50 itens)\">Brasil<\/a>\n<a href=\"https:\/\/www.comunicarmais.com.br\/site\/tag\/camacari\/\" class=\"tag-cloud-link tag-link-435 tag-link-position-4\" style=\"font-size: 8.8155339805825pt;\" aria-label=\"Cama\u00e7ari (24 itens)\">Cama\u00e7ari<\/a>\n<a href=\"https:\/\/www.comunicarmais.com.br\/site\/tag\/carnaval\/\" class=\"tag-cloud-link tag-link-508 tag-link-position-5\" style=\"font-size: 12.893203883495pt;\" aria-label=\"Carnaval (49 itens)\">Carnaval<\/a>\n<a href=\"https:\/\/www.comunicarmais.com.br\/site\/tag\/cbx\/\" class=\"tag-cloud-link tag-link-1602 tag-link-position-6\" style=\"font-size: 11.398058252427pt;\" aria-label=\"CBX (38 itens)\">CBX<\/a>\n<a href=\"https:\/\/www.comunicarmais.com.br\/site\/tag\/cidade-baixa\/\" class=\"tag-cloud-link tag-link-456 tag-link-position-7\" style=\"font-size: 9.9029126213592pt;\" aria-label=\"Cidade Baixa (29 itens)\">Cidade Baixa<\/a>\n<a href=\"https:\/\/www.comunicarmais.com.br\/site\/tag\/cinema\/\" class=\"tag-cloud-link tag-link-985 tag-link-position-8\" style=\"font-size: 11.126213592233pt;\" aria-label=\"Cinema (36 itens)\">Cinema<\/a>\n<a href=\"https:\/\/www.comunicarmais.com.br\/site\/tag\/cultura\/\" class=\"tag-cloud-link tag-link-231 tag-link-position-9\" style=\"font-size: 12.349514563107pt;\" aria-label=\"Cultura (45 itens)\">Cultura<\/a>\n<a href=\"https:\/\/www.comunicarmais.com.br\/site\/tag\/drogas\/\" class=\"tag-cloud-link tag-link-165 tag-link-position-10\" style=\"font-size: 12.757281553398pt;\" aria-label=\"Drogas (48 itens)\">Drogas<\/a>\n<a href=\"https:\/\/www.comunicarmais.com.br\/site\/tag\/educacao\/\" class=\"tag-cloud-link tag-link-228 tag-link-position-11\" style=\"font-size: 12.621359223301pt;\" aria-label=\"Educa\u00e7\u00e3o (47 itens)\">Educa\u00e7\u00e3o<\/a>\n<a href=\"https:\/\/www.comunicarmais.com.br\/site\/tag\/ensino\/\" class=\"tag-cloud-link tag-link-233 tag-link-position-12\" style=\"font-size: 10.446601941748pt;\" aria-label=\"Ensino (32 itens)\">Ensino<\/a>\n<a href=\"https:\/\/www.comunicarmais.com.br\/site\/tag\/escola\/\" class=\"tag-cloud-link tag-link-229 tag-link-position-13\" style=\"font-size: 9.631067961165pt;\" aria-label=\"Escola (28 itens)\">Escola<\/a>\n<a href=\"https:\/\/www.comunicarmais.com.br\/site\/tag\/eua\/\" class=\"tag-cloud-link tag-link-664 tag-link-position-14\" style=\"font-size: 12.077669902913pt;\" aria-label=\"EUA (43 itens)\">EUA<\/a>\n<a href=\"https:\/\/www.comunicarmais.com.br\/site\/tag\/feira-de-santana\/\" class=\"tag-cloud-link tag-link-642 tag-link-position-15\" style=\"font-size: 9.2233009708738pt;\" aria-label=\"Feira de Santana (26 itens)\">Feira de Santana<\/a>\n<a href=\"https:\/\/www.comunicarmais.com.br\/site\/tag\/ficco\/\" class=\"tag-cloud-link tag-link-143 tag-link-position-16\" style=\"font-size: 9.2233009708738pt;\" aria-label=\"Ficco (26 itens)\">Ficco<\/a>\n<a href=\"https:\/\/www.comunicarmais.com.br\/site\/tag\/folia\/\" class=\"tag-cloud-link tag-link-566 tag-link-position-17\" style=\"font-size: 9.2233009708738pt;\" aria-label=\"Folia (26 itens)\">Folia<\/a>\n<a href=\"https:\/\/www.comunicarmais.com.br\/site\/tag\/futebol\/\" class=\"tag-cloud-link tag-link-40 tag-link-position-18\" style=\"font-size: 13.029126213592pt;\" aria-label=\"Futebol (50 itens)\">Futebol<\/a>\n<a href=\"https:\/\/www.comunicarmais.com.br\/site\/tag\/homicidio\/\" class=\"tag-cloud-link tag-link-101 tag-link-position-19\" style=\"font-size: 10.718446601942pt;\" aria-label=\"Homic\u00eddio (34 itens)\">Homic\u00eddio<\/a>\n<a href=\"https:\/\/www.comunicarmais.com.br\/site\/tag\/itapagipe\/\" class=\"tag-cloud-link tag-link-471 tag-link-position-20\" style=\"font-size: 10.038834951456pt;\" aria-label=\"Itapagipe (30 itens)\">Itapagipe<\/a>\n<a href=\"https:\/\/www.comunicarmais.com.br\/site\/tag\/itaparica\/\" class=\"tag-cloud-link tag-link-301 tag-link-position-21\" style=\"font-size: 8pt;\" aria-label=\"Itaparica (21 itens)\">Itaparica<\/a>\n<a href=\"https:\/\/www.comunicarmais.com.br\/site\/tag\/jeronimo-rodrigues\/\" class=\"tag-cloud-link tag-link-668 tag-link-position-22\" style=\"font-size: 8.2718446601942pt;\" aria-label=\"Jer\u00f4nimo Rodrigues (22 itens)\">Jer\u00f4nimo Rodrigues<\/a>\n<a href=\"https:\/\/www.comunicarmais.com.br\/site\/tag\/justica\/\" class=\"tag-cloud-link tag-link-361 tag-link-position-23\" style=\"font-size: 10.582524271845pt;\" aria-label=\"Justi\u00e7a (33 itens)\">Justi\u00e7a<\/a>\n<a href=\"https:\/\/www.comunicarmais.com.br\/site\/tag\/lauro-de-freitas\/\" class=\"tag-cloud-link tag-link-594 tag-link-position-24\" style=\"font-size: 18.194174757282pt;\" aria-label=\"Lauro de Freitas (123 itens)\">Lauro de Freitas<\/a>\n<a href=\"https:\/\/www.comunicarmais.com.br\/site\/tag\/lazer\/\" class=\"tag-cloud-link tag-link-568 tag-link-position-25\" style=\"font-size: 9.2233009708738pt;\" aria-label=\"Lazer (26 itens)\">Lazer<\/a>\n<a href=\"https:\/\/www.comunicarmais.com.br\/site\/tag\/lula\/\" class=\"tag-cloud-link tag-link-416 tag-link-position-26\" style=\"font-size: 12.21359223301pt;\" aria-label=\"Lula (44 itens)\">Lula<\/a>\n<a href=\"https:\/\/www.comunicarmais.com.br\/site\/tag\/meio-ambiente\/\" class=\"tag-cloud-link tag-link-475 tag-link-position-27\" style=\"font-size: 12.21359223301pt;\" aria-label=\"Meio Ambiente (44 itens)\">Meio Ambiente<\/a>\n<a href=\"https:\/\/www.comunicarmais.com.br\/site\/tag\/mobilidade\/\" class=\"tag-cloud-link tag-link-278 tag-link-position-28\" style=\"font-size: 13.844660194175pt;\" aria-label=\"Mobilidade (58 itens)\">Mobilidade<\/a>\n<a href=\"https:\/\/www.comunicarmais.com.br\/site\/tag\/mulher\/\" class=\"tag-cloud-link tag-link-450 tag-link-position-29\" style=\"font-size: 13.300970873786pt;\" aria-label=\"mulher (53 itens)\">mulher<\/a>\n<a href=\"https:\/\/www.comunicarmais.com.br\/site\/tag\/musica-2\/\" class=\"tag-cloud-link tag-link-747 tag-link-position-30\" style=\"font-size: 12.21359223301pt;\" aria-label=\"M\u00fasica (44 itens)\">M\u00fasica<\/a>\n<a href=\"https:\/\/www.comunicarmais.com.br\/site\/tag\/pcba\/\" class=\"tag-cloud-link tag-link-1332 tag-link-position-31\" style=\"font-size: 15.067961165049pt;\" aria-label=\"PCBA (72 itens)\">PCBA<\/a>\n<a href=\"https:\/\/www.comunicarmais.com.br\/site\/tag\/pmba\/\" class=\"tag-cloud-link tag-link-53 tag-link-position-32\" style=\"font-size: 18.194174757282pt;\" aria-label=\"PMBA (123 itens)\">PMBA<\/a>\n<a href=\"https:\/\/www.comunicarmais.com.br\/site\/tag\/policia-federal\/\" class=\"tag-cloud-link tag-link-620 tag-link-position-33\" style=\"font-size: 8.9514563106796pt;\" aria-label=\"Pol\u00edcia Federal (25 itens)\">Pol\u00edcia Federal<\/a>\n<a href=\"https:\/\/www.comunicarmais.com.br\/site\/tag\/politica\/\" class=\"tag-cloud-link tag-link-495 tag-link-position-34\" style=\"font-size: 16.291262135922pt;\" aria-label=\"Pol\u00edtica (89 itens)\">Pol\u00edtica<\/a>\n<a href=\"https:\/\/www.comunicarmais.com.br\/site\/tag\/rio-de-janeiro\/\" class=\"tag-cloud-link tag-link-152 tag-link-position-35\" style=\"font-size: 9.9029126213592pt;\" aria-label=\"Rio de Janeiro (29 itens)\">Rio de Janeiro<\/a>\n<a href=\"https:\/\/www.comunicarmais.com.br\/site\/tag\/salvador\/\" class=\"tag-cloud-link tag-link-125 tag-link-position-36\" style=\"font-size: 22pt;\" aria-label=\"Salvador (236 itens)\">Salvador<\/a>\n<a href=\"https:\/\/www.comunicarmais.com.br\/site\/tag\/saude\/\" class=\"tag-cloud-link tag-link-42 tag-link-position-37\" style=\"font-size: 17.922330097087pt;\" aria-label=\"Sa\u00fade (117 itens)\">Sa\u00fade<\/a>\n<a href=\"https:\/\/www.comunicarmais.com.br\/site\/tag\/seguranca\/\" class=\"tag-cloud-link tag-link-48 tag-link-position-38\" style=\"font-size: 9.2233009708738pt;\" aria-label=\"Seguran\u00e7a (26 itens)\">Seguran\u00e7a<\/a>\n<a href=\"https:\/\/www.comunicarmais.com.br\/site\/tag\/ssp-ba\/\" class=\"tag-cloud-link tag-link-1937 tag-link-position-39\" style=\"font-size: 8.9514563106796pt;\" aria-label=\"SSP-BA (25 itens)\">SSP-BA<\/a>\n<a href=\"https:\/\/www.comunicarmais.com.br\/site\/tag\/sspba\/\" class=\"tag-cloud-link tag-link-144 tag-link-position-40\" style=\"font-size: 11.398058252427pt;\" aria-label=\"SSPBA (38 itens)\">SSPBA<\/a>\n<a href=\"https:\/\/www.comunicarmais.com.br\/site\/tag\/stf\/\" class=\"tag-cloud-link tag-link-68 tag-link-position-41\" style=\"font-size: 14.252427184466pt;\" aria-label=\"STF (62 itens)\">STF<\/a>\n<a href=\"https:\/\/www.comunicarmais.com.br\/site\/tag\/sao-paulo\/\" class=\"tag-cloud-link tag-link-612 tag-link-position-42\" style=\"font-size: 8pt;\" aria-label=\"S\u00e3o Paulo (21 itens)\">S\u00e3o Paulo<\/a>\n<a href=\"https:\/\/www.comunicarmais.com.br\/site\/tag\/transito-2\/\" class=\"tag-cloud-link tag-link-377 tag-link-position-43\" style=\"font-size: 8.2718446601942pt;\" aria-label=\"tr\u00e2nsito (22 itens)\">tr\u00e2nsito<\/a>\n<a href=\"https:\/\/www.comunicarmais.com.br\/site\/tag\/turismo\/\" class=\"tag-cloud-link tag-link-225 tag-link-position-44\" style=\"font-size: 9.9029126213592pt;\" aria-label=\"Turismo (29 itens)\">Turismo<\/a>\n<a href=\"https:\/\/www.comunicarmais.com.br\/site\/tag\/uruguai\/\" class=\"tag-cloud-link tag-link-323 tag-link-position-45\" style=\"font-size: 9.631067961165pt;\" aria-label=\"Uruguai (28 itens)\">Uruguai<\/a><\/p>","protected":false},"excerpt":{"rendered":"<p>Ainda s\u00e3o oferecidas as especialidades m\u00e9dicas de hematologia adulto e pedi\u00e1trico, nutri\u00e7\u00e3o, psicologia, servi\u00e7o social e exames laboratoriais para os pacientes<\/p>\n","protected":false},"author":2,"featured_media":14450,"comment_status":"open","ping_status":"open","sticky":false,"template":"","format":"standard","meta":{"_acf_changed":false,"footnotes":""},"categories":[5,46],"tags":[3591,594,42],"class_list":["post-14448","post","type-post","status-publish","format-standard","has-post-thumbnail","hentry","category-grande-salvador","category-saude","tag-doenca-falciforme","tag-lauro-de-freitas","tag-saude"],"acf":[],"yoast_head":"<!-- This site is optimized with the Yoast SEO plugin v26.1.1 - https:\/\/yoast.com\/wordpress\/plugins\/seo\/ -->\n<title>Programa de sa\u00fade em Lauro de Freitas oferece atendimento a pessoas com doen\u00e7a falciforme - Comunicar Mais<\/title>\n<meta name=\"description\" content=\"Ainda s\u00e3o oferecidas as especialidades m\u00e9dicas de hematologia adulto e pedi\u00e1trico, nutri\u00e7\u00e3o, psicologia, servi\u00e7o social e exames laboratoriais para os pacientes\" \/>\n<meta name=\"robots\" content=\"index, follow, max-snippet:-1, max-image-preview:large, max-video-preview:-1\" \/>\n<link rel=\"canonical\" href=\"https:\/\/www.comunicarmais.com.br\/site\/2026\/04\/27\/programa-de-saude-em-lauro-de-freitas-oferece-atendimento-a-pessoas-com-doenca-falciforme\/\" \/>\n<meta property=\"og:locale\" content=\"pt_BR\" \/>\n<meta property=\"og:type\" content=\"article\" \/>\n<meta property=\"og:title\" content=\"Programa de sa\u00fade em Lauro de Freitas oferece atendimento a pessoas com doen\u00e7a falciforme - Comunicar Mais\" \/>\n<meta property=\"og:description\" content=\"Ainda s\u00e3o oferecidas as especialidades m\u00e9dicas de hematologia adulto e pedi\u00e1trico, nutri\u00e7\u00e3o, psicologia, servi\u00e7o social e exames laboratoriais para os pacientes\" \/>\n<meta property=\"og:url\" content=\"https:\/\/www.comunicarmais.com.br\/site\/2026\/04\/27\/programa-de-saude-em-lauro-de-freitas-oferece-atendimento-a-pessoas-com-doenca-falciforme\/\" \/>\n<meta property=\"og:site_name\" content=\"Comunicar Mais\" \/>\n<meta property=\"article:publisher\" content=\"https:\/\/www.facebook.com\/comunicarmais\/\" \/>\n<meta property=\"article:author\" content=\"https:\/\/www.facebook.com\/comunicarmais\/\" \/>\n<meta property=\"article:published_time\" content=\"2026-04-27T19:58:00+00:00\" \/>\n<meta property=\"article:modified_time\" content=\"2026-04-28T00:34:27+00:00\" \/>\n<meta property=\"og:image\" content=\"https:\/\/www.comunicarmais.com.br\/site\/wp-content\/uploads\/2026\/04\/GAPRE_SESA-Prefeita-acompanha-primeiro-dia-de-Fila-Zero-no-Quingoma_Viviane-Moreira-_03.11.25-8-scaled.jpg\" \/>\n\t<meta property=\"og:image:width\" content=\"2560\" \/>\n\t<meta property=\"og:image:height\" content=\"1702\" \/>\n\t<meta property=\"og:image:type\" content=\"image\/jpeg\" \/>\n<meta name=\"author\" content=\"Comunicar Mais\" \/>\n<meta name=\"twitter:card\" content=\"summary_large_image\" \/>\n<meta name=\"twitter:creator\" content=\"@ComunicarmaisBA\" \/>\n<meta name=\"twitter:site\" content=\"@ComunicarmaisBA\" \/>\n<meta name=\"twitter:label1\" content=\"Escrito por\" \/>\n\t<meta name=\"twitter:data1\" content=\"Comunicar Mais\" \/>\n\t<meta name=\"twitter:label2\" content=\"Est. tempo de leitura\" \/>\n\t<meta name=\"twitter:data2\" content=\"2 minutos\" \/>\n<script type=\"application\/ld+json\" class=\"yoast-schema-graph\">{\"@context\":\"https:\/\/schema.org\",\"@graph\":[{\"@type\":\"WebPage\",\"@id\":\"https:\/\/www.comunicarmais.com.br\/site\/2026\/04\/27\/programa-de-saude-em-lauro-de-freitas-oferece-atendimento-a-pessoas-com-doenca-falciforme\/\",\"url\":\"https:\/\/www.comunicarmais.com.br\/site\/2026\/04\/27\/programa-de-saude-em-lauro-de-freitas-oferece-atendimento-a-pessoas-com-doenca-falciforme\/\",\"name\":\"Programa de sa\u00fade em Lauro de Freitas oferece atendimento a pessoas com doen\u00e7a falciforme - Comunicar Mais\",\"isPartOf\":{\"@id\":\"https:\/\/www.comunicarmais.com.br\/site\/#website\"},\"primaryImageOfPage\":{\"@id\":\"https:\/\/www.comunicarmais.com.br\/site\/2026\/04\/27\/programa-de-saude-em-lauro-de-freitas-oferece-atendimento-a-pessoas-com-doenca-falciforme\/#primaryimage\"},\"image\":{\"@id\":\"https:\/\/www.comunicarmais.com.br\/site\/2026\/04\/27\/programa-de-saude-em-lauro-de-freitas-oferece-atendimento-a-pessoas-com-doenca-falciforme\/#primaryimage\"},\"thumbnailUrl\":\"https:\/\/www.comunicarmais.com.br\/site\/wp-content\/uploads\/2026\/04\/GAPRE_SESA-Prefeita-acompanha-primeiro-dia-de-Fila-Zero-no-Quingoma_Viviane-Moreira-_03.11.25-8-scaled.jpg\",\"datePublished\":\"2026-04-27T19:58:00+00:00\",\"dateModified\":\"2026-04-28T00:34:27+00:00\",\"author\":{\"@id\":\"https:\/\/www.comunicarmais.com.br\/site\/#\/schema\/person\/712f7b6b25b644e4a91c4173674cf284\"},\"description\":\"Ainda s\u00e3o oferecidas as especialidades m\u00e9dicas de hematologia adulto e pedi\u00e1trico, nutri\u00e7\u00e3o, psicologia, servi\u00e7o social e exames laboratoriais para os pacientes\",\"breadcrumb\":{\"@id\":\"https:\/\/www.comunicarmais.com.br\/site\/2026\/04\/27\/programa-de-saude-em-lauro-de-freitas-oferece-atendimento-a-pessoas-com-doenca-falciforme\/#breadcrumb\"},\"inLanguage\":\"pt-BR\",\"potentialAction\":[{\"@type\":\"ReadAction\",\"target\":[\"https:\/\/www.comunicarmais.com.br\/site\/2026\/04\/27\/programa-de-saude-em-lauro-de-freitas-oferece-atendimento-a-pessoas-com-doenca-falciforme\/\"]}]},{\"@type\":\"ImageObject\",\"inLanguage\":\"pt-BR\",\"@id\":\"https:\/\/www.comunicarmais.com.br\/site\/2026\/04\/27\/programa-de-saude-em-lauro-de-freitas-oferece-atendimento-a-pessoas-com-doenca-falciforme\/#primaryimage\",\"url\":\"https:\/\/www.comunicarmais.com.br\/site\/wp-content\/uploads\/2026\/04\/GAPRE_SESA-Prefeita-acompanha-primeiro-dia-de-Fila-Zero-no-Quingoma_Viviane-Moreira-_03.11.25-8-scaled.jpg\",\"contentUrl\":\"https:\/\/www.comunicarmais.com.br\/site\/wp-content\/uploads\/2026\/04\/GAPRE_SESA-Prefeita-acompanha-primeiro-dia-de-Fila-Zero-no-Quingoma_Viviane-Moreira-_03.11.25-8-scaled.jpg\",\"width\":2560,\"height\":1702},{\"@type\":\"BreadcrumbList\",\"@id\":\"https:\/\/www.comunicarmais.com.br\/site\/2026\/04\/27\/programa-de-saude-em-lauro-de-freitas-oferece-atendimento-a-pessoas-com-doenca-falciforme\/#breadcrumb\",\"itemListElement\":[{\"@type\":\"ListItem\",\"position\":1,\"name\":\"In\u00edcio\",\"item\":\"https:\/\/www.comunicarmais.com.br\/site\/\"},{\"@type\":\"ListItem\",\"position\":2,\"name\":\"Programa de sa\u00fade em Lauro de Freitas oferece atendimento a pessoas com doen\u00e7a falciforme\"}]},{\"@type\":\"WebSite\",\"@id\":\"https:\/\/www.comunicarmais.com.br\/site\/#website\",\"url\":\"https:\/\/www.comunicarmais.com.br\/site\/\",\"name\":\"Comunicar Mais\",\"description\":\"\",\"potentialAction\":[{\"@type\":\"SearchAction\",\"target\":{\"@type\":\"EntryPoint\",\"urlTemplate\":\"https:\/\/www.comunicarmais.com.br\/site\/?s={search_term_string}\"},\"query-input\":{\"@type\":\"PropertyValueSpecification\",\"valueRequired\":true,\"valueName\":\"search_term_string\"}}],\"inLanguage\":\"pt-BR\"},{\"@type\":\"Person\",\"@id\":\"https:\/\/www.comunicarmais.com.br\/site\/#\/schema\/person\/712f7b6b25b644e4a91c4173674cf284\",\"name\":\"Comunicar Mais\",\"image\":{\"@type\":\"ImageObject\",\"inLanguage\":\"pt-BR\",\"@id\":\"https:\/\/www.comunicarmais.com.br\/site\/#\/schema\/person\/image\/\",\"url\":\"https:\/\/secure.gravatar.com\/avatar\/9803218072e2c0dc265d3d787b54c2c33325e79f79732707fddfbf1efd82c678?s=96&d=mm&r=g\",\"contentUrl\":\"https:\/\/secure.gravatar.com\/avatar\/9803218072e2c0dc265d3d787b54c2c33325e79f79732707fddfbf1efd82c678?s=96&d=mm&r=g\",\"caption\":\"Comunicar Mais\"},\"description\":\"Deixe as ideologias com os ide\u00f3logos. Noticiamos fatos, n\u00e3o brigamos com eles. Aqui, voc\u00ea fica bem informado do que acontece no seu bairro e no mundo. Informar com \u00e9tica e responsabilidade s\u00e3o as bandeiras do Comunicarmais.\",\"sameAs\":[\"https:\/\/www.comunicarmais.com.br\/site\/\",\"https:\/\/www.facebook.com\/comunicarmais\/\",\"https:\/\/www.instagram.com\/comunicarmaisba\/\",\"https:\/\/x.com\/ComunicarmaisBA\"],\"url\":\"https:\/\/www.comunicarmais.com.br\/site\/author\/gerenciador\/\"}]}<\/script>\n<!-- \/ Yoast SEO plugin. -->","yoast_head_json":{"title":"Programa de sa\u00fade em Lauro de Freitas oferece atendimento a pessoas com doen\u00e7a falciforme - Comunicar Mais","description":"Ainda s\u00e3o oferecidas as especialidades m\u00e9dicas de hematologia adulto e pedi\u00e1trico, nutri\u00e7\u00e3o, psicologia, servi\u00e7o social e exames laboratoriais para os pacientes","robots":{"index":"index","follow":"follow","max-snippet":"max-snippet:-1","max-image-preview":"max-image-preview:large","max-video-preview":"max-video-preview:-1"},"canonical":"https:\/\/www.comunicarmais.com.br\/site\/2026\/04\/27\/programa-de-saude-em-lauro-de-freitas-oferece-atendimento-a-pessoas-com-doenca-falciforme\/","og_locale":"pt_BR","og_type":"article","og_title":"Programa de sa\u00fade em Lauro de Freitas oferece atendimento a pessoas com doen\u00e7a falciforme - Comunicar Mais","og_description":"Ainda s\u00e3o oferecidas as especialidades m\u00e9dicas de hematologia adulto e pedi\u00e1trico, nutri\u00e7\u00e3o, psicologia, servi\u00e7o social e exames laboratoriais para os pacientes","og_url":"https:\/\/www.comunicarmais.com.br\/site\/2026\/04\/27\/programa-de-saude-em-lauro-de-freitas-oferece-atendimento-a-pessoas-com-doenca-falciforme\/","og_site_name":"Comunicar Mais","article_publisher":"https:\/\/www.facebook.com\/comunicarmais\/","article_author":"https:\/\/www.facebook.com\/comunicarmais\/","article_published_time":"2026-04-27T19:58:00+00:00","article_modified_time":"2026-04-28T00:34:27+00:00","og_image":[{"width":2560,"height":1702,"url":"https:\/\/www.comunicarmais.com.br\/site\/wp-content\/uploads\/2026\/04\/GAPRE_SESA-Prefeita-acompanha-primeiro-dia-de-Fila-Zero-no-Quingoma_Viviane-Moreira-_03.11.25-8-scaled.jpg","type":"image\/jpeg"}],"author":"Comunicar Mais","twitter_card":"summary_large_image","twitter_creator":"@ComunicarmaisBA","twitter_site":"@ComunicarmaisBA","twitter_misc":{"Escrito por":"Comunicar Mais","Est. tempo de leitura":"2 minutos"},"schema":{"@context":"https:\/\/schema.org","@graph":[{"@type":"WebPage","@id":"https:\/\/www.comunicarmais.com.br\/site\/2026\/04\/27\/programa-de-saude-em-lauro-de-freitas-oferece-atendimento-a-pessoas-com-doenca-falciforme\/","url":"https:\/\/www.comunicarmais.com.br\/site\/2026\/04\/27\/programa-de-saude-em-lauro-de-freitas-oferece-atendimento-a-pessoas-com-doenca-falciforme\/","name":"Programa de sa\u00fade em Lauro de Freitas oferece atendimento a pessoas com doen\u00e7a falciforme - Comunicar Mais","isPartOf":{"@id":"https:\/\/www.comunicarmais.com.br\/site\/#website"},"primaryImageOfPage":{"@id":"https:\/\/www.comunicarmais.com.br\/site\/2026\/04\/27\/programa-de-saude-em-lauro-de-freitas-oferece-atendimento-a-pessoas-com-doenca-falciforme\/#primaryimage"},"image":{"@id":"https:\/\/www.comunicarmais.com.br\/site\/2026\/04\/27\/programa-de-saude-em-lauro-de-freitas-oferece-atendimento-a-pessoas-com-doenca-falciforme\/#primaryimage"},"thumbnailUrl":"https:\/\/www.comunicarmais.com.br\/site\/wp-content\/uploads\/2026\/04\/GAPRE_SESA-Prefeita-acompanha-primeiro-dia-de-Fila-Zero-no-Quingoma_Viviane-Moreira-_03.11.25-8-scaled.jpg","datePublished":"2026-04-27T19:58:00+00:00","dateModified":"2026-04-28T00:34:27+00:00","author":{"@id":"https:\/\/www.comunicarmais.com.br\/site\/#\/schema\/person\/712f7b6b25b644e4a91c4173674cf284"},"description":"Ainda s\u00e3o oferecidas as especialidades m\u00e9dicas de hematologia adulto e pedi\u00e1trico, nutri\u00e7\u00e3o, psicologia, servi\u00e7o social e exames laboratoriais para os pacientes","breadcrumb":{"@id":"https:\/\/www.comunicarmais.com.br\/site\/2026\/04\/27\/programa-de-saude-em-lauro-de-freitas-oferece-atendimento-a-pessoas-com-doenca-falciforme\/#breadcrumb"},"inLanguage":"pt-BR","potentialAction":[{"@type":"ReadAction","target":["https:\/\/www.comunicarmais.com.br\/site\/2026\/04\/27\/programa-de-saude-em-lauro-de-freitas-oferece-atendimento-a-pessoas-com-doenca-falciforme\/"]}]},{"@type":"ImageObject","inLanguage":"pt-BR","@id":"https:\/\/www.comunicarmais.com.br\/site\/2026\/04\/27\/programa-de-saude-em-lauro-de-freitas-oferece-atendimento-a-pessoas-com-doenca-falciforme\/#primaryimage","url":"https:\/\/www.comunicarmais.com.br\/site\/wp-content\/uploads\/2026\/04\/GAPRE_SESA-Prefeita-acompanha-primeiro-dia-de-Fila-Zero-no-Quingoma_Viviane-Moreira-_03.11.25-8-scaled.jpg","contentUrl":"https:\/\/www.comunicarmais.com.br\/site\/wp-content\/uploads\/2026\/04\/GAPRE_SESA-Prefeita-acompanha-primeiro-dia-de-Fila-Zero-no-Quingoma_Viviane-Moreira-_03.11.25-8-scaled.jpg","width":2560,"height":1702},{"@type":"BreadcrumbList","@id":"https:\/\/www.comunicarmais.com.br\/site\/2026\/04\/27\/programa-de-saude-em-lauro-de-freitas-oferece-atendimento-a-pessoas-com-doenca-falciforme\/#breadcrumb","itemListElement":[{"@type":"ListItem","position":1,"name":"In\u00edcio","item":"https:\/\/www.comunicarmais.com.br\/site\/"},{"@type":"ListItem","position":2,"name":"Programa de sa\u00fade em Lauro de Freitas oferece atendimento a pessoas com doen\u00e7a falciforme"}]},{"@type":"WebSite","@id":"https:\/\/www.comunicarmais.com.br\/site\/#website","url":"https:\/\/www.comunicarmais.com.br\/site\/","name":"Comunicar Mais","description":"","potentialAction":[{"@type":"SearchAction","target":{"@type":"EntryPoint","urlTemplate":"https:\/\/www.comunicarmais.com.br\/site\/?s={search_term_string}"},"query-input":{"@type":"PropertyValueSpecification","valueRequired":true,"valueName":"search_term_string"}}],"inLanguage":"pt-BR"},{"@type":"Person","@id":"https:\/\/www.comunicarmais.com.br\/site\/#\/schema\/person\/712f7b6b25b644e4a91c4173674cf284","name":"Comunicar Mais","image":{"@type":"ImageObject","inLanguage":"pt-BR","@id":"https:\/\/www.comunicarmais.com.br\/site\/#\/schema\/person\/image\/","url":"https:\/\/secure.gravatar.com\/avatar\/9803218072e2c0dc265d3d787b54c2c33325e79f79732707fddfbf1efd82c678?s=96&d=mm&r=g","contentUrl":"https:\/\/secure.gravatar.com\/avatar\/9803218072e2c0dc265d3d787b54c2c33325e79f79732707fddfbf1efd82c678?s=96&d=mm&r=g","caption":"Comunicar Mais"},"description":"Deixe as ideologias com os ide\u00f3logos. Noticiamos fatos, n\u00e3o brigamos com eles. Aqui, voc\u00ea fica bem informado do que acontece no seu bairro e no mundo. Informar com \u00e9tica e responsabilidade s\u00e3o as bandeiras do Comunicarmais.","sameAs":["https:\/\/www.comunicarmais.com.br\/site\/","https:\/\/www.facebook.com\/comunicarmais\/","https:\/\/www.instagram.com\/comunicarmaisba\/","https:\/\/x.com\/ComunicarmaisBA"],"url":"https:\/\/www.comunicarmais.com.br\/site\/author\/gerenciador\/"}]}},"_links":{"self":[{"href":"https:\/\/www.comunicarmais.com.br\/site\/wp-json\/wp\/v2\/posts\/14448","targetHints":{"allow":["GET"]}}],"collection":[{"href":"https:\/\/www.comunicarmais.com.br\/site\/wp-json\/wp\/v2\/posts"}],"about":[{"href":"https:\/\/www.comunicarmais.com.br\/site\/wp-json\/wp\/v2\/types\/post"}],"author":[{"embeddable":true,"href":"https:\/\/www.comunicarmais.com.br\/site\/wp-json\/wp\/v2\/users\/2"}],"replies":[{"embeddable":true,"href":"https:\/\/www.comunicarmais.com.br\/site\/wp-json\/wp\/v2\/comments?post=14448"}],"version-history":[{"count":1,"href":"https:\/\/www.comunicarmais.com.br\/site\/wp-json\/wp\/v2\/posts\/14448\/revisions"}],"predecessor-version":[{"id":14452,"href":"https:\/\/www.comunicarmais.com.br\/site\/wp-json\/wp\/v2\/posts\/14448\/revisions\/14452"}],"wp:featuredmedia":[{"embeddable":true,"href":"https:\/\/www.comunicarmais.com.br\/site\/wp-json\/wp\/v2\/media\/14450"}],"wp:attachment":[{"href":"https:\/\/www.comunicarmais.com.br\/site\/wp-json\/wp\/v2\/media?parent=14448"}],"wp:term":[{"taxonomy":"category","embeddable":true,"href":"https:\/\/www.comunicarmais.com.br\/site\/wp-json\/wp\/v2\/categories?post=14448"},{"taxonomy":"post_tag","embeddable":true,"href":"https:\/\/www.comunicarmais.com.br\/site\/wp-json\/wp\/v2\/tags?post=14448"}],"curies":[{"name":"wp","href":"https:\/\/api.w.org\/{rel}","templated":true}]}}