{"id":14432,"date":"2026-04-26T14:03:00","date_gmt":"2026-04-26T17:03:00","guid":{"rendered":"https:\/\/www.comunicarmais.com.br\/site\/?p=14432"},"modified":"2026-04-26T22:13:33","modified_gmt":"2026-04-27T01:13:33","slug":"literatura-e-musica-animam-lancamento-do-novo-livro-de-carlos-ribeiro-noites-desertas-em-salvador","status":"publish","type":"post","link":"https:\/\/www.comunicarmais.com.br\/site\/2026\/04\/26\/literatura-e-musica-animam-lancamento-do-novo-livro-de-carlos-ribeiro-noites-desertas-em-salvador\/","title":{"rendered":"Literatura e m\u00fasica animam lan\u00e7amento do novo livro de Carlos Ribeiro: &#8220;Noites Desertas&#8221; em Salvador"},"content":{"rendered":"\n<p><strong>Celebra\u00e7\u00e3o em fam\u00edlia: irm\u00e3o do escritor, Amadeu Alves, e a sobrinha Juliana, animam o evento, com apresenta\u00e7\u00e3o musical para convidados<\/strong><\/p>\n\n\n\n<figure class=\"wp-block-image size-full is-resized\"><img decoding=\"async\" width=\"459\" height=\"229\" data-src=\"https:\/\/www.comunicarmais.com.br\/site\/wp-content\/uploads\/2026\/04\/Captura-de-tela-2026-04-26-220344.jpg\" alt=\"\" class=\"wp-image-14434 lazyload\" style=\"--smush-placeholder-width: 459px; --smush-placeholder-aspect-ratio: 459\/229;width:840px;height:auto\" src=\"data:image\/svg+xml;base64,PHN2ZyB3aWR0aD0iMSIgaGVpZ2h0PSIxIiB4bWxucz0iaHR0cDovL3d3dy53My5vcmcvMjAwMC9zdmciPjwvc3ZnPg==\" \/><\/figure>\n\n\n\n<p><strong>Por Liliana Peixinho &#8211; <\/strong>O jornalista, professor, escritor, pesquisador, Carlos Ribeiro, lan\u00e7a seu mais novo livro, &#8216;Noites Desertas&#8217;. O evento ser\u00e1 na pr\u00f3xima quinta-feira (30), \u00e0s 17 horas, na Academia de Letras da Bahia, na Avenida Joana Ang\u00e9lica, em Salvador.<\/p>\n\n\n\n<p>Literatura e m\u00fasica se unem para uma tarde\/noite cultural festiva. O irm\u00e3o do escritor, Amadeu Alves, e a sobrinha Juliana, animam o evento, com apresenta\u00e7\u00e3o musical para convidados diversos.<\/p>\n\n\n\n<p>Editado pela Solisluna, &#8216;Noites Desertas&#8217;, conforme o autor, re\u00fane dois romances: &#8216;O Chamado da noite&#8217;, lan\u00e7ado em 1997, e &#8216;A noite de Jos\u00e9&#8217;, in\u00e9dito, mas com alguns cap\u00edtulos publicados em livros e colet\u00e2neas nacionais.<\/p>\n\n\n\n<p>Uma publica\u00e7\u00e3o da ALB sobre o trabalho de Carlos Ribeiro, diz: &#8220;S\u00e3o obras afins, na linguagem, marcada pelo ritmo \u00e1gil e pelo lirismo. Seus personagens caminham nos entrelugares do sonho e da vig\u00edlia, do presente e da mem\u00f3ria de um tempo soterrado, o tempo da cidade sem utopia. Seu cen\u00e1rio: as ruas da capital baiana desencantada, &#8220;sem farofa e sem dend\u00ea&#8221;, na precisa defini\u00e7\u00e3o do romancista Antonio Torres, tamb\u00e9m membro da ALB.<\/p>\n\n\n\n<p>Imortal da ALB-Academia de Letras da Bahia, Cadeira 5, doutor em literatura pela Universidade Federal da Bahia, professor de Jornalismo na UFRB, Carlos Ribeiro nasceu em Salvador, em 19 de agosto de 1958.<\/p>\n\n\n\n<p>O escritor transita por g\u00eaneros diversos, entre artigos, contos, reportagens, ensaios, romances, resenhas, com uma obra diversa em mais de 20 livros publicados.<\/p>\n\n\n\n<p>A versatilidade tem\u00e1tica do escritor Carlos Ribeiro reflete o trabalho de pesquisa, leitura e intera\u00e7\u00f5es em campo aberto. \u00c9 resultado de mergulhos profundos em Ci\u00eancia, jornalismo, literatura, educa\u00e7\u00e3o, cotidiano. Carlos Ribeiro trabalhou, por 15 anos, com divulga\u00e7\u00e3o cient\u00edfica. O escritor foi vencedor do Pr\u00eamio da ALB, em 1988.<\/p>\n\n\n\n<figure class=\"wp-block-image size-full\"><img decoding=\"async\" width=\"1024\" height=\"1280\" data-src=\"https:\/\/www.comunicarmais.com.br\/site\/wp-content\/uploads\/2026\/04\/WhatsApp-Image-2026-04-26-at-13.41.33.jpeg\" alt=\"\" class=\"wp-image-14435 lazyload\" data-srcset=\"https:\/\/www.comunicarmais.com.br\/site\/wp-content\/uploads\/2026\/04\/WhatsApp-Image-2026-04-26-at-13.41.33.jpeg 1024w, https:\/\/www.comunicarmais.com.br\/site\/wp-content\/uploads\/2026\/04\/WhatsApp-Image-2026-04-26-at-13.41.33-819x1024.jpeg 819w, https:\/\/www.comunicarmais.com.br\/site\/wp-content\/uploads\/2026\/04\/WhatsApp-Image-2026-04-26-at-13.41.33-768x960.jpeg 768w\" data-sizes=\"(max-width: 1024px) 100vw, 1024px\" src=\"data:image\/svg+xml;base64,PHN2ZyB3aWR0aD0iMSIgaGVpZ2h0PSIxIiB4bWxucz0iaHR0cDovL3d3dy53My5vcmcvMjAwMC9zdmciPjwvc3ZnPg==\" style=\"--smush-placeholder-width: 1024px; --smush-placeholder-aspect-ratio: 1024\/1280;\" \/><\/figure>\n\n\n\n<p><strong>Obra diversa &#8211; <\/strong>Na obra do Jornalista, ficcionista, mestre e doutor em literatura, destacamos publica\u00e7\u00f5es como: &#8216;Cinema baiano (2010), Academia de Letras da Bahia: um s\u00e9culo de hist\u00f3ria&#8217; (2018), &#8216;Depoimentos&#8217; (2010), &#8216;Abismo&#8217;: romance (2004), &#8216;Contos selecionados&#8217; (2024), &#8216;First seventy five years&#8217; (2017), &#8216;\u00c0 luz das narrativas&#8217; : escritos sobre obra e autores (2009), &#8216;Um s\u00e9culo de jornalismo na Bahia, 1912-2012 &#8216; (2012), &#8216;Rubem Braga: um escritor combativo: a outra face do cronista l\u00edrico&#8217; (2013), &#8216;Linguagem e outros temas&#8217; (2010),&#8217;Viva saveiro: naval heritage of Bahia&#8217; (2013), &#8216;Ca\u00e7ador de ventos e melancolias&#8217;: um estudo da l\u00edrica nas cr\u00f4nicas de Rubem Braga (2001), :O chamado da noite&#8217; (1997), &#8216;Contos de sexta-feira e duas ou tr\u00eas cr\u00f4nicas&#8217; (2010), &#8216;Aventureiros do Apocalipse: (2018), &#8216;O visitante noturno&#8217;: contos (2000).<\/p>\n\n\n\n<p><strong>Pesquisador transversal &#8211;<\/strong> Em cen\u00e1rios de efervesc\u00eancia Cultural e pol\u00edtica, atento aos movimentos, Carlos Ribeiro fez Gradua\u00e7\u00e3o em Comunica\u00e7\u00e3o na Ufba (1982), e na institui\u00e7\u00e3o continuou a estudar, pesquisar para mestrado e doutorado em literatura.<\/p>\n\n\n\n<p><strong>Ser humano de leveza<\/strong><\/p>\n\n\n\n<p>Entre colegas de profiss\u00e3o, no meio acad\u00eamico, com amigos e familiares, o jornalista, professor escritor, ser humano de leveza, agregador, Carlos Ribeiro encanta o outro, em aten\u00e7\u00e3o, carinho, simplicidade e profundidade nas rela\u00e7\u00f5es humanas. Nos eventos da ALB est\u00e1 sempre atento para ajudar nas os colegas de trabalho.<\/p>\n\n\n\n<p>A Academia de Letras e Artes da Bahia conta com apoio financeiro do Governo da Bahia, atrav\u00e9s do Fundo de Cultura, Secretaria da Fazenda e Secretaria de Cultura da Bahia, e da Assembleia Legislativa da Bahia.<\/p>\n\n\n\n<p>________________________________________________________________________________________________________________<\/p>\n\n\n\n<p><strong>Liliana Peixinho &#8211;<\/strong>Jornalista, ativista humanit\u00e1ria, pesquisadora independente.<br>Especializa\u00e7\u00e3o em Jornalismo Cient\u00edfico, Cultura, Meio Ambiente; Responsabilidade Socioambiental Empresarial; Comunica\u00e7\u00e3o e novas tecnologias; Jornalismo, Democracia e Direito; MBA em Hotelaria e Turismo Sustent\u00e1vel. Fundadora de m\u00eddias independentes: Movimento AMA- Amigos do Meio Ambiente, M\u00eddia Org\u00e2nica, Reaja, Catadora de Sonhos, Cuidar de quem cuidou, Rama- Rede de Articula\u00e7\u00e3o e Mobiliza\u00e7\u00e3o Ambiental, O outro no eu.<\/p>\n\n\n\n<p>________________________________________________________________________________________________________________<\/p>\n\n\n<p class=\"wp-block-tag-cloud\"><a href=\"https:\/\/www.comunicarmais.com.br\/site\/tag\/bahia\/\" class=\"tag-cloud-link tag-link-171 tag-link-position-1\" style=\"font-size: 17.922330097087pt;\" aria-label=\"Bahia (116 itens)\">Bahia<\/a>\n<a href=\"https:\/\/www.comunicarmais.com.br\/site\/tag\/bolsonaro\/\" class=\"tag-cloud-link tag-link-112 tag-link-position-2\" style=\"font-size: 11.533980582524pt;\" aria-label=\"Bolsonaro (39 itens)\">Bolsonaro<\/a>\n<a href=\"https:\/\/www.comunicarmais.com.br\/site\/tag\/brasil\/\" class=\"tag-cloud-link tag-link-335 tag-link-position-3\" style=\"font-size: 13.029126213592pt;\" aria-label=\"Brasil (50 itens)\">Brasil<\/a>\n<a href=\"https:\/\/www.comunicarmais.com.br\/site\/tag\/camacari\/\" class=\"tag-cloud-link tag-link-435 tag-link-position-4\" style=\"font-size: 8.8155339805825pt;\" aria-label=\"Cama\u00e7ari (24 itens)\">Cama\u00e7ari<\/a>\n<a href=\"https:\/\/www.comunicarmais.com.br\/site\/tag\/carnaval\/\" class=\"tag-cloud-link tag-link-508 tag-link-position-5\" style=\"font-size: 12.893203883495pt;\" aria-label=\"Carnaval (49 itens)\">Carnaval<\/a>\n<a href=\"https:\/\/www.comunicarmais.com.br\/site\/tag\/cbx\/\" class=\"tag-cloud-link tag-link-1602 tag-link-position-6\" style=\"font-size: 11.398058252427pt;\" aria-label=\"CBX (38 itens)\">CBX<\/a>\n<a href=\"https:\/\/www.comunicarmais.com.br\/site\/tag\/cidade-baixa\/\" class=\"tag-cloud-link tag-link-456 tag-link-position-7\" style=\"font-size: 9.9029126213592pt;\" aria-label=\"Cidade Baixa (29 itens)\">Cidade Baixa<\/a>\n<a href=\"https:\/\/www.comunicarmais.com.br\/site\/tag\/cinema\/\" class=\"tag-cloud-link tag-link-985 tag-link-position-8\" style=\"font-size: 11.126213592233pt;\" aria-label=\"Cinema (36 itens)\">Cinema<\/a>\n<a href=\"https:\/\/www.comunicarmais.com.br\/site\/tag\/cultura\/\" class=\"tag-cloud-link tag-link-231 tag-link-position-9\" style=\"font-size: 12.21359223301pt;\" aria-label=\"Cultura (44 itens)\">Cultura<\/a>\n<a href=\"https:\/\/www.comunicarmais.com.br\/site\/tag\/drogas\/\" class=\"tag-cloud-link tag-link-165 tag-link-position-10\" style=\"font-size: 12.757281553398pt;\" aria-label=\"Drogas (48 itens)\">Drogas<\/a>\n<a href=\"https:\/\/www.comunicarmais.com.br\/site\/tag\/educacao\/\" class=\"tag-cloud-link tag-link-228 tag-link-position-11\" style=\"font-size: 12.621359223301pt;\" aria-label=\"Educa\u00e7\u00e3o (47 itens)\">Educa\u00e7\u00e3o<\/a>\n<a href=\"https:\/\/www.comunicarmais.com.br\/site\/tag\/ensino\/\" class=\"tag-cloud-link tag-link-233 tag-link-position-12\" style=\"font-size: 10.446601941748pt;\" aria-label=\"Ensino (32 itens)\">Ensino<\/a>\n<a href=\"https:\/\/www.comunicarmais.com.br\/site\/tag\/escola\/\" class=\"tag-cloud-link tag-link-229 tag-link-position-13\" style=\"font-size: 9.631067961165pt;\" aria-label=\"Escola (28 itens)\">Escola<\/a>\n<a href=\"https:\/\/www.comunicarmais.com.br\/site\/tag\/eua\/\" class=\"tag-cloud-link tag-link-664 tag-link-position-14\" style=\"font-size: 12.077669902913pt;\" aria-label=\"EUA (43 itens)\">EUA<\/a>\n<a href=\"https:\/\/www.comunicarmais.com.br\/site\/tag\/feira-de-santana\/\" class=\"tag-cloud-link tag-link-642 tag-link-position-15\" style=\"font-size: 9.2233009708738pt;\" aria-label=\"Feira de Santana (26 itens)\">Feira de Santana<\/a>\n<a href=\"https:\/\/www.comunicarmais.com.br\/site\/tag\/ficco\/\" class=\"tag-cloud-link tag-link-143 tag-link-position-16\" style=\"font-size: 9.2233009708738pt;\" aria-label=\"Ficco (26 itens)\">Ficco<\/a>\n<a href=\"https:\/\/www.comunicarmais.com.br\/site\/tag\/folia\/\" class=\"tag-cloud-link tag-link-566 tag-link-position-17\" style=\"font-size: 9.2233009708738pt;\" aria-label=\"Folia (26 itens)\">Folia<\/a>\n<a href=\"https:\/\/www.comunicarmais.com.br\/site\/tag\/futebol\/\" class=\"tag-cloud-link tag-link-40 tag-link-position-18\" style=\"font-size: 13.029126213592pt;\" aria-label=\"Futebol (50 itens)\">Futebol<\/a>\n<a href=\"https:\/\/www.comunicarmais.com.br\/site\/tag\/homicidio\/\" class=\"tag-cloud-link tag-link-101 tag-link-position-19\" style=\"font-size: 10.582524271845pt;\" aria-label=\"Homic\u00eddio (33 itens)\">Homic\u00eddio<\/a>\n<a href=\"https:\/\/www.comunicarmais.com.br\/site\/tag\/itapagipe\/\" class=\"tag-cloud-link tag-link-471 tag-link-position-20\" style=\"font-size: 10.038834951456pt;\" aria-label=\"Itapagipe (30 itens)\">Itapagipe<\/a>\n<a href=\"https:\/\/www.comunicarmais.com.br\/site\/tag\/itaparica\/\" class=\"tag-cloud-link tag-link-301 tag-link-position-21\" style=\"font-size: 8pt;\" aria-label=\"Itaparica (21 itens)\">Itaparica<\/a>\n<a href=\"https:\/\/www.comunicarmais.com.br\/site\/tag\/jeronimo-rodrigues\/\" class=\"tag-cloud-link tag-link-668 tag-link-position-22\" style=\"font-size: 8.2718446601942pt;\" aria-label=\"Jer\u00f4nimo Rodrigues (22 itens)\">Jer\u00f4nimo Rodrigues<\/a>\n<a href=\"https:\/\/www.comunicarmais.com.br\/site\/tag\/justica\/\" class=\"tag-cloud-link tag-link-361 tag-link-position-23\" style=\"font-size: 10.582524271845pt;\" aria-label=\"Justi\u00e7a (33 itens)\">Justi\u00e7a<\/a>\n<a href=\"https:\/\/www.comunicarmais.com.br\/site\/tag\/lauro-de-freitas\/\" class=\"tag-cloud-link tag-link-594 tag-link-position-24\" style=\"font-size: 18.194174757282pt;\" aria-label=\"Lauro de Freitas (122 itens)\">Lauro de Freitas<\/a>\n<a href=\"https:\/\/www.comunicarmais.com.br\/site\/tag\/lazer\/\" class=\"tag-cloud-link tag-link-568 tag-link-position-25\" style=\"font-size: 9.2233009708738pt;\" aria-label=\"Lazer (26 itens)\">Lazer<\/a>\n<a href=\"https:\/\/www.comunicarmais.com.br\/site\/tag\/lula\/\" class=\"tag-cloud-link tag-link-416 tag-link-position-26\" style=\"font-size: 12.21359223301pt;\" aria-label=\"Lula (44 itens)\">Lula<\/a>\n<a href=\"https:\/\/www.comunicarmais.com.br\/site\/tag\/meio-ambiente\/\" class=\"tag-cloud-link tag-link-475 tag-link-position-27\" style=\"font-size: 12.21359223301pt;\" aria-label=\"Meio Ambiente (44 itens)\">Meio Ambiente<\/a>\n<a href=\"https:\/\/www.comunicarmais.com.br\/site\/tag\/mobilidade\/\" class=\"tag-cloud-link tag-link-278 tag-link-position-28\" style=\"font-size: 13.844660194175pt;\" aria-label=\"Mobilidade (58 itens)\">Mobilidade<\/a>\n<a href=\"https:\/\/www.comunicarmais.com.br\/site\/tag\/mulher\/\" class=\"tag-cloud-link tag-link-450 tag-link-position-29\" style=\"font-size: 13.300970873786pt;\" aria-label=\"mulher (53 itens)\">mulher<\/a>\n<a href=\"https:\/\/www.comunicarmais.com.br\/site\/tag\/musica-2\/\" class=\"tag-cloud-link tag-link-747 tag-link-position-30\" style=\"font-size: 12.21359223301pt;\" aria-label=\"M\u00fasica (44 itens)\">M\u00fasica<\/a>\n<a href=\"https:\/\/www.comunicarmais.com.br\/site\/tag\/pcba\/\" class=\"tag-cloud-link tag-link-1332 tag-link-position-31\" style=\"font-size: 15.067961165049pt;\" aria-label=\"PCBA (72 itens)\">PCBA<\/a>\n<a href=\"https:\/\/www.comunicarmais.com.br\/site\/tag\/pmba\/\" class=\"tag-cloud-link tag-link-53 tag-link-position-32\" style=\"font-size: 18.194174757282pt;\" aria-label=\"PMBA (123 itens)\">PMBA<\/a>\n<a href=\"https:\/\/www.comunicarmais.com.br\/site\/tag\/policia-federal\/\" class=\"tag-cloud-link tag-link-620 tag-link-position-33\" style=\"font-size: 8.9514563106796pt;\" aria-label=\"Pol\u00edcia Federal (25 itens)\">Pol\u00edcia Federal<\/a>\n<a href=\"https:\/\/www.comunicarmais.com.br\/site\/tag\/politica\/\" class=\"tag-cloud-link tag-link-495 tag-link-position-34\" style=\"font-size: 16.291262135922pt;\" aria-label=\"Pol\u00edtica (89 itens)\">Pol\u00edtica<\/a>\n<a href=\"https:\/\/www.comunicarmais.com.br\/site\/tag\/rio-de-janeiro\/\" class=\"tag-cloud-link tag-link-152 tag-link-position-35\" style=\"font-size: 9.9029126213592pt;\" aria-label=\"Rio de Janeiro (29 itens)\">Rio de Janeiro<\/a>\n<a href=\"https:\/\/www.comunicarmais.com.br\/site\/tag\/salvador\/\" class=\"tag-cloud-link tag-link-125 tag-link-position-36\" style=\"font-size: 22pt;\" aria-label=\"Salvador (234 itens)\">Salvador<\/a>\n<a href=\"https:\/\/www.comunicarmais.com.br\/site\/tag\/saude\/\" class=\"tag-cloud-link tag-link-42 tag-link-position-37\" style=\"font-size: 17.78640776699pt;\" aria-label=\"Sa\u00fade (115 itens)\">Sa\u00fade<\/a>\n<a href=\"https:\/\/www.comunicarmais.com.br\/site\/tag\/seguranca\/\" class=\"tag-cloud-link tag-link-48 tag-link-position-38\" style=\"font-size: 9.2233009708738pt;\" aria-label=\"Seguran\u00e7a (26 itens)\">Seguran\u00e7a<\/a>\n<a href=\"https:\/\/www.comunicarmais.com.br\/site\/tag\/ssp-ba\/\" class=\"tag-cloud-link tag-link-1937 tag-link-position-39\" style=\"font-size: 8.9514563106796pt;\" aria-label=\"SSP-BA (25 itens)\">SSP-BA<\/a>\n<a href=\"https:\/\/www.comunicarmais.com.br\/site\/tag\/sspba\/\" class=\"tag-cloud-link tag-link-144 tag-link-position-40\" style=\"font-size: 11.398058252427pt;\" aria-label=\"SSPBA (38 itens)\">SSPBA<\/a>\n<a href=\"https:\/\/www.comunicarmais.com.br\/site\/tag\/stf\/\" class=\"tag-cloud-link tag-link-68 tag-link-position-41\" style=\"font-size: 14.252427184466pt;\" aria-label=\"STF (62 itens)\">STF<\/a>\n<a href=\"https:\/\/www.comunicarmais.com.br\/site\/tag\/sao-paulo\/\" class=\"tag-cloud-link tag-link-612 tag-link-position-42\" style=\"font-size: 8pt;\" aria-label=\"S\u00e3o Paulo (21 itens)\">S\u00e3o Paulo<\/a>\n<a href=\"https:\/\/www.comunicarmais.com.br\/site\/tag\/transito-2\/\" class=\"tag-cloud-link tag-link-377 tag-link-position-43\" style=\"font-size: 8.2718446601942pt;\" aria-label=\"tr\u00e2nsito (22 itens)\">tr\u00e2nsito<\/a>\n<a href=\"https:\/\/www.comunicarmais.com.br\/site\/tag\/turismo\/\" class=\"tag-cloud-link tag-link-225 tag-link-position-44\" style=\"font-size: 9.631067961165pt;\" aria-label=\"Turismo (28 itens)\">Turismo<\/a>\n<a href=\"https:\/\/www.comunicarmais.com.br\/site\/tag\/uruguai\/\" class=\"tag-cloud-link tag-link-323 tag-link-position-45\" style=\"font-size: 9.631067961165pt;\" aria-label=\"Uruguai (28 itens)\">Uruguai<\/a><\/p>","protected":false},"excerpt":{"rendered":"<p>Celebra\u00e7\u00e3o em fam\u00edlia: irm\u00e3o do escritor, Amadeu Alves, e a sobrinha Juliana, animam o evento, com apresenta\u00e7\u00e3o musical para convidados<\/p>\n","protected":false},"author":2,"featured_media":14434,"comment_status":"open","ping_status":"open","sticky":false,"template":"","format":"standard","meta":{"_acf_changed":false,"footnotes":""},"categories":[11],"tags":[2906,3589,2822,776],"class_list":["post-14432","post","type-post","status-publish","format-standard","has-post-thumbnail","hentry","category-cultura-lazer","tag-alb","tag-carlos-ribeiro","tag-letras","tag-literatura"],"acf":[],"yoast_head":"<!-- This site is optimized with the Yoast SEO plugin v26.1.1 - https:\/\/yoast.com\/wordpress\/plugins\/seo\/ -->\n<title>Literatura e m\u00fasica animam lan\u00e7amento do novo livro de Carlos Ribeiro: &quot;Noites Desertas&quot; em Salvador - Comunicar Mais<\/title>\n<meta name=\"description\" content=\"Celebra\u00e7\u00e3o em fam\u00edlia: irm\u00e3o do escritor, Amadeu Alves, e a sobrinha Juliana, animam o evento, com apresenta\u00e7\u00e3o musical para convidados\" \/>\n<meta name=\"robots\" content=\"index, follow, max-snippet:-1, max-image-preview:large, max-video-preview:-1\" \/>\n<link rel=\"canonical\" href=\"https:\/\/www.comunicarmais.com.br\/site\/2026\/04\/26\/literatura-e-musica-animam-lancamento-do-novo-livro-de-carlos-ribeiro-noites-desertas-em-salvador\/\" \/>\n<meta property=\"og:locale\" content=\"pt_BR\" \/>\n<meta property=\"og:type\" content=\"article\" \/>\n<meta property=\"og:title\" content=\"Literatura e m\u00fasica animam lan\u00e7amento do novo livro de Carlos Ribeiro: &quot;Noites Desertas&quot; em Salvador - Comunicar Mais\" \/>\n<meta property=\"og:description\" content=\"Celebra\u00e7\u00e3o em fam\u00edlia: irm\u00e3o do escritor, Amadeu Alves, e a sobrinha Juliana, animam o evento, com apresenta\u00e7\u00e3o musical para convidados\" \/>\n<meta property=\"og:url\" content=\"https:\/\/www.comunicarmais.com.br\/site\/2026\/04\/26\/literatura-e-musica-animam-lancamento-do-novo-livro-de-carlos-ribeiro-noites-desertas-em-salvador\/\" \/>\n<meta property=\"og:site_name\" content=\"Comunicar Mais\" \/>\n<meta property=\"article:publisher\" content=\"https:\/\/www.facebook.com\/comunicarmais\/\" \/>\n<meta property=\"article:author\" content=\"https:\/\/www.facebook.com\/comunicarmais\/\" \/>\n<meta property=\"article:published_time\" content=\"2026-04-26T17:03:00+00:00\" \/>\n<meta property=\"article:modified_time\" content=\"2026-04-27T01:13:33+00:00\" \/>\n<meta property=\"og:image\" content=\"https:\/\/www.comunicarmais.com.br\/site\/wp-content\/uploads\/2026\/04\/Captura-de-tela-2026-04-26-220344.jpg\" \/>\n\t<meta property=\"og:image:width\" content=\"459\" \/>\n\t<meta property=\"og:image:height\" content=\"229\" \/>\n\t<meta property=\"og:image:type\" content=\"image\/jpeg\" \/>\n<meta name=\"author\" content=\"Comunicar Mais\" \/>\n<meta name=\"twitter:card\" content=\"summary_large_image\" \/>\n<meta name=\"twitter:creator\" content=\"@ComunicarmaisBA\" \/>\n<meta name=\"twitter:site\" content=\"@ComunicarmaisBA\" \/>\n<meta name=\"twitter:label1\" content=\"Escrito por\" \/>\n\t<meta name=\"twitter:data1\" content=\"Comunicar Mais\" \/>\n\t<meta name=\"twitter:label2\" content=\"Est. tempo de leitura\" \/>\n\t<meta name=\"twitter:data2\" content=\"4 minutos\" \/>\n<script type=\"application\/ld+json\" class=\"yoast-schema-graph\">{\"@context\":\"https:\/\/schema.org\",\"@graph\":[{\"@type\":\"WebPage\",\"@id\":\"https:\/\/www.comunicarmais.com.br\/site\/2026\/04\/26\/literatura-e-musica-animam-lancamento-do-novo-livro-de-carlos-ribeiro-noites-desertas-em-salvador\/\",\"url\":\"https:\/\/www.comunicarmais.com.br\/site\/2026\/04\/26\/literatura-e-musica-animam-lancamento-do-novo-livro-de-carlos-ribeiro-noites-desertas-em-salvador\/\",\"name\":\"Literatura e m\u00fasica animam lan\u00e7amento do novo livro de Carlos Ribeiro: \\\"Noites Desertas\\\" em Salvador - Comunicar Mais\",\"isPartOf\":{\"@id\":\"https:\/\/www.comunicarmais.com.br\/site\/#website\"},\"primaryImageOfPage\":{\"@id\":\"https:\/\/www.comunicarmais.com.br\/site\/2026\/04\/26\/literatura-e-musica-animam-lancamento-do-novo-livro-de-carlos-ribeiro-noites-desertas-em-salvador\/#primaryimage\"},\"image\":{\"@id\":\"https:\/\/www.comunicarmais.com.br\/site\/2026\/04\/26\/literatura-e-musica-animam-lancamento-do-novo-livro-de-carlos-ribeiro-noites-desertas-em-salvador\/#primaryimage\"},\"thumbnailUrl\":\"https:\/\/www.comunicarmais.com.br\/site\/wp-content\/uploads\/2026\/04\/Captura-de-tela-2026-04-26-220344.jpg\",\"datePublished\":\"2026-04-26T17:03:00+00:00\",\"dateModified\":\"2026-04-27T01:13:33+00:00\",\"author\":{\"@id\":\"https:\/\/www.comunicarmais.com.br\/site\/#\/schema\/person\/712f7b6b25b644e4a91c4173674cf284\"},\"description\":\"Celebra\u00e7\u00e3o em fam\u00edlia: irm\u00e3o do escritor, Amadeu Alves, e a sobrinha Juliana, animam o evento, com apresenta\u00e7\u00e3o musical para convidados\",\"breadcrumb\":{\"@id\":\"https:\/\/www.comunicarmais.com.br\/site\/2026\/04\/26\/literatura-e-musica-animam-lancamento-do-novo-livro-de-carlos-ribeiro-noites-desertas-em-salvador\/#breadcrumb\"},\"inLanguage\":\"pt-BR\",\"potentialAction\":[{\"@type\":\"ReadAction\",\"target\":[\"https:\/\/www.comunicarmais.com.br\/site\/2026\/04\/26\/literatura-e-musica-animam-lancamento-do-novo-livro-de-carlos-ribeiro-noites-desertas-em-salvador\/\"]}]},{\"@type\":\"ImageObject\",\"inLanguage\":\"pt-BR\",\"@id\":\"https:\/\/www.comunicarmais.com.br\/site\/2026\/04\/26\/literatura-e-musica-animam-lancamento-do-novo-livro-de-carlos-ribeiro-noites-desertas-em-salvador\/#primaryimage\",\"url\":\"https:\/\/www.comunicarmais.com.br\/site\/wp-content\/uploads\/2026\/04\/Captura-de-tela-2026-04-26-220344.jpg\",\"contentUrl\":\"https:\/\/www.comunicarmais.com.br\/site\/wp-content\/uploads\/2026\/04\/Captura-de-tela-2026-04-26-220344.jpg\",\"width\":459,\"height\":229},{\"@type\":\"BreadcrumbList\",\"@id\":\"https:\/\/www.comunicarmais.com.br\/site\/2026\/04\/26\/literatura-e-musica-animam-lancamento-do-novo-livro-de-carlos-ribeiro-noites-desertas-em-salvador\/#breadcrumb\",\"itemListElement\":[{\"@type\":\"ListItem\",\"position\":1,\"name\":\"In\u00edcio\",\"item\":\"https:\/\/www.comunicarmais.com.br\/site\/\"},{\"@type\":\"ListItem\",\"position\":2,\"name\":\"Literatura e m\u00fasica animam lan\u00e7amento do novo livro de Carlos Ribeiro: &#8220;Noites Desertas&#8221; em Salvador\"}]},{\"@type\":\"WebSite\",\"@id\":\"https:\/\/www.comunicarmais.com.br\/site\/#website\",\"url\":\"https:\/\/www.comunicarmais.com.br\/site\/\",\"name\":\"Comunicar Mais\",\"description\":\"\",\"potentialAction\":[{\"@type\":\"SearchAction\",\"target\":{\"@type\":\"EntryPoint\",\"urlTemplate\":\"https:\/\/www.comunicarmais.com.br\/site\/?s={search_term_string}\"},\"query-input\":{\"@type\":\"PropertyValueSpecification\",\"valueRequired\":true,\"valueName\":\"search_term_string\"}}],\"inLanguage\":\"pt-BR\"},{\"@type\":\"Person\",\"@id\":\"https:\/\/www.comunicarmais.com.br\/site\/#\/schema\/person\/712f7b6b25b644e4a91c4173674cf284\",\"name\":\"Comunicar Mais\",\"image\":{\"@type\":\"ImageObject\",\"inLanguage\":\"pt-BR\",\"@id\":\"https:\/\/www.comunicarmais.com.br\/site\/#\/schema\/person\/image\/\",\"url\":\"https:\/\/secure.gravatar.com\/avatar\/9803218072e2c0dc265d3d787b54c2c33325e79f79732707fddfbf1efd82c678?s=96&d=mm&r=g\",\"contentUrl\":\"https:\/\/secure.gravatar.com\/avatar\/9803218072e2c0dc265d3d787b54c2c33325e79f79732707fddfbf1efd82c678?s=96&d=mm&r=g\",\"caption\":\"Comunicar Mais\"},\"description\":\"Deixe as ideologias com os ide\u00f3logos. Noticiamos fatos, n\u00e3o brigamos com eles. Aqui, voc\u00ea fica bem informado do que acontece no seu bairro e no mundo. Informar com \u00e9tica e responsabilidade s\u00e3o as bandeiras do Comunicarmais.\",\"sameAs\":[\"https:\/\/www.comunicarmais.com.br\/site\/\",\"https:\/\/www.facebook.com\/comunicarmais\/\",\"https:\/\/www.instagram.com\/comunicarmaisba\/\",\"https:\/\/x.com\/ComunicarmaisBA\"],\"url\":\"https:\/\/www.comunicarmais.com.br\/site\/author\/gerenciador\/\"}]}<\/script>\n<!-- \/ Yoast SEO plugin. -->","yoast_head_json":{"title":"Literatura e m\u00fasica animam lan\u00e7amento do novo livro de Carlos Ribeiro: \"Noites Desertas\" em Salvador - Comunicar Mais","description":"Celebra\u00e7\u00e3o em fam\u00edlia: irm\u00e3o do escritor, Amadeu Alves, e a sobrinha Juliana, animam o evento, com apresenta\u00e7\u00e3o musical para convidados","robots":{"index":"index","follow":"follow","max-snippet":"max-snippet:-1","max-image-preview":"max-image-preview:large","max-video-preview":"max-video-preview:-1"},"canonical":"https:\/\/www.comunicarmais.com.br\/site\/2026\/04\/26\/literatura-e-musica-animam-lancamento-do-novo-livro-de-carlos-ribeiro-noites-desertas-em-salvador\/","og_locale":"pt_BR","og_type":"article","og_title":"Literatura e m\u00fasica animam lan\u00e7amento do novo livro de Carlos Ribeiro: \"Noites Desertas\" em Salvador - Comunicar Mais","og_description":"Celebra\u00e7\u00e3o em fam\u00edlia: irm\u00e3o do escritor, Amadeu Alves, e a sobrinha Juliana, animam o evento, com apresenta\u00e7\u00e3o musical para convidados","og_url":"https:\/\/www.comunicarmais.com.br\/site\/2026\/04\/26\/literatura-e-musica-animam-lancamento-do-novo-livro-de-carlos-ribeiro-noites-desertas-em-salvador\/","og_site_name":"Comunicar Mais","article_publisher":"https:\/\/www.facebook.com\/comunicarmais\/","article_author":"https:\/\/www.facebook.com\/comunicarmais\/","article_published_time":"2026-04-26T17:03:00+00:00","article_modified_time":"2026-04-27T01:13:33+00:00","og_image":[{"width":459,"height":229,"url":"https:\/\/www.comunicarmais.com.br\/site\/wp-content\/uploads\/2026\/04\/Captura-de-tela-2026-04-26-220344.jpg","type":"image\/jpeg"}],"author":"Comunicar Mais","twitter_card":"summary_large_image","twitter_creator":"@ComunicarmaisBA","twitter_site":"@ComunicarmaisBA","twitter_misc":{"Escrito por":"Comunicar Mais","Est. tempo de leitura":"4 minutos"},"schema":{"@context":"https:\/\/schema.org","@graph":[{"@type":"WebPage","@id":"https:\/\/www.comunicarmais.com.br\/site\/2026\/04\/26\/literatura-e-musica-animam-lancamento-do-novo-livro-de-carlos-ribeiro-noites-desertas-em-salvador\/","url":"https:\/\/www.comunicarmais.com.br\/site\/2026\/04\/26\/literatura-e-musica-animam-lancamento-do-novo-livro-de-carlos-ribeiro-noites-desertas-em-salvador\/","name":"Literatura e m\u00fasica animam lan\u00e7amento do novo livro de Carlos Ribeiro: \"Noites Desertas\" em Salvador - Comunicar Mais","isPartOf":{"@id":"https:\/\/www.comunicarmais.com.br\/site\/#website"},"primaryImageOfPage":{"@id":"https:\/\/www.comunicarmais.com.br\/site\/2026\/04\/26\/literatura-e-musica-animam-lancamento-do-novo-livro-de-carlos-ribeiro-noites-desertas-em-salvador\/#primaryimage"},"image":{"@id":"https:\/\/www.comunicarmais.com.br\/site\/2026\/04\/26\/literatura-e-musica-animam-lancamento-do-novo-livro-de-carlos-ribeiro-noites-desertas-em-salvador\/#primaryimage"},"thumbnailUrl":"https:\/\/www.comunicarmais.com.br\/site\/wp-content\/uploads\/2026\/04\/Captura-de-tela-2026-04-26-220344.jpg","datePublished":"2026-04-26T17:03:00+00:00","dateModified":"2026-04-27T01:13:33+00:00","author":{"@id":"https:\/\/www.comunicarmais.com.br\/site\/#\/schema\/person\/712f7b6b25b644e4a91c4173674cf284"},"description":"Celebra\u00e7\u00e3o em fam\u00edlia: irm\u00e3o do escritor, Amadeu Alves, e a sobrinha Juliana, animam o evento, com apresenta\u00e7\u00e3o musical para convidados","breadcrumb":{"@id":"https:\/\/www.comunicarmais.com.br\/site\/2026\/04\/26\/literatura-e-musica-animam-lancamento-do-novo-livro-de-carlos-ribeiro-noites-desertas-em-salvador\/#breadcrumb"},"inLanguage":"pt-BR","potentialAction":[{"@type":"ReadAction","target":["https:\/\/www.comunicarmais.com.br\/site\/2026\/04\/26\/literatura-e-musica-animam-lancamento-do-novo-livro-de-carlos-ribeiro-noites-desertas-em-salvador\/"]}]},{"@type":"ImageObject","inLanguage":"pt-BR","@id":"https:\/\/www.comunicarmais.com.br\/site\/2026\/04\/26\/literatura-e-musica-animam-lancamento-do-novo-livro-de-carlos-ribeiro-noites-desertas-em-salvador\/#primaryimage","url":"https:\/\/www.comunicarmais.com.br\/site\/wp-content\/uploads\/2026\/04\/Captura-de-tela-2026-04-26-220344.jpg","contentUrl":"https:\/\/www.comunicarmais.com.br\/site\/wp-content\/uploads\/2026\/04\/Captura-de-tela-2026-04-26-220344.jpg","width":459,"height":229},{"@type":"BreadcrumbList","@id":"https:\/\/www.comunicarmais.com.br\/site\/2026\/04\/26\/literatura-e-musica-animam-lancamento-do-novo-livro-de-carlos-ribeiro-noites-desertas-em-salvador\/#breadcrumb","itemListElement":[{"@type":"ListItem","position":1,"name":"In\u00edcio","item":"https:\/\/www.comunicarmais.com.br\/site\/"},{"@type":"ListItem","position":2,"name":"Literatura e m\u00fasica animam lan\u00e7amento do novo livro de Carlos Ribeiro: &#8220;Noites Desertas&#8221; em Salvador"}]},{"@type":"WebSite","@id":"https:\/\/www.comunicarmais.com.br\/site\/#website","url":"https:\/\/www.comunicarmais.com.br\/site\/","name":"Comunicar Mais","description":"","potentialAction":[{"@type":"SearchAction","target":{"@type":"EntryPoint","urlTemplate":"https:\/\/www.comunicarmais.com.br\/site\/?s={search_term_string}"},"query-input":{"@type":"PropertyValueSpecification","valueRequired":true,"valueName":"search_term_string"}}],"inLanguage":"pt-BR"},{"@type":"Person","@id":"https:\/\/www.comunicarmais.com.br\/site\/#\/schema\/person\/712f7b6b25b644e4a91c4173674cf284","name":"Comunicar Mais","image":{"@type":"ImageObject","inLanguage":"pt-BR","@id":"https:\/\/www.comunicarmais.com.br\/site\/#\/schema\/person\/image\/","url":"https:\/\/secure.gravatar.com\/avatar\/9803218072e2c0dc265d3d787b54c2c33325e79f79732707fddfbf1efd82c678?s=96&d=mm&r=g","contentUrl":"https:\/\/secure.gravatar.com\/avatar\/9803218072e2c0dc265d3d787b54c2c33325e79f79732707fddfbf1efd82c678?s=96&d=mm&r=g","caption":"Comunicar Mais"},"description":"Deixe as ideologias com os ide\u00f3logos. Noticiamos fatos, n\u00e3o brigamos com eles. Aqui, voc\u00ea fica bem informado do que acontece no seu bairro e no mundo. Informar com \u00e9tica e responsabilidade s\u00e3o as bandeiras do Comunicarmais.","sameAs":["https:\/\/www.comunicarmais.com.br\/site\/","https:\/\/www.facebook.com\/comunicarmais\/","https:\/\/www.instagram.com\/comunicarmaisba\/","https:\/\/x.com\/ComunicarmaisBA"],"url":"https:\/\/www.comunicarmais.com.br\/site\/author\/gerenciador\/"}]}},"_links":{"self":[{"href":"https:\/\/www.comunicarmais.com.br\/site\/wp-json\/wp\/v2\/posts\/14432","targetHints":{"allow":["GET"]}}],"collection":[{"href":"https:\/\/www.comunicarmais.com.br\/site\/wp-json\/wp\/v2\/posts"}],"about":[{"href":"https:\/\/www.comunicarmais.com.br\/site\/wp-json\/wp\/v2\/types\/post"}],"author":[{"embeddable":true,"href":"https:\/\/www.comunicarmais.com.br\/site\/wp-json\/wp\/v2\/users\/2"}],"replies":[{"embeddable":true,"href":"https:\/\/www.comunicarmais.com.br\/site\/wp-json\/wp\/v2\/comments?post=14432"}],"version-history":[{"count":1,"href":"https:\/\/www.comunicarmais.com.br\/site\/wp-json\/wp\/v2\/posts\/14432\/revisions"}],"predecessor-version":[{"id":14436,"href":"https:\/\/www.comunicarmais.com.br\/site\/wp-json\/wp\/v2\/posts\/14432\/revisions\/14436"}],"wp:featuredmedia":[{"embeddable":true,"href":"https:\/\/www.comunicarmais.com.br\/site\/wp-json\/wp\/v2\/media\/14434"}],"wp:attachment":[{"href":"https:\/\/www.comunicarmais.com.br\/site\/wp-json\/wp\/v2\/media?parent=14432"}],"wp:term":[{"taxonomy":"category","embeddable":true,"href":"https:\/\/www.comunicarmais.com.br\/site\/wp-json\/wp\/v2\/categories?post=14432"},{"taxonomy":"post_tag","embeddable":true,"href":"https:\/\/www.comunicarmais.com.br\/site\/wp-json\/wp\/v2\/tags?post=14432"}],"curies":[{"name":"wp","href":"https:\/\/api.w.org\/{rel}","templated":true}]}}