{"id":13668,"date":"2026-03-13T11:12:00","date_gmt":"2026-03-13T14:12:00","guid":{"rendered":"https:\/\/www.comunicarmais.com.br\/site\/?p=13668"},"modified":"2026-03-14T23:20:37","modified_gmt":"2026-03-15T02:20:37","slug":"mulheres-lideram-forca-de-trabalho-geracao-de-emprego-e-de-renda-em-salvador","status":"publish","type":"post","link":"https:\/\/www.comunicarmais.com.br\/site\/2026\/03\/13\/mulheres-lideram-forca-de-trabalho-geracao-de-emprego-e-de-renda-em-salvador\/","title":{"rendered":"Mulheres lideram for\u00e7a de trabalho, gera\u00e7\u00e3o de emprego e de renda em Salvador"},"content":{"rendered":"\n<p><strong>Cerca de 686 mil mulheres, a maior do Nordeste, p\u00fablico feminino tem superado o masculino na ocupa\u00e7\u00e3o de postos de trabalho formais, na busca por qualifica\u00e7\u00e3o profissional e microcr\u00e9dito<\/strong><\/p>\n\n\n\n<figure class=\"wp-block-image size-large\"><img decoding=\"async\" width=\"1433\" height=\"957\" data-src=\"https:\/\/www.comunicarmais.com.br\/site\/wp-content\/uploads\/2026\/03\/WhatsApp-Image-2026-03-13-at-10.56.58-1433x957.jpeg\" alt=\"\" class=\"wp-image-13671 lazyload\" data-srcset=\"https:\/\/www.comunicarmais.com.br\/site\/wp-content\/uploads\/2026\/03\/WhatsApp-Image-2026-03-13-at-10.56.58-1433x957.jpeg 1433w, https:\/\/www.comunicarmais.com.br\/site\/wp-content\/uploads\/2026\/03\/WhatsApp-Image-2026-03-13-at-10.56.58-1024x684.jpeg 1024w, https:\/\/www.comunicarmais.com.br\/site\/wp-content\/uploads\/2026\/03\/WhatsApp-Image-2026-03-13-at-10.56.58-768x513.jpeg 768w, https:\/\/www.comunicarmais.com.br\/site\/wp-content\/uploads\/2026\/03\/WhatsApp-Image-2026-03-13-at-10.56.58-1536x1026.jpeg 1536w, https:\/\/www.comunicarmais.com.br\/site\/wp-content\/uploads\/2026\/03\/WhatsApp-Image-2026-03-13-at-10.56.58.jpeg 1600w\" data-sizes=\"(max-width: 1433px) 100vw, 1433px\" src=\"data:image\/svg+xml;base64,PHN2ZyB3aWR0aD0iMSIgaGVpZ2h0PSIxIiB4bWxucz0iaHR0cDovL3d3dy53My5vcmcvMjAwMC9zdmciPjwvc3ZnPg==\" style=\"--smush-placeholder-width: 1433px; --smush-placeholder-aspect-ratio: 1433\/957;\" \/><figcaption class=\"wp-element-caption\"><em><sup>(Foto: Jefferson Peixoto\/ Secom PMS)<\/sup><\/em><\/figcaption><\/figure>\n\n\n\n<p><strong>Reda\u00e7\u00e3o Mais &#8211; <\/strong>Em meio \u00e0s comemora\u00e7\u00f5es do M\u00eas da Mulher, dados recentes divulgados pela Secretaria Municipal de Desenvolvimento Econ\u00f4mico, Emprego e Renda (Semdec), da Prefeitura de Salvador, confirmam que as soteropolitanas se estabeleceram como principal motor da economia da cidade em 2026.<\/p>\n\n\n\n<p>Com uma for\u00e7a de trabalho ativa de 686 mil mulheres, a maior da regi\u00e3o Nordeste, o p\u00fablico feminino tem superado o masculino na ocupa\u00e7\u00e3o de postos de trabalho formais, na busca por qualifica\u00e7\u00e3o profissional e por microcr\u00e9dito. Esse n\u00famero corresponde a cerca de 51% da for\u00e7a de trabalho da capital baiana.<\/p>\n\n\n\n<p>De acordo com o balan\u00e7o do Cadastro Geral de Empregados e Desempregados (Caged), compilado pela Semdec, das 30.402 vagas de emprego geradas em Salvador em 2025, 18.533 (60,9%) foram preenchidas por mulheres. A tend\u00eancia de lideran\u00e7a feminina no mercado de trabalho acelerou no in\u00edcio de 2026: apenas em janeiro, 2.192 postos foram ocupados por elas, contra 983 pelos homens.<\/p>\n\n\n\n<figure class=\"wp-block-image size-large\"><img decoding=\"async\" width=\"1433\" height=\"955\" data-src=\"https:\/\/www.comunicarmais.com.br\/site\/wp-content\/uploads\/2026\/03\/WhatsApp-Image-2026-03-13-at-10.56.59-1433x955.jpeg\" alt=\"\" class=\"wp-image-13670 lazyload\" data-srcset=\"https:\/\/www.comunicarmais.com.br\/site\/wp-content\/uploads\/2026\/03\/WhatsApp-Image-2026-03-13-at-10.56.59-1433x955.jpeg 1433w, https:\/\/www.comunicarmais.com.br\/site\/wp-content\/uploads\/2026\/03\/WhatsApp-Image-2026-03-13-at-10.56.59-1024x682.jpeg 1024w, https:\/\/www.comunicarmais.com.br\/site\/wp-content\/uploads\/2026\/03\/WhatsApp-Image-2026-03-13-at-10.56.59-768x512.jpeg 768w, https:\/\/www.comunicarmais.com.br\/site\/wp-content\/uploads\/2026\/03\/WhatsApp-Image-2026-03-13-at-10.56.59-1536x1023.jpeg 1536w, https:\/\/www.comunicarmais.com.br\/site\/wp-content\/uploads\/2026\/03\/WhatsApp-Image-2026-03-13-at-10.56.59.jpeg 1600w\" data-sizes=\"(max-width: 1433px) 100vw, 1433px\" src=\"data:image\/svg+xml;base64,PHN2ZyB3aWR0aD0iMSIgaGVpZ2h0PSIxIiB4bWxucz0iaHR0cDovL3d3dy53My5vcmcvMjAwMC9zdmciPjwvc3ZnPg==\" style=\"--smush-placeholder-width: 1433px; --smush-placeholder-aspect-ratio: 1433\/955;\" \/><figcaption class=\"wp-element-caption\"><em><sup>(Foto: Jefferson Peixoto\/ Secom PMS)<\/sup><\/em><\/figcaption><\/figure>\n\n\n\n<p>Esse protagonismo feminino \u00e9 impulsionado pela busca por capacita\u00e7\u00e3o profissional. Atualmente, as mulheres representam 57% da procura por vagas no Servi\u00e7o Municipal de Intermedia\u00e7\u00e3o de M\u00e3o de Obra (Simm) e 63% dos inscritos em cursos de qualifica\u00e7\u00e3o oferecidos pela Prefeitura de Salvador.<\/p>\n\n\n\n<p>No setor de tecnologia, o programa Salvador Tech formou 1.251 mulheres no \u00faltimo ano, o que representa 45,6% do total de certificados em 2026. O perfil das participantes tamb\u00e9m revela o impacto social da iniciativa: a idade m\u00e9dia das certificadas \u00e9 de 35 anos, sendo que 88% das alunas se autodeclaram negras.<\/p>\n\n\n\n<p>\u201cOs n\u00fameros mostram que investir na mulher soteropolitana n\u00e3o \u00e9 apenas uma quest\u00e3o de justi\u00e7a social, mas tamb\u00e9m uma estrat\u00e9gia econ\u00f4mica com retornos de alto impacto\u201d, afirma Mila Paes, secret\u00e1ria da Semdec.<\/p>\n\n\n\n<p>\u201cQuando a mulher tem acesso ao apoio empreendedor, qualifica\u00e7\u00e3o, cr\u00e9dito, tecnologia e emprego, ela reinveste na fam\u00edlia e na comunidade, gerando um ciclo de prosperidade que beneficia n\u00e3o s\u00f3 seu c\u00edrculo pr\u00f3ximo e sua comunidade, como tamb\u00e9m toda a cidade. O papel da gest\u00e3o municipal \u00e9 dar ferramentas para que as mulheres possam mudar sua realidade\u201d, completa Mila Paes.<\/p>\n\n\n\n<figure class=\"wp-block-image size-large\"><img decoding=\"async\" width=\"1433\" height=\"956\" data-src=\"https:\/\/www.comunicarmais.com.br\/site\/wp-content\/uploads\/2026\/03\/WhatsApp-Image-2026-03-13-at-10.56.58-1-1433x956.jpeg\" alt=\"\" class=\"wp-image-13672 lazyload\" data-srcset=\"https:\/\/www.comunicarmais.com.br\/site\/wp-content\/uploads\/2026\/03\/WhatsApp-Image-2026-03-13-at-10.56.58-1-1433x956.jpeg 1433w, https:\/\/www.comunicarmais.com.br\/site\/wp-content\/uploads\/2026\/03\/WhatsApp-Image-2026-03-13-at-10.56.58-1-1024x683.jpeg 1024w, https:\/\/www.comunicarmais.com.br\/site\/wp-content\/uploads\/2026\/03\/WhatsApp-Image-2026-03-13-at-10.56.58-1-768x512.jpeg 768w, https:\/\/www.comunicarmais.com.br\/site\/wp-content\/uploads\/2026\/03\/WhatsApp-Image-2026-03-13-at-10.56.58-1-1536x1024.jpeg 1536w, https:\/\/www.comunicarmais.com.br\/site\/wp-content\/uploads\/2026\/03\/WhatsApp-Image-2026-03-13-at-10.56.58-1.jpeg 1600w\" data-sizes=\"(max-width: 1433px) 100vw, 1433px\" src=\"data:image\/svg+xml;base64,PHN2ZyB3aWR0aD0iMSIgaGVpZ2h0PSIxIiB4bWxucz0iaHR0cDovL3d3dy53My5vcmcvMjAwMC9zdmciPjwvc3ZnPg==\" style=\"--smush-placeholder-width: 1433px; --smush-placeholder-aspect-ratio: 1433\/956;\" \/><figcaption class=\"wp-element-caption\"><em><sup>(Foto: Jefferson Peixoto\/ Secom PMS)<\/sup><\/em><\/figcaption><\/figure>\n\n\n\n<p><strong>Programas \u2013 <\/strong>A Secretaria Municipal de Pol\u00edticas para Mulheres, Inf\u00e2ncia e Juventude (SPMJ) tamb\u00e9m tem atuado em iniciativas voltadas \u00e0 autonomia das soteropolitanas.<\/p>\n\n\n\n<p>Um dos destaques \u00e9 a Expo Mulher, uma linha de a\u00e7\u00e3o da pol\u00edtica p\u00fablica do Alerta Salvador para a qualifica\u00e7\u00e3o, fortalecimento da autonomia, do emprego e da renda, que re\u00fane empreendedoras de diferentes \u00e1reas para exposi\u00e7\u00e3o e comercializa\u00e7\u00e3o de produtos e servi\u00e7os.<\/p>\n\n\n\n<p>O projeto contou com 582 empreendedoras em 2025, um aumento de mais de 1.600% desde 2022, ampliando a visibilidade de pequenos neg\u00f3cios liderados por mulheres e fortalecendo oportunidades de gera\u00e7\u00e3o de renda.<\/p>\n\n\n\n<p>Outros programas t\u00eam contribu\u00eddo para a forte inser\u00e7\u00e3o de soteropolitanas no mercado de trabalho, como o Mulheres no Volante, que oferece a primeira habilita\u00e7\u00e3o nas categorias A ou B, al\u00e9m de mudan\u00e7a para as categorias C, D ou E; o Tech Delas, que oferece capacita\u00e7\u00e3o gratuita em tecnologia e inova\u00e7\u00e3o, promovendo empregabilidade, autonomia e inclus\u00e3o digital para cidad\u00e3s em situa\u00e7\u00e3o de vulnerabilidade social; e o Marias na Constru\u00e7\u00e3o, exclusivo para a qualifica\u00e7\u00e3o na \u00e1rea da constru\u00e7\u00e3o civil, e que j\u00e1 capacitou mais de 3 mil participantes.<\/p>\n\n\n\n<p>\u201cMuitas mulheres n\u00e3o possuem rede de apoio nem estrutura que lhes permita alcan\u00e7ar todo o seu potencial. Quando elas conseguem ajustar esse ritmo e precisam ter um ponto de partida, nesse momento, a pol\u00edtica p\u00fablica entra como fator essencial para que elas consigam esse apoio. Essas pol\u00edticas p\u00fablicas efetivas fazem com que essas mulheres se envolvam com tecnologia, por meio da qual podem aprimorar seu potencial empreendedor, cuja realidade, muitas vezes, ainda \u00e9 de subsist\u00eancia\u201d, explica a titular da SPMJ, Fernanda Lordelo.<\/p>\n\n\n\n<p>\u201cAl\u00e9m disso, elas tamb\u00e9m conseguem um microcr\u00e9dito para fomentar aquele neg\u00f3cio que estava parado ou estagnado para que possam come\u00e7ar a trabalhar. Quando conseguimos identificar os problemas dessas mulheres e direcionar pol\u00edticas p\u00fablicas efetivas, os n\u00fameros de sua participa\u00e7\u00e3o na economia e de suas conquistas pessoais, como estamos vendo, s\u00f3 aumentam\u201d, acrescenta Lordelo.<\/p>\n\n\n\n<figure class=\"wp-block-image size-large\"><img decoding=\"async\" width=\"1433\" height=\"956\" data-src=\"https:\/\/www.comunicarmais.com.br\/site\/wp-content\/uploads\/2026\/03\/WhatsApp-Image-2026-03-13-at-10.57.03-1433x956.jpeg\" alt=\"\" class=\"wp-image-13673 lazyload\" data-srcset=\"https:\/\/www.comunicarmais.com.br\/site\/wp-content\/uploads\/2026\/03\/WhatsApp-Image-2026-03-13-at-10.57.03-1433x956.jpeg 1433w, https:\/\/www.comunicarmais.com.br\/site\/wp-content\/uploads\/2026\/03\/WhatsApp-Image-2026-03-13-at-10.57.03-1024x683.jpeg 1024w, https:\/\/www.comunicarmais.com.br\/site\/wp-content\/uploads\/2026\/03\/WhatsApp-Image-2026-03-13-at-10.57.03-768x512.jpeg 768w, https:\/\/www.comunicarmais.com.br\/site\/wp-content\/uploads\/2026\/03\/WhatsApp-Image-2026-03-13-at-10.57.03-1536x1024.jpeg 1536w, https:\/\/www.comunicarmais.com.br\/site\/wp-content\/uploads\/2026\/03\/WhatsApp-Image-2026-03-13-at-10.57.03.jpeg 1600w\" data-sizes=\"(max-width: 1433px) 100vw, 1433px\" src=\"data:image\/svg+xml;base64,PHN2ZyB3aWR0aD0iMSIgaGVpZ2h0PSIxIiB4bWxucz0iaHR0cDovL3d3dy53My5vcmcvMjAwMC9zdmciPjwvc3ZnPg==\" style=\"--smush-placeholder-width: 1433px; --smush-placeholder-aspect-ratio: 1433\/956;\" \/><figcaption class=\"wp-element-caption\"><em><sup>(Foto: Jefferson Peixoto\/ Secom PMS)<\/sup><\/em><\/figcaption><\/figure>\n\n\n\n<p><strong>Empreendedorismo \u2013 <\/strong>A autonomia financeira tamb\u00e9m ganha for\u00e7a por meio do CredSalvador. O programa municipal de microcr\u00e9dito destinou 53% dos valores aprovados na primeira fase e 55% na segunda especificamente para empreendedoras, fomentando pequenos neg\u00f3cios nos bairros.<\/p>\n\n\n\n<p>At\u00e9 mesmo no Carnaval, a din\u00e2mica econ\u00f4mica mudou. Pesquisa realizada pela Semdec com mais de 4 mil pessoas durante a folia de 2026 revelou que, al\u00e9m de serem a maioria dos foli\u00f5es, as mulheres representaram 57% da for\u00e7a de trabalho na festa \u2013 um marco hist\u00f3rico que rompe com os padr\u00f5es de edi\u00e7\u00f5es anteriores.<\/p>\n\n\n\n<p>Apesar dos avan\u00e7os, o desafio da empregabilidade feminina permanece no radar da gest\u00e3o, que mant\u00e9m o foco na redu\u00e7\u00e3o cont\u00ednua da taxa de desocupa\u00e7\u00e3o e na amplia\u00e7\u00e3o de pol\u00edticas de inclus\u00e3o e de autonomia.<\/p>\n\n\n\n<p>________________________________________________________________________________________________________________<\/p>\n\n\n<p class=\"wp-block-tag-cloud\"><a href=\"https:\/\/www.comunicarmais.com.br\/site\/tag\/bahia\/\" class=\"tag-cloud-link tag-link-171 tag-link-position-1\" style=\"font-size: 17.922330097087pt;\" aria-label=\"Bahia (116 itens)\">Bahia<\/a>\n<a href=\"https:\/\/www.comunicarmais.com.br\/site\/tag\/bolsonaro\/\" class=\"tag-cloud-link tag-link-112 tag-link-position-2\" style=\"font-size: 11.533980582524pt;\" aria-label=\"Bolsonaro (39 itens)\">Bolsonaro<\/a>\n<a href=\"https:\/\/www.comunicarmais.com.br\/site\/tag\/brasil\/\" class=\"tag-cloud-link tag-link-335 tag-link-position-3\" style=\"font-size: 13.029126213592pt;\" aria-label=\"Brasil (50 itens)\">Brasil<\/a>\n<a href=\"https:\/\/www.comunicarmais.com.br\/site\/tag\/camacari\/\" class=\"tag-cloud-link tag-link-435 tag-link-position-4\" style=\"font-size: 8.8155339805825pt;\" aria-label=\"Cama\u00e7ari (24 itens)\">Cama\u00e7ari<\/a>\n<a href=\"https:\/\/www.comunicarmais.com.br\/site\/tag\/carnaval\/\" class=\"tag-cloud-link tag-link-508 tag-link-position-5\" style=\"font-size: 12.893203883495pt;\" aria-label=\"Carnaval (49 itens)\">Carnaval<\/a>\n<a href=\"https:\/\/www.comunicarmais.com.br\/site\/tag\/cbx\/\" class=\"tag-cloud-link tag-link-1602 tag-link-position-6\" style=\"font-size: 11.398058252427pt;\" aria-label=\"CBX (38 itens)\">CBX<\/a>\n<a href=\"https:\/\/www.comunicarmais.com.br\/site\/tag\/cidade-baixa\/\" class=\"tag-cloud-link tag-link-456 tag-link-position-7\" style=\"font-size: 9.9029126213592pt;\" aria-label=\"Cidade Baixa (29 itens)\">Cidade Baixa<\/a>\n<a href=\"https:\/\/www.comunicarmais.com.br\/site\/tag\/cinema\/\" class=\"tag-cloud-link tag-link-985 tag-link-position-8\" style=\"font-size: 11.126213592233pt;\" aria-label=\"Cinema (36 itens)\">Cinema<\/a>\n<a href=\"https:\/\/www.comunicarmais.com.br\/site\/tag\/cultura\/\" class=\"tag-cloud-link tag-link-231 tag-link-position-9\" style=\"font-size: 12.349514563107pt;\" aria-label=\"Cultura (45 itens)\">Cultura<\/a>\n<a href=\"https:\/\/www.comunicarmais.com.br\/site\/tag\/drogas\/\" class=\"tag-cloud-link tag-link-165 tag-link-position-10\" style=\"font-size: 12.757281553398pt;\" aria-label=\"Drogas (48 itens)\">Drogas<\/a>\n<a href=\"https:\/\/www.comunicarmais.com.br\/site\/tag\/educacao\/\" class=\"tag-cloud-link tag-link-228 tag-link-position-11\" style=\"font-size: 12.621359223301pt;\" aria-label=\"Educa\u00e7\u00e3o (47 itens)\">Educa\u00e7\u00e3o<\/a>\n<a href=\"https:\/\/www.comunicarmais.com.br\/site\/tag\/ensino\/\" class=\"tag-cloud-link tag-link-233 tag-link-position-12\" style=\"font-size: 10.446601941748pt;\" aria-label=\"Ensino (32 itens)\">Ensino<\/a>\n<a href=\"https:\/\/www.comunicarmais.com.br\/site\/tag\/escola\/\" class=\"tag-cloud-link tag-link-229 tag-link-position-13\" style=\"font-size: 9.631067961165pt;\" aria-label=\"Escola (28 itens)\">Escola<\/a>\n<a href=\"https:\/\/www.comunicarmais.com.br\/site\/tag\/eua\/\" class=\"tag-cloud-link tag-link-664 tag-link-position-14\" style=\"font-size: 12.077669902913pt;\" aria-label=\"EUA (43 itens)\">EUA<\/a>\n<a href=\"https:\/\/www.comunicarmais.com.br\/site\/tag\/feira-de-santana\/\" class=\"tag-cloud-link tag-link-642 tag-link-position-15\" style=\"font-size: 9.2233009708738pt;\" aria-label=\"Feira de Santana (26 itens)\">Feira de Santana<\/a>\n<a href=\"https:\/\/www.comunicarmais.com.br\/site\/tag\/ficco\/\" class=\"tag-cloud-link tag-link-143 tag-link-position-16\" style=\"font-size: 9.2233009708738pt;\" aria-label=\"Ficco (26 itens)\">Ficco<\/a>\n<a href=\"https:\/\/www.comunicarmais.com.br\/site\/tag\/folia\/\" class=\"tag-cloud-link tag-link-566 tag-link-position-17\" style=\"font-size: 9.2233009708738pt;\" aria-label=\"Folia (26 itens)\">Folia<\/a>\n<a href=\"https:\/\/www.comunicarmais.com.br\/site\/tag\/futebol\/\" class=\"tag-cloud-link tag-link-40 tag-link-position-18\" style=\"font-size: 13.029126213592pt;\" aria-label=\"Futebol (50 itens)\">Futebol<\/a>\n<a href=\"https:\/\/www.comunicarmais.com.br\/site\/tag\/homicidio\/\" class=\"tag-cloud-link tag-link-101 tag-link-position-19\" style=\"font-size: 10.718446601942pt;\" aria-label=\"Homic\u00eddio (34 itens)\">Homic\u00eddio<\/a>\n<a href=\"https:\/\/www.comunicarmais.com.br\/site\/tag\/itapagipe\/\" class=\"tag-cloud-link tag-link-471 tag-link-position-20\" style=\"font-size: 10.038834951456pt;\" aria-label=\"Itapagipe (30 itens)\">Itapagipe<\/a>\n<a href=\"https:\/\/www.comunicarmais.com.br\/site\/tag\/itaparica\/\" class=\"tag-cloud-link tag-link-301 tag-link-position-21\" style=\"font-size: 8pt;\" aria-label=\"Itaparica (21 itens)\">Itaparica<\/a>\n<a href=\"https:\/\/www.comunicarmais.com.br\/site\/tag\/jeronimo-rodrigues\/\" class=\"tag-cloud-link tag-link-668 tag-link-position-22\" style=\"font-size: 8.2718446601942pt;\" aria-label=\"Jer\u00f4nimo Rodrigues (22 itens)\">Jer\u00f4nimo Rodrigues<\/a>\n<a href=\"https:\/\/www.comunicarmais.com.br\/site\/tag\/justica\/\" class=\"tag-cloud-link tag-link-361 tag-link-position-23\" style=\"font-size: 10.582524271845pt;\" aria-label=\"Justi\u00e7a (33 itens)\">Justi\u00e7a<\/a>\n<a href=\"https:\/\/www.comunicarmais.com.br\/site\/tag\/lauro-de-freitas\/\" class=\"tag-cloud-link tag-link-594 tag-link-position-24\" style=\"font-size: 18.194174757282pt;\" aria-label=\"Lauro de Freitas (123 itens)\">Lauro de Freitas<\/a>\n<a href=\"https:\/\/www.comunicarmais.com.br\/site\/tag\/lazer\/\" class=\"tag-cloud-link tag-link-568 tag-link-position-25\" style=\"font-size: 9.2233009708738pt;\" aria-label=\"Lazer (26 itens)\">Lazer<\/a>\n<a href=\"https:\/\/www.comunicarmais.com.br\/site\/tag\/lula\/\" class=\"tag-cloud-link tag-link-416 tag-link-position-26\" style=\"font-size: 12.21359223301pt;\" aria-label=\"Lula (44 itens)\">Lula<\/a>\n<a href=\"https:\/\/www.comunicarmais.com.br\/site\/tag\/meio-ambiente\/\" class=\"tag-cloud-link tag-link-475 tag-link-position-27\" style=\"font-size: 12.21359223301pt;\" aria-label=\"Meio Ambiente (44 itens)\">Meio Ambiente<\/a>\n<a href=\"https:\/\/www.comunicarmais.com.br\/site\/tag\/mobilidade\/\" class=\"tag-cloud-link tag-link-278 tag-link-position-28\" style=\"font-size: 13.844660194175pt;\" aria-label=\"Mobilidade (58 itens)\">Mobilidade<\/a>\n<a href=\"https:\/\/www.comunicarmais.com.br\/site\/tag\/mulher\/\" class=\"tag-cloud-link tag-link-450 tag-link-position-29\" style=\"font-size: 13.300970873786pt;\" aria-label=\"mulher (53 itens)\">mulher<\/a>\n<a href=\"https:\/\/www.comunicarmais.com.br\/site\/tag\/musica-2\/\" class=\"tag-cloud-link tag-link-747 tag-link-position-30\" style=\"font-size: 12.21359223301pt;\" aria-label=\"M\u00fasica (44 itens)\">M\u00fasica<\/a>\n<a href=\"https:\/\/www.comunicarmais.com.br\/site\/tag\/pcba\/\" class=\"tag-cloud-link tag-link-1332 tag-link-position-31\" style=\"font-size: 15.067961165049pt;\" aria-label=\"PCBA (72 itens)\">PCBA<\/a>\n<a href=\"https:\/\/www.comunicarmais.com.br\/site\/tag\/pmba\/\" class=\"tag-cloud-link tag-link-53 tag-link-position-32\" style=\"font-size: 18.194174757282pt;\" aria-label=\"PMBA (123 itens)\">PMBA<\/a>\n<a href=\"https:\/\/www.comunicarmais.com.br\/site\/tag\/policia-federal\/\" class=\"tag-cloud-link tag-link-620 tag-link-position-33\" style=\"font-size: 8.9514563106796pt;\" aria-label=\"Pol\u00edcia Federal (25 itens)\">Pol\u00edcia Federal<\/a>\n<a href=\"https:\/\/www.comunicarmais.com.br\/site\/tag\/politica\/\" class=\"tag-cloud-link tag-link-495 tag-link-position-34\" style=\"font-size: 16.291262135922pt;\" aria-label=\"Pol\u00edtica (89 itens)\">Pol\u00edtica<\/a>\n<a href=\"https:\/\/www.comunicarmais.com.br\/site\/tag\/rio-de-janeiro\/\" class=\"tag-cloud-link tag-link-152 tag-link-position-35\" style=\"font-size: 9.9029126213592pt;\" aria-label=\"Rio de Janeiro (29 itens)\">Rio de Janeiro<\/a>\n<a href=\"https:\/\/www.comunicarmais.com.br\/site\/tag\/salvador\/\" class=\"tag-cloud-link tag-link-125 tag-link-position-36\" style=\"font-size: 22pt;\" aria-label=\"Salvador (236 itens)\">Salvador<\/a>\n<a href=\"https:\/\/www.comunicarmais.com.br\/site\/tag\/saude\/\" class=\"tag-cloud-link tag-link-42 tag-link-position-37\" style=\"font-size: 17.922330097087pt;\" aria-label=\"Sa\u00fade (117 itens)\">Sa\u00fade<\/a>\n<a href=\"https:\/\/www.comunicarmais.com.br\/site\/tag\/seguranca\/\" class=\"tag-cloud-link tag-link-48 tag-link-position-38\" style=\"font-size: 9.2233009708738pt;\" aria-label=\"Seguran\u00e7a (26 itens)\">Seguran\u00e7a<\/a>\n<a href=\"https:\/\/www.comunicarmais.com.br\/site\/tag\/ssp-ba\/\" class=\"tag-cloud-link tag-link-1937 tag-link-position-39\" style=\"font-size: 8.9514563106796pt;\" aria-label=\"SSP-BA (25 itens)\">SSP-BA<\/a>\n<a href=\"https:\/\/www.comunicarmais.com.br\/site\/tag\/sspba\/\" class=\"tag-cloud-link tag-link-144 tag-link-position-40\" style=\"font-size: 11.398058252427pt;\" aria-label=\"SSPBA (38 itens)\">SSPBA<\/a>\n<a href=\"https:\/\/www.comunicarmais.com.br\/site\/tag\/stf\/\" class=\"tag-cloud-link tag-link-68 tag-link-position-41\" style=\"font-size: 14.252427184466pt;\" aria-label=\"STF (62 itens)\">STF<\/a>\n<a href=\"https:\/\/www.comunicarmais.com.br\/site\/tag\/sao-paulo\/\" class=\"tag-cloud-link tag-link-612 tag-link-position-42\" style=\"font-size: 8pt;\" aria-label=\"S\u00e3o Paulo (21 itens)\">S\u00e3o Paulo<\/a>\n<a href=\"https:\/\/www.comunicarmais.com.br\/site\/tag\/transito-2\/\" class=\"tag-cloud-link tag-link-377 tag-link-position-43\" style=\"font-size: 8.2718446601942pt;\" aria-label=\"tr\u00e2nsito (22 itens)\">tr\u00e2nsito<\/a>\n<a href=\"https:\/\/www.comunicarmais.com.br\/site\/tag\/turismo\/\" class=\"tag-cloud-link tag-link-225 tag-link-position-44\" style=\"font-size: 9.9029126213592pt;\" aria-label=\"Turismo (29 itens)\">Turismo<\/a>\n<a href=\"https:\/\/www.comunicarmais.com.br\/site\/tag\/uruguai\/\" class=\"tag-cloud-link tag-link-323 tag-link-position-45\" style=\"font-size: 9.631067961165pt;\" aria-label=\"Uruguai (28 itens)\">Uruguai<\/a><\/p>","protected":false},"excerpt":{"rendered":"<p>Cerca de 686 mil mulheres, a maior do Nordeste, p\u00fablico feminino tem superado o masculino na ocupa\u00e7\u00e3o de postos de trabalho formais, na busca por qualifica\u00e7\u00e3o profissional e microcr\u00e9dito<\/p>\n","protected":false},"author":2,"featured_media":13670,"comment_status":"open","ping_status":"open","sticky":false,"template":"","format":"standard","meta":{"_acf_changed":false,"footnotes":""},"categories":[5],"tags":[363,450,2147],"class_list":["post-13668","post","type-post","status-publish","format-standard","has-post-thumbnail","hentry","category-grande-salvador","tag-emprego","tag-mulher","tag-semdec"],"acf":[],"yoast_head":"<!-- This site is optimized with the Yoast SEO plugin v26.1.1 - https:\/\/yoast.com\/wordpress\/plugins\/seo\/ -->\n<title>Mulheres lideram for\u00e7a de trabalho, gera\u00e7\u00e3o de emprego e de renda em Salvador - Comunicar Mais<\/title>\n<meta name=\"description\" content=\"Cerca de 686 mil mulheres, a maior do Nordeste, p\u00fablico feminino tem superado o masculino na ocupa\u00e7\u00e3o de postos de trabalho formais, na busca por qualifica\u00e7\u00e3o profissional e microcr\u00e9dito\" \/>\n<meta name=\"robots\" content=\"index, follow, max-snippet:-1, max-image-preview:large, max-video-preview:-1\" \/>\n<link rel=\"canonical\" href=\"https:\/\/www.comunicarmais.com.br\/site\/2026\/03\/13\/mulheres-lideram-forca-de-trabalho-geracao-de-emprego-e-de-renda-em-salvador\/\" \/>\n<meta property=\"og:locale\" content=\"pt_BR\" \/>\n<meta property=\"og:type\" content=\"article\" \/>\n<meta property=\"og:title\" content=\"Mulheres lideram for\u00e7a de trabalho, gera\u00e7\u00e3o de emprego e de renda em Salvador - Comunicar Mais\" \/>\n<meta property=\"og:description\" content=\"Cerca de 686 mil mulheres, a maior do Nordeste, p\u00fablico feminino tem superado o masculino na ocupa\u00e7\u00e3o de postos de trabalho formais, na busca por qualifica\u00e7\u00e3o profissional e microcr\u00e9dito\" \/>\n<meta property=\"og:url\" content=\"https:\/\/www.comunicarmais.com.br\/site\/2026\/03\/13\/mulheres-lideram-forca-de-trabalho-geracao-de-emprego-e-de-renda-em-salvador\/\" \/>\n<meta property=\"og:site_name\" content=\"Comunicar Mais\" \/>\n<meta property=\"article:publisher\" content=\"https:\/\/www.facebook.com\/comunicarmais\/\" \/>\n<meta property=\"article:author\" content=\"https:\/\/www.facebook.com\/comunicarmais\/\" \/>\n<meta property=\"article:published_time\" content=\"2026-03-13T14:12:00+00:00\" \/>\n<meta property=\"article:modified_time\" content=\"2026-03-15T02:20:37+00:00\" \/>\n<meta property=\"og:image\" content=\"https:\/\/www.comunicarmais.com.br\/site\/wp-content\/uploads\/2026\/03\/WhatsApp-Image-2026-03-13-at-10.56.59.jpeg\" \/>\n\t<meta property=\"og:image:width\" content=\"1600\" \/>\n\t<meta property=\"og:image:height\" content=\"1066\" \/>\n\t<meta property=\"og:image:type\" content=\"image\/jpeg\" \/>\n<meta name=\"author\" content=\"Comunicar Mais\" \/>\n<meta name=\"twitter:card\" content=\"summary_large_image\" \/>\n<meta name=\"twitter:creator\" content=\"@ComunicarmaisBA\" \/>\n<meta name=\"twitter:site\" content=\"@ComunicarmaisBA\" \/>\n<meta name=\"twitter:label1\" content=\"Escrito por\" \/>\n\t<meta name=\"twitter:data1\" content=\"Comunicar Mais\" \/>\n\t<meta name=\"twitter:label2\" content=\"Est. tempo de leitura\" \/>\n\t<meta name=\"twitter:data2\" content=\"6 minutos\" \/>\n<script type=\"application\/ld+json\" class=\"yoast-schema-graph\">{\"@context\":\"https:\/\/schema.org\",\"@graph\":[{\"@type\":\"WebPage\",\"@id\":\"https:\/\/www.comunicarmais.com.br\/site\/2026\/03\/13\/mulheres-lideram-forca-de-trabalho-geracao-de-emprego-e-de-renda-em-salvador\/\",\"url\":\"https:\/\/www.comunicarmais.com.br\/site\/2026\/03\/13\/mulheres-lideram-forca-de-trabalho-geracao-de-emprego-e-de-renda-em-salvador\/\",\"name\":\"Mulheres lideram for\u00e7a de trabalho, gera\u00e7\u00e3o de emprego e de renda em Salvador - Comunicar Mais\",\"isPartOf\":{\"@id\":\"https:\/\/www.comunicarmais.com.br\/site\/#website\"},\"primaryImageOfPage\":{\"@id\":\"https:\/\/www.comunicarmais.com.br\/site\/2026\/03\/13\/mulheres-lideram-forca-de-trabalho-geracao-de-emprego-e-de-renda-em-salvador\/#primaryimage\"},\"image\":{\"@id\":\"https:\/\/www.comunicarmais.com.br\/site\/2026\/03\/13\/mulheres-lideram-forca-de-trabalho-geracao-de-emprego-e-de-renda-em-salvador\/#primaryimage\"},\"thumbnailUrl\":\"https:\/\/www.comunicarmais.com.br\/site\/wp-content\/uploads\/2026\/03\/WhatsApp-Image-2026-03-13-at-10.56.59.jpeg\",\"datePublished\":\"2026-03-13T14:12:00+00:00\",\"dateModified\":\"2026-03-15T02:20:37+00:00\",\"author\":{\"@id\":\"https:\/\/www.comunicarmais.com.br\/site\/#\/schema\/person\/712f7b6b25b644e4a91c4173674cf284\"},\"description\":\"Cerca de 686 mil mulheres, a maior do Nordeste, p\u00fablico feminino tem superado o masculino na ocupa\u00e7\u00e3o de postos de trabalho formais, na busca por qualifica\u00e7\u00e3o profissional e microcr\u00e9dito\",\"breadcrumb\":{\"@id\":\"https:\/\/www.comunicarmais.com.br\/site\/2026\/03\/13\/mulheres-lideram-forca-de-trabalho-geracao-de-emprego-e-de-renda-em-salvador\/#breadcrumb\"},\"inLanguage\":\"pt-BR\",\"potentialAction\":[{\"@type\":\"ReadAction\",\"target\":[\"https:\/\/www.comunicarmais.com.br\/site\/2026\/03\/13\/mulheres-lideram-forca-de-trabalho-geracao-de-emprego-e-de-renda-em-salvador\/\"]}]},{\"@type\":\"ImageObject\",\"inLanguage\":\"pt-BR\",\"@id\":\"https:\/\/www.comunicarmais.com.br\/site\/2026\/03\/13\/mulheres-lideram-forca-de-trabalho-geracao-de-emprego-e-de-renda-em-salvador\/#primaryimage\",\"url\":\"https:\/\/www.comunicarmais.com.br\/site\/wp-content\/uploads\/2026\/03\/WhatsApp-Image-2026-03-13-at-10.56.59.jpeg\",\"contentUrl\":\"https:\/\/www.comunicarmais.com.br\/site\/wp-content\/uploads\/2026\/03\/WhatsApp-Image-2026-03-13-at-10.56.59.jpeg\",\"width\":1600,\"height\":1066},{\"@type\":\"BreadcrumbList\",\"@id\":\"https:\/\/www.comunicarmais.com.br\/site\/2026\/03\/13\/mulheres-lideram-forca-de-trabalho-geracao-de-emprego-e-de-renda-em-salvador\/#breadcrumb\",\"itemListElement\":[{\"@type\":\"ListItem\",\"position\":1,\"name\":\"In\u00edcio\",\"item\":\"https:\/\/www.comunicarmais.com.br\/site\/\"},{\"@type\":\"ListItem\",\"position\":2,\"name\":\"Mulheres lideram for\u00e7a de trabalho, gera\u00e7\u00e3o de emprego e de renda em Salvador\"}]},{\"@type\":\"WebSite\",\"@id\":\"https:\/\/www.comunicarmais.com.br\/site\/#website\",\"url\":\"https:\/\/www.comunicarmais.com.br\/site\/\",\"name\":\"Comunicar Mais\",\"description\":\"\",\"potentialAction\":[{\"@type\":\"SearchAction\",\"target\":{\"@type\":\"EntryPoint\",\"urlTemplate\":\"https:\/\/www.comunicarmais.com.br\/site\/?s={search_term_string}\"},\"query-input\":{\"@type\":\"PropertyValueSpecification\",\"valueRequired\":true,\"valueName\":\"search_term_string\"}}],\"inLanguage\":\"pt-BR\"},{\"@type\":\"Person\",\"@id\":\"https:\/\/www.comunicarmais.com.br\/site\/#\/schema\/person\/712f7b6b25b644e4a91c4173674cf284\",\"name\":\"Comunicar Mais\",\"image\":{\"@type\":\"ImageObject\",\"inLanguage\":\"pt-BR\",\"@id\":\"https:\/\/www.comunicarmais.com.br\/site\/#\/schema\/person\/image\/\",\"url\":\"https:\/\/secure.gravatar.com\/avatar\/9803218072e2c0dc265d3d787b54c2c33325e79f79732707fddfbf1efd82c678?s=96&d=mm&r=g\",\"contentUrl\":\"https:\/\/secure.gravatar.com\/avatar\/9803218072e2c0dc265d3d787b54c2c33325e79f79732707fddfbf1efd82c678?s=96&d=mm&r=g\",\"caption\":\"Comunicar Mais\"},\"description\":\"Deixe as ideologias com os ide\u00f3logos. Noticiamos fatos, n\u00e3o brigamos com eles. Aqui, voc\u00ea fica bem informado do que acontece no seu bairro e no mundo. Informar com \u00e9tica e responsabilidade s\u00e3o as bandeiras do Comunicarmais.\",\"sameAs\":[\"https:\/\/www.comunicarmais.com.br\/site\/\",\"https:\/\/www.facebook.com\/comunicarmais\/\",\"https:\/\/www.instagram.com\/comunicarmaisba\/\",\"https:\/\/x.com\/ComunicarmaisBA\"],\"url\":\"https:\/\/www.comunicarmais.com.br\/site\/author\/gerenciador\/\"}]}<\/script>\n<!-- \/ Yoast SEO plugin. -->","yoast_head_json":{"title":"Mulheres lideram for\u00e7a de trabalho, gera\u00e7\u00e3o de emprego e de renda em Salvador - Comunicar Mais","description":"Cerca de 686 mil mulheres, a maior do Nordeste, p\u00fablico feminino tem superado o masculino na ocupa\u00e7\u00e3o de postos de trabalho formais, na busca por qualifica\u00e7\u00e3o profissional e microcr\u00e9dito","robots":{"index":"index","follow":"follow","max-snippet":"max-snippet:-1","max-image-preview":"max-image-preview:large","max-video-preview":"max-video-preview:-1"},"canonical":"https:\/\/www.comunicarmais.com.br\/site\/2026\/03\/13\/mulheres-lideram-forca-de-trabalho-geracao-de-emprego-e-de-renda-em-salvador\/","og_locale":"pt_BR","og_type":"article","og_title":"Mulheres lideram for\u00e7a de trabalho, gera\u00e7\u00e3o de emprego e de renda em Salvador - Comunicar Mais","og_description":"Cerca de 686 mil mulheres, a maior do Nordeste, p\u00fablico feminino tem superado o masculino na ocupa\u00e7\u00e3o de postos de trabalho formais, na busca por qualifica\u00e7\u00e3o profissional e microcr\u00e9dito","og_url":"https:\/\/www.comunicarmais.com.br\/site\/2026\/03\/13\/mulheres-lideram-forca-de-trabalho-geracao-de-emprego-e-de-renda-em-salvador\/","og_site_name":"Comunicar Mais","article_publisher":"https:\/\/www.facebook.com\/comunicarmais\/","article_author":"https:\/\/www.facebook.com\/comunicarmais\/","article_published_time":"2026-03-13T14:12:00+00:00","article_modified_time":"2026-03-15T02:20:37+00:00","og_image":[{"width":1600,"height":1066,"url":"https:\/\/www.comunicarmais.com.br\/site\/wp-content\/uploads\/2026\/03\/WhatsApp-Image-2026-03-13-at-10.56.59.jpeg","type":"image\/jpeg"}],"author":"Comunicar Mais","twitter_card":"summary_large_image","twitter_creator":"@ComunicarmaisBA","twitter_site":"@ComunicarmaisBA","twitter_misc":{"Escrito por":"Comunicar Mais","Est. tempo de leitura":"6 minutos"},"schema":{"@context":"https:\/\/schema.org","@graph":[{"@type":"WebPage","@id":"https:\/\/www.comunicarmais.com.br\/site\/2026\/03\/13\/mulheres-lideram-forca-de-trabalho-geracao-de-emprego-e-de-renda-em-salvador\/","url":"https:\/\/www.comunicarmais.com.br\/site\/2026\/03\/13\/mulheres-lideram-forca-de-trabalho-geracao-de-emprego-e-de-renda-em-salvador\/","name":"Mulheres lideram for\u00e7a de trabalho, gera\u00e7\u00e3o de emprego e de renda em Salvador - Comunicar Mais","isPartOf":{"@id":"https:\/\/www.comunicarmais.com.br\/site\/#website"},"primaryImageOfPage":{"@id":"https:\/\/www.comunicarmais.com.br\/site\/2026\/03\/13\/mulheres-lideram-forca-de-trabalho-geracao-de-emprego-e-de-renda-em-salvador\/#primaryimage"},"image":{"@id":"https:\/\/www.comunicarmais.com.br\/site\/2026\/03\/13\/mulheres-lideram-forca-de-trabalho-geracao-de-emprego-e-de-renda-em-salvador\/#primaryimage"},"thumbnailUrl":"https:\/\/www.comunicarmais.com.br\/site\/wp-content\/uploads\/2026\/03\/WhatsApp-Image-2026-03-13-at-10.56.59.jpeg","datePublished":"2026-03-13T14:12:00+00:00","dateModified":"2026-03-15T02:20:37+00:00","author":{"@id":"https:\/\/www.comunicarmais.com.br\/site\/#\/schema\/person\/712f7b6b25b644e4a91c4173674cf284"},"description":"Cerca de 686 mil mulheres, a maior do Nordeste, p\u00fablico feminino tem superado o masculino na ocupa\u00e7\u00e3o de postos de trabalho formais, na busca por qualifica\u00e7\u00e3o profissional e microcr\u00e9dito","breadcrumb":{"@id":"https:\/\/www.comunicarmais.com.br\/site\/2026\/03\/13\/mulheres-lideram-forca-de-trabalho-geracao-de-emprego-e-de-renda-em-salvador\/#breadcrumb"},"inLanguage":"pt-BR","potentialAction":[{"@type":"ReadAction","target":["https:\/\/www.comunicarmais.com.br\/site\/2026\/03\/13\/mulheres-lideram-forca-de-trabalho-geracao-de-emprego-e-de-renda-em-salvador\/"]}]},{"@type":"ImageObject","inLanguage":"pt-BR","@id":"https:\/\/www.comunicarmais.com.br\/site\/2026\/03\/13\/mulheres-lideram-forca-de-trabalho-geracao-de-emprego-e-de-renda-em-salvador\/#primaryimage","url":"https:\/\/www.comunicarmais.com.br\/site\/wp-content\/uploads\/2026\/03\/WhatsApp-Image-2026-03-13-at-10.56.59.jpeg","contentUrl":"https:\/\/www.comunicarmais.com.br\/site\/wp-content\/uploads\/2026\/03\/WhatsApp-Image-2026-03-13-at-10.56.59.jpeg","width":1600,"height":1066},{"@type":"BreadcrumbList","@id":"https:\/\/www.comunicarmais.com.br\/site\/2026\/03\/13\/mulheres-lideram-forca-de-trabalho-geracao-de-emprego-e-de-renda-em-salvador\/#breadcrumb","itemListElement":[{"@type":"ListItem","position":1,"name":"In\u00edcio","item":"https:\/\/www.comunicarmais.com.br\/site\/"},{"@type":"ListItem","position":2,"name":"Mulheres lideram for\u00e7a de trabalho, gera\u00e7\u00e3o de emprego e de renda em Salvador"}]},{"@type":"WebSite","@id":"https:\/\/www.comunicarmais.com.br\/site\/#website","url":"https:\/\/www.comunicarmais.com.br\/site\/","name":"Comunicar Mais","description":"","potentialAction":[{"@type":"SearchAction","target":{"@type":"EntryPoint","urlTemplate":"https:\/\/www.comunicarmais.com.br\/site\/?s={search_term_string}"},"query-input":{"@type":"PropertyValueSpecification","valueRequired":true,"valueName":"search_term_string"}}],"inLanguage":"pt-BR"},{"@type":"Person","@id":"https:\/\/www.comunicarmais.com.br\/site\/#\/schema\/person\/712f7b6b25b644e4a91c4173674cf284","name":"Comunicar Mais","image":{"@type":"ImageObject","inLanguage":"pt-BR","@id":"https:\/\/www.comunicarmais.com.br\/site\/#\/schema\/person\/image\/","url":"https:\/\/secure.gravatar.com\/avatar\/9803218072e2c0dc265d3d787b54c2c33325e79f79732707fddfbf1efd82c678?s=96&d=mm&r=g","contentUrl":"https:\/\/secure.gravatar.com\/avatar\/9803218072e2c0dc265d3d787b54c2c33325e79f79732707fddfbf1efd82c678?s=96&d=mm&r=g","caption":"Comunicar Mais"},"description":"Deixe as ideologias com os ide\u00f3logos. Noticiamos fatos, n\u00e3o brigamos com eles. Aqui, voc\u00ea fica bem informado do que acontece no seu bairro e no mundo. Informar com \u00e9tica e responsabilidade s\u00e3o as bandeiras do Comunicarmais.","sameAs":["https:\/\/www.comunicarmais.com.br\/site\/","https:\/\/www.facebook.com\/comunicarmais\/","https:\/\/www.instagram.com\/comunicarmaisba\/","https:\/\/x.com\/ComunicarmaisBA"],"url":"https:\/\/www.comunicarmais.com.br\/site\/author\/gerenciador\/"}]}},"_links":{"self":[{"href":"https:\/\/www.comunicarmais.com.br\/site\/wp-json\/wp\/v2\/posts\/13668","targetHints":{"allow":["GET"]}}],"collection":[{"href":"https:\/\/www.comunicarmais.com.br\/site\/wp-json\/wp\/v2\/posts"}],"about":[{"href":"https:\/\/www.comunicarmais.com.br\/site\/wp-json\/wp\/v2\/types\/post"}],"author":[{"embeddable":true,"href":"https:\/\/www.comunicarmais.com.br\/site\/wp-json\/wp\/v2\/users\/2"}],"replies":[{"embeddable":true,"href":"https:\/\/www.comunicarmais.com.br\/site\/wp-json\/wp\/v2\/comments?post=13668"}],"version-history":[{"count":1,"href":"https:\/\/www.comunicarmais.com.br\/site\/wp-json\/wp\/v2\/posts\/13668\/revisions"}],"predecessor-version":[{"id":13674,"href":"https:\/\/www.comunicarmais.com.br\/site\/wp-json\/wp\/v2\/posts\/13668\/revisions\/13674"}],"wp:featuredmedia":[{"embeddable":true,"href":"https:\/\/www.comunicarmais.com.br\/site\/wp-json\/wp\/v2\/media\/13670"}],"wp:attachment":[{"href":"https:\/\/www.comunicarmais.com.br\/site\/wp-json\/wp\/v2\/media?parent=13668"}],"wp:term":[{"taxonomy":"category","embeddable":true,"href":"https:\/\/www.comunicarmais.com.br\/site\/wp-json\/wp\/v2\/categories?post=13668"},{"taxonomy":"post_tag","embeddable":true,"href":"https:\/\/www.comunicarmais.com.br\/site\/wp-json\/wp\/v2\/tags?post=13668"}],"curies":[{"name":"wp","href":"https:\/\/api.w.org\/{rel}","templated":true}]}}