{"id":1356,"date":"2024-03-05T16:15:43","date_gmt":"2024-03-05T19:15:43","guid":{"rendered":"https:\/\/www.comunicarmais.com.br\/site\/?p=1356"},"modified":"2024-03-05T16:45:55","modified_gmt":"2024-03-05T19:45:55","slug":"maldita-seja-faz-sua-ultima-temporada-e-entra-em-cartaz-no-teatro-moliere","status":"publish","type":"post","link":"https:\/\/www.comunicarmais.com.br\/site\/2024\/03\/05\/maldita-seja-faz-sua-ultima-temporada-e-entra-em-cartaz-no-teatro-moliere\/","title":{"rendered":"\u201cMaldita Seja\u201d faz sua \u00faltima temporada e entra em cartaz em Salvador"},"content":{"rendered":"\n<p><strong>Espet\u00e1culo foi indicado ao Pr\u00eamio Braskem 2023 nas categorias Espet\u00e1culo Adulto<\/strong><\/p>\n\n\n\n<figure class=\"wp-block-image size-full\"><img decoding=\"async\" width=\"1270\" height=\"847\" data-src=\"https:\/\/www.comunicarmais.com.br\/site\/wp-content\/uploads\/2024\/03\/WhatsApp-Image-2024-03-05-at-15.47.12.jpeg\" alt=\"\" class=\"wp-image-1357 lazyload\" data-srcset=\"https:\/\/www.comunicarmais.com.br\/site\/wp-content\/uploads\/2024\/03\/WhatsApp-Image-2024-03-05-at-15.47.12.jpeg 1270w, https:\/\/www.comunicarmais.com.br\/site\/wp-content\/uploads\/2024\/03\/WhatsApp-Image-2024-03-05-at-15.47.12-1024x683.jpeg 1024w, https:\/\/www.comunicarmais.com.br\/site\/wp-content\/uploads\/2024\/03\/WhatsApp-Image-2024-03-05-at-15.47.12-768x512.jpeg 768w\" data-sizes=\"(max-width: 1270px) 100vw, 1270px\" src=\"data:image\/svg+xml;base64,PHN2ZyB3aWR0aD0iMSIgaGVpZ2h0PSIxIiB4bWxucz0iaHR0cDovL3d3dy53My5vcmcvMjAwMC9zdmciPjwvc3ZnPg==\" style=\"--smush-placeholder-width: 1270px; --smush-placeholder-aspect-ratio: 1270\/847;\" \/><figcaption class=\"wp-element-caption\"><em><sup>(Foto: Diney Cardoso)<\/sup><\/em><\/figcaption><\/figure>\n\n\n\n<p><strong>Reda\u00e7\u00e3o Mais &#8211; <\/strong>O espet\u00e1culo teatral \u201cMaldita Seja\u201d, que j\u00e1 teve sete bem sucedidas temporadas em palcos de Salvador, entra em cartaz para sua \u00faltima temporada no Teatro Moli\u00e8re (Alian\u00e7a Francesa), nos dias 8, 9, 15 e 16 de mar\u00e7o, (sextas e s\u00e1bados) \u00e0s 20h. Indicado ao Pr\u00eamio Braskem 2023 nas categorias Espet\u00e1culo Adulto, Texto (Paulo Henrique Alc\u00e2ntara), Atriz (Viviane Laerte) e vencedor na categoria Revela\u00e7\u00e3o (Veridiana Andrade), o espet\u00e1culo tem encena\u00e7\u00e3o assinada por Hyago Matos, duplamente indicado em 2022 ao Pr\u00eamio Braskem de Teatro na categoria Revela\u00e7\u00e3o, pela dire\u00e7\u00e3o das pe\u00e7as \u201cAnt\u00edgona\u201d e \u201cAs Centen\u00e1rias\u201d. \u201cMaldita Seja\u201d celebra tamb\u00e9m a mulher nestas \u00faltimas apresenta\u00e7\u00f5es, abrindo a curta temporada no dia 8 de mar\u00e7o, Dia Internacional da Mulher.<\/p>\n\n\n\n<figure class=\"wp-block-image size-full\"><img decoding=\"async\" width=\"847\" height=\"1270\" data-src=\"https:\/\/www.comunicarmais.com.br\/site\/wp-content\/uploads\/2024\/03\/WhatsApp-Image-2024-03-05-at-15.47.15.jpeg\" alt=\"\" class=\"wp-image-1358 lazyload\" data-srcset=\"https:\/\/www.comunicarmais.com.br\/site\/wp-content\/uploads\/2024\/03\/WhatsApp-Image-2024-03-05-at-15.47.15.jpeg 847w, https:\/\/www.comunicarmais.com.br\/site\/wp-content\/uploads\/2024\/03\/WhatsApp-Image-2024-03-05-at-15.47.15-683x1024.jpeg 683w, https:\/\/www.comunicarmais.com.br\/site\/wp-content\/uploads\/2024\/03\/WhatsApp-Image-2024-03-05-at-15.47.15-768x1152.jpeg 768w\" data-sizes=\"(max-width: 847px) 100vw, 847px\" src=\"data:image\/svg+xml;base64,PHN2ZyB3aWR0aD0iMSIgaGVpZ2h0PSIxIiB4bWxucz0iaHR0cDovL3d3dy53My5vcmcvMjAwMC9zdmciPjwvc3ZnPg==\" style=\"--smush-placeholder-width: 847px; --smush-placeholder-aspect-ratio: 847\/1270;\" \/><figcaption class=\"wp-element-caption\"><em><sup>(Foto: Diney Cardoso)<\/sup><\/em><\/figcaption><\/figure>\n\n\n\n<p><strong>A hist\u00f3ria\u2026<\/strong><br>O cen\u00e1rio \u00e9 a cozinha do casar\u00e3o, onde, ao longo dos anos, a devotada Cema fez seu porto seguro, de onde muito viu e ouviu. Ela sempre se esmerou em servir, atenta aos chamados dos quartos, aos pedidos na mesa do jantar. Vigilante, est\u00e1 pronta a cuidar, fiel guardi\u00e3. Enquanto o patr\u00e3o \u00e9 velado na sala de visitas, Cema permanece na cozinha, onde desfia seu ros\u00e1rio e conta, por insist\u00eancia de Nevinha, hist\u00f3rias envolvendo a fam\u00edlia do morto, relatos, por vezes, parecidos com as tramas das novelas de r\u00e1dio que Nevinha tanto aprecia. Mas qual ser\u00e1 o desfecho desta hist\u00f3ria?<\/p>\n\n\n\n<figure class=\"wp-block-image size-large\"><img decoding=\"async\" width=\"1433\" height=\"955\" data-src=\"https:\/\/www.comunicarmais.com.br\/site\/wp-content\/uploads\/2024\/03\/WhatsApp-Image-2024-03-05-at-15.47.11-1433x955.jpeg\" alt=\"\" class=\"wp-image-1360 lazyload\" data-srcset=\"https:\/\/www.comunicarmais.com.br\/site\/wp-content\/uploads\/2024\/03\/WhatsApp-Image-2024-03-05-at-15.47.11-1433x955.jpeg 1433w, https:\/\/www.comunicarmais.com.br\/site\/wp-content\/uploads\/2024\/03\/WhatsApp-Image-2024-03-05-at-15.47.11-1024x682.jpeg 1024w, https:\/\/www.comunicarmais.com.br\/site\/wp-content\/uploads\/2024\/03\/WhatsApp-Image-2024-03-05-at-15.47.11-768x512.jpeg 768w, https:\/\/www.comunicarmais.com.br\/site\/wp-content\/uploads\/2024\/03\/WhatsApp-Image-2024-03-05-at-15.47.11-1536x1023.jpeg 1536w, https:\/\/www.comunicarmais.com.br\/site\/wp-content\/uploads\/2024\/03\/WhatsApp-Image-2024-03-05-at-15.47.11-1320x879.jpeg 1320w, https:\/\/www.comunicarmais.com.br\/site\/wp-content\/uploads\/2024\/03\/WhatsApp-Image-2024-03-05-at-15.47.11.jpeg 1600w\" data-sizes=\"(max-width: 1433px) 100vw, 1433px\" src=\"data:image\/svg+xml;base64,PHN2ZyB3aWR0aD0iMSIgaGVpZ2h0PSIxIiB4bWxucz0iaHR0cDovL3d3dy53My5vcmcvMjAwMC9zdmciPjwvc3ZnPg==\" style=\"--smush-placeholder-width: 1433px; --smush-placeholder-aspect-ratio: 1433\/955;\" \/><figcaption class=\"wp-element-caption\"><em><sup>(Foto: Diney Cardoso)<\/sup><\/em><\/figcaption><\/figure>\n\n\n\n<p><strong>Parceiros \u2026<\/strong><br>A parceria art\u00edstica entre dramaturgo, diretor e atrizes \u00e9 antiga. Paulo Henrique Alc\u00e2ntara j\u00e1 dirigiu Vivianne Laert por duas vezes: em \u201c\u00c1lbum de Fam\u00edlia\u201d, de Nelson Rodrigues, em 2008, e em \u201cA Lira dos Vinte Anos\u201d, de Paulo C\u00e9sar Coutinho, em 2016.<br>Professor da Escola de Teatro da UFBA, Paulo Henrique Alc\u00e2ntara escreveu e dirigiu a pe\u00e7a \u201cSublime \u00e9 a Noite\u201d, em 2017, para uma turma de formandos do curso de Interpreta\u00e7\u00e3o Teatral, da qual faziam parte Hyago Matos e Veridiana Andrade.<\/p>\n\n\n\n<p>A montagem tem cen\u00e1rio criado por Maur\u00edcio Pedrosa, figurino de Guilherme Hunder, ilumina\u00e7\u00e3o de Ot\u00e1vio Correia, trilha sonora de Luciano Bahia, maquiagem de Julia Laert e na contrarregragem de B\u00e1rbara La\u00eds. A produ\u00e7\u00e3o est\u00e1 a cargo de Clarissa Gon\u00e7alves.<br>Instagram: @_espetaculomalditaseja<\/p>\n\n\n\n<p><strong>Servi\u00e7o<br>Espet\u00e1culo teatral \u201cMaldita Seja\u201d<br>Dias 08, 09, 15 e 16 de mar\u00e7o \u2013 sextas e s\u00e1bados, \u00e0s 20h, no Teatro Moli\u00e8re (Alian\u00e7a Francesa)<br>Ingressos a R$40 (inteira) e R$ 20(meia), que podem ser comprados na bilheteria do teatro ou pelo <a href=\"https:\/\/www.sympla.com.br\/maldita-seja---ultima-temporada-em-salvador__2346469\" target=\"_blank\" rel=\"noreferrer noopener\">https:\/\/www.sympla.com.br<\/a><\/strong><\/p>\n\n\n<p class=\"wp-block-tag-cloud\"><a href=\"https:\/\/www.comunicarmais.com.br\/site\/tag\/bahia\/\" class=\"tag-cloud-link tag-link-171 tag-link-position-1\" style=\"font-size: 17.826923076923pt;\" aria-label=\"Bahia (116 itens)\">Bahia<\/a>\n<a href=\"https:\/\/www.comunicarmais.com.br\/site\/tag\/bolsonaro\/\" class=\"tag-cloud-link tag-link-112 tag-link-position-2\" style=\"font-size: 11.5pt;\" aria-label=\"Bolsonaro (39 itens)\">Bolsonaro<\/a>\n<a href=\"https:\/\/www.comunicarmais.com.br\/site\/tag\/brasil\/\" class=\"tag-cloud-link tag-link-335 tag-link-position-3\" style=\"font-size: 12.980769230769pt;\" aria-label=\"Brasil (50 itens)\">Brasil<\/a>\n<a href=\"https:\/\/www.comunicarmais.com.br\/site\/tag\/camacari\/\" class=\"tag-cloud-link tag-link-435 tag-link-position-4\" style=\"font-size: 8.8076923076923pt;\" aria-label=\"Cama\u00e7ari (24 itens)\">Cama\u00e7ari<\/a>\n<a href=\"https:\/\/www.comunicarmais.com.br\/site\/tag\/carnaval\/\" class=\"tag-cloud-link tag-link-508 tag-link-position-5\" style=\"font-size: 12.846153846154pt;\" aria-label=\"Carnaval (49 itens)\">Carnaval<\/a>\n<a href=\"https:\/\/www.comunicarmais.com.br\/site\/tag\/cbx\/\" class=\"tag-cloud-link tag-link-1602 tag-link-position-6\" style=\"font-size: 11.365384615385pt;\" aria-label=\"CBX (38 itens)\">CBX<\/a>\n<a href=\"https:\/\/www.comunicarmais.com.br\/site\/tag\/cidade-baixa\/\" class=\"tag-cloud-link tag-link-456 tag-link-position-7\" style=\"font-size: 9.8846153846154pt;\" aria-label=\"Cidade Baixa (29 itens)\">Cidade Baixa<\/a>\n<a href=\"https:\/\/www.comunicarmais.com.br\/site\/tag\/cinema\/\" class=\"tag-cloud-link tag-link-985 tag-link-position-8\" style=\"font-size: 11.096153846154pt;\" aria-label=\"Cinema (36 itens)\">Cinema<\/a>\n<a href=\"https:\/\/www.comunicarmais.com.br\/site\/tag\/cultura\/\" class=\"tag-cloud-link tag-link-231 tag-link-position-9\" style=\"font-size: 12.307692307692pt;\" aria-label=\"Cultura (45 itens)\">Cultura<\/a>\n<a href=\"https:\/\/www.comunicarmais.com.br\/site\/tag\/drogas\/\" class=\"tag-cloud-link tag-link-165 tag-link-position-10\" style=\"font-size: 12.711538461538pt;\" aria-label=\"Drogas (48 itens)\">Drogas<\/a>\n<a href=\"https:\/\/www.comunicarmais.com.br\/site\/tag\/educacao\/\" class=\"tag-cloud-link tag-link-228 tag-link-position-11\" style=\"font-size: 12.576923076923pt;\" aria-label=\"Educa\u00e7\u00e3o (47 itens)\">Educa\u00e7\u00e3o<\/a>\n<a href=\"https:\/\/www.comunicarmais.com.br\/site\/tag\/ensino\/\" class=\"tag-cloud-link tag-link-233 tag-link-position-12\" style=\"font-size: 10.423076923077pt;\" aria-label=\"Ensino (32 itens)\">Ensino<\/a>\n<a href=\"https:\/\/www.comunicarmais.com.br\/site\/tag\/escola\/\" class=\"tag-cloud-link tag-link-229 tag-link-position-13\" style=\"font-size: 9.6153846153846pt;\" aria-label=\"Escola (28 itens)\">Escola<\/a>\n<a href=\"https:\/\/www.comunicarmais.com.br\/site\/tag\/eua\/\" class=\"tag-cloud-link tag-link-664 tag-link-position-14\" style=\"font-size: 12.038461538462pt;\" aria-label=\"EUA (43 itens)\">EUA<\/a>\n<a href=\"https:\/\/www.comunicarmais.com.br\/site\/tag\/feira-de-santana\/\" class=\"tag-cloud-link tag-link-642 tag-link-position-15\" style=\"font-size: 9.2115384615385pt;\" aria-label=\"Feira de Santana (26 itens)\">Feira de Santana<\/a>\n<a href=\"https:\/\/www.comunicarmais.com.br\/site\/tag\/ficco\/\" class=\"tag-cloud-link tag-link-143 tag-link-position-16\" style=\"font-size: 9.2115384615385pt;\" aria-label=\"Ficco (26 itens)\">Ficco<\/a>\n<a href=\"https:\/\/www.comunicarmais.com.br\/site\/tag\/folia\/\" class=\"tag-cloud-link tag-link-566 tag-link-position-17\" style=\"font-size: 9.2115384615385pt;\" aria-label=\"Folia (26 itens)\">Folia<\/a>\n<a href=\"https:\/\/www.comunicarmais.com.br\/site\/tag\/futebol\/\" class=\"tag-cloud-link tag-link-40 tag-link-position-18\" style=\"font-size: 12.980769230769pt;\" aria-label=\"Futebol (50 itens)\">Futebol<\/a>\n<a href=\"https:\/\/www.comunicarmais.com.br\/site\/tag\/homicidio\/\" class=\"tag-cloud-link tag-link-101 tag-link-position-19\" style=\"font-size: 10.692307692308pt;\" aria-label=\"Homic\u00eddio (34 itens)\">Homic\u00eddio<\/a>\n<a href=\"https:\/\/www.comunicarmais.com.br\/site\/tag\/itapagipe\/\" class=\"tag-cloud-link tag-link-471 tag-link-position-20\" style=\"font-size: 10.019230769231pt;\" aria-label=\"Itapagipe (30 itens)\">Itapagipe<\/a>\n<a href=\"https:\/\/www.comunicarmais.com.br\/site\/tag\/itaparica\/\" class=\"tag-cloud-link tag-link-301 tag-link-position-21\" style=\"font-size: 8pt;\" aria-label=\"Itaparica (21 itens)\">Itaparica<\/a>\n<a href=\"https:\/\/www.comunicarmais.com.br\/site\/tag\/jeronimo-rodrigues\/\" class=\"tag-cloud-link tag-link-668 tag-link-position-22\" style=\"font-size: 8.2692307692308pt;\" aria-label=\"Jer\u00f4nimo Rodrigues (22 itens)\">Jer\u00f4nimo Rodrigues<\/a>\n<a href=\"https:\/\/www.comunicarmais.com.br\/site\/tag\/justica\/\" class=\"tag-cloud-link tag-link-361 tag-link-position-23\" style=\"font-size: 10.557692307692pt;\" aria-label=\"Justi\u00e7a (33 itens)\">Justi\u00e7a<\/a>\n<a href=\"https:\/\/www.comunicarmais.com.br\/site\/tag\/lauro-de-freitas\/\" class=\"tag-cloud-link tag-link-594 tag-link-position-24\" style=\"font-size: 18.096153846154pt;\" aria-label=\"Lauro de Freitas (123 itens)\">Lauro de Freitas<\/a>\n<a href=\"https:\/\/www.comunicarmais.com.br\/site\/tag\/lazer\/\" class=\"tag-cloud-link tag-link-568 tag-link-position-25\" style=\"font-size: 9.2115384615385pt;\" aria-label=\"Lazer (26 itens)\">Lazer<\/a>\n<a href=\"https:\/\/www.comunicarmais.com.br\/site\/tag\/lula\/\" class=\"tag-cloud-link tag-link-416 tag-link-position-26\" style=\"font-size: 12.173076923077pt;\" aria-label=\"Lula (44 itens)\">Lula<\/a>\n<a href=\"https:\/\/www.comunicarmais.com.br\/site\/tag\/meio-ambiente\/\" class=\"tag-cloud-link tag-link-475 tag-link-position-27\" style=\"font-size: 12.173076923077pt;\" aria-label=\"Meio Ambiente (44 itens)\">Meio Ambiente<\/a>\n<a href=\"https:\/\/www.comunicarmais.com.br\/site\/tag\/mobilidade\/\" class=\"tag-cloud-link tag-link-278 tag-link-position-28\" style=\"font-size: 13.788461538462pt;\" aria-label=\"Mobilidade (58 itens)\">Mobilidade<\/a>\n<a href=\"https:\/\/www.comunicarmais.com.br\/site\/tag\/mulher\/\" class=\"tag-cloud-link tag-link-450 tag-link-position-29\" style=\"font-size: 13.25pt;\" aria-label=\"mulher (53 itens)\">mulher<\/a>\n<a href=\"https:\/\/www.comunicarmais.com.br\/site\/tag\/musica-2\/\" class=\"tag-cloud-link tag-link-747 tag-link-position-30\" style=\"font-size: 12.173076923077pt;\" aria-label=\"M\u00fasica (44 itens)\">M\u00fasica<\/a>\n<a href=\"https:\/\/www.comunicarmais.com.br\/site\/tag\/pcba\/\" class=\"tag-cloud-link tag-link-1332 tag-link-position-31\" style=\"font-size: 15pt;\" aria-label=\"PCBA (72 itens)\">PCBA<\/a>\n<a href=\"https:\/\/www.comunicarmais.com.br\/site\/tag\/pmba\/\" class=\"tag-cloud-link tag-link-53 tag-link-position-32\" style=\"font-size: 18.096153846154pt;\" aria-label=\"PMBA (123 itens)\">PMBA<\/a>\n<a href=\"https:\/\/www.comunicarmais.com.br\/site\/tag\/policia-federal\/\" class=\"tag-cloud-link tag-link-620 tag-link-position-33\" style=\"font-size: 8.9423076923077pt;\" aria-label=\"Pol\u00edcia Federal (25 itens)\">Pol\u00edcia Federal<\/a>\n<a href=\"https:\/\/www.comunicarmais.com.br\/site\/tag\/politica\/\" class=\"tag-cloud-link tag-link-495 tag-link-position-34\" style=\"font-size: 16.211538461538pt;\" aria-label=\"Pol\u00edtica (89 itens)\">Pol\u00edtica<\/a>\n<a href=\"https:\/\/www.comunicarmais.com.br\/site\/tag\/rio-de-janeiro\/\" class=\"tag-cloud-link tag-link-152 tag-link-position-35\" style=\"font-size: 9.8846153846154pt;\" aria-label=\"Rio de Janeiro (29 itens)\">Rio de Janeiro<\/a>\n<a href=\"https:\/\/www.comunicarmais.com.br\/site\/tag\/salvador\/\" class=\"tag-cloud-link tag-link-125 tag-link-position-36\" style=\"font-size: 22pt;\" aria-label=\"Salvador (237 itens)\">Salvador<\/a>\n<a href=\"https:\/\/www.comunicarmais.com.br\/site\/tag\/saude\/\" class=\"tag-cloud-link tag-link-42 tag-link-position-37\" style=\"font-size: 17.826923076923pt;\" aria-label=\"Sa\u00fade (117 itens)\">Sa\u00fade<\/a>\n<a href=\"https:\/\/www.comunicarmais.com.br\/site\/tag\/seguranca\/\" class=\"tag-cloud-link tag-link-48 tag-link-position-38\" style=\"font-size: 9.2115384615385pt;\" aria-label=\"Seguran\u00e7a (26 itens)\">Seguran\u00e7a<\/a>\n<a href=\"https:\/\/www.comunicarmais.com.br\/site\/tag\/ssp-ba\/\" class=\"tag-cloud-link tag-link-1937 tag-link-position-39\" style=\"font-size: 8.9423076923077pt;\" aria-label=\"SSP-BA (25 itens)\">SSP-BA<\/a>\n<a href=\"https:\/\/www.comunicarmais.com.br\/site\/tag\/sspba\/\" class=\"tag-cloud-link tag-link-144 tag-link-position-40\" style=\"font-size: 11.365384615385pt;\" aria-label=\"SSPBA (38 itens)\">SSPBA<\/a>\n<a href=\"https:\/\/www.comunicarmais.com.br\/site\/tag\/stf\/\" class=\"tag-cloud-link tag-link-68 tag-link-position-41\" style=\"font-size: 14.192307692308pt;\" aria-label=\"STF (62 itens)\">STF<\/a>\n<a href=\"https:\/\/www.comunicarmais.com.br\/site\/tag\/sao-paulo\/\" class=\"tag-cloud-link tag-link-612 tag-link-position-42\" style=\"font-size: 8pt;\" aria-label=\"S\u00e3o Paulo (21 itens)\">S\u00e3o Paulo<\/a>\n<a href=\"https:\/\/www.comunicarmais.com.br\/site\/tag\/transito-2\/\" class=\"tag-cloud-link tag-link-377 tag-link-position-43\" style=\"font-size: 8.2692307692308pt;\" aria-label=\"tr\u00e2nsito (22 itens)\">tr\u00e2nsito<\/a>\n<a href=\"https:\/\/www.comunicarmais.com.br\/site\/tag\/turismo\/\" class=\"tag-cloud-link tag-link-225 tag-link-position-44\" style=\"font-size: 9.8846153846154pt;\" aria-label=\"Turismo (29 itens)\">Turismo<\/a>\n<a href=\"https:\/\/www.comunicarmais.com.br\/site\/tag\/uruguai\/\" class=\"tag-cloud-link tag-link-323 tag-link-position-45\" style=\"font-size: 9.6153846153846pt;\" aria-label=\"Uruguai (28 itens)\">Uruguai<\/a><\/p>","protected":false},"excerpt":{"rendered":"<p>Espet\u00e1culo foi indicado ao Pr\u00eamio Braskem 2023 nas categorias Espet\u00e1culo Adulto<\/p>\n","protected":false},"author":2,"featured_media":1359,"comment_status":"open","ping_status":"open","sticky":false,"template":"","format":"standard","meta":{"_acf_changed":false,"footnotes":""},"categories":[11],"tags":[502,703,450,702],"class_list":["post-1356","post","type-post","status-publish","format-standard","has-post-thumbnail","hentry","category-cultura-lazer","tag-artes-cenicas","tag-braskem","tag-mulher","tag-teatro"],"acf":[],"yoast_head":"<!-- This site is optimized with the Yoast SEO plugin v26.1.1 - https:\/\/yoast.com\/wordpress\/plugins\/seo\/ -->\n<title>\u201cMaldita Seja\u201d faz sua \u00faltima temporada e entra em cartaz em Salvador - Comunicar Mais<\/title>\n<meta name=\"description\" content=\"Espet\u00e1culo foi indicado ao Pr\u00eamio Braskem 2023 nas categorias Espet\u00e1culo Adulto Comunicar Mais\" \/>\n<meta name=\"robots\" content=\"index, follow, max-snippet:-1, max-image-preview:large, max-video-preview:-1\" \/>\n<link rel=\"canonical\" href=\"https:\/\/www.comunicarmais.com.br\/site\/2024\/03\/05\/maldita-seja-faz-sua-ultima-temporada-e-entra-em-cartaz-no-teatro-moliere\/\" \/>\n<meta property=\"og:locale\" content=\"pt_BR\" \/>\n<meta property=\"og:type\" content=\"article\" \/>\n<meta property=\"og:title\" content=\"\u201cMaldita Seja\u201d faz sua \u00faltima temporada e entra em cartaz em Salvador - Comunicar Mais\" \/>\n<meta property=\"og:description\" content=\"Espet\u00e1culo foi indicado ao Pr\u00eamio Braskem 2023 nas categorias Espet\u00e1culo Adulto Comunicar Mais\" \/>\n<meta property=\"og:url\" content=\"https:\/\/www.comunicarmais.com.br\/site\/2024\/03\/05\/maldita-seja-faz-sua-ultima-temporada-e-entra-em-cartaz-no-teatro-moliere\/\" \/>\n<meta property=\"og:site_name\" content=\"Comunicar Mais\" \/>\n<meta property=\"article:publisher\" content=\"https:\/\/www.facebook.com\/comunicarmais\/\" \/>\n<meta property=\"article:author\" content=\"https:\/\/www.facebook.com\/comunicarmais\/\" \/>\n<meta property=\"article:published_time\" content=\"2024-03-05T19:15:43+00:00\" \/>\n<meta property=\"article:modified_time\" content=\"2024-03-05T19:45:55+00:00\" \/>\n<meta property=\"og:image\" content=\"https:\/\/www.comunicarmais.com.br\/site\/wp-content\/uploads\/2024\/03\/WhatsApp-Image-2024-03-05-at-15.47.13.jpeg\" \/>\n\t<meta property=\"og:image:width\" content=\"1270\" \/>\n\t<meta property=\"og:image:height\" content=\"847\" \/>\n\t<meta property=\"og:image:type\" content=\"image\/jpeg\" \/>\n<meta name=\"author\" content=\"Comunicar Mais\" \/>\n<meta name=\"twitter:card\" content=\"summary_large_image\" \/>\n<meta name=\"twitter:creator\" content=\"@ComunicarmaisBA\" \/>\n<meta name=\"twitter:site\" content=\"@ComunicarmaisBA\" \/>\n<meta name=\"twitter:label1\" content=\"Escrito por\" \/>\n\t<meta name=\"twitter:data1\" content=\"Comunicar Mais\" \/>\n\t<meta name=\"twitter:label2\" content=\"Est. tempo de leitura\" \/>\n\t<meta name=\"twitter:data2\" content=\"4 minutos\" \/>\n<script type=\"application\/ld+json\" class=\"yoast-schema-graph\">{\"@context\":\"https:\/\/schema.org\",\"@graph\":[{\"@type\":\"WebPage\",\"@id\":\"https:\/\/www.comunicarmais.com.br\/site\/2024\/03\/05\/maldita-seja-faz-sua-ultima-temporada-e-entra-em-cartaz-no-teatro-moliere\/\",\"url\":\"https:\/\/www.comunicarmais.com.br\/site\/2024\/03\/05\/maldita-seja-faz-sua-ultima-temporada-e-entra-em-cartaz-no-teatro-moliere\/\",\"name\":\"\u201cMaldita Seja\u201d faz sua \u00faltima temporada e entra em cartaz em Salvador - Comunicar Mais\",\"isPartOf\":{\"@id\":\"https:\/\/www.comunicarmais.com.br\/site\/#website\"},\"primaryImageOfPage\":{\"@id\":\"https:\/\/www.comunicarmais.com.br\/site\/2024\/03\/05\/maldita-seja-faz-sua-ultima-temporada-e-entra-em-cartaz-no-teatro-moliere\/#primaryimage\"},\"image\":{\"@id\":\"https:\/\/www.comunicarmais.com.br\/site\/2024\/03\/05\/maldita-seja-faz-sua-ultima-temporada-e-entra-em-cartaz-no-teatro-moliere\/#primaryimage\"},\"thumbnailUrl\":\"https:\/\/www.comunicarmais.com.br\/site\/wp-content\/uploads\/2024\/03\/WhatsApp-Image-2024-03-05-at-15.47.13.jpeg\",\"datePublished\":\"2024-03-05T19:15:43+00:00\",\"dateModified\":\"2024-03-05T19:45:55+00:00\",\"author\":{\"@id\":\"https:\/\/www.comunicarmais.com.br\/site\/#\/schema\/person\/712f7b6b25b644e4a91c4173674cf284\"},\"description\":\"Espet\u00e1culo foi indicado ao Pr\u00eamio Braskem 2023 nas categorias Espet\u00e1culo Adulto Comunicar Mais\",\"breadcrumb\":{\"@id\":\"https:\/\/www.comunicarmais.com.br\/site\/2024\/03\/05\/maldita-seja-faz-sua-ultima-temporada-e-entra-em-cartaz-no-teatro-moliere\/#breadcrumb\"},\"inLanguage\":\"pt-BR\",\"potentialAction\":[{\"@type\":\"ReadAction\",\"target\":[\"https:\/\/www.comunicarmais.com.br\/site\/2024\/03\/05\/maldita-seja-faz-sua-ultima-temporada-e-entra-em-cartaz-no-teatro-moliere\/\"]}]},{\"@type\":\"ImageObject\",\"inLanguage\":\"pt-BR\",\"@id\":\"https:\/\/www.comunicarmais.com.br\/site\/2024\/03\/05\/maldita-seja-faz-sua-ultima-temporada-e-entra-em-cartaz-no-teatro-moliere\/#primaryimage\",\"url\":\"https:\/\/www.comunicarmais.com.br\/site\/wp-content\/uploads\/2024\/03\/WhatsApp-Image-2024-03-05-at-15.47.13.jpeg\",\"contentUrl\":\"https:\/\/www.comunicarmais.com.br\/site\/wp-content\/uploads\/2024\/03\/WhatsApp-Image-2024-03-05-at-15.47.13.jpeg\",\"width\":1270,\"height\":847},{\"@type\":\"BreadcrumbList\",\"@id\":\"https:\/\/www.comunicarmais.com.br\/site\/2024\/03\/05\/maldita-seja-faz-sua-ultima-temporada-e-entra-em-cartaz-no-teatro-moliere\/#breadcrumb\",\"itemListElement\":[{\"@type\":\"ListItem\",\"position\":1,\"name\":\"In\u00edcio\",\"item\":\"https:\/\/www.comunicarmais.com.br\/site\/\"},{\"@type\":\"ListItem\",\"position\":2,\"name\":\"\u201cMaldita Seja\u201d faz sua \u00faltima temporada e entra em cartaz em Salvador\"}]},{\"@type\":\"WebSite\",\"@id\":\"https:\/\/www.comunicarmais.com.br\/site\/#website\",\"url\":\"https:\/\/www.comunicarmais.com.br\/site\/\",\"name\":\"Comunicar Mais\",\"description\":\"\",\"potentialAction\":[{\"@type\":\"SearchAction\",\"target\":{\"@type\":\"EntryPoint\",\"urlTemplate\":\"https:\/\/www.comunicarmais.com.br\/site\/?s={search_term_string}\"},\"query-input\":{\"@type\":\"PropertyValueSpecification\",\"valueRequired\":true,\"valueName\":\"search_term_string\"}}],\"inLanguage\":\"pt-BR\"},{\"@type\":\"Person\",\"@id\":\"https:\/\/www.comunicarmais.com.br\/site\/#\/schema\/person\/712f7b6b25b644e4a91c4173674cf284\",\"name\":\"Comunicar Mais\",\"image\":{\"@type\":\"ImageObject\",\"inLanguage\":\"pt-BR\",\"@id\":\"https:\/\/www.comunicarmais.com.br\/site\/#\/schema\/person\/image\/\",\"url\":\"https:\/\/secure.gravatar.com\/avatar\/9803218072e2c0dc265d3d787b54c2c33325e79f79732707fddfbf1efd82c678?s=96&d=mm&r=g\",\"contentUrl\":\"https:\/\/secure.gravatar.com\/avatar\/9803218072e2c0dc265d3d787b54c2c33325e79f79732707fddfbf1efd82c678?s=96&d=mm&r=g\",\"caption\":\"Comunicar Mais\"},\"description\":\"Deixe as ideologias com os ide\u00f3logos. Noticiamos fatos, n\u00e3o brigamos com eles. Aqui, voc\u00ea fica bem informado do que acontece no seu bairro e no mundo. Informar com \u00e9tica e responsabilidade s\u00e3o as bandeiras do Comunicarmais.\",\"sameAs\":[\"https:\/\/www.comunicarmais.com.br\/site\/\",\"https:\/\/www.facebook.com\/comunicarmais\/\",\"https:\/\/www.instagram.com\/comunicarmaisba\/\",\"https:\/\/x.com\/ComunicarmaisBA\"],\"url\":\"https:\/\/www.comunicarmais.com.br\/site\/author\/gerenciador\/\"}]}<\/script>\n<!-- \/ Yoast SEO plugin. -->","yoast_head_json":{"title":"\u201cMaldita Seja\u201d faz sua \u00faltima temporada e entra em cartaz em Salvador - Comunicar Mais","description":"Espet\u00e1culo foi indicado ao Pr\u00eamio Braskem 2023 nas categorias Espet\u00e1culo Adulto Comunicar Mais","robots":{"index":"index","follow":"follow","max-snippet":"max-snippet:-1","max-image-preview":"max-image-preview:large","max-video-preview":"max-video-preview:-1"},"canonical":"https:\/\/www.comunicarmais.com.br\/site\/2024\/03\/05\/maldita-seja-faz-sua-ultima-temporada-e-entra-em-cartaz-no-teatro-moliere\/","og_locale":"pt_BR","og_type":"article","og_title":"\u201cMaldita Seja\u201d faz sua \u00faltima temporada e entra em cartaz em Salvador - Comunicar Mais","og_description":"Espet\u00e1culo foi indicado ao Pr\u00eamio Braskem 2023 nas categorias Espet\u00e1culo Adulto Comunicar Mais","og_url":"https:\/\/www.comunicarmais.com.br\/site\/2024\/03\/05\/maldita-seja-faz-sua-ultima-temporada-e-entra-em-cartaz-no-teatro-moliere\/","og_site_name":"Comunicar Mais","article_publisher":"https:\/\/www.facebook.com\/comunicarmais\/","article_author":"https:\/\/www.facebook.com\/comunicarmais\/","article_published_time":"2024-03-05T19:15:43+00:00","article_modified_time":"2024-03-05T19:45:55+00:00","og_image":[{"width":1270,"height":847,"url":"https:\/\/www.comunicarmais.com.br\/site\/wp-content\/uploads\/2024\/03\/WhatsApp-Image-2024-03-05-at-15.47.13.jpeg","type":"image\/jpeg"}],"author":"Comunicar Mais","twitter_card":"summary_large_image","twitter_creator":"@ComunicarmaisBA","twitter_site":"@ComunicarmaisBA","twitter_misc":{"Escrito por":"Comunicar Mais","Est. tempo de leitura":"4 minutos"},"schema":{"@context":"https:\/\/schema.org","@graph":[{"@type":"WebPage","@id":"https:\/\/www.comunicarmais.com.br\/site\/2024\/03\/05\/maldita-seja-faz-sua-ultima-temporada-e-entra-em-cartaz-no-teatro-moliere\/","url":"https:\/\/www.comunicarmais.com.br\/site\/2024\/03\/05\/maldita-seja-faz-sua-ultima-temporada-e-entra-em-cartaz-no-teatro-moliere\/","name":"\u201cMaldita Seja\u201d faz sua \u00faltima temporada e entra em cartaz em Salvador - Comunicar Mais","isPartOf":{"@id":"https:\/\/www.comunicarmais.com.br\/site\/#website"},"primaryImageOfPage":{"@id":"https:\/\/www.comunicarmais.com.br\/site\/2024\/03\/05\/maldita-seja-faz-sua-ultima-temporada-e-entra-em-cartaz-no-teatro-moliere\/#primaryimage"},"image":{"@id":"https:\/\/www.comunicarmais.com.br\/site\/2024\/03\/05\/maldita-seja-faz-sua-ultima-temporada-e-entra-em-cartaz-no-teatro-moliere\/#primaryimage"},"thumbnailUrl":"https:\/\/www.comunicarmais.com.br\/site\/wp-content\/uploads\/2024\/03\/WhatsApp-Image-2024-03-05-at-15.47.13.jpeg","datePublished":"2024-03-05T19:15:43+00:00","dateModified":"2024-03-05T19:45:55+00:00","author":{"@id":"https:\/\/www.comunicarmais.com.br\/site\/#\/schema\/person\/712f7b6b25b644e4a91c4173674cf284"},"description":"Espet\u00e1culo foi indicado ao Pr\u00eamio Braskem 2023 nas categorias Espet\u00e1culo Adulto Comunicar Mais","breadcrumb":{"@id":"https:\/\/www.comunicarmais.com.br\/site\/2024\/03\/05\/maldita-seja-faz-sua-ultima-temporada-e-entra-em-cartaz-no-teatro-moliere\/#breadcrumb"},"inLanguage":"pt-BR","potentialAction":[{"@type":"ReadAction","target":["https:\/\/www.comunicarmais.com.br\/site\/2024\/03\/05\/maldita-seja-faz-sua-ultima-temporada-e-entra-em-cartaz-no-teatro-moliere\/"]}]},{"@type":"ImageObject","inLanguage":"pt-BR","@id":"https:\/\/www.comunicarmais.com.br\/site\/2024\/03\/05\/maldita-seja-faz-sua-ultima-temporada-e-entra-em-cartaz-no-teatro-moliere\/#primaryimage","url":"https:\/\/www.comunicarmais.com.br\/site\/wp-content\/uploads\/2024\/03\/WhatsApp-Image-2024-03-05-at-15.47.13.jpeg","contentUrl":"https:\/\/www.comunicarmais.com.br\/site\/wp-content\/uploads\/2024\/03\/WhatsApp-Image-2024-03-05-at-15.47.13.jpeg","width":1270,"height":847},{"@type":"BreadcrumbList","@id":"https:\/\/www.comunicarmais.com.br\/site\/2024\/03\/05\/maldita-seja-faz-sua-ultima-temporada-e-entra-em-cartaz-no-teatro-moliere\/#breadcrumb","itemListElement":[{"@type":"ListItem","position":1,"name":"In\u00edcio","item":"https:\/\/www.comunicarmais.com.br\/site\/"},{"@type":"ListItem","position":2,"name":"\u201cMaldita Seja\u201d faz sua \u00faltima temporada e entra em cartaz em Salvador"}]},{"@type":"WebSite","@id":"https:\/\/www.comunicarmais.com.br\/site\/#website","url":"https:\/\/www.comunicarmais.com.br\/site\/","name":"Comunicar Mais","description":"","potentialAction":[{"@type":"SearchAction","target":{"@type":"EntryPoint","urlTemplate":"https:\/\/www.comunicarmais.com.br\/site\/?s={search_term_string}"},"query-input":{"@type":"PropertyValueSpecification","valueRequired":true,"valueName":"search_term_string"}}],"inLanguage":"pt-BR"},{"@type":"Person","@id":"https:\/\/www.comunicarmais.com.br\/site\/#\/schema\/person\/712f7b6b25b644e4a91c4173674cf284","name":"Comunicar Mais","image":{"@type":"ImageObject","inLanguage":"pt-BR","@id":"https:\/\/www.comunicarmais.com.br\/site\/#\/schema\/person\/image\/","url":"https:\/\/secure.gravatar.com\/avatar\/9803218072e2c0dc265d3d787b54c2c33325e79f79732707fddfbf1efd82c678?s=96&d=mm&r=g","contentUrl":"https:\/\/secure.gravatar.com\/avatar\/9803218072e2c0dc265d3d787b54c2c33325e79f79732707fddfbf1efd82c678?s=96&d=mm&r=g","caption":"Comunicar Mais"},"description":"Deixe as ideologias com os ide\u00f3logos. Noticiamos fatos, n\u00e3o brigamos com eles. Aqui, voc\u00ea fica bem informado do que acontece no seu bairro e no mundo. Informar com \u00e9tica e responsabilidade s\u00e3o as bandeiras do Comunicarmais.","sameAs":["https:\/\/www.comunicarmais.com.br\/site\/","https:\/\/www.facebook.com\/comunicarmais\/","https:\/\/www.instagram.com\/comunicarmaisba\/","https:\/\/x.com\/ComunicarmaisBA"],"url":"https:\/\/www.comunicarmais.com.br\/site\/author\/gerenciador\/"}]}},"_links":{"self":[{"href":"https:\/\/www.comunicarmais.com.br\/site\/wp-json\/wp\/v2\/posts\/1356","targetHints":{"allow":["GET"]}}],"collection":[{"href":"https:\/\/www.comunicarmais.com.br\/site\/wp-json\/wp\/v2\/posts"}],"about":[{"href":"https:\/\/www.comunicarmais.com.br\/site\/wp-json\/wp\/v2\/types\/post"}],"author":[{"embeddable":true,"href":"https:\/\/www.comunicarmais.com.br\/site\/wp-json\/wp\/v2\/users\/2"}],"replies":[{"embeddable":true,"href":"https:\/\/www.comunicarmais.com.br\/site\/wp-json\/wp\/v2\/comments?post=1356"}],"version-history":[{"count":5,"href":"https:\/\/www.comunicarmais.com.br\/site\/wp-json\/wp\/v2\/posts\/1356\/revisions"}],"predecessor-version":[{"id":1366,"href":"https:\/\/www.comunicarmais.com.br\/site\/wp-json\/wp\/v2\/posts\/1356\/revisions\/1366"}],"wp:featuredmedia":[{"embeddable":true,"href":"https:\/\/www.comunicarmais.com.br\/site\/wp-json\/wp\/v2\/media\/1359"}],"wp:attachment":[{"href":"https:\/\/www.comunicarmais.com.br\/site\/wp-json\/wp\/v2\/media?parent=1356"}],"wp:term":[{"taxonomy":"category","embeddable":true,"href":"https:\/\/www.comunicarmais.com.br\/site\/wp-json\/wp\/v2\/categories?post=1356"},{"taxonomy":"post_tag","embeddable":true,"href":"https:\/\/www.comunicarmais.com.br\/site\/wp-json\/wp\/v2\/tags?post=1356"}],"curies":[{"name":"wp","href":"https:\/\/api.w.org\/{rel}","templated":true}]}}