{"id":13540,"date":"2026-03-08T15:21:00","date_gmt":"2026-03-08T18:21:00","guid":{"rendered":"https:\/\/www.comunicarmais.com.br\/site\/?p=13540"},"modified":"2026-03-08T21:08:27","modified_gmt":"2026-03-09T00:08:27","slug":"eua-formam-coalizao-militar-com-12-paises-da-america-latina","status":"publish","type":"post","link":"https:\/\/www.comunicarmais.com.br\/site\/2026\/03\/08\/eua-formam-coalizao-militar-com-12-paises-da-america-latina\/","title":{"rendered":"EUA formam coaliz\u00e3o militar com 12 pa\u00edses da Am\u00e9rica Latina"},"content":{"rendered":"\n<p><strong>Objetivo seria combater cart\u00e9is e afastar \u201cadvers\u00e1rios\u201d da regi\u00e3o\u00a0<\/strong><\/p>\n\n\n\n<figure class=\"wp-block-image size-full is-resized\"><img decoding=\"async\" width=\"602\" height=\"360\" data-src=\"https:\/\/www.comunicarmais.com.br\/site\/wp-content\/uploads\/2026\/03\/Captura-de-tela-2026-03-08-210333.jpg\" alt=\"\" class=\"wp-image-13542 lazyload\" style=\"--smush-placeholder-width: 602px; --smush-placeholder-aspect-ratio: 602\/360;width:840px;height:auto\" src=\"data:image\/svg+xml;base64,PHN2ZyB3aWR0aD0iMSIgaGVpZ2h0PSIxIiB4bWxucz0iaHR0cDovL3d3dy53My5vcmcvMjAwMC9zdmciPjwvc3ZnPg==\" \/><\/figure>\n\n\n\n<p><strong>Ag\u00eancia Brasil &#8211; <\/strong>O presidente dos Estados Unidos (EUA), Donald Trump, recebeu nesse s\u00e1bado (7), em Miami, presidentes de 12 pa\u00edses latino-americanos para formalizar a cria\u00e7\u00e3o de uma coaliz\u00e3o militar chamada &#8220;Escudo das Am\u00e9ricas&#8221;.<\/p>\n\n\n\n<p>O objetivo seria o de combater os cart\u00e9is de drogas na regi\u00e3o, al\u00e9m de afastar do continente os \u201cadvers\u00e1rios\u201d de Washington \u201cde fora do Hemisf\u00e9rio\u201d, em uma refer\u00eancia indireta a concorrentes como China e R\u00fassia. &#8220;Neste dia hist\u00f3rico, nos reunimos para anunciar uma nova coaliz\u00e3o militar para erradicar os cart\u00e9is criminosos que assolam nossa regi\u00e3o&#8221;, disse Trump.<\/p>\n\n\n\n<p>O presidente estadunidense comparou o novo acordo ao trabalho dos EUA no Oriente M\u00e9dio. &#8220;Assim como formamos uma coaliz\u00e3o para erradicar o ISIS [grupo considerado terrorista] no Oriente M\u00e9dio, devemos agora fazer o mesmo para erradicar os cart\u00e9is em nossos pa\u00edses&#8221;, completou.<\/p>\n\n\n\n<p>Estavam presentes os presidentes de Argentina, El Salvador, Paraguai, Equador, Panam\u00e1, Honduras, Guiana, Bol\u00edvia, Trinidad e Tobago, Costa Rica, Rep\u00fablica Dominicana e Chile. A cerim\u00f4nia n\u00e3o transmitiu falas dos presidentes latino-americanos.<\/p>\n\n\n\n<p>Na semana passada, o secret\u00e1rio de Defesa dos EUA, Pete Hegseth, amea\u00e7ou \u201cagir sozinho\u201d nos pa\u00edses latino-americanos \u201cse necess\u00e1rio\u201d, para supostamente combater cart\u00e9is, o que violaria a soberania nas na\u00e7\u00f5es da regi\u00e3o sob o pr\u00f3prio territ\u00f3rio.<\/p>\n\n\n\n<p>A Casa Branca publicou, tamb\u00e9m nesse s\u00e1bado, uma proclama\u00e7\u00e3o do presidente Trump sobre a Coaliza\u00e7\u00e3o das Am\u00e9ricas contra os Cart\u00e9is. &#8220;Os Estados Unidos treinar\u00e3o e mobilizar\u00e3o os militares das na\u00e7\u00f5es parceiras para alcan\u00e7ar a for\u00e7a de combate mais eficaz necess\u00e1ria para desmantelar os cart\u00e9is\u201d, diz o documento.<\/p>\n\n\n\n<p>Al\u00e9m das organiza\u00e7\u00f5es ligadas ao com\u00e9rcio de drogas, o documento cita o combate \u00e0 influ\u00eancia de pot\u00eancias estrangeiras de fora do hemisf\u00e9rio, o que tem sido interpretado como parte da guerra comercial dos EUA contra a China. \u201cOs Estados Unidos e os seus aliados devem manter as amea\u00e7as externas afastadas, incluindo as influ\u00eancias estrangeiras malignas provenientes de fora do Hemisf\u00e9rio Ocidental\u201d, diz o documento oficial.<\/p>\n\n\n\n<p><strong>Seguran\u00e7a dos EUA &#8211; <\/strong>Para fazer a interlocu\u00e7\u00e3o com os 12 pa\u00edses latino-americanos, o governo de Donald Trump nomeou a secret\u00e1ria de Seguran\u00e7a Interna dos EUA, Kristi Noem, respons\u00e1vel pelas fronteiras do pa\u00eds norte-americano.<\/p>\n\n\n\n<p>Segundo argumentou Noem, como as fronteiras dos EUA j\u00e1 estariam seguras, o governo Trump espera se concentrar na seguran\u00e7a dos \u201cvizinhos\u201d no combate aos cart\u00e9is e \u00e0 influ\u00eancia \u201cestrangeira\u201d. \u201cVamos combater e reverter essas influ\u00eancias estrangeiras nocivas que se infiltraram em muitos de nossos neg\u00f3cios, nossas tecnologias e que vimos se infiltrar em diferentes \u00e1reas do nosso modo de vida\u201d, disse Noem.<\/p>\n\n\n\n<p><strong>M\u00e9xico &#8211;<\/strong> Durante o lan\u00e7amento da coaliz\u00e3o, o presidente Trump citou o M\u00e9xico, que n\u00e3o participou do acordo militar liderado pelos EUA. Ele disse que \u201ctudo entra pelo M\u00e9xico\u201d, que, segundo Trump, estariam \u201ccontrolado\u201d pelos cart\u00e9is. \u201cN\u00e3o podemos permitir isso. Muito perto de n\u00f3s\u201d, disse, acrescentando que \u201cgosta muito\u201d da presidente mexicana. \u201cEu disse [ao M\u00e9xico]: deixe-me erradicar os cart\u00e9is\u201d, comentou Trump.<\/p>\n\n\n\n<p>A presidente do M\u00e9xico, Cl\u00e1udia Sheinbaum, vem defendendo que o combate \u00e0s drogas, em parceria com Washington, deve ser feito com \u201ccoordena\u00e7\u00e3o e sem subordina\u00e7\u00e3o, como iguais\u201d, e tem rejeitado opera\u00e7\u00f5es militares dos EUA dentro do territ\u00f3rio mexicano por quest\u00e3o de soberania.<\/p>\n\n\n\n<p><strong>Venezuela e Cuba &#8211;<\/strong> O mandat\u00e1rio estadunidense ainda elogiou o governo da chavista Delcy Rodr\u00edguez, na Venezuela, dizendo que eles est\u00e3o conseguindo \u201ctrabalhar juntos\u201d com Caracas, e voltou a amea\u00e7ar Cuba. \u201c\u00c0 medida que alcan\u00e7amos uma transforma\u00e7\u00e3o hist\u00f3rica na Venezuela, tamb\u00e9m aguardamos com expectativa a grande mudan\u00e7a que em breve chegar\u00e1 a Cuba. Cuba est\u00e1 no fim da linha\u201d, completou.<\/p>\n\n\n\n<p>________________________________________________________________________________________________________________<\/p>\n\n\n<p class=\"wp-block-tag-cloud\"><a href=\"https:\/\/www.comunicarmais.com.br\/site\/tag\/bahia\/\" class=\"tag-cloud-link tag-link-171 tag-link-position-1\" style=\"font-size: 17.922330097087pt;\" aria-label=\"Bahia (116 itens)\">Bahia<\/a>\n<a href=\"https:\/\/www.comunicarmais.com.br\/site\/tag\/bolsonaro\/\" class=\"tag-cloud-link tag-link-112 tag-link-position-2\" style=\"font-size: 11.533980582524pt;\" aria-label=\"Bolsonaro (39 itens)\">Bolsonaro<\/a>\n<a href=\"https:\/\/www.comunicarmais.com.br\/site\/tag\/brasil\/\" class=\"tag-cloud-link tag-link-335 tag-link-position-3\" style=\"font-size: 13.029126213592pt;\" aria-label=\"Brasil (50 itens)\">Brasil<\/a>\n<a href=\"https:\/\/www.comunicarmais.com.br\/site\/tag\/camacari\/\" class=\"tag-cloud-link tag-link-435 tag-link-position-4\" style=\"font-size: 8.8155339805825pt;\" aria-label=\"Cama\u00e7ari (24 itens)\">Cama\u00e7ari<\/a>\n<a href=\"https:\/\/www.comunicarmais.com.br\/site\/tag\/carnaval\/\" class=\"tag-cloud-link tag-link-508 tag-link-position-5\" style=\"font-size: 12.893203883495pt;\" aria-label=\"Carnaval (49 itens)\">Carnaval<\/a>\n<a href=\"https:\/\/www.comunicarmais.com.br\/site\/tag\/cbx\/\" class=\"tag-cloud-link tag-link-1602 tag-link-position-6\" style=\"font-size: 11.398058252427pt;\" aria-label=\"CBX (38 itens)\">CBX<\/a>\n<a href=\"https:\/\/www.comunicarmais.com.br\/site\/tag\/cidade-baixa\/\" class=\"tag-cloud-link tag-link-456 tag-link-position-7\" style=\"font-size: 9.9029126213592pt;\" aria-label=\"Cidade Baixa (29 itens)\">Cidade Baixa<\/a>\n<a href=\"https:\/\/www.comunicarmais.com.br\/site\/tag\/cinema\/\" class=\"tag-cloud-link tag-link-985 tag-link-position-8\" style=\"font-size: 11.126213592233pt;\" aria-label=\"Cinema (36 itens)\">Cinema<\/a>\n<a href=\"https:\/\/www.comunicarmais.com.br\/site\/tag\/cultura\/\" class=\"tag-cloud-link tag-link-231 tag-link-position-9\" style=\"font-size: 12.349514563107pt;\" aria-label=\"Cultura (45 itens)\">Cultura<\/a>\n<a href=\"https:\/\/www.comunicarmais.com.br\/site\/tag\/drogas\/\" class=\"tag-cloud-link tag-link-165 tag-link-position-10\" style=\"font-size: 12.757281553398pt;\" aria-label=\"Drogas (48 itens)\">Drogas<\/a>\n<a href=\"https:\/\/www.comunicarmais.com.br\/site\/tag\/educacao\/\" class=\"tag-cloud-link tag-link-228 tag-link-position-11\" style=\"font-size: 12.621359223301pt;\" aria-label=\"Educa\u00e7\u00e3o (47 itens)\">Educa\u00e7\u00e3o<\/a>\n<a href=\"https:\/\/www.comunicarmais.com.br\/site\/tag\/ensino\/\" class=\"tag-cloud-link tag-link-233 tag-link-position-12\" style=\"font-size: 10.446601941748pt;\" aria-label=\"Ensino (32 itens)\">Ensino<\/a>\n<a href=\"https:\/\/www.comunicarmais.com.br\/site\/tag\/escola\/\" class=\"tag-cloud-link tag-link-229 tag-link-position-13\" style=\"font-size: 9.631067961165pt;\" aria-label=\"Escola (28 itens)\">Escola<\/a>\n<a href=\"https:\/\/www.comunicarmais.com.br\/site\/tag\/eua\/\" class=\"tag-cloud-link tag-link-664 tag-link-position-14\" style=\"font-size: 12.077669902913pt;\" aria-label=\"EUA (43 itens)\">EUA<\/a>\n<a href=\"https:\/\/www.comunicarmais.com.br\/site\/tag\/feira-de-santana\/\" class=\"tag-cloud-link tag-link-642 tag-link-position-15\" style=\"font-size: 9.2233009708738pt;\" aria-label=\"Feira de Santana (26 itens)\">Feira de Santana<\/a>\n<a href=\"https:\/\/www.comunicarmais.com.br\/site\/tag\/ficco\/\" class=\"tag-cloud-link tag-link-143 tag-link-position-16\" style=\"font-size: 9.2233009708738pt;\" aria-label=\"Ficco (26 itens)\">Ficco<\/a>\n<a href=\"https:\/\/www.comunicarmais.com.br\/site\/tag\/folia\/\" class=\"tag-cloud-link tag-link-566 tag-link-position-17\" style=\"font-size: 9.2233009708738pt;\" aria-label=\"Folia (26 itens)\">Folia<\/a>\n<a href=\"https:\/\/www.comunicarmais.com.br\/site\/tag\/futebol\/\" class=\"tag-cloud-link tag-link-40 tag-link-position-18\" style=\"font-size: 13.029126213592pt;\" aria-label=\"Futebol (50 itens)\">Futebol<\/a>\n<a href=\"https:\/\/www.comunicarmais.com.br\/site\/tag\/homicidio\/\" class=\"tag-cloud-link tag-link-101 tag-link-position-19\" style=\"font-size: 10.582524271845pt;\" aria-label=\"Homic\u00eddio (33 itens)\">Homic\u00eddio<\/a>\n<a href=\"https:\/\/www.comunicarmais.com.br\/site\/tag\/itapagipe\/\" class=\"tag-cloud-link tag-link-471 tag-link-position-20\" style=\"font-size: 10.038834951456pt;\" aria-label=\"Itapagipe (30 itens)\">Itapagipe<\/a>\n<a href=\"https:\/\/www.comunicarmais.com.br\/site\/tag\/itaparica\/\" class=\"tag-cloud-link tag-link-301 tag-link-position-21\" style=\"font-size: 8pt;\" aria-label=\"Itaparica (21 itens)\">Itaparica<\/a>\n<a href=\"https:\/\/www.comunicarmais.com.br\/site\/tag\/jeronimo-rodrigues\/\" class=\"tag-cloud-link tag-link-668 tag-link-position-22\" style=\"font-size: 8.2718446601942pt;\" aria-label=\"Jer\u00f4nimo Rodrigues (22 itens)\">Jer\u00f4nimo Rodrigues<\/a>\n<a href=\"https:\/\/www.comunicarmais.com.br\/site\/tag\/justica\/\" class=\"tag-cloud-link tag-link-361 tag-link-position-23\" style=\"font-size: 10.582524271845pt;\" aria-label=\"Justi\u00e7a (33 itens)\">Justi\u00e7a<\/a>\n<a href=\"https:\/\/www.comunicarmais.com.br\/site\/tag\/lauro-de-freitas\/\" class=\"tag-cloud-link tag-link-594 tag-link-position-24\" style=\"font-size: 18.194174757282pt;\" aria-label=\"Lauro de Freitas (123 itens)\">Lauro de Freitas<\/a>\n<a href=\"https:\/\/www.comunicarmais.com.br\/site\/tag\/lazer\/\" class=\"tag-cloud-link tag-link-568 tag-link-position-25\" style=\"font-size: 9.2233009708738pt;\" aria-label=\"Lazer (26 itens)\">Lazer<\/a>\n<a href=\"https:\/\/www.comunicarmais.com.br\/site\/tag\/lula\/\" class=\"tag-cloud-link tag-link-416 tag-link-position-26\" style=\"font-size: 12.21359223301pt;\" aria-label=\"Lula (44 itens)\">Lula<\/a>\n<a href=\"https:\/\/www.comunicarmais.com.br\/site\/tag\/meio-ambiente\/\" class=\"tag-cloud-link tag-link-475 tag-link-position-27\" style=\"font-size: 12.21359223301pt;\" aria-label=\"Meio Ambiente (44 itens)\">Meio Ambiente<\/a>\n<a href=\"https:\/\/www.comunicarmais.com.br\/site\/tag\/mobilidade\/\" class=\"tag-cloud-link tag-link-278 tag-link-position-28\" style=\"font-size: 13.844660194175pt;\" aria-label=\"Mobilidade (58 itens)\">Mobilidade<\/a>\n<a href=\"https:\/\/www.comunicarmais.com.br\/site\/tag\/mulher\/\" class=\"tag-cloud-link tag-link-450 tag-link-position-29\" style=\"font-size: 13.300970873786pt;\" aria-label=\"mulher (53 itens)\">mulher<\/a>\n<a href=\"https:\/\/www.comunicarmais.com.br\/site\/tag\/musica-2\/\" class=\"tag-cloud-link tag-link-747 tag-link-position-30\" style=\"font-size: 12.21359223301pt;\" aria-label=\"M\u00fasica (44 itens)\">M\u00fasica<\/a>\n<a href=\"https:\/\/www.comunicarmais.com.br\/site\/tag\/pcba\/\" class=\"tag-cloud-link tag-link-1332 tag-link-position-31\" style=\"font-size: 15.067961165049pt;\" aria-label=\"PCBA (72 itens)\">PCBA<\/a>\n<a href=\"https:\/\/www.comunicarmais.com.br\/site\/tag\/pmba\/\" class=\"tag-cloud-link tag-link-53 tag-link-position-32\" style=\"font-size: 18.194174757282pt;\" aria-label=\"PMBA (123 itens)\">PMBA<\/a>\n<a href=\"https:\/\/www.comunicarmais.com.br\/site\/tag\/policia-federal\/\" class=\"tag-cloud-link tag-link-620 tag-link-position-33\" style=\"font-size: 8.9514563106796pt;\" aria-label=\"Pol\u00edcia Federal (25 itens)\">Pol\u00edcia Federal<\/a>\n<a href=\"https:\/\/www.comunicarmais.com.br\/site\/tag\/politica\/\" class=\"tag-cloud-link tag-link-495 tag-link-position-34\" style=\"font-size: 16.291262135922pt;\" aria-label=\"Pol\u00edtica (89 itens)\">Pol\u00edtica<\/a>\n<a href=\"https:\/\/www.comunicarmais.com.br\/site\/tag\/rio-de-janeiro\/\" class=\"tag-cloud-link tag-link-152 tag-link-position-35\" style=\"font-size: 9.9029126213592pt;\" aria-label=\"Rio de Janeiro (29 itens)\">Rio de Janeiro<\/a>\n<a href=\"https:\/\/www.comunicarmais.com.br\/site\/tag\/salvador\/\" class=\"tag-cloud-link tag-link-125 tag-link-position-36\" style=\"font-size: 22pt;\" aria-label=\"Salvador (235 itens)\">Salvador<\/a>\n<a href=\"https:\/\/www.comunicarmais.com.br\/site\/tag\/saude\/\" class=\"tag-cloud-link tag-link-42 tag-link-position-37\" style=\"font-size: 17.922330097087pt;\" aria-label=\"Sa\u00fade (116 itens)\">Sa\u00fade<\/a>\n<a href=\"https:\/\/www.comunicarmais.com.br\/site\/tag\/seguranca\/\" class=\"tag-cloud-link tag-link-48 tag-link-position-38\" style=\"font-size: 9.2233009708738pt;\" aria-label=\"Seguran\u00e7a (26 itens)\">Seguran\u00e7a<\/a>\n<a href=\"https:\/\/www.comunicarmais.com.br\/site\/tag\/ssp-ba\/\" class=\"tag-cloud-link tag-link-1937 tag-link-position-39\" style=\"font-size: 8.9514563106796pt;\" aria-label=\"SSP-BA (25 itens)\">SSP-BA<\/a>\n<a href=\"https:\/\/www.comunicarmais.com.br\/site\/tag\/sspba\/\" class=\"tag-cloud-link tag-link-144 tag-link-position-40\" style=\"font-size: 11.398058252427pt;\" aria-label=\"SSPBA (38 itens)\">SSPBA<\/a>\n<a href=\"https:\/\/www.comunicarmais.com.br\/site\/tag\/stf\/\" class=\"tag-cloud-link tag-link-68 tag-link-position-41\" style=\"font-size: 14.252427184466pt;\" aria-label=\"STF (62 itens)\">STF<\/a>\n<a href=\"https:\/\/www.comunicarmais.com.br\/site\/tag\/sao-paulo\/\" class=\"tag-cloud-link tag-link-612 tag-link-position-42\" style=\"font-size: 8pt;\" aria-label=\"S\u00e3o Paulo (21 itens)\">S\u00e3o Paulo<\/a>\n<a href=\"https:\/\/www.comunicarmais.com.br\/site\/tag\/transito-2\/\" class=\"tag-cloud-link tag-link-377 tag-link-position-43\" style=\"font-size: 8.2718446601942pt;\" aria-label=\"tr\u00e2nsito (22 itens)\">tr\u00e2nsito<\/a>\n<a href=\"https:\/\/www.comunicarmais.com.br\/site\/tag\/turismo\/\" class=\"tag-cloud-link tag-link-225 tag-link-position-44\" style=\"font-size: 9.9029126213592pt;\" aria-label=\"Turismo (29 itens)\">Turismo<\/a>\n<a href=\"https:\/\/www.comunicarmais.com.br\/site\/tag\/uruguai\/\" class=\"tag-cloud-link tag-link-323 tag-link-position-45\" style=\"font-size: 9.631067961165pt;\" aria-label=\"Uruguai (28 itens)\">Uruguai<\/a><\/p>","protected":false},"excerpt":{"rendered":"<p>Objetivo seria combater cart\u00e9is e afastar \u201cadvers\u00e1rios\u201d da regi\u00e3o\u00a0<\/p>\n","protected":false},"author":2,"featured_media":13542,"comment_status":"open","ping_status":"open","sticky":false,"template":"","format":"standard","meta":{"_acf_changed":false,"footnotes":""},"categories":[7],"tags":[557,3458,1417,3459,3127,1004,664,1718],"class_list":["post-13540","post","type-post","status-publish","format-standard","has-post-thumbnail","hentry","category-mundo","tag-argentina","tag-carteis","tag-donald-trump","tag-el-salvador","tag-equador","tag-estados-unidos","tag-eua","tag-mexico"],"acf":[],"yoast_head":"<!-- This site is optimized with the Yoast SEO plugin v26.1.1 - https:\/\/yoast.com\/wordpress\/plugins\/seo\/ -->\n<title>EUA formam coaliz\u00e3o militar com 12 pa\u00edses da Am\u00e9rica Latina - Comunicar Mais<\/title>\n<meta name=\"description\" content=\"Objetivo seria combater cart\u00e9is e afastar \u201cadvers\u00e1rios\u201d da regi\u00e3o\u00a0\" \/>\n<meta name=\"robots\" content=\"index, follow, max-snippet:-1, max-image-preview:large, max-video-preview:-1\" \/>\n<link rel=\"canonical\" href=\"https:\/\/www.comunicarmais.com.br\/site\/2026\/03\/08\/eua-formam-coalizao-militar-com-12-paises-da-america-latina\/\" \/>\n<meta property=\"og:locale\" content=\"pt_BR\" \/>\n<meta property=\"og:type\" content=\"article\" \/>\n<meta property=\"og:title\" content=\"EUA formam coaliz\u00e3o militar com 12 pa\u00edses da Am\u00e9rica Latina - Comunicar Mais\" \/>\n<meta property=\"og:description\" content=\"Objetivo seria combater cart\u00e9is e afastar \u201cadvers\u00e1rios\u201d da regi\u00e3o\u00a0\" \/>\n<meta property=\"og:url\" content=\"https:\/\/www.comunicarmais.com.br\/site\/2026\/03\/08\/eua-formam-coalizao-militar-com-12-paises-da-america-latina\/\" \/>\n<meta property=\"og:site_name\" content=\"Comunicar Mais\" \/>\n<meta property=\"article:publisher\" content=\"https:\/\/www.facebook.com\/comunicarmais\/\" \/>\n<meta property=\"article:author\" content=\"https:\/\/www.facebook.com\/comunicarmais\/\" \/>\n<meta property=\"article:published_time\" content=\"2026-03-08T18:21:00+00:00\" \/>\n<meta property=\"article:modified_time\" content=\"2026-03-09T00:08:27+00:00\" \/>\n<meta property=\"og:image\" content=\"https:\/\/www.comunicarmais.com.br\/site\/wp-content\/uploads\/2026\/03\/Captura-de-tela-2026-03-08-210333.jpg\" \/>\n\t<meta property=\"og:image:width\" content=\"602\" \/>\n\t<meta property=\"og:image:height\" content=\"360\" \/>\n\t<meta property=\"og:image:type\" content=\"image\/jpeg\" \/>\n<meta name=\"author\" content=\"Comunicar Mais\" \/>\n<meta name=\"twitter:card\" content=\"summary_large_image\" \/>\n<meta name=\"twitter:creator\" content=\"@ComunicarmaisBA\" \/>\n<meta name=\"twitter:site\" content=\"@ComunicarmaisBA\" \/>\n<meta name=\"twitter:label1\" content=\"Escrito por\" \/>\n\t<meta name=\"twitter:data1\" content=\"Comunicar Mais\" \/>\n\t<meta name=\"twitter:label2\" content=\"Est. tempo de leitura\" \/>\n\t<meta name=\"twitter:data2\" content=\"4 minutos\" \/>\n<script type=\"application\/ld+json\" class=\"yoast-schema-graph\">{\"@context\":\"https:\/\/schema.org\",\"@graph\":[{\"@type\":\"WebPage\",\"@id\":\"https:\/\/www.comunicarmais.com.br\/site\/2026\/03\/08\/eua-formam-coalizao-militar-com-12-paises-da-america-latina\/\",\"url\":\"https:\/\/www.comunicarmais.com.br\/site\/2026\/03\/08\/eua-formam-coalizao-militar-com-12-paises-da-america-latina\/\",\"name\":\"EUA formam coaliz\u00e3o militar com 12 pa\u00edses da Am\u00e9rica Latina - Comunicar Mais\",\"isPartOf\":{\"@id\":\"https:\/\/www.comunicarmais.com.br\/site\/#website\"},\"primaryImageOfPage\":{\"@id\":\"https:\/\/www.comunicarmais.com.br\/site\/2026\/03\/08\/eua-formam-coalizao-militar-com-12-paises-da-america-latina\/#primaryimage\"},\"image\":{\"@id\":\"https:\/\/www.comunicarmais.com.br\/site\/2026\/03\/08\/eua-formam-coalizao-militar-com-12-paises-da-america-latina\/#primaryimage\"},\"thumbnailUrl\":\"https:\/\/www.comunicarmais.com.br\/site\/wp-content\/uploads\/2026\/03\/Captura-de-tela-2026-03-08-210333.jpg\",\"datePublished\":\"2026-03-08T18:21:00+00:00\",\"dateModified\":\"2026-03-09T00:08:27+00:00\",\"author\":{\"@id\":\"https:\/\/www.comunicarmais.com.br\/site\/#\/schema\/person\/712f7b6b25b644e4a91c4173674cf284\"},\"description\":\"Objetivo seria combater cart\u00e9is e afastar \u201cadvers\u00e1rios\u201d da regi\u00e3o\u00a0\",\"breadcrumb\":{\"@id\":\"https:\/\/www.comunicarmais.com.br\/site\/2026\/03\/08\/eua-formam-coalizao-militar-com-12-paises-da-america-latina\/#breadcrumb\"},\"inLanguage\":\"pt-BR\",\"potentialAction\":[{\"@type\":\"ReadAction\",\"target\":[\"https:\/\/www.comunicarmais.com.br\/site\/2026\/03\/08\/eua-formam-coalizao-militar-com-12-paises-da-america-latina\/\"]}]},{\"@type\":\"ImageObject\",\"inLanguage\":\"pt-BR\",\"@id\":\"https:\/\/www.comunicarmais.com.br\/site\/2026\/03\/08\/eua-formam-coalizao-militar-com-12-paises-da-america-latina\/#primaryimage\",\"url\":\"https:\/\/www.comunicarmais.com.br\/site\/wp-content\/uploads\/2026\/03\/Captura-de-tela-2026-03-08-210333.jpg\",\"contentUrl\":\"https:\/\/www.comunicarmais.com.br\/site\/wp-content\/uploads\/2026\/03\/Captura-de-tela-2026-03-08-210333.jpg\",\"width\":602,\"height\":360},{\"@type\":\"BreadcrumbList\",\"@id\":\"https:\/\/www.comunicarmais.com.br\/site\/2026\/03\/08\/eua-formam-coalizao-militar-com-12-paises-da-america-latina\/#breadcrumb\",\"itemListElement\":[{\"@type\":\"ListItem\",\"position\":1,\"name\":\"In\u00edcio\",\"item\":\"https:\/\/www.comunicarmais.com.br\/site\/\"},{\"@type\":\"ListItem\",\"position\":2,\"name\":\"EUA formam coaliz\u00e3o militar com 12 pa\u00edses da Am\u00e9rica Latina\"}]},{\"@type\":\"WebSite\",\"@id\":\"https:\/\/www.comunicarmais.com.br\/site\/#website\",\"url\":\"https:\/\/www.comunicarmais.com.br\/site\/\",\"name\":\"Comunicar Mais\",\"description\":\"\",\"potentialAction\":[{\"@type\":\"SearchAction\",\"target\":{\"@type\":\"EntryPoint\",\"urlTemplate\":\"https:\/\/www.comunicarmais.com.br\/site\/?s={search_term_string}\"},\"query-input\":{\"@type\":\"PropertyValueSpecification\",\"valueRequired\":true,\"valueName\":\"search_term_string\"}}],\"inLanguage\":\"pt-BR\"},{\"@type\":\"Person\",\"@id\":\"https:\/\/www.comunicarmais.com.br\/site\/#\/schema\/person\/712f7b6b25b644e4a91c4173674cf284\",\"name\":\"Comunicar Mais\",\"image\":{\"@type\":\"ImageObject\",\"inLanguage\":\"pt-BR\",\"@id\":\"https:\/\/www.comunicarmais.com.br\/site\/#\/schema\/person\/image\/\",\"url\":\"https:\/\/secure.gravatar.com\/avatar\/9803218072e2c0dc265d3d787b54c2c33325e79f79732707fddfbf1efd82c678?s=96&d=mm&r=g\",\"contentUrl\":\"https:\/\/secure.gravatar.com\/avatar\/9803218072e2c0dc265d3d787b54c2c33325e79f79732707fddfbf1efd82c678?s=96&d=mm&r=g\",\"caption\":\"Comunicar Mais\"},\"description\":\"Deixe as ideologias com os ide\u00f3logos. Noticiamos fatos, n\u00e3o brigamos com eles. Aqui, voc\u00ea fica bem informado do que acontece no seu bairro e no mundo. Informar com \u00e9tica e responsabilidade s\u00e3o as bandeiras do Comunicarmais.\",\"sameAs\":[\"https:\/\/www.comunicarmais.com.br\/site\/\",\"https:\/\/www.facebook.com\/comunicarmais\/\",\"https:\/\/www.instagram.com\/comunicarmaisba\/\",\"https:\/\/x.com\/ComunicarmaisBA\"],\"url\":\"https:\/\/www.comunicarmais.com.br\/site\/author\/gerenciador\/\"}]}<\/script>\n<!-- \/ Yoast SEO plugin. -->","yoast_head_json":{"title":"EUA formam coaliz\u00e3o militar com 12 pa\u00edses da Am\u00e9rica Latina - Comunicar Mais","description":"Objetivo seria combater cart\u00e9is e afastar \u201cadvers\u00e1rios\u201d da regi\u00e3o\u00a0","robots":{"index":"index","follow":"follow","max-snippet":"max-snippet:-1","max-image-preview":"max-image-preview:large","max-video-preview":"max-video-preview:-1"},"canonical":"https:\/\/www.comunicarmais.com.br\/site\/2026\/03\/08\/eua-formam-coalizao-militar-com-12-paises-da-america-latina\/","og_locale":"pt_BR","og_type":"article","og_title":"EUA formam coaliz\u00e3o militar com 12 pa\u00edses da Am\u00e9rica Latina - Comunicar Mais","og_description":"Objetivo seria combater cart\u00e9is e afastar \u201cadvers\u00e1rios\u201d da regi\u00e3o\u00a0","og_url":"https:\/\/www.comunicarmais.com.br\/site\/2026\/03\/08\/eua-formam-coalizao-militar-com-12-paises-da-america-latina\/","og_site_name":"Comunicar Mais","article_publisher":"https:\/\/www.facebook.com\/comunicarmais\/","article_author":"https:\/\/www.facebook.com\/comunicarmais\/","article_published_time":"2026-03-08T18:21:00+00:00","article_modified_time":"2026-03-09T00:08:27+00:00","og_image":[{"width":602,"height":360,"url":"https:\/\/www.comunicarmais.com.br\/site\/wp-content\/uploads\/2026\/03\/Captura-de-tela-2026-03-08-210333.jpg","type":"image\/jpeg"}],"author":"Comunicar Mais","twitter_card":"summary_large_image","twitter_creator":"@ComunicarmaisBA","twitter_site":"@ComunicarmaisBA","twitter_misc":{"Escrito por":"Comunicar Mais","Est. tempo de leitura":"4 minutos"},"schema":{"@context":"https:\/\/schema.org","@graph":[{"@type":"WebPage","@id":"https:\/\/www.comunicarmais.com.br\/site\/2026\/03\/08\/eua-formam-coalizao-militar-com-12-paises-da-america-latina\/","url":"https:\/\/www.comunicarmais.com.br\/site\/2026\/03\/08\/eua-formam-coalizao-militar-com-12-paises-da-america-latina\/","name":"EUA formam coaliz\u00e3o militar com 12 pa\u00edses da Am\u00e9rica Latina - Comunicar Mais","isPartOf":{"@id":"https:\/\/www.comunicarmais.com.br\/site\/#website"},"primaryImageOfPage":{"@id":"https:\/\/www.comunicarmais.com.br\/site\/2026\/03\/08\/eua-formam-coalizao-militar-com-12-paises-da-america-latina\/#primaryimage"},"image":{"@id":"https:\/\/www.comunicarmais.com.br\/site\/2026\/03\/08\/eua-formam-coalizao-militar-com-12-paises-da-america-latina\/#primaryimage"},"thumbnailUrl":"https:\/\/www.comunicarmais.com.br\/site\/wp-content\/uploads\/2026\/03\/Captura-de-tela-2026-03-08-210333.jpg","datePublished":"2026-03-08T18:21:00+00:00","dateModified":"2026-03-09T00:08:27+00:00","author":{"@id":"https:\/\/www.comunicarmais.com.br\/site\/#\/schema\/person\/712f7b6b25b644e4a91c4173674cf284"},"description":"Objetivo seria combater cart\u00e9is e afastar \u201cadvers\u00e1rios\u201d da regi\u00e3o\u00a0","breadcrumb":{"@id":"https:\/\/www.comunicarmais.com.br\/site\/2026\/03\/08\/eua-formam-coalizao-militar-com-12-paises-da-america-latina\/#breadcrumb"},"inLanguage":"pt-BR","potentialAction":[{"@type":"ReadAction","target":["https:\/\/www.comunicarmais.com.br\/site\/2026\/03\/08\/eua-formam-coalizao-militar-com-12-paises-da-america-latina\/"]}]},{"@type":"ImageObject","inLanguage":"pt-BR","@id":"https:\/\/www.comunicarmais.com.br\/site\/2026\/03\/08\/eua-formam-coalizao-militar-com-12-paises-da-america-latina\/#primaryimage","url":"https:\/\/www.comunicarmais.com.br\/site\/wp-content\/uploads\/2026\/03\/Captura-de-tela-2026-03-08-210333.jpg","contentUrl":"https:\/\/www.comunicarmais.com.br\/site\/wp-content\/uploads\/2026\/03\/Captura-de-tela-2026-03-08-210333.jpg","width":602,"height":360},{"@type":"BreadcrumbList","@id":"https:\/\/www.comunicarmais.com.br\/site\/2026\/03\/08\/eua-formam-coalizao-militar-com-12-paises-da-america-latina\/#breadcrumb","itemListElement":[{"@type":"ListItem","position":1,"name":"In\u00edcio","item":"https:\/\/www.comunicarmais.com.br\/site\/"},{"@type":"ListItem","position":2,"name":"EUA formam coaliz\u00e3o militar com 12 pa\u00edses da Am\u00e9rica Latina"}]},{"@type":"WebSite","@id":"https:\/\/www.comunicarmais.com.br\/site\/#website","url":"https:\/\/www.comunicarmais.com.br\/site\/","name":"Comunicar Mais","description":"","potentialAction":[{"@type":"SearchAction","target":{"@type":"EntryPoint","urlTemplate":"https:\/\/www.comunicarmais.com.br\/site\/?s={search_term_string}"},"query-input":{"@type":"PropertyValueSpecification","valueRequired":true,"valueName":"search_term_string"}}],"inLanguage":"pt-BR"},{"@type":"Person","@id":"https:\/\/www.comunicarmais.com.br\/site\/#\/schema\/person\/712f7b6b25b644e4a91c4173674cf284","name":"Comunicar Mais","image":{"@type":"ImageObject","inLanguage":"pt-BR","@id":"https:\/\/www.comunicarmais.com.br\/site\/#\/schema\/person\/image\/","url":"https:\/\/secure.gravatar.com\/avatar\/9803218072e2c0dc265d3d787b54c2c33325e79f79732707fddfbf1efd82c678?s=96&d=mm&r=g","contentUrl":"https:\/\/secure.gravatar.com\/avatar\/9803218072e2c0dc265d3d787b54c2c33325e79f79732707fddfbf1efd82c678?s=96&d=mm&r=g","caption":"Comunicar Mais"},"description":"Deixe as ideologias com os ide\u00f3logos. Noticiamos fatos, n\u00e3o brigamos com eles. Aqui, voc\u00ea fica bem informado do que acontece no seu bairro e no mundo. Informar com \u00e9tica e responsabilidade s\u00e3o as bandeiras do Comunicarmais.","sameAs":["https:\/\/www.comunicarmais.com.br\/site\/","https:\/\/www.facebook.com\/comunicarmais\/","https:\/\/www.instagram.com\/comunicarmaisba\/","https:\/\/x.com\/ComunicarmaisBA"],"url":"https:\/\/www.comunicarmais.com.br\/site\/author\/gerenciador\/"}]}},"_links":{"self":[{"href":"https:\/\/www.comunicarmais.com.br\/site\/wp-json\/wp\/v2\/posts\/13540","targetHints":{"allow":["GET"]}}],"collection":[{"href":"https:\/\/www.comunicarmais.com.br\/site\/wp-json\/wp\/v2\/posts"}],"about":[{"href":"https:\/\/www.comunicarmais.com.br\/site\/wp-json\/wp\/v2\/types\/post"}],"author":[{"embeddable":true,"href":"https:\/\/www.comunicarmais.com.br\/site\/wp-json\/wp\/v2\/users\/2"}],"replies":[{"embeddable":true,"href":"https:\/\/www.comunicarmais.com.br\/site\/wp-json\/wp\/v2\/comments?post=13540"}],"version-history":[{"count":1,"href":"https:\/\/www.comunicarmais.com.br\/site\/wp-json\/wp\/v2\/posts\/13540\/revisions"}],"predecessor-version":[{"id":13543,"href":"https:\/\/www.comunicarmais.com.br\/site\/wp-json\/wp\/v2\/posts\/13540\/revisions\/13543"}],"wp:featuredmedia":[{"embeddable":true,"href":"https:\/\/www.comunicarmais.com.br\/site\/wp-json\/wp\/v2\/media\/13542"}],"wp:attachment":[{"href":"https:\/\/www.comunicarmais.com.br\/site\/wp-json\/wp\/v2\/media?parent=13540"}],"wp:term":[{"taxonomy":"category","embeddable":true,"href":"https:\/\/www.comunicarmais.com.br\/site\/wp-json\/wp\/v2\/categories?post=13540"},{"taxonomy":"post_tag","embeddable":true,"href":"https:\/\/www.comunicarmais.com.br\/site\/wp-json\/wp\/v2\/tags?post=13540"}],"curies":[{"name":"wp","href":"https:\/\/api.w.org\/{rel}","templated":true}]}}