{"id":13500,"date":"2026-03-06T08:18:00","date_gmt":"2026-03-06T11:18:00","guid":{"rendered":"https:\/\/www.comunicarmais.com.br\/site\/?p=13500"},"modified":"2026-03-06T14:24:53","modified_gmt":"2026-03-06T17:24:53","slug":"conselho-estadual-de-saude-da-bahia-lanca-campanha-sus-por-elas-saude-e-viver-sem-medo","status":"publish","type":"post","link":"https:\/\/www.comunicarmais.com.br\/site\/2026\/03\/06\/conselho-estadual-de-saude-da-bahia-lanca-campanha-sus-por-elas-saude-e-viver-sem-medo\/","title":{"rendered":"Conselho Estadual de Sa\u00fade da Bahia lan\u00e7a campanha &#8220;SUS por Elas: Sa\u00fade \u00e9 Viver sem Medo&#8221;"},"content":{"rendered":"\n<p><strong>Proposta \u00e9 fortalecer a compreens\u00e3o de que o SUS n\u00e3o \u00e9 apenas porta de entrada para atendimentos cl\u00ednicos, mas tamb\u00e9m uma estrutura articulada de defesa de direitos, enfrentamento \u00e0 viol\u00eancia<\/strong><\/p>\n\n\n\n<figure class=\"wp-block-image size-full is-resized\"><img decoding=\"async\" width=\"515\" height=\"275\" data-src=\"https:\/\/www.comunicarmais.com.br\/site\/wp-content\/uploads\/2026\/03\/Captura-de-tela-2026-03-06-141810.jpg\" alt=\"\" class=\"wp-image-13502 lazyload\" style=\"--smush-placeholder-width: 515px; --smush-placeholder-aspect-ratio: 515\/275;width:840px;height:auto\" src=\"data:image\/svg+xml;base64,PHN2ZyB3aWR0aD0iMSIgaGVpZ2h0PSIxIiB4bWxucz0iaHR0cDovL3d3dy53My5vcmcvMjAwMC9zdmciPjwvc3ZnPg==\" \/><\/figure>\n\n\n\n<p><strong>Reda\u00e7\u00e3o Mais &#8211; <\/strong>O Conselho Estadual de Sa\u00fade da Bahia (CES-BA) lan\u00e7a, no m\u00eas de mar\u00e7o, dedicado \u00e0s celebra\u00e7\u00f5es do Dia Internacional da Mulher, a campanha &#8220;SUS por Elas: Sa\u00fade \u00e9 Viver sem Medo&#8221;. A iniciativa reafirma o Sistema \u00danico de Sa\u00fade como uma rede permanente de cuidado, acolhimento e prote\u00e7\u00e3o \u00e0s mulheres em todas as fases da vida.<\/p>\n\n\n\n<p>Mais do que uma a\u00e7\u00e3o referente ao 8 de mar\u00e7o, a campanha nasce com car\u00e1ter cont\u00ednuo e estrat\u00e9gico. A proposta \u00e9 fortalecer a compreens\u00e3o de que o SUS n\u00e3o \u00e9 apenas porta de entrada para atendimentos cl\u00ednicos, mas tamb\u00e9m uma estrutura articulada de defesa de direitos, enfrentamento \u00e0 viol\u00eancia, promo\u00e7\u00e3o da sa\u00fade mental, garantia de acesso \u00e0 sa\u00fade sexual e reprodutiva e cuidado integral.<\/p>\n\n\n\n<p>A secret\u00e1ria executiva do Conselho, Zirlene Matos, destaca que o lan\u00e7amento em mar\u00e7o tem simbolismo, mas o compromisso \u00e9 permanente. &#8220;N\u00e3o se trata apenas de uma homenagem no m\u00eas das mulheres. Estamos falando de pol\u00edtica p\u00fablica, de cuidado integral e de garantia de direitos. O SUS precisa ser reconhecido como espa\u00e7o de acolhimento, escuta qualificada e prote\u00e7\u00e3o. Como mulher e gestora, entendo que viver sem medo \u00e9 ter acesso \u00e0 sa\u00fade, \u00e0 informa\u00e7\u00e3o e a uma rede que funcione quando mais precisamos&#8221;, afirmou.<\/p>\n\n\n\n<p>Para o presidente do CES, Marcos Sampaio, a campanha consolida um posicionamento institucional em defesa das mulheres. &#8220;O SUS acolhe, orienta, encaminha e salva vidas todos os dias. Essa campanha refor\u00e7a nosso compromisso permanente com a dignidade e a vida das mulheres da Bahia e do Brasil tamb\u00e9m&#8221;, declarou.<\/p>\n\n\n\n<p>A campanha dialoga com a realidade de desigualdades de g\u00eanero ainda persistentes, viol\u00eancia dom\u00e9stica, feminic\u00eddio e barreiras no acesso a servi\u00e7os de sa\u00fade, especialmente para mulheres negras, quilombolas, ind\u00edgenas, rurais, trabalhadoras informais e em situa\u00e7\u00e3o de vulnerabilidade social. Nesse contexto, o SUS atua como instrumento de equidade, garantindo atendimento universal, gratuito e integral.<\/p>\n\n\n\n<p>A identidade da campanha ser\u00e1 representada pelo selo oficial &#8220;SUS por Elas: Sa\u00fade \u00e9 Viver sem Medo&#8221;, que poder\u00e1 ser aplicado em materiais institucionais, campanhas educativas, pe\u00e7as digitais, eventos, mobiliza\u00e7\u00f5es sociais e iniciativas voltadas \u00e0 promo\u00e7\u00e3o da sa\u00fade da mulher. O selo tem como finalidade dar unidade visual e simb\u00f3lica \u00e0s a\u00e7\u00f5es relacionadas \u00e0 prote\u00e7\u00e3o, acolhimento e garantia de direitos das mulheres no \u00e2mbito do SUS.<\/p>\n\n\n\n<p>Mais do que uma campanha pontual, o&nbsp;<strong>SUS por Elas<\/strong>&nbsp;se consolida como um movimento de conscientiza\u00e7\u00e3o e fortalecimento da rede de aten\u00e7\u00e3o \u00e0 mulher. Ao longo de todo o m\u00eas, ser\u00e3o promovidos conte\u00fados informativos, v\u00eddeos, cards educativos e di\u00e1logos com representantes de diferentes \u00e1reas, abordando temas como acolhimento no SUS, atendimento \u00e0s mulheres em situa\u00e7\u00e3o de viol\u00eancia, preven\u00e7\u00e3o, cuidado em todas as fases da vida e o papel do controle social no monitoramento dessas pol\u00edticas p\u00fablicas. Todas essas a\u00e7\u00f5es ser\u00e3o divulgadas nas redes sociais do Conselho, ampliando o alcance da mobiliza\u00e7\u00e3o.<\/p>\n\n\n\n<p>Como marco de encerramento do m\u00eas de mobiliza\u00e7\u00e3o, ser\u00e1 realizado, no dia 31 de mar\u00e7o, o semin\u00e1rio &#8220;Todos por Todas- Fortalecendo a Rede de Aten\u00e7\u00e3o \u00e0 Mulher no SUS Bahia&#8221;, no audit\u00f3rio da Escola de Sa\u00fade P\u00fablica da Bahia. O encontro ser\u00e1 um espa\u00e7o de di\u00e1logo, constru\u00e7\u00e3o coletiva e articula\u00e7\u00e3o entre diferentes institui\u00e7\u00f5es, com o objetivo de fortalecer ainda mais a rede de aten\u00e7\u00e3o \u00e0 mulher no estado.<\/p>\n\n\n\n<p>Ao lan\u00e7ar o &#8220;SUS por Elas&#8221;, o Conselho Estadual de Sa\u00fade reafirma que defender o SUS \u00e9 tamb\u00e9m defender o direito das mulheres<\/p>\n\n\n\n<figure class=\"wp-block-image size-full\"><img decoding=\"async\" width=\"1080\" height=\"1350\" data-src=\"https:\/\/www.comunicarmais.com.br\/site\/wp-content\/uploads\/2026\/03\/CARD-CAMPANHA.png\" alt=\"\" class=\"wp-image-13503 lazyload\" data-srcset=\"https:\/\/www.comunicarmais.com.br\/site\/wp-content\/uploads\/2026\/03\/CARD-CAMPANHA.png 1080w, https:\/\/www.comunicarmais.com.br\/site\/wp-content\/uploads\/2026\/03\/CARD-CAMPANHA-819x1024.png 819w, https:\/\/www.comunicarmais.com.br\/site\/wp-content\/uploads\/2026\/03\/CARD-CAMPANHA-768x960.png 768w\" data-sizes=\"(max-width: 1080px) 100vw, 1080px\" src=\"data:image\/svg+xml;base64,PHN2ZyB3aWR0aD0iMSIgaGVpZ2h0PSIxIiB4bWxucz0iaHR0cDovL3d3dy53My5vcmcvMjAwMC9zdmciPjwvc3ZnPg==\" style=\"--smush-placeholder-width: 1080px; --smush-placeholder-aspect-ratio: 1080\/1350;\" \/><\/figure>\n\n\n\n<p>________________________________________________________________________________________________________________<\/p>\n\n\n<p class=\"wp-block-tag-cloud\"><a href=\"https:\/\/www.comunicarmais.com.br\/site\/tag\/bahia\/\" class=\"tag-cloud-link tag-link-171 tag-link-position-1\" style=\"font-size: 17.922330097087pt;\" aria-label=\"Bahia (116 itens)\">Bahia<\/a>\n<a href=\"https:\/\/www.comunicarmais.com.br\/site\/tag\/bolsonaro\/\" class=\"tag-cloud-link tag-link-112 tag-link-position-2\" style=\"font-size: 11.533980582524pt;\" aria-label=\"Bolsonaro (39 itens)\">Bolsonaro<\/a>\n<a href=\"https:\/\/www.comunicarmais.com.br\/site\/tag\/brasil\/\" class=\"tag-cloud-link tag-link-335 tag-link-position-3\" style=\"font-size: 13.029126213592pt;\" aria-label=\"Brasil (50 itens)\">Brasil<\/a>\n<a href=\"https:\/\/www.comunicarmais.com.br\/site\/tag\/camacari\/\" class=\"tag-cloud-link tag-link-435 tag-link-position-4\" style=\"font-size: 8.8155339805825pt;\" aria-label=\"Cama\u00e7ari (24 itens)\">Cama\u00e7ari<\/a>\n<a href=\"https:\/\/www.comunicarmais.com.br\/site\/tag\/carnaval\/\" class=\"tag-cloud-link tag-link-508 tag-link-position-5\" style=\"font-size: 12.893203883495pt;\" aria-label=\"Carnaval (49 itens)\">Carnaval<\/a>\n<a href=\"https:\/\/www.comunicarmais.com.br\/site\/tag\/cbx\/\" class=\"tag-cloud-link tag-link-1602 tag-link-position-6\" style=\"font-size: 11.398058252427pt;\" aria-label=\"CBX (38 itens)\">CBX<\/a>\n<a href=\"https:\/\/www.comunicarmais.com.br\/site\/tag\/cidade-baixa\/\" class=\"tag-cloud-link tag-link-456 tag-link-position-7\" style=\"font-size: 9.9029126213592pt;\" aria-label=\"Cidade Baixa (29 itens)\">Cidade Baixa<\/a>\n<a href=\"https:\/\/www.comunicarmais.com.br\/site\/tag\/cinema\/\" class=\"tag-cloud-link tag-link-985 tag-link-position-8\" style=\"font-size: 11.126213592233pt;\" aria-label=\"Cinema (36 itens)\">Cinema<\/a>\n<a href=\"https:\/\/www.comunicarmais.com.br\/site\/tag\/cultura\/\" class=\"tag-cloud-link tag-link-231 tag-link-position-9\" style=\"font-size: 12.21359223301pt;\" aria-label=\"Cultura (44 itens)\">Cultura<\/a>\n<a href=\"https:\/\/www.comunicarmais.com.br\/site\/tag\/drogas\/\" class=\"tag-cloud-link tag-link-165 tag-link-position-10\" style=\"font-size: 12.757281553398pt;\" aria-label=\"Drogas (48 itens)\">Drogas<\/a>\n<a href=\"https:\/\/www.comunicarmais.com.br\/site\/tag\/educacao\/\" class=\"tag-cloud-link tag-link-228 tag-link-position-11\" style=\"font-size: 12.621359223301pt;\" aria-label=\"Educa\u00e7\u00e3o (47 itens)\">Educa\u00e7\u00e3o<\/a>\n<a href=\"https:\/\/www.comunicarmais.com.br\/site\/tag\/ensino\/\" class=\"tag-cloud-link tag-link-233 tag-link-position-12\" style=\"font-size: 10.446601941748pt;\" aria-label=\"Ensino (32 itens)\">Ensino<\/a>\n<a href=\"https:\/\/www.comunicarmais.com.br\/site\/tag\/escola\/\" class=\"tag-cloud-link tag-link-229 tag-link-position-13\" style=\"font-size: 9.631067961165pt;\" aria-label=\"Escola (28 itens)\">Escola<\/a>\n<a href=\"https:\/\/www.comunicarmais.com.br\/site\/tag\/eua\/\" class=\"tag-cloud-link tag-link-664 tag-link-position-14\" style=\"font-size: 12.077669902913pt;\" aria-label=\"EUA (43 itens)\">EUA<\/a>\n<a href=\"https:\/\/www.comunicarmais.com.br\/site\/tag\/feira-de-santana\/\" class=\"tag-cloud-link tag-link-642 tag-link-position-15\" style=\"font-size: 9.2233009708738pt;\" aria-label=\"Feira de Santana (26 itens)\">Feira de Santana<\/a>\n<a href=\"https:\/\/www.comunicarmais.com.br\/site\/tag\/ficco\/\" class=\"tag-cloud-link tag-link-143 tag-link-position-16\" style=\"font-size: 9.2233009708738pt;\" aria-label=\"Ficco (26 itens)\">Ficco<\/a>\n<a href=\"https:\/\/www.comunicarmais.com.br\/site\/tag\/folia\/\" class=\"tag-cloud-link tag-link-566 tag-link-position-17\" style=\"font-size: 9.2233009708738pt;\" aria-label=\"Folia (26 itens)\">Folia<\/a>\n<a href=\"https:\/\/www.comunicarmais.com.br\/site\/tag\/futebol\/\" class=\"tag-cloud-link tag-link-40 tag-link-position-18\" style=\"font-size: 13.029126213592pt;\" aria-label=\"Futebol (50 itens)\">Futebol<\/a>\n<a href=\"https:\/\/www.comunicarmais.com.br\/site\/tag\/homicidio\/\" class=\"tag-cloud-link tag-link-101 tag-link-position-19\" style=\"font-size: 10.582524271845pt;\" aria-label=\"Homic\u00eddio (33 itens)\">Homic\u00eddio<\/a>\n<a href=\"https:\/\/www.comunicarmais.com.br\/site\/tag\/itapagipe\/\" class=\"tag-cloud-link tag-link-471 tag-link-position-20\" style=\"font-size: 10.038834951456pt;\" aria-label=\"Itapagipe (30 itens)\">Itapagipe<\/a>\n<a href=\"https:\/\/www.comunicarmais.com.br\/site\/tag\/itaparica\/\" class=\"tag-cloud-link tag-link-301 tag-link-position-21\" style=\"font-size: 8pt;\" aria-label=\"Itaparica (21 itens)\">Itaparica<\/a>\n<a href=\"https:\/\/www.comunicarmais.com.br\/site\/tag\/jeronimo-rodrigues\/\" class=\"tag-cloud-link tag-link-668 tag-link-position-22\" style=\"font-size: 8.2718446601942pt;\" aria-label=\"Jer\u00f4nimo Rodrigues (22 itens)\">Jer\u00f4nimo Rodrigues<\/a>\n<a href=\"https:\/\/www.comunicarmais.com.br\/site\/tag\/justica\/\" class=\"tag-cloud-link tag-link-361 tag-link-position-23\" style=\"font-size: 10.582524271845pt;\" aria-label=\"Justi\u00e7a (33 itens)\">Justi\u00e7a<\/a>\n<a href=\"https:\/\/www.comunicarmais.com.br\/site\/tag\/lauro-de-freitas\/\" class=\"tag-cloud-link tag-link-594 tag-link-position-24\" style=\"font-size: 18.194174757282pt;\" aria-label=\"Lauro de Freitas (122 itens)\">Lauro de Freitas<\/a>\n<a href=\"https:\/\/www.comunicarmais.com.br\/site\/tag\/lazer\/\" class=\"tag-cloud-link tag-link-568 tag-link-position-25\" style=\"font-size: 9.2233009708738pt;\" aria-label=\"Lazer (26 itens)\">Lazer<\/a>\n<a href=\"https:\/\/www.comunicarmais.com.br\/site\/tag\/lula\/\" class=\"tag-cloud-link tag-link-416 tag-link-position-26\" style=\"font-size: 12.21359223301pt;\" aria-label=\"Lula (44 itens)\">Lula<\/a>\n<a href=\"https:\/\/www.comunicarmais.com.br\/site\/tag\/meio-ambiente\/\" class=\"tag-cloud-link tag-link-475 tag-link-position-27\" style=\"font-size: 12.21359223301pt;\" aria-label=\"Meio Ambiente (44 itens)\">Meio Ambiente<\/a>\n<a href=\"https:\/\/www.comunicarmais.com.br\/site\/tag\/mobilidade\/\" class=\"tag-cloud-link tag-link-278 tag-link-position-28\" style=\"font-size: 13.844660194175pt;\" aria-label=\"Mobilidade (58 itens)\">Mobilidade<\/a>\n<a href=\"https:\/\/www.comunicarmais.com.br\/site\/tag\/mulher\/\" class=\"tag-cloud-link tag-link-450 tag-link-position-29\" style=\"font-size: 13.300970873786pt;\" aria-label=\"mulher (53 itens)\">mulher<\/a>\n<a href=\"https:\/\/www.comunicarmais.com.br\/site\/tag\/musica-2\/\" class=\"tag-cloud-link tag-link-747 tag-link-position-30\" style=\"font-size: 12.21359223301pt;\" aria-label=\"M\u00fasica (44 itens)\">M\u00fasica<\/a>\n<a href=\"https:\/\/www.comunicarmais.com.br\/site\/tag\/pcba\/\" class=\"tag-cloud-link tag-link-1332 tag-link-position-31\" style=\"font-size: 15.067961165049pt;\" aria-label=\"PCBA (72 itens)\">PCBA<\/a>\n<a href=\"https:\/\/www.comunicarmais.com.br\/site\/tag\/pmba\/\" class=\"tag-cloud-link tag-link-53 tag-link-position-32\" style=\"font-size: 18.194174757282pt;\" aria-label=\"PMBA (123 itens)\">PMBA<\/a>\n<a href=\"https:\/\/www.comunicarmais.com.br\/site\/tag\/policia-federal\/\" class=\"tag-cloud-link tag-link-620 tag-link-position-33\" style=\"font-size: 8.9514563106796pt;\" aria-label=\"Pol\u00edcia Federal (25 itens)\">Pol\u00edcia Federal<\/a>\n<a href=\"https:\/\/www.comunicarmais.com.br\/site\/tag\/politica\/\" class=\"tag-cloud-link tag-link-495 tag-link-position-34\" style=\"font-size: 16.291262135922pt;\" aria-label=\"Pol\u00edtica (89 itens)\">Pol\u00edtica<\/a>\n<a href=\"https:\/\/www.comunicarmais.com.br\/site\/tag\/rio-de-janeiro\/\" class=\"tag-cloud-link tag-link-152 tag-link-position-35\" style=\"font-size: 9.9029126213592pt;\" aria-label=\"Rio de Janeiro (29 itens)\">Rio de Janeiro<\/a>\n<a href=\"https:\/\/www.comunicarmais.com.br\/site\/tag\/salvador\/\" class=\"tag-cloud-link tag-link-125 tag-link-position-36\" style=\"font-size: 22pt;\" aria-label=\"Salvador (234 itens)\">Salvador<\/a>\n<a href=\"https:\/\/www.comunicarmais.com.br\/site\/tag\/saude\/\" class=\"tag-cloud-link tag-link-42 tag-link-position-37\" style=\"font-size: 17.78640776699pt;\" aria-label=\"Sa\u00fade (115 itens)\">Sa\u00fade<\/a>\n<a href=\"https:\/\/www.comunicarmais.com.br\/site\/tag\/seguranca\/\" class=\"tag-cloud-link tag-link-48 tag-link-position-38\" style=\"font-size: 9.2233009708738pt;\" aria-label=\"Seguran\u00e7a (26 itens)\">Seguran\u00e7a<\/a>\n<a href=\"https:\/\/www.comunicarmais.com.br\/site\/tag\/ssp-ba\/\" class=\"tag-cloud-link tag-link-1937 tag-link-position-39\" style=\"font-size: 8.9514563106796pt;\" aria-label=\"SSP-BA (25 itens)\">SSP-BA<\/a>\n<a href=\"https:\/\/www.comunicarmais.com.br\/site\/tag\/sspba\/\" class=\"tag-cloud-link tag-link-144 tag-link-position-40\" style=\"font-size: 11.398058252427pt;\" aria-label=\"SSPBA (38 itens)\">SSPBA<\/a>\n<a href=\"https:\/\/www.comunicarmais.com.br\/site\/tag\/stf\/\" class=\"tag-cloud-link tag-link-68 tag-link-position-41\" style=\"font-size: 14.252427184466pt;\" aria-label=\"STF (62 itens)\">STF<\/a>\n<a href=\"https:\/\/www.comunicarmais.com.br\/site\/tag\/sao-paulo\/\" class=\"tag-cloud-link tag-link-612 tag-link-position-42\" style=\"font-size: 8pt;\" aria-label=\"S\u00e3o Paulo (21 itens)\">S\u00e3o Paulo<\/a>\n<a href=\"https:\/\/www.comunicarmais.com.br\/site\/tag\/transito-2\/\" class=\"tag-cloud-link tag-link-377 tag-link-position-43\" style=\"font-size: 8.2718446601942pt;\" aria-label=\"tr\u00e2nsito (22 itens)\">tr\u00e2nsito<\/a>\n<a href=\"https:\/\/www.comunicarmais.com.br\/site\/tag\/turismo\/\" class=\"tag-cloud-link tag-link-225 tag-link-position-44\" style=\"font-size: 9.631067961165pt;\" aria-label=\"Turismo (28 itens)\">Turismo<\/a>\n<a href=\"https:\/\/www.comunicarmais.com.br\/site\/tag\/uruguai\/\" class=\"tag-cloud-link tag-link-323 tag-link-position-45\" style=\"font-size: 9.631067961165pt;\" aria-label=\"Uruguai (28 itens)\">Uruguai<\/a><\/p>","protected":false},"excerpt":{"rendered":"<p>Proposta \u00e9 fortalecer a compreens\u00e3o de que o SUS n\u00e3o \u00e9 apenas porta de entrada para atendimentos cl\u00ednicos, mas tamb\u00e9m uma estrutura articulada de defesa de direitos, enfrentamento \u00e0 viol\u00eancia<\/p>\n","protected":false},"author":2,"featured_media":13504,"comment_status":"open","ping_status":"open","sticky":false,"template":"","format":"standard","meta":{"_acf_changed":false,"footnotes":""},"categories":[46],"tags":[171,3453,450,42,647,452],"class_list":["post-13500","post","type-post","status-publish","format-standard","has-post-thumbnail","hentry","category-saude","tag-bahia","tag-ces","tag-mulher","tag-saude","tag-sesab","tag-sus"],"acf":[],"yoast_head":"<!-- This site is optimized with the Yoast SEO plugin v26.1.1 - https:\/\/yoast.com\/wordpress\/plugins\/seo\/ -->\n<title>Conselho Estadual de Sa\u00fade da Bahia lan\u00e7a campanha &quot;SUS por Elas: Sa\u00fade \u00e9 Viver sem Medo&quot; - Comunicar Mais<\/title>\n<meta name=\"description\" content=\"Proposta \u00e9 fortalecer a compreens\u00e3o de que o SUS n\u00e3o \u00e9 apenas porta de entrada para atendimentos cl\u00ednicos, mas tamb\u00e9m uma estrutura articulada de defesa de direitos, enfrentamento \u00e0 viol\u00eancia\" \/>\n<meta name=\"robots\" content=\"index, follow, max-snippet:-1, max-image-preview:large, max-video-preview:-1\" \/>\n<link rel=\"canonical\" href=\"https:\/\/www.comunicarmais.com.br\/site\/2026\/03\/06\/conselho-estadual-de-saude-da-bahia-lanca-campanha-sus-por-elas-saude-e-viver-sem-medo\/\" \/>\n<meta property=\"og:locale\" content=\"pt_BR\" \/>\n<meta property=\"og:type\" content=\"article\" \/>\n<meta property=\"og:title\" content=\"Conselho Estadual de Sa\u00fade da Bahia lan\u00e7a campanha &quot;SUS por Elas: Sa\u00fade \u00e9 Viver sem Medo&quot; - Comunicar Mais\" \/>\n<meta property=\"og:description\" content=\"Proposta \u00e9 fortalecer a compreens\u00e3o de que o SUS n\u00e3o \u00e9 apenas porta de entrada para atendimentos cl\u00ednicos, mas tamb\u00e9m uma estrutura articulada de defesa de direitos, enfrentamento \u00e0 viol\u00eancia\" \/>\n<meta property=\"og:url\" content=\"https:\/\/www.comunicarmais.com.br\/site\/2026\/03\/06\/conselho-estadual-de-saude-da-bahia-lanca-campanha-sus-por-elas-saude-e-viver-sem-medo\/\" \/>\n<meta property=\"og:site_name\" content=\"Comunicar Mais\" \/>\n<meta property=\"article:publisher\" content=\"https:\/\/www.facebook.com\/comunicarmais\/\" \/>\n<meta property=\"article:author\" content=\"https:\/\/www.facebook.com\/comunicarmais\/\" \/>\n<meta property=\"article:published_time\" content=\"2026-03-06T11:18:00+00:00\" \/>\n<meta property=\"article:modified_time\" content=\"2026-03-06T17:24:53+00:00\" \/>\n<meta property=\"og:image\" content=\"https:\/\/www.comunicarmais.com.br\/site\/wp-content\/uploads\/2026\/03\/SUS.png\" \/>\n\t<meta property=\"og:image:width\" content=\"2000\" \/>\n\t<meta property=\"og:image:height\" content=\"2000\" \/>\n\t<meta property=\"og:image:type\" content=\"image\/png\" \/>\n<meta name=\"author\" content=\"Comunicar Mais\" \/>\n<meta name=\"twitter:card\" content=\"summary_large_image\" \/>\n<meta name=\"twitter:creator\" content=\"@ComunicarmaisBA\" \/>\n<meta name=\"twitter:site\" content=\"@ComunicarmaisBA\" \/>\n<meta name=\"twitter:label1\" content=\"Escrito por\" \/>\n\t<meta name=\"twitter:data1\" content=\"Comunicar Mais\" \/>\n\t<meta name=\"twitter:label2\" content=\"Est. tempo de leitura\" \/>\n\t<meta name=\"twitter:data2\" content=\"4 minutos\" \/>\n<script type=\"application\/ld+json\" class=\"yoast-schema-graph\">{\"@context\":\"https:\/\/schema.org\",\"@graph\":[{\"@type\":\"WebPage\",\"@id\":\"https:\/\/www.comunicarmais.com.br\/site\/2026\/03\/06\/conselho-estadual-de-saude-da-bahia-lanca-campanha-sus-por-elas-saude-e-viver-sem-medo\/\",\"url\":\"https:\/\/www.comunicarmais.com.br\/site\/2026\/03\/06\/conselho-estadual-de-saude-da-bahia-lanca-campanha-sus-por-elas-saude-e-viver-sem-medo\/\",\"name\":\"Conselho Estadual de Sa\u00fade da Bahia lan\u00e7a campanha \\\"SUS por Elas: Sa\u00fade \u00e9 Viver sem Medo\\\" - Comunicar Mais\",\"isPartOf\":{\"@id\":\"https:\/\/www.comunicarmais.com.br\/site\/#website\"},\"primaryImageOfPage\":{\"@id\":\"https:\/\/www.comunicarmais.com.br\/site\/2026\/03\/06\/conselho-estadual-de-saude-da-bahia-lanca-campanha-sus-por-elas-saude-e-viver-sem-medo\/#primaryimage\"},\"image\":{\"@id\":\"https:\/\/www.comunicarmais.com.br\/site\/2026\/03\/06\/conselho-estadual-de-saude-da-bahia-lanca-campanha-sus-por-elas-saude-e-viver-sem-medo\/#primaryimage\"},\"thumbnailUrl\":\"https:\/\/www.comunicarmais.com.br\/site\/wp-content\/uploads\/2026\/03\/SUS.png\",\"datePublished\":\"2026-03-06T11:18:00+00:00\",\"dateModified\":\"2026-03-06T17:24:53+00:00\",\"author\":{\"@id\":\"https:\/\/www.comunicarmais.com.br\/site\/#\/schema\/person\/712f7b6b25b644e4a91c4173674cf284\"},\"description\":\"Proposta \u00e9 fortalecer a compreens\u00e3o de que o SUS n\u00e3o \u00e9 apenas porta de entrada para atendimentos cl\u00ednicos, mas tamb\u00e9m uma estrutura articulada de defesa de direitos, enfrentamento \u00e0 viol\u00eancia\",\"breadcrumb\":{\"@id\":\"https:\/\/www.comunicarmais.com.br\/site\/2026\/03\/06\/conselho-estadual-de-saude-da-bahia-lanca-campanha-sus-por-elas-saude-e-viver-sem-medo\/#breadcrumb\"},\"inLanguage\":\"pt-BR\",\"potentialAction\":[{\"@type\":\"ReadAction\",\"target\":[\"https:\/\/www.comunicarmais.com.br\/site\/2026\/03\/06\/conselho-estadual-de-saude-da-bahia-lanca-campanha-sus-por-elas-saude-e-viver-sem-medo\/\"]}]},{\"@type\":\"ImageObject\",\"inLanguage\":\"pt-BR\",\"@id\":\"https:\/\/www.comunicarmais.com.br\/site\/2026\/03\/06\/conselho-estadual-de-saude-da-bahia-lanca-campanha-sus-por-elas-saude-e-viver-sem-medo\/#primaryimage\",\"url\":\"https:\/\/www.comunicarmais.com.br\/site\/wp-content\/uploads\/2026\/03\/SUS.png\",\"contentUrl\":\"https:\/\/www.comunicarmais.com.br\/site\/wp-content\/uploads\/2026\/03\/SUS.png\",\"width\":2000,\"height\":2000},{\"@type\":\"BreadcrumbList\",\"@id\":\"https:\/\/www.comunicarmais.com.br\/site\/2026\/03\/06\/conselho-estadual-de-saude-da-bahia-lanca-campanha-sus-por-elas-saude-e-viver-sem-medo\/#breadcrumb\",\"itemListElement\":[{\"@type\":\"ListItem\",\"position\":1,\"name\":\"In\u00edcio\",\"item\":\"https:\/\/www.comunicarmais.com.br\/site\/\"},{\"@type\":\"ListItem\",\"position\":2,\"name\":\"Conselho Estadual de Sa\u00fade da Bahia lan\u00e7a campanha &#8220;SUS por Elas: Sa\u00fade \u00e9 Viver sem Medo&#8221;\"}]},{\"@type\":\"WebSite\",\"@id\":\"https:\/\/www.comunicarmais.com.br\/site\/#website\",\"url\":\"https:\/\/www.comunicarmais.com.br\/site\/\",\"name\":\"Comunicar Mais\",\"description\":\"\",\"potentialAction\":[{\"@type\":\"SearchAction\",\"target\":{\"@type\":\"EntryPoint\",\"urlTemplate\":\"https:\/\/www.comunicarmais.com.br\/site\/?s={search_term_string}\"},\"query-input\":{\"@type\":\"PropertyValueSpecification\",\"valueRequired\":true,\"valueName\":\"search_term_string\"}}],\"inLanguage\":\"pt-BR\"},{\"@type\":\"Person\",\"@id\":\"https:\/\/www.comunicarmais.com.br\/site\/#\/schema\/person\/712f7b6b25b644e4a91c4173674cf284\",\"name\":\"Comunicar Mais\",\"image\":{\"@type\":\"ImageObject\",\"inLanguage\":\"pt-BR\",\"@id\":\"https:\/\/www.comunicarmais.com.br\/site\/#\/schema\/person\/image\/\",\"url\":\"https:\/\/secure.gravatar.com\/avatar\/9803218072e2c0dc265d3d787b54c2c33325e79f79732707fddfbf1efd82c678?s=96&d=mm&r=g\",\"contentUrl\":\"https:\/\/secure.gravatar.com\/avatar\/9803218072e2c0dc265d3d787b54c2c33325e79f79732707fddfbf1efd82c678?s=96&d=mm&r=g\",\"caption\":\"Comunicar Mais\"},\"description\":\"Deixe as ideologias com os ide\u00f3logos. Noticiamos fatos, n\u00e3o brigamos com eles. Aqui, voc\u00ea fica bem informado do que acontece no seu bairro e no mundo. Informar com \u00e9tica e responsabilidade s\u00e3o as bandeiras do Comunicarmais.\",\"sameAs\":[\"https:\/\/www.comunicarmais.com.br\/site\/\",\"https:\/\/www.facebook.com\/comunicarmais\/\",\"https:\/\/www.instagram.com\/comunicarmaisba\/\",\"https:\/\/x.com\/ComunicarmaisBA\"],\"url\":\"https:\/\/www.comunicarmais.com.br\/site\/author\/gerenciador\/\"}]}<\/script>\n<!-- \/ Yoast SEO plugin. -->","yoast_head_json":{"title":"Conselho Estadual de Sa\u00fade da Bahia lan\u00e7a campanha \"SUS por Elas: Sa\u00fade \u00e9 Viver sem Medo\" - Comunicar Mais","description":"Proposta \u00e9 fortalecer a compreens\u00e3o de que o SUS n\u00e3o \u00e9 apenas porta de entrada para atendimentos cl\u00ednicos, mas tamb\u00e9m uma estrutura articulada de defesa de direitos, enfrentamento \u00e0 viol\u00eancia","robots":{"index":"index","follow":"follow","max-snippet":"max-snippet:-1","max-image-preview":"max-image-preview:large","max-video-preview":"max-video-preview:-1"},"canonical":"https:\/\/www.comunicarmais.com.br\/site\/2026\/03\/06\/conselho-estadual-de-saude-da-bahia-lanca-campanha-sus-por-elas-saude-e-viver-sem-medo\/","og_locale":"pt_BR","og_type":"article","og_title":"Conselho Estadual de Sa\u00fade da Bahia lan\u00e7a campanha \"SUS por Elas: Sa\u00fade \u00e9 Viver sem Medo\" - Comunicar Mais","og_description":"Proposta \u00e9 fortalecer a compreens\u00e3o de que o SUS n\u00e3o \u00e9 apenas porta de entrada para atendimentos cl\u00ednicos, mas tamb\u00e9m uma estrutura articulada de defesa de direitos, enfrentamento \u00e0 viol\u00eancia","og_url":"https:\/\/www.comunicarmais.com.br\/site\/2026\/03\/06\/conselho-estadual-de-saude-da-bahia-lanca-campanha-sus-por-elas-saude-e-viver-sem-medo\/","og_site_name":"Comunicar Mais","article_publisher":"https:\/\/www.facebook.com\/comunicarmais\/","article_author":"https:\/\/www.facebook.com\/comunicarmais\/","article_published_time":"2026-03-06T11:18:00+00:00","article_modified_time":"2026-03-06T17:24:53+00:00","og_image":[{"width":2000,"height":2000,"url":"https:\/\/www.comunicarmais.com.br\/site\/wp-content\/uploads\/2026\/03\/SUS.png","type":"image\/png"}],"author":"Comunicar Mais","twitter_card":"summary_large_image","twitter_creator":"@ComunicarmaisBA","twitter_site":"@ComunicarmaisBA","twitter_misc":{"Escrito por":"Comunicar Mais","Est. tempo de leitura":"4 minutos"},"schema":{"@context":"https:\/\/schema.org","@graph":[{"@type":"WebPage","@id":"https:\/\/www.comunicarmais.com.br\/site\/2026\/03\/06\/conselho-estadual-de-saude-da-bahia-lanca-campanha-sus-por-elas-saude-e-viver-sem-medo\/","url":"https:\/\/www.comunicarmais.com.br\/site\/2026\/03\/06\/conselho-estadual-de-saude-da-bahia-lanca-campanha-sus-por-elas-saude-e-viver-sem-medo\/","name":"Conselho Estadual de Sa\u00fade da Bahia lan\u00e7a campanha \"SUS por Elas: Sa\u00fade \u00e9 Viver sem Medo\" - Comunicar Mais","isPartOf":{"@id":"https:\/\/www.comunicarmais.com.br\/site\/#website"},"primaryImageOfPage":{"@id":"https:\/\/www.comunicarmais.com.br\/site\/2026\/03\/06\/conselho-estadual-de-saude-da-bahia-lanca-campanha-sus-por-elas-saude-e-viver-sem-medo\/#primaryimage"},"image":{"@id":"https:\/\/www.comunicarmais.com.br\/site\/2026\/03\/06\/conselho-estadual-de-saude-da-bahia-lanca-campanha-sus-por-elas-saude-e-viver-sem-medo\/#primaryimage"},"thumbnailUrl":"https:\/\/www.comunicarmais.com.br\/site\/wp-content\/uploads\/2026\/03\/SUS.png","datePublished":"2026-03-06T11:18:00+00:00","dateModified":"2026-03-06T17:24:53+00:00","author":{"@id":"https:\/\/www.comunicarmais.com.br\/site\/#\/schema\/person\/712f7b6b25b644e4a91c4173674cf284"},"description":"Proposta \u00e9 fortalecer a compreens\u00e3o de que o SUS n\u00e3o \u00e9 apenas porta de entrada para atendimentos cl\u00ednicos, mas tamb\u00e9m uma estrutura articulada de defesa de direitos, enfrentamento \u00e0 viol\u00eancia","breadcrumb":{"@id":"https:\/\/www.comunicarmais.com.br\/site\/2026\/03\/06\/conselho-estadual-de-saude-da-bahia-lanca-campanha-sus-por-elas-saude-e-viver-sem-medo\/#breadcrumb"},"inLanguage":"pt-BR","potentialAction":[{"@type":"ReadAction","target":["https:\/\/www.comunicarmais.com.br\/site\/2026\/03\/06\/conselho-estadual-de-saude-da-bahia-lanca-campanha-sus-por-elas-saude-e-viver-sem-medo\/"]}]},{"@type":"ImageObject","inLanguage":"pt-BR","@id":"https:\/\/www.comunicarmais.com.br\/site\/2026\/03\/06\/conselho-estadual-de-saude-da-bahia-lanca-campanha-sus-por-elas-saude-e-viver-sem-medo\/#primaryimage","url":"https:\/\/www.comunicarmais.com.br\/site\/wp-content\/uploads\/2026\/03\/SUS.png","contentUrl":"https:\/\/www.comunicarmais.com.br\/site\/wp-content\/uploads\/2026\/03\/SUS.png","width":2000,"height":2000},{"@type":"BreadcrumbList","@id":"https:\/\/www.comunicarmais.com.br\/site\/2026\/03\/06\/conselho-estadual-de-saude-da-bahia-lanca-campanha-sus-por-elas-saude-e-viver-sem-medo\/#breadcrumb","itemListElement":[{"@type":"ListItem","position":1,"name":"In\u00edcio","item":"https:\/\/www.comunicarmais.com.br\/site\/"},{"@type":"ListItem","position":2,"name":"Conselho Estadual de Sa\u00fade da Bahia lan\u00e7a campanha &#8220;SUS por Elas: Sa\u00fade \u00e9 Viver sem Medo&#8221;"}]},{"@type":"WebSite","@id":"https:\/\/www.comunicarmais.com.br\/site\/#website","url":"https:\/\/www.comunicarmais.com.br\/site\/","name":"Comunicar Mais","description":"","potentialAction":[{"@type":"SearchAction","target":{"@type":"EntryPoint","urlTemplate":"https:\/\/www.comunicarmais.com.br\/site\/?s={search_term_string}"},"query-input":{"@type":"PropertyValueSpecification","valueRequired":true,"valueName":"search_term_string"}}],"inLanguage":"pt-BR"},{"@type":"Person","@id":"https:\/\/www.comunicarmais.com.br\/site\/#\/schema\/person\/712f7b6b25b644e4a91c4173674cf284","name":"Comunicar Mais","image":{"@type":"ImageObject","inLanguage":"pt-BR","@id":"https:\/\/www.comunicarmais.com.br\/site\/#\/schema\/person\/image\/","url":"https:\/\/secure.gravatar.com\/avatar\/9803218072e2c0dc265d3d787b54c2c33325e79f79732707fddfbf1efd82c678?s=96&d=mm&r=g","contentUrl":"https:\/\/secure.gravatar.com\/avatar\/9803218072e2c0dc265d3d787b54c2c33325e79f79732707fddfbf1efd82c678?s=96&d=mm&r=g","caption":"Comunicar Mais"},"description":"Deixe as ideologias com os ide\u00f3logos. Noticiamos fatos, n\u00e3o brigamos com eles. Aqui, voc\u00ea fica bem informado do que acontece no seu bairro e no mundo. Informar com \u00e9tica e responsabilidade s\u00e3o as bandeiras do Comunicarmais.","sameAs":["https:\/\/www.comunicarmais.com.br\/site\/","https:\/\/www.facebook.com\/comunicarmais\/","https:\/\/www.instagram.com\/comunicarmaisba\/","https:\/\/x.com\/ComunicarmaisBA"],"url":"https:\/\/www.comunicarmais.com.br\/site\/author\/gerenciador\/"}]}},"_links":{"self":[{"href":"https:\/\/www.comunicarmais.com.br\/site\/wp-json\/wp\/v2\/posts\/13500","targetHints":{"allow":["GET"]}}],"collection":[{"href":"https:\/\/www.comunicarmais.com.br\/site\/wp-json\/wp\/v2\/posts"}],"about":[{"href":"https:\/\/www.comunicarmais.com.br\/site\/wp-json\/wp\/v2\/types\/post"}],"author":[{"embeddable":true,"href":"https:\/\/www.comunicarmais.com.br\/site\/wp-json\/wp\/v2\/users\/2"}],"replies":[{"embeddable":true,"href":"https:\/\/www.comunicarmais.com.br\/site\/wp-json\/wp\/v2\/comments?post=13500"}],"version-history":[{"count":1,"href":"https:\/\/www.comunicarmais.com.br\/site\/wp-json\/wp\/v2\/posts\/13500\/revisions"}],"predecessor-version":[{"id":13505,"href":"https:\/\/www.comunicarmais.com.br\/site\/wp-json\/wp\/v2\/posts\/13500\/revisions\/13505"}],"wp:featuredmedia":[{"embeddable":true,"href":"https:\/\/www.comunicarmais.com.br\/site\/wp-json\/wp\/v2\/media\/13504"}],"wp:attachment":[{"href":"https:\/\/www.comunicarmais.com.br\/site\/wp-json\/wp\/v2\/media?parent=13500"}],"wp:term":[{"taxonomy":"category","embeddable":true,"href":"https:\/\/www.comunicarmais.com.br\/site\/wp-json\/wp\/v2\/categories?post=13500"},{"taxonomy":"post_tag","embeddable":true,"href":"https:\/\/www.comunicarmais.com.br\/site\/wp-json\/wp\/v2\/tags?post=13500"}],"curies":[{"name":"wp","href":"https:\/\/api.w.org\/{rel}","templated":true}]}}