{"id":13394,"date":"2026-02-27T22:52:00","date_gmt":"2026-02-28T01:52:00","guid":{"rendered":"https:\/\/www.comunicarmais.com.br\/site\/?p=13394"},"modified":"2026-03-02T22:14:17","modified_gmt":"2026-03-03T01:14:17","slug":"promotor-pedro-maia-e-reconduzido-ao-comando-do-ministerio-publico-da-bahia","status":"publish","type":"post","link":"https:\/\/www.comunicarmais.com.br\/site\/2026\/02\/27\/promotor-pedro-maia-e-reconduzido-ao-comando-do-ministerio-publico-da-bahia\/","title":{"rendered":"Promotor Pedro Maia \u00e9 reconduzido ao comando do Minist\u00e9rio P\u00fablico da Bahia"},"content":{"rendered":"\n<p><strong>Procurador apresentou entregas da primeira gest\u00e3o e destacou que Institui\u00e7\u00e3o atravessa desafio geracional<\/strong><\/p>\n\n\n\n<figure class=\"wp-block-image size-large\"><img decoding=\"async\" width=\"1433\" height=\"955\" data-src=\"https:\/\/www.comunicarmais.com.br\/site\/wp-content\/uploads\/2026\/03\/WhatsApp-Image-2026-02-27-at-20.08.38-1433x955.jpeg\" alt=\"\" class=\"wp-image-13397 lazyload\" data-srcset=\"https:\/\/www.comunicarmais.com.br\/site\/wp-content\/uploads\/2026\/03\/WhatsApp-Image-2026-02-27-at-20.08.38-1433x955.jpeg 1433w, https:\/\/www.comunicarmais.com.br\/site\/wp-content\/uploads\/2026\/03\/WhatsApp-Image-2026-02-27-at-20.08.38-1024x682.jpeg 1024w, https:\/\/www.comunicarmais.com.br\/site\/wp-content\/uploads\/2026\/03\/WhatsApp-Image-2026-02-27-at-20.08.38-768x512.jpeg 768w, https:\/\/www.comunicarmais.com.br\/site\/wp-content\/uploads\/2026\/03\/WhatsApp-Image-2026-02-27-at-20.08.38-1536x1023.jpeg 1536w, https:\/\/www.comunicarmais.com.br\/site\/wp-content\/uploads\/2026\/03\/WhatsApp-Image-2026-02-27-at-20.08.38.jpeg 1600w\" data-sizes=\"(max-width: 1433px) 100vw, 1433px\" src=\"data:image\/svg+xml;base64,PHN2ZyB3aWR0aD0iMSIgaGVpZ2h0PSIxIiB4bWxucz0iaHR0cDovL3d3dy53My5vcmcvMjAwMC9zdmciPjwvc3ZnPg==\" style=\"--smush-placeholder-width: 1433px; --smush-placeholder-aspect-ratio: 1433\/955;\" \/><figcaption class=\"wp-element-caption\"><em><sup>(Foto: Wuiga Rubini\/GOVBA)<\/sup><\/em><\/figcaption><\/figure>\n\n\n\n<p><strong>Reda\u00e7\u00e3o Mais &#8211; <\/strong>O procurador-geral de Justi\u00e7a da Bahia, Pedro Maia, tomou posse nesta sexta-feira (27) para exercer o seu segundo mandato, bi\u00eanio 2026-2028, como chefe do Minist\u00e9rio P\u00fablico da Bahia (MPBA). Atual presidente do Conselho Nacional dos Procuradores-Gerais (CNPG), Maia fez uma reflex\u00e3o hist\u00f3rica dos efeitos pr\u00e1ticos e simb\u00f3licos, convergindo passado, presente e futuro, da institui\u00e7\u00e3o Minist\u00e9rio P\u00fablico para a na\u00e7\u00e3o, sociedade e Estado brasileiros. Apresentou resultados de destaque da primeira gest\u00e3o e apontou uma s\u00edntese do desenho institucional e organizacional do MP do futuro.<\/p>\n\n\n\n<p>A solenidade, com centenas pessoas que lotaram a sede do MP-BA no Centro Administrativo da Bahia (CAB), contou com a presen\u00e7a de autoridades e artistas dos diversos estados do Brasil, entre eles o governador Jer\u00f4nimo Rodrigues; os ministros de Estado Rui Costa, da Casa Civil; Margareth Menezes, da Cultura; e Wellington C\u00e9sar Lima e Silva, da Justi\u00e7a; os ministros Carlos Brand\u00e3o, do Superior Tribunal de Justi\u00e7a, e Ver\u00f4nica Abdalla, do Superior Tribunal Militar; o senador \u00c2ngelo Coronel; o presidente do Tribunal de Justi\u00e7a da Bahia, desembargador Jos\u00e9 Edivaldo Rotondano; a presidente da Assembleia Legislativa, deputada Ivana Bastos; v\u00e1rios procuradores-gerais e conselheiros do CNMP e do CNJ.<\/p>\n\n\n\n<figure class=\"wp-block-image size-full is-resized\"><img decoding=\"async\" width=\"799\" height=\"554\" data-src=\"https:\/\/www.comunicarmais.com.br\/site\/wp-content\/uploads\/2026\/03\/nel-.jpg\" alt=\"\" class=\"wp-image-13396 lazyload\" style=\"--smush-placeholder-width: 799px; --smush-placeholder-aspect-ratio: 799\/554;width:833px;height:auto\" data-srcset=\"https:\/\/www.comunicarmais.com.br\/site\/wp-content\/uploads\/2026\/03\/nel-.jpg 799w, https:\/\/www.comunicarmais.com.br\/site\/wp-content\/uploads\/2026\/03\/nel--768x533.jpg 768w\" data-sizes=\"(max-width: 799px) 100vw, 799px\" src=\"data:image\/svg+xml;base64,PHN2ZyB3aWR0aD0iMSIgaGVpZ2h0PSIxIiB4bWxucz0iaHR0cDovL3d3dy53My5vcmcvMjAwMC9zdmciPjwvc3ZnPg==\" \/><figcaption class=\"wp-element-caption\"><em><sup>(Foto: Wuiga Rubini\/GOVBA)<\/sup><\/em><\/figcaption><\/figure>\n\n\n\n<p>Reeleito com quase 98% do total poss\u00edvel de votos, Pedro Maia que segue \u00e0 frente da institui\u00e7\u00e3o no bi\u00eanio 2026\/2028. Na ocasi\u00e3o, Jer\u00f4nimo destacou o papel do Minist\u00e9rio P\u00fablico na defesa da popula\u00e7\u00e3o baiana.<\/p>\n\n\n\n<p>\u00c0 frente do MPBA desde 2024, Pedro Maia liderou projetos estrat\u00e9gicos e iniciativas inovadoras, como a cria\u00e7\u00e3o do Centro de Autocomposi\u00e7\u00e3o e Constru\u00e7\u00e3o de Consensos (Compor), que j\u00e1 viabilizou quase 100 acordos em demandas coletivas de grande impacto social, evitando judicializa\u00e7\u00f5es. A gest\u00e3o atua com foco em tr\u00eas grandes eixos: Seguran\u00e7a P\u00fablica, Desenvolvimento Humano e Sustentabilidade.<\/p>\n\n\n\n<p>\u201cNos pr\u00f3ximos dois anos, a proposta \u00e9 fortalecer um MP mais pr\u00f3ximo, humano e em di\u00e1logo com a sociedade, garantindo direitos e transformando realidades\u201d, explicou o procurador.<\/p>\n\n\n\n<figure class=\"wp-block-image size-large\"><img decoding=\"async\" width=\"1433\" height=\"955\" data-src=\"https:\/\/www.comunicarmais.com.br\/site\/wp-content\/uploads\/2026\/03\/WhatsApp-Image-2026-02-27-at-20.08.36-1433x955.jpeg\" alt=\"\" class=\"wp-image-13398 lazyload\" data-srcset=\"https:\/\/www.comunicarmais.com.br\/site\/wp-content\/uploads\/2026\/03\/WhatsApp-Image-2026-02-27-at-20.08.36-1433x955.jpeg 1433w, https:\/\/www.comunicarmais.com.br\/site\/wp-content\/uploads\/2026\/03\/WhatsApp-Image-2026-02-27-at-20.08.36-1024x682.jpeg 1024w, https:\/\/www.comunicarmais.com.br\/site\/wp-content\/uploads\/2026\/03\/WhatsApp-Image-2026-02-27-at-20.08.36-768x512.jpeg 768w, https:\/\/www.comunicarmais.com.br\/site\/wp-content\/uploads\/2026\/03\/WhatsApp-Image-2026-02-27-at-20.08.36-1536x1023.jpeg 1536w, https:\/\/www.comunicarmais.com.br\/site\/wp-content\/uploads\/2026\/03\/WhatsApp-Image-2026-02-27-at-20.08.36.jpeg 1600w\" data-sizes=\"(max-width: 1433px) 100vw, 1433px\" src=\"data:image\/svg+xml;base64,PHN2ZyB3aWR0aD0iMSIgaGVpZ2h0PSIxIiB4bWxucz0iaHR0cDovL3d3dy53My5vcmcvMjAwMC9zdmciPjwvc3ZnPg==\" style=\"--smush-placeholder-width: 1433px; --smush-placeholder-aspect-ratio: 1433\/955;\" \/><figcaption class=\"wp-element-caption\"><em><sup>(Foto: Wuiga Rubini\/GOVBA)<\/sup><\/em><\/figcaption><\/figure>\n\n\n\n<p>Para o secret\u00e1rio de Rela\u00e7\u00f5es Institucionais, Adolpho Loyola, esse novo mandato refor\u00e7a a parceria do MPBA com o Estado da Bahia. \u201cMantemos uma coopera\u00e7\u00e3o importante no combate ao crime organizado e \u00e0s desigualdades na Bahia\u201d, afirmou.<\/p>\n\n\n\n<figure class=\"wp-block-image size-large\"><img decoding=\"async\" width=\"1433\" height=\"955\" data-src=\"https:\/\/www.comunicarmais.com.br\/site\/wp-content\/uploads\/2026\/03\/WhatsApp-Image-2026-02-27-at-20.08.37-1433x955.jpeg\" alt=\"\" class=\"wp-image-13399 lazyload\" data-srcset=\"https:\/\/www.comunicarmais.com.br\/site\/wp-content\/uploads\/2026\/03\/WhatsApp-Image-2026-02-27-at-20.08.37-1433x955.jpeg 1433w, https:\/\/www.comunicarmais.com.br\/site\/wp-content\/uploads\/2026\/03\/WhatsApp-Image-2026-02-27-at-20.08.37-1024x682.jpeg 1024w, https:\/\/www.comunicarmais.com.br\/site\/wp-content\/uploads\/2026\/03\/WhatsApp-Image-2026-02-27-at-20.08.37-768x512.jpeg 768w, https:\/\/www.comunicarmais.com.br\/site\/wp-content\/uploads\/2026\/03\/WhatsApp-Image-2026-02-27-at-20.08.37-1536x1023.jpeg 1536w, https:\/\/www.comunicarmais.com.br\/site\/wp-content\/uploads\/2026\/03\/WhatsApp-Image-2026-02-27-at-20.08.37.jpeg 1600w\" data-sizes=\"(max-width: 1433px) 100vw, 1433px\" src=\"data:image\/svg+xml;base64,PHN2ZyB3aWR0aD0iMSIgaGVpZ2h0PSIxIiB4bWxucz0iaHR0cDovL3d3dy53My5vcmcvMjAwMC9zdmciPjwvc3ZnPg==\" style=\"--smush-placeholder-width: 1433px; --smush-placeholder-aspect-ratio: 1433\/955;\" \/><figcaption class=\"wp-element-caption\"><sup>Pedro Maia entre o ministro da Casa Civil, Rui Costa e o governador da Bahia, Jer\u00f4nimo Rodrigues<\/sup> <em><sup>(Foto: Wuiga Rubini\/GOVBA)<\/sup><\/em><\/figcaption><\/figure>\n\n\n\n<p>O presidente da Associa\u00e7\u00e3o Nacional dos Membros do Minist\u00e9rio P\u00fablico (Conamp), promotor de Justi\u00e7a Tarc\u00edsio Bonfim, celebrou a recondu\u00e7\u00e3o de Pedro Maia ao cargo e registrou que \u201creconduzir um l\u00edder \u00e9, talvez, a mais eloquente demonstra\u00e7\u00e3o de confian\u00e7a que uma decis\u00e3o pode oferecer. \u00c9 afirmar de maneira clara e serena, que o caminho trilhado foi o caminho certo, e que desejamos, com ainda mais conex\u00e3o e esp\u00edrito p\u00fablico, avan\u00e7ar\u201d.<\/p>\n\n\n\n<figure class=\"wp-block-image size-large\"><img decoding=\"async\" width=\"1433\" height=\"955\" data-src=\"https:\/\/www.comunicarmais.com.br\/site\/wp-content\/uploads\/2026\/03\/WhatsApp-Image-2026-02-27-at-20.08.37-2-1433x955.jpeg\" alt=\"\" class=\"wp-image-13400 lazyload\" data-srcset=\"https:\/\/www.comunicarmais.com.br\/site\/wp-content\/uploads\/2026\/03\/WhatsApp-Image-2026-02-27-at-20.08.37-2-1433x955.jpeg 1433w, https:\/\/www.comunicarmais.com.br\/site\/wp-content\/uploads\/2026\/03\/WhatsApp-Image-2026-02-27-at-20.08.37-2-1024x682.jpeg 1024w, https:\/\/www.comunicarmais.com.br\/site\/wp-content\/uploads\/2026\/03\/WhatsApp-Image-2026-02-27-at-20.08.37-2-768x512.jpeg 768w, https:\/\/www.comunicarmais.com.br\/site\/wp-content\/uploads\/2026\/03\/WhatsApp-Image-2026-02-27-at-20.08.37-2-1536x1023.jpeg 1536w, https:\/\/www.comunicarmais.com.br\/site\/wp-content\/uploads\/2026\/03\/WhatsApp-Image-2026-02-27-at-20.08.37-2.jpeg 1600w\" data-sizes=\"(max-width: 1433px) 100vw, 1433px\" src=\"data:image\/svg+xml;base64,PHN2ZyB3aWR0aD0iMSIgaGVpZ2h0PSIxIiB4bWxucz0iaHR0cDovL3d3dy53My5vcmcvMjAwMC9zdmciPjwvc3ZnPg==\" style=\"--smush-placeholder-width: 1433px; --smush-placeholder-aspect-ratio: 1433\/955;\" \/><figcaption class=\"wp-element-caption\"><em><sup>(Foto: Wuiga Rubini\/GOVBA)<\/sup><\/em><\/figcaption><\/figure>\n\n\n\n<p>\u201cEste momento simboliza o fortalecimento institucional. Quero um Minist\u00e9rio P\u00fablico forte, que ajude a Bahia a garantir direitos e a cumprir efetivamente a Constitui\u00e7\u00e3o. Desejo sucesso neste novo mandato, que, mais amadurecido, possa contribuir ainda mais com a\u00e7\u00f5es concretas para a sociedade\u201d, afirmou o governador Jer\u00f4nimo Rodrigues.<\/p>\n\n\n\n<p>Pedro Maia tamb\u00e9m \u00e9 o atual presidente do Conselho Nacional dos Procuradores-Gerais do Minist\u00e9rio P\u00fablico dos Estados e da Uni\u00e3o (CNPG), colegiado que re\u00fane os chefes dos Minist\u00e9rios P\u00fablicos estaduais (MPEs), Federal (MPF), Militar (MPM), do Trabalho (MPT) e do Distrito Federal e Territ\u00f3rios (MPDFT), ampliando a articula\u00e7\u00e3o da Bahia no cen\u00e1rio nacional.<\/p>\n\n\n\n<p>________________________________________________________________________________________________________________<\/p>\n\n\n<p class=\"wp-block-tag-cloud\"><a href=\"https:\/\/www.comunicarmais.com.br\/site\/tag\/bahia\/\" class=\"tag-cloud-link tag-link-171 tag-link-position-1\" style=\"font-size: 17.826923076923pt;\" aria-label=\"Bahia (116 itens)\">Bahia<\/a>\n<a href=\"https:\/\/www.comunicarmais.com.br\/site\/tag\/bolsonaro\/\" class=\"tag-cloud-link tag-link-112 tag-link-position-2\" style=\"font-size: 11.5pt;\" aria-label=\"Bolsonaro (39 itens)\">Bolsonaro<\/a>\n<a href=\"https:\/\/www.comunicarmais.com.br\/site\/tag\/brasil\/\" class=\"tag-cloud-link tag-link-335 tag-link-position-3\" style=\"font-size: 12.980769230769pt;\" aria-label=\"Brasil (50 itens)\">Brasil<\/a>\n<a href=\"https:\/\/www.comunicarmais.com.br\/site\/tag\/camacari\/\" class=\"tag-cloud-link tag-link-435 tag-link-position-4\" style=\"font-size: 8.8076923076923pt;\" aria-label=\"Cama\u00e7ari (24 itens)\">Cama\u00e7ari<\/a>\n<a href=\"https:\/\/www.comunicarmais.com.br\/site\/tag\/carnaval\/\" class=\"tag-cloud-link tag-link-508 tag-link-position-5\" style=\"font-size: 12.846153846154pt;\" aria-label=\"Carnaval (49 itens)\">Carnaval<\/a>\n<a href=\"https:\/\/www.comunicarmais.com.br\/site\/tag\/cbx\/\" class=\"tag-cloud-link tag-link-1602 tag-link-position-6\" style=\"font-size: 11.365384615385pt;\" aria-label=\"CBX (38 itens)\">CBX<\/a>\n<a href=\"https:\/\/www.comunicarmais.com.br\/site\/tag\/cidade-baixa\/\" class=\"tag-cloud-link tag-link-456 tag-link-position-7\" style=\"font-size: 9.8846153846154pt;\" aria-label=\"Cidade Baixa (29 itens)\">Cidade Baixa<\/a>\n<a href=\"https:\/\/www.comunicarmais.com.br\/site\/tag\/cinema\/\" class=\"tag-cloud-link tag-link-985 tag-link-position-8\" style=\"font-size: 11.096153846154pt;\" aria-label=\"Cinema (36 itens)\">Cinema<\/a>\n<a href=\"https:\/\/www.comunicarmais.com.br\/site\/tag\/cultura\/\" class=\"tag-cloud-link tag-link-231 tag-link-position-9\" style=\"font-size: 12.307692307692pt;\" aria-label=\"Cultura (45 itens)\">Cultura<\/a>\n<a href=\"https:\/\/www.comunicarmais.com.br\/site\/tag\/drogas\/\" class=\"tag-cloud-link tag-link-165 tag-link-position-10\" style=\"font-size: 12.711538461538pt;\" aria-label=\"Drogas (48 itens)\">Drogas<\/a>\n<a href=\"https:\/\/www.comunicarmais.com.br\/site\/tag\/educacao\/\" class=\"tag-cloud-link tag-link-228 tag-link-position-11\" style=\"font-size: 12.576923076923pt;\" aria-label=\"Educa\u00e7\u00e3o (47 itens)\">Educa\u00e7\u00e3o<\/a>\n<a href=\"https:\/\/www.comunicarmais.com.br\/site\/tag\/ensino\/\" class=\"tag-cloud-link tag-link-233 tag-link-position-12\" style=\"font-size: 10.423076923077pt;\" aria-label=\"Ensino (32 itens)\">Ensino<\/a>\n<a href=\"https:\/\/www.comunicarmais.com.br\/site\/tag\/escola\/\" class=\"tag-cloud-link tag-link-229 tag-link-position-13\" style=\"font-size: 9.6153846153846pt;\" aria-label=\"Escola (28 itens)\">Escola<\/a>\n<a href=\"https:\/\/www.comunicarmais.com.br\/site\/tag\/eua\/\" class=\"tag-cloud-link tag-link-664 tag-link-position-14\" style=\"font-size: 12.038461538462pt;\" aria-label=\"EUA (43 itens)\">EUA<\/a>\n<a href=\"https:\/\/www.comunicarmais.com.br\/site\/tag\/feira-de-santana\/\" class=\"tag-cloud-link tag-link-642 tag-link-position-15\" style=\"font-size: 9.2115384615385pt;\" aria-label=\"Feira de Santana (26 itens)\">Feira de Santana<\/a>\n<a href=\"https:\/\/www.comunicarmais.com.br\/site\/tag\/ficco\/\" class=\"tag-cloud-link tag-link-143 tag-link-position-16\" style=\"font-size: 9.2115384615385pt;\" aria-label=\"Ficco (26 itens)\">Ficco<\/a>\n<a href=\"https:\/\/www.comunicarmais.com.br\/site\/tag\/folia\/\" class=\"tag-cloud-link tag-link-566 tag-link-position-17\" style=\"font-size: 9.2115384615385pt;\" aria-label=\"Folia (26 itens)\">Folia<\/a>\n<a href=\"https:\/\/www.comunicarmais.com.br\/site\/tag\/futebol\/\" class=\"tag-cloud-link tag-link-40 tag-link-position-18\" style=\"font-size: 12.980769230769pt;\" aria-label=\"Futebol (50 itens)\">Futebol<\/a>\n<a href=\"https:\/\/www.comunicarmais.com.br\/site\/tag\/homicidio\/\" class=\"tag-cloud-link tag-link-101 tag-link-position-19\" style=\"font-size: 10.692307692308pt;\" aria-label=\"Homic\u00eddio (34 itens)\">Homic\u00eddio<\/a>\n<a href=\"https:\/\/www.comunicarmais.com.br\/site\/tag\/itapagipe\/\" class=\"tag-cloud-link tag-link-471 tag-link-position-20\" style=\"font-size: 10.019230769231pt;\" aria-label=\"Itapagipe (30 itens)\">Itapagipe<\/a>\n<a href=\"https:\/\/www.comunicarmais.com.br\/site\/tag\/itaparica\/\" class=\"tag-cloud-link tag-link-301 tag-link-position-21\" style=\"font-size: 8pt;\" aria-label=\"Itaparica (21 itens)\">Itaparica<\/a>\n<a href=\"https:\/\/www.comunicarmais.com.br\/site\/tag\/jeronimo-rodrigues\/\" class=\"tag-cloud-link tag-link-668 tag-link-position-22\" style=\"font-size: 8.2692307692308pt;\" aria-label=\"Jer\u00f4nimo Rodrigues (22 itens)\">Jer\u00f4nimo Rodrigues<\/a>\n<a href=\"https:\/\/www.comunicarmais.com.br\/site\/tag\/justica\/\" class=\"tag-cloud-link tag-link-361 tag-link-position-23\" style=\"font-size: 10.557692307692pt;\" aria-label=\"Justi\u00e7a (33 itens)\">Justi\u00e7a<\/a>\n<a href=\"https:\/\/www.comunicarmais.com.br\/site\/tag\/lauro-de-freitas\/\" class=\"tag-cloud-link tag-link-594 tag-link-position-24\" style=\"font-size: 18.096153846154pt;\" aria-label=\"Lauro de Freitas (123 itens)\">Lauro de Freitas<\/a>\n<a href=\"https:\/\/www.comunicarmais.com.br\/site\/tag\/lazer\/\" class=\"tag-cloud-link tag-link-568 tag-link-position-25\" style=\"font-size: 9.2115384615385pt;\" aria-label=\"Lazer (26 itens)\">Lazer<\/a>\n<a href=\"https:\/\/www.comunicarmais.com.br\/site\/tag\/lula\/\" class=\"tag-cloud-link tag-link-416 tag-link-position-26\" style=\"font-size: 12.173076923077pt;\" aria-label=\"Lula (44 itens)\">Lula<\/a>\n<a href=\"https:\/\/www.comunicarmais.com.br\/site\/tag\/meio-ambiente\/\" class=\"tag-cloud-link tag-link-475 tag-link-position-27\" style=\"font-size: 12.173076923077pt;\" aria-label=\"Meio Ambiente (44 itens)\">Meio Ambiente<\/a>\n<a href=\"https:\/\/www.comunicarmais.com.br\/site\/tag\/mobilidade\/\" class=\"tag-cloud-link tag-link-278 tag-link-position-28\" style=\"font-size: 13.788461538462pt;\" aria-label=\"Mobilidade (58 itens)\">Mobilidade<\/a>\n<a href=\"https:\/\/www.comunicarmais.com.br\/site\/tag\/mulher\/\" class=\"tag-cloud-link tag-link-450 tag-link-position-29\" style=\"font-size: 13.25pt;\" aria-label=\"mulher (53 itens)\">mulher<\/a>\n<a href=\"https:\/\/www.comunicarmais.com.br\/site\/tag\/musica-2\/\" class=\"tag-cloud-link tag-link-747 tag-link-position-30\" style=\"font-size: 12.173076923077pt;\" aria-label=\"M\u00fasica (44 itens)\">M\u00fasica<\/a>\n<a href=\"https:\/\/www.comunicarmais.com.br\/site\/tag\/pcba\/\" class=\"tag-cloud-link tag-link-1332 tag-link-position-31\" style=\"font-size: 15pt;\" aria-label=\"PCBA (72 itens)\">PCBA<\/a>\n<a href=\"https:\/\/www.comunicarmais.com.br\/site\/tag\/pmba\/\" class=\"tag-cloud-link tag-link-53 tag-link-position-32\" style=\"font-size: 18.096153846154pt;\" aria-label=\"PMBA (123 itens)\">PMBA<\/a>\n<a href=\"https:\/\/www.comunicarmais.com.br\/site\/tag\/policia-federal\/\" class=\"tag-cloud-link tag-link-620 tag-link-position-33\" style=\"font-size: 8.9423076923077pt;\" aria-label=\"Pol\u00edcia Federal (25 itens)\">Pol\u00edcia Federal<\/a>\n<a href=\"https:\/\/www.comunicarmais.com.br\/site\/tag\/politica\/\" class=\"tag-cloud-link tag-link-495 tag-link-position-34\" style=\"font-size: 16.211538461538pt;\" aria-label=\"Pol\u00edtica (89 itens)\">Pol\u00edtica<\/a>\n<a href=\"https:\/\/www.comunicarmais.com.br\/site\/tag\/rio-de-janeiro\/\" class=\"tag-cloud-link tag-link-152 tag-link-position-35\" style=\"font-size: 9.8846153846154pt;\" aria-label=\"Rio de Janeiro (29 itens)\">Rio de Janeiro<\/a>\n<a href=\"https:\/\/www.comunicarmais.com.br\/site\/tag\/salvador\/\" class=\"tag-cloud-link tag-link-125 tag-link-position-36\" style=\"font-size: 22pt;\" aria-label=\"Salvador (237 itens)\">Salvador<\/a>\n<a href=\"https:\/\/www.comunicarmais.com.br\/site\/tag\/saude\/\" class=\"tag-cloud-link tag-link-42 tag-link-position-37\" style=\"font-size: 17.826923076923pt;\" aria-label=\"Sa\u00fade (117 itens)\">Sa\u00fade<\/a>\n<a href=\"https:\/\/www.comunicarmais.com.br\/site\/tag\/seguranca\/\" class=\"tag-cloud-link tag-link-48 tag-link-position-38\" style=\"font-size: 9.2115384615385pt;\" aria-label=\"Seguran\u00e7a (26 itens)\">Seguran\u00e7a<\/a>\n<a href=\"https:\/\/www.comunicarmais.com.br\/site\/tag\/ssp-ba\/\" class=\"tag-cloud-link tag-link-1937 tag-link-position-39\" style=\"font-size: 8.9423076923077pt;\" aria-label=\"SSP-BA (25 itens)\">SSP-BA<\/a>\n<a href=\"https:\/\/www.comunicarmais.com.br\/site\/tag\/sspba\/\" class=\"tag-cloud-link tag-link-144 tag-link-position-40\" style=\"font-size: 11.365384615385pt;\" aria-label=\"SSPBA (38 itens)\">SSPBA<\/a>\n<a href=\"https:\/\/www.comunicarmais.com.br\/site\/tag\/stf\/\" class=\"tag-cloud-link tag-link-68 tag-link-position-41\" style=\"font-size: 14.192307692308pt;\" aria-label=\"STF (62 itens)\">STF<\/a>\n<a href=\"https:\/\/www.comunicarmais.com.br\/site\/tag\/sao-paulo\/\" class=\"tag-cloud-link tag-link-612 tag-link-position-42\" style=\"font-size: 8pt;\" aria-label=\"S\u00e3o Paulo (21 itens)\">S\u00e3o Paulo<\/a>\n<a href=\"https:\/\/www.comunicarmais.com.br\/site\/tag\/transito-2\/\" class=\"tag-cloud-link tag-link-377 tag-link-position-43\" style=\"font-size: 8.2692307692308pt;\" aria-label=\"tr\u00e2nsito (22 itens)\">tr\u00e2nsito<\/a>\n<a href=\"https:\/\/www.comunicarmais.com.br\/site\/tag\/turismo\/\" class=\"tag-cloud-link tag-link-225 tag-link-position-44\" style=\"font-size: 9.8846153846154pt;\" aria-label=\"Turismo (29 itens)\">Turismo<\/a>\n<a href=\"https:\/\/www.comunicarmais.com.br\/site\/tag\/uruguai\/\" class=\"tag-cloud-link tag-link-323 tag-link-position-45\" style=\"font-size: 9.6153846153846pt;\" aria-label=\"Uruguai (28 itens)\">Uruguai<\/a><\/p>","protected":false},"excerpt":{"rendered":"<p>Procurador apresentou entregas da primeira gest\u00e3o e destacou que Institui\u00e7\u00e3o atravessa desafio geracional<\/p>\n","protected":false},"author":2,"featured_media":13396,"comment_status":"open","ping_status":"open","sticky":false,"template":"","format":"standard","meta":{"_acf_changed":false,"footnotes":""},"categories":[4],"tags":[3435,361,1005,670],"class_list":["post-13394","post","type-post","status-publish","format-standard","has-post-thumbnail","hentry","category-bahia","tag-augusto-aras","tag-justica","tag-mpba","tag-rui-costa"],"acf":[],"yoast_head":"<!-- This site is optimized with the Yoast SEO plugin v26.1.1 - https:\/\/yoast.com\/wordpress\/plugins\/seo\/ -->\n<title>Promotor Pedro Maia \u00e9 reconduzido ao comando do Minist\u00e9rio P\u00fablico da Bahia - Comunicar Mais<\/title>\n<meta name=\"description\" content=\"Procurador apresentou entregas da primeira gest\u00e3o e destacou que Institui\u00e7\u00e3o atravessa desafio geracional\" \/>\n<meta name=\"robots\" content=\"index, follow, max-snippet:-1, max-image-preview:large, max-video-preview:-1\" \/>\n<link rel=\"canonical\" href=\"https:\/\/www.comunicarmais.com.br\/site\/2026\/02\/27\/promotor-pedro-maia-e-reconduzido-ao-comando-do-ministerio-publico-da-bahia\/\" \/>\n<meta property=\"og:locale\" content=\"pt_BR\" \/>\n<meta property=\"og:type\" content=\"article\" \/>\n<meta property=\"og:title\" content=\"Promotor Pedro Maia \u00e9 reconduzido ao comando do Minist\u00e9rio P\u00fablico da Bahia - Comunicar Mais\" \/>\n<meta property=\"og:description\" content=\"Procurador apresentou entregas da primeira gest\u00e3o e destacou que Institui\u00e7\u00e3o atravessa desafio geracional\" \/>\n<meta property=\"og:url\" content=\"https:\/\/www.comunicarmais.com.br\/site\/2026\/02\/27\/promotor-pedro-maia-e-reconduzido-ao-comando-do-ministerio-publico-da-bahia\/\" \/>\n<meta property=\"og:site_name\" content=\"Comunicar Mais\" \/>\n<meta property=\"article:publisher\" content=\"https:\/\/www.facebook.com\/comunicarmais\/\" \/>\n<meta property=\"article:author\" content=\"https:\/\/www.facebook.com\/comunicarmais\/\" \/>\n<meta property=\"article:published_time\" content=\"2026-02-28T01:52:00+00:00\" \/>\n<meta property=\"article:modified_time\" content=\"2026-03-03T01:14:17+00:00\" \/>\n<meta property=\"og:image\" content=\"https:\/\/www.comunicarmais.com.br\/site\/wp-content\/uploads\/2026\/03\/nel-.jpg\" \/>\n\t<meta property=\"og:image:width\" content=\"799\" \/>\n\t<meta property=\"og:image:height\" content=\"554\" \/>\n\t<meta property=\"og:image:type\" content=\"image\/jpeg\" \/>\n<meta name=\"author\" content=\"Comunicar Mais\" \/>\n<meta name=\"twitter:card\" content=\"summary_large_image\" \/>\n<meta name=\"twitter:creator\" content=\"@ComunicarmaisBA\" \/>\n<meta name=\"twitter:site\" content=\"@ComunicarmaisBA\" \/>\n<meta name=\"twitter:label1\" content=\"Escrito por\" \/>\n\t<meta name=\"twitter:data1\" content=\"Comunicar Mais\" \/>\n\t<meta name=\"twitter:label2\" content=\"Est. tempo de leitura\" \/>\n\t<meta name=\"twitter:data2\" content=\"5 minutos\" \/>\n<script type=\"application\/ld+json\" class=\"yoast-schema-graph\">{\"@context\":\"https:\/\/schema.org\",\"@graph\":[{\"@type\":\"WebPage\",\"@id\":\"https:\/\/www.comunicarmais.com.br\/site\/2026\/02\/27\/promotor-pedro-maia-e-reconduzido-ao-comando-do-ministerio-publico-da-bahia\/\",\"url\":\"https:\/\/www.comunicarmais.com.br\/site\/2026\/02\/27\/promotor-pedro-maia-e-reconduzido-ao-comando-do-ministerio-publico-da-bahia\/\",\"name\":\"Promotor Pedro Maia \u00e9 reconduzido ao comando do Minist\u00e9rio P\u00fablico da Bahia - Comunicar Mais\",\"isPartOf\":{\"@id\":\"https:\/\/www.comunicarmais.com.br\/site\/#website\"},\"primaryImageOfPage\":{\"@id\":\"https:\/\/www.comunicarmais.com.br\/site\/2026\/02\/27\/promotor-pedro-maia-e-reconduzido-ao-comando-do-ministerio-publico-da-bahia\/#primaryimage\"},\"image\":{\"@id\":\"https:\/\/www.comunicarmais.com.br\/site\/2026\/02\/27\/promotor-pedro-maia-e-reconduzido-ao-comando-do-ministerio-publico-da-bahia\/#primaryimage\"},\"thumbnailUrl\":\"https:\/\/www.comunicarmais.com.br\/site\/wp-content\/uploads\/2026\/03\/nel-.jpg\",\"datePublished\":\"2026-02-28T01:52:00+00:00\",\"dateModified\":\"2026-03-03T01:14:17+00:00\",\"author\":{\"@id\":\"https:\/\/www.comunicarmais.com.br\/site\/#\/schema\/person\/712f7b6b25b644e4a91c4173674cf284\"},\"description\":\"Procurador apresentou entregas da primeira gest\u00e3o e destacou que Institui\u00e7\u00e3o atravessa desafio geracional\",\"breadcrumb\":{\"@id\":\"https:\/\/www.comunicarmais.com.br\/site\/2026\/02\/27\/promotor-pedro-maia-e-reconduzido-ao-comando-do-ministerio-publico-da-bahia\/#breadcrumb\"},\"inLanguage\":\"pt-BR\",\"potentialAction\":[{\"@type\":\"ReadAction\",\"target\":[\"https:\/\/www.comunicarmais.com.br\/site\/2026\/02\/27\/promotor-pedro-maia-e-reconduzido-ao-comando-do-ministerio-publico-da-bahia\/\"]}]},{\"@type\":\"ImageObject\",\"inLanguage\":\"pt-BR\",\"@id\":\"https:\/\/www.comunicarmais.com.br\/site\/2026\/02\/27\/promotor-pedro-maia-e-reconduzido-ao-comando-do-ministerio-publico-da-bahia\/#primaryimage\",\"url\":\"https:\/\/www.comunicarmais.com.br\/site\/wp-content\/uploads\/2026\/03\/nel-.jpg\",\"contentUrl\":\"https:\/\/www.comunicarmais.com.br\/site\/wp-content\/uploads\/2026\/03\/nel-.jpg\",\"width\":799,\"height\":554},{\"@type\":\"BreadcrumbList\",\"@id\":\"https:\/\/www.comunicarmais.com.br\/site\/2026\/02\/27\/promotor-pedro-maia-e-reconduzido-ao-comando-do-ministerio-publico-da-bahia\/#breadcrumb\",\"itemListElement\":[{\"@type\":\"ListItem\",\"position\":1,\"name\":\"In\u00edcio\",\"item\":\"https:\/\/www.comunicarmais.com.br\/site\/\"},{\"@type\":\"ListItem\",\"position\":2,\"name\":\"Promotor Pedro Maia \u00e9 reconduzido ao comando do Minist\u00e9rio P\u00fablico da Bahia\"}]},{\"@type\":\"WebSite\",\"@id\":\"https:\/\/www.comunicarmais.com.br\/site\/#website\",\"url\":\"https:\/\/www.comunicarmais.com.br\/site\/\",\"name\":\"Comunicar Mais\",\"description\":\"\",\"potentialAction\":[{\"@type\":\"SearchAction\",\"target\":{\"@type\":\"EntryPoint\",\"urlTemplate\":\"https:\/\/www.comunicarmais.com.br\/site\/?s={search_term_string}\"},\"query-input\":{\"@type\":\"PropertyValueSpecification\",\"valueRequired\":true,\"valueName\":\"search_term_string\"}}],\"inLanguage\":\"pt-BR\"},{\"@type\":\"Person\",\"@id\":\"https:\/\/www.comunicarmais.com.br\/site\/#\/schema\/person\/712f7b6b25b644e4a91c4173674cf284\",\"name\":\"Comunicar Mais\",\"image\":{\"@type\":\"ImageObject\",\"inLanguage\":\"pt-BR\",\"@id\":\"https:\/\/www.comunicarmais.com.br\/site\/#\/schema\/person\/image\/\",\"url\":\"https:\/\/secure.gravatar.com\/avatar\/9803218072e2c0dc265d3d787b54c2c33325e79f79732707fddfbf1efd82c678?s=96&d=mm&r=g\",\"contentUrl\":\"https:\/\/secure.gravatar.com\/avatar\/9803218072e2c0dc265d3d787b54c2c33325e79f79732707fddfbf1efd82c678?s=96&d=mm&r=g\",\"caption\":\"Comunicar Mais\"},\"description\":\"Deixe as ideologias com os ide\u00f3logos. Noticiamos fatos, n\u00e3o brigamos com eles. Aqui, voc\u00ea fica bem informado do que acontece no seu bairro e no mundo. Informar com \u00e9tica e responsabilidade s\u00e3o as bandeiras do Comunicarmais.\",\"sameAs\":[\"https:\/\/www.comunicarmais.com.br\/site\/\",\"https:\/\/www.facebook.com\/comunicarmais\/\",\"https:\/\/www.instagram.com\/comunicarmaisba\/\",\"https:\/\/x.com\/ComunicarmaisBA\"],\"url\":\"https:\/\/www.comunicarmais.com.br\/site\/author\/gerenciador\/\"}]}<\/script>\n<!-- \/ Yoast SEO plugin. -->","yoast_head_json":{"title":"Promotor Pedro Maia \u00e9 reconduzido ao comando do Minist\u00e9rio P\u00fablico da Bahia - Comunicar Mais","description":"Procurador apresentou entregas da primeira gest\u00e3o e destacou que Institui\u00e7\u00e3o atravessa desafio geracional","robots":{"index":"index","follow":"follow","max-snippet":"max-snippet:-1","max-image-preview":"max-image-preview:large","max-video-preview":"max-video-preview:-1"},"canonical":"https:\/\/www.comunicarmais.com.br\/site\/2026\/02\/27\/promotor-pedro-maia-e-reconduzido-ao-comando-do-ministerio-publico-da-bahia\/","og_locale":"pt_BR","og_type":"article","og_title":"Promotor Pedro Maia \u00e9 reconduzido ao comando do Minist\u00e9rio P\u00fablico da Bahia - Comunicar Mais","og_description":"Procurador apresentou entregas da primeira gest\u00e3o e destacou que Institui\u00e7\u00e3o atravessa desafio geracional","og_url":"https:\/\/www.comunicarmais.com.br\/site\/2026\/02\/27\/promotor-pedro-maia-e-reconduzido-ao-comando-do-ministerio-publico-da-bahia\/","og_site_name":"Comunicar Mais","article_publisher":"https:\/\/www.facebook.com\/comunicarmais\/","article_author":"https:\/\/www.facebook.com\/comunicarmais\/","article_published_time":"2026-02-28T01:52:00+00:00","article_modified_time":"2026-03-03T01:14:17+00:00","og_image":[{"width":799,"height":554,"url":"https:\/\/www.comunicarmais.com.br\/site\/wp-content\/uploads\/2026\/03\/nel-.jpg","type":"image\/jpeg"}],"author":"Comunicar Mais","twitter_card":"summary_large_image","twitter_creator":"@ComunicarmaisBA","twitter_site":"@ComunicarmaisBA","twitter_misc":{"Escrito por":"Comunicar Mais","Est. tempo de leitura":"5 minutos"},"schema":{"@context":"https:\/\/schema.org","@graph":[{"@type":"WebPage","@id":"https:\/\/www.comunicarmais.com.br\/site\/2026\/02\/27\/promotor-pedro-maia-e-reconduzido-ao-comando-do-ministerio-publico-da-bahia\/","url":"https:\/\/www.comunicarmais.com.br\/site\/2026\/02\/27\/promotor-pedro-maia-e-reconduzido-ao-comando-do-ministerio-publico-da-bahia\/","name":"Promotor Pedro Maia \u00e9 reconduzido ao comando do Minist\u00e9rio P\u00fablico da Bahia - Comunicar Mais","isPartOf":{"@id":"https:\/\/www.comunicarmais.com.br\/site\/#website"},"primaryImageOfPage":{"@id":"https:\/\/www.comunicarmais.com.br\/site\/2026\/02\/27\/promotor-pedro-maia-e-reconduzido-ao-comando-do-ministerio-publico-da-bahia\/#primaryimage"},"image":{"@id":"https:\/\/www.comunicarmais.com.br\/site\/2026\/02\/27\/promotor-pedro-maia-e-reconduzido-ao-comando-do-ministerio-publico-da-bahia\/#primaryimage"},"thumbnailUrl":"https:\/\/www.comunicarmais.com.br\/site\/wp-content\/uploads\/2026\/03\/nel-.jpg","datePublished":"2026-02-28T01:52:00+00:00","dateModified":"2026-03-03T01:14:17+00:00","author":{"@id":"https:\/\/www.comunicarmais.com.br\/site\/#\/schema\/person\/712f7b6b25b644e4a91c4173674cf284"},"description":"Procurador apresentou entregas da primeira gest\u00e3o e destacou que Institui\u00e7\u00e3o atravessa desafio geracional","breadcrumb":{"@id":"https:\/\/www.comunicarmais.com.br\/site\/2026\/02\/27\/promotor-pedro-maia-e-reconduzido-ao-comando-do-ministerio-publico-da-bahia\/#breadcrumb"},"inLanguage":"pt-BR","potentialAction":[{"@type":"ReadAction","target":["https:\/\/www.comunicarmais.com.br\/site\/2026\/02\/27\/promotor-pedro-maia-e-reconduzido-ao-comando-do-ministerio-publico-da-bahia\/"]}]},{"@type":"ImageObject","inLanguage":"pt-BR","@id":"https:\/\/www.comunicarmais.com.br\/site\/2026\/02\/27\/promotor-pedro-maia-e-reconduzido-ao-comando-do-ministerio-publico-da-bahia\/#primaryimage","url":"https:\/\/www.comunicarmais.com.br\/site\/wp-content\/uploads\/2026\/03\/nel-.jpg","contentUrl":"https:\/\/www.comunicarmais.com.br\/site\/wp-content\/uploads\/2026\/03\/nel-.jpg","width":799,"height":554},{"@type":"BreadcrumbList","@id":"https:\/\/www.comunicarmais.com.br\/site\/2026\/02\/27\/promotor-pedro-maia-e-reconduzido-ao-comando-do-ministerio-publico-da-bahia\/#breadcrumb","itemListElement":[{"@type":"ListItem","position":1,"name":"In\u00edcio","item":"https:\/\/www.comunicarmais.com.br\/site\/"},{"@type":"ListItem","position":2,"name":"Promotor Pedro Maia \u00e9 reconduzido ao comando do Minist\u00e9rio P\u00fablico da Bahia"}]},{"@type":"WebSite","@id":"https:\/\/www.comunicarmais.com.br\/site\/#website","url":"https:\/\/www.comunicarmais.com.br\/site\/","name":"Comunicar Mais","description":"","potentialAction":[{"@type":"SearchAction","target":{"@type":"EntryPoint","urlTemplate":"https:\/\/www.comunicarmais.com.br\/site\/?s={search_term_string}"},"query-input":{"@type":"PropertyValueSpecification","valueRequired":true,"valueName":"search_term_string"}}],"inLanguage":"pt-BR"},{"@type":"Person","@id":"https:\/\/www.comunicarmais.com.br\/site\/#\/schema\/person\/712f7b6b25b644e4a91c4173674cf284","name":"Comunicar Mais","image":{"@type":"ImageObject","inLanguage":"pt-BR","@id":"https:\/\/www.comunicarmais.com.br\/site\/#\/schema\/person\/image\/","url":"https:\/\/secure.gravatar.com\/avatar\/9803218072e2c0dc265d3d787b54c2c33325e79f79732707fddfbf1efd82c678?s=96&d=mm&r=g","contentUrl":"https:\/\/secure.gravatar.com\/avatar\/9803218072e2c0dc265d3d787b54c2c33325e79f79732707fddfbf1efd82c678?s=96&d=mm&r=g","caption":"Comunicar Mais"},"description":"Deixe as ideologias com os ide\u00f3logos. Noticiamos fatos, n\u00e3o brigamos com eles. Aqui, voc\u00ea fica bem informado do que acontece no seu bairro e no mundo. Informar com \u00e9tica e responsabilidade s\u00e3o as bandeiras do Comunicarmais.","sameAs":["https:\/\/www.comunicarmais.com.br\/site\/","https:\/\/www.facebook.com\/comunicarmais\/","https:\/\/www.instagram.com\/comunicarmaisba\/","https:\/\/x.com\/ComunicarmaisBA"],"url":"https:\/\/www.comunicarmais.com.br\/site\/author\/gerenciador\/"}]}},"_links":{"self":[{"href":"https:\/\/www.comunicarmais.com.br\/site\/wp-json\/wp\/v2\/posts\/13394","targetHints":{"allow":["GET"]}}],"collection":[{"href":"https:\/\/www.comunicarmais.com.br\/site\/wp-json\/wp\/v2\/posts"}],"about":[{"href":"https:\/\/www.comunicarmais.com.br\/site\/wp-json\/wp\/v2\/types\/post"}],"author":[{"embeddable":true,"href":"https:\/\/www.comunicarmais.com.br\/site\/wp-json\/wp\/v2\/users\/2"}],"replies":[{"embeddable":true,"href":"https:\/\/www.comunicarmais.com.br\/site\/wp-json\/wp\/v2\/comments?post=13394"}],"version-history":[{"count":2,"href":"https:\/\/www.comunicarmais.com.br\/site\/wp-json\/wp\/v2\/posts\/13394\/revisions"}],"predecessor-version":[{"id":13403,"href":"https:\/\/www.comunicarmais.com.br\/site\/wp-json\/wp\/v2\/posts\/13394\/revisions\/13403"}],"wp:featuredmedia":[{"embeddable":true,"href":"https:\/\/www.comunicarmais.com.br\/site\/wp-json\/wp\/v2\/media\/13396"}],"wp:attachment":[{"href":"https:\/\/www.comunicarmais.com.br\/site\/wp-json\/wp\/v2\/media?parent=13394"}],"wp:term":[{"taxonomy":"category","embeddable":true,"href":"https:\/\/www.comunicarmais.com.br\/site\/wp-json\/wp\/v2\/categories?post=13394"},{"taxonomy":"post_tag","embeddable":true,"href":"https:\/\/www.comunicarmais.com.br\/site\/wp-json\/wp\/v2\/tags?post=13394"}],"curies":[{"name":"wp","href":"https:\/\/api.w.org\/{rel}","templated":true}]}}