{"id":13328,"date":"2026-02-27T13:05:00","date_gmt":"2026-02-27T16:05:00","guid":{"rendered":"https:\/\/www.comunicarmais.com.br\/site\/?p=13328"},"modified":"2026-02-28T09:58:43","modified_gmt":"2026-02-28T12:58:43","slug":"prefeitura-de-salvador-amplia-acesso-a-pratica-esportiva-na-federacao-apos-entrega-de-nova-arena-com-grama-sintetica","status":"publish","type":"post","link":"https:\/\/www.comunicarmais.com.br\/site\/2026\/02\/27\/prefeitura-de-salvador-amplia-acesso-a-pratica-esportiva-na-federacao-apos-entrega-de-nova-arena-com-grama-sintetica\/","title":{"rendered":"Prefeitura de Salvador entrega nova arena com grama sint\u00e9tica na Federa\u00e7\u00e3o"},"content":{"rendered":"\n<p><strong>Prefeito Bruno Reis destacou os investimentos para fomento ao esporte como ferramenta de inclus\u00e3o social e de est\u00edmulo ao conv\u00edvio comunit\u00e1rio e preven\u00e7\u00e3o \u00e0 criminalidade<\/strong><\/p>\n\n\n\n<figure class=\"wp-block-image size-full\"><img decoding=\"async\" width=\"1280\" height=\"854\" data-src=\"https:\/\/www.comunicarmais.com.br\/site\/wp-content\/uploads\/2026\/02\/WhatsApp-Image-2026-02-27-at-12.48.10.jpeg\" alt=\"\" class=\"wp-image-13330 lazyload\" data-srcset=\"https:\/\/www.comunicarmais.com.br\/site\/wp-content\/uploads\/2026\/02\/WhatsApp-Image-2026-02-27-at-12.48.10.jpeg 1280w, https:\/\/www.comunicarmais.com.br\/site\/wp-content\/uploads\/2026\/02\/WhatsApp-Image-2026-02-27-at-12.48.10-1024x683.jpeg 1024w, https:\/\/www.comunicarmais.com.br\/site\/wp-content\/uploads\/2026\/02\/WhatsApp-Image-2026-02-27-at-12.48.10-768x512.jpeg 768w\" data-sizes=\"(max-width: 1280px) 100vw, 1280px\" src=\"data:image\/svg+xml;base64,PHN2ZyB3aWR0aD0iMSIgaGVpZ2h0PSIxIiB4bWxucz0iaHR0cDovL3d3dy53My5vcmcvMjAwMC9zdmciPjwvc3ZnPg==\" style=\"--smush-placeholder-width: 1280px; --smush-placeholder-aspect-ratio: 1280\/854;\" \/><figcaption class=\"wp-element-caption\"><em><sup>(Foto: Valter Pontes\/ Secom PMS)<\/sup><\/em><\/figcaption><\/figure>\n\n\n\n<p><strong>Reda\u00e7\u00e3o Mais &#8211; <\/strong>Como parte da pol\u00edtica municipal voltada \u00e0 expans\u00e3o de espa\u00e7os esportivos gratuitos em Salvador, a Prefeitura entregou nesta sexta-feira (27) a nova Arena do Alto do Sobradinho, na Federa\u00e7\u00e3o. O equipamento, localizado na Rua Pedro Gama, \u00e9 o 96\u00ba campo com grama sint\u00e9tica inaugurado pela gest\u00e3o e vai oferecer melhores condi\u00e7\u00f5es para que os moradores do bairro promovam partidas de futebol, campeonatos locais e projetos sociais.<\/p>\n\n\n\n<p>Durante a entrega da estrutura, o prefeito Bruno Reis destacou os investimentos para fomento ao esporte como ferramenta de inclus\u00e3o social e de est\u00edmulo ao conv\u00edvio comunit\u00e1rio e preven\u00e7\u00e3o \u00e0 criminalidade.<\/p>\n\n\n\n<figure class=\"wp-block-image size-full\"><img decoding=\"async\" width=\"1280\" height=\"854\" data-src=\"https:\/\/www.comunicarmais.com.br\/site\/wp-content\/uploads\/2026\/02\/WhatsApp-Image-2026-02-27-at-12.48.09.jpeg\" alt=\"\" class=\"wp-image-13333 lazyload\" data-srcset=\"https:\/\/www.comunicarmais.com.br\/site\/wp-content\/uploads\/2026\/02\/WhatsApp-Image-2026-02-27-at-12.48.09.jpeg 1280w, https:\/\/www.comunicarmais.com.br\/site\/wp-content\/uploads\/2026\/02\/WhatsApp-Image-2026-02-27-at-12.48.09-1024x683.jpeg 1024w, https:\/\/www.comunicarmais.com.br\/site\/wp-content\/uploads\/2026\/02\/WhatsApp-Image-2026-02-27-at-12.48.09-768x512.jpeg 768w\" data-sizes=\"(max-width: 1280px) 100vw, 1280px\" src=\"data:image\/svg+xml;base64,PHN2ZyB3aWR0aD0iMSIgaGVpZ2h0PSIxIiB4bWxucz0iaHR0cDovL3d3dy53My5vcmcvMjAwMC9zdmciPjwvc3ZnPg==\" style=\"--smush-placeholder-width: 1280px; --smush-placeholder-aspect-ratio: 1280\/854;\" \/><figcaption class=\"wp-element-caption\"><em><sup>(Foto: Valter Pontes\/ Secom PMS)<\/sup><\/em><\/figcaption><\/figure>\n\n\n\n<p>\u201cA cidade que tem mais arenas com grama sint\u00e9tica do Brasil, gratuitas para as comunidades, \u00e9 Salvador. E, este ano, vamos come\u00e7ar pelo menos outras 40. Muita gente pergunta como \u00e9 que a Prefeitura pode dar sua contribui\u00e7\u00e3o no combate ao crime, \u00e0s drogas, \u00e0 marginalidade. A resposta \u00e9: com obras como essa, com equipamentos como esses. Muitas dessas crian\u00e7as est\u00e3o sonhando em ser jogadores de futebol. As que conseguirem v\u00e3o ter uma profiss\u00e3o, v\u00e3o servir de exemplo, v\u00e3o inspirar todo mundo. E as que n\u00e3o conseguirem v\u00e3o aprender a trabalhar em grupo, v\u00e3o aprender o que \u00e9 hierarquia, disciplina e foco\u201d, afirmou o prefeito.<\/p>\n\n\n\n<figure class=\"wp-block-image size-full\"><img decoding=\"async\" width=\"1280\" height=\"854\" data-src=\"https:\/\/www.comunicarmais.com.br\/site\/wp-content\/uploads\/2026\/02\/WhatsApp-Image-2026-02-27-at-12.48.08.jpeg\" alt=\"\" class=\"wp-image-13331 lazyload\" data-srcset=\"https:\/\/www.comunicarmais.com.br\/site\/wp-content\/uploads\/2026\/02\/WhatsApp-Image-2026-02-27-at-12.48.08.jpeg 1280w, https:\/\/www.comunicarmais.com.br\/site\/wp-content\/uploads\/2026\/02\/WhatsApp-Image-2026-02-27-at-12.48.08-1024x683.jpeg 1024w, https:\/\/www.comunicarmais.com.br\/site\/wp-content\/uploads\/2026\/02\/WhatsApp-Image-2026-02-27-at-12.48.08-768x512.jpeg 768w\" data-sizes=\"(max-width: 1280px) 100vw, 1280px\" src=\"data:image\/svg+xml;base64,PHN2ZyB3aWR0aD0iMSIgaGVpZ2h0PSIxIiB4bWxucz0iaHR0cDovL3d3dy53My5vcmcvMjAwMC9zdmciPjwvc3ZnPg==\" style=\"--smush-placeholder-width: 1280px; --smush-placeholder-aspect-ratio: 1280\/854;\" \/><figcaption class=\"wp-element-caption\"><em><sup>(Foto: Valter Pontes\/ Secom PMS)<\/sup><\/em><\/figcaption><\/figure>\n\n\n\n<p>Antes com piso de barro, o antigo campo do Alto do Sobradinho foi transformado em uma arena moderna e apta para a pr\u00e1tica esportiva. A obra, executada pela Secretaria Municipal de Promo\u00e7\u00e3o Social, Combate \u00e0 Pobreza, Esportes e Lazer (Sempre), incluiu n\u00e3o s\u00f3 a mudan\u00e7a para o gramado sint\u00e9tico como tamb\u00e9m a implanta\u00e7\u00e3o de drenagem, reforma do vesti\u00e1rio e pintura geral, totalizando investimento de R$ 625 mil.<\/p>\n\n\n\n<p>\u201cSalvador chega a 96 campos inaugurados, mas h\u00e1 mais 32 j\u00e1 prontos. Sabemos o quanto uma obra dessa eleva a qualidade de vida do nosso povo, sobretudo dos jovens, das crian\u00e7as. Equipamentos como esse, como eu falo sempre, s\u00e3o um instrumento para tir\u00e1-los do cen\u00e1rio de ass\u00e9dio ao mundo do crime. Al\u00e9m disso, a pr\u00e1tica esportiva n\u00e3o cuida s\u00f3 da sa\u00fade f\u00edsica. Ela cuida da sa\u00fade mental, \u00e9 uma terapia, que permite aos moradores socializarem, a fazerem amizades\u201d, explicou o diretor de Esportes da Sempre, Felipe Lucas.<\/p>\n\n\n\n<figure class=\"wp-block-image size-full\"><img decoding=\"async\" width=\"1280\" height=\"854\" data-src=\"https:\/\/www.comunicarmais.com.br\/site\/wp-content\/uploads\/2026\/02\/WhatsApp-Image-2026-02-27-at-12.48.10-1.jpeg\" alt=\"\" class=\"wp-image-13332 lazyload\" data-srcset=\"https:\/\/www.comunicarmais.com.br\/site\/wp-content\/uploads\/2026\/02\/WhatsApp-Image-2026-02-27-at-12.48.10-1.jpeg 1280w, https:\/\/www.comunicarmais.com.br\/site\/wp-content\/uploads\/2026\/02\/WhatsApp-Image-2026-02-27-at-12.48.10-1-1024x683.jpeg 1024w, https:\/\/www.comunicarmais.com.br\/site\/wp-content\/uploads\/2026\/02\/WhatsApp-Image-2026-02-27-at-12.48.10-1-768x512.jpeg 768w\" data-sizes=\"(max-width: 1280px) 100vw, 1280px\" src=\"data:image\/svg+xml;base64,PHN2ZyB3aWR0aD0iMSIgaGVpZ2h0PSIxIiB4bWxucz0iaHR0cDovL3d3dy53My5vcmcvMjAwMC9zdmciPjwvc3ZnPg==\" style=\"--smush-placeholder-width: 1280px; --smush-placeholder-aspect-ratio: 1280\/854;\" \/><figcaption class=\"wp-element-caption\"><em><sup>(Foto: Valter Pontes\/ Secom PMS)<\/sup><\/em><\/figcaption><\/figure>\n\n\n\n<p><strong>Abrang\u00eancia \u2013 <\/strong>Presidente da Associa\u00e7\u00e3o de Moradores da Federa\u00e7\u00e3o e coordenador de um projeto social no bairro, Pastor Eloy afirmou que a Arena do Alto do Sobradinho vai beneficiar cerca de 200 crian\u00e7as e jovens, com idades entre 5 e 22 anos, que j\u00e1 utilizavam o campo para atividades da escolinha de futebol. Os treinos acontecem \u00e0s ter\u00e7as e quintas-feiras, pela tarde, divididos por categorias.<\/p>\n\n\n\n<p>\u201cEsse campo aqui \u00e9 utilizado praticamente todos os dias. De segunda a segunda, ocorrem os tradicionais \u2018babas\u2019, que t\u00eam hor\u00e1rios fixos, \u00e0 noite, a partir das 19h. Pela manh\u00e3, esse espa\u00e7o \u00e9 usado pela comunidade para cooper, gin\u00e1stica e funcional. Se antes j\u00e1 era bastante aproveitado, agora ent\u00e3o, com a grama sint\u00e9tica e com todo esse trabalho bem-feito aqui, houve uma mudan\u00e7a estrutural inimagin\u00e1vel\u201d, celebrou Eloy.<\/p>\n\n\n\n<p>________________________________________________________________________________________________________________<\/p>\n\n\n<p class=\"wp-block-tag-cloud\"><a href=\"https:\/\/www.comunicarmais.com.br\/site\/tag\/bahia\/\" class=\"tag-cloud-link tag-link-171 tag-link-position-1\" style=\"font-size: 17.922330097087pt;\" aria-label=\"Bahia (116 itens)\">Bahia<\/a>\n<a href=\"https:\/\/www.comunicarmais.com.br\/site\/tag\/bolsonaro\/\" class=\"tag-cloud-link tag-link-112 tag-link-position-2\" style=\"font-size: 11.533980582524pt;\" aria-label=\"Bolsonaro (39 itens)\">Bolsonaro<\/a>\n<a href=\"https:\/\/www.comunicarmais.com.br\/site\/tag\/brasil\/\" class=\"tag-cloud-link tag-link-335 tag-link-position-3\" style=\"font-size: 13.029126213592pt;\" aria-label=\"Brasil (50 itens)\">Brasil<\/a>\n<a href=\"https:\/\/www.comunicarmais.com.br\/site\/tag\/camacari\/\" class=\"tag-cloud-link tag-link-435 tag-link-position-4\" style=\"font-size: 8.8155339805825pt;\" aria-label=\"Cama\u00e7ari (24 itens)\">Cama\u00e7ari<\/a>\n<a href=\"https:\/\/www.comunicarmais.com.br\/site\/tag\/carnaval\/\" class=\"tag-cloud-link tag-link-508 tag-link-position-5\" style=\"font-size: 12.893203883495pt;\" aria-label=\"Carnaval (49 itens)\">Carnaval<\/a>\n<a href=\"https:\/\/www.comunicarmais.com.br\/site\/tag\/cbx\/\" class=\"tag-cloud-link tag-link-1602 tag-link-position-6\" style=\"font-size: 11.398058252427pt;\" aria-label=\"CBX (38 itens)\">CBX<\/a>\n<a href=\"https:\/\/www.comunicarmais.com.br\/site\/tag\/cidade-baixa\/\" class=\"tag-cloud-link tag-link-456 tag-link-position-7\" style=\"font-size: 9.9029126213592pt;\" aria-label=\"Cidade Baixa (29 itens)\">Cidade Baixa<\/a>\n<a href=\"https:\/\/www.comunicarmais.com.br\/site\/tag\/cinema\/\" class=\"tag-cloud-link tag-link-985 tag-link-position-8\" style=\"font-size: 11.126213592233pt;\" aria-label=\"Cinema (36 itens)\">Cinema<\/a>\n<a href=\"https:\/\/www.comunicarmais.com.br\/site\/tag\/cultura\/\" class=\"tag-cloud-link tag-link-231 tag-link-position-9\" style=\"font-size: 12.21359223301pt;\" aria-label=\"Cultura (44 itens)\">Cultura<\/a>\n<a href=\"https:\/\/www.comunicarmais.com.br\/site\/tag\/drogas\/\" class=\"tag-cloud-link tag-link-165 tag-link-position-10\" style=\"font-size: 12.757281553398pt;\" aria-label=\"Drogas (48 itens)\">Drogas<\/a>\n<a href=\"https:\/\/www.comunicarmais.com.br\/site\/tag\/educacao\/\" class=\"tag-cloud-link tag-link-228 tag-link-position-11\" style=\"font-size: 12.621359223301pt;\" aria-label=\"Educa\u00e7\u00e3o (47 itens)\">Educa\u00e7\u00e3o<\/a>\n<a href=\"https:\/\/www.comunicarmais.com.br\/site\/tag\/ensino\/\" class=\"tag-cloud-link tag-link-233 tag-link-position-12\" style=\"font-size: 10.446601941748pt;\" aria-label=\"Ensino (32 itens)\">Ensino<\/a>\n<a href=\"https:\/\/www.comunicarmais.com.br\/site\/tag\/escola\/\" class=\"tag-cloud-link tag-link-229 tag-link-position-13\" style=\"font-size: 9.631067961165pt;\" aria-label=\"Escola (28 itens)\">Escola<\/a>\n<a href=\"https:\/\/www.comunicarmais.com.br\/site\/tag\/eua\/\" class=\"tag-cloud-link tag-link-664 tag-link-position-14\" style=\"font-size: 12.077669902913pt;\" aria-label=\"EUA (43 itens)\">EUA<\/a>\n<a href=\"https:\/\/www.comunicarmais.com.br\/site\/tag\/feira-de-santana\/\" class=\"tag-cloud-link tag-link-642 tag-link-position-15\" style=\"font-size: 9.2233009708738pt;\" aria-label=\"Feira de Santana (26 itens)\">Feira de Santana<\/a>\n<a href=\"https:\/\/www.comunicarmais.com.br\/site\/tag\/ficco\/\" class=\"tag-cloud-link tag-link-143 tag-link-position-16\" style=\"font-size: 9.2233009708738pt;\" aria-label=\"Ficco (26 itens)\">Ficco<\/a>\n<a href=\"https:\/\/www.comunicarmais.com.br\/site\/tag\/folia\/\" class=\"tag-cloud-link tag-link-566 tag-link-position-17\" style=\"font-size: 9.2233009708738pt;\" aria-label=\"Folia (26 itens)\">Folia<\/a>\n<a href=\"https:\/\/www.comunicarmais.com.br\/site\/tag\/futebol\/\" class=\"tag-cloud-link tag-link-40 tag-link-position-18\" style=\"font-size: 13.029126213592pt;\" aria-label=\"Futebol (50 itens)\">Futebol<\/a>\n<a href=\"https:\/\/www.comunicarmais.com.br\/site\/tag\/homicidio\/\" class=\"tag-cloud-link tag-link-101 tag-link-position-19\" style=\"font-size: 10.582524271845pt;\" aria-label=\"Homic\u00eddio (33 itens)\">Homic\u00eddio<\/a>\n<a href=\"https:\/\/www.comunicarmais.com.br\/site\/tag\/itapagipe\/\" class=\"tag-cloud-link tag-link-471 tag-link-position-20\" style=\"font-size: 10.038834951456pt;\" aria-label=\"Itapagipe (30 itens)\">Itapagipe<\/a>\n<a href=\"https:\/\/www.comunicarmais.com.br\/site\/tag\/itaparica\/\" class=\"tag-cloud-link tag-link-301 tag-link-position-21\" style=\"font-size: 8pt;\" aria-label=\"Itaparica (21 itens)\">Itaparica<\/a>\n<a href=\"https:\/\/www.comunicarmais.com.br\/site\/tag\/jeronimo-rodrigues\/\" class=\"tag-cloud-link tag-link-668 tag-link-position-22\" style=\"font-size: 8.2718446601942pt;\" aria-label=\"Jer\u00f4nimo Rodrigues (22 itens)\">Jer\u00f4nimo Rodrigues<\/a>\n<a href=\"https:\/\/www.comunicarmais.com.br\/site\/tag\/justica\/\" class=\"tag-cloud-link tag-link-361 tag-link-position-23\" style=\"font-size: 10.582524271845pt;\" aria-label=\"Justi\u00e7a (33 itens)\">Justi\u00e7a<\/a>\n<a href=\"https:\/\/www.comunicarmais.com.br\/site\/tag\/lauro-de-freitas\/\" class=\"tag-cloud-link tag-link-594 tag-link-position-24\" style=\"font-size: 18.194174757282pt;\" aria-label=\"Lauro de Freitas (122 itens)\">Lauro de Freitas<\/a>\n<a href=\"https:\/\/www.comunicarmais.com.br\/site\/tag\/lazer\/\" class=\"tag-cloud-link tag-link-568 tag-link-position-25\" style=\"font-size: 9.2233009708738pt;\" aria-label=\"Lazer (26 itens)\">Lazer<\/a>\n<a href=\"https:\/\/www.comunicarmais.com.br\/site\/tag\/lula\/\" class=\"tag-cloud-link tag-link-416 tag-link-position-26\" style=\"font-size: 12.21359223301pt;\" aria-label=\"Lula (44 itens)\">Lula<\/a>\n<a href=\"https:\/\/www.comunicarmais.com.br\/site\/tag\/meio-ambiente\/\" class=\"tag-cloud-link tag-link-475 tag-link-position-27\" style=\"font-size: 12.21359223301pt;\" aria-label=\"Meio Ambiente (44 itens)\">Meio Ambiente<\/a>\n<a href=\"https:\/\/www.comunicarmais.com.br\/site\/tag\/mobilidade\/\" class=\"tag-cloud-link tag-link-278 tag-link-position-28\" style=\"font-size: 13.844660194175pt;\" aria-label=\"Mobilidade (58 itens)\">Mobilidade<\/a>\n<a href=\"https:\/\/www.comunicarmais.com.br\/site\/tag\/mulher\/\" class=\"tag-cloud-link tag-link-450 tag-link-position-29\" style=\"font-size: 13.300970873786pt;\" aria-label=\"mulher (53 itens)\">mulher<\/a>\n<a href=\"https:\/\/www.comunicarmais.com.br\/site\/tag\/musica-2\/\" class=\"tag-cloud-link tag-link-747 tag-link-position-30\" style=\"font-size: 12.21359223301pt;\" aria-label=\"M\u00fasica (44 itens)\">M\u00fasica<\/a>\n<a href=\"https:\/\/www.comunicarmais.com.br\/site\/tag\/pcba\/\" class=\"tag-cloud-link tag-link-1332 tag-link-position-31\" style=\"font-size: 15.067961165049pt;\" aria-label=\"PCBA (72 itens)\">PCBA<\/a>\n<a href=\"https:\/\/www.comunicarmais.com.br\/site\/tag\/pmba\/\" class=\"tag-cloud-link tag-link-53 tag-link-position-32\" style=\"font-size: 18.194174757282pt;\" aria-label=\"PMBA (123 itens)\">PMBA<\/a>\n<a href=\"https:\/\/www.comunicarmais.com.br\/site\/tag\/policia-federal\/\" class=\"tag-cloud-link tag-link-620 tag-link-position-33\" style=\"font-size: 8.9514563106796pt;\" aria-label=\"Pol\u00edcia Federal (25 itens)\">Pol\u00edcia Federal<\/a>\n<a href=\"https:\/\/www.comunicarmais.com.br\/site\/tag\/politica\/\" class=\"tag-cloud-link tag-link-495 tag-link-position-34\" style=\"font-size: 16.291262135922pt;\" aria-label=\"Pol\u00edtica (89 itens)\">Pol\u00edtica<\/a>\n<a href=\"https:\/\/www.comunicarmais.com.br\/site\/tag\/rio-de-janeiro\/\" class=\"tag-cloud-link tag-link-152 tag-link-position-35\" style=\"font-size: 9.9029126213592pt;\" aria-label=\"Rio de Janeiro (29 itens)\">Rio de Janeiro<\/a>\n<a href=\"https:\/\/www.comunicarmais.com.br\/site\/tag\/salvador\/\" class=\"tag-cloud-link tag-link-125 tag-link-position-36\" style=\"font-size: 22pt;\" aria-label=\"Salvador (234 itens)\">Salvador<\/a>\n<a href=\"https:\/\/www.comunicarmais.com.br\/site\/tag\/saude\/\" class=\"tag-cloud-link tag-link-42 tag-link-position-37\" style=\"font-size: 17.78640776699pt;\" aria-label=\"Sa\u00fade (115 itens)\">Sa\u00fade<\/a>\n<a href=\"https:\/\/www.comunicarmais.com.br\/site\/tag\/seguranca\/\" class=\"tag-cloud-link tag-link-48 tag-link-position-38\" style=\"font-size: 9.2233009708738pt;\" aria-label=\"Seguran\u00e7a (26 itens)\">Seguran\u00e7a<\/a>\n<a href=\"https:\/\/www.comunicarmais.com.br\/site\/tag\/ssp-ba\/\" class=\"tag-cloud-link tag-link-1937 tag-link-position-39\" style=\"font-size: 8.9514563106796pt;\" aria-label=\"SSP-BA (25 itens)\">SSP-BA<\/a>\n<a href=\"https:\/\/www.comunicarmais.com.br\/site\/tag\/sspba\/\" class=\"tag-cloud-link tag-link-144 tag-link-position-40\" style=\"font-size: 11.398058252427pt;\" aria-label=\"SSPBA (38 itens)\">SSPBA<\/a>\n<a href=\"https:\/\/www.comunicarmais.com.br\/site\/tag\/stf\/\" class=\"tag-cloud-link tag-link-68 tag-link-position-41\" style=\"font-size: 14.252427184466pt;\" aria-label=\"STF (62 itens)\">STF<\/a>\n<a href=\"https:\/\/www.comunicarmais.com.br\/site\/tag\/sao-paulo\/\" class=\"tag-cloud-link tag-link-612 tag-link-position-42\" style=\"font-size: 8pt;\" aria-label=\"S\u00e3o Paulo (21 itens)\">S\u00e3o Paulo<\/a>\n<a href=\"https:\/\/www.comunicarmais.com.br\/site\/tag\/transito-2\/\" class=\"tag-cloud-link tag-link-377 tag-link-position-43\" style=\"font-size: 8.2718446601942pt;\" aria-label=\"tr\u00e2nsito (22 itens)\">tr\u00e2nsito<\/a>\n<a href=\"https:\/\/www.comunicarmais.com.br\/site\/tag\/turismo\/\" class=\"tag-cloud-link tag-link-225 tag-link-position-44\" style=\"font-size: 9.631067961165pt;\" aria-label=\"Turismo (28 itens)\">Turismo<\/a>\n<a href=\"https:\/\/www.comunicarmais.com.br\/site\/tag\/uruguai\/\" class=\"tag-cloud-link tag-link-323 tag-link-position-45\" style=\"font-size: 9.631067961165pt;\" aria-label=\"Uruguai (28 itens)\">Uruguai<\/a><\/p>","protected":false},"excerpt":{"rendered":"<p>Prefeito Bruno Reis destacou os investimentos para fomento ao esporte como ferramenta de inclus\u00e3o social e de est\u00edmulo ao conv\u00edvio comunit\u00e1rio e preven\u00e7\u00e3o \u00e0 criminalidade<\/p>\n","protected":false},"author":2,"featured_media":13330,"comment_status":"open","ping_status":"open","sticky":false,"template":"","format":"standard","meta":{"_acf_changed":false,"footnotes":""},"categories":[5],"tags":[394,40,125],"class_list":["post-13328","post","type-post","status-publish","format-standard","has-post-thumbnail","hentry","category-grande-salvador","tag-federacao","tag-futebol","tag-salvador"],"acf":[],"yoast_head":"<!-- This site is optimized with the Yoast SEO plugin v26.1.1 - https:\/\/yoast.com\/wordpress\/plugins\/seo\/ -->\n<title>Prefeitura de Salvador entrega nova arena com grama sint\u00e9tica na Federa\u00e7\u00e3o - Comunicar Mais<\/title>\n<meta name=\"description\" content=\"Prefeito Bruno Reis destacou os investimentos para fomento ao esporte como ferramenta de inclus\u00e3o social e de est\u00edmulo ao conv\u00edvio comunit\u00e1rio e preven\u00e7\u00e3o \u00e0 criminalidade\" \/>\n<meta name=\"robots\" content=\"index, follow, max-snippet:-1, max-image-preview:large, max-video-preview:-1\" \/>\n<link rel=\"canonical\" href=\"https:\/\/www.comunicarmais.com.br\/site\/2026\/02\/27\/prefeitura-de-salvador-amplia-acesso-a-pratica-esportiva-na-federacao-apos-entrega-de-nova-arena-com-grama-sintetica\/\" \/>\n<meta property=\"og:locale\" content=\"pt_BR\" \/>\n<meta property=\"og:type\" content=\"article\" \/>\n<meta property=\"og:title\" content=\"Prefeitura de Salvador entrega nova arena com grama sint\u00e9tica na Federa\u00e7\u00e3o - Comunicar Mais\" \/>\n<meta property=\"og:description\" content=\"Prefeito Bruno Reis destacou os investimentos para fomento ao esporte como ferramenta de inclus\u00e3o social e de est\u00edmulo ao conv\u00edvio comunit\u00e1rio e preven\u00e7\u00e3o \u00e0 criminalidade\" \/>\n<meta property=\"og:url\" content=\"https:\/\/www.comunicarmais.com.br\/site\/2026\/02\/27\/prefeitura-de-salvador-amplia-acesso-a-pratica-esportiva-na-federacao-apos-entrega-de-nova-arena-com-grama-sintetica\/\" \/>\n<meta property=\"og:site_name\" content=\"Comunicar Mais\" \/>\n<meta property=\"article:publisher\" content=\"https:\/\/www.facebook.com\/comunicarmais\/\" \/>\n<meta property=\"article:author\" content=\"https:\/\/www.facebook.com\/comunicarmais\/\" \/>\n<meta property=\"article:published_time\" content=\"2026-02-27T16:05:00+00:00\" \/>\n<meta property=\"article:modified_time\" content=\"2026-02-28T12:58:43+00:00\" \/>\n<meta property=\"og:image\" content=\"https:\/\/www.comunicarmais.com.br\/site\/wp-content\/uploads\/2026\/02\/WhatsApp-Image-2026-02-27-at-12.48.10.jpeg\" \/>\n\t<meta property=\"og:image:width\" content=\"1280\" \/>\n\t<meta property=\"og:image:height\" content=\"854\" \/>\n\t<meta property=\"og:image:type\" content=\"image\/jpeg\" \/>\n<meta name=\"author\" content=\"Comunicar Mais\" \/>\n<meta name=\"twitter:card\" content=\"summary_large_image\" \/>\n<meta name=\"twitter:creator\" content=\"@ComunicarmaisBA\" \/>\n<meta name=\"twitter:site\" content=\"@ComunicarmaisBA\" \/>\n<meta name=\"twitter:label1\" content=\"Escrito por\" \/>\n\t<meta name=\"twitter:data1\" content=\"Comunicar Mais\" \/>\n\t<meta name=\"twitter:label2\" content=\"Est. tempo de leitura\" \/>\n\t<meta name=\"twitter:data2\" content=\"4 minutos\" \/>\n<script type=\"application\/ld+json\" class=\"yoast-schema-graph\">{\"@context\":\"https:\/\/schema.org\",\"@graph\":[{\"@type\":\"WebPage\",\"@id\":\"https:\/\/www.comunicarmais.com.br\/site\/2026\/02\/27\/prefeitura-de-salvador-amplia-acesso-a-pratica-esportiva-na-federacao-apos-entrega-de-nova-arena-com-grama-sintetica\/\",\"url\":\"https:\/\/www.comunicarmais.com.br\/site\/2026\/02\/27\/prefeitura-de-salvador-amplia-acesso-a-pratica-esportiva-na-federacao-apos-entrega-de-nova-arena-com-grama-sintetica\/\",\"name\":\"Prefeitura de Salvador entrega nova arena com grama sint\u00e9tica na Federa\u00e7\u00e3o - Comunicar Mais\",\"isPartOf\":{\"@id\":\"https:\/\/www.comunicarmais.com.br\/site\/#website\"},\"primaryImageOfPage\":{\"@id\":\"https:\/\/www.comunicarmais.com.br\/site\/2026\/02\/27\/prefeitura-de-salvador-amplia-acesso-a-pratica-esportiva-na-federacao-apos-entrega-de-nova-arena-com-grama-sintetica\/#primaryimage\"},\"image\":{\"@id\":\"https:\/\/www.comunicarmais.com.br\/site\/2026\/02\/27\/prefeitura-de-salvador-amplia-acesso-a-pratica-esportiva-na-federacao-apos-entrega-de-nova-arena-com-grama-sintetica\/#primaryimage\"},\"thumbnailUrl\":\"https:\/\/www.comunicarmais.com.br\/site\/wp-content\/uploads\/2026\/02\/WhatsApp-Image-2026-02-27-at-12.48.10.jpeg\",\"datePublished\":\"2026-02-27T16:05:00+00:00\",\"dateModified\":\"2026-02-28T12:58:43+00:00\",\"author\":{\"@id\":\"https:\/\/www.comunicarmais.com.br\/site\/#\/schema\/person\/712f7b6b25b644e4a91c4173674cf284\"},\"description\":\"Prefeito Bruno Reis destacou os investimentos para fomento ao esporte como ferramenta de inclus\u00e3o social e de est\u00edmulo ao conv\u00edvio comunit\u00e1rio e preven\u00e7\u00e3o \u00e0 criminalidade\",\"breadcrumb\":{\"@id\":\"https:\/\/www.comunicarmais.com.br\/site\/2026\/02\/27\/prefeitura-de-salvador-amplia-acesso-a-pratica-esportiva-na-federacao-apos-entrega-de-nova-arena-com-grama-sintetica\/#breadcrumb\"},\"inLanguage\":\"pt-BR\",\"potentialAction\":[{\"@type\":\"ReadAction\",\"target\":[\"https:\/\/www.comunicarmais.com.br\/site\/2026\/02\/27\/prefeitura-de-salvador-amplia-acesso-a-pratica-esportiva-na-federacao-apos-entrega-de-nova-arena-com-grama-sintetica\/\"]}]},{\"@type\":\"ImageObject\",\"inLanguage\":\"pt-BR\",\"@id\":\"https:\/\/www.comunicarmais.com.br\/site\/2026\/02\/27\/prefeitura-de-salvador-amplia-acesso-a-pratica-esportiva-na-federacao-apos-entrega-de-nova-arena-com-grama-sintetica\/#primaryimage\",\"url\":\"https:\/\/www.comunicarmais.com.br\/site\/wp-content\/uploads\/2026\/02\/WhatsApp-Image-2026-02-27-at-12.48.10.jpeg\",\"contentUrl\":\"https:\/\/www.comunicarmais.com.br\/site\/wp-content\/uploads\/2026\/02\/WhatsApp-Image-2026-02-27-at-12.48.10.jpeg\",\"width\":1280,\"height\":854},{\"@type\":\"BreadcrumbList\",\"@id\":\"https:\/\/www.comunicarmais.com.br\/site\/2026\/02\/27\/prefeitura-de-salvador-amplia-acesso-a-pratica-esportiva-na-federacao-apos-entrega-de-nova-arena-com-grama-sintetica\/#breadcrumb\",\"itemListElement\":[{\"@type\":\"ListItem\",\"position\":1,\"name\":\"In\u00edcio\",\"item\":\"https:\/\/www.comunicarmais.com.br\/site\/\"},{\"@type\":\"ListItem\",\"position\":2,\"name\":\"Prefeitura de Salvador entrega nova arena com grama sint\u00e9tica na Federa\u00e7\u00e3o\"}]},{\"@type\":\"WebSite\",\"@id\":\"https:\/\/www.comunicarmais.com.br\/site\/#website\",\"url\":\"https:\/\/www.comunicarmais.com.br\/site\/\",\"name\":\"Comunicar Mais\",\"description\":\"\",\"potentialAction\":[{\"@type\":\"SearchAction\",\"target\":{\"@type\":\"EntryPoint\",\"urlTemplate\":\"https:\/\/www.comunicarmais.com.br\/site\/?s={search_term_string}\"},\"query-input\":{\"@type\":\"PropertyValueSpecification\",\"valueRequired\":true,\"valueName\":\"search_term_string\"}}],\"inLanguage\":\"pt-BR\"},{\"@type\":\"Person\",\"@id\":\"https:\/\/www.comunicarmais.com.br\/site\/#\/schema\/person\/712f7b6b25b644e4a91c4173674cf284\",\"name\":\"Comunicar Mais\",\"image\":{\"@type\":\"ImageObject\",\"inLanguage\":\"pt-BR\",\"@id\":\"https:\/\/www.comunicarmais.com.br\/site\/#\/schema\/person\/image\/\",\"url\":\"https:\/\/secure.gravatar.com\/avatar\/9803218072e2c0dc265d3d787b54c2c33325e79f79732707fddfbf1efd82c678?s=96&d=mm&r=g\",\"contentUrl\":\"https:\/\/secure.gravatar.com\/avatar\/9803218072e2c0dc265d3d787b54c2c33325e79f79732707fddfbf1efd82c678?s=96&d=mm&r=g\",\"caption\":\"Comunicar Mais\"},\"description\":\"Deixe as ideologias com os ide\u00f3logos. Noticiamos fatos, n\u00e3o brigamos com eles. Aqui, voc\u00ea fica bem informado do que acontece no seu bairro e no mundo. Informar com \u00e9tica e responsabilidade s\u00e3o as bandeiras do Comunicarmais.\",\"sameAs\":[\"https:\/\/www.comunicarmais.com.br\/site\/\",\"https:\/\/www.facebook.com\/comunicarmais\/\",\"https:\/\/www.instagram.com\/comunicarmaisba\/\",\"https:\/\/x.com\/ComunicarmaisBA\"],\"url\":\"https:\/\/www.comunicarmais.com.br\/site\/author\/gerenciador\/\"}]}<\/script>\n<!-- \/ Yoast SEO plugin. -->","yoast_head_json":{"title":"Prefeitura de Salvador entrega nova arena com grama sint\u00e9tica na Federa\u00e7\u00e3o - Comunicar Mais","description":"Prefeito Bruno Reis destacou os investimentos para fomento ao esporte como ferramenta de inclus\u00e3o social e de est\u00edmulo ao conv\u00edvio comunit\u00e1rio e preven\u00e7\u00e3o \u00e0 criminalidade","robots":{"index":"index","follow":"follow","max-snippet":"max-snippet:-1","max-image-preview":"max-image-preview:large","max-video-preview":"max-video-preview:-1"},"canonical":"https:\/\/www.comunicarmais.com.br\/site\/2026\/02\/27\/prefeitura-de-salvador-amplia-acesso-a-pratica-esportiva-na-federacao-apos-entrega-de-nova-arena-com-grama-sintetica\/","og_locale":"pt_BR","og_type":"article","og_title":"Prefeitura de Salvador entrega nova arena com grama sint\u00e9tica na Federa\u00e7\u00e3o - Comunicar Mais","og_description":"Prefeito Bruno Reis destacou os investimentos para fomento ao esporte como ferramenta de inclus\u00e3o social e de est\u00edmulo ao conv\u00edvio comunit\u00e1rio e preven\u00e7\u00e3o \u00e0 criminalidade","og_url":"https:\/\/www.comunicarmais.com.br\/site\/2026\/02\/27\/prefeitura-de-salvador-amplia-acesso-a-pratica-esportiva-na-federacao-apos-entrega-de-nova-arena-com-grama-sintetica\/","og_site_name":"Comunicar Mais","article_publisher":"https:\/\/www.facebook.com\/comunicarmais\/","article_author":"https:\/\/www.facebook.com\/comunicarmais\/","article_published_time":"2026-02-27T16:05:00+00:00","article_modified_time":"2026-02-28T12:58:43+00:00","og_image":[{"width":1280,"height":854,"url":"https:\/\/www.comunicarmais.com.br\/site\/wp-content\/uploads\/2026\/02\/WhatsApp-Image-2026-02-27-at-12.48.10.jpeg","type":"image\/jpeg"}],"author":"Comunicar Mais","twitter_card":"summary_large_image","twitter_creator":"@ComunicarmaisBA","twitter_site":"@ComunicarmaisBA","twitter_misc":{"Escrito por":"Comunicar Mais","Est. tempo de leitura":"4 minutos"},"schema":{"@context":"https:\/\/schema.org","@graph":[{"@type":"WebPage","@id":"https:\/\/www.comunicarmais.com.br\/site\/2026\/02\/27\/prefeitura-de-salvador-amplia-acesso-a-pratica-esportiva-na-federacao-apos-entrega-de-nova-arena-com-grama-sintetica\/","url":"https:\/\/www.comunicarmais.com.br\/site\/2026\/02\/27\/prefeitura-de-salvador-amplia-acesso-a-pratica-esportiva-na-federacao-apos-entrega-de-nova-arena-com-grama-sintetica\/","name":"Prefeitura de Salvador entrega nova arena com grama sint\u00e9tica na Federa\u00e7\u00e3o - Comunicar Mais","isPartOf":{"@id":"https:\/\/www.comunicarmais.com.br\/site\/#website"},"primaryImageOfPage":{"@id":"https:\/\/www.comunicarmais.com.br\/site\/2026\/02\/27\/prefeitura-de-salvador-amplia-acesso-a-pratica-esportiva-na-federacao-apos-entrega-de-nova-arena-com-grama-sintetica\/#primaryimage"},"image":{"@id":"https:\/\/www.comunicarmais.com.br\/site\/2026\/02\/27\/prefeitura-de-salvador-amplia-acesso-a-pratica-esportiva-na-federacao-apos-entrega-de-nova-arena-com-grama-sintetica\/#primaryimage"},"thumbnailUrl":"https:\/\/www.comunicarmais.com.br\/site\/wp-content\/uploads\/2026\/02\/WhatsApp-Image-2026-02-27-at-12.48.10.jpeg","datePublished":"2026-02-27T16:05:00+00:00","dateModified":"2026-02-28T12:58:43+00:00","author":{"@id":"https:\/\/www.comunicarmais.com.br\/site\/#\/schema\/person\/712f7b6b25b644e4a91c4173674cf284"},"description":"Prefeito Bruno Reis destacou os investimentos para fomento ao esporte como ferramenta de inclus\u00e3o social e de est\u00edmulo ao conv\u00edvio comunit\u00e1rio e preven\u00e7\u00e3o \u00e0 criminalidade","breadcrumb":{"@id":"https:\/\/www.comunicarmais.com.br\/site\/2026\/02\/27\/prefeitura-de-salvador-amplia-acesso-a-pratica-esportiva-na-federacao-apos-entrega-de-nova-arena-com-grama-sintetica\/#breadcrumb"},"inLanguage":"pt-BR","potentialAction":[{"@type":"ReadAction","target":["https:\/\/www.comunicarmais.com.br\/site\/2026\/02\/27\/prefeitura-de-salvador-amplia-acesso-a-pratica-esportiva-na-federacao-apos-entrega-de-nova-arena-com-grama-sintetica\/"]}]},{"@type":"ImageObject","inLanguage":"pt-BR","@id":"https:\/\/www.comunicarmais.com.br\/site\/2026\/02\/27\/prefeitura-de-salvador-amplia-acesso-a-pratica-esportiva-na-federacao-apos-entrega-de-nova-arena-com-grama-sintetica\/#primaryimage","url":"https:\/\/www.comunicarmais.com.br\/site\/wp-content\/uploads\/2026\/02\/WhatsApp-Image-2026-02-27-at-12.48.10.jpeg","contentUrl":"https:\/\/www.comunicarmais.com.br\/site\/wp-content\/uploads\/2026\/02\/WhatsApp-Image-2026-02-27-at-12.48.10.jpeg","width":1280,"height":854},{"@type":"BreadcrumbList","@id":"https:\/\/www.comunicarmais.com.br\/site\/2026\/02\/27\/prefeitura-de-salvador-amplia-acesso-a-pratica-esportiva-na-federacao-apos-entrega-de-nova-arena-com-grama-sintetica\/#breadcrumb","itemListElement":[{"@type":"ListItem","position":1,"name":"In\u00edcio","item":"https:\/\/www.comunicarmais.com.br\/site\/"},{"@type":"ListItem","position":2,"name":"Prefeitura de Salvador entrega nova arena com grama sint\u00e9tica na Federa\u00e7\u00e3o"}]},{"@type":"WebSite","@id":"https:\/\/www.comunicarmais.com.br\/site\/#website","url":"https:\/\/www.comunicarmais.com.br\/site\/","name":"Comunicar Mais","description":"","potentialAction":[{"@type":"SearchAction","target":{"@type":"EntryPoint","urlTemplate":"https:\/\/www.comunicarmais.com.br\/site\/?s={search_term_string}"},"query-input":{"@type":"PropertyValueSpecification","valueRequired":true,"valueName":"search_term_string"}}],"inLanguage":"pt-BR"},{"@type":"Person","@id":"https:\/\/www.comunicarmais.com.br\/site\/#\/schema\/person\/712f7b6b25b644e4a91c4173674cf284","name":"Comunicar Mais","image":{"@type":"ImageObject","inLanguage":"pt-BR","@id":"https:\/\/www.comunicarmais.com.br\/site\/#\/schema\/person\/image\/","url":"https:\/\/secure.gravatar.com\/avatar\/9803218072e2c0dc265d3d787b54c2c33325e79f79732707fddfbf1efd82c678?s=96&d=mm&r=g","contentUrl":"https:\/\/secure.gravatar.com\/avatar\/9803218072e2c0dc265d3d787b54c2c33325e79f79732707fddfbf1efd82c678?s=96&d=mm&r=g","caption":"Comunicar Mais"},"description":"Deixe as ideologias com os ide\u00f3logos. Noticiamos fatos, n\u00e3o brigamos com eles. Aqui, voc\u00ea fica bem informado do que acontece no seu bairro e no mundo. Informar com \u00e9tica e responsabilidade s\u00e3o as bandeiras do Comunicarmais.","sameAs":["https:\/\/www.comunicarmais.com.br\/site\/","https:\/\/www.facebook.com\/comunicarmais\/","https:\/\/www.instagram.com\/comunicarmaisba\/","https:\/\/x.com\/ComunicarmaisBA"],"url":"https:\/\/www.comunicarmais.com.br\/site\/author\/gerenciador\/"}]}},"_links":{"self":[{"href":"https:\/\/www.comunicarmais.com.br\/site\/wp-json\/wp\/v2\/posts\/13328","targetHints":{"allow":["GET"]}}],"collection":[{"href":"https:\/\/www.comunicarmais.com.br\/site\/wp-json\/wp\/v2\/posts"}],"about":[{"href":"https:\/\/www.comunicarmais.com.br\/site\/wp-json\/wp\/v2\/types\/post"}],"author":[{"embeddable":true,"href":"https:\/\/www.comunicarmais.com.br\/site\/wp-json\/wp\/v2\/users\/2"}],"replies":[{"embeddable":true,"href":"https:\/\/www.comunicarmais.com.br\/site\/wp-json\/wp\/v2\/comments?post=13328"}],"version-history":[{"count":2,"href":"https:\/\/www.comunicarmais.com.br\/site\/wp-json\/wp\/v2\/posts\/13328\/revisions"}],"predecessor-version":[{"id":13357,"href":"https:\/\/www.comunicarmais.com.br\/site\/wp-json\/wp\/v2\/posts\/13328\/revisions\/13357"}],"wp:featuredmedia":[{"embeddable":true,"href":"https:\/\/www.comunicarmais.com.br\/site\/wp-json\/wp\/v2\/media\/13330"}],"wp:attachment":[{"href":"https:\/\/www.comunicarmais.com.br\/site\/wp-json\/wp\/v2\/media?parent=13328"}],"wp:term":[{"taxonomy":"category","embeddable":true,"href":"https:\/\/www.comunicarmais.com.br\/site\/wp-json\/wp\/v2\/categories?post=13328"},{"taxonomy":"post_tag","embeddable":true,"href":"https:\/\/www.comunicarmais.com.br\/site\/wp-json\/wp\/v2\/tags?post=13328"}],"curies":[{"name":"wp","href":"https:\/\/api.w.org\/{rel}","templated":true}]}}