{"id":13321,"date":"2026-02-27T08:21:00","date_gmt":"2026-02-27T11:21:00","guid":{"rendered":"https:\/\/www.comunicarmais.com.br\/site\/?p=13321"},"modified":"2026-02-27T11:32:07","modified_gmt":"2026-02-27T14:32:07","slug":"banda-suja-operacao-prende-quatro-pms-investigados-por-formacao-de-milicia-na-regiao-de-ipira","status":"publish","type":"post","link":"https:\/\/www.comunicarmais.com.br\/site\/2026\/02\/27\/banda-suja-operacao-prende-quatro-pms-investigados-por-formacao-de-milicia-na-regiao-de-ipira\/","title":{"rendered":"&#8220;Banda Suja&#8221;: Opera\u00e7\u00e3o prende quatro PMs investigados por forma\u00e7\u00e3o de mil\u00edcia na regi\u00e3o de Ipir\u00e1"},"content":{"rendered":"\n<p><strong>Investiga\u00e7\u00f5es apontam que o grupo criminoso atuava na pr\u00e1tica de viola\u00e7\u00f5es a domic\u00edlio, abuso de autoridade, extors\u00f5es, subtra\u00e7\u00f5es de bens, tortura, associa\u00e7\u00e3o para o tr\u00e1fico e tr\u00e1fico de drogas<\/strong><\/p>\n\n\n\n<figure class=\"wp-block-image size-full\"><img decoding=\"async\" width=\"1280\" height=\"960\" data-src=\"https:\/\/www.comunicarmais.com.br\/site\/wp-content\/uploads\/2026\/02\/WhatsApp-Image-2026-02-27-at-08.01.42.jpeg\" alt=\"\" class=\"wp-image-13324 lazyload\" data-srcset=\"https:\/\/www.comunicarmais.com.br\/site\/wp-content\/uploads\/2026\/02\/WhatsApp-Image-2026-02-27-at-08.01.42.jpeg 1280w, https:\/\/www.comunicarmais.com.br\/site\/wp-content\/uploads\/2026\/02\/WhatsApp-Image-2026-02-27-at-08.01.42-1024x768.jpeg 1024w, https:\/\/www.comunicarmais.com.br\/site\/wp-content\/uploads\/2026\/02\/WhatsApp-Image-2026-02-27-at-08.01.42-768x576.jpeg 768w\" data-sizes=\"(max-width: 1280px) 100vw, 1280px\" src=\"data:image\/svg+xml;base64,PHN2ZyB3aWR0aD0iMSIgaGVpZ2h0PSIxIiB4bWxucz0iaHR0cDovL3d3dy53My5vcmcvMjAwMC9zdmciPjwvc3ZnPg==\" style=\"--smush-placeholder-width: 1280px; --smush-placeholder-aspect-ratio: 1280\/960;\" \/><figcaption class=\"wp-element-caption\"><em><sup>(Foto: Fl\u00e1via Vieira\/SSP-BA)<\/sup><\/em><\/figcaption><\/figure>\n\n\n\n<p><strong>Reda\u00e7\u00e3o Mais &#8211; <\/strong>Quatro policiais militares foram presos na manh\u00e3 desta sexta-feira (27), durante opera\u00e7\u00e3o deflagrada pelo Minist\u00e9rio P\u00fablico do Estado da Bahia (MP-BA), por meio do Grupo de Atua\u00e7\u00e3o Especial de Combate \u00e0s Organiza\u00e7\u00f5es Criminosas e Investiga\u00e7\u00f5es Criminais (Gaeco), For\u00e7a Correcional Especial Integrada da Corregedoria Geral (Force-SSP) e Corregedoria da Pol\u00edcia Militar, da Secretaria de Seguran\u00e7a P\u00fablica (SSP). A opera\u00e7\u00e3o \u201cBanda Suja\u201d tem como alvo os PMs investigados por integrar uma organiza\u00e7\u00e3o criminosa com caracter\u00edsticas milicianas na regi\u00e3o de Ipir\u00e1. Tr\u00eas policiais foram presos preventivamente e um em flagrante incidental nos munic\u00edpios de Ipir\u00e1 e Feira de Santana.<\/p>\n\n\n\n<figure class=\"wp-block-image size-full\"><img decoding=\"async\" width=\"1280\" height=\"960\" data-src=\"https:\/\/www.comunicarmais.com.br\/site\/wp-content\/uploads\/2026\/02\/WhatsApp-Image-2026-02-27-at-08.01.48.jpeg\" alt=\"\" class=\"wp-image-13323 lazyload\" data-srcset=\"https:\/\/www.comunicarmais.com.br\/site\/wp-content\/uploads\/2026\/02\/WhatsApp-Image-2026-02-27-at-08.01.48.jpeg 1280w, https:\/\/www.comunicarmais.com.br\/site\/wp-content\/uploads\/2026\/02\/WhatsApp-Image-2026-02-27-at-08.01.48-1024x768.jpeg 1024w, https:\/\/www.comunicarmais.com.br\/site\/wp-content\/uploads\/2026\/02\/WhatsApp-Image-2026-02-27-at-08.01.48-768x576.jpeg 768w\" data-sizes=\"(max-width: 1280px) 100vw, 1280px\" src=\"data:image\/svg+xml;base64,PHN2ZyB3aWR0aD0iMSIgaGVpZ2h0PSIxIiB4bWxucz0iaHR0cDovL3d3dy53My5vcmcvMjAwMC9zdmciPjwvc3ZnPg==\" style=\"--smush-placeholder-width: 1280px; --smush-placeholder-aspect-ratio: 1280\/960;\" \/><figcaption class=\"wp-element-caption\"><em><sup>(Foto: Fl\u00e1via Vieira\/SSP-BA)<\/sup><\/em><\/figcaption><\/figure>\n\n\n\n<p>Tamb\u00e9m foram cumpridos sete mandados de busca e apreens\u00e3o nos endere\u00e7os residenciais dos agentes investigados e nas sedes da 98\u00aa Companhia Independente de Pol\u00edcia Militar (CIPM) e da Companhia Independente de Policiamento Especializado (Cipe) Leste, localizados nos munic\u00edpios de Ipir\u00e1 e Feira de Santana. As buscas resultaram na apreens\u00e3o de armas de fogo, R$ 70 mil em esp\u00e9cie e celulares.<\/p>\n\n\n\n<figure class=\"wp-block-image size-full\"><img decoding=\"async\" width=\"1280\" height=\"892\" data-src=\"https:\/\/www.comunicarmais.com.br\/site\/wp-content\/uploads\/2026\/02\/WhatsApp-Image-2026-02-27-at-08.01.47.jpeg\" alt=\"\" class=\"wp-image-13325 lazyload\" data-srcset=\"https:\/\/www.comunicarmais.com.br\/site\/wp-content\/uploads\/2026\/02\/WhatsApp-Image-2026-02-27-at-08.01.47.jpeg 1280w, https:\/\/www.comunicarmais.com.br\/site\/wp-content\/uploads\/2026\/02\/WhatsApp-Image-2026-02-27-at-08.01.47-1024x714.jpeg 1024w, https:\/\/www.comunicarmais.com.br\/site\/wp-content\/uploads\/2026\/02\/WhatsApp-Image-2026-02-27-at-08.01.47-768x535.jpeg 768w\" data-sizes=\"(max-width: 1280px) 100vw, 1280px\" src=\"data:image\/svg+xml;base64,PHN2ZyB3aWR0aD0iMSIgaGVpZ2h0PSIxIiB4bWxucz0iaHR0cDovL3d3dy53My5vcmcvMjAwMC9zdmciPjwvc3ZnPg==\" style=\"--smush-placeholder-width: 1280px; --smush-placeholder-aspect-ratio: 1280\/892;\" \/><figcaption class=\"wp-element-caption\"><em><sup>(Foto: Fl\u00e1via Vieira\/SSP-BA)<\/sup><\/em><\/figcaption><\/figure>\n\n\n\n<p>As medidas cautelares foram deferidas pela 1\u00aa Vara de Auditoria Militar de Salvador e est\u00e3o vinculadas a procedimento investigat\u00f3rio conduzido pelo MPBA, por meio do Grupo de Atua\u00e7\u00e3o Especial de Combate \u00e0s Organiza\u00e7\u00f5es Criminosas (Gaeco). As investiga\u00e7\u00f5es apontam a exist\u00eancia de grupo estruturalmente organizado com atua\u00e7\u00e3o reiterada na pr\u00e1tica de delitos graves, entre eles viola\u00e7\u00f5es de domic\u00edlio, abuso de autoridade, extors\u00f5es, subtra\u00e7\u00f5es de bens, tortura, associa\u00e7\u00e3o para o tr\u00e1fico e tr\u00e1fico de drogas, al\u00e9m de outros crimes praticados mediante o aproveitamento de fun\u00e7\u00f5es p\u00fablicas e do aparato estatal.<\/p>\n\n\n\n<p>Tamb\u00e9m foi identificado um padr\u00e3o de atua\u00e7\u00e3o sistem\u00e1tico, com divis\u00e3o de tarefas, emprego de viol\u00eancia ou intimida\u00e7\u00e3o e utiliza\u00e7\u00e3o de instrumentos institucionais como meio de facilita\u00e7\u00e3o das condutas il\u00edcitas, evidenciando risco concreto \u00e0 ordem p\u00fablica e \u00e0 adequada colheita de provas.<\/p>\n\n\n\n<p>________________________________________________________________________________________________________________<\/p>\n\n\n<p class=\"wp-block-tag-cloud\"><a href=\"https:\/\/www.comunicarmais.com.br\/site\/tag\/bahia\/\" class=\"tag-cloud-link tag-link-171 tag-link-position-1\" style=\"font-size: 17.922330097087pt;\" aria-label=\"Bahia (116 itens)\">Bahia<\/a>\n<a href=\"https:\/\/www.comunicarmais.com.br\/site\/tag\/bolsonaro\/\" class=\"tag-cloud-link tag-link-112 tag-link-position-2\" style=\"font-size: 11.533980582524pt;\" aria-label=\"Bolsonaro (39 itens)\">Bolsonaro<\/a>\n<a href=\"https:\/\/www.comunicarmais.com.br\/site\/tag\/brasil\/\" class=\"tag-cloud-link tag-link-335 tag-link-position-3\" style=\"font-size: 13.029126213592pt;\" aria-label=\"Brasil (50 itens)\">Brasil<\/a>\n<a href=\"https:\/\/www.comunicarmais.com.br\/site\/tag\/camacari\/\" class=\"tag-cloud-link tag-link-435 tag-link-position-4\" style=\"font-size: 8.8155339805825pt;\" aria-label=\"Cama\u00e7ari (24 itens)\">Cama\u00e7ari<\/a>\n<a href=\"https:\/\/www.comunicarmais.com.br\/site\/tag\/carnaval\/\" class=\"tag-cloud-link tag-link-508 tag-link-position-5\" style=\"font-size: 12.893203883495pt;\" aria-label=\"Carnaval (49 itens)\">Carnaval<\/a>\n<a href=\"https:\/\/www.comunicarmais.com.br\/site\/tag\/cbx\/\" class=\"tag-cloud-link tag-link-1602 tag-link-position-6\" style=\"font-size: 11.398058252427pt;\" aria-label=\"CBX (38 itens)\">CBX<\/a>\n<a href=\"https:\/\/www.comunicarmais.com.br\/site\/tag\/cidade-baixa\/\" class=\"tag-cloud-link tag-link-456 tag-link-position-7\" style=\"font-size: 9.9029126213592pt;\" aria-label=\"Cidade Baixa (29 itens)\">Cidade Baixa<\/a>\n<a href=\"https:\/\/www.comunicarmais.com.br\/site\/tag\/cinema\/\" class=\"tag-cloud-link tag-link-985 tag-link-position-8\" style=\"font-size: 11.126213592233pt;\" aria-label=\"Cinema (36 itens)\">Cinema<\/a>\n<a href=\"https:\/\/www.comunicarmais.com.br\/site\/tag\/cultura\/\" class=\"tag-cloud-link tag-link-231 tag-link-position-9\" style=\"font-size: 12.349514563107pt;\" aria-label=\"Cultura (45 itens)\">Cultura<\/a>\n<a href=\"https:\/\/www.comunicarmais.com.br\/site\/tag\/drogas\/\" class=\"tag-cloud-link tag-link-165 tag-link-position-10\" style=\"font-size: 12.757281553398pt;\" aria-label=\"Drogas (48 itens)\">Drogas<\/a>\n<a href=\"https:\/\/www.comunicarmais.com.br\/site\/tag\/educacao\/\" class=\"tag-cloud-link tag-link-228 tag-link-position-11\" style=\"font-size: 12.621359223301pt;\" aria-label=\"Educa\u00e7\u00e3o (47 itens)\">Educa\u00e7\u00e3o<\/a>\n<a href=\"https:\/\/www.comunicarmais.com.br\/site\/tag\/ensino\/\" class=\"tag-cloud-link tag-link-233 tag-link-position-12\" style=\"font-size: 10.446601941748pt;\" aria-label=\"Ensino (32 itens)\">Ensino<\/a>\n<a href=\"https:\/\/www.comunicarmais.com.br\/site\/tag\/escola\/\" class=\"tag-cloud-link tag-link-229 tag-link-position-13\" style=\"font-size: 9.631067961165pt;\" aria-label=\"Escola (28 itens)\">Escola<\/a>\n<a href=\"https:\/\/www.comunicarmais.com.br\/site\/tag\/eua\/\" class=\"tag-cloud-link tag-link-664 tag-link-position-14\" style=\"font-size: 12.077669902913pt;\" aria-label=\"EUA (43 itens)\">EUA<\/a>\n<a href=\"https:\/\/www.comunicarmais.com.br\/site\/tag\/feira-de-santana\/\" class=\"tag-cloud-link tag-link-642 tag-link-position-15\" style=\"font-size: 9.2233009708738pt;\" aria-label=\"Feira de Santana (26 itens)\">Feira de Santana<\/a>\n<a href=\"https:\/\/www.comunicarmais.com.br\/site\/tag\/ficco\/\" class=\"tag-cloud-link tag-link-143 tag-link-position-16\" style=\"font-size: 9.2233009708738pt;\" aria-label=\"Ficco (26 itens)\">Ficco<\/a>\n<a href=\"https:\/\/www.comunicarmais.com.br\/site\/tag\/folia\/\" class=\"tag-cloud-link tag-link-566 tag-link-position-17\" style=\"font-size: 9.2233009708738pt;\" aria-label=\"Folia (26 itens)\">Folia<\/a>\n<a href=\"https:\/\/www.comunicarmais.com.br\/site\/tag\/futebol\/\" class=\"tag-cloud-link tag-link-40 tag-link-position-18\" style=\"font-size: 13.029126213592pt;\" aria-label=\"Futebol (50 itens)\">Futebol<\/a>\n<a href=\"https:\/\/www.comunicarmais.com.br\/site\/tag\/homicidio\/\" class=\"tag-cloud-link tag-link-101 tag-link-position-19\" style=\"font-size: 10.718446601942pt;\" aria-label=\"Homic\u00eddio (34 itens)\">Homic\u00eddio<\/a>\n<a href=\"https:\/\/www.comunicarmais.com.br\/site\/tag\/itapagipe\/\" class=\"tag-cloud-link tag-link-471 tag-link-position-20\" style=\"font-size: 10.038834951456pt;\" aria-label=\"Itapagipe (30 itens)\">Itapagipe<\/a>\n<a href=\"https:\/\/www.comunicarmais.com.br\/site\/tag\/itaparica\/\" class=\"tag-cloud-link tag-link-301 tag-link-position-21\" style=\"font-size: 8pt;\" aria-label=\"Itaparica (21 itens)\">Itaparica<\/a>\n<a href=\"https:\/\/www.comunicarmais.com.br\/site\/tag\/jeronimo-rodrigues\/\" class=\"tag-cloud-link tag-link-668 tag-link-position-22\" style=\"font-size: 8.2718446601942pt;\" aria-label=\"Jer\u00f4nimo Rodrigues (22 itens)\">Jer\u00f4nimo Rodrigues<\/a>\n<a href=\"https:\/\/www.comunicarmais.com.br\/site\/tag\/justica\/\" class=\"tag-cloud-link tag-link-361 tag-link-position-23\" style=\"font-size: 10.582524271845pt;\" aria-label=\"Justi\u00e7a (33 itens)\">Justi\u00e7a<\/a>\n<a href=\"https:\/\/www.comunicarmais.com.br\/site\/tag\/lauro-de-freitas\/\" class=\"tag-cloud-link tag-link-594 tag-link-position-24\" style=\"font-size: 18.194174757282pt;\" aria-label=\"Lauro de Freitas (123 itens)\">Lauro de Freitas<\/a>\n<a href=\"https:\/\/www.comunicarmais.com.br\/site\/tag\/lazer\/\" class=\"tag-cloud-link tag-link-568 tag-link-position-25\" style=\"font-size: 9.2233009708738pt;\" aria-label=\"Lazer (26 itens)\">Lazer<\/a>\n<a href=\"https:\/\/www.comunicarmais.com.br\/site\/tag\/lula\/\" class=\"tag-cloud-link tag-link-416 tag-link-position-26\" style=\"font-size: 12.21359223301pt;\" aria-label=\"Lula (44 itens)\">Lula<\/a>\n<a href=\"https:\/\/www.comunicarmais.com.br\/site\/tag\/meio-ambiente\/\" class=\"tag-cloud-link tag-link-475 tag-link-position-27\" style=\"font-size: 12.21359223301pt;\" aria-label=\"Meio Ambiente (44 itens)\">Meio Ambiente<\/a>\n<a href=\"https:\/\/www.comunicarmais.com.br\/site\/tag\/mobilidade\/\" class=\"tag-cloud-link tag-link-278 tag-link-position-28\" style=\"font-size: 13.844660194175pt;\" aria-label=\"Mobilidade (58 itens)\">Mobilidade<\/a>\n<a href=\"https:\/\/www.comunicarmais.com.br\/site\/tag\/mulher\/\" class=\"tag-cloud-link tag-link-450 tag-link-position-29\" style=\"font-size: 13.300970873786pt;\" aria-label=\"mulher (53 itens)\">mulher<\/a>\n<a href=\"https:\/\/www.comunicarmais.com.br\/site\/tag\/musica-2\/\" class=\"tag-cloud-link tag-link-747 tag-link-position-30\" style=\"font-size: 12.21359223301pt;\" aria-label=\"M\u00fasica (44 itens)\">M\u00fasica<\/a>\n<a href=\"https:\/\/www.comunicarmais.com.br\/site\/tag\/pcba\/\" class=\"tag-cloud-link tag-link-1332 tag-link-position-31\" style=\"font-size: 15.067961165049pt;\" aria-label=\"PCBA (72 itens)\">PCBA<\/a>\n<a href=\"https:\/\/www.comunicarmais.com.br\/site\/tag\/pmba\/\" class=\"tag-cloud-link tag-link-53 tag-link-position-32\" style=\"font-size: 18.194174757282pt;\" aria-label=\"PMBA (123 itens)\">PMBA<\/a>\n<a href=\"https:\/\/www.comunicarmais.com.br\/site\/tag\/policia-federal\/\" class=\"tag-cloud-link tag-link-620 tag-link-position-33\" style=\"font-size: 8.9514563106796pt;\" aria-label=\"Pol\u00edcia Federal (25 itens)\">Pol\u00edcia Federal<\/a>\n<a href=\"https:\/\/www.comunicarmais.com.br\/site\/tag\/politica\/\" class=\"tag-cloud-link tag-link-495 tag-link-position-34\" style=\"font-size: 16.291262135922pt;\" aria-label=\"Pol\u00edtica (89 itens)\">Pol\u00edtica<\/a>\n<a href=\"https:\/\/www.comunicarmais.com.br\/site\/tag\/rio-de-janeiro\/\" class=\"tag-cloud-link tag-link-152 tag-link-position-35\" style=\"font-size: 9.9029126213592pt;\" aria-label=\"Rio de Janeiro (29 itens)\">Rio de Janeiro<\/a>\n<a href=\"https:\/\/www.comunicarmais.com.br\/site\/tag\/salvador\/\" class=\"tag-cloud-link tag-link-125 tag-link-position-36\" style=\"font-size: 22pt;\" aria-label=\"Salvador (236 itens)\">Salvador<\/a>\n<a href=\"https:\/\/www.comunicarmais.com.br\/site\/tag\/saude\/\" class=\"tag-cloud-link tag-link-42 tag-link-position-37\" style=\"font-size: 17.922330097087pt;\" aria-label=\"Sa\u00fade (117 itens)\">Sa\u00fade<\/a>\n<a href=\"https:\/\/www.comunicarmais.com.br\/site\/tag\/seguranca\/\" class=\"tag-cloud-link tag-link-48 tag-link-position-38\" style=\"font-size: 9.2233009708738pt;\" aria-label=\"Seguran\u00e7a (26 itens)\">Seguran\u00e7a<\/a>\n<a href=\"https:\/\/www.comunicarmais.com.br\/site\/tag\/ssp-ba\/\" class=\"tag-cloud-link tag-link-1937 tag-link-position-39\" style=\"font-size: 8.9514563106796pt;\" aria-label=\"SSP-BA (25 itens)\">SSP-BA<\/a>\n<a href=\"https:\/\/www.comunicarmais.com.br\/site\/tag\/sspba\/\" class=\"tag-cloud-link tag-link-144 tag-link-position-40\" style=\"font-size: 11.398058252427pt;\" aria-label=\"SSPBA (38 itens)\">SSPBA<\/a>\n<a href=\"https:\/\/www.comunicarmais.com.br\/site\/tag\/stf\/\" class=\"tag-cloud-link tag-link-68 tag-link-position-41\" style=\"font-size: 14.252427184466pt;\" aria-label=\"STF (62 itens)\">STF<\/a>\n<a href=\"https:\/\/www.comunicarmais.com.br\/site\/tag\/sao-paulo\/\" class=\"tag-cloud-link tag-link-612 tag-link-position-42\" style=\"font-size: 8pt;\" aria-label=\"S\u00e3o Paulo (21 itens)\">S\u00e3o Paulo<\/a>\n<a href=\"https:\/\/www.comunicarmais.com.br\/site\/tag\/transito-2\/\" class=\"tag-cloud-link tag-link-377 tag-link-position-43\" style=\"font-size: 8.2718446601942pt;\" aria-label=\"tr\u00e2nsito (22 itens)\">tr\u00e2nsito<\/a>\n<a href=\"https:\/\/www.comunicarmais.com.br\/site\/tag\/turismo\/\" class=\"tag-cloud-link tag-link-225 tag-link-position-44\" style=\"font-size: 9.9029126213592pt;\" aria-label=\"Turismo (29 itens)\">Turismo<\/a>\n<a href=\"https:\/\/www.comunicarmais.com.br\/site\/tag\/uruguai\/\" class=\"tag-cloud-link tag-link-323 tag-link-position-45\" style=\"font-size: 9.631067961165pt;\" aria-label=\"Uruguai (28 itens)\">Uruguai<\/a><\/p>","protected":false},"excerpt":{"rendered":"<p>Investiga\u00e7\u00f5es apontam que o grupo criminoso atuava na pr\u00e1tica de viola\u00e7\u00f5es a domic\u00edlio, abuso de autoridade, extors\u00f5es, subtra\u00e7\u00f5es de bens, tortura, associa\u00e7\u00e3o para o tr\u00e1fico e tr\u00e1fico de drogas<\/p>\n","protected":false},"author":2,"featured_media":13323,"comment_status":"open","ping_status":"open","sticky":false,"template":"","format":"standard","meta":{"_acf_changed":false,"footnotes":""},"categories":[4,50],"tags":[642,2407,151,1005,53,144],"class_list":["post-13321","post","type-post","status-publish","format-standard","has-post-thumbnail","hentry","category-bahia","category-seguranca","tag-feira-de-santana","tag-ipira","tag-milicia-2","tag-mpba","tag-pmba","tag-sspba"],"acf":[],"yoast_head":"<!-- This site is optimized with the Yoast SEO plugin v26.1.1 - https:\/\/yoast.com\/wordpress\/plugins\/seo\/ -->\n<title>&quot;Banda Suja&quot;: Opera\u00e7\u00e3o prende quatro PMs investigados por forma\u00e7\u00e3o de mil\u00edcia na regi\u00e3o de Ipir\u00e1 - Comunicar Mais<\/title>\n<meta name=\"description\" content=\"Investiga\u00e7\u00f5es apontam que o grupo criminoso atuava na pr\u00e1tica de viola\u00e7\u00f5es a domic\u00edlio, abuso de autoridade, extors\u00f5es, subtra\u00e7\u00f5es de bens, tortura, associa\u00e7\u00e3o para o tr\u00e1fico e tr\u00e1fico de drogas\" \/>\n<meta name=\"robots\" content=\"index, follow, max-snippet:-1, max-image-preview:large, max-video-preview:-1\" \/>\n<link rel=\"canonical\" href=\"https:\/\/www.comunicarmais.com.br\/site\/2026\/02\/27\/banda-suja-operacao-prende-quatro-pms-investigados-por-formacao-de-milicia-na-regiao-de-ipira\/\" \/>\n<meta property=\"og:locale\" content=\"pt_BR\" \/>\n<meta property=\"og:type\" content=\"article\" \/>\n<meta property=\"og:title\" content=\"&quot;Banda Suja&quot;: Opera\u00e7\u00e3o prende quatro PMs investigados por forma\u00e7\u00e3o de mil\u00edcia na regi\u00e3o de Ipir\u00e1 - Comunicar Mais\" \/>\n<meta property=\"og:description\" content=\"Investiga\u00e7\u00f5es apontam que o grupo criminoso atuava na pr\u00e1tica de viola\u00e7\u00f5es a domic\u00edlio, abuso de autoridade, extors\u00f5es, subtra\u00e7\u00f5es de bens, tortura, associa\u00e7\u00e3o para o tr\u00e1fico e tr\u00e1fico de drogas\" \/>\n<meta property=\"og:url\" content=\"https:\/\/www.comunicarmais.com.br\/site\/2026\/02\/27\/banda-suja-operacao-prende-quatro-pms-investigados-por-formacao-de-milicia-na-regiao-de-ipira\/\" \/>\n<meta property=\"og:site_name\" content=\"Comunicar Mais\" \/>\n<meta property=\"article:publisher\" content=\"https:\/\/www.facebook.com\/comunicarmais\/\" \/>\n<meta property=\"article:author\" content=\"https:\/\/www.facebook.com\/comunicarmais\/\" \/>\n<meta property=\"article:published_time\" content=\"2026-02-27T11:21:00+00:00\" \/>\n<meta property=\"article:modified_time\" content=\"2026-02-27T14:32:07+00:00\" \/>\n<meta property=\"og:image\" content=\"https:\/\/www.comunicarmais.com.br\/site\/wp-content\/uploads\/2026\/02\/WhatsApp-Image-2026-02-27-at-08.01.48.jpeg\" \/>\n\t<meta property=\"og:image:width\" content=\"1280\" \/>\n\t<meta property=\"og:image:height\" content=\"960\" \/>\n\t<meta property=\"og:image:type\" content=\"image\/jpeg\" \/>\n<meta name=\"author\" content=\"Comunicar Mais\" \/>\n<meta name=\"twitter:card\" content=\"summary_large_image\" \/>\n<meta name=\"twitter:creator\" content=\"@ComunicarmaisBA\" \/>\n<meta name=\"twitter:site\" content=\"@ComunicarmaisBA\" \/>\n<meta name=\"twitter:label1\" content=\"Escrito por\" \/>\n\t<meta name=\"twitter:data1\" content=\"Comunicar Mais\" \/>\n\t<meta name=\"twitter:label2\" content=\"Est. tempo de leitura\" \/>\n\t<meta name=\"twitter:data2\" content=\"3 minutos\" \/>\n<script type=\"application\/ld+json\" class=\"yoast-schema-graph\">{\"@context\":\"https:\/\/schema.org\",\"@graph\":[{\"@type\":\"WebPage\",\"@id\":\"https:\/\/www.comunicarmais.com.br\/site\/2026\/02\/27\/banda-suja-operacao-prende-quatro-pms-investigados-por-formacao-de-milicia-na-regiao-de-ipira\/\",\"url\":\"https:\/\/www.comunicarmais.com.br\/site\/2026\/02\/27\/banda-suja-operacao-prende-quatro-pms-investigados-por-formacao-de-milicia-na-regiao-de-ipira\/\",\"name\":\"\\\"Banda Suja\\\": Opera\u00e7\u00e3o prende quatro PMs investigados por forma\u00e7\u00e3o de mil\u00edcia na regi\u00e3o de Ipir\u00e1 - Comunicar Mais\",\"isPartOf\":{\"@id\":\"https:\/\/www.comunicarmais.com.br\/site\/#website\"},\"primaryImageOfPage\":{\"@id\":\"https:\/\/www.comunicarmais.com.br\/site\/2026\/02\/27\/banda-suja-operacao-prende-quatro-pms-investigados-por-formacao-de-milicia-na-regiao-de-ipira\/#primaryimage\"},\"image\":{\"@id\":\"https:\/\/www.comunicarmais.com.br\/site\/2026\/02\/27\/banda-suja-operacao-prende-quatro-pms-investigados-por-formacao-de-milicia-na-regiao-de-ipira\/#primaryimage\"},\"thumbnailUrl\":\"https:\/\/www.comunicarmais.com.br\/site\/wp-content\/uploads\/2026\/02\/WhatsApp-Image-2026-02-27-at-08.01.48.jpeg\",\"datePublished\":\"2026-02-27T11:21:00+00:00\",\"dateModified\":\"2026-02-27T14:32:07+00:00\",\"author\":{\"@id\":\"https:\/\/www.comunicarmais.com.br\/site\/#\/schema\/person\/712f7b6b25b644e4a91c4173674cf284\"},\"description\":\"Investiga\u00e7\u00f5es apontam que o grupo criminoso atuava na pr\u00e1tica de viola\u00e7\u00f5es a domic\u00edlio, abuso de autoridade, extors\u00f5es, subtra\u00e7\u00f5es de bens, tortura, associa\u00e7\u00e3o para o tr\u00e1fico e tr\u00e1fico de drogas\",\"breadcrumb\":{\"@id\":\"https:\/\/www.comunicarmais.com.br\/site\/2026\/02\/27\/banda-suja-operacao-prende-quatro-pms-investigados-por-formacao-de-milicia-na-regiao-de-ipira\/#breadcrumb\"},\"inLanguage\":\"pt-BR\",\"potentialAction\":[{\"@type\":\"ReadAction\",\"target\":[\"https:\/\/www.comunicarmais.com.br\/site\/2026\/02\/27\/banda-suja-operacao-prende-quatro-pms-investigados-por-formacao-de-milicia-na-regiao-de-ipira\/\"]}]},{\"@type\":\"ImageObject\",\"inLanguage\":\"pt-BR\",\"@id\":\"https:\/\/www.comunicarmais.com.br\/site\/2026\/02\/27\/banda-suja-operacao-prende-quatro-pms-investigados-por-formacao-de-milicia-na-regiao-de-ipira\/#primaryimage\",\"url\":\"https:\/\/www.comunicarmais.com.br\/site\/wp-content\/uploads\/2026\/02\/WhatsApp-Image-2026-02-27-at-08.01.48.jpeg\",\"contentUrl\":\"https:\/\/www.comunicarmais.com.br\/site\/wp-content\/uploads\/2026\/02\/WhatsApp-Image-2026-02-27-at-08.01.48.jpeg\",\"width\":1280,\"height\":960},{\"@type\":\"BreadcrumbList\",\"@id\":\"https:\/\/www.comunicarmais.com.br\/site\/2026\/02\/27\/banda-suja-operacao-prende-quatro-pms-investigados-por-formacao-de-milicia-na-regiao-de-ipira\/#breadcrumb\",\"itemListElement\":[{\"@type\":\"ListItem\",\"position\":1,\"name\":\"In\u00edcio\",\"item\":\"https:\/\/www.comunicarmais.com.br\/site\/\"},{\"@type\":\"ListItem\",\"position\":2,\"name\":\"&#8220;Banda Suja&#8221;: Opera\u00e7\u00e3o prende quatro PMs investigados por forma\u00e7\u00e3o de mil\u00edcia na regi\u00e3o de Ipir\u00e1\"}]},{\"@type\":\"WebSite\",\"@id\":\"https:\/\/www.comunicarmais.com.br\/site\/#website\",\"url\":\"https:\/\/www.comunicarmais.com.br\/site\/\",\"name\":\"Comunicar Mais\",\"description\":\"\",\"potentialAction\":[{\"@type\":\"SearchAction\",\"target\":{\"@type\":\"EntryPoint\",\"urlTemplate\":\"https:\/\/www.comunicarmais.com.br\/site\/?s={search_term_string}\"},\"query-input\":{\"@type\":\"PropertyValueSpecification\",\"valueRequired\":true,\"valueName\":\"search_term_string\"}}],\"inLanguage\":\"pt-BR\"},{\"@type\":\"Person\",\"@id\":\"https:\/\/www.comunicarmais.com.br\/site\/#\/schema\/person\/712f7b6b25b644e4a91c4173674cf284\",\"name\":\"Comunicar Mais\",\"image\":{\"@type\":\"ImageObject\",\"inLanguage\":\"pt-BR\",\"@id\":\"https:\/\/www.comunicarmais.com.br\/site\/#\/schema\/person\/image\/\",\"url\":\"https:\/\/secure.gravatar.com\/avatar\/9803218072e2c0dc265d3d787b54c2c33325e79f79732707fddfbf1efd82c678?s=96&d=mm&r=g\",\"contentUrl\":\"https:\/\/secure.gravatar.com\/avatar\/9803218072e2c0dc265d3d787b54c2c33325e79f79732707fddfbf1efd82c678?s=96&d=mm&r=g\",\"caption\":\"Comunicar Mais\"},\"description\":\"Deixe as ideologias com os ide\u00f3logos. Noticiamos fatos, n\u00e3o brigamos com eles. Aqui, voc\u00ea fica bem informado do que acontece no seu bairro e no mundo. Informar com \u00e9tica e responsabilidade s\u00e3o as bandeiras do Comunicarmais.\",\"sameAs\":[\"https:\/\/www.comunicarmais.com.br\/site\/\",\"https:\/\/www.facebook.com\/comunicarmais\/\",\"https:\/\/www.instagram.com\/comunicarmaisba\/\",\"https:\/\/x.com\/ComunicarmaisBA\"],\"url\":\"https:\/\/www.comunicarmais.com.br\/site\/author\/gerenciador\/\"}]}<\/script>\n<!-- \/ Yoast SEO plugin. -->","yoast_head_json":{"title":"\"Banda Suja\": Opera\u00e7\u00e3o prende quatro PMs investigados por forma\u00e7\u00e3o de mil\u00edcia na regi\u00e3o de Ipir\u00e1 - Comunicar Mais","description":"Investiga\u00e7\u00f5es apontam que o grupo criminoso atuava na pr\u00e1tica de viola\u00e7\u00f5es a domic\u00edlio, abuso de autoridade, extors\u00f5es, subtra\u00e7\u00f5es de bens, tortura, associa\u00e7\u00e3o para o tr\u00e1fico e tr\u00e1fico de drogas","robots":{"index":"index","follow":"follow","max-snippet":"max-snippet:-1","max-image-preview":"max-image-preview:large","max-video-preview":"max-video-preview:-1"},"canonical":"https:\/\/www.comunicarmais.com.br\/site\/2026\/02\/27\/banda-suja-operacao-prende-quatro-pms-investigados-por-formacao-de-milicia-na-regiao-de-ipira\/","og_locale":"pt_BR","og_type":"article","og_title":"\"Banda Suja\": Opera\u00e7\u00e3o prende quatro PMs investigados por forma\u00e7\u00e3o de mil\u00edcia na regi\u00e3o de Ipir\u00e1 - Comunicar Mais","og_description":"Investiga\u00e7\u00f5es apontam que o grupo criminoso atuava na pr\u00e1tica de viola\u00e7\u00f5es a domic\u00edlio, abuso de autoridade, extors\u00f5es, subtra\u00e7\u00f5es de bens, tortura, associa\u00e7\u00e3o para o tr\u00e1fico e tr\u00e1fico de drogas","og_url":"https:\/\/www.comunicarmais.com.br\/site\/2026\/02\/27\/banda-suja-operacao-prende-quatro-pms-investigados-por-formacao-de-milicia-na-regiao-de-ipira\/","og_site_name":"Comunicar Mais","article_publisher":"https:\/\/www.facebook.com\/comunicarmais\/","article_author":"https:\/\/www.facebook.com\/comunicarmais\/","article_published_time":"2026-02-27T11:21:00+00:00","article_modified_time":"2026-02-27T14:32:07+00:00","og_image":[{"width":1280,"height":960,"url":"https:\/\/www.comunicarmais.com.br\/site\/wp-content\/uploads\/2026\/02\/WhatsApp-Image-2026-02-27-at-08.01.48.jpeg","type":"image\/jpeg"}],"author":"Comunicar Mais","twitter_card":"summary_large_image","twitter_creator":"@ComunicarmaisBA","twitter_site":"@ComunicarmaisBA","twitter_misc":{"Escrito por":"Comunicar Mais","Est. tempo de leitura":"3 minutos"},"schema":{"@context":"https:\/\/schema.org","@graph":[{"@type":"WebPage","@id":"https:\/\/www.comunicarmais.com.br\/site\/2026\/02\/27\/banda-suja-operacao-prende-quatro-pms-investigados-por-formacao-de-milicia-na-regiao-de-ipira\/","url":"https:\/\/www.comunicarmais.com.br\/site\/2026\/02\/27\/banda-suja-operacao-prende-quatro-pms-investigados-por-formacao-de-milicia-na-regiao-de-ipira\/","name":"\"Banda Suja\": Opera\u00e7\u00e3o prende quatro PMs investigados por forma\u00e7\u00e3o de mil\u00edcia na regi\u00e3o de Ipir\u00e1 - Comunicar Mais","isPartOf":{"@id":"https:\/\/www.comunicarmais.com.br\/site\/#website"},"primaryImageOfPage":{"@id":"https:\/\/www.comunicarmais.com.br\/site\/2026\/02\/27\/banda-suja-operacao-prende-quatro-pms-investigados-por-formacao-de-milicia-na-regiao-de-ipira\/#primaryimage"},"image":{"@id":"https:\/\/www.comunicarmais.com.br\/site\/2026\/02\/27\/banda-suja-operacao-prende-quatro-pms-investigados-por-formacao-de-milicia-na-regiao-de-ipira\/#primaryimage"},"thumbnailUrl":"https:\/\/www.comunicarmais.com.br\/site\/wp-content\/uploads\/2026\/02\/WhatsApp-Image-2026-02-27-at-08.01.48.jpeg","datePublished":"2026-02-27T11:21:00+00:00","dateModified":"2026-02-27T14:32:07+00:00","author":{"@id":"https:\/\/www.comunicarmais.com.br\/site\/#\/schema\/person\/712f7b6b25b644e4a91c4173674cf284"},"description":"Investiga\u00e7\u00f5es apontam que o grupo criminoso atuava na pr\u00e1tica de viola\u00e7\u00f5es a domic\u00edlio, abuso de autoridade, extors\u00f5es, subtra\u00e7\u00f5es de bens, tortura, associa\u00e7\u00e3o para o tr\u00e1fico e tr\u00e1fico de drogas","breadcrumb":{"@id":"https:\/\/www.comunicarmais.com.br\/site\/2026\/02\/27\/banda-suja-operacao-prende-quatro-pms-investigados-por-formacao-de-milicia-na-regiao-de-ipira\/#breadcrumb"},"inLanguage":"pt-BR","potentialAction":[{"@type":"ReadAction","target":["https:\/\/www.comunicarmais.com.br\/site\/2026\/02\/27\/banda-suja-operacao-prende-quatro-pms-investigados-por-formacao-de-milicia-na-regiao-de-ipira\/"]}]},{"@type":"ImageObject","inLanguage":"pt-BR","@id":"https:\/\/www.comunicarmais.com.br\/site\/2026\/02\/27\/banda-suja-operacao-prende-quatro-pms-investigados-por-formacao-de-milicia-na-regiao-de-ipira\/#primaryimage","url":"https:\/\/www.comunicarmais.com.br\/site\/wp-content\/uploads\/2026\/02\/WhatsApp-Image-2026-02-27-at-08.01.48.jpeg","contentUrl":"https:\/\/www.comunicarmais.com.br\/site\/wp-content\/uploads\/2026\/02\/WhatsApp-Image-2026-02-27-at-08.01.48.jpeg","width":1280,"height":960},{"@type":"BreadcrumbList","@id":"https:\/\/www.comunicarmais.com.br\/site\/2026\/02\/27\/banda-suja-operacao-prende-quatro-pms-investigados-por-formacao-de-milicia-na-regiao-de-ipira\/#breadcrumb","itemListElement":[{"@type":"ListItem","position":1,"name":"In\u00edcio","item":"https:\/\/www.comunicarmais.com.br\/site\/"},{"@type":"ListItem","position":2,"name":"&#8220;Banda Suja&#8221;: Opera\u00e7\u00e3o prende quatro PMs investigados por forma\u00e7\u00e3o de mil\u00edcia na regi\u00e3o de Ipir\u00e1"}]},{"@type":"WebSite","@id":"https:\/\/www.comunicarmais.com.br\/site\/#website","url":"https:\/\/www.comunicarmais.com.br\/site\/","name":"Comunicar Mais","description":"","potentialAction":[{"@type":"SearchAction","target":{"@type":"EntryPoint","urlTemplate":"https:\/\/www.comunicarmais.com.br\/site\/?s={search_term_string}"},"query-input":{"@type":"PropertyValueSpecification","valueRequired":true,"valueName":"search_term_string"}}],"inLanguage":"pt-BR"},{"@type":"Person","@id":"https:\/\/www.comunicarmais.com.br\/site\/#\/schema\/person\/712f7b6b25b644e4a91c4173674cf284","name":"Comunicar Mais","image":{"@type":"ImageObject","inLanguage":"pt-BR","@id":"https:\/\/www.comunicarmais.com.br\/site\/#\/schema\/person\/image\/","url":"https:\/\/secure.gravatar.com\/avatar\/9803218072e2c0dc265d3d787b54c2c33325e79f79732707fddfbf1efd82c678?s=96&d=mm&r=g","contentUrl":"https:\/\/secure.gravatar.com\/avatar\/9803218072e2c0dc265d3d787b54c2c33325e79f79732707fddfbf1efd82c678?s=96&d=mm&r=g","caption":"Comunicar Mais"},"description":"Deixe as ideologias com os ide\u00f3logos. Noticiamos fatos, n\u00e3o brigamos com eles. Aqui, voc\u00ea fica bem informado do que acontece no seu bairro e no mundo. Informar com \u00e9tica e responsabilidade s\u00e3o as bandeiras do Comunicarmais.","sameAs":["https:\/\/www.comunicarmais.com.br\/site\/","https:\/\/www.facebook.com\/comunicarmais\/","https:\/\/www.instagram.com\/comunicarmaisba\/","https:\/\/x.com\/ComunicarmaisBA"],"url":"https:\/\/www.comunicarmais.com.br\/site\/author\/gerenciador\/"}]}},"_links":{"self":[{"href":"https:\/\/www.comunicarmais.com.br\/site\/wp-json\/wp\/v2\/posts\/13321","targetHints":{"allow":["GET"]}}],"collection":[{"href":"https:\/\/www.comunicarmais.com.br\/site\/wp-json\/wp\/v2\/posts"}],"about":[{"href":"https:\/\/www.comunicarmais.com.br\/site\/wp-json\/wp\/v2\/types\/post"}],"author":[{"embeddable":true,"href":"https:\/\/www.comunicarmais.com.br\/site\/wp-json\/wp\/v2\/users\/2"}],"replies":[{"embeddable":true,"href":"https:\/\/www.comunicarmais.com.br\/site\/wp-json\/wp\/v2\/comments?post=13321"}],"version-history":[{"count":1,"href":"https:\/\/www.comunicarmais.com.br\/site\/wp-json\/wp\/v2\/posts\/13321\/revisions"}],"predecessor-version":[{"id":13327,"href":"https:\/\/www.comunicarmais.com.br\/site\/wp-json\/wp\/v2\/posts\/13321\/revisions\/13327"}],"wp:featuredmedia":[{"embeddable":true,"href":"https:\/\/www.comunicarmais.com.br\/site\/wp-json\/wp\/v2\/media\/13323"}],"wp:attachment":[{"href":"https:\/\/www.comunicarmais.com.br\/site\/wp-json\/wp\/v2\/media?parent=13321"}],"wp:term":[{"taxonomy":"category","embeddable":true,"href":"https:\/\/www.comunicarmais.com.br\/site\/wp-json\/wp\/v2\/categories?post=13321"},{"taxonomy":"post_tag","embeddable":true,"href":"https:\/\/www.comunicarmais.com.br\/site\/wp-json\/wp\/v2\/tags?post=13321"}],"curies":[{"name":"wp","href":"https:\/\/api.w.org\/{rel}","templated":true}]}}