{"id":13264,"date":"2026-02-23T17:27:00","date_gmt":"2026-02-23T20:27:00","guid":{"rendered":"https:\/\/www.comunicarmais.com.br\/site\/?p=13264"},"modified":"2026-02-23T22:32:31","modified_gmt":"2026-02-24T01:32:31","slug":"iptu-verde-numero-de-beneficiados-cresce-mais-de-18-e-salvador-se-torna-referencia-em-incentivo-a-sustentabilidade","status":"publish","type":"post","link":"https:\/\/www.comunicarmais.com.br\/site\/2026\/02\/23\/iptu-verde-numero-de-beneficiados-cresce-mais-de-18-e-salvador-se-torna-referencia-em-incentivo-a-sustentabilidade\/","title":{"rendered":"IPTU Verde: n\u00famero de beneficiados cresce mais de 18% e Salvador se torna refer\u00eancia em incentivo \u00e0 sustentabilidade"},"content":{"rendered":"\n<p><strong>Projeto concede incentivos fiscais a constru\u00e7\u00f5es que adotem solu\u00e7\u00f5es sustent\u00e1veis<\/strong><\/p>\n\n\n\n<figure class=\"wp-block-image size-large\"><img decoding=\"async\" width=\"1433\" height=\"955\" data-src=\"https:\/\/www.comunicarmais.com.br\/site\/wp-content\/uploads\/2026\/02\/WhatsApp-Image-2026-02-23-at-17.11.32-1433x955.jpeg\" alt=\"\" class=\"wp-image-13267 lazyload\" data-srcset=\"https:\/\/www.comunicarmais.com.br\/site\/wp-content\/uploads\/2026\/02\/WhatsApp-Image-2026-02-23-at-17.11.32-1433x955.jpeg 1433w, https:\/\/www.comunicarmais.com.br\/site\/wp-content\/uploads\/2026\/02\/WhatsApp-Image-2026-02-23-at-17.11.32-1024x682.jpeg 1024w, https:\/\/www.comunicarmais.com.br\/site\/wp-content\/uploads\/2026\/02\/WhatsApp-Image-2026-02-23-at-17.11.32-768x512.jpeg 768w, https:\/\/www.comunicarmais.com.br\/site\/wp-content\/uploads\/2026\/02\/WhatsApp-Image-2026-02-23-at-17.11.32-1536x1023.jpeg 1536w, https:\/\/www.comunicarmais.com.br\/site\/wp-content\/uploads\/2026\/02\/WhatsApp-Image-2026-02-23-at-17.11.32.jpeg 1600w\" data-sizes=\"(max-width: 1433px) 100vw, 1433px\" src=\"data:image\/svg+xml;base64,PHN2ZyB3aWR0aD0iMSIgaGVpZ2h0PSIxIiB4bWxucz0iaHR0cDovL3d3dy53My5vcmcvMjAwMC9zdmciPjwvc3ZnPg==\" style=\"--smush-placeholder-width: 1433px; --smush-placeholder-aspect-ratio: 1433\/955;\" \/><figcaption class=\"wp-element-caption\"><em><sup>(Foto: Jefferson Peixoto \/ Secom PMS)<\/sup><\/em><\/figcaption><\/figure>\n\n\n\n<p><strong>Reda\u00e7\u00e3o Mais &#8211;<\/strong> O programa IPTU Verde, da Prefeitura de Salvador, registrou um novo avan\u00e7o em 2026, atingindo a marca de 6.543 im\u00f3veis beneficiados. Em compara\u00e7\u00e3o com 2025, foram 1.028 novas ades\u00f5es, um crescimento de 18,64%. Promovido em conjunto pelas secretarias municipais da Fazenda (Sefaz), de Desenvolvimento Urbano (Sedur) e de Sustentabilidade, Resili\u00eancia e Bem-estar e Prote\u00e7\u00e3o Animal (Secis), o projeto concede incentivos fiscais a constru\u00e7\u00f5es que adotem solu\u00e7\u00f5es sustent\u00e1veis.<\/p>\n\n\n\n<p>Um levantamento realizado pela Sefaz revela um avan\u00e7o ainda mais impressionante quando analisado o per\u00edodo desde a amplia\u00e7\u00e3o do programa. Em 2022, ano em que os requisitos e crit\u00e9rios de avalia\u00e7\u00e3o foram expandidos, apenas 373 im\u00f3veis eram beneficiados. Ao comparar com os n\u00fameros atuais, o crescimento chega a expressivos 1.654%.<\/p>\n\n\n\n<p>Este avan\u00e7o consolidou o programa como um instrumento estrat\u00e9gico de sustentabilidade e desenvolvimento urbano, incentivando pr\u00e1ticas que conciliam crescimento econ\u00f4mico e preserva\u00e7\u00e3o ambiental na cidade. A Prefeitura avalia que, al\u00e9m da expans\u00e3o das condi\u00e7\u00f5es para ades\u00e3o, o resultado foi impulsionado tamb\u00e9m pela crescente demanda por im\u00f3veis sustent\u00e1veis, empreendimentos que reduzem impactos ambientais por meio de efici\u00eancia energ\u00e9tica e h\u00eddrica e do uso de materiais ecol\u00f3gicos.<\/p>\n\n\n\n<p>Vigente desde 2015, o IPTU Verde concede descontos no Imposto sobre a Propriedade Predial e Territorial Urbana (IPTU) a empreendimentos residenciais, comerciais e mistos que adotam pr\u00e1ticas sustent\u00e1veis, conforme a classifica\u00e7\u00e3o obtida. Ao todo, o programa re\u00fane 81 requisitos distribu\u00eddos em oito categorias: Gest\u00e3o Sustent\u00e1vel das \u00c1guas, Efici\u00eancia e Alternativas Energ\u00e9ticas, Projeto Sustent\u00e1vel, Qualidade Urbana, Verde Urbano, Contribui\u00e7\u00f5es para ABE, Gest\u00e3o de Res\u00edduos e Bonifica\u00e7\u00f5es.<\/p>\n\n\n\n<p>Os im\u00f3veis que alcan\u00e7am 50 pontos s\u00e3o enquadrados na categoria bronze, com 5% de desconto. Para obter o selo prata, com abatimento de 7%, \u00e9 necess\u00e1rio atingir ao menos 70 pontos. J\u00e1 a categoria ouro, que concede 10% de desconto, exige a pontua\u00e7\u00e3o m\u00e1xima de 100 pontos.<\/p>\n\n\n\n<figure class=\"wp-block-image size-large\"><img decoding=\"async\" width=\"1433\" height=\"957\" data-src=\"https:\/\/www.comunicarmais.com.br\/site\/wp-content\/uploads\/2026\/02\/WhatsApp-Image-2026-02-23-at-17.11.33-1433x957.jpeg\" alt=\"\" class=\"wp-image-13266 lazyload\" data-srcset=\"https:\/\/www.comunicarmais.com.br\/site\/wp-content\/uploads\/2026\/02\/WhatsApp-Image-2026-02-23-at-17.11.33-1433x957.jpeg 1433w, https:\/\/www.comunicarmais.com.br\/site\/wp-content\/uploads\/2026\/02\/WhatsApp-Image-2026-02-23-at-17.11.33-1024x684.jpeg 1024w, https:\/\/www.comunicarmais.com.br\/site\/wp-content\/uploads\/2026\/02\/WhatsApp-Image-2026-02-23-at-17.11.33-768x513.jpeg 768w, https:\/\/www.comunicarmais.com.br\/site\/wp-content\/uploads\/2026\/02\/WhatsApp-Image-2026-02-23-at-17.11.33-1536x1026.jpeg 1536w, https:\/\/www.comunicarmais.com.br\/site\/wp-content\/uploads\/2026\/02\/WhatsApp-Image-2026-02-23-at-17.11.33.jpeg 1600w\" data-sizes=\"(max-width: 1433px) 100vw, 1433px\" src=\"data:image\/svg+xml;base64,PHN2ZyB3aWR0aD0iMSIgaGVpZ2h0PSIxIiB4bWxucz0iaHR0cDovL3d3dy53My5vcmcvMjAwMC9zdmciPjwvc3ZnPg==\" style=\"--smush-placeholder-width: 1433px; --smush-placeholder-aspect-ratio: 1433\/957;\" \/><figcaption class=\"wp-element-caption\"><em><sup>(Foto: Jefferson Peixoto \/ Secom PMS)<\/sup><\/em><\/figcaption><\/figure>\n\n\n\n<p>A secret\u00e1ria da Fazenda, Giovanna Victer, celebrou o desempenho do IPTU Verde e ressaltou a import\u00e2ncia estrat\u00e9gica para o desenvolvimento sustent\u00e1vel de Salvador, destacando que o programa consolida um modelo de incentivo que alia responsabilidade ambiental, inova\u00e7\u00e3o urbana e melhoria da qualidade de vida da popula\u00e7\u00e3o. \u201cO crescimento do IPTU Verde \u00e9 motivo de grande satisfa\u00e7\u00e3o, pois demonstra que Salvador avan\u00e7a na constru\u00e7\u00e3o de uma cidade mais sustent\u00e1vel. A alta demanda por im\u00f3veis verdes no pa\u00eds confirma que propriet\u00e1rios e construtoras est\u00e3o cada vez mais comprometidos com pr\u00e1ticas que reduzem impactos ambientais, e iniciativas como o nosso programa transformam essa consci\u00eancia em a\u00e7\u00e3o concreta\u201d, afirmou.<\/p>\n\n\n\n<p>J\u00e1 Ivan Euler, secret\u00e1rio da Secis, destacou que as pol\u00edticas fiscais adotadas nos \u00faltimos anos t\u00eam impactado positivamente a transforma\u00e7\u00e3o ambiental da cidade. \u201cSalvador est\u00e1 no caminho certo ao utilizar a pol\u00edtica fiscal como ferramenta de transforma\u00e7\u00e3o ambiental. Quando ampliamos os crit\u00e9rios e fortalecemos o programa, criamos um ambiente mais favor\u00e1vel para que outros empreendimentos adotem pr\u00e1ticas sustent\u00e1veis de forma estruturada e permanente\u201d, disse.<\/p>\n\n\n\n<p><strong>Ades\u00e3o \u2013<\/strong> Os interessados devem preencher a ficha de inscri\u00e7\u00e3o, anexar o formul\u00e1rio com a descri\u00e7\u00e3o das iniciativas sustent\u00e1veis e protocolar o pedido na Secretaria Municipal de Desenvolvimento Urbano (Sedur). Durante o processo de Habite-se, Sedur e Secis fiscalizam o cumprimento dos requisitos e, posteriormente, emitem o Certificado do IPTU Verde na categoria correspondente.<\/p>\n\n\n\n<p><strong>Os contribuintes podem obter mais informa\u00e7\u00f5es sobre crit\u00e9rios, documenta\u00e7\u00e3o e tabela de pontua\u00e7\u00e3o no endere\u00e7o <a href=\"http:\/\/www.iptuverde.salvador.ba.gov.br\" target=\"_blank\" rel=\"noreferrer noopener\">www.iptuverde.salvador.ba.gov.br<\/a>.<\/strong><\/p>\n\n\n\n<p>________________________________________________________________________________________________________________<\/p>\n\n\n<p class=\"wp-block-tag-cloud\"><a href=\"https:\/\/www.comunicarmais.com.br\/site\/tag\/bahia\/\" class=\"tag-cloud-link tag-link-171 tag-link-position-1\" style=\"font-size: 17.922330097087pt;\" aria-label=\"Bahia (116 itens)\">Bahia<\/a>\n<a href=\"https:\/\/www.comunicarmais.com.br\/site\/tag\/bolsonaro\/\" class=\"tag-cloud-link tag-link-112 tag-link-position-2\" style=\"font-size: 11.533980582524pt;\" aria-label=\"Bolsonaro (39 itens)\">Bolsonaro<\/a>\n<a href=\"https:\/\/www.comunicarmais.com.br\/site\/tag\/brasil\/\" class=\"tag-cloud-link tag-link-335 tag-link-position-3\" style=\"font-size: 12.893203883495pt;\" aria-label=\"Brasil (49 itens)\">Brasil<\/a>\n<a href=\"https:\/\/www.comunicarmais.com.br\/site\/tag\/camacari\/\" class=\"tag-cloud-link tag-link-435 tag-link-position-4\" style=\"font-size: 8.8155339805825pt;\" aria-label=\"Cama\u00e7ari (24 itens)\">Cama\u00e7ari<\/a>\n<a href=\"https:\/\/www.comunicarmais.com.br\/site\/tag\/carnaval\/\" class=\"tag-cloud-link tag-link-508 tag-link-position-5\" style=\"font-size: 12.893203883495pt;\" aria-label=\"Carnaval (49 itens)\">Carnaval<\/a>\n<a href=\"https:\/\/www.comunicarmais.com.br\/site\/tag\/cbx\/\" class=\"tag-cloud-link tag-link-1602 tag-link-position-6\" style=\"font-size: 11.398058252427pt;\" aria-label=\"CBX (38 itens)\">CBX<\/a>\n<a href=\"https:\/\/www.comunicarmais.com.br\/site\/tag\/cidade-baixa\/\" class=\"tag-cloud-link tag-link-456 tag-link-position-7\" style=\"font-size: 9.9029126213592pt;\" aria-label=\"Cidade Baixa (29 itens)\">Cidade Baixa<\/a>\n<a href=\"https:\/\/www.comunicarmais.com.br\/site\/tag\/cinema\/\" class=\"tag-cloud-link tag-link-985 tag-link-position-8\" style=\"font-size: 11.126213592233pt;\" aria-label=\"Cinema (36 itens)\">Cinema<\/a>\n<a href=\"https:\/\/www.comunicarmais.com.br\/site\/tag\/cultura\/\" class=\"tag-cloud-link tag-link-231 tag-link-position-9\" style=\"font-size: 12.21359223301pt;\" aria-label=\"Cultura (44 itens)\">Cultura<\/a>\n<a href=\"https:\/\/www.comunicarmais.com.br\/site\/tag\/drogas\/\" class=\"tag-cloud-link tag-link-165 tag-link-position-10\" style=\"font-size: 12.757281553398pt;\" aria-label=\"Drogas (48 itens)\">Drogas<\/a>\n<a href=\"https:\/\/www.comunicarmais.com.br\/site\/tag\/educacao\/\" class=\"tag-cloud-link tag-link-228 tag-link-position-11\" style=\"font-size: 12.485436893204pt;\" aria-label=\"Educa\u00e7\u00e3o (46 itens)\">Educa\u00e7\u00e3o<\/a>\n<a href=\"https:\/\/www.comunicarmais.com.br\/site\/tag\/ensino\/\" class=\"tag-cloud-link tag-link-233 tag-link-position-12\" style=\"font-size: 10.446601941748pt;\" aria-label=\"Ensino (32 itens)\">Ensino<\/a>\n<a href=\"https:\/\/www.comunicarmais.com.br\/site\/tag\/escola\/\" class=\"tag-cloud-link tag-link-229 tag-link-position-13\" style=\"font-size: 9.495145631068pt;\" aria-label=\"Escola (27 itens)\">Escola<\/a>\n<a href=\"https:\/\/www.comunicarmais.com.br\/site\/tag\/eua\/\" class=\"tag-cloud-link tag-link-664 tag-link-position-14\" style=\"font-size: 11.941747572816pt;\" aria-label=\"EUA (42 itens)\">EUA<\/a>\n<a href=\"https:\/\/www.comunicarmais.com.br\/site\/tag\/feira-de-santana\/\" class=\"tag-cloud-link tag-link-642 tag-link-position-15\" style=\"font-size: 9.2233009708738pt;\" aria-label=\"Feira de Santana (26 itens)\">Feira de Santana<\/a>\n<a href=\"https:\/\/www.comunicarmais.com.br\/site\/tag\/ficco\/\" class=\"tag-cloud-link tag-link-143 tag-link-position-16\" style=\"font-size: 9.2233009708738pt;\" aria-label=\"Ficco (26 itens)\">Ficco<\/a>\n<a href=\"https:\/\/www.comunicarmais.com.br\/site\/tag\/folia\/\" class=\"tag-cloud-link tag-link-566 tag-link-position-17\" style=\"font-size: 9.2233009708738pt;\" aria-label=\"Folia (26 itens)\">Folia<\/a>\n<a href=\"https:\/\/www.comunicarmais.com.br\/site\/tag\/futebol\/\" class=\"tag-cloud-link tag-link-40 tag-link-position-18\" style=\"font-size: 13.029126213592pt;\" aria-label=\"Futebol (50 itens)\">Futebol<\/a>\n<a href=\"https:\/\/www.comunicarmais.com.br\/site\/tag\/homicidio\/\" class=\"tag-cloud-link tag-link-101 tag-link-position-19\" style=\"font-size: 10.582524271845pt;\" aria-label=\"Homic\u00eddio (33 itens)\">Homic\u00eddio<\/a>\n<a href=\"https:\/\/www.comunicarmais.com.br\/site\/tag\/itapagipe\/\" class=\"tag-cloud-link tag-link-471 tag-link-position-20\" style=\"font-size: 10.038834951456pt;\" aria-label=\"Itapagipe (30 itens)\">Itapagipe<\/a>\n<a href=\"https:\/\/www.comunicarmais.com.br\/site\/tag\/itaparica\/\" class=\"tag-cloud-link tag-link-301 tag-link-position-21\" style=\"font-size: 8pt;\" aria-label=\"Itaparica (21 itens)\">Itaparica<\/a>\n<a href=\"https:\/\/www.comunicarmais.com.br\/site\/tag\/jeronimo-rodrigues\/\" class=\"tag-cloud-link tag-link-668 tag-link-position-22\" style=\"font-size: 8.2718446601942pt;\" aria-label=\"Jer\u00f4nimo Rodrigues (22 itens)\">Jer\u00f4nimo Rodrigues<\/a>\n<a href=\"https:\/\/www.comunicarmais.com.br\/site\/tag\/justica\/\" class=\"tag-cloud-link tag-link-361 tag-link-position-23\" style=\"font-size: 10.582524271845pt;\" aria-label=\"Justi\u00e7a (33 itens)\">Justi\u00e7a<\/a>\n<a href=\"https:\/\/www.comunicarmais.com.br\/site\/tag\/lauro-de-freitas\/\" class=\"tag-cloud-link tag-link-594 tag-link-position-24\" style=\"font-size: 18.194174757282pt;\" aria-label=\"Lauro de Freitas (122 itens)\">Lauro de Freitas<\/a>\n<a href=\"https:\/\/www.comunicarmais.com.br\/site\/tag\/lazer\/\" class=\"tag-cloud-link tag-link-568 tag-link-position-25\" style=\"font-size: 9.2233009708738pt;\" aria-label=\"Lazer (26 itens)\">Lazer<\/a>\n<a href=\"https:\/\/www.comunicarmais.com.br\/site\/tag\/lula\/\" class=\"tag-cloud-link tag-link-416 tag-link-position-26\" style=\"font-size: 12.21359223301pt;\" aria-label=\"Lula (44 itens)\">Lula<\/a>\n<a href=\"https:\/\/www.comunicarmais.com.br\/site\/tag\/meio-ambiente\/\" class=\"tag-cloud-link tag-link-475 tag-link-position-27\" style=\"font-size: 12.21359223301pt;\" aria-label=\"Meio Ambiente (44 itens)\">Meio Ambiente<\/a>\n<a href=\"https:\/\/www.comunicarmais.com.br\/site\/tag\/mobilidade\/\" class=\"tag-cloud-link tag-link-278 tag-link-position-28\" style=\"font-size: 13.844660194175pt;\" aria-label=\"Mobilidade (58 itens)\">Mobilidade<\/a>\n<a href=\"https:\/\/www.comunicarmais.com.br\/site\/tag\/mulher\/\" class=\"tag-cloud-link tag-link-450 tag-link-position-29\" style=\"font-size: 13.300970873786pt;\" aria-label=\"mulher (53 itens)\">mulher<\/a>\n<a href=\"https:\/\/www.comunicarmais.com.br\/site\/tag\/musica-2\/\" class=\"tag-cloud-link tag-link-747 tag-link-position-30\" style=\"font-size: 12.21359223301pt;\" aria-label=\"M\u00fasica (44 itens)\">M\u00fasica<\/a>\n<a href=\"https:\/\/www.comunicarmais.com.br\/site\/tag\/pcba\/\" class=\"tag-cloud-link tag-link-1332 tag-link-position-31\" style=\"font-size: 15.067961165049pt;\" aria-label=\"PCBA (72 itens)\">PCBA<\/a>\n<a href=\"https:\/\/www.comunicarmais.com.br\/site\/tag\/pmba\/\" class=\"tag-cloud-link tag-link-53 tag-link-position-32\" style=\"font-size: 18.194174757282pt;\" aria-label=\"PMBA (122 itens)\">PMBA<\/a>\n<a href=\"https:\/\/www.comunicarmais.com.br\/site\/tag\/policia-federal\/\" class=\"tag-cloud-link tag-link-620 tag-link-position-33\" style=\"font-size: 8.9514563106796pt;\" aria-label=\"Pol\u00edcia Federal (25 itens)\">Pol\u00edcia Federal<\/a>\n<a href=\"https:\/\/www.comunicarmais.com.br\/site\/tag\/politica\/\" class=\"tag-cloud-link tag-link-495 tag-link-position-34\" style=\"font-size: 16.291262135922pt;\" aria-label=\"Pol\u00edtica (89 itens)\">Pol\u00edtica<\/a>\n<a href=\"https:\/\/www.comunicarmais.com.br\/site\/tag\/rio-de-janeiro\/\" class=\"tag-cloud-link tag-link-152 tag-link-position-35\" style=\"font-size: 9.9029126213592pt;\" aria-label=\"Rio de Janeiro (29 itens)\">Rio de Janeiro<\/a>\n<a href=\"https:\/\/www.comunicarmais.com.br\/site\/tag\/salvador\/\" class=\"tag-cloud-link tag-link-125 tag-link-position-36\" style=\"font-size: 22pt;\" aria-label=\"Salvador (233 itens)\">Salvador<\/a>\n<a href=\"https:\/\/www.comunicarmais.com.br\/site\/tag\/saude\/\" class=\"tag-cloud-link tag-link-42 tag-link-position-37\" style=\"font-size: 17.78640776699pt;\" aria-label=\"Sa\u00fade (115 itens)\">Sa\u00fade<\/a>\n<a href=\"https:\/\/www.comunicarmais.com.br\/site\/tag\/seguranca\/\" class=\"tag-cloud-link tag-link-48 tag-link-position-38\" style=\"font-size: 9.2233009708738pt;\" aria-label=\"Seguran\u00e7a (26 itens)\">Seguran\u00e7a<\/a>\n<a href=\"https:\/\/www.comunicarmais.com.br\/site\/tag\/ssp-ba\/\" class=\"tag-cloud-link tag-link-1937 tag-link-position-39\" style=\"font-size: 8.9514563106796pt;\" aria-label=\"SSP-BA (25 itens)\">SSP-BA<\/a>\n<a href=\"https:\/\/www.comunicarmais.com.br\/site\/tag\/sspba\/\" class=\"tag-cloud-link tag-link-144 tag-link-position-40\" style=\"font-size: 11.398058252427pt;\" aria-label=\"SSPBA (38 itens)\">SSPBA<\/a>\n<a href=\"https:\/\/www.comunicarmais.com.br\/site\/tag\/stf\/\" class=\"tag-cloud-link tag-link-68 tag-link-position-41\" style=\"font-size: 14.252427184466pt;\" aria-label=\"STF (62 itens)\">STF<\/a>\n<a href=\"https:\/\/www.comunicarmais.com.br\/site\/tag\/sao-paulo\/\" class=\"tag-cloud-link tag-link-612 tag-link-position-42\" style=\"font-size: 8pt;\" aria-label=\"S\u00e3o Paulo (21 itens)\">S\u00e3o Paulo<\/a>\n<a href=\"https:\/\/www.comunicarmais.com.br\/site\/tag\/transito-2\/\" class=\"tag-cloud-link tag-link-377 tag-link-position-43\" style=\"font-size: 8.2718446601942pt;\" aria-label=\"tr\u00e2nsito (22 itens)\">tr\u00e2nsito<\/a>\n<a href=\"https:\/\/www.comunicarmais.com.br\/site\/tag\/turismo\/\" class=\"tag-cloud-link tag-link-225 tag-link-position-44\" style=\"font-size: 9.631067961165pt;\" aria-label=\"Turismo (28 itens)\">Turismo<\/a>\n<a href=\"https:\/\/www.comunicarmais.com.br\/site\/tag\/uruguai\/\" class=\"tag-cloud-link tag-link-323 tag-link-position-45\" style=\"font-size: 9.631067961165pt;\" aria-label=\"Uruguai (28 itens)\">Uruguai<\/a><\/p>","protected":false},"excerpt":{"rendered":"<p>Projeto concede incentivos fiscais a constru\u00e7\u00f5es que adotem solu\u00e7\u00f5es sustent\u00e1veis<\/p>\n","protected":false},"author":2,"featured_media":13266,"comment_status":"open","ping_status":"open","sticky":false,"template":"","format":"standard","meta":{"_acf_changed":false,"footnotes":""},"categories":[5],"tags":[313,312,125,982],"class_list":["post-13264","post","type-post","status-publish","format-standard","has-post-thumbnail","hentry","category-grande-salvador","tag-imposto","tag-iptu","tag-salvador","tag-sustentabilidade"],"acf":[],"yoast_head":"<!-- This site is optimized with the Yoast SEO plugin v26.1.1 - https:\/\/yoast.com\/wordpress\/plugins\/seo\/ -->\n<title>IPTU Verde: n\u00famero de beneficiados cresce mais de 18% e Salvador se torna refer\u00eancia em incentivo \u00e0 sustentabilidade - Comunicar Mais<\/title>\n<meta name=\"description\" content=\"Projeto concede incentivos fiscais a constru\u00e7\u00f5es que adotem solu\u00e7\u00f5es sustent\u00e1veis\" \/>\n<meta name=\"robots\" content=\"index, follow, max-snippet:-1, max-image-preview:large, max-video-preview:-1\" \/>\n<link rel=\"canonical\" href=\"https:\/\/www.comunicarmais.com.br\/site\/2026\/02\/23\/iptu-verde-numero-de-beneficiados-cresce-mais-de-18-e-salvador-se-torna-referencia-em-incentivo-a-sustentabilidade\/\" \/>\n<meta property=\"og:locale\" content=\"pt_BR\" \/>\n<meta property=\"og:type\" content=\"article\" \/>\n<meta property=\"og:title\" content=\"IPTU Verde: n\u00famero de beneficiados cresce mais de 18% e Salvador se torna refer\u00eancia em incentivo \u00e0 sustentabilidade - Comunicar Mais\" \/>\n<meta property=\"og:description\" content=\"Projeto concede incentivos fiscais a constru\u00e7\u00f5es que adotem solu\u00e7\u00f5es sustent\u00e1veis\" \/>\n<meta property=\"og:url\" content=\"https:\/\/www.comunicarmais.com.br\/site\/2026\/02\/23\/iptu-verde-numero-de-beneficiados-cresce-mais-de-18-e-salvador-se-torna-referencia-em-incentivo-a-sustentabilidade\/\" \/>\n<meta property=\"og:site_name\" content=\"Comunicar Mais\" \/>\n<meta property=\"article:publisher\" content=\"https:\/\/www.facebook.com\/comunicarmais\/\" \/>\n<meta property=\"article:author\" content=\"https:\/\/www.facebook.com\/comunicarmais\/\" \/>\n<meta property=\"article:published_time\" content=\"2026-02-23T20:27:00+00:00\" \/>\n<meta property=\"article:modified_time\" content=\"2026-02-24T01:32:31+00:00\" \/>\n<meta property=\"og:image\" content=\"https:\/\/www.comunicarmais.com.br\/site\/wp-content\/uploads\/2026\/02\/WhatsApp-Image-2026-02-23-at-17.11.33.jpeg\" \/>\n\t<meta property=\"og:image:width\" content=\"1600\" \/>\n\t<meta property=\"og:image:height\" content=\"1069\" \/>\n\t<meta property=\"og:image:type\" content=\"image\/jpeg\" \/>\n<meta name=\"author\" content=\"Comunicar Mais\" \/>\n<meta name=\"twitter:card\" content=\"summary_large_image\" \/>\n<meta name=\"twitter:creator\" content=\"@ComunicarmaisBA\" \/>\n<meta name=\"twitter:site\" content=\"@ComunicarmaisBA\" \/>\n<meta name=\"twitter:label1\" content=\"Escrito por\" \/>\n\t<meta name=\"twitter:data1\" content=\"Comunicar Mais\" \/>\n\t<meta name=\"twitter:label2\" content=\"Est. tempo de leitura\" \/>\n\t<meta name=\"twitter:data2\" content=\"4 minutos\" \/>\n<script type=\"application\/ld+json\" class=\"yoast-schema-graph\">{\"@context\":\"https:\/\/schema.org\",\"@graph\":[{\"@type\":\"WebPage\",\"@id\":\"https:\/\/www.comunicarmais.com.br\/site\/2026\/02\/23\/iptu-verde-numero-de-beneficiados-cresce-mais-de-18-e-salvador-se-torna-referencia-em-incentivo-a-sustentabilidade\/\",\"url\":\"https:\/\/www.comunicarmais.com.br\/site\/2026\/02\/23\/iptu-verde-numero-de-beneficiados-cresce-mais-de-18-e-salvador-se-torna-referencia-em-incentivo-a-sustentabilidade\/\",\"name\":\"IPTU Verde: n\u00famero de beneficiados cresce mais de 18% e Salvador se torna refer\u00eancia em incentivo \u00e0 sustentabilidade - Comunicar Mais\",\"isPartOf\":{\"@id\":\"https:\/\/www.comunicarmais.com.br\/site\/#website\"},\"primaryImageOfPage\":{\"@id\":\"https:\/\/www.comunicarmais.com.br\/site\/2026\/02\/23\/iptu-verde-numero-de-beneficiados-cresce-mais-de-18-e-salvador-se-torna-referencia-em-incentivo-a-sustentabilidade\/#primaryimage\"},\"image\":{\"@id\":\"https:\/\/www.comunicarmais.com.br\/site\/2026\/02\/23\/iptu-verde-numero-de-beneficiados-cresce-mais-de-18-e-salvador-se-torna-referencia-em-incentivo-a-sustentabilidade\/#primaryimage\"},\"thumbnailUrl\":\"https:\/\/www.comunicarmais.com.br\/site\/wp-content\/uploads\/2026\/02\/WhatsApp-Image-2026-02-23-at-17.11.33.jpeg\",\"datePublished\":\"2026-02-23T20:27:00+00:00\",\"dateModified\":\"2026-02-24T01:32:31+00:00\",\"author\":{\"@id\":\"https:\/\/www.comunicarmais.com.br\/site\/#\/schema\/person\/712f7b6b25b644e4a91c4173674cf284\"},\"description\":\"Projeto concede incentivos fiscais a constru\u00e7\u00f5es que adotem solu\u00e7\u00f5es sustent\u00e1veis\",\"breadcrumb\":{\"@id\":\"https:\/\/www.comunicarmais.com.br\/site\/2026\/02\/23\/iptu-verde-numero-de-beneficiados-cresce-mais-de-18-e-salvador-se-torna-referencia-em-incentivo-a-sustentabilidade\/#breadcrumb\"},\"inLanguage\":\"pt-BR\",\"potentialAction\":[{\"@type\":\"ReadAction\",\"target\":[\"https:\/\/www.comunicarmais.com.br\/site\/2026\/02\/23\/iptu-verde-numero-de-beneficiados-cresce-mais-de-18-e-salvador-se-torna-referencia-em-incentivo-a-sustentabilidade\/\"]}]},{\"@type\":\"ImageObject\",\"inLanguage\":\"pt-BR\",\"@id\":\"https:\/\/www.comunicarmais.com.br\/site\/2026\/02\/23\/iptu-verde-numero-de-beneficiados-cresce-mais-de-18-e-salvador-se-torna-referencia-em-incentivo-a-sustentabilidade\/#primaryimage\",\"url\":\"https:\/\/www.comunicarmais.com.br\/site\/wp-content\/uploads\/2026\/02\/WhatsApp-Image-2026-02-23-at-17.11.33.jpeg\",\"contentUrl\":\"https:\/\/www.comunicarmais.com.br\/site\/wp-content\/uploads\/2026\/02\/WhatsApp-Image-2026-02-23-at-17.11.33.jpeg\",\"width\":1600,\"height\":1069},{\"@type\":\"BreadcrumbList\",\"@id\":\"https:\/\/www.comunicarmais.com.br\/site\/2026\/02\/23\/iptu-verde-numero-de-beneficiados-cresce-mais-de-18-e-salvador-se-torna-referencia-em-incentivo-a-sustentabilidade\/#breadcrumb\",\"itemListElement\":[{\"@type\":\"ListItem\",\"position\":1,\"name\":\"In\u00edcio\",\"item\":\"https:\/\/www.comunicarmais.com.br\/site\/\"},{\"@type\":\"ListItem\",\"position\":2,\"name\":\"IPTU Verde: n\u00famero de beneficiados cresce mais de 18% e Salvador se torna refer\u00eancia em incentivo \u00e0 sustentabilidade\"}]},{\"@type\":\"WebSite\",\"@id\":\"https:\/\/www.comunicarmais.com.br\/site\/#website\",\"url\":\"https:\/\/www.comunicarmais.com.br\/site\/\",\"name\":\"Comunicar Mais\",\"description\":\"\",\"potentialAction\":[{\"@type\":\"SearchAction\",\"target\":{\"@type\":\"EntryPoint\",\"urlTemplate\":\"https:\/\/www.comunicarmais.com.br\/site\/?s={search_term_string}\"},\"query-input\":{\"@type\":\"PropertyValueSpecification\",\"valueRequired\":true,\"valueName\":\"search_term_string\"}}],\"inLanguage\":\"pt-BR\"},{\"@type\":\"Person\",\"@id\":\"https:\/\/www.comunicarmais.com.br\/site\/#\/schema\/person\/712f7b6b25b644e4a91c4173674cf284\",\"name\":\"Comunicar Mais\",\"image\":{\"@type\":\"ImageObject\",\"inLanguage\":\"pt-BR\",\"@id\":\"https:\/\/www.comunicarmais.com.br\/site\/#\/schema\/person\/image\/\",\"url\":\"https:\/\/secure.gravatar.com\/avatar\/9803218072e2c0dc265d3d787b54c2c33325e79f79732707fddfbf1efd82c678?s=96&d=mm&r=g\",\"contentUrl\":\"https:\/\/secure.gravatar.com\/avatar\/9803218072e2c0dc265d3d787b54c2c33325e79f79732707fddfbf1efd82c678?s=96&d=mm&r=g\",\"caption\":\"Comunicar Mais\"},\"description\":\"Deixe as ideologias com os ide\u00f3logos. Noticiamos fatos, n\u00e3o brigamos com eles. Aqui, voc\u00ea fica bem informado do que acontece no seu bairro e no mundo. Informar com \u00e9tica e responsabilidade s\u00e3o as bandeiras do Comunicarmais.\",\"sameAs\":[\"https:\/\/www.comunicarmais.com.br\/site\/\",\"https:\/\/www.facebook.com\/comunicarmais\/\",\"https:\/\/www.instagram.com\/comunicarmaisba\/\",\"https:\/\/x.com\/ComunicarmaisBA\"],\"url\":\"https:\/\/www.comunicarmais.com.br\/site\/author\/gerenciador\/\"}]}<\/script>\n<!-- \/ Yoast SEO plugin. -->","yoast_head_json":{"title":"IPTU Verde: n\u00famero de beneficiados cresce mais de 18% e Salvador se torna refer\u00eancia em incentivo \u00e0 sustentabilidade - Comunicar Mais","description":"Projeto concede incentivos fiscais a constru\u00e7\u00f5es que adotem solu\u00e7\u00f5es sustent\u00e1veis","robots":{"index":"index","follow":"follow","max-snippet":"max-snippet:-1","max-image-preview":"max-image-preview:large","max-video-preview":"max-video-preview:-1"},"canonical":"https:\/\/www.comunicarmais.com.br\/site\/2026\/02\/23\/iptu-verde-numero-de-beneficiados-cresce-mais-de-18-e-salvador-se-torna-referencia-em-incentivo-a-sustentabilidade\/","og_locale":"pt_BR","og_type":"article","og_title":"IPTU Verde: n\u00famero de beneficiados cresce mais de 18% e Salvador se torna refer\u00eancia em incentivo \u00e0 sustentabilidade - Comunicar Mais","og_description":"Projeto concede incentivos fiscais a constru\u00e7\u00f5es que adotem solu\u00e7\u00f5es sustent\u00e1veis","og_url":"https:\/\/www.comunicarmais.com.br\/site\/2026\/02\/23\/iptu-verde-numero-de-beneficiados-cresce-mais-de-18-e-salvador-se-torna-referencia-em-incentivo-a-sustentabilidade\/","og_site_name":"Comunicar Mais","article_publisher":"https:\/\/www.facebook.com\/comunicarmais\/","article_author":"https:\/\/www.facebook.com\/comunicarmais\/","article_published_time":"2026-02-23T20:27:00+00:00","article_modified_time":"2026-02-24T01:32:31+00:00","og_image":[{"width":1600,"height":1069,"url":"https:\/\/www.comunicarmais.com.br\/site\/wp-content\/uploads\/2026\/02\/WhatsApp-Image-2026-02-23-at-17.11.33.jpeg","type":"image\/jpeg"}],"author":"Comunicar Mais","twitter_card":"summary_large_image","twitter_creator":"@ComunicarmaisBA","twitter_site":"@ComunicarmaisBA","twitter_misc":{"Escrito por":"Comunicar Mais","Est. tempo de leitura":"4 minutos"},"schema":{"@context":"https:\/\/schema.org","@graph":[{"@type":"WebPage","@id":"https:\/\/www.comunicarmais.com.br\/site\/2026\/02\/23\/iptu-verde-numero-de-beneficiados-cresce-mais-de-18-e-salvador-se-torna-referencia-em-incentivo-a-sustentabilidade\/","url":"https:\/\/www.comunicarmais.com.br\/site\/2026\/02\/23\/iptu-verde-numero-de-beneficiados-cresce-mais-de-18-e-salvador-se-torna-referencia-em-incentivo-a-sustentabilidade\/","name":"IPTU Verde: n\u00famero de beneficiados cresce mais de 18% e Salvador se torna refer\u00eancia em incentivo \u00e0 sustentabilidade - Comunicar Mais","isPartOf":{"@id":"https:\/\/www.comunicarmais.com.br\/site\/#website"},"primaryImageOfPage":{"@id":"https:\/\/www.comunicarmais.com.br\/site\/2026\/02\/23\/iptu-verde-numero-de-beneficiados-cresce-mais-de-18-e-salvador-se-torna-referencia-em-incentivo-a-sustentabilidade\/#primaryimage"},"image":{"@id":"https:\/\/www.comunicarmais.com.br\/site\/2026\/02\/23\/iptu-verde-numero-de-beneficiados-cresce-mais-de-18-e-salvador-se-torna-referencia-em-incentivo-a-sustentabilidade\/#primaryimage"},"thumbnailUrl":"https:\/\/www.comunicarmais.com.br\/site\/wp-content\/uploads\/2026\/02\/WhatsApp-Image-2026-02-23-at-17.11.33.jpeg","datePublished":"2026-02-23T20:27:00+00:00","dateModified":"2026-02-24T01:32:31+00:00","author":{"@id":"https:\/\/www.comunicarmais.com.br\/site\/#\/schema\/person\/712f7b6b25b644e4a91c4173674cf284"},"description":"Projeto concede incentivos fiscais a constru\u00e7\u00f5es que adotem solu\u00e7\u00f5es sustent\u00e1veis","breadcrumb":{"@id":"https:\/\/www.comunicarmais.com.br\/site\/2026\/02\/23\/iptu-verde-numero-de-beneficiados-cresce-mais-de-18-e-salvador-se-torna-referencia-em-incentivo-a-sustentabilidade\/#breadcrumb"},"inLanguage":"pt-BR","potentialAction":[{"@type":"ReadAction","target":["https:\/\/www.comunicarmais.com.br\/site\/2026\/02\/23\/iptu-verde-numero-de-beneficiados-cresce-mais-de-18-e-salvador-se-torna-referencia-em-incentivo-a-sustentabilidade\/"]}]},{"@type":"ImageObject","inLanguage":"pt-BR","@id":"https:\/\/www.comunicarmais.com.br\/site\/2026\/02\/23\/iptu-verde-numero-de-beneficiados-cresce-mais-de-18-e-salvador-se-torna-referencia-em-incentivo-a-sustentabilidade\/#primaryimage","url":"https:\/\/www.comunicarmais.com.br\/site\/wp-content\/uploads\/2026\/02\/WhatsApp-Image-2026-02-23-at-17.11.33.jpeg","contentUrl":"https:\/\/www.comunicarmais.com.br\/site\/wp-content\/uploads\/2026\/02\/WhatsApp-Image-2026-02-23-at-17.11.33.jpeg","width":1600,"height":1069},{"@type":"BreadcrumbList","@id":"https:\/\/www.comunicarmais.com.br\/site\/2026\/02\/23\/iptu-verde-numero-de-beneficiados-cresce-mais-de-18-e-salvador-se-torna-referencia-em-incentivo-a-sustentabilidade\/#breadcrumb","itemListElement":[{"@type":"ListItem","position":1,"name":"In\u00edcio","item":"https:\/\/www.comunicarmais.com.br\/site\/"},{"@type":"ListItem","position":2,"name":"IPTU Verde: n\u00famero de beneficiados cresce mais de 18% e Salvador se torna refer\u00eancia em incentivo \u00e0 sustentabilidade"}]},{"@type":"WebSite","@id":"https:\/\/www.comunicarmais.com.br\/site\/#website","url":"https:\/\/www.comunicarmais.com.br\/site\/","name":"Comunicar Mais","description":"","potentialAction":[{"@type":"SearchAction","target":{"@type":"EntryPoint","urlTemplate":"https:\/\/www.comunicarmais.com.br\/site\/?s={search_term_string}"},"query-input":{"@type":"PropertyValueSpecification","valueRequired":true,"valueName":"search_term_string"}}],"inLanguage":"pt-BR"},{"@type":"Person","@id":"https:\/\/www.comunicarmais.com.br\/site\/#\/schema\/person\/712f7b6b25b644e4a91c4173674cf284","name":"Comunicar Mais","image":{"@type":"ImageObject","inLanguage":"pt-BR","@id":"https:\/\/www.comunicarmais.com.br\/site\/#\/schema\/person\/image\/","url":"https:\/\/secure.gravatar.com\/avatar\/9803218072e2c0dc265d3d787b54c2c33325e79f79732707fddfbf1efd82c678?s=96&d=mm&r=g","contentUrl":"https:\/\/secure.gravatar.com\/avatar\/9803218072e2c0dc265d3d787b54c2c33325e79f79732707fddfbf1efd82c678?s=96&d=mm&r=g","caption":"Comunicar Mais"},"description":"Deixe as ideologias com os ide\u00f3logos. Noticiamos fatos, n\u00e3o brigamos com eles. Aqui, voc\u00ea fica bem informado do que acontece no seu bairro e no mundo. Informar com \u00e9tica e responsabilidade s\u00e3o as bandeiras do Comunicarmais.","sameAs":["https:\/\/www.comunicarmais.com.br\/site\/","https:\/\/www.facebook.com\/comunicarmais\/","https:\/\/www.instagram.com\/comunicarmaisba\/","https:\/\/x.com\/ComunicarmaisBA"],"url":"https:\/\/www.comunicarmais.com.br\/site\/author\/gerenciador\/"}]}},"_links":{"self":[{"href":"https:\/\/www.comunicarmais.com.br\/site\/wp-json\/wp\/v2\/posts\/13264","targetHints":{"allow":["GET"]}}],"collection":[{"href":"https:\/\/www.comunicarmais.com.br\/site\/wp-json\/wp\/v2\/posts"}],"about":[{"href":"https:\/\/www.comunicarmais.com.br\/site\/wp-json\/wp\/v2\/types\/post"}],"author":[{"embeddable":true,"href":"https:\/\/www.comunicarmais.com.br\/site\/wp-json\/wp\/v2\/users\/2"}],"replies":[{"embeddable":true,"href":"https:\/\/www.comunicarmais.com.br\/site\/wp-json\/wp\/v2\/comments?post=13264"}],"version-history":[{"count":1,"href":"https:\/\/www.comunicarmais.com.br\/site\/wp-json\/wp\/v2\/posts\/13264\/revisions"}],"predecessor-version":[{"id":13268,"href":"https:\/\/www.comunicarmais.com.br\/site\/wp-json\/wp\/v2\/posts\/13264\/revisions\/13268"}],"wp:featuredmedia":[{"embeddable":true,"href":"https:\/\/www.comunicarmais.com.br\/site\/wp-json\/wp\/v2\/media\/13266"}],"wp:attachment":[{"href":"https:\/\/www.comunicarmais.com.br\/site\/wp-json\/wp\/v2\/media?parent=13264"}],"wp:term":[{"taxonomy":"category","embeddable":true,"href":"https:\/\/www.comunicarmais.com.br\/site\/wp-json\/wp\/v2\/categories?post=13264"},{"taxonomy":"post_tag","embeddable":true,"href":"https:\/\/www.comunicarmais.com.br\/site\/wp-json\/wp\/v2\/tags?post=13264"}],"curies":[{"name":"wp","href":"https:\/\/api.w.org\/{rel}","templated":true}]}}