{"id":13225,"date":"2026-02-22T19:13:46","date_gmt":"2026-02-22T22:13:46","guid":{"rendered":"https:\/\/www.comunicarmais.com.br\/site\/?p=13225"},"modified":"2026-02-22T19:24:43","modified_gmt":"2026-02-22T22:24:43","slug":"mexico-sofre-ataques-simultaneos-apos-morte-de-lider-narcoterrorista-procurado-pelos-eua","status":"publish","type":"post","link":"https:\/\/www.comunicarmais.com.br\/site\/2026\/02\/22\/mexico-sofre-ataques-simultaneos-apos-morte-de-lider-narcoterrorista-procurado-pelos-eua\/","title":{"rendered":"M\u00e9xico sofre ataques simult\u00e2neos ap\u00f3s morte de l\u00edder narcoterrorista procurado pelos EUA"},"content":{"rendered":"\n<p><strong>Grupos armados explodiram o aeroporto de Guadalajara e queimaram postos de combust\u00edveis; l\u00edder do Cartel da Nova Gera\u00e7\u00e3o de Jalisco Nemesio Oseguera Cervantes, o &#8220;El Mencho&#8221; era procurado pelos EUA<\/strong><\/p>\n\n\n\n<figure class=\"wp-block-image size-full\"><img decoding=\"async\" width=\"1280\" height=\"720\" data-src=\"https:\/\/www.comunicarmais.com.br\/site\/wp-content\/uploads\/2026\/02\/HByuW0wWUAAWN6Q.jpg\" alt=\"\" class=\"wp-image-13227 lazyload\" data-srcset=\"https:\/\/www.comunicarmais.com.br\/site\/wp-content\/uploads\/2026\/02\/HByuW0wWUAAWN6Q.jpg 1280w, https:\/\/www.comunicarmais.com.br\/site\/wp-content\/uploads\/2026\/02\/HByuW0wWUAAWN6Q-1024x576.jpg 1024w, https:\/\/www.comunicarmais.com.br\/site\/wp-content\/uploads\/2026\/02\/HByuW0wWUAAWN6Q-768x432.jpg 768w\" data-sizes=\"(max-width: 1280px) 100vw, 1280px\" src=\"data:image\/svg+xml;base64,PHN2ZyB3aWR0aD0iMSIgaGVpZ2h0PSIxIiB4bWxucz0iaHR0cDovL3d3dy53My5vcmcvMjAwMC9zdmciPjwvc3ZnPg==\" style=\"--smush-placeholder-width: 1280px; --smush-placeholder-aspect-ratio: 1280\/720;\" \/><\/figure>\n\n\n\n<p><strong>Reda\u00e7\u00e3o Mais &#8211; <\/strong>O M\u00e9xico sofre uma onda de ataques terroristas neste domingo (22) ap\u00f3s a elimina\u00e7\u00e3o do l\u00edder do Cartel da Nova Gera\u00e7\u00e3o de Jalisco (CJNG), Nemesio Oseguera Cervantes, tamb\u00e9m conhecido como El Mencho. O narcoterrorista \u00e9 um dos criminosos mais procurados pelos EUA, tendo a sua cabe\u00e7a avaliada em U$$ 10 milh\u00f5es. Ele foi morto durante uma opera\u00e7\u00e3o por for\u00e7as federais com o apoio das autoridades americanas, confirmaram fontes do governo mexicano \u00e0 EFE neste domingo.<\/p>\n\n\n\n<p>A opera\u00e7\u00e3o foi realizada no munic\u00edpio de Tapalpa, a 130 quil\u00f4metros ao sul de Guadalajara, capital de Jalisco, e levou a confrontos armados na regi\u00e3o.<\/p>\n\n\n\n<figure class=\"wp-block-embed is-type-rich is-provider-twitter wp-block-embed-twitter\"><div class=\"wp-block-embed__wrapper\">\n<blockquote class=\"twitter-tweet\" data-width=\"500\" data-dnt=\"true\"><p lang=\"pt\" dir=\"ltr\">O M\u00e9xico sofre uma onda de ataques terroristas ap\u00f3s a elimina\u00e7\u00e3o do l\u00edder do Cartel da Nova Gera\u00e7\u00e3o de Jalisco (CJNG), Nemesio Oseguera Cervantes, tamb\u00e9m conhecido como El Mencho. <br><br>O narcoterrorista \u00e9 um dos criminosos mais procurados pelos EUA; cabe\u00e7a valia U$$ 10 milh\u00f5es. <a href=\"https:\/\/t.co\/b8yB0pCzN0\">pic.twitter.com\/b8yB0pCzN0<\/a><\/p>&mdash; Comunicarmais (@ComunicarmaisBA) <a href=\"https:\/\/twitter.com\/ComunicarmaisBA\/status\/2025690534514155798?ref_src=twsrc%5Etfw\">February 22, 2026<\/a><\/blockquote><script async src=\"https:\/\/platform.twitter.com\/widgets.js\" charset=\"utf-8\"><\/script>\n<\/div><\/figure>\n\n\n\n<p>Hoje, o Aeroporto Internacional de Guadalajara foi atacado em repres\u00e1lia \u00e0 morte do l\u00edder terrorista. Postos de combust\u00edvel tamb\u00e9m foram incendiados. O cen\u00e1rio \u00e9 de caos no pa\u00eds. As \u00faltimas t\u00eam sido ca\u00f3ticas em v\u00e1rias cidades mexicanas, a exemplo de Guadalajara, Tapalpa, Guanajuato e Morelia. <\/p>\n\n\n\n<figure class=\"wp-block-image size-full\"><img decoding=\"async\" width=\"972\" height=\"832\" data-src=\"https:\/\/www.comunicarmais.com.br\/site\/wp-content\/uploads\/2026\/02\/HByVcPubUAAEMHq.jpg\" alt=\"\" class=\"wp-image-13229 lazyload\" data-srcset=\"https:\/\/www.comunicarmais.com.br\/site\/wp-content\/uploads\/2026\/02\/HByVcPubUAAEMHq.jpg 972w, https:\/\/www.comunicarmais.com.br\/site\/wp-content\/uploads\/2026\/02\/HByVcPubUAAEMHq-768x657.jpg 768w\" data-sizes=\"(max-width: 972px) 100vw, 972px\" src=\"data:image\/svg+xml;base64,PHN2ZyB3aWR0aD0iMSIgaGVpZ2h0PSIxIiB4bWxucz0iaHR0cDovL3d3dy53My5vcmcvMjAwMC9zdmciPjwvc3ZnPg==\" style=\"--smush-placeholder-width: 972px; --smush-placeholder-aspect-ratio: 972\/832;\" \/><figcaption class=\"wp-element-caption\"><em><sup>(Imagem: X \/ Reprodu\u00e7\u00e3o)<\/sup><\/em><\/figcaption><\/figure>\n\n\n\n<p>Homens armados bloquearam estradas, incendiaram ve\u00edculos e pr\u00e9dios, e realizaram tiroteios que geraram terror entre os cidad\u00e3os. Nas proximidades do aeroporto de Guadalajara houve v\u00e1rias detona\u00e7\u00f5es e por isso o interior do terminal ficou ca\u00f3tico, com viajantes e trabalhadores fugindo em terror. No entanto, o Grupo Aeroportuario del Pac\u00edfico relatou que a situa\u00e7\u00e3o n\u00e3o for\u00e7ou o cancelamento das opera\u00e7\u00f5es a\u00e9reas. &#8220;O terminal est\u00e1 sob a prote\u00e7\u00e3o de elementos da Guarda Nacional e do Minist\u00e9rio da Defesa Nacional, como parte das a\u00e7\u00f5es permanentes de coordena\u00e7\u00e3o com as autoridades federais&#8221;, especificaram.<\/p>\n\n\n\n<figure class=\"wp-block-image size-full\"><img decoding=\"async\" width=\"1320\" height=\"1372\" data-src=\"https:\/\/www.comunicarmais.com.br\/site\/wp-content\/uploads\/2026\/02\/HByVcPwaIAAwyWq.jpg\" alt=\"\" class=\"wp-image-13230 lazyload\" data-srcset=\"https:\/\/www.comunicarmais.com.br\/site\/wp-content\/uploads\/2026\/02\/HByVcPwaIAAwyWq.jpg 1320w, https:\/\/www.comunicarmais.com.br\/site\/wp-content\/uploads\/2026\/02\/HByVcPwaIAAwyWq-985x1024.jpg 985w, https:\/\/www.comunicarmais.com.br\/site\/wp-content\/uploads\/2026\/02\/HByVcPwaIAAwyWq-768x798.jpg 768w\" data-sizes=\"(max-width: 1320px) 100vw, 1320px\" src=\"data:image\/svg+xml;base64,PHN2ZyB3aWR0aD0iMSIgaGVpZ2h0PSIxIiB4bWxucz0iaHR0cDovL3d3dy53My5vcmcvMjAwMC9zdmciPjwvc3ZnPg==\" style=\"--smush-placeholder-width: 1320px; --smush-placeholder-aspect-ratio: 1320\/1372;\" \/><figcaption class=\"wp-element-caption\"><em><sup>(Imagem: X \/ Reprodu\u00e7\u00e3o)<\/sup><\/em><\/figcaption><\/figure>\n\n\n\n<p>________________________________________________________________________________________________________________<\/p>\n\n\n<p class=\"wp-block-tag-cloud\"><a href=\"https:\/\/www.comunicarmais.com.br\/site\/tag\/bahia\/\" class=\"tag-cloud-link tag-link-171 tag-link-position-1\" style=\"font-size: 17.922330097087pt;\" aria-label=\"Bahia (116 itens)\">Bahia<\/a>\n<a href=\"https:\/\/www.comunicarmais.com.br\/site\/tag\/bolsonaro\/\" class=\"tag-cloud-link tag-link-112 tag-link-position-2\" style=\"font-size: 11.533980582524pt;\" aria-label=\"Bolsonaro (39 itens)\">Bolsonaro<\/a>\n<a href=\"https:\/\/www.comunicarmais.com.br\/site\/tag\/brasil\/\" class=\"tag-cloud-link tag-link-335 tag-link-position-3\" style=\"font-size: 13.029126213592pt;\" aria-label=\"Brasil (50 itens)\">Brasil<\/a>\n<a href=\"https:\/\/www.comunicarmais.com.br\/site\/tag\/camacari\/\" class=\"tag-cloud-link tag-link-435 tag-link-position-4\" style=\"font-size: 8.8155339805825pt;\" aria-label=\"Cama\u00e7ari (24 itens)\">Cama\u00e7ari<\/a>\n<a href=\"https:\/\/www.comunicarmais.com.br\/site\/tag\/carnaval\/\" class=\"tag-cloud-link tag-link-508 tag-link-position-5\" style=\"font-size: 12.893203883495pt;\" aria-label=\"Carnaval (49 itens)\">Carnaval<\/a>\n<a href=\"https:\/\/www.comunicarmais.com.br\/site\/tag\/cbx\/\" class=\"tag-cloud-link tag-link-1602 tag-link-position-6\" style=\"font-size: 11.398058252427pt;\" aria-label=\"CBX (38 itens)\">CBX<\/a>\n<a href=\"https:\/\/www.comunicarmais.com.br\/site\/tag\/cidade-baixa\/\" class=\"tag-cloud-link tag-link-456 tag-link-position-7\" style=\"font-size: 9.9029126213592pt;\" aria-label=\"Cidade Baixa (29 itens)\">Cidade Baixa<\/a>\n<a href=\"https:\/\/www.comunicarmais.com.br\/site\/tag\/cinema\/\" class=\"tag-cloud-link tag-link-985 tag-link-position-8\" style=\"font-size: 11.126213592233pt;\" aria-label=\"Cinema (36 itens)\">Cinema<\/a>\n<a href=\"https:\/\/www.comunicarmais.com.br\/site\/tag\/cultura\/\" class=\"tag-cloud-link tag-link-231 tag-link-position-9\" style=\"font-size: 12.21359223301pt;\" aria-label=\"Cultura (44 itens)\">Cultura<\/a>\n<a href=\"https:\/\/www.comunicarmais.com.br\/site\/tag\/drogas\/\" class=\"tag-cloud-link tag-link-165 tag-link-position-10\" style=\"font-size: 12.757281553398pt;\" aria-label=\"Drogas (48 itens)\">Drogas<\/a>\n<a href=\"https:\/\/www.comunicarmais.com.br\/site\/tag\/educacao\/\" class=\"tag-cloud-link tag-link-228 tag-link-position-11\" style=\"font-size: 12.621359223301pt;\" aria-label=\"Educa\u00e7\u00e3o (47 itens)\">Educa\u00e7\u00e3o<\/a>\n<a href=\"https:\/\/www.comunicarmais.com.br\/site\/tag\/ensino\/\" class=\"tag-cloud-link tag-link-233 tag-link-position-12\" style=\"font-size: 10.446601941748pt;\" aria-label=\"Ensino (32 itens)\">Ensino<\/a>\n<a href=\"https:\/\/www.comunicarmais.com.br\/site\/tag\/escola\/\" class=\"tag-cloud-link tag-link-229 tag-link-position-13\" style=\"font-size: 9.631067961165pt;\" aria-label=\"Escola (28 itens)\">Escola<\/a>\n<a href=\"https:\/\/www.comunicarmais.com.br\/site\/tag\/eua\/\" class=\"tag-cloud-link tag-link-664 tag-link-position-14\" style=\"font-size: 12.077669902913pt;\" aria-label=\"EUA (43 itens)\">EUA<\/a>\n<a href=\"https:\/\/www.comunicarmais.com.br\/site\/tag\/feira-de-santana\/\" class=\"tag-cloud-link tag-link-642 tag-link-position-15\" style=\"font-size: 9.2233009708738pt;\" aria-label=\"Feira de Santana (26 itens)\">Feira de Santana<\/a>\n<a href=\"https:\/\/www.comunicarmais.com.br\/site\/tag\/ficco\/\" class=\"tag-cloud-link tag-link-143 tag-link-position-16\" style=\"font-size: 9.2233009708738pt;\" aria-label=\"Ficco (26 itens)\">Ficco<\/a>\n<a href=\"https:\/\/www.comunicarmais.com.br\/site\/tag\/folia\/\" class=\"tag-cloud-link tag-link-566 tag-link-position-17\" style=\"font-size: 9.2233009708738pt;\" aria-label=\"Folia (26 itens)\">Folia<\/a>\n<a href=\"https:\/\/www.comunicarmais.com.br\/site\/tag\/futebol\/\" class=\"tag-cloud-link tag-link-40 tag-link-position-18\" style=\"font-size: 13.029126213592pt;\" aria-label=\"Futebol (50 itens)\">Futebol<\/a>\n<a href=\"https:\/\/www.comunicarmais.com.br\/site\/tag\/homicidio\/\" class=\"tag-cloud-link tag-link-101 tag-link-position-19\" style=\"font-size: 10.582524271845pt;\" aria-label=\"Homic\u00eddio (33 itens)\">Homic\u00eddio<\/a>\n<a href=\"https:\/\/www.comunicarmais.com.br\/site\/tag\/itapagipe\/\" class=\"tag-cloud-link tag-link-471 tag-link-position-20\" style=\"font-size: 10.038834951456pt;\" aria-label=\"Itapagipe (30 itens)\">Itapagipe<\/a>\n<a href=\"https:\/\/www.comunicarmais.com.br\/site\/tag\/itaparica\/\" class=\"tag-cloud-link tag-link-301 tag-link-position-21\" style=\"font-size: 8pt;\" aria-label=\"Itaparica (21 itens)\">Itaparica<\/a>\n<a href=\"https:\/\/www.comunicarmais.com.br\/site\/tag\/jeronimo-rodrigues\/\" class=\"tag-cloud-link tag-link-668 tag-link-position-22\" style=\"font-size: 8.2718446601942pt;\" aria-label=\"Jer\u00f4nimo Rodrigues (22 itens)\">Jer\u00f4nimo Rodrigues<\/a>\n<a href=\"https:\/\/www.comunicarmais.com.br\/site\/tag\/justica\/\" class=\"tag-cloud-link tag-link-361 tag-link-position-23\" style=\"font-size: 10.582524271845pt;\" aria-label=\"Justi\u00e7a (33 itens)\">Justi\u00e7a<\/a>\n<a href=\"https:\/\/www.comunicarmais.com.br\/site\/tag\/lauro-de-freitas\/\" class=\"tag-cloud-link tag-link-594 tag-link-position-24\" style=\"font-size: 18.194174757282pt;\" aria-label=\"Lauro de Freitas (122 itens)\">Lauro de Freitas<\/a>\n<a href=\"https:\/\/www.comunicarmais.com.br\/site\/tag\/lazer\/\" class=\"tag-cloud-link tag-link-568 tag-link-position-25\" style=\"font-size: 9.2233009708738pt;\" aria-label=\"Lazer (26 itens)\">Lazer<\/a>\n<a href=\"https:\/\/www.comunicarmais.com.br\/site\/tag\/lula\/\" class=\"tag-cloud-link tag-link-416 tag-link-position-26\" style=\"font-size: 12.21359223301pt;\" aria-label=\"Lula (44 itens)\">Lula<\/a>\n<a href=\"https:\/\/www.comunicarmais.com.br\/site\/tag\/meio-ambiente\/\" class=\"tag-cloud-link tag-link-475 tag-link-position-27\" style=\"font-size: 12.21359223301pt;\" aria-label=\"Meio Ambiente (44 itens)\">Meio Ambiente<\/a>\n<a href=\"https:\/\/www.comunicarmais.com.br\/site\/tag\/mobilidade\/\" class=\"tag-cloud-link tag-link-278 tag-link-position-28\" style=\"font-size: 13.844660194175pt;\" aria-label=\"Mobilidade (58 itens)\">Mobilidade<\/a>\n<a href=\"https:\/\/www.comunicarmais.com.br\/site\/tag\/mulher\/\" class=\"tag-cloud-link tag-link-450 tag-link-position-29\" style=\"font-size: 13.300970873786pt;\" aria-label=\"mulher (53 itens)\">mulher<\/a>\n<a href=\"https:\/\/www.comunicarmais.com.br\/site\/tag\/musica-2\/\" class=\"tag-cloud-link tag-link-747 tag-link-position-30\" style=\"font-size: 12.21359223301pt;\" aria-label=\"M\u00fasica (44 itens)\">M\u00fasica<\/a>\n<a href=\"https:\/\/www.comunicarmais.com.br\/site\/tag\/pcba\/\" class=\"tag-cloud-link tag-link-1332 tag-link-position-31\" style=\"font-size: 15.067961165049pt;\" aria-label=\"PCBA (72 itens)\">PCBA<\/a>\n<a href=\"https:\/\/www.comunicarmais.com.br\/site\/tag\/pmba\/\" class=\"tag-cloud-link tag-link-53 tag-link-position-32\" style=\"font-size: 18.194174757282pt;\" aria-label=\"PMBA (123 itens)\">PMBA<\/a>\n<a href=\"https:\/\/www.comunicarmais.com.br\/site\/tag\/policia-federal\/\" class=\"tag-cloud-link tag-link-620 tag-link-position-33\" style=\"font-size: 8.9514563106796pt;\" aria-label=\"Pol\u00edcia Federal (25 itens)\">Pol\u00edcia Federal<\/a>\n<a href=\"https:\/\/www.comunicarmais.com.br\/site\/tag\/politica\/\" class=\"tag-cloud-link tag-link-495 tag-link-position-34\" style=\"font-size: 16.291262135922pt;\" aria-label=\"Pol\u00edtica (89 itens)\">Pol\u00edtica<\/a>\n<a href=\"https:\/\/www.comunicarmais.com.br\/site\/tag\/rio-de-janeiro\/\" class=\"tag-cloud-link tag-link-152 tag-link-position-35\" style=\"font-size: 9.9029126213592pt;\" aria-label=\"Rio de Janeiro (29 itens)\">Rio de Janeiro<\/a>\n<a href=\"https:\/\/www.comunicarmais.com.br\/site\/tag\/salvador\/\" class=\"tag-cloud-link tag-link-125 tag-link-position-36\" style=\"font-size: 22pt;\" aria-label=\"Salvador (235 itens)\">Salvador<\/a>\n<a href=\"https:\/\/www.comunicarmais.com.br\/site\/tag\/saude\/\" class=\"tag-cloud-link tag-link-42 tag-link-position-37\" style=\"font-size: 17.78640776699pt;\" aria-label=\"Sa\u00fade (115 itens)\">Sa\u00fade<\/a>\n<a href=\"https:\/\/www.comunicarmais.com.br\/site\/tag\/seguranca\/\" class=\"tag-cloud-link tag-link-48 tag-link-position-38\" style=\"font-size: 9.2233009708738pt;\" aria-label=\"Seguran\u00e7a (26 itens)\">Seguran\u00e7a<\/a>\n<a href=\"https:\/\/www.comunicarmais.com.br\/site\/tag\/ssp-ba\/\" class=\"tag-cloud-link tag-link-1937 tag-link-position-39\" style=\"font-size: 8.9514563106796pt;\" aria-label=\"SSP-BA (25 itens)\">SSP-BA<\/a>\n<a href=\"https:\/\/www.comunicarmais.com.br\/site\/tag\/sspba\/\" class=\"tag-cloud-link tag-link-144 tag-link-position-40\" style=\"font-size: 11.398058252427pt;\" aria-label=\"SSPBA (38 itens)\">SSPBA<\/a>\n<a href=\"https:\/\/www.comunicarmais.com.br\/site\/tag\/stf\/\" class=\"tag-cloud-link tag-link-68 tag-link-position-41\" style=\"font-size: 14.252427184466pt;\" aria-label=\"STF (62 itens)\">STF<\/a>\n<a href=\"https:\/\/www.comunicarmais.com.br\/site\/tag\/sao-paulo\/\" class=\"tag-cloud-link tag-link-612 tag-link-position-42\" style=\"font-size: 8pt;\" aria-label=\"S\u00e3o Paulo (21 itens)\">S\u00e3o Paulo<\/a>\n<a href=\"https:\/\/www.comunicarmais.com.br\/site\/tag\/transito-2\/\" class=\"tag-cloud-link tag-link-377 tag-link-position-43\" style=\"font-size: 8.2718446601942pt;\" aria-label=\"tr\u00e2nsito (22 itens)\">tr\u00e2nsito<\/a>\n<a href=\"https:\/\/www.comunicarmais.com.br\/site\/tag\/turismo\/\" class=\"tag-cloud-link tag-link-225 tag-link-position-44\" style=\"font-size: 9.9029126213592pt;\" aria-label=\"Turismo (29 itens)\">Turismo<\/a>\n<a href=\"https:\/\/www.comunicarmais.com.br\/site\/tag\/uruguai\/\" class=\"tag-cloud-link tag-link-323 tag-link-position-45\" style=\"font-size: 9.631067961165pt;\" aria-label=\"Uruguai (28 itens)\">Uruguai<\/a><\/p>","protected":false},"excerpt":{"rendered":"<p>Grupos armados explodiram o aeroporto de Guadalajara e queimaram postos de combust\u00edveis; l\u00edder do Cartel da Nova Gera\u00e7\u00e3o de Jalisco Nemesio Oseguera Cervantes, o &#8220;El Mencho&#8221; era procurado pelos EUA<\/p>\n","protected":false},"author":2,"featured_media":13230,"comment_status":"open","ping_status":"open","sticky":false,"template":"","format":"standard","meta":{"_acf_changed":false,"footnotes":""},"categories":[7],"tags":[3410,3411,664,3408,1718,3409],"class_list":["post-13225","post","type-post","status-publish","format-standard","has-post-thumbnail","hentry","category-mundo","tag-cartel","tag-el-mencho","tag-eua","tag-guadalajara","tag-mexico","tag-narcoterrorismo"],"acf":[],"yoast_head":"<!-- This site is optimized with the Yoast SEO plugin v26.1.1 - https:\/\/yoast.com\/wordpress\/plugins\/seo\/ -->\n<title>M\u00e9xico sofre ataques simult\u00e2neos ap\u00f3s morte de l\u00edder narcoterrorista procurado pelos EUA - Comunicar Mais<\/title>\n<meta name=\"description\" content=\"Grupos armados explodiram o aeroporto de Guadalajara e queimaram postos de combust\u00edveis; l\u00edder do Cartel da Nova Gera\u00e7\u00e3o de Jalisco Nemesio Oseguera Cervantes, o &quot;El Mencho&quot; era procurado pelos EUA\" \/>\n<meta name=\"robots\" content=\"index, follow, max-snippet:-1, max-image-preview:large, max-video-preview:-1\" \/>\n<link rel=\"canonical\" href=\"https:\/\/www.comunicarmais.com.br\/site\/2026\/02\/22\/mexico-sofre-ataques-simultaneos-apos-morte-de-lider-narcoterrorista-procurado-pelos-eua\/\" \/>\n<meta property=\"og:locale\" content=\"pt_BR\" \/>\n<meta property=\"og:type\" content=\"article\" \/>\n<meta property=\"og:title\" content=\"M\u00e9xico sofre ataques simult\u00e2neos ap\u00f3s morte de l\u00edder narcoterrorista procurado pelos EUA - Comunicar Mais\" \/>\n<meta property=\"og:description\" content=\"Grupos armados explodiram o aeroporto de Guadalajara e queimaram postos de combust\u00edveis; l\u00edder do Cartel da Nova Gera\u00e7\u00e3o de Jalisco Nemesio Oseguera Cervantes, o &quot;El Mencho&quot; era procurado pelos EUA\" \/>\n<meta property=\"og:url\" content=\"https:\/\/www.comunicarmais.com.br\/site\/2026\/02\/22\/mexico-sofre-ataques-simultaneos-apos-morte-de-lider-narcoterrorista-procurado-pelos-eua\/\" \/>\n<meta property=\"og:site_name\" content=\"Comunicar Mais\" \/>\n<meta property=\"article:publisher\" content=\"https:\/\/www.facebook.com\/comunicarmais\/\" \/>\n<meta property=\"article:author\" content=\"https:\/\/www.facebook.com\/comunicarmais\/\" \/>\n<meta property=\"article:published_time\" content=\"2026-02-22T22:13:46+00:00\" \/>\n<meta property=\"article:modified_time\" content=\"2026-02-22T22:24:43+00:00\" \/>\n<meta property=\"og:image\" content=\"https:\/\/www.comunicarmais.com.br\/site\/wp-content\/uploads\/2026\/02\/HByVcPwaIAAwyWq.jpg\" \/>\n\t<meta property=\"og:image:width\" content=\"1320\" \/>\n\t<meta property=\"og:image:height\" content=\"1372\" \/>\n\t<meta property=\"og:image:type\" content=\"image\/jpeg\" \/>\n<meta name=\"author\" content=\"Comunicar Mais\" \/>\n<meta name=\"twitter:card\" content=\"summary_large_image\" \/>\n<meta name=\"twitter:creator\" content=\"@ComunicarmaisBA\" \/>\n<meta name=\"twitter:site\" content=\"@ComunicarmaisBA\" \/>\n<meta name=\"twitter:label1\" content=\"Escrito por\" \/>\n\t<meta name=\"twitter:data1\" content=\"Comunicar Mais\" \/>\n\t<meta name=\"twitter:label2\" content=\"Est. tempo de leitura\" \/>\n\t<meta name=\"twitter:data2\" content=\"3 minutos\" \/>\n<script type=\"application\/ld+json\" class=\"yoast-schema-graph\">{\"@context\":\"https:\/\/schema.org\",\"@graph\":[{\"@type\":\"WebPage\",\"@id\":\"https:\/\/www.comunicarmais.com.br\/site\/2026\/02\/22\/mexico-sofre-ataques-simultaneos-apos-morte-de-lider-narcoterrorista-procurado-pelos-eua\/\",\"url\":\"https:\/\/www.comunicarmais.com.br\/site\/2026\/02\/22\/mexico-sofre-ataques-simultaneos-apos-morte-de-lider-narcoterrorista-procurado-pelos-eua\/\",\"name\":\"M\u00e9xico sofre ataques simult\u00e2neos ap\u00f3s morte de l\u00edder narcoterrorista procurado pelos EUA - Comunicar Mais\",\"isPartOf\":{\"@id\":\"https:\/\/www.comunicarmais.com.br\/site\/#website\"},\"primaryImageOfPage\":{\"@id\":\"https:\/\/www.comunicarmais.com.br\/site\/2026\/02\/22\/mexico-sofre-ataques-simultaneos-apos-morte-de-lider-narcoterrorista-procurado-pelos-eua\/#primaryimage\"},\"image\":{\"@id\":\"https:\/\/www.comunicarmais.com.br\/site\/2026\/02\/22\/mexico-sofre-ataques-simultaneos-apos-morte-de-lider-narcoterrorista-procurado-pelos-eua\/#primaryimage\"},\"thumbnailUrl\":\"https:\/\/www.comunicarmais.com.br\/site\/wp-content\/uploads\/2026\/02\/HByVcPwaIAAwyWq.jpg\",\"datePublished\":\"2026-02-22T22:13:46+00:00\",\"dateModified\":\"2026-02-22T22:24:43+00:00\",\"author\":{\"@id\":\"https:\/\/www.comunicarmais.com.br\/site\/#\/schema\/person\/712f7b6b25b644e4a91c4173674cf284\"},\"description\":\"Grupos armados explodiram o aeroporto de Guadalajara e queimaram postos de combust\u00edveis; l\u00edder do Cartel da Nova Gera\u00e7\u00e3o de Jalisco Nemesio Oseguera Cervantes, o \\\"El Mencho\\\" era procurado pelos EUA\",\"breadcrumb\":{\"@id\":\"https:\/\/www.comunicarmais.com.br\/site\/2026\/02\/22\/mexico-sofre-ataques-simultaneos-apos-morte-de-lider-narcoterrorista-procurado-pelos-eua\/#breadcrumb\"},\"inLanguage\":\"pt-BR\",\"potentialAction\":[{\"@type\":\"ReadAction\",\"target\":[\"https:\/\/www.comunicarmais.com.br\/site\/2026\/02\/22\/mexico-sofre-ataques-simultaneos-apos-morte-de-lider-narcoterrorista-procurado-pelos-eua\/\"]}]},{\"@type\":\"ImageObject\",\"inLanguage\":\"pt-BR\",\"@id\":\"https:\/\/www.comunicarmais.com.br\/site\/2026\/02\/22\/mexico-sofre-ataques-simultaneos-apos-morte-de-lider-narcoterrorista-procurado-pelos-eua\/#primaryimage\",\"url\":\"https:\/\/www.comunicarmais.com.br\/site\/wp-content\/uploads\/2026\/02\/HByVcPwaIAAwyWq.jpg\",\"contentUrl\":\"https:\/\/www.comunicarmais.com.br\/site\/wp-content\/uploads\/2026\/02\/HByVcPwaIAAwyWq.jpg\",\"width\":1320,\"height\":1372},{\"@type\":\"BreadcrumbList\",\"@id\":\"https:\/\/www.comunicarmais.com.br\/site\/2026\/02\/22\/mexico-sofre-ataques-simultaneos-apos-morte-de-lider-narcoterrorista-procurado-pelos-eua\/#breadcrumb\",\"itemListElement\":[{\"@type\":\"ListItem\",\"position\":1,\"name\":\"In\u00edcio\",\"item\":\"https:\/\/www.comunicarmais.com.br\/site\/\"},{\"@type\":\"ListItem\",\"position\":2,\"name\":\"M\u00e9xico sofre ataques simult\u00e2neos ap\u00f3s morte de l\u00edder narcoterrorista procurado pelos EUA\"}]},{\"@type\":\"WebSite\",\"@id\":\"https:\/\/www.comunicarmais.com.br\/site\/#website\",\"url\":\"https:\/\/www.comunicarmais.com.br\/site\/\",\"name\":\"Comunicar Mais\",\"description\":\"\",\"potentialAction\":[{\"@type\":\"SearchAction\",\"target\":{\"@type\":\"EntryPoint\",\"urlTemplate\":\"https:\/\/www.comunicarmais.com.br\/site\/?s={search_term_string}\"},\"query-input\":{\"@type\":\"PropertyValueSpecification\",\"valueRequired\":true,\"valueName\":\"search_term_string\"}}],\"inLanguage\":\"pt-BR\"},{\"@type\":\"Person\",\"@id\":\"https:\/\/www.comunicarmais.com.br\/site\/#\/schema\/person\/712f7b6b25b644e4a91c4173674cf284\",\"name\":\"Comunicar Mais\",\"image\":{\"@type\":\"ImageObject\",\"inLanguage\":\"pt-BR\",\"@id\":\"https:\/\/www.comunicarmais.com.br\/site\/#\/schema\/person\/image\/\",\"url\":\"https:\/\/secure.gravatar.com\/avatar\/9803218072e2c0dc265d3d787b54c2c33325e79f79732707fddfbf1efd82c678?s=96&d=mm&r=g\",\"contentUrl\":\"https:\/\/secure.gravatar.com\/avatar\/9803218072e2c0dc265d3d787b54c2c33325e79f79732707fddfbf1efd82c678?s=96&d=mm&r=g\",\"caption\":\"Comunicar Mais\"},\"description\":\"Deixe as ideologias com os ide\u00f3logos. Noticiamos fatos, n\u00e3o brigamos com eles. Aqui, voc\u00ea fica bem informado do que acontece no seu bairro e no mundo. Informar com \u00e9tica e responsabilidade s\u00e3o as bandeiras do Comunicarmais.\",\"sameAs\":[\"https:\/\/www.comunicarmais.com.br\/site\/\",\"https:\/\/www.facebook.com\/comunicarmais\/\",\"https:\/\/www.instagram.com\/comunicarmaisba\/\",\"https:\/\/x.com\/ComunicarmaisBA\"],\"url\":\"https:\/\/www.comunicarmais.com.br\/site\/author\/gerenciador\/\"}]}<\/script>\n<!-- \/ Yoast SEO plugin. -->","yoast_head_json":{"title":"M\u00e9xico sofre ataques simult\u00e2neos ap\u00f3s morte de l\u00edder narcoterrorista procurado pelos EUA - Comunicar Mais","description":"Grupos armados explodiram o aeroporto de Guadalajara e queimaram postos de combust\u00edveis; l\u00edder do Cartel da Nova Gera\u00e7\u00e3o de Jalisco Nemesio Oseguera Cervantes, o \"El Mencho\" era procurado pelos EUA","robots":{"index":"index","follow":"follow","max-snippet":"max-snippet:-1","max-image-preview":"max-image-preview:large","max-video-preview":"max-video-preview:-1"},"canonical":"https:\/\/www.comunicarmais.com.br\/site\/2026\/02\/22\/mexico-sofre-ataques-simultaneos-apos-morte-de-lider-narcoterrorista-procurado-pelos-eua\/","og_locale":"pt_BR","og_type":"article","og_title":"M\u00e9xico sofre ataques simult\u00e2neos ap\u00f3s morte de l\u00edder narcoterrorista procurado pelos EUA - Comunicar Mais","og_description":"Grupos armados explodiram o aeroporto de Guadalajara e queimaram postos de combust\u00edveis; l\u00edder do Cartel da Nova Gera\u00e7\u00e3o de Jalisco Nemesio Oseguera Cervantes, o \"El Mencho\" era procurado pelos EUA","og_url":"https:\/\/www.comunicarmais.com.br\/site\/2026\/02\/22\/mexico-sofre-ataques-simultaneos-apos-morte-de-lider-narcoterrorista-procurado-pelos-eua\/","og_site_name":"Comunicar Mais","article_publisher":"https:\/\/www.facebook.com\/comunicarmais\/","article_author":"https:\/\/www.facebook.com\/comunicarmais\/","article_published_time":"2026-02-22T22:13:46+00:00","article_modified_time":"2026-02-22T22:24:43+00:00","og_image":[{"width":1320,"height":1372,"url":"https:\/\/www.comunicarmais.com.br\/site\/wp-content\/uploads\/2026\/02\/HByVcPwaIAAwyWq.jpg","type":"image\/jpeg"}],"author":"Comunicar Mais","twitter_card":"summary_large_image","twitter_creator":"@ComunicarmaisBA","twitter_site":"@ComunicarmaisBA","twitter_misc":{"Escrito por":"Comunicar Mais","Est. tempo de leitura":"3 minutos"},"schema":{"@context":"https:\/\/schema.org","@graph":[{"@type":"WebPage","@id":"https:\/\/www.comunicarmais.com.br\/site\/2026\/02\/22\/mexico-sofre-ataques-simultaneos-apos-morte-de-lider-narcoterrorista-procurado-pelos-eua\/","url":"https:\/\/www.comunicarmais.com.br\/site\/2026\/02\/22\/mexico-sofre-ataques-simultaneos-apos-morte-de-lider-narcoterrorista-procurado-pelos-eua\/","name":"M\u00e9xico sofre ataques simult\u00e2neos ap\u00f3s morte de l\u00edder narcoterrorista procurado pelos EUA - Comunicar Mais","isPartOf":{"@id":"https:\/\/www.comunicarmais.com.br\/site\/#website"},"primaryImageOfPage":{"@id":"https:\/\/www.comunicarmais.com.br\/site\/2026\/02\/22\/mexico-sofre-ataques-simultaneos-apos-morte-de-lider-narcoterrorista-procurado-pelos-eua\/#primaryimage"},"image":{"@id":"https:\/\/www.comunicarmais.com.br\/site\/2026\/02\/22\/mexico-sofre-ataques-simultaneos-apos-morte-de-lider-narcoterrorista-procurado-pelos-eua\/#primaryimage"},"thumbnailUrl":"https:\/\/www.comunicarmais.com.br\/site\/wp-content\/uploads\/2026\/02\/HByVcPwaIAAwyWq.jpg","datePublished":"2026-02-22T22:13:46+00:00","dateModified":"2026-02-22T22:24:43+00:00","author":{"@id":"https:\/\/www.comunicarmais.com.br\/site\/#\/schema\/person\/712f7b6b25b644e4a91c4173674cf284"},"description":"Grupos armados explodiram o aeroporto de Guadalajara e queimaram postos de combust\u00edveis; l\u00edder do Cartel da Nova Gera\u00e7\u00e3o de Jalisco Nemesio Oseguera Cervantes, o \"El Mencho\" era procurado pelos EUA","breadcrumb":{"@id":"https:\/\/www.comunicarmais.com.br\/site\/2026\/02\/22\/mexico-sofre-ataques-simultaneos-apos-morte-de-lider-narcoterrorista-procurado-pelos-eua\/#breadcrumb"},"inLanguage":"pt-BR","potentialAction":[{"@type":"ReadAction","target":["https:\/\/www.comunicarmais.com.br\/site\/2026\/02\/22\/mexico-sofre-ataques-simultaneos-apos-morte-de-lider-narcoterrorista-procurado-pelos-eua\/"]}]},{"@type":"ImageObject","inLanguage":"pt-BR","@id":"https:\/\/www.comunicarmais.com.br\/site\/2026\/02\/22\/mexico-sofre-ataques-simultaneos-apos-morte-de-lider-narcoterrorista-procurado-pelos-eua\/#primaryimage","url":"https:\/\/www.comunicarmais.com.br\/site\/wp-content\/uploads\/2026\/02\/HByVcPwaIAAwyWq.jpg","contentUrl":"https:\/\/www.comunicarmais.com.br\/site\/wp-content\/uploads\/2026\/02\/HByVcPwaIAAwyWq.jpg","width":1320,"height":1372},{"@type":"BreadcrumbList","@id":"https:\/\/www.comunicarmais.com.br\/site\/2026\/02\/22\/mexico-sofre-ataques-simultaneos-apos-morte-de-lider-narcoterrorista-procurado-pelos-eua\/#breadcrumb","itemListElement":[{"@type":"ListItem","position":1,"name":"In\u00edcio","item":"https:\/\/www.comunicarmais.com.br\/site\/"},{"@type":"ListItem","position":2,"name":"M\u00e9xico sofre ataques simult\u00e2neos ap\u00f3s morte de l\u00edder narcoterrorista procurado pelos EUA"}]},{"@type":"WebSite","@id":"https:\/\/www.comunicarmais.com.br\/site\/#website","url":"https:\/\/www.comunicarmais.com.br\/site\/","name":"Comunicar Mais","description":"","potentialAction":[{"@type":"SearchAction","target":{"@type":"EntryPoint","urlTemplate":"https:\/\/www.comunicarmais.com.br\/site\/?s={search_term_string}"},"query-input":{"@type":"PropertyValueSpecification","valueRequired":true,"valueName":"search_term_string"}}],"inLanguage":"pt-BR"},{"@type":"Person","@id":"https:\/\/www.comunicarmais.com.br\/site\/#\/schema\/person\/712f7b6b25b644e4a91c4173674cf284","name":"Comunicar Mais","image":{"@type":"ImageObject","inLanguage":"pt-BR","@id":"https:\/\/www.comunicarmais.com.br\/site\/#\/schema\/person\/image\/","url":"https:\/\/secure.gravatar.com\/avatar\/9803218072e2c0dc265d3d787b54c2c33325e79f79732707fddfbf1efd82c678?s=96&d=mm&r=g","contentUrl":"https:\/\/secure.gravatar.com\/avatar\/9803218072e2c0dc265d3d787b54c2c33325e79f79732707fddfbf1efd82c678?s=96&d=mm&r=g","caption":"Comunicar Mais"},"description":"Deixe as ideologias com os ide\u00f3logos. Noticiamos fatos, n\u00e3o brigamos com eles. Aqui, voc\u00ea fica bem informado do que acontece no seu bairro e no mundo. Informar com \u00e9tica e responsabilidade s\u00e3o as bandeiras do Comunicarmais.","sameAs":["https:\/\/www.comunicarmais.com.br\/site\/","https:\/\/www.facebook.com\/comunicarmais\/","https:\/\/www.instagram.com\/comunicarmaisba\/","https:\/\/x.com\/ComunicarmaisBA"],"url":"https:\/\/www.comunicarmais.com.br\/site\/author\/gerenciador\/"}]}},"_links":{"self":[{"href":"https:\/\/www.comunicarmais.com.br\/site\/wp-json\/wp\/v2\/posts\/13225","targetHints":{"allow":["GET"]}}],"collection":[{"href":"https:\/\/www.comunicarmais.com.br\/site\/wp-json\/wp\/v2\/posts"}],"about":[{"href":"https:\/\/www.comunicarmais.com.br\/site\/wp-json\/wp\/v2\/types\/post"}],"author":[{"embeddable":true,"href":"https:\/\/www.comunicarmais.com.br\/site\/wp-json\/wp\/v2\/users\/2"}],"replies":[{"embeddable":true,"href":"https:\/\/www.comunicarmais.com.br\/site\/wp-json\/wp\/v2\/comments?post=13225"}],"version-history":[{"count":3,"href":"https:\/\/www.comunicarmais.com.br\/site\/wp-json\/wp\/v2\/posts\/13225\/revisions"}],"predecessor-version":[{"id":13233,"href":"https:\/\/www.comunicarmais.com.br\/site\/wp-json\/wp\/v2\/posts\/13225\/revisions\/13233"}],"wp:featuredmedia":[{"embeddable":true,"href":"https:\/\/www.comunicarmais.com.br\/site\/wp-json\/wp\/v2\/media\/13230"}],"wp:attachment":[{"href":"https:\/\/www.comunicarmais.com.br\/site\/wp-json\/wp\/v2\/media?parent=13225"}],"wp:term":[{"taxonomy":"category","embeddable":true,"href":"https:\/\/www.comunicarmais.com.br\/site\/wp-json\/wp\/v2\/categories?post=13225"},{"taxonomy":"post_tag","embeddable":true,"href":"https:\/\/www.comunicarmais.com.br\/site\/wp-json\/wp\/v2\/tags?post=13225"}],"curies":[{"name":"wp","href":"https:\/\/api.w.org\/{rel}","templated":true}]}}