{"id":12534,"date":"2026-01-19T11:48:00","date_gmt":"2026-01-19T14:48:00","guid":{"rendered":"https:\/\/www.comunicarmais.com.br\/site\/?p=12534"},"modified":"2026-01-19T15:29:37","modified_gmt":"2026-01-19T18:29:37","slug":"novo-terminal-rodoviario-de-salvador-e-inaugurado-e-mais-um-marco-na-mobilidade-da-bahia-destaca-jeronimo-rodrigues","status":"publish","type":"post","link":"https:\/\/www.comunicarmais.com.br\/site\/2026\/01\/19\/novo-terminal-rodoviario-de-salvador-e-inaugurado-e-mais-um-marco-na-mobilidade-da-bahia-destaca-jeronimo-rodrigues\/","title":{"rendered":"Novo Terminal Rodovi\u00e1rio de Salvador \u00e9 inaugurado: \u201d\u00c9 mais um marco na mobilidade da Bahia\u201d, destaca Jer\u00f4nimo Rodrigues"},"content":{"rendered":"\n<p><strong>Nova estrutura amplia a capacidade do transporte rodovi\u00e1rio na capital; opera\u00e7\u00e3o come\u00e7a j\u00e1 na madrugada desta ter\u00e7a-feira (20)<\/strong><\/p>\n\n\n\n<figure class=\"wp-block-image size-full\"><img decoding=\"async\" width=\"1280\" height=\"852\" data-src=\"https:\/\/www.comunicarmais.com.br\/site\/wp-content\/uploads\/2026\/01\/WhatsApp-Image-2026-01-18-at-10.45.55-1.jpeg\" alt=\"\" class=\"wp-image-12537 lazyload\" data-srcset=\"https:\/\/www.comunicarmais.com.br\/site\/wp-content\/uploads\/2026\/01\/WhatsApp-Image-2026-01-18-at-10.45.55-1.jpeg 1280w, https:\/\/www.comunicarmais.com.br\/site\/wp-content\/uploads\/2026\/01\/WhatsApp-Image-2026-01-18-at-10.45.55-1-1024x682.jpeg 1024w, https:\/\/www.comunicarmais.com.br\/site\/wp-content\/uploads\/2026\/01\/WhatsApp-Image-2026-01-18-at-10.45.55-1-768x511.jpeg 768w\" data-sizes=\"(max-width: 1280px) 100vw, 1280px\" src=\"data:image\/svg+xml;base64,PHN2ZyB3aWR0aD0iMSIgaGVpZ2h0PSIxIiB4bWxucz0iaHR0cDovL3d3dy53My5vcmcvMjAwMC9zdmciPjwvc3ZnPg==\" style=\"--smush-placeholder-width: 1280px; --smush-placeholder-aspect-ratio: 1280\/852;\" \/><figcaption class=\"wp-element-caption\"><em><sup>(Foto: Manu Dias\/GOVBA)<\/sup><\/em><\/figcaption><\/figure>\n\n\n\n<p><strong>Reda\u00e7\u00e3o Mais &#8211; <\/strong>Quem passa pela BR-324 j\u00e1 consegue perceber que a capital baiana ganhou um novo ponto de partidas e chegadas. Nesta segunda-feira (19), a popula\u00e7\u00e3o passou a contar oficialmente com o Novo Terminal Rodovi\u00e1rio de Salvador, pensado para transformar a experi\u00eancia de quem viaja, trabalha e circula pela capital. A inaugura\u00e7\u00e3o do equipamento foi realizada pelo governador Jer\u00f4nimo Rodrigues e as opera\u00e7\u00f5es come\u00e7am na madrugada desta ter\u00e7a-feira (20).<\/p>\n\n\n\n<p>\u201cA nova rodovi\u00e1ria \u00e9 mais um marco na mobilidade para o nosso estado. Al\u00e9m de facilitar a vida de quem est\u00e1 aqui para fazer neg\u00f3cios ou viajar, vai desafogar toda aquela regi\u00e3o da antiga. Portanto, hoje est\u00e1 oficialmente inaugurado, um momento de grande celebra\u00e7\u00e3o\u201d, afirmou o governador Jer\u00f4nimo Rodrigues.<\/p>\n\n\n\n<figure class=\"wp-block-image size-full\"><img decoding=\"async\" width=\"1280\" height=\"960\" data-src=\"https:\/\/www.comunicarmais.com.br\/site\/wp-content\/uploads\/2026\/01\/WhatsApp-Image-2026-01-19-at-11.35.08-1.jpeg\" alt=\"\" class=\"wp-image-12538 lazyload\" data-srcset=\"https:\/\/www.comunicarmais.com.br\/site\/wp-content\/uploads\/2026\/01\/WhatsApp-Image-2026-01-19-at-11.35.08-1.jpeg 1280w, https:\/\/www.comunicarmais.com.br\/site\/wp-content\/uploads\/2026\/01\/WhatsApp-Image-2026-01-19-at-11.35.08-1-1024x768.jpeg 1024w, https:\/\/www.comunicarmais.com.br\/site\/wp-content\/uploads\/2026\/01\/WhatsApp-Image-2026-01-19-at-11.35.08-1-768x576.jpeg 768w\" data-sizes=\"(max-width: 1280px) 100vw, 1280px\" src=\"data:image\/svg+xml;base64,PHN2ZyB3aWR0aD0iMSIgaGVpZ2h0PSIxIiB4bWxucz0iaHR0cDovL3d3dy53My5vcmcvMjAwMC9zdmciPjwvc3ZnPg==\" style=\"--smush-placeholder-width: 1280px; --smush-placeholder-aspect-ratio: 1280\/960;\" \/><figcaption class=\"wp-element-caption\"><em><sup>(Foto: Manu Dias\/GOVBA)<\/sup><\/em><\/figcaption><\/figure>\n\n\n\n<p>Antes da inaugura\u00e7\u00e3o, o chefe do Executivo embarcou de metr\u00f4 na esta\u00e7\u00e3o da atual rodovi\u00e1ria, que mudar\u00e1 de nome, seguindo at\u00e9 a Esta\u00e7\u00e3o \u00c1guas Claras que ser\u00e1 a nova Esta\u00e7\u00e3o Rodovi\u00e1ria, integrada ao terminal. Na ocasi\u00e3o, o governador realizou a entrega do SAC Rodovi\u00e1ria, ampliando o acesso da popula\u00e7\u00e3o a servi\u00e7os essenciais em um espa\u00e7o moderno e integrado. Al\u00e9m disso, ele visitou o Centro de Controle Operacional (CCO). \u201cA partir de amanh\u00e3, j\u00e1 estaremos atendendo. A estimativa \u00e9 atender at\u00e9 20 mil cidad\u00e3os por m\u00eas, no ponto relevante e estrat\u00e9gico, porque aqui voc\u00ea vai ter o cidad\u00e3o que vem tanto do interior como da regi\u00e3o metropolitana. Temos aqui Defensoria P\u00fablica, INSS, Detran, e tantos outros servi\u00e7os\u201d, acrescentou o secret\u00e1rio da Administra\u00e7\u00e3o (Saeb), Rodrigo Pimentel.<\/p>\n\n\n\n<figure class=\"wp-block-image size-full\"><img decoding=\"async\" width=\"1280\" height=\"720\" data-src=\"https:\/\/www.comunicarmais.com.br\/site\/wp-content\/uploads\/2026\/01\/WhatsApp-Image-2026-01-19-at-12.40.46-1.jpeg\" alt=\"\" class=\"wp-image-12539 lazyload\" data-srcset=\"https:\/\/www.comunicarmais.com.br\/site\/wp-content\/uploads\/2026\/01\/WhatsApp-Image-2026-01-19-at-12.40.46-1.jpeg 1280w, https:\/\/www.comunicarmais.com.br\/site\/wp-content\/uploads\/2026\/01\/WhatsApp-Image-2026-01-19-at-12.40.46-1-1024x576.jpeg 1024w, https:\/\/www.comunicarmais.com.br\/site\/wp-content\/uploads\/2026\/01\/WhatsApp-Image-2026-01-19-at-12.40.46-1-768x432.jpeg 768w\" data-sizes=\"(max-width: 1280px) 100vw, 1280px\" src=\"data:image\/svg+xml;base64,PHN2ZyB3aWR0aD0iMSIgaGVpZ2h0PSIxIiB4bWxucz0iaHR0cDovL3d3dy53My5vcmcvMjAwMC9zdmciPjwvc3ZnPg==\" style=\"--smush-placeholder-width: 1280px; --smush-placeholder-aspect-ratio: 1280\/720;\" \/><figcaption class=\"wp-element-caption\"><em><sup>(Foto: Manu Dias\/GOVBA)<\/sup><\/em><\/figcaption><\/figure>\n\n\n\n<p><strong>Nova Rodovi\u00e1ria &#8211;<\/strong> Localizado \u00e0s margens da BR-324, no bairro de \u00c1guas Claras, o novo Terminal Rodovi\u00e1rio de Salvador nasce com a proposta de ir muito al\u00e9m de um terminal de embarque e desembarque. Constru\u00eddo do zero, em uma \u00e1rea total de 127.235 m \u00b2 \u2014 sendo cerca de 41 mil metros quadrados de \u00e1rea constru\u00edda \u2014, ele foi projetado como um grande hub multimodal, conectando rodovi\u00e1ria, metr\u00f4, terminal de \u00f4nibus urbanos e metropolitanos e, futuramente, o Ve\u00edculo Leve sobre Trilhos (VLT), atualmente em obras.<\/p>\n\n\n\n<p>A nova estrutura amplia significativamente a capacidade do transporte rodovi\u00e1rio na capital. S\u00e3o 41 plataformas de embarque, 24 de desembarque, e 34 \u00e1reas destinadas ao estacionamento de ve\u00edculos operacionais, 33 mangueiras de espera e p\u00e1tios operacionais organizados, permitindo a circula\u00e7\u00e3o di\u00e1ria de cerca de mil \u00f4nibus e o atendimento a 363 linhas intermunicipais. A separa\u00e7\u00e3o entre os fluxos de embarque, no piso superior, e desembarque, no t\u00e9rreo, garante mais fluidez, conforto e seguran\u00e7a para os passageiros.<\/p>\n\n\n\n<figure class=\"wp-block-image size-full\"><img decoding=\"async\" width=\"1280\" height=\"853\" data-src=\"https:\/\/www.comunicarmais.com.br\/site\/wp-content\/uploads\/2026\/01\/WhatsApp-Image-2026-01-19-at-11.35.08.jpeg\" alt=\"\" class=\"wp-image-12540 lazyload\" data-srcset=\"https:\/\/www.comunicarmais.com.br\/site\/wp-content\/uploads\/2026\/01\/WhatsApp-Image-2026-01-19-at-11.35.08.jpeg 1280w, https:\/\/www.comunicarmais.com.br\/site\/wp-content\/uploads\/2026\/01\/WhatsApp-Image-2026-01-19-at-11.35.08-1024x682.jpeg 1024w, https:\/\/www.comunicarmais.com.br\/site\/wp-content\/uploads\/2026\/01\/WhatsApp-Image-2026-01-19-at-11.35.08-768x512.jpeg 768w\" data-sizes=\"(max-width: 1280px) 100vw, 1280px\" src=\"data:image\/svg+xml;base64,PHN2ZyB3aWR0aD0iMSIgaGVpZ2h0PSIxIiB4bWxucz0iaHR0cDovL3d3dy53My5vcmcvMjAwMC9zdmciPjwvc3ZnPg==\" style=\"--smush-placeholder-width: 1280px; --smush-placeholder-aspect-ratio: 1280\/853;\" \/><figcaption class=\"wp-element-caption\"><em><sup>(Foto: Manu Dias\/GOVBA)<\/sup><\/em><\/figcaption><\/figure>\n\n\n\n<p>Segundo o secret\u00e1rio de Infraestrutura, Saulo Pontes, a rodovi\u00e1ria foi projetada para funcionar com alto desempenho operacional e foco no usu\u00e1rio. \u201cA mais moderna e maior do Norte\/Nordeste. Pensamos cada detalhe para garantir conforto, acessibilidade e efici\u00eancia. Desde os fluxos separados at\u00e9 a tecnologia de monitoramento, tudo foi planejado para que o terminal operasse com seguran\u00e7a e qualidade\u201d, explicou.<\/p>\n\n\n\n<p>Pensada para atender a todos os p\u00fablicos, a rodovi\u00e1ria conta com acessibilidade universal, elevadores, escadas rolantes, sanit\u00e1rios em todos os pavimentos, \u00e1reas de descanso, guarda-volumes e sinaliza\u00e7\u00e3o clara. O estacionamento disp\u00f5e de 847 vagas, sendo 711 rotativas, incluindo espa\u00e7os reservados para pessoas com defici\u00eancia, idosos, gestantes, motocicletas e bicicletas. O terminal tamb\u00e9m abriga 130 lojas comerciais, 70 guich\u00eas de atendimento e nove salas VIP.<\/p>\n\n\n\n<figure class=\"wp-block-image size-full\"><img decoding=\"async\" width=\"1280\" height=\"852\" data-src=\"https:\/\/www.comunicarmais.com.br\/site\/wp-content\/uploads\/2026\/01\/WhatsApp-Image-2026-01-18-at-10.45.56-1.jpeg\" alt=\"\" class=\"wp-image-12541 lazyload\" data-srcset=\"https:\/\/www.comunicarmais.com.br\/site\/wp-content\/uploads\/2026\/01\/WhatsApp-Image-2026-01-18-at-10.45.56-1.jpeg 1280w, https:\/\/www.comunicarmais.com.br\/site\/wp-content\/uploads\/2026\/01\/WhatsApp-Image-2026-01-18-at-10.45.56-1-1024x682.jpeg 1024w, https:\/\/www.comunicarmais.com.br\/site\/wp-content\/uploads\/2026\/01\/WhatsApp-Image-2026-01-18-at-10.45.56-1-768x511.jpeg 768w\" data-sizes=\"(max-width: 1280px) 100vw, 1280px\" src=\"data:image\/svg+xml;base64,PHN2ZyB3aWR0aD0iMSIgaGVpZ2h0PSIxIiB4bWxucz0iaHR0cDovL3d3dy53My5vcmcvMjAwMC9zdmciPjwvc3ZnPg==\" style=\"--smush-placeholder-width: 1280px; --smush-placeholder-aspect-ratio: 1280\/852;\" \/><figcaption class=\"wp-element-caption\"><em><sup>(Foto: Manu Dias\/GOVBA)<\/sup><\/em><\/figcaption><\/figure>\n\n\n\n<p><strong>Tecnologia e Sustentabilidade &#8211;<\/strong> A tecnologia \u00e9 outro destaque do equipamento. Toda a opera\u00e7\u00e3o \u00e9 monitorada pelo Sistema de Gerenciamento Integrado de Terminais (SIGIT), que centraliza seguran\u00e7a, log\u00edstica e gest\u00e3o. S\u00e3o mais de 400 c\u00e2meras, incluindo reconhecimento facial, integradas a um Centro de Controle Operacional equipado com 30 monitores de alta defini\u00e7\u00e3o, garantindo monitoramento cont\u00ednuo e respostas r\u00e1pidas.<\/p>\n\n\n\n<p>Al\u00e9m de moderna, a nova Rodovi\u00e1ria \u00e9 sustent\u00e1vel. O terminal possui certifica\u00e7\u00f5es internacionais Edge Advanced e Leed Silver, com economia estimada de 41% de energia, 28% de \u00e1gua e redu\u00e7\u00e3o de 22% da energia incorporada nos materiais. Conta ainda com esta\u00e7\u00e3o de tratamento de efluentes, sistema de reutiliza\u00e7\u00e3o de \u00e1gua, drenagem controlada e mais de 33 mil metros quadrados de \u00e1reas perme\u00e1veis.<\/p>\n\n\n\n<p>________________________________________________________________________________________________________________<\/p>\n\n\n<p class=\"wp-block-tag-cloud\"><a href=\"https:\/\/www.comunicarmais.com.br\/site\/tag\/bahia\/\" class=\"tag-cloud-link tag-link-171 tag-link-position-1\" style=\"font-size: 17.922330097087pt;\" aria-label=\"Bahia (116 itens)\">Bahia<\/a>\n<a href=\"https:\/\/www.comunicarmais.com.br\/site\/tag\/bolsonaro\/\" class=\"tag-cloud-link tag-link-112 tag-link-position-2\" style=\"font-size: 11.533980582524pt;\" aria-label=\"Bolsonaro (39 itens)\">Bolsonaro<\/a>\n<a href=\"https:\/\/www.comunicarmais.com.br\/site\/tag\/brasil\/\" class=\"tag-cloud-link tag-link-335 tag-link-position-3\" style=\"font-size: 13.029126213592pt;\" aria-label=\"Brasil (50 itens)\">Brasil<\/a>\n<a href=\"https:\/\/www.comunicarmais.com.br\/site\/tag\/camacari\/\" class=\"tag-cloud-link tag-link-435 tag-link-position-4\" style=\"font-size: 8.8155339805825pt;\" aria-label=\"Cama\u00e7ari (24 itens)\">Cama\u00e7ari<\/a>\n<a href=\"https:\/\/www.comunicarmais.com.br\/site\/tag\/carnaval\/\" class=\"tag-cloud-link tag-link-508 tag-link-position-5\" style=\"font-size: 12.893203883495pt;\" aria-label=\"Carnaval (49 itens)\">Carnaval<\/a>\n<a href=\"https:\/\/www.comunicarmais.com.br\/site\/tag\/cbx\/\" class=\"tag-cloud-link tag-link-1602 tag-link-position-6\" style=\"font-size: 11.398058252427pt;\" aria-label=\"CBX (38 itens)\">CBX<\/a>\n<a href=\"https:\/\/www.comunicarmais.com.br\/site\/tag\/cidade-baixa\/\" class=\"tag-cloud-link tag-link-456 tag-link-position-7\" style=\"font-size: 9.9029126213592pt;\" aria-label=\"Cidade Baixa (29 itens)\">Cidade Baixa<\/a>\n<a href=\"https:\/\/www.comunicarmais.com.br\/site\/tag\/cinema\/\" class=\"tag-cloud-link tag-link-985 tag-link-position-8\" style=\"font-size: 11.126213592233pt;\" aria-label=\"Cinema (36 itens)\">Cinema<\/a>\n<a href=\"https:\/\/www.comunicarmais.com.br\/site\/tag\/cultura\/\" class=\"tag-cloud-link tag-link-231 tag-link-position-9\" style=\"font-size: 12.21359223301pt;\" aria-label=\"Cultura (44 itens)\">Cultura<\/a>\n<a href=\"https:\/\/www.comunicarmais.com.br\/site\/tag\/drogas\/\" class=\"tag-cloud-link tag-link-165 tag-link-position-10\" style=\"font-size: 12.757281553398pt;\" aria-label=\"Drogas (48 itens)\">Drogas<\/a>\n<a href=\"https:\/\/www.comunicarmais.com.br\/site\/tag\/educacao\/\" class=\"tag-cloud-link tag-link-228 tag-link-position-11\" style=\"font-size: 12.485436893204pt;\" aria-label=\"Educa\u00e7\u00e3o (46 itens)\">Educa\u00e7\u00e3o<\/a>\n<a href=\"https:\/\/www.comunicarmais.com.br\/site\/tag\/ensino\/\" class=\"tag-cloud-link tag-link-233 tag-link-position-12\" style=\"font-size: 10.446601941748pt;\" aria-label=\"Ensino (32 itens)\">Ensino<\/a>\n<a href=\"https:\/\/www.comunicarmais.com.br\/site\/tag\/escola\/\" class=\"tag-cloud-link tag-link-229 tag-link-position-13\" style=\"font-size: 9.495145631068pt;\" aria-label=\"Escola (27 itens)\">Escola<\/a>\n<a href=\"https:\/\/www.comunicarmais.com.br\/site\/tag\/eua\/\" class=\"tag-cloud-link tag-link-664 tag-link-position-14\" style=\"font-size: 12.077669902913pt;\" aria-label=\"EUA (43 itens)\">EUA<\/a>\n<a href=\"https:\/\/www.comunicarmais.com.br\/site\/tag\/feira-de-santana\/\" class=\"tag-cloud-link tag-link-642 tag-link-position-15\" style=\"font-size: 9.2233009708738pt;\" aria-label=\"Feira de Santana (26 itens)\">Feira de Santana<\/a>\n<a href=\"https:\/\/www.comunicarmais.com.br\/site\/tag\/ficco\/\" class=\"tag-cloud-link tag-link-143 tag-link-position-16\" style=\"font-size: 9.2233009708738pt;\" aria-label=\"Ficco (26 itens)\">Ficco<\/a>\n<a href=\"https:\/\/www.comunicarmais.com.br\/site\/tag\/folia\/\" class=\"tag-cloud-link tag-link-566 tag-link-position-17\" style=\"font-size: 9.2233009708738pt;\" aria-label=\"Folia (26 itens)\">Folia<\/a>\n<a href=\"https:\/\/www.comunicarmais.com.br\/site\/tag\/futebol\/\" class=\"tag-cloud-link tag-link-40 tag-link-position-18\" style=\"font-size: 13.029126213592pt;\" aria-label=\"Futebol (50 itens)\">Futebol<\/a>\n<a href=\"https:\/\/www.comunicarmais.com.br\/site\/tag\/homicidio\/\" class=\"tag-cloud-link tag-link-101 tag-link-position-19\" style=\"font-size: 10.582524271845pt;\" aria-label=\"Homic\u00eddio (33 itens)\">Homic\u00eddio<\/a>\n<a href=\"https:\/\/www.comunicarmais.com.br\/site\/tag\/itapagipe\/\" class=\"tag-cloud-link tag-link-471 tag-link-position-20\" style=\"font-size: 10.038834951456pt;\" aria-label=\"Itapagipe (30 itens)\">Itapagipe<\/a>\n<a href=\"https:\/\/www.comunicarmais.com.br\/site\/tag\/itaparica\/\" class=\"tag-cloud-link tag-link-301 tag-link-position-21\" style=\"font-size: 8pt;\" aria-label=\"Itaparica (21 itens)\">Itaparica<\/a>\n<a href=\"https:\/\/www.comunicarmais.com.br\/site\/tag\/jeronimo-rodrigues\/\" class=\"tag-cloud-link tag-link-668 tag-link-position-22\" style=\"font-size: 8.2718446601942pt;\" aria-label=\"Jer\u00f4nimo Rodrigues (22 itens)\">Jer\u00f4nimo Rodrigues<\/a>\n<a href=\"https:\/\/www.comunicarmais.com.br\/site\/tag\/justica\/\" class=\"tag-cloud-link tag-link-361 tag-link-position-23\" style=\"font-size: 10.582524271845pt;\" aria-label=\"Justi\u00e7a (33 itens)\">Justi\u00e7a<\/a>\n<a href=\"https:\/\/www.comunicarmais.com.br\/site\/tag\/lauro-de-freitas\/\" class=\"tag-cloud-link tag-link-594 tag-link-position-24\" style=\"font-size: 18.194174757282pt;\" aria-label=\"Lauro de Freitas (122 itens)\">Lauro de Freitas<\/a>\n<a href=\"https:\/\/www.comunicarmais.com.br\/site\/tag\/lazer\/\" class=\"tag-cloud-link tag-link-568 tag-link-position-25\" style=\"font-size: 9.2233009708738pt;\" aria-label=\"Lazer (26 itens)\">Lazer<\/a>\n<a href=\"https:\/\/www.comunicarmais.com.br\/site\/tag\/lula\/\" class=\"tag-cloud-link tag-link-416 tag-link-position-26\" style=\"font-size: 12.21359223301pt;\" aria-label=\"Lula (44 itens)\">Lula<\/a>\n<a href=\"https:\/\/www.comunicarmais.com.br\/site\/tag\/meio-ambiente\/\" class=\"tag-cloud-link tag-link-475 tag-link-position-27\" style=\"font-size: 12.21359223301pt;\" aria-label=\"Meio Ambiente (44 itens)\">Meio Ambiente<\/a>\n<a href=\"https:\/\/www.comunicarmais.com.br\/site\/tag\/mobilidade\/\" class=\"tag-cloud-link tag-link-278 tag-link-position-28\" style=\"font-size: 13.844660194175pt;\" aria-label=\"Mobilidade (58 itens)\">Mobilidade<\/a>\n<a href=\"https:\/\/www.comunicarmais.com.br\/site\/tag\/mulher\/\" class=\"tag-cloud-link tag-link-450 tag-link-position-29\" style=\"font-size: 13.300970873786pt;\" aria-label=\"mulher (53 itens)\">mulher<\/a>\n<a href=\"https:\/\/www.comunicarmais.com.br\/site\/tag\/musica-2\/\" class=\"tag-cloud-link tag-link-747 tag-link-position-30\" style=\"font-size: 12.21359223301pt;\" aria-label=\"M\u00fasica (44 itens)\">M\u00fasica<\/a>\n<a href=\"https:\/\/www.comunicarmais.com.br\/site\/tag\/pcba\/\" class=\"tag-cloud-link tag-link-1332 tag-link-position-31\" style=\"font-size: 15.067961165049pt;\" aria-label=\"PCBA (72 itens)\">PCBA<\/a>\n<a href=\"https:\/\/www.comunicarmais.com.br\/site\/tag\/pmba\/\" class=\"tag-cloud-link tag-link-53 tag-link-position-32\" style=\"font-size: 18.194174757282pt;\" aria-label=\"PMBA (122 itens)\">PMBA<\/a>\n<a href=\"https:\/\/www.comunicarmais.com.br\/site\/tag\/policia-federal\/\" class=\"tag-cloud-link tag-link-620 tag-link-position-33\" style=\"font-size: 8.9514563106796pt;\" aria-label=\"Pol\u00edcia Federal (25 itens)\">Pol\u00edcia Federal<\/a>\n<a href=\"https:\/\/www.comunicarmais.com.br\/site\/tag\/politica\/\" class=\"tag-cloud-link tag-link-495 tag-link-position-34\" style=\"font-size: 16.291262135922pt;\" aria-label=\"Pol\u00edtica (89 itens)\">Pol\u00edtica<\/a>\n<a href=\"https:\/\/www.comunicarmais.com.br\/site\/tag\/rio-de-janeiro\/\" class=\"tag-cloud-link tag-link-152 tag-link-position-35\" style=\"font-size: 9.9029126213592pt;\" aria-label=\"Rio de Janeiro (29 itens)\">Rio de Janeiro<\/a>\n<a href=\"https:\/\/www.comunicarmais.com.br\/site\/tag\/salvador\/\" class=\"tag-cloud-link tag-link-125 tag-link-position-36\" style=\"font-size: 22pt;\" aria-label=\"Salvador (233 itens)\">Salvador<\/a>\n<a href=\"https:\/\/www.comunicarmais.com.br\/site\/tag\/saude\/\" class=\"tag-cloud-link tag-link-42 tag-link-position-37\" style=\"font-size: 17.78640776699pt;\" aria-label=\"Sa\u00fade (115 itens)\">Sa\u00fade<\/a>\n<a href=\"https:\/\/www.comunicarmais.com.br\/site\/tag\/seguranca\/\" class=\"tag-cloud-link tag-link-48 tag-link-position-38\" style=\"font-size: 9.2233009708738pt;\" aria-label=\"Seguran\u00e7a (26 itens)\">Seguran\u00e7a<\/a>\n<a href=\"https:\/\/www.comunicarmais.com.br\/site\/tag\/ssp-ba\/\" class=\"tag-cloud-link tag-link-1937 tag-link-position-39\" style=\"font-size: 8.9514563106796pt;\" aria-label=\"SSP-BA (25 itens)\">SSP-BA<\/a>\n<a href=\"https:\/\/www.comunicarmais.com.br\/site\/tag\/sspba\/\" class=\"tag-cloud-link tag-link-144 tag-link-position-40\" style=\"font-size: 11.398058252427pt;\" aria-label=\"SSPBA (38 itens)\">SSPBA<\/a>\n<a href=\"https:\/\/www.comunicarmais.com.br\/site\/tag\/stf\/\" class=\"tag-cloud-link tag-link-68 tag-link-position-41\" style=\"font-size: 14.252427184466pt;\" aria-label=\"STF (62 itens)\">STF<\/a>\n<a href=\"https:\/\/www.comunicarmais.com.br\/site\/tag\/sao-paulo\/\" class=\"tag-cloud-link tag-link-612 tag-link-position-42\" style=\"font-size: 8pt;\" aria-label=\"S\u00e3o Paulo (21 itens)\">S\u00e3o Paulo<\/a>\n<a href=\"https:\/\/www.comunicarmais.com.br\/site\/tag\/transito-2\/\" class=\"tag-cloud-link tag-link-377 tag-link-position-43\" style=\"font-size: 8.2718446601942pt;\" aria-label=\"tr\u00e2nsito (22 itens)\">tr\u00e2nsito<\/a>\n<a href=\"https:\/\/www.comunicarmais.com.br\/site\/tag\/turismo\/\" class=\"tag-cloud-link tag-link-225 tag-link-position-44\" style=\"font-size: 9.631067961165pt;\" aria-label=\"Turismo (28 itens)\">Turismo<\/a>\n<a href=\"https:\/\/www.comunicarmais.com.br\/site\/tag\/uruguai\/\" class=\"tag-cloud-link tag-link-323 tag-link-position-45\" style=\"font-size: 9.631067961165pt;\" aria-label=\"Uruguai (28 itens)\">Uruguai<\/a><\/p>","protected":false},"excerpt":{"rendered":"<p>Nova estrutura amplia a capacidade do transporte rodovi\u00e1rio na capital; opera\u00e7\u00e3o come\u00e7a j\u00e1 na madrugada desta ter\u00e7a-feira (20)<\/p>\n","protected":false},"author":2,"featured_media":12540,"comment_status":"open","ping_status":"open","sticky":false,"template":"","format":"standard","meta":{"_acf_changed":false,"footnotes":""},"categories":[5],"tags":[278,1336,279,225,2103],"class_list":["post-12534","post","type-post","status-publish","format-standard","has-post-thumbnail","hentry","category-grande-salvador","tag-mobilidade","tag-onibus-2","tag-transporte","tag-turismo","tag-viagens"],"acf":[],"yoast_head":"<!-- This site is optimized with the Yoast SEO plugin v26.1.1 - https:\/\/yoast.com\/wordpress\/plugins\/seo\/ -->\n<title>Novo Terminal Rodovi\u00e1rio de Salvador \u00e9 inaugurado: \u201d\u00c9 mais um marco na mobilidade da Bahia\u201d, destaca Jer\u00f4nimo Rodrigues - Comunicar Mais<\/title>\n<meta name=\"description\" content=\"Nova estrutura amplia a capacidade do transporte rodovi\u00e1rio na capital; opera\u00e7\u00e3o come\u00e7a j\u00e1 na madrugada desta ter\u00e7a-feira (20)\" \/>\n<meta name=\"robots\" content=\"index, follow, max-snippet:-1, max-image-preview:large, max-video-preview:-1\" \/>\n<link rel=\"canonical\" href=\"https:\/\/www.comunicarmais.com.br\/site\/2026\/01\/19\/novo-terminal-rodoviario-de-salvador-e-inaugurado-e-mais-um-marco-na-mobilidade-da-bahia-destaca-jeronimo-rodrigues\/\" \/>\n<meta property=\"og:locale\" content=\"pt_BR\" \/>\n<meta property=\"og:type\" content=\"article\" \/>\n<meta property=\"og:title\" content=\"Novo Terminal Rodovi\u00e1rio de Salvador \u00e9 inaugurado: \u201d\u00c9 mais um marco na mobilidade da Bahia\u201d, destaca Jer\u00f4nimo Rodrigues - Comunicar Mais\" \/>\n<meta property=\"og:description\" content=\"Nova estrutura amplia a capacidade do transporte rodovi\u00e1rio na capital; opera\u00e7\u00e3o come\u00e7a j\u00e1 na madrugada desta ter\u00e7a-feira (20)\" \/>\n<meta property=\"og:url\" content=\"https:\/\/www.comunicarmais.com.br\/site\/2026\/01\/19\/novo-terminal-rodoviario-de-salvador-e-inaugurado-e-mais-um-marco-na-mobilidade-da-bahia-destaca-jeronimo-rodrigues\/\" \/>\n<meta property=\"og:site_name\" content=\"Comunicar Mais\" \/>\n<meta property=\"article:publisher\" content=\"https:\/\/www.facebook.com\/comunicarmais\/\" \/>\n<meta property=\"article:author\" content=\"https:\/\/www.facebook.com\/comunicarmais\/\" \/>\n<meta property=\"article:published_time\" content=\"2026-01-19T14:48:00+00:00\" \/>\n<meta property=\"article:modified_time\" content=\"2026-01-19T18:29:37+00:00\" \/>\n<meta property=\"og:image\" content=\"https:\/\/www.comunicarmais.com.br\/site\/wp-content\/uploads\/2026\/01\/WhatsApp-Image-2026-01-19-at-11.35.08.jpeg\" \/>\n\t<meta property=\"og:image:width\" content=\"1280\" \/>\n\t<meta property=\"og:image:height\" content=\"853\" \/>\n\t<meta property=\"og:image:type\" content=\"image\/jpeg\" \/>\n<meta name=\"author\" content=\"Comunicar Mais\" \/>\n<meta name=\"twitter:card\" content=\"summary_large_image\" \/>\n<meta name=\"twitter:creator\" content=\"@ComunicarmaisBA\" \/>\n<meta name=\"twitter:site\" content=\"@ComunicarmaisBA\" \/>\n<meta name=\"twitter:label1\" content=\"Escrito por\" \/>\n\t<meta name=\"twitter:data1\" content=\"Comunicar Mais\" \/>\n\t<meta name=\"twitter:label2\" content=\"Est. tempo de leitura\" \/>\n\t<meta name=\"twitter:data2\" content=\"5 minutos\" \/>\n<script type=\"application\/ld+json\" class=\"yoast-schema-graph\">{\"@context\":\"https:\/\/schema.org\",\"@graph\":[{\"@type\":\"WebPage\",\"@id\":\"https:\/\/www.comunicarmais.com.br\/site\/2026\/01\/19\/novo-terminal-rodoviario-de-salvador-e-inaugurado-e-mais-um-marco-na-mobilidade-da-bahia-destaca-jeronimo-rodrigues\/\",\"url\":\"https:\/\/www.comunicarmais.com.br\/site\/2026\/01\/19\/novo-terminal-rodoviario-de-salvador-e-inaugurado-e-mais-um-marco-na-mobilidade-da-bahia-destaca-jeronimo-rodrigues\/\",\"name\":\"Novo Terminal Rodovi\u00e1rio de Salvador \u00e9 inaugurado: \u201d\u00c9 mais um marco na mobilidade da Bahia\u201d, destaca Jer\u00f4nimo Rodrigues - Comunicar Mais\",\"isPartOf\":{\"@id\":\"https:\/\/www.comunicarmais.com.br\/site\/#website\"},\"primaryImageOfPage\":{\"@id\":\"https:\/\/www.comunicarmais.com.br\/site\/2026\/01\/19\/novo-terminal-rodoviario-de-salvador-e-inaugurado-e-mais-um-marco-na-mobilidade-da-bahia-destaca-jeronimo-rodrigues\/#primaryimage\"},\"image\":{\"@id\":\"https:\/\/www.comunicarmais.com.br\/site\/2026\/01\/19\/novo-terminal-rodoviario-de-salvador-e-inaugurado-e-mais-um-marco-na-mobilidade-da-bahia-destaca-jeronimo-rodrigues\/#primaryimage\"},\"thumbnailUrl\":\"https:\/\/www.comunicarmais.com.br\/site\/wp-content\/uploads\/2026\/01\/WhatsApp-Image-2026-01-19-at-11.35.08.jpeg\",\"datePublished\":\"2026-01-19T14:48:00+00:00\",\"dateModified\":\"2026-01-19T18:29:37+00:00\",\"author\":{\"@id\":\"https:\/\/www.comunicarmais.com.br\/site\/#\/schema\/person\/712f7b6b25b644e4a91c4173674cf284\"},\"description\":\"Nova estrutura amplia a capacidade do transporte rodovi\u00e1rio na capital; opera\u00e7\u00e3o come\u00e7a j\u00e1 na madrugada desta ter\u00e7a-feira (20)\",\"breadcrumb\":{\"@id\":\"https:\/\/www.comunicarmais.com.br\/site\/2026\/01\/19\/novo-terminal-rodoviario-de-salvador-e-inaugurado-e-mais-um-marco-na-mobilidade-da-bahia-destaca-jeronimo-rodrigues\/#breadcrumb\"},\"inLanguage\":\"pt-BR\",\"potentialAction\":[{\"@type\":\"ReadAction\",\"target\":[\"https:\/\/www.comunicarmais.com.br\/site\/2026\/01\/19\/novo-terminal-rodoviario-de-salvador-e-inaugurado-e-mais-um-marco-na-mobilidade-da-bahia-destaca-jeronimo-rodrigues\/\"]}]},{\"@type\":\"ImageObject\",\"inLanguage\":\"pt-BR\",\"@id\":\"https:\/\/www.comunicarmais.com.br\/site\/2026\/01\/19\/novo-terminal-rodoviario-de-salvador-e-inaugurado-e-mais-um-marco-na-mobilidade-da-bahia-destaca-jeronimo-rodrigues\/#primaryimage\",\"url\":\"https:\/\/www.comunicarmais.com.br\/site\/wp-content\/uploads\/2026\/01\/WhatsApp-Image-2026-01-19-at-11.35.08.jpeg\",\"contentUrl\":\"https:\/\/www.comunicarmais.com.br\/site\/wp-content\/uploads\/2026\/01\/WhatsApp-Image-2026-01-19-at-11.35.08.jpeg\",\"width\":1280,\"height\":853},{\"@type\":\"BreadcrumbList\",\"@id\":\"https:\/\/www.comunicarmais.com.br\/site\/2026\/01\/19\/novo-terminal-rodoviario-de-salvador-e-inaugurado-e-mais-um-marco-na-mobilidade-da-bahia-destaca-jeronimo-rodrigues\/#breadcrumb\",\"itemListElement\":[{\"@type\":\"ListItem\",\"position\":1,\"name\":\"In\u00edcio\",\"item\":\"https:\/\/www.comunicarmais.com.br\/site\/\"},{\"@type\":\"ListItem\",\"position\":2,\"name\":\"Novo Terminal Rodovi\u00e1rio de Salvador \u00e9 inaugurado: \u201d\u00c9 mais um marco na mobilidade da Bahia\u201d, destaca Jer\u00f4nimo Rodrigues\"}]},{\"@type\":\"WebSite\",\"@id\":\"https:\/\/www.comunicarmais.com.br\/site\/#website\",\"url\":\"https:\/\/www.comunicarmais.com.br\/site\/\",\"name\":\"Comunicar Mais\",\"description\":\"\",\"potentialAction\":[{\"@type\":\"SearchAction\",\"target\":{\"@type\":\"EntryPoint\",\"urlTemplate\":\"https:\/\/www.comunicarmais.com.br\/site\/?s={search_term_string}\"},\"query-input\":{\"@type\":\"PropertyValueSpecification\",\"valueRequired\":true,\"valueName\":\"search_term_string\"}}],\"inLanguage\":\"pt-BR\"},{\"@type\":\"Person\",\"@id\":\"https:\/\/www.comunicarmais.com.br\/site\/#\/schema\/person\/712f7b6b25b644e4a91c4173674cf284\",\"name\":\"Comunicar Mais\",\"image\":{\"@type\":\"ImageObject\",\"inLanguage\":\"pt-BR\",\"@id\":\"https:\/\/www.comunicarmais.com.br\/site\/#\/schema\/person\/image\/\",\"url\":\"https:\/\/secure.gravatar.com\/avatar\/9803218072e2c0dc265d3d787b54c2c33325e79f79732707fddfbf1efd82c678?s=96&d=mm&r=g\",\"contentUrl\":\"https:\/\/secure.gravatar.com\/avatar\/9803218072e2c0dc265d3d787b54c2c33325e79f79732707fddfbf1efd82c678?s=96&d=mm&r=g\",\"caption\":\"Comunicar Mais\"},\"description\":\"Deixe as ideologias com os ide\u00f3logos. Noticiamos fatos, n\u00e3o brigamos com eles. Aqui, voc\u00ea fica bem informado do que acontece no seu bairro e no mundo. Informar com \u00e9tica e responsabilidade s\u00e3o as bandeiras do Comunicarmais.\",\"sameAs\":[\"https:\/\/www.comunicarmais.com.br\/site\/\",\"https:\/\/www.facebook.com\/comunicarmais\/\",\"https:\/\/www.instagram.com\/comunicarmaisba\/\",\"https:\/\/x.com\/ComunicarmaisBA\"],\"url\":\"https:\/\/www.comunicarmais.com.br\/site\/author\/gerenciador\/\"}]}<\/script>\n<!-- \/ Yoast SEO plugin. -->","yoast_head_json":{"title":"Novo Terminal Rodovi\u00e1rio de Salvador \u00e9 inaugurado: \u201d\u00c9 mais um marco na mobilidade da Bahia\u201d, destaca Jer\u00f4nimo Rodrigues - Comunicar Mais","description":"Nova estrutura amplia a capacidade do transporte rodovi\u00e1rio na capital; opera\u00e7\u00e3o come\u00e7a j\u00e1 na madrugada desta ter\u00e7a-feira (20)","robots":{"index":"index","follow":"follow","max-snippet":"max-snippet:-1","max-image-preview":"max-image-preview:large","max-video-preview":"max-video-preview:-1"},"canonical":"https:\/\/www.comunicarmais.com.br\/site\/2026\/01\/19\/novo-terminal-rodoviario-de-salvador-e-inaugurado-e-mais-um-marco-na-mobilidade-da-bahia-destaca-jeronimo-rodrigues\/","og_locale":"pt_BR","og_type":"article","og_title":"Novo Terminal Rodovi\u00e1rio de Salvador \u00e9 inaugurado: \u201d\u00c9 mais um marco na mobilidade da Bahia\u201d, destaca Jer\u00f4nimo Rodrigues - Comunicar Mais","og_description":"Nova estrutura amplia a capacidade do transporte rodovi\u00e1rio na capital; opera\u00e7\u00e3o come\u00e7a j\u00e1 na madrugada desta ter\u00e7a-feira (20)","og_url":"https:\/\/www.comunicarmais.com.br\/site\/2026\/01\/19\/novo-terminal-rodoviario-de-salvador-e-inaugurado-e-mais-um-marco-na-mobilidade-da-bahia-destaca-jeronimo-rodrigues\/","og_site_name":"Comunicar Mais","article_publisher":"https:\/\/www.facebook.com\/comunicarmais\/","article_author":"https:\/\/www.facebook.com\/comunicarmais\/","article_published_time":"2026-01-19T14:48:00+00:00","article_modified_time":"2026-01-19T18:29:37+00:00","og_image":[{"width":1280,"height":853,"url":"https:\/\/www.comunicarmais.com.br\/site\/wp-content\/uploads\/2026\/01\/WhatsApp-Image-2026-01-19-at-11.35.08.jpeg","type":"image\/jpeg"}],"author":"Comunicar Mais","twitter_card":"summary_large_image","twitter_creator":"@ComunicarmaisBA","twitter_site":"@ComunicarmaisBA","twitter_misc":{"Escrito por":"Comunicar Mais","Est. tempo de leitura":"5 minutos"},"schema":{"@context":"https:\/\/schema.org","@graph":[{"@type":"WebPage","@id":"https:\/\/www.comunicarmais.com.br\/site\/2026\/01\/19\/novo-terminal-rodoviario-de-salvador-e-inaugurado-e-mais-um-marco-na-mobilidade-da-bahia-destaca-jeronimo-rodrigues\/","url":"https:\/\/www.comunicarmais.com.br\/site\/2026\/01\/19\/novo-terminal-rodoviario-de-salvador-e-inaugurado-e-mais-um-marco-na-mobilidade-da-bahia-destaca-jeronimo-rodrigues\/","name":"Novo Terminal Rodovi\u00e1rio de Salvador \u00e9 inaugurado: \u201d\u00c9 mais um marco na mobilidade da Bahia\u201d, destaca Jer\u00f4nimo Rodrigues - Comunicar Mais","isPartOf":{"@id":"https:\/\/www.comunicarmais.com.br\/site\/#website"},"primaryImageOfPage":{"@id":"https:\/\/www.comunicarmais.com.br\/site\/2026\/01\/19\/novo-terminal-rodoviario-de-salvador-e-inaugurado-e-mais-um-marco-na-mobilidade-da-bahia-destaca-jeronimo-rodrigues\/#primaryimage"},"image":{"@id":"https:\/\/www.comunicarmais.com.br\/site\/2026\/01\/19\/novo-terminal-rodoviario-de-salvador-e-inaugurado-e-mais-um-marco-na-mobilidade-da-bahia-destaca-jeronimo-rodrigues\/#primaryimage"},"thumbnailUrl":"https:\/\/www.comunicarmais.com.br\/site\/wp-content\/uploads\/2026\/01\/WhatsApp-Image-2026-01-19-at-11.35.08.jpeg","datePublished":"2026-01-19T14:48:00+00:00","dateModified":"2026-01-19T18:29:37+00:00","author":{"@id":"https:\/\/www.comunicarmais.com.br\/site\/#\/schema\/person\/712f7b6b25b644e4a91c4173674cf284"},"description":"Nova estrutura amplia a capacidade do transporte rodovi\u00e1rio na capital; opera\u00e7\u00e3o come\u00e7a j\u00e1 na madrugada desta ter\u00e7a-feira (20)","breadcrumb":{"@id":"https:\/\/www.comunicarmais.com.br\/site\/2026\/01\/19\/novo-terminal-rodoviario-de-salvador-e-inaugurado-e-mais-um-marco-na-mobilidade-da-bahia-destaca-jeronimo-rodrigues\/#breadcrumb"},"inLanguage":"pt-BR","potentialAction":[{"@type":"ReadAction","target":["https:\/\/www.comunicarmais.com.br\/site\/2026\/01\/19\/novo-terminal-rodoviario-de-salvador-e-inaugurado-e-mais-um-marco-na-mobilidade-da-bahia-destaca-jeronimo-rodrigues\/"]}]},{"@type":"ImageObject","inLanguage":"pt-BR","@id":"https:\/\/www.comunicarmais.com.br\/site\/2026\/01\/19\/novo-terminal-rodoviario-de-salvador-e-inaugurado-e-mais-um-marco-na-mobilidade-da-bahia-destaca-jeronimo-rodrigues\/#primaryimage","url":"https:\/\/www.comunicarmais.com.br\/site\/wp-content\/uploads\/2026\/01\/WhatsApp-Image-2026-01-19-at-11.35.08.jpeg","contentUrl":"https:\/\/www.comunicarmais.com.br\/site\/wp-content\/uploads\/2026\/01\/WhatsApp-Image-2026-01-19-at-11.35.08.jpeg","width":1280,"height":853},{"@type":"BreadcrumbList","@id":"https:\/\/www.comunicarmais.com.br\/site\/2026\/01\/19\/novo-terminal-rodoviario-de-salvador-e-inaugurado-e-mais-um-marco-na-mobilidade-da-bahia-destaca-jeronimo-rodrigues\/#breadcrumb","itemListElement":[{"@type":"ListItem","position":1,"name":"In\u00edcio","item":"https:\/\/www.comunicarmais.com.br\/site\/"},{"@type":"ListItem","position":2,"name":"Novo Terminal Rodovi\u00e1rio de Salvador \u00e9 inaugurado: \u201d\u00c9 mais um marco na mobilidade da Bahia\u201d, destaca Jer\u00f4nimo Rodrigues"}]},{"@type":"WebSite","@id":"https:\/\/www.comunicarmais.com.br\/site\/#website","url":"https:\/\/www.comunicarmais.com.br\/site\/","name":"Comunicar Mais","description":"","potentialAction":[{"@type":"SearchAction","target":{"@type":"EntryPoint","urlTemplate":"https:\/\/www.comunicarmais.com.br\/site\/?s={search_term_string}"},"query-input":{"@type":"PropertyValueSpecification","valueRequired":true,"valueName":"search_term_string"}}],"inLanguage":"pt-BR"},{"@type":"Person","@id":"https:\/\/www.comunicarmais.com.br\/site\/#\/schema\/person\/712f7b6b25b644e4a91c4173674cf284","name":"Comunicar Mais","image":{"@type":"ImageObject","inLanguage":"pt-BR","@id":"https:\/\/www.comunicarmais.com.br\/site\/#\/schema\/person\/image\/","url":"https:\/\/secure.gravatar.com\/avatar\/9803218072e2c0dc265d3d787b54c2c33325e79f79732707fddfbf1efd82c678?s=96&d=mm&r=g","contentUrl":"https:\/\/secure.gravatar.com\/avatar\/9803218072e2c0dc265d3d787b54c2c33325e79f79732707fddfbf1efd82c678?s=96&d=mm&r=g","caption":"Comunicar Mais"},"description":"Deixe as ideologias com os ide\u00f3logos. Noticiamos fatos, n\u00e3o brigamos com eles. Aqui, voc\u00ea fica bem informado do que acontece no seu bairro e no mundo. Informar com \u00e9tica e responsabilidade s\u00e3o as bandeiras do Comunicarmais.","sameAs":["https:\/\/www.comunicarmais.com.br\/site\/","https:\/\/www.facebook.com\/comunicarmais\/","https:\/\/www.instagram.com\/comunicarmaisba\/","https:\/\/x.com\/ComunicarmaisBA"],"url":"https:\/\/www.comunicarmais.com.br\/site\/author\/gerenciador\/"}]}},"_links":{"self":[{"href":"https:\/\/www.comunicarmais.com.br\/site\/wp-json\/wp\/v2\/posts\/12534","targetHints":{"allow":["GET"]}}],"collection":[{"href":"https:\/\/www.comunicarmais.com.br\/site\/wp-json\/wp\/v2\/posts"}],"about":[{"href":"https:\/\/www.comunicarmais.com.br\/site\/wp-json\/wp\/v2\/types\/post"}],"author":[{"embeddable":true,"href":"https:\/\/www.comunicarmais.com.br\/site\/wp-json\/wp\/v2\/users\/2"}],"replies":[{"embeddable":true,"href":"https:\/\/www.comunicarmais.com.br\/site\/wp-json\/wp\/v2\/comments?post=12534"}],"version-history":[{"count":1,"href":"https:\/\/www.comunicarmais.com.br\/site\/wp-json\/wp\/v2\/posts\/12534\/revisions"}],"predecessor-version":[{"id":12542,"href":"https:\/\/www.comunicarmais.com.br\/site\/wp-json\/wp\/v2\/posts\/12534\/revisions\/12542"}],"wp:featuredmedia":[{"embeddable":true,"href":"https:\/\/www.comunicarmais.com.br\/site\/wp-json\/wp\/v2\/media\/12540"}],"wp:attachment":[{"href":"https:\/\/www.comunicarmais.com.br\/site\/wp-json\/wp\/v2\/media?parent=12534"}],"wp:term":[{"taxonomy":"category","embeddable":true,"href":"https:\/\/www.comunicarmais.com.br\/site\/wp-json\/wp\/v2\/categories?post=12534"},{"taxonomy":"post_tag","embeddable":true,"href":"https:\/\/www.comunicarmais.com.br\/site\/wp-json\/wp\/v2\/tags?post=12534"}],"curies":[{"name":"wp","href":"https:\/\/api.w.org\/{rel}","templated":true}]}}