{"id":12448,"date":"2026-01-16T13:05:00","date_gmt":"2026-01-16T16:05:00","guid":{"rendered":"https:\/\/www.comunicarmais.com.br\/site\/?p=12448"},"modified":"2026-01-17T00:20:22","modified_gmt":"2026-01-17T03:20:22","slug":"criminoso-envolvido-na-morte-do-capitao-da-pmba-estava-preso-e-foi-solto-por-decisao-judicial","status":"publish","type":"post","link":"https:\/\/www.comunicarmais.com.br\/site\/2026\/01\/16\/criminoso-envolvido-na-morte-do-capitao-da-pmba-estava-preso-e-foi-solto-por-decisao-judicial\/","title":{"rendered":"Homem envolvido na morte de capit\u00e3o da PMBA estava preso e foi solto por decis\u00e3o judicial"},"content":{"rendered":"\n<p><strong>Indiv\u00edduo integrava uma fac\u00e7\u00e3o envolvida com tr\u00e1ficos de drogas e armas, homic\u00eddios, lavagem de dinheiro, roubo e corrup\u00e7\u00e3o de menores<\/strong><\/p>\n\n\n\n<figure class=\"wp-block-image size-full\"><img decoding=\"async\" width=\"1358\" height=\"735\" data-src=\"https:\/\/www.comunicarmais.com.br\/site\/wp-content\/uploads\/2026\/01\/salomao-horz.jpg\" alt=\"\" class=\"wp-image-12450 lazyload\" data-srcset=\"https:\/\/www.comunicarmais.com.br\/site\/wp-content\/uploads\/2026\/01\/salomao-horz.jpg 1358w, https:\/\/www.comunicarmais.com.br\/site\/wp-content\/uploads\/2026\/01\/salomao-horz-1024x554.jpg 1024w, https:\/\/www.comunicarmais.com.br\/site\/wp-content\/uploads\/2026\/01\/salomao-horz-768x416.jpg 768w\" data-sizes=\"(max-width: 1358px) 100vw, 1358px\" src=\"data:image\/svg+xml;base64,PHN2ZyB3aWR0aD0iMSIgaGVpZ2h0PSIxIiB4bWxucz0iaHR0cDovL3d3dy53My5vcmcvMjAwMC9zdmciPjwvc3ZnPg==\" style=\"--smush-placeholder-width: 1358px; --smush-placeholder-aspect-ratio: 1358\/735;\" \/><figcaption class=\"wp-element-caption\"><em><sup>(Fotos: reprodu\u00e7\u00e3o)<\/sup><\/em><\/figcaption><\/figure>\n\n\n\n<p><strong>Reda\u00e7\u00e3o Mais &#8211;<\/strong> O criminoso que morreu durante troca de tiros com o capit\u00e3o Osniesio Pereira Salom\u00e3o, na noite de quinta-feira (15), estava no Conjunto Penal de Lauro de Freitas e foi colocado em regime aberto ap\u00f3s decis\u00e3o judicial.<\/p>\n\n\n\n<p>Vitor Souza da Silva integrava uma fac\u00e7\u00e3o envolvida com tr\u00e1ficos de drogas e armas, homic\u00eddios, lavagem de dinheiro, roubo e corrup\u00e7\u00e3o de menores.<\/p>\n\n\n\n<figure class=\"wp-block-embed is-type-rich is-provider-twitter wp-block-embed-twitter\"><div class=\"wp-block-embed__wrapper\">\n<blockquote class=\"twitter-tweet\" data-width=\"500\" data-dnt=\"true\"><p lang=\"pt\" dir=\"ltr\">O criminoso envolvido na morte do capit\u00e3o da PMBA Salom\u00e3o, na quinta-feira (15) em Salvador, estava no pres\u00eddio e foi colocado em regime aberto por decis\u00e3o judicial. <br><br>O Indiv\u00edduo integrava uma fac\u00e7\u00e3o envolvida com tr\u00e1ficos de drogas e armas, homic\u00eddios, lavagem de dinheiro. <a href=\"https:\/\/t.co\/jrv7ue1K7Q\">pic.twitter.com\/jrv7ue1K7Q<\/a><\/p>&mdash; Comunicarmais (@ComunicarmaisBA) <a href=\"https:\/\/twitter.com\/ComunicarmaisBA\/status\/2012186486519869585?ref_src=twsrc%5Etfw\">January 16, 2026<\/a><\/blockquote><script async src=\"https:\/\/platform.twitter.com\/widgets.js\" charset=\"utf-8\"><\/script>\n<\/div><\/figure>\n\n\n\n<p><strong>Pol\u00edcia Civil integra Departamentos Operativos para solucionar crimes da Cal\u00e7ada e Contorno<\/strong><\/p>\n\n\n\n<p>A Pol\u00edcia Civil est\u00e1 intensificando todas as a\u00e7\u00f5es com foco nas investiga\u00e7\u00f5es e responsabiliza\u00e7\u00e3o dos autores dos crimes ocorridos no centro de Salvador, na quinta-feira (15). Equipes do Departamento de Homic\u00eddios e Prote\u00e7\u00e3o \u00e0 Pessoa (DHPP), com o apoio dos demais departamentos, seguem apurando o homic\u00eddio de Joilson Santana de Souza, de 30 anos, ocorrido na Avenida Jequitaia, na Cal\u00e7ada, e as tentativas contra mais sete pessoas que ficaram feridas.<\/p>\n\n\n\n<p>As investiga\u00e7\u00f5es em campo e as atividades de intelig\u00eancia policial acontecem de forma integrada, tamb\u00e9m com o objetivo da elucida\u00e7\u00e3o do crime e responsabiliza\u00e7\u00e3o do segundo autor da morte do capit\u00e3o da Pol\u00edcia Militar, Osni\u00e9sio Pereira Salom\u00e3o, 37 anos, atingido por disparos de arma de fogo, durante uma tentava de assalto na Avenida Lafayete Coutinho (Contorno).<\/p>\n\n\n\n<p>O delegado-geral Andr\u00e9 Viana, a delegada-geral adjunta M\u00e1rcia Pereira e o delegado-geral adjunto de Opera\u00e7\u00f5es Jorge Figueiredo, realizam uma reuni\u00e3o com todos os diretores de Departamentos Operacionais da Pol\u00edcia Civil, na sede da Institui\u00e7\u00e3o, na Piedade, na manh\u00e3 desta sexta-feira (16).<\/p>\n\n\n\n<p>O delegado-geral Andr\u00e9 Viana j\u00e1 determinou que todas as opera\u00e7\u00f5es contra grupos criminosos em Salvador e demais regi\u00f5es do estado sejam intensificadas. \u201cVamos intensificar com toda energia e acelerar ainda mais todas as a\u00e7\u00f5es de combate ao crime organizado e contra todas as pessoas envolvidas com crimes violentos letais intencionais, bem como o tr\u00e1fico de drogas e crimes contra o patrim\u00f4nio. N\u00e3o haver\u00e1 tr\u00e9gua\u201d, afirmou.<\/p>\n\n\n\n<p>A\u00e7\u00f5es de intelig\u00eancia foram intensificadas para localizar outro criminoso envolvido na morte do oficial da PM. Informa\u00e7\u00f5es sobre o comparsa de Vitor podem ser enviadas, com total sigilo, atrav\u00e9s do telefone 181 (Disque Den\u00fancia) da SSP. O anonimato \u00e9 garantido por lei.<\/p>\n\n\n\n<p>________________________________________________________________________________________________________________<\/p>\n\n\n<p class=\"wp-block-tag-cloud\"><a href=\"https:\/\/www.comunicarmais.com.br\/site\/tag\/bahia\/\" class=\"tag-cloud-link tag-link-171 tag-link-position-1\" style=\"font-size: 17.826923076923pt;\" aria-label=\"Bahia (116 itens)\">Bahia<\/a>\n<a href=\"https:\/\/www.comunicarmais.com.br\/site\/tag\/bolsonaro\/\" class=\"tag-cloud-link tag-link-112 tag-link-position-2\" style=\"font-size: 11.5pt;\" aria-label=\"Bolsonaro (39 itens)\">Bolsonaro<\/a>\n<a href=\"https:\/\/www.comunicarmais.com.br\/site\/tag\/brasil\/\" class=\"tag-cloud-link tag-link-335 tag-link-position-3\" style=\"font-size: 12.980769230769pt;\" aria-label=\"Brasil (50 itens)\">Brasil<\/a>\n<a href=\"https:\/\/www.comunicarmais.com.br\/site\/tag\/camacari\/\" class=\"tag-cloud-link tag-link-435 tag-link-position-4\" style=\"font-size: 8.8076923076923pt;\" aria-label=\"Cama\u00e7ari (24 itens)\">Cama\u00e7ari<\/a>\n<a href=\"https:\/\/www.comunicarmais.com.br\/site\/tag\/carnaval\/\" class=\"tag-cloud-link tag-link-508 tag-link-position-5\" style=\"font-size: 12.846153846154pt;\" aria-label=\"Carnaval (49 itens)\">Carnaval<\/a>\n<a href=\"https:\/\/www.comunicarmais.com.br\/site\/tag\/cbx\/\" class=\"tag-cloud-link tag-link-1602 tag-link-position-6\" style=\"font-size: 11.365384615385pt;\" aria-label=\"CBX (38 itens)\">CBX<\/a>\n<a href=\"https:\/\/www.comunicarmais.com.br\/site\/tag\/cidade-baixa\/\" class=\"tag-cloud-link tag-link-456 tag-link-position-7\" style=\"font-size: 9.8846153846154pt;\" aria-label=\"Cidade Baixa (29 itens)\">Cidade Baixa<\/a>\n<a href=\"https:\/\/www.comunicarmais.com.br\/site\/tag\/cinema\/\" class=\"tag-cloud-link tag-link-985 tag-link-position-8\" style=\"font-size: 11.096153846154pt;\" aria-label=\"Cinema (36 itens)\">Cinema<\/a>\n<a href=\"https:\/\/www.comunicarmais.com.br\/site\/tag\/cultura\/\" class=\"tag-cloud-link tag-link-231 tag-link-position-9\" style=\"font-size: 12.307692307692pt;\" aria-label=\"Cultura (45 itens)\">Cultura<\/a>\n<a href=\"https:\/\/www.comunicarmais.com.br\/site\/tag\/drogas\/\" class=\"tag-cloud-link tag-link-165 tag-link-position-10\" style=\"font-size: 12.711538461538pt;\" aria-label=\"Drogas (48 itens)\">Drogas<\/a>\n<a href=\"https:\/\/www.comunicarmais.com.br\/site\/tag\/educacao\/\" class=\"tag-cloud-link tag-link-228 tag-link-position-11\" style=\"font-size: 12.576923076923pt;\" aria-label=\"Educa\u00e7\u00e3o (47 itens)\">Educa\u00e7\u00e3o<\/a>\n<a href=\"https:\/\/www.comunicarmais.com.br\/site\/tag\/ensino\/\" class=\"tag-cloud-link tag-link-233 tag-link-position-12\" style=\"font-size: 10.423076923077pt;\" aria-label=\"Ensino (32 itens)\">Ensino<\/a>\n<a href=\"https:\/\/www.comunicarmais.com.br\/site\/tag\/escola\/\" class=\"tag-cloud-link tag-link-229 tag-link-position-13\" style=\"font-size: 9.6153846153846pt;\" aria-label=\"Escola (28 itens)\">Escola<\/a>\n<a href=\"https:\/\/www.comunicarmais.com.br\/site\/tag\/eua\/\" class=\"tag-cloud-link tag-link-664 tag-link-position-14\" style=\"font-size: 12.038461538462pt;\" aria-label=\"EUA (43 itens)\">EUA<\/a>\n<a href=\"https:\/\/www.comunicarmais.com.br\/site\/tag\/feira-de-santana\/\" class=\"tag-cloud-link tag-link-642 tag-link-position-15\" style=\"font-size: 9.2115384615385pt;\" aria-label=\"Feira de Santana (26 itens)\">Feira de Santana<\/a>\n<a href=\"https:\/\/www.comunicarmais.com.br\/site\/tag\/ficco\/\" class=\"tag-cloud-link tag-link-143 tag-link-position-16\" style=\"font-size: 9.2115384615385pt;\" aria-label=\"Ficco (26 itens)\">Ficco<\/a>\n<a href=\"https:\/\/www.comunicarmais.com.br\/site\/tag\/folia\/\" class=\"tag-cloud-link tag-link-566 tag-link-position-17\" style=\"font-size: 9.2115384615385pt;\" aria-label=\"Folia (26 itens)\">Folia<\/a>\n<a href=\"https:\/\/www.comunicarmais.com.br\/site\/tag\/futebol\/\" class=\"tag-cloud-link tag-link-40 tag-link-position-18\" style=\"font-size: 12.980769230769pt;\" aria-label=\"Futebol (50 itens)\">Futebol<\/a>\n<a href=\"https:\/\/www.comunicarmais.com.br\/site\/tag\/homicidio\/\" class=\"tag-cloud-link tag-link-101 tag-link-position-19\" style=\"font-size: 10.692307692308pt;\" aria-label=\"Homic\u00eddio (34 itens)\">Homic\u00eddio<\/a>\n<a href=\"https:\/\/www.comunicarmais.com.br\/site\/tag\/itapagipe\/\" class=\"tag-cloud-link tag-link-471 tag-link-position-20\" style=\"font-size: 10.019230769231pt;\" aria-label=\"Itapagipe (30 itens)\">Itapagipe<\/a>\n<a href=\"https:\/\/www.comunicarmais.com.br\/site\/tag\/itaparica\/\" class=\"tag-cloud-link tag-link-301 tag-link-position-21\" style=\"font-size: 8pt;\" aria-label=\"Itaparica (21 itens)\">Itaparica<\/a>\n<a href=\"https:\/\/www.comunicarmais.com.br\/site\/tag\/jeronimo-rodrigues\/\" class=\"tag-cloud-link tag-link-668 tag-link-position-22\" style=\"font-size: 8.2692307692308pt;\" aria-label=\"Jer\u00f4nimo Rodrigues (22 itens)\">Jer\u00f4nimo Rodrigues<\/a>\n<a href=\"https:\/\/www.comunicarmais.com.br\/site\/tag\/justica\/\" class=\"tag-cloud-link tag-link-361 tag-link-position-23\" style=\"font-size: 10.557692307692pt;\" aria-label=\"Justi\u00e7a (33 itens)\">Justi\u00e7a<\/a>\n<a href=\"https:\/\/www.comunicarmais.com.br\/site\/tag\/lauro-de-freitas\/\" class=\"tag-cloud-link tag-link-594 tag-link-position-24\" style=\"font-size: 18.096153846154pt;\" aria-label=\"Lauro de Freitas (123 itens)\">Lauro de Freitas<\/a>\n<a href=\"https:\/\/www.comunicarmais.com.br\/site\/tag\/lazer\/\" class=\"tag-cloud-link tag-link-568 tag-link-position-25\" style=\"font-size: 9.2115384615385pt;\" aria-label=\"Lazer (26 itens)\">Lazer<\/a>\n<a href=\"https:\/\/www.comunicarmais.com.br\/site\/tag\/lula\/\" class=\"tag-cloud-link tag-link-416 tag-link-position-26\" style=\"font-size: 12.173076923077pt;\" aria-label=\"Lula (44 itens)\">Lula<\/a>\n<a href=\"https:\/\/www.comunicarmais.com.br\/site\/tag\/meio-ambiente\/\" class=\"tag-cloud-link tag-link-475 tag-link-position-27\" style=\"font-size: 12.173076923077pt;\" aria-label=\"Meio Ambiente (44 itens)\">Meio Ambiente<\/a>\n<a href=\"https:\/\/www.comunicarmais.com.br\/site\/tag\/mobilidade\/\" class=\"tag-cloud-link tag-link-278 tag-link-position-28\" style=\"font-size: 13.788461538462pt;\" aria-label=\"Mobilidade (58 itens)\">Mobilidade<\/a>\n<a href=\"https:\/\/www.comunicarmais.com.br\/site\/tag\/mulher\/\" class=\"tag-cloud-link tag-link-450 tag-link-position-29\" style=\"font-size: 13.25pt;\" aria-label=\"mulher (53 itens)\">mulher<\/a>\n<a href=\"https:\/\/www.comunicarmais.com.br\/site\/tag\/musica-2\/\" class=\"tag-cloud-link tag-link-747 tag-link-position-30\" style=\"font-size: 12.173076923077pt;\" aria-label=\"M\u00fasica (44 itens)\">M\u00fasica<\/a>\n<a href=\"https:\/\/www.comunicarmais.com.br\/site\/tag\/pcba\/\" class=\"tag-cloud-link tag-link-1332 tag-link-position-31\" style=\"font-size: 15pt;\" aria-label=\"PCBA (72 itens)\">PCBA<\/a>\n<a href=\"https:\/\/www.comunicarmais.com.br\/site\/tag\/pmba\/\" class=\"tag-cloud-link tag-link-53 tag-link-position-32\" style=\"font-size: 18.096153846154pt;\" aria-label=\"PMBA (123 itens)\">PMBA<\/a>\n<a href=\"https:\/\/www.comunicarmais.com.br\/site\/tag\/policia-federal\/\" class=\"tag-cloud-link tag-link-620 tag-link-position-33\" style=\"font-size: 8.9423076923077pt;\" aria-label=\"Pol\u00edcia Federal (25 itens)\">Pol\u00edcia Federal<\/a>\n<a href=\"https:\/\/www.comunicarmais.com.br\/site\/tag\/politica\/\" class=\"tag-cloud-link tag-link-495 tag-link-position-34\" style=\"font-size: 16.211538461538pt;\" aria-label=\"Pol\u00edtica (89 itens)\">Pol\u00edtica<\/a>\n<a href=\"https:\/\/www.comunicarmais.com.br\/site\/tag\/rio-de-janeiro\/\" class=\"tag-cloud-link tag-link-152 tag-link-position-35\" style=\"font-size: 9.8846153846154pt;\" aria-label=\"Rio de Janeiro (29 itens)\">Rio de Janeiro<\/a>\n<a href=\"https:\/\/www.comunicarmais.com.br\/site\/tag\/salvador\/\" class=\"tag-cloud-link tag-link-125 tag-link-position-36\" style=\"font-size: 22pt;\" aria-label=\"Salvador (237 itens)\">Salvador<\/a>\n<a href=\"https:\/\/www.comunicarmais.com.br\/site\/tag\/saude\/\" class=\"tag-cloud-link tag-link-42 tag-link-position-37\" style=\"font-size: 17.826923076923pt;\" aria-label=\"Sa\u00fade (117 itens)\">Sa\u00fade<\/a>\n<a href=\"https:\/\/www.comunicarmais.com.br\/site\/tag\/seguranca\/\" class=\"tag-cloud-link tag-link-48 tag-link-position-38\" style=\"font-size: 9.2115384615385pt;\" aria-label=\"Seguran\u00e7a (26 itens)\">Seguran\u00e7a<\/a>\n<a href=\"https:\/\/www.comunicarmais.com.br\/site\/tag\/ssp-ba\/\" class=\"tag-cloud-link tag-link-1937 tag-link-position-39\" style=\"font-size: 8.9423076923077pt;\" aria-label=\"SSP-BA (25 itens)\">SSP-BA<\/a>\n<a href=\"https:\/\/www.comunicarmais.com.br\/site\/tag\/sspba\/\" class=\"tag-cloud-link tag-link-144 tag-link-position-40\" style=\"font-size: 11.365384615385pt;\" aria-label=\"SSPBA (38 itens)\">SSPBA<\/a>\n<a href=\"https:\/\/www.comunicarmais.com.br\/site\/tag\/stf\/\" class=\"tag-cloud-link tag-link-68 tag-link-position-41\" style=\"font-size: 14.192307692308pt;\" aria-label=\"STF (62 itens)\">STF<\/a>\n<a href=\"https:\/\/www.comunicarmais.com.br\/site\/tag\/sao-paulo\/\" class=\"tag-cloud-link tag-link-612 tag-link-position-42\" style=\"font-size: 8pt;\" aria-label=\"S\u00e3o Paulo (21 itens)\">S\u00e3o Paulo<\/a>\n<a href=\"https:\/\/www.comunicarmais.com.br\/site\/tag\/transito-2\/\" class=\"tag-cloud-link tag-link-377 tag-link-position-43\" style=\"font-size: 8.2692307692308pt;\" aria-label=\"tr\u00e2nsito (22 itens)\">tr\u00e2nsito<\/a>\n<a href=\"https:\/\/www.comunicarmais.com.br\/site\/tag\/turismo\/\" class=\"tag-cloud-link tag-link-225 tag-link-position-44\" style=\"font-size: 9.8846153846154pt;\" aria-label=\"Turismo (29 itens)\">Turismo<\/a>\n<a href=\"https:\/\/www.comunicarmais.com.br\/site\/tag\/uruguai\/\" class=\"tag-cloud-link tag-link-323 tag-link-position-45\" style=\"font-size: 9.6153846153846pt;\" aria-label=\"Uruguai (28 itens)\">Uruguai<\/a><\/p>","protected":false},"excerpt":{"rendered":"<p>Indiv\u00edduo integrava uma fac\u00e7\u00e3o envolvida com tr\u00e1ficos de drogas e armas, homic\u00eddios, lavagem de dinheiro, roubo e corrup\u00e7\u00e3o de menores<\/p>\n","protected":false},"author":2,"featured_media":12450,"comment_status":"open","ping_status":"open","sticky":false,"template":"","format":"standard","meta":{"_acf_changed":false,"footnotes":""},"categories":[50],"tags":[3312,372,1332,53],"class_list":["post-12448","post","type-post","status-publish","format-standard","has-post-thumbnail","hentry","category-seguranca","tag-avenida-contorno","tag-lavagem-do-bonfim","tag-pcba","tag-pmba"],"acf":[],"yoast_head":"<!-- This site is optimized with the Yoast SEO plugin v26.1.1 - https:\/\/yoast.com\/wordpress\/plugins\/seo\/ -->\n<title>Homem envolvido na morte de capit\u00e3o da PMBA estava preso e foi solto por decis\u00e3o judicial - Comunicar Mais<\/title>\n<meta name=\"description\" content=\"Indiv\u00edduo integrava uma fac\u00e7\u00e3o envolvida com tr\u00e1ficos de drogas e armas, homic\u00eddios, lavagem de dinheiro, roubo e corrup\u00e7\u00e3o de menores\" \/>\n<meta name=\"robots\" content=\"index, follow, max-snippet:-1, max-image-preview:large, max-video-preview:-1\" \/>\n<link rel=\"canonical\" href=\"https:\/\/www.comunicarmais.com.br\/site\/2026\/01\/16\/criminoso-envolvido-na-morte-do-capitao-da-pmba-estava-preso-e-foi-solto-por-decisao-judicial\/\" \/>\n<meta property=\"og:locale\" content=\"pt_BR\" \/>\n<meta property=\"og:type\" content=\"article\" \/>\n<meta property=\"og:title\" content=\"Homem envolvido na morte de capit\u00e3o da PMBA estava preso e foi solto por decis\u00e3o judicial - Comunicar Mais\" \/>\n<meta property=\"og:description\" content=\"Indiv\u00edduo integrava uma fac\u00e7\u00e3o envolvida com tr\u00e1ficos de drogas e armas, homic\u00eddios, lavagem de dinheiro, roubo e corrup\u00e7\u00e3o de menores\" \/>\n<meta property=\"og:url\" content=\"https:\/\/www.comunicarmais.com.br\/site\/2026\/01\/16\/criminoso-envolvido-na-morte-do-capitao-da-pmba-estava-preso-e-foi-solto-por-decisao-judicial\/\" \/>\n<meta property=\"og:site_name\" content=\"Comunicar Mais\" \/>\n<meta property=\"article:publisher\" content=\"https:\/\/www.facebook.com\/comunicarmais\/\" \/>\n<meta property=\"article:author\" content=\"https:\/\/www.facebook.com\/comunicarmais\/\" \/>\n<meta property=\"article:published_time\" content=\"2026-01-16T16:05:00+00:00\" \/>\n<meta property=\"article:modified_time\" content=\"2026-01-17T03:20:22+00:00\" \/>\n<meta property=\"og:image\" content=\"https:\/\/www.comunicarmais.com.br\/site\/wp-content\/uploads\/2026\/01\/salomao-horz.jpg\" \/>\n\t<meta property=\"og:image:width\" content=\"1358\" \/>\n\t<meta property=\"og:image:height\" content=\"735\" \/>\n\t<meta property=\"og:image:type\" content=\"image\/jpeg\" \/>\n<meta name=\"author\" content=\"Comunicar Mais\" \/>\n<meta name=\"twitter:card\" content=\"summary_large_image\" \/>\n<meta name=\"twitter:creator\" content=\"@ComunicarmaisBA\" \/>\n<meta name=\"twitter:site\" content=\"@ComunicarmaisBA\" \/>\n<meta name=\"twitter:label1\" content=\"Escrito por\" \/>\n\t<meta name=\"twitter:data1\" content=\"Comunicar Mais\" \/>\n\t<meta name=\"twitter:label2\" content=\"Est. tempo de leitura\" \/>\n\t<meta name=\"twitter:data2\" content=\"3 minutos\" \/>\n<script type=\"application\/ld+json\" class=\"yoast-schema-graph\">{\"@context\":\"https:\/\/schema.org\",\"@graph\":[{\"@type\":\"WebPage\",\"@id\":\"https:\/\/www.comunicarmais.com.br\/site\/2026\/01\/16\/criminoso-envolvido-na-morte-do-capitao-da-pmba-estava-preso-e-foi-solto-por-decisao-judicial\/\",\"url\":\"https:\/\/www.comunicarmais.com.br\/site\/2026\/01\/16\/criminoso-envolvido-na-morte-do-capitao-da-pmba-estava-preso-e-foi-solto-por-decisao-judicial\/\",\"name\":\"Homem envolvido na morte de capit\u00e3o da PMBA estava preso e foi solto por decis\u00e3o judicial - Comunicar Mais\",\"isPartOf\":{\"@id\":\"https:\/\/www.comunicarmais.com.br\/site\/#website\"},\"primaryImageOfPage\":{\"@id\":\"https:\/\/www.comunicarmais.com.br\/site\/2026\/01\/16\/criminoso-envolvido-na-morte-do-capitao-da-pmba-estava-preso-e-foi-solto-por-decisao-judicial\/#primaryimage\"},\"image\":{\"@id\":\"https:\/\/www.comunicarmais.com.br\/site\/2026\/01\/16\/criminoso-envolvido-na-morte-do-capitao-da-pmba-estava-preso-e-foi-solto-por-decisao-judicial\/#primaryimage\"},\"thumbnailUrl\":\"https:\/\/www.comunicarmais.com.br\/site\/wp-content\/uploads\/2026\/01\/salomao-horz.jpg\",\"datePublished\":\"2026-01-16T16:05:00+00:00\",\"dateModified\":\"2026-01-17T03:20:22+00:00\",\"author\":{\"@id\":\"https:\/\/www.comunicarmais.com.br\/site\/#\/schema\/person\/712f7b6b25b644e4a91c4173674cf284\"},\"description\":\"Indiv\u00edduo integrava uma fac\u00e7\u00e3o envolvida com tr\u00e1ficos de drogas e armas, homic\u00eddios, lavagem de dinheiro, roubo e corrup\u00e7\u00e3o de menores\",\"breadcrumb\":{\"@id\":\"https:\/\/www.comunicarmais.com.br\/site\/2026\/01\/16\/criminoso-envolvido-na-morte-do-capitao-da-pmba-estava-preso-e-foi-solto-por-decisao-judicial\/#breadcrumb\"},\"inLanguage\":\"pt-BR\",\"potentialAction\":[{\"@type\":\"ReadAction\",\"target\":[\"https:\/\/www.comunicarmais.com.br\/site\/2026\/01\/16\/criminoso-envolvido-na-morte-do-capitao-da-pmba-estava-preso-e-foi-solto-por-decisao-judicial\/\"]}]},{\"@type\":\"ImageObject\",\"inLanguage\":\"pt-BR\",\"@id\":\"https:\/\/www.comunicarmais.com.br\/site\/2026\/01\/16\/criminoso-envolvido-na-morte-do-capitao-da-pmba-estava-preso-e-foi-solto-por-decisao-judicial\/#primaryimage\",\"url\":\"https:\/\/www.comunicarmais.com.br\/site\/wp-content\/uploads\/2026\/01\/salomao-horz.jpg\",\"contentUrl\":\"https:\/\/www.comunicarmais.com.br\/site\/wp-content\/uploads\/2026\/01\/salomao-horz.jpg\",\"width\":1358,\"height\":735},{\"@type\":\"BreadcrumbList\",\"@id\":\"https:\/\/www.comunicarmais.com.br\/site\/2026\/01\/16\/criminoso-envolvido-na-morte-do-capitao-da-pmba-estava-preso-e-foi-solto-por-decisao-judicial\/#breadcrumb\",\"itemListElement\":[{\"@type\":\"ListItem\",\"position\":1,\"name\":\"In\u00edcio\",\"item\":\"https:\/\/www.comunicarmais.com.br\/site\/\"},{\"@type\":\"ListItem\",\"position\":2,\"name\":\"Homem envolvido na morte de capit\u00e3o da PMBA estava preso e foi solto por decis\u00e3o judicial\"}]},{\"@type\":\"WebSite\",\"@id\":\"https:\/\/www.comunicarmais.com.br\/site\/#website\",\"url\":\"https:\/\/www.comunicarmais.com.br\/site\/\",\"name\":\"Comunicar Mais\",\"description\":\"\",\"potentialAction\":[{\"@type\":\"SearchAction\",\"target\":{\"@type\":\"EntryPoint\",\"urlTemplate\":\"https:\/\/www.comunicarmais.com.br\/site\/?s={search_term_string}\"},\"query-input\":{\"@type\":\"PropertyValueSpecification\",\"valueRequired\":true,\"valueName\":\"search_term_string\"}}],\"inLanguage\":\"pt-BR\"},{\"@type\":\"Person\",\"@id\":\"https:\/\/www.comunicarmais.com.br\/site\/#\/schema\/person\/712f7b6b25b644e4a91c4173674cf284\",\"name\":\"Comunicar Mais\",\"image\":{\"@type\":\"ImageObject\",\"inLanguage\":\"pt-BR\",\"@id\":\"https:\/\/www.comunicarmais.com.br\/site\/#\/schema\/person\/image\/\",\"url\":\"https:\/\/secure.gravatar.com\/avatar\/9803218072e2c0dc265d3d787b54c2c33325e79f79732707fddfbf1efd82c678?s=96&d=mm&r=g\",\"contentUrl\":\"https:\/\/secure.gravatar.com\/avatar\/9803218072e2c0dc265d3d787b54c2c33325e79f79732707fddfbf1efd82c678?s=96&d=mm&r=g\",\"caption\":\"Comunicar Mais\"},\"description\":\"Deixe as ideologias com os ide\u00f3logos. Noticiamos fatos, n\u00e3o brigamos com eles. Aqui, voc\u00ea fica bem informado do que acontece no seu bairro e no mundo. Informar com \u00e9tica e responsabilidade s\u00e3o as bandeiras do Comunicarmais.\",\"sameAs\":[\"https:\/\/www.comunicarmais.com.br\/site\/\",\"https:\/\/www.facebook.com\/comunicarmais\/\",\"https:\/\/www.instagram.com\/comunicarmaisba\/\",\"https:\/\/x.com\/ComunicarmaisBA\"],\"url\":\"https:\/\/www.comunicarmais.com.br\/site\/author\/gerenciador\/\"}]}<\/script>\n<!-- \/ Yoast SEO plugin. -->","yoast_head_json":{"title":"Homem envolvido na morte de capit\u00e3o da PMBA estava preso e foi solto por decis\u00e3o judicial - Comunicar Mais","description":"Indiv\u00edduo integrava uma fac\u00e7\u00e3o envolvida com tr\u00e1ficos de drogas e armas, homic\u00eddios, lavagem de dinheiro, roubo e corrup\u00e7\u00e3o de menores","robots":{"index":"index","follow":"follow","max-snippet":"max-snippet:-1","max-image-preview":"max-image-preview:large","max-video-preview":"max-video-preview:-1"},"canonical":"https:\/\/www.comunicarmais.com.br\/site\/2026\/01\/16\/criminoso-envolvido-na-morte-do-capitao-da-pmba-estava-preso-e-foi-solto-por-decisao-judicial\/","og_locale":"pt_BR","og_type":"article","og_title":"Homem envolvido na morte de capit\u00e3o da PMBA estava preso e foi solto por decis\u00e3o judicial - Comunicar Mais","og_description":"Indiv\u00edduo integrava uma fac\u00e7\u00e3o envolvida com tr\u00e1ficos de drogas e armas, homic\u00eddios, lavagem de dinheiro, roubo e corrup\u00e7\u00e3o de menores","og_url":"https:\/\/www.comunicarmais.com.br\/site\/2026\/01\/16\/criminoso-envolvido-na-morte-do-capitao-da-pmba-estava-preso-e-foi-solto-por-decisao-judicial\/","og_site_name":"Comunicar Mais","article_publisher":"https:\/\/www.facebook.com\/comunicarmais\/","article_author":"https:\/\/www.facebook.com\/comunicarmais\/","article_published_time":"2026-01-16T16:05:00+00:00","article_modified_time":"2026-01-17T03:20:22+00:00","og_image":[{"width":1358,"height":735,"url":"https:\/\/www.comunicarmais.com.br\/site\/wp-content\/uploads\/2026\/01\/salomao-horz.jpg","type":"image\/jpeg"}],"author":"Comunicar Mais","twitter_card":"summary_large_image","twitter_creator":"@ComunicarmaisBA","twitter_site":"@ComunicarmaisBA","twitter_misc":{"Escrito por":"Comunicar Mais","Est. tempo de leitura":"3 minutos"},"schema":{"@context":"https:\/\/schema.org","@graph":[{"@type":"WebPage","@id":"https:\/\/www.comunicarmais.com.br\/site\/2026\/01\/16\/criminoso-envolvido-na-morte-do-capitao-da-pmba-estava-preso-e-foi-solto-por-decisao-judicial\/","url":"https:\/\/www.comunicarmais.com.br\/site\/2026\/01\/16\/criminoso-envolvido-na-morte-do-capitao-da-pmba-estava-preso-e-foi-solto-por-decisao-judicial\/","name":"Homem envolvido na morte de capit\u00e3o da PMBA estava preso e foi solto por decis\u00e3o judicial - Comunicar Mais","isPartOf":{"@id":"https:\/\/www.comunicarmais.com.br\/site\/#website"},"primaryImageOfPage":{"@id":"https:\/\/www.comunicarmais.com.br\/site\/2026\/01\/16\/criminoso-envolvido-na-morte-do-capitao-da-pmba-estava-preso-e-foi-solto-por-decisao-judicial\/#primaryimage"},"image":{"@id":"https:\/\/www.comunicarmais.com.br\/site\/2026\/01\/16\/criminoso-envolvido-na-morte-do-capitao-da-pmba-estava-preso-e-foi-solto-por-decisao-judicial\/#primaryimage"},"thumbnailUrl":"https:\/\/www.comunicarmais.com.br\/site\/wp-content\/uploads\/2026\/01\/salomao-horz.jpg","datePublished":"2026-01-16T16:05:00+00:00","dateModified":"2026-01-17T03:20:22+00:00","author":{"@id":"https:\/\/www.comunicarmais.com.br\/site\/#\/schema\/person\/712f7b6b25b644e4a91c4173674cf284"},"description":"Indiv\u00edduo integrava uma fac\u00e7\u00e3o envolvida com tr\u00e1ficos de drogas e armas, homic\u00eddios, lavagem de dinheiro, roubo e corrup\u00e7\u00e3o de menores","breadcrumb":{"@id":"https:\/\/www.comunicarmais.com.br\/site\/2026\/01\/16\/criminoso-envolvido-na-morte-do-capitao-da-pmba-estava-preso-e-foi-solto-por-decisao-judicial\/#breadcrumb"},"inLanguage":"pt-BR","potentialAction":[{"@type":"ReadAction","target":["https:\/\/www.comunicarmais.com.br\/site\/2026\/01\/16\/criminoso-envolvido-na-morte-do-capitao-da-pmba-estava-preso-e-foi-solto-por-decisao-judicial\/"]}]},{"@type":"ImageObject","inLanguage":"pt-BR","@id":"https:\/\/www.comunicarmais.com.br\/site\/2026\/01\/16\/criminoso-envolvido-na-morte-do-capitao-da-pmba-estava-preso-e-foi-solto-por-decisao-judicial\/#primaryimage","url":"https:\/\/www.comunicarmais.com.br\/site\/wp-content\/uploads\/2026\/01\/salomao-horz.jpg","contentUrl":"https:\/\/www.comunicarmais.com.br\/site\/wp-content\/uploads\/2026\/01\/salomao-horz.jpg","width":1358,"height":735},{"@type":"BreadcrumbList","@id":"https:\/\/www.comunicarmais.com.br\/site\/2026\/01\/16\/criminoso-envolvido-na-morte-do-capitao-da-pmba-estava-preso-e-foi-solto-por-decisao-judicial\/#breadcrumb","itemListElement":[{"@type":"ListItem","position":1,"name":"In\u00edcio","item":"https:\/\/www.comunicarmais.com.br\/site\/"},{"@type":"ListItem","position":2,"name":"Homem envolvido na morte de capit\u00e3o da PMBA estava preso e foi solto por decis\u00e3o judicial"}]},{"@type":"WebSite","@id":"https:\/\/www.comunicarmais.com.br\/site\/#website","url":"https:\/\/www.comunicarmais.com.br\/site\/","name":"Comunicar Mais","description":"","potentialAction":[{"@type":"SearchAction","target":{"@type":"EntryPoint","urlTemplate":"https:\/\/www.comunicarmais.com.br\/site\/?s={search_term_string}"},"query-input":{"@type":"PropertyValueSpecification","valueRequired":true,"valueName":"search_term_string"}}],"inLanguage":"pt-BR"},{"@type":"Person","@id":"https:\/\/www.comunicarmais.com.br\/site\/#\/schema\/person\/712f7b6b25b644e4a91c4173674cf284","name":"Comunicar Mais","image":{"@type":"ImageObject","inLanguage":"pt-BR","@id":"https:\/\/www.comunicarmais.com.br\/site\/#\/schema\/person\/image\/","url":"https:\/\/secure.gravatar.com\/avatar\/9803218072e2c0dc265d3d787b54c2c33325e79f79732707fddfbf1efd82c678?s=96&d=mm&r=g","contentUrl":"https:\/\/secure.gravatar.com\/avatar\/9803218072e2c0dc265d3d787b54c2c33325e79f79732707fddfbf1efd82c678?s=96&d=mm&r=g","caption":"Comunicar Mais"},"description":"Deixe as ideologias com os ide\u00f3logos. Noticiamos fatos, n\u00e3o brigamos com eles. Aqui, voc\u00ea fica bem informado do que acontece no seu bairro e no mundo. Informar com \u00e9tica e responsabilidade s\u00e3o as bandeiras do Comunicarmais.","sameAs":["https:\/\/www.comunicarmais.com.br\/site\/","https:\/\/www.facebook.com\/comunicarmais\/","https:\/\/www.instagram.com\/comunicarmaisba\/","https:\/\/x.com\/ComunicarmaisBA"],"url":"https:\/\/www.comunicarmais.com.br\/site\/author\/gerenciador\/"}]}},"_links":{"self":[{"href":"https:\/\/www.comunicarmais.com.br\/site\/wp-json\/wp\/v2\/posts\/12448","targetHints":{"allow":["GET"]}}],"collection":[{"href":"https:\/\/www.comunicarmais.com.br\/site\/wp-json\/wp\/v2\/posts"}],"about":[{"href":"https:\/\/www.comunicarmais.com.br\/site\/wp-json\/wp\/v2\/types\/post"}],"author":[{"embeddable":true,"href":"https:\/\/www.comunicarmais.com.br\/site\/wp-json\/wp\/v2\/users\/2"}],"replies":[{"embeddable":true,"href":"https:\/\/www.comunicarmais.com.br\/site\/wp-json\/wp\/v2\/comments?post=12448"}],"version-history":[{"count":4,"href":"https:\/\/www.comunicarmais.com.br\/site\/wp-json\/wp\/v2\/posts\/12448\/revisions"}],"predecessor-version":[{"id":12454,"href":"https:\/\/www.comunicarmais.com.br\/site\/wp-json\/wp\/v2\/posts\/12448\/revisions\/12454"}],"wp:featuredmedia":[{"embeddable":true,"href":"https:\/\/www.comunicarmais.com.br\/site\/wp-json\/wp\/v2\/media\/12450"}],"wp:attachment":[{"href":"https:\/\/www.comunicarmais.com.br\/site\/wp-json\/wp\/v2\/media?parent=12448"}],"wp:term":[{"taxonomy":"category","embeddable":true,"href":"https:\/\/www.comunicarmais.com.br\/site\/wp-json\/wp\/v2\/categories?post=12448"},{"taxonomy":"post_tag","embeddable":true,"href":"https:\/\/www.comunicarmais.com.br\/site\/wp-json\/wp\/v2\/tags?post=12448"}],"curies":[{"name":"wp","href":"https:\/\/api.w.org\/{rel}","templated":true}]}}