{"id":12418,"date":"2026-01-15T09:49:00","date_gmt":"2026-01-15T12:49:00","guid":{"rendered":"https:\/\/www.comunicarmais.com.br\/site\/?p=12418"},"modified":"2026-01-15T17:39:31","modified_gmt":"2026-01-15T20:39:31","slug":"prefeito-bruno-reis-destaca-ano-de-realizacoes-e-momento-vibrante-de-salvador-durante-lavagem-do-bonfim","status":"publish","type":"post","link":"https:\/\/www.comunicarmais.com.br\/site\/2026\/01\/15\/prefeito-bruno-reis-destaca-ano-de-realizacoes-e-momento-vibrante-de-salvador-durante-lavagem-do-bonfim\/","title":{"rendered":"Prefeito Bruno Reis destaca ano de realiza\u00e7\u00f5es e momento vibrante de Salvador durante Lavagem do Bonfim"},"content":{"rendered":"\n<p><strong>Gestor municipal falou sobre as expectativas para o ano e ressaltou o simbolismo da festa para Salvador e para a Bahia<\/strong><\/p>\n\n\n\n<figure class=\"wp-block-image size-full\"><img decoding=\"async\" width=\"1280\" height=\"1110\" data-src=\"https:\/\/www.comunicarmais.com.br\/site\/wp-content\/uploads\/2026\/01\/WhatsApp-Image-2026-01-15-at-11.34.51.jpeg\" alt=\"\" class=\"wp-image-12421 lazyload\" data-srcset=\"https:\/\/www.comunicarmais.com.br\/site\/wp-content\/uploads\/2026\/01\/WhatsApp-Image-2026-01-15-at-11.34.51.jpeg 1280w, https:\/\/www.comunicarmais.com.br\/site\/wp-content\/uploads\/2026\/01\/WhatsApp-Image-2026-01-15-at-11.34.51-1024x888.jpeg 1024w, https:\/\/www.comunicarmais.com.br\/site\/wp-content\/uploads\/2026\/01\/WhatsApp-Image-2026-01-15-at-11.34.51-768x666.jpeg 768w\" data-sizes=\"(max-width: 1280px) 100vw, 1280px\" src=\"data:image\/svg+xml;base64,PHN2ZyB3aWR0aD0iMSIgaGVpZ2h0PSIxIiB4bWxucz0iaHR0cDovL3d3dy53My5vcmcvMjAwMC9zdmciPjwvc3ZnPg==\" style=\"--smush-placeholder-width: 1280px; --smush-placeholder-aspect-ratio: 1280\/1110;\" \/><figcaption class=\"wp-element-caption\"><em><sup>(Fotos: Divulga\u00e7\u00e3o \/ Secom PMS)<\/sup><\/em><\/figcaption><\/figure>\n\n\n\n<p><strong>Reda\u00e7\u00e3o Mais &#8211; <\/strong>O prefeito Bruno Reis participou na manh\u00e3 desta quinta-feira (15) da tradicional Lavagem do Bonfim, na regi\u00e3o da Cidade Baixa. Ele chegou pouco antes das 8h \u00e0 Igreja de Nossa Senhora da Concei\u00e7\u00e3o da Praia, no Com\u00e9rcio, onde acompanhou o culto ecum\u00eanico que marcou o in\u00edcio oficial do evento religioso. Em coletiva \u00e0 imprensa, o gestor municipal falou sobre as expectativas para o ano e ressaltou o simbolismo da festa para Salvador e para a Bahia.<\/p>\n\n\n\n<p>\u201cDesejo que seja um ano de muitas entregas, de muitas realiza\u00e7\u00f5es. Que possamos tirar projetos do papel, at\u00e9 maiores do que os que j\u00e1 realizamos at\u00e9 aqui. Essa ser\u00e1 a maior Lavagem do Bonfim de toda a hist\u00f3ria, pela quantidade de visitantes que tem em Salvador, pelo sentimento hoje do povo baiano de entusiasmo, de ver nossa cidade se transformando, de ver a cidade vibrante. Esse sentimento move as pessoas a virem para as ruas, a curtirem a cidade, a celebrarem datas hist\u00f3ricas como essas\u201d, ressaltou o prefeito.<\/p>\n\n\n\n<figure class=\"wp-block-image size-full\"><img decoding=\"async\" width=\"1280\" height=\"1211\" data-src=\"https:\/\/www.comunicarmais.com.br\/site\/wp-content\/uploads\/2026\/01\/WhatsApp-Image-2026-01-15-at-11.35.02.jpeg\" alt=\"\" class=\"wp-image-12422 lazyload\" data-srcset=\"https:\/\/www.comunicarmais.com.br\/site\/wp-content\/uploads\/2026\/01\/WhatsApp-Image-2026-01-15-at-11.35.02.jpeg 1280w, https:\/\/www.comunicarmais.com.br\/site\/wp-content\/uploads\/2026\/01\/WhatsApp-Image-2026-01-15-at-11.35.02-1024x969.jpeg 1024w, https:\/\/www.comunicarmais.com.br\/site\/wp-content\/uploads\/2026\/01\/WhatsApp-Image-2026-01-15-at-11.35.02-768x727.jpeg 768w\" data-sizes=\"(max-width: 1280px) 100vw, 1280px\" src=\"data:image\/svg+xml;base64,PHN2ZyB3aWR0aD0iMSIgaGVpZ2h0PSIxIiB4bWxucz0iaHR0cDovL3d3dy53My5vcmcvMjAwMC9zdmciPjwvc3ZnPg==\" style=\"--smush-placeholder-width: 1280px; --smush-placeholder-aspect-ratio: 1280\/1211;\" \/><figcaption class=\"wp-element-caption\"><em><sup>(Fotos: Divulga\u00e7\u00e3o \/ Secom PMS)<\/sup><\/em><\/figcaption><\/figure>\n\n\n\n<p>Acompanhado da vice-prefeita e secret\u00e1ria municipal de Cultura e Turismo (Secult), Ana Paula Matos, al\u00e9m de secret\u00e1rios municipais, vereadores e diversas lideran\u00e7as pol\u00edticas, Bruno Reis tamb\u00e9m enfatizou o car\u00e1ter religioso do evento, antes de seguir caminhada em dire\u00e7\u00e3o \u00e0 Bas\u00edlica Santu\u00e1rio Nosso Senhor do Bonfim, na Colina Sagrada, cujo percurso \u00e9 de quase 7 km de extens\u00e3o.<\/p>\n\n\n\n<figure class=\"wp-block-embed is-type-rich is-provider-twitter wp-block-embed-twitter\"><div class=\"wp-block-embed__wrapper\">\n<blockquote class=\"twitter-tweet\" data-width=\"500\" data-dnt=\"true\"><p lang=\"pt\" dir=\"ltr\">LAVAGEM DO BONFIM &#8211; Em visita \u00e0 Bahia, o governador de Goi\u00e1s e pr\u00e9-candidato \u00e0 Presid\u00eancia, Ronaldo Caiado, recebeu a energia dos baianos na companhia dos anfitri\u00f5es, o prefeito Bruno Reis e o pr\u00e9-candidato ao Governo do Estado, ACM Neto, nesta quinta-feira (15), em Salvador. <a href=\"https:\/\/t.co\/AjQ3KdCg1U\">pic.twitter.com\/AjQ3KdCg1U<\/a><\/p>&mdash; Comunicarmais (@ComunicarmaisBA) <a href=\"https:\/\/twitter.com\/ComunicarmaisBA\/status\/2011819845675880814?ref_src=twsrc%5Etfw\">January 15, 2026<\/a><\/blockquote><script async src=\"https:\/\/platform.twitter.com\/widgets.js\" charset=\"utf-8\"><\/script>\n<\/div><\/figure>\n\n\n\n<p>\u201cEssa \u00e9, sem sombra de d\u00favidas, a maior festa religiosa do nosso Estado, se n\u00e3o for a maior do Brasil. Todo mundo que vem aqui vem em nome da sua devo\u00e7\u00e3o, da sua f\u00e9, das suas cren\u00e7as, para renovar as suas esperan\u00e7as\u201d, disse.<\/p>\n\n\n\n<figure class=\"wp-block-image size-full\"><img decoding=\"async\" width=\"1280\" height=\"1091\" data-src=\"https:\/\/www.comunicarmais.com.br\/site\/wp-content\/uploads\/2026\/01\/WhatsApp-Image-2026-01-15-at-11.34.59.jpeg\" alt=\"\" class=\"wp-image-12423 lazyload\" data-srcset=\"https:\/\/www.comunicarmais.com.br\/site\/wp-content\/uploads\/2026\/01\/WhatsApp-Image-2026-01-15-at-11.34.59.jpeg 1280w, https:\/\/www.comunicarmais.com.br\/site\/wp-content\/uploads\/2026\/01\/WhatsApp-Image-2026-01-15-at-11.34.59-1024x873.jpeg 1024w, https:\/\/www.comunicarmais.com.br\/site\/wp-content\/uploads\/2026\/01\/WhatsApp-Image-2026-01-15-at-11.34.59-768x655.jpeg 768w\" data-sizes=\"(max-width: 1280px) 100vw, 1280px\" src=\"data:image\/svg+xml;base64,PHN2ZyB3aWR0aD0iMSIgaGVpZ2h0PSIxIiB4bWxucz0iaHR0cDovL3d3dy53My5vcmcvMjAwMC9zdmciPjwvc3ZnPg==\" style=\"--smush-placeholder-width: 1280px; --smush-placeholder-aspect-ratio: 1280\/1091;\" \/><figcaption class=\"wp-element-caption\"><sup>Pr\u00e9-candidato \u00e0 Presid\u00eancia da Rep\u00fablica, Ronaldo Caiado, participou da festa <\/sup><em><sup>(Fotos: Divulga\u00e7\u00e3o \/ Secom PMS)<\/sup><\/em><\/figcaption><\/figure>\n\n\n\n<p>O prefeito contou ainda que participa do cortejo h\u00e1 cerca de 35 anos de forma ininterrupta e revelou que pretende manter a tradi\u00e7\u00e3o. \u201cSe Deus me der for\u00e7a, disposi\u00e7\u00e3o e entusiasmo, estarei aqui at\u00e9 os \u00faltimos dias da minha vida. Sou um homem de muita f\u00e9 e tenho certeza de que essa caminhada revigora nossas energias. Que o Senhor do Bonfim nos ilumine para seguirmos firmes em nosso prop\u00f3sito\u201d, declarou.<\/p>\n\n\n\n<p>Considerada a segunda maior manifesta\u00e7\u00e3o popular da Bahia, atr\u00e1s apenas do Carnaval, a Lavagem do Bonfim \u00e9 reconhecida como Patrim\u00f4nio Imaterial do Brasil. Neste ano, o festejo tem como tema \u201cO Exerc\u00edcio do Minist\u00e9rio P\u00fablico de Jesus, o Amado Senhor do Bonfim\u201d.<\/p>\n\n\n\n<p>________________________________________________________________________________________________________________<\/p>\n\n\n<p class=\"wp-block-tag-cloud\"><a href=\"https:\/\/www.comunicarmais.com.br\/site\/tag\/bahia\/\" class=\"tag-cloud-link tag-link-171 tag-link-position-1\" style=\"font-size: 17.922330097087pt;\" aria-label=\"Bahia (116 itens)\">Bahia<\/a>\n<a href=\"https:\/\/www.comunicarmais.com.br\/site\/tag\/bolsonaro\/\" class=\"tag-cloud-link tag-link-112 tag-link-position-2\" style=\"font-size: 11.533980582524pt;\" aria-label=\"Bolsonaro (39 itens)\">Bolsonaro<\/a>\n<a href=\"https:\/\/www.comunicarmais.com.br\/site\/tag\/brasil\/\" class=\"tag-cloud-link tag-link-335 tag-link-position-3\" style=\"font-size: 13.029126213592pt;\" aria-label=\"Brasil (50 itens)\">Brasil<\/a>\n<a href=\"https:\/\/www.comunicarmais.com.br\/site\/tag\/camacari\/\" class=\"tag-cloud-link tag-link-435 tag-link-position-4\" style=\"font-size: 8.8155339805825pt;\" aria-label=\"Cama\u00e7ari (24 itens)\">Cama\u00e7ari<\/a>\n<a href=\"https:\/\/www.comunicarmais.com.br\/site\/tag\/carnaval\/\" class=\"tag-cloud-link tag-link-508 tag-link-position-5\" style=\"font-size: 12.893203883495pt;\" aria-label=\"Carnaval (49 itens)\">Carnaval<\/a>\n<a href=\"https:\/\/www.comunicarmais.com.br\/site\/tag\/cbx\/\" class=\"tag-cloud-link tag-link-1602 tag-link-position-6\" style=\"font-size: 11.398058252427pt;\" aria-label=\"CBX (38 itens)\">CBX<\/a>\n<a href=\"https:\/\/www.comunicarmais.com.br\/site\/tag\/cidade-baixa\/\" class=\"tag-cloud-link tag-link-456 tag-link-position-7\" style=\"font-size: 9.9029126213592pt;\" aria-label=\"Cidade Baixa (29 itens)\">Cidade Baixa<\/a>\n<a href=\"https:\/\/www.comunicarmais.com.br\/site\/tag\/cinema\/\" class=\"tag-cloud-link tag-link-985 tag-link-position-8\" style=\"font-size: 11.126213592233pt;\" aria-label=\"Cinema (36 itens)\">Cinema<\/a>\n<a href=\"https:\/\/www.comunicarmais.com.br\/site\/tag\/cultura\/\" class=\"tag-cloud-link tag-link-231 tag-link-position-9\" style=\"font-size: 12.21359223301pt;\" aria-label=\"Cultura (44 itens)\">Cultura<\/a>\n<a href=\"https:\/\/www.comunicarmais.com.br\/site\/tag\/drogas\/\" class=\"tag-cloud-link tag-link-165 tag-link-position-10\" style=\"font-size: 12.757281553398pt;\" aria-label=\"Drogas (48 itens)\">Drogas<\/a>\n<a href=\"https:\/\/www.comunicarmais.com.br\/site\/tag\/educacao\/\" class=\"tag-cloud-link tag-link-228 tag-link-position-11\" style=\"font-size: 12.621359223301pt;\" aria-label=\"Educa\u00e7\u00e3o (47 itens)\">Educa\u00e7\u00e3o<\/a>\n<a href=\"https:\/\/www.comunicarmais.com.br\/site\/tag\/ensino\/\" class=\"tag-cloud-link tag-link-233 tag-link-position-12\" style=\"font-size: 10.446601941748pt;\" aria-label=\"Ensino (32 itens)\">Ensino<\/a>\n<a href=\"https:\/\/www.comunicarmais.com.br\/site\/tag\/escola\/\" class=\"tag-cloud-link tag-link-229 tag-link-position-13\" style=\"font-size: 9.631067961165pt;\" aria-label=\"Escola (28 itens)\">Escola<\/a>\n<a href=\"https:\/\/www.comunicarmais.com.br\/site\/tag\/eua\/\" class=\"tag-cloud-link tag-link-664 tag-link-position-14\" style=\"font-size: 12.077669902913pt;\" aria-label=\"EUA (43 itens)\">EUA<\/a>\n<a href=\"https:\/\/www.comunicarmais.com.br\/site\/tag\/feira-de-santana\/\" class=\"tag-cloud-link tag-link-642 tag-link-position-15\" style=\"font-size: 9.2233009708738pt;\" aria-label=\"Feira de Santana (26 itens)\">Feira de Santana<\/a>\n<a href=\"https:\/\/www.comunicarmais.com.br\/site\/tag\/ficco\/\" class=\"tag-cloud-link tag-link-143 tag-link-position-16\" style=\"font-size: 9.2233009708738pt;\" aria-label=\"Ficco (26 itens)\">Ficco<\/a>\n<a href=\"https:\/\/www.comunicarmais.com.br\/site\/tag\/folia\/\" class=\"tag-cloud-link tag-link-566 tag-link-position-17\" style=\"font-size: 9.2233009708738pt;\" aria-label=\"Folia (26 itens)\">Folia<\/a>\n<a href=\"https:\/\/www.comunicarmais.com.br\/site\/tag\/futebol\/\" class=\"tag-cloud-link tag-link-40 tag-link-position-18\" style=\"font-size: 13.029126213592pt;\" aria-label=\"Futebol (50 itens)\">Futebol<\/a>\n<a href=\"https:\/\/www.comunicarmais.com.br\/site\/tag\/homicidio\/\" class=\"tag-cloud-link tag-link-101 tag-link-position-19\" style=\"font-size: 10.582524271845pt;\" aria-label=\"Homic\u00eddio (33 itens)\">Homic\u00eddio<\/a>\n<a href=\"https:\/\/www.comunicarmais.com.br\/site\/tag\/itapagipe\/\" class=\"tag-cloud-link tag-link-471 tag-link-position-20\" style=\"font-size: 10.038834951456pt;\" aria-label=\"Itapagipe (30 itens)\">Itapagipe<\/a>\n<a href=\"https:\/\/www.comunicarmais.com.br\/site\/tag\/itaparica\/\" class=\"tag-cloud-link tag-link-301 tag-link-position-21\" style=\"font-size: 8pt;\" aria-label=\"Itaparica (21 itens)\">Itaparica<\/a>\n<a href=\"https:\/\/www.comunicarmais.com.br\/site\/tag\/jeronimo-rodrigues\/\" class=\"tag-cloud-link tag-link-668 tag-link-position-22\" style=\"font-size: 8.2718446601942pt;\" aria-label=\"Jer\u00f4nimo Rodrigues (22 itens)\">Jer\u00f4nimo Rodrigues<\/a>\n<a href=\"https:\/\/www.comunicarmais.com.br\/site\/tag\/justica\/\" class=\"tag-cloud-link tag-link-361 tag-link-position-23\" style=\"font-size: 10.582524271845pt;\" aria-label=\"Justi\u00e7a (33 itens)\">Justi\u00e7a<\/a>\n<a href=\"https:\/\/www.comunicarmais.com.br\/site\/tag\/lauro-de-freitas\/\" class=\"tag-cloud-link tag-link-594 tag-link-position-24\" style=\"font-size: 18.194174757282pt;\" aria-label=\"Lauro de Freitas (122 itens)\">Lauro de Freitas<\/a>\n<a href=\"https:\/\/www.comunicarmais.com.br\/site\/tag\/lazer\/\" class=\"tag-cloud-link tag-link-568 tag-link-position-25\" style=\"font-size: 9.2233009708738pt;\" aria-label=\"Lazer (26 itens)\">Lazer<\/a>\n<a href=\"https:\/\/www.comunicarmais.com.br\/site\/tag\/lula\/\" class=\"tag-cloud-link tag-link-416 tag-link-position-26\" style=\"font-size: 12.21359223301pt;\" aria-label=\"Lula (44 itens)\">Lula<\/a>\n<a href=\"https:\/\/www.comunicarmais.com.br\/site\/tag\/meio-ambiente\/\" class=\"tag-cloud-link tag-link-475 tag-link-position-27\" style=\"font-size: 12.21359223301pt;\" aria-label=\"Meio Ambiente (44 itens)\">Meio Ambiente<\/a>\n<a href=\"https:\/\/www.comunicarmais.com.br\/site\/tag\/mobilidade\/\" class=\"tag-cloud-link tag-link-278 tag-link-position-28\" style=\"font-size: 13.844660194175pt;\" aria-label=\"Mobilidade (58 itens)\">Mobilidade<\/a>\n<a href=\"https:\/\/www.comunicarmais.com.br\/site\/tag\/mulher\/\" class=\"tag-cloud-link tag-link-450 tag-link-position-29\" style=\"font-size: 13.300970873786pt;\" aria-label=\"mulher (53 itens)\">mulher<\/a>\n<a href=\"https:\/\/www.comunicarmais.com.br\/site\/tag\/musica-2\/\" class=\"tag-cloud-link tag-link-747 tag-link-position-30\" style=\"font-size: 12.21359223301pt;\" aria-label=\"M\u00fasica (44 itens)\">M\u00fasica<\/a>\n<a href=\"https:\/\/www.comunicarmais.com.br\/site\/tag\/pcba\/\" class=\"tag-cloud-link tag-link-1332 tag-link-position-31\" style=\"font-size: 15.067961165049pt;\" aria-label=\"PCBA (72 itens)\">PCBA<\/a>\n<a href=\"https:\/\/www.comunicarmais.com.br\/site\/tag\/pmba\/\" class=\"tag-cloud-link tag-link-53 tag-link-position-32\" style=\"font-size: 18.194174757282pt;\" aria-label=\"PMBA (123 itens)\">PMBA<\/a>\n<a href=\"https:\/\/www.comunicarmais.com.br\/site\/tag\/policia-federal\/\" class=\"tag-cloud-link tag-link-620 tag-link-position-33\" style=\"font-size: 8.9514563106796pt;\" aria-label=\"Pol\u00edcia Federal (25 itens)\">Pol\u00edcia Federal<\/a>\n<a href=\"https:\/\/www.comunicarmais.com.br\/site\/tag\/politica\/\" class=\"tag-cloud-link tag-link-495 tag-link-position-34\" style=\"font-size: 16.291262135922pt;\" aria-label=\"Pol\u00edtica (89 itens)\">Pol\u00edtica<\/a>\n<a href=\"https:\/\/www.comunicarmais.com.br\/site\/tag\/rio-de-janeiro\/\" class=\"tag-cloud-link tag-link-152 tag-link-position-35\" style=\"font-size: 9.9029126213592pt;\" aria-label=\"Rio de Janeiro (29 itens)\">Rio de Janeiro<\/a>\n<a href=\"https:\/\/www.comunicarmais.com.br\/site\/tag\/salvador\/\" class=\"tag-cloud-link tag-link-125 tag-link-position-36\" style=\"font-size: 22pt;\" aria-label=\"Salvador (234 itens)\">Salvador<\/a>\n<a href=\"https:\/\/www.comunicarmais.com.br\/site\/tag\/saude\/\" class=\"tag-cloud-link tag-link-42 tag-link-position-37\" style=\"font-size: 17.78640776699pt;\" aria-label=\"Sa\u00fade (115 itens)\">Sa\u00fade<\/a>\n<a href=\"https:\/\/www.comunicarmais.com.br\/site\/tag\/seguranca\/\" class=\"tag-cloud-link tag-link-48 tag-link-position-38\" style=\"font-size: 9.2233009708738pt;\" aria-label=\"Seguran\u00e7a (26 itens)\">Seguran\u00e7a<\/a>\n<a href=\"https:\/\/www.comunicarmais.com.br\/site\/tag\/ssp-ba\/\" class=\"tag-cloud-link tag-link-1937 tag-link-position-39\" style=\"font-size: 8.9514563106796pt;\" aria-label=\"SSP-BA (25 itens)\">SSP-BA<\/a>\n<a href=\"https:\/\/www.comunicarmais.com.br\/site\/tag\/sspba\/\" class=\"tag-cloud-link tag-link-144 tag-link-position-40\" style=\"font-size: 11.398058252427pt;\" aria-label=\"SSPBA (38 itens)\">SSPBA<\/a>\n<a href=\"https:\/\/www.comunicarmais.com.br\/site\/tag\/stf\/\" class=\"tag-cloud-link tag-link-68 tag-link-position-41\" style=\"font-size: 14.252427184466pt;\" aria-label=\"STF (62 itens)\">STF<\/a>\n<a href=\"https:\/\/www.comunicarmais.com.br\/site\/tag\/sao-paulo\/\" class=\"tag-cloud-link tag-link-612 tag-link-position-42\" style=\"font-size: 8pt;\" aria-label=\"S\u00e3o Paulo (21 itens)\">S\u00e3o Paulo<\/a>\n<a href=\"https:\/\/www.comunicarmais.com.br\/site\/tag\/transito-2\/\" class=\"tag-cloud-link tag-link-377 tag-link-position-43\" style=\"font-size: 8.2718446601942pt;\" aria-label=\"tr\u00e2nsito (22 itens)\">tr\u00e2nsito<\/a>\n<a href=\"https:\/\/www.comunicarmais.com.br\/site\/tag\/turismo\/\" class=\"tag-cloud-link tag-link-225 tag-link-position-44\" style=\"font-size: 9.631067961165pt;\" aria-label=\"Turismo (28 itens)\">Turismo<\/a>\n<a href=\"https:\/\/www.comunicarmais.com.br\/site\/tag\/uruguai\/\" class=\"tag-cloud-link tag-link-323 tag-link-position-45\" style=\"font-size: 9.631067961165pt;\" aria-label=\"Uruguai (28 itens)\">Uruguai<\/a><\/p>","protected":false},"excerpt":{"rendered":"<p>Gestor municipal falou sobre as expectativas para o ano e ressaltou o simbolismo da festa para Salvador e para a Bahia<\/p>\n","protected":false},"author":2,"featured_media":12420,"comment_status":"open","ping_status":"open","sticky":false,"template":"","format":"standard","meta":{"_acf_changed":false,"footnotes":""},"categories":[8],"tags":[1008,1602,456,471,372,495],"class_list":["post-12418","post","type-post","status-publish","format-standard","has-post-thumbnail","hentry","category-politica","tag-bruno-reis","tag-cbx","tag-cidade-baixa","tag-itapagipe","tag-lavagem-do-bonfim","tag-politica"],"acf":[],"yoast_head":"<!-- This site is optimized with the Yoast SEO plugin v26.1.1 - https:\/\/yoast.com\/wordpress\/plugins\/seo\/ -->\n<title>Prefeito Bruno Reis destaca ano de realiza\u00e7\u00f5es e momento vibrante de Salvador durante Lavagem do Bonfim - Comunicar Mais<\/title>\n<meta name=\"description\" content=\"Gestor municipal falou sobre as expectativas para o ano e ressaltou o simbolismo da festa para Salvador e para a Bahia\" \/>\n<meta name=\"robots\" content=\"index, follow, max-snippet:-1, max-image-preview:large, max-video-preview:-1\" \/>\n<link rel=\"canonical\" href=\"https:\/\/www.comunicarmais.com.br\/site\/2026\/01\/15\/prefeito-bruno-reis-destaca-ano-de-realizacoes-e-momento-vibrante-de-salvador-durante-lavagem-do-bonfim\/\" \/>\n<meta property=\"og:locale\" content=\"pt_BR\" \/>\n<meta property=\"og:type\" content=\"article\" \/>\n<meta property=\"og:title\" content=\"Prefeito Bruno Reis destaca ano de realiza\u00e7\u00f5es e momento vibrante de Salvador durante Lavagem do Bonfim - Comunicar Mais\" \/>\n<meta property=\"og:description\" content=\"Gestor municipal falou sobre as expectativas para o ano e ressaltou o simbolismo da festa para Salvador e para a Bahia\" \/>\n<meta property=\"og:url\" content=\"https:\/\/www.comunicarmais.com.br\/site\/2026\/01\/15\/prefeito-bruno-reis-destaca-ano-de-realizacoes-e-momento-vibrante-de-salvador-durante-lavagem-do-bonfim\/\" \/>\n<meta property=\"og:site_name\" content=\"Comunicar Mais\" \/>\n<meta property=\"article:publisher\" content=\"https:\/\/www.facebook.com\/comunicarmais\/\" \/>\n<meta property=\"article:author\" content=\"https:\/\/www.facebook.com\/comunicarmais\/\" \/>\n<meta property=\"article:published_time\" content=\"2026-01-15T12:49:00+00:00\" \/>\n<meta property=\"article:modified_time\" content=\"2026-01-15T20:39:31+00:00\" \/>\n<meta property=\"og:image\" content=\"https:\/\/www.comunicarmais.com.br\/site\/wp-content\/uploads\/2026\/01\/WhatsApp-Image-2026-01-15-at-11.34.50.jpeg\" \/>\n\t<meta property=\"og:image:width\" content=\"1280\" \/>\n\t<meta property=\"og:image:height\" content=\"853\" \/>\n\t<meta property=\"og:image:type\" content=\"image\/jpeg\" \/>\n<meta name=\"author\" content=\"Comunicar Mais\" \/>\n<meta name=\"twitter:card\" content=\"summary_large_image\" \/>\n<meta name=\"twitter:creator\" content=\"@ComunicarmaisBA\" \/>\n<meta name=\"twitter:site\" content=\"@ComunicarmaisBA\" \/>\n<meta name=\"twitter:label1\" content=\"Escrito por\" \/>\n\t<meta name=\"twitter:data1\" content=\"Comunicar Mais\" \/>\n\t<meta name=\"twitter:label2\" content=\"Est. tempo de leitura\" \/>\n\t<meta name=\"twitter:data2\" content=\"4 minutos\" \/>\n<script type=\"application\/ld+json\" class=\"yoast-schema-graph\">{\"@context\":\"https:\/\/schema.org\",\"@graph\":[{\"@type\":\"WebPage\",\"@id\":\"https:\/\/www.comunicarmais.com.br\/site\/2026\/01\/15\/prefeito-bruno-reis-destaca-ano-de-realizacoes-e-momento-vibrante-de-salvador-durante-lavagem-do-bonfim\/\",\"url\":\"https:\/\/www.comunicarmais.com.br\/site\/2026\/01\/15\/prefeito-bruno-reis-destaca-ano-de-realizacoes-e-momento-vibrante-de-salvador-durante-lavagem-do-bonfim\/\",\"name\":\"Prefeito Bruno Reis destaca ano de realiza\u00e7\u00f5es e momento vibrante de Salvador durante Lavagem do Bonfim - Comunicar Mais\",\"isPartOf\":{\"@id\":\"https:\/\/www.comunicarmais.com.br\/site\/#website\"},\"primaryImageOfPage\":{\"@id\":\"https:\/\/www.comunicarmais.com.br\/site\/2026\/01\/15\/prefeito-bruno-reis-destaca-ano-de-realizacoes-e-momento-vibrante-de-salvador-durante-lavagem-do-bonfim\/#primaryimage\"},\"image\":{\"@id\":\"https:\/\/www.comunicarmais.com.br\/site\/2026\/01\/15\/prefeito-bruno-reis-destaca-ano-de-realizacoes-e-momento-vibrante-de-salvador-durante-lavagem-do-bonfim\/#primaryimage\"},\"thumbnailUrl\":\"https:\/\/www.comunicarmais.com.br\/site\/wp-content\/uploads\/2026\/01\/WhatsApp-Image-2026-01-15-at-11.34.50.jpeg\",\"datePublished\":\"2026-01-15T12:49:00+00:00\",\"dateModified\":\"2026-01-15T20:39:31+00:00\",\"author\":{\"@id\":\"https:\/\/www.comunicarmais.com.br\/site\/#\/schema\/person\/712f7b6b25b644e4a91c4173674cf284\"},\"description\":\"Gestor municipal falou sobre as expectativas para o ano e ressaltou o simbolismo da festa para Salvador e para a Bahia\",\"breadcrumb\":{\"@id\":\"https:\/\/www.comunicarmais.com.br\/site\/2026\/01\/15\/prefeito-bruno-reis-destaca-ano-de-realizacoes-e-momento-vibrante-de-salvador-durante-lavagem-do-bonfim\/#breadcrumb\"},\"inLanguage\":\"pt-BR\",\"potentialAction\":[{\"@type\":\"ReadAction\",\"target\":[\"https:\/\/www.comunicarmais.com.br\/site\/2026\/01\/15\/prefeito-bruno-reis-destaca-ano-de-realizacoes-e-momento-vibrante-de-salvador-durante-lavagem-do-bonfim\/\"]}]},{\"@type\":\"ImageObject\",\"inLanguage\":\"pt-BR\",\"@id\":\"https:\/\/www.comunicarmais.com.br\/site\/2026\/01\/15\/prefeito-bruno-reis-destaca-ano-de-realizacoes-e-momento-vibrante-de-salvador-durante-lavagem-do-bonfim\/#primaryimage\",\"url\":\"https:\/\/www.comunicarmais.com.br\/site\/wp-content\/uploads\/2026\/01\/WhatsApp-Image-2026-01-15-at-11.34.50.jpeg\",\"contentUrl\":\"https:\/\/www.comunicarmais.com.br\/site\/wp-content\/uploads\/2026\/01\/WhatsApp-Image-2026-01-15-at-11.34.50.jpeg\",\"width\":1280,\"height\":853},{\"@type\":\"BreadcrumbList\",\"@id\":\"https:\/\/www.comunicarmais.com.br\/site\/2026\/01\/15\/prefeito-bruno-reis-destaca-ano-de-realizacoes-e-momento-vibrante-de-salvador-durante-lavagem-do-bonfim\/#breadcrumb\",\"itemListElement\":[{\"@type\":\"ListItem\",\"position\":1,\"name\":\"In\u00edcio\",\"item\":\"https:\/\/www.comunicarmais.com.br\/site\/\"},{\"@type\":\"ListItem\",\"position\":2,\"name\":\"Prefeito Bruno Reis destaca ano de realiza\u00e7\u00f5es e momento vibrante de Salvador durante Lavagem do Bonfim\"}]},{\"@type\":\"WebSite\",\"@id\":\"https:\/\/www.comunicarmais.com.br\/site\/#website\",\"url\":\"https:\/\/www.comunicarmais.com.br\/site\/\",\"name\":\"Comunicar Mais\",\"description\":\"\",\"potentialAction\":[{\"@type\":\"SearchAction\",\"target\":{\"@type\":\"EntryPoint\",\"urlTemplate\":\"https:\/\/www.comunicarmais.com.br\/site\/?s={search_term_string}\"},\"query-input\":{\"@type\":\"PropertyValueSpecification\",\"valueRequired\":true,\"valueName\":\"search_term_string\"}}],\"inLanguage\":\"pt-BR\"},{\"@type\":\"Person\",\"@id\":\"https:\/\/www.comunicarmais.com.br\/site\/#\/schema\/person\/712f7b6b25b644e4a91c4173674cf284\",\"name\":\"Comunicar Mais\",\"image\":{\"@type\":\"ImageObject\",\"inLanguage\":\"pt-BR\",\"@id\":\"https:\/\/www.comunicarmais.com.br\/site\/#\/schema\/person\/image\/\",\"url\":\"https:\/\/secure.gravatar.com\/avatar\/9803218072e2c0dc265d3d787b54c2c33325e79f79732707fddfbf1efd82c678?s=96&d=mm&r=g\",\"contentUrl\":\"https:\/\/secure.gravatar.com\/avatar\/9803218072e2c0dc265d3d787b54c2c33325e79f79732707fddfbf1efd82c678?s=96&d=mm&r=g\",\"caption\":\"Comunicar Mais\"},\"description\":\"Deixe as ideologias com os ide\u00f3logos. Noticiamos fatos, n\u00e3o brigamos com eles. Aqui, voc\u00ea fica bem informado do que acontece no seu bairro e no mundo. Informar com \u00e9tica e responsabilidade s\u00e3o as bandeiras do Comunicarmais.\",\"sameAs\":[\"https:\/\/www.comunicarmais.com.br\/site\/\",\"https:\/\/www.facebook.com\/comunicarmais\/\",\"https:\/\/www.instagram.com\/comunicarmaisba\/\",\"https:\/\/x.com\/ComunicarmaisBA\"],\"url\":\"https:\/\/www.comunicarmais.com.br\/site\/author\/gerenciador\/\"}]}<\/script>\n<!-- \/ Yoast SEO plugin. -->","yoast_head_json":{"title":"Prefeito Bruno Reis destaca ano de realiza\u00e7\u00f5es e momento vibrante de Salvador durante Lavagem do Bonfim - Comunicar Mais","description":"Gestor municipal falou sobre as expectativas para o ano e ressaltou o simbolismo da festa para Salvador e para a Bahia","robots":{"index":"index","follow":"follow","max-snippet":"max-snippet:-1","max-image-preview":"max-image-preview:large","max-video-preview":"max-video-preview:-1"},"canonical":"https:\/\/www.comunicarmais.com.br\/site\/2026\/01\/15\/prefeito-bruno-reis-destaca-ano-de-realizacoes-e-momento-vibrante-de-salvador-durante-lavagem-do-bonfim\/","og_locale":"pt_BR","og_type":"article","og_title":"Prefeito Bruno Reis destaca ano de realiza\u00e7\u00f5es e momento vibrante de Salvador durante Lavagem do Bonfim - Comunicar Mais","og_description":"Gestor municipal falou sobre as expectativas para o ano e ressaltou o simbolismo da festa para Salvador e para a Bahia","og_url":"https:\/\/www.comunicarmais.com.br\/site\/2026\/01\/15\/prefeito-bruno-reis-destaca-ano-de-realizacoes-e-momento-vibrante-de-salvador-durante-lavagem-do-bonfim\/","og_site_name":"Comunicar Mais","article_publisher":"https:\/\/www.facebook.com\/comunicarmais\/","article_author":"https:\/\/www.facebook.com\/comunicarmais\/","article_published_time":"2026-01-15T12:49:00+00:00","article_modified_time":"2026-01-15T20:39:31+00:00","og_image":[{"width":1280,"height":853,"url":"https:\/\/www.comunicarmais.com.br\/site\/wp-content\/uploads\/2026\/01\/WhatsApp-Image-2026-01-15-at-11.34.50.jpeg","type":"image\/jpeg"}],"author":"Comunicar Mais","twitter_card":"summary_large_image","twitter_creator":"@ComunicarmaisBA","twitter_site":"@ComunicarmaisBA","twitter_misc":{"Escrito por":"Comunicar Mais","Est. tempo de leitura":"4 minutos"},"schema":{"@context":"https:\/\/schema.org","@graph":[{"@type":"WebPage","@id":"https:\/\/www.comunicarmais.com.br\/site\/2026\/01\/15\/prefeito-bruno-reis-destaca-ano-de-realizacoes-e-momento-vibrante-de-salvador-durante-lavagem-do-bonfim\/","url":"https:\/\/www.comunicarmais.com.br\/site\/2026\/01\/15\/prefeito-bruno-reis-destaca-ano-de-realizacoes-e-momento-vibrante-de-salvador-durante-lavagem-do-bonfim\/","name":"Prefeito Bruno Reis destaca ano de realiza\u00e7\u00f5es e momento vibrante de Salvador durante Lavagem do Bonfim - Comunicar Mais","isPartOf":{"@id":"https:\/\/www.comunicarmais.com.br\/site\/#website"},"primaryImageOfPage":{"@id":"https:\/\/www.comunicarmais.com.br\/site\/2026\/01\/15\/prefeito-bruno-reis-destaca-ano-de-realizacoes-e-momento-vibrante-de-salvador-durante-lavagem-do-bonfim\/#primaryimage"},"image":{"@id":"https:\/\/www.comunicarmais.com.br\/site\/2026\/01\/15\/prefeito-bruno-reis-destaca-ano-de-realizacoes-e-momento-vibrante-de-salvador-durante-lavagem-do-bonfim\/#primaryimage"},"thumbnailUrl":"https:\/\/www.comunicarmais.com.br\/site\/wp-content\/uploads\/2026\/01\/WhatsApp-Image-2026-01-15-at-11.34.50.jpeg","datePublished":"2026-01-15T12:49:00+00:00","dateModified":"2026-01-15T20:39:31+00:00","author":{"@id":"https:\/\/www.comunicarmais.com.br\/site\/#\/schema\/person\/712f7b6b25b644e4a91c4173674cf284"},"description":"Gestor municipal falou sobre as expectativas para o ano e ressaltou o simbolismo da festa para Salvador e para a Bahia","breadcrumb":{"@id":"https:\/\/www.comunicarmais.com.br\/site\/2026\/01\/15\/prefeito-bruno-reis-destaca-ano-de-realizacoes-e-momento-vibrante-de-salvador-durante-lavagem-do-bonfim\/#breadcrumb"},"inLanguage":"pt-BR","potentialAction":[{"@type":"ReadAction","target":["https:\/\/www.comunicarmais.com.br\/site\/2026\/01\/15\/prefeito-bruno-reis-destaca-ano-de-realizacoes-e-momento-vibrante-de-salvador-durante-lavagem-do-bonfim\/"]}]},{"@type":"ImageObject","inLanguage":"pt-BR","@id":"https:\/\/www.comunicarmais.com.br\/site\/2026\/01\/15\/prefeito-bruno-reis-destaca-ano-de-realizacoes-e-momento-vibrante-de-salvador-durante-lavagem-do-bonfim\/#primaryimage","url":"https:\/\/www.comunicarmais.com.br\/site\/wp-content\/uploads\/2026\/01\/WhatsApp-Image-2026-01-15-at-11.34.50.jpeg","contentUrl":"https:\/\/www.comunicarmais.com.br\/site\/wp-content\/uploads\/2026\/01\/WhatsApp-Image-2026-01-15-at-11.34.50.jpeg","width":1280,"height":853},{"@type":"BreadcrumbList","@id":"https:\/\/www.comunicarmais.com.br\/site\/2026\/01\/15\/prefeito-bruno-reis-destaca-ano-de-realizacoes-e-momento-vibrante-de-salvador-durante-lavagem-do-bonfim\/#breadcrumb","itemListElement":[{"@type":"ListItem","position":1,"name":"In\u00edcio","item":"https:\/\/www.comunicarmais.com.br\/site\/"},{"@type":"ListItem","position":2,"name":"Prefeito Bruno Reis destaca ano de realiza\u00e7\u00f5es e momento vibrante de Salvador durante Lavagem do Bonfim"}]},{"@type":"WebSite","@id":"https:\/\/www.comunicarmais.com.br\/site\/#website","url":"https:\/\/www.comunicarmais.com.br\/site\/","name":"Comunicar Mais","description":"","potentialAction":[{"@type":"SearchAction","target":{"@type":"EntryPoint","urlTemplate":"https:\/\/www.comunicarmais.com.br\/site\/?s={search_term_string}"},"query-input":{"@type":"PropertyValueSpecification","valueRequired":true,"valueName":"search_term_string"}}],"inLanguage":"pt-BR"},{"@type":"Person","@id":"https:\/\/www.comunicarmais.com.br\/site\/#\/schema\/person\/712f7b6b25b644e4a91c4173674cf284","name":"Comunicar Mais","image":{"@type":"ImageObject","inLanguage":"pt-BR","@id":"https:\/\/www.comunicarmais.com.br\/site\/#\/schema\/person\/image\/","url":"https:\/\/secure.gravatar.com\/avatar\/9803218072e2c0dc265d3d787b54c2c33325e79f79732707fddfbf1efd82c678?s=96&d=mm&r=g","contentUrl":"https:\/\/secure.gravatar.com\/avatar\/9803218072e2c0dc265d3d787b54c2c33325e79f79732707fddfbf1efd82c678?s=96&d=mm&r=g","caption":"Comunicar Mais"},"description":"Deixe as ideologias com os ide\u00f3logos. Noticiamos fatos, n\u00e3o brigamos com eles. Aqui, voc\u00ea fica bem informado do que acontece no seu bairro e no mundo. Informar com \u00e9tica e responsabilidade s\u00e3o as bandeiras do Comunicarmais.","sameAs":["https:\/\/www.comunicarmais.com.br\/site\/","https:\/\/www.facebook.com\/comunicarmais\/","https:\/\/www.instagram.com\/comunicarmaisba\/","https:\/\/x.com\/ComunicarmaisBA"],"url":"https:\/\/www.comunicarmais.com.br\/site\/author\/gerenciador\/"}]}},"_links":{"self":[{"href":"https:\/\/www.comunicarmais.com.br\/site\/wp-json\/wp\/v2\/posts\/12418","targetHints":{"allow":["GET"]}}],"collection":[{"href":"https:\/\/www.comunicarmais.com.br\/site\/wp-json\/wp\/v2\/posts"}],"about":[{"href":"https:\/\/www.comunicarmais.com.br\/site\/wp-json\/wp\/v2\/types\/post"}],"author":[{"embeddable":true,"href":"https:\/\/www.comunicarmais.com.br\/site\/wp-json\/wp\/v2\/users\/2"}],"replies":[{"embeddable":true,"href":"https:\/\/www.comunicarmais.com.br\/site\/wp-json\/wp\/v2\/comments?post=12418"}],"version-history":[{"count":2,"href":"https:\/\/www.comunicarmais.com.br\/site\/wp-json\/wp\/v2\/posts\/12418\/revisions"}],"predecessor-version":[{"id":12436,"href":"https:\/\/www.comunicarmais.com.br\/site\/wp-json\/wp\/v2\/posts\/12418\/revisions\/12436"}],"wp:featuredmedia":[{"embeddable":true,"href":"https:\/\/www.comunicarmais.com.br\/site\/wp-json\/wp\/v2\/media\/12420"}],"wp:attachment":[{"href":"https:\/\/www.comunicarmais.com.br\/site\/wp-json\/wp\/v2\/media?parent=12418"}],"wp:term":[{"taxonomy":"category","embeddable":true,"href":"https:\/\/www.comunicarmais.com.br\/site\/wp-json\/wp\/v2\/categories?post=12418"},{"taxonomy":"post_tag","embeddable":true,"href":"https:\/\/www.comunicarmais.com.br\/site\/wp-json\/wp\/v2\/tags?post=12418"}],"curies":[{"name":"wp","href":"https:\/\/api.w.org\/{rel}","templated":true}]}}