{"id":12377,"date":"2026-01-14T00:09:00","date_gmt":"2026-01-14T03:09:00","guid":{"rendered":"https:\/\/www.comunicarmais.com.br\/site\/?p=12377"},"modified":"2026-01-14T13:20:25","modified_gmt":"2026-01-14T16:20:25","slug":"as-vesperas-da-lavagem-do-bonfim-obras-do-caminho-da-fe-sao-restauradas-apos-vandalismo","status":"publish","type":"post","link":"https:\/\/www.comunicarmais.com.br\/site\/2026\/01\/14\/as-vesperas-da-lavagem-do-bonfim-obras-do-caminho-da-fe-sao-restauradas-apos-vandalismo\/","title":{"rendered":"\u00c0s v\u00e9speras da Lavagem do Bonfim, obras do Caminho da F\u00e9 s\u00e3o restauradas ap\u00f3s vandalismo"},"content":{"rendered":"\n<p><strong>Estruturas que comp\u00f5em a exposi\u00e7\u00e3o foram recuperadas ap\u00f3s sucessivos atos de vandalismo registrados no ano passado<\/strong><\/p>\n\n\n\n<figure class=\"wp-block-image size-large\"><img decoding=\"async\" width=\"1433\" height=\"957\" data-src=\"https:\/\/www.comunicarmais.com.br\/site\/wp-content\/uploads\/2026\/01\/WhatsApp-Image-2026-01-08-at-19.32.03-1433x957.jpeg\" alt=\"\" class=\"wp-image-12379 lazyload\" data-srcset=\"https:\/\/www.comunicarmais.com.br\/site\/wp-content\/uploads\/2026\/01\/WhatsApp-Image-2026-01-08-at-19.32.03-1433x957.jpeg 1433w, https:\/\/www.comunicarmais.com.br\/site\/wp-content\/uploads\/2026\/01\/WhatsApp-Image-2026-01-08-at-19.32.03-1024x684.jpeg 1024w, https:\/\/www.comunicarmais.com.br\/site\/wp-content\/uploads\/2026\/01\/WhatsApp-Image-2026-01-08-at-19.32.03-768x513.jpeg 768w, https:\/\/www.comunicarmais.com.br\/site\/wp-content\/uploads\/2026\/01\/WhatsApp-Image-2026-01-08-at-19.32.03-1536x1025.jpeg 1536w, https:\/\/www.comunicarmais.com.br\/site\/wp-content\/uploads\/2026\/01\/WhatsApp-Image-2026-01-08-at-19.32.03.jpeg 1600w\" data-sizes=\"(max-width: 1433px) 100vw, 1433px\" src=\"data:image\/svg+xml;base64,PHN2ZyB3aWR0aD0iMSIgaGVpZ2h0PSIxIiB4bWxucz0iaHR0cDovL3d3dy53My5vcmcvMjAwMC9zdmciPjwvc3ZnPg==\" style=\"--smush-placeholder-width: 1433px; --smush-placeholder-aspect-ratio: 1433\/957;\" \/><figcaption class=\"wp-element-caption\"><em><sup>(Foto: Jefferson Peixoto \/ Secom PMS)<\/sup><\/em><\/figcaption><\/figure>\n\n\n\n<p><strong>Reda\u00e7\u00e3o Mais &#8211;<\/strong> Na pr\u00f3xima quinta-feira (15), durante a Lavagem do Bonfim, quem seguir em dire\u00e7\u00e3o \u00e0 Colina Sagrada pelo Caminho da F\u00e9 \u2014 localizado entre as Obras de Irm\u00e3 Dulce e a Igreja do Bonfim, na Avenida Dendezeiros \u2014 vai se deparar com as obras de arte que retratam a hist\u00f3ria de Santa Dulce dos Pobres e a devo\u00e7\u00e3o ao Senhor do Bonfim completamente restauradas. As estruturas que comp\u00f5em a exposi\u00e7\u00e3o foram recuperadas ap\u00f3s sucessivos atos de vandalismo registrados no ano passado.<\/p>\n\n\n\n<p>As 14 esta\u00e7\u00f5es, com 28 obras de arte que retratam a hist\u00f3ria de Santa Dulce dos Pobres e do Senhor do Bonfim, s\u00e3o fixadas com parafusos ocultos e contam com uma camada extra de prote\u00e7\u00e3o em vidro. Ainda assim, do total de pe\u00e7as expostas, 22 foram furtadas, o que tornou necess\u00e1ria a reposi\u00e7\u00e3o dos 28 totens em madeira com chapas de a\u00e7o inox, criados pelo artista Juarez Para\u00edso, autor da obra original. A produ\u00e7\u00e3o do novo material foi viabilizada pela Funda\u00e7\u00e3o Greg\u00f3rio de Mattos (FGM).<\/p>\n\n\n\n<p>De acordo com a gerente de Patrim\u00f4nio da FGM, Roberta Ventura, as obras do Caminho da F\u00e9 possuem import\u00e2ncia imensur\u00e1vel, tanto do ponto de vista art\u00edstico quanto espiritual e cultural, por homenagearem duas figuras profundamente enraizadas na devo\u00e7\u00e3o popular e na identidade do povo brasileiro: Santa Dulce dos Pobres, s\u00edmbolo maior da caridade, da solidariedade e do cuidado com os mais necessitados, e o Senhor do Bonfim, express\u00e3o m\u00e1xima da f\u00e9, da esperan\u00e7a e da tradi\u00e7\u00e3o religiosa que atravessa gera\u00e7\u00f5es.<\/p>\n\n\n\n<p>\u201cEssas obras criadas por Juarez Para\u00edso, um dos mais relevantes artistas visuais da Bahia, dialogam diretamente com a religiosidade, a mem\u00f3ria coletiva e a paisagem cultural do nosso territ\u00f3rio. O Caminho da F\u00e9 n\u00e3o \u00e9 apenas um percurso art\u00edstico, mas um espa\u00e7o de contempla\u00e7\u00e3o, reflex\u00e3o e encontro entre arte, espiritualidade e identidade social\u201d, afirmou Roberta.<\/p>\n\n\n\n<p>A gestora destacou ainda que as obras do Caminho da F\u00e9 integram o conjunto de trabalhos de Juarez Para\u00edso que est\u00e1 em processo de tombamento e j\u00e1 conta com prote\u00e7\u00e3o legal provis\u00f3ria desde 2024, a partir da Notifica\u00e7\u00e3o de Abertura do Processo de Tombamento. \u201cEsse reconhecimento refor\u00e7a o valor art\u00edstico e simb\u00f3lico das obras, assegurando sua preserva\u00e7\u00e3o para as futuras gera\u00e7\u00f5es. Mesmo com esse reconhecimento, elas v\u00eam sofrendo atos de vandalismo, o que \u00e9 extremamente grave\u201d, refor\u00e7ou.<\/p>\n\n\n\n<figure class=\"wp-block-image size-large\"><img decoding=\"async\" width=\"1433\" height=\"957\" data-src=\"https:\/\/www.comunicarmais.com.br\/site\/wp-content\/uploads\/2026\/01\/WhatsApp-Image-2026-01-08-at-19.32.04-1-1433x957.jpeg\" alt=\"\" class=\"wp-image-12380 lazyload\" data-srcset=\"https:\/\/www.comunicarmais.com.br\/site\/wp-content\/uploads\/2026\/01\/WhatsApp-Image-2026-01-08-at-19.32.04-1-1433x957.jpeg 1433w, https:\/\/www.comunicarmais.com.br\/site\/wp-content\/uploads\/2026\/01\/WhatsApp-Image-2026-01-08-at-19.32.04-1-1024x684.jpeg 1024w, https:\/\/www.comunicarmais.com.br\/site\/wp-content\/uploads\/2026\/01\/WhatsApp-Image-2026-01-08-at-19.32.04-1-768x513.jpeg 768w, https:\/\/www.comunicarmais.com.br\/site\/wp-content\/uploads\/2026\/01\/WhatsApp-Image-2026-01-08-at-19.32.04-1-1536x1025.jpeg 1536w, https:\/\/www.comunicarmais.com.br\/site\/wp-content\/uploads\/2026\/01\/WhatsApp-Image-2026-01-08-at-19.32.04-1.jpeg 1600w\" data-sizes=\"(max-width: 1433px) 100vw, 1433px\" src=\"data:image\/svg+xml;base64,PHN2ZyB3aWR0aD0iMSIgaGVpZ2h0PSIxIiB4bWxucz0iaHR0cDovL3d3dy53My5vcmcvMjAwMC9zdmciPjwvc3ZnPg==\" style=\"--smush-placeholder-width: 1433px; --smush-placeholder-aspect-ratio: 1433\/957;\" \/><figcaption class=\"wp-element-caption\"><em><sup>(Foto: Jefferson Peixoto \/ Secom PMS)<\/sup><\/em><\/figcaption><\/figure>\n\n\n\n<p><strong>Respeito ao patrim\u00f4nio \u2014<\/strong> De acordo com o C\u00f3digo Penal Brasileiro (art. 163), depredar ou danificar monumentos e bens p\u00fablicos, tombados ou n\u00e3o, \u00e9 crime, com penas que variam entre multa e deten\u00e7\u00e3o. O artista respons\u00e1vel pelas obras, Juarez Para\u00edso, ressaltou que o vandalismo se tornou uma quest\u00e3o de seguran\u00e7a p\u00fablica, envolvendo educa\u00e7\u00e3o, respeito \u00e0 religi\u00e3o do outro e ao patrim\u00f4nio coletivo.<\/p>\n\n\n\n<p>\u201cA obra de arte merece toda a aten\u00e7\u00e3o poss\u00edvel, porque \u00e9 um investimento econ\u00f4mico e cultural, o que exige responsabilidade de todos. Para n\u00f3s, autores e produtores, o vandalismo foi um golpe grande. Provoca dor e impot\u00eancia quando se percebe que n\u00e3o h\u00e1 como resguardar completamente as obras. Hoje, elas est\u00e3o de volta gra\u00e7as ao interesse e \u00e0 responsabilidade da FGM, \u00e0 consci\u00eancia p\u00fablica da gest\u00e3o e ao respeito \u00e0 Santa Dulce. A Funda\u00e7\u00e3o, em um ato de responsabilidade, promoveu a reposi\u00e7\u00e3o das obras com uma equipe dedicada\u201d, afirmou.<\/p>\n\n\n\n<p>O artista lembrou que o projeto do Caminho da F\u00e9 foi desenvolvido durante a pandemia, sendo considerado um ato de esperan\u00e7a em um per\u00edodo marcado pelas incertezas da Covid-19. Al\u00e9m das obras de Para\u00edso, mais 14 artistas participaram da concep\u00e7\u00e3o das obras. S\u00e3o eles: S\u00f4nia Rangel, M\u00e1rcia Magno, Edsoleda Santos, Paulo Rufino, Fernando Pinto, Jota Cunha, Washington Falc\u00e3o, Leonel Mattos, Ray Vianna, Chico Mazzoni, Murilo, Bel Borba, Guache Marques e Juraci D\u00f3ria. M\u00e1rcia Magno e Washington Falc\u00e3o tamb\u00e9m atuaram na produ\u00e7\u00e3o do projeto e na restaura\u00e7\u00e3o completa do material, no ateli\u00ea de de Juarez Para\u00edso.<\/p>\n\n\n\n<figure class=\"wp-block-image size-large\"><img decoding=\"async\" width=\"1433\" height=\"956\" data-src=\"https:\/\/www.comunicarmais.com.br\/site\/wp-content\/uploads\/2026\/01\/WhatsApp-Image-2026-01-08-at-19.32.04-1433x956.jpeg\" alt=\"\" class=\"wp-image-12381 lazyload\" data-srcset=\"https:\/\/www.comunicarmais.com.br\/site\/wp-content\/uploads\/2026\/01\/WhatsApp-Image-2026-01-08-at-19.32.04-1433x956.jpeg 1433w, https:\/\/www.comunicarmais.com.br\/site\/wp-content\/uploads\/2026\/01\/WhatsApp-Image-2026-01-08-at-19.32.04-1024x683.jpeg 1024w, https:\/\/www.comunicarmais.com.br\/site\/wp-content\/uploads\/2026\/01\/WhatsApp-Image-2026-01-08-at-19.32.04-768x512.jpeg 768w, https:\/\/www.comunicarmais.com.br\/site\/wp-content\/uploads\/2026\/01\/WhatsApp-Image-2026-01-08-at-19.32.04-1536x1024.jpeg 1536w, https:\/\/www.comunicarmais.com.br\/site\/wp-content\/uploads\/2026\/01\/WhatsApp-Image-2026-01-08-at-19.32.04.jpeg 1600w\" data-sizes=\"(max-width: 1433px) 100vw, 1433px\" src=\"data:image\/svg+xml;base64,PHN2ZyB3aWR0aD0iMSIgaGVpZ2h0PSIxIiB4bWxucz0iaHR0cDovL3d3dy53My5vcmcvMjAwMC9zdmciPjwvc3ZnPg==\" style=\"--smush-placeholder-width: 1433px; --smush-placeholder-aspect-ratio: 1433\/956;\" \/><figcaption class=\"wp-element-caption\"><em><sup>(Foto: Jefferson Peixoto \/ Secom PMS)<\/sup><\/em><\/figcaption><\/figure>\n\n\n\n<p><strong>Caminho da F\u00e9 \u2014<\/strong> Inauguradas em 13 de agosto de 2020, o Caminho da F\u00e9 \u00e9 rota religiosa de 1,1 quil\u00f4metro, pensada como trajeto a ser percorrido por fi\u00e9is entre o Santu\u00e1rio do Bonfim e o Santu\u00e1rio de Santa Dulce dos Pobres, na Pen\u00ednsula de Itapagipe. As obras est\u00e3o instaladas ao longo da via em formato de totens com duas faces. Cada pe\u00e7a pode ser apreciada conforme o sentido do trajeto: um lado \u00e9 visto por quem segue em dire\u00e7\u00e3o \u00e0 Igreja do Bonfim, e o outro por quem caminha em dire\u00e7\u00e3o ao Hospital de Irm\u00e3 Dulce.<\/p>\n\n\n\n<p>O primeiro totem est\u00e1 localizado em frente ao Hospital Santo Ant\u00f4nio, nas proximidades da Igreja de Irm\u00e3 Dulce. A partir desse ponto, as estruturas seguem alinhadas pela cal\u00e7ada no sentido da Igreja do Bonfim, formando um percurso com diversas obras distribu\u00eddas ao longo do caminho.<\/p>\n\n\n\n<p>________________________________________________________________________________________________________________<\/p>\n\n\n<p class=\"wp-block-tag-cloud\"><a href=\"https:\/\/www.comunicarmais.com.br\/site\/tag\/bahia\/\" class=\"tag-cloud-link tag-link-171 tag-link-position-1\" style=\"font-size: 17.922330097087pt;\" aria-label=\"Bahia (116 itens)\">Bahia<\/a>\n<a href=\"https:\/\/www.comunicarmais.com.br\/site\/tag\/bolsonaro\/\" class=\"tag-cloud-link tag-link-112 tag-link-position-2\" style=\"font-size: 11.533980582524pt;\" aria-label=\"Bolsonaro (39 itens)\">Bolsonaro<\/a>\n<a href=\"https:\/\/www.comunicarmais.com.br\/site\/tag\/brasil\/\" class=\"tag-cloud-link tag-link-335 tag-link-position-3\" style=\"font-size: 13.029126213592pt;\" aria-label=\"Brasil (50 itens)\">Brasil<\/a>\n<a href=\"https:\/\/www.comunicarmais.com.br\/site\/tag\/camacari\/\" class=\"tag-cloud-link tag-link-435 tag-link-position-4\" style=\"font-size: 8.8155339805825pt;\" aria-label=\"Cama\u00e7ari (24 itens)\">Cama\u00e7ari<\/a>\n<a href=\"https:\/\/www.comunicarmais.com.br\/site\/tag\/carnaval\/\" class=\"tag-cloud-link tag-link-508 tag-link-position-5\" style=\"font-size: 12.893203883495pt;\" aria-label=\"Carnaval (49 itens)\">Carnaval<\/a>\n<a href=\"https:\/\/www.comunicarmais.com.br\/site\/tag\/cbx\/\" class=\"tag-cloud-link tag-link-1602 tag-link-position-6\" style=\"font-size: 11.398058252427pt;\" aria-label=\"CBX (38 itens)\">CBX<\/a>\n<a href=\"https:\/\/www.comunicarmais.com.br\/site\/tag\/cidade-baixa\/\" class=\"tag-cloud-link tag-link-456 tag-link-position-7\" style=\"font-size: 9.9029126213592pt;\" aria-label=\"Cidade Baixa (29 itens)\">Cidade Baixa<\/a>\n<a href=\"https:\/\/www.comunicarmais.com.br\/site\/tag\/cinema\/\" class=\"tag-cloud-link tag-link-985 tag-link-position-8\" style=\"font-size: 11.126213592233pt;\" aria-label=\"Cinema (36 itens)\">Cinema<\/a>\n<a href=\"https:\/\/www.comunicarmais.com.br\/site\/tag\/cultura\/\" class=\"tag-cloud-link tag-link-231 tag-link-position-9\" style=\"font-size: 12.21359223301pt;\" aria-label=\"Cultura (44 itens)\">Cultura<\/a>\n<a href=\"https:\/\/www.comunicarmais.com.br\/site\/tag\/drogas\/\" class=\"tag-cloud-link tag-link-165 tag-link-position-10\" style=\"font-size: 12.757281553398pt;\" aria-label=\"Drogas (48 itens)\">Drogas<\/a>\n<a href=\"https:\/\/www.comunicarmais.com.br\/site\/tag\/educacao\/\" class=\"tag-cloud-link tag-link-228 tag-link-position-11\" style=\"font-size: 12.621359223301pt;\" aria-label=\"Educa\u00e7\u00e3o (47 itens)\">Educa\u00e7\u00e3o<\/a>\n<a href=\"https:\/\/www.comunicarmais.com.br\/site\/tag\/ensino\/\" class=\"tag-cloud-link tag-link-233 tag-link-position-12\" style=\"font-size: 10.446601941748pt;\" aria-label=\"Ensino (32 itens)\">Ensino<\/a>\n<a href=\"https:\/\/www.comunicarmais.com.br\/site\/tag\/escola\/\" class=\"tag-cloud-link tag-link-229 tag-link-position-13\" style=\"font-size: 9.631067961165pt;\" aria-label=\"Escola (28 itens)\">Escola<\/a>\n<a href=\"https:\/\/www.comunicarmais.com.br\/site\/tag\/eua\/\" class=\"tag-cloud-link tag-link-664 tag-link-position-14\" style=\"font-size: 12.077669902913pt;\" aria-label=\"EUA (43 itens)\">EUA<\/a>\n<a href=\"https:\/\/www.comunicarmais.com.br\/site\/tag\/feira-de-santana\/\" class=\"tag-cloud-link tag-link-642 tag-link-position-15\" style=\"font-size: 9.2233009708738pt;\" aria-label=\"Feira de Santana (26 itens)\">Feira de Santana<\/a>\n<a href=\"https:\/\/www.comunicarmais.com.br\/site\/tag\/ficco\/\" class=\"tag-cloud-link tag-link-143 tag-link-position-16\" style=\"font-size: 9.2233009708738pt;\" aria-label=\"Ficco (26 itens)\">Ficco<\/a>\n<a href=\"https:\/\/www.comunicarmais.com.br\/site\/tag\/folia\/\" class=\"tag-cloud-link tag-link-566 tag-link-position-17\" style=\"font-size: 9.2233009708738pt;\" aria-label=\"Folia (26 itens)\">Folia<\/a>\n<a href=\"https:\/\/www.comunicarmais.com.br\/site\/tag\/futebol\/\" class=\"tag-cloud-link tag-link-40 tag-link-position-18\" style=\"font-size: 13.029126213592pt;\" aria-label=\"Futebol (50 itens)\">Futebol<\/a>\n<a href=\"https:\/\/www.comunicarmais.com.br\/site\/tag\/homicidio\/\" class=\"tag-cloud-link tag-link-101 tag-link-position-19\" style=\"font-size: 10.582524271845pt;\" aria-label=\"Homic\u00eddio (33 itens)\">Homic\u00eddio<\/a>\n<a href=\"https:\/\/www.comunicarmais.com.br\/site\/tag\/itapagipe\/\" class=\"tag-cloud-link tag-link-471 tag-link-position-20\" style=\"font-size: 10.038834951456pt;\" aria-label=\"Itapagipe (30 itens)\">Itapagipe<\/a>\n<a href=\"https:\/\/www.comunicarmais.com.br\/site\/tag\/itaparica\/\" class=\"tag-cloud-link tag-link-301 tag-link-position-21\" style=\"font-size: 8pt;\" aria-label=\"Itaparica (21 itens)\">Itaparica<\/a>\n<a href=\"https:\/\/www.comunicarmais.com.br\/site\/tag\/jeronimo-rodrigues\/\" class=\"tag-cloud-link tag-link-668 tag-link-position-22\" style=\"font-size: 8.2718446601942pt;\" aria-label=\"Jer\u00f4nimo Rodrigues (22 itens)\">Jer\u00f4nimo Rodrigues<\/a>\n<a href=\"https:\/\/www.comunicarmais.com.br\/site\/tag\/justica\/\" class=\"tag-cloud-link tag-link-361 tag-link-position-23\" style=\"font-size: 10.582524271845pt;\" aria-label=\"Justi\u00e7a (33 itens)\">Justi\u00e7a<\/a>\n<a href=\"https:\/\/www.comunicarmais.com.br\/site\/tag\/lauro-de-freitas\/\" class=\"tag-cloud-link tag-link-594 tag-link-position-24\" style=\"font-size: 18.194174757282pt;\" aria-label=\"Lauro de Freitas (122 itens)\">Lauro de Freitas<\/a>\n<a href=\"https:\/\/www.comunicarmais.com.br\/site\/tag\/lazer\/\" class=\"tag-cloud-link tag-link-568 tag-link-position-25\" style=\"font-size: 9.2233009708738pt;\" aria-label=\"Lazer (26 itens)\">Lazer<\/a>\n<a href=\"https:\/\/www.comunicarmais.com.br\/site\/tag\/lula\/\" class=\"tag-cloud-link tag-link-416 tag-link-position-26\" style=\"font-size: 12.21359223301pt;\" aria-label=\"Lula (44 itens)\">Lula<\/a>\n<a href=\"https:\/\/www.comunicarmais.com.br\/site\/tag\/meio-ambiente\/\" class=\"tag-cloud-link tag-link-475 tag-link-position-27\" style=\"font-size: 12.21359223301pt;\" aria-label=\"Meio Ambiente (44 itens)\">Meio Ambiente<\/a>\n<a href=\"https:\/\/www.comunicarmais.com.br\/site\/tag\/mobilidade\/\" class=\"tag-cloud-link tag-link-278 tag-link-position-28\" style=\"font-size: 13.844660194175pt;\" aria-label=\"Mobilidade (58 itens)\">Mobilidade<\/a>\n<a href=\"https:\/\/www.comunicarmais.com.br\/site\/tag\/mulher\/\" class=\"tag-cloud-link tag-link-450 tag-link-position-29\" style=\"font-size: 13.300970873786pt;\" aria-label=\"mulher (53 itens)\">mulher<\/a>\n<a href=\"https:\/\/www.comunicarmais.com.br\/site\/tag\/musica-2\/\" class=\"tag-cloud-link tag-link-747 tag-link-position-30\" style=\"font-size: 12.21359223301pt;\" aria-label=\"M\u00fasica (44 itens)\">M\u00fasica<\/a>\n<a href=\"https:\/\/www.comunicarmais.com.br\/site\/tag\/pcba\/\" class=\"tag-cloud-link tag-link-1332 tag-link-position-31\" style=\"font-size: 15.067961165049pt;\" aria-label=\"PCBA (72 itens)\">PCBA<\/a>\n<a href=\"https:\/\/www.comunicarmais.com.br\/site\/tag\/pmba\/\" class=\"tag-cloud-link tag-link-53 tag-link-position-32\" style=\"font-size: 18.194174757282pt;\" aria-label=\"PMBA (123 itens)\">PMBA<\/a>\n<a href=\"https:\/\/www.comunicarmais.com.br\/site\/tag\/policia-federal\/\" class=\"tag-cloud-link tag-link-620 tag-link-position-33\" style=\"font-size: 8.9514563106796pt;\" aria-label=\"Pol\u00edcia Federal (25 itens)\">Pol\u00edcia Federal<\/a>\n<a href=\"https:\/\/www.comunicarmais.com.br\/site\/tag\/politica\/\" class=\"tag-cloud-link tag-link-495 tag-link-position-34\" style=\"font-size: 16.291262135922pt;\" aria-label=\"Pol\u00edtica (89 itens)\">Pol\u00edtica<\/a>\n<a href=\"https:\/\/www.comunicarmais.com.br\/site\/tag\/rio-de-janeiro\/\" class=\"tag-cloud-link tag-link-152 tag-link-position-35\" style=\"font-size: 9.9029126213592pt;\" aria-label=\"Rio de Janeiro (29 itens)\">Rio de Janeiro<\/a>\n<a href=\"https:\/\/www.comunicarmais.com.br\/site\/tag\/salvador\/\" class=\"tag-cloud-link tag-link-125 tag-link-position-36\" style=\"font-size: 22pt;\" aria-label=\"Salvador (234 itens)\">Salvador<\/a>\n<a href=\"https:\/\/www.comunicarmais.com.br\/site\/tag\/saude\/\" class=\"tag-cloud-link tag-link-42 tag-link-position-37\" style=\"font-size: 17.78640776699pt;\" aria-label=\"Sa\u00fade (115 itens)\">Sa\u00fade<\/a>\n<a href=\"https:\/\/www.comunicarmais.com.br\/site\/tag\/seguranca\/\" class=\"tag-cloud-link tag-link-48 tag-link-position-38\" style=\"font-size: 9.2233009708738pt;\" aria-label=\"Seguran\u00e7a (26 itens)\">Seguran\u00e7a<\/a>\n<a href=\"https:\/\/www.comunicarmais.com.br\/site\/tag\/ssp-ba\/\" class=\"tag-cloud-link tag-link-1937 tag-link-position-39\" style=\"font-size: 8.9514563106796pt;\" aria-label=\"SSP-BA (25 itens)\">SSP-BA<\/a>\n<a href=\"https:\/\/www.comunicarmais.com.br\/site\/tag\/sspba\/\" class=\"tag-cloud-link tag-link-144 tag-link-position-40\" style=\"font-size: 11.398058252427pt;\" aria-label=\"SSPBA (38 itens)\">SSPBA<\/a>\n<a href=\"https:\/\/www.comunicarmais.com.br\/site\/tag\/stf\/\" class=\"tag-cloud-link tag-link-68 tag-link-position-41\" style=\"font-size: 14.252427184466pt;\" aria-label=\"STF (62 itens)\">STF<\/a>\n<a href=\"https:\/\/www.comunicarmais.com.br\/site\/tag\/sao-paulo\/\" class=\"tag-cloud-link tag-link-612 tag-link-position-42\" style=\"font-size: 8pt;\" aria-label=\"S\u00e3o Paulo (21 itens)\">S\u00e3o Paulo<\/a>\n<a href=\"https:\/\/www.comunicarmais.com.br\/site\/tag\/transito-2\/\" class=\"tag-cloud-link tag-link-377 tag-link-position-43\" style=\"font-size: 8.2718446601942pt;\" aria-label=\"tr\u00e2nsito (22 itens)\">tr\u00e2nsito<\/a>\n<a href=\"https:\/\/www.comunicarmais.com.br\/site\/tag\/turismo\/\" class=\"tag-cloud-link tag-link-225 tag-link-position-44\" style=\"font-size: 9.631067961165pt;\" aria-label=\"Turismo (28 itens)\">Turismo<\/a>\n<a href=\"https:\/\/www.comunicarmais.com.br\/site\/tag\/uruguai\/\" class=\"tag-cloud-link tag-link-323 tag-link-position-45\" style=\"font-size: 9.631067961165pt;\" aria-label=\"Uruguai (28 itens)\">Uruguai<\/a><\/p>","protected":false},"excerpt":{"rendered":"<p>Estruturas que comp\u00f5em a exposi\u00e7\u00e3o foram recuperadas ap\u00f3s sucessivos atos de vandalismo registrados no ano passado<\/p>\n","protected":false},"author":2,"featured_media":12380,"comment_status":"open","ping_status":"open","sticky":false,"template":"","format":"standard","meta":{"_acf_changed":false,"footnotes":""},"categories":[5],"tags":[1602,456,2033,372,1510],"class_list":["post-12377","post","type-post","status-publish","format-standard","has-post-thumbnail","hentry","category-grande-salvador","tag-cbx","tag-cidade-baixa","tag-festas-populares","tag-lavagem-do-bonfim","tag-santa-dulce-dos-pobres"],"acf":[],"yoast_head":"<!-- This site is optimized with the Yoast SEO plugin v26.1.1 - https:\/\/yoast.com\/wordpress\/plugins\/seo\/ -->\n<title>\u00c0s v\u00e9speras da Lavagem do Bonfim, obras do Caminho da F\u00e9 s\u00e3o restauradas ap\u00f3s vandalismo - Comunicar Mais<\/title>\n<meta name=\"description\" content=\"Estruturas que comp\u00f5em a exposi\u00e7\u00e3o foram recuperadas ap\u00f3s sucessivos atos de vandalismo registrados no ano passado\" \/>\n<meta name=\"robots\" content=\"index, follow, max-snippet:-1, max-image-preview:large, max-video-preview:-1\" \/>\n<link rel=\"canonical\" href=\"https:\/\/www.comunicarmais.com.br\/site\/2026\/01\/14\/as-vesperas-da-lavagem-do-bonfim-obras-do-caminho-da-fe-sao-restauradas-apos-vandalismo\/\" \/>\n<meta property=\"og:locale\" content=\"pt_BR\" \/>\n<meta property=\"og:type\" content=\"article\" \/>\n<meta property=\"og:title\" content=\"\u00c0s v\u00e9speras da Lavagem do Bonfim, obras do Caminho da F\u00e9 s\u00e3o restauradas ap\u00f3s vandalismo - Comunicar Mais\" \/>\n<meta property=\"og:description\" content=\"Estruturas que comp\u00f5em a exposi\u00e7\u00e3o foram recuperadas ap\u00f3s sucessivos atos de vandalismo registrados no ano passado\" \/>\n<meta property=\"og:url\" content=\"https:\/\/www.comunicarmais.com.br\/site\/2026\/01\/14\/as-vesperas-da-lavagem-do-bonfim-obras-do-caminho-da-fe-sao-restauradas-apos-vandalismo\/\" \/>\n<meta property=\"og:site_name\" content=\"Comunicar Mais\" \/>\n<meta property=\"article:publisher\" content=\"https:\/\/www.facebook.com\/comunicarmais\/\" \/>\n<meta property=\"article:author\" content=\"https:\/\/www.facebook.com\/comunicarmais\/\" \/>\n<meta property=\"article:published_time\" content=\"2026-01-14T03:09:00+00:00\" \/>\n<meta property=\"article:modified_time\" content=\"2026-01-14T16:20:25+00:00\" \/>\n<meta property=\"og:image\" content=\"https:\/\/www.comunicarmais.com.br\/site\/wp-content\/uploads\/2026\/01\/WhatsApp-Image-2026-01-08-at-19.32.04-1.jpeg\" \/>\n\t<meta property=\"og:image:width\" content=\"1600\" \/>\n\t<meta property=\"og:image:height\" content=\"1068\" \/>\n\t<meta property=\"og:image:type\" content=\"image\/jpeg\" \/>\n<meta name=\"author\" content=\"Comunicar Mais\" \/>\n<meta name=\"twitter:card\" content=\"summary_large_image\" \/>\n<meta name=\"twitter:creator\" content=\"@ComunicarmaisBA\" \/>\n<meta name=\"twitter:site\" content=\"@ComunicarmaisBA\" \/>\n<meta name=\"twitter:label1\" content=\"Escrito por\" \/>\n\t<meta name=\"twitter:data1\" content=\"Comunicar Mais\" \/>\n\t<meta name=\"twitter:label2\" content=\"Est. tempo de leitura\" \/>\n\t<meta name=\"twitter:data2\" content=\"6 minutos\" \/>\n<script type=\"application\/ld+json\" class=\"yoast-schema-graph\">{\"@context\":\"https:\/\/schema.org\",\"@graph\":[{\"@type\":\"WebPage\",\"@id\":\"https:\/\/www.comunicarmais.com.br\/site\/2026\/01\/14\/as-vesperas-da-lavagem-do-bonfim-obras-do-caminho-da-fe-sao-restauradas-apos-vandalismo\/\",\"url\":\"https:\/\/www.comunicarmais.com.br\/site\/2026\/01\/14\/as-vesperas-da-lavagem-do-bonfim-obras-do-caminho-da-fe-sao-restauradas-apos-vandalismo\/\",\"name\":\"\u00c0s v\u00e9speras da Lavagem do Bonfim, obras do Caminho da F\u00e9 s\u00e3o restauradas ap\u00f3s vandalismo - Comunicar Mais\",\"isPartOf\":{\"@id\":\"https:\/\/www.comunicarmais.com.br\/site\/#website\"},\"primaryImageOfPage\":{\"@id\":\"https:\/\/www.comunicarmais.com.br\/site\/2026\/01\/14\/as-vesperas-da-lavagem-do-bonfim-obras-do-caminho-da-fe-sao-restauradas-apos-vandalismo\/#primaryimage\"},\"image\":{\"@id\":\"https:\/\/www.comunicarmais.com.br\/site\/2026\/01\/14\/as-vesperas-da-lavagem-do-bonfim-obras-do-caminho-da-fe-sao-restauradas-apos-vandalismo\/#primaryimage\"},\"thumbnailUrl\":\"https:\/\/www.comunicarmais.com.br\/site\/wp-content\/uploads\/2026\/01\/WhatsApp-Image-2026-01-08-at-19.32.04-1.jpeg\",\"datePublished\":\"2026-01-14T03:09:00+00:00\",\"dateModified\":\"2026-01-14T16:20:25+00:00\",\"author\":{\"@id\":\"https:\/\/www.comunicarmais.com.br\/site\/#\/schema\/person\/712f7b6b25b644e4a91c4173674cf284\"},\"description\":\"Estruturas que comp\u00f5em a exposi\u00e7\u00e3o foram recuperadas ap\u00f3s sucessivos atos de vandalismo registrados no ano passado\",\"breadcrumb\":{\"@id\":\"https:\/\/www.comunicarmais.com.br\/site\/2026\/01\/14\/as-vesperas-da-lavagem-do-bonfim-obras-do-caminho-da-fe-sao-restauradas-apos-vandalismo\/#breadcrumb\"},\"inLanguage\":\"pt-BR\",\"potentialAction\":[{\"@type\":\"ReadAction\",\"target\":[\"https:\/\/www.comunicarmais.com.br\/site\/2026\/01\/14\/as-vesperas-da-lavagem-do-bonfim-obras-do-caminho-da-fe-sao-restauradas-apos-vandalismo\/\"]}]},{\"@type\":\"ImageObject\",\"inLanguage\":\"pt-BR\",\"@id\":\"https:\/\/www.comunicarmais.com.br\/site\/2026\/01\/14\/as-vesperas-da-lavagem-do-bonfim-obras-do-caminho-da-fe-sao-restauradas-apos-vandalismo\/#primaryimage\",\"url\":\"https:\/\/www.comunicarmais.com.br\/site\/wp-content\/uploads\/2026\/01\/WhatsApp-Image-2026-01-08-at-19.32.04-1.jpeg\",\"contentUrl\":\"https:\/\/www.comunicarmais.com.br\/site\/wp-content\/uploads\/2026\/01\/WhatsApp-Image-2026-01-08-at-19.32.04-1.jpeg\",\"width\":1600,\"height\":1068},{\"@type\":\"BreadcrumbList\",\"@id\":\"https:\/\/www.comunicarmais.com.br\/site\/2026\/01\/14\/as-vesperas-da-lavagem-do-bonfim-obras-do-caminho-da-fe-sao-restauradas-apos-vandalismo\/#breadcrumb\",\"itemListElement\":[{\"@type\":\"ListItem\",\"position\":1,\"name\":\"In\u00edcio\",\"item\":\"https:\/\/www.comunicarmais.com.br\/site\/\"},{\"@type\":\"ListItem\",\"position\":2,\"name\":\"\u00c0s v\u00e9speras da Lavagem do Bonfim, obras do Caminho da F\u00e9 s\u00e3o restauradas ap\u00f3s vandalismo\"}]},{\"@type\":\"WebSite\",\"@id\":\"https:\/\/www.comunicarmais.com.br\/site\/#website\",\"url\":\"https:\/\/www.comunicarmais.com.br\/site\/\",\"name\":\"Comunicar Mais\",\"description\":\"\",\"potentialAction\":[{\"@type\":\"SearchAction\",\"target\":{\"@type\":\"EntryPoint\",\"urlTemplate\":\"https:\/\/www.comunicarmais.com.br\/site\/?s={search_term_string}\"},\"query-input\":{\"@type\":\"PropertyValueSpecification\",\"valueRequired\":true,\"valueName\":\"search_term_string\"}}],\"inLanguage\":\"pt-BR\"},{\"@type\":\"Person\",\"@id\":\"https:\/\/www.comunicarmais.com.br\/site\/#\/schema\/person\/712f7b6b25b644e4a91c4173674cf284\",\"name\":\"Comunicar Mais\",\"image\":{\"@type\":\"ImageObject\",\"inLanguage\":\"pt-BR\",\"@id\":\"https:\/\/www.comunicarmais.com.br\/site\/#\/schema\/person\/image\/\",\"url\":\"https:\/\/secure.gravatar.com\/avatar\/9803218072e2c0dc265d3d787b54c2c33325e79f79732707fddfbf1efd82c678?s=96&d=mm&r=g\",\"contentUrl\":\"https:\/\/secure.gravatar.com\/avatar\/9803218072e2c0dc265d3d787b54c2c33325e79f79732707fddfbf1efd82c678?s=96&d=mm&r=g\",\"caption\":\"Comunicar Mais\"},\"description\":\"Deixe as ideologias com os ide\u00f3logos. Noticiamos fatos, n\u00e3o brigamos com eles. Aqui, voc\u00ea fica bem informado do que acontece no seu bairro e no mundo. Informar com \u00e9tica e responsabilidade s\u00e3o as bandeiras do Comunicarmais.\",\"sameAs\":[\"https:\/\/www.comunicarmais.com.br\/site\/\",\"https:\/\/www.facebook.com\/comunicarmais\/\",\"https:\/\/www.instagram.com\/comunicarmaisba\/\",\"https:\/\/x.com\/ComunicarmaisBA\"],\"url\":\"https:\/\/www.comunicarmais.com.br\/site\/author\/gerenciador\/\"}]}<\/script>\n<!-- \/ Yoast SEO plugin. -->","yoast_head_json":{"title":"\u00c0s v\u00e9speras da Lavagem do Bonfim, obras do Caminho da F\u00e9 s\u00e3o restauradas ap\u00f3s vandalismo - Comunicar Mais","description":"Estruturas que comp\u00f5em a exposi\u00e7\u00e3o foram recuperadas ap\u00f3s sucessivos atos de vandalismo registrados no ano passado","robots":{"index":"index","follow":"follow","max-snippet":"max-snippet:-1","max-image-preview":"max-image-preview:large","max-video-preview":"max-video-preview:-1"},"canonical":"https:\/\/www.comunicarmais.com.br\/site\/2026\/01\/14\/as-vesperas-da-lavagem-do-bonfim-obras-do-caminho-da-fe-sao-restauradas-apos-vandalismo\/","og_locale":"pt_BR","og_type":"article","og_title":"\u00c0s v\u00e9speras da Lavagem do Bonfim, obras do Caminho da F\u00e9 s\u00e3o restauradas ap\u00f3s vandalismo - Comunicar Mais","og_description":"Estruturas que comp\u00f5em a exposi\u00e7\u00e3o foram recuperadas ap\u00f3s sucessivos atos de vandalismo registrados no ano passado","og_url":"https:\/\/www.comunicarmais.com.br\/site\/2026\/01\/14\/as-vesperas-da-lavagem-do-bonfim-obras-do-caminho-da-fe-sao-restauradas-apos-vandalismo\/","og_site_name":"Comunicar Mais","article_publisher":"https:\/\/www.facebook.com\/comunicarmais\/","article_author":"https:\/\/www.facebook.com\/comunicarmais\/","article_published_time":"2026-01-14T03:09:00+00:00","article_modified_time":"2026-01-14T16:20:25+00:00","og_image":[{"width":1600,"height":1068,"url":"https:\/\/www.comunicarmais.com.br\/site\/wp-content\/uploads\/2026\/01\/WhatsApp-Image-2026-01-08-at-19.32.04-1.jpeg","type":"image\/jpeg"}],"author":"Comunicar Mais","twitter_card":"summary_large_image","twitter_creator":"@ComunicarmaisBA","twitter_site":"@ComunicarmaisBA","twitter_misc":{"Escrito por":"Comunicar Mais","Est. tempo de leitura":"6 minutos"},"schema":{"@context":"https:\/\/schema.org","@graph":[{"@type":"WebPage","@id":"https:\/\/www.comunicarmais.com.br\/site\/2026\/01\/14\/as-vesperas-da-lavagem-do-bonfim-obras-do-caminho-da-fe-sao-restauradas-apos-vandalismo\/","url":"https:\/\/www.comunicarmais.com.br\/site\/2026\/01\/14\/as-vesperas-da-lavagem-do-bonfim-obras-do-caminho-da-fe-sao-restauradas-apos-vandalismo\/","name":"\u00c0s v\u00e9speras da Lavagem do Bonfim, obras do Caminho da F\u00e9 s\u00e3o restauradas ap\u00f3s vandalismo - Comunicar Mais","isPartOf":{"@id":"https:\/\/www.comunicarmais.com.br\/site\/#website"},"primaryImageOfPage":{"@id":"https:\/\/www.comunicarmais.com.br\/site\/2026\/01\/14\/as-vesperas-da-lavagem-do-bonfim-obras-do-caminho-da-fe-sao-restauradas-apos-vandalismo\/#primaryimage"},"image":{"@id":"https:\/\/www.comunicarmais.com.br\/site\/2026\/01\/14\/as-vesperas-da-lavagem-do-bonfim-obras-do-caminho-da-fe-sao-restauradas-apos-vandalismo\/#primaryimage"},"thumbnailUrl":"https:\/\/www.comunicarmais.com.br\/site\/wp-content\/uploads\/2026\/01\/WhatsApp-Image-2026-01-08-at-19.32.04-1.jpeg","datePublished":"2026-01-14T03:09:00+00:00","dateModified":"2026-01-14T16:20:25+00:00","author":{"@id":"https:\/\/www.comunicarmais.com.br\/site\/#\/schema\/person\/712f7b6b25b644e4a91c4173674cf284"},"description":"Estruturas que comp\u00f5em a exposi\u00e7\u00e3o foram recuperadas ap\u00f3s sucessivos atos de vandalismo registrados no ano passado","breadcrumb":{"@id":"https:\/\/www.comunicarmais.com.br\/site\/2026\/01\/14\/as-vesperas-da-lavagem-do-bonfim-obras-do-caminho-da-fe-sao-restauradas-apos-vandalismo\/#breadcrumb"},"inLanguage":"pt-BR","potentialAction":[{"@type":"ReadAction","target":["https:\/\/www.comunicarmais.com.br\/site\/2026\/01\/14\/as-vesperas-da-lavagem-do-bonfim-obras-do-caminho-da-fe-sao-restauradas-apos-vandalismo\/"]}]},{"@type":"ImageObject","inLanguage":"pt-BR","@id":"https:\/\/www.comunicarmais.com.br\/site\/2026\/01\/14\/as-vesperas-da-lavagem-do-bonfim-obras-do-caminho-da-fe-sao-restauradas-apos-vandalismo\/#primaryimage","url":"https:\/\/www.comunicarmais.com.br\/site\/wp-content\/uploads\/2026\/01\/WhatsApp-Image-2026-01-08-at-19.32.04-1.jpeg","contentUrl":"https:\/\/www.comunicarmais.com.br\/site\/wp-content\/uploads\/2026\/01\/WhatsApp-Image-2026-01-08-at-19.32.04-1.jpeg","width":1600,"height":1068},{"@type":"BreadcrumbList","@id":"https:\/\/www.comunicarmais.com.br\/site\/2026\/01\/14\/as-vesperas-da-lavagem-do-bonfim-obras-do-caminho-da-fe-sao-restauradas-apos-vandalismo\/#breadcrumb","itemListElement":[{"@type":"ListItem","position":1,"name":"In\u00edcio","item":"https:\/\/www.comunicarmais.com.br\/site\/"},{"@type":"ListItem","position":2,"name":"\u00c0s v\u00e9speras da Lavagem do Bonfim, obras do Caminho da F\u00e9 s\u00e3o restauradas ap\u00f3s vandalismo"}]},{"@type":"WebSite","@id":"https:\/\/www.comunicarmais.com.br\/site\/#website","url":"https:\/\/www.comunicarmais.com.br\/site\/","name":"Comunicar Mais","description":"","potentialAction":[{"@type":"SearchAction","target":{"@type":"EntryPoint","urlTemplate":"https:\/\/www.comunicarmais.com.br\/site\/?s={search_term_string}"},"query-input":{"@type":"PropertyValueSpecification","valueRequired":true,"valueName":"search_term_string"}}],"inLanguage":"pt-BR"},{"@type":"Person","@id":"https:\/\/www.comunicarmais.com.br\/site\/#\/schema\/person\/712f7b6b25b644e4a91c4173674cf284","name":"Comunicar Mais","image":{"@type":"ImageObject","inLanguage":"pt-BR","@id":"https:\/\/www.comunicarmais.com.br\/site\/#\/schema\/person\/image\/","url":"https:\/\/secure.gravatar.com\/avatar\/9803218072e2c0dc265d3d787b54c2c33325e79f79732707fddfbf1efd82c678?s=96&d=mm&r=g","contentUrl":"https:\/\/secure.gravatar.com\/avatar\/9803218072e2c0dc265d3d787b54c2c33325e79f79732707fddfbf1efd82c678?s=96&d=mm&r=g","caption":"Comunicar Mais"},"description":"Deixe as ideologias com os ide\u00f3logos. Noticiamos fatos, n\u00e3o brigamos com eles. Aqui, voc\u00ea fica bem informado do que acontece no seu bairro e no mundo. Informar com \u00e9tica e responsabilidade s\u00e3o as bandeiras do Comunicarmais.","sameAs":["https:\/\/www.comunicarmais.com.br\/site\/","https:\/\/www.facebook.com\/comunicarmais\/","https:\/\/www.instagram.com\/comunicarmaisba\/","https:\/\/x.com\/ComunicarmaisBA"],"url":"https:\/\/www.comunicarmais.com.br\/site\/author\/gerenciador\/"}]}},"_links":{"self":[{"href":"https:\/\/www.comunicarmais.com.br\/site\/wp-json\/wp\/v2\/posts\/12377","targetHints":{"allow":["GET"]}}],"collection":[{"href":"https:\/\/www.comunicarmais.com.br\/site\/wp-json\/wp\/v2\/posts"}],"about":[{"href":"https:\/\/www.comunicarmais.com.br\/site\/wp-json\/wp\/v2\/types\/post"}],"author":[{"embeddable":true,"href":"https:\/\/www.comunicarmais.com.br\/site\/wp-json\/wp\/v2\/users\/2"}],"replies":[{"embeddable":true,"href":"https:\/\/www.comunicarmais.com.br\/site\/wp-json\/wp\/v2\/comments?post=12377"}],"version-history":[{"count":1,"href":"https:\/\/www.comunicarmais.com.br\/site\/wp-json\/wp\/v2\/posts\/12377\/revisions"}],"predecessor-version":[{"id":12382,"href":"https:\/\/www.comunicarmais.com.br\/site\/wp-json\/wp\/v2\/posts\/12377\/revisions\/12382"}],"wp:featuredmedia":[{"embeddable":true,"href":"https:\/\/www.comunicarmais.com.br\/site\/wp-json\/wp\/v2\/media\/12380"}],"wp:attachment":[{"href":"https:\/\/www.comunicarmais.com.br\/site\/wp-json\/wp\/v2\/media?parent=12377"}],"wp:term":[{"taxonomy":"category","embeddable":true,"href":"https:\/\/www.comunicarmais.com.br\/site\/wp-json\/wp\/v2\/categories?post=12377"},{"taxonomy":"post_tag","embeddable":true,"href":"https:\/\/www.comunicarmais.com.br\/site\/wp-json\/wp\/v2\/tags?post=12377"}],"curies":[{"name":"wp","href":"https:\/\/api.w.org\/{rel}","templated":true}]}}