{"id":12351,"date":"2026-01-13T21:13:00","date_gmt":"2026-01-14T00:13:00","guid":{"rendered":"https:\/\/www.comunicarmais.com.br\/site\/?p=12351"},"modified":"2026-01-13T22:55:38","modified_gmt":"2026-01-14T01:55:38","slug":"com-investimento-de-r-43-milhoes-prefeitura-de-salvador-entrega-largo-do-papagaio-requalificado","status":"publish","type":"post","link":"https:\/\/www.comunicarmais.com.br\/site\/2026\/01\/13\/com-investimento-de-r-43-milhoes-prefeitura-de-salvador-entrega-largo-do-papagaio-requalificado\/","title":{"rendered":"Com investimento de R$ 4,3 milh\u00f5es, Prefeitura de Salvador entrega Largo do Papagaio requalificado"},"content":{"rendered":"\n<p><strong>Espa\u00e7o, que sofria com diversos problemas estruturais, passou por ampla reforma promovida pela gest\u00e3o municipal <\/strong><\/p>\n\n\n\n<figure class=\"wp-block-image size-full\"><img decoding=\"async\" width=\"1280\" height=\"854\" data-src=\"https:\/\/www.comunicarmais.com.br\/site\/wp-content\/uploads\/2026\/01\/WhatsApp-Image-2026-01-13-at-20.53.59-1.jpeg\" alt=\"\" class=\"wp-image-12353 lazyload\" data-srcset=\"https:\/\/www.comunicarmais.com.br\/site\/wp-content\/uploads\/2026\/01\/WhatsApp-Image-2026-01-13-at-20.53.59-1.jpeg 1280w, https:\/\/www.comunicarmais.com.br\/site\/wp-content\/uploads\/2026\/01\/WhatsApp-Image-2026-01-13-at-20.53.59-1-1024x683.jpeg 1024w, https:\/\/www.comunicarmais.com.br\/site\/wp-content\/uploads\/2026\/01\/WhatsApp-Image-2026-01-13-at-20.53.59-1-768x512.jpeg 768w\" data-sizes=\"(max-width: 1280px) 100vw, 1280px\" src=\"data:image\/svg+xml;base64,PHN2ZyB3aWR0aD0iMSIgaGVpZ2h0PSIxIiB4bWxucz0iaHR0cDovL3d3dy53My5vcmcvMjAwMC9zdmciPjwvc3ZnPg==\" style=\"--smush-placeholder-width: 1280px; --smush-placeholder-aspect-ratio: 1280\/854;\" \/><figcaption class=\"wp-element-caption\"><em><sup>(Foto: Betto Jr. \/ Secom PMS)<\/sup><\/em><\/figcaption><\/figure>\n\n\n\n<p><strong>Reda\u00e7\u00e3o Mais &#8211; <\/strong>A Pra\u00e7a Ernesto Sim\u00f5es, popularmente chamada de Largo do Papagaio, localizada no bairro do Caminho de Areia, em Salvador, foi entregue nesta ter\u00e7a-feira (13) aos moradores, completamente requalificada. O espa\u00e7o, que sofria com diversos problemas estruturais, passou por uma ampla reforma promovida pela Prefeitura de Salvador.<\/p>\n\n\n\n<p>O local conta com mais de 12 mil metros quadrados e recebeu investimento superior a R$ 4,3 milh\u00f5es. A nova pra\u00e7a foi projetada para atender p\u00fablicos das mais diversas idades, com \u00e1reas de lazer, esporte, conviv\u00eancia e atividade f\u00edsica. Um dos destaques \u00e9 a constru\u00e7\u00e3o de um parque infantil amplo, com brinquedos que atendem crian\u00e7as de diferentes faixas et\u00e1rias, al\u00e9m de pessoas com defici\u00eancia (PCD).<\/p>\n\n\n\n<figure class=\"wp-block-image size-full\"><img decoding=\"async\" width=\"1280\" height=\"854\" data-src=\"https:\/\/www.comunicarmais.com.br\/site\/wp-content\/uploads\/2026\/01\/WhatsApp-Image-2026-01-13-at-20.53.59.jpeg\" alt=\"\" class=\"wp-image-12354 lazyload\" data-srcset=\"https:\/\/www.comunicarmais.com.br\/site\/wp-content\/uploads\/2026\/01\/WhatsApp-Image-2026-01-13-at-20.53.59.jpeg 1280w, https:\/\/www.comunicarmais.com.br\/site\/wp-content\/uploads\/2026\/01\/WhatsApp-Image-2026-01-13-at-20.53.59-1024x683.jpeg 1024w, https:\/\/www.comunicarmais.com.br\/site\/wp-content\/uploads\/2026\/01\/WhatsApp-Image-2026-01-13-at-20.53.59-768x512.jpeg 768w\" data-sizes=\"(max-width: 1280px) 100vw, 1280px\" src=\"data:image\/svg+xml;base64,PHN2ZyB3aWR0aD0iMSIgaGVpZ2h0PSIxIiB4bWxucz0iaHR0cDovL3d3dy53My5vcmcvMjAwMC9zdmciPjwvc3ZnPg==\" style=\"--smush-placeholder-width: 1280px; --smush-placeholder-aspect-ratio: 1280\/854;\" \/><figcaption class=\"wp-element-caption\"><em><sup>(Foto: Betto Jr. \/ Secom PMS)<\/sup><\/em><\/figcaption><\/figure>\n\n\n\n<p>Durante a entrega, o prefeito Bruno Reis afirmou que o projeto foi pensado a partir das demandas da pr\u00f3pria comunidade, que foi ouvida antes da elabora\u00e7\u00e3o da proposta. Segundo ele, os moradores da Cidade Baixa mant\u00eam forte rela\u00e7\u00e3o com a regi\u00e3o e seus espa\u00e7os p\u00fablicos, e a reforma da pra\u00e7a era um desejo antigo.<\/p>\n\n\n\n<p>\u201cEu digo sempre que a Cidade Baixa tem um pouco das caracter\u00edsticas de uma cidade do interior. Ent\u00e3o, era um sonho muito esperado, a requalifica\u00e7\u00e3o do Largo do Papagaio. Aqui, o conceito \u00e9 voltado para a primeira inf\u00e2ncia, para as crian\u00e7as. Ficou uma obra muito bonita, com equipamentos para todas as idades e para os mais diversos gostos\u201d, comentou.<\/p>\n\n\n\n<figure class=\"wp-block-image size-full\"><img decoding=\"async\" width=\"1280\" height=\"854\" data-src=\"https:\/\/www.comunicarmais.com.br\/site\/wp-content\/uploads\/2026\/01\/WhatsApp-Image-2026-01-13-at-20.53.58.jpeg\" alt=\"\" class=\"wp-image-12355 lazyload\" data-srcset=\"https:\/\/www.comunicarmais.com.br\/site\/wp-content\/uploads\/2026\/01\/WhatsApp-Image-2026-01-13-at-20.53.58.jpeg 1280w, https:\/\/www.comunicarmais.com.br\/site\/wp-content\/uploads\/2026\/01\/WhatsApp-Image-2026-01-13-at-20.53.58-1024x683.jpeg 1024w, https:\/\/www.comunicarmais.com.br\/site\/wp-content\/uploads\/2026\/01\/WhatsApp-Image-2026-01-13-at-20.53.58-768x512.jpeg 768w\" data-sizes=\"(max-width: 1280px) 100vw, 1280px\" src=\"data:image\/svg+xml;base64,PHN2ZyB3aWR0aD0iMSIgaGVpZ2h0PSIxIiB4bWxucz0iaHR0cDovL3d3dy53My5vcmcvMjAwMC9zdmciPjwvc3ZnPg==\" style=\"--smush-placeholder-width: 1280px; --smush-placeholder-aspect-ratio: 1280\/854;\" \/><figcaption class=\"wp-element-caption\"><em><sup>(Foto: Betto Jr. \/ Secom PMS)<\/sup><\/em><\/figcaption><\/figure>\n\n\n\n<p>A nova pra\u00e7a tamb\u00e9m conta com academias ao ar livre e uma academia antiqueda, voltada para a terceira idade, equipada com escadas, rampas e corrim\u00e3os para atender pessoas mais velhas ou com dificuldades de locomo\u00e7\u00e3o. H\u00e1, ainda, duas quadras e nova ilumina\u00e7\u00e3o. Al\u00e9m da infraestrutura de lazer e esporte, o local recebeu elementos visuais que fazem refer\u00eancia ao pr\u00f3prio nome, com esculturas e figuras de papagaios espalhadas pelo espa\u00e7o.<\/p>\n\n\n\n<p>De acordo com o gestor, a ideia foi criar um ambiente que estimulasse tanto o lazer quanto o cuidado com a sa\u00fade, al\u00e9m de dialogar com a identidade dos moradores. Ele espera que o local se torne um dos principais pontos de conviv\u00eancia da Cidade Baixa. \u201c\u00c9 uma pra\u00e7a que foi realmente pensada para a comunidade. A gente sabe que era um local que as pessoas queriam muito que fosse reformado, pelos problemas que acompanhamos aqui. E \u00e9 isso: ouvir as pessoas. Quem sabe quais s\u00e3o as suas necessidades, o que \u00e9 melhor para o seu dia a dia, s\u00e3o as pessoas que moram e vivem aqui. Sempre que a gente vai fazer uma grande obra como essa, a gente escuta a popula\u00e7\u00e3o\u201d, disse.<\/p>\n\n\n\n<p>O presidente da Companhia de Desenvolvimento Urbano de Salvador (Desal), Virg\u00edlio Daltro, afirmou que o projeto surgiu quando a gest\u00e3o municipal buscava um espa\u00e7o adequado para implantar o conceito da Primeira Inf\u00e2ncia. \u201cDurante uma caminhada, identificamos o Largo do Papagaio, que j\u00e1 tinha ordem do prefeito para ser revitalizado. Um dos diferenciais da nova pra\u00e7a \u00e9 o mobili\u00e1rio urbano, desenvolvido a partir de um concurso internacional de design, realizado em parceria com a organiza\u00e7\u00e3o holandesa Urban95 e o Instituto de Arquitetos do Brasil (IAB). Os modelos vencedores foram produzidos pela pr\u00f3pria Desal e instalados no local. A pra\u00e7a tem mais de 12 mil metros quadrados e re\u00fane o que existe de melhor na cidade\u201d, explicou.<\/p>\n\n\n\n<figure class=\"wp-block-image size-full\"><img decoding=\"async\" width=\"1040\" height=\"693\" data-src=\"https:\/\/www.comunicarmais.com.br\/site\/wp-content\/uploads\/2026\/01\/WhatsApp-Image-2026-01-13-at-20.54.00.jpeg\" alt=\"\" class=\"wp-image-12356 lazyload\" data-srcset=\"https:\/\/www.comunicarmais.com.br\/site\/wp-content\/uploads\/2026\/01\/WhatsApp-Image-2026-01-13-at-20.54.00.jpeg 1040w, https:\/\/www.comunicarmais.com.br\/site\/wp-content\/uploads\/2026\/01\/WhatsApp-Image-2026-01-13-at-20.54.00-1024x682.jpeg 1024w, https:\/\/www.comunicarmais.com.br\/site\/wp-content\/uploads\/2026\/01\/WhatsApp-Image-2026-01-13-at-20.54.00-768x512.jpeg 768w\" data-sizes=\"(max-width: 1040px) 100vw, 1040px\" src=\"data:image\/svg+xml;base64,PHN2ZyB3aWR0aD0iMSIgaGVpZ2h0PSIxIiB4bWxucz0iaHR0cDovL3d3dy53My5vcmcvMjAwMC9zdmciPjwvc3ZnPg==\" style=\"--smush-placeholder-width: 1040px; --smush-placeholder-aspect-ratio: 1040\/693;\" \/><figcaption class=\"wp-element-caption\"><em><sup>(Foto: Betto Jr. \/ Secom PMS)<\/sup><\/em><\/figcaption><\/figure>\n\n\n\n<p><strong>Social &#8211; <\/strong>Com a reforma do Largo do Papagaio, projetos sociais da regi\u00e3o passaram a ocupar o espa\u00e7o. Um deles \u00e9 o projeto Transbordar, que oferece aulas de artes marciais para crian\u00e7as e jovens da Cidade Baixa. Coordenado por P\u00e9ricles Alc\u00e2ntara, o projeto atende atualmente cerca de 350 alunos, divididos em cinco turmas, por meio de aulas de jiu-jitsu. A iniciativa funcionava exclusivamente em uma igreja evang\u00e9lica mas, agora, a pra\u00e7a tamb\u00e9m ser\u00e1 palco das atividades.<\/p>\n\n\n\n<p>\u201cCom essa estrutura, vamos poder realizar aulas ao ar livre, trazendo as crian\u00e7as e os jovens para esse ambiente que ficou lindo. O Largo do Papagaio agora vai reunir esporte, fam\u00edlia e conviv\u00eancia. Isso ajuda a tirar a juventude das drogas e d\u00e1 mais chance para a gente avan\u00e7ar. Antes era um breu, ningu\u00e9m frequentava mais. Hoje est\u00e1 completamente diferente, irreconhec\u00edvel\u201d, comemorou.<\/p>\n\n\n\n<figure class=\"wp-block-image size-full\"><img decoding=\"async\" width=\"1280\" height=\"854\" data-src=\"https:\/\/www.comunicarmais.com.br\/site\/wp-content\/uploads\/2026\/01\/WhatsApp-Image-2026-01-13-at-20.53.59-2.jpeg\" alt=\"\" class=\"wp-image-12357 lazyload\" data-srcset=\"https:\/\/www.comunicarmais.com.br\/site\/wp-content\/uploads\/2026\/01\/WhatsApp-Image-2026-01-13-at-20.53.59-2.jpeg 1280w, https:\/\/www.comunicarmais.com.br\/site\/wp-content\/uploads\/2026\/01\/WhatsApp-Image-2026-01-13-at-20.53.59-2-1024x683.jpeg 1024w, https:\/\/www.comunicarmais.com.br\/site\/wp-content\/uploads\/2026\/01\/WhatsApp-Image-2026-01-13-at-20.53.59-2-768x512.jpeg 768w\" data-sizes=\"(max-width: 1280px) 100vw, 1280px\" src=\"data:image\/svg+xml;base64,PHN2ZyB3aWR0aD0iMSIgaGVpZ2h0PSIxIiB4bWxucz0iaHR0cDovL3d3dy53My5vcmcvMjAwMC9zdmciPjwvc3ZnPg==\" style=\"--smush-placeholder-width: 1280px; --smush-placeholder-aspect-ratio: 1280\/854;\" \/><figcaption class=\"wp-element-caption\"><em><sup>(Foto: Betto Jr. \/ Secom PMS)<\/sup><\/em><\/figcaption><\/figure>\n\n\n\n<p>Moradora do Bonfim, Cristiane Concei\u00e7\u00e3o de Carvalho levou a filha para a inaugura\u00e7\u00e3o. Ela contou que, antes da interven\u00e7\u00e3o da gest\u00e3o municipal, o espa\u00e7o estava degradado, com brinquedos quebrados e pouca seguran\u00e7a, o que afastava as fam\u00edlias. \u201cHoje eu vejo uma mudan\u00e7a extraordin\u00e1ria, maravilhosa. Trouxe minha fam\u00edlia para participar do evento e achei \u00f3timo. A Prefeitura est\u00e1 de parab\u00e9ns. Eu s\u00f3 espero que as pessoas tenham consci\u00eancia de manter o lugar do jeito que est\u00e1, porque eu nem gosto de lembrar como era antes\u201d, afirmou.<\/p>\n\n\n\n<p>Dois comerciantes que j\u00e1 atuavam na pra\u00e7a ganharam quiosques requalificados. Uma delas \u00e9 a baiana de acaraj\u00e9 Marilene Oliveira, que recebeu as chaves do estabelecimento das m\u00e3os do prefeito. H\u00e1 18 anos atuando na \u00e1rea, ela acompanhou a transforma\u00e7\u00e3o do local. A comerciante relatou que, antes da obra, a pra\u00e7a estava degradada, com mato alto, pouca ilumina\u00e7\u00e3o e quase nenhum fluxo de pessoas: \u201cEra tanto mato, tudo muito escuro. A gente ficava meses praticamente sem movimento. Agora est\u00e1 supermoderno, a ilumina\u00e7\u00e3o est\u00e1 \u00f3tima e d\u00e1 para trabalhar muito melhor\u201d.<\/p>\n\n\n\n<p>________________________________________________________________________________________________________________<\/p>\n\n\n<p class=\"wp-block-tag-cloud\"><a href=\"https:\/\/www.comunicarmais.com.br\/site\/tag\/bahia\/\" class=\"tag-cloud-link tag-link-171 tag-link-position-1\" style=\"font-size: 17.922330097087pt;\" aria-label=\"Bahia (116 itens)\">Bahia<\/a>\n<a href=\"https:\/\/www.comunicarmais.com.br\/site\/tag\/bolsonaro\/\" class=\"tag-cloud-link tag-link-112 tag-link-position-2\" style=\"font-size: 11.533980582524pt;\" aria-label=\"Bolsonaro (39 itens)\">Bolsonaro<\/a>\n<a href=\"https:\/\/www.comunicarmais.com.br\/site\/tag\/brasil\/\" class=\"tag-cloud-link tag-link-335 tag-link-position-3\" style=\"font-size: 13.029126213592pt;\" aria-label=\"Brasil (50 itens)\">Brasil<\/a>\n<a href=\"https:\/\/www.comunicarmais.com.br\/site\/tag\/camacari\/\" class=\"tag-cloud-link tag-link-435 tag-link-position-4\" style=\"font-size: 8.8155339805825pt;\" aria-label=\"Cama\u00e7ari (24 itens)\">Cama\u00e7ari<\/a>\n<a href=\"https:\/\/www.comunicarmais.com.br\/site\/tag\/carnaval\/\" class=\"tag-cloud-link tag-link-508 tag-link-position-5\" style=\"font-size: 12.893203883495pt;\" aria-label=\"Carnaval (49 itens)\">Carnaval<\/a>\n<a href=\"https:\/\/www.comunicarmais.com.br\/site\/tag\/cbx\/\" class=\"tag-cloud-link tag-link-1602 tag-link-position-6\" style=\"font-size: 11.398058252427pt;\" aria-label=\"CBX (38 itens)\">CBX<\/a>\n<a href=\"https:\/\/www.comunicarmais.com.br\/site\/tag\/cidade-baixa\/\" class=\"tag-cloud-link tag-link-456 tag-link-position-7\" style=\"font-size: 9.9029126213592pt;\" aria-label=\"Cidade Baixa (29 itens)\">Cidade Baixa<\/a>\n<a href=\"https:\/\/www.comunicarmais.com.br\/site\/tag\/cinema\/\" class=\"tag-cloud-link tag-link-985 tag-link-position-8\" style=\"font-size: 11.126213592233pt;\" aria-label=\"Cinema (36 itens)\">Cinema<\/a>\n<a href=\"https:\/\/www.comunicarmais.com.br\/site\/tag\/cultura\/\" class=\"tag-cloud-link tag-link-231 tag-link-position-9\" style=\"font-size: 12.21359223301pt;\" aria-label=\"Cultura (44 itens)\">Cultura<\/a>\n<a href=\"https:\/\/www.comunicarmais.com.br\/site\/tag\/drogas\/\" class=\"tag-cloud-link tag-link-165 tag-link-position-10\" style=\"font-size: 12.757281553398pt;\" aria-label=\"Drogas (48 itens)\">Drogas<\/a>\n<a href=\"https:\/\/www.comunicarmais.com.br\/site\/tag\/educacao\/\" class=\"tag-cloud-link tag-link-228 tag-link-position-11\" style=\"font-size: 12.621359223301pt;\" aria-label=\"Educa\u00e7\u00e3o (47 itens)\">Educa\u00e7\u00e3o<\/a>\n<a href=\"https:\/\/www.comunicarmais.com.br\/site\/tag\/ensino\/\" class=\"tag-cloud-link tag-link-233 tag-link-position-12\" style=\"font-size: 10.446601941748pt;\" aria-label=\"Ensino (32 itens)\">Ensino<\/a>\n<a href=\"https:\/\/www.comunicarmais.com.br\/site\/tag\/escola\/\" class=\"tag-cloud-link tag-link-229 tag-link-position-13\" style=\"font-size: 9.631067961165pt;\" aria-label=\"Escola (28 itens)\">Escola<\/a>\n<a href=\"https:\/\/www.comunicarmais.com.br\/site\/tag\/eua\/\" class=\"tag-cloud-link tag-link-664 tag-link-position-14\" style=\"font-size: 12.077669902913pt;\" aria-label=\"EUA (43 itens)\">EUA<\/a>\n<a href=\"https:\/\/www.comunicarmais.com.br\/site\/tag\/feira-de-santana\/\" class=\"tag-cloud-link tag-link-642 tag-link-position-15\" style=\"font-size: 9.2233009708738pt;\" aria-label=\"Feira de Santana (26 itens)\">Feira de Santana<\/a>\n<a href=\"https:\/\/www.comunicarmais.com.br\/site\/tag\/ficco\/\" class=\"tag-cloud-link tag-link-143 tag-link-position-16\" style=\"font-size: 9.2233009708738pt;\" aria-label=\"Ficco (26 itens)\">Ficco<\/a>\n<a href=\"https:\/\/www.comunicarmais.com.br\/site\/tag\/folia\/\" class=\"tag-cloud-link tag-link-566 tag-link-position-17\" style=\"font-size: 9.2233009708738pt;\" aria-label=\"Folia (26 itens)\">Folia<\/a>\n<a href=\"https:\/\/www.comunicarmais.com.br\/site\/tag\/futebol\/\" class=\"tag-cloud-link tag-link-40 tag-link-position-18\" style=\"font-size: 13.029126213592pt;\" aria-label=\"Futebol (50 itens)\">Futebol<\/a>\n<a href=\"https:\/\/www.comunicarmais.com.br\/site\/tag\/homicidio\/\" class=\"tag-cloud-link tag-link-101 tag-link-position-19\" style=\"font-size: 10.582524271845pt;\" aria-label=\"Homic\u00eddio (33 itens)\">Homic\u00eddio<\/a>\n<a href=\"https:\/\/www.comunicarmais.com.br\/site\/tag\/itapagipe\/\" class=\"tag-cloud-link tag-link-471 tag-link-position-20\" style=\"font-size: 10.038834951456pt;\" aria-label=\"Itapagipe (30 itens)\">Itapagipe<\/a>\n<a href=\"https:\/\/www.comunicarmais.com.br\/site\/tag\/itaparica\/\" class=\"tag-cloud-link tag-link-301 tag-link-position-21\" style=\"font-size: 8pt;\" aria-label=\"Itaparica (21 itens)\">Itaparica<\/a>\n<a href=\"https:\/\/www.comunicarmais.com.br\/site\/tag\/jeronimo-rodrigues\/\" class=\"tag-cloud-link tag-link-668 tag-link-position-22\" style=\"font-size: 8.2718446601942pt;\" aria-label=\"Jer\u00f4nimo Rodrigues (22 itens)\">Jer\u00f4nimo Rodrigues<\/a>\n<a href=\"https:\/\/www.comunicarmais.com.br\/site\/tag\/justica\/\" class=\"tag-cloud-link tag-link-361 tag-link-position-23\" style=\"font-size: 10.582524271845pt;\" aria-label=\"Justi\u00e7a (33 itens)\">Justi\u00e7a<\/a>\n<a href=\"https:\/\/www.comunicarmais.com.br\/site\/tag\/lauro-de-freitas\/\" class=\"tag-cloud-link tag-link-594 tag-link-position-24\" style=\"font-size: 18.194174757282pt;\" aria-label=\"Lauro de Freitas (122 itens)\">Lauro de Freitas<\/a>\n<a href=\"https:\/\/www.comunicarmais.com.br\/site\/tag\/lazer\/\" class=\"tag-cloud-link tag-link-568 tag-link-position-25\" style=\"font-size: 9.2233009708738pt;\" aria-label=\"Lazer (26 itens)\">Lazer<\/a>\n<a href=\"https:\/\/www.comunicarmais.com.br\/site\/tag\/lula\/\" class=\"tag-cloud-link tag-link-416 tag-link-position-26\" style=\"font-size: 12.21359223301pt;\" aria-label=\"Lula (44 itens)\">Lula<\/a>\n<a href=\"https:\/\/www.comunicarmais.com.br\/site\/tag\/meio-ambiente\/\" class=\"tag-cloud-link tag-link-475 tag-link-position-27\" style=\"font-size: 12.21359223301pt;\" aria-label=\"Meio Ambiente (44 itens)\">Meio Ambiente<\/a>\n<a href=\"https:\/\/www.comunicarmais.com.br\/site\/tag\/mobilidade\/\" class=\"tag-cloud-link tag-link-278 tag-link-position-28\" style=\"font-size: 13.844660194175pt;\" aria-label=\"Mobilidade (58 itens)\">Mobilidade<\/a>\n<a href=\"https:\/\/www.comunicarmais.com.br\/site\/tag\/mulher\/\" class=\"tag-cloud-link tag-link-450 tag-link-position-29\" style=\"font-size: 13.300970873786pt;\" aria-label=\"mulher (53 itens)\">mulher<\/a>\n<a href=\"https:\/\/www.comunicarmais.com.br\/site\/tag\/musica-2\/\" class=\"tag-cloud-link tag-link-747 tag-link-position-30\" style=\"font-size: 12.21359223301pt;\" aria-label=\"M\u00fasica (44 itens)\">M\u00fasica<\/a>\n<a href=\"https:\/\/www.comunicarmais.com.br\/site\/tag\/pcba\/\" class=\"tag-cloud-link tag-link-1332 tag-link-position-31\" style=\"font-size: 15.067961165049pt;\" aria-label=\"PCBA (72 itens)\">PCBA<\/a>\n<a href=\"https:\/\/www.comunicarmais.com.br\/site\/tag\/pmba\/\" class=\"tag-cloud-link tag-link-53 tag-link-position-32\" style=\"font-size: 18.194174757282pt;\" aria-label=\"PMBA (123 itens)\">PMBA<\/a>\n<a href=\"https:\/\/www.comunicarmais.com.br\/site\/tag\/policia-federal\/\" class=\"tag-cloud-link tag-link-620 tag-link-position-33\" style=\"font-size: 8.9514563106796pt;\" aria-label=\"Pol\u00edcia Federal (25 itens)\">Pol\u00edcia Federal<\/a>\n<a href=\"https:\/\/www.comunicarmais.com.br\/site\/tag\/politica\/\" class=\"tag-cloud-link tag-link-495 tag-link-position-34\" style=\"font-size: 16.291262135922pt;\" aria-label=\"Pol\u00edtica (89 itens)\">Pol\u00edtica<\/a>\n<a href=\"https:\/\/www.comunicarmais.com.br\/site\/tag\/rio-de-janeiro\/\" class=\"tag-cloud-link tag-link-152 tag-link-position-35\" style=\"font-size: 9.9029126213592pt;\" aria-label=\"Rio de Janeiro (29 itens)\">Rio de Janeiro<\/a>\n<a href=\"https:\/\/www.comunicarmais.com.br\/site\/tag\/salvador\/\" class=\"tag-cloud-link tag-link-125 tag-link-position-36\" style=\"font-size: 22pt;\" aria-label=\"Salvador (234 itens)\">Salvador<\/a>\n<a href=\"https:\/\/www.comunicarmais.com.br\/site\/tag\/saude\/\" class=\"tag-cloud-link tag-link-42 tag-link-position-37\" style=\"font-size: 17.78640776699pt;\" aria-label=\"Sa\u00fade (115 itens)\">Sa\u00fade<\/a>\n<a href=\"https:\/\/www.comunicarmais.com.br\/site\/tag\/seguranca\/\" class=\"tag-cloud-link tag-link-48 tag-link-position-38\" style=\"font-size: 9.2233009708738pt;\" aria-label=\"Seguran\u00e7a (26 itens)\">Seguran\u00e7a<\/a>\n<a href=\"https:\/\/www.comunicarmais.com.br\/site\/tag\/ssp-ba\/\" class=\"tag-cloud-link tag-link-1937 tag-link-position-39\" style=\"font-size: 8.9514563106796pt;\" aria-label=\"SSP-BA (25 itens)\">SSP-BA<\/a>\n<a href=\"https:\/\/www.comunicarmais.com.br\/site\/tag\/sspba\/\" class=\"tag-cloud-link tag-link-144 tag-link-position-40\" style=\"font-size: 11.398058252427pt;\" aria-label=\"SSPBA (38 itens)\">SSPBA<\/a>\n<a href=\"https:\/\/www.comunicarmais.com.br\/site\/tag\/stf\/\" class=\"tag-cloud-link tag-link-68 tag-link-position-41\" style=\"font-size: 14.252427184466pt;\" aria-label=\"STF (62 itens)\">STF<\/a>\n<a href=\"https:\/\/www.comunicarmais.com.br\/site\/tag\/sao-paulo\/\" class=\"tag-cloud-link tag-link-612 tag-link-position-42\" style=\"font-size: 8pt;\" aria-label=\"S\u00e3o Paulo (21 itens)\">S\u00e3o Paulo<\/a>\n<a href=\"https:\/\/www.comunicarmais.com.br\/site\/tag\/transito-2\/\" class=\"tag-cloud-link tag-link-377 tag-link-position-43\" style=\"font-size: 8.2718446601942pt;\" aria-label=\"tr\u00e2nsito (22 itens)\">tr\u00e2nsito<\/a>\n<a href=\"https:\/\/www.comunicarmais.com.br\/site\/tag\/turismo\/\" class=\"tag-cloud-link tag-link-225 tag-link-position-44\" style=\"font-size: 9.631067961165pt;\" aria-label=\"Turismo (28 itens)\">Turismo<\/a>\n<a href=\"https:\/\/www.comunicarmais.com.br\/site\/tag\/uruguai\/\" class=\"tag-cloud-link tag-link-323 tag-link-position-45\" style=\"font-size: 9.631067961165pt;\" aria-label=\"Uruguai (28 itens)\">Uruguai<\/a><\/p>","protected":false},"excerpt":{"rendered":"<p>Espa\u00e7o, que sofria com diversos problemas estruturais, passou por ampla reforma promovida pela gest\u00e3o municipal <\/p>\n","protected":false},"author":2,"featured_media":12354,"comment_status":"open","ping_status":"open","sticky":false,"template":"","format":"standard","meta":{"_acf_changed":false,"footnotes":""},"categories":[5],"tags":[1602,456,471,3308,568,1663],"class_list":["post-12351","post","type-post","status-publish","format-standard","has-post-thumbnail","hentry","category-grande-salvador","tag-cbx","tag-cidade-baixa","tag-itapagipe","tag-largo-do-papagaio","tag-lazer","tag-ribeira"],"acf":[],"yoast_head":"<!-- This site is optimized with the Yoast SEO plugin v26.1.1 - https:\/\/yoast.com\/wordpress\/plugins\/seo\/ -->\n<title>Com investimento de R$ 4,3 milh\u00f5es, Prefeitura de Salvador entrega Largo do Papagaio requalificado - Comunicar Mais<\/title>\n<meta name=\"description\" content=\"Espa\u00e7o, que sofria com diversos problemas estruturais, passou por ampla reforma promovida pela gest\u00e3o municipal\" \/>\n<meta name=\"robots\" content=\"index, follow, max-snippet:-1, max-image-preview:large, max-video-preview:-1\" \/>\n<link rel=\"canonical\" href=\"https:\/\/www.comunicarmais.com.br\/site\/2026\/01\/13\/com-investimento-de-r-43-milhoes-prefeitura-de-salvador-entrega-largo-do-papagaio-requalificado\/\" \/>\n<meta property=\"og:locale\" content=\"pt_BR\" \/>\n<meta property=\"og:type\" content=\"article\" \/>\n<meta property=\"og:title\" content=\"Com investimento de R$ 4,3 milh\u00f5es, Prefeitura de Salvador entrega Largo do Papagaio requalificado - Comunicar Mais\" \/>\n<meta property=\"og:description\" content=\"Espa\u00e7o, que sofria com diversos problemas estruturais, passou por ampla reforma promovida pela gest\u00e3o municipal\" \/>\n<meta property=\"og:url\" content=\"https:\/\/www.comunicarmais.com.br\/site\/2026\/01\/13\/com-investimento-de-r-43-milhoes-prefeitura-de-salvador-entrega-largo-do-papagaio-requalificado\/\" \/>\n<meta property=\"og:site_name\" content=\"Comunicar Mais\" \/>\n<meta property=\"article:publisher\" content=\"https:\/\/www.facebook.com\/comunicarmais\/\" \/>\n<meta property=\"article:author\" content=\"https:\/\/www.facebook.com\/comunicarmais\/\" \/>\n<meta property=\"article:published_time\" content=\"2026-01-14T00:13:00+00:00\" \/>\n<meta property=\"article:modified_time\" content=\"2026-01-14T01:55:38+00:00\" \/>\n<meta property=\"og:image\" content=\"https:\/\/www.comunicarmais.com.br\/site\/wp-content\/uploads\/2026\/01\/WhatsApp-Image-2026-01-13-at-20.53.59.jpeg\" \/>\n\t<meta property=\"og:image:width\" content=\"1280\" \/>\n\t<meta property=\"og:image:height\" content=\"854\" \/>\n\t<meta property=\"og:image:type\" content=\"image\/jpeg\" \/>\n<meta name=\"author\" content=\"Comunicar Mais\" \/>\n<meta name=\"twitter:card\" content=\"summary_large_image\" \/>\n<meta name=\"twitter:creator\" content=\"@ComunicarmaisBA\" \/>\n<meta name=\"twitter:site\" content=\"@ComunicarmaisBA\" \/>\n<meta name=\"twitter:label1\" content=\"Escrito por\" \/>\n\t<meta name=\"twitter:data1\" content=\"Comunicar Mais\" \/>\n\t<meta name=\"twitter:label2\" content=\"Est. tempo de leitura\" \/>\n\t<meta name=\"twitter:data2\" content=\"7 minutos\" \/>\n<script type=\"application\/ld+json\" class=\"yoast-schema-graph\">{\"@context\":\"https:\/\/schema.org\",\"@graph\":[{\"@type\":\"WebPage\",\"@id\":\"https:\/\/www.comunicarmais.com.br\/site\/2026\/01\/13\/com-investimento-de-r-43-milhoes-prefeitura-de-salvador-entrega-largo-do-papagaio-requalificado\/\",\"url\":\"https:\/\/www.comunicarmais.com.br\/site\/2026\/01\/13\/com-investimento-de-r-43-milhoes-prefeitura-de-salvador-entrega-largo-do-papagaio-requalificado\/\",\"name\":\"Com investimento de R$ 4,3 milh\u00f5es, Prefeitura de Salvador entrega Largo do Papagaio requalificado - Comunicar Mais\",\"isPartOf\":{\"@id\":\"https:\/\/www.comunicarmais.com.br\/site\/#website\"},\"primaryImageOfPage\":{\"@id\":\"https:\/\/www.comunicarmais.com.br\/site\/2026\/01\/13\/com-investimento-de-r-43-milhoes-prefeitura-de-salvador-entrega-largo-do-papagaio-requalificado\/#primaryimage\"},\"image\":{\"@id\":\"https:\/\/www.comunicarmais.com.br\/site\/2026\/01\/13\/com-investimento-de-r-43-milhoes-prefeitura-de-salvador-entrega-largo-do-papagaio-requalificado\/#primaryimage\"},\"thumbnailUrl\":\"https:\/\/www.comunicarmais.com.br\/site\/wp-content\/uploads\/2026\/01\/WhatsApp-Image-2026-01-13-at-20.53.59.jpeg\",\"datePublished\":\"2026-01-14T00:13:00+00:00\",\"dateModified\":\"2026-01-14T01:55:38+00:00\",\"author\":{\"@id\":\"https:\/\/www.comunicarmais.com.br\/site\/#\/schema\/person\/712f7b6b25b644e4a91c4173674cf284\"},\"description\":\"Espa\u00e7o, que sofria com diversos problemas estruturais, passou por ampla reforma promovida pela gest\u00e3o municipal\",\"breadcrumb\":{\"@id\":\"https:\/\/www.comunicarmais.com.br\/site\/2026\/01\/13\/com-investimento-de-r-43-milhoes-prefeitura-de-salvador-entrega-largo-do-papagaio-requalificado\/#breadcrumb\"},\"inLanguage\":\"pt-BR\",\"potentialAction\":[{\"@type\":\"ReadAction\",\"target\":[\"https:\/\/www.comunicarmais.com.br\/site\/2026\/01\/13\/com-investimento-de-r-43-milhoes-prefeitura-de-salvador-entrega-largo-do-papagaio-requalificado\/\"]}]},{\"@type\":\"ImageObject\",\"inLanguage\":\"pt-BR\",\"@id\":\"https:\/\/www.comunicarmais.com.br\/site\/2026\/01\/13\/com-investimento-de-r-43-milhoes-prefeitura-de-salvador-entrega-largo-do-papagaio-requalificado\/#primaryimage\",\"url\":\"https:\/\/www.comunicarmais.com.br\/site\/wp-content\/uploads\/2026\/01\/WhatsApp-Image-2026-01-13-at-20.53.59.jpeg\",\"contentUrl\":\"https:\/\/www.comunicarmais.com.br\/site\/wp-content\/uploads\/2026\/01\/WhatsApp-Image-2026-01-13-at-20.53.59.jpeg\",\"width\":1280,\"height\":854},{\"@type\":\"BreadcrumbList\",\"@id\":\"https:\/\/www.comunicarmais.com.br\/site\/2026\/01\/13\/com-investimento-de-r-43-milhoes-prefeitura-de-salvador-entrega-largo-do-papagaio-requalificado\/#breadcrumb\",\"itemListElement\":[{\"@type\":\"ListItem\",\"position\":1,\"name\":\"In\u00edcio\",\"item\":\"https:\/\/www.comunicarmais.com.br\/site\/\"},{\"@type\":\"ListItem\",\"position\":2,\"name\":\"Com investimento de R$ 4,3 milh\u00f5es, Prefeitura de Salvador entrega Largo do Papagaio requalificado\"}]},{\"@type\":\"WebSite\",\"@id\":\"https:\/\/www.comunicarmais.com.br\/site\/#website\",\"url\":\"https:\/\/www.comunicarmais.com.br\/site\/\",\"name\":\"Comunicar Mais\",\"description\":\"\",\"potentialAction\":[{\"@type\":\"SearchAction\",\"target\":{\"@type\":\"EntryPoint\",\"urlTemplate\":\"https:\/\/www.comunicarmais.com.br\/site\/?s={search_term_string}\"},\"query-input\":{\"@type\":\"PropertyValueSpecification\",\"valueRequired\":true,\"valueName\":\"search_term_string\"}}],\"inLanguage\":\"pt-BR\"},{\"@type\":\"Person\",\"@id\":\"https:\/\/www.comunicarmais.com.br\/site\/#\/schema\/person\/712f7b6b25b644e4a91c4173674cf284\",\"name\":\"Comunicar Mais\",\"image\":{\"@type\":\"ImageObject\",\"inLanguage\":\"pt-BR\",\"@id\":\"https:\/\/www.comunicarmais.com.br\/site\/#\/schema\/person\/image\/\",\"url\":\"https:\/\/secure.gravatar.com\/avatar\/9803218072e2c0dc265d3d787b54c2c33325e79f79732707fddfbf1efd82c678?s=96&d=mm&r=g\",\"contentUrl\":\"https:\/\/secure.gravatar.com\/avatar\/9803218072e2c0dc265d3d787b54c2c33325e79f79732707fddfbf1efd82c678?s=96&d=mm&r=g\",\"caption\":\"Comunicar Mais\"},\"description\":\"Deixe as ideologias com os ide\u00f3logos. Noticiamos fatos, n\u00e3o brigamos com eles. Aqui, voc\u00ea fica bem informado do que acontece no seu bairro e no mundo. Informar com \u00e9tica e responsabilidade s\u00e3o as bandeiras do Comunicarmais.\",\"sameAs\":[\"https:\/\/www.comunicarmais.com.br\/site\/\",\"https:\/\/www.facebook.com\/comunicarmais\/\",\"https:\/\/www.instagram.com\/comunicarmaisba\/\",\"https:\/\/x.com\/ComunicarmaisBA\"],\"url\":\"https:\/\/www.comunicarmais.com.br\/site\/author\/gerenciador\/\"}]}<\/script>\n<!-- \/ Yoast SEO plugin. -->","yoast_head_json":{"title":"Com investimento de R$ 4,3 milh\u00f5es, Prefeitura de Salvador entrega Largo do Papagaio requalificado - Comunicar Mais","description":"Espa\u00e7o, que sofria com diversos problemas estruturais, passou por ampla reforma promovida pela gest\u00e3o municipal","robots":{"index":"index","follow":"follow","max-snippet":"max-snippet:-1","max-image-preview":"max-image-preview:large","max-video-preview":"max-video-preview:-1"},"canonical":"https:\/\/www.comunicarmais.com.br\/site\/2026\/01\/13\/com-investimento-de-r-43-milhoes-prefeitura-de-salvador-entrega-largo-do-papagaio-requalificado\/","og_locale":"pt_BR","og_type":"article","og_title":"Com investimento de R$ 4,3 milh\u00f5es, Prefeitura de Salvador entrega Largo do Papagaio requalificado - Comunicar Mais","og_description":"Espa\u00e7o, que sofria com diversos problemas estruturais, passou por ampla reforma promovida pela gest\u00e3o municipal","og_url":"https:\/\/www.comunicarmais.com.br\/site\/2026\/01\/13\/com-investimento-de-r-43-milhoes-prefeitura-de-salvador-entrega-largo-do-papagaio-requalificado\/","og_site_name":"Comunicar Mais","article_publisher":"https:\/\/www.facebook.com\/comunicarmais\/","article_author":"https:\/\/www.facebook.com\/comunicarmais\/","article_published_time":"2026-01-14T00:13:00+00:00","article_modified_time":"2026-01-14T01:55:38+00:00","og_image":[{"width":1280,"height":854,"url":"https:\/\/www.comunicarmais.com.br\/site\/wp-content\/uploads\/2026\/01\/WhatsApp-Image-2026-01-13-at-20.53.59.jpeg","type":"image\/jpeg"}],"author":"Comunicar Mais","twitter_card":"summary_large_image","twitter_creator":"@ComunicarmaisBA","twitter_site":"@ComunicarmaisBA","twitter_misc":{"Escrito por":"Comunicar Mais","Est. tempo de leitura":"7 minutos"},"schema":{"@context":"https:\/\/schema.org","@graph":[{"@type":"WebPage","@id":"https:\/\/www.comunicarmais.com.br\/site\/2026\/01\/13\/com-investimento-de-r-43-milhoes-prefeitura-de-salvador-entrega-largo-do-papagaio-requalificado\/","url":"https:\/\/www.comunicarmais.com.br\/site\/2026\/01\/13\/com-investimento-de-r-43-milhoes-prefeitura-de-salvador-entrega-largo-do-papagaio-requalificado\/","name":"Com investimento de R$ 4,3 milh\u00f5es, Prefeitura de Salvador entrega Largo do Papagaio requalificado - Comunicar Mais","isPartOf":{"@id":"https:\/\/www.comunicarmais.com.br\/site\/#website"},"primaryImageOfPage":{"@id":"https:\/\/www.comunicarmais.com.br\/site\/2026\/01\/13\/com-investimento-de-r-43-milhoes-prefeitura-de-salvador-entrega-largo-do-papagaio-requalificado\/#primaryimage"},"image":{"@id":"https:\/\/www.comunicarmais.com.br\/site\/2026\/01\/13\/com-investimento-de-r-43-milhoes-prefeitura-de-salvador-entrega-largo-do-papagaio-requalificado\/#primaryimage"},"thumbnailUrl":"https:\/\/www.comunicarmais.com.br\/site\/wp-content\/uploads\/2026\/01\/WhatsApp-Image-2026-01-13-at-20.53.59.jpeg","datePublished":"2026-01-14T00:13:00+00:00","dateModified":"2026-01-14T01:55:38+00:00","author":{"@id":"https:\/\/www.comunicarmais.com.br\/site\/#\/schema\/person\/712f7b6b25b644e4a91c4173674cf284"},"description":"Espa\u00e7o, que sofria com diversos problemas estruturais, passou por ampla reforma promovida pela gest\u00e3o municipal","breadcrumb":{"@id":"https:\/\/www.comunicarmais.com.br\/site\/2026\/01\/13\/com-investimento-de-r-43-milhoes-prefeitura-de-salvador-entrega-largo-do-papagaio-requalificado\/#breadcrumb"},"inLanguage":"pt-BR","potentialAction":[{"@type":"ReadAction","target":["https:\/\/www.comunicarmais.com.br\/site\/2026\/01\/13\/com-investimento-de-r-43-milhoes-prefeitura-de-salvador-entrega-largo-do-papagaio-requalificado\/"]}]},{"@type":"ImageObject","inLanguage":"pt-BR","@id":"https:\/\/www.comunicarmais.com.br\/site\/2026\/01\/13\/com-investimento-de-r-43-milhoes-prefeitura-de-salvador-entrega-largo-do-papagaio-requalificado\/#primaryimage","url":"https:\/\/www.comunicarmais.com.br\/site\/wp-content\/uploads\/2026\/01\/WhatsApp-Image-2026-01-13-at-20.53.59.jpeg","contentUrl":"https:\/\/www.comunicarmais.com.br\/site\/wp-content\/uploads\/2026\/01\/WhatsApp-Image-2026-01-13-at-20.53.59.jpeg","width":1280,"height":854},{"@type":"BreadcrumbList","@id":"https:\/\/www.comunicarmais.com.br\/site\/2026\/01\/13\/com-investimento-de-r-43-milhoes-prefeitura-de-salvador-entrega-largo-do-papagaio-requalificado\/#breadcrumb","itemListElement":[{"@type":"ListItem","position":1,"name":"In\u00edcio","item":"https:\/\/www.comunicarmais.com.br\/site\/"},{"@type":"ListItem","position":2,"name":"Com investimento de R$ 4,3 milh\u00f5es, Prefeitura de Salvador entrega Largo do Papagaio requalificado"}]},{"@type":"WebSite","@id":"https:\/\/www.comunicarmais.com.br\/site\/#website","url":"https:\/\/www.comunicarmais.com.br\/site\/","name":"Comunicar Mais","description":"","potentialAction":[{"@type":"SearchAction","target":{"@type":"EntryPoint","urlTemplate":"https:\/\/www.comunicarmais.com.br\/site\/?s={search_term_string}"},"query-input":{"@type":"PropertyValueSpecification","valueRequired":true,"valueName":"search_term_string"}}],"inLanguage":"pt-BR"},{"@type":"Person","@id":"https:\/\/www.comunicarmais.com.br\/site\/#\/schema\/person\/712f7b6b25b644e4a91c4173674cf284","name":"Comunicar Mais","image":{"@type":"ImageObject","inLanguage":"pt-BR","@id":"https:\/\/www.comunicarmais.com.br\/site\/#\/schema\/person\/image\/","url":"https:\/\/secure.gravatar.com\/avatar\/9803218072e2c0dc265d3d787b54c2c33325e79f79732707fddfbf1efd82c678?s=96&d=mm&r=g","contentUrl":"https:\/\/secure.gravatar.com\/avatar\/9803218072e2c0dc265d3d787b54c2c33325e79f79732707fddfbf1efd82c678?s=96&d=mm&r=g","caption":"Comunicar Mais"},"description":"Deixe as ideologias com os ide\u00f3logos. Noticiamos fatos, n\u00e3o brigamos com eles. Aqui, voc\u00ea fica bem informado do que acontece no seu bairro e no mundo. Informar com \u00e9tica e responsabilidade s\u00e3o as bandeiras do Comunicarmais.","sameAs":["https:\/\/www.comunicarmais.com.br\/site\/","https:\/\/www.facebook.com\/comunicarmais\/","https:\/\/www.instagram.com\/comunicarmaisba\/","https:\/\/x.com\/ComunicarmaisBA"],"url":"https:\/\/www.comunicarmais.com.br\/site\/author\/gerenciador\/"}]}},"_links":{"self":[{"href":"https:\/\/www.comunicarmais.com.br\/site\/wp-json\/wp\/v2\/posts\/12351","targetHints":{"allow":["GET"]}}],"collection":[{"href":"https:\/\/www.comunicarmais.com.br\/site\/wp-json\/wp\/v2\/posts"}],"about":[{"href":"https:\/\/www.comunicarmais.com.br\/site\/wp-json\/wp\/v2\/types\/post"}],"author":[{"embeddable":true,"href":"https:\/\/www.comunicarmais.com.br\/site\/wp-json\/wp\/v2\/users\/2"}],"replies":[{"embeddable":true,"href":"https:\/\/www.comunicarmais.com.br\/site\/wp-json\/wp\/v2\/comments?post=12351"}],"version-history":[{"count":1,"href":"https:\/\/www.comunicarmais.com.br\/site\/wp-json\/wp\/v2\/posts\/12351\/revisions"}],"predecessor-version":[{"id":12358,"href":"https:\/\/www.comunicarmais.com.br\/site\/wp-json\/wp\/v2\/posts\/12351\/revisions\/12358"}],"wp:featuredmedia":[{"embeddable":true,"href":"https:\/\/www.comunicarmais.com.br\/site\/wp-json\/wp\/v2\/media\/12354"}],"wp:attachment":[{"href":"https:\/\/www.comunicarmais.com.br\/site\/wp-json\/wp\/v2\/media?parent=12351"}],"wp:term":[{"taxonomy":"category","embeddable":true,"href":"https:\/\/www.comunicarmais.com.br\/site\/wp-json\/wp\/v2\/categories?post=12351"},{"taxonomy":"post_tag","embeddable":true,"href":"https:\/\/www.comunicarmais.com.br\/site\/wp-json\/wp\/v2\/tags?post=12351"}],"curies":[{"name":"wp","href":"https:\/\/api.w.org\/{rel}","templated":true}]}}