{"id":12325,"date":"2026-01-10T10:04:00","date_gmt":"2026-01-10T13:04:00","guid":{"rendered":"https:\/\/www.comunicarmais.com.br\/site\/?p=12325"},"modified":"2026-01-12T02:40:38","modified_gmt":"2026-01-12T05:40:38","slug":"patinetes-eletricos-completam-um-ano-em-salvador-com-600-mil-viagens-e-2-milhoes-de-quilometros-percorridos","status":"publish","type":"post","link":"https:\/\/www.comunicarmais.com.br\/site\/2026\/01\/10\/patinetes-eletricos-completam-um-ano-em-salvador-com-600-mil-viagens-e-2-milhoes-de-quilometros-percorridos\/","title":{"rendered":"Patinetes el\u00e9tricos completam um ano em Salvador com 600 mil viagens e 2 milh\u00f5es de quil\u00f4metros percorridos"},"content":{"rendered":"\n<p><strong>Servi\u00e7o \u00e9 operado em Salvador pela empresa JET, sob regula\u00e7\u00e3o da Secretaria Municipal de Mobilidade<\/strong><\/p>\n\n\n\n<figure class=\"wp-block-image size-full\"><img decoding=\"async\" width=\"1280\" height=\"838\" data-src=\"https:\/\/www.comunicarmais.com.br\/site\/wp-content\/uploads\/2026\/01\/WhatsApp-Image-2026-01-08-at-13.02.35.jpeg\" alt=\"\" class=\"wp-image-12328 lazyload\" data-srcset=\"https:\/\/www.comunicarmais.com.br\/site\/wp-content\/uploads\/2026\/01\/WhatsApp-Image-2026-01-08-at-13.02.35.jpeg 1280w, https:\/\/www.comunicarmais.com.br\/site\/wp-content\/uploads\/2026\/01\/WhatsApp-Image-2026-01-08-at-13.02.35-1024x670.jpeg 1024w, https:\/\/www.comunicarmais.com.br\/site\/wp-content\/uploads\/2026\/01\/WhatsApp-Image-2026-01-08-at-13.02.35-768x503.jpeg 768w\" data-sizes=\"(max-width: 1280px) 100vw, 1280px\" src=\"data:image\/svg+xml;base64,PHN2ZyB3aWR0aD0iMSIgaGVpZ2h0PSIxIiB4bWxucz0iaHR0cDovL3d3dy53My5vcmcvMjAwMC9zdmciPjwvc3ZnPg==\" style=\"--smush-placeholder-width: 1280px; --smush-placeholder-aspect-ratio: 1280\/838;\" \/><figcaption class=\"wp-element-caption\"><em><sup>(Foto: Ot\u00e1vio Santos \/ Secom PMS)<\/sup><\/em><\/figcaption><\/figure>\n\n\n\n<p><strong>Reda\u00e7\u00e3o Mais &#8211; <\/strong>Os primeiros patinetes el\u00e9tricos chegaram a Salvador h\u00e1 exatamente um ano, no in\u00edcio de janeiro de 2025, como mais uma op\u00e7\u00e3o de mobilidade para a cidade, aliando sustentabilidade e praticidade. Pouco a pouco, os equipamentos foram se tornando parte da rotina dos soteropolitanos, e fecharam o primeiro ano de atividade como um sucesso: foram mais de 175 mil usu\u00e1rios cadastrados, que realizaram quase 652 mil viagens. O balan\u00e7o final \u00e9 de mais de 2 milh\u00f5es de quil\u00f4metros percorridos &#8211; para se ter uma ideia, isso equivale a 50 voltas ao redor da Terra.<\/p>\n\n\n\n<p>O servi\u00e7o \u00e9 operado em Salvador pela empresa JET, sob regula\u00e7\u00e3o da Secretaria Municipal de Mobilidade (Semob), e segue um conjunto de regras estabelecidas pelo Conselho Nacional de Tr\u00e2nsito (Contran) e pela Pol\u00edtica Nacional de Mobilidade Urbana. Entre elas est\u00e3o um limitador de velocidade por meio de GPS, estabelecendo uma m\u00e1xima para cada regi\u00e3o da cidade, e a obrigatoriedade do uso individual do equipamento.<\/p>\n\n\n\n<p>O titular da Semob, Pablo Souza, destaca que hoje a capital baiana \u00e9 considerada a principal cidade em utiliza\u00e7\u00e3o deste modal no Brasil. \u201cAvan\u00e7amos muito com a regulamenta\u00e7\u00e3o, demarca\u00e7\u00e3o de vagas e temos acompanhado a ades\u00e3o de soteropolitanos e tamb\u00e9m por parte dos turistas\u201d, disse.<\/p>\n\n\n\n<figure class=\"wp-block-image size-full\"><img decoding=\"async\" width=\"1280\" height=\"854\" data-src=\"https:\/\/www.comunicarmais.com.br\/site\/wp-content\/uploads\/2026\/01\/WhatsApp-Image-2026-01-08-at-13.02.36.jpeg\" alt=\"\" class=\"wp-image-12329 lazyload\" data-srcset=\"https:\/\/www.comunicarmais.com.br\/site\/wp-content\/uploads\/2026\/01\/WhatsApp-Image-2026-01-08-at-13.02.36.jpeg 1280w, https:\/\/www.comunicarmais.com.br\/site\/wp-content\/uploads\/2026\/01\/WhatsApp-Image-2026-01-08-at-13.02.36-1024x683.jpeg 1024w, https:\/\/www.comunicarmais.com.br\/site\/wp-content\/uploads\/2026\/01\/WhatsApp-Image-2026-01-08-at-13.02.36-768x512.jpeg 768w\" data-sizes=\"(max-width: 1280px) 100vw, 1280px\" src=\"data:image\/svg+xml;base64,PHN2ZyB3aWR0aD0iMSIgaGVpZ2h0PSIxIiB4bWxucz0iaHR0cDovL3d3dy53My5vcmcvMjAwMC9zdmciPjwvc3ZnPg==\" style=\"--smush-placeholder-width: 1280px; --smush-placeholder-aspect-ratio: 1280\/854;\" \/><figcaption class=\"wp-element-caption\"><em><sup>(Foto: Ot\u00e1vio Santos \/ Secom PMS)<\/sup><\/em><\/figcaption><\/figure>\n\n\n\n<p>\u201cEu costumo dizer que os patinetes facilitam o deslocamento, sobretudo aos compromissos mais pr\u00f3ximos. Avalio de forma positiva o uso deles na cidade, especialmente com os avan\u00e7os na ades\u00e3o. N\u00f3s estamos planejando a expans\u00e3o do servi\u00e7o para mais \u00e1reas da cidade, mas sempre com foco na seguran\u00e7a. Onde tem estrutura ciclovi\u00e1ria, a gente est\u00e1 priorizando\u201d, completou Pablo Souza.<\/p>\n\n\n\n<p>Morador de Castelo Branco, o jovem Tales Mendes, de 19 anos, estava usando o patinete para acompanhar amigos que pedalavam na orla da Barra na tarde desta ter\u00e7a-feira (6). \u201cPara mim, \u00e9 muito bom, utilizo ele sempre quando estou voltando da faculdade para adiantar o meu percurso. Estudo na Universidade Cat\u00f3lica, na Avenida Pinto de Aguiar, e vou at\u00e9 a Esta\u00e7\u00e3o Pitua\u00e7u todos os dias. \u00c9 o meu meio de transporte. Para mim, est\u00e1 100%, gosto bastante, o acesso \u00e9 f\u00e1cil, e a limita\u00e7\u00e3o da velocidade \u00e9 bom para evitar acidentes\u201d, disse.<\/p>\n\n\n\n<p>A jovem Bruna Cardoso, de 28 anos, mora na Barra e disse que usa o patinete como uma forma de lazer. \u201cLembro que no ano passado eu estava aqui quando foram apresentados, tive a oportunidade de experimentar no primeiro dia e foi incr\u00edvel. Apesar de n\u00e3o usar como meio de locomo\u00e7\u00e3o, costumo passear com os meus amigos\u201d, disse a estudante.<\/p>\n\n\n\n<p>Para ela, o patinete \u00e9 uma op\u00e7\u00e3o muito boa para quem quer percorrer dist\u00e2ncias curtas, como por exemplo da praia do Porto da Barra at\u00e9 Ondina. \u201cVejo muitas fam\u00edlias aproveitando, andando, e o mais legal \u00e9 que existe uma preocupa\u00e7\u00e3o da Prefeitura com os pedestres na cal\u00e7ada, ent\u00e3o sei que aqui na Barra tem uma velocidade m\u00e1xima de 10km e isso deixa a gente mais seguro e tranquilo. Eles realmente j\u00e1 se consolidaram com um meio de transporte, custo e benef\u00edcio muito bom, \u00e9 s\u00f3 alegria\u201d, afirmou.<\/p>\n\n\n\n<figure class=\"wp-block-image size-full\"><img decoding=\"async\" width=\"1280\" height=\"731\" data-src=\"https:\/\/www.comunicarmais.com.br\/site\/wp-content\/uploads\/2026\/01\/WhatsApp-Image-2026-01-08-at-13.02.34.jpeg\" alt=\"\" class=\"wp-image-12327 lazyload\" data-srcset=\"https:\/\/www.comunicarmais.com.br\/site\/wp-content\/uploads\/2026\/01\/WhatsApp-Image-2026-01-08-at-13.02.34.jpeg 1280w, https:\/\/www.comunicarmais.com.br\/site\/wp-content\/uploads\/2026\/01\/WhatsApp-Image-2026-01-08-at-13.02.34-1024x585.jpeg 1024w, https:\/\/www.comunicarmais.com.br\/site\/wp-content\/uploads\/2026\/01\/WhatsApp-Image-2026-01-08-at-13.02.34-768x439.jpeg 768w\" data-sizes=\"(max-width: 1280px) 100vw, 1280px\" src=\"data:image\/svg+xml;base64,PHN2ZyB3aWR0aD0iMSIgaGVpZ2h0PSIxIiB4bWxucz0iaHR0cDovL3d3dy53My5vcmcvMjAwMC9zdmciPjwvc3ZnPg==\" style=\"--smush-placeholder-width: 1280px; --smush-placeholder-aspect-ratio: 1280\/731;\" \/><figcaption class=\"wp-element-caption\"><em><sup>(Foto: Ot\u00e1vio Santos \/ Secom PMS)<\/sup><\/em><\/figcaption><\/figure>\n\n\n\n<p><strong>Seguran\u00e7a &#8211;<\/strong> Para garantir a seguran\u00e7a de quem usa os patinetes e dos pedestres, a empresa respons\u00e1vel e a Semob t\u00eam promovido uma s\u00e9rie de a\u00e7\u00f5es educacionais e de fiscaliza\u00e7\u00e3o. Ao longo de 2025, foram realizadas 118 escolas de dire\u00e7\u00e3o segura com o p\u00fablico e 13.065 abordagens a pessoas usando o equipamento, que resultaram em 2.791 contas suspensas por n\u00e3o cumprirem regras de utiliza\u00e7\u00e3o do modal.<\/p>\n\n\n\n<p>Dezembro foi o m\u00eas com o maior foco em seguran\u00e7a, com 619 contas suspensas, o que representa 22% do quantitativo de 2025. Nesse per\u00edodo, foi iniciada a campanha de ver\u00e3o dos patinetes el\u00e9tricos, com o refor\u00e7o da fiscaliza\u00e7\u00e3o, al\u00e9m da amplia\u00e7\u00e3o no n\u00famero de atividades educativas. Al\u00e9m disso, foram feitas a\u00e7\u00f5es de comunica\u00e7\u00e3o com a divulga\u00e7\u00e3o de mensagens sobre seguran\u00e7a vi\u00e1ria no uso de patinetes el\u00e9tricos atrav\u00e9s de a\u00e7\u00f5es publicit\u00e1rias e de jornalismo.<\/p>\n\n\n\n<p><strong>Regras &#8211;<\/strong> O decreto municipal 40.301\/2025, que regulamenta a opera\u00e7\u00e3o de patinetes el\u00e9tricos em Salvador, estabelece requisitos espec\u00edficos para os equipamentos, como idade m\u00ednima permitida para uso, campainha obrigat\u00f3ria, limitador de velocidade, sinaliza\u00e7\u00e3o noturna e sistema de freios eficaz. O documento segue a Resolu\u00e7\u00e3o n\u00ba 996\/2023 do Contran, o Plano de Mobilidade Urbana Sustent\u00e1vel da cidade, al\u00e9m de estar em conformidade com a Pol\u00edtica Nacional de Mobilidade Urbana (Lei Federal n\u00ba 12.587\/2012).<\/p>\n\n\n\n<p>Para ter acesso aos patinetes el\u00e9tricos em Salvador, os usu\u00e1rios t\u00eam que baixar o aplicativo da JET (<a href=\"https:\/\/jetshr.com\/br\/\" target=\"_blank\" rel=\"noreferrer noopener\">https:\/\/jetshr.com\/br\/<\/a>) e realizar o cadastro inicial na plataforma. Depois disso \u00e9 s\u00f3 localizar uma das esta\u00e7\u00f5es, escolher o patinete pelo app ou escanear o QR Code do patinete no local. A forma de pagamento deve ser selecionada para desbloquear o servi\u00e7o. \u00c9 preciso ser maior de idade (18 anos ou mais) e utilizar cada patinete de forma individual.<\/p>\n\n\n\n<p>________________________________________________________________________________________________________________<\/p>\n\n\n<p class=\"wp-block-tag-cloud\"><a href=\"https:\/\/www.comunicarmais.com.br\/site\/tag\/bahia\/\" class=\"tag-cloud-link tag-link-171 tag-link-position-1\" style=\"font-size: 17.922330097087pt;\" aria-label=\"Bahia (116 itens)\">Bahia<\/a>\n<a href=\"https:\/\/www.comunicarmais.com.br\/site\/tag\/bolsonaro\/\" class=\"tag-cloud-link tag-link-112 tag-link-position-2\" style=\"font-size: 11.533980582524pt;\" aria-label=\"Bolsonaro (39 itens)\">Bolsonaro<\/a>\n<a href=\"https:\/\/www.comunicarmais.com.br\/site\/tag\/brasil\/\" class=\"tag-cloud-link tag-link-335 tag-link-position-3\" style=\"font-size: 13.029126213592pt;\" aria-label=\"Brasil (50 itens)\">Brasil<\/a>\n<a href=\"https:\/\/www.comunicarmais.com.br\/site\/tag\/camacari\/\" class=\"tag-cloud-link tag-link-435 tag-link-position-4\" style=\"font-size: 8.8155339805825pt;\" aria-label=\"Cama\u00e7ari (24 itens)\">Cama\u00e7ari<\/a>\n<a href=\"https:\/\/www.comunicarmais.com.br\/site\/tag\/carnaval\/\" class=\"tag-cloud-link tag-link-508 tag-link-position-5\" style=\"font-size: 12.893203883495pt;\" aria-label=\"Carnaval (49 itens)\">Carnaval<\/a>\n<a href=\"https:\/\/www.comunicarmais.com.br\/site\/tag\/cbx\/\" class=\"tag-cloud-link tag-link-1602 tag-link-position-6\" style=\"font-size: 11.398058252427pt;\" aria-label=\"CBX (38 itens)\">CBX<\/a>\n<a href=\"https:\/\/www.comunicarmais.com.br\/site\/tag\/cidade-baixa\/\" class=\"tag-cloud-link tag-link-456 tag-link-position-7\" style=\"font-size: 9.9029126213592pt;\" aria-label=\"Cidade Baixa (29 itens)\">Cidade Baixa<\/a>\n<a href=\"https:\/\/www.comunicarmais.com.br\/site\/tag\/cinema\/\" class=\"tag-cloud-link tag-link-985 tag-link-position-8\" style=\"font-size: 11.126213592233pt;\" aria-label=\"Cinema (36 itens)\">Cinema<\/a>\n<a href=\"https:\/\/www.comunicarmais.com.br\/site\/tag\/cultura\/\" class=\"tag-cloud-link tag-link-231 tag-link-position-9\" style=\"font-size: 12.21359223301pt;\" aria-label=\"Cultura (44 itens)\">Cultura<\/a>\n<a href=\"https:\/\/www.comunicarmais.com.br\/site\/tag\/drogas\/\" class=\"tag-cloud-link tag-link-165 tag-link-position-10\" style=\"font-size: 12.757281553398pt;\" aria-label=\"Drogas (48 itens)\">Drogas<\/a>\n<a href=\"https:\/\/www.comunicarmais.com.br\/site\/tag\/educacao\/\" class=\"tag-cloud-link tag-link-228 tag-link-position-11\" style=\"font-size: 12.621359223301pt;\" aria-label=\"Educa\u00e7\u00e3o (47 itens)\">Educa\u00e7\u00e3o<\/a>\n<a href=\"https:\/\/www.comunicarmais.com.br\/site\/tag\/ensino\/\" class=\"tag-cloud-link tag-link-233 tag-link-position-12\" style=\"font-size: 10.446601941748pt;\" aria-label=\"Ensino (32 itens)\">Ensino<\/a>\n<a href=\"https:\/\/www.comunicarmais.com.br\/site\/tag\/escola\/\" class=\"tag-cloud-link tag-link-229 tag-link-position-13\" style=\"font-size: 9.631067961165pt;\" aria-label=\"Escola (28 itens)\">Escola<\/a>\n<a href=\"https:\/\/www.comunicarmais.com.br\/site\/tag\/eua\/\" class=\"tag-cloud-link tag-link-664 tag-link-position-14\" style=\"font-size: 12.077669902913pt;\" aria-label=\"EUA (43 itens)\">EUA<\/a>\n<a href=\"https:\/\/www.comunicarmais.com.br\/site\/tag\/feira-de-santana\/\" class=\"tag-cloud-link tag-link-642 tag-link-position-15\" style=\"font-size: 9.2233009708738pt;\" aria-label=\"Feira de Santana (26 itens)\">Feira de Santana<\/a>\n<a href=\"https:\/\/www.comunicarmais.com.br\/site\/tag\/ficco\/\" class=\"tag-cloud-link tag-link-143 tag-link-position-16\" style=\"font-size: 9.2233009708738pt;\" aria-label=\"Ficco (26 itens)\">Ficco<\/a>\n<a href=\"https:\/\/www.comunicarmais.com.br\/site\/tag\/folia\/\" class=\"tag-cloud-link tag-link-566 tag-link-position-17\" style=\"font-size: 9.2233009708738pt;\" aria-label=\"Folia (26 itens)\">Folia<\/a>\n<a href=\"https:\/\/www.comunicarmais.com.br\/site\/tag\/futebol\/\" class=\"tag-cloud-link tag-link-40 tag-link-position-18\" style=\"font-size: 13.029126213592pt;\" aria-label=\"Futebol (50 itens)\">Futebol<\/a>\n<a href=\"https:\/\/www.comunicarmais.com.br\/site\/tag\/homicidio\/\" class=\"tag-cloud-link tag-link-101 tag-link-position-19\" style=\"font-size: 10.582524271845pt;\" aria-label=\"Homic\u00eddio (33 itens)\">Homic\u00eddio<\/a>\n<a href=\"https:\/\/www.comunicarmais.com.br\/site\/tag\/itapagipe\/\" class=\"tag-cloud-link tag-link-471 tag-link-position-20\" style=\"font-size: 10.038834951456pt;\" aria-label=\"Itapagipe (30 itens)\">Itapagipe<\/a>\n<a href=\"https:\/\/www.comunicarmais.com.br\/site\/tag\/itaparica\/\" class=\"tag-cloud-link tag-link-301 tag-link-position-21\" style=\"font-size: 8pt;\" aria-label=\"Itaparica (21 itens)\">Itaparica<\/a>\n<a href=\"https:\/\/www.comunicarmais.com.br\/site\/tag\/jeronimo-rodrigues\/\" class=\"tag-cloud-link tag-link-668 tag-link-position-22\" style=\"font-size: 8.2718446601942pt;\" aria-label=\"Jer\u00f4nimo Rodrigues (22 itens)\">Jer\u00f4nimo Rodrigues<\/a>\n<a href=\"https:\/\/www.comunicarmais.com.br\/site\/tag\/justica\/\" class=\"tag-cloud-link tag-link-361 tag-link-position-23\" style=\"font-size: 10.582524271845pt;\" aria-label=\"Justi\u00e7a (33 itens)\">Justi\u00e7a<\/a>\n<a href=\"https:\/\/www.comunicarmais.com.br\/site\/tag\/lauro-de-freitas\/\" class=\"tag-cloud-link tag-link-594 tag-link-position-24\" style=\"font-size: 18.194174757282pt;\" aria-label=\"Lauro de Freitas (122 itens)\">Lauro de Freitas<\/a>\n<a href=\"https:\/\/www.comunicarmais.com.br\/site\/tag\/lazer\/\" class=\"tag-cloud-link tag-link-568 tag-link-position-25\" style=\"font-size: 9.2233009708738pt;\" aria-label=\"Lazer (26 itens)\">Lazer<\/a>\n<a href=\"https:\/\/www.comunicarmais.com.br\/site\/tag\/lula\/\" class=\"tag-cloud-link tag-link-416 tag-link-position-26\" style=\"font-size: 12.21359223301pt;\" aria-label=\"Lula (44 itens)\">Lula<\/a>\n<a href=\"https:\/\/www.comunicarmais.com.br\/site\/tag\/meio-ambiente\/\" class=\"tag-cloud-link tag-link-475 tag-link-position-27\" style=\"font-size: 12.21359223301pt;\" aria-label=\"Meio Ambiente (44 itens)\">Meio Ambiente<\/a>\n<a href=\"https:\/\/www.comunicarmais.com.br\/site\/tag\/mobilidade\/\" class=\"tag-cloud-link tag-link-278 tag-link-position-28\" style=\"font-size: 13.844660194175pt;\" aria-label=\"Mobilidade (58 itens)\">Mobilidade<\/a>\n<a href=\"https:\/\/www.comunicarmais.com.br\/site\/tag\/mulher\/\" class=\"tag-cloud-link tag-link-450 tag-link-position-29\" style=\"font-size: 13.300970873786pt;\" aria-label=\"mulher (53 itens)\">mulher<\/a>\n<a href=\"https:\/\/www.comunicarmais.com.br\/site\/tag\/musica-2\/\" class=\"tag-cloud-link tag-link-747 tag-link-position-30\" style=\"font-size: 12.21359223301pt;\" aria-label=\"M\u00fasica (44 itens)\">M\u00fasica<\/a>\n<a href=\"https:\/\/www.comunicarmais.com.br\/site\/tag\/pcba\/\" class=\"tag-cloud-link tag-link-1332 tag-link-position-31\" style=\"font-size: 15.067961165049pt;\" aria-label=\"PCBA (72 itens)\">PCBA<\/a>\n<a href=\"https:\/\/www.comunicarmais.com.br\/site\/tag\/pmba\/\" class=\"tag-cloud-link tag-link-53 tag-link-position-32\" style=\"font-size: 18.194174757282pt;\" aria-label=\"PMBA (123 itens)\">PMBA<\/a>\n<a href=\"https:\/\/www.comunicarmais.com.br\/site\/tag\/policia-federal\/\" class=\"tag-cloud-link tag-link-620 tag-link-position-33\" style=\"font-size: 8.9514563106796pt;\" aria-label=\"Pol\u00edcia Federal (25 itens)\">Pol\u00edcia Federal<\/a>\n<a href=\"https:\/\/www.comunicarmais.com.br\/site\/tag\/politica\/\" class=\"tag-cloud-link tag-link-495 tag-link-position-34\" style=\"font-size: 16.291262135922pt;\" aria-label=\"Pol\u00edtica (89 itens)\">Pol\u00edtica<\/a>\n<a href=\"https:\/\/www.comunicarmais.com.br\/site\/tag\/rio-de-janeiro\/\" class=\"tag-cloud-link tag-link-152 tag-link-position-35\" style=\"font-size: 9.9029126213592pt;\" aria-label=\"Rio de Janeiro (29 itens)\">Rio de Janeiro<\/a>\n<a href=\"https:\/\/www.comunicarmais.com.br\/site\/tag\/salvador\/\" class=\"tag-cloud-link tag-link-125 tag-link-position-36\" style=\"font-size: 22pt;\" aria-label=\"Salvador (234 itens)\">Salvador<\/a>\n<a href=\"https:\/\/www.comunicarmais.com.br\/site\/tag\/saude\/\" class=\"tag-cloud-link tag-link-42 tag-link-position-37\" style=\"font-size: 17.78640776699pt;\" aria-label=\"Sa\u00fade (115 itens)\">Sa\u00fade<\/a>\n<a href=\"https:\/\/www.comunicarmais.com.br\/site\/tag\/seguranca\/\" class=\"tag-cloud-link tag-link-48 tag-link-position-38\" style=\"font-size: 9.2233009708738pt;\" aria-label=\"Seguran\u00e7a (26 itens)\">Seguran\u00e7a<\/a>\n<a href=\"https:\/\/www.comunicarmais.com.br\/site\/tag\/ssp-ba\/\" class=\"tag-cloud-link tag-link-1937 tag-link-position-39\" style=\"font-size: 8.9514563106796pt;\" aria-label=\"SSP-BA (25 itens)\">SSP-BA<\/a>\n<a href=\"https:\/\/www.comunicarmais.com.br\/site\/tag\/sspba\/\" class=\"tag-cloud-link tag-link-144 tag-link-position-40\" style=\"font-size: 11.398058252427pt;\" aria-label=\"SSPBA (38 itens)\">SSPBA<\/a>\n<a href=\"https:\/\/www.comunicarmais.com.br\/site\/tag\/stf\/\" class=\"tag-cloud-link tag-link-68 tag-link-position-41\" style=\"font-size: 14.252427184466pt;\" aria-label=\"STF (62 itens)\">STF<\/a>\n<a href=\"https:\/\/www.comunicarmais.com.br\/site\/tag\/sao-paulo\/\" class=\"tag-cloud-link tag-link-612 tag-link-position-42\" style=\"font-size: 8pt;\" aria-label=\"S\u00e3o Paulo (21 itens)\">S\u00e3o Paulo<\/a>\n<a href=\"https:\/\/www.comunicarmais.com.br\/site\/tag\/transito-2\/\" class=\"tag-cloud-link tag-link-377 tag-link-position-43\" style=\"font-size: 8.2718446601942pt;\" aria-label=\"tr\u00e2nsito (22 itens)\">tr\u00e2nsito<\/a>\n<a href=\"https:\/\/www.comunicarmais.com.br\/site\/tag\/turismo\/\" class=\"tag-cloud-link tag-link-225 tag-link-position-44\" style=\"font-size: 9.631067961165pt;\" aria-label=\"Turismo (28 itens)\">Turismo<\/a>\n<a href=\"https:\/\/www.comunicarmais.com.br\/site\/tag\/uruguai\/\" class=\"tag-cloud-link tag-link-323 tag-link-position-45\" style=\"font-size: 9.631067961165pt;\" aria-label=\"Uruguai (28 itens)\">Uruguai<\/a><\/p>","protected":false},"excerpt":{"rendered":"<p>Servi\u00e7o \u00e9 operado em Salvador pela empresa JET, sob regula\u00e7\u00e3o da Secretaria Municipal de Mobilidade<\/p>\n","protected":false},"author":2,"featured_media":12327,"comment_status":"open","ping_status":"open","sticky":false,"template":"","format":"standard","meta":{"_acf_changed":false,"footnotes":""},"categories":[5],"tags":[278,3124,125,687],"class_list":["post-12325","post","type-post","status-publish","format-standard","has-post-thumbnail","hentry","category-grande-salvador","tag-mobilidade","tag-patinetes","tag-salvador","tag-semob"],"acf":[],"yoast_head":"<!-- This site is optimized with the Yoast SEO plugin v26.1.1 - https:\/\/yoast.com\/wordpress\/plugins\/seo\/ -->\n<title>Patinetes el\u00e9tricos completam um ano em Salvador com 600 mil viagens e 2 milh\u00f5es de quil\u00f4metros percorridos - Comunicar Mais<\/title>\n<meta name=\"description\" content=\"Servi\u00e7o \u00e9 operado em Salvador pela empresa JET, sob regula\u00e7\u00e3o da Secretaria Municipal de Mobilidade\" \/>\n<meta name=\"robots\" content=\"index, follow, max-snippet:-1, max-image-preview:large, max-video-preview:-1\" \/>\n<link rel=\"canonical\" href=\"https:\/\/www.comunicarmais.com.br\/site\/2026\/01\/10\/patinetes-eletricos-completam-um-ano-em-salvador-com-600-mil-viagens-e-2-milhoes-de-quilometros-percorridos\/\" \/>\n<meta property=\"og:locale\" content=\"pt_BR\" \/>\n<meta property=\"og:type\" content=\"article\" \/>\n<meta property=\"og:title\" content=\"Patinetes el\u00e9tricos completam um ano em Salvador com 600 mil viagens e 2 milh\u00f5es de quil\u00f4metros percorridos - Comunicar Mais\" \/>\n<meta property=\"og:description\" content=\"Servi\u00e7o \u00e9 operado em Salvador pela empresa JET, sob regula\u00e7\u00e3o da Secretaria Municipal de Mobilidade\" \/>\n<meta property=\"og:url\" content=\"https:\/\/www.comunicarmais.com.br\/site\/2026\/01\/10\/patinetes-eletricos-completam-um-ano-em-salvador-com-600-mil-viagens-e-2-milhoes-de-quilometros-percorridos\/\" \/>\n<meta property=\"og:site_name\" content=\"Comunicar Mais\" \/>\n<meta property=\"article:publisher\" content=\"https:\/\/www.facebook.com\/comunicarmais\/\" \/>\n<meta property=\"article:author\" content=\"https:\/\/www.facebook.com\/comunicarmais\/\" \/>\n<meta property=\"article:published_time\" content=\"2026-01-10T13:04:00+00:00\" \/>\n<meta property=\"article:modified_time\" content=\"2026-01-12T05:40:38+00:00\" \/>\n<meta property=\"og:image\" content=\"https:\/\/www.comunicarmais.com.br\/site\/wp-content\/uploads\/2026\/01\/WhatsApp-Image-2026-01-08-at-13.02.34.jpeg\" \/>\n\t<meta property=\"og:image:width\" content=\"1280\" \/>\n\t<meta property=\"og:image:height\" content=\"731\" \/>\n\t<meta property=\"og:image:type\" content=\"image\/jpeg\" \/>\n<meta name=\"author\" content=\"Comunicar Mais\" \/>\n<meta name=\"twitter:card\" content=\"summary_large_image\" \/>\n<meta name=\"twitter:creator\" content=\"@ComunicarmaisBA\" \/>\n<meta name=\"twitter:site\" content=\"@ComunicarmaisBA\" \/>\n<meta name=\"twitter:label1\" content=\"Escrito por\" \/>\n\t<meta name=\"twitter:data1\" content=\"Comunicar Mais\" \/>\n\t<meta name=\"twitter:label2\" content=\"Est. tempo de leitura\" \/>\n\t<meta name=\"twitter:data2\" content=\"6 minutos\" \/>\n<script type=\"application\/ld+json\" class=\"yoast-schema-graph\">{\"@context\":\"https:\/\/schema.org\",\"@graph\":[{\"@type\":\"WebPage\",\"@id\":\"https:\/\/www.comunicarmais.com.br\/site\/2026\/01\/10\/patinetes-eletricos-completam-um-ano-em-salvador-com-600-mil-viagens-e-2-milhoes-de-quilometros-percorridos\/\",\"url\":\"https:\/\/www.comunicarmais.com.br\/site\/2026\/01\/10\/patinetes-eletricos-completam-um-ano-em-salvador-com-600-mil-viagens-e-2-milhoes-de-quilometros-percorridos\/\",\"name\":\"Patinetes el\u00e9tricos completam um ano em Salvador com 600 mil viagens e 2 milh\u00f5es de quil\u00f4metros percorridos - Comunicar Mais\",\"isPartOf\":{\"@id\":\"https:\/\/www.comunicarmais.com.br\/site\/#website\"},\"primaryImageOfPage\":{\"@id\":\"https:\/\/www.comunicarmais.com.br\/site\/2026\/01\/10\/patinetes-eletricos-completam-um-ano-em-salvador-com-600-mil-viagens-e-2-milhoes-de-quilometros-percorridos\/#primaryimage\"},\"image\":{\"@id\":\"https:\/\/www.comunicarmais.com.br\/site\/2026\/01\/10\/patinetes-eletricos-completam-um-ano-em-salvador-com-600-mil-viagens-e-2-milhoes-de-quilometros-percorridos\/#primaryimage\"},\"thumbnailUrl\":\"https:\/\/www.comunicarmais.com.br\/site\/wp-content\/uploads\/2026\/01\/WhatsApp-Image-2026-01-08-at-13.02.34.jpeg\",\"datePublished\":\"2026-01-10T13:04:00+00:00\",\"dateModified\":\"2026-01-12T05:40:38+00:00\",\"author\":{\"@id\":\"https:\/\/www.comunicarmais.com.br\/site\/#\/schema\/person\/712f7b6b25b644e4a91c4173674cf284\"},\"description\":\"Servi\u00e7o \u00e9 operado em Salvador pela empresa JET, sob regula\u00e7\u00e3o da Secretaria Municipal de Mobilidade\",\"breadcrumb\":{\"@id\":\"https:\/\/www.comunicarmais.com.br\/site\/2026\/01\/10\/patinetes-eletricos-completam-um-ano-em-salvador-com-600-mil-viagens-e-2-milhoes-de-quilometros-percorridos\/#breadcrumb\"},\"inLanguage\":\"pt-BR\",\"potentialAction\":[{\"@type\":\"ReadAction\",\"target\":[\"https:\/\/www.comunicarmais.com.br\/site\/2026\/01\/10\/patinetes-eletricos-completam-um-ano-em-salvador-com-600-mil-viagens-e-2-milhoes-de-quilometros-percorridos\/\"]}]},{\"@type\":\"ImageObject\",\"inLanguage\":\"pt-BR\",\"@id\":\"https:\/\/www.comunicarmais.com.br\/site\/2026\/01\/10\/patinetes-eletricos-completam-um-ano-em-salvador-com-600-mil-viagens-e-2-milhoes-de-quilometros-percorridos\/#primaryimage\",\"url\":\"https:\/\/www.comunicarmais.com.br\/site\/wp-content\/uploads\/2026\/01\/WhatsApp-Image-2026-01-08-at-13.02.34.jpeg\",\"contentUrl\":\"https:\/\/www.comunicarmais.com.br\/site\/wp-content\/uploads\/2026\/01\/WhatsApp-Image-2026-01-08-at-13.02.34.jpeg\",\"width\":1280,\"height\":731},{\"@type\":\"BreadcrumbList\",\"@id\":\"https:\/\/www.comunicarmais.com.br\/site\/2026\/01\/10\/patinetes-eletricos-completam-um-ano-em-salvador-com-600-mil-viagens-e-2-milhoes-de-quilometros-percorridos\/#breadcrumb\",\"itemListElement\":[{\"@type\":\"ListItem\",\"position\":1,\"name\":\"In\u00edcio\",\"item\":\"https:\/\/www.comunicarmais.com.br\/site\/\"},{\"@type\":\"ListItem\",\"position\":2,\"name\":\"Patinetes el\u00e9tricos completam um ano em Salvador com 600 mil viagens e 2 milh\u00f5es de quil\u00f4metros percorridos\"}]},{\"@type\":\"WebSite\",\"@id\":\"https:\/\/www.comunicarmais.com.br\/site\/#website\",\"url\":\"https:\/\/www.comunicarmais.com.br\/site\/\",\"name\":\"Comunicar Mais\",\"description\":\"\",\"potentialAction\":[{\"@type\":\"SearchAction\",\"target\":{\"@type\":\"EntryPoint\",\"urlTemplate\":\"https:\/\/www.comunicarmais.com.br\/site\/?s={search_term_string}\"},\"query-input\":{\"@type\":\"PropertyValueSpecification\",\"valueRequired\":true,\"valueName\":\"search_term_string\"}}],\"inLanguage\":\"pt-BR\"},{\"@type\":\"Person\",\"@id\":\"https:\/\/www.comunicarmais.com.br\/site\/#\/schema\/person\/712f7b6b25b644e4a91c4173674cf284\",\"name\":\"Comunicar Mais\",\"image\":{\"@type\":\"ImageObject\",\"inLanguage\":\"pt-BR\",\"@id\":\"https:\/\/www.comunicarmais.com.br\/site\/#\/schema\/person\/image\/\",\"url\":\"https:\/\/secure.gravatar.com\/avatar\/9803218072e2c0dc265d3d787b54c2c33325e79f79732707fddfbf1efd82c678?s=96&d=mm&r=g\",\"contentUrl\":\"https:\/\/secure.gravatar.com\/avatar\/9803218072e2c0dc265d3d787b54c2c33325e79f79732707fddfbf1efd82c678?s=96&d=mm&r=g\",\"caption\":\"Comunicar Mais\"},\"description\":\"Deixe as ideologias com os ide\u00f3logos. Noticiamos fatos, n\u00e3o brigamos com eles. Aqui, voc\u00ea fica bem informado do que acontece no seu bairro e no mundo. Informar com \u00e9tica e responsabilidade s\u00e3o as bandeiras do Comunicarmais.\",\"sameAs\":[\"https:\/\/www.comunicarmais.com.br\/site\/\",\"https:\/\/www.facebook.com\/comunicarmais\/\",\"https:\/\/www.instagram.com\/comunicarmaisba\/\",\"https:\/\/x.com\/ComunicarmaisBA\"],\"url\":\"https:\/\/www.comunicarmais.com.br\/site\/author\/gerenciador\/\"}]}<\/script>\n<!-- \/ Yoast SEO plugin. -->","yoast_head_json":{"title":"Patinetes el\u00e9tricos completam um ano em Salvador com 600 mil viagens e 2 milh\u00f5es de quil\u00f4metros percorridos - Comunicar Mais","description":"Servi\u00e7o \u00e9 operado em Salvador pela empresa JET, sob regula\u00e7\u00e3o da Secretaria Municipal de Mobilidade","robots":{"index":"index","follow":"follow","max-snippet":"max-snippet:-1","max-image-preview":"max-image-preview:large","max-video-preview":"max-video-preview:-1"},"canonical":"https:\/\/www.comunicarmais.com.br\/site\/2026\/01\/10\/patinetes-eletricos-completam-um-ano-em-salvador-com-600-mil-viagens-e-2-milhoes-de-quilometros-percorridos\/","og_locale":"pt_BR","og_type":"article","og_title":"Patinetes el\u00e9tricos completam um ano em Salvador com 600 mil viagens e 2 milh\u00f5es de quil\u00f4metros percorridos - Comunicar Mais","og_description":"Servi\u00e7o \u00e9 operado em Salvador pela empresa JET, sob regula\u00e7\u00e3o da Secretaria Municipal de Mobilidade","og_url":"https:\/\/www.comunicarmais.com.br\/site\/2026\/01\/10\/patinetes-eletricos-completam-um-ano-em-salvador-com-600-mil-viagens-e-2-milhoes-de-quilometros-percorridos\/","og_site_name":"Comunicar Mais","article_publisher":"https:\/\/www.facebook.com\/comunicarmais\/","article_author":"https:\/\/www.facebook.com\/comunicarmais\/","article_published_time":"2026-01-10T13:04:00+00:00","article_modified_time":"2026-01-12T05:40:38+00:00","og_image":[{"width":1280,"height":731,"url":"https:\/\/www.comunicarmais.com.br\/site\/wp-content\/uploads\/2026\/01\/WhatsApp-Image-2026-01-08-at-13.02.34.jpeg","type":"image\/jpeg"}],"author":"Comunicar Mais","twitter_card":"summary_large_image","twitter_creator":"@ComunicarmaisBA","twitter_site":"@ComunicarmaisBA","twitter_misc":{"Escrito por":"Comunicar Mais","Est. tempo de leitura":"6 minutos"},"schema":{"@context":"https:\/\/schema.org","@graph":[{"@type":"WebPage","@id":"https:\/\/www.comunicarmais.com.br\/site\/2026\/01\/10\/patinetes-eletricos-completam-um-ano-em-salvador-com-600-mil-viagens-e-2-milhoes-de-quilometros-percorridos\/","url":"https:\/\/www.comunicarmais.com.br\/site\/2026\/01\/10\/patinetes-eletricos-completam-um-ano-em-salvador-com-600-mil-viagens-e-2-milhoes-de-quilometros-percorridos\/","name":"Patinetes el\u00e9tricos completam um ano em Salvador com 600 mil viagens e 2 milh\u00f5es de quil\u00f4metros percorridos - Comunicar Mais","isPartOf":{"@id":"https:\/\/www.comunicarmais.com.br\/site\/#website"},"primaryImageOfPage":{"@id":"https:\/\/www.comunicarmais.com.br\/site\/2026\/01\/10\/patinetes-eletricos-completam-um-ano-em-salvador-com-600-mil-viagens-e-2-milhoes-de-quilometros-percorridos\/#primaryimage"},"image":{"@id":"https:\/\/www.comunicarmais.com.br\/site\/2026\/01\/10\/patinetes-eletricos-completam-um-ano-em-salvador-com-600-mil-viagens-e-2-milhoes-de-quilometros-percorridos\/#primaryimage"},"thumbnailUrl":"https:\/\/www.comunicarmais.com.br\/site\/wp-content\/uploads\/2026\/01\/WhatsApp-Image-2026-01-08-at-13.02.34.jpeg","datePublished":"2026-01-10T13:04:00+00:00","dateModified":"2026-01-12T05:40:38+00:00","author":{"@id":"https:\/\/www.comunicarmais.com.br\/site\/#\/schema\/person\/712f7b6b25b644e4a91c4173674cf284"},"description":"Servi\u00e7o \u00e9 operado em Salvador pela empresa JET, sob regula\u00e7\u00e3o da Secretaria Municipal de Mobilidade","breadcrumb":{"@id":"https:\/\/www.comunicarmais.com.br\/site\/2026\/01\/10\/patinetes-eletricos-completam-um-ano-em-salvador-com-600-mil-viagens-e-2-milhoes-de-quilometros-percorridos\/#breadcrumb"},"inLanguage":"pt-BR","potentialAction":[{"@type":"ReadAction","target":["https:\/\/www.comunicarmais.com.br\/site\/2026\/01\/10\/patinetes-eletricos-completam-um-ano-em-salvador-com-600-mil-viagens-e-2-milhoes-de-quilometros-percorridos\/"]}]},{"@type":"ImageObject","inLanguage":"pt-BR","@id":"https:\/\/www.comunicarmais.com.br\/site\/2026\/01\/10\/patinetes-eletricos-completam-um-ano-em-salvador-com-600-mil-viagens-e-2-milhoes-de-quilometros-percorridos\/#primaryimage","url":"https:\/\/www.comunicarmais.com.br\/site\/wp-content\/uploads\/2026\/01\/WhatsApp-Image-2026-01-08-at-13.02.34.jpeg","contentUrl":"https:\/\/www.comunicarmais.com.br\/site\/wp-content\/uploads\/2026\/01\/WhatsApp-Image-2026-01-08-at-13.02.34.jpeg","width":1280,"height":731},{"@type":"BreadcrumbList","@id":"https:\/\/www.comunicarmais.com.br\/site\/2026\/01\/10\/patinetes-eletricos-completam-um-ano-em-salvador-com-600-mil-viagens-e-2-milhoes-de-quilometros-percorridos\/#breadcrumb","itemListElement":[{"@type":"ListItem","position":1,"name":"In\u00edcio","item":"https:\/\/www.comunicarmais.com.br\/site\/"},{"@type":"ListItem","position":2,"name":"Patinetes el\u00e9tricos completam um ano em Salvador com 600 mil viagens e 2 milh\u00f5es de quil\u00f4metros percorridos"}]},{"@type":"WebSite","@id":"https:\/\/www.comunicarmais.com.br\/site\/#website","url":"https:\/\/www.comunicarmais.com.br\/site\/","name":"Comunicar Mais","description":"","potentialAction":[{"@type":"SearchAction","target":{"@type":"EntryPoint","urlTemplate":"https:\/\/www.comunicarmais.com.br\/site\/?s={search_term_string}"},"query-input":{"@type":"PropertyValueSpecification","valueRequired":true,"valueName":"search_term_string"}}],"inLanguage":"pt-BR"},{"@type":"Person","@id":"https:\/\/www.comunicarmais.com.br\/site\/#\/schema\/person\/712f7b6b25b644e4a91c4173674cf284","name":"Comunicar Mais","image":{"@type":"ImageObject","inLanguage":"pt-BR","@id":"https:\/\/www.comunicarmais.com.br\/site\/#\/schema\/person\/image\/","url":"https:\/\/secure.gravatar.com\/avatar\/9803218072e2c0dc265d3d787b54c2c33325e79f79732707fddfbf1efd82c678?s=96&d=mm&r=g","contentUrl":"https:\/\/secure.gravatar.com\/avatar\/9803218072e2c0dc265d3d787b54c2c33325e79f79732707fddfbf1efd82c678?s=96&d=mm&r=g","caption":"Comunicar Mais"},"description":"Deixe as ideologias com os ide\u00f3logos. Noticiamos fatos, n\u00e3o brigamos com eles. Aqui, voc\u00ea fica bem informado do que acontece no seu bairro e no mundo. Informar com \u00e9tica e responsabilidade s\u00e3o as bandeiras do Comunicarmais.","sameAs":["https:\/\/www.comunicarmais.com.br\/site\/","https:\/\/www.facebook.com\/comunicarmais\/","https:\/\/www.instagram.com\/comunicarmaisba\/","https:\/\/x.com\/ComunicarmaisBA"],"url":"https:\/\/www.comunicarmais.com.br\/site\/author\/gerenciador\/"}]}},"_links":{"self":[{"href":"https:\/\/www.comunicarmais.com.br\/site\/wp-json\/wp\/v2\/posts\/12325","targetHints":{"allow":["GET"]}}],"collection":[{"href":"https:\/\/www.comunicarmais.com.br\/site\/wp-json\/wp\/v2\/posts"}],"about":[{"href":"https:\/\/www.comunicarmais.com.br\/site\/wp-json\/wp\/v2\/types\/post"}],"author":[{"embeddable":true,"href":"https:\/\/www.comunicarmais.com.br\/site\/wp-json\/wp\/v2\/users\/2"}],"replies":[{"embeddable":true,"href":"https:\/\/www.comunicarmais.com.br\/site\/wp-json\/wp\/v2\/comments?post=12325"}],"version-history":[{"count":1,"href":"https:\/\/www.comunicarmais.com.br\/site\/wp-json\/wp\/v2\/posts\/12325\/revisions"}],"predecessor-version":[{"id":12330,"href":"https:\/\/www.comunicarmais.com.br\/site\/wp-json\/wp\/v2\/posts\/12325\/revisions\/12330"}],"wp:featuredmedia":[{"embeddable":true,"href":"https:\/\/www.comunicarmais.com.br\/site\/wp-json\/wp\/v2\/media\/12327"}],"wp:attachment":[{"href":"https:\/\/www.comunicarmais.com.br\/site\/wp-json\/wp\/v2\/media?parent=12325"}],"wp:term":[{"taxonomy":"category","embeddable":true,"href":"https:\/\/www.comunicarmais.com.br\/site\/wp-json\/wp\/v2\/categories?post=12325"},{"taxonomy":"post_tag","embeddable":true,"href":"https:\/\/www.comunicarmais.com.br\/site\/wp-json\/wp\/v2\/tags?post=12325"}],"curies":[{"name":"wp","href":"https:\/\/api.w.org\/{rel}","templated":true}]}}