{"id":12196,"date":"2026-01-06T20:26:00","date_gmt":"2026-01-06T23:26:00","guid":{"rendered":"https:\/\/www.comunicarmais.com.br\/site\/?p=12196"},"modified":"2026-01-07T00:44:27","modified_gmt":"2026-01-07T03:44:27","slug":"natal-salvador-encerra-programacao-apos-reunir-cerca-de-2-mi-de-visitantes-no-centro-historico","status":"publish","type":"post","link":"https:\/\/www.comunicarmais.com.br\/site\/2026\/01\/06\/natal-salvador-encerra-programacao-apos-reunir-cerca-de-2-mi-de-visitantes-no-centro-historico\/","title":{"rendered":"Natal Salvador encerra programa\u00e7\u00e3o ap\u00f3s reunir cerca de 2 mi de visitantes no Centro Hist\u00f3rico"},"content":{"rendered":"\n<p><strong>N\u00fameros refor\u00e7am alcance da iniciativa: 365 mil visitantes passaram pela Casa do Papai Noel, enquanto o espa\u00e7o infantil recebeu 59,3 mil pessoas, com atendimento a mais de 300 crian\u00e7as na Sala Azul<\/strong><\/p>\n\n\n\n<figure class=\"wp-block-image size-large\"><img decoding=\"async\" width=\"1433\" height=\"957\" data-src=\"https:\/\/www.comunicarmais.com.br\/site\/wp-content\/uploads\/2026\/01\/WhatsApp-Image-2026-01-06-at-20.05.53-1433x957.jpeg\" alt=\"\" class=\"wp-image-12198 lazyload\" data-srcset=\"https:\/\/www.comunicarmais.com.br\/site\/wp-content\/uploads\/2026\/01\/WhatsApp-Image-2026-01-06-at-20.05.53-1433x957.jpeg 1433w, https:\/\/www.comunicarmais.com.br\/site\/wp-content\/uploads\/2026\/01\/WhatsApp-Image-2026-01-06-at-20.05.53-1024x684.jpeg 1024w, https:\/\/www.comunicarmais.com.br\/site\/wp-content\/uploads\/2026\/01\/WhatsApp-Image-2026-01-06-at-20.05.53-768x513.jpeg 768w, https:\/\/www.comunicarmais.com.br\/site\/wp-content\/uploads\/2026\/01\/WhatsApp-Image-2026-01-06-at-20.05.53-1536x1025.jpeg 1536w, https:\/\/www.comunicarmais.com.br\/site\/wp-content\/uploads\/2026\/01\/WhatsApp-Image-2026-01-06-at-20.05.53.jpeg 1600w\" data-sizes=\"(max-width: 1433px) 100vw, 1433px\" src=\"data:image\/svg+xml;base64,PHN2ZyB3aWR0aD0iMSIgaGVpZ2h0PSIxIiB4bWxucz0iaHR0cDovL3d3dy53My5vcmcvMjAwMC9zdmciPjwvc3ZnPg==\" style=\"--smush-placeholder-width: 1433px; --smush-placeholder-aspect-ratio: 1433\/957;\" \/><figcaption class=\"wp-element-caption\"><em><sup>(Foto: Jefferson Peixoto \/ Secom PMS)<\/sup><\/em><\/figcaption><\/figure>\n\n\n\n<p><strong>Reda\u00e7\u00e3o Mais &#8211; <\/strong>O Natal Salvador 2025 foi encerrado nesta ter\u00e7a-feira (6), Dia de Reis, no Centro Hist\u00f3rico da capital baiana, consolidando-se como um dos maiores eventos natalinos do pa\u00eds. Ao longo de cerca de 30 dias de programa\u00e7\u00e3o, quase dois milh\u00f5es de pessoas circularam pelos espa\u00e7os do evento, segundo balan\u00e7o divulgado pela Diretoria de Servi\u00e7os de Ilumina\u00e7\u00e3o P\u00fablica (Dsip), respons\u00e1vel pela coordena\u00e7\u00e3o da festa.<\/p>\n\n\n\n<p>Os n\u00fameros refor\u00e7am o alcance da iniciativa: 365 mil visitantes passaram pela Casa do Papai Noel, enquanto o espa\u00e7o infantil recebeu 59,3 mil pessoas, com atendimento a mais de 300 crian\u00e7as na Sala Azul. O carrossel somou 9,5 mil usu\u00e1rios. Ao todo, a programa\u00e7\u00e3o contou com mais de 100 apresenta\u00e7\u00f5es art\u00edsticas, seis paradas natalinas, sete dias de Sacadas Musicais, al\u00e9m de uma edi\u00e7\u00e3o especial da Rural El\u00e9trica em homenagem ao Dia do Forr\u00f3. Tamb\u00e9m participaram mais de 30 institui\u00e7\u00f5es sociais, 500 pessoas de cinco comunidades quilombolas e 14 corais de escolas municipais.<\/p>\n\n\n\n<figure class=\"wp-block-image size-large\"><img decoding=\"async\" width=\"1433\" height=\"957\" data-src=\"https:\/\/www.comunicarmais.com.br\/site\/wp-content\/uploads\/2026\/01\/WhatsApp-Image-2026-01-06-at-20.05.52-1-1-1433x957.jpeg\" alt=\"\" class=\"wp-image-12200 lazyload\" data-srcset=\"https:\/\/www.comunicarmais.com.br\/site\/wp-content\/uploads\/2026\/01\/WhatsApp-Image-2026-01-06-at-20.05.52-1-1-1433x957.jpeg 1433w, https:\/\/www.comunicarmais.com.br\/site\/wp-content\/uploads\/2026\/01\/WhatsApp-Image-2026-01-06-at-20.05.52-1-1-1024x684.jpeg 1024w, https:\/\/www.comunicarmais.com.br\/site\/wp-content\/uploads\/2026\/01\/WhatsApp-Image-2026-01-06-at-20.05.52-1-1-768x513.jpeg 768w, https:\/\/www.comunicarmais.com.br\/site\/wp-content\/uploads\/2026\/01\/WhatsApp-Image-2026-01-06-at-20.05.52-1-1-1536x1025.jpeg 1536w, https:\/\/www.comunicarmais.com.br\/site\/wp-content\/uploads\/2026\/01\/WhatsApp-Image-2026-01-06-at-20.05.52-1-1.jpeg 1600w\" data-sizes=\"(max-width: 1433px) 100vw, 1433px\" src=\"data:image\/svg+xml;base64,PHN2ZyB3aWR0aD0iMSIgaGVpZ2h0PSIxIiB4bWxucz0iaHR0cDovL3d3dy53My5vcmcvMjAwMC9zdmciPjwvc3ZnPg==\" style=\"--smush-placeholder-width: 1433px; --smush-placeholder-aspect-ratio: 1433\/957;\" \/><figcaption class=\"wp-element-caption\"><em><sup>(Foto: Jefferson Peixoto \/ Secom PMS)<\/sup><\/em><\/figcaption><\/figure>\n\n\n\n<p>Para o diretor da Dsip, Angelo Magalh\u00e3es, os dados confirmam a consolida\u00e7\u00e3o do Natal Salvador no calend\u00e1rio oficial da cidade. \u201cA celebra\u00e7\u00e3o natalina superou todas as expectativas. Recebemos quase dois milh\u00f5es de visitantes, um recorde hist\u00f3rico. Mesmo ap\u00f3s o encerramento de algumas atividades, o p\u00fablico continuou comparecendo, demonstrando entusiasmo e engajamento. J\u00e1 estamos empenhados em preparar um Natal ainda mais grandioso para 2026\u201d, afirmou.<\/p>\n\n\n\n<p>O diretor do Distrito do Centro Hist\u00f3rico, S\u00e9rgio Freire, tamb\u00e9m destacou o sucesso do evento. \u201cMais uma vez, o Natal no Centro Hist\u00f3rico foi marcado pela tranquilidade, sem registros de ocorr\u00eancias policiais, mesmo com a circula\u00e7\u00e3o de mais de um milh\u00e3o e meio de pessoas. Isso demonstra a efici\u00eancia da opera\u00e7\u00e3o integrada e o compromisso das for\u00e7as de seguran\u00e7a\u201d, avaliou.<\/p>\n\n\n\n<figure class=\"wp-block-image size-large\"><img decoding=\"async\" width=\"1433\" height=\"957\" data-src=\"https:\/\/www.comunicarmais.com.br\/site\/wp-content\/uploads\/2026\/01\/WhatsApp-Image-2026-01-06-at-20.05.52-1433x957.jpeg\" alt=\"\" class=\"wp-image-12201 lazyload\" data-srcset=\"https:\/\/www.comunicarmais.com.br\/site\/wp-content\/uploads\/2026\/01\/WhatsApp-Image-2026-01-06-at-20.05.52-1433x957.jpeg 1433w, https:\/\/www.comunicarmais.com.br\/site\/wp-content\/uploads\/2026\/01\/WhatsApp-Image-2026-01-06-at-20.05.52-1024x684.jpeg 1024w, https:\/\/www.comunicarmais.com.br\/site\/wp-content\/uploads\/2026\/01\/WhatsApp-Image-2026-01-06-at-20.05.52-768x513.jpeg 768w, https:\/\/www.comunicarmais.com.br\/site\/wp-content\/uploads\/2026\/01\/WhatsApp-Image-2026-01-06-at-20.05.52-1536x1025.jpeg 1536w, https:\/\/www.comunicarmais.com.br\/site\/wp-content\/uploads\/2026\/01\/WhatsApp-Image-2026-01-06-at-20.05.52.jpeg 1600w\" data-sizes=\"(max-width: 1433px) 100vw, 1433px\" src=\"data:image\/svg+xml;base64,PHN2ZyB3aWR0aD0iMSIgaGVpZ2h0PSIxIiB4bWxucz0iaHR0cDovL3d3dy53My5vcmcvMjAwMC9zdmciPjwvc3ZnPg==\" style=\"--smush-placeholder-width: 1433px; --smush-placeholder-aspect-ratio: 1433\/957;\" \/><figcaption class=\"wp-element-caption\"><em><sup>(Foto: Jefferson Peixoto \/ Secom PMS)<\/sup><\/em><\/figcaption><\/figure>\n\n\n\n<p><strong>Encerramento &#8211; <\/strong>A despedida da programa\u00e7\u00e3o aconteceu no Terreiro de Jesus e reuniu moradores e turistas. A partir das 16h30, foram entregues os trof\u00e9us do tradicional concurso de pres\u00e9pios e vitrines natalinas. No concurso de vitrines, o primeiro lugar ficou com a Loja Dend\u00ea, seguida da Loja Apoena e da Loja Alo. J\u00e1 no concurso de pres\u00e9pios, a vencedora foi Doralice Santana, de 72 anos, moradora do Santo Ant\u00f4nio Al\u00e9m do Carmo, \u00e0 frente do Museu da Miseric\u00f3rdia e da Igreja do Sant\u00edssimo Sacramento do Passo. \u201cRecebo esse pr\u00eamio com grande emo\u00e7\u00e3o. \u00c9 o meu primeiro ano participando e j\u00e1 comecei ganhando. A decora\u00e7\u00e3o de Natal de Salvador ficou muito bonita. Parab\u00e9ns a todos os envolvidos\u201d, declarou Doralice.<\/p>\n\n\n\n<figure class=\"wp-block-image size-large\"><img decoding=\"async\" width=\"1433\" height=\"957\" data-src=\"https:\/\/www.comunicarmais.com.br\/site\/wp-content\/uploads\/2026\/01\/WhatsApp-Image-2026-01-06-at-20.05.51-1433x957.jpeg\" alt=\"\" class=\"wp-image-12202 lazyload\" data-srcset=\"https:\/\/www.comunicarmais.com.br\/site\/wp-content\/uploads\/2026\/01\/WhatsApp-Image-2026-01-06-at-20.05.51-1433x957.jpeg 1433w, https:\/\/www.comunicarmais.com.br\/site\/wp-content\/uploads\/2026\/01\/WhatsApp-Image-2026-01-06-at-20.05.51-1024x684.jpeg 1024w, https:\/\/www.comunicarmais.com.br\/site\/wp-content\/uploads\/2026\/01\/WhatsApp-Image-2026-01-06-at-20.05.51-768x513.jpeg 768w, https:\/\/www.comunicarmais.com.br\/site\/wp-content\/uploads\/2026\/01\/WhatsApp-Image-2026-01-06-at-20.05.51-1536x1025.jpeg 1536w, https:\/\/www.comunicarmais.com.br\/site\/wp-content\/uploads\/2026\/01\/WhatsApp-Image-2026-01-06-at-20.05.51.jpeg 1600w\" data-sizes=\"(max-width: 1433px) 100vw, 1433px\" src=\"data:image\/svg+xml;base64,PHN2ZyB3aWR0aD0iMSIgaGVpZ2h0PSIxIiB4bWxucz0iaHR0cDovL3d3dy53My5vcmcvMjAwMC9zdmciPjwvc3ZnPg==\" style=\"--smush-placeholder-width: 1433px; --smush-placeholder-aspect-ratio: 1433\/957;\" \/><figcaption class=\"wp-element-caption\"><em><sup>(Foto: Jefferson Peixoto \/ Secom PMS)<\/sup><\/em><\/figcaption><\/figure>\n\n\n\n<p>O p\u00fablico ainda acompanhou apresenta\u00e7\u00f5es culturais como o Terno de Reis e o Rancho do Boi, com participa\u00e7\u00e3o de sambadeiras, al\u00e9m dos shows de Manu Dourado e Ger\u00f4nimo, que encerraram a noite reunindo centenas de pessoas no Terreiro de Jesus.<\/p>\n\n\n\n<p>Entre os turistas que acompanharam o encerramento, o casal paulista Mariana Lopes e Eduardo Lopes elogiou a experi\u00eancia. \u201cA gente j\u00e1 conhecia Salvador, mas nunca t\u00ednhamos vindo no per\u00edodo do Natal. Ficamos impressionados com a organiza\u00e7\u00e3o e com a quantidade de atividades para todas as idades\u201d, disse Mariana. \u201cTudo muito bem estruturado, com seguran\u00e7a e atra\u00e7\u00f5es culturais que valorizam a tradi\u00e7\u00e3o local. Um Natal com um tempero bem baiano. Com certeza vamos recomendar e voltar em outras edi\u00e7\u00f5es\u201d, completou Eduardo.<\/p>\n\n\n\n<p>________________________________________________________________________________________________________________<\/p>\n\n\n<p class=\"wp-block-tag-cloud\"><a href=\"https:\/\/www.comunicarmais.com.br\/site\/tag\/bahia\/\" class=\"tag-cloud-link tag-link-171 tag-link-position-1\" style=\"font-size: 17.922330097087pt;\" aria-label=\"Bahia (116 itens)\">Bahia<\/a>\n<a href=\"https:\/\/www.comunicarmais.com.br\/site\/tag\/bolsonaro\/\" class=\"tag-cloud-link tag-link-112 tag-link-position-2\" style=\"font-size: 11.533980582524pt;\" aria-label=\"Bolsonaro (39 itens)\">Bolsonaro<\/a>\n<a href=\"https:\/\/www.comunicarmais.com.br\/site\/tag\/brasil\/\" class=\"tag-cloud-link tag-link-335 tag-link-position-3\" style=\"font-size: 13.029126213592pt;\" aria-label=\"Brasil (50 itens)\">Brasil<\/a>\n<a href=\"https:\/\/www.comunicarmais.com.br\/site\/tag\/camacari\/\" class=\"tag-cloud-link tag-link-435 tag-link-position-4\" style=\"font-size: 8.8155339805825pt;\" aria-label=\"Cama\u00e7ari (24 itens)\">Cama\u00e7ari<\/a>\n<a href=\"https:\/\/www.comunicarmais.com.br\/site\/tag\/carnaval\/\" class=\"tag-cloud-link tag-link-508 tag-link-position-5\" style=\"font-size: 12.893203883495pt;\" aria-label=\"Carnaval (49 itens)\">Carnaval<\/a>\n<a href=\"https:\/\/www.comunicarmais.com.br\/site\/tag\/cbx\/\" class=\"tag-cloud-link tag-link-1602 tag-link-position-6\" style=\"font-size: 11.398058252427pt;\" aria-label=\"CBX (38 itens)\">CBX<\/a>\n<a href=\"https:\/\/www.comunicarmais.com.br\/site\/tag\/cidade-baixa\/\" class=\"tag-cloud-link tag-link-456 tag-link-position-7\" style=\"font-size: 9.9029126213592pt;\" aria-label=\"Cidade Baixa (29 itens)\">Cidade Baixa<\/a>\n<a href=\"https:\/\/www.comunicarmais.com.br\/site\/tag\/cinema\/\" class=\"tag-cloud-link tag-link-985 tag-link-position-8\" style=\"font-size: 11.126213592233pt;\" aria-label=\"Cinema (36 itens)\">Cinema<\/a>\n<a href=\"https:\/\/www.comunicarmais.com.br\/site\/tag\/cultura\/\" class=\"tag-cloud-link tag-link-231 tag-link-position-9\" style=\"font-size: 12.21359223301pt;\" aria-label=\"Cultura (44 itens)\">Cultura<\/a>\n<a href=\"https:\/\/www.comunicarmais.com.br\/site\/tag\/drogas\/\" class=\"tag-cloud-link tag-link-165 tag-link-position-10\" style=\"font-size: 12.757281553398pt;\" aria-label=\"Drogas (48 itens)\">Drogas<\/a>\n<a href=\"https:\/\/www.comunicarmais.com.br\/site\/tag\/educacao\/\" class=\"tag-cloud-link tag-link-228 tag-link-position-11\" style=\"font-size: 12.621359223301pt;\" aria-label=\"Educa\u00e7\u00e3o (47 itens)\">Educa\u00e7\u00e3o<\/a>\n<a href=\"https:\/\/www.comunicarmais.com.br\/site\/tag\/ensino\/\" class=\"tag-cloud-link tag-link-233 tag-link-position-12\" style=\"font-size: 10.446601941748pt;\" aria-label=\"Ensino (32 itens)\">Ensino<\/a>\n<a href=\"https:\/\/www.comunicarmais.com.br\/site\/tag\/escola\/\" class=\"tag-cloud-link tag-link-229 tag-link-position-13\" style=\"font-size: 9.631067961165pt;\" aria-label=\"Escola (28 itens)\">Escola<\/a>\n<a href=\"https:\/\/www.comunicarmais.com.br\/site\/tag\/eua\/\" class=\"tag-cloud-link tag-link-664 tag-link-position-14\" style=\"font-size: 12.077669902913pt;\" aria-label=\"EUA (43 itens)\">EUA<\/a>\n<a href=\"https:\/\/www.comunicarmais.com.br\/site\/tag\/feira-de-santana\/\" class=\"tag-cloud-link tag-link-642 tag-link-position-15\" style=\"font-size: 9.2233009708738pt;\" aria-label=\"Feira de Santana (26 itens)\">Feira de Santana<\/a>\n<a href=\"https:\/\/www.comunicarmais.com.br\/site\/tag\/ficco\/\" class=\"tag-cloud-link tag-link-143 tag-link-position-16\" style=\"font-size: 9.2233009708738pt;\" aria-label=\"Ficco (26 itens)\">Ficco<\/a>\n<a href=\"https:\/\/www.comunicarmais.com.br\/site\/tag\/folia\/\" class=\"tag-cloud-link tag-link-566 tag-link-position-17\" style=\"font-size: 9.2233009708738pt;\" aria-label=\"Folia (26 itens)\">Folia<\/a>\n<a href=\"https:\/\/www.comunicarmais.com.br\/site\/tag\/futebol\/\" class=\"tag-cloud-link tag-link-40 tag-link-position-18\" style=\"font-size: 13.029126213592pt;\" aria-label=\"Futebol (50 itens)\">Futebol<\/a>\n<a href=\"https:\/\/www.comunicarmais.com.br\/site\/tag\/homicidio\/\" class=\"tag-cloud-link tag-link-101 tag-link-position-19\" style=\"font-size: 10.582524271845pt;\" aria-label=\"Homic\u00eddio (33 itens)\">Homic\u00eddio<\/a>\n<a href=\"https:\/\/www.comunicarmais.com.br\/site\/tag\/itapagipe\/\" class=\"tag-cloud-link tag-link-471 tag-link-position-20\" style=\"font-size: 10.038834951456pt;\" aria-label=\"Itapagipe (30 itens)\">Itapagipe<\/a>\n<a href=\"https:\/\/www.comunicarmais.com.br\/site\/tag\/itaparica\/\" class=\"tag-cloud-link tag-link-301 tag-link-position-21\" style=\"font-size: 8pt;\" aria-label=\"Itaparica (21 itens)\">Itaparica<\/a>\n<a href=\"https:\/\/www.comunicarmais.com.br\/site\/tag\/jeronimo-rodrigues\/\" class=\"tag-cloud-link tag-link-668 tag-link-position-22\" style=\"font-size: 8.2718446601942pt;\" aria-label=\"Jer\u00f4nimo Rodrigues (22 itens)\">Jer\u00f4nimo Rodrigues<\/a>\n<a href=\"https:\/\/www.comunicarmais.com.br\/site\/tag\/justica\/\" class=\"tag-cloud-link tag-link-361 tag-link-position-23\" style=\"font-size: 10.582524271845pt;\" aria-label=\"Justi\u00e7a (33 itens)\">Justi\u00e7a<\/a>\n<a href=\"https:\/\/www.comunicarmais.com.br\/site\/tag\/lauro-de-freitas\/\" class=\"tag-cloud-link tag-link-594 tag-link-position-24\" style=\"font-size: 18.194174757282pt;\" aria-label=\"Lauro de Freitas (122 itens)\">Lauro de Freitas<\/a>\n<a href=\"https:\/\/www.comunicarmais.com.br\/site\/tag\/lazer\/\" class=\"tag-cloud-link tag-link-568 tag-link-position-25\" style=\"font-size: 9.2233009708738pt;\" aria-label=\"Lazer (26 itens)\">Lazer<\/a>\n<a href=\"https:\/\/www.comunicarmais.com.br\/site\/tag\/lula\/\" class=\"tag-cloud-link tag-link-416 tag-link-position-26\" style=\"font-size: 12.21359223301pt;\" aria-label=\"Lula (44 itens)\">Lula<\/a>\n<a href=\"https:\/\/www.comunicarmais.com.br\/site\/tag\/meio-ambiente\/\" class=\"tag-cloud-link tag-link-475 tag-link-position-27\" style=\"font-size: 12.21359223301pt;\" aria-label=\"Meio Ambiente (44 itens)\">Meio Ambiente<\/a>\n<a href=\"https:\/\/www.comunicarmais.com.br\/site\/tag\/mobilidade\/\" class=\"tag-cloud-link tag-link-278 tag-link-position-28\" style=\"font-size: 13.844660194175pt;\" aria-label=\"Mobilidade (58 itens)\">Mobilidade<\/a>\n<a href=\"https:\/\/www.comunicarmais.com.br\/site\/tag\/mulher\/\" class=\"tag-cloud-link tag-link-450 tag-link-position-29\" style=\"font-size: 13.300970873786pt;\" aria-label=\"mulher (53 itens)\">mulher<\/a>\n<a href=\"https:\/\/www.comunicarmais.com.br\/site\/tag\/musica-2\/\" class=\"tag-cloud-link tag-link-747 tag-link-position-30\" style=\"font-size: 12.21359223301pt;\" aria-label=\"M\u00fasica (44 itens)\">M\u00fasica<\/a>\n<a href=\"https:\/\/www.comunicarmais.com.br\/site\/tag\/pcba\/\" class=\"tag-cloud-link tag-link-1332 tag-link-position-31\" style=\"font-size: 15.067961165049pt;\" aria-label=\"PCBA (72 itens)\">PCBA<\/a>\n<a href=\"https:\/\/www.comunicarmais.com.br\/site\/tag\/pmba\/\" class=\"tag-cloud-link tag-link-53 tag-link-position-32\" style=\"font-size: 18.194174757282pt;\" aria-label=\"PMBA (123 itens)\">PMBA<\/a>\n<a href=\"https:\/\/www.comunicarmais.com.br\/site\/tag\/policia-federal\/\" class=\"tag-cloud-link tag-link-620 tag-link-position-33\" style=\"font-size: 8.9514563106796pt;\" aria-label=\"Pol\u00edcia Federal (25 itens)\">Pol\u00edcia Federal<\/a>\n<a href=\"https:\/\/www.comunicarmais.com.br\/site\/tag\/politica\/\" class=\"tag-cloud-link tag-link-495 tag-link-position-34\" style=\"font-size: 16.291262135922pt;\" aria-label=\"Pol\u00edtica (89 itens)\">Pol\u00edtica<\/a>\n<a href=\"https:\/\/www.comunicarmais.com.br\/site\/tag\/rio-de-janeiro\/\" class=\"tag-cloud-link tag-link-152 tag-link-position-35\" style=\"font-size: 9.9029126213592pt;\" aria-label=\"Rio de Janeiro (29 itens)\">Rio de Janeiro<\/a>\n<a href=\"https:\/\/www.comunicarmais.com.br\/site\/tag\/salvador\/\" class=\"tag-cloud-link tag-link-125 tag-link-position-36\" style=\"font-size: 22pt;\" aria-label=\"Salvador (234 itens)\">Salvador<\/a>\n<a href=\"https:\/\/www.comunicarmais.com.br\/site\/tag\/saude\/\" class=\"tag-cloud-link tag-link-42 tag-link-position-37\" style=\"font-size: 17.78640776699pt;\" aria-label=\"Sa\u00fade (115 itens)\">Sa\u00fade<\/a>\n<a href=\"https:\/\/www.comunicarmais.com.br\/site\/tag\/seguranca\/\" class=\"tag-cloud-link tag-link-48 tag-link-position-38\" style=\"font-size: 9.2233009708738pt;\" aria-label=\"Seguran\u00e7a (26 itens)\">Seguran\u00e7a<\/a>\n<a href=\"https:\/\/www.comunicarmais.com.br\/site\/tag\/ssp-ba\/\" class=\"tag-cloud-link tag-link-1937 tag-link-position-39\" style=\"font-size: 8.9514563106796pt;\" aria-label=\"SSP-BA (25 itens)\">SSP-BA<\/a>\n<a href=\"https:\/\/www.comunicarmais.com.br\/site\/tag\/sspba\/\" class=\"tag-cloud-link tag-link-144 tag-link-position-40\" style=\"font-size: 11.398058252427pt;\" aria-label=\"SSPBA (38 itens)\">SSPBA<\/a>\n<a href=\"https:\/\/www.comunicarmais.com.br\/site\/tag\/stf\/\" class=\"tag-cloud-link tag-link-68 tag-link-position-41\" style=\"font-size: 14.252427184466pt;\" aria-label=\"STF (62 itens)\">STF<\/a>\n<a href=\"https:\/\/www.comunicarmais.com.br\/site\/tag\/sao-paulo\/\" class=\"tag-cloud-link tag-link-612 tag-link-position-42\" style=\"font-size: 8pt;\" aria-label=\"S\u00e3o Paulo (21 itens)\">S\u00e3o Paulo<\/a>\n<a href=\"https:\/\/www.comunicarmais.com.br\/site\/tag\/transito-2\/\" class=\"tag-cloud-link tag-link-377 tag-link-position-43\" style=\"font-size: 8.2718446601942pt;\" aria-label=\"tr\u00e2nsito (22 itens)\">tr\u00e2nsito<\/a>\n<a href=\"https:\/\/www.comunicarmais.com.br\/site\/tag\/turismo\/\" class=\"tag-cloud-link tag-link-225 tag-link-position-44\" style=\"font-size: 9.631067961165pt;\" aria-label=\"Turismo (28 itens)\">Turismo<\/a>\n<a href=\"https:\/\/www.comunicarmais.com.br\/site\/tag\/uruguai\/\" class=\"tag-cloud-link tag-link-323 tag-link-position-45\" style=\"font-size: 9.631067961165pt;\" aria-label=\"Uruguai (28 itens)\">Uruguai<\/a><\/p>","protected":false},"excerpt":{"rendered":"<p>N\u00fameros refor\u00e7am alcance da iniciativa: 365 mil visitantes passaram pela Casa do Papai Noel, enquanto o espa\u00e7o infantil recebeu 59,3 mil pessoas, com atendimento a mais de 300 crian\u00e7as na Sala Azul<\/p>\n","protected":false},"author":2,"featured_media":12199,"comment_status":"open","ping_status":"open","sticky":false,"template":"","format":"standard","meta":{"_acf_changed":false,"footnotes":""},"categories":[11],"tags":[1868,54,3272,1866],"class_list":["post-12196","post","type-post","status-publish","format-standard","has-post-thumbnail","hentry","category-cultura-lazer","tag-centro-historico","tag-natal","tag-natal-salvador","tag-papai-noel"],"acf":[],"yoast_head":"<!-- This site is optimized with the Yoast SEO plugin v26.1.1 - https:\/\/yoast.com\/wordpress\/plugins\/seo\/ -->\n<title>Natal Salvador encerra programa\u00e7\u00e3o ap\u00f3s reunir cerca de 2 mi de visitantes no Centro Hist\u00f3rico - Comunicar Mais<\/title>\n<meta name=\"description\" content=\"N\u00fameros refor\u00e7am alcance da iniciativa: 365 mil visitantes passaram pela Casa do Papai Noel, enquanto o espa\u00e7o infantil recebeu 59,3 mil pessoas, com atendimento a mais de 300 crian\u00e7as na Sala Azul\" \/>\n<meta name=\"robots\" content=\"index, follow, max-snippet:-1, max-image-preview:large, max-video-preview:-1\" \/>\n<link rel=\"canonical\" href=\"https:\/\/www.comunicarmais.com.br\/site\/2026\/01\/06\/natal-salvador-encerra-programacao-apos-reunir-cerca-de-2-mi-de-visitantes-no-centro-historico\/\" \/>\n<meta property=\"og:locale\" content=\"pt_BR\" \/>\n<meta property=\"og:type\" content=\"article\" \/>\n<meta property=\"og:title\" content=\"Natal Salvador encerra programa\u00e7\u00e3o ap\u00f3s reunir cerca de 2 mi de visitantes no Centro Hist\u00f3rico - Comunicar Mais\" \/>\n<meta property=\"og:description\" content=\"N\u00fameros refor\u00e7am alcance da iniciativa: 365 mil visitantes passaram pela Casa do Papai Noel, enquanto o espa\u00e7o infantil recebeu 59,3 mil pessoas, com atendimento a mais de 300 crian\u00e7as na Sala Azul\" \/>\n<meta property=\"og:url\" content=\"https:\/\/www.comunicarmais.com.br\/site\/2026\/01\/06\/natal-salvador-encerra-programacao-apos-reunir-cerca-de-2-mi-de-visitantes-no-centro-historico\/\" \/>\n<meta property=\"og:site_name\" content=\"Comunicar Mais\" \/>\n<meta property=\"article:publisher\" content=\"https:\/\/www.facebook.com\/comunicarmais\/\" \/>\n<meta property=\"article:author\" content=\"https:\/\/www.facebook.com\/comunicarmais\/\" \/>\n<meta property=\"article:published_time\" content=\"2026-01-06T23:26:00+00:00\" \/>\n<meta property=\"article:modified_time\" content=\"2026-01-07T03:44:27+00:00\" \/>\n<meta property=\"og:image\" content=\"https:\/\/www.comunicarmais.com.br\/site\/wp-content\/uploads\/2026\/01\/WhatsApp-Image-2026-01-06-at-20.05.52-1.jpeg\" \/>\n\t<meta property=\"og:image:width\" content=\"1600\" \/>\n\t<meta property=\"og:image:height\" content=\"1068\" \/>\n\t<meta property=\"og:image:type\" content=\"image\/jpeg\" \/>\n<meta name=\"author\" content=\"Comunicar Mais\" \/>\n<meta name=\"twitter:card\" content=\"summary_large_image\" \/>\n<meta name=\"twitter:creator\" content=\"@ComunicarmaisBA\" \/>\n<meta name=\"twitter:site\" content=\"@ComunicarmaisBA\" \/>\n<meta name=\"twitter:label1\" content=\"Escrito por\" \/>\n\t<meta name=\"twitter:data1\" content=\"Comunicar Mais\" \/>\n\t<meta name=\"twitter:label2\" content=\"Est. tempo de leitura\" \/>\n\t<meta name=\"twitter:data2\" content=\"5 minutos\" \/>\n<script type=\"application\/ld+json\" class=\"yoast-schema-graph\">{\"@context\":\"https:\/\/schema.org\",\"@graph\":[{\"@type\":\"WebPage\",\"@id\":\"https:\/\/www.comunicarmais.com.br\/site\/2026\/01\/06\/natal-salvador-encerra-programacao-apos-reunir-cerca-de-2-mi-de-visitantes-no-centro-historico\/\",\"url\":\"https:\/\/www.comunicarmais.com.br\/site\/2026\/01\/06\/natal-salvador-encerra-programacao-apos-reunir-cerca-de-2-mi-de-visitantes-no-centro-historico\/\",\"name\":\"Natal Salvador encerra programa\u00e7\u00e3o ap\u00f3s reunir cerca de 2 mi de visitantes no Centro Hist\u00f3rico - Comunicar Mais\",\"isPartOf\":{\"@id\":\"https:\/\/www.comunicarmais.com.br\/site\/#website\"},\"primaryImageOfPage\":{\"@id\":\"https:\/\/www.comunicarmais.com.br\/site\/2026\/01\/06\/natal-salvador-encerra-programacao-apos-reunir-cerca-de-2-mi-de-visitantes-no-centro-historico\/#primaryimage\"},\"image\":{\"@id\":\"https:\/\/www.comunicarmais.com.br\/site\/2026\/01\/06\/natal-salvador-encerra-programacao-apos-reunir-cerca-de-2-mi-de-visitantes-no-centro-historico\/#primaryimage\"},\"thumbnailUrl\":\"https:\/\/www.comunicarmais.com.br\/site\/wp-content\/uploads\/2026\/01\/WhatsApp-Image-2026-01-06-at-20.05.52-1.jpeg\",\"datePublished\":\"2026-01-06T23:26:00+00:00\",\"dateModified\":\"2026-01-07T03:44:27+00:00\",\"author\":{\"@id\":\"https:\/\/www.comunicarmais.com.br\/site\/#\/schema\/person\/712f7b6b25b644e4a91c4173674cf284\"},\"description\":\"N\u00fameros refor\u00e7am alcance da iniciativa: 365 mil visitantes passaram pela Casa do Papai Noel, enquanto o espa\u00e7o infantil recebeu 59,3 mil pessoas, com atendimento a mais de 300 crian\u00e7as na Sala Azul\",\"breadcrumb\":{\"@id\":\"https:\/\/www.comunicarmais.com.br\/site\/2026\/01\/06\/natal-salvador-encerra-programacao-apos-reunir-cerca-de-2-mi-de-visitantes-no-centro-historico\/#breadcrumb\"},\"inLanguage\":\"pt-BR\",\"potentialAction\":[{\"@type\":\"ReadAction\",\"target\":[\"https:\/\/www.comunicarmais.com.br\/site\/2026\/01\/06\/natal-salvador-encerra-programacao-apos-reunir-cerca-de-2-mi-de-visitantes-no-centro-historico\/\"]}]},{\"@type\":\"ImageObject\",\"inLanguage\":\"pt-BR\",\"@id\":\"https:\/\/www.comunicarmais.com.br\/site\/2026\/01\/06\/natal-salvador-encerra-programacao-apos-reunir-cerca-de-2-mi-de-visitantes-no-centro-historico\/#primaryimage\",\"url\":\"https:\/\/www.comunicarmais.com.br\/site\/wp-content\/uploads\/2026\/01\/WhatsApp-Image-2026-01-06-at-20.05.52-1.jpeg\",\"contentUrl\":\"https:\/\/www.comunicarmais.com.br\/site\/wp-content\/uploads\/2026\/01\/WhatsApp-Image-2026-01-06-at-20.05.52-1.jpeg\",\"width\":1600,\"height\":1068},{\"@type\":\"BreadcrumbList\",\"@id\":\"https:\/\/www.comunicarmais.com.br\/site\/2026\/01\/06\/natal-salvador-encerra-programacao-apos-reunir-cerca-de-2-mi-de-visitantes-no-centro-historico\/#breadcrumb\",\"itemListElement\":[{\"@type\":\"ListItem\",\"position\":1,\"name\":\"In\u00edcio\",\"item\":\"https:\/\/www.comunicarmais.com.br\/site\/\"},{\"@type\":\"ListItem\",\"position\":2,\"name\":\"Natal Salvador encerra programa\u00e7\u00e3o ap\u00f3s reunir cerca de 2 mi de visitantes no Centro Hist\u00f3rico\"}]},{\"@type\":\"WebSite\",\"@id\":\"https:\/\/www.comunicarmais.com.br\/site\/#website\",\"url\":\"https:\/\/www.comunicarmais.com.br\/site\/\",\"name\":\"Comunicar Mais\",\"description\":\"\",\"potentialAction\":[{\"@type\":\"SearchAction\",\"target\":{\"@type\":\"EntryPoint\",\"urlTemplate\":\"https:\/\/www.comunicarmais.com.br\/site\/?s={search_term_string}\"},\"query-input\":{\"@type\":\"PropertyValueSpecification\",\"valueRequired\":true,\"valueName\":\"search_term_string\"}}],\"inLanguage\":\"pt-BR\"},{\"@type\":\"Person\",\"@id\":\"https:\/\/www.comunicarmais.com.br\/site\/#\/schema\/person\/712f7b6b25b644e4a91c4173674cf284\",\"name\":\"Comunicar Mais\",\"image\":{\"@type\":\"ImageObject\",\"inLanguage\":\"pt-BR\",\"@id\":\"https:\/\/www.comunicarmais.com.br\/site\/#\/schema\/person\/image\/\",\"url\":\"https:\/\/secure.gravatar.com\/avatar\/9803218072e2c0dc265d3d787b54c2c33325e79f79732707fddfbf1efd82c678?s=96&d=mm&r=g\",\"contentUrl\":\"https:\/\/secure.gravatar.com\/avatar\/9803218072e2c0dc265d3d787b54c2c33325e79f79732707fddfbf1efd82c678?s=96&d=mm&r=g\",\"caption\":\"Comunicar Mais\"},\"description\":\"Deixe as ideologias com os ide\u00f3logos. Noticiamos fatos, n\u00e3o brigamos com eles. Aqui, voc\u00ea fica bem informado do que acontece no seu bairro e no mundo. Informar com \u00e9tica e responsabilidade s\u00e3o as bandeiras do Comunicarmais.\",\"sameAs\":[\"https:\/\/www.comunicarmais.com.br\/site\/\",\"https:\/\/www.facebook.com\/comunicarmais\/\",\"https:\/\/www.instagram.com\/comunicarmaisba\/\",\"https:\/\/x.com\/ComunicarmaisBA\"],\"url\":\"https:\/\/www.comunicarmais.com.br\/site\/author\/gerenciador\/\"}]}<\/script>\n<!-- \/ Yoast SEO plugin. -->","yoast_head_json":{"title":"Natal Salvador encerra programa\u00e7\u00e3o ap\u00f3s reunir cerca de 2 mi de visitantes no Centro Hist\u00f3rico - Comunicar Mais","description":"N\u00fameros refor\u00e7am alcance da iniciativa: 365 mil visitantes passaram pela Casa do Papai Noel, enquanto o espa\u00e7o infantil recebeu 59,3 mil pessoas, com atendimento a mais de 300 crian\u00e7as na Sala Azul","robots":{"index":"index","follow":"follow","max-snippet":"max-snippet:-1","max-image-preview":"max-image-preview:large","max-video-preview":"max-video-preview:-1"},"canonical":"https:\/\/www.comunicarmais.com.br\/site\/2026\/01\/06\/natal-salvador-encerra-programacao-apos-reunir-cerca-de-2-mi-de-visitantes-no-centro-historico\/","og_locale":"pt_BR","og_type":"article","og_title":"Natal Salvador encerra programa\u00e7\u00e3o ap\u00f3s reunir cerca de 2 mi de visitantes no Centro Hist\u00f3rico - Comunicar Mais","og_description":"N\u00fameros refor\u00e7am alcance da iniciativa: 365 mil visitantes passaram pela Casa do Papai Noel, enquanto o espa\u00e7o infantil recebeu 59,3 mil pessoas, com atendimento a mais de 300 crian\u00e7as na Sala Azul","og_url":"https:\/\/www.comunicarmais.com.br\/site\/2026\/01\/06\/natal-salvador-encerra-programacao-apos-reunir-cerca-de-2-mi-de-visitantes-no-centro-historico\/","og_site_name":"Comunicar Mais","article_publisher":"https:\/\/www.facebook.com\/comunicarmais\/","article_author":"https:\/\/www.facebook.com\/comunicarmais\/","article_published_time":"2026-01-06T23:26:00+00:00","article_modified_time":"2026-01-07T03:44:27+00:00","og_image":[{"width":1600,"height":1068,"url":"https:\/\/www.comunicarmais.com.br\/site\/wp-content\/uploads\/2026\/01\/WhatsApp-Image-2026-01-06-at-20.05.52-1.jpeg","type":"image\/jpeg"}],"author":"Comunicar Mais","twitter_card":"summary_large_image","twitter_creator":"@ComunicarmaisBA","twitter_site":"@ComunicarmaisBA","twitter_misc":{"Escrito por":"Comunicar Mais","Est. tempo de leitura":"5 minutos"},"schema":{"@context":"https:\/\/schema.org","@graph":[{"@type":"WebPage","@id":"https:\/\/www.comunicarmais.com.br\/site\/2026\/01\/06\/natal-salvador-encerra-programacao-apos-reunir-cerca-de-2-mi-de-visitantes-no-centro-historico\/","url":"https:\/\/www.comunicarmais.com.br\/site\/2026\/01\/06\/natal-salvador-encerra-programacao-apos-reunir-cerca-de-2-mi-de-visitantes-no-centro-historico\/","name":"Natal Salvador encerra programa\u00e7\u00e3o ap\u00f3s reunir cerca de 2 mi de visitantes no Centro Hist\u00f3rico - Comunicar Mais","isPartOf":{"@id":"https:\/\/www.comunicarmais.com.br\/site\/#website"},"primaryImageOfPage":{"@id":"https:\/\/www.comunicarmais.com.br\/site\/2026\/01\/06\/natal-salvador-encerra-programacao-apos-reunir-cerca-de-2-mi-de-visitantes-no-centro-historico\/#primaryimage"},"image":{"@id":"https:\/\/www.comunicarmais.com.br\/site\/2026\/01\/06\/natal-salvador-encerra-programacao-apos-reunir-cerca-de-2-mi-de-visitantes-no-centro-historico\/#primaryimage"},"thumbnailUrl":"https:\/\/www.comunicarmais.com.br\/site\/wp-content\/uploads\/2026\/01\/WhatsApp-Image-2026-01-06-at-20.05.52-1.jpeg","datePublished":"2026-01-06T23:26:00+00:00","dateModified":"2026-01-07T03:44:27+00:00","author":{"@id":"https:\/\/www.comunicarmais.com.br\/site\/#\/schema\/person\/712f7b6b25b644e4a91c4173674cf284"},"description":"N\u00fameros refor\u00e7am alcance da iniciativa: 365 mil visitantes passaram pela Casa do Papai Noel, enquanto o espa\u00e7o infantil recebeu 59,3 mil pessoas, com atendimento a mais de 300 crian\u00e7as na Sala Azul","breadcrumb":{"@id":"https:\/\/www.comunicarmais.com.br\/site\/2026\/01\/06\/natal-salvador-encerra-programacao-apos-reunir-cerca-de-2-mi-de-visitantes-no-centro-historico\/#breadcrumb"},"inLanguage":"pt-BR","potentialAction":[{"@type":"ReadAction","target":["https:\/\/www.comunicarmais.com.br\/site\/2026\/01\/06\/natal-salvador-encerra-programacao-apos-reunir-cerca-de-2-mi-de-visitantes-no-centro-historico\/"]}]},{"@type":"ImageObject","inLanguage":"pt-BR","@id":"https:\/\/www.comunicarmais.com.br\/site\/2026\/01\/06\/natal-salvador-encerra-programacao-apos-reunir-cerca-de-2-mi-de-visitantes-no-centro-historico\/#primaryimage","url":"https:\/\/www.comunicarmais.com.br\/site\/wp-content\/uploads\/2026\/01\/WhatsApp-Image-2026-01-06-at-20.05.52-1.jpeg","contentUrl":"https:\/\/www.comunicarmais.com.br\/site\/wp-content\/uploads\/2026\/01\/WhatsApp-Image-2026-01-06-at-20.05.52-1.jpeg","width":1600,"height":1068},{"@type":"BreadcrumbList","@id":"https:\/\/www.comunicarmais.com.br\/site\/2026\/01\/06\/natal-salvador-encerra-programacao-apos-reunir-cerca-de-2-mi-de-visitantes-no-centro-historico\/#breadcrumb","itemListElement":[{"@type":"ListItem","position":1,"name":"In\u00edcio","item":"https:\/\/www.comunicarmais.com.br\/site\/"},{"@type":"ListItem","position":2,"name":"Natal Salvador encerra programa\u00e7\u00e3o ap\u00f3s reunir cerca de 2 mi de visitantes no Centro Hist\u00f3rico"}]},{"@type":"WebSite","@id":"https:\/\/www.comunicarmais.com.br\/site\/#website","url":"https:\/\/www.comunicarmais.com.br\/site\/","name":"Comunicar Mais","description":"","potentialAction":[{"@type":"SearchAction","target":{"@type":"EntryPoint","urlTemplate":"https:\/\/www.comunicarmais.com.br\/site\/?s={search_term_string}"},"query-input":{"@type":"PropertyValueSpecification","valueRequired":true,"valueName":"search_term_string"}}],"inLanguage":"pt-BR"},{"@type":"Person","@id":"https:\/\/www.comunicarmais.com.br\/site\/#\/schema\/person\/712f7b6b25b644e4a91c4173674cf284","name":"Comunicar Mais","image":{"@type":"ImageObject","inLanguage":"pt-BR","@id":"https:\/\/www.comunicarmais.com.br\/site\/#\/schema\/person\/image\/","url":"https:\/\/secure.gravatar.com\/avatar\/9803218072e2c0dc265d3d787b54c2c33325e79f79732707fddfbf1efd82c678?s=96&d=mm&r=g","contentUrl":"https:\/\/secure.gravatar.com\/avatar\/9803218072e2c0dc265d3d787b54c2c33325e79f79732707fddfbf1efd82c678?s=96&d=mm&r=g","caption":"Comunicar Mais"},"description":"Deixe as ideologias com os ide\u00f3logos. Noticiamos fatos, n\u00e3o brigamos com eles. Aqui, voc\u00ea fica bem informado do que acontece no seu bairro e no mundo. Informar com \u00e9tica e responsabilidade s\u00e3o as bandeiras do Comunicarmais.","sameAs":["https:\/\/www.comunicarmais.com.br\/site\/","https:\/\/www.facebook.com\/comunicarmais\/","https:\/\/www.instagram.com\/comunicarmaisba\/","https:\/\/x.com\/ComunicarmaisBA"],"url":"https:\/\/www.comunicarmais.com.br\/site\/author\/gerenciador\/"}]}},"_links":{"self":[{"href":"https:\/\/www.comunicarmais.com.br\/site\/wp-json\/wp\/v2\/posts\/12196","targetHints":{"allow":["GET"]}}],"collection":[{"href":"https:\/\/www.comunicarmais.com.br\/site\/wp-json\/wp\/v2\/posts"}],"about":[{"href":"https:\/\/www.comunicarmais.com.br\/site\/wp-json\/wp\/v2\/types\/post"}],"author":[{"embeddable":true,"href":"https:\/\/www.comunicarmais.com.br\/site\/wp-json\/wp\/v2\/users\/2"}],"replies":[{"embeddable":true,"href":"https:\/\/www.comunicarmais.com.br\/site\/wp-json\/wp\/v2\/comments?post=12196"}],"version-history":[{"count":1,"href":"https:\/\/www.comunicarmais.com.br\/site\/wp-json\/wp\/v2\/posts\/12196\/revisions"}],"predecessor-version":[{"id":12203,"href":"https:\/\/www.comunicarmais.com.br\/site\/wp-json\/wp\/v2\/posts\/12196\/revisions\/12203"}],"wp:featuredmedia":[{"embeddable":true,"href":"https:\/\/www.comunicarmais.com.br\/site\/wp-json\/wp\/v2\/media\/12199"}],"wp:attachment":[{"href":"https:\/\/www.comunicarmais.com.br\/site\/wp-json\/wp\/v2\/media?parent=12196"}],"wp:term":[{"taxonomy":"category","embeddable":true,"href":"https:\/\/www.comunicarmais.com.br\/site\/wp-json\/wp\/v2\/categories?post=12196"},{"taxonomy":"post_tag","embeddable":true,"href":"https:\/\/www.comunicarmais.com.br\/site\/wp-json\/wp\/v2\/tags?post=12196"}],"curies":[{"name":"wp","href":"https:\/\/api.w.org\/{rel}","templated":true}]}}