{"id":12160,"date":"2026-01-06T12:33:00","date_gmt":"2026-01-06T15:33:00","guid":{"rendered":"https:\/\/www.comunicarmais.com.br\/site\/?p=12160"},"modified":"2026-01-06T16:42:39","modified_gmt":"2026-01-06T19:42:39","slug":"prefeitura-de-salvador-entrega-63-habitacoes-central-de-reciclaveis-e-autoriza-construcao-de-arena-aquatica-no-suburbio","status":"publish","type":"post","link":"https:\/\/www.comunicarmais.com.br\/site\/2026\/01\/06\/prefeitura-de-salvador-entrega-63-habitacoes-central-de-reciclaveis-e-autoriza-construcao-de-arena-aquatica-no-suburbio\/","title":{"rendered":"Prefeitura de Salvador entrega 63 habita\u00e7\u00f5es, central de recicl\u00e1veis e autoriza constru\u00e7\u00e3o de arena aqu\u00e1tica no Sub\u00farbio"},"content":{"rendered":"\n<p><strong>Investimentos somam cerca de R$ 37 milh\u00f5es e devem trazer desenvolvimento, sustentabilidade e inclus\u00e3o produtiva, al\u00e9m de qualidade de vida da popula\u00e7\u00e3o local<\/strong><\/p>\n\n\n\n<figure class=\"wp-block-image size-full\"><img decoding=\"async\" width=\"1280\" height=\"853\" data-src=\"https:\/\/www.comunicarmais.com.br\/site\/wp-content\/uploads\/2026\/01\/WhatsApp-Image-2026-01-06-at-12.12.42.jpeg\" alt=\"\" class=\"wp-image-12162 lazyload\" data-srcset=\"https:\/\/www.comunicarmais.com.br\/site\/wp-content\/uploads\/2026\/01\/WhatsApp-Image-2026-01-06-at-12.12.42.jpeg 1280w, https:\/\/www.comunicarmais.com.br\/site\/wp-content\/uploads\/2026\/01\/WhatsApp-Image-2026-01-06-at-12.12.42-1024x682.jpeg 1024w, https:\/\/www.comunicarmais.com.br\/site\/wp-content\/uploads\/2026\/01\/WhatsApp-Image-2026-01-06-at-12.12.42-768x512.jpeg 768w\" data-sizes=\"(max-width: 1280px) 100vw, 1280px\" src=\"data:image\/svg+xml;base64,PHN2ZyB3aWR0aD0iMSIgaGVpZ2h0PSIxIiB4bWxucz0iaHR0cDovL3d3dy53My5vcmcvMjAwMC9zdmciPjwvc3ZnPg==\" style=\"--smush-placeholder-width: 1280px; --smush-placeholder-aspect-ratio: 1280\/853;\" \/><figcaption class=\"wp-element-caption\"><em><sup>(Foto: Valter Pontes\/ Secom PMS)<\/sup><\/em><\/figcaption><\/figure>\n\n\n\n<p><strong>Reda\u00e7\u00e3o Mais &#8211; <\/strong>Os primeiros dias de 2026 trouxeram novidades para moradores do Sub\u00farbio de Salvador. A Prefeitura entregou nesta ter\u00e7a-feira (6) um pacote de obras na regi\u00e3o por meio do projeto Novo Man\u00e9 Dend\u00ea, que inclui 63 unidades habitacionais, pra\u00e7a, ecoponto e um Centro de Triagem de Recicl\u00e1veis. Na ocasi\u00e3o, o prefeito Bruno Reis tamb\u00e9m assinou a ordem de servi\u00e7o para a constru\u00e7\u00e3o de uma arena aqu\u00e1tica que ficar\u00e1 no bairro do Rio Sena, ampliando a oferta de equipamentos esportivos no entorno.<\/p>\n\n\n\n<p>Os investimentos somam cerca de R$37 milh\u00f5es e trar\u00e3o mais desenvolvimento, sustentabilidade e inclus\u00e3o produtiva, melhorando a qualidade de vida da popula\u00e7\u00e3o local. Segundo o prefeito, o projeto tem trazido impactos significativos no meio ambiente, com a renaturaliza\u00e7\u00e3o do Rio Man\u00e9 Dend\u00ea, assim como nas \u00e1reas social e econ\u00f4mica, com gera\u00e7\u00e3o de renda para as fam\u00edlias. Ele citou como exemplos o mercado municipal e a realiza\u00e7\u00e3o de cursos profissionalizantes para quem vive na regi\u00e3o.<\/p>\n\n\n\n<figure class=\"wp-block-image size-full\"><img decoding=\"async\" width=\"1040\" height=\"733\" data-src=\"https:\/\/www.comunicarmais.com.br\/site\/wp-content\/uploads\/2026\/01\/WhatsApp-Image-2026-01-06-at-12.12.42-1.jpeg\" alt=\"\" class=\"wp-image-12164 lazyload\" data-srcset=\"https:\/\/www.comunicarmais.com.br\/site\/wp-content\/uploads\/2026\/01\/WhatsApp-Image-2026-01-06-at-12.12.42-1.jpeg 1040w, https:\/\/www.comunicarmais.com.br\/site\/wp-content\/uploads\/2026\/01\/WhatsApp-Image-2026-01-06-at-12.12.42-1-1024x722.jpeg 1024w, https:\/\/www.comunicarmais.com.br\/site\/wp-content\/uploads\/2026\/01\/WhatsApp-Image-2026-01-06-at-12.12.42-1-768x541.jpeg 768w\" data-sizes=\"(max-width: 1040px) 100vw, 1040px\" src=\"data:image\/svg+xml;base64,PHN2ZyB3aWR0aD0iMSIgaGVpZ2h0PSIxIiB4bWxucz0iaHR0cDovL3d3dy53My5vcmcvMjAwMC9zdmciPjwvc3ZnPg==\" style=\"--smush-placeholder-width: 1040px; --smush-placeholder-aspect-ratio: 1040\/733;\" \/><figcaption class=\"wp-element-caption\"><sup>Prefeito Bruno Reis acompanhado da vice-prefeita Ana Paula Matos<\/sup> <em><sup>(Foto: Valter Pontes\/ Secom PMS)<\/sup><\/em><\/figcaption><\/figure>\n\n\n\n<p>\u201cA nossa expectativa agora \u00e9 para a entrega do centro cultural, que \u00e9 um centro de conven\u00e7\u00f5es aqui do Sub\u00farbio, ainda neste primeiro semestre. J\u00e1 as resid\u00eancias que faltam dever\u00e3o ser conclu\u00eddas at\u00e9 final de junho. E a\u00ed, nesse mesmo per\u00edodo, quero iniciar a obra que, digamos, \u00e9 a cereja do bolo para fechar com chave de ouro todas essas a\u00e7\u00f5es: o telef\u00e9rico. Estamos concluindo o projeto e, em breve, lan\u00e7aremos a licita\u00e7\u00e3o\u201d, destacou Bruno Reis.<\/p>\n\n\n\n<p>O prefeito assinou ordem de servi\u00e7o para a constru\u00e7\u00e3o da primeira arena aqu\u00e1tica p\u00fablica do Sub\u00farbio. A obra ter\u00e1 prazo de execu\u00e7\u00e3o de sete meses e contar\u00e1 com piscina semiol\u00edmpica de 25 metros com cinco raias, piscina rasa totalmente acess\u00edvel para atividades como hidrogin\u00e1stica, sala de aquecimento, vesti\u00e1rios, dep\u00f3sitos, \u00e1rea administrativa e guarita.<\/p>\n\n\n\n<p>\u201cA Prefeitura far\u00e1 a segunda arena aqu\u00e1tica na cidade (a primeira foi na Pituba), agora, aqui no Sub\u00farbio, para as pessoas poderem fazer nata\u00e7\u00e3o, para o p\u00fablico da terceira idade fazer hidrogin\u00e1stica, para ser utilizada nos finais de semana como clube social\u201d, anunciou.<\/p>\n\n\n\n<figure class=\"wp-block-image size-full\"><img decoding=\"async\" width=\"1280\" height=\"853\" data-src=\"https:\/\/www.comunicarmais.com.br\/site\/wp-content\/uploads\/2026\/01\/WhatsApp-Image-2026-01-06-at-12.12.34.jpeg\" alt=\"\" class=\"wp-image-12165 lazyload\" data-srcset=\"https:\/\/www.comunicarmais.com.br\/site\/wp-content\/uploads\/2026\/01\/WhatsApp-Image-2026-01-06-at-12.12.34.jpeg 1280w, https:\/\/www.comunicarmais.com.br\/site\/wp-content\/uploads\/2026\/01\/WhatsApp-Image-2026-01-06-at-12.12.34-1024x682.jpeg 1024w, https:\/\/www.comunicarmais.com.br\/site\/wp-content\/uploads\/2026\/01\/WhatsApp-Image-2026-01-06-at-12.12.34-768x512.jpeg 768w\" data-sizes=\"(max-width: 1280px) 100vw, 1280px\" src=\"data:image\/svg+xml;base64,PHN2ZyB3aWR0aD0iMSIgaGVpZ2h0PSIxIiB4bWxucz0iaHR0cDovL3d3dy53My5vcmcvMjAwMC9zdmciPjwvc3ZnPg==\" style=\"--smush-placeholder-width: 1280px; --smush-placeholder-aspect-ratio: 1280\/853;\" \/><figcaption class=\"wp-element-caption\"><em><sup>(Foto: Valter Pontes\/ Secom PMS)<\/sup><\/em><\/figcaption><\/figure>\n\n\n\n<p><strong>Moradias \u2013<\/strong> Na \u00e1rea de habita\u00e7\u00e3o popular, os novos 63 apartamentos constru\u00eddos atrav\u00e9s do Novo Man\u00e9 Dend\u00ea est\u00e3o distribu\u00eddos em tr\u00eas empreendimentos. No Condom\u00ednio Plenitude Residencial, na Rua Camboat\u00e1, em Itacaranha, foram entregues 18 apartamentos organizados em dois blocos, com espa\u00e7o comum para moradores, seis lojas e unidade t\u00e9rrea acess\u00edvel.<\/p>\n\n\n\n<p>J\u00e1 o Residencial Campos de Girassol, localizado na Alameda dos Tr\u00eas Franceses, no Alto da Terezinha, conta com 27 apartamentos distribu\u00eddos em tr\u00eas blocos, tamb\u00e9m com \u00e1rea comum, oito lojas e apartamento t\u00e9rreo acess\u00edvel. Por fim, no Rio Sena, o Condom\u00ednio Residencial Villa da Felicidade re\u00fane 18 apartamentos em dois blocos, com espa\u00e7o comum, seis lojas e unidade acess\u00edvel no t\u00e9rreo.<\/p>\n\n\n\n<p>Cirlene de Oliveira Santos, 24 anos, foi uma das moradoras que receberam as chaves do novo apartamento e comemorou a mudan\u00e7a de vida. \u201cAntes eu morava numa casa que, quando chovia, a rua alagava e a \u00e1gua entrava pelo banheiro. Com esse projeto, a Prefeitura pagou um aluguel para eu viver numa casa enquanto a obra daqui seria conclu\u00edda. Gostei bastante e estou muito feliz de iniciar o ano em um novo lar\u201d, disse.<\/p>\n\n\n\n<p>Ainda na regi\u00e3o, desta vez na \u00e1rea de lazer, os moradores passaram a aproveitar a Pra\u00e7a Gilton Alves Lima, constru\u00edda e equipada com uma s\u00e9rie de atrativos numa \u00e1rea de 2 mil m\u00b2. O espa\u00e7o possui quadra poliesportiva, equipamentos de gin\u00e1stica e sa\u00fade, parque infantil, paraciclos e pergolados.<\/p>\n\n\n\n<p>\u201cCome\u00e7ar o ano fazendo diversas entregas no Sub\u00farbio \u00e9 sempre muito bom. O Man\u00e9 Dend\u00ea j\u00e1 est\u00e1 85% conclu\u00eddo e, tudo o que fizemos aqui, foi pensado para preserva\u00e7\u00e3o do meio ambiente. Muitas dessas pessoas beneficiadas moravam na margem do rio, fator que tamb\u00e9m contribu\u00eda para gerar polui\u00e7\u00e3o. Ent\u00e3o, eu digo que tudo isso \u00e9 muito mais do que obras de infraestrutura, mas envolve um conjunto de iniciativas de prote\u00e7\u00e3o ao meio ambiente\u201d, pontuou o secret\u00e1rio municipal de Infraestrutura e Obras P\u00fablicas (Seinfra), Luiz Carlos de Souza.<\/p>\n\n\n\n<figure class=\"wp-block-image size-full\"><img decoding=\"async\" width=\"1280\" height=\"854\" data-src=\"https:\/\/www.comunicarmais.com.br\/site\/wp-content\/uploads\/2026\/01\/WhatsApp-Image-2026-01-06-at-12.12.37.jpeg\" alt=\"\" class=\"wp-image-12166 lazyload\" data-srcset=\"https:\/\/www.comunicarmais.com.br\/site\/wp-content\/uploads\/2026\/01\/WhatsApp-Image-2026-01-06-at-12.12.37.jpeg 1280w, https:\/\/www.comunicarmais.com.br\/site\/wp-content\/uploads\/2026\/01\/WhatsApp-Image-2026-01-06-at-12.12.37-1024x683.jpeg 1024w, https:\/\/www.comunicarmais.com.br\/site\/wp-content\/uploads\/2026\/01\/WhatsApp-Image-2026-01-06-at-12.12.37-768x512.jpeg 768w\" data-sizes=\"(max-width: 1280px) 100vw, 1280px\" src=\"data:image\/svg+xml;base64,PHN2ZyB3aWR0aD0iMSIgaGVpZ2h0PSIxIiB4bWxucz0iaHR0cDovL3d3dy53My5vcmcvMjAwMC9zdmciPjwvc3ZnPg==\" style=\"--smush-placeholder-width: 1280px; --smush-placeholder-aspect-ratio: 1280\/854;\" \/><figcaption class=\"wp-element-caption\"><em><sup>(Foto: Valter Pontes\/ Secom PMS)<\/sup><\/em><\/figcaption><\/figure>\n\n\n\n<p><strong>Sustentabilidade \u2013 <\/strong>A Rua Boa Esperan\u00e7a, no bairro de Ilha Amarela, recebeu o terceiro ecoponto inaugurado pela gest\u00e3o municipal no Sub\u00farbio. Com isso, a estrutura permite o descarte adequado de res\u00edduos de constru\u00e7\u00e3o e demoli\u00e7\u00e3o de pequenas obras, res\u00edduos volumosos, poda e recicl\u00e1veis. O lugar conta com teto e parede verdes, baias cobertas, plataforma de despejo, m\u00f3dulo triturador, \u00e1reas de circula\u00e7\u00e3o de caminh\u00f5es e setor administrativo.<\/p>\n\n\n\n<p>O secret\u00e1rio de Sustentabilidade, Resili\u00eancia, Bem-estar e Prote\u00e7\u00e3o Animal, Ivan Euler, destacou que as duas entregas na \u00e1rea de res\u00edduos representam um avan\u00e7o hist\u00f3rico. \u201cEstamos tratando do terceiro ecoponto do Man\u00e9 Dend\u00ea, um local espec\u00edfico para receber res\u00edduos de constru\u00e7\u00e3o civil, que depois s\u00e3o triturados e reaproveitados de forma adequada. E tamb\u00e9m de uma central de recicl\u00e1veis que \u00e9 a maior e mais moderna de Salvador. H\u00e1 25 anos a Prefeitura n\u00e3o fazia uma entrega desse porte para uma cooperativa, com tecnologia e energia limpa\u201d, afirmou.<\/p>\n\n\n\n<p>J\u00e1 o presidente da Empresa de Limpeza Urbana (Limpurb), Carlos Augusto Gomes, destacou a import\u00e2ncia do equipamento para a destina\u00e7\u00e3o correta de res\u00edduos gerados pelas resid\u00eancias. \u201cA comunidade pode trazer entulho da constru\u00e7\u00e3o civil e inserv\u00edveis como colch\u00e3o, sof\u00e1, cama, geladeira velha. Pode descartar aqui \u00e0 vontade\u201d, afirmou. Ele lembrou que j\u00e1 s\u00e3o tr\u00eas ecopontos na regi\u00e3o e pediu o apoio da popula\u00e7\u00e3o. \u201cQuando esse material \u00e9 jogado na rua, prejudica o local onde a pessoa mora, desvaloriza a \u00e1rea e, em \u00e9poca de chuva, pode causar alagamentos\u201d, alertou.<\/p>\n\n\n\n<p>No mesmo endere\u00e7o, foi entregue o Centro de Triagem de Recicl\u00e1veis, planejado para garantir melhores condi\u00e7\u00f5es de trabalho aos catadores da Cooperativa de Reciclagem e Servi\u00e7os da Bahia (Cooperes). As instala\u00e7\u00f5es contemplam mesa de separa\u00e7\u00e3o, fragmentador de papel, empilhadeira, prensa vertical, paleteira, balan\u00e7a eletr\u00f4nica, entre outros maquin\u00e1rios. A estrutura, inclusive, incorporou solu\u00e7\u00f5es sustent\u00e1veis como ilumina\u00e7\u00e3o e ventila\u00e7\u00e3o natural, reaproveitamento de \u00e1gua de chuva e uso de energia fotovoltaica.<\/p>\n\n\n\n<p>Presidente da cooperativa, Elias Pires ressaltou o impacto que o espa\u00e7o proporcionar\u00e1 para os trabalhadores. \u201cExistimos desde 2007 e trabalhamos diretamente com 17 fam\u00edlias. Antes n\u00e3o t\u00ednhamos um espa\u00e7o adequado para fazer a triagem do que era coletado. Era tudo feito debaixo de sol e chuva. Mas um local como esse, que disp\u00f5e de ferramentas e maquin\u00e1rios, a nossa realidade vai mudar\u201d, celebrou.<\/p>\n\n\n\n<p>________________________________________________________________________________________________________________<\/p>\n\n\n<p class=\"wp-block-tag-cloud\"><a href=\"https:\/\/www.comunicarmais.com.br\/site\/tag\/bahia\/\" class=\"tag-cloud-link tag-link-171 tag-link-position-1\" style=\"font-size: 17.922330097087pt;\" aria-label=\"Bahia (116 itens)\">Bahia<\/a>\n<a href=\"https:\/\/www.comunicarmais.com.br\/site\/tag\/bolsonaro\/\" class=\"tag-cloud-link tag-link-112 tag-link-position-2\" style=\"font-size: 11.533980582524pt;\" aria-label=\"Bolsonaro (39 itens)\">Bolsonaro<\/a>\n<a href=\"https:\/\/www.comunicarmais.com.br\/site\/tag\/brasil\/\" class=\"tag-cloud-link tag-link-335 tag-link-position-3\" style=\"font-size: 13.029126213592pt;\" aria-label=\"Brasil (50 itens)\">Brasil<\/a>\n<a href=\"https:\/\/www.comunicarmais.com.br\/site\/tag\/camacari\/\" class=\"tag-cloud-link tag-link-435 tag-link-position-4\" style=\"font-size: 8.8155339805825pt;\" aria-label=\"Cama\u00e7ari (24 itens)\">Cama\u00e7ari<\/a>\n<a href=\"https:\/\/www.comunicarmais.com.br\/site\/tag\/carnaval\/\" class=\"tag-cloud-link tag-link-508 tag-link-position-5\" style=\"font-size: 12.893203883495pt;\" aria-label=\"Carnaval (49 itens)\">Carnaval<\/a>\n<a href=\"https:\/\/www.comunicarmais.com.br\/site\/tag\/cbx\/\" class=\"tag-cloud-link tag-link-1602 tag-link-position-6\" style=\"font-size: 11.398058252427pt;\" aria-label=\"CBX (38 itens)\">CBX<\/a>\n<a href=\"https:\/\/www.comunicarmais.com.br\/site\/tag\/cidade-baixa\/\" class=\"tag-cloud-link tag-link-456 tag-link-position-7\" style=\"font-size: 9.9029126213592pt;\" aria-label=\"Cidade Baixa (29 itens)\">Cidade Baixa<\/a>\n<a href=\"https:\/\/www.comunicarmais.com.br\/site\/tag\/cinema\/\" class=\"tag-cloud-link tag-link-985 tag-link-position-8\" style=\"font-size: 11.126213592233pt;\" aria-label=\"Cinema (36 itens)\">Cinema<\/a>\n<a href=\"https:\/\/www.comunicarmais.com.br\/site\/tag\/cultura\/\" class=\"tag-cloud-link tag-link-231 tag-link-position-9\" style=\"font-size: 12.21359223301pt;\" aria-label=\"Cultura (44 itens)\">Cultura<\/a>\n<a href=\"https:\/\/www.comunicarmais.com.br\/site\/tag\/drogas\/\" class=\"tag-cloud-link tag-link-165 tag-link-position-10\" style=\"font-size: 12.757281553398pt;\" aria-label=\"Drogas (48 itens)\">Drogas<\/a>\n<a href=\"https:\/\/www.comunicarmais.com.br\/site\/tag\/educacao\/\" class=\"tag-cloud-link tag-link-228 tag-link-position-11\" style=\"font-size: 12.621359223301pt;\" aria-label=\"Educa\u00e7\u00e3o (47 itens)\">Educa\u00e7\u00e3o<\/a>\n<a href=\"https:\/\/www.comunicarmais.com.br\/site\/tag\/ensino\/\" class=\"tag-cloud-link tag-link-233 tag-link-position-12\" style=\"font-size: 10.446601941748pt;\" aria-label=\"Ensino (32 itens)\">Ensino<\/a>\n<a href=\"https:\/\/www.comunicarmais.com.br\/site\/tag\/escola\/\" class=\"tag-cloud-link tag-link-229 tag-link-position-13\" style=\"font-size: 9.631067961165pt;\" aria-label=\"Escola (28 itens)\">Escola<\/a>\n<a href=\"https:\/\/www.comunicarmais.com.br\/site\/tag\/eua\/\" class=\"tag-cloud-link tag-link-664 tag-link-position-14\" style=\"font-size: 12.077669902913pt;\" aria-label=\"EUA (43 itens)\">EUA<\/a>\n<a href=\"https:\/\/www.comunicarmais.com.br\/site\/tag\/feira-de-santana\/\" class=\"tag-cloud-link tag-link-642 tag-link-position-15\" style=\"font-size: 9.2233009708738pt;\" aria-label=\"Feira de Santana (26 itens)\">Feira de Santana<\/a>\n<a href=\"https:\/\/www.comunicarmais.com.br\/site\/tag\/ficco\/\" class=\"tag-cloud-link tag-link-143 tag-link-position-16\" style=\"font-size: 9.2233009708738pt;\" aria-label=\"Ficco (26 itens)\">Ficco<\/a>\n<a href=\"https:\/\/www.comunicarmais.com.br\/site\/tag\/folia\/\" class=\"tag-cloud-link tag-link-566 tag-link-position-17\" style=\"font-size: 9.2233009708738pt;\" aria-label=\"Folia (26 itens)\">Folia<\/a>\n<a href=\"https:\/\/www.comunicarmais.com.br\/site\/tag\/futebol\/\" class=\"tag-cloud-link tag-link-40 tag-link-position-18\" style=\"font-size: 13.029126213592pt;\" aria-label=\"Futebol (50 itens)\">Futebol<\/a>\n<a href=\"https:\/\/www.comunicarmais.com.br\/site\/tag\/homicidio\/\" class=\"tag-cloud-link tag-link-101 tag-link-position-19\" style=\"font-size: 10.582524271845pt;\" aria-label=\"Homic\u00eddio (33 itens)\">Homic\u00eddio<\/a>\n<a href=\"https:\/\/www.comunicarmais.com.br\/site\/tag\/itapagipe\/\" class=\"tag-cloud-link tag-link-471 tag-link-position-20\" style=\"font-size: 10.038834951456pt;\" aria-label=\"Itapagipe (30 itens)\">Itapagipe<\/a>\n<a href=\"https:\/\/www.comunicarmais.com.br\/site\/tag\/itaparica\/\" class=\"tag-cloud-link tag-link-301 tag-link-position-21\" style=\"font-size: 8pt;\" aria-label=\"Itaparica (21 itens)\">Itaparica<\/a>\n<a href=\"https:\/\/www.comunicarmais.com.br\/site\/tag\/jeronimo-rodrigues\/\" class=\"tag-cloud-link tag-link-668 tag-link-position-22\" style=\"font-size: 8.2718446601942pt;\" aria-label=\"Jer\u00f4nimo Rodrigues (22 itens)\">Jer\u00f4nimo Rodrigues<\/a>\n<a href=\"https:\/\/www.comunicarmais.com.br\/site\/tag\/justica\/\" class=\"tag-cloud-link tag-link-361 tag-link-position-23\" style=\"font-size: 10.582524271845pt;\" aria-label=\"Justi\u00e7a (33 itens)\">Justi\u00e7a<\/a>\n<a href=\"https:\/\/www.comunicarmais.com.br\/site\/tag\/lauro-de-freitas\/\" class=\"tag-cloud-link tag-link-594 tag-link-position-24\" style=\"font-size: 18.194174757282pt;\" aria-label=\"Lauro de Freitas (122 itens)\">Lauro de Freitas<\/a>\n<a href=\"https:\/\/www.comunicarmais.com.br\/site\/tag\/lazer\/\" class=\"tag-cloud-link tag-link-568 tag-link-position-25\" style=\"font-size: 9.2233009708738pt;\" aria-label=\"Lazer (26 itens)\">Lazer<\/a>\n<a href=\"https:\/\/www.comunicarmais.com.br\/site\/tag\/lula\/\" class=\"tag-cloud-link tag-link-416 tag-link-position-26\" style=\"font-size: 12.21359223301pt;\" aria-label=\"Lula (44 itens)\">Lula<\/a>\n<a href=\"https:\/\/www.comunicarmais.com.br\/site\/tag\/meio-ambiente\/\" class=\"tag-cloud-link tag-link-475 tag-link-position-27\" style=\"font-size: 12.21359223301pt;\" aria-label=\"Meio Ambiente (44 itens)\">Meio Ambiente<\/a>\n<a href=\"https:\/\/www.comunicarmais.com.br\/site\/tag\/mobilidade\/\" class=\"tag-cloud-link tag-link-278 tag-link-position-28\" style=\"font-size: 13.844660194175pt;\" aria-label=\"Mobilidade (58 itens)\">Mobilidade<\/a>\n<a href=\"https:\/\/www.comunicarmais.com.br\/site\/tag\/mulher\/\" class=\"tag-cloud-link tag-link-450 tag-link-position-29\" style=\"font-size: 13.300970873786pt;\" aria-label=\"mulher (53 itens)\">mulher<\/a>\n<a href=\"https:\/\/www.comunicarmais.com.br\/site\/tag\/musica-2\/\" class=\"tag-cloud-link tag-link-747 tag-link-position-30\" style=\"font-size: 12.21359223301pt;\" aria-label=\"M\u00fasica (44 itens)\">M\u00fasica<\/a>\n<a href=\"https:\/\/www.comunicarmais.com.br\/site\/tag\/pcba\/\" class=\"tag-cloud-link tag-link-1332 tag-link-position-31\" style=\"font-size: 15.067961165049pt;\" aria-label=\"PCBA (72 itens)\">PCBA<\/a>\n<a href=\"https:\/\/www.comunicarmais.com.br\/site\/tag\/pmba\/\" class=\"tag-cloud-link tag-link-53 tag-link-position-32\" style=\"font-size: 18.194174757282pt;\" aria-label=\"PMBA (123 itens)\">PMBA<\/a>\n<a href=\"https:\/\/www.comunicarmais.com.br\/site\/tag\/policia-federal\/\" class=\"tag-cloud-link tag-link-620 tag-link-position-33\" style=\"font-size: 8.9514563106796pt;\" aria-label=\"Pol\u00edcia Federal (25 itens)\">Pol\u00edcia Federal<\/a>\n<a href=\"https:\/\/www.comunicarmais.com.br\/site\/tag\/politica\/\" class=\"tag-cloud-link tag-link-495 tag-link-position-34\" style=\"font-size: 16.291262135922pt;\" aria-label=\"Pol\u00edtica (89 itens)\">Pol\u00edtica<\/a>\n<a href=\"https:\/\/www.comunicarmais.com.br\/site\/tag\/rio-de-janeiro\/\" class=\"tag-cloud-link tag-link-152 tag-link-position-35\" style=\"font-size: 9.9029126213592pt;\" aria-label=\"Rio de Janeiro (29 itens)\">Rio de Janeiro<\/a>\n<a href=\"https:\/\/www.comunicarmais.com.br\/site\/tag\/salvador\/\" class=\"tag-cloud-link tag-link-125 tag-link-position-36\" style=\"font-size: 22pt;\" aria-label=\"Salvador (234 itens)\">Salvador<\/a>\n<a href=\"https:\/\/www.comunicarmais.com.br\/site\/tag\/saude\/\" class=\"tag-cloud-link tag-link-42 tag-link-position-37\" style=\"font-size: 17.78640776699pt;\" aria-label=\"Sa\u00fade (115 itens)\">Sa\u00fade<\/a>\n<a href=\"https:\/\/www.comunicarmais.com.br\/site\/tag\/seguranca\/\" class=\"tag-cloud-link tag-link-48 tag-link-position-38\" style=\"font-size: 9.2233009708738pt;\" aria-label=\"Seguran\u00e7a (26 itens)\">Seguran\u00e7a<\/a>\n<a href=\"https:\/\/www.comunicarmais.com.br\/site\/tag\/ssp-ba\/\" class=\"tag-cloud-link tag-link-1937 tag-link-position-39\" style=\"font-size: 8.9514563106796pt;\" aria-label=\"SSP-BA (25 itens)\">SSP-BA<\/a>\n<a href=\"https:\/\/www.comunicarmais.com.br\/site\/tag\/sspba\/\" class=\"tag-cloud-link tag-link-144 tag-link-position-40\" style=\"font-size: 11.398058252427pt;\" aria-label=\"SSPBA (38 itens)\">SSPBA<\/a>\n<a href=\"https:\/\/www.comunicarmais.com.br\/site\/tag\/stf\/\" class=\"tag-cloud-link tag-link-68 tag-link-position-41\" style=\"font-size: 14.252427184466pt;\" aria-label=\"STF (62 itens)\">STF<\/a>\n<a href=\"https:\/\/www.comunicarmais.com.br\/site\/tag\/sao-paulo\/\" class=\"tag-cloud-link tag-link-612 tag-link-position-42\" style=\"font-size: 8pt;\" aria-label=\"S\u00e3o Paulo (21 itens)\">S\u00e3o Paulo<\/a>\n<a href=\"https:\/\/www.comunicarmais.com.br\/site\/tag\/transito-2\/\" class=\"tag-cloud-link tag-link-377 tag-link-position-43\" style=\"font-size: 8.2718446601942pt;\" aria-label=\"tr\u00e2nsito (22 itens)\">tr\u00e2nsito<\/a>\n<a href=\"https:\/\/www.comunicarmais.com.br\/site\/tag\/turismo\/\" class=\"tag-cloud-link tag-link-225 tag-link-position-44\" style=\"font-size: 9.631067961165pt;\" aria-label=\"Turismo (28 itens)\">Turismo<\/a>\n<a href=\"https:\/\/www.comunicarmais.com.br\/site\/tag\/uruguai\/\" class=\"tag-cloud-link tag-link-323 tag-link-position-45\" style=\"font-size: 9.631067961165pt;\" aria-label=\"Uruguai (28 itens)\">Uruguai<\/a><\/p>","protected":false},"excerpt":{"rendered":"<p>Investimentos somam cerca de R$ 37 milh\u00f5es e devem trazer desenvolvimento, sustentabilidade e inclus\u00e3o produtiva, al\u00e9m de qualidade de vida da popula\u00e7\u00e3o local<\/p>\n","protected":false},"author":2,"featured_media":12163,"comment_status":"open","ping_status":"open","sticky":false,"template":"","format":"standard","meta":{"_acf_changed":false,"footnotes":""},"categories":[5],"tags":[2602,3268,475,125,1345],"class_list":["post-12160","post","type-post","status-publish","format-standard","has-post-thumbnail","hentry","category-grande-salvador","tag-habitacao","tag-mane-dende","tag-meio-ambiente","tag-salvador","tag-suburbio-2"],"acf":[],"yoast_head":"<!-- This site is optimized with the Yoast SEO plugin v26.1.1 - https:\/\/yoast.com\/wordpress\/plugins\/seo\/ -->\n<title>Prefeitura de Salvador entrega 63 habita\u00e7\u00f5es, central de recicl\u00e1veis e autoriza constru\u00e7\u00e3o de arena aqu\u00e1tica no Sub\u00farbio - Comunicar Mais<\/title>\n<meta name=\"description\" content=\"Investimentos somam cerca de R$ 37 milh\u00f5es e devem trazer desenvolvimento, sustentabilidade e inclus\u00e3o produtiva, al\u00e9m de qualidade de vida da popula\u00e7\u00e3o local\" \/>\n<meta name=\"robots\" content=\"index, follow, max-snippet:-1, max-image-preview:large, max-video-preview:-1\" \/>\n<link rel=\"canonical\" href=\"https:\/\/www.comunicarmais.com.br\/site\/2026\/01\/06\/prefeitura-de-salvador-entrega-63-habitacoes-central-de-reciclaveis-e-autoriza-construcao-de-arena-aquatica-no-suburbio\/\" \/>\n<meta property=\"og:locale\" content=\"pt_BR\" \/>\n<meta property=\"og:type\" content=\"article\" \/>\n<meta property=\"og:title\" content=\"Prefeitura de Salvador entrega 63 habita\u00e7\u00f5es, central de recicl\u00e1veis e autoriza constru\u00e7\u00e3o de arena aqu\u00e1tica no Sub\u00farbio - Comunicar Mais\" \/>\n<meta property=\"og:description\" content=\"Investimentos somam cerca de R$ 37 milh\u00f5es e devem trazer desenvolvimento, sustentabilidade e inclus\u00e3o produtiva, al\u00e9m de qualidade de vida da popula\u00e7\u00e3o local\" \/>\n<meta property=\"og:url\" content=\"https:\/\/www.comunicarmais.com.br\/site\/2026\/01\/06\/prefeitura-de-salvador-entrega-63-habitacoes-central-de-reciclaveis-e-autoriza-construcao-de-arena-aquatica-no-suburbio\/\" \/>\n<meta property=\"og:site_name\" content=\"Comunicar Mais\" \/>\n<meta property=\"article:publisher\" content=\"https:\/\/www.facebook.com\/comunicarmais\/\" \/>\n<meta property=\"article:author\" content=\"https:\/\/www.facebook.com\/comunicarmais\/\" \/>\n<meta property=\"article:published_time\" content=\"2026-01-06T15:33:00+00:00\" \/>\n<meta property=\"article:modified_time\" content=\"2026-01-06T19:42:39+00:00\" \/>\n<meta property=\"og:image\" content=\"https:\/\/www.comunicarmais.com.br\/site\/wp-content\/uploads\/2026\/01\/WhatsApp-Image-2026-01-06-at-12.12.36.jpeg\" \/>\n\t<meta property=\"og:image:width\" content=\"1280\" \/>\n\t<meta property=\"og:image:height\" content=\"853\" \/>\n\t<meta property=\"og:image:type\" content=\"image\/jpeg\" \/>\n<meta name=\"author\" content=\"Comunicar Mais\" \/>\n<meta name=\"twitter:card\" content=\"summary_large_image\" \/>\n<meta name=\"twitter:creator\" content=\"@ComunicarmaisBA\" \/>\n<meta name=\"twitter:site\" content=\"@ComunicarmaisBA\" \/>\n<meta name=\"twitter:label1\" content=\"Escrito por\" \/>\n\t<meta name=\"twitter:data1\" content=\"Comunicar Mais\" \/>\n\t<meta name=\"twitter:label2\" content=\"Est. tempo de leitura\" \/>\n\t<meta name=\"twitter:data2\" content=\"7 minutos\" \/>\n<script type=\"application\/ld+json\" class=\"yoast-schema-graph\">{\"@context\":\"https:\/\/schema.org\",\"@graph\":[{\"@type\":\"WebPage\",\"@id\":\"https:\/\/www.comunicarmais.com.br\/site\/2026\/01\/06\/prefeitura-de-salvador-entrega-63-habitacoes-central-de-reciclaveis-e-autoriza-construcao-de-arena-aquatica-no-suburbio\/\",\"url\":\"https:\/\/www.comunicarmais.com.br\/site\/2026\/01\/06\/prefeitura-de-salvador-entrega-63-habitacoes-central-de-reciclaveis-e-autoriza-construcao-de-arena-aquatica-no-suburbio\/\",\"name\":\"Prefeitura de Salvador entrega 63 habita\u00e7\u00f5es, central de recicl\u00e1veis e autoriza constru\u00e7\u00e3o de arena aqu\u00e1tica no Sub\u00farbio - Comunicar Mais\",\"isPartOf\":{\"@id\":\"https:\/\/www.comunicarmais.com.br\/site\/#website\"},\"primaryImageOfPage\":{\"@id\":\"https:\/\/www.comunicarmais.com.br\/site\/2026\/01\/06\/prefeitura-de-salvador-entrega-63-habitacoes-central-de-reciclaveis-e-autoriza-construcao-de-arena-aquatica-no-suburbio\/#primaryimage\"},\"image\":{\"@id\":\"https:\/\/www.comunicarmais.com.br\/site\/2026\/01\/06\/prefeitura-de-salvador-entrega-63-habitacoes-central-de-reciclaveis-e-autoriza-construcao-de-arena-aquatica-no-suburbio\/#primaryimage\"},\"thumbnailUrl\":\"https:\/\/www.comunicarmais.com.br\/site\/wp-content\/uploads\/2026\/01\/WhatsApp-Image-2026-01-06-at-12.12.36.jpeg\",\"datePublished\":\"2026-01-06T15:33:00+00:00\",\"dateModified\":\"2026-01-06T19:42:39+00:00\",\"author\":{\"@id\":\"https:\/\/www.comunicarmais.com.br\/site\/#\/schema\/person\/712f7b6b25b644e4a91c4173674cf284\"},\"description\":\"Investimentos somam cerca de R$ 37 milh\u00f5es e devem trazer desenvolvimento, sustentabilidade e inclus\u00e3o produtiva, al\u00e9m de qualidade de vida da popula\u00e7\u00e3o local\",\"breadcrumb\":{\"@id\":\"https:\/\/www.comunicarmais.com.br\/site\/2026\/01\/06\/prefeitura-de-salvador-entrega-63-habitacoes-central-de-reciclaveis-e-autoriza-construcao-de-arena-aquatica-no-suburbio\/#breadcrumb\"},\"inLanguage\":\"pt-BR\",\"potentialAction\":[{\"@type\":\"ReadAction\",\"target\":[\"https:\/\/www.comunicarmais.com.br\/site\/2026\/01\/06\/prefeitura-de-salvador-entrega-63-habitacoes-central-de-reciclaveis-e-autoriza-construcao-de-arena-aquatica-no-suburbio\/\"]}]},{\"@type\":\"ImageObject\",\"inLanguage\":\"pt-BR\",\"@id\":\"https:\/\/www.comunicarmais.com.br\/site\/2026\/01\/06\/prefeitura-de-salvador-entrega-63-habitacoes-central-de-reciclaveis-e-autoriza-construcao-de-arena-aquatica-no-suburbio\/#primaryimage\",\"url\":\"https:\/\/www.comunicarmais.com.br\/site\/wp-content\/uploads\/2026\/01\/WhatsApp-Image-2026-01-06-at-12.12.36.jpeg\",\"contentUrl\":\"https:\/\/www.comunicarmais.com.br\/site\/wp-content\/uploads\/2026\/01\/WhatsApp-Image-2026-01-06-at-12.12.36.jpeg\",\"width\":1280,\"height\":853},{\"@type\":\"BreadcrumbList\",\"@id\":\"https:\/\/www.comunicarmais.com.br\/site\/2026\/01\/06\/prefeitura-de-salvador-entrega-63-habitacoes-central-de-reciclaveis-e-autoriza-construcao-de-arena-aquatica-no-suburbio\/#breadcrumb\",\"itemListElement\":[{\"@type\":\"ListItem\",\"position\":1,\"name\":\"In\u00edcio\",\"item\":\"https:\/\/www.comunicarmais.com.br\/site\/\"},{\"@type\":\"ListItem\",\"position\":2,\"name\":\"Prefeitura de Salvador entrega 63 habita\u00e7\u00f5es, central de recicl\u00e1veis e autoriza constru\u00e7\u00e3o de arena aqu\u00e1tica no Sub\u00farbio\"}]},{\"@type\":\"WebSite\",\"@id\":\"https:\/\/www.comunicarmais.com.br\/site\/#website\",\"url\":\"https:\/\/www.comunicarmais.com.br\/site\/\",\"name\":\"Comunicar Mais\",\"description\":\"\",\"potentialAction\":[{\"@type\":\"SearchAction\",\"target\":{\"@type\":\"EntryPoint\",\"urlTemplate\":\"https:\/\/www.comunicarmais.com.br\/site\/?s={search_term_string}\"},\"query-input\":{\"@type\":\"PropertyValueSpecification\",\"valueRequired\":true,\"valueName\":\"search_term_string\"}}],\"inLanguage\":\"pt-BR\"},{\"@type\":\"Person\",\"@id\":\"https:\/\/www.comunicarmais.com.br\/site\/#\/schema\/person\/712f7b6b25b644e4a91c4173674cf284\",\"name\":\"Comunicar Mais\",\"image\":{\"@type\":\"ImageObject\",\"inLanguage\":\"pt-BR\",\"@id\":\"https:\/\/www.comunicarmais.com.br\/site\/#\/schema\/person\/image\/\",\"url\":\"https:\/\/secure.gravatar.com\/avatar\/9803218072e2c0dc265d3d787b54c2c33325e79f79732707fddfbf1efd82c678?s=96&d=mm&r=g\",\"contentUrl\":\"https:\/\/secure.gravatar.com\/avatar\/9803218072e2c0dc265d3d787b54c2c33325e79f79732707fddfbf1efd82c678?s=96&d=mm&r=g\",\"caption\":\"Comunicar Mais\"},\"description\":\"Deixe as ideologias com os ide\u00f3logos. Noticiamos fatos, n\u00e3o brigamos com eles. Aqui, voc\u00ea fica bem informado do que acontece no seu bairro e no mundo. Informar com \u00e9tica e responsabilidade s\u00e3o as bandeiras do Comunicarmais.\",\"sameAs\":[\"https:\/\/www.comunicarmais.com.br\/site\/\",\"https:\/\/www.facebook.com\/comunicarmais\/\",\"https:\/\/www.instagram.com\/comunicarmaisba\/\",\"https:\/\/x.com\/ComunicarmaisBA\"],\"url\":\"https:\/\/www.comunicarmais.com.br\/site\/author\/gerenciador\/\"}]}<\/script>\n<!-- \/ Yoast SEO plugin. -->","yoast_head_json":{"title":"Prefeitura de Salvador entrega 63 habita\u00e7\u00f5es, central de recicl\u00e1veis e autoriza constru\u00e7\u00e3o de arena aqu\u00e1tica no Sub\u00farbio - Comunicar Mais","description":"Investimentos somam cerca de R$ 37 milh\u00f5es e devem trazer desenvolvimento, sustentabilidade e inclus\u00e3o produtiva, al\u00e9m de qualidade de vida da popula\u00e7\u00e3o local","robots":{"index":"index","follow":"follow","max-snippet":"max-snippet:-1","max-image-preview":"max-image-preview:large","max-video-preview":"max-video-preview:-1"},"canonical":"https:\/\/www.comunicarmais.com.br\/site\/2026\/01\/06\/prefeitura-de-salvador-entrega-63-habitacoes-central-de-reciclaveis-e-autoriza-construcao-de-arena-aquatica-no-suburbio\/","og_locale":"pt_BR","og_type":"article","og_title":"Prefeitura de Salvador entrega 63 habita\u00e7\u00f5es, central de recicl\u00e1veis e autoriza constru\u00e7\u00e3o de arena aqu\u00e1tica no Sub\u00farbio - Comunicar Mais","og_description":"Investimentos somam cerca de R$ 37 milh\u00f5es e devem trazer desenvolvimento, sustentabilidade e inclus\u00e3o produtiva, al\u00e9m de qualidade de vida da popula\u00e7\u00e3o local","og_url":"https:\/\/www.comunicarmais.com.br\/site\/2026\/01\/06\/prefeitura-de-salvador-entrega-63-habitacoes-central-de-reciclaveis-e-autoriza-construcao-de-arena-aquatica-no-suburbio\/","og_site_name":"Comunicar Mais","article_publisher":"https:\/\/www.facebook.com\/comunicarmais\/","article_author":"https:\/\/www.facebook.com\/comunicarmais\/","article_published_time":"2026-01-06T15:33:00+00:00","article_modified_time":"2026-01-06T19:42:39+00:00","og_image":[{"width":1280,"height":853,"url":"https:\/\/www.comunicarmais.com.br\/site\/wp-content\/uploads\/2026\/01\/WhatsApp-Image-2026-01-06-at-12.12.36.jpeg","type":"image\/jpeg"}],"author":"Comunicar Mais","twitter_card":"summary_large_image","twitter_creator":"@ComunicarmaisBA","twitter_site":"@ComunicarmaisBA","twitter_misc":{"Escrito por":"Comunicar Mais","Est. tempo de leitura":"7 minutos"},"schema":{"@context":"https:\/\/schema.org","@graph":[{"@type":"WebPage","@id":"https:\/\/www.comunicarmais.com.br\/site\/2026\/01\/06\/prefeitura-de-salvador-entrega-63-habitacoes-central-de-reciclaveis-e-autoriza-construcao-de-arena-aquatica-no-suburbio\/","url":"https:\/\/www.comunicarmais.com.br\/site\/2026\/01\/06\/prefeitura-de-salvador-entrega-63-habitacoes-central-de-reciclaveis-e-autoriza-construcao-de-arena-aquatica-no-suburbio\/","name":"Prefeitura de Salvador entrega 63 habita\u00e7\u00f5es, central de recicl\u00e1veis e autoriza constru\u00e7\u00e3o de arena aqu\u00e1tica no Sub\u00farbio - Comunicar Mais","isPartOf":{"@id":"https:\/\/www.comunicarmais.com.br\/site\/#website"},"primaryImageOfPage":{"@id":"https:\/\/www.comunicarmais.com.br\/site\/2026\/01\/06\/prefeitura-de-salvador-entrega-63-habitacoes-central-de-reciclaveis-e-autoriza-construcao-de-arena-aquatica-no-suburbio\/#primaryimage"},"image":{"@id":"https:\/\/www.comunicarmais.com.br\/site\/2026\/01\/06\/prefeitura-de-salvador-entrega-63-habitacoes-central-de-reciclaveis-e-autoriza-construcao-de-arena-aquatica-no-suburbio\/#primaryimage"},"thumbnailUrl":"https:\/\/www.comunicarmais.com.br\/site\/wp-content\/uploads\/2026\/01\/WhatsApp-Image-2026-01-06-at-12.12.36.jpeg","datePublished":"2026-01-06T15:33:00+00:00","dateModified":"2026-01-06T19:42:39+00:00","author":{"@id":"https:\/\/www.comunicarmais.com.br\/site\/#\/schema\/person\/712f7b6b25b644e4a91c4173674cf284"},"description":"Investimentos somam cerca de R$ 37 milh\u00f5es e devem trazer desenvolvimento, sustentabilidade e inclus\u00e3o produtiva, al\u00e9m de qualidade de vida da popula\u00e7\u00e3o local","breadcrumb":{"@id":"https:\/\/www.comunicarmais.com.br\/site\/2026\/01\/06\/prefeitura-de-salvador-entrega-63-habitacoes-central-de-reciclaveis-e-autoriza-construcao-de-arena-aquatica-no-suburbio\/#breadcrumb"},"inLanguage":"pt-BR","potentialAction":[{"@type":"ReadAction","target":["https:\/\/www.comunicarmais.com.br\/site\/2026\/01\/06\/prefeitura-de-salvador-entrega-63-habitacoes-central-de-reciclaveis-e-autoriza-construcao-de-arena-aquatica-no-suburbio\/"]}]},{"@type":"ImageObject","inLanguage":"pt-BR","@id":"https:\/\/www.comunicarmais.com.br\/site\/2026\/01\/06\/prefeitura-de-salvador-entrega-63-habitacoes-central-de-reciclaveis-e-autoriza-construcao-de-arena-aquatica-no-suburbio\/#primaryimage","url":"https:\/\/www.comunicarmais.com.br\/site\/wp-content\/uploads\/2026\/01\/WhatsApp-Image-2026-01-06-at-12.12.36.jpeg","contentUrl":"https:\/\/www.comunicarmais.com.br\/site\/wp-content\/uploads\/2026\/01\/WhatsApp-Image-2026-01-06-at-12.12.36.jpeg","width":1280,"height":853},{"@type":"BreadcrumbList","@id":"https:\/\/www.comunicarmais.com.br\/site\/2026\/01\/06\/prefeitura-de-salvador-entrega-63-habitacoes-central-de-reciclaveis-e-autoriza-construcao-de-arena-aquatica-no-suburbio\/#breadcrumb","itemListElement":[{"@type":"ListItem","position":1,"name":"In\u00edcio","item":"https:\/\/www.comunicarmais.com.br\/site\/"},{"@type":"ListItem","position":2,"name":"Prefeitura de Salvador entrega 63 habita\u00e7\u00f5es, central de recicl\u00e1veis e autoriza constru\u00e7\u00e3o de arena aqu\u00e1tica no Sub\u00farbio"}]},{"@type":"WebSite","@id":"https:\/\/www.comunicarmais.com.br\/site\/#website","url":"https:\/\/www.comunicarmais.com.br\/site\/","name":"Comunicar Mais","description":"","potentialAction":[{"@type":"SearchAction","target":{"@type":"EntryPoint","urlTemplate":"https:\/\/www.comunicarmais.com.br\/site\/?s={search_term_string}"},"query-input":{"@type":"PropertyValueSpecification","valueRequired":true,"valueName":"search_term_string"}}],"inLanguage":"pt-BR"},{"@type":"Person","@id":"https:\/\/www.comunicarmais.com.br\/site\/#\/schema\/person\/712f7b6b25b644e4a91c4173674cf284","name":"Comunicar Mais","image":{"@type":"ImageObject","inLanguage":"pt-BR","@id":"https:\/\/www.comunicarmais.com.br\/site\/#\/schema\/person\/image\/","url":"https:\/\/secure.gravatar.com\/avatar\/9803218072e2c0dc265d3d787b54c2c33325e79f79732707fddfbf1efd82c678?s=96&d=mm&r=g","contentUrl":"https:\/\/secure.gravatar.com\/avatar\/9803218072e2c0dc265d3d787b54c2c33325e79f79732707fddfbf1efd82c678?s=96&d=mm&r=g","caption":"Comunicar Mais"},"description":"Deixe as ideologias com os ide\u00f3logos. Noticiamos fatos, n\u00e3o brigamos com eles. Aqui, voc\u00ea fica bem informado do que acontece no seu bairro e no mundo. Informar com \u00e9tica e responsabilidade s\u00e3o as bandeiras do Comunicarmais.","sameAs":["https:\/\/www.comunicarmais.com.br\/site\/","https:\/\/www.facebook.com\/comunicarmais\/","https:\/\/www.instagram.com\/comunicarmaisba\/","https:\/\/x.com\/ComunicarmaisBA"],"url":"https:\/\/www.comunicarmais.com.br\/site\/author\/gerenciador\/"}]}},"_links":{"self":[{"href":"https:\/\/www.comunicarmais.com.br\/site\/wp-json\/wp\/v2\/posts\/12160","targetHints":{"allow":["GET"]}}],"collection":[{"href":"https:\/\/www.comunicarmais.com.br\/site\/wp-json\/wp\/v2\/posts"}],"about":[{"href":"https:\/\/www.comunicarmais.com.br\/site\/wp-json\/wp\/v2\/types\/post"}],"author":[{"embeddable":true,"href":"https:\/\/www.comunicarmais.com.br\/site\/wp-json\/wp\/v2\/users\/2"}],"replies":[{"embeddable":true,"href":"https:\/\/www.comunicarmais.com.br\/site\/wp-json\/wp\/v2\/comments?post=12160"}],"version-history":[{"count":1,"href":"https:\/\/www.comunicarmais.com.br\/site\/wp-json\/wp\/v2\/posts\/12160\/revisions"}],"predecessor-version":[{"id":12167,"href":"https:\/\/www.comunicarmais.com.br\/site\/wp-json\/wp\/v2\/posts\/12160\/revisions\/12167"}],"wp:featuredmedia":[{"embeddable":true,"href":"https:\/\/www.comunicarmais.com.br\/site\/wp-json\/wp\/v2\/media\/12163"}],"wp:attachment":[{"href":"https:\/\/www.comunicarmais.com.br\/site\/wp-json\/wp\/v2\/media?parent=12160"}],"wp:term":[{"taxonomy":"category","embeddable":true,"href":"https:\/\/www.comunicarmais.com.br\/site\/wp-json\/wp\/v2\/categories?post=12160"},{"taxonomy":"post_tag","embeddable":true,"href":"https:\/\/www.comunicarmais.com.br\/site\/wp-json\/wp\/v2\/tags?post=12160"}],"curies":[{"name":"wp","href":"https:\/\/api.w.org\/{rel}","templated":true}]}}