{"id":11987,"date":"2025-12-28T10:41:00","date_gmt":"2025-12-28T13:41:00","guid":{"rendered":"https:\/\/www.comunicarmais.com.br\/site\/?p=11987"},"modified":"2025-12-28T23:50:38","modified_gmt":"2025-12-29T02:50:38","slug":"morre-a-atriz-brigitte-bardot-musa-do-cinema-frances","status":"publish","type":"post","link":"https:\/\/www.comunicarmais.com.br\/site\/2025\/12\/28\/morre-a-atriz-brigitte-bardot-musa-do-cinema-frances\/","title":{"rendered":"Morre a atriz Brigitte Bardot, musa do cinema franc\u00eas"},"content":{"rendered":"\n<p><strong>Morre a atriz Brigitte Bardot, musa do cinema franc\u00eas<\/strong><\/p>\n\n\n\n<figure class=\"wp-block-image size-full is-resized\"><img decoding=\"async\" width=\"598\" height=\"361\" data-src=\"https:\/\/www.comunicarmais.com.br\/site\/wp-content\/uploads\/2025\/12\/Captura-de-tela-2025-12-28-234707.jpg\" alt=\"\" class=\"wp-image-11989 lazyload\" style=\"--smush-placeholder-width: 598px; --smush-placeholder-aspect-ratio: 598\/361;width:840px;height:auto\" src=\"data:image\/svg+xml;base64,PHN2ZyB3aWR0aD0iMSIgaGVpZ2h0PSIxIiB4bWxucz0iaHR0cDovL3d3dy53My5vcmcvMjAwMC9zdmciPjwvc3ZnPg==\" \/><\/figure>\n\n\n\n<p><strong><br>Ag\u00eancia Brasil &#8211;<\/strong> Morreu neste domingo (28), aos 91, anos a atriz Brigitte Bardot, lenda do cinema franc\u00eas. A causa da morte n\u00e3o foi divulgada, mas ela j\u00e1 estava com a sa\u00fade debilitada h\u00e1 alguns meses, passando por per\u00edodos de longas interna\u00e7\u00f5es.\u00a0Ela morreu num hospital no sul da Fran\u00e7a, onde passaria por uma cirurgia.<img decoding=\"async\" data-src=\"https:\/\/agenciabrasil.ebc.com.br\/ebc.png?id=1673551&amp;o=node\" src=\"data:image\/svg+xml;base64,PHN2ZyB3aWR0aD0iMSIgaGVpZ2h0PSIxIiB4bWxucz0iaHR0cDovL3d3dy53My5vcmcvMjAwMC9zdmciPjwvc3ZnPg==\" class=\"lazyload\"><img decoding=\"async\" data-src=\"https:\/\/agenciabrasil.ebc.com.br\/ebc.gif?id=1673551&amp;o=node\" src=\"data:image\/svg+xml;base64,PHN2ZyB3aWR0aD0iMSIgaGVpZ2h0PSIxIiB4bWxucz0iaHR0cDovL3d3dy53My5vcmcvMjAwMC9zdmciPjwvc3ZnPg==\" class=\"lazyload\"><\/p>\n\n\n\n<p>O presidente franc\u00eas Emmanuel Macron se manifestou sobre a morte de Brigitte. Ele escreveu: &#8220;Seus filmes, sua voz, sua fama deslumbrante, suas iniciais, suas tristezas, sua generosa paix\u00e3o pelos animais, seu rosto que se tornou Marianne \u2014 Brigitte Bardot personificava uma vida de liberdade. Uma exist\u00eancia francesa, um brilho universal. Ela nos tocou. Lamentamos a perda de uma lenda do s\u00e9culo&#8221;.<\/p>\n\n\n\n<p><strong>Al\u00e9m de atriz, Brigitte foi cantora e ativista da causa animal.&nbsp;<\/strong>Nascida em Paris, em 1934, em uma fam\u00edlia rica, come\u00e7ou sua carreira art\u00edstica como modelo, aos 15 anos. Estampou a capa da revista Elle e sua beleza chamou aten\u00e7\u00e3o imediata de outras \u00e1reas, como o cinema.<\/p>\n\n\n\n<p><strong>Estreou nas telas em 1952, aos 18 anos, no filme&nbsp;<em>Le Trou Normand<\/em>,&nbsp;<\/strong>do diretor Jean Boyer, no qual interpretou a personagem Javotte Lemoine, um papel pequeno. No mesmo ano atuou em&nbsp;<em>Manina, a Mo\u00e7a Sem V\u00e9u<\/em>. Com dire\u00e7\u00e3o do diretor franc\u00eas Willy Rozier, sua personagem n\u00e3o tinha grande destaque, mas Brigitte chamou aten\u00e7\u00e3o ao aparecer de biqu\u00edni, ajudando a tornar comum a pe\u00e7a de roupa.<\/p>\n\n\n\n<p>Em 1953, a jovem atriz, ainda n\u00e3o muito famosa, atuou em&nbsp;<em>Mais Forte que a Morte<\/em>, seu primeiro trabalho num longa-metragem norte-americano. Com Kirk Douglas e Dany Robin como protagonistas, a produ\u00e7\u00e3o teve muitas cenas rodadas na Fran\u00e7a. Embora n\u00e3o tenha tido grande destaque no filme, a atriz chamou aten\u00e7\u00e3o no Festival de Cannes daquele ano durante a promo\u00e7\u00e3o do longa protagonizado por Douglas. Ela surgiu de biqu\u00edni no evento, o que causou frisson na m\u00eddia.<\/p>\n\n\n\n<p>A atriz seguiu atuando em filmes franceses, italianos e ingleses. Em 1955 trabalhou em v\u00e1rias produ\u00e7\u00f5es como&nbsp;<em>A Noiva do Comandante<\/em>,&nbsp;<em>As Grandes Manobras&nbsp;<\/em>e&nbsp;<em>A Luz do Desejo<\/em>. Em 1956, integrou o elenco&nbsp;de filmes como&nbsp;<em>Helena de Tr\u00f3ia<\/em>,&nbsp;<em>Mademoiselle Pigalle&nbsp;<\/em>e&nbsp;<em>Meu Filho Nero<\/em>.<\/p>\n\n\n\n<p>Nestes longas, Brigitte j\u00e1 vinha chamando aten\u00e7\u00e3o e atuando com mais destaque, sendo protagonista em algumas produ\u00e7\u00f5es. Ainda em 1956,&nbsp;estrelou&nbsp;<em>E Deus Criou a Mulher<\/em>, dirigido por seu ent\u00e3o marido, o franc\u00eas Roger Vadim.<\/p>\n\n\n\n<p>No longa, Brigitte interpreta Juliette, uma jovem mulher que vive em Saint-Tropez que se casa com o irm\u00e3o de um homem que a rejeitou. Ela, que \u00e9 uma \u00f3rf\u00e3, luta para n\u00e3o voltar para o orfanato e faz isso despertando paix\u00f5es.<\/p>\n\n\n\n<p><strong>A produ\u00e7\u00e3o levou Brigitte ao estrelato: ela se tornou um s\u00edmbolo sexual e passou a influenciar a moda feminina em grande parte do mundo.<\/strong><\/p>\n\n\n\n<p>A partir da\u00ed, a francesa se tornou sin\u00f4nimo de estrela de cinema, atuando em produ\u00e7\u00f5es famosas como&nbsp;<em>O Desprezo<\/em>, de 1963, do&nbsp;<a href=\"http:\/\/agenciabrasil.ebc.com.br\/internacional\/noticia\/2022-09\/morre-aos-91-anos-o-cineasta-jean-luc-godard\">diretor Jean-Luc Godard<\/a>&nbsp;e atuou ao lado de astros como Anthony Perkins, Marcello Mastroianni, Alain Delon, Sean Connery, entre outros.<\/p>\n\n\n\n<p><strong>B\u00fazios<\/strong> <strong>&#8211;<\/strong> Brigitte passou por crises de relacionamento nos anos 60, teve depress\u00e3o e quest\u00f5es graves com bebidas alco\u00f3licas. Teve um filho n\u00e3o desejado, o que tumultuou sua rela\u00e7\u00e3o com ele ao longo da vida.<\/p>\n\n\n\n<p>Em 1965, Brigitte veio ao Brasil, quando namorava Bob Zagury, um brasileiro atleta de basquete no Flamengo.&nbsp;<strong>Em passagem pelo pa\u00eds, a atriz esteve na cidade de B\u00fazios, no Rio de Janeiro, em uma visita que ficou famosa.&nbsp;<\/strong>A prefeitura local fez uma est\u00e1tua de Brigitte, que permanece no munic\u00edpio at\u00e9 os dias de hoje.<\/p>\n\n\n\n<p>O \u00faltimo filme de Brigitte foi o franc\u00eas&nbsp;<em>L\u2019histoire tr\u00e8s bonne et tr\u00e8s joyeuse de Colinot Trousse-Chemise<\/em>, lan\u00e7ado em 1973. Depois disso, a atriz decidiu deixar a vida art\u00edstica e passou a se dedicar a outra de suas paix\u00f5es: a defesa dos animais.<\/p>\n\n\n\n<p>Ela criou a Funda\u00e7\u00e3o Brigitte Bardot para ajudar a salvar animais de variadas esp\u00e9cies ao redor do mundo. Seu lado ativista foi muito elogiado e celebrado, o que n\u00e3o evitou que recebesse cr\u00edticas nos \u00faltimos anos de sua vida por posicionamentos pol\u00edticos considerados pol\u00eamicos.<\/p>\n\n\n\n<p>Em 2021, quando tinha 87 anos, Brigitte foi condenada por um tribunal franc\u00eas e multada em 20 mil euros por ter feito insultos racistas contra moradores da ilha francesa de Reuni\u00e3o.<\/p>\n\n\n\n<p>Ela tamb\u00e9m, recentemente, declarou apoio a Marine Le Pen, representante da extrema direita francesa.<\/p>\n\n\n\n<p>Brigitte Bardot deixa um filho, duas netas e uma bisneta.<\/p>\n\n\n\n<p>________________________________________________________________________________________________________________<\/p>\n\n\n<p class=\"wp-block-tag-cloud\"><a href=\"https:\/\/www.comunicarmais.com.br\/site\/tag\/bahia\/\" class=\"tag-cloud-link tag-link-171 tag-link-position-1\" style=\"font-size: 17.922330097087pt;\" aria-label=\"Bahia (116 itens)\">Bahia<\/a>\n<a href=\"https:\/\/www.comunicarmais.com.br\/site\/tag\/bolsonaro\/\" class=\"tag-cloud-link tag-link-112 tag-link-position-2\" style=\"font-size: 11.533980582524pt;\" aria-label=\"Bolsonaro (39 itens)\">Bolsonaro<\/a>\n<a href=\"https:\/\/www.comunicarmais.com.br\/site\/tag\/brasil\/\" class=\"tag-cloud-link tag-link-335 tag-link-position-3\" style=\"font-size: 12.893203883495pt;\" aria-label=\"Brasil (49 itens)\">Brasil<\/a>\n<a href=\"https:\/\/www.comunicarmais.com.br\/site\/tag\/camacari\/\" class=\"tag-cloud-link tag-link-435 tag-link-position-4\" style=\"font-size: 8.8155339805825pt;\" aria-label=\"Cama\u00e7ari (24 itens)\">Cama\u00e7ari<\/a>\n<a href=\"https:\/\/www.comunicarmais.com.br\/site\/tag\/carnaval\/\" class=\"tag-cloud-link tag-link-508 tag-link-position-5\" style=\"font-size: 12.893203883495pt;\" aria-label=\"Carnaval (49 itens)\">Carnaval<\/a>\n<a href=\"https:\/\/www.comunicarmais.com.br\/site\/tag\/cbx\/\" class=\"tag-cloud-link tag-link-1602 tag-link-position-6\" style=\"font-size: 11.398058252427pt;\" aria-label=\"CBX (38 itens)\">CBX<\/a>\n<a href=\"https:\/\/www.comunicarmais.com.br\/site\/tag\/cidade-baixa\/\" class=\"tag-cloud-link tag-link-456 tag-link-position-7\" style=\"font-size: 9.9029126213592pt;\" aria-label=\"Cidade Baixa (29 itens)\">Cidade Baixa<\/a>\n<a href=\"https:\/\/www.comunicarmais.com.br\/site\/tag\/cinema\/\" class=\"tag-cloud-link tag-link-985 tag-link-position-8\" style=\"font-size: 11.126213592233pt;\" aria-label=\"Cinema (36 itens)\">Cinema<\/a>\n<a href=\"https:\/\/www.comunicarmais.com.br\/site\/tag\/cultura\/\" class=\"tag-cloud-link tag-link-231 tag-link-position-9\" style=\"font-size: 12.21359223301pt;\" aria-label=\"Cultura (44 itens)\">Cultura<\/a>\n<a href=\"https:\/\/www.comunicarmais.com.br\/site\/tag\/drogas\/\" class=\"tag-cloud-link tag-link-165 tag-link-position-10\" style=\"font-size: 12.757281553398pt;\" aria-label=\"Drogas (48 itens)\">Drogas<\/a>\n<a href=\"https:\/\/www.comunicarmais.com.br\/site\/tag\/educacao\/\" class=\"tag-cloud-link tag-link-228 tag-link-position-11\" style=\"font-size: 12.485436893204pt;\" aria-label=\"Educa\u00e7\u00e3o (46 itens)\">Educa\u00e7\u00e3o<\/a>\n<a href=\"https:\/\/www.comunicarmais.com.br\/site\/tag\/ensino\/\" class=\"tag-cloud-link tag-link-233 tag-link-position-12\" style=\"font-size: 10.446601941748pt;\" aria-label=\"Ensino (32 itens)\">Ensino<\/a>\n<a href=\"https:\/\/www.comunicarmais.com.br\/site\/tag\/escola\/\" class=\"tag-cloud-link tag-link-229 tag-link-position-13\" style=\"font-size: 9.495145631068pt;\" aria-label=\"Escola (27 itens)\">Escola<\/a>\n<a href=\"https:\/\/www.comunicarmais.com.br\/site\/tag\/eua\/\" class=\"tag-cloud-link tag-link-664 tag-link-position-14\" style=\"font-size: 11.941747572816pt;\" aria-label=\"EUA (42 itens)\">EUA<\/a>\n<a href=\"https:\/\/www.comunicarmais.com.br\/site\/tag\/feira-de-santana\/\" class=\"tag-cloud-link tag-link-642 tag-link-position-15\" style=\"font-size: 9.2233009708738pt;\" aria-label=\"Feira de Santana (26 itens)\">Feira de Santana<\/a>\n<a href=\"https:\/\/www.comunicarmais.com.br\/site\/tag\/ficco\/\" class=\"tag-cloud-link tag-link-143 tag-link-position-16\" style=\"font-size: 9.2233009708738pt;\" aria-label=\"Ficco (26 itens)\">Ficco<\/a>\n<a href=\"https:\/\/www.comunicarmais.com.br\/site\/tag\/folia\/\" class=\"tag-cloud-link tag-link-566 tag-link-position-17\" style=\"font-size: 9.2233009708738pt;\" aria-label=\"Folia (26 itens)\">Folia<\/a>\n<a href=\"https:\/\/www.comunicarmais.com.br\/site\/tag\/futebol\/\" class=\"tag-cloud-link tag-link-40 tag-link-position-18\" style=\"font-size: 13.029126213592pt;\" aria-label=\"Futebol (50 itens)\">Futebol<\/a>\n<a href=\"https:\/\/www.comunicarmais.com.br\/site\/tag\/homicidio\/\" class=\"tag-cloud-link tag-link-101 tag-link-position-19\" style=\"font-size: 10.582524271845pt;\" aria-label=\"Homic\u00eddio (33 itens)\">Homic\u00eddio<\/a>\n<a href=\"https:\/\/www.comunicarmais.com.br\/site\/tag\/itapagipe\/\" class=\"tag-cloud-link tag-link-471 tag-link-position-20\" style=\"font-size: 10.038834951456pt;\" aria-label=\"Itapagipe (30 itens)\">Itapagipe<\/a>\n<a href=\"https:\/\/www.comunicarmais.com.br\/site\/tag\/itaparica\/\" class=\"tag-cloud-link tag-link-301 tag-link-position-21\" style=\"font-size: 8pt;\" aria-label=\"Itaparica (21 itens)\">Itaparica<\/a>\n<a href=\"https:\/\/www.comunicarmais.com.br\/site\/tag\/jeronimo-rodrigues\/\" class=\"tag-cloud-link tag-link-668 tag-link-position-22\" style=\"font-size: 8.2718446601942pt;\" aria-label=\"Jer\u00f4nimo Rodrigues (22 itens)\">Jer\u00f4nimo Rodrigues<\/a>\n<a href=\"https:\/\/www.comunicarmais.com.br\/site\/tag\/justica\/\" class=\"tag-cloud-link tag-link-361 tag-link-position-23\" style=\"font-size: 10.582524271845pt;\" aria-label=\"Justi\u00e7a (33 itens)\">Justi\u00e7a<\/a>\n<a href=\"https:\/\/www.comunicarmais.com.br\/site\/tag\/lauro-de-freitas\/\" class=\"tag-cloud-link tag-link-594 tag-link-position-24\" style=\"font-size: 18.194174757282pt;\" aria-label=\"Lauro de Freitas (122 itens)\">Lauro de Freitas<\/a>\n<a href=\"https:\/\/www.comunicarmais.com.br\/site\/tag\/lazer\/\" class=\"tag-cloud-link tag-link-568 tag-link-position-25\" style=\"font-size: 9.2233009708738pt;\" aria-label=\"Lazer (26 itens)\">Lazer<\/a>\n<a href=\"https:\/\/www.comunicarmais.com.br\/site\/tag\/lula\/\" class=\"tag-cloud-link tag-link-416 tag-link-position-26\" style=\"font-size: 12.21359223301pt;\" aria-label=\"Lula (44 itens)\">Lula<\/a>\n<a href=\"https:\/\/www.comunicarmais.com.br\/site\/tag\/meio-ambiente\/\" class=\"tag-cloud-link tag-link-475 tag-link-position-27\" style=\"font-size: 12.21359223301pt;\" aria-label=\"Meio Ambiente (44 itens)\">Meio Ambiente<\/a>\n<a href=\"https:\/\/www.comunicarmais.com.br\/site\/tag\/mobilidade\/\" class=\"tag-cloud-link tag-link-278 tag-link-position-28\" style=\"font-size: 13.844660194175pt;\" aria-label=\"Mobilidade (58 itens)\">Mobilidade<\/a>\n<a href=\"https:\/\/www.comunicarmais.com.br\/site\/tag\/mulher\/\" class=\"tag-cloud-link tag-link-450 tag-link-position-29\" style=\"font-size: 13.300970873786pt;\" aria-label=\"mulher (53 itens)\">mulher<\/a>\n<a href=\"https:\/\/www.comunicarmais.com.br\/site\/tag\/musica-2\/\" class=\"tag-cloud-link tag-link-747 tag-link-position-30\" style=\"font-size: 12.21359223301pt;\" aria-label=\"M\u00fasica (44 itens)\">M\u00fasica<\/a>\n<a href=\"https:\/\/www.comunicarmais.com.br\/site\/tag\/pcba\/\" class=\"tag-cloud-link tag-link-1332 tag-link-position-31\" style=\"font-size: 15.067961165049pt;\" aria-label=\"PCBA (72 itens)\">PCBA<\/a>\n<a href=\"https:\/\/www.comunicarmais.com.br\/site\/tag\/pmba\/\" class=\"tag-cloud-link tag-link-53 tag-link-position-32\" style=\"font-size: 18.194174757282pt;\" aria-label=\"PMBA (122 itens)\">PMBA<\/a>\n<a href=\"https:\/\/www.comunicarmais.com.br\/site\/tag\/policia-federal\/\" class=\"tag-cloud-link tag-link-620 tag-link-position-33\" style=\"font-size: 8.9514563106796pt;\" aria-label=\"Pol\u00edcia Federal (25 itens)\">Pol\u00edcia Federal<\/a>\n<a href=\"https:\/\/www.comunicarmais.com.br\/site\/tag\/politica\/\" class=\"tag-cloud-link tag-link-495 tag-link-position-34\" style=\"font-size: 16.291262135922pt;\" aria-label=\"Pol\u00edtica (89 itens)\">Pol\u00edtica<\/a>\n<a href=\"https:\/\/www.comunicarmais.com.br\/site\/tag\/rio-de-janeiro\/\" class=\"tag-cloud-link tag-link-152 tag-link-position-35\" style=\"font-size: 9.9029126213592pt;\" aria-label=\"Rio de Janeiro (29 itens)\">Rio de Janeiro<\/a>\n<a href=\"https:\/\/www.comunicarmais.com.br\/site\/tag\/salvador\/\" class=\"tag-cloud-link tag-link-125 tag-link-position-36\" style=\"font-size: 22pt;\" aria-label=\"Salvador (233 itens)\">Salvador<\/a>\n<a href=\"https:\/\/www.comunicarmais.com.br\/site\/tag\/saude\/\" class=\"tag-cloud-link tag-link-42 tag-link-position-37\" style=\"font-size: 17.78640776699pt;\" aria-label=\"Sa\u00fade (115 itens)\">Sa\u00fade<\/a>\n<a href=\"https:\/\/www.comunicarmais.com.br\/site\/tag\/seguranca\/\" class=\"tag-cloud-link tag-link-48 tag-link-position-38\" style=\"font-size: 9.2233009708738pt;\" aria-label=\"Seguran\u00e7a (26 itens)\">Seguran\u00e7a<\/a>\n<a href=\"https:\/\/www.comunicarmais.com.br\/site\/tag\/ssp-ba\/\" class=\"tag-cloud-link tag-link-1937 tag-link-position-39\" style=\"font-size: 8.9514563106796pt;\" aria-label=\"SSP-BA (25 itens)\">SSP-BA<\/a>\n<a href=\"https:\/\/www.comunicarmais.com.br\/site\/tag\/sspba\/\" class=\"tag-cloud-link tag-link-144 tag-link-position-40\" style=\"font-size: 11.398058252427pt;\" aria-label=\"SSPBA (38 itens)\">SSPBA<\/a>\n<a href=\"https:\/\/www.comunicarmais.com.br\/site\/tag\/stf\/\" class=\"tag-cloud-link tag-link-68 tag-link-position-41\" style=\"font-size: 14.252427184466pt;\" aria-label=\"STF (62 itens)\">STF<\/a>\n<a href=\"https:\/\/www.comunicarmais.com.br\/site\/tag\/sao-paulo\/\" class=\"tag-cloud-link tag-link-612 tag-link-position-42\" style=\"font-size: 8pt;\" aria-label=\"S\u00e3o Paulo (21 itens)\">S\u00e3o Paulo<\/a>\n<a href=\"https:\/\/www.comunicarmais.com.br\/site\/tag\/transito-2\/\" class=\"tag-cloud-link tag-link-377 tag-link-position-43\" style=\"font-size: 8.2718446601942pt;\" aria-label=\"tr\u00e2nsito (22 itens)\">tr\u00e2nsito<\/a>\n<a href=\"https:\/\/www.comunicarmais.com.br\/site\/tag\/turismo\/\" class=\"tag-cloud-link tag-link-225 tag-link-position-44\" style=\"font-size: 9.631067961165pt;\" aria-label=\"Turismo (28 itens)\">Turismo<\/a>\n<a href=\"https:\/\/www.comunicarmais.com.br\/site\/tag\/uruguai\/\" class=\"tag-cloud-link tag-link-323 tag-link-position-45\" style=\"font-size: 9.631067961165pt;\" aria-label=\"Uruguai (28 itens)\">Uruguai<\/a><\/p>","protected":false},"excerpt":{"rendered":"<p>Morre a atriz Brigitte Bardot, musa do cinema franc\u00eas<\/p>\n","protected":false},"author":2,"featured_media":11989,"comment_status":"open","ping_status":"open","sticky":false,"template":"","format":"standard","meta":{"_acf_changed":false,"footnotes":""},"categories":[172],"tags":[3241,985,836],"class_list":["post-11987","post","type-post","status-publish","format-standard","has-post-thumbnail","hentry","category-entretenimento","tag-brigitte-bardot","tag-cinema","tag-franca"],"acf":[],"yoast_head":"<!-- This site is optimized with the Yoast SEO plugin v26.1.1 - https:\/\/yoast.com\/wordpress\/plugins\/seo\/ -->\n<title>Morre a atriz Brigitte Bardot, musa do cinema franc\u00eas - Comunicar Mais<\/title>\n<meta name=\"description\" content=\"Morre a atriz Brigitte Bardot, musa do cinema franc\u00eas\" \/>\n<meta name=\"robots\" content=\"index, follow, max-snippet:-1, max-image-preview:large, max-video-preview:-1\" \/>\n<link rel=\"canonical\" href=\"https:\/\/www.comunicarmais.com.br\/site\/2025\/12\/28\/morre-a-atriz-brigitte-bardot-musa-do-cinema-frances\/\" \/>\n<meta property=\"og:locale\" content=\"pt_BR\" \/>\n<meta property=\"og:type\" content=\"article\" \/>\n<meta property=\"og:title\" content=\"Morre a atriz Brigitte Bardot, musa do cinema franc\u00eas - Comunicar Mais\" \/>\n<meta property=\"og:description\" content=\"Morre a atriz Brigitte Bardot, musa do cinema franc\u00eas\" \/>\n<meta property=\"og:url\" content=\"https:\/\/www.comunicarmais.com.br\/site\/2025\/12\/28\/morre-a-atriz-brigitte-bardot-musa-do-cinema-frances\/\" \/>\n<meta property=\"og:site_name\" content=\"Comunicar Mais\" \/>\n<meta property=\"article:publisher\" content=\"https:\/\/www.facebook.com\/comunicarmais\/\" \/>\n<meta property=\"article:author\" content=\"https:\/\/www.facebook.com\/comunicarmais\/\" \/>\n<meta property=\"article:published_time\" content=\"2025-12-28T13:41:00+00:00\" \/>\n<meta property=\"article:modified_time\" content=\"2025-12-29T02:50:38+00:00\" \/>\n<meta property=\"og:image\" content=\"https:\/\/www.comunicarmais.com.br\/site\/wp-content\/uploads\/2025\/12\/Captura-de-tela-2025-12-28-234707.jpg\" \/>\n\t<meta property=\"og:image:width\" content=\"598\" \/>\n\t<meta property=\"og:image:height\" content=\"361\" \/>\n\t<meta property=\"og:image:type\" content=\"image\/jpeg\" \/>\n<meta name=\"author\" content=\"Comunicar Mais\" \/>\n<meta name=\"twitter:card\" content=\"summary_large_image\" \/>\n<meta name=\"twitter:creator\" content=\"@ComunicarmaisBA\" \/>\n<meta name=\"twitter:site\" content=\"@ComunicarmaisBA\" \/>\n<meta name=\"twitter:label1\" content=\"Escrito por\" \/>\n\t<meta name=\"twitter:data1\" content=\"Comunicar Mais\" \/>\n\t<meta name=\"twitter:label2\" content=\"Est. tempo de leitura\" \/>\n\t<meta name=\"twitter:data2\" content=\"5 minutos\" \/>\n<script type=\"application\/ld+json\" class=\"yoast-schema-graph\">{\"@context\":\"https:\/\/schema.org\",\"@graph\":[{\"@type\":\"WebPage\",\"@id\":\"https:\/\/www.comunicarmais.com.br\/site\/2025\/12\/28\/morre-a-atriz-brigitte-bardot-musa-do-cinema-frances\/\",\"url\":\"https:\/\/www.comunicarmais.com.br\/site\/2025\/12\/28\/morre-a-atriz-brigitte-bardot-musa-do-cinema-frances\/\",\"name\":\"Morre a atriz Brigitte Bardot, musa do cinema franc\u00eas - Comunicar Mais\",\"isPartOf\":{\"@id\":\"https:\/\/www.comunicarmais.com.br\/site\/#website\"},\"primaryImageOfPage\":{\"@id\":\"https:\/\/www.comunicarmais.com.br\/site\/2025\/12\/28\/morre-a-atriz-brigitte-bardot-musa-do-cinema-frances\/#primaryimage\"},\"image\":{\"@id\":\"https:\/\/www.comunicarmais.com.br\/site\/2025\/12\/28\/morre-a-atriz-brigitte-bardot-musa-do-cinema-frances\/#primaryimage\"},\"thumbnailUrl\":\"https:\/\/www.comunicarmais.com.br\/site\/wp-content\/uploads\/2025\/12\/Captura-de-tela-2025-12-28-234707.jpg\",\"datePublished\":\"2025-12-28T13:41:00+00:00\",\"dateModified\":\"2025-12-29T02:50:38+00:00\",\"author\":{\"@id\":\"https:\/\/www.comunicarmais.com.br\/site\/#\/schema\/person\/712f7b6b25b644e4a91c4173674cf284\"},\"description\":\"Morre a atriz Brigitte Bardot, musa do cinema franc\u00eas\",\"breadcrumb\":{\"@id\":\"https:\/\/www.comunicarmais.com.br\/site\/2025\/12\/28\/morre-a-atriz-brigitte-bardot-musa-do-cinema-frances\/#breadcrumb\"},\"inLanguage\":\"pt-BR\",\"potentialAction\":[{\"@type\":\"ReadAction\",\"target\":[\"https:\/\/www.comunicarmais.com.br\/site\/2025\/12\/28\/morre-a-atriz-brigitte-bardot-musa-do-cinema-frances\/\"]}]},{\"@type\":\"ImageObject\",\"inLanguage\":\"pt-BR\",\"@id\":\"https:\/\/www.comunicarmais.com.br\/site\/2025\/12\/28\/morre-a-atriz-brigitte-bardot-musa-do-cinema-frances\/#primaryimage\",\"url\":\"https:\/\/www.comunicarmais.com.br\/site\/wp-content\/uploads\/2025\/12\/Captura-de-tela-2025-12-28-234707.jpg\",\"contentUrl\":\"https:\/\/www.comunicarmais.com.br\/site\/wp-content\/uploads\/2025\/12\/Captura-de-tela-2025-12-28-234707.jpg\",\"width\":598,\"height\":361},{\"@type\":\"BreadcrumbList\",\"@id\":\"https:\/\/www.comunicarmais.com.br\/site\/2025\/12\/28\/morre-a-atriz-brigitte-bardot-musa-do-cinema-frances\/#breadcrumb\",\"itemListElement\":[{\"@type\":\"ListItem\",\"position\":1,\"name\":\"In\u00edcio\",\"item\":\"https:\/\/www.comunicarmais.com.br\/site\/\"},{\"@type\":\"ListItem\",\"position\":2,\"name\":\"Morre a atriz Brigitte Bardot, musa do cinema franc\u00eas\"}]},{\"@type\":\"WebSite\",\"@id\":\"https:\/\/www.comunicarmais.com.br\/site\/#website\",\"url\":\"https:\/\/www.comunicarmais.com.br\/site\/\",\"name\":\"Comunicar Mais\",\"description\":\"\",\"potentialAction\":[{\"@type\":\"SearchAction\",\"target\":{\"@type\":\"EntryPoint\",\"urlTemplate\":\"https:\/\/www.comunicarmais.com.br\/site\/?s={search_term_string}\"},\"query-input\":{\"@type\":\"PropertyValueSpecification\",\"valueRequired\":true,\"valueName\":\"search_term_string\"}}],\"inLanguage\":\"pt-BR\"},{\"@type\":\"Person\",\"@id\":\"https:\/\/www.comunicarmais.com.br\/site\/#\/schema\/person\/712f7b6b25b644e4a91c4173674cf284\",\"name\":\"Comunicar Mais\",\"image\":{\"@type\":\"ImageObject\",\"inLanguage\":\"pt-BR\",\"@id\":\"https:\/\/www.comunicarmais.com.br\/site\/#\/schema\/person\/image\/\",\"url\":\"https:\/\/secure.gravatar.com\/avatar\/9803218072e2c0dc265d3d787b54c2c33325e79f79732707fddfbf1efd82c678?s=96&d=mm&r=g\",\"contentUrl\":\"https:\/\/secure.gravatar.com\/avatar\/9803218072e2c0dc265d3d787b54c2c33325e79f79732707fddfbf1efd82c678?s=96&d=mm&r=g\",\"caption\":\"Comunicar Mais\"},\"description\":\"Deixe as ideologias com os ide\u00f3logos. Noticiamos fatos, n\u00e3o brigamos com eles. Aqui, voc\u00ea fica bem informado do que acontece no seu bairro e no mundo. Informar com \u00e9tica e responsabilidade s\u00e3o as bandeiras do Comunicarmais.\",\"sameAs\":[\"https:\/\/www.comunicarmais.com.br\/site\/\",\"https:\/\/www.facebook.com\/comunicarmais\/\",\"https:\/\/www.instagram.com\/comunicarmaisba\/\",\"https:\/\/x.com\/ComunicarmaisBA\"],\"url\":\"https:\/\/www.comunicarmais.com.br\/site\/author\/gerenciador\/\"}]}<\/script>\n<!-- \/ Yoast SEO plugin. -->","yoast_head_json":{"title":"Morre a atriz Brigitte Bardot, musa do cinema franc\u00eas - Comunicar Mais","description":"Morre a atriz Brigitte Bardot, musa do cinema franc\u00eas","robots":{"index":"index","follow":"follow","max-snippet":"max-snippet:-1","max-image-preview":"max-image-preview:large","max-video-preview":"max-video-preview:-1"},"canonical":"https:\/\/www.comunicarmais.com.br\/site\/2025\/12\/28\/morre-a-atriz-brigitte-bardot-musa-do-cinema-frances\/","og_locale":"pt_BR","og_type":"article","og_title":"Morre a atriz Brigitte Bardot, musa do cinema franc\u00eas - Comunicar Mais","og_description":"Morre a atriz Brigitte Bardot, musa do cinema franc\u00eas","og_url":"https:\/\/www.comunicarmais.com.br\/site\/2025\/12\/28\/morre-a-atriz-brigitte-bardot-musa-do-cinema-frances\/","og_site_name":"Comunicar Mais","article_publisher":"https:\/\/www.facebook.com\/comunicarmais\/","article_author":"https:\/\/www.facebook.com\/comunicarmais\/","article_published_time":"2025-12-28T13:41:00+00:00","article_modified_time":"2025-12-29T02:50:38+00:00","og_image":[{"width":598,"height":361,"url":"https:\/\/www.comunicarmais.com.br\/site\/wp-content\/uploads\/2025\/12\/Captura-de-tela-2025-12-28-234707.jpg","type":"image\/jpeg"}],"author":"Comunicar Mais","twitter_card":"summary_large_image","twitter_creator":"@ComunicarmaisBA","twitter_site":"@ComunicarmaisBA","twitter_misc":{"Escrito por":"Comunicar Mais","Est. tempo de leitura":"5 minutos"},"schema":{"@context":"https:\/\/schema.org","@graph":[{"@type":"WebPage","@id":"https:\/\/www.comunicarmais.com.br\/site\/2025\/12\/28\/morre-a-atriz-brigitte-bardot-musa-do-cinema-frances\/","url":"https:\/\/www.comunicarmais.com.br\/site\/2025\/12\/28\/morre-a-atriz-brigitte-bardot-musa-do-cinema-frances\/","name":"Morre a atriz Brigitte Bardot, musa do cinema franc\u00eas - Comunicar Mais","isPartOf":{"@id":"https:\/\/www.comunicarmais.com.br\/site\/#website"},"primaryImageOfPage":{"@id":"https:\/\/www.comunicarmais.com.br\/site\/2025\/12\/28\/morre-a-atriz-brigitte-bardot-musa-do-cinema-frances\/#primaryimage"},"image":{"@id":"https:\/\/www.comunicarmais.com.br\/site\/2025\/12\/28\/morre-a-atriz-brigitte-bardot-musa-do-cinema-frances\/#primaryimage"},"thumbnailUrl":"https:\/\/www.comunicarmais.com.br\/site\/wp-content\/uploads\/2025\/12\/Captura-de-tela-2025-12-28-234707.jpg","datePublished":"2025-12-28T13:41:00+00:00","dateModified":"2025-12-29T02:50:38+00:00","author":{"@id":"https:\/\/www.comunicarmais.com.br\/site\/#\/schema\/person\/712f7b6b25b644e4a91c4173674cf284"},"description":"Morre a atriz Brigitte Bardot, musa do cinema franc\u00eas","breadcrumb":{"@id":"https:\/\/www.comunicarmais.com.br\/site\/2025\/12\/28\/morre-a-atriz-brigitte-bardot-musa-do-cinema-frances\/#breadcrumb"},"inLanguage":"pt-BR","potentialAction":[{"@type":"ReadAction","target":["https:\/\/www.comunicarmais.com.br\/site\/2025\/12\/28\/morre-a-atriz-brigitte-bardot-musa-do-cinema-frances\/"]}]},{"@type":"ImageObject","inLanguage":"pt-BR","@id":"https:\/\/www.comunicarmais.com.br\/site\/2025\/12\/28\/morre-a-atriz-brigitte-bardot-musa-do-cinema-frances\/#primaryimage","url":"https:\/\/www.comunicarmais.com.br\/site\/wp-content\/uploads\/2025\/12\/Captura-de-tela-2025-12-28-234707.jpg","contentUrl":"https:\/\/www.comunicarmais.com.br\/site\/wp-content\/uploads\/2025\/12\/Captura-de-tela-2025-12-28-234707.jpg","width":598,"height":361},{"@type":"BreadcrumbList","@id":"https:\/\/www.comunicarmais.com.br\/site\/2025\/12\/28\/morre-a-atriz-brigitte-bardot-musa-do-cinema-frances\/#breadcrumb","itemListElement":[{"@type":"ListItem","position":1,"name":"In\u00edcio","item":"https:\/\/www.comunicarmais.com.br\/site\/"},{"@type":"ListItem","position":2,"name":"Morre a atriz Brigitte Bardot, musa do cinema franc\u00eas"}]},{"@type":"WebSite","@id":"https:\/\/www.comunicarmais.com.br\/site\/#website","url":"https:\/\/www.comunicarmais.com.br\/site\/","name":"Comunicar Mais","description":"","potentialAction":[{"@type":"SearchAction","target":{"@type":"EntryPoint","urlTemplate":"https:\/\/www.comunicarmais.com.br\/site\/?s={search_term_string}"},"query-input":{"@type":"PropertyValueSpecification","valueRequired":true,"valueName":"search_term_string"}}],"inLanguage":"pt-BR"},{"@type":"Person","@id":"https:\/\/www.comunicarmais.com.br\/site\/#\/schema\/person\/712f7b6b25b644e4a91c4173674cf284","name":"Comunicar Mais","image":{"@type":"ImageObject","inLanguage":"pt-BR","@id":"https:\/\/www.comunicarmais.com.br\/site\/#\/schema\/person\/image\/","url":"https:\/\/secure.gravatar.com\/avatar\/9803218072e2c0dc265d3d787b54c2c33325e79f79732707fddfbf1efd82c678?s=96&d=mm&r=g","contentUrl":"https:\/\/secure.gravatar.com\/avatar\/9803218072e2c0dc265d3d787b54c2c33325e79f79732707fddfbf1efd82c678?s=96&d=mm&r=g","caption":"Comunicar Mais"},"description":"Deixe as ideologias com os ide\u00f3logos. Noticiamos fatos, n\u00e3o brigamos com eles. Aqui, voc\u00ea fica bem informado do que acontece no seu bairro e no mundo. Informar com \u00e9tica e responsabilidade s\u00e3o as bandeiras do Comunicarmais.","sameAs":["https:\/\/www.comunicarmais.com.br\/site\/","https:\/\/www.facebook.com\/comunicarmais\/","https:\/\/www.instagram.com\/comunicarmaisba\/","https:\/\/x.com\/ComunicarmaisBA"],"url":"https:\/\/www.comunicarmais.com.br\/site\/author\/gerenciador\/"}]}},"_links":{"self":[{"href":"https:\/\/www.comunicarmais.com.br\/site\/wp-json\/wp\/v2\/posts\/11987","targetHints":{"allow":["GET"]}}],"collection":[{"href":"https:\/\/www.comunicarmais.com.br\/site\/wp-json\/wp\/v2\/posts"}],"about":[{"href":"https:\/\/www.comunicarmais.com.br\/site\/wp-json\/wp\/v2\/types\/post"}],"author":[{"embeddable":true,"href":"https:\/\/www.comunicarmais.com.br\/site\/wp-json\/wp\/v2\/users\/2"}],"replies":[{"embeddable":true,"href":"https:\/\/www.comunicarmais.com.br\/site\/wp-json\/wp\/v2\/comments?post=11987"}],"version-history":[{"count":1,"href":"https:\/\/www.comunicarmais.com.br\/site\/wp-json\/wp\/v2\/posts\/11987\/revisions"}],"predecessor-version":[{"id":11990,"href":"https:\/\/www.comunicarmais.com.br\/site\/wp-json\/wp\/v2\/posts\/11987\/revisions\/11990"}],"wp:featuredmedia":[{"embeddable":true,"href":"https:\/\/www.comunicarmais.com.br\/site\/wp-json\/wp\/v2\/media\/11989"}],"wp:attachment":[{"href":"https:\/\/www.comunicarmais.com.br\/site\/wp-json\/wp\/v2\/media?parent=11987"}],"wp:term":[{"taxonomy":"category","embeddable":true,"href":"https:\/\/www.comunicarmais.com.br\/site\/wp-json\/wp\/v2\/categories?post=11987"},{"taxonomy":"post_tag","embeddable":true,"href":"https:\/\/www.comunicarmais.com.br\/site\/wp-json\/wp\/v2\/tags?post=11987"}],"curies":[{"name":"wp","href":"https:\/\/api.w.org\/{rel}","templated":true}]}}