{"id":11980,"date":"2025-12-27T23:20:00","date_gmt":"2025-12-28T02:20:00","guid":{"rendered":"https:\/\/www.comunicarmais.com.br\/site\/?p=11980"},"modified":"2025-12-28T01:06:01","modified_gmt":"2025-12-28T04:06:01","slug":"ambulantes-recebem-almoco-e-passagens-gratuitas-para-atuarem-no-festival-virada-salvador-2026","status":"publish","type":"post","link":"https:\/\/www.comunicarmais.com.br\/site\/2025\/12\/27\/ambulantes-recebem-almoco-e-passagens-gratuitas-para-atuarem-no-festival-virada-salvador-2026\/","title":{"rendered":"Ambulantes recebem almo\u00e7o e passagens gratuitas para atuarem no Festival Virada Salvador 2026"},"content":{"rendered":"\n<p><strong>Iniciativa teve in\u00edcio um dia antes da abertura oficial do festival, na quinta-feira (25), durante a apresenta\u00e7\u00e3o do Frei Gilson na programa\u00e7\u00e3o de Natal da cidade, e se estender\u00e1 at\u00e9 o pr\u00f3ximo dia 31<\/strong><\/p>\n\n\n\n<figure class=\"wp-block-image size-large\"><img decoding=\"async\" width=\"1433\" height=\"806\" data-src=\"https:\/\/www.comunicarmais.com.br\/site\/wp-content\/uploads\/2025\/12\/WhatsApp-Image-2025-12-27-at-23.01.48-1433x806.jpeg\" alt=\"\" class=\"wp-image-11982 lazyload\" data-srcset=\"https:\/\/www.comunicarmais.com.br\/site\/wp-content\/uploads\/2025\/12\/WhatsApp-Image-2025-12-27-at-23.01.48-1433x806.jpeg 1433w, https:\/\/www.comunicarmais.com.br\/site\/wp-content\/uploads\/2025\/12\/WhatsApp-Image-2025-12-27-at-23.01.48-1024x576.jpeg 1024w, https:\/\/www.comunicarmais.com.br\/site\/wp-content\/uploads\/2025\/12\/WhatsApp-Image-2025-12-27-at-23.01.48-768x432.jpeg 768w, https:\/\/www.comunicarmais.com.br\/site\/wp-content\/uploads\/2025\/12\/WhatsApp-Image-2025-12-27-at-23.01.48-1536x864.jpeg 1536w, https:\/\/www.comunicarmais.com.br\/site\/wp-content\/uploads\/2025\/12\/WhatsApp-Image-2025-12-27-at-23.01.48.jpeg 1600w\" data-sizes=\"(max-width: 1433px) 100vw, 1433px\" src=\"data:image\/svg+xml;base64,PHN2ZyB3aWR0aD0iMSIgaGVpZ2h0PSIxIiB4bWxucz0iaHR0cDovL3d3dy53My5vcmcvMjAwMC9zdmciPjwvc3ZnPg==\" style=\"--smush-placeholder-width: 1433px; --smush-placeholder-aspect-ratio: 1433\/806;\" \/><figcaption class=\"wp-element-caption\"><em><sup>(Foto: Camile Barreto\/ Secom PMS)<\/sup><\/em><\/figcaption><\/figure>\n\n\n\n<p><strong>Reda\u00e7\u00e3o Mais &#8211;<\/strong> Os profissionais que trabalham na Arena O Canto da Cidade, na Boca do Rio, durante o Festival Virada Salvador 2026, t\u00eam acesso a almo\u00e7os gratuitos, servidos em um Restaurante Popular montado nas proximidades do espa\u00e7o de shows, no Imeja. Esta \u00e9 a primeira vez que a Prefeitura oferece esse tipo de benef\u00edcio a ambulantes, baleiros, catadores de materiais recicl\u00e1veis e baianas de acaraj\u00e9. Al\u00e9m da alimenta\u00e7\u00e3o, os trabalhadores tamb\u00e9m recebem passagens gratuitas para o deslocamento entre o local de atua\u00e7\u00e3o e suas resid\u00eancias.<\/p>\n\n\n\n<p>A iniciativa teve in\u00edcio um dia antes da abertura oficial do festival, ainda na quinta-feira (25), durante a apresenta\u00e7\u00e3o do Frei Gilson na programa\u00e7\u00e3o de Natal da cidade, e se estender\u00e1 at\u00e9 o pr\u00f3ximo dia 31. At\u00e9 l\u00e1, todos os dias, entre 11h e 13h, ser\u00e3o servidas 1,4 mil refei\u00e7\u00f5es di\u00e1rias. Al\u00e9m do pr\u00f3prio prato, o trabalhador tamb\u00e9m tem direito a outra refei\u00e7\u00e3o destinada a um acompanhante.<\/p>\n\n\n\n<p>De acordo com o secret\u00e1rio de Promo\u00e7\u00e3o Social, Combate \u00e0 Pobreza, Esportes e Lazer (Sempre), J\u00fanior Magalh\u00e3es, essa foi uma forma que a gest\u00e3o municipal encontrou de oferecer mais conforto e seguran\u00e7a alimentar aos trabalhadores. A ideia, segundo ele, \u00e9 que a iniciativa seja estendida tamb\u00e9m para o Carnaval.<\/p>\n\n\n\n<p>\u201c\u00c9 uma alimenta\u00e7\u00e3o extremamente nutritiva, acompanhada por nutricionista, com prote\u00edna, carboidrato na medida certa, suco e at\u00e9 sobremesa, tudo isso com dignidade, em um local apropriado, para atender quem est\u00e1 trabalhando no Festival Virada. Essa j\u00e1 \u00e9 uma a\u00e7\u00e3o pensada tamb\u00e9m como prepara\u00e7\u00e3o para o Carnaval de Salvador. Percebemos o quanto isso \u00e9 importante, especialmente pela condi\u00e7\u00e3o de vulnerabilidade em que muitos desses ambulantes vivem. Muitas vezes, eles n\u00e3o conseguem sair do posto de trabalho, n\u00e3o t\u00eam com quem deixar seus produtos ou n\u00e3o conseguem pagar uma quentinha, que custa entre R$ 20 e R$ 25\u201d, comentou.<\/p>\n\n\n\n<p>O card\u00e1pio foi elaborado a partir de um levantamento pr\u00e9vio feito com os pr\u00f3prios trabalhadores. O menu, segundo a nutricionista e coordenadora dos Restaurantes Populares, Karine Santos, inclui feij\u00e3o com arroz, prote\u00edna, salada e farofa. Tamb\u00e9m ser\u00e3o servidos feijoada e ensopadinho com pir\u00e3o. \u201cFizemos uma escuta com os ambulantes para entender as prefer\u00eancias, e o card\u00e1pio foi montado a partir disso, sempre de forma nutritiva, pensando na correria pesada do trabalho deles durante o evento. S\u00e3o 1,4 mil pessoas beneficiadas com uma refei\u00e7\u00e3o pensada com cuidado, carinho e planejamento nutricional\u201d, afirmou.<\/p>\n\n\n\n<figure class=\"wp-block-image size-large\"><img decoding=\"async\" width=\"1433\" height=\"806\" data-src=\"https:\/\/www.comunicarmais.com.br\/site\/wp-content\/uploads\/2025\/12\/WhatsApp-Image-2025-12-27-at-23.01.39-1433x806.jpeg\" alt=\"\" class=\"wp-image-11983 lazyload\" data-srcset=\"https:\/\/www.comunicarmais.com.br\/site\/wp-content\/uploads\/2025\/12\/WhatsApp-Image-2025-12-27-at-23.01.39-1433x806.jpeg 1433w, https:\/\/www.comunicarmais.com.br\/site\/wp-content\/uploads\/2025\/12\/WhatsApp-Image-2025-12-27-at-23.01.39-1024x576.jpeg 1024w, https:\/\/www.comunicarmais.com.br\/site\/wp-content\/uploads\/2025\/12\/WhatsApp-Image-2025-12-27-at-23.01.39-768x432.jpeg 768w, https:\/\/www.comunicarmais.com.br\/site\/wp-content\/uploads\/2025\/12\/WhatsApp-Image-2025-12-27-at-23.01.39-1536x864.jpeg 1536w, https:\/\/www.comunicarmais.com.br\/site\/wp-content\/uploads\/2025\/12\/WhatsApp-Image-2025-12-27-at-23.01.39.jpeg 1600w\" data-sizes=\"(max-width: 1433px) 100vw, 1433px\" src=\"data:image\/svg+xml;base64,PHN2ZyB3aWR0aD0iMSIgaGVpZ2h0PSIxIiB4bWxucz0iaHR0cDovL3d3dy53My5vcmcvMjAwMC9zdmciPjwvc3ZnPg==\" style=\"--smush-placeholder-width: 1433px; --smush-placeholder-aspect-ratio: 1433\/806;\" \/><figcaption class=\"wp-element-caption\"><em><sup>(Foto: Camile Barreto\/ Secom PMS)<\/sup><\/em><\/figcaption><\/figure>\n\n\n\n<p><strong>Cuidado \u2013<\/strong> O secret\u00e1rio municipal de Ordem P\u00fablica (Semop), D\u00e9cio Martins, comentou que as iniciativas de oferecer alimenta\u00e7\u00e3o e transporte gratuitos aos ambulantes cadastrados no Festival Virada Salvador representam um olhar de cuidado da gest\u00e3o municipal, com o objetivo de garantir mais dignidade aos trabalhadores e contribuir para uma maior organiza\u00e7\u00e3o do evento.<\/p>\n\n\n\n<p>\u201cEssa iniciativa de fornecer alimenta\u00e7\u00e3o e transporte gratuitos para os ambulantes cadastrados no Virada \u00e9 mais um passo importante no cuidado com o trabalhador informal. Nosso objetivo \u00e9 oferecer melhores condi\u00e7\u00f5es de trabalho, garantindo dignidade, organiza\u00e7\u00e3o e mais tranquilidade para que eles possam exercer suas atividades durante a festa\u201d, disse.<\/p>\n\n\n\n<p>Vanderleia dos Santos Souza, de 48 anos, \u00e9 moradora do Centro Hist\u00f3rico e ambulante h\u00e1 mais de 20 anos. Ela participou de todas as edi\u00e7\u00f5es do Festival Virada Salvador. A trabalhadora elogiou as iniciativas das refei\u00e7\u00f5es e do transporte gratuito. \u201c\u00c9 um olhar cuidadoso que a gest\u00e3o est\u00e1 tendo com a gente e um suporte que n\u00f3s, trabalhadores, precisamos. Eu vou estar aqui todos os dias, ent\u00e3o \u00e9 muito importante ter alimenta\u00e7\u00e3o gratuita. Facilita muito\u201d, disse.<\/p>\n\n\n\n<p>Nice Am\u00e1cio de Azevedo, de 49 anos, mora em Paripe e tamb\u00e9m atua como ambulante na Arena O Canto da Cidade. Ela tamb\u00e9m comemorou a iniciativa da gest\u00e3o municipal. \u201cMuito bacana, porque dessa maneira acabamos economizando e n\u00e3o gastamos o que ganhamos durante a festa com alimenta\u00e7\u00e3o. A comida estava muito boa\u201d, avaliou.<\/p>\n\n\n\n<p>Eliana Sacramento Santos Silva, de 29 anos, tamb\u00e9m \u00e9 ambulante. Moradora do final de linha do bairro do Uruguai, ela est\u00e1 gr\u00e1vida de g\u00eameos. \u201cN\u00e3o esperava encontrar refei\u00e7\u00f5es gratuitas, foi uma surpresa bastante positiva. Tudo muito organizado e a comida estava uma del\u00edcia. Comi por tr\u00eas [pessoas]\u201d, brincou.<\/p>\n\n\n\n<p><strong>Mais iniciativas \u2013 <\/strong>Outras a\u00e7\u00f5es tamb\u00e9m estar\u00e3o em pr\u00e1tica durante o festival, como o Projeto R\u00e9veillon Social, com campanhas e a\u00e7\u00f5es de abordagem social dentro da arena e em outras \u00e1reas da cidade para coibir a pr\u00e1tica do trabalho infantil. Al\u00e9m disso, pessoas com defici\u00eancia ter\u00e3o vis\u00e3o privilegiada do palco principal por meio do Mirante Acess\u00edvel, al\u00e9m de contar com uma equipe de audiodescritores, int\u00e9rpretes de Libras e guias especializados \u00e0 disposi\u00e7\u00e3o desse p\u00fablico.<\/p>\n\n\n\n<p>O Festival Virada Salvador acontece entre os dias 27 a 31 de dezembro de 2025 na Arena O Canto da Cidade, na Boca do Rio. A programa\u00e7\u00e3o completa do palco principal e palcos alternativos pode ser acessada no site https:\/\/viradasalvador.salvador.ba.gov.br\/ ou na p\u00e1gina @\u200cviradasalvador no Instagram.<\/p>\n\n\n\n<p>________________________________________________________________________________________________________________<\/p>\n\n\n<p class=\"wp-block-tag-cloud\"><a href=\"https:\/\/www.comunicarmais.com.br\/site\/tag\/bahia\/\" class=\"tag-cloud-link tag-link-171 tag-link-position-1\" style=\"font-size: 17.922330097087pt;\" aria-label=\"Bahia (116 itens)\">Bahia<\/a>\n<a href=\"https:\/\/www.comunicarmais.com.br\/site\/tag\/bolsonaro\/\" class=\"tag-cloud-link tag-link-112 tag-link-position-2\" style=\"font-size: 11.533980582524pt;\" aria-label=\"Bolsonaro (39 itens)\">Bolsonaro<\/a>\n<a href=\"https:\/\/www.comunicarmais.com.br\/site\/tag\/brasil\/\" class=\"tag-cloud-link tag-link-335 tag-link-position-3\" style=\"font-size: 13.029126213592pt;\" aria-label=\"Brasil (50 itens)\">Brasil<\/a>\n<a href=\"https:\/\/www.comunicarmais.com.br\/site\/tag\/camacari\/\" class=\"tag-cloud-link tag-link-435 tag-link-position-4\" style=\"font-size: 8.8155339805825pt;\" aria-label=\"Cama\u00e7ari (24 itens)\">Cama\u00e7ari<\/a>\n<a href=\"https:\/\/www.comunicarmais.com.br\/site\/tag\/carnaval\/\" class=\"tag-cloud-link tag-link-508 tag-link-position-5\" style=\"font-size: 12.893203883495pt;\" aria-label=\"Carnaval (49 itens)\">Carnaval<\/a>\n<a href=\"https:\/\/www.comunicarmais.com.br\/site\/tag\/cbx\/\" class=\"tag-cloud-link tag-link-1602 tag-link-position-6\" style=\"font-size: 11.398058252427pt;\" aria-label=\"CBX (38 itens)\">CBX<\/a>\n<a href=\"https:\/\/www.comunicarmais.com.br\/site\/tag\/cidade-baixa\/\" class=\"tag-cloud-link tag-link-456 tag-link-position-7\" style=\"font-size: 9.9029126213592pt;\" aria-label=\"Cidade Baixa (29 itens)\">Cidade Baixa<\/a>\n<a href=\"https:\/\/www.comunicarmais.com.br\/site\/tag\/cinema\/\" class=\"tag-cloud-link tag-link-985 tag-link-position-8\" style=\"font-size: 11.126213592233pt;\" aria-label=\"Cinema (36 itens)\">Cinema<\/a>\n<a href=\"https:\/\/www.comunicarmais.com.br\/site\/tag\/cultura\/\" class=\"tag-cloud-link tag-link-231 tag-link-position-9\" style=\"font-size: 12.21359223301pt;\" aria-label=\"Cultura (44 itens)\">Cultura<\/a>\n<a href=\"https:\/\/www.comunicarmais.com.br\/site\/tag\/drogas\/\" class=\"tag-cloud-link tag-link-165 tag-link-position-10\" style=\"font-size: 12.757281553398pt;\" aria-label=\"Drogas (48 itens)\">Drogas<\/a>\n<a href=\"https:\/\/www.comunicarmais.com.br\/site\/tag\/educacao\/\" class=\"tag-cloud-link tag-link-228 tag-link-position-11\" style=\"font-size: 12.485436893204pt;\" aria-label=\"Educa\u00e7\u00e3o (46 itens)\">Educa\u00e7\u00e3o<\/a>\n<a href=\"https:\/\/www.comunicarmais.com.br\/site\/tag\/ensino\/\" class=\"tag-cloud-link tag-link-233 tag-link-position-12\" style=\"font-size: 10.446601941748pt;\" aria-label=\"Ensino (32 itens)\">Ensino<\/a>\n<a href=\"https:\/\/www.comunicarmais.com.br\/site\/tag\/escola\/\" class=\"tag-cloud-link tag-link-229 tag-link-position-13\" style=\"font-size: 9.495145631068pt;\" aria-label=\"Escola (27 itens)\">Escola<\/a>\n<a href=\"https:\/\/www.comunicarmais.com.br\/site\/tag\/eua\/\" class=\"tag-cloud-link tag-link-664 tag-link-position-14\" style=\"font-size: 12.077669902913pt;\" aria-label=\"EUA (43 itens)\">EUA<\/a>\n<a href=\"https:\/\/www.comunicarmais.com.br\/site\/tag\/feira-de-santana\/\" class=\"tag-cloud-link tag-link-642 tag-link-position-15\" style=\"font-size: 9.2233009708738pt;\" aria-label=\"Feira de Santana (26 itens)\">Feira de Santana<\/a>\n<a href=\"https:\/\/www.comunicarmais.com.br\/site\/tag\/ficco\/\" class=\"tag-cloud-link tag-link-143 tag-link-position-16\" style=\"font-size: 9.2233009708738pt;\" aria-label=\"Ficco (26 itens)\">Ficco<\/a>\n<a href=\"https:\/\/www.comunicarmais.com.br\/site\/tag\/folia\/\" class=\"tag-cloud-link tag-link-566 tag-link-position-17\" style=\"font-size: 9.2233009708738pt;\" aria-label=\"Folia (26 itens)\">Folia<\/a>\n<a href=\"https:\/\/www.comunicarmais.com.br\/site\/tag\/futebol\/\" class=\"tag-cloud-link tag-link-40 tag-link-position-18\" style=\"font-size: 13.029126213592pt;\" aria-label=\"Futebol (50 itens)\">Futebol<\/a>\n<a href=\"https:\/\/www.comunicarmais.com.br\/site\/tag\/homicidio\/\" class=\"tag-cloud-link tag-link-101 tag-link-position-19\" style=\"font-size: 10.582524271845pt;\" aria-label=\"Homic\u00eddio (33 itens)\">Homic\u00eddio<\/a>\n<a href=\"https:\/\/www.comunicarmais.com.br\/site\/tag\/itapagipe\/\" class=\"tag-cloud-link tag-link-471 tag-link-position-20\" style=\"font-size: 10.038834951456pt;\" aria-label=\"Itapagipe (30 itens)\">Itapagipe<\/a>\n<a href=\"https:\/\/www.comunicarmais.com.br\/site\/tag\/itaparica\/\" class=\"tag-cloud-link tag-link-301 tag-link-position-21\" style=\"font-size: 8pt;\" aria-label=\"Itaparica (21 itens)\">Itaparica<\/a>\n<a href=\"https:\/\/www.comunicarmais.com.br\/site\/tag\/jeronimo-rodrigues\/\" class=\"tag-cloud-link tag-link-668 tag-link-position-22\" style=\"font-size: 8.2718446601942pt;\" aria-label=\"Jer\u00f4nimo Rodrigues (22 itens)\">Jer\u00f4nimo Rodrigues<\/a>\n<a href=\"https:\/\/www.comunicarmais.com.br\/site\/tag\/justica\/\" class=\"tag-cloud-link tag-link-361 tag-link-position-23\" style=\"font-size: 10.582524271845pt;\" aria-label=\"Justi\u00e7a (33 itens)\">Justi\u00e7a<\/a>\n<a href=\"https:\/\/www.comunicarmais.com.br\/site\/tag\/lauro-de-freitas\/\" class=\"tag-cloud-link tag-link-594 tag-link-position-24\" style=\"font-size: 18.194174757282pt;\" aria-label=\"Lauro de Freitas (122 itens)\">Lauro de Freitas<\/a>\n<a href=\"https:\/\/www.comunicarmais.com.br\/site\/tag\/lazer\/\" class=\"tag-cloud-link tag-link-568 tag-link-position-25\" style=\"font-size: 9.2233009708738pt;\" aria-label=\"Lazer (26 itens)\">Lazer<\/a>\n<a href=\"https:\/\/www.comunicarmais.com.br\/site\/tag\/lula\/\" class=\"tag-cloud-link tag-link-416 tag-link-position-26\" style=\"font-size: 12.21359223301pt;\" aria-label=\"Lula (44 itens)\">Lula<\/a>\n<a href=\"https:\/\/www.comunicarmais.com.br\/site\/tag\/meio-ambiente\/\" class=\"tag-cloud-link tag-link-475 tag-link-position-27\" style=\"font-size: 12.21359223301pt;\" aria-label=\"Meio Ambiente (44 itens)\">Meio Ambiente<\/a>\n<a href=\"https:\/\/www.comunicarmais.com.br\/site\/tag\/mobilidade\/\" class=\"tag-cloud-link tag-link-278 tag-link-position-28\" style=\"font-size: 13.844660194175pt;\" aria-label=\"Mobilidade (58 itens)\">Mobilidade<\/a>\n<a href=\"https:\/\/www.comunicarmais.com.br\/site\/tag\/mulher\/\" class=\"tag-cloud-link tag-link-450 tag-link-position-29\" style=\"font-size: 13.300970873786pt;\" aria-label=\"mulher (53 itens)\">mulher<\/a>\n<a href=\"https:\/\/www.comunicarmais.com.br\/site\/tag\/musica-2\/\" class=\"tag-cloud-link tag-link-747 tag-link-position-30\" style=\"font-size: 12.21359223301pt;\" aria-label=\"M\u00fasica (44 itens)\">M\u00fasica<\/a>\n<a href=\"https:\/\/www.comunicarmais.com.br\/site\/tag\/pcba\/\" class=\"tag-cloud-link tag-link-1332 tag-link-position-31\" style=\"font-size: 15.067961165049pt;\" aria-label=\"PCBA (72 itens)\">PCBA<\/a>\n<a href=\"https:\/\/www.comunicarmais.com.br\/site\/tag\/pmba\/\" class=\"tag-cloud-link tag-link-53 tag-link-position-32\" style=\"font-size: 18.194174757282pt;\" aria-label=\"PMBA (122 itens)\">PMBA<\/a>\n<a href=\"https:\/\/www.comunicarmais.com.br\/site\/tag\/policia-federal\/\" class=\"tag-cloud-link tag-link-620 tag-link-position-33\" style=\"font-size: 8.9514563106796pt;\" aria-label=\"Pol\u00edcia Federal (25 itens)\">Pol\u00edcia Federal<\/a>\n<a href=\"https:\/\/www.comunicarmais.com.br\/site\/tag\/politica\/\" class=\"tag-cloud-link tag-link-495 tag-link-position-34\" style=\"font-size: 16.291262135922pt;\" aria-label=\"Pol\u00edtica (89 itens)\">Pol\u00edtica<\/a>\n<a href=\"https:\/\/www.comunicarmais.com.br\/site\/tag\/rio-de-janeiro\/\" class=\"tag-cloud-link tag-link-152 tag-link-position-35\" style=\"font-size: 9.9029126213592pt;\" aria-label=\"Rio de Janeiro (29 itens)\">Rio de Janeiro<\/a>\n<a href=\"https:\/\/www.comunicarmais.com.br\/site\/tag\/salvador\/\" class=\"tag-cloud-link tag-link-125 tag-link-position-36\" style=\"font-size: 22pt;\" aria-label=\"Salvador (233 itens)\">Salvador<\/a>\n<a href=\"https:\/\/www.comunicarmais.com.br\/site\/tag\/saude\/\" class=\"tag-cloud-link tag-link-42 tag-link-position-37\" style=\"font-size: 17.78640776699pt;\" aria-label=\"Sa\u00fade (115 itens)\">Sa\u00fade<\/a>\n<a href=\"https:\/\/www.comunicarmais.com.br\/site\/tag\/seguranca\/\" class=\"tag-cloud-link tag-link-48 tag-link-position-38\" style=\"font-size: 9.2233009708738pt;\" aria-label=\"Seguran\u00e7a (26 itens)\">Seguran\u00e7a<\/a>\n<a href=\"https:\/\/www.comunicarmais.com.br\/site\/tag\/ssp-ba\/\" class=\"tag-cloud-link tag-link-1937 tag-link-position-39\" style=\"font-size: 8.9514563106796pt;\" aria-label=\"SSP-BA (25 itens)\">SSP-BA<\/a>\n<a href=\"https:\/\/www.comunicarmais.com.br\/site\/tag\/sspba\/\" class=\"tag-cloud-link tag-link-144 tag-link-position-40\" style=\"font-size: 11.398058252427pt;\" aria-label=\"SSPBA (38 itens)\">SSPBA<\/a>\n<a href=\"https:\/\/www.comunicarmais.com.br\/site\/tag\/stf\/\" class=\"tag-cloud-link tag-link-68 tag-link-position-41\" style=\"font-size: 14.252427184466pt;\" aria-label=\"STF (62 itens)\">STF<\/a>\n<a href=\"https:\/\/www.comunicarmais.com.br\/site\/tag\/sao-paulo\/\" class=\"tag-cloud-link tag-link-612 tag-link-position-42\" style=\"font-size: 8pt;\" aria-label=\"S\u00e3o Paulo (21 itens)\">S\u00e3o Paulo<\/a>\n<a href=\"https:\/\/www.comunicarmais.com.br\/site\/tag\/transito-2\/\" class=\"tag-cloud-link tag-link-377 tag-link-position-43\" style=\"font-size: 8.2718446601942pt;\" aria-label=\"tr\u00e2nsito (22 itens)\">tr\u00e2nsito<\/a>\n<a href=\"https:\/\/www.comunicarmais.com.br\/site\/tag\/turismo\/\" class=\"tag-cloud-link tag-link-225 tag-link-position-44\" style=\"font-size: 9.631067961165pt;\" aria-label=\"Turismo (28 itens)\">Turismo<\/a>\n<a href=\"https:\/\/www.comunicarmais.com.br\/site\/tag\/uruguai\/\" class=\"tag-cloud-link tag-link-323 tag-link-position-45\" style=\"font-size: 9.631067961165pt;\" aria-label=\"Uruguai (28 itens)\">Uruguai<\/a><\/p>","protected":false},"excerpt":{"rendered":"<p>Iniciativa teve in\u00edcio um dia antes da abertura oficial do festival, na quinta-feira (25), durante a apresenta\u00e7\u00e3o do Frei Gilson na programa\u00e7\u00e3o de Natal da cidade, e se estender\u00e1 at\u00e9 o pr\u00f3ximo dia 31<\/p>\n","protected":false},"author":2,"featured_media":11983,"comment_status":"open","ping_status":"open","sticky":false,"template":"","format":"standard","meta":{"_acf_changed":false,"footnotes":""},"categories":[5],"tags":[1247,184,285,125],"class_list":["post-11980","post","type-post","status-publish","format-standard","has-post-thumbnail","hentry","category-grande-salvador","tag-alimentacao","tag-ambulantes","tag-festival-virada-salvador","tag-salvador"],"acf":[],"yoast_head":"<!-- This site is optimized with the Yoast SEO plugin v26.1.1 - https:\/\/yoast.com\/wordpress\/plugins\/seo\/ -->\n<title>Ambulantes recebem almo\u00e7o e passagens gratuitas para atuarem no Festival Virada Salvador 2026 - Comunicar Mais<\/title>\n<meta name=\"description\" content=\"Iniciativa teve in\u00edcio um dia antes da abertura oficial do festival, na quinta-feira (25), durante a apresenta\u00e7\u00e3o do Frei Gilson na programa\u00e7\u00e3o de Natal da cidade, e se estender\u00e1 at\u00e9 o pr\u00f3ximo dia 31\" \/>\n<meta name=\"robots\" content=\"index, follow, max-snippet:-1, max-image-preview:large, max-video-preview:-1\" \/>\n<link rel=\"canonical\" href=\"https:\/\/www.comunicarmais.com.br\/site\/2025\/12\/27\/ambulantes-recebem-almoco-e-passagens-gratuitas-para-atuarem-no-festival-virada-salvador-2026\/\" \/>\n<meta property=\"og:locale\" content=\"pt_BR\" \/>\n<meta property=\"og:type\" content=\"article\" \/>\n<meta property=\"og:title\" content=\"Ambulantes recebem almo\u00e7o e passagens gratuitas para atuarem no Festival Virada Salvador 2026 - Comunicar Mais\" \/>\n<meta property=\"og:description\" content=\"Iniciativa teve in\u00edcio um dia antes da abertura oficial do festival, na quinta-feira (25), durante a apresenta\u00e7\u00e3o do Frei Gilson na programa\u00e7\u00e3o de Natal da cidade, e se estender\u00e1 at\u00e9 o pr\u00f3ximo dia 31\" \/>\n<meta property=\"og:url\" content=\"https:\/\/www.comunicarmais.com.br\/site\/2025\/12\/27\/ambulantes-recebem-almoco-e-passagens-gratuitas-para-atuarem-no-festival-virada-salvador-2026\/\" \/>\n<meta property=\"og:site_name\" content=\"Comunicar Mais\" \/>\n<meta property=\"article:publisher\" content=\"https:\/\/www.facebook.com\/comunicarmais\/\" \/>\n<meta property=\"article:author\" content=\"https:\/\/www.facebook.com\/comunicarmais\/\" \/>\n<meta property=\"article:published_time\" content=\"2025-12-28T02:20:00+00:00\" \/>\n<meta property=\"article:modified_time\" content=\"2025-12-28T04:06:01+00:00\" \/>\n<meta property=\"og:image\" content=\"https:\/\/www.comunicarmais.com.br\/site\/wp-content\/uploads\/2025\/12\/WhatsApp-Image-2025-12-27-at-23.01.39.jpeg\" \/>\n\t<meta property=\"og:image:width\" content=\"1600\" \/>\n\t<meta property=\"og:image:height\" content=\"900\" \/>\n\t<meta property=\"og:image:type\" content=\"image\/jpeg\" \/>\n<meta name=\"author\" content=\"Comunicar Mais\" \/>\n<meta name=\"twitter:card\" content=\"summary_large_image\" \/>\n<meta name=\"twitter:creator\" content=\"@ComunicarmaisBA\" \/>\n<meta name=\"twitter:site\" content=\"@ComunicarmaisBA\" \/>\n<meta name=\"twitter:label1\" content=\"Escrito por\" \/>\n\t<meta name=\"twitter:data1\" content=\"Comunicar Mais\" \/>\n\t<meta name=\"twitter:label2\" content=\"Est. tempo de leitura\" \/>\n\t<meta name=\"twitter:data2\" content=\"6 minutos\" \/>\n<script type=\"application\/ld+json\" class=\"yoast-schema-graph\">{\"@context\":\"https:\/\/schema.org\",\"@graph\":[{\"@type\":\"WebPage\",\"@id\":\"https:\/\/www.comunicarmais.com.br\/site\/2025\/12\/27\/ambulantes-recebem-almoco-e-passagens-gratuitas-para-atuarem-no-festival-virada-salvador-2026\/\",\"url\":\"https:\/\/www.comunicarmais.com.br\/site\/2025\/12\/27\/ambulantes-recebem-almoco-e-passagens-gratuitas-para-atuarem-no-festival-virada-salvador-2026\/\",\"name\":\"Ambulantes recebem almo\u00e7o e passagens gratuitas para atuarem no Festival Virada Salvador 2026 - Comunicar Mais\",\"isPartOf\":{\"@id\":\"https:\/\/www.comunicarmais.com.br\/site\/#website\"},\"primaryImageOfPage\":{\"@id\":\"https:\/\/www.comunicarmais.com.br\/site\/2025\/12\/27\/ambulantes-recebem-almoco-e-passagens-gratuitas-para-atuarem-no-festival-virada-salvador-2026\/#primaryimage\"},\"image\":{\"@id\":\"https:\/\/www.comunicarmais.com.br\/site\/2025\/12\/27\/ambulantes-recebem-almoco-e-passagens-gratuitas-para-atuarem-no-festival-virada-salvador-2026\/#primaryimage\"},\"thumbnailUrl\":\"https:\/\/www.comunicarmais.com.br\/site\/wp-content\/uploads\/2025\/12\/WhatsApp-Image-2025-12-27-at-23.01.39.jpeg\",\"datePublished\":\"2025-12-28T02:20:00+00:00\",\"dateModified\":\"2025-12-28T04:06:01+00:00\",\"author\":{\"@id\":\"https:\/\/www.comunicarmais.com.br\/site\/#\/schema\/person\/712f7b6b25b644e4a91c4173674cf284\"},\"description\":\"Iniciativa teve in\u00edcio um dia antes da abertura oficial do festival, na quinta-feira (25), durante a apresenta\u00e7\u00e3o do Frei Gilson na programa\u00e7\u00e3o de Natal da cidade, e se estender\u00e1 at\u00e9 o pr\u00f3ximo dia 31\",\"breadcrumb\":{\"@id\":\"https:\/\/www.comunicarmais.com.br\/site\/2025\/12\/27\/ambulantes-recebem-almoco-e-passagens-gratuitas-para-atuarem-no-festival-virada-salvador-2026\/#breadcrumb\"},\"inLanguage\":\"pt-BR\",\"potentialAction\":[{\"@type\":\"ReadAction\",\"target\":[\"https:\/\/www.comunicarmais.com.br\/site\/2025\/12\/27\/ambulantes-recebem-almoco-e-passagens-gratuitas-para-atuarem-no-festival-virada-salvador-2026\/\"]}]},{\"@type\":\"ImageObject\",\"inLanguage\":\"pt-BR\",\"@id\":\"https:\/\/www.comunicarmais.com.br\/site\/2025\/12\/27\/ambulantes-recebem-almoco-e-passagens-gratuitas-para-atuarem-no-festival-virada-salvador-2026\/#primaryimage\",\"url\":\"https:\/\/www.comunicarmais.com.br\/site\/wp-content\/uploads\/2025\/12\/WhatsApp-Image-2025-12-27-at-23.01.39.jpeg\",\"contentUrl\":\"https:\/\/www.comunicarmais.com.br\/site\/wp-content\/uploads\/2025\/12\/WhatsApp-Image-2025-12-27-at-23.01.39.jpeg\",\"width\":1600,\"height\":900},{\"@type\":\"BreadcrumbList\",\"@id\":\"https:\/\/www.comunicarmais.com.br\/site\/2025\/12\/27\/ambulantes-recebem-almoco-e-passagens-gratuitas-para-atuarem-no-festival-virada-salvador-2026\/#breadcrumb\",\"itemListElement\":[{\"@type\":\"ListItem\",\"position\":1,\"name\":\"In\u00edcio\",\"item\":\"https:\/\/www.comunicarmais.com.br\/site\/\"},{\"@type\":\"ListItem\",\"position\":2,\"name\":\"Ambulantes recebem almo\u00e7o e passagens gratuitas para atuarem no Festival Virada Salvador 2026\"}]},{\"@type\":\"WebSite\",\"@id\":\"https:\/\/www.comunicarmais.com.br\/site\/#website\",\"url\":\"https:\/\/www.comunicarmais.com.br\/site\/\",\"name\":\"Comunicar Mais\",\"description\":\"\",\"potentialAction\":[{\"@type\":\"SearchAction\",\"target\":{\"@type\":\"EntryPoint\",\"urlTemplate\":\"https:\/\/www.comunicarmais.com.br\/site\/?s={search_term_string}\"},\"query-input\":{\"@type\":\"PropertyValueSpecification\",\"valueRequired\":true,\"valueName\":\"search_term_string\"}}],\"inLanguage\":\"pt-BR\"},{\"@type\":\"Person\",\"@id\":\"https:\/\/www.comunicarmais.com.br\/site\/#\/schema\/person\/712f7b6b25b644e4a91c4173674cf284\",\"name\":\"Comunicar Mais\",\"image\":{\"@type\":\"ImageObject\",\"inLanguage\":\"pt-BR\",\"@id\":\"https:\/\/www.comunicarmais.com.br\/site\/#\/schema\/person\/image\/\",\"url\":\"https:\/\/secure.gravatar.com\/avatar\/9803218072e2c0dc265d3d787b54c2c33325e79f79732707fddfbf1efd82c678?s=96&d=mm&r=g\",\"contentUrl\":\"https:\/\/secure.gravatar.com\/avatar\/9803218072e2c0dc265d3d787b54c2c33325e79f79732707fddfbf1efd82c678?s=96&d=mm&r=g\",\"caption\":\"Comunicar Mais\"},\"description\":\"Deixe as ideologias com os ide\u00f3logos. Noticiamos fatos, n\u00e3o brigamos com eles. Aqui, voc\u00ea fica bem informado do que acontece no seu bairro e no mundo. Informar com \u00e9tica e responsabilidade s\u00e3o as bandeiras do Comunicarmais.\",\"sameAs\":[\"https:\/\/www.comunicarmais.com.br\/site\/\",\"https:\/\/www.facebook.com\/comunicarmais\/\",\"https:\/\/www.instagram.com\/comunicarmaisba\/\",\"https:\/\/x.com\/ComunicarmaisBA\"],\"url\":\"https:\/\/www.comunicarmais.com.br\/site\/author\/gerenciador\/\"}]}<\/script>\n<!-- \/ Yoast SEO plugin. -->","yoast_head_json":{"title":"Ambulantes recebem almo\u00e7o e passagens gratuitas para atuarem no Festival Virada Salvador 2026 - Comunicar Mais","description":"Iniciativa teve in\u00edcio um dia antes da abertura oficial do festival, na quinta-feira (25), durante a apresenta\u00e7\u00e3o do Frei Gilson na programa\u00e7\u00e3o de Natal da cidade, e se estender\u00e1 at\u00e9 o pr\u00f3ximo dia 31","robots":{"index":"index","follow":"follow","max-snippet":"max-snippet:-1","max-image-preview":"max-image-preview:large","max-video-preview":"max-video-preview:-1"},"canonical":"https:\/\/www.comunicarmais.com.br\/site\/2025\/12\/27\/ambulantes-recebem-almoco-e-passagens-gratuitas-para-atuarem-no-festival-virada-salvador-2026\/","og_locale":"pt_BR","og_type":"article","og_title":"Ambulantes recebem almo\u00e7o e passagens gratuitas para atuarem no Festival Virada Salvador 2026 - Comunicar Mais","og_description":"Iniciativa teve in\u00edcio um dia antes da abertura oficial do festival, na quinta-feira (25), durante a apresenta\u00e7\u00e3o do Frei Gilson na programa\u00e7\u00e3o de Natal da cidade, e se estender\u00e1 at\u00e9 o pr\u00f3ximo dia 31","og_url":"https:\/\/www.comunicarmais.com.br\/site\/2025\/12\/27\/ambulantes-recebem-almoco-e-passagens-gratuitas-para-atuarem-no-festival-virada-salvador-2026\/","og_site_name":"Comunicar Mais","article_publisher":"https:\/\/www.facebook.com\/comunicarmais\/","article_author":"https:\/\/www.facebook.com\/comunicarmais\/","article_published_time":"2025-12-28T02:20:00+00:00","article_modified_time":"2025-12-28T04:06:01+00:00","og_image":[{"width":1600,"height":900,"url":"https:\/\/www.comunicarmais.com.br\/site\/wp-content\/uploads\/2025\/12\/WhatsApp-Image-2025-12-27-at-23.01.39.jpeg","type":"image\/jpeg"}],"author":"Comunicar Mais","twitter_card":"summary_large_image","twitter_creator":"@ComunicarmaisBA","twitter_site":"@ComunicarmaisBA","twitter_misc":{"Escrito por":"Comunicar Mais","Est. tempo de leitura":"6 minutos"},"schema":{"@context":"https:\/\/schema.org","@graph":[{"@type":"WebPage","@id":"https:\/\/www.comunicarmais.com.br\/site\/2025\/12\/27\/ambulantes-recebem-almoco-e-passagens-gratuitas-para-atuarem-no-festival-virada-salvador-2026\/","url":"https:\/\/www.comunicarmais.com.br\/site\/2025\/12\/27\/ambulantes-recebem-almoco-e-passagens-gratuitas-para-atuarem-no-festival-virada-salvador-2026\/","name":"Ambulantes recebem almo\u00e7o e passagens gratuitas para atuarem no Festival Virada Salvador 2026 - Comunicar Mais","isPartOf":{"@id":"https:\/\/www.comunicarmais.com.br\/site\/#website"},"primaryImageOfPage":{"@id":"https:\/\/www.comunicarmais.com.br\/site\/2025\/12\/27\/ambulantes-recebem-almoco-e-passagens-gratuitas-para-atuarem-no-festival-virada-salvador-2026\/#primaryimage"},"image":{"@id":"https:\/\/www.comunicarmais.com.br\/site\/2025\/12\/27\/ambulantes-recebem-almoco-e-passagens-gratuitas-para-atuarem-no-festival-virada-salvador-2026\/#primaryimage"},"thumbnailUrl":"https:\/\/www.comunicarmais.com.br\/site\/wp-content\/uploads\/2025\/12\/WhatsApp-Image-2025-12-27-at-23.01.39.jpeg","datePublished":"2025-12-28T02:20:00+00:00","dateModified":"2025-12-28T04:06:01+00:00","author":{"@id":"https:\/\/www.comunicarmais.com.br\/site\/#\/schema\/person\/712f7b6b25b644e4a91c4173674cf284"},"description":"Iniciativa teve in\u00edcio um dia antes da abertura oficial do festival, na quinta-feira (25), durante a apresenta\u00e7\u00e3o do Frei Gilson na programa\u00e7\u00e3o de Natal da cidade, e se estender\u00e1 at\u00e9 o pr\u00f3ximo dia 31","breadcrumb":{"@id":"https:\/\/www.comunicarmais.com.br\/site\/2025\/12\/27\/ambulantes-recebem-almoco-e-passagens-gratuitas-para-atuarem-no-festival-virada-salvador-2026\/#breadcrumb"},"inLanguage":"pt-BR","potentialAction":[{"@type":"ReadAction","target":["https:\/\/www.comunicarmais.com.br\/site\/2025\/12\/27\/ambulantes-recebem-almoco-e-passagens-gratuitas-para-atuarem-no-festival-virada-salvador-2026\/"]}]},{"@type":"ImageObject","inLanguage":"pt-BR","@id":"https:\/\/www.comunicarmais.com.br\/site\/2025\/12\/27\/ambulantes-recebem-almoco-e-passagens-gratuitas-para-atuarem-no-festival-virada-salvador-2026\/#primaryimage","url":"https:\/\/www.comunicarmais.com.br\/site\/wp-content\/uploads\/2025\/12\/WhatsApp-Image-2025-12-27-at-23.01.39.jpeg","contentUrl":"https:\/\/www.comunicarmais.com.br\/site\/wp-content\/uploads\/2025\/12\/WhatsApp-Image-2025-12-27-at-23.01.39.jpeg","width":1600,"height":900},{"@type":"BreadcrumbList","@id":"https:\/\/www.comunicarmais.com.br\/site\/2025\/12\/27\/ambulantes-recebem-almoco-e-passagens-gratuitas-para-atuarem-no-festival-virada-salvador-2026\/#breadcrumb","itemListElement":[{"@type":"ListItem","position":1,"name":"In\u00edcio","item":"https:\/\/www.comunicarmais.com.br\/site\/"},{"@type":"ListItem","position":2,"name":"Ambulantes recebem almo\u00e7o e passagens gratuitas para atuarem no Festival Virada Salvador 2026"}]},{"@type":"WebSite","@id":"https:\/\/www.comunicarmais.com.br\/site\/#website","url":"https:\/\/www.comunicarmais.com.br\/site\/","name":"Comunicar Mais","description":"","potentialAction":[{"@type":"SearchAction","target":{"@type":"EntryPoint","urlTemplate":"https:\/\/www.comunicarmais.com.br\/site\/?s={search_term_string}"},"query-input":{"@type":"PropertyValueSpecification","valueRequired":true,"valueName":"search_term_string"}}],"inLanguage":"pt-BR"},{"@type":"Person","@id":"https:\/\/www.comunicarmais.com.br\/site\/#\/schema\/person\/712f7b6b25b644e4a91c4173674cf284","name":"Comunicar Mais","image":{"@type":"ImageObject","inLanguage":"pt-BR","@id":"https:\/\/www.comunicarmais.com.br\/site\/#\/schema\/person\/image\/","url":"https:\/\/secure.gravatar.com\/avatar\/9803218072e2c0dc265d3d787b54c2c33325e79f79732707fddfbf1efd82c678?s=96&d=mm&r=g","contentUrl":"https:\/\/secure.gravatar.com\/avatar\/9803218072e2c0dc265d3d787b54c2c33325e79f79732707fddfbf1efd82c678?s=96&d=mm&r=g","caption":"Comunicar Mais"},"description":"Deixe as ideologias com os ide\u00f3logos. Noticiamos fatos, n\u00e3o brigamos com eles. Aqui, voc\u00ea fica bem informado do que acontece no seu bairro e no mundo. Informar com \u00e9tica e responsabilidade s\u00e3o as bandeiras do Comunicarmais.","sameAs":["https:\/\/www.comunicarmais.com.br\/site\/","https:\/\/www.facebook.com\/comunicarmais\/","https:\/\/www.instagram.com\/comunicarmaisba\/","https:\/\/x.com\/ComunicarmaisBA"],"url":"https:\/\/www.comunicarmais.com.br\/site\/author\/gerenciador\/"}]}},"_links":{"self":[{"href":"https:\/\/www.comunicarmais.com.br\/site\/wp-json\/wp\/v2\/posts\/11980","targetHints":{"allow":["GET"]}}],"collection":[{"href":"https:\/\/www.comunicarmais.com.br\/site\/wp-json\/wp\/v2\/posts"}],"about":[{"href":"https:\/\/www.comunicarmais.com.br\/site\/wp-json\/wp\/v2\/types\/post"}],"author":[{"embeddable":true,"href":"https:\/\/www.comunicarmais.com.br\/site\/wp-json\/wp\/v2\/users\/2"}],"replies":[{"embeddable":true,"href":"https:\/\/www.comunicarmais.com.br\/site\/wp-json\/wp\/v2\/comments?post=11980"}],"version-history":[{"count":1,"href":"https:\/\/www.comunicarmais.com.br\/site\/wp-json\/wp\/v2\/posts\/11980\/revisions"}],"predecessor-version":[{"id":11984,"href":"https:\/\/www.comunicarmais.com.br\/site\/wp-json\/wp\/v2\/posts\/11980\/revisions\/11984"}],"wp:featuredmedia":[{"embeddable":true,"href":"https:\/\/www.comunicarmais.com.br\/site\/wp-json\/wp\/v2\/media\/11983"}],"wp:attachment":[{"href":"https:\/\/www.comunicarmais.com.br\/site\/wp-json\/wp\/v2\/media?parent=11980"}],"wp:term":[{"taxonomy":"category","embeddable":true,"href":"https:\/\/www.comunicarmais.com.br\/site\/wp-json\/wp\/v2\/categories?post=11980"},{"taxonomy":"post_tag","embeddable":true,"href":"https:\/\/www.comunicarmais.com.br\/site\/wp-json\/wp\/v2\/tags?post=11980"}],"curies":[{"name":"wp","href":"https:\/\/api.w.org\/{rel}","templated":true}]}}