{"id":11967,"date":"2025-12-27T09:52:00","date_gmt":"2025-12-27T12:52:00","guid":{"rendered":"https:\/\/www.comunicarmais.com.br\/site\/?p=11967"},"modified":"2026-01-01T03:21:51","modified_gmt":"2026-01-01T06:21:51","slug":"emocao-marca-presenca-de-800-idosos-levados-pela-prefeitura-para-show-de-roberto-carlos-em-salvador","status":"publish","type":"post","link":"https:\/\/www.comunicarmais.com.br\/site\/2025\/12\/27\/emocao-marca-presenca-de-800-idosos-levados-pela-prefeitura-para-show-de-roberto-carlos-em-salvador\/","title":{"rendered":"Emo\u00e7\u00e3o marca presen\u00e7a de 800 idosos levados pela Prefeitura para show de Roberto Carlos em Salvador"},"content":{"rendered":"\n<p><strong>A\u00e7\u00e3o tem como objetivo garantir que idosos que enfrentam limita\u00e7\u00f5es de mobilidade ou poucas oportunidades de lazer possam vivenciar grandes eventos culturais da cidade<\/strong><\/p>\n\n\n\n<figure class=\"wp-block-image size-full\"><img decoding=\"async\" width=\"1280\" height=\"854\" data-src=\"https:\/\/www.comunicarmais.com.br\/site\/wp-content\/uploads\/2025\/12\/WhatsApp-Image-2025-12-27-at-00.25.27-1.jpeg\" alt=\"\" class=\"wp-image-11970 lazyload\" data-srcset=\"https:\/\/www.comunicarmais.com.br\/site\/wp-content\/uploads\/2025\/12\/WhatsApp-Image-2025-12-27-at-00.25.27-1.jpeg 1280w, https:\/\/www.comunicarmais.com.br\/site\/wp-content\/uploads\/2025\/12\/WhatsApp-Image-2025-12-27-at-00.25.27-1-1024x683.jpeg 1024w, https:\/\/www.comunicarmais.com.br\/site\/wp-content\/uploads\/2025\/12\/WhatsApp-Image-2025-12-27-at-00.25.27-1-768x512.jpeg 768w\" data-sizes=\"(max-width: 1280px) 100vw, 1280px\" src=\"data:image\/svg+xml;base64,PHN2ZyB3aWR0aD0iMSIgaGVpZ2h0PSIxIiB4bWxucz0iaHR0cDovL3d3dy53My5vcmcvMjAwMC9zdmciPjwvc3ZnPg==\" style=\"--smush-placeholder-width: 1280px; --smush-placeholder-aspect-ratio: 1280\/854;\" \/><figcaption class=\"wp-element-caption\"><em><sup>(Foto: Bruno Concha\/ Secom PMS)<\/sup><\/em><\/figcaption><\/figure>\n\n\n\n<p><strong>Reda\u00e7\u00e3o Mais &#8211;<\/strong> Idosos acolhidos por institui\u00e7\u00f5es de longa perman\u00eancia viveram uma noite de muita emo\u00e7\u00e3o ao assistirem ao show do cantor Roberto Carlos, em Salvador. Ao todo, 800 idosos foram levados pela Prefeitura de Salvador para acompanhar de perto a apresenta\u00e7\u00e3o do Rei, em uma iniciativa voltada para a inclus\u00e3o para pessoas da terceira idade em situa\u00e7\u00e3o de acolhimento institucional.<\/p>\n\n\n\n<p>A a\u00e7\u00e3o foi coordenada pela Secretaria Municipal de Promo\u00e7\u00e3o Social, Combate \u00e0 Pobreza, Esportes e Lazer (Sempre) e tem como objetivo garantir que idosos que enfrentam limita\u00e7\u00f5es de mobilidade ou poucas oportunidades de lazer possam vivenciar grandes eventos culturais da cidade.<\/p>\n\n\n\n<figure class=\"wp-block-image size-large\"><img decoding=\"async\" width=\"1433\" height=\"955\" data-src=\"https:\/\/www.comunicarmais.com.br\/site\/wp-content\/uploads\/2025\/12\/WhatsApp-Image-2025-12-27-at-09.31.12-1433x955.jpeg\" alt=\"\" class=\"wp-image-11971 lazyload\" data-srcset=\"https:\/\/www.comunicarmais.com.br\/site\/wp-content\/uploads\/2025\/12\/WhatsApp-Image-2025-12-27-at-09.31.12-1433x955.jpeg 1433w, https:\/\/www.comunicarmais.com.br\/site\/wp-content\/uploads\/2025\/12\/WhatsApp-Image-2025-12-27-at-09.31.12-1024x682.jpeg 1024w, https:\/\/www.comunicarmais.com.br\/site\/wp-content\/uploads\/2025\/12\/WhatsApp-Image-2025-12-27-at-09.31.12-768x512.jpeg 768w, https:\/\/www.comunicarmais.com.br\/site\/wp-content\/uploads\/2025\/12\/WhatsApp-Image-2025-12-27-at-09.31.12-1536x1023.jpeg 1536w, https:\/\/www.comunicarmais.com.br\/site\/wp-content\/uploads\/2025\/12\/WhatsApp-Image-2025-12-27-at-09.31.12.jpeg 1600w\" data-sizes=\"(max-width: 1433px) 100vw, 1433px\" src=\"data:image\/svg+xml;base64,PHN2ZyB3aWR0aD0iMSIgaGVpZ2h0PSIxIiB4bWxucz0iaHR0cDovL3d3dy53My5vcmcvMjAwMC9zdmciPjwvc3ZnPg==\" style=\"--smush-placeholder-width: 1433px; --smush-placeholder-aspect-ratio: 1433\/955;\" \/><figcaption class=\"wp-element-caption\"><em><sup>(Foto: Vitor Santos\/ Sempre)<\/sup><\/em><\/figcaption><\/figure>\n\n\n\n<p>Durante todo o evento, os participantes foram acompanhados por uma equipe multidisciplinar. A organiza\u00e7\u00e3o do show tamb\u00e9m reservou uma \u00e1rea acess\u00edvel, com assentos priorit\u00e1rios, garantindo conforto e seguran\u00e7a aos convidados.<\/p>\n\n\n\n<p>Entre os presentes estava Carlos Jesus, de 72 anos, assistido pelo Abrigo Dom Pedro II, administrado pela Prefeitura. Emocionado, ele contou a experi\u00eancia de ver o \u00eddolo de perto pela primeira vez. \u201cNunca tinha visto ele pessoalmente, s\u00f3 pela televis\u00e3o. Hoje foi a primeira vez. Estou muito contente, muito alegre. Foi fant\u00e1stico\u201d, relatou.<\/p>\n\n\n\n<figure class=\"wp-block-image size-large\"><img decoding=\"async\" width=\"1433\" height=\"955\" data-src=\"https:\/\/www.comunicarmais.com.br\/site\/wp-content\/uploads\/2025\/12\/WhatsApp-Image-2025-12-27-at-09.31.11-1433x955.jpeg\" alt=\"\" class=\"wp-image-11969 lazyload\" data-srcset=\"https:\/\/www.comunicarmais.com.br\/site\/wp-content\/uploads\/2025\/12\/WhatsApp-Image-2025-12-27-at-09.31.11-1433x955.jpeg 1433w, https:\/\/www.comunicarmais.com.br\/site\/wp-content\/uploads\/2025\/12\/WhatsApp-Image-2025-12-27-at-09.31.11-1024x682.jpeg 1024w, https:\/\/www.comunicarmais.com.br\/site\/wp-content\/uploads\/2025\/12\/WhatsApp-Image-2025-12-27-at-09.31.11-768x512.jpeg 768w, https:\/\/www.comunicarmais.com.br\/site\/wp-content\/uploads\/2025\/12\/WhatsApp-Image-2025-12-27-at-09.31.11-1536x1023.jpeg 1536w, https:\/\/www.comunicarmais.com.br\/site\/wp-content\/uploads\/2025\/12\/WhatsApp-Image-2025-12-27-at-09.31.11.jpeg 1600w\" data-sizes=\"(max-width: 1433px) 100vw, 1433px\" src=\"data:image\/svg+xml;base64,PHN2ZyB3aWR0aD0iMSIgaGVpZ2h0PSIxIiB4bWxucz0iaHR0cDovL3d3dy53My5vcmcvMjAwMC9zdmciPjwvc3ZnPg==\" style=\"--smush-placeholder-width: 1433px; --smush-placeholder-aspect-ratio: 1433\/955;\" \/><figcaption class=\"wp-element-caption\"><em><sup>(Foto: Vitor Santos\/ Sempre)<\/sup><\/em><\/figcaption><\/figure>\n\n\n\n<p>O prefeito Bruno Reis destacou o cuidado e o significado da iniciativa. \u201cA gente trouxe hoje aqui 800 idosos de diversos abrigos de Salvador. A gente sabe que, principalmente o pessoal da terceira idade, tem um carinho, um amor por Roberto Carlos. Ent\u00e3o, ver um show dele aqui, ao vivo, de perto, \u00e9 algo emocionante\u201d, afirmou.<\/p>\n\n\n\n<p>Os idosos contemplados s\u00e3o provenientes de institui\u00e7\u00f5es previamente selecionadas pela Sempre, entre elas o Abrigo Dom Pedro II e o S\u00e3o Francisco de Assis, tradicionalmente vinculadas ao atendimento de pessoas idosas em situa\u00e7\u00e3o de acolhimento institucional. A log\u00edstica incluiu transporte dedicado, cadeiras exclusivas em \u00e1rea reservada, lanche, \u00e1gua mineral e crach\u00e1s de identifica\u00e7\u00e3o.<\/p>\n\n\n\n<figure class=\"wp-block-image size-large\"><img decoding=\"async\" width=\"1433\" height=\"955\" data-src=\"https:\/\/www.comunicarmais.com.br\/site\/wp-content\/uploads\/2025\/12\/WhatsApp-Image-2025-12-27-at-09.31.10-1-1433x955.jpeg\" alt=\"\" class=\"wp-image-11972 lazyload\" data-srcset=\"https:\/\/www.comunicarmais.com.br\/site\/wp-content\/uploads\/2025\/12\/WhatsApp-Image-2025-12-27-at-09.31.10-1-1433x955.jpeg 1433w, https:\/\/www.comunicarmais.com.br\/site\/wp-content\/uploads\/2025\/12\/WhatsApp-Image-2025-12-27-at-09.31.10-1-1024x682.jpeg 1024w, https:\/\/www.comunicarmais.com.br\/site\/wp-content\/uploads\/2025\/12\/WhatsApp-Image-2025-12-27-at-09.31.10-1-768x512.jpeg 768w, https:\/\/www.comunicarmais.com.br\/site\/wp-content\/uploads\/2025\/12\/WhatsApp-Image-2025-12-27-at-09.31.10-1-1536x1023.jpeg 1536w, https:\/\/www.comunicarmais.com.br\/site\/wp-content\/uploads\/2025\/12\/WhatsApp-Image-2025-12-27-at-09.31.10-1.jpeg 1600w\" data-sizes=\"(max-width: 1433px) 100vw, 1433px\" src=\"data:image\/svg+xml;base64,PHN2ZyB3aWR0aD0iMSIgaGVpZ2h0PSIxIiB4bWxucz0iaHR0cDovL3d3dy53My5vcmcvMjAwMC9zdmciPjwvc3ZnPg==\" style=\"--smush-placeholder-width: 1433px; --smush-placeholder-aspect-ratio: 1433\/955;\" \/><figcaption class=\"wp-element-caption\"><em><sup>(Foto: Vitor Santos\/ Sempre)<\/sup><\/em><\/figcaption><\/figure>\n\n\n\n<p>Maria In\u00eas Carib\u00e9 Costa resumiu o sentimento compartilhado por muitos durante a apresenta\u00e7\u00e3o. \u201cMuito maravilhoso, esperei isso por muito tempo e agora consegui ver o Rei. Muito bom mesmo! Experi\u00eancia e tanto\u201d, disse, visivelmente emocionada.<\/p>\n\n\n\n<p>Outra idosa acolhida por um dos abrigos, Eliene Silva dos Santos, do Instituto de Promo\u00e7\u00e3o \u00e0 Pr\u00e1tica de Atividade F\u00edsica Esportiva (Ipafe), classificou a experi\u00eancia como maravilhosa. \u201cEu estou maravilhada, n\u00e3o vou dormir sonhando com esse momento. Voc\u00eas tiveram essa brilhante ideia, porque na juventude Roberto Carlos era o nosso \u00eddolo. E hoje n\u00f3s tivemos a oportunidade de estar presente, ver se pessoalmente Roberto Carlos. Sem palavras para agradecer esse momento\u201d, disse.<\/p>\n\n\n\n<figure class=\"wp-block-image size-large\"><img decoding=\"async\" width=\"1433\" height=\"955\" data-src=\"https:\/\/www.comunicarmais.com.br\/site\/wp-content\/uploads\/2025\/12\/WhatsApp-Image-2025-12-27-at-09.31.10-1433x955.jpeg\" alt=\"\" class=\"wp-image-11973 lazyload\" data-srcset=\"https:\/\/www.comunicarmais.com.br\/site\/wp-content\/uploads\/2025\/12\/WhatsApp-Image-2025-12-27-at-09.31.10-1433x955.jpeg 1433w, https:\/\/www.comunicarmais.com.br\/site\/wp-content\/uploads\/2025\/12\/WhatsApp-Image-2025-12-27-at-09.31.10-1024x682.jpeg 1024w, https:\/\/www.comunicarmais.com.br\/site\/wp-content\/uploads\/2025\/12\/WhatsApp-Image-2025-12-27-at-09.31.10-768x512.jpeg 768w, https:\/\/www.comunicarmais.com.br\/site\/wp-content\/uploads\/2025\/12\/WhatsApp-Image-2025-12-27-at-09.31.10-1536x1023.jpeg 1536w, https:\/\/www.comunicarmais.com.br\/site\/wp-content\/uploads\/2025\/12\/WhatsApp-Image-2025-12-27-at-09.31.10.jpeg 1600w\" data-sizes=\"(max-width: 1433px) 100vw, 1433px\" src=\"data:image\/svg+xml;base64,PHN2ZyB3aWR0aD0iMSIgaGVpZ2h0PSIxIiB4bWxucz0iaHR0cDovL3d3dy53My5vcmcvMjAwMC9zdmciPjwvc3ZnPg==\" style=\"--smush-placeholder-width: 1433px; --smush-placeholder-aspect-ratio: 1433\/955;\" \/><figcaption class=\"wp-element-caption\"><em><sup>(Foto: Vitor Santos\/ Sempre)<\/sup><\/em><\/figcaption><\/figure>\n\n\n\n<p>Outro grupo beneficiado foram cerca de 45 idosos do programa Avan\u00e7ar, realizado pela Prefeitura em parceria com a Santa Casa de Miseric\u00f3rdia, no Bairro da Paz. A a\u00e7\u00e3o contou com cuidado em todo o processo, desde o deslocamento, feito por \u00f4nibus, at\u00e9 o cuidado ao longo da apresenta\u00e7\u00e3o.<\/p>\n\n\n\n<p>\u201cProporcionar esse momento aos idosos \u00e9 uma prazer, uma emo\u00e7\u00e3o muito grande. S\u00e3o idosos que muitas vezes tiveram o rompimento dos seus c\u00edrculos familiares, mas hoje t\u00eam essa noite m\u00e1gica, memor\u00e1vel. Com certeza, eles est\u00e3o aqui muito emocionados, muito felizes de poder realizar esse sonho deles\u201d, declarou o secret\u00e1rio da Sempre, J\u00fanior Magalh\u00e3es.<\/p>\n\n\n\n<figure class=\"wp-block-image size-full\"><img decoding=\"async\" width=\"1040\" height=\"693\" data-src=\"https:\/\/www.comunicarmais.com.br\/site\/wp-content\/uploads\/2025\/12\/WhatsApp-Image-2025-12-27-at-09.31.19.jpeg\" alt=\"\" class=\"wp-image-11974 lazyload\" data-srcset=\"https:\/\/www.comunicarmais.com.br\/site\/wp-content\/uploads\/2025\/12\/WhatsApp-Image-2025-12-27-at-09.31.19.jpeg 1040w, https:\/\/www.comunicarmais.com.br\/site\/wp-content\/uploads\/2025\/12\/WhatsApp-Image-2025-12-27-at-09.31.19-1024x682.jpeg 1024w, https:\/\/www.comunicarmais.com.br\/site\/wp-content\/uploads\/2025\/12\/WhatsApp-Image-2025-12-27-at-09.31.19-768x512.jpeg 768w\" data-sizes=\"(max-width: 1040px) 100vw, 1040px\" src=\"data:image\/svg+xml;base64,PHN2ZyB3aWR0aD0iMSIgaGVpZ2h0PSIxIiB4bWxucz0iaHR0cDovL3d3dy53My5vcmcvMjAwMC9zdmciPjwvc3ZnPg==\" style=\"--smush-placeholder-width: 1040px; --smush-placeholder-aspect-ratio: 1040\/693;\" \/><figcaption class=\"wp-element-caption\"><em><sup>(Foto: Vitor Santos\/ Sempre)<\/sup><\/em><\/figcaption><\/figure>\n\n\n\n<p>________________________________________________________________________________________________________________<\/p>\n\n\n<p class=\"wp-block-tag-cloud\"><a href=\"https:\/\/www.comunicarmais.com.br\/site\/tag\/bahia\/\" class=\"tag-cloud-link tag-link-171 tag-link-position-1\" style=\"font-size: 17.922330097087pt;\" aria-label=\"Bahia (116 itens)\">Bahia<\/a>\n<a href=\"https:\/\/www.comunicarmais.com.br\/site\/tag\/bolsonaro\/\" class=\"tag-cloud-link tag-link-112 tag-link-position-2\" style=\"font-size: 11.533980582524pt;\" aria-label=\"Bolsonaro (39 itens)\">Bolsonaro<\/a>\n<a href=\"https:\/\/www.comunicarmais.com.br\/site\/tag\/brasil\/\" class=\"tag-cloud-link tag-link-335 tag-link-position-3\" style=\"font-size: 13.029126213592pt;\" aria-label=\"Brasil (50 itens)\">Brasil<\/a>\n<a href=\"https:\/\/www.comunicarmais.com.br\/site\/tag\/camacari\/\" class=\"tag-cloud-link tag-link-435 tag-link-position-4\" style=\"font-size: 8.8155339805825pt;\" aria-label=\"Cama\u00e7ari (24 itens)\">Cama\u00e7ari<\/a>\n<a href=\"https:\/\/www.comunicarmais.com.br\/site\/tag\/carnaval\/\" class=\"tag-cloud-link tag-link-508 tag-link-position-5\" style=\"font-size: 12.893203883495pt;\" aria-label=\"Carnaval (49 itens)\">Carnaval<\/a>\n<a href=\"https:\/\/www.comunicarmais.com.br\/site\/tag\/cbx\/\" class=\"tag-cloud-link tag-link-1602 tag-link-position-6\" style=\"font-size: 11.398058252427pt;\" aria-label=\"CBX (38 itens)\">CBX<\/a>\n<a href=\"https:\/\/www.comunicarmais.com.br\/site\/tag\/cidade-baixa\/\" class=\"tag-cloud-link tag-link-456 tag-link-position-7\" style=\"font-size: 9.9029126213592pt;\" aria-label=\"Cidade Baixa (29 itens)\">Cidade Baixa<\/a>\n<a href=\"https:\/\/www.comunicarmais.com.br\/site\/tag\/cinema\/\" class=\"tag-cloud-link tag-link-985 tag-link-position-8\" style=\"font-size: 11.126213592233pt;\" aria-label=\"Cinema (36 itens)\">Cinema<\/a>\n<a href=\"https:\/\/www.comunicarmais.com.br\/site\/tag\/cultura\/\" class=\"tag-cloud-link tag-link-231 tag-link-position-9\" style=\"font-size: 12.21359223301pt;\" aria-label=\"Cultura (44 itens)\">Cultura<\/a>\n<a href=\"https:\/\/www.comunicarmais.com.br\/site\/tag\/drogas\/\" class=\"tag-cloud-link tag-link-165 tag-link-position-10\" style=\"font-size: 12.757281553398pt;\" aria-label=\"Drogas (48 itens)\">Drogas<\/a>\n<a href=\"https:\/\/www.comunicarmais.com.br\/site\/tag\/educacao\/\" class=\"tag-cloud-link tag-link-228 tag-link-position-11\" style=\"font-size: 12.621359223301pt;\" aria-label=\"Educa\u00e7\u00e3o (47 itens)\">Educa\u00e7\u00e3o<\/a>\n<a href=\"https:\/\/www.comunicarmais.com.br\/site\/tag\/ensino\/\" class=\"tag-cloud-link tag-link-233 tag-link-position-12\" style=\"font-size: 10.446601941748pt;\" aria-label=\"Ensino (32 itens)\">Ensino<\/a>\n<a href=\"https:\/\/www.comunicarmais.com.br\/site\/tag\/escola\/\" class=\"tag-cloud-link tag-link-229 tag-link-position-13\" style=\"font-size: 9.631067961165pt;\" aria-label=\"Escola (28 itens)\">Escola<\/a>\n<a href=\"https:\/\/www.comunicarmais.com.br\/site\/tag\/eua\/\" class=\"tag-cloud-link tag-link-664 tag-link-position-14\" style=\"font-size: 12.077669902913pt;\" aria-label=\"EUA (43 itens)\">EUA<\/a>\n<a href=\"https:\/\/www.comunicarmais.com.br\/site\/tag\/feira-de-santana\/\" class=\"tag-cloud-link tag-link-642 tag-link-position-15\" style=\"font-size: 9.2233009708738pt;\" aria-label=\"Feira de Santana (26 itens)\">Feira de Santana<\/a>\n<a href=\"https:\/\/www.comunicarmais.com.br\/site\/tag\/ficco\/\" class=\"tag-cloud-link tag-link-143 tag-link-position-16\" style=\"font-size: 9.2233009708738pt;\" aria-label=\"Ficco (26 itens)\">Ficco<\/a>\n<a href=\"https:\/\/www.comunicarmais.com.br\/site\/tag\/folia\/\" class=\"tag-cloud-link tag-link-566 tag-link-position-17\" style=\"font-size: 9.2233009708738pt;\" aria-label=\"Folia (26 itens)\">Folia<\/a>\n<a href=\"https:\/\/www.comunicarmais.com.br\/site\/tag\/futebol\/\" class=\"tag-cloud-link tag-link-40 tag-link-position-18\" style=\"font-size: 13.029126213592pt;\" aria-label=\"Futebol (50 itens)\">Futebol<\/a>\n<a href=\"https:\/\/www.comunicarmais.com.br\/site\/tag\/homicidio\/\" class=\"tag-cloud-link tag-link-101 tag-link-position-19\" style=\"font-size: 10.582524271845pt;\" aria-label=\"Homic\u00eddio (33 itens)\">Homic\u00eddio<\/a>\n<a href=\"https:\/\/www.comunicarmais.com.br\/site\/tag\/itapagipe\/\" class=\"tag-cloud-link tag-link-471 tag-link-position-20\" style=\"font-size: 10.038834951456pt;\" aria-label=\"Itapagipe (30 itens)\">Itapagipe<\/a>\n<a href=\"https:\/\/www.comunicarmais.com.br\/site\/tag\/itaparica\/\" class=\"tag-cloud-link tag-link-301 tag-link-position-21\" style=\"font-size: 8pt;\" aria-label=\"Itaparica (21 itens)\">Itaparica<\/a>\n<a href=\"https:\/\/www.comunicarmais.com.br\/site\/tag\/jeronimo-rodrigues\/\" class=\"tag-cloud-link tag-link-668 tag-link-position-22\" style=\"font-size: 8.2718446601942pt;\" aria-label=\"Jer\u00f4nimo Rodrigues (22 itens)\">Jer\u00f4nimo Rodrigues<\/a>\n<a href=\"https:\/\/www.comunicarmais.com.br\/site\/tag\/justica\/\" class=\"tag-cloud-link tag-link-361 tag-link-position-23\" style=\"font-size: 10.582524271845pt;\" aria-label=\"Justi\u00e7a (33 itens)\">Justi\u00e7a<\/a>\n<a href=\"https:\/\/www.comunicarmais.com.br\/site\/tag\/lauro-de-freitas\/\" class=\"tag-cloud-link tag-link-594 tag-link-position-24\" style=\"font-size: 18.194174757282pt;\" aria-label=\"Lauro de Freitas (122 itens)\">Lauro de Freitas<\/a>\n<a href=\"https:\/\/www.comunicarmais.com.br\/site\/tag\/lazer\/\" class=\"tag-cloud-link tag-link-568 tag-link-position-25\" style=\"font-size: 9.2233009708738pt;\" aria-label=\"Lazer (26 itens)\">Lazer<\/a>\n<a href=\"https:\/\/www.comunicarmais.com.br\/site\/tag\/lula\/\" class=\"tag-cloud-link tag-link-416 tag-link-position-26\" style=\"font-size: 12.21359223301pt;\" aria-label=\"Lula (44 itens)\">Lula<\/a>\n<a href=\"https:\/\/www.comunicarmais.com.br\/site\/tag\/meio-ambiente\/\" class=\"tag-cloud-link tag-link-475 tag-link-position-27\" style=\"font-size: 12.21359223301pt;\" aria-label=\"Meio Ambiente (44 itens)\">Meio Ambiente<\/a>\n<a href=\"https:\/\/www.comunicarmais.com.br\/site\/tag\/mobilidade\/\" class=\"tag-cloud-link tag-link-278 tag-link-position-28\" style=\"font-size: 13.844660194175pt;\" aria-label=\"Mobilidade (58 itens)\">Mobilidade<\/a>\n<a href=\"https:\/\/www.comunicarmais.com.br\/site\/tag\/mulher\/\" class=\"tag-cloud-link tag-link-450 tag-link-position-29\" style=\"font-size: 13.300970873786pt;\" aria-label=\"mulher (53 itens)\">mulher<\/a>\n<a href=\"https:\/\/www.comunicarmais.com.br\/site\/tag\/musica-2\/\" class=\"tag-cloud-link tag-link-747 tag-link-position-30\" style=\"font-size: 12.21359223301pt;\" aria-label=\"M\u00fasica (44 itens)\">M\u00fasica<\/a>\n<a href=\"https:\/\/www.comunicarmais.com.br\/site\/tag\/pcba\/\" class=\"tag-cloud-link tag-link-1332 tag-link-position-31\" style=\"font-size: 15.067961165049pt;\" aria-label=\"PCBA (72 itens)\">PCBA<\/a>\n<a href=\"https:\/\/www.comunicarmais.com.br\/site\/tag\/pmba\/\" class=\"tag-cloud-link tag-link-53 tag-link-position-32\" style=\"font-size: 18.194174757282pt;\" aria-label=\"PMBA (123 itens)\">PMBA<\/a>\n<a href=\"https:\/\/www.comunicarmais.com.br\/site\/tag\/policia-federal\/\" class=\"tag-cloud-link tag-link-620 tag-link-position-33\" style=\"font-size: 8.9514563106796pt;\" aria-label=\"Pol\u00edcia Federal (25 itens)\">Pol\u00edcia Federal<\/a>\n<a href=\"https:\/\/www.comunicarmais.com.br\/site\/tag\/politica\/\" class=\"tag-cloud-link tag-link-495 tag-link-position-34\" style=\"font-size: 16.291262135922pt;\" aria-label=\"Pol\u00edtica (89 itens)\">Pol\u00edtica<\/a>\n<a href=\"https:\/\/www.comunicarmais.com.br\/site\/tag\/rio-de-janeiro\/\" class=\"tag-cloud-link tag-link-152 tag-link-position-35\" style=\"font-size: 9.9029126213592pt;\" aria-label=\"Rio de Janeiro (29 itens)\">Rio de Janeiro<\/a>\n<a href=\"https:\/\/www.comunicarmais.com.br\/site\/tag\/salvador\/\" class=\"tag-cloud-link tag-link-125 tag-link-position-36\" style=\"font-size: 22pt;\" aria-label=\"Salvador (234 itens)\">Salvador<\/a>\n<a href=\"https:\/\/www.comunicarmais.com.br\/site\/tag\/saude\/\" class=\"tag-cloud-link tag-link-42 tag-link-position-37\" style=\"font-size: 17.78640776699pt;\" aria-label=\"Sa\u00fade (115 itens)\">Sa\u00fade<\/a>\n<a href=\"https:\/\/www.comunicarmais.com.br\/site\/tag\/seguranca\/\" class=\"tag-cloud-link tag-link-48 tag-link-position-38\" style=\"font-size: 9.2233009708738pt;\" aria-label=\"Seguran\u00e7a (26 itens)\">Seguran\u00e7a<\/a>\n<a href=\"https:\/\/www.comunicarmais.com.br\/site\/tag\/ssp-ba\/\" class=\"tag-cloud-link tag-link-1937 tag-link-position-39\" style=\"font-size: 8.9514563106796pt;\" aria-label=\"SSP-BA (25 itens)\">SSP-BA<\/a>\n<a href=\"https:\/\/www.comunicarmais.com.br\/site\/tag\/sspba\/\" class=\"tag-cloud-link tag-link-144 tag-link-position-40\" style=\"font-size: 11.398058252427pt;\" aria-label=\"SSPBA (38 itens)\">SSPBA<\/a>\n<a href=\"https:\/\/www.comunicarmais.com.br\/site\/tag\/stf\/\" class=\"tag-cloud-link tag-link-68 tag-link-position-41\" style=\"font-size: 14.252427184466pt;\" aria-label=\"STF (62 itens)\">STF<\/a>\n<a href=\"https:\/\/www.comunicarmais.com.br\/site\/tag\/sao-paulo\/\" class=\"tag-cloud-link tag-link-612 tag-link-position-42\" style=\"font-size: 8pt;\" aria-label=\"S\u00e3o Paulo (21 itens)\">S\u00e3o Paulo<\/a>\n<a href=\"https:\/\/www.comunicarmais.com.br\/site\/tag\/transito-2\/\" class=\"tag-cloud-link tag-link-377 tag-link-position-43\" style=\"font-size: 8.2718446601942pt;\" aria-label=\"tr\u00e2nsito (22 itens)\">tr\u00e2nsito<\/a>\n<a href=\"https:\/\/www.comunicarmais.com.br\/site\/tag\/turismo\/\" class=\"tag-cloud-link tag-link-225 tag-link-position-44\" style=\"font-size: 9.631067961165pt;\" aria-label=\"Turismo (28 itens)\">Turismo<\/a>\n<a href=\"https:\/\/www.comunicarmais.com.br\/site\/tag\/uruguai\/\" class=\"tag-cloud-link tag-link-323 tag-link-position-45\" style=\"font-size: 9.631067961165pt;\" aria-label=\"Uruguai (28 itens)\">Uruguai<\/a><\/p>","protected":false},"excerpt":{"rendered":"<p>A\u00e7\u00e3o tem como objetivo garantir que idosos que enfrentam limita\u00e7\u00f5es de mobilidade ou poucas oportunidades de lazer possam vivenciar grandes eventos culturais da cidade<\/p>\n","protected":false},"author":2,"featured_media":11969,"comment_status":"open","ping_status":"open","sticky":false,"template":"","format":"standard","meta":{"_acf_changed":false,"footnotes":""},"categories":[11],"tags":[180,582,913,3110,125],"class_list":["post-11967","post","type-post","status-publish","format-standard","has-post-thumbnail","hentry","category-cultura-lazer","tag-boca-do-rio","tag-idoso","tag-idosos","tag-roberto-carlos","tag-salvador"],"acf":[],"yoast_head":"<!-- This site is optimized with the Yoast SEO plugin v26.1.1 - https:\/\/yoast.com\/wordpress\/plugins\/seo\/ -->\n<title>Emo\u00e7\u00e3o marca presen\u00e7a de 800 idosos levados pela Prefeitura para show de Roberto Carlos em Salvador - Comunicar Mais<\/title>\n<meta name=\"description\" content=\"A\u00e7\u00e3o tem como objetivo garantir que idosos que enfrentam limita\u00e7\u00f5es de mobilidade ou poucas oportunidades de lazer possam vivenciar grandes eventos culturais da cidade\" \/>\n<meta name=\"robots\" content=\"index, follow, max-snippet:-1, max-image-preview:large, max-video-preview:-1\" \/>\n<link rel=\"canonical\" href=\"https:\/\/www.comunicarmais.com.br\/site\/2025\/12\/27\/emocao-marca-presenca-de-800-idosos-levados-pela-prefeitura-para-show-de-roberto-carlos-em-salvador\/\" \/>\n<meta property=\"og:locale\" content=\"pt_BR\" \/>\n<meta property=\"og:type\" content=\"article\" \/>\n<meta property=\"og:title\" content=\"Emo\u00e7\u00e3o marca presen\u00e7a de 800 idosos levados pela Prefeitura para show de Roberto Carlos em Salvador - Comunicar Mais\" \/>\n<meta property=\"og:description\" content=\"A\u00e7\u00e3o tem como objetivo garantir que idosos que enfrentam limita\u00e7\u00f5es de mobilidade ou poucas oportunidades de lazer possam vivenciar grandes eventos culturais da cidade\" \/>\n<meta property=\"og:url\" content=\"https:\/\/www.comunicarmais.com.br\/site\/2025\/12\/27\/emocao-marca-presenca-de-800-idosos-levados-pela-prefeitura-para-show-de-roberto-carlos-em-salvador\/\" \/>\n<meta property=\"og:site_name\" content=\"Comunicar Mais\" \/>\n<meta property=\"article:publisher\" content=\"https:\/\/www.facebook.com\/comunicarmais\/\" \/>\n<meta property=\"article:author\" content=\"https:\/\/www.facebook.com\/comunicarmais\/\" \/>\n<meta property=\"article:published_time\" content=\"2025-12-27T12:52:00+00:00\" \/>\n<meta property=\"article:modified_time\" content=\"2026-01-01T06:21:51+00:00\" \/>\n<meta property=\"og:image\" content=\"https:\/\/www.comunicarmais.com.br\/site\/wp-content\/uploads\/2025\/12\/WhatsApp-Image-2025-12-27-at-09.31.11.jpeg\" \/>\n\t<meta property=\"og:image:width\" content=\"1600\" \/>\n\t<meta property=\"og:image:height\" content=\"1066\" \/>\n\t<meta property=\"og:image:type\" content=\"image\/jpeg\" \/>\n<meta name=\"author\" content=\"Comunicar Mais\" \/>\n<meta name=\"twitter:card\" content=\"summary_large_image\" \/>\n<meta name=\"twitter:creator\" content=\"@ComunicarmaisBA\" \/>\n<meta name=\"twitter:site\" content=\"@ComunicarmaisBA\" \/>\n<meta name=\"twitter:label1\" content=\"Escrito por\" \/>\n\t<meta name=\"twitter:data1\" content=\"Comunicar Mais\" \/>\n\t<meta name=\"twitter:label2\" content=\"Est. tempo de leitura\" \/>\n\t<meta name=\"twitter:data2\" content=\"5 minutos\" \/>\n<script type=\"application\/ld+json\" class=\"yoast-schema-graph\">{\"@context\":\"https:\/\/schema.org\",\"@graph\":[{\"@type\":\"WebPage\",\"@id\":\"https:\/\/www.comunicarmais.com.br\/site\/2025\/12\/27\/emocao-marca-presenca-de-800-idosos-levados-pela-prefeitura-para-show-de-roberto-carlos-em-salvador\/\",\"url\":\"https:\/\/www.comunicarmais.com.br\/site\/2025\/12\/27\/emocao-marca-presenca-de-800-idosos-levados-pela-prefeitura-para-show-de-roberto-carlos-em-salvador\/\",\"name\":\"Emo\u00e7\u00e3o marca presen\u00e7a de 800 idosos levados pela Prefeitura para show de Roberto Carlos em Salvador - Comunicar Mais\",\"isPartOf\":{\"@id\":\"https:\/\/www.comunicarmais.com.br\/site\/#website\"},\"primaryImageOfPage\":{\"@id\":\"https:\/\/www.comunicarmais.com.br\/site\/2025\/12\/27\/emocao-marca-presenca-de-800-idosos-levados-pela-prefeitura-para-show-de-roberto-carlos-em-salvador\/#primaryimage\"},\"image\":{\"@id\":\"https:\/\/www.comunicarmais.com.br\/site\/2025\/12\/27\/emocao-marca-presenca-de-800-idosos-levados-pela-prefeitura-para-show-de-roberto-carlos-em-salvador\/#primaryimage\"},\"thumbnailUrl\":\"https:\/\/www.comunicarmais.com.br\/site\/wp-content\/uploads\/2025\/12\/WhatsApp-Image-2025-12-27-at-09.31.11.jpeg\",\"datePublished\":\"2025-12-27T12:52:00+00:00\",\"dateModified\":\"2026-01-01T06:21:51+00:00\",\"author\":{\"@id\":\"https:\/\/www.comunicarmais.com.br\/site\/#\/schema\/person\/712f7b6b25b644e4a91c4173674cf284\"},\"description\":\"A\u00e7\u00e3o tem como objetivo garantir que idosos que enfrentam limita\u00e7\u00f5es de mobilidade ou poucas oportunidades de lazer possam vivenciar grandes eventos culturais da cidade\",\"breadcrumb\":{\"@id\":\"https:\/\/www.comunicarmais.com.br\/site\/2025\/12\/27\/emocao-marca-presenca-de-800-idosos-levados-pela-prefeitura-para-show-de-roberto-carlos-em-salvador\/#breadcrumb\"},\"inLanguage\":\"pt-BR\",\"potentialAction\":[{\"@type\":\"ReadAction\",\"target\":[\"https:\/\/www.comunicarmais.com.br\/site\/2025\/12\/27\/emocao-marca-presenca-de-800-idosos-levados-pela-prefeitura-para-show-de-roberto-carlos-em-salvador\/\"]}]},{\"@type\":\"ImageObject\",\"inLanguage\":\"pt-BR\",\"@id\":\"https:\/\/www.comunicarmais.com.br\/site\/2025\/12\/27\/emocao-marca-presenca-de-800-idosos-levados-pela-prefeitura-para-show-de-roberto-carlos-em-salvador\/#primaryimage\",\"url\":\"https:\/\/www.comunicarmais.com.br\/site\/wp-content\/uploads\/2025\/12\/WhatsApp-Image-2025-12-27-at-09.31.11.jpeg\",\"contentUrl\":\"https:\/\/www.comunicarmais.com.br\/site\/wp-content\/uploads\/2025\/12\/WhatsApp-Image-2025-12-27-at-09.31.11.jpeg\",\"width\":1600,\"height\":1066},{\"@type\":\"BreadcrumbList\",\"@id\":\"https:\/\/www.comunicarmais.com.br\/site\/2025\/12\/27\/emocao-marca-presenca-de-800-idosos-levados-pela-prefeitura-para-show-de-roberto-carlos-em-salvador\/#breadcrumb\",\"itemListElement\":[{\"@type\":\"ListItem\",\"position\":1,\"name\":\"In\u00edcio\",\"item\":\"https:\/\/www.comunicarmais.com.br\/site\/\"},{\"@type\":\"ListItem\",\"position\":2,\"name\":\"Emo\u00e7\u00e3o marca presen\u00e7a de 800 idosos levados pela Prefeitura para show de Roberto Carlos em Salvador\"}]},{\"@type\":\"WebSite\",\"@id\":\"https:\/\/www.comunicarmais.com.br\/site\/#website\",\"url\":\"https:\/\/www.comunicarmais.com.br\/site\/\",\"name\":\"Comunicar Mais\",\"description\":\"\",\"potentialAction\":[{\"@type\":\"SearchAction\",\"target\":{\"@type\":\"EntryPoint\",\"urlTemplate\":\"https:\/\/www.comunicarmais.com.br\/site\/?s={search_term_string}\"},\"query-input\":{\"@type\":\"PropertyValueSpecification\",\"valueRequired\":true,\"valueName\":\"search_term_string\"}}],\"inLanguage\":\"pt-BR\"},{\"@type\":\"Person\",\"@id\":\"https:\/\/www.comunicarmais.com.br\/site\/#\/schema\/person\/712f7b6b25b644e4a91c4173674cf284\",\"name\":\"Comunicar Mais\",\"image\":{\"@type\":\"ImageObject\",\"inLanguage\":\"pt-BR\",\"@id\":\"https:\/\/www.comunicarmais.com.br\/site\/#\/schema\/person\/image\/\",\"url\":\"https:\/\/secure.gravatar.com\/avatar\/9803218072e2c0dc265d3d787b54c2c33325e79f79732707fddfbf1efd82c678?s=96&d=mm&r=g\",\"contentUrl\":\"https:\/\/secure.gravatar.com\/avatar\/9803218072e2c0dc265d3d787b54c2c33325e79f79732707fddfbf1efd82c678?s=96&d=mm&r=g\",\"caption\":\"Comunicar Mais\"},\"description\":\"Deixe as ideologias com os ide\u00f3logos. Noticiamos fatos, n\u00e3o brigamos com eles. Aqui, voc\u00ea fica bem informado do que acontece no seu bairro e no mundo. Informar com \u00e9tica e responsabilidade s\u00e3o as bandeiras do Comunicarmais.\",\"sameAs\":[\"https:\/\/www.comunicarmais.com.br\/site\/\",\"https:\/\/www.facebook.com\/comunicarmais\/\",\"https:\/\/www.instagram.com\/comunicarmaisba\/\",\"https:\/\/x.com\/ComunicarmaisBA\"],\"url\":\"https:\/\/www.comunicarmais.com.br\/site\/author\/gerenciador\/\"}]}<\/script>\n<!-- \/ Yoast SEO plugin. -->","yoast_head_json":{"title":"Emo\u00e7\u00e3o marca presen\u00e7a de 800 idosos levados pela Prefeitura para show de Roberto Carlos em Salvador - Comunicar Mais","description":"A\u00e7\u00e3o tem como objetivo garantir que idosos que enfrentam limita\u00e7\u00f5es de mobilidade ou poucas oportunidades de lazer possam vivenciar grandes eventos culturais da cidade","robots":{"index":"index","follow":"follow","max-snippet":"max-snippet:-1","max-image-preview":"max-image-preview:large","max-video-preview":"max-video-preview:-1"},"canonical":"https:\/\/www.comunicarmais.com.br\/site\/2025\/12\/27\/emocao-marca-presenca-de-800-idosos-levados-pela-prefeitura-para-show-de-roberto-carlos-em-salvador\/","og_locale":"pt_BR","og_type":"article","og_title":"Emo\u00e7\u00e3o marca presen\u00e7a de 800 idosos levados pela Prefeitura para show de Roberto Carlos em Salvador - Comunicar Mais","og_description":"A\u00e7\u00e3o tem como objetivo garantir que idosos que enfrentam limita\u00e7\u00f5es de mobilidade ou poucas oportunidades de lazer possam vivenciar grandes eventos culturais da cidade","og_url":"https:\/\/www.comunicarmais.com.br\/site\/2025\/12\/27\/emocao-marca-presenca-de-800-idosos-levados-pela-prefeitura-para-show-de-roberto-carlos-em-salvador\/","og_site_name":"Comunicar Mais","article_publisher":"https:\/\/www.facebook.com\/comunicarmais\/","article_author":"https:\/\/www.facebook.com\/comunicarmais\/","article_published_time":"2025-12-27T12:52:00+00:00","article_modified_time":"2026-01-01T06:21:51+00:00","og_image":[{"width":1600,"height":1066,"url":"https:\/\/www.comunicarmais.com.br\/site\/wp-content\/uploads\/2025\/12\/WhatsApp-Image-2025-12-27-at-09.31.11.jpeg","type":"image\/jpeg"}],"author":"Comunicar Mais","twitter_card":"summary_large_image","twitter_creator":"@ComunicarmaisBA","twitter_site":"@ComunicarmaisBA","twitter_misc":{"Escrito por":"Comunicar Mais","Est. tempo de leitura":"5 minutos"},"schema":{"@context":"https:\/\/schema.org","@graph":[{"@type":"WebPage","@id":"https:\/\/www.comunicarmais.com.br\/site\/2025\/12\/27\/emocao-marca-presenca-de-800-idosos-levados-pela-prefeitura-para-show-de-roberto-carlos-em-salvador\/","url":"https:\/\/www.comunicarmais.com.br\/site\/2025\/12\/27\/emocao-marca-presenca-de-800-idosos-levados-pela-prefeitura-para-show-de-roberto-carlos-em-salvador\/","name":"Emo\u00e7\u00e3o marca presen\u00e7a de 800 idosos levados pela Prefeitura para show de Roberto Carlos em Salvador - Comunicar Mais","isPartOf":{"@id":"https:\/\/www.comunicarmais.com.br\/site\/#website"},"primaryImageOfPage":{"@id":"https:\/\/www.comunicarmais.com.br\/site\/2025\/12\/27\/emocao-marca-presenca-de-800-idosos-levados-pela-prefeitura-para-show-de-roberto-carlos-em-salvador\/#primaryimage"},"image":{"@id":"https:\/\/www.comunicarmais.com.br\/site\/2025\/12\/27\/emocao-marca-presenca-de-800-idosos-levados-pela-prefeitura-para-show-de-roberto-carlos-em-salvador\/#primaryimage"},"thumbnailUrl":"https:\/\/www.comunicarmais.com.br\/site\/wp-content\/uploads\/2025\/12\/WhatsApp-Image-2025-12-27-at-09.31.11.jpeg","datePublished":"2025-12-27T12:52:00+00:00","dateModified":"2026-01-01T06:21:51+00:00","author":{"@id":"https:\/\/www.comunicarmais.com.br\/site\/#\/schema\/person\/712f7b6b25b644e4a91c4173674cf284"},"description":"A\u00e7\u00e3o tem como objetivo garantir que idosos que enfrentam limita\u00e7\u00f5es de mobilidade ou poucas oportunidades de lazer possam vivenciar grandes eventos culturais da cidade","breadcrumb":{"@id":"https:\/\/www.comunicarmais.com.br\/site\/2025\/12\/27\/emocao-marca-presenca-de-800-idosos-levados-pela-prefeitura-para-show-de-roberto-carlos-em-salvador\/#breadcrumb"},"inLanguage":"pt-BR","potentialAction":[{"@type":"ReadAction","target":["https:\/\/www.comunicarmais.com.br\/site\/2025\/12\/27\/emocao-marca-presenca-de-800-idosos-levados-pela-prefeitura-para-show-de-roberto-carlos-em-salvador\/"]}]},{"@type":"ImageObject","inLanguage":"pt-BR","@id":"https:\/\/www.comunicarmais.com.br\/site\/2025\/12\/27\/emocao-marca-presenca-de-800-idosos-levados-pela-prefeitura-para-show-de-roberto-carlos-em-salvador\/#primaryimage","url":"https:\/\/www.comunicarmais.com.br\/site\/wp-content\/uploads\/2025\/12\/WhatsApp-Image-2025-12-27-at-09.31.11.jpeg","contentUrl":"https:\/\/www.comunicarmais.com.br\/site\/wp-content\/uploads\/2025\/12\/WhatsApp-Image-2025-12-27-at-09.31.11.jpeg","width":1600,"height":1066},{"@type":"BreadcrumbList","@id":"https:\/\/www.comunicarmais.com.br\/site\/2025\/12\/27\/emocao-marca-presenca-de-800-idosos-levados-pela-prefeitura-para-show-de-roberto-carlos-em-salvador\/#breadcrumb","itemListElement":[{"@type":"ListItem","position":1,"name":"In\u00edcio","item":"https:\/\/www.comunicarmais.com.br\/site\/"},{"@type":"ListItem","position":2,"name":"Emo\u00e7\u00e3o marca presen\u00e7a de 800 idosos levados pela Prefeitura para show de Roberto Carlos em Salvador"}]},{"@type":"WebSite","@id":"https:\/\/www.comunicarmais.com.br\/site\/#website","url":"https:\/\/www.comunicarmais.com.br\/site\/","name":"Comunicar Mais","description":"","potentialAction":[{"@type":"SearchAction","target":{"@type":"EntryPoint","urlTemplate":"https:\/\/www.comunicarmais.com.br\/site\/?s={search_term_string}"},"query-input":{"@type":"PropertyValueSpecification","valueRequired":true,"valueName":"search_term_string"}}],"inLanguage":"pt-BR"},{"@type":"Person","@id":"https:\/\/www.comunicarmais.com.br\/site\/#\/schema\/person\/712f7b6b25b644e4a91c4173674cf284","name":"Comunicar Mais","image":{"@type":"ImageObject","inLanguage":"pt-BR","@id":"https:\/\/www.comunicarmais.com.br\/site\/#\/schema\/person\/image\/","url":"https:\/\/secure.gravatar.com\/avatar\/9803218072e2c0dc265d3d787b54c2c33325e79f79732707fddfbf1efd82c678?s=96&d=mm&r=g","contentUrl":"https:\/\/secure.gravatar.com\/avatar\/9803218072e2c0dc265d3d787b54c2c33325e79f79732707fddfbf1efd82c678?s=96&d=mm&r=g","caption":"Comunicar Mais"},"description":"Deixe as ideologias com os ide\u00f3logos. Noticiamos fatos, n\u00e3o brigamos com eles. Aqui, voc\u00ea fica bem informado do que acontece no seu bairro e no mundo. Informar com \u00e9tica e responsabilidade s\u00e3o as bandeiras do Comunicarmais.","sameAs":["https:\/\/www.comunicarmais.com.br\/site\/","https:\/\/www.facebook.com\/comunicarmais\/","https:\/\/www.instagram.com\/comunicarmaisba\/","https:\/\/x.com\/ComunicarmaisBA"],"url":"https:\/\/www.comunicarmais.com.br\/site\/author\/gerenciador\/"}]}},"_links":{"self":[{"href":"https:\/\/www.comunicarmais.com.br\/site\/wp-json\/wp\/v2\/posts\/11967","targetHints":{"allow":["GET"]}}],"collection":[{"href":"https:\/\/www.comunicarmais.com.br\/site\/wp-json\/wp\/v2\/posts"}],"about":[{"href":"https:\/\/www.comunicarmais.com.br\/site\/wp-json\/wp\/v2\/types\/post"}],"author":[{"embeddable":true,"href":"https:\/\/www.comunicarmais.com.br\/site\/wp-json\/wp\/v2\/users\/2"}],"replies":[{"embeddable":true,"href":"https:\/\/www.comunicarmais.com.br\/site\/wp-json\/wp\/v2\/comments?post=11967"}],"version-history":[{"count":1,"href":"https:\/\/www.comunicarmais.com.br\/site\/wp-json\/wp\/v2\/posts\/11967\/revisions"}],"predecessor-version":[{"id":11975,"href":"https:\/\/www.comunicarmais.com.br\/site\/wp-json\/wp\/v2\/posts\/11967\/revisions\/11975"}],"wp:featuredmedia":[{"embeddable":true,"href":"https:\/\/www.comunicarmais.com.br\/site\/wp-json\/wp\/v2\/media\/11969"}],"wp:attachment":[{"href":"https:\/\/www.comunicarmais.com.br\/site\/wp-json\/wp\/v2\/media?parent=11967"}],"wp:term":[{"taxonomy":"category","embeddable":true,"href":"https:\/\/www.comunicarmais.com.br\/site\/wp-json\/wp\/v2\/categories?post=11967"},{"taxonomy":"post_tag","embeddable":true,"href":"https:\/\/www.comunicarmais.com.br\/site\/wp-json\/wp\/v2\/tags?post=11967"}],"curies":[{"name":"wp","href":"https:\/\/api.w.org\/{rel}","templated":true}]}}