{"id":11926,"date":"2025-12-19T12:05:00","date_gmt":"2025-12-19T15:05:00","guid":{"rendered":"https:\/\/www.comunicarmais.com.br\/site\/?p=11926"},"modified":"2025-12-25T19:59:10","modified_gmt":"2025-12-25T22:59:10","slug":"prefeitura-de-salvador-inicia-a-construcao-do-primeiro-centro-comunitario-pela-vida-do-brasil","status":"publish","type":"post","link":"https:\/\/www.comunicarmais.com.br\/site\/2025\/12\/19\/prefeitura-de-salvador-inicia-a-construcao-do-primeiro-centro-comunitario-pela-vida-do-brasil\/","title":{"rendered":"Prefeitura de Salvador inicia constru\u00e7\u00e3o do primeiro Centro Comunit\u00e1rio pela Vida do Brasil"},"content":{"rendered":"\n<p><strong>Equipamento voltado \u00e0 preven\u00e7\u00e3o da viol\u00eancia, \u00e0 redu\u00e7\u00e3o da criminalidade e \u00e0 promo\u00e7\u00e3o da cultura da paz funcionar\u00e1 no bairro de Piraj\u00e1<\/strong><\/p>\n\n\n\n<figure class=\"wp-block-image size-full\"><img decoding=\"async\" width=\"1280\" height=\"854\" data-src=\"https:\/\/www.comunicarmais.com.br\/site\/wp-content\/uploads\/2025\/12\/WhatsApp-Image-2025-12-19-at-11.38.16.jpeg\" alt=\"\" class=\"wp-image-11928 lazyload\" data-srcset=\"https:\/\/www.comunicarmais.com.br\/site\/wp-content\/uploads\/2025\/12\/WhatsApp-Image-2025-12-19-at-11.38.16.jpeg 1280w, https:\/\/www.comunicarmais.com.br\/site\/wp-content\/uploads\/2025\/12\/WhatsApp-Image-2025-12-19-at-11.38.16-1024x683.jpeg 1024w, https:\/\/www.comunicarmais.com.br\/site\/wp-content\/uploads\/2025\/12\/WhatsApp-Image-2025-12-19-at-11.38.16-768x512.jpeg 768w\" data-sizes=\"(max-width: 1280px) 100vw, 1280px\" src=\"data:image\/svg+xml;base64,PHN2ZyB3aWR0aD0iMSIgaGVpZ2h0PSIxIiB4bWxucz0iaHR0cDovL3d3dy53My5vcmcvMjAwMC9zdmciPjwvc3ZnPg==\" style=\"--smush-placeholder-width: 1280px; --smush-placeholder-aspect-ratio: 1280\/854;\" \/><figcaption class=\"wp-element-caption\"><em><sup>(Foto: Bruno Concha\/ Secom PMS)<\/sup><\/em><\/figcaption><\/figure>\n\n\n\n<p><strong>Reda\u00e7\u00e3o Mais &#8211; <\/strong>A Prefeitura de Salvador iniciou, nesta sexta-feira (19), as obras do primeiro Centro Comunit\u00e1rio pela Vida (Convive) do Brasil, equipamento voltado \u00e0 preven\u00e7\u00e3o da viol\u00eancia, \u00e0 redu\u00e7\u00e3o da criminalidade e \u00e0 promo\u00e7\u00e3o da cultura da paz. O complexo ser\u00e1 implantado na Rua do Paquist\u00e3o, ao lado da esta\u00e7\u00e3o de metr\u00f4 e do terminal rodovi\u00e1rio de Piraj\u00e1, reunindo uma estrutura integrada de servi\u00e7os de educa\u00e7\u00e3o e tecnologia, esportes e lazer, sa\u00fade e bem-estar, cultura, qualifica\u00e7\u00e3o profissional, gera\u00e7\u00e3o de renda, prote\u00e7\u00e3o de direitos, cidadania e assist\u00eancia social.<\/p>\n\n\n\n<p>Entre as instala\u00e7\u00f5es previstas est\u00e3o uma piscina semiol\u00edmpica, quadra poliesportiva coberta, campo de futebol society, consult\u00f3rios m\u00e9dico, odontol\u00f3gico e psicol\u00f3gico, audit\u00f3rio, biblioteca, salas multiuso para qualifica\u00e7\u00e3o profissional e para aulas de dan\u00e7a, de jud\u00f4, jiu-jitsu, al\u00e9m de laborat\u00f3rio de inform\u00e1tica, unidade do Cras e parque infantil. As obras ter\u00e3o investimento de R$ 10,3 milh\u00f5es e contam com recursos do Minist\u00e9rio da Justi\u00e7a e Seguran\u00e7a P\u00fablica.<\/p>\n\n\n\n<figure class=\"wp-block-image size-full\"><img decoding=\"async\" width=\"1280\" height=\"854\" data-src=\"https:\/\/www.comunicarmais.com.br\/site\/wp-content\/uploads\/2025\/12\/WhatsApp-Image-2025-12-19-at-11.38.23.jpeg\" alt=\"\" class=\"wp-image-11930 lazyload\" data-srcset=\"https:\/\/www.comunicarmais.com.br\/site\/wp-content\/uploads\/2025\/12\/WhatsApp-Image-2025-12-19-at-11.38.23.jpeg 1280w, https:\/\/www.comunicarmais.com.br\/site\/wp-content\/uploads\/2025\/12\/WhatsApp-Image-2025-12-19-at-11.38.23-1024x683.jpeg 1024w, https:\/\/www.comunicarmais.com.br\/site\/wp-content\/uploads\/2025\/12\/WhatsApp-Image-2025-12-19-at-11.38.23-768x512.jpeg 768w\" data-sizes=\"(max-width: 1280px) 100vw, 1280px\" src=\"data:image\/svg+xml;base64,PHN2ZyB3aWR0aD0iMSIgaGVpZ2h0PSIxIiB4bWxucz0iaHR0cDovL3d3dy53My5vcmcvMjAwMC9zdmciPjwvc3ZnPg==\" style=\"--smush-placeholder-width: 1280px; --smush-placeholder-aspect-ratio: 1280\/854;\" \/><figcaption class=\"wp-element-caption\"><em><sup>(Foto: Bruno Concha\/ Secom PMS)<\/sup><\/em><\/figcaption><\/figure>\n\n\n\n<p>Durante a assinatura da ordem de servi\u00e7o para a constru\u00e7\u00e3o, o prefeito Bruno Reis destacou que a capital baiana foi uma das 30 cidades do pa\u00eds a ser selecionada para implanta\u00e7\u00e3o do Convive, al\u00e9m de ser a primeira a dar in\u00edcio ao projeto. Diversas autoridades participaram do ato, entre elas o secret\u00e1rio de Justi\u00e7a e Direitos Humanos (SJDH) do Estado, Felipe Freitas.<\/p>\n\n\n\n<p>\u201cMais uma vez, Salvador mostra sua capacidade de gest\u00e3o e \u00e9 a primeira cidade do Brasil a iniciar a obra. Daqui a 12 meses, estaremos de volta para inaugurar esse equipamento que ser\u00e1 important\u00edssimo. Com ele, a Prefeitura, em parceria com governos federal e do estado, dar\u00e1 sua contribui\u00e7\u00e3o no enfrentamento \u00e0 viol\u00eancia, porque aqui vai proporcionar \u00e0 juventude oportunidades, seja no esporte, na cultura ou na forma\u00e7\u00e3o profissional\u201d, afirmou Bruno Reis.<\/p>\n\n\n\n<figure class=\"wp-block-image size-full\"><img decoding=\"async\" width=\"1280\" height=\"854\" data-src=\"https:\/\/www.comunicarmais.com.br\/site\/wp-content\/uploads\/2025\/12\/WhatsApp-Image-2025-12-19-at-11.38.19.jpeg\" alt=\"\" class=\"wp-image-11931 lazyload\" data-srcset=\"https:\/\/www.comunicarmais.com.br\/site\/wp-content\/uploads\/2025\/12\/WhatsApp-Image-2025-12-19-at-11.38.19.jpeg 1280w, https:\/\/www.comunicarmais.com.br\/site\/wp-content\/uploads\/2025\/12\/WhatsApp-Image-2025-12-19-at-11.38.19-1024x683.jpeg 1024w, https:\/\/www.comunicarmais.com.br\/site\/wp-content\/uploads\/2025\/12\/WhatsApp-Image-2025-12-19-at-11.38.19-768x512.jpeg 768w\" data-sizes=\"(max-width: 1280px) 100vw, 1280px\" src=\"data:image\/svg+xml;base64,PHN2ZyB3aWR0aD0iMSIgaGVpZ2h0PSIxIiB4bWxucz0iaHR0cDovL3d3dy53My5vcmcvMjAwMC9zdmciPjwvc3ZnPg==\" style=\"--smush-placeholder-width: 1280px; --smush-placeholder-aspect-ratio: 1280\/854;\" \/><figcaption class=\"wp-element-caption\"><em><sup>(Foto: Bruno Concha\/ Secom PMS)<\/sup><\/em><\/figcaption><\/figure>\n\n\n\n<p>A regi\u00e3o de Piraj\u00e1 foi escolhida com base em crit\u00e9rios t\u00e9cnicos, levando em conta o perfil socioecon\u00f4mico do territ\u00f3rio. O Convive ter\u00e1 \u00e1rea total de 10 mil metros quadrados e deve atender prioritariamente moradores em situa\u00e7\u00e3o de vulnerabilidade e risco social de bairros como Mata Escura, Jardim Santo In\u00e1cio, Calabet\u00e3o, Marechal Rondon, Campinas de Piraj\u00e1, S\u00e3o Caetano, Piraj\u00e1, Val\u00e9ria, entre outros, que somam mais de 490 mil habitantes.<\/p>\n\n\n\n<figure class=\"wp-block-image size-full\"><img decoding=\"async\" width=\"1280\" height=\"854\" data-src=\"https:\/\/www.comunicarmais.com.br\/site\/wp-content\/uploads\/2025\/12\/WhatsApp-Image-2025-12-19-at-11.38.14.jpeg\" alt=\"\" class=\"wp-image-11932 lazyload\" data-srcset=\"https:\/\/www.comunicarmais.com.br\/site\/wp-content\/uploads\/2025\/12\/WhatsApp-Image-2025-12-19-at-11.38.14.jpeg 1280w, https:\/\/www.comunicarmais.com.br\/site\/wp-content\/uploads\/2025\/12\/WhatsApp-Image-2025-12-19-at-11.38.14-1024x683.jpeg 1024w, https:\/\/www.comunicarmais.com.br\/site\/wp-content\/uploads\/2025\/12\/WhatsApp-Image-2025-12-19-at-11.38.14-768x512.jpeg 768w\" data-sizes=\"(max-width: 1280px) 100vw, 1280px\" src=\"data:image\/svg+xml;base64,PHN2ZyB3aWR0aD0iMSIgaGVpZ2h0PSIxIiB4bWxucz0iaHR0cDovL3d3dy53My5vcmcvMjAwMC9zdmciPjwvc3ZnPg==\" style=\"--smush-placeholder-width: 1280px; --smush-placeholder-aspect-ratio: 1280\/854;\" \/><figcaption class=\"wp-element-caption\"><em><sup>(Foto: Bruno Concha\/ Secom PMS)<\/sup><\/em><\/figcaption><\/figure>\n\n\n\n<p>O secret\u00e1rio de Promo\u00e7\u00e3o Social, Combate \u00e0 Pobreza, Esportes e Lazer (Sempre), J\u00fanior Magalh\u00e3es, explicou que a cria\u00e7\u00e3o da estrutura \u00e9 inspirada em experi\u00eancias de combate \u00e0 viol\u00eancia e \u00e0 criminalidade, com pioneirismo em Medell\u00edn, na Col\u00f4mbia. Modelos similares tamb\u00e9m j\u00e1 vinha sendo replicados no Brasil, a exemplo do Recife (PE), atrav\u00e9s de um projeto chamado Compaz, e no Par\u00e1, chamado Usina da Paz.<\/p>\n\n\n\n<p>\u201cTrata-se de um investimento que vai muito al\u00e9m da infraestrutura f\u00edsica. \u00c9 um espa\u00e7o pensado para prevenir a viol\u00eancia, fortalecer v\u00ednculos comunit\u00e1rios e ampliar oportunidades, integrando pol\u00edticas sociais, esportivas, educacionais e de cidadania. \u00c9 um equipamento integrado que entende que o combate \u00e0 viol\u00eancia n\u00e3o \u00e9 somente pol\u00edcia, mas em oportunizar \u00e0 popula\u00e7\u00e3o novos acessos a pol\u00edticas p\u00fablicas. Habilitamos esse projeto junto ao governo federal, pois o munic\u00edpio est\u00e1 com todas as suas finan\u00e7as organizadas e conseguimos ser selecionados entre 30 cidades do Brasil\u201d, afirmou.<\/p>\n\n\n\n<figure class=\"wp-block-image size-full\"><img decoding=\"async\" width=\"1280\" height=\"854\" data-src=\"https:\/\/www.comunicarmais.com.br\/site\/wp-content\/uploads\/2025\/12\/WhatsApp-Image-2025-12-19-at-11.38.24.jpeg\" alt=\"\" class=\"wp-image-11929 lazyload\" data-srcset=\"https:\/\/www.comunicarmais.com.br\/site\/wp-content\/uploads\/2025\/12\/WhatsApp-Image-2025-12-19-at-11.38.24.jpeg 1280w, https:\/\/www.comunicarmais.com.br\/site\/wp-content\/uploads\/2025\/12\/WhatsApp-Image-2025-12-19-at-11.38.24-1024x683.jpeg 1024w, https:\/\/www.comunicarmais.com.br\/site\/wp-content\/uploads\/2025\/12\/WhatsApp-Image-2025-12-19-at-11.38.24-768x512.jpeg 768w\" data-sizes=\"(max-width: 1280px) 100vw, 1280px\" src=\"data:image\/svg+xml;base64,PHN2ZyB3aWR0aD0iMSIgaGVpZ2h0PSIxIiB4bWxucz0iaHR0cDovL3d3dy53My5vcmcvMjAwMC9zdmciPjwvc3ZnPg==\" style=\"--smush-placeholder-width: 1280px; --smush-placeholder-aspect-ratio: 1280\/854;\" \/><figcaption class=\"wp-element-caption\"><em><sup>(Foto: Bruno Concha\/ Secom PMS)<\/sup><\/em><\/figcaption><\/figure>\n\n\n\n<p>Estudante e moradora de Piraj\u00e1, Ana Paula Borges, de 19 anos, aprovou o projeto do futuro complexo multifuncional. \u201c\u00c9 uma ideia muito boa para o bairro. Espa\u00e7os para incentivar o esporte, cursos e atividades para as crian\u00e7as nunca s\u00e3o demais. N\u00e3o apenas aqui, mas acredito que Salvador, em geral, ganhar\u00e1 bastante\u201d.<\/p>\n\n\n\n<p>Para o aposentado Carlos Alberto Silva Santos, 67, a constru\u00e7\u00e3o do centro vai fazer diferen\u00e7a no dia a dia. \u201cTer atendimento social, al\u00e9m de \u00e1reas de lazer, tudo no mesmo lugar, facilita a vida da popula\u00e7\u00e3o e contribui para melhorar a realidade da comunidade. A viol\u00eancia, infelizmente, est\u00e1 demais e investir em esporte e lazer ajuda muito a combater esse mal\u201d, avaliou.<\/p>\n\n\n\n<p>________________________________________________________________________________________________________________<\/p>\n\n\n<p class=\"wp-block-tag-cloud\"><a href=\"https:\/\/www.comunicarmais.com.br\/site\/tag\/bahia\/\" class=\"tag-cloud-link tag-link-171 tag-link-position-1\" style=\"font-size: 17.922330097087pt;\" aria-label=\"Bahia (116 itens)\">Bahia<\/a>\n<a href=\"https:\/\/www.comunicarmais.com.br\/site\/tag\/bolsonaro\/\" class=\"tag-cloud-link tag-link-112 tag-link-position-2\" style=\"font-size: 11.533980582524pt;\" aria-label=\"Bolsonaro (39 itens)\">Bolsonaro<\/a>\n<a href=\"https:\/\/www.comunicarmais.com.br\/site\/tag\/brasil\/\" class=\"tag-cloud-link tag-link-335 tag-link-position-3\" style=\"font-size: 12.893203883495pt;\" aria-label=\"Brasil (49 itens)\">Brasil<\/a>\n<a href=\"https:\/\/www.comunicarmais.com.br\/site\/tag\/camacari\/\" class=\"tag-cloud-link tag-link-435 tag-link-position-4\" style=\"font-size: 8.8155339805825pt;\" aria-label=\"Cama\u00e7ari (24 itens)\">Cama\u00e7ari<\/a>\n<a href=\"https:\/\/www.comunicarmais.com.br\/site\/tag\/carnaval\/\" class=\"tag-cloud-link tag-link-508 tag-link-position-5\" style=\"font-size: 12.893203883495pt;\" aria-label=\"Carnaval (49 itens)\">Carnaval<\/a>\n<a href=\"https:\/\/www.comunicarmais.com.br\/site\/tag\/cbx\/\" class=\"tag-cloud-link tag-link-1602 tag-link-position-6\" style=\"font-size: 11.398058252427pt;\" aria-label=\"CBX (38 itens)\">CBX<\/a>\n<a href=\"https:\/\/www.comunicarmais.com.br\/site\/tag\/cidade-baixa\/\" class=\"tag-cloud-link tag-link-456 tag-link-position-7\" style=\"font-size: 9.9029126213592pt;\" aria-label=\"Cidade Baixa (29 itens)\">Cidade Baixa<\/a>\n<a href=\"https:\/\/www.comunicarmais.com.br\/site\/tag\/cinema\/\" class=\"tag-cloud-link tag-link-985 tag-link-position-8\" style=\"font-size: 11.126213592233pt;\" aria-label=\"Cinema (36 itens)\">Cinema<\/a>\n<a href=\"https:\/\/www.comunicarmais.com.br\/site\/tag\/cultura\/\" class=\"tag-cloud-link tag-link-231 tag-link-position-9\" style=\"font-size: 12.21359223301pt;\" aria-label=\"Cultura (44 itens)\">Cultura<\/a>\n<a href=\"https:\/\/www.comunicarmais.com.br\/site\/tag\/drogas\/\" class=\"tag-cloud-link tag-link-165 tag-link-position-10\" style=\"font-size: 12.757281553398pt;\" aria-label=\"Drogas (48 itens)\">Drogas<\/a>\n<a href=\"https:\/\/www.comunicarmais.com.br\/site\/tag\/educacao\/\" class=\"tag-cloud-link tag-link-228 tag-link-position-11\" style=\"font-size: 12.485436893204pt;\" aria-label=\"Educa\u00e7\u00e3o (46 itens)\">Educa\u00e7\u00e3o<\/a>\n<a href=\"https:\/\/www.comunicarmais.com.br\/site\/tag\/ensino\/\" class=\"tag-cloud-link tag-link-233 tag-link-position-12\" style=\"font-size: 10.446601941748pt;\" aria-label=\"Ensino (32 itens)\">Ensino<\/a>\n<a href=\"https:\/\/www.comunicarmais.com.br\/site\/tag\/escola\/\" class=\"tag-cloud-link tag-link-229 tag-link-position-13\" style=\"font-size: 9.495145631068pt;\" aria-label=\"Escola (27 itens)\">Escola<\/a>\n<a href=\"https:\/\/www.comunicarmais.com.br\/site\/tag\/eua\/\" class=\"tag-cloud-link tag-link-664 tag-link-position-14\" style=\"font-size: 11.941747572816pt;\" aria-label=\"EUA (42 itens)\">EUA<\/a>\n<a href=\"https:\/\/www.comunicarmais.com.br\/site\/tag\/feira-de-santana\/\" class=\"tag-cloud-link tag-link-642 tag-link-position-15\" style=\"font-size: 9.2233009708738pt;\" aria-label=\"Feira de Santana (26 itens)\">Feira de Santana<\/a>\n<a href=\"https:\/\/www.comunicarmais.com.br\/site\/tag\/ficco\/\" class=\"tag-cloud-link tag-link-143 tag-link-position-16\" style=\"font-size: 9.2233009708738pt;\" aria-label=\"Ficco (26 itens)\">Ficco<\/a>\n<a href=\"https:\/\/www.comunicarmais.com.br\/site\/tag\/folia\/\" class=\"tag-cloud-link tag-link-566 tag-link-position-17\" style=\"font-size: 9.2233009708738pt;\" aria-label=\"Folia (26 itens)\">Folia<\/a>\n<a href=\"https:\/\/www.comunicarmais.com.br\/site\/tag\/futebol\/\" class=\"tag-cloud-link tag-link-40 tag-link-position-18\" style=\"font-size: 13.029126213592pt;\" aria-label=\"Futebol (50 itens)\">Futebol<\/a>\n<a href=\"https:\/\/www.comunicarmais.com.br\/site\/tag\/homicidio\/\" class=\"tag-cloud-link tag-link-101 tag-link-position-19\" style=\"font-size: 10.582524271845pt;\" aria-label=\"Homic\u00eddio (33 itens)\">Homic\u00eddio<\/a>\n<a href=\"https:\/\/www.comunicarmais.com.br\/site\/tag\/itapagipe\/\" class=\"tag-cloud-link tag-link-471 tag-link-position-20\" style=\"font-size: 10.038834951456pt;\" aria-label=\"Itapagipe (30 itens)\">Itapagipe<\/a>\n<a href=\"https:\/\/www.comunicarmais.com.br\/site\/tag\/itaparica\/\" class=\"tag-cloud-link tag-link-301 tag-link-position-21\" style=\"font-size: 8pt;\" aria-label=\"Itaparica (21 itens)\">Itaparica<\/a>\n<a href=\"https:\/\/www.comunicarmais.com.br\/site\/tag\/jeronimo-rodrigues\/\" class=\"tag-cloud-link tag-link-668 tag-link-position-22\" style=\"font-size: 8.2718446601942pt;\" aria-label=\"Jer\u00f4nimo Rodrigues (22 itens)\">Jer\u00f4nimo Rodrigues<\/a>\n<a href=\"https:\/\/www.comunicarmais.com.br\/site\/tag\/justica\/\" class=\"tag-cloud-link tag-link-361 tag-link-position-23\" style=\"font-size: 10.582524271845pt;\" aria-label=\"Justi\u00e7a (33 itens)\">Justi\u00e7a<\/a>\n<a href=\"https:\/\/www.comunicarmais.com.br\/site\/tag\/lauro-de-freitas\/\" class=\"tag-cloud-link tag-link-594 tag-link-position-24\" style=\"font-size: 18.194174757282pt;\" aria-label=\"Lauro de Freitas (122 itens)\">Lauro de Freitas<\/a>\n<a href=\"https:\/\/www.comunicarmais.com.br\/site\/tag\/lazer\/\" class=\"tag-cloud-link tag-link-568 tag-link-position-25\" style=\"font-size: 9.2233009708738pt;\" aria-label=\"Lazer (26 itens)\">Lazer<\/a>\n<a href=\"https:\/\/www.comunicarmais.com.br\/site\/tag\/lula\/\" class=\"tag-cloud-link tag-link-416 tag-link-position-26\" style=\"font-size: 12.21359223301pt;\" aria-label=\"Lula (44 itens)\">Lula<\/a>\n<a href=\"https:\/\/www.comunicarmais.com.br\/site\/tag\/meio-ambiente\/\" class=\"tag-cloud-link tag-link-475 tag-link-position-27\" style=\"font-size: 12.21359223301pt;\" aria-label=\"Meio Ambiente (44 itens)\">Meio Ambiente<\/a>\n<a href=\"https:\/\/www.comunicarmais.com.br\/site\/tag\/mobilidade\/\" class=\"tag-cloud-link tag-link-278 tag-link-position-28\" style=\"font-size: 13.844660194175pt;\" aria-label=\"Mobilidade (58 itens)\">Mobilidade<\/a>\n<a href=\"https:\/\/www.comunicarmais.com.br\/site\/tag\/mulher\/\" class=\"tag-cloud-link tag-link-450 tag-link-position-29\" style=\"font-size: 13.300970873786pt;\" aria-label=\"mulher (53 itens)\">mulher<\/a>\n<a href=\"https:\/\/www.comunicarmais.com.br\/site\/tag\/musica-2\/\" class=\"tag-cloud-link tag-link-747 tag-link-position-30\" style=\"font-size: 12.21359223301pt;\" aria-label=\"M\u00fasica (44 itens)\">M\u00fasica<\/a>\n<a href=\"https:\/\/www.comunicarmais.com.br\/site\/tag\/pcba\/\" class=\"tag-cloud-link tag-link-1332 tag-link-position-31\" style=\"font-size: 15.067961165049pt;\" aria-label=\"PCBA (72 itens)\">PCBA<\/a>\n<a href=\"https:\/\/www.comunicarmais.com.br\/site\/tag\/pmba\/\" class=\"tag-cloud-link tag-link-53 tag-link-position-32\" style=\"font-size: 18.194174757282pt;\" aria-label=\"PMBA (122 itens)\">PMBA<\/a>\n<a href=\"https:\/\/www.comunicarmais.com.br\/site\/tag\/policia-federal\/\" class=\"tag-cloud-link tag-link-620 tag-link-position-33\" style=\"font-size: 8.9514563106796pt;\" aria-label=\"Pol\u00edcia Federal (25 itens)\">Pol\u00edcia Federal<\/a>\n<a href=\"https:\/\/www.comunicarmais.com.br\/site\/tag\/politica\/\" class=\"tag-cloud-link tag-link-495 tag-link-position-34\" style=\"font-size: 16.291262135922pt;\" aria-label=\"Pol\u00edtica (89 itens)\">Pol\u00edtica<\/a>\n<a href=\"https:\/\/www.comunicarmais.com.br\/site\/tag\/rio-de-janeiro\/\" class=\"tag-cloud-link tag-link-152 tag-link-position-35\" style=\"font-size: 9.9029126213592pt;\" aria-label=\"Rio de Janeiro (29 itens)\">Rio de Janeiro<\/a>\n<a href=\"https:\/\/www.comunicarmais.com.br\/site\/tag\/salvador\/\" class=\"tag-cloud-link tag-link-125 tag-link-position-36\" style=\"font-size: 22pt;\" aria-label=\"Salvador (233 itens)\">Salvador<\/a>\n<a href=\"https:\/\/www.comunicarmais.com.br\/site\/tag\/saude\/\" class=\"tag-cloud-link tag-link-42 tag-link-position-37\" style=\"font-size: 17.78640776699pt;\" aria-label=\"Sa\u00fade (115 itens)\">Sa\u00fade<\/a>\n<a href=\"https:\/\/www.comunicarmais.com.br\/site\/tag\/seguranca\/\" class=\"tag-cloud-link tag-link-48 tag-link-position-38\" style=\"font-size: 9.2233009708738pt;\" aria-label=\"Seguran\u00e7a (26 itens)\">Seguran\u00e7a<\/a>\n<a href=\"https:\/\/www.comunicarmais.com.br\/site\/tag\/ssp-ba\/\" class=\"tag-cloud-link tag-link-1937 tag-link-position-39\" style=\"font-size: 8.9514563106796pt;\" aria-label=\"SSP-BA (25 itens)\">SSP-BA<\/a>\n<a href=\"https:\/\/www.comunicarmais.com.br\/site\/tag\/sspba\/\" class=\"tag-cloud-link tag-link-144 tag-link-position-40\" style=\"font-size: 11.398058252427pt;\" aria-label=\"SSPBA (38 itens)\">SSPBA<\/a>\n<a href=\"https:\/\/www.comunicarmais.com.br\/site\/tag\/stf\/\" class=\"tag-cloud-link tag-link-68 tag-link-position-41\" style=\"font-size: 14.252427184466pt;\" aria-label=\"STF (62 itens)\">STF<\/a>\n<a href=\"https:\/\/www.comunicarmais.com.br\/site\/tag\/sao-paulo\/\" class=\"tag-cloud-link tag-link-612 tag-link-position-42\" style=\"font-size: 8pt;\" aria-label=\"S\u00e3o Paulo (21 itens)\">S\u00e3o Paulo<\/a>\n<a href=\"https:\/\/www.comunicarmais.com.br\/site\/tag\/transito-2\/\" class=\"tag-cloud-link tag-link-377 tag-link-position-43\" style=\"font-size: 8.2718446601942pt;\" aria-label=\"tr\u00e2nsito (22 itens)\">tr\u00e2nsito<\/a>\n<a href=\"https:\/\/www.comunicarmais.com.br\/site\/tag\/turismo\/\" class=\"tag-cloud-link tag-link-225 tag-link-position-44\" style=\"font-size: 9.631067961165pt;\" aria-label=\"Turismo (28 itens)\">Turismo<\/a>\n<a href=\"https:\/\/www.comunicarmais.com.br\/site\/tag\/uruguai\/\" class=\"tag-cloud-link tag-link-323 tag-link-position-45\" style=\"font-size: 9.631067961165pt;\" aria-label=\"Uruguai (28 itens)\">Uruguai<\/a><\/p>","protected":false},"excerpt":{"rendered":"<p>Equipamento voltado \u00e0 preven\u00e7\u00e3o da viol\u00eancia, \u00e0 redu\u00e7\u00e3o da criminalidade e \u00e0 promo\u00e7\u00e3o da cultura da paz funcionar\u00e1 no bairro de Piraj\u00e1<\/p>\n","protected":false},"author":2,"featured_media":11929,"comment_status":"open","ping_status":"open","sticky":false,"template":"","format":"standard","meta":{"_acf_changed":false,"footnotes":""},"categories":[5],"tags":[3239,392,125,1246],"class_list":["post-11926","post","type-post","status-publish","format-standard","has-post-thumbnail","hentry","category-grande-salvador","tag-comunidade","tag-piraja-2","tag-salvador","tag-vida"],"acf":[],"yoast_head":"<!-- This site is optimized with the Yoast SEO plugin v26.1.1 - https:\/\/yoast.com\/wordpress\/plugins\/seo\/ -->\n<title>Prefeitura de Salvador inicia constru\u00e7\u00e3o do primeiro Centro Comunit\u00e1rio pela Vida do Brasil - Comunicar Mais<\/title>\n<meta name=\"description\" content=\"Equipamento voltado \u00e0 preven\u00e7\u00e3o da viol\u00eancia, \u00e0 redu\u00e7\u00e3o da criminalidade e \u00e0 promo\u00e7\u00e3o da cultura da paz funcionar\u00e1 no bairro de Piraj\u00e1\" \/>\n<meta name=\"robots\" content=\"index, follow, max-snippet:-1, max-image-preview:large, max-video-preview:-1\" \/>\n<link rel=\"canonical\" href=\"https:\/\/www.comunicarmais.com.br\/site\/2025\/12\/19\/prefeitura-de-salvador-inicia-a-construcao-do-primeiro-centro-comunitario-pela-vida-do-brasil\/\" \/>\n<meta property=\"og:locale\" content=\"pt_BR\" \/>\n<meta property=\"og:type\" content=\"article\" \/>\n<meta property=\"og:title\" content=\"Prefeitura de Salvador inicia constru\u00e7\u00e3o do primeiro Centro Comunit\u00e1rio pela Vida do Brasil - Comunicar Mais\" \/>\n<meta property=\"og:description\" content=\"Equipamento voltado \u00e0 preven\u00e7\u00e3o da viol\u00eancia, \u00e0 redu\u00e7\u00e3o da criminalidade e \u00e0 promo\u00e7\u00e3o da cultura da paz funcionar\u00e1 no bairro de Piraj\u00e1\" \/>\n<meta property=\"og:url\" content=\"https:\/\/www.comunicarmais.com.br\/site\/2025\/12\/19\/prefeitura-de-salvador-inicia-a-construcao-do-primeiro-centro-comunitario-pela-vida-do-brasil\/\" \/>\n<meta property=\"og:site_name\" content=\"Comunicar Mais\" \/>\n<meta property=\"article:publisher\" content=\"https:\/\/www.facebook.com\/comunicarmais\/\" \/>\n<meta property=\"article:author\" content=\"https:\/\/www.facebook.com\/comunicarmais\/\" \/>\n<meta property=\"article:published_time\" content=\"2025-12-19T15:05:00+00:00\" \/>\n<meta property=\"article:modified_time\" content=\"2025-12-25T22:59:10+00:00\" \/>\n<meta property=\"og:image\" content=\"https:\/\/www.comunicarmais.com.br\/site\/wp-content\/uploads\/2025\/12\/WhatsApp-Image-2025-12-19-at-11.38.24.jpeg\" \/>\n\t<meta property=\"og:image:width\" content=\"1280\" \/>\n\t<meta property=\"og:image:height\" content=\"854\" \/>\n\t<meta property=\"og:image:type\" content=\"image\/jpeg\" \/>\n<meta name=\"author\" content=\"Comunicar Mais\" \/>\n<meta name=\"twitter:card\" content=\"summary_large_image\" \/>\n<meta name=\"twitter:creator\" content=\"@ComunicarmaisBA\" \/>\n<meta name=\"twitter:site\" content=\"@ComunicarmaisBA\" \/>\n<meta name=\"twitter:label1\" content=\"Escrito por\" \/>\n\t<meta name=\"twitter:data1\" content=\"Comunicar Mais\" \/>\n\t<meta name=\"twitter:label2\" content=\"Est. tempo de leitura\" \/>\n\t<meta name=\"twitter:data2\" content=\"5 minutos\" \/>\n<script type=\"application\/ld+json\" class=\"yoast-schema-graph\">{\"@context\":\"https:\/\/schema.org\",\"@graph\":[{\"@type\":\"WebPage\",\"@id\":\"https:\/\/www.comunicarmais.com.br\/site\/2025\/12\/19\/prefeitura-de-salvador-inicia-a-construcao-do-primeiro-centro-comunitario-pela-vida-do-brasil\/\",\"url\":\"https:\/\/www.comunicarmais.com.br\/site\/2025\/12\/19\/prefeitura-de-salvador-inicia-a-construcao-do-primeiro-centro-comunitario-pela-vida-do-brasil\/\",\"name\":\"Prefeitura de Salvador inicia constru\u00e7\u00e3o do primeiro Centro Comunit\u00e1rio pela Vida do Brasil - Comunicar Mais\",\"isPartOf\":{\"@id\":\"https:\/\/www.comunicarmais.com.br\/site\/#website\"},\"primaryImageOfPage\":{\"@id\":\"https:\/\/www.comunicarmais.com.br\/site\/2025\/12\/19\/prefeitura-de-salvador-inicia-a-construcao-do-primeiro-centro-comunitario-pela-vida-do-brasil\/#primaryimage\"},\"image\":{\"@id\":\"https:\/\/www.comunicarmais.com.br\/site\/2025\/12\/19\/prefeitura-de-salvador-inicia-a-construcao-do-primeiro-centro-comunitario-pela-vida-do-brasil\/#primaryimage\"},\"thumbnailUrl\":\"https:\/\/www.comunicarmais.com.br\/site\/wp-content\/uploads\/2025\/12\/WhatsApp-Image-2025-12-19-at-11.38.24.jpeg\",\"datePublished\":\"2025-12-19T15:05:00+00:00\",\"dateModified\":\"2025-12-25T22:59:10+00:00\",\"author\":{\"@id\":\"https:\/\/www.comunicarmais.com.br\/site\/#\/schema\/person\/712f7b6b25b644e4a91c4173674cf284\"},\"description\":\"Equipamento voltado \u00e0 preven\u00e7\u00e3o da viol\u00eancia, \u00e0 redu\u00e7\u00e3o da criminalidade e \u00e0 promo\u00e7\u00e3o da cultura da paz funcionar\u00e1 no bairro de Piraj\u00e1\",\"breadcrumb\":{\"@id\":\"https:\/\/www.comunicarmais.com.br\/site\/2025\/12\/19\/prefeitura-de-salvador-inicia-a-construcao-do-primeiro-centro-comunitario-pela-vida-do-brasil\/#breadcrumb\"},\"inLanguage\":\"pt-BR\",\"potentialAction\":[{\"@type\":\"ReadAction\",\"target\":[\"https:\/\/www.comunicarmais.com.br\/site\/2025\/12\/19\/prefeitura-de-salvador-inicia-a-construcao-do-primeiro-centro-comunitario-pela-vida-do-brasil\/\"]}]},{\"@type\":\"ImageObject\",\"inLanguage\":\"pt-BR\",\"@id\":\"https:\/\/www.comunicarmais.com.br\/site\/2025\/12\/19\/prefeitura-de-salvador-inicia-a-construcao-do-primeiro-centro-comunitario-pela-vida-do-brasil\/#primaryimage\",\"url\":\"https:\/\/www.comunicarmais.com.br\/site\/wp-content\/uploads\/2025\/12\/WhatsApp-Image-2025-12-19-at-11.38.24.jpeg\",\"contentUrl\":\"https:\/\/www.comunicarmais.com.br\/site\/wp-content\/uploads\/2025\/12\/WhatsApp-Image-2025-12-19-at-11.38.24.jpeg\",\"width\":1280,\"height\":854},{\"@type\":\"BreadcrumbList\",\"@id\":\"https:\/\/www.comunicarmais.com.br\/site\/2025\/12\/19\/prefeitura-de-salvador-inicia-a-construcao-do-primeiro-centro-comunitario-pela-vida-do-brasil\/#breadcrumb\",\"itemListElement\":[{\"@type\":\"ListItem\",\"position\":1,\"name\":\"In\u00edcio\",\"item\":\"https:\/\/www.comunicarmais.com.br\/site\/\"},{\"@type\":\"ListItem\",\"position\":2,\"name\":\"Prefeitura de Salvador inicia constru\u00e7\u00e3o do primeiro Centro Comunit\u00e1rio pela Vida do Brasil\"}]},{\"@type\":\"WebSite\",\"@id\":\"https:\/\/www.comunicarmais.com.br\/site\/#website\",\"url\":\"https:\/\/www.comunicarmais.com.br\/site\/\",\"name\":\"Comunicar Mais\",\"description\":\"\",\"potentialAction\":[{\"@type\":\"SearchAction\",\"target\":{\"@type\":\"EntryPoint\",\"urlTemplate\":\"https:\/\/www.comunicarmais.com.br\/site\/?s={search_term_string}\"},\"query-input\":{\"@type\":\"PropertyValueSpecification\",\"valueRequired\":true,\"valueName\":\"search_term_string\"}}],\"inLanguage\":\"pt-BR\"},{\"@type\":\"Person\",\"@id\":\"https:\/\/www.comunicarmais.com.br\/site\/#\/schema\/person\/712f7b6b25b644e4a91c4173674cf284\",\"name\":\"Comunicar Mais\",\"image\":{\"@type\":\"ImageObject\",\"inLanguage\":\"pt-BR\",\"@id\":\"https:\/\/www.comunicarmais.com.br\/site\/#\/schema\/person\/image\/\",\"url\":\"https:\/\/secure.gravatar.com\/avatar\/9803218072e2c0dc265d3d787b54c2c33325e79f79732707fddfbf1efd82c678?s=96&d=mm&r=g\",\"contentUrl\":\"https:\/\/secure.gravatar.com\/avatar\/9803218072e2c0dc265d3d787b54c2c33325e79f79732707fddfbf1efd82c678?s=96&d=mm&r=g\",\"caption\":\"Comunicar Mais\"},\"description\":\"Deixe as ideologias com os ide\u00f3logos. Noticiamos fatos, n\u00e3o brigamos com eles. Aqui, voc\u00ea fica bem informado do que acontece no seu bairro e no mundo. Informar com \u00e9tica e responsabilidade s\u00e3o as bandeiras do Comunicarmais.\",\"sameAs\":[\"https:\/\/www.comunicarmais.com.br\/site\/\",\"https:\/\/www.facebook.com\/comunicarmais\/\",\"https:\/\/www.instagram.com\/comunicarmaisba\/\",\"https:\/\/x.com\/ComunicarmaisBA\"],\"url\":\"https:\/\/www.comunicarmais.com.br\/site\/author\/gerenciador\/\"}]}<\/script>\n<!-- \/ Yoast SEO plugin. -->","yoast_head_json":{"title":"Prefeitura de Salvador inicia constru\u00e7\u00e3o do primeiro Centro Comunit\u00e1rio pela Vida do Brasil - Comunicar Mais","description":"Equipamento voltado \u00e0 preven\u00e7\u00e3o da viol\u00eancia, \u00e0 redu\u00e7\u00e3o da criminalidade e \u00e0 promo\u00e7\u00e3o da cultura da paz funcionar\u00e1 no bairro de Piraj\u00e1","robots":{"index":"index","follow":"follow","max-snippet":"max-snippet:-1","max-image-preview":"max-image-preview:large","max-video-preview":"max-video-preview:-1"},"canonical":"https:\/\/www.comunicarmais.com.br\/site\/2025\/12\/19\/prefeitura-de-salvador-inicia-a-construcao-do-primeiro-centro-comunitario-pela-vida-do-brasil\/","og_locale":"pt_BR","og_type":"article","og_title":"Prefeitura de Salvador inicia constru\u00e7\u00e3o do primeiro Centro Comunit\u00e1rio pela Vida do Brasil - Comunicar Mais","og_description":"Equipamento voltado \u00e0 preven\u00e7\u00e3o da viol\u00eancia, \u00e0 redu\u00e7\u00e3o da criminalidade e \u00e0 promo\u00e7\u00e3o da cultura da paz funcionar\u00e1 no bairro de Piraj\u00e1","og_url":"https:\/\/www.comunicarmais.com.br\/site\/2025\/12\/19\/prefeitura-de-salvador-inicia-a-construcao-do-primeiro-centro-comunitario-pela-vida-do-brasil\/","og_site_name":"Comunicar Mais","article_publisher":"https:\/\/www.facebook.com\/comunicarmais\/","article_author":"https:\/\/www.facebook.com\/comunicarmais\/","article_published_time":"2025-12-19T15:05:00+00:00","article_modified_time":"2025-12-25T22:59:10+00:00","og_image":[{"width":1280,"height":854,"url":"https:\/\/www.comunicarmais.com.br\/site\/wp-content\/uploads\/2025\/12\/WhatsApp-Image-2025-12-19-at-11.38.24.jpeg","type":"image\/jpeg"}],"author":"Comunicar Mais","twitter_card":"summary_large_image","twitter_creator":"@ComunicarmaisBA","twitter_site":"@ComunicarmaisBA","twitter_misc":{"Escrito por":"Comunicar Mais","Est. tempo de leitura":"5 minutos"},"schema":{"@context":"https:\/\/schema.org","@graph":[{"@type":"WebPage","@id":"https:\/\/www.comunicarmais.com.br\/site\/2025\/12\/19\/prefeitura-de-salvador-inicia-a-construcao-do-primeiro-centro-comunitario-pela-vida-do-brasil\/","url":"https:\/\/www.comunicarmais.com.br\/site\/2025\/12\/19\/prefeitura-de-salvador-inicia-a-construcao-do-primeiro-centro-comunitario-pela-vida-do-brasil\/","name":"Prefeitura de Salvador inicia constru\u00e7\u00e3o do primeiro Centro Comunit\u00e1rio pela Vida do Brasil - Comunicar Mais","isPartOf":{"@id":"https:\/\/www.comunicarmais.com.br\/site\/#website"},"primaryImageOfPage":{"@id":"https:\/\/www.comunicarmais.com.br\/site\/2025\/12\/19\/prefeitura-de-salvador-inicia-a-construcao-do-primeiro-centro-comunitario-pela-vida-do-brasil\/#primaryimage"},"image":{"@id":"https:\/\/www.comunicarmais.com.br\/site\/2025\/12\/19\/prefeitura-de-salvador-inicia-a-construcao-do-primeiro-centro-comunitario-pela-vida-do-brasil\/#primaryimage"},"thumbnailUrl":"https:\/\/www.comunicarmais.com.br\/site\/wp-content\/uploads\/2025\/12\/WhatsApp-Image-2025-12-19-at-11.38.24.jpeg","datePublished":"2025-12-19T15:05:00+00:00","dateModified":"2025-12-25T22:59:10+00:00","author":{"@id":"https:\/\/www.comunicarmais.com.br\/site\/#\/schema\/person\/712f7b6b25b644e4a91c4173674cf284"},"description":"Equipamento voltado \u00e0 preven\u00e7\u00e3o da viol\u00eancia, \u00e0 redu\u00e7\u00e3o da criminalidade e \u00e0 promo\u00e7\u00e3o da cultura da paz funcionar\u00e1 no bairro de Piraj\u00e1","breadcrumb":{"@id":"https:\/\/www.comunicarmais.com.br\/site\/2025\/12\/19\/prefeitura-de-salvador-inicia-a-construcao-do-primeiro-centro-comunitario-pela-vida-do-brasil\/#breadcrumb"},"inLanguage":"pt-BR","potentialAction":[{"@type":"ReadAction","target":["https:\/\/www.comunicarmais.com.br\/site\/2025\/12\/19\/prefeitura-de-salvador-inicia-a-construcao-do-primeiro-centro-comunitario-pela-vida-do-brasil\/"]}]},{"@type":"ImageObject","inLanguage":"pt-BR","@id":"https:\/\/www.comunicarmais.com.br\/site\/2025\/12\/19\/prefeitura-de-salvador-inicia-a-construcao-do-primeiro-centro-comunitario-pela-vida-do-brasil\/#primaryimage","url":"https:\/\/www.comunicarmais.com.br\/site\/wp-content\/uploads\/2025\/12\/WhatsApp-Image-2025-12-19-at-11.38.24.jpeg","contentUrl":"https:\/\/www.comunicarmais.com.br\/site\/wp-content\/uploads\/2025\/12\/WhatsApp-Image-2025-12-19-at-11.38.24.jpeg","width":1280,"height":854},{"@type":"BreadcrumbList","@id":"https:\/\/www.comunicarmais.com.br\/site\/2025\/12\/19\/prefeitura-de-salvador-inicia-a-construcao-do-primeiro-centro-comunitario-pela-vida-do-brasil\/#breadcrumb","itemListElement":[{"@type":"ListItem","position":1,"name":"In\u00edcio","item":"https:\/\/www.comunicarmais.com.br\/site\/"},{"@type":"ListItem","position":2,"name":"Prefeitura de Salvador inicia constru\u00e7\u00e3o do primeiro Centro Comunit\u00e1rio pela Vida do Brasil"}]},{"@type":"WebSite","@id":"https:\/\/www.comunicarmais.com.br\/site\/#website","url":"https:\/\/www.comunicarmais.com.br\/site\/","name":"Comunicar Mais","description":"","potentialAction":[{"@type":"SearchAction","target":{"@type":"EntryPoint","urlTemplate":"https:\/\/www.comunicarmais.com.br\/site\/?s={search_term_string}"},"query-input":{"@type":"PropertyValueSpecification","valueRequired":true,"valueName":"search_term_string"}}],"inLanguage":"pt-BR"},{"@type":"Person","@id":"https:\/\/www.comunicarmais.com.br\/site\/#\/schema\/person\/712f7b6b25b644e4a91c4173674cf284","name":"Comunicar Mais","image":{"@type":"ImageObject","inLanguage":"pt-BR","@id":"https:\/\/www.comunicarmais.com.br\/site\/#\/schema\/person\/image\/","url":"https:\/\/secure.gravatar.com\/avatar\/9803218072e2c0dc265d3d787b54c2c33325e79f79732707fddfbf1efd82c678?s=96&d=mm&r=g","contentUrl":"https:\/\/secure.gravatar.com\/avatar\/9803218072e2c0dc265d3d787b54c2c33325e79f79732707fddfbf1efd82c678?s=96&d=mm&r=g","caption":"Comunicar Mais"},"description":"Deixe as ideologias com os ide\u00f3logos. Noticiamos fatos, n\u00e3o brigamos com eles. Aqui, voc\u00ea fica bem informado do que acontece no seu bairro e no mundo. Informar com \u00e9tica e responsabilidade s\u00e3o as bandeiras do Comunicarmais.","sameAs":["https:\/\/www.comunicarmais.com.br\/site\/","https:\/\/www.facebook.com\/comunicarmais\/","https:\/\/www.instagram.com\/comunicarmaisba\/","https:\/\/x.com\/ComunicarmaisBA"],"url":"https:\/\/www.comunicarmais.com.br\/site\/author\/gerenciador\/"}]}},"_links":{"self":[{"href":"https:\/\/www.comunicarmais.com.br\/site\/wp-json\/wp\/v2\/posts\/11926","targetHints":{"allow":["GET"]}}],"collection":[{"href":"https:\/\/www.comunicarmais.com.br\/site\/wp-json\/wp\/v2\/posts"}],"about":[{"href":"https:\/\/www.comunicarmais.com.br\/site\/wp-json\/wp\/v2\/types\/post"}],"author":[{"embeddable":true,"href":"https:\/\/www.comunicarmais.com.br\/site\/wp-json\/wp\/v2\/users\/2"}],"replies":[{"embeddable":true,"href":"https:\/\/www.comunicarmais.com.br\/site\/wp-json\/wp\/v2\/comments?post=11926"}],"version-history":[{"count":2,"href":"https:\/\/www.comunicarmais.com.br\/site\/wp-json\/wp\/v2\/posts\/11926\/revisions"}],"predecessor-version":[{"id":11934,"href":"https:\/\/www.comunicarmais.com.br\/site\/wp-json\/wp\/v2\/posts\/11926\/revisions\/11934"}],"wp:featuredmedia":[{"embeddable":true,"href":"https:\/\/www.comunicarmais.com.br\/site\/wp-json\/wp\/v2\/media\/11929"}],"wp:attachment":[{"href":"https:\/\/www.comunicarmais.com.br\/site\/wp-json\/wp\/v2\/media?parent=11926"}],"wp:term":[{"taxonomy":"category","embeddable":true,"href":"https:\/\/www.comunicarmais.com.br\/site\/wp-json\/wp\/v2\/categories?post=11926"},{"taxonomy":"post_tag","embeddable":true,"href":"https:\/\/www.comunicarmais.com.br\/site\/wp-json\/wp\/v2\/tags?post=11926"}],"curies":[{"name":"wp","href":"https:\/\/api.w.org\/{rel}","templated":true}]}}