{"id":11875,"date":"2025-12-23T20:15:00","date_gmt":"2025-12-23T23:15:00","guid":{"rendered":"https:\/\/www.comunicarmais.com.br\/site\/?p=11875"},"modified":"2025-12-23T23:29:21","modified_gmt":"2025-12-24T02:29:21","slug":"prefeitura-de-salvador-apresenta-operacao-integrada-para-o-festival-virada-2026","status":"publish","type":"post","link":"https:\/\/www.comunicarmais.com.br\/site\/2025\/12\/23\/prefeitura-de-salvador-apresenta-operacao-integrada-para-o-festival-virada-2026\/","title":{"rendered":"Prefeitura de Salvador apresenta opera\u00e7\u00e3o integrada para o Festival Virada 2026"},"content":{"rendered":"\n<p><strong>Programa\u00e7\u00e3o de eventos de fim de ano da Prefeitura, na Arena O Canto da Cidade, come\u00e7a no dia 25, com a realiza\u00e7\u00e3o do Natal do Salvador<\/strong><\/p>\n\n\n\n<figure class=\"wp-block-image size-full\"><img decoding=\"async\" width=\"1280\" height=\"854\" data-src=\"https:\/\/www.comunicarmais.com.br\/site\/wp-content\/uploads\/2025\/12\/WhatsApp-Image-2025-12-23-at-19.56.02.jpeg\" alt=\"\" class=\"wp-image-11877 lazyload\" data-srcset=\"https:\/\/www.comunicarmais.com.br\/site\/wp-content\/uploads\/2025\/12\/WhatsApp-Image-2025-12-23-at-19.56.02.jpeg 1280w, https:\/\/www.comunicarmais.com.br\/site\/wp-content\/uploads\/2025\/12\/WhatsApp-Image-2025-12-23-at-19.56.02-1024x683.jpeg 1024w, https:\/\/www.comunicarmais.com.br\/site\/wp-content\/uploads\/2025\/12\/WhatsApp-Image-2025-12-23-at-19.56.02-768x512.jpeg 768w\" data-sizes=\"(max-width: 1280px) 100vw, 1280px\" src=\"data:image\/svg+xml;base64,PHN2ZyB3aWR0aD0iMSIgaGVpZ2h0PSIxIiB4bWxucz0iaHR0cDovL3d3dy53My5vcmcvMjAwMC9zdmciPjwvc3ZnPg==\" style=\"--smush-placeholder-width: 1280px; --smush-placeholder-aspect-ratio: 1280\/854;\" \/><figcaption class=\"wp-element-caption\"><em><sup>(Foto: Bruno Concha \/ Secom PMS)<\/sup><\/em><\/figcaption><\/figure>\n\n\n\n<p><strong>Reda\u00e7\u00e3o Mais &#8211;<\/strong> A Prefeitura de Salvador apresentou, na tarde desta ter\u00e7a-feira (23), na Arena O Canto da Cidade, na Boca do Rio, a opera\u00e7\u00e3o integrada de servi\u00e7os preparada para a realiza\u00e7\u00e3o do Festival Virada Salvador 2026, que acontece entre os dias 27 e 31 de dezembro. Na coletiva de imprensa, tamb\u00e9m foram detalhados a estrutura e o planejamento montados para os shows de Frei Gilson, na quinta-feira (25), e de Roberto Carlos, na sexta-feira (26).<\/p>\n\n\n\n<p>Durante o encontro com a imprensa, o prefeito Bruno Reis, ao lado de secret\u00e1rios e dirigentes municipais, apresentou as a\u00e7\u00f5es coordenadas que envolvem diversas \u00e1reas da gest\u00e3o municipal, com foco em seguran\u00e7a, mobilidade, sa\u00fade, ordenamento urbano e atendimento ao p\u00fablico ao longo dos dias de evento.<\/p>\n\n\n\n<p>A programa\u00e7\u00e3o de eventos de fim de ano da Prefeitura, na Arena O Canto da Cidade, come\u00e7a no dia 25, com a realiza\u00e7\u00e3o do Natal do Salvador. A primeira apresenta\u00e7\u00e3o \u00e9 a do Padre Jaciel Bezerra, \u00e0s 16h. Em seguida, ser\u00e1 celebrada a Santa Missa, com Dom Gilvan Pereira, bispo auxiliar da Arquidiocese de Salvador. O ponto alto do dia ser\u00e1 o show de Frei Gilson, \u00e0s 19h. No dia 26, a Arena estar\u00e1 aberta ao p\u00fablico a partir das 19h para o show do cantor Roberto Carlos, que sobe ao palco a partir das 21h.<\/p>\n\n\n\n<p>No dia 27, \u00e9 aberto o Festival Virada Salvador, reconhecido como a maior festa de R\u00e9veillon do Brasil. O evento reunir\u00e1 mais de 60 atra\u00e7\u00f5es ao longo de cinco dias de programa\u00e7\u00e3o, totalizando mais de 100 horas de m\u00fasica. Artistas de destaque nacional estar\u00e3o distribu\u00eddos ao longo dos cinco dias de evento, com apresenta\u00e7\u00f5es em dois palcos. Al\u00e9m dos shows, o p\u00fablico contar\u00e1 com uma estrutura ampla, que inclui palco principal, Palco Brisa, vila gastron\u00f4mica, Feira Elabore, arena de games, roda-gigante, \u00e1reas de lazer e uma rede completa de servi\u00e7os p\u00fablicos instalada dentro da arena. &#8220;Nenhum lugar do pa\u00eds tem um R\u00e9veillon como o nosso. \u00c9 dif\u00edcil superar em estrutura e organiza\u00e7\u00e3o. N\u00e3o tenho d\u00favidas de que, nesses sete dias, a cidade mais falada em todo o mundo ser\u00e1 Salvador. N\u00e3o tenho d\u00favidas de que faremos o maior R\u00e9veillon que esta cidade j\u00e1 viu&#8221;, garantiu o prefeito Bruno Reis.<\/p>\n\n\n\n<p>A previs\u00e3o, de acordo com a vice-prefeita e secret\u00e1ria de Cultura e Turismo de Salvador, Ana Paula Matos, \u00e9 que a cidade receba cerca de 291 mil visitantes, 10% a mais do que foi registrado no ano passado. &#8220;A previs\u00e3o \u00e9 de que a ocupa\u00e7\u00e3o hoteleira alcance 80%, al\u00e9m de mais de 10 mil hospedagens alternativas, uma receita tur\u00edstica de R$ 591 milh\u00f5es&#8221;, detalhou.<\/p>\n\n\n\n<figure class=\"wp-block-image size-full\"><img decoding=\"async\" width=\"1328\" height=\"1088\" data-src=\"https:\/\/www.comunicarmais.com.br\/site\/wp-content\/uploads\/2025\/12\/WhatsApp-Image-2025-12-23-at-20.17.47-1.jpeg\" alt=\"\" class=\"wp-image-11884 lazyload\" data-srcset=\"https:\/\/www.comunicarmais.com.br\/site\/wp-content\/uploads\/2025\/12\/WhatsApp-Image-2025-12-23-at-20.17.47-1.jpeg 1328w, https:\/\/www.comunicarmais.com.br\/site\/wp-content\/uploads\/2025\/12\/WhatsApp-Image-2025-12-23-at-20.17.47-1-1024x839.jpeg 1024w, https:\/\/www.comunicarmais.com.br\/site\/wp-content\/uploads\/2025\/12\/WhatsApp-Image-2025-12-23-at-20.17.47-1-768x629.jpeg 768w\" data-sizes=\"(max-width: 1328px) 100vw, 1328px\" src=\"data:image\/svg+xml;base64,PHN2ZyB3aWR0aD0iMSIgaGVpZ2h0PSIxIiB4bWxucz0iaHR0cDovL3d3dy53My5vcmcvMjAwMC9zdmciPjwvc3ZnPg==\" style=\"--smush-placeholder-width: 1328px; --smush-placeholder-aspect-ratio: 1328\/1088;\" \/><figcaption class=\"wp-element-caption\"><em><sup>(Foto: Bruno Concha \/ Secom PMS)<\/sup><\/em><\/figcaption><\/figure>\n\n\n\n<p><strong>Prote\u00e7\u00e3o ao ambulante &#8211;<\/strong> Uma das grandes novidades do Festival este ano beneficiar\u00e1, sobretudo, os vendedores ambulantes credenciados previamente para trabalhar na Arena. Ao longo dos sete dias de evento, eles receber\u00e3o um cart\u00e3o com duas passagens de \u00f4nibus gratuitas para poderem ir e voltar da Boca do Rio. No local, tamb\u00e9m ser\u00e1 montado o Restaurante Popular, que oferecer\u00e1 almo\u00e7o gratuito, entre os dias 26 e 31 de dezembro, para ambulantes credenciados e um ajudante cadastrado.<\/p>\n\n\n\n<p>Aos trabalhadores credenciados, tamb\u00e9m ser\u00e3o disponibilizadas a\u00e7\u00f5es espec\u00edficas de prote\u00e7\u00e3o e acolhimento, por meio do Salvador Acolhe, que funcionar\u00e1 24 horas, entre os dias 25 e 31 de dezembro, oferecendo espa\u00e7o seguro para crian\u00e7as e adolescentes filhos de ambulantes.<\/p>\n\n\n\n<figure class=\"wp-block-image size-full\"><img decoding=\"async\" width=\"1178\" height=\"1154\" data-src=\"https:\/\/www.comunicarmais.com.br\/site\/wp-content\/uploads\/2025\/12\/WhatsApp-Image-2025-12-23-at-23.24.30.jpeg\" alt=\"\" class=\"wp-image-11880 lazyload\" data-srcset=\"https:\/\/www.comunicarmais.com.br\/site\/wp-content\/uploads\/2025\/12\/WhatsApp-Image-2025-12-23-at-23.24.30.jpeg 1178w, https:\/\/www.comunicarmais.com.br\/site\/wp-content\/uploads\/2025\/12\/WhatsApp-Image-2025-12-23-at-23.24.30-1024x1003.jpeg 1024w, https:\/\/www.comunicarmais.com.br\/site\/wp-content\/uploads\/2025\/12\/WhatsApp-Image-2025-12-23-at-23.24.30-768x752.jpeg 768w\" data-sizes=\"(max-width: 1178px) 100vw, 1178px\" src=\"data:image\/svg+xml;base64,PHN2ZyB3aWR0aD0iMSIgaGVpZ2h0PSIxIiB4bWxucz0iaHR0cDovL3d3dy53My5vcmcvMjAwMC9zdmciPjwvc3ZnPg==\" style=\"--smush-placeholder-width: 1178px; --smush-placeholder-aspect-ratio: 1178\/1154;\" \/><figcaption class=\"wp-element-caption\"><sup>O Rei Roberto Carlos se apresenta dia 26 de dezembro <\/sup><em><sup>(Foto: Wagner Ferreira)<\/sup><\/em><\/figcaption><\/figure>\n\n\n\n<p><strong>Mobilidade \u2013<\/strong> Para facilitar o acesso do p\u00fablico \u00e0 Arena O Canto da Cidade, a Secretaria Municipal de Mobilidade (Semob) preparou uma opera\u00e7\u00e3o especial de transporte coletivo. Ser\u00e3o criadas tr\u00eas linhas especiais, saindo dos terminais Acesso Norte, Piraj\u00e1 e Pitua\u00e7u, com destino direto ao evento. Al\u00e9m disso, seis linhas regulares ir\u00e3o operar com hor\u00e1rio estendido, das 18h \u00e0 1h da manh\u00e3, atendendo diretamente a \u00e1rea da festa e conectando diferentes regi\u00f5es da cidade ao local dos shows. Durante os dias do evento, dois pontos provis\u00f3rios de \u00f4nibus ser\u00e3o implantados na Avenida Oct\u00e1vio Mangabeira, um em cada sentido, enquanto os demais pontos do trecho ficar\u00e3o temporariamente desativados.<\/p>\n\n\n\n<p>A Superintend\u00eancia de Tr\u00e2nsito de Salvador (Transalvador) atuar\u00e1 com uma opera\u00e7\u00e3o refor\u00e7ada de ordenamento vi\u00e1rio e fiscaliza\u00e7\u00e3o no entorno do evento. O esquema contar\u00e1 com 12 pontos fixos de fiscaliza\u00e7\u00e3o, al\u00e9m de rondas m\u00f3veis, com a atua\u00e7\u00e3o de 40 agentes por noite, em sistema de revezamento, totalizando cerca de 200 profissionais ao longo de toda a opera\u00e7\u00e3o. A \u00e1rea contar\u00e1 ainda com vagas espec\u00edficas para embarque e desembarque de pessoas com defici\u00eancia e de ve\u00edculos por aplicativo, al\u00e9m de nove bols\u00f5es de estacionamento, somando 996 vagas de zona azul.<\/p>\n\n\n\n<p><strong>Seguran\u00e7a e sa\u00fade \u2013 <\/strong>O p\u00fablico poder\u00e1 curtir com tranquilidade os dias de festival. Foi montado um esquema integrado de seguran\u00e7a, com atua\u00e7\u00e3o da Guarda Civil Municipal, al\u00e9m de agentes da Semop, Transalvador, Semob, Saltur, Sedur, SMS, SPMJ e Sempre. As a\u00e7\u00f5es incluem trabalho preventivo com orienta\u00e7\u00e3o ao p\u00fablico, distribui\u00e7\u00e3o de pulseiras de identifica\u00e7\u00e3o para crian\u00e7as e adolescentes, devolu\u00e7\u00e3o de documentos perdidos e acolhimento a mulheres e filhos de ambulantes. A prote\u00e7\u00e3o dos equipamentos e da arena ser\u00e1 refor\u00e7ada com o uso de 40 c\u00e2meras de monitoramento, instaladas em pontos estrat\u00e9gicos, al\u00e9m do apoio de drones.<\/p>\n\n\n\n<p>O entorno da arena ganhou, ainda, um refor\u00e7o significativo na ilumina\u00e7\u00e3o e nos acessos, com a instala\u00e7\u00e3o de mais de 1.300 projetores e amplia\u00e7\u00e3o da rede el\u00e9trica. Equipes da Diretoria de Ilumina\u00e7\u00e3o P\u00fablica contar\u00e1 com equipes de plant\u00e3o diuturno para monitorar o funcionamento desses equipamentos.<\/p>\n\n\n\n<p>O atendimento de sa\u00fade tamb\u00e9m estar\u00e1 assegurado ao longo de todo o festival. A Secretaria Municipal da Sa\u00fade (SMS) montou um esquema especial de assist\u00eancia, com funcionamento 24 horas, entre os dias 25 de dezembro e 1\u00ba de janeiro. O m\u00f3dulo de sa\u00fade contar\u00e1 com 20 leitos de observa\u00e7\u00e3o, incluindo um leito de reanima\u00e7\u00e3o totalmente equipado para casos graves, al\u00e9m de equipe multidisciplinar formada por m\u00e9dicos, enfermeiros, t\u00e9cnicos de enfermagem, assistente social e farmac\u00eautico. Em situa\u00e7\u00f5es de maior complexidade, os pacientes ser\u00e3o regulados para unidades hospitalares, com ambul\u00e2ncia completa de prontid\u00e3o.<\/p>\n\n\n\n<p>A opera\u00e7\u00e3o de sa\u00fade inclui ainda a\u00e7\u00f5es do Centro de Controle de Zoonoses, com inspe\u00e7\u00f5es voltadas \u00e0 preven\u00e7\u00e3o de arboviroses, leptospirose e incidentes envolvendo abelhas e marimbondos, al\u00e9m do monitoramento da qualidade da \u00e1gua realizado pela Vigil\u00e2ncia Sanit\u00e1ria nos centros de hidrata\u00e7\u00e3o e m\u00f3dulos de sa\u00fade.<\/p>\n\n\n\n<p>Antes, durante e ap\u00f3s os dias de festa, equipes da Empresa de Limpeza Urbana de Salvador (Limpurb) estar\u00e3o distribu\u00eddas pela arena e \u00e1reas adjacentes em uma opera\u00e7\u00e3o especial de limpeza. Os agentes v\u00e3o atuar com equipamentos mecanizados, banheiros climatizados, chuveiros ambulantes e a\u00e7\u00f5es de sustentabilidade, como coleta seletiva, central de catadores, apoio log\u00edstico \u00e0 reciclagem e compensa\u00e7\u00e3o de emiss\u00f5es de gases de efeito estufa, refor\u00e7ando o compromisso ambiental do evento.<\/p>\n\n\n\n<p><strong>Ordenamento e fiscaliza\u00e7\u00e3o \u2013<\/strong> Durante a festa, a organiza\u00e7\u00e3o das atividades comerciais e dos ambulantes credenciados, incluindo vendedores de alimentos, bebidas e recicl\u00e1veis, ficar\u00e1 a cargo da Secretaria Municipal de Ordem P\u00fablica (Semop). A Secretaria Municipal de Desenvolvimento Urbano (Sedur), por sua vez, atuar\u00e1 no monitoramento sonoro, na fiscaliza\u00e7\u00e3o de atividades provis\u00f3rias, no controle de publicidade e na prote\u00e7\u00e3o das marcas patrocinadoras. As equipes do \u00f3rg\u00e3o far\u00e3o vistorias nas estruturas de palco e pratic\u00e1veis, em conjunto com a Defesa Civil, al\u00e9m do acompanhamento de obras e da preven\u00e7\u00e3o de superlota\u00e7\u00e3o em im\u00f3veis e estabelecimentos do entorno.<\/p>\n\n\n\n<p><strong>Social e apoio \u00e0 mulher \u2013<\/strong> A Secretaria Municipal de Promo\u00e7\u00e3o Social, Combate \u00e0 Pobreza, Esporte e Lazer (Sempre) atuar\u00e1 por meio do Projeto R\u00e9veillon Social, que inclui campanha de combate ao trabalho infantil e a\u00e7\u00f5es de abordagem social dentro da arena e em outras \u00e1reas da cidade. O planejamento prev\u00ea ainda o funcionamento do Mirante Acess\u00edvel, com equipe formada por audiodescritores, int\u00e9rpretes de Libras e guias especializados, garantindo a participa\u00e7\u00e3o de pessoas com defici\u00eancia. O evento contar\u00e1 ainda com posto avan\u00e7ado do Centro de Aten\u00e7\u00e3o \u00e0 Mulher na arena, al\u00e9m do apoio da Casa da Mulher Brasileira e do Bot\u00e3o Lil\u00e1s, garantindo atendimento e encaminhamento em casos de viol\u00eancia de g\u00eanero.<\/p>\n\n\n\n<p>O festival contar\u00e1, ainda, com um estande fixo na arena e equipes volantes da Ouvidoria Geral do Munic\u00edpio, permitindo que o p\u00fablico registre elogios, den\u00fancias, reclama\u00e7\u00f5es e sugest\u00f5es. O atendimento tamb\u00e9m estar\u00e1 dispon\u00edvel por meio do Disque Salvador 156, que funcionar\u00e1 24 horas, al\u00e9m dos canais digitais do Portal Salvador Digital.<\/p>\n\n\n\n<p><strong>Festival para todo o mundo \u2013<\/strong> O p\u00fablico do festival contar\u00e1 com internet Wi-Fi gratuita, disponibilizada por meio do Conecta Salvador, al\u00e9m de equipes t\u00e9cnicas de plant\u00e3o ao longo de todo o evento. Al\u00e9m disso, a Secretaria Municipal de Comunica\u00e7\u00e3o (Secom) coordenar\u00e1 a cobertura institucional do festival, com a atua\u00e7\u00e3o de mais de 80 profissionais e o credenciamento de mais de 600 profissionais de imprensa. A estrat\u00e9gia inclui cobertura em tempo real, transmiss\u00f5es ao vivo dos shows e bastidores nos canais oficiais da Prefeitura, al\u00e9m de conte\u00fados exclusivos nas redes sociais do Festival Virada Salvador.<\/p>\n\n\n\n<p><strong>Programa\u00e7\u00e3o &#8211;<\/strong> A diversidade de estilos musicais e a robusta estrutura montada consolidam Salvador como refer\u00eancia nacional na realiza\u00e7\u00e3o de grandes eventos p\u00fablicos e celebram a chegada de 2026 com organiza\u00e7\u00e3o, seguran\u00e7a e acesso a servi\u00e7os p\u00fablicos de qualidade. O evento ser\u00e1 aberto no dia 27 de dezembro com shows de L\u00e9o Santana, Wesley Safad\u00e3o, Parangol\u00e9, Xand Avi\u00e3o e L\u00e9o Foguete. No dia seguinte, se apresentar\u00e3o Claudia Leitte, Edson Gomes, Pablo, Simone Mendes e Tony Salles. Matheus e Kauan, Nattan, Natanzinho Lima, Durval e Psirico v\u00e3o agitar o p\u00fablico no dia 29 de dezembro.<\/p>\n\n\n\n<p>Bell Marques, Alok, Belo, Felipe Amorim e Olodum ser\u00e3o os respons\u00e1veis pela divers\u00e3o no dia 30. No \u00faltimo dia de festa, sobrem no palco Ivete Sangalo, Jorge e Mateus, Mari Fernandez, Manu Bahtid\u00e3o, Xanddy Harmonia e Timbalada. A festa contar\u00e1, ainda, com o palco Brisa, montado na outra extremidade da Arena O Canto da Cidade. De s\u00e1bado (27) a quarta (31), vai reunir nomes como M\u00e1rcia Castro, Afrocidade, Sarajane, O Quadro, al\u00e9m dos DJs Libriana, Belle, Xirita, dentre outros.<\/p>\n\n\n\n<p><strong>Queima de fogos &#8211;<\/strong> Ao todo, Salvador ter\u00e1 queima de fogos em 22 pontos durante o Festival Virada Salvador 2026. Entre os locais est\u00e3o Farol da Barra, Rio Vermelho, Amaralina, Jardim de Alah, Boca do Rio (2 pontos), Patamares, Itapu\u00e3, Boa Viagem, Ribeira, Santo Ant\u00f4nio Al\u00e9m do Carmo, Cajazeiras X, Periperi, S\u00e3o Tom\u00e9 de Paripe, Pernambu\u00e9s, Ilha de Bom Jesus dos Passos, Itamoabo (Ilha de Mar\u00e9), Santana (Ilha de Mar\u00e9), Praia Grande (Ilha de Mar\u00e9), Bananeiras (Ilha de Mar\u00e9), Botelho (Ilha de Mar\u00e9) e Paramana (Ilha dos Frades).<\/p>\n\n\n\n<p>________________________________________________________________________________________________________________<\/p>\n\n\n<p class=\"wp-block-tag-cloud\"><a href=\"https:\/\/www.comunicarmais.com.br\/site\/tag\/bahia\/\" class=\"tag-cloud-link tag-link-171 tag-link-position-1\" style=\"font-size: 17.922330097087pt;\" aria-label=\"Bahia (116 itens)\">Bahia<\/a>\n<a href=\"https:\/\/www.comunicarmais.com.br\/site\/tag\/bolsonaro\/\" class=\"tag-cloud-link tag-link-112 tag-link-position-2\" style=\"font-size: 11.533980582524pt;\" aria-label=\"Bolsonaro (39 itens)\">Bolsonaro<\/a>\n<a href=\"https:\/\/www.comunicarmais.com.br\/site\/tag\/brasil\/\" class=\"tag-cloud-link tag-link-335 tag-link-position-3\" style=\"font-size: 13.029126213592pt;\" aria-label=\"Brasil (50 itens)\">Brasil<\/a>\n<a href=\"https:\/\/www.comunicarmais.com.br\/site\/tag\/camacari\/\" class=\"tag-cloud-link tag-link-435 tag-link-position-4\" style=\"font-size: 8.8155339805825pt;\" aria-label=\"Cama\u00e7ari (24 itens)\">Cama\u00e7ari<\/a>\n<a href=\"https:\/\/www.comunicarmais.com.br\/site\/tag\/carnaval\/\" class=\"tag-cloud-link tag-link-508 tag-link-position-5\" style=\"font-size: 12.893203883495pt;\" aria-label=\"Carnaval (49 itens)\">Carnaval<\/a>\n<a href=\"https:\/\/www.comunicarmais.com.br\/site\/tag\/cbx\/\" class=\"tag-cloud-link tag-link-1602 tag-link-position-6\" style=\"font-size: 11.398058252427pt;\" aria-label=\"CBX (38 itens)\">CBX<\/a>\n<a href=\"https:\/\/www.comunicarmais.com.br\/site\/tag\/cidade-baixa\/\" class=\"tag-cloud-link tag-link-456 tag-link-position-7\" style=\"font-size: 9.9029126213592pt;\" aria-label=\"Cidade Baixa (29 itens)\">Cidade Baixa<\/a>\n<a href=\"https:\/\/www.comunicarmais.com.br\/site\/tag\/cinema\/\" class=\"tag-cloud-link tag-link-985 tag-link-position-8\" style=\"font-size: 11.126213592233pt;\" aria-label=\"Cinema (36 itens)\">Cinema<\/a>\n<a href=\"https:\/\/www.comunicarmais.com.br\/site\/tag\/cultura\/\" class=\"tag-cloud-link tag-link-231 tag-link-position-9\" style=\"font-size: 12.21359223301pt;\" aria-label=\"Cultura (44 itens)\">Cultura<\/a>\n<a href=\"https:\/\/www.comunicarmais.com.br\/site\/tag\/drogas\/\" class=\"tag-cloud-link tag-link-165 tag-link-position-10\" style=\"font-size: 12.757281553398pt;\" aria-label=\"Drogas (48 itens)\">Drogas<\/a>\n<a href=\"https:\/\/www.comunicarmais.com.br\/site\/tag\/educacao\/\" class=\"tag-cloud-link tag-link-228 tag-link-position-11\" style=\"font-size: 12.621359223301pt;\" aria-label=\"Educa\u00e7\u00e3o (47 itens)\">Educa\u00e7\u00e3o<\/a>\n<a href=\"https:\/\/www.comunicarmais.com.br\/site\/tag\/ensino\/\" class=\"tag-cloud-link tag-link-233 tag-link-position-12\" style=\"font-size: 10.446601941748pt;\" aria-label=\"Ensino (32 itens)\">Ensino<\/a>\n<a href=\"https:\/\/www.comunicarmais.com.br\/site\/tag\/escola\/\" class=\"tag-cloud-link tag-link-229 tag-link-position-13\" style=\"font-size: 9.631067961165pt;\" aria-label=\"Escola (28 itens)\">Escola<\/a>\n<a href=\"https:\/\/www.comunicarmais.com.br\/site\/tag\/eua\/\" class=\"tag-cloud-link tag-link-664 tag-link-position-14\" style=\"font-size: 12.077669902913pt;\" aria-label=\"EUA (43 itens)\">EUA<\/a>\n<a href=\"https:\/\/www.comunicarmais.com.br\/site\/tag\/feira-de-santana\/\" class=\"tag-cloud-link tag-link-642 tag-link-position-15\" style=\"font-size: 9.2233009708738pt;\" aria-label=\"Feira de Santana (26 itens)\">Feira de Santana<\/a>\n<a href=\"https:\/\/www.comunicarmais.com.br\/site\/tag\/ficco\/\" class=\"tag-cloud-link tag-link-143 tag-link-position-16\" style=\"font-size: 9.2233009708738pt;\" aria-label=\"Ficco (26 itens)\">Ficco<\/a>\n<a href=\"https:\/\/www.comunicarmais.com.br\/site\/tag\/folia\/\" class=\"tag-cloud-link tag-link-566 tag-link-position-17\" style=\"font-size: 9.2233009708738pt;\" aria-label=\"Folia (26 itens)\">Folia<\/a>\n<a href=\"https:\/\/www.comunicarmais.com.br\/site\/tag\/futebol\/\" class=\"tag-cloud-link tag-link-40 tag-link-position-18\" style=\"font-size: 13.029126213592pt;\" aria-label=\"Futebol (50 itens)\">Futebol<\/a>\n<a href=\"https:\/\/www.comunicarmais.com.br\/site\/tag\/homicidio\/\" class=\"tag-cloud-link tag-link-101 tag-link-position-19\" style=\"font-size: 10.582524271845pt;\" aria-label=\"Homic\u00eddio (33 itens)\">Homic\u00eddio<\/a>\n<a href=\"https:\/\/www.comunicarmais.com.br\/site\/tag\/itapagipe\/\" class=\"tag-cloud-link tag-link-471 tag-link-position-20\" style=\"font-size: 10.038834951456pt;\" aria-label=\"Itapagipe (30 itens)\">Itapagipe<\/a>\n<a href=\"https:\/\/www.comunicarmais.com.br\/site\/tag\/itaparica\/\" class=\"tag-cloud-link tag-link-301 tag-link-position-21\" style=\"font-size: 8pt;\" aria-label=\"Itaparica (21 itens)\">Itaparica<\/a>\n<a href=\"https:\/\/www.comunicarmais.com.br\/site\/tag\/jeronimo-rodrigues\/\" class=\"tag-cloud-link tag-link-668 tag-link-position-22\" style=\"font-size: 8.2718446601942pt;\" aria-label=\"Jer\u00f4nimo Rodrigues (22 itens)\">Jer\u00f4nimo Rodrigues<\/a>\n<a href=\"https:\/\/www.comunicarmais.com.br\/site\/tag\/justica\/\" class=\"tag-cloud-link tag-link-361 tag-link-position-23\" style=\"font-size: 10.582524271845pt;\" aria-label=\"Justi\u00e7a (33 itens)\">Justi\u00e7a<\/a>\n<a href=\"https:\/\/www.comunicarmais.com.br\/site\/tag\/lauro-de-freitas\/\" class=\"tag-cloud-link tag-link-594 tag-link-position-24\" style=\"font-size: 18.194174757282pt;\" aria-label=\"Lauro de Freitas (122 itens)\">Lauro de Freitas<\/a>\n<a href=\"https:\/\/www.comunicarmais.com.br\/site\/tag\/lazer\/\" class=\"tag-cloud-link tag-link-568 tag-link-position-25\" style=\"font-size: 9.2233009708738pt;\" aria-label=\"Lazer (26 itens)\">Lazer<\/a>\n<a href=\"https:\/\/www.comunicarmais.com.br\/site\/tag\/lula\/\" class=\"tag-cloud-link tag-link-416 tag-link-position-26\" style=\"font-size: 12.21359223301pt;\" aria-label=\"Lula (44 itens)\">Lula<\/a>\n<a href=\"https:\/\/www.comunicarmais.com.br\/site\/tag\/meio-ambiente\/\" class=\"tag-cloud-link tag-link-475 tag-link-position-27\" style=\"font-size: 12.21359223301pt;\" aria-label=\"Meio Ambiente (44 itens)\">Meio Ambiente<\/a>\n<a href=\"https:\/\/www.comunicarmais.com.br\/site\/tag\/mobilidade\/\" class=\"tag-cloud-link tag-link-278 tag-link-position-28\" style=\"font-size: 13.844660194175pt;\" aria-label=\"Mobilidade (58 itens)\">Mobilidade<\/a>\n<a href=\"https:\/\/www.comunicarmais.com.br\/site\/tag\/mulher\/\" class=\"tag-cloud-link tag-link-450 tag-link-position-29\" style=\"font-size: 13.300970873786pt;\" aria-label=\"mulher (53 itens)\">mulher<\/a>\n<a href=\"https:\/\/www.comunicarmais.com.br\/site\/tag\/musica-2\/\" class=\"tag-cloud-link tag-link-747 tag-link-position-30\" style=\"font-size: 12.21359223301pt;\" aria-label=\"M\u00fasica (44 itens)\">M\u00fasica<\/a>\n<a href=\"https:\/\/www.comunicarmais.com.br\/site\/tag\/pcba\/\" class=\"tag-cloud-link tag-link-1332 tag-link-position-31\" style=\"font-size: 15.067961165049pt;\" aria-label=\"PCBA (72 itens)\">PCBA<\/a>\n<a href=\"https:\/\/www.comunicarmais.com.br\/site\/tag\/pmba\/\" class=\"tag-cloud-link tag-link-53 tag-link-position-32\" style=\"font-size: 18.194174757282pt;\" aria-label=\"PMBA (123 itens)\">PMBA<\/a>\n<a href=\"https:\/\/www.comunicarmais.com.br\/site\/tag\/policia-federal\/\" class=\"tag-cloud-link tag-link-620 tag-link-position-33\" style=\"font-size: 8.9514563106796pt;\" aria-label=\"Pol\u00edcia Federal (25 itens)\">Pol\u00edcia Federal<\/a>\n<a href=\"https:\/\/www.comunicarmais.com.br\/site\/tag\/politica\/\" class=\"tag-cloud-link tag-link-495 tag-link-position-34\" style=\"font-size: 16.291262135922pt;\" aria-label=\"Pol\u00edtica (89 itens)\">Pol\u00edtica<\/a>\n<a href=\"https:\/\/www.comunicarmais.com.br\/site\/tag\/rio-de-janeiro\/\" class=\"tag-cloud-link tag-link-152 tag-link-position-35\" style=\"font-size: 9.9029126213592pt;\" aria-label=\"Rio de Janeiro (29 itens)\">Rio de Janeiro<\/a>\n<a href=\"https:\/\/www.comunicarmais.com.br\/site\/tag\/salvador\/\" class=\"tag-cloud-link tag-link-125 tag-link-position-36\" style=\"font-size: 22pt;\" aria-label=\"Salvador (235 itens)\">Salvador<\/a>\n<a href=\"https:\/\/www.comunicarmais.com.br\/site\/tag\/saude\/\" class=\"tag-cloud-link tag-link-42 tag-link-position-37\" style=\"font-size: 17.78640776699pt;\" aria-label=\"Sa\u00fade (115 itens)\">Sa\u00fade<\/a>\n<a href=\"https:\/\/www.comunicarmais.com.br\/site\/tag\/seguranca\/\" class=\"tag-cloud-link tag-link-48 tag-link-position-38\" style=\"font-size: 9.2233009708738pt;\" aria-label=\"Seguran\u00e7a (26 itens)\">Seguran\u00e7a<\/a>\n<a href=\"https:\/\/www.comunicarmais.com.br\/site\/tag\/ssp-ba\/\" class=\"tag-cloud-link tag-link-1937 tag-link-position-39\" style=\"font-size: 8.9514563106796pt;\" aria-label=\"SSP-BA (25 itens)\">SSP-BA<\/a>\n<a href=\"https:\/\/www.comunicarmais.com.br\/site\/tag\/sspba\/\" class=\"tag-cloud-link tag-link-144 tag-link-position-40\" style=\"font-size: 11.398058252427pt;\" aria-label=\"SSPBA (38 itens)\">SSPBA<\/a>\n<a href=\"https:\/\/www.comunicarmais.com.br\/site\/tag\/stf\/\" class=\"tag-cloud-link tag-link-68 tag-link-position-41\" style=\"font-size: 14.252427184466pt;\" aria-label=\"STF (62 itens)\">STF<\/a>\n<a href=\"https:\/\/www.comunicarmais.com.br\/site\/tag\/sao-paulo\/\" class=\"tag-cloud-link tag-link-612 tag-link-position-42\" style=\"font-size: 8pt;\" aria-label=\"S\u00e3o Paulo (21 itens)\">S\u00e3o Paulo<\/a>\n<a href=\"https:\/\/www.comunicarmais.com.br\/site\/tag\/transito-2\/\" class=\"tag-cloud-link tag-link-377 tag-link-position-43\" style=\"font-size: 8.2718446601942pt;\" aria-label=\"tr\u00e2nsito (22 itens)\">tr\u00e2nsito<\/a>\n<a href=\"https:\/\/www.comunicarmais.com.br\/site\/tag\/turismo\/\" class=\"tag-cloud-link tag-link-225 tag-link-position-44\" style=\"font-size: 9.9029126213592pt;\" aria-label=\"Turismo (29 itens)\">Turismo<\/a>\n<a href=\"https:\/\/www.comunicarmais.com.br\/site\/tag\/uruguai\/\" class=\"tag-cloud-link tag-link-323 tag-link-position-45\" style=\"font-size: 9.631067961165pt;\" aria-label=\"Uruguai (28 itens)\">Uruguai<\/a><\/p>","protected":false},"excerpt":{"rendered":"<p>Programa\u00e7\u00e3o de eventos de fim de ano da Prefeitura, na Arena O Canto da Cidade, come\u00e7a no dia 25, com a realiza\u00e7\u00e3o do Natal do Salvador<\/p>\n","protected":false},"author":2,"featured_media":11878,"comment_status":"open","ping_status":"open","sticky":false,"template":"","format":"standard","meta":{"_acf_changed":false,"footnotes":""},"categories":[5],"tags":[180,3111,3160,3110,182],"class_list":["post-11875","post","type-post","status-publish","format-standard","has-post-thumbnail","hentry","category-grande-salvador","tag-boca-do-rio","tag-fim-de-ano","tag-frei-gilson","tag-roberto-carlos","tag-virada-salvador"],"acf":[],"yoast_head":"<!-- This site is optimized with the Yoast SEO plugin v26.1.1 - https:\/\/yoast.com\/wordpress\/plugins\/seo\/ -->\n<title>Prefeitura de Salvador apresenta opera\u00e7\u00e3o integrada para o Festival Virada 2026 - Comunicar Mais<\/title>\n<meta name=\"description\" content=\"Programa\u00e7\u00e3o de eventos de fim de ano da Prefeitura, na Arena O Canto da Cidade, come\u00e7a no dia 25, com a realiza\u00e7\u00e3o do Natal do Salvador\" \/>\n<meta name=\"robots\" content=\"index, follow, max-snippet:-1, max-image-preview:large, max-video-preview:-1\" \/>\n<link rel=\"canonical\" href=\"https:\/\/www.comunicarmais.com.br\/site\/2025\/12\/23\/prefeitura-de-salvador-apresenta-operacao-integrada-para-o-festival-virada-2026\/\" \/>\n<meta property=\"og:locale\" content=\"pt_BR\" \/>\n<meta property=\"og:type\" content=\"article\" \/>\n<meta property=\"og:title\" content=\"Prefeitura de Salvador apresenta opera\u00e7\u00e3o integrada para o Festival Virada 2026 - Comunicar Mais\" \/>\n<meta property=\"og:description\" content=\"Programa\u00e7\u00e3o de eventos de fim de ano da Prefeitura, na Arena O Canto da Cidade, come\u00e7a no dia 25, com a realiza\u00e7\u00e3o do Natal do Salvador\" \/>\n<meta property=\"og:url\" content=\"https:\/\/www.comunicarmais.com.br\/site\/2025\/12\/23\/prefeitura-de-salvador-apresenta-operacao-integrada-para-o-festival-virada-2026\/\" \/>\n<meta property=\"og:site_name\" content=\"Comunicar Mais\" \/>\n<meta property=\"article:publisher\" content=\"https:\/\/www.facebook.com\/comunicarmais\/\" \/>\n<meta property=\"article:author\" content=\"https:\/\/www.facebook.com\/comunicarmais\/\" \/>\n<meta property=\"article:published_time\" content=\"2025-12-23T23:15:00+00:00\" \/>\n<meta property=\"article:modified_time\" content=\"2025-12-24T02:29:21+00:00\" \/>\n<meta property=\"og:image\" content=\"https:\/\/www.comunicarmais.com.br\/site\/wp-content\/uploads\/2025\/12\/WhatsApp-Image-2025-12-23-at-19.56.01.jpeg\" \/>\n\t<meta property=\"og:image:width\" content=\"1280\" \/>\n\t<meta property=\"og:image:height\" content=\"854\" \/>\n\t<meta property=\"og:image:type\" content=\"image\/jpeg\" \/>\n<meta name=\"author\" content=\"Comunicar Mais\" \/>\n<meta name=\"twitter:card\" content=\"summary_large_image\" \/>\n<meta name=\"twitter:creator\" content=\"@ComunicarmaisBA\" \/>\n<meta name=\"twitter:site\" content=\"@ComunicarmaisBA\" \/>\n<meta name=\"twitter:label1\" content=\"Escrito por\" \/>\n\t<meta name=\"twitter:data1\" content=\"Comunicar Mais\" \/>\n\t<meta name=\"twitter:label2\" content=\"Est. tempo de leitura\" \/>\n\t<meta name=\"twitter:data2\" content=\"11 minutos\" \/>\n<script type=\"application\/ld+json\" class=\"yoast-schema-graph\">{\"@context\":\"https:\/\/schema.org\",\"@graph\":[{\"@type\":\"WebPage\",\"@id\":\"https:\/\/www.comunicarmais.com.br\/site\/2025\/12\/23\/prefeitura-de-salvador-apresenta-operacao-integrada-para-o-festival-virada-2026\/\",\"url\":\"https:\/\/www.comunicarmais.com.br\/site\/2025\/12\/23\/prefeitura-de-salvador-apresenta-operacao-integrada-para-o-festival-virada-2026\/\",\"name\":\"Prefeitura de Salvador apresenta opera\u00e7\u00e3o integrada para o Festival Virada 2026 - Comunicar Mais\",\"isPartOf\":{\"@id\":\"https:\/\/www.comunicarmais.com.br\/site\/#website\"},\"primaryImageOfPage\":{\"@id\":\"https:\/\/www.comunicarmais.com.br\/site\/2025\/12\/23\/prefeitura-de-salvador-apresenta-operacao-integrada-para-o-festival-virada-2026\/#primaryimage\"},\"image\":{\"@id\":\"https:\/\/www.comunicarmais.com.br\/site\/2025\/12\/23\/prefeitura-de-salvador-apresenta-operacao-integrada-para-o-festival-virada-2026\/#primaryimage\"},\"thumbnailUrl\":\"https:\/\/www.comunicarmais.com.br\/site\/wp-content\/uploads\/2025\/12\/WhatsApp-Image-2025-12-23-at-19.56.01.jpeg\",\"datePublished\":\"2025-12-23T23:15:00+00:00\",\"dateModified\":\"2025-12-24T02:29:21+00:00\",\"author\":{\"@id\":\"https:\/\/www.comunicarmais.com.br\/site\/#\/schema\/person\/712f7b6b25b644e4a91c4173674cf284\"},\"description\":\"Programa\u00e7\u00e3o de eventos de fim de ano da Prefeitura, na Arena O Canto da Cidade, come\u00e7a no dia 25, com a realiza\u00e7\u00e3o do Natal do Salvador\",\"breadcrumb\":{\"@id\":\"https:\/\/www.comunicarmais.com.br\/site\/2025\/12\/23\/prefeitura-de-salvador-apresenta-operacao-integrada-para-o-festival-virada-2026\/#breadcrumb\"},\"inLanguage\":\"pt-BR\",\"potentialAction\":[{\"@type\":\"ReadAction\",\"target\":[\"https:\/\/www.comunicarmais.com.br\/site\/2025\/12\/23\/prefeitura-de-salvador-apresenta-operacao-integrada-para-o-festival-virada-2026\/\"]}]},{\"@type\":\"ImageObject\",\"inLanguage\":\"pt-BR\",\"@id\":\"https:\/\/www.comunicarmais.com.br\/site\/2025\/12\/23\/prefeitura-de-salvador-apresenta-operacao-integrada-para-o-festival-virada-2026\/#primaryimage\",\"url\":\"https:\/\/www.comunicarmais.com.br\/site\/wp-content\/uploads\/2025\/12\/WhatsApp-Image-2025-12-23-at-19.56.01.jpeg\",\"contentUrl\":\"https:\/\/www.comunicarmais.com.br\/site\/wp-content\/uploads\/2025\/12\/WhatsApp-Image-2025-12-23-at-19.56.01.jpeg\",\"width\":1280,\"height\":854},{\"@type\":\"BreadcrumbList\",\"@id\":\"https:\/\/www.comunicarmais.com.br\/site\/2025\/12\/23\/prefeitura-de-salvador-apresenta-operacao-integrada-para-o-festival-virada-2026\/#breadcrumb\",\"itemListElement\":[{\"@type\":\"ListItem\",\"position\":1,\"name\":\"In\u00edcio\",\"item\":\"https:\/\/www.comunicarmais.com.br\/site\/\"},{\"@type\":\"ListItem\",\"position\":2,\"name\":\"Prefeitura de Salvador apresenta opera\u00e7\u00e3o integrada para o Festival Virada 2026\"}]},{\"@type\":\"WebSite\",\"@id\":\"https:\/\/www.comunicarmais.com.br\/site\/#website\",\"url\":\"https:\/\/www.comunicarmais.com.br\/site\/\",\"name\":\"Comunicar Mais\",\"description\":\"\",\"potentialAction\":[{\"@type\":\"SearchAction\",\"target\":{\"@type\":\"EntryPoint\",\"urlTemplate\":\"https:\/\/www.comunicarmais.com.br\/site\/?s={search_term_string}\"},\"query-input\":{\"@type\":\"PropertyValueSpecification\",\"valueRequired\":true,\"valueName\":\"search_term_string\"}}],\"inLanguage\":\"pt-BR\"},{\"@type\":\"Person\",\"@id\":\"https:\/\/www.comunicarmais.com.br\/site\/#\/schema\/person\/712f7b6b25b644e4a91c4173674cf284\",\"name\":\"Comunicar Mais\",\"image\":{\"@type\":\"ImageObject\",\"inLanguage\":\"pt-BR\",\"@id\":\"https:\/\/www.comunicarmais.com.br\/site\/#\/schema\/person\/image\/\",\"url\":\"https:\/\/secure.gravatar.com\/avatar\/9803218072e2c0dc265d3d787b54c2c33325e79f79732707fddfbf1efd82c678?s=96&d=mm&r=g\",\"contentUrl\":\"https:\/\/secure.gravatar.com\/avatar\/9803218072e2c0dc265d3d787b54c2c33325e79f79732707fddfbf1efd82c678?s=96&d=mm&r=g\",\"caption\":\"Comunicar Mais\"},\"description\":\"Deixe as ideologias com os ide\u00f3logos. Noticiamos fatos, n\u00e3o brigamos com eles. Aqui, voc\u00ea fica bem informado do que acontece no seu bairro e no mundo. Informar com \u00e9tica e responsabilidade s\u00e3o as bandeiras do Comunicarmais.\",\"sameAs\":[\"https:\/\/www.comunicarmais.com.br\/site\/\",\"https:\/\/www.facebook.com\/comunicarmais\/\",\"https:\/\/www.instagram.com\/comunicarmaisba\/\",\"https:\/\/x.com\/ComunicarmaisBA\"],\"url\":\"https:\/\/www.comunicarmais.com.br\/site\/author\/gerenciador\/\"}]}<\/script>\n<!-- \/ Yoast SEO plugin. -->","yoast_head_json":{"title":"Prefeitura de Salvador apresenta opera\u00e7\u00e3o integrada para o Festival Virada 2026 - Comunicar Mais","description":"Programa\u00e7\u00e3o de eventos de fim de ano da Prefeitura, na Arena O Canto da Cidade, come\u00e7a no dia 25, com a realiza\u00e7\u00e3o do Natal do Salvador","robots":{"index":"index","follow":"follow","max-snippet":"max-snippet:-1","max-image-preview":"max-image-preview:large","max-video-preview":"max-video-preview:-1"},"canonical":"https:\/\/www.comunicarmais.com.br\/site\/2025\/12\/23\/prefeitura-de-salvador-apresenta-operacao-integrada-para-o-festival-virada-2026\/","og_locale":"pt_BR","og_type":"article","og_title":"Prefeitura de Salvador apresenta opera\u00e7\u00e3o integrada para o Festival Virada 2026 - Comunicar Mais","og_description":"Programa\u00e7\u00e3o de eventos de fim de ano da Prefeitura, na Arena O Canto da Cidade, come\u00e7a no dia 25, com a realiza\u00e7\u00e3o do Natal do Salvador","og_url":"https:\/\/www.comunicarmais.com.br\/site\/2025\/12\/23\/prefeitura-de-salvador-apresenta-operacao-integrada-para-o-festival-virada-2026\/","og_site_name":"Comunicar Mais","article_publisher":"https:\/\/www.facebook.com\/comunicarmais\/","article_author":"https:\/\/www.facebook.com\/comunicarmais\/","article_published_time":"2025-12-23T23:15:00+00:00","article_modified_time":"2025-12-24T02:29:21+00:00","og_image":[{"width":1280,"height":854,"url":"https:\/\/www.comunicarmais.com.br\/site\/wp-content\/uploads\/2025\/12\/WhatsApp-Image-2025-12-23-at-19.56.01.jpeg","type":"image\/jpeg"}],"author":"Comunicar Mais","twitter_card":"summary_large_image","twitter_creator":"@ComunicarmaisBA","twitter_site":"@ComunicarmaisBA","twitter_misc":{"Escrito por":"Comunicar Mais","Est. tempo de leitura":"11 minutos"},"schema":{"@context":"https:\/\/schema.org","@graph":[{"@type":"WebPage","@id":"https:\/\/www.comunicarmais.com.br\/site\/2025\/12\/23\/prefeitura-de-salvador-apresenta-operacao-integrada-para-o-festival-virada-2026\/","url":"https:\/\/www.comunicarmais.com.br\/site\/2025\/12\/23\/prefeitura-de-salvador-apresenta-operacao-integrada-para-o-festival-virada-2026\/","name":"Prefeitura de Salvador apresenta opera\u00e7\u00e3o integrada para o Festival Virada 2026 - Comunicar Mais","isPartOf":{"@id":"https:\/\/www.comunicarmais.com.br\/site\/#website"},"primaryImageOfPage":{"@id":"https:\/\/www.comunicarmais.com.br\/site\/2025\/12\/23\/prefeitura-de-salvador-apresenta-operacao-integrada-para-o-festival-virada-2026\/#primaryimage"},"image":{"@id":"https:\/\/www.comunicarmais.com.br\/site\/2025\/12\/23\/prefeitura-de-salvador-apresenta-operacao-integrada-para-o-festival-virada-2026\/#primaryimage"},"thumbnailUrl":"https:\/\/www.comunicarmais.com.br\/site\/wp-content\/uploads\/2025\/12\/WhatsApp-Image-2025-12-23-at-19.56.01.jpeg","datePublished":"2025-12-23T23:15:00+00:00","dateModified":"2025-12-24T02:29:21+00:00","author":{"@id":"https:\/\/www.comunicarmais.com.br\/site\/#\/schema\/person\/712f7b6b25b644e4a91c4173674cf284"},"description":"Programa\u00e7\u00e3o de eventos de fim de ano da Prefeitura, na Arena O Canto da Cidade, come\u00e7a no dia 25, com a realiza\u00e7\u00e3o do Natal do Salvador","breadcrumb":{"@id":"https:\/\/www.comunicarmais.com.br\/site\/2025\/12\/23\/prefeitura-de-salvador-apresenta-operacao-integrada-para-o-festival-virada-2026\/#breadcrumb"},"inLanguage":"pt-BR","potentialAction":[{"@type":"ReadAction","target":["https:\/\/www.comunicarmais.com.br\/site\/2025\/12\/23\/prefeitura-de-salvador-apresenta-operacao-integrada-para-o-festival-virada-2026\/"]}]},{"@type":"ImageObject","inLanguage":"pt-BR","@id":"https:\/\/www.comunicarmais.com.br\/site\/2025\/12\/23\/prefeitura-de-salvador-apresenta-operacao-integrada-para-o-festival-virada-2026\/#primaryimage","url":"https:\/\/www.comunicarmais.com.br\/site\/wp-content\/uploads\/2025\/12\/WhatsApp-Image-2025-12-23-at-19.56.01.jpeg","contentUrl":"https:\/\/www.comunicarmais.com.br\/site\/wp-content\/uploads\/2025\/12\/WhatsApp-Image-2025-12-23-at-19.56.01.jpeg","width":1280,"height":854},{"@type":"BreadcrumbList","@id":"https:\/\/www.comunicarmais.com.br\/site\/2025\/12\/23\/prefeitura-de-salvador-apresenta-operacao-integrada-para-o-festival-virada-2026\/#breadcrumb","itemListElement":[{"@type":"ListItem","position":1,"name":"In\u00edcio","item":"https:\/\/www.comunicarmais.com.br\/site\/"},{"@type":"ListItem","position":2,"name":"Prefeitura de Salvador apresenta opera\u00e7\u00e3o integrada para o Festival Virada 2026"}]},{"@type":"WebSite","@id":"https:\/\/www.comunicarmais.com.br\/site\/#website","url":"https:\/\/www.comunicarmais.com.br\/site\/","name":"Comunicar Mais","description":"","potentialAction":[{"@type":"SearchAction","target":{"@type":"EntryPoint","urlTemplate":"https:\/\/www.comunicarmais.com.br\/site\/?s={search_term_string}"},"query-input":{"@type":"PropertyValueSpecification","valueRequired":true,"valueName":"search_term_string"}}],"inLanguage":"pt-BR"},{"@type":"Person","@id":"https:\/\/www.comunicarmais.com.br\/site\/#\/schema\/person\/712f7b6b25b644e4a91c4173674cf284","name":"Comunicar Mais","image":{"@type":"ImageObject","inLanguage":"pt-BR","@id":"https:\/\/www.comunicarmais.com.br\/site\/#\/schema\/person\/image\/","url":"https:\/\/secure.gravatar.com\/avatar\/9803218072e2c0dc265d3d787b54c2c33325e79f79732707fddfbf1efd82c678?s=96&d=mm&r=g","contentUrl":"https:\/\/secure.gravatar.com\/avatar\/9803218072e2c0dc265d3d787b54c2c33325e79f79732707fddfbf1efd82c678?s=96&d=mm&r=g","caption":"Comunicar Mais"},"description":"Deixe as ideologias com os ide\u00f3logos. Noticiamos fatos, n\u00e3o brigamos com eles. Aqui, voc\u00ea fica bem informado do que acontece no seu bairro e no mundo. Informar com \u00e9tica e responsabilidade s\u00e3o as bandeiras do Comunicarmais.","sameAs":["https:\/\/www.comunicarmais.com.br\/site\/","https:\/\/www.facebook.com\/comunicarmais\/","https:\/\/www.instagram.com\/comunicarmaisba\/","https:\/\/x.com\/ComunicarmaisBA"],"url":"https:\/\/www.comunicarmais.com.br\/site\/author\/gerenciador\/"}]}},"_links":{"self":[{"href":"https:\/\/www.comunicarmais.com.br\/site\/wp-json\/wp\/v2\/posts\/11875","targetHints":{"allow":["GET"]}}],"collection":[{"href":"https:\/\/www.comunicarmais.com.br\/site\/wp-json\/wp\/v2\/posts"}],"about":[{"href":"https:\/\/www.comunicarmais.com.br\/site\/wp-json\/wp\/v2\/types\/post"}],"author":[{"embeddable":true,"href":"https:\/\/www.comunicarmais.com.br\/site\/wp-json\/wp\/v2\/users\/2"}],"replies":[{"embeddable":true,"href":"https:\/\/www.comunicarmais.com.br\/site\/wp-json\/wp\/v2\/comments?post=11875"}],"version-history":[{"count":2,"href":"https:\/\/www.comunicarmais.com.br\/site\/wp-json\/wp\/v2\/posts\/11875\/revisions"}],"predecessor-version":[{"id":11885,"href":"https:\/\/www.comunicarmais.com.br\/site\/wp-json\/wp\/v2\/posts\/11875\/revisions\/11885"}],"wp:featuredmedia":[{"embeddable":true,"href":"https:\/\/www.comunicarmais.com.br\/site\/wp-json\/wp\/v2\/media\/11878"}],"wp:attachment":[{"href":"https:\/\/www.comunicarmais.com.br\/site\/wp-json\/wp\/v2\/media?parent=11875"}],"wp:term":[{"taxonomy":"category","embeddable":true,"href":"https:\/\/www.comunicarmais.com.br\/site\/wp-json\/wp\/v2\/categories?post=11875"},{"taxonomy":"post_tag","embeddable":true,"href":"https:\/\/www.comunicarmais.com.br\/site\/wp-json\/wp\/v2\/tags?post=11875"}],"curies":[{"name":"wp","href":"https:\/\/api.w.org\/{rel}","templated":true}]}}