{"id":11543,"date":"2025-12-04T20:58:00","date_gmt":"2025-12-04T23:58:00","guid":{"rendered":"https:\/\/www.comunicarmais.com.br\/site\/?p=11543"},"modified":"2025-12-04T21:57:37","modified_gmt":"2025-12-05T00:57:37","slug":"pedro-archanjo-representa-a-bahia-e-sua-bienal-do-reconcavo-em-encontro-nacional-de-politicas-para-as-artes-visuais","status":"publish","type":"post","link":"https:\/\/www.comunicarmais.com.br\/site\/2025\/12\/04\/pedro-archanjo-representa-a-bahia-e-sua-bienal-do-reconcavo-em-encontro-nacional-de-politicas-para-as-artes-visuais\/","title":{"rendered":"Pedro Archanjo representa a Bahia e sua Bienal do Rec\u00f4ncavo em Encontro Nacional de Pol\u00edticas para as Artes Visuais"},"content":{"rendered":"\n<p><strong>Promovido pela Funarte e Bienal de S\u00e3o Paulo, encontro ter\u00e1 foco na constru\u00e7\u00e3o coletiva de um documento, com apontamentos concretos que fortale\u00e7am as pol\u00edticas p\u00fablicas no campo das artes visuais<\/strong><\/p>\n\n\n\n<p><strong><a href=\"https:\/\/x.com\/Albenisio\" target=\"_blank\" rel=\"noreferrer noopener\">Por Alben\u00edsio Fonseca<\/a> &#8211;<\/strong> Sob negocia\u00e7\u00f5es avan\u00e7adas com a Petrobras para a retomada da Bienal do Rec\u00f4ncavo, Pedro Archanjo participa, a convite, nesses dias 5 e 6 de dezembro, do Encontro Nacional de Pol\u00edticas para as Artes Visuais, promovido pela Funda\u00e7\u00e3o Nacional de Artes \u2013 Funarte, em parceria com a Funda\u00e7\u00e3o Bienal de S\u00e3o Paulo, no Pavilh\u00e3o da Bienal de S\u00e3o Paulo.<\/p>\n\n\n\n<p>Ex-diretor geral do MAB-Museu de Arte da Bahia, segundo Archanjo, &#8220;este Encontro \u00e9 um marco no di\u00e1logo sobre o futuro das artes no Brasil e tem como objetivo central a articula\u00e7\u00e3o e o debate entre agentes art\u00edsticos das artes visuais, em toda a sua diversidade&#8221;.<\/p>\n\n\n\n<p>&#8212; Reconhecemos que a riqueza da nossa produ\u00e7\u00e3o cultural est\u00e1 diretamente ligada \u00e0 pluralidade de nossas vozes, e \u00e9 com esse esp\u00edrito que foi convidado, conforme justificativa dos organizadores do evento, &#8220;para contribuir com este momento fundamental&#8221;.<\/p>\n\n\n\n<p>O debate ser\u00e1 subsidiado pelo texto-base da Pol\u00edtica Nacional das Artes (PNA), que estabelece as premissas para assegurar o pleno exerc\u00edcio dos direitos culturais a todas as pessoas, e por iniciativas trazidas ao Encontro pelos participantes.<\/p>\n\n\n\n<p>Partindo da metodologia de grupos de trabalho, o encontro ter\u00e1 como foco a constru\u00e7\u00e3o coletiva de um documento, com apontamentos concretos que fortale\u00e7am as pol\u00edticas p\u00fablicas para o campo das artes visuais, a ser entregue formalmente \u00e0 Funarte.<\/p>\n\n\n\n<p>Al\u00e9m de contribuir diretamente para as a\u00e7\u00f5es da Funda\u00e7\u00e3o, esse documento ser\u00e1 encaminhado ao Minist\u00e9rio da Cultura, no contexto de constru\u00e7\u00e3o das diretrizes para as pol\u00edticas p\u00fablicas voltadas para diferentes setores da cultura no Brasil, com avan\u00e7os na consolida\u00e7\u00e3o dos Sistemas Setoriais de Cultura.<\/p>\n\n\n\n<p>A prop\u00f3sito da Bienal do Rec\u00f4ncavo e de iniciativas sobre outras bienais regionais, os organizadores do Encontro ressaltam o interesse em &#8220;contar com sua experi\u00eancia e trajet\u00f3ria para juntos fortalecermos as redes criativas e produtivas das artes visuais brasileiras&#8221;.<\/p>\n\n\n\n<figure class=\"wp-block-image size-full\"><img decoding=\"async\" width=\"872\" height=\"1153\" data-src=\"https:\/\/www.comunicarmais.com.br\/site\/wp-content\/uploads\/2025\/12\/WhatsApp-Image-2025-12-04-at-20.40.00.jpeg\" alt=\"\" class=\"wp-image-11546 lazyload\" data-srcset=\"https:\/\/www.comunicarmais.com.br\/site\/wp-content\/uploads\/2025\/12\/WhatsApp-Image-2025-12-04-at-20.40.00.jpeg 872w, https:\/\/www.comunicarmais.com.br\/site\/wp-content\/uploads\/2025\/12\/WhatsApp-Image-2025-12-04-at-20.40.00-774x1024.jpeg 774w, https:\/\/www.comunicarmais.com.br\/site\/wp-content\/uploads\/2025\/12\/WhatsApp-Image-2025-12-04-at-20.40.00-768x1015.jpeg 768w\" data-sizes=\"(max-width: 872px) 100vw, 872px\" src=\"data:image\/svg+xml;base64,PHN2ZyB3aWR0aD0iMSIgaGVpZ2h0PSIxIiB4bWxucz0iaHR0cDovL3d3dy53My5vcmcvMjAwMC9zdmciPjwvc3ZnPg==\" style=\"--smush-placeholder-width: 872px; --smush-placeholder-aspect-ratio: 872\/1153;\" \/><\/figure>\n\n\n\n<p><strong>PROGRAMA\u00c7\u00c3O<\/strong><\/p>\n\n\n\n<p>DIA 5<br>15h30min \u00e0s 17h \u2013 Credenciamento<br>17h30min &#8211; Abertura Institucional<\/p>\n\n\n\n<p>DIA 6<br>9h \u00e0s 12h \u2013 Grupos de Trabalho Tem\u00e1ticos<br>12h \u00e0s 1h30 \u2013 Intervalo<br>13h30 \u00e0s 16:30h \u2013 Continua\u00e7\u00e3o dos Grupos de Trabalho Tem\u00e1ticos<br>16h30 \u00e0s 18h30min \u2013 Encontro final para consolida\u00e7\u00e3o do documento e encerramento<\/p>\n\n\n\n<p><strong>TEMAS DOS GRUPOS DE TRABALHO<\/strong><\/p>\n\n\n\n<p>GT1 \u2013 Cria\u00e7\u00e3o Contempor\u00e2nea e Diversidade de Linguagens e Suportes<\/p>\n\n\n\n<p>GT2 &#8211; Arte ancestral, di\u00e1spora africana e contemporaneidade: territ\u00f3rio e circula\u00e7\u00e3o global<\/p>\n\n\n\n<p>GT3 &#8211; Os lugares da arte p\u00fablica<\/p>\n\n\n\n<p>GT4 \u2013 Mem\u00f3ria e estrat\u00e9gias de preserva\u00e7\u00e3o e difus\u00e3o<\/p>\n\n\n\n<p>GT 5 \u2013 Profissionaliza\u00e7\u00e3o e Mercado: a profiss\u00e3o art\u00edstica<\/p>\n\n\n\n<p>GT 6 &#8211; Pr\u00e1ticas sustent\u00e1veis: da cria\u00e7\u00e3o \u00e0 circula\u00e7\u00e3o<\/p>\n\n\n\n<p>Vale ressaltar que as inscri\u00e7\u00f5es foram encerradas devido ao preenchimento de todas as vagas dispon\u00edveis.<\/p>\n\n\n\n<p>________________________________________________________________________________________________________________<\/p>\n\n\n<p class=\"wp-block-tag-cloud\"><a href=\"https:\/\/www.comunicarmais.com.br\/site\/tag\/bahia\/\" class=\"tag-cloud-link tag-link-171 tag-link-position-1\" style=\"font-size: 17.922330097087pt;\" aria-label=\"Bahia (116 itens)\">Bahia<\/a>\n<a href=\"https:\/\/www.comunicarmais.com.br\/site\/tag\/bolsonaro\/\" class=\"tag-cloud-link tag-link-112 tag-link-position-2\" style=\"font-size: 11.533980582524pt;\" aria-label=\"Bolsonaro (39 itens)\">Bolsonaro<\/a>\n<a href=\"https:\/\/www.comunicarmais.com.br\/site\/tag\/brasil\/\" class=\"tag-cloud-link tag-link-335 tag-link-position-3\" style=\"font-size: 13.029126213592pt;\" aria-label=\"Brasil (50 itens)\">Brasil<\/a>\n<a href=\"https:\/\/www.comunicarmais.com.br\/site\/tag\/camacari\/\" class=\"tag-cloud-link tag-link-435 tag-link-position-4\" style=\"font-size: 8.8155339805825pt;\" aria-label=\"Cama\u00e7ari (24 itens)\">Cama\u00e7ari<\/a>\n<a href=\"https:\/\/www.comunicarmais.com.br\/site\/tag\/carnaval\/\" class=\"tag-cloud-link tag-link-508 tag-link-position-5\" style=\"font-size: 12.893203883495pt;\" aria-label=\"Carnaval (49 itens)\">Carnaval<\/a>\n<a href=\"https:\/\/www.comunicarmais.com.br\/site\/tag\/cbx\/\" class=\"tag-cloud-link tag-link-1602 tag-link-position-6\" style=\"font-size: 11.398058252427pt;\" aria-label=\"CBX (38 itens)\">CBX<\/a>\n<a href=\"https:\/\/www.comunicarmais.com.br\/site\/tag\/cidade-baixa\/\" class=\"tag-cloud-link tag-link-456 tag-link-position-7\" style=\"font-size: 9.9029126213592pt;\" aria-label=\"Cidade Baixa (29 itens)\">Cidade Baixa<\/a>\n<a href=\"https:\/\/www.comunicarmais.com.br\/site\/tag\/cinema\/\" class=\"tag-cloud-link tag-link-985 tag-link-position-8\" style=\"font-size: 11.126213592233pt;\" aria-label=\"Cinema (36 itens)\">Cinema<\/a>\n<a href=\"https:\/\/www.comunicarmais.com.br\/site\/tag\/cultura\/\" class=\"tag-cloud-link tag-link-231 tag-link-position-9\" style=\"font-size: 12.21359223301pt;\" aria-label=\"Cultura (44 itens)\">Cultura<\/a>\n<a href=\"https:\/\/www.comunicarmais.com.br\/site\/tag\/drogas\/\" class=\"tag-cloud-link tag-link-165 tag-link-position-10\" style=\"font-size: 12.757281553398pt;\" aria-label=\"Drogas (48 itens)\">Drogas<\/a>\n<a href=\"https:\/\/www.comunicarmais.com.br\/site\/tag\/educacao\/\" class=\"tag-cloud-link tag-link-228 tag-link-position-11\" style=\"font-size: 12.621359223301pt;\" aria-label=\"Educa\u00e7\u00e3o (47 itens)\">Educa\u00e7\u00e3o<\/a>\n<a href=\"https:\/\/www.comunicarmais.com.br\/site\/tag\/ensino\/\" class=\"tag-cloud-link tag-link-233 tag-link-position-12\" style=\"font-size: 10.446601941748pt;\" aria-label=\"Ensino (32 itens)\">Ensino<\/a>\n<a href=\"https:\/\/www.comunicarmais.com.br\/site\/tag\/escola\/\" class=\"tag-cloud-link tag-link-229 tag-link-position-13\" style=\"font-size: 9.631067961165pt;\" aria-label=\"Escola (28 itens)\">Escola<\/a>\n<a href=\"https:\/\/www.comunicarmais.com.br\/site\/tag\/eua\/\" class=\"tag-cloud-link tag-link-664 tag-link-position-14\" style=\"font-size: 12.077669902913pt;\" aria-label=\"EUA (43 itens)\">EUA<\/a>\n<a href=\"https:\/\/www.comunicarmais.com.br\/site\/tag\/feira-de-santana\/\" class=\"tag-cloud-link tag-link-642 tag-link-position-15\" style=\"font-size: 9.2233009708738pt;\" aria-label=\"Feira de Santana (26 itens)\">Feira de Santana<\/a>\n<a href=\"https:\/\/www.comunicarmais.com.br\/site\/tag\/ficco\/\" class=\"tag-cloud-link tag-link-143 tag-link-position-16\" style=\"font-size: 9.2233009708738pt;\" aria-label=\"Ficco (26 itens)\">Ficco<\/a>\n<a href=\"https:\/\/www.comunicarmais.com.br\/site\/tag\/folia\/\" class=\"tag-cloud-link tag-link-566 tag-link-position-17\" style=\"font-size: 9.2233009708738pt;\" aria-label=\"Folia (26 itens)\">Folia<\/a>\n<a href=\"https:\/\/www.comunicarmais.com.br\/site\/tag\/futebol\/\" class=\"tag-cloud-link tag-link-40 tag-link-position-18\" style=\"font-size: 13.029126213592pt;\" aria-label=\"Futebol (50 itens)\">Futebol<\/a>\n<a href=\"https:\/\/www.comunicarmais.com.br\/site\/tag\/homicidio\/\" class=\"tag-cloud-link tag-link-101 tag-link-position-19\" style=\"font-size: 10.582524271845pt;\" aria-label=\"Homic\u00eddio (33 itens)\">Homic\u00eddio<\/a>\n<a href=\"https:\/\/www.comunicarmais.com.br\/site\/tag\/itapagipe\/\" class=\"tag-cloud-link tag-link-471 tag-link-position-20\" style=\"font-size: 10.038834951456pt;\" aria-label=\"Itapagipe (30 itens)\">Itapagipe<\/a>\n<a href=\"https:\/\/www.comunicarmais.com.br\/site\/tag\/itaparica\/\" class=\"tag-cloud-link tag-link-301 tag-link-position-21\" style=\"font-size: 8pt;\" aria-label=\"Itaparica (21 itens)\">Itaparica<\/a>\n<a href=\"https:\/\/www.comunicarmais.com.br\/site\/tag\/jeronimo-rodrigues\/\" class=\"tag-cloud-link tag-link-668 tag-link-position-22\" style=\"font-size: 8.2718446601942pt;\" aria-label=\"Jer\u00f4nimo Rodrigues (22 itens)\">Jer\u00f4nimo Rodrigues<\/a>\n<a href=\"https:\/\/www.comunicarmais.com.br\/site\/tag\/justica\/\" class=\"tag-cloud-link tag-link-361 tag-link-position-23\" style=\"font-size: 10.582524271845pt;\" aria-label=\"Justi\u00e7a (33 itens)\">Justi\u00e7a<\/a>\n<a href=\"https:\/\/www.comunicarmais.com.br\/site\/tag\/lauro-de-freitas\/\" class=\"tag-cloud-link tag-link-594 tag-link-position-24\" style=\"font-size: 18.194174757282pt;\" aria-label=\"Lauro de Freitas (122 itens)\">Lauro de Freitas<\/a>\n<a href=\"https:\/\/www.comunicarmais.com.br\/site\/tag\/lazer\/\" class=\"tag-cloud-link tag-link-568 tag-link-position-25\" style=\"font-size: 9.2233009708738pt;\" aria-label=\"Lazer (26 itens)\">Lazer<\/a>\n<a href=\"https:\/\/www.comunicarmais.com.br\/site\/tag\/lula\/\" class=\"tag-cloud-link tag-link-416 tag-link-position-26\" style=\"font-size: 12.21359223301pt;\" aria-label=\"Lula (44 itens)\">Lula<\/a>\n<a href=\"https:\/\/www.comunicarmais.com.br\/site\/tag\/meio-ambiente\/\" class=\"tag-cloud-link tag-link-475 tag-link-position-27\" style=\"font-size: 12.21359223301pt;\" aria-label=\"Meio Ambiente (44 itens)\">Meio Ambiente<\/a>\n<a href=\"https:\/\/www.comunicarmais.com.br\/site\/tag\/mobilidade\/\" class=\"tag-cloud-link tag-link-278 tag-link-position-28\" style=\"font-size: 13.844660194175pt;\" aria-label=\"Mobilidade (58 itens)\">Mobilidade<\/a>\n<a href=\"https:\/\/www.comunicarmais.com.br\/site\/tag\/mulher\/\" class=\"tag-cloud-link tag-link-450 tag-link-position-29\" style=\"font-size: 13.300970873786pt;\" aria-label=\"mulher (53 itens)\">mulher<\/a>\n<a href=\"https:\/\/www.comunicarmais.com.br\/site\/tag\/musica-2\/\" class=\"tag-cloud-link tag-link-747 tag-link-position-30\" style=\"font-size: 12.21359223301pt;\" aria-label=\"M\u00fasica (44 itens)\">M\u00fasica<\/a>\n<a href=\"https:\/\/www.comunicarmais.com.br\/site\/tag\/pcba\/\" class=\"tag-cloud-link tag-link-1332 tag-link-position-31\" style=\"font-size: 15.067961165049pt;\" aria-label=\"PCBA (72 itens)\">PCBA<\/a>\n<a href=\"https:\/\/www.comunicarmais.com.br\/site\/tag\/pmba\/\" class=\"tag-cloud-link tag-link-53 tag-link-position-32\" style=\"font-size: 18.194174757282pt;\" aria-label=\"PMBA (123 itens)\">PMBA<\/a>\n<a href=\"https:\/\/www.comunicarmais.com.br\/site\/tag\/policia-federal\/\" class=\"tag-cloud-link tag-link-620 tag-link-position-33\" style=\"font-size: 8.9514563106796pt;\" aria-label=\"Pol\u00edcia Federal (25 itens)\">Pol\u00edcia Federal<\/a>\n<a href=\"https:\/\/www.comunicarmais.com.br\/site\/tag\/politica\/\" class=\"tag-cloud-link tag-link-495 tag-link-position-34\" style=\"font-size: 16.291262135922pt;\" aria-label=\"Pol\u00edtica (89 itens)\">Pol\u00edtica<\/a>\n<a href=\"https:\/\/www.comunicarmais.com.br\/site\/tag\/rio-de-janeiro\/\" class=\"tag-cloud-link tag-link-152 tag-link-position-35\" style=\"font-size: 9.9029126213592pt;\" aria-label=\"Rio de Janeiro (29 itens)\">Rio de Janeiro<\/a>\n<a href=\"https:\/\/www.comunicarmais.com.br\/site\/tag\/salvador\/\" class=\"tag-cloud-link tag-link-125 tag-link-position-36\" style=\"font-size: 22pt;\" aria-label=\"Salvador (234 itens)\">Salvador<\/a>\n<a href=\"https:\/\/www.comunicarmais.com.br\/site\/tag\/saude\/\" class=\"tag-cloud-link tag-link-42 tag-link-position-37\" style=\"font-size: 17.78640776699pt;\" aria-label=\"Sa\u00fade (115 itens)\">Sa\u00fade<\/a>\n<a href=\"https:\/\/www.comunicarmais.com.br\/site\/tag\/seguranca\/\" class=\"tag-cloud-link tag-link-48 tag-link-position-38\" style=\"font-size: 9.2233009708738pt;\" aria-label=\"Seguran\u00e7a (26 itens)\">Seguran\u00e7a<\/a>\n<a href=\"https:\/\/www.comunicarmais.com.br\/site\/tag\/ssp-ba\/\" class=\"tag-cloud-link tag-link-1937 tag-link-position-39\" style=\"font-size: 8.9514563106796pt;\" aria-label=\"SSP-BA (25 itens)\">SSP-BA<\/a>\n<a href=\"https:\/\/www.comunicarmais.com.br\/site\/tag\/sspba\/\" class=\"tag-cloud-link tag-link-144 tag-link-position-40\" style=\"font-size: 11.398058252427pt;\" aria-label=\"SSPBA (38 itens)\">SSPBA<\/a>\n<a href=\"https:\/\/www.comunicarmais.com.br\/site\/tag\/stf\/\" class=\"tag-cloud-link tag-link-68 tag-link-position-41\" style=\"font-size: 14.252427184466pt;\" aria-label=\"STF (62 itens)\">STF<\/a>\n<a href=\"https:\/\/www.comunicarmais.com.br\/site\/tag\/sao-paulo\/\" class=\"tag-cloud-link tag-link-612 tag-link-position-42\" style=\"font-size: 8pt;\" aria-label=\"S\u00e3o Paulo (21 itens)\">S\u00e3o Paulo<\/a>\n<a href=\"https:\/\/www.comunicarmais.com.br\/site\/tag\/transito-2\/\" class=\"tag-cloud-link tag-link-377 tag-link-position-43\" style=\"font-size: 8.2718446601942pt;\" aria-label=\"tr\u00e2nsito (22 itens)\">tr\u00e2nsito<\/a>\n<a href=\"https:\/\/www.comunicarmais.com.br\/site\/tag\/turismo\/\" class=\"tag-cloud-link tag-link-225 tag-link-position-44\" style=\"font-size: 9.631067961165pt;\" aria-label=\"Turismo (28 itens)\">Turismo<\/a>\n<a href=\"https:\/\/www.comunicarmais.com.br\/site\/tag\/uruguai\/\" class=\"tag-cloud-link tag-link-323 tag-link-position-45\" style=\"font-size: 9.631067961165pt;\" aria-label=\"Uruguai (28 itens)\">Uruguai<\/a><\/p>","protected":false},"excerpt":{"rendered":"<p>Promovido pela Funarte e Bienal de S\u00e3o Paulo, encontro ter\u00e1 foco na constru\u00e7\u00e3o coletiva de um documento, com apontamentos concretos que fortale\u00e7am as pol\u00edticas p\u00fablicas no campo das artes visuais<\/p>\n","protected":false},"author":2,"featured_media":11545,"comment_status":"open","ping_status":"open","sticky":false,"template":"","format":"standard","meta":{"_acf_changed":false,"footnotes":""},"categories":[11],"tags":[1398,3180,1443],"class_list":["post-11543","post","type-post","status-publish","format-standard","has-post-thumbnail","hentry","category-cultura-lazer","tag-artes-visuais","tag-funarte","tag-mab"],"acf":[],"yoast_head":"<!-- This site is optimized with the Yoast SEO plugin v26.1.1 - https:\/\/yoast.com\/wordpress\/plugins\/seo\/ -->\n<title>Pedro Archanjo representa a Bahia e sua Bienal do Rec\u00f4ncavo em Encontro Nacional de Pol\u00edticas para as Artes Visuais - Comunicar Mais<\/title>\n<meta name=\"description\" content=\"Promovido pela Funarte e Bienal de S\u00e3o Paulo, encontro ter\u00e1 foco na constru\u00e7\u00e3o coletiva de um documento, com apontamentos concretos que fortale\u00e7am as pol\u00edticas p\u00fablicas no campo das artes visuais\" \/>\n<meta name=\"robots\" content=\"index, follow, max-snippet:-1, max-image-preview:large, max-video-preview:-1\" \/>\n<link rel=\"canonical\" href=\"https:\/\/www.comunicarmais.com.br\/site\/2025\/12\/04\/pedro-archanjo-representa-a-bahia-e-sua-bienal-do-reconcavo-em-encontro-nacional-de-politicas-para-as-artes-visuais\/\" \/>\n<meta property=\"og:locale\" content=\"pt_BR\" \/>\n<meta property=\"og:type\" content=\"article\" \/>\n<meta property=\"og:title\" content=\"Pedro Archanjo representa a Bahia e sua Bienal do Rec\u00f4ncavo em Encontro Nacional de Pol\u00edticas para as Artes Visuais - Comunicar Mais\" \/>\n<meta property=\"og:description\" content=\"Promovido pela Funarte e Bienal de S\u00e3o Paulo, encontro ter\u00e1 foco na constru\u00e7\u00e3o coletiva de um documento, com apontamentos concretos que fortale\u00e7am as pol\u00edticas p\u00fablicas no campo das artes visuais\" \/>\n<meta property=\"og:url\" content=\"https:\/\/www.comunicarmais.com.br\/site\/2025\/12\/04\/pedro-archanjo-representa-a-bahia-e-sua-bienal-do-reconcavo-em-encontro-nacional-de-politicas-para-as-artes-visuais\/\" \/>\n<meta property=\"og:site_name\" content=\"Comunicar Mais\" \/>\n<meta property=\"article:publisher\" content=\"https:\/\/www.facebook.com\/comunicarmais\/\" \/>\n<meta property=\"article:author\" content=\"https:\/\/www.facebook.com\/comunicarmais\/\" \/>\n<meta property=\"article:published_time\" content=\"2025-12-04T23:58:00+00:00\" \/>\n<meta property=\"article:modified_time\" content=\"2025-12-05T00:57:37+00:00\" \/>\n<meta property=\"og:image\" content=\"https:\/\/www.comunicarmais.com.br\/site\/wp-content\/uploads\/2025\/12\/funarte-.jpg\" \/>\n\t<meta property=\"og:image:width\" content=\"443\" \/>\n\t<meta property=\"og:image:height\" content=\"382\" \/>\n\t<meta property=\"og:image:type\" content=\"image\/jpeg\" \/>\n<meta name=\"author\" content=\"Comunicar Mais\" \/>\n<meta name=\"twitter:card\" content=\"summary_large_image\" \/>\n<meta name=\"twitter:creator\" content=\"@ComunicarmaisBA\" \/>\n<meta name=\"twitter:site\" content=\"@ComunicarmaisBA\" \/>\n<meta name=\"twitter:label1\" content=\"Escrito por\" \/>\n\t<meta name=\"twitter:data1\" content=\"Comunicar Mais\" \/>\n\t<meta name=\"twitter:label2\" content=\"Est. tempo de leitura\" \/>\n\t<meta name=\"twitter:data2\" content=\"3 minutos\" \/>\n<script type=\"application\/ld+json\" class=\"yoast-schema-graph\">{\"@context\":\"https:\/\/schema.org\",\"@graph\":[{\"@type\":\"WebPage\",\"@id\":\"https:\/\/www.comunicarmais.com.br\/site\/2025\/12\/04\/pedro-archanjo-representa-a-bahia-e-sua-bienal-do-reconcavo-em-encontro-nacional-de-politicas-para-as-artes-visuais\/\",\"url\":\"https:\/\/www.comunicarmais.com.br\/site\/2025\/12\/04\/pedro-archanjo-representa-a-bahia-e-sua-bienal-do-reconcavo-em-encontro-nacional-de-politicas-para-as-artes-visuais\/\",\"name\":\"Pedro Archanjo representa a Bahia e sua Bienal do Rec\u00f4ncavo em Encontro Nacional de Pol\u00edticas para as Artes Visuais - Comunicar Mais\",\"isPartOf\":{\"@id\":\"https:\/\/www.comunicarmais.com.br\/site\/#website\"},\"primaryImageOfPage\":{\"@id\":\"https:\/\/www.comunicarmais.com.br\/site\/2025\/12\/04\/pedro-archanjo-representa-a-bahia-e-sua-bienal-do-reconcavo-em-encontro-nacional-de-politicas-para-as-artes-visuais\/#primaryimage\"},\"image\":{\"@id\":\"https:\/\/www.comunicarmais.com.br\/site\/2025\/12\/04\/pedro-archanjo-representa-a-bahia-e-sua-bienal-do-reconcavo-em-encontro-nacional-de-politicas-para-as-artes-visuais\/#primaryimage\"},\"thumbnailUrl\":\"https:\/\/www.comunicarmais.com.br\/site\/wp-content\/uploads\/2025\/12\/funarte-.jpg\",\"datePublished\":\"2025-12-04T23:58:00+00:00\",\"dateModified\":\"2025-12-05T00:57:37+00:00\",\"author\":{\"@id\":\"https:\/\/www.comunicarmais.com.br\/site\/#\/schema\/person\/712f7b6b25b644e4a91c4173674cf284\"},\"description\":\"Promovido pela Funarte e Bienal de S\u00e3o Paulo, encontro ter\u00e1 foco na constru\u00e7\u00e3o coletiva de um documento, com apontamentos concretos que fortale\u00e7am as pol\u00edticas p\u00fablicas no campo das artes visuais\",\"breadcrumb\":{\"@id\":\"https:\/\/www.comunicarmais.com.br\/site\/2025\/12\/04\/pedro-archanjo-representa-a-bahia-e-sua-bienal-do-reconcavo-em-encontro-nacional-de-politicas-para-as-artes-visuais\/#breadcrumb\"},\"inLanguage\":\"pt-BR\",\"potentialAction\":[{\"@type\":\"ReadAction\",\"target\":[\"https:\/\/www.comunicarmais.com.br\/site\/2025\/12\/04\/pedro-archanjo-representa-a-bahia-e-sua-bienal-do-reconcavo-em-encontro-nacional-de-politicas-para-as-artes-visuais\/\"]}]},{\"@type\":\"ImageObject\",\"inLanguage\":\"pt-BR\",\"@id\":\"https:\/\/www.comunicarmais.com.br\/site\/2025\/12\/04\/pedro-archanjo-representa-a-bahia-e-sua-bienal-do-reconcavo-em-encontro-nacional-de-politicas-para-as-artes-visuais\/#primaryimage\",\"url\":\"https:\/\/www.comunicarmais.com.br\/site\/wp-content\/uploads\/2025\/12\/funarte-.jpg\",\"contentUrl\":\"https:\/\/www.comunicarmais.com.br\/site\/wp-content\/uploads\/2025\/12\/funarte-.jpg\",\"width\":443,\"height\":382},{\"@type\":\"BreadcrumbList\",\"@id\":\"https:\/\/www.comunicarmais.com.br\/site\/2025\/12\/04\/pedro-archanjo-representa-a-bahia-e-sua-bienal-do-reconcavo-em-encontro-nacional-de-politicas-para-as-artes-visuais\/#breadcrumb\",\"itemListElement\":[{\"@type\":\"ListItem\",\"position\":1,\"name\":\"In\u00edcio\",\"item\":\"https:\/\/www.comunicarmais.com.br\/site\/\"},{\"@type\":\"ListItem\",\"position\":2,\"name\":\"Pedro Archanjo representa a Bahia e sua Bienal do Rec\u00f4ncavo em Encontro Nacional de Pol\u00edticas para as Artes Visuais\"}]},{\"@type\":\"WebSite\",\"@id\":\"https:\/\/www.comunicarmais.com.br\/site\/#website\",\"url\":\"https:\/\/www.comunicarmais.com.br\/site\/\",\"name\":\"Comunicar Mais\",\"description\":\"\",\"potentialAction\":[{\"@type\":\"SearchAction\",\"target\":{\"@type\":\"EntryPoint\",\"urlTemplate\":\"https:\/\/www.comunicarmais.com.br\/site\/?s={search_term_string}\"},\"query-input\":{\"@type\":\"PropertyValueSpecification\",\"valueRequired\":true,\"valueName\":\"search_term_string\"}}],\"inLanguage\":\"pt-BR\"},{\"@type\":\"Person\",\"@id\":\"https:\/\/www.comunicarmais.com.br\/site\/#\/schema\/person\/712f7b6b25b644e4a91c4173674cf284\",\"name\":\"Comunicar Mais\",\"image\":{\"@type\":\"ImageObject\",\"inLanguage\":\"pt-BR\",\"@id\":\"https:\/\/www.comunicarmais.com.br\/site\/#\/schema\/person\/image\/\",\"url\":\"https:\/\/secure.gravatar.com\/avatar\/9803218072e2c0dc265d3d787b54c2c33325e79f79732707fddfbf1efd82c678?s=96&d=mm&r=g\",\"contentUrl\":\"https:\/\/secure.gravatar.com\/avatar\/9803218072e2c0dc265d3d787b54c2c33325e79f79732707fddfbf1efd82c678?s=96&d=mm&r=g\",\"caption\":\"Comunicar Mais\"},\"description\":\"Deixe as ideologias com os ide\u00f3logos. Noticiamos fatos, n\u00e3o brigamos com eles. Aqui, voc\u00ea fica bem informado do que acontece no seu bairro e no mundo. Informar com \u00e9tica e responsabilidade s\u00e3o as bandeiras do Comunicarmais.\",\"sameAs\":[\"https:\/\/www.comunicarmais.com.br\/site\/\",\"https:\/\/www.facebook.com\/comunicarmais\/\",\"https:\/\/www.instagram.com\/comunicarmaisba\/\",\"https:\/\/x.com\/ComunicarmaisBA\"],\"url\":\"https:\/\/www.comunicarmais.com.br\/site\/author\/gerenciador\/\"}]}<\/script>\n<!-- \/ Yoast SEO plugin. -->","yoast_head_json":{"title":"Pedro Archanjo representa a Bahia e sua Bienal do Rec\u00f4ncavo em Encontro Nacional de Pol\u00edticas para as Artes Visuais - Comunicar Mais","description":"Promovido pela Funarte e Bienal de S\u00e3o Paulo, encontro ter\u00e1 foco na constru\u00e7\u00e3o coletiva de um documento, com apontamentos concretos que fortale\u00e7am as pol\u00edticas p\u00fablicas no campo das artes visuais","robots":{"index":"index","follow":"follow","max-snippet":"max-snippet:-1","max-image-preview":"max-image-preview:large","max-video-preview":"max-video-preview:-1"},"canonical":"https:\/\/www.comunicarmais.com.br\/site\/2025\/12\/04\/pedro-archanjo-representa-a-bahia-e-sua-bienal-do-reconcavo-em-encontro-nacional-de-politicas-para-as-artes-visuais\/","og_locale":"pt_BR","og_type":"article","og_title":"Pedro Archanjo representa a Bahia e sua Bienal do Rec\u00f4ncavo em Encontro Nacional de Pol\u00edticas para as Artes Visuais - Comunicar Mais","og_description":"Promovido pela Funarte e Bienal de S\u00e3o Paulo, encontro ter\u00e1 foco na constru\u00e7\u00e3o coletiva de um documento, com apontamentos concretos que fortale\u00e7am as pol\u00edticas p\u00fablicas no campo das artes visuais","og_url":"https:\/\/www.comunicarmais.com.br\/site\/2025\/12\/04\/pedro-archanjo-representa-a-bahia-e-sua-bienal-do-reconcavo-em-encontro-nacional-de-politicas-para-as-artes-visuais\/","og_site_name":"Comunicar Mais","article_publisher":"https:\/\/www.facebook.com\/comunicarmais\/","article_author":"https:\/\/www.facebook.com\/comunicarmais\/","article_published_time":"2025-12-04T23:58:00+00:00","article_modified_time":"2025-12-05T00:57:37+00:00","og_image":[{"width":443,"height":382,"url":"https:\/\/www.comunicarmais.com.br\/site\/wp-content\/uploads\/2025\/12\/funarte-.jpg","type":"image\/jpeg"}],"author":"Comunicar Mais","twitter_card":"summary_large_image","twitter_creator":"@ComunicarmaisBA","twitter_site":"@ComunicarmaisBA","twitter_misc":{"Escrito por":"Comunicar Mais","Est. tempo de leitura":"3 minutos"},"schema":{"@context":"https:\/\/schema.org","@graph":[{"@type":"WebPage","@id":"https:\/\/www.comunicarmais.com.br\/site\/2025\/12\/04\/pedro-archanjo-representa-a-bahia-e-sua-bienal-do-reconcavo-em-encontro-nacional-de-politicas-para-as-artes-visuais\/","url":"https:\/\/www.comunicarmais.com.br\/site\/2025\/12\/04\/pedro-archanjo-representa-a-bahia-e-sua-bienal-do-reconcavo-em-encontro-nacional-de-politicas-para-as-artes-visuais\/","name":"Pedro Archanjo representa a Bahia e sua Bienal do Rec\u00f4ncavo em Encontro Nacional de Pol\u00edticas para as Artes Visuais - Comunicar Mais","isPartOf":{"@id":"https:\/\/www.comunicarmais.com.br\/site\/#website"},"primaryImageOfPage":{"@id":"https:\/\/www.comunicarmais.com.br\/site\/2025\/12\/04\/pedro-archanjo-representa-a-bahia-e-sua-bienal-do-reconcavo-em-encontro-nacional-de-politicas-para-as-artes-visuais\/#primaryimage"},"image":{"@id":"https:\/\/www.comunicarmais.com.br\/site\/2025\/12\/04\/pedro-archanjo-representa-a-bahia-e-sua-bienal-do-reconcavo-em-encontro-nacional-de-politicas-para-as-artes-visuais\/#primaryimage"},"thumbnailUrl":"https:\/\/www.comunicarmais.com.br\/site\/wp-content\/uploads\/2025\/12\/funarte-.jpg","datePublished":"2025-12-04T23:58:00+00:00","dateModified":"2025-12-05T00:57:37+00:00","author":{"@id":"https:\/\/www.comunicarmais.com.br\/site\/#\/schema\/person\/712f7b6b25b644e4a91c4173674cf284"},"description":"Promovido pela Funarte e Bienal de S\u00e3o Paulo, encontro ter\u00e1 foco na constru\u00e7\u00e3o coletiva de um documento, com apontamentos concretos que fortale\u00e7am as pol\u00edticas p\u00fablicas no campo das artes visuais","breadcrumb":{"@id":"https:\/\/www.comunicarmais.com.br\/site\/2025\/12\/04\/pedro-archanjo-representa-a-bahia-e-sua-bienal-do-reconcavo-em-encontro-nacional-de-politicas-para-as-artes-visuais\/#breadcrumb"},"inLanguage":"pt-BR","potentialAction":[{"@type":"ReadAction","target":["https:\/\/www.comunicarmais.com.br\/site\/2025\/12\/04\/pedro-archanjo-representa-a-bahia-e-sua-bienal-do-reconcavo-em-encontro-nacional-de-politicas-para-as-artes-visuais\/"]}]},{"@type":"ImageObject","inLanguage":"pt-BR","@id":"https:\/\/www.comunicarmais.com.br\/site\/2025\/12\/04\/pedro-archanjo-representa-a-bahia-e-sua-bienal-do-reconcavo-em-encontro-nacional-de-politicas-para-as-artes-visuais\/#primaryimage","url":"https:\/\/www.comunicarmais.com.br\/site\/wp-content\/uploads\/2025\/12\/funarte-.jpg","contentUrl":"https:\/\/www.comunicarmais.com.br\/site\/wp-content\/uploads\/2025\/12\/funarte-.jpg","width":443,"height":382},{"@type":"BreadcrumbList","@id":"https:\/\/www.comunicarmais.com.br\/site\/2025\/12\/04\/pedro-archanjo-representa-a-bahia-e-sua-bienal-do-reconcavo-em-encontro-nacional-de-politicas-para-as-artes-visuais\/#breadcrumb","itemListElement":[{"@type":"ListItem","position":1,"name":"In\u00edcio","item":"https:\/\/www.comunicarmais.com.br\/site\/"},{"@type":"ListItem","position":2,"name":"Pedro Archanjo representa a Bahia e sua Bienal do Rec\u00f4ncavo em Encontro Nacional de Pol\u00edticas para as Artes Visuais"}]},{"@type":"WebSite","@id":"https:\/\/www.comunicarmais.com.br\/site\/#website","url":"https:\/\/www.comunicarmais.com.br\/site\/","name":"Comunicar Mais","description":"","potentialAction":[{"@type":"SearchAction","target":{"@type":"EntryPoint","urlTemplate":"https:\/\/www.comunicarmais.com.br\/site\/?s={search_term_string}"},"query-input":{"@type":"PropertyValueSpecification","valueRequired":true,"valueName":"search_term_string"}}],"inLanguage":"pt-BR"},{"@type":"Person","@id":"https:\/\/www.comunicarmais.com.br\/site\/#\/schema\/person\/712f7b6b25b644e4a91c4173674cf284","name":"Comunicar Mais","image":{"@type":"ImageObject","inLanguage":"pt-BR","@id":"https:\/\/www.comunicarmais.com.br\/site\/#\/schema\/person\/image\/","url":"https:\/\/secure.gravatar.com\/avatar\/9803218072e2c0dc265d3d787b54c2c33325e79f79732707fddfbf1efd82c678?s=96&d=mm&r=g","contentUrl":"https:\/\/secure.gravatar.com\/avatar\/9803218072e2c0dc265d3d787b54c2c33325e79f79732707fddfbf1efd82c678?s=96&d=mm&r=g","caption":"Comunicar Mais"},"description":"Deixe as ideologias com os ide\u00f3logos. Noticiamos fatos, n\u00e3o brigamos com eles. Aqui, voc\u00ea fica bem informado do que acontece no seu bairro e no mundo. Informar com \u00e9tica e responsabilidade s\u00e3o as bandeiras do Comunicarmais.","sameAs":["https:\/\/www.comunicarmais.com.br\/site\/","https:\/\/www.facebook.com\/comunicarmais\/","https:\/\/www.instagram.com\/comunicarmaisba\/","https:\/\/x.com\/ComunicarmaisBA"],"url":"https:\/\/www.comunicarmais.com.br\/site\/author\/gerenciador\/"}]}},"_links":{"self":[{"href":"https:\/\/www.comunicarmais.com.br\/site\/wp-json\/wp\/v2\/posts\/11543","targetHints":{"allow":["GET"]}}],"collection":[{"href":"https:\/\/www.comunicarmais.com.br\/site\/wp-json\/wp\/v2\/posts"}],"about":[{"href":"https:\/\/www.comunicarmais.com.br\/site\/wp-json\/wp\/v2\/types\/post"}],"author":[{"embeddable":true,"href":"https:\/\/www.comunicarmais.com.br\/site\/wp-json\/wp\/v2\/users\/2"}],"replies":[{"embeddable":true,"href":"https:\/\/www.comunicarmais.com.br\/site\/wp-json\/wp\/v2\/comments?post=11543"}],"version-history":[{"count":1,"href":"https:\/\/www.comunicarmais.com.br\/site\/wp-json\/wp\/v2\/posts\/11543\/revisions"}],"predecessor-version":[{"id":11547,"href":"https:\/\/www.comunicarmais.com.br\/site\/wp-json\/wp\/v2\/posts\/11543\/revisions\/11547"}],"wp:featuredmedia":[{"embeddable":true,"href":"https:\/\/www.comunicarmais.com.br\/site\/wp-json\/wp\/v2\/media\/11545"}],"wp:attachment":[{"href":"https:\/\/www.comunicarmais.com.br\/site\/wp-json\/wp\/v2\/media?parent=11543"}],"wp:term":[{"taxonomy":"category","embeddable":true,"href":"https:\/\/www.comunicarmais.com.br\/site\/wp-json\/wp\/v2\/categories?post=11543"},{"taxonomy":"post_tag","embeddable":true,"href":"https:\/\/www.comunicarmais.com.br\/site\/wp-json\/wp\/v2\/tags?post=11543"}],"curies":[{"name":"wp","href":"https:\/\/api.w.org\/{rel}","templated":true}]}}