{"id":11485,"date":"2025-12-02T15:15:00","date_gmt":"2025-12-02T18:15:00","guid":{"rendered":"https:\/\/www.comunicarmais.com.br\/site\/?p=11485"},"modified":"2025-12-03T01:10:31","modified_gmt":"2025-12-03T04:10:31","slug":"dia-internacional-da-pessoa-com-deficiencia-salvador-fortalece-inclusao-com-psicoterapia-em-libras-para-surdos","status":"publish","type":"post","link":"https:\/\/www.comunicarmais.com.br\/site\/2025\/12\/02\/dia-internacional-da-pessoa-com-deficiencia-salvador-fortalece-inclusao-com-psicoterapia-em-libras-para-surdos\/","title":{"rendered":"Dia Internacional da Pessoa com Defici\u00eancia: Salvador fortalece inclus\u00e3o com psicoterapia em Libras para surdos"},"content":{"rendered":"\n<p><strong>Servi\u00e7o integra a Rede de Cuidados \u00e0 Pessoa com Defici\u00eancia e oferece acompanhamento psicol\u00f3gico diretamente em Libras, sem necessidade de int\u00e9rprete<\/strong><\/p>\n\n\n\n<figure class=\"wp-block-image size-full\"><img decoding=\"async\" width=\"900\" height=\"845\" data-src=\"https:\/\/www.comunicarmais.com.br\/site\/wp-content\/uploads\/2025\/12\/WhatsApp-Image-2025-12-02-at-15.58.26.jpeg\" alt=\"\" class=\"wp-image-11488 lazyload\" data-srcset=\"https:\/\/www.comunicarmais.com.br\/site\/wp-content\/uploads\/2025\/12\/WhatsApp-Image-2025-12-02-at-15.58.26.jpeg 900w, https:\/\/www.comunicarmais.com.br\/site\/wp-content\/uploads\/2025\/12\/WhatsApp-Image-2025-12-02-at-15.58.26-768x721.jpeg 768w\" data-sizes=\"(max-width: 900px) 100vw, 900px\" src=\"data:image\/svg+xml;base64,PHN2ZyB3aWR0aD0iMSIgaGVpZ2h0PSIxIiB4bWxucz0iaHR0cDovL3d3dy53My5vcmcvMjAwMC9zdmciPjwvc3ZnPg==\" style=\"--smush-placeholder-width: 900px; --smush-placeholder-aspect-ratio: 900\/845;\" \/><figcaption class=\"wp-element-caption\"><em><sup>(Foto: Ascom SMS)<\/sup><\/em><\/figcaption><\/figure>\n\n\n\n<p><strong>Reda\u00e7\u00e3o Mais &#8211;<\/strong> No Dia Internacional da Pessoa com Defici\u00eancia, celebrado nesta quarta-feira (03), Salvador refor\u00e7a seu compromisso com uma sa\u00fade p\u00fablica inclusiva. A capital baiana se destaca ao oferecer, por meio da Secretaria Municipal da Sa\u00fade (SMS) e da S3 Gest\u00e3o em Sa\u00fade, o Servi\u00e7o de Psicoterapia Bil\u00edngue em Libras, voltado a pessoas surdas com suspeita ou diagn\u00f3stico de transtornos mentais leves. Trata-se de uma pol\u00edtica p\u00fablica que elimina barreiras hist\u00f3ricas: para milhares de pessoas surdas, acessar a sa\u00fade mental ainda significa enfrentar obst\u00e1culos que come\u00e7am pela comunica\u00e7\u00e3o b\u00e1sica.<\/p>\n\n\n\n<p>Implantado no Multicentro de Sa\u00fade Liberdade, o servi\u00e7o integra a Rede de Cuidados \u00e0 Pessoa com Defici\u00eancia e oferece acompanhamento psicol\u00f3gico diretamente em Libras, sem necessidade de int\u00e9rprete, garantindo comunica\u00e7\u00e3o plena e v\u00ednculo terap\u00eautico real.<\/p>\n\n\n\n<p>A iniciativa j\u00e1 beneficiou mais de mil pessoas e representa um avan\u00e7o significativo no cuidado em sa\u00fade mental na cidade. O impacto desse atendimento \u00e9 percebido na rotina das fam\u00edlias. Janete Santos, m\u00e3e da jovem Mayana, atendida h\u00e1 um ano, descreve o efeito transformador da iniciativa.<\/p>\n\n\n\n<p>\u201cSaber que minha filha \u00e9 atendida em Libras e compreendida de verdade transforma tudo. Agora ela consegue a assist\u00eancia que sempre precisou, com respeito e acolhimento. Como m\u00e3e, fico profundamente grata por esse compromisso com a inclus\u00e3o\u201d, comemorou.<\/p>\n\n\n\n<p>Para a gerente administrativa da unidade da S3 Gest\u00e3o em Sa\u00fade, que administra o Multicentro, Elaine Montalv\u00e3o, o servi\u00e7o simboliza uma mudan\u00e7a no paradigma do cuidado. \u201cQuando garantimos o atendimento em Libras, mostramos que a pessoa surda n\u00e3o precisa se adaptar ao sistema. \u00c9 o sistema que se adapta a ela. Isso \u00e9 inclus\u00e3o real, \u00e9 cuidado e \u00e9 pol\u00edtica p\u00fablica efetiva\u201d, afirmou.<\/p>\n\n\n\n<figure class=\"wp-block-image size-full\"><img decoding=\"async\" width=\"1280\" height=\"960\" data-src=\"https:\/\/www.comunicarmais.com.br\/site\/wp-content\/uploads\/2025\/12\/WhatsApp-Image-2025-12-02-at-15.58.26-1.jpeg\" alt=\"\" class=\"wp-image-11487 lazyload\" data-srcset=\"https:\/\/www.comunicarmais.com.br\/site\/wp-content\/uploads\/2025\/12\/WhatsApp-Image-2025-12-02-at-15.58.26-1.jpeg 1280w, https:\/\/www.comunicarmais.com.br\/site\/wp-content\/uploads\/2025\/12\/WhatsApp-Image-2025-12-02-at-15.58.26-1-1024x768.jpeg 1024w, https:\/\/www.comunicarmais.com.br\/site\/wp-content\/uploads\/2025\/12\/WhatsApp-Image-2025-12-02-at-15.58.26-1-768x576.jpeg 768w\" data-sizes=\"(max-width: 1280px) 100vw, 1280px\" src=\"data:image\/svg+xml;base64,PHN2ZyB3aWR0aD0iMSIgaGVpZ2h0PSIxIiB4bWxucz0iaHR0cDovL3d3dy53My5vcmcvMjAwMC9zdmciPjwvc3ZnPg==\" style=\"--smush-placeholder-width: 1280px; --smush-placeholder-aspect-ratio: 1280\/960;\" \/><figcaption class=\"wp-element-caption\"><em><sup>(Foto: Ascom SMS)<\/sup><\/em><\/figcaption><\/figure>\n\n\n\n<p><strong>Cuidado integral \u2013 <\/strong>A Organiza\u00e7\u00e3o Mundial da Sa\u00fade estima que pessoas com defici\u00eancia t\u00eam maior risco de sofrimento ps\u00edquico devido ao isolamento, \u00e0 estigmatiza\u00e7\u00e3o e \u00e0 dificuldade de acesso a servi\u00e7os adequados. No caso da popula\u00e7\u00e3o surda, a falta de acessibilidade lingu\u00edstica \u00e9 uma das barreiras mais severas.<\/p>\n\n\n\n<p>A L\u00edngua Brasileira de Sinais (Libras), reconhecida por lei como meio oficial de comunica\u00e7\u00e3o no Brasil, atua n\u00e3o somente como ferramenta lingu\u00edstica, mas tamb\u00e9m como express\u00e3o cultural e identit\u00e1ria da comunidade surda.<\/p>\n\n\n\n<p>Respons\u00e1vel pelo servi\u00e7o, a psic\u00f3loga Ana Paula Piedade refor\u00e7a que garantir atendimento psicol\u00f3gico diretamente nessa l\u00edngua significa respeitar a singularidade de cada paciente e assegurar o direito ao cuidado integral. \u201cA sa\u00fade mental \u00e9 um direito fundamental que s\u00f3 se concretiza quando chega a quem mais precisa, na linguagem em que a pessoa existe e se reconhece. A terapia em Libras permite que a pessoa surda se expresse integralmente, com suas emo\u00e7\u00f5es e viv\u00eancias. Isso fortalece o v\u00ednculo terap\u00eautico e torna o cuidado mais efetivo e humano\u201d, explicou.<\/p>\n\n\n\n<p><strong>Atendimento \u2013 <\/strong>O atendimento no Servi\u00e7o de Psicoterapia Bil\u00edngue em Libras ocorre mediante triagem pr\u00e9via, que deve ser solicitada na Associa\u00e7\u00e3o Educacional Sons no Sil\u00eancio (Aesos), na Rua Alberto Fi\u00fasa, 502 \u2013 Imbu\u00ed, de segunda a sexta-feira, das 8h \u00e0s 17h; ou no Centro Docente-Assistencial de Fonoaudiologia (Av. Reitor Miguel Calmon \u2013 Canela), \u00e0s quartas-feiras, pela manh\u00e3. Para a triagem, \u00e9 necess\u00e1ria a apresenta\u00e7\u00e3o de RG e Cart\u00e3o SUS.<\/p>\n\n\n\n<p>Ap\u00f3s essa etapa, o usu\u00e1rio \u00e9 encaminhado, com dia e hor\u00e1rio marcados, para acompanhamento psicol\u00f3gico no Multicentro de Sa\u00fade Liberdade (Rua Lima e Silva, 240 \u2013 Liberdade).<\/p>\n\n\n\n<p>________________________________________________________________________________________________________________<\/p>\n\n\n<p class=\"wp-block-tag-cloud\"><a href=\"https:\/\/www.comunicarmais.com.br\/site\/tag\/bahia\/\" class=\"tag-cloud-link tag-link-171 tag-link-position-1\" style=\"font-size: 17.922330097087pt;\" aria-label=\"Bahia (116 itens)\">Bahia<\/a>\n<a href=\"https:\/\/www.comunicarmais.com.br\/site\/tag\/bolsonaro\/\" class=\"tag-cloud-link tag-link-112 tag-link-position-2\" style=\"font-size: 11.533980582524pt;\" aria-label=\"Bolsonaro (39 itens)\">Bolsonaro<\/a>\n<a href=\"https:\/\/www.comunicarmais.com.br\/site\/tag\/brasil\/\" class=\"tag-cloud-link tag-link-335 tag-link-position-3\" style=\"font-size: 13.029126213592pt;\" aria-label=\"Brasil (50 itens)\">Brasil<\/a>\n<a href=\"https:\/\/www.comunicarmais.com.br\/site\/tag\/camacari\/\" class=\"tag-cloud-link tag-link-435 tag-link-position-4\" style=\"font-size: 8.8155339805825pt;\" aria-label=\"Cama\u00e7ari (24 itens)\">Cama\u00e7ari<\/a>\n<a href=\"https:\/\/www.comunicarmais.com.br\/site\/tag\/carnaval\/\" class=\"tag-cloud-link tag-link-508 tag-link-position-5\" style=\"font-size: 12.893203883495pt;\" aria-label=\"Carnaval (49 itens)\">Carnaval<\/a>\n<a href=\"https:\/\/www.comunicarmais.com.br\/site\/tag\/cbx\/\" class=\"tag-cloud-link tag-link-1602 tag-link-position-6\" style=\"font-size: 11.398058252427pt;\" aria-label=\"CBX (38 itens)\">CBX<\/a>\n<a href=\"https:\/\/www.comunicarmais.com.br\/site\/tag\/cidade-baixa\/\" class=\"tag-cloud-link tag-link-456 tag-link-position-7\" style=\"font-size: 9.9029126213592pt;\" aria-label=\"Cidade Baixa (29 itens)\">Cidade Baixa<\/a>\n<a href=\"https:\/\/www.comunicarmais.com.br\/site\/tag\/cinema\/\" class=\"tag-cloud-link tag-link-985 tag-link-position-8\" style=\"font-size: 11.126213592233pt;\" aria-label=\"Cinema (36 itens)\">Cinema<\/a>\n<a href=\"https:\/\/www.comunicarmais.com.br\/site\/tag\/cultura\/\" class=\"tag-cloud-link tag-link-231 tag-link-position-9\" style=\"font-size: 12.21359223301pt;\" aria-label=\"Cultura (44 itens)\">Cultura<\/a>\n<a href=\"https:\/\/www.comunicarmais.com.br\/site\/tag\/drogas\/\" class=\"tag-cloud-link tag-link-165 tag-link-position-10\" style=\"font-size: 12.757281553398pt;\" aria-label=\"Drogas (48 itens)\">Drogas<\/a>\n<a href=\"https:\/\/www.comunicarmais.com.br\/site\/tag\/educacao\/\" class=\"tag-cloud-link tag-link-228 tag-link-position-11\" style=\"font-size: 12.621359223301pt;\" aria-label=\"Educa\u00e7\u00e3o (47 itens)\">Educa\u00e7\u00e3o<\/a>\n<a href=\"https:\/\/www.comunicarmais.com.br\/site\/tag\/ensino\/\" class=\"tag-cloud-link tag-link-233 tag-link-position-12\" style=\"font-size: 10.446601941748pt;\" aria-label=\"Ensino (32 itens)\">Ensino<\/a>\n<a href=\"https:\/\/www.comunicarmais.com.br\/site\/tag\/escola\/\" class=\"tag-cloud-link tag-link-229 tag-link-position-13\" style=\"font-size: 9.631067961165pt;\" aria-label=\"Escola (28 itens)\">Escola<\/a>\n<a href=\"https:\/\/www.comunicarmais.com.br\/site\/tag\/eua\/\" class=\"tag-cloud-link tag-link-664 tag-link-position-14\" style=\"font-size: 12.077669902913pt;\" aria-label=\"EUA (43 itens)\">EUA<\/a>\n<a href=\"https:\/\/www.comunicarmais.com.br\/site\/tag\/feira-de-santana\/\" class=\"tag-cloud-link tag-link-642 tag-link-position-15\" style=\"font-size: 9.2233009708738pt;\" aria-label=\"Feira de Santana (26 itens)\">Feira de Santana<\/a>\n<a href=\"https:\/\/www.comunicarmais.com.br\/site\/tag\/ficco\/\" class=\"tag-cloud-link tag-link-143 tag-link-position-16\" style=\"font-size: 9.2233009708738pt;\" aria-label=\"Ficco (26 itens)\">Ficco<\/a>\n<a href=\"https:\/\/www.comunicarmais.com.br\/site\/tag\/folia\/\" class=\"tag-cloud-link tag-link-566 tag-link-position-17\" style=\"font-size: 9.2233009708738pt;\" aria-label=\"Folia (26 itens)\">Folia<\/a>\n<a href=\"https:\/\/www.comunicarmais.com.br\/site\/tag\/futebol\/\" class=\"tag-cloud-link tag-link-40 tag-link-position-18\" style=\"font-size: 13.029126213592pt;\" aria-label=\"Futebol (50 itens)\">Futebol<\/a>\n<a href=\"https:\/\/www.comunicarmais.com.br\/site\/tag\/homicidio\/\" class=\"tag-cloud-link tag-link-101 tag-link-position-19\" style=\"font-size: 10.582524271845pt;\" aria-label=\"Homic\u00eddio (33 itens)\">Homic\u00eddio<\/a>\n<a href=\"https:\/\/www.comunicarmais.com.br\/site\/tag\/itapagipe\/\" class=\"tag-cloud-link tag-link-471 tag-link-position-20\" style=\"font-size: 10.038834951456pt;\" aria-label=\"Itapagipe (30 itens)\">Itapagipe<\/a>\n<a href=\"https:\/\/www.comunicarmais.com.br\/site\/tag\/itaparica\/\" class=\"tag-cloud-link tag-link-301 tag-link-position-21\" style=\"font-size: 8pt;\" aria-label=\"Itaparica (21 itens)\">Itaparica<\/a>\n<a href=\"https:\/\/www.comunicarmais.com.br\/site\/tag\/jeronimo-rodrigues\/\" class=\"tag-cloud-link tag-link-668 tag-link-position-22\" style=\"font-size: 8.2718446601942pt;\" aria-label=\"Jer\u00f4nimo Rodrigues (22 itens)\">Jer\u00f4nimo Rodrigues<\/a>\n<a href=\"https:\/\/www.comunicarmais.com.br\/site\/tag\/justica\/\" class=\"tag-cloud-link tag-link-361 tag-link-position-23\" style=\"font-size: 10.582524271845pt;\" aria-label=\"Justi\u00e7a (33 itens)\">Justi\u00e7a<\/a>\n<a href=\"https:\/\/www.comunicarmais.com.br\/site\/tag\/lauro-de-freitas\/\" class=\"tag-cloud-link tag-link-594 tag-link-position-24\" style=\"font-size: 18.194174757282pt;\" aria-label=\"Lauro de Freitas (122 itens)\">Lauro de Freitas<\/a>\n<a href=\"https:\/\/www.comunicarmais.com.br\/site\/tag\/lazer\/\" class=\"tag-cloud-link tag-link-568 tag-link-position-25\" style=\"font-size: 9.2233009708738pt;\" aria-label=\"Lazer (26 itens)\">Lazer<\/a>\n<a href=\"https:\/\/www.comunicarmais.com.br\/site\/tag\/lula\/\" class=\"tag-cloud-link tag-link-416 tag-link-position-26\" style=\"font-size: 12.21359223301pt;\" aria-label=\"Lula (44 itens)\">Lula<\/a>\n<a href=\"https:\/\/www.comunicarmais.com.br\/site\/tag\/meio-ambiente\/\" class=\"tag-cloud-link tag-link-475 tag-link-position-27\" style=\"font-size: 12.21359223301pt;\" aria-label=\"Meio Ambiente (44 itens)\">Meio Ambiente<\/a>\n<a href=\"https:\/\/www.comunicarmais.com.br\/site\/tag\/mobilidade\/\" class=\"tag-cloud-link tag-link-278 tag-link-position-28\" style=\"font-size: 13.844660194175pt;\" aria-label=\"Mobilidade (58 itens)\">Mobilidade<\/a>\n<a href=\"https:\/\/www.comunicarmais.com.br\/site\/tag\/mulher\/\" class=\"tag-cloud-link tag-link-450 tag-link-position-29\" style=\"font-size: 13.300970873786pt;\" aria-label=\"mulher (53 itens)\">mulher<\/a>\n<a href=\"https:\/\/www.comunicarmais.com.br\/site\/tag\/musica-2\/\" class=\"tag-cloud-link tag-link-747 tag-link-position-30\" style=\"font-size: 12.21359223301pt;\" aria-label=\"M\u00fasica (44 itens)\">M\u00fasica<\/a>\n<a href=\"https:\/\/www.comunicarmais.com.br\/site\/tag\/pcba\/\" class=\"tag-cloud-link tag-link-1332 tag-link-position-31\" style=\"font-size: 15.067961165049pt;\" aria-label=\"PCBA (72 itens)\">PCBA<\/a>\n<a href=\"https:\/\/www.comunicarmais.com.br\/site\/tag\/pmba\/\" class=\"tag-cloud-link tag-link-53 tag-link-position-32\" style=\"font-size: 18.194174757282pt;\" aria-label=\"PMBA (123 itens)\">PMBA<\/a>\n<a href=\"https:\/\/www.comunicarmais.com.br\/site\/tag\/policia-federal\/\" class=\"tag-cloud-link tag-link-620 tag-link-position-33\" style=\"font-size: 8.9514563106796pt;\" aria-label=\"Pol\u00edcia Federal (25 itens)\">Pol\u00edcia Federal<\/a>\n<a href=\"https:\/\/www.comunicarmais.com.br\/site\/tag\/politica\/\" class=\"tag-cloud-link tag-link-495 tag-link-position-34\" style=\"font-size: 16.291262135922pt;\" aria-label=\"Pol\u00edtica (89 itens)\">Pol\u00edtica<\/a>\n<a href=\"https:\/\/www.comunicarmais.com.br\/site\/tag\/rio-de-janeiro\/\" class=\"tag-cloud-link tag-link-152 tag-link-position-35\" style=\"font-size: 9.9029126213592pt;\" aria-label=\"Rio de Janeiro (29 itens)\">Rio de Janeiro<\/a>\n<a href=\"https:\/\/www.comunicarmais.com.br\/site\/tag\/salvador\/\" class=\"tag-cloud-link tag-link-125 tag-link-position-36\" style=\"font-size: 22pt;\" aria-label=\"Salvador (234 itens)\">Salvador<\/a>\n<a href=\"https:\/\/www.comunicarmais.com.br\/site\/tag\/saude\/\" class=\"tag-cloud-link tag-link-42 tag-link-position-37\" style=\"font-size: 17.78640776699pt;\" aria-label=\"Sa\u00fade (115 itens)\">Sa\u00fade<\/a>\n<a href=\"https:\/\/www.comunicarmais.com.br\/site\/tag\/seguranca\/\" class=\"tag-cloud-link tag-link-48 tag-link-position-38\" style=\"font-size: 9.2233009708738pt;\" aria-label=\"Seguran\u00e7a (26 itens)\">Seguran\u00e7a<\/a>\n<a href=\"https:\/\/www.comunicarmais.com.br\/site\/tag\/ssp-ba\/\" class=\"tag-cloud-link tag-link-1937 tag-link-position-39\" style=\"font-size: 8.9514563106796pt;\" aria-label=\"SSP-BA (25 itens)\">SSP-BA<\/a>\n<a href=\"https:\/\/www.comunicarmais.com.br\/site\/tag\/sspba\/\" class=\"tag-cloud-link tag-link-144 tag-link-position-40\" style=\"font-size: 11.398058252427pt;\" aria-label=\"SSPBA (38 itens)\">SSPBA<\/a>\n<a href=\"https:\/\/www.comunicarmais.com.br\/site\/tag\/stf\/\" class=\"tag-cloud-link tag-link-68 tag-link-position-41\" style=\"font-size: 14.252427184466pt;\" aria-label=\"STF (62 itens)\">STF<\/a>\n<a href=\"https:\/\/www.comunicarmais.com.br\/site\/tag\/sao-paulo\/\" class=\"tag-cloud-link tag-link-612 tag-link-position-42\" style=\"font-size: 8pt;\" aria-label=\"S\u00e3o Paulo (21 itens)\">S\u00e3o Paulo<\/a>\n<a href=\"https:\/\/www.comunicarmais.com.br\/site\/tag\/transito-2\/\" class=\"tag-cloud-link tag-link-377 tag-link-position-43\" style=\"font-size: 8.2718446601942pt;\" aria-label=\"tr\u00e2nsito (22 itens)\">tr\u00e2nsito<\/a>\n<a href=\"https:\/\/www.comunicarmais.com.br\/site\/tag\/turismo\/\" class=\"tag-cloud-link tag-link-225 tag-link-position-44\" style=\"font-size: 9.631067961165pt;\" aria-label=\"Turismo (28 itens)\">Turismo<\/a>\n<a href=\"https:\/\/www.comunicarmais.com.br\/site\/tag\/uruguai\/\" class=\"tag-cloud-link tag-link-323 tag-link-position-45\" style=\"font-size: 9.631067961165pt;\" aria-label=\"Uruguai (28 itens)\">Uruguai<\/a><\/p>","protected":false},"excerpt":{"rendered":"<p>Servi\u00e7o integra a Rede de Cuidados \u00e0 Pessoa com Defici\u00eancia e oferece acompanhamento psicol\u00f3gico diretamente em Libras, sem necessidade de int\u00e9rprete<\/p>\n","protected":false},"author":2,"featured_media":11487,"comment_status":"open","ping_status":"open","sticky":false,"template":"","format":"standard","meta":{"_acf_changed":false,"footnotes":""},"categories":[5],"tags":[3171,912,310],"class_list":["post-11485","post","type-post","status-publish","format-standard","has-post-thumbnail","hentry","category-grande-salvador","tag-libras","tag-pcd","tag-surdez"],"acf":[],"yoast_head":"<!-- This site is optimized with the Yoast SEO plugin v26.1.1 - https:\/\/yoast.com\/wordpress\/plugins\/seo\/ -->\n<title>Dia Internacional da Pessoa com Defici\u00eancia: Salvador fortalece inclus\u00e3o com psicoterapia em Libras para surdos - Comunicar Mais<\/title>\n<meta name=\"description\" content=\"Servi\u00e7o integra a Rede de Cuidados \u00e0 Pessoa com Defici\u00eancia e oferece acompanhamento psicol\u00f3gico diretamente em Libras, sem necessidade de int\u00e9rprete\" \/>\n<meta name=\"robots\" content=\"index, follow, max-snippet:-1, max-image-preview:large, max-video-preview:-1\" \/>\n<link rel=\"canonical\" href=\"https:\/\/www.comunicarmais.com.br\/site\/2025\/12\/02\/dia-internacional-da-pessoa-com-deficiencia-salvador-fortalece-inclusao-com-psicoterapia-em-libras-para-surdos\/\" \/>\n<meta property=\"og:locale\" content=\"pt_BR\" \/>\n<meta property=\"og:type\" content=\"article\" \/>\n<meta property=\"og:title\" content=\"Dia Internacional da Pessoa com Defici\u00eancia: Salvador fortalece inclus\u00e3o com psicoterapia em Libras para surdos - Comunicar Mais\" \/>\n<meta property=\"og:description\" content=\"Servi\u00e7o integra a Rede de Cuidados \u00e0 Pessoa com Defici\u00eancia e oferece acompanhamento psicol\u00f3gico diretamente em Libras, sem necessidade de int\u00e9rprete\" \/>\n<meta property=\"og:url\" content=\"https:\/\/www.comunicarmais.com.br\/site\/2025\/12\/02\/dia-internacional-da-pessoa-com-deficiencia-salvador-fortalece-inclusao-com-psicoterapia-em-libras-para-surdos\/\" \/>\n<meta property=\"og:site_name\" content=\"Comunicar Mais\" \/>\n<meta property=\"article:publisher\" content=\"https:\/\/www.facebook.com\/comunicarmais\/\" \/>\n<meta property=\"article:author\" content=\"https:\/\/www.facebook.com\/comunicarmais\/\" \/>\n<meta property=\"article:published_time\" content=\"2025-12-02T18:15:00+00:00\" \/>\n<meta property=\"article:modified_time\" content=\"2025-12-03T04:10:31+00:00\" \/>\n<meta property=\"og:image\" content=\"https:\/\/www.comunicarmais.com.br\/site\/wp-content\/uploads\/2025\/12\/WhatsApp-Image-2025-12-02-at-15.58.26-1.jpeg\" \/>\n\t<meta property=\"og:image:width\" content=\"1280\" \/>\n\t<meta property=\"og:image:height\" content=\"960\" \/>\n\t<meta property=\"og:image:type\" content=\"image\/jpeg\" \/>\n<meta name=\"author\" content=\"Comunicar Mais\" \/>\n<meta name=\"twitter:card\" content=\"summary_large_image\" \/>\n<meta name=\"twitter:creator\" content=\"@ComunicarmaisBA\" \/>\n<meta name=\"twitter:site\" content=\"@ComunicarmaisBA\" \/>\n<meta name=\"twitter:label1\" content=\"Escrito por\" \/>\n\t<meta name=\"twitter:data1\" content=\"Comunicar Mais\" \/>\n\t<meta name=\"twitter:label2\" content=\"Est. tempo de leitura\" \/>\n\t<meta name=\"twitter:data2\" content=\"4 minutos\" \/>\n<script type=\"application\/ld+json\" class=\"yoast-schema-graph\">{\"@context\":\"https:\/\/schema.org\",\"@graph\":[{\"@type\":\"WebPage\",\"@id\":\"https:\/\/www.comunicarmais.com.br\/site\/2025\/12\/02\/dia-internacional-da-pessoa-com-deficiencia-salvador-fortalece-inclusao-com-psicoterapia-em-libras-para-surdos\/\",\"url\":\"https:\/\/www.comunicarmais.com.br\/site\/2025\/12\/02\/dia-internacional-da-pessoa-com-deficiencia-salvador-fortalece-inclusao-com-psicoterapia-em-libras-para-surdos\/\",\"name\":\"Dia Internacional da Pessoa com Defici\u00eancia: Salvador fortalece inclus\u00e3o com psicoterapia em Libras para surdos - Comunicar Mais\",\"isPartOf\":{\"@id\":\"https:\/\/www.comunicarmais.com.br\/site\/#website\"},\"primaryImageOfPage\":{\"@id\":\"https:\/\/www.comunicarmais.com.br\/site\/2025\/12\/02\/dia-internacional-da-pessoa-com-deficiencia-salvador-fortalece-inclusao-com-psicoterapia-em-libras-para-surdos\/#primaryimage\"},\"image\":{\"@id\":\"https:\/\/www.comunicarmais.com.br\/site\/2025\/12\/02\/dia-internacional-da-pessoa-com-deficiencia-salvador-fortalece-inclusao-com-psicoterapia-em-libras-para-surdos\/#primaryimage\"},\"thumbnailUrl\":\"https:\/\/www.comunicarmais.com.br\/site\/wp-content\/uploads\/2025\/12\/WhatsApp-Image-2025-12-02-at-15.58.26-1.jpeg\",\"datePublished\":\"2025-12-02T18:15:00+00:00\",\"dateModified\":\"2025-12-03T04:10:31+00:00\",\"author\":{\"@id\":\"https:\/\/www.comunicarmais.com.br\/site\/#\/schema\/person\/712f7b6b25b644e4a91c4173674cf284\"},\"description\":\"Servi\u00e7o integra a Rede de Cuidados \u00e0 Pessoa com Defici\u00eancia e oferece acompanhamento psicol\u00f3gico diretamente em Libras, sem necessidade de int\u00e9rprete\",\"breadcrumb\":{\"@id\":\"https:\/\/www.comunicarmais.com.br\/site\/2025\/12\/02\/dia-internacional-da-pessoa-com-deficiencia-salvador-fortalece-inclusao-com-psicoterapia-em-libras-para-surdos\/#breadcrumb\"},\"inLanguage\":\"pt-BR\",\"potentialAction\":[{\"@type\":\"ReadAction\",\"target\":[\"https:\/\/www.comunicarmais.com.br\/site\/2025\/12\/02\/dia-internacional-da-pessoa-com-deficiencia-salvador-fortalece-inclusao-com-psicoterapia-em-libras-para-surdos\/\"]}]},{\"@type\":\"ImageObject\",\"inLanguage\":\"pt-BR\",\"@id\":\"https:\/\/www.comunicarmais.com.br\/site\/2025\/12\/02\/dia-internacional-da-pessoa-com-deficiencia-salvador-fortalece-inclusao-com-psicoterapia-em-libras-para-surdos\/#primaryimage\",\"url\":\"https:\/\/www.comunicarmais.com.br\/site\/wp-content\/uploads\/2025\/12\/WhatsApp-Image-2025-12-02-at-15.58.26-1.jpeg\",\"contentUrl\":\"https:\/\/www.comunicarmais.com.br\/site\/wp-content\/uploads\/2025\/12\/WhatsApp-Image-2025-12-02-at-15.58.26-1.jpeg\",\"width\":1280,\"height\":960},{\"@type\":\"BreadcrumbList\",\"@id\":\"https:\/\/www.comunicarmais.com.br\/site\/2025\/12\/02\/dia-internacional-da-pessoa-com-deficiencia-salvador-fortalece-inclusao-com-psicoterapia-em-libras-para-surdos\/#breadcrumb\",\"itemListElement\":[{\"@type\":\"ListItem\",\"position\":1,\"name\":\"In\u00edcio\",\"item\":\"https:\/\/www.comunicarmais.com.br\/site\/\"},{\"@type\":\"ListItem\",\"position\":2,\"name\":\"Dia Internacional da Pessoa com Defici\u00eancia: Salvador fortalece inclus\u00e3o com psicoterapia em Libras para surdos\"}]},{\"@type\":\"WebSite\",\"@id\":\"https:\/\/www.comunicarmais.com.br\/site\/#website\",\"url\":\"https:\/\/www.comunicarmais.com.br\/site\/\",\"name\":\"Comunicar Mais\",\"description\":\"\",\"potentialAction\":[{\"@type\":\"SearchAction\",\"target\":{\"@type\":\"EntryPoint\",\"urlTemplate\":\"https:\/\/www.comunicarmais.com.br\/site\/?s={search_term_string}\"},\"query-input\":{\"@type\":\"PropertyValueSpecification\",\"valueRequired\":true,\"valueName\":\"search_term_string\"}}],\"inLanguage\":\"pt-BR\"},{\"@type\":\"Person\",\"@id\":\"https:\/\/www.comunicarmais.com.br\/site\/#\/schema\/person\/712f7b6b25b644e4a91c4173674cf284\",\"name\":\"Comunicar Mais\",\"image\":{\"@type\":\"ImageObject\",\"inLanguage\":\"pt-BR\",\"@id\":\"https:\/\/www.comunicarmais.com.br\/site\/#\/schema\/person\/image\/\",\"url\":\"https:\/\/secure.gravatar.com\/avatar\/9803218072e2c0dc265d3d787b54c2c33325e79f79732707fddfbf1efd82c678?s=96&d=mm&r=g\",\"contentUrl\":\"https:\/\/secure.gravatar.com\/avatar\/9803218072e2c0dc265d3d787b54c2c33325e79f79732707fddfbf1efd82c678?s=96&d=mm&r=g\",\"caption\":\"Comunicar Mais\"},\"description\":\"Deixe as ideologias com os ide\u00f3logos. Noticiamos fatos, n\u00e3o brigamos com eles. Aqui, voc\u00ea fica bem informado do que acontece no seu bairro e no mundo. Informar com \u00e9tica e responsabilidade s\u00e3o as bandeiras do Comunicarmais.\",\"sameAs\":[\"https:\/\/www.comunicarmais.com.br\/site\/\",\"https:\/\/www.facebook.com\/comunicarmais\/\",\"https:\/\/www.instagram.com\/comunicarmaisba\/\",\"https:\/\/x.com\/ComunicarmaisBA\"],\"url\":\"https:\/\/www.comunicarmais.com.br\/site\/author\/gerenciador\/\"}]}<\/script>\n<!-- \/ Yoast SEO plugin. -->","yoast_head_json":{"title":"Dia Internacional da Pessoa com Defici\u00eancia: Salvador fortalece inclus\u00e3o com psicoterapia em Libras para surdos - Comunicar Mais","description":"Servi\u00e7o integra a Rede de Cuidados \u00e0 Pessoa com Defici\u00eancia e oferece acompanhamento psicol\u00f3gico diretamente em Libras, sem necessidade de int\u00e9rprete","robots":{"index":"index","follow":"follow","max-snippet":"max-snippet:-1","max-image-preview":"max-image-preview:large","max-video-preview":"max-video-preview:-1"},"canonical":"https:\/\/www.comunicarmais.com.br\/site\/2025\/12\/02\/dia-internacional-da-pessoa-com-deficiencia-salvador-fortalece-inclusao-com-psicoterapia-em-libras-para-surdos\/","og_locale":"pt_BR","og_type":"article","og_title":"Dia Internacional da Pessoa com Defici\u00eancia: Salvador fortalece inclus\u00e3o com psicoterapia em Libras para surdos - Comunicar Mais","og_description":"Servi\u00e7o integra a Rede de Cuidados \u00e0 Pessoa com Defici\u00eancia e oferece acompanhamento psicol\u00f3gico diretamente em Libras, sem necessidade de int\u00e9rprete","og_url":"https:\/\/www.comunicarmais.com.br\/site\/2025\/12\/02\/dia-internacional-da-pessoa-com-deficiencia-salvador-fortalece-inclusao-com-psicoterapia-em-libras-para-surdos\/","og_site_name":"Comunicar Mais","article_publisher":"https:\/\/www.facebook.com\/comunicarmais\/","article_author":"https:\/\/www.facebook.com\/comunicarmais\/","article_published_time":"2025-12-02T18:15:00+00:00","article_modified_time":"2025-12-03T04:10:31+00:00","og_image":[{"width":1280,"height":960,"url":"https:\/\/www.comunicarmais.com.br\/site\/wp-content\/uploads\/2025\/12\/WhatsApp-Image-2025-12-02-at-15.58.26-1.jpeg","type":"image\/jpeg"}],"author":"Comunicar Mais","twitter_card":"summary_large_image","twitter_creator":"@ComunicarmaisBA","twitter_site":"@ComunicarmaisBA","twitter_misc":{"Escrito por":"Comunicar Mais","Est. tempo de leitura":"4 minutos"},"schema":{"@context":"https:\/\/schema.org","@graph":[{"@type":"WebPage","@id":"https:\/\/www.comunicarmais.com.br\/site\/2025\/12\/02\/dia-internacional-da-pessoa-com-deficiencia-salvador-fortalece-inclusao-com-psicoterapia-em-libras-para-surdos\/","url":"https:\/\/www.comunicarmais.com.br\/site\/2025\/12\/02\/dia-internacional-da-pessoa-com-deficiencia-salvador-fortalece-inclusao-com-psicoterapia-em-libras-para-surdos\/","name":"Dia Internacional da Pessoa com Defici\u00eancia: Salvador fortalece inclus\u00e3o com psicoterapia em Libras para surdos - Comunicar Mais","isPartOf":{"@id":"https:\/\/www.comunicarmais.com.br\/site\/#website"},"primaryImageOfPage":{"@id":"https:\/\/www.comunicarmais.com.br\/site\/2025\/12\/02\/dia-internacional-da-pessoa-com-deficiencia-salvador-fortalece-inclusao-com-psicoterapia-em-libras-para-surdos\/#primaryimage"},"image":{"@id":"https:\/\/www.comunicarmais.com.br\/site\/2025\/12\/02\/dia-internacional-da-pessoa-com-deficiencia-salvador-fortalece-inclusao-com-psicoterapia-em-libras-para-surdos\/#primaryimage"},"thumbnailUrl":"https:\/\/www.comunicarmais.com.br\/site\/wp-content\/uploads\/2025\/12\/WhatsApp-Image-2025-12-02-at-15.58.26-1.jpeg","datePublished":"2025-12-02T18:15:00+00:00","dateModified":"2025-12-03T04:10:31+00:00","author":{"@id":"https:\/\/www.comunicarmais.com.br\/site\/#\/schema\/person\/712f7b6b25b644e4a91c4173674cf284"},"description":"Servi\u00e7o integra a Rede de Cuidados \u00e0 Pessoa com Defici\u00eancia e oferece acompanhamento psicol\u00f3gico diretamente em Libras, sem necessidade de int\u00e9rprete","breadcrumb":{"@id":"https:\/\/www.comunicarmais.com.br\/site\/2025\/12\/02\/dia-internacional-da-pessoa-com-deficiencia-salvador-fortalece-inclusao-com-psicoterapia-em-libras-para-surdos\/#breadcrumb"},"inLanguage":"pt-BR","potentialAction":[{"@type":"ReadAction","target":["https:\/\/www.comunicarmais.com.br\/site\/2025\/12\/02\/dia-internacional-da-pessoa-com-deficiencia-salvador-fortalece-inclusao-com-psicoterapia-em-libras-para-surdos\/"]}]},{"@type":"ImageObject","inLanguage":"pt-BR","@id":"https:\/\/www.comunicarmais.com.br\/site\/2025\/12\/02\/dia-internacional-da-pessoa-com-deficiencia-salvador-fortalece-inclusao-com-psicoterapia-em-libras-para-surdos\/#primaryimage","url":"https:\/\/www.comunicarmais.com.br\/site\/wp-content\/uploads\/2025\/12\/WhatsApp-Image-2025-12-02-at-15.58.26-1.jpeg","contentUrl":"https:\/\/www.comunicarmais.com.br\/site\/wp-content\/uploads\/2025\/12\/WhatsApp-Image-2025-12-02-at-15.58.26-1.jpeg","width":1280,"height":960},{"@type":"BreadcrumbList","@id":"https:\/\/www.comunicarmais.com.br\/site\/2025\/12\/02\/dia-internacional-da-pessoa-com-deficiencia-salvador-fortalece-inclusao-com-psicoterapia-em-libras-para-surdos\/#breadcrumb","itemListElement":[{"@type":"ListItem","position":1,"name":"In\u00edcio","item":"https:\/\/www.comunicarmais.com.br\/site\/"},{"@type":"ListItem","position":2,"name":"Dia Internacional da Pessoa com Defici\u00eancia: Salvador fortalece inclus\u00e3o com psicoterapia em Libras para surdos"}]},{"@type":"WebSite","@id":"https:\/\/www.comunicarmais.com.br\/site\/#website","url":"https:\/\/www.comunicarmais.com.br\/site\/","name":"Comunicar Mais","description":"","potentialAction":[{"@type":"SearchAction","target":{"@type":"EntryPoint","urlTemplate":"https:\/\/www.comunicarmais.com.br\/site\/?s={search_term_string}"},"query-input":{"@type":"PropertyValueSpecification","valueRequired":true,"valueName":"search_term_string"}}],"inLanguage":"pt-BR"},{"@type":"Person","@id":"https:\/\/www.comunicarmais.com.br\/site\/#\/schema\/person\/712f7b6b25b644e4a91c4173674cf284","name":"Comunicar Mais","image":{"@type":"ImageObject","inLanguage":"pt-BR","@id":"https:\/\/www.comunicarmais.com.br\/site\/#\/schema\/person\/image\/","url":"https:\/\/secure.gravatar.com\/avatar\/9803218072e2c0dc265d3d787b54c2c33325e79f79732707fddfbf1efd82c678?s=96&d=mm&r=g","contentUrl":"https:\/\/secure.gravatar.com\/avatar\/9803218072e2c0dc265d3d787b54c2c33325e79f79732707fddfbf1efd82c678?s=96&d=mm&r=g","caption":"Comunicar Mais"},"description":"Deixe as ideologias com os ide\u00f3logos. Noticiamos fatos, n\u00e3o brigamos com eles. Aqui, voc\u00ea fica bem informado do que acontece no seu bairro e no mundo. Informar com \u00e9tica e responsabilidade s\u00e3o as bandeiras do Comunicarmais.","sameAs":["https:\/\/www.comunicarmais.com.br\/site\/","https:\/\/www.facebook.com\/comunicarmais\/","https:\/\/www.instagram.com\/comunicarmaisba\/","https:\/\/x.com\/ComunicarmaisBA"],"url":"https:\/\/www.comunicarmais.com.br\/site\/author\/gerenciador\/"}]}},"_links":{"self":[{"href":"https:\/\/www.comunicarmais.com.br\/site\/wp-json\/wp\/v2\/posts\/11485","targetHints":{"allow":["GET"]}}],"collection":[{"href":"https:\/\/www.comunicarmais.com.br\/site\/wp-json\/wp\/v2\/posts"}],"about":[{"href":"https:\/\/www.comunicarmais.com.br\/site\/wp-json\/wp\/v2\/types\/post"}],"author":[{"embeddable":true,"href":"https:\/\/www.comunicarmais.com.br\/site\/wp-json\/wp\/v2\/users\/2"}],"replies":[{"embeddable":true,"href":"https:\/\/www.comunicarmais.com.br\/site\/wp-json\/wp\/v2\/comments?post=11485"}],"version-history":[{"count":1,"href":"https:\/\/www.comunicarmais.com.br\/site\/wp-json\/wp\/v2\/posts\/11485\/revisions"}],"predecessor-version":[{"id":11489,"href":"https:\/\/www.comunicarmais.com.br\/site\/wp-json\/wp\/v2\/posts\/11485\/revisions\/11489"}],"wp:featuredmedia":[{"embeddable":true,"href":"https:\/\/www.comunicarmais.com.br\/site\/wp-json\/wp\/v2\/media\/11487"}],"wp:attachment":[{"href":"https:\/\/www.comunicarmais.com.br\/site\/wp-json\/wp\/v2\/media?parent=11485"}],"wp:term":[{"taxonomy":"category","embeddable":true,"href":"https:\/\/www.comunicarmais.com.br\/site\/wp-json\/wp\/v2\/categories?post=11485"},{"taxonomy":"post_tag","embeddable":true,"href":"https:\/\/www.comunicarmais.com.br\/site\/wp-json\/wp\/v2\/tags?post=11485"}],"curies":[{"name":"wp","href":"https:\/\/api.w.org\/{rel}","templated":true}]}}