{"id":11480,"date":"2025-12-01T20:26:00","date_gmt":"2025-12-01T23:26:00","guid":{"rendered":"https:\/\/www.comunicarmais.com.br\/site\/?p=11480"},"modified":"2025-12-03T00:33:09","modified_gmt":"2025-12-03T03:33:09","slug":"governo-entrega-pl-para-reestruturacao-do-planserv-e-pec-que-altera-regras-de-aposentadoria-das-policias-civil-e-penal","status":"publish","type":"post","link":"https:\/\/www.comunicarmais.com.br\/site\/2025\/12\/01\/governo-entrega-pl-para-reestruturacao-do-planserv-e-pec-que-altera-regras-de-aposentadoria-das-policias-civil-e-penal\/","title":{"rendered":"Governo entrega PL para reestrutura\u00e7\u00e3o do Planserv e PEC que altera regras de aposentadoria das Pol\u00edcias Civil e Penal"},"content":{"rendered":"\n<p><strong>Entrega oficial foi realizada pelos secret\u00e1rios da Serin, Adolpho Loyola, e da Saeb, Rodrigo Pimentel<\/strong><\/p>\n\n\n\n<figure class=\"wp-block-image size-large\"><img decoding=\"async\" width=\"1433\" height=\"955\" data-src=\"https:\/\/www.comunicarmais.com.br\/site\/wp-content\/uploads\/2025\/12\/WhatsApp-Image-2025-12-01-at-19.27.34-1433x955.jpeg\" alt=\"\" class=\"wp-image-11482 lazyload\" data-srcset=\"https:\/\/www.comunicarmais.com.br\/site\/wp-content\/uploads\/2025\/12\/WhatsApp-Image-2025-12-01-at-19.27.34-1433x955.jpeg 1433w, https:\/\/www.comunicarmais.com.br\/site\/wp-content\/uploads\/2025\/12\/WhatsApp-Image-2025-12-01-at-19.27.34-1024x682.jpeg 1024w, https:\/\/www.comunicarmais.com.br\/site\/wp-content\/uploads\/2025\/12\/WhatsApp-Image-2025-12-01-at-19.27.34-768x512.jpeg 768w, https:\/\/www.comunicarmais.com.br\/site\/wp-content\/uploads\/2025\/12\/WhatsApp-Image-2025-12-01-at-19.27.34-1536x1023.jpeg 1536w, https:\/\/www.comunicarmais.com.br\/site\/wp-content\/uploads\/2025\/12\/WhatsApp-Image-2025-12-01-at-19.27.34.jpeg 1600w\" data-sizes=\"(max-width: 1433px) 100vw, 1433px\" src=\"data:image\/svg+xml;base64,PHN2ZyB3aWR0aD0iMSIgaGVpZ2h0PSIxIiB4bWxucz0iaHR0cDovL3d3dy53My5vcmcvMjAwMC9zdmciPjwvc3ZnPg==\" style=\"--smush-placeholder-width: 1433px; --smush-placeholder-aspect-ratio: 1433\/955;\" \/><figcaption class=\"wp-element-caption\"><em><sup>(Foto: Vaner Casaes\/Alba)<\/sup><\/em><\/figcaption><\/figure>\n\n\n\n<p><strong>Reda\u00e7\u00e3o Mais &#8211; <\/strong>O Governo da Bahia encaminhou \u00e0 Assembleia Legislativa da Bahia (Alba), nesta segunda-feira (1\u00ba), duas proposi\u00e7\u00f5es: o projeto de lei (PL) que promove a reestrutura\u00e7\u00e3o do Planserv e uma Proposta de Emenda Constitucional (PEC) que altera as regras de aposentadoria para policiais civis e agentes penitenci\u00e1rios, com foco na paridade e integralidade. As propostas s\u00e3o resultado de um processo constru\u00eddo em conjunto com sindicatos e entidades representativas e t\u00eam como objetivo modernizar as estruturas do funcionalismo p\u00fablico estadual. A entrega foi realizada pelo secret\u00e1rio de Rela\u00e7\u00f5es Institucionais (Serin), Adolpho Loyola, e o secret\u00e1rio de Administra\u00e7\u00e3o da Bahia (Saeb), Rodrigo Pimentel.<\/p>\n\n\n\n<p>O projeto do Planserv apresenta um conjunto de melhorias significativas, entre elas a ado\u00e7\u00e3o de um novo crit\u00e9rio de contribui\u00e7\u00e3o. As faixas salariais ser\u00e3o substitu\u00eddas por um percentual \u00fanico aplicado sobre a remunera\u00e7\u00e3o do servidor, refor\u00e7ando um princ\u00edpio estruturante de justi\u00e7a social: todos contribuem com o mesmo percentual, de forma proporcional ao sal\u00e1rio. Com essa mudan\u00e7a, estima-se que cerca de 130 mil servidores ter\u00e3o redu\u00e7\u00e3o no valor pago. Al\u00e9m disso, a proposta prev\u00ea a interioriza\u00e7\u00e3o da rede com cidades-polo; a revis\u00e3o da remunera\u00e7\u00e3o dos m\u00e9dicos; e a prospec\u00e7\u00e3o de novos profissionais para ampliar atendimentos.<\/p>\n\n\n\n<p>\u201cSob a condu\u00e7\u00e3o da Serin chegamos a um produto que visa reequilibrar o Planserv e possibilitar, a partir da aprova\u00e7\u00e3o da lei, a mudan\u00e7a na quest\u00e3o do crit\u00e9rio de contribui\u00e7\u00e3o do participante, tornando um plano de justi\u00e7a social. O percentual ir\u00e1 iniciar com 5.5% em 2026 e em 2027 chega a 6%. No patronal estamos propondo elevar de 2,5% para 3,25% em 2026, e para 4,0% em 2027. Al\u00e9m disso, pretendemos aprimorar a interioriza\u00e7\u00e3o, fortalecendo as micro-regi\u00f5es, levando servi\u00e7os itinerantes a locais desassistidos e ampliando a oferta de telemedicina, especialmente nas especialidades com menor disponibilidade. Dessa forma, garantimos um atendimento mais r\u00e1pido e maior conforto para quem vive no interior. Quero agradecer ao empenho de todos e dizer que hoje \u00e9 um dia especial, pois estamos comemorando a vit\u00f3ria do di\u00e1logo\u201d, afirmou o secret\u00e1rio da Saeb, Rodrigo Pimentel.<\/p>\n\n\n\n<p>Em rela\u00e7\u00e3o \u00e0 PEC, para os policiais civis e agentes penitenci\u00e1rios que ingressaram at\u00e9 a entrada em vigor da Emenda Constitucional n\u00ba 26, de 31 de janeiro de 2020, e que se aposentarem ap\u00f3s a publica\u00e7\u00e3o da nova Emenda Constitucional, est\u00e1 prevista a garantia da paridade, tamb\u00e9m garantida para aqueles que j\u00e1 tinham seus proventos calculados com base na integralidade at\u00e9 a data de entrada em vigor da nova Emenda. A proposta tamb\u00e9m estabelece uma diferen\u00e7a m\u00ednima na idade exigida para aposentadoria entre homens e mulheres. As mulheres ter\u00e3o uma redu\u00e7\u00e3o na idade, tanto na regra especial transit\u00f3ria quanto na permanente, aplicada aos policiais civis, agentes penitenci\u00e1rios e servidores expostos a agentes nocivos.<\/p>\n\n\n\n<p>J\u00e1 a proposta de PEC tem foco na paridade e integralidade das Pol\u00edcias Civil e Penal e modifica a regra dos proventos de aposentadoria, estabelecendo uma regra \u00fanica baseada na \u00faltima remunera\u00e7\u00e3o em atividade. A proposta tamb\u00e9m define idades m\u00ednimas diferentes para a aposentadoria de homens e mulheres, assegura a integralidade e paridade nas pens\u00f5es por morte e prev\u00ea revoga\u00e7\u00e3o do \u00a73\u00ba do art. 9\u00ba da Emenda Constitucional n\u00ba 26\/2020, eliminando duas regras praticamente iguais.<\/p>\n\n\n\n<p>\u201cViemos aqui em nome do governador Jer\u00f4nimo trazer estas propostas e quero agradecer aos sindicatos pela constru\u00e7\u00e3o conjunta, atrav\u00e9s do di\u00e1logo que sempre mantivemos aberto. Nosso objetivo \u00e9 melhorar ainda mais o nosso plano de sa\u00fade e dizer que o Planserv \u00e9 um patrim\u00f4nio do Estado baiano e dos servidores p\u00fablicos da Bahia. Por isso que temos mais de 60 dias entre idas e vindas dialogando e construindo essa proposta. Al\u00e9m disso pe\u00e7o as nossas bancadas de governo e da oposi\u00e7\u00e3o uma aten\u00e7\u00e3o a essa PEC das pol\u00edcias civil e penal e ressaltar que tamb\u00e9m foi uma constru\u00e7\u00e3o coletiva do movimento sindical com o governador Jer\u00f4nimo\u201d, pontuou o secret\u00e1rio de Rela\u00e7\u00f5es Institucionais da Bahia, Adolpho Loyola.<\/p>\n\n\n\n<p>As propostas, que foram recebidas pela presidente da Alba, Ivana Bastos, e pelos demais deputados, ser\u00e3o submetidas \u00e0 aprecia\u00e7\u00e3o. Caso aprovadas, entrar\u00e3o em vigor assim que foram sancionadas pelo governador da Bahia, Jer\u00f4nimo Rodrigues.<\/p>\n\n\n\n<p>________________________________________________________________________________________________________________<\/p>\n\n\n<p class=\"wp-block-tag-cloud\"><a href=\"https:\/\/www.comunicarmais.com.br\/site\/tag\/bahia\/\" class=\"tag-cloud-link tag-link-171 tag-link-position-1\" style=\"font-size: 17.922330097087pt;\" aria-label=\"Bahia (116 itens)\">Bahia<\/a>\n<a href=\"https:\/\/www.comunicarmais.com.br\/site\/tag\/bolsonaro\/\" class=\"tag-cloud-link tag-link-112 tag-link-position-2\" style=\"font-size: 11.533980582524pt;\" aria-label=\"Bolsonaro (39 itens)\">Bolsonaro<\/a>\n<a href=\"https:\/\/www.comunicarmais.com.br\/site\/tag\/brasil\/\" class=\"tag-cloud-link tag-link-335 tag-link-position-3\" style=\"font-size: 13.029126213592pt;\" aria-label=\"Brasil (50 itens)\">Brasil<\/a>\n<a href=\"https:\/\/www.comunicarmais.com.br\/site\/tag\/camacari\/\" class=\"tag-cloud-link tag-link-435 tag-link-position-4\" style=\"font-size: 8.8155339805825pt;\" aria-label=\"Cama\u00e7ari (24 itens)\">Cama\u00e7ari<\/a>\n<a href=\"https:\/\/www.comunicarmais.com.br\/site\/tag\/carnaval\/\" class=\"tag-cloud-link tag-link-508 tag-link-position-5\" style=\"font-size: 12.893203883495pt;\" aria-label=\"Carnaval (49 itens)\">Carnaval<\/a>\n<a href=\"https:\/\/www.comunicarmais.com.br\/site\/tag\/cbx\/\" class=\"tag-cloud-link tag-link-1602 tag-link-position-6\" style=\"font-size: 11.398058252427pt;\" aria-label=\"CBX (38 itens)\">CBX<\/a>\n<a href=\"https:\/\/www.comunicarmais.com.br\/site\/tag\/cidade-baixa\/\" class=\"tag-cloud-link tag-link-456 tag-link-position-7\" style=\"font-size: 9.9029126213592pt;\" aria-label=\"Cidade Baixa (29 itens)\">Cidade Baixa<\/a>\n<a href=\"https:\/\/www.comunicarmais.com.br\/site\/tag\/cinema\/\" class=\"tag-cloud-link tag-link-985 tag-link-position-8\" style=\"font-size: 11.126213592233pt;\" aria-label=\"Cinema (36 itens)\">Cinema<\/a>\n<a href=\"https:\/\/www.comunicarmais.com.br\/site\/tag\/cultura\/\" class=\"tag-cloud-link tag-link-231 tag-link-position-9\" style=\"font-size: 12.21359223301pt;\" aria-label=\"Cultura (44 itens)\">Cultura<\/a>\n<a href=\"https:\/\/www.comunicarmais.com.br\/site\/tag\/drogas\/\" class=\"tag-cloud-link tag-link-165 tag-link-position-10\" style=\"font-size: 12.757281553398pt;\" aria-label=\"Drogas (48 itens)\">Drogas<\/a>\n<a href=\"https:\/\/www.comunicarmais.com.br\/site\/tag\/educacao\/\" class=\"tag-cloud-link tag-link-228 tag-link-position-11\" style=\"font-size: 12.621359223301pt;\" aria-label=\"Educa\u00e7\u00e3o (47 itens)\">Educa\u00e7\u00e3o<\/a>\n<a href=\"https:\/\/www.comunicarmais.com.br\/site\/tag\/ensino\/\" class=\"tag-cloud-link tag-link-233 tag-link-position-12\" style=\"font-size: 10.446601941748pt;\" aria-label=\"Ensino (32 itens)\">Ensino<\/a>\n<a href=\"https:\/\/www.comunicarmais.com.br\/site\/tag\/escola\/\" class=\"tag-cloud-link tag-link-229 tag-link-position-13\" style=\"font-size: 9.631067961165pt;\" aria-label=\"Escola (28 itens)\">Escola<\/a>\n<a href=\"https:\/\/www.comunicarmais.com.br\/site\/tag\/eua\/\" class=\"tag-cloud-link tag-link-664 tag-link-position-14\" style=\"font-size: 12.077669902913pt;\" aria-label=\"EUA (43 itens)\">EUA<\/a>\n<a href=\"https:\/\/www.comunicarmais.com.br\/site\/tag\/feira-de-santana\/\" class=\"tag-cloud-link tag-link-642 tag-link-position-15\" style=\"font-size: 9.2233009708738pt;\" aria-label=\"Feira de Santana (26 itens)\">Feira de Santana<\/a>\n<a href=\"https:\/\/www.comunicarmais.com.br\/site\/tag\/ficco\/\" class=\"tag-cloud-link tag-link-143 tag-link-position-16\" style=\"font-size: 9.2233009708738pt;\" aria-label=\"Ficco (26 itens)\">Ficco<\/a>\n<a href=\"https:\/\/www.comunicarmais.com.br\/site\/tag\/folia\/\" class=\"tag-cloud-link tag-link-566 tag-link-position-17\" style=\"font-size: 9.2233009708738pt;\" aria-label=\"Folia (26 itens)\">Folia<\/a>\n<a href=\"https:\/\/www.comunicarmais.com.br\/site\/tag\/futebol\/\" class=\"tag-cloud-link tag-link-40 tag-link-position-18\" style=\"font-size: 13.029126213592pt;\" aria-label=\"Futebol (50 itens)\">Futebol<\/a>\n<a href=\"https:\/\/www.comunicarmais.com.br\/site\/tag\/homicidio\/\" class=\"tag-cloud-link tag-link-101 tag-link-position-19\" style=\"font-size: 10.582524271845pt;\" aria-label=\"Homic\u00eddio (33 itens)\">Homic\u00eddio<\/a>\n<a href=\"https:\/\/www.comunicarmais.com.br\/site\/tag\/itapagipe\/\" class=\"tag-cloud-link tag-link-471 tag-link-position-20\" style=\"font-size: 10.038834951456pt;\" aria-label=\"Itapagipe (30 itens)\">Itapagipe<\/a>\n<a href=\"https:\/\/www.comunicarmais.com.br\/site\/tag\/itaparica\/\" class=\"tag-cloud-link tag-link-301 tag-link-position-21\" style=\"font-size: 8pt;\" aria-label=\"Itaparica (21 itens)\">Itaparica<\/a>\n<a href=\"https:\/\/www.comunicarmais.com.br\/site\/tag\/jeronimo-rodrigues\/\" class=\"tag-cloud-link tag-link-668 tag-link-position-22\" style=\"font-size: 8.2718446601942pt;\" aria-label=\"Jer\u00f4nimo Rodrigues (22 itens)\">Jer\u00f4nimo Rodrigues<\/a>\n<a href=\"https:\/\/www.comunicarmais.com.br\/site\/tag\/justica\/\" class=\"tag-cloud-link tag-link-361 tag-link-position-23\" style=\"font-size: 10.582524271845pt;\" aria-label=\"Justi\u00e7a (33 itens)\">Justi\u00e7a<\/a>\n<a href=\"https:\/\/www.comunicarmais.com.br\/site\/tag\/lauro-de-freitas\/\" class=\"tag-cloud-link tag-link-594 tag-link-position-24\" style=\"font-size: 18.194174757282pt;\" aria-label=\"Lauro de Freitas (122 itens)\">Lauro de Freitas<\/a>\n<a href=\"https:\/\/www.comunicarmais.com.br\/site\/tag\/lazer\/\" class=\"tag-cloud-link tag-link-568 tag-link-position-25\" style=\"font-size: 9.2233009708738pt;\" aria-label=\"Lazer (26 itens)\">Lazer<\/a>\n<a href=\"https:\/\/www.comunicarmais.com.br\/site\/tag\/lula\/\" class=\"tag-cloud-link tag-link-416 tag-link-position-26\" style=\"font-size: 12.21359223301pt;\" aria-label=\"Lula (44 itens)\">Lula<\/a>\n<a href=\"https:\/\/www.comunicarmais.com.br\/site\/tag\/meio-ambiente\/\" class=\"tag-cloud-link tag-link-475 tag-link-position-27\" style=\"font-size: 12.21359223301pt;\" aria-label=\"Meio Ambiente (44 itens)\">Meio Ambiente<\/a>\n<a href=\"https:\/\/www.comunicarmais.com.br\/site\/tag\/mobilidade\/\" class=\"tag-cloud-link tag-link-278 tag-link-position-28\" style=\"font-size: 13.844660194175pt;\" aria-label=\"Mobilidade (58 itens)\">Mobilidade<\/a>\n<a href=\"https:\/\/www.comunicarmais.com.br\/site\/tag\/mulher\/\" class=\"tag-cloud-link tag-link-450 tag-link-position-29\" style=\"font-size: 13.300970873786pt;\" aria-label=\"mulher (53 itens)\">mulher<\/a>\n<a href=\"https:\/\/www.comunicarmais.com.br\/site\/tag\/musica-2\/\" class=\"tag-cloud-link tag-link-747 tag-link-position-30\" style=\"font-size: 12.21359223301pt;\" aria-label=\"M\u00fasica (44 itens)\">M\u00fasica<\/a>\n<a href=\"https:\/\/www.comunicarmais.com.br\/site\/tag\/pcba\/\" class=\"tag-cloud-link tag-link-1332 tag-link-position-31\" style=\"font-size: 15.067961165049pt;\" aria-label=\"PCBA (72 itens)\">PCBA<\/a>\n<a href=\"https:\/\/www.comunicarmais.com.br\/site\/tag\/pmba\/\" class=\"tag-cloud-link tag-link-53 tag-link-position-32\" style=\"font-size: 18.194174757282pt;\" aria-label=\"PMBA (123 itens)\">PMBA<\/a>\n<a href=\"https:\/\/www.comunicarmais.com.br\/site\/tag\/policia-federal\/\" class=\"tag-cloud-link tag-link-620 tag-link-position-33\" style=\"font-size: 8.9514563106796pt;\" aria-label=\"Pol\u00edcia Federal (25 itens)\">Pol\u00edcia Federal<\/a>\n<a href=\"https:\/\/www.comunicarmais.com.br\/site\/tag\/politica\/\" class=\"tag-cloud-link tag-link-495 tag-link-position-34\" style=\"font-size: 16.291262135922pt;\" aria-label=\"Pol\u00edtica (89 itens)\">Pol\u00edtica<\/a>\n<a href=\"https:\/\/www.comunicarmais.com.br\/site\/tag\/rio-de-janeiro\/\" class=\"tag-cloud-link tag-link-152 tag-link-position-35\" style=\"font-size: 9.9029126213592pt;\" aria-label=\"Rio de Janeiro (29 itens)\">Rio de Janeiro<\/a>\n<a href=\"https:\/\/www.comunicarmais.com.br\/site\/tag\/salvador\/\" class=\"tag-cloud-link tag-link-125 tag-link-position-36\" style=\"font-size: 22pt;\" aria-label=\"Salvador (234 itens)\">Salvador<\/a>\n<a href=\"https:\/\/www.comunicarmais.com.br\/site\/tag\/saude\/\" class=\"tag-cloud-link tag-link-42 tag-link-position-37\" style=\"font-size: 17.78640776699pt;\" aria-label=\"Sa\u00fade (115 itens)\">Sa\u00fade<\/a>\n<a href=\"https:\/\/www.comunicarmais.com.br\/site\/tag\/seguranca\/\" class=\"tag-cloud-link tag-link-48 tag-link-position-38\" style=\"font-size: 9.2233009708738pt;\" aria-label=\"Seguran\u00e7a (26 itens)\">Seguran\u00e7a<\/a>\n<a href=\"https:\/\/www.comunicarmais.com.br\/site\/tag\/ssp-ba\/\" class=\"tag-cloud-link tag-link-1937 tag-link-position-39\" style=\"font-size: 8.9514563106796pt;\" aria-label=\"SSP-BA (25 itens)\">SSP-BA<\/a>\n<a href=\"https:\/\/www.comunicarmais.com.br\/site\/tag\/sspba\/\" class=\"tag-cloud-link tag-link-144 tag-link-position-40\" style=\"font-size: 11.398058252427pt;\" aria-label=\"SSPBA (38 itens)\">SSPBA<\/a>\n<a href=\"https:\/\/www.comunicarmais.com.br\/site\/tag\/stf\/\" class=\"tag-cloud-link tag-link-68 tag-link-position-41\" style=\"font-size: 14.252427184466pt;\" aria-label=\"STF (62 itens)\">STF<\/a>\n<a href=\"https:\/\/www.comunicarmais.com.br\/site\/tag\/sao-paulo\/\" class=\"tag-cloud-link tag-link-612 tag-link-position-42\" style=\"font-size: 8pt;\" aria-label=\"S\u00e3o Paulo (21 itens)\">S\u00e3o Paulo<\/a>\n<a href=\"https:\/\/www.comunicarmais.com.br\/site\/tag\/transito-2\/\" class=\"tag-cloud-link tag-link-377 tag-link-position-43\" style=\"font-size: 8.2718446601942pt;\" aria-label=\"tr\u00e2nsito (22 itens)\">tr\u00e2nsito<\/a>\n<a href=\"https:\/\/www.comunicarmais.com.br\/site\/tag\/turismo\/\" class=\"tag-cloud-link tag-link-225 tag-link-position-44\" style=\"font-size: 9.631067961165pt;\" aria-label=\"Turismo (28 itens)\">Turismo<\/a>\n<a href=\"https:\/\/www.comunicarmais.com.br\/site\/tag\/uruguai\/\" class=\"tag-cloud-link tag-link-323 tag-link-position-45\" style=\"font-size: 9.631067961165pt;\" aria-label=\"Uruguai (28 itens)\">Uruguai<\/a><\/p>","protected":false},"excerpt":{"rendered":"<p>Entrega oficial foi realizada pelos secret\u00e1rios da Serin, Adolpho Loyola, e da Saeb, Rodrigo Pimentel<\/p>\n","protected":false},"author":2,"featured_media":11483,"comment_status":"open","ping_status":"open","sticky":false,"template":"","format":"standard","meta":{"_acf_changed":false,"footnotes":""},"categories":[4,8],"tags":[1332,43,1733],"class_list":["post-11480","post","type-post","status-publish","format-standard","has-post-thumbnail","hentry","category-bahia","category-politica","tag-pcba","tag-planserv","tag-policia-penal"],"acf":[],"yoast_head":"<!-- This site is optimized with the Yoast SEO plugin v26.1.1 - https:\/\/yoast.com\/wordpress\/plugins\/seo\/ -->\n<title>Governo entrega PL para reestrutura\u00e7\u00e3o do Planserv e PEC que altera regras de aposentadoria das Pol\u00edcias Civil e Penal - Comunicar Mais<\/title>\n<meta name=\"description\" content=\"Entrega oficial foi realizada pelos secret\u00e1rios da Serin, Adolpho Loyola, e da Saeb, Rodrigo Pimentel\" \/>\n<meta name=\"robots\" content=\"index, follow, max-snippet:-1, max-image-preview:large, max-video-preview:-1\" \/>\n<link rel=\"canonical\" href=\"https:\/\/www.comunicarmais.com.br\/site\/2025\/12\/01\/governo-entrega-pl-para-reestruturacao-do-planserv-e-pec-que-altera-regras-de-aposentadoria-das-policias-civil-e-penal\/\" \/>\n<meta property=\"og:locale\" content=\"pt_BR\" \/>\n<meta property=\"og:type\" content=\"article\" \/>\n<meta property=\"og:title\" content=\"Governo entrega PL para reestrutura\u00e7\u00e3o do Planserv e PEC que altera regras de aposentadoria das Pol\u00edcias Civil e Penal - Comunicar Mais\" \/>\n<meta property=\"og:description\" content=\"Entrega oficial foi realizada pelos secret\u00e1rios da Serin, Adolpho Loyola, e da Saeb, Rodrigo Pimentel\" \/>\n<meta property=\"og:url\" content=\"https:\/\/www.comunicarmais.com.br\/site\/2025\/12\/01\/governo-entrega-pl-para-reestruturacao-do-planserv-e-pec-que-altera-regras-de-aposentadoria-das-policias-civil-e-penal\/\" \/>\n<meta property=\"og:site_name\" content=\"Comunicar Mais\" \/>\n<meta property=\"article:publisher\" content=\"https:\/\/www.facebook.com\/comunicarmais\/\" \/>\n<meta property=\"article:author\" content=\"https:\/\/www.facebook.com\/comunicarmais\/\" \/>\n<meta property=\"article:published_time\" content=\"2025-12-01T23:26:00+00:00\" \/>\n<meta property=\"article:modified_time\" content=\"2025-12-03T03:33:09+00:00\" \/>\n<meta property=\"og:image\" content=\"https:\/\/www.comunicarmais.com.br\/site\/wp-content\/uploads\/2025\/12\/policia-penal--scaled.jpg\" \/>\n\t<meta property=\"og:image:width\" content=\"2560\" \/>\n\t<meta property=\"og:image:height\" content=\"1707\" \/>\n\t<meta property=\"og:image:type\" content=\"image\/jpeg\" \/>\n<meta name=\"author\" content=\"Comunicar Mais\" \/>\n<meta name=\"twitter:card\" content=\"summary_large_image\" \/>\n<meta name=\"twitter:creator\" content=\"@ComunicarmaisBA\" \/>\n<meta name=\"twitter:site\" content=\"@ComunicarmaisBA\" \/>\n<meta name=\"twitter:label1\" content=\"Escrito por\" \/>\n\t<meta name=\"twitter:data1\" content=\"Comunicar Mais\" \/>\n\t<meta name=\"twitter:label2\" content=\"Est. tempo de leitura\" \/>\n\t<meta name=\"twitter:data2\" content=\"5 minutos\" \/>\n<script type=\"application\/ld+json\" class=\"yoast-schema-graph\">{\"@context\":\"https:\/\/schema.org\",\"@graph\":[{\"@type\":\"WebPage\",\"@id\":\"https:\/\/www.comunicarmais.com.br\/site\/2025\/12\/01\/governo-entrega-pl-para-reestruturacao-do-planserv-e-pec-que-altera-regras-de-aposentadoria-das-policias-civil-e-penal\/\",\"url\":\"https:\/\/www.comunicarmais.com.br\/site\/2025\/12\/01\/governo-entrega-pl-para-reestruturacao-do-planserv-e-pec-que-altera-regras-de-aposentadoria-das-policias-civil-e-penal\/\",\"name\":\"Governo entrega PL para reestrutura\u00e7\u00e3o do Planserv e PEC que altera regras de aposentadoria das Pol\u00edcias Civil e Penal - Comunicar Mais\",\"isPartOf\":{\"@id\":\"https:\/\/www.comunicarmais.com.br\/site\/#website\"},\"primaryImageOfPage\":{\"@id\":\"https:\/\/www.comunicarmais.com.br\/site\/2025\/12\/01\/governo-entrega-pl-para-reestruturacao-do-planserv-e-pec-que-altera-regras-de-aposentadoria-das-policias-civil-e-penal\/#primaryimage\"},\"image\":{\"@id\":\"https:\/\/www.comunicarmais.com.br\/site\/2025\/12\/01\/governo-entrega-pl-para-reestruturacao-do-planserv-e-pec-que-altera-regras-de-aposentadoria-das-policias-civil-e-penal\/#primaryimage\"},\"thumbnailUrl\":\"https:\/\/www.comunicarmais.com.br\/site\/wp-content\/uploads\/2025\/12\/policia-penal--scaled.jpg\",\"datePublished\":\"2025-12-01T23:26:00+00:00\",\"dateModified\":\"2025-12-03T03:33:09+00:00\",\"author\":{\"@id\":\"https:\/\/www.comunicarmais.com.br\/site\/#\/schema\/person\/712f7b6b25b644e4a91c4173674cf284\"},\"description\":\"Entrega oficial foi realizada pelos secret\u00e1rios da Serin, Adolpho Loyola, e da Saeb, Rodrigo Pimentel\",\"breadcrumb\":{\"@id\":\"https:\/\/www.comunicarmais.com.br\/site\/2025\/12\/01\/governo-entrega-pl-para-reestruturacao-do-planserv-e-pec-que-altera-regras-de-aposentadoria-das-policias-civil-e-penal\/#breadcrumb\"},\"inLanguage\":\"pt-BR\",\"potentialAction\":[{\"@type\":\"ReadAction\",\"target\":[\"https:\/\/www.comunicarmais.com.br\/site\/2025\/12\/01\/governo-entrega-pl-para-reestruturacao-do-planserv-e-pec-que-altera-regras-de-aposentadoria-das-policias-civil-e-penal\/\"]}]},{\"@type\":\"ImageObject\",\"inLanguage\":\"pt-BR\",\"@id\":\"https:\/\/www.comunicarmais.com.br\/site\/2025\/12\/01\/governo-entrega-pl-para-reestruturacao-do-planserv-e-pec-que-altera-regras-de-aposentadoria-das-policias-civil-e-penal\/#primaryimage\",\"url\":\"https:\/\/www.comunicarmais.com.br\/site\/wp-content\/uploads\/2025\/12\/policia-penal--scaled.jpg\",\"contentUrl\":\"https:\/\/www.comunicarmais.com.br\/site\/wp-content\/uploads\/2025\/12\/policia-penal--scaled.jpg\",\"width\":2560,\"height\":1707},{\"@type\":\"BreadcrumbList\",\"@id\":\"https:\/\/www.comunicarmais.com.br\/site\/2025\/12\/01\/governo-entrega-pl-para-reestruturacao-do-planserv-e-pec-que-altera-regras-de-aposentadoria-das-policias-civil-e-penal\/#breadcrumb\",\"itemListElement\":[{\"@type\":\"ListItem\",\"position\":1,\"name\":\"In\u00edcio\",\"item\":\"https:\/\/www.comunicarmais.com.br\/site\/\"},{\"@type\":\"ListItem\",\"position\":2,\"name\":\"Governo entrega PL para reestrutura\u00e7\u00e3o do Planserv e PEC que altera regras de aposentadoria das Pol\u00edcias Civil e Penal\"}]},{\"@type\":\"WebSite\",\"@id\":\"https:\/\/www.comunicarmais.com.br\/site\/#website\",\"url\":\"https:\/\/www.comunicarmais.com.br\/site\/\",\"name\":\"Comunicar Mais\",\"description\":\"\",\"potentialAction\":[{\"@type\":\"SearchAction\",\"target\":{\"@type\":\"EntryPoint\",\"urlTemplate\":\"https:\/\/www.comunicarmais.com.br\/site\/?s={search_term_string}\"},\"query-input\":{\"@type\":\"PropertyValueSpecification\",\"valueRequired\":true,\"valueName\":\"search_term_string\"}}],\"inLanguage\":\"pt-BR\"},{\"@type\":\"Person\",\"@id\":\"https:\/\/www.comunicarmais.com.br\/site\/#\/schema\/person\/712f7b6b25b644e4a91c4173674cf284\",\"name\":\"Comunicar Mais\",\"image\":{\"@type\":\"ImageObject\",\"inLanguage\":\"pt-BR\",\"@id\":\"https:\/\/www.comunicarmais.com.br\/site\/#\/schema\/person\/image\/\",\"url\":\"https:\/\/secure.gravatar.com\/avatar\/9803218072e2c0dc265d3d787b54c2c33325e79f79732707fddfbf1efd82c678?s=96&d=mm&r=g\",\"contentUrl\":\"https:\/\/secure.gravatar.com\/avatar\/9803218072e2c0dc265d3d787b54c2c33325e79f79732707fddfbf1efd82c678?s=96&d=mm&r=g\",\"caption\":\"Comunicar Mais\"},\"description\":\"Deixe as ideologias com os ide\u00f3logos. Noticiamos fatos, n\u00e3o brigamos com eles. Aqui, voc\u00ea fica bem informado do que acontece no seu bairro e no mundo. Informar com \u00e9tica e responsabilidade s\u00e3o as bandeiras do Comunicarmais.\",\"sameAs\":[\"https:\/\/www.comunicarmais.com.br\/site\/\",\"https:\/\/www.facebook.com\/comunicarmais\/\",\"https:\/\/www.instagram.com\/comunicarmaisba\/\",\"https:\/\/x.com\/ComunicarmaisBA\"],\"url\":\"https:\/\/www.comunicarmais.com.br\/site\/author\/gerenciador\/\"}]}<\/script>\n<!-- \/ Yoast SEO plugin. -->","yoast_head_json":{"title":"Governo entrega PL para reestrutura\u00e7\u00e3o do Planserv e PEC que altera regras de aposentadoria das Pol\u00edcias Civil e Penal - Comunicar Mais","description":"Entrega oficial foi realizada pelos secret\u00e1rios da Serin, Adolpho Loyola, e da Saeb, Rodrigo Pimentel","robots":{"index":"index","follow":"follow","max-snippet":"max-snippet:-1","max-image-preview":"max-image-preview:large","max-video-preview":"max-video-preview:-1"},"canonical":"https:\/\/www.comunicarmais.com.br\/site\/2025\/12\/01\/governo-entrega-pl-para-reestruturacao-do-planserv-e-pec-que-altera-regras-de-aposentadoria-das-policias-civil-e-penal\/","og_locale":"pt_BR","og_type":"article","og_title":"Governo entrega PL para reestrutura\u00e7\u00e3o do Planserv e PEC que altera regras de aposentadoria das Pol\u00edcias Civil e Penal - Comunicar Mais","og_description":"Entrega oficial foi realizada pelos secret\u00e1rios da Serin, Adolpho Loyola, e da Saeb, Rodrigo Pimentel","og_url":"https:\/\/www.comunicarmais.com.br\/site\/2025\/12\/01\/governo-entrega-pl-para-reestruturacao-do-planserv-e-pec-que-altera-regras-de-aposentadoria-das-policias-civil-e-penal\/","og_site_name":"Comunicar Mais","article_publisher":"https:\/\/www.facebook.com\/comunicarmais\/","article_author":"https:\/\/www.facebook.com\/comunicarmais\/","article_published_time":"2025-12-01T23:26:00+00:00","article_modified_time":"2025-12-03T03:33:09+00:00","og_image":[{"width":2560,"height":1707,"url":"https:\/\/www.comunicarmais.com.br\/site\/wp-content\/uploads\/2025\/12\/policia-penal--scaled.jpg","type":"image\/jpeg"}],"author":"Comunicar Mais","twitter_card":"summary_large_image","twitter_creator":"@ComunicarmaisBA","twitter_site":"@ComunicarmaisBA","twitter_misc":{"Escrito por":"Comunicar Mais","Est. tempo de leitura":"5 minutos"},"schema":{"@context":"https:\/\/schema.org","@graph":[{"@type":"WebPage","@id":"https:\/\/www.comunicarmais.com.br\/site\/2025\/12\/01\/governo-entrega-pl-para-reestruturacao-do-planserv-e-pec-que-altera-regras-de-aposentadoria-das-policias-civil-e-penal\/","url":"https:\/\/www.comunicarmais.com.br\/site\/2025\/12\/01\/governo-entrega-pl-para-reestruturacao-do-planserv-e-pec-que-altera-regras-de-aposentadoria-das-policias-civil-e-penal\/","name":"Governo entrega PL para reestrutura\u00e7\u00e3o do Planserv e PEC que altera regras de aposentadoria das Pol\u00edcias Civil e Penal - Comunicar Mais","isPartOf":{"@id":"https:\/\/www.comunicarmais.com.br\/site\/#website"},"primaryImageOfPage":{"@id":"https:\/\/www.comunicarmais.com.br\/site\/2025\/12\/01\/governo-entrega-pl-para-reestruturacao-do-planserv-e-pec-que-altera-regras-de-aposentadoria-das-policias-civil-e-penal\/#primaryimage"},"image":{"@id":"https:\/\/www.comunicarmais.com.br\/site\/2025\/12\/01\/governo-entrega-pl-para-reestruturacao-do-planserv-e-pec-que-altera-regras-de-aposentadoria-das-policias-civil-e-penal\/#primaryimage"},"thumbnailUrl":"https:\/\/www.comunicarmais.com.br\/site\/wp-content\/uploads\/2025\/12\/policia-penal--scaled.jpg","datePublished":"2025-12-01T23:26:00+00:00","dateModified":"2025-12-03T03:33:09+00:00","author":{"@id":"https:\/\/www.comunicarmais.com.br\/site\/#\/schema\/person\/712f7b6b25b644e4a91c4173674cf284"},"description":"Entrega oficial foi realizada pelos secret\u00e1rios da Serin, Adolpho Loyola, e da Saeb, Rodrigo Pimentel","breadcrumb":{"@id":"https:\/\/www.comunicarmais.com.br\/site\/2025\/12\/01\/governo-entrega-pl-para-reestruturacao-do-planserv-e-pec-que-altera-regras-de-aposentadoria-das-policias-civil-e-penal\/#breadcrumb"},"inLanguage":"pt-BR","potentialAction":[{"@type":"ReadAction","target":["https:\/\/www.comunicarmais.com.br\/site\/2025\/12\/01\/governo-entrega-pl-para-reestruturacao-do-planserv-e-pec-que-altera-regras-de-aposentadoria-das-policias-civil-e-penal\/"]}]},{"@type":"ImageObject","inLanguage":"pt-BR","@id":"https:\/\/www.comunicarmais.com.br\/site\/2025\/12\/01\/governo-entrega-pl-para-reestruturacao-do-planserv-e-pec-que-altera-regras-de-aposentadoria-das-policias-civil-e-penal\/#primaryimage","url":"https:\/\/www.comunicarmais.com.br\/site\/wp-content\/uploads\/2025\/12\/policia-penal--scaled.jpg","contentUrl":"https:\/\/www.comunicarmais.com.br\/site\/wp-content\/uploads\/2025\/12\/policia-penal--scaled.jpg","width":2560,"height":1707},{"@type":"BreadcrumbList","@id":"https:\/\/www.comunicarmais.com.br\/site\/2025\/12\/01\/governo-entrega-pl-para-reestruturacao-do-planserv-e-pec-que-altera-regras-de-aposentadoria-das-policias-civil-e-penal\/#breadcrumb","itemListElement":[{"@type":"ListItem","position":1,"name":"In\u00edcio","item":"https:\/\/www.comunicarmais.com.br\/site\/"},{"@type":"ListItem","position":2,"name":"Governo entrega PL para reestrutura\u00e7\u00e3o do Planserv e PEC que altera regras de aposentadoria das Pol\u00edcias Civil e Penal"}]},{"@type":"WebSite","@id":"https:\/\/www.comunicarmais.com.br\/site\/#website","url":"https:\/\/www.comunicarmais.com.br\/site\/","name":"Comunicar Mais","description":"","potentialAction":[{"@type":"SearchAction","target":{"@type":"EntryPoint","urlTemplate":"https:\/\/www.comunicarmais.com.br\/site\/?s={search_term_string}"},"query-input":{"@type":"PropertyValueSpecification","valueRequired":true,"valueName":"search_term_string"}}],"inLanguage":"pt-BR"},{"@type":"Person","@id":"https:\/\/www.comunicarmais.com.br\/site\/#\/schema\/person\/712f7b6b25b644e4a91c4173674cf284","name":"Comunicar Mais","image":{"@type":"ImageObject","inLanguage":"pt-BR","@id":"https:\/\/www.comunicarmais.com.br\/site\/#\/schema\/person\/image\/","url":"https:\/\/secure.gravatar.com\/avatar\/9803218072e2c0dc265d3d787b54c2c33325e79f79732707fddfbf1efd82c678?s=96&d=mm&r=g","contentUrl":"https:\/\/secure.gravatar.com\/avatar\/9803218072e2c0dc265d3d787b54c2c33325e79f79732707fddfbf1efd82c678?s=96&d=mm&r=g","caption":"Comunicar Mais"},"description":"Deixe as ideologias com os ide\u00f3logos. Noticiamos fatos, n\u00e3o brigamos com eles. Aqui, voc\u00ea fica bem informado do que acontece no seu bairro e no mundo. Informar com \u00e9tica e responsabilidade s\u00e3o as bandeiras do Comunicarmais.","sameAs":["https:\/\/www.comunicarmais.com.br\/site\/","https:\/\/www.facebook.com\/comunicarmais\/","https:\/\/www.instagram.com\/comunicarmaisba\/","https:\/\/x.com\/ComunicarmaisBA"],"url":"https:\/\/www.comunicarmais.com.br\/site\/author\/gerenciador\/"}]}},"_links":{"self":[{"href":"https:\/\/www.comunicarmais.com.br\/site\/wp-json\/wp\/v2\/posts\/11480","targetHints":{"allow":["GET"]}}],"collection":[{"href":"https:\/\/www.comunicarmais.com.br\/site\/wp-json\/wp\/v2\/posts"}],"about":[{"href":"https:\/\/www.comunicarmais.com.br\/site\/wp-json\/wp\/v2\/types\/post"}],"author":[{"embeddable":true,"href":"https:\/\/www.comunicarmais.com.br\/site\/wp-json\/wp\/v2\/users\/2"}],"replies":[{"embeddable":true,"href":"https:\/\/www.comunicarmais.com.br\/site\/wp-json\/wp\/v2\/comments?post=11480"}],"version-history":[{"count":1,"href":"https:\/\/www.comunicarmais.com.br\/site\/wp-json\/wp\/v2\/posts\/11480\/revisions"}],"predecessor-version":[{"id":11484,"href":"https:\/\/www.comunicarmais.com.br\/site\/wp-json\/wp\/v2\/posts\/11480\/revisions\/11484"}],"wp:featuredmedia":[{"embeddable":true,"href":"https:\/\/www.comunicarmais.com.br\/site\/wp-json\/wp\/v2\/media\/11483"}],"wp:attachment":[{"href":"https:\/\/www.comunicarmais.com.br\/site\/wp-json\/wp\/v2\/media?parent=11480"}],"wp:term":[{"taxonomy":"category","embeddable":true,"href":"https:\/\/www.comunicarmais.com.br\/site\/wp-json\/wp\/v2\/categories?post=11480"},{"taxonomy":"post_tag","embeddable":true,"href":"https:\/\/www.comunicarmais.com.br\/site\/wp-json\/wp\/v2\/tags?post=11480"}],"curies":[{"name":"wp","href":"https:\/\/api.w.org\/{rel}","templated":true}]}}