{"id":11236,"date":"2025-11-17T22:31:55","date_gmt":"2025-11-18T01:31:55","guid":{"rendered":"https:\/\/www.comunicarmais.com.br\/site\/?p=11236"},"modified":"2025-11-17T22:31:57","modified_gmt":"2025-11-18T01:31:57","slug":"festa-literaria-dos-inventos-promove-leitura-ativa-na-flis","status":"publish","type":"post","link":"https:\/\/www.comunicarmais.com.br\/site\/2025\/11\/17\/festa-literaria-dos-inventos-promove-leitura-ativa-na-flis\/","title":{"rendered":"Festa Liter\u00e1ria dos Inventos promove leitura ativa na Flis"},"content":{"rendered":"\n<p><strong>Festa Liter\u00e1ria dos Inventos acontece entre os dias 20 e 22 de novembro em Senhor do Bonfim<\/strong><\/p>\n\n\n\n<figure class=\"wp-block-image size-full\"><img decoding=\"async\" width=\"1280\" height=\"720\" data-src=\"https:\/\/www.comunicarmais.com.br\/site\/wp-content\/uploads\/2025\/11\/WhatsApp-Image-2025-11-16-at-09.36.30.jpeg\" alt=\"\" class=\"wp-image-11238 lazyload\" data-srcset=\"https:\/\/www.comunicarmais.com.br\/site\/wp-content\/uploads\/2025\/11\/WhatsApp-Image-2025-11-16-at-09.36.30.jpeg 1280w, https:\/\/www.comunicarmais.com.br\/site\/wp-content\/uploads\/2025\/11\/WhatsApp-Image-2025-11-16-at-09.36.30-1024x576.jpeg 1024w, https:\/\/www.comunicarmais.com.br\/site\/wp-content\/uploads\/2025\/11\/WhatsApp-Image-2025-11-16-at-09.36.30-768x432.jpeg 768w\" data-sizes=\"(max-width: 1280px) 100vw, 1280px\" src=\"data:image\/svg+xml;base64,PHN2ZyB3aWR0aD0iMSIgaGVpZ2h0PSIxIiB4bWxucz0iaHR0cDovL3d3dy53My5vcmcvMjAwMC9zdmciPjwvc3ZnPg==\" style=\"--smush-placeholder-width: 1280px; --smush-placeholder-aspect-ratio: 1280\/720;\" \/><\/figure>\n\n\n\n<p><strong>Por Liliana Peixinho &#8211;<\/strong> Quando o trabalho tem foco no olhar transversal sobre a Cultura, onde Literatura conversa com Ci\u00eancia, Educa\u00e7\u00e3o, M\u00fasica, Culin\u00e1ria, Mem\u00f3ria, comportamento, a Arte se eleva em profundidade, como instrumento potente de vida coletiva.<\/p>\n\n\n\n<p>Depoimentos de profissionais, professores, estudantes, escritores, artistas sobre o valor da leitura e escrita, circulam nos ambientes educativos em redes sociais, como incentivo de hist\u00f3rias pessoais motivadoras aos desafios sociais em ler, interpretar e aplicar.<br>\u00c9 isso que a organiza\u00e7\u00e3o da Flis &#8211; Festa Liter\u00e1ria dos Inventos, est\u00e1 a articular e mobilizar, h\u00e1 meses, Bahia e Brasil afora.<\/p>\n\n\n\n<p><strong>Univasf Bonfim &#8211;<\/strong> Com uma grade diversa de convidados, entre escritores, artistas, jornalistas, m\u00fasicos, poetas, cozinheiros, cientistas, produtores culturais, o munic\u00edpio de Senhor do Bonfim, norte da Bahia, prepara uma mega estrutura receptiva, na \u00e1rea do Campus da Univasf, para a realiza\u00e7\u00e3o da Festa Liter\u00e1ria dos Inventos (Flis), entre os dias 20 (quinta-feira) e 22 (s\u00e1bado) de novembro de 2025.<\/p>\n\n\n\n<p>O trabalho de mobiliza\u00e7\u00e3o e articula\u00e7\u00e3o para compor uma programa\u00e7\u00e3o extensa e diversa tem a garantia de recursos em edital da Funda\u00e7\u00e3o Pedro Calmon e apoios de estruturas instituicionais e governamentais que sustentam a ideia entre o projeto e a\u00e7\u00e3o concreta.<\/p>\n\n\n\n<p>De acordo com a equipe de curadoria, a Flis prop\u00f5e ser &#8220;espa\u00e7o de encontros e saberes, onde a cria\u00e7\u00e3o e a leitura se cruzam com a diversidade cultural do pa\u00eds&#8221;.<br>A equipe de trabalho \u00e9 composta por nomes que unem pesquisa, gest\u00e3o e pr\u00e1tica art\u00edstica, articulando experi\u00eancias que atravessam o campo acad\u00eamico, as pol\u00edticas p\u00fablicas e a produ\u00e7\u00e3o cultural.<\/p>\n\n\n\n<p><strong>Curadoria &#8211;<\/strong> As pe\u00e7as de divulga\u00e7\u00e3o nas redes sociais, com perfis das atra\u00e7\u00f5es convidadas, veiculadas em espa\u00e7os como o &#8220;Minha Cidade&#8221;, creditam a curadoria a nomes como:<br>Caio Csermak, professor, doutor em Antropologia Social (USP), pesquisador do samba de Cachoeira (BA), com produ\u00e7\u00e3o cultural destacada em shows, festivais e \u00e1lbuns musicais no Brasil e Am\u00e9rica Latina; Rodrigo Wanderley, Cientista Social (Univasf), Mestre em Antropologia Social (UNB) e Especialista em Gest\u00e3o Cultural com atua\u00e7\u00e3o em pol\u00edticas governamentais; Alex Barbosa, produtor cultural, idealizador do projeto &#8220;Minha Cidade&#8221;, onde valoriza\u00e7\u00e3o da hist\u00f3ria e da identidade de Senhor do Bonfim \u00e9 feita em conceito de &#8220;empreendedorismo educativo&#8221;.<\/p>\n\n\n\n<p><strong>Programa\u00e7\u00e3o<\/strong> <strong>&#8211;<\/strong> Tem gente da terra, tem convidados pesquisadores e escritores de renome internacional, tem grupos de estudantes, tem bandas que voltam ao cen\u00e1rio com novos trabalhos.<\/p>\n\n\n\n<p><strong>M\u00faltiplos espa\u00e7os<\/strong><\/p>\n\n\n\n<p>Um Caldeir\u00e3o Cultural de atividades para escolher e participar em \u00e1reas espec\u00edficas como:<\/p>\n\n\n\n<p><strong>\u2022 Espa\u00e7o Infantil<\/strong><\/p>\n\n\n\n<ul class=\"wp-block-list\">\n<li>Pra\u00e7a de Alimenta\u00e7\u00e3o<\/li>\n\n\n\n<li>Oficinas e Palestras<br>\u2022Mesas Liter\u00e1rias<\/li>\n\n\n\n<li>Lan\u00e7amentos de Livros<br>\u2022Apresenta\u00e7\u00f5es Culturais<\/li>\n\n\n\n<li>Shows Musicais<\/li>\n<\/ul>\n\n\n\n<p>S\u00e3o tr\u00eas dias para experi\u00eancias, encontros e inspira\u00e7\u00e3o atrav\u00e9s da<br>proposta de viver a literatura de um jeito novo, criativo, inventivo, emocionante.<\/p>\n\n\n\n<p><strong>Algumas atra\u00e7\u00f5es :<\/strong><\/p>\n\n\n\n<ul class=\"wp-block-list\">\n<li>Banda Cordel do Fogo Encantado<\/li>\n\n\n\n<li>Forrozeiro, Cicinho de Assis .<\/li>\n\n\n\n<li>Escritora e pesquisadora, Fabiana Carneiro<\/li>\n\n\n\n<li>Poeta e professor, Jo\u00e3o Nelson Maca<\/li>\n\n\n\n<li>Escritor e cr\u00edtico, Paulo Nogueira<\/li>\n\n\n\n<li>Poeta, artista visual e pesquisadora, Maria Dolores Rodrigues<\/li>\n\n\n\n<li>Cantor e compositor, Felipe Wander<\/li>\n\n\n\n<li>Jornalista, Amanda Mota<\/li>\n\n\n\n<li>Musicista e gestora Cultural, Bia Barreto<\/li>\n\n\n\n<li>Escritor, Fabr\u00edcio Corsaletti<\/li>\n\n\n\n<li>Poetas, Roberto Mendes e Capinam<\/li>\n\n\n\n<li>Escritor, Cristov\u00e3o Tezza<\/li>\n\n\n\n<li>Confeiteiro,Beto Jambeiro que<\/li>\n\n\n\n<li>Personal Chef, Andr\u00e9 Brito da<\/li>\n\n\n\n<li>Movimentos e Coletivos Sociais diversos<\/li>\n<\/ul>\n\n\n\n<p>A Flis tem proposta de atuar como Movimento de incentivo \u00e0 leitura e \u00e0 escrita de forma permanente, e o evento, \u00e9 uma festa inventiva inspirador, na busca di\u00e1ria do conhecimento como caminho de pot\u00eancia \u00e0 vida cotidiana.<\/p>\n\n\n\n<p>________________________________________________________________________________________________________________<br><strong>Liliana Peixinho &#8211; <\/strong>jornalista, ativista humanit\u00e1ria. Especializa\u00e7\u00f5es em Jornalismo Cient\u00edfico, Meio Ambiente, Cultura, Sustentabilidade;<br>Responsabilidade Social Empresarial &#8211; Ufba.<br>MBA em Turismo Sustent\u00e1vel. Prioriza grandes pautas planet\u00e1rias: \u00e1gua, fome, desigualdade, explora\u00e7\u00e3o do trabalho. Fundadora de m\u00eddias e Movimentos ativistas como AMA- Amigos do Meio Ambiente, Reaja- Rede de Jornalismo Ativista, O outro no Eu, Cuidar de quem Cuidou.<\/p>\n\n\n\n<p>Filha de Seu Peixinho e dona Iracema, inspira\u00e7\u00e3o em cuidados com o ambiente Natureza. M\u00e3e de Alen Peixinho, publicit\u00e1rio, apaixonado por Cinema, como o av\u00f4. \u00c9 av\u00f3 do Ian, adolescente, estudante de alto valor humano.<\/p>\n\n\n\n<p>Nas Imers\u00f5es Jornal\u00edsticas Comunit\u00e1rias Caatinga Adentro, Sert\u00e3o Afora, Brasil no foco, feitas pelo Movimento Ativista AMA- Amigos do Ambiente, a a\u00e7\u00e3o itinerante &#8220;Leitura em Movimento&#8221; promove o livro, a leitura, como instrumento educador potente de vida.<br>Os livros que a jornalista carrega na bagagem, estradas afora, adquirem movimentos em &#8220;Rodas de leituras&#8221; com crian\u00e7as, adolescentes, donas de casas, estudantes das comunidades.<\/p>\n\n\n\n<p>________________________________________________________________________________________________________________<\/p>\n\n\n<p class=\"wp-block-tag-cloud\"><a href=\"https:\/\/www.comunicarmais.com.br\/site\/tag\/bahia\/\" class=\"tag-cloud-link tag-link-171 tag-link-position-1\" style=\"font-size: 17.922330097087pt;\" aria-label=\"Bahia (116 itens)\">Bahia<\/a>\n<a href=\"https:\/\/www.comunicarmais.com.br\/site\/tag\/bolsonaro\/\" class=\"tag-cloud-link tag-link-112 tag-link-position-2\" style=\"font-size: 11.533980582524pt;\" aria-label=\"Bolsonaro (39 itens)\">Bolsonaro<\/a>\n<a href=\"https:\/\/www.comunicarmais.com.br\/site\/tag\/brasil\/\" class=\"tag-cloud-link tag-link-335 tag-link-position-3\" style=\"font-size: 12.893203883495pt;\" aria-label=\"Brasil (49 itens)\">Brasil<\/a>\n<a href=\"https:\/\/www.comunicarmais.com.br\/site\/tag\/camacari\/\" class=\"tag-cloud-link tag-link-435 tag-link-position-4\" style=\"font-size: 8.8155339805825pt;\" aria-label=\"Cama\u00e7ari (24 itens)\">Cama\u00e7ari<\/a>\n<a href=\"https:\/\/www.comunicarmais.com.br\/site\/tag\/carnaval\/\" class=\"tag-cloud-link tag-link-508 tag-link-position-5\" style=\"font-size: 12.893203883495pt;\" aria-label=\"Carnaval (49 itens)\">Carnaval<\/a>\n<a href=\"https:\/\/www.comunicarmais.com.br\/site\/tag\/cbx\/\" class=\"tag-cloud-link tag-link-1602 tag-link-position-6\" style=\"font-size: 11.398058252427pt;\" aria-label=\"CBX (38 itens)\">CBX<\/a>\n<a href=\"https:\/\/www.comunicarmais.com.br\/site\/tag\/cidade-baixa\/\" class=\"tag-cloud-link tag-link-456 tag-link-position-7\" style=\"font-size: 9.9029126213592pt;\" aria-label=\"Cidade Baixa (29 itens)\">Cidade Baixa<\/a>\n<a href=\"https:\/\/www.comunicarmais.com.br\/site\/tag\/cinema\/\" class=\"tag-cloud-link tag-link-985 tag-link-position-8\" style=\"font-size: 11.126213592233pt;\" aria-label=\"Cinema (36 itens)\">Cinema<\/a>\n<a href=\"https:\/\/www.comunicarmais.com.br\/site\/tag\/cultura\/\" class=\"tag-cloud-link tag-link-231 tag-link-position-9\" style=\"font-size: 12.21359223301pt;\" aria-label=\"Cultura (44 itens)\">Cultura<\/a>\n<a href=\"https:\/\/www.comunicarmais.com.br\/site\/tag\/drogas\/\" class=\"tag-cloud-link tag-link-165 tag-link-position-10\" style=\"font-size: 12.757281553398pt;\" aria-label=\"Drogas (48 itens)\">Drogas<\/a>\n<a href=\"https:\/\/www.comunicarmais.com.br\/site\/tag\/educacao\/\" class=\"tag-cloud-link tag-link-228 tag-link-position-11\" style=\"font-size: 12.485436893204pt;\" aria-label=\"Educa\u00e7\u00e3o (46 itens)\">Educa\u00e7\u00e3o<\/a>\n<a href=\"https:\/\/www.comunicarmais.com.br\/site\/tag\/ensino\/\" class=\"tag-cloud-link tag-link-233 tag-link-position-12\" style=\"font-size: 10.446601941748pt;\" aria-label=\"Ensino (32 itens)\">Ensino<\/a>\n<a href=\"https:\/\/www.comunicarmais.com.br\/site\/tag\/escola\/\" class=\"tag-cloud-link tag-link-229 tag-link-position-13\" style=\"font-size: 9.495145631068pt;\" aria-label=\"Escola (27 itens)\">Escola<\/a>\n<a href=\"https:\/\/www.comunicarmais.com.br\/site\/tag\/eua\/\" class=\"tag-cloud-link tag-link-664 tag-link-position-14\" style=\"font-size: 11.941747572816pt;\" aria-label=\"EUA (42 itens)\">EUA<\/a>\n<a href=\"https:\/\/www.comunicarmais.com.br\/site\/tag\/feira-de-santana\/\" class=\"tag-cloud-link tag-link-642 tag-link-position-15\" style=\"font-size: 9.2233009708738pt;\" aria-label=\"Feira de Santana (26 itens)\">Feira de Santana<\/a>\n<a href=\"https:\/\/www.comunicarmais.com.br\/site\/tag\/ficco\/\" class=\"tag-cloud-link tag-link-143 tag-link-position-16\" style=\"font-size: 9.2233009708738pt;\" aria-label=\"Ficco (26 itens)\">Ficco<\/a>\n<a href=\"https:\/\/www.comunicarmais.com.br\/site\/tag\/folia\/\" class=\"tag-cloud-link tag-link-566 tag-link-position-17\" style=\"font-size: 9.2233009708738pt;\" aria-label=\"Folia (26 itens)\">Folia<\/a>\n<a href=\"https:\/\/www.comunicarmais.com.br\/site\/tag\/futebol\/\" class=\"tag-cloud-link tag-link-40 tag-link-position-18\" style=\"font-size: 13.029126213592pt;\" aria-label=\"Futebol (50 itens)\">Futebol<\/a>\n<a href=\"https:\/\/www.comunicarmais.com.br\/site\/tag\/homicidio\/\" class=\"tag-cloud-link tag-link-101 tag-link-position-19\" style=\"font-size: 10.582524271845pt;\" aria-label=\"Homic\u00eddio (33 itens)\">Homic\u00eddio<\/a>\n<a href=\"https:\/\/www.comunicarmais.com.br\/site\/tag\/itapagipe\/\" class=\"tag-cloud-link tag-link-471 tag-link-position-20\" style=\"font-size: 10.038834951456pt;\" aria-label=\"Itapagipe (30 itens)\">Itapagipe<\/a>\n<a href=\"https:\/\/www.comunicarmais.com.br\/site\/tag\/itaparica\/\" class=\"tag-cloud-link tag-link-301 tag-link-position-21\" style=\"font-size: 8pt;\" aria-label=\"Itaparica (21 itens)\">Itaparica<\/a>\n<a href=\"https:\/\/www.comunicarmais.com.br\/site\/tag\/jeronimo-rodrigues\/\" class=\"tag-cloud-link tag-link-668 tag-link-position-22\" style=\"font-size: 8.2718446601942pt;\" aria-label=\"Jer\u00f4nimo Rodrigues (22 itens)\">Jer\u00f4nimo Rodrigues<\/a>\n<a href=\"https:\/\/www.comunicarmais.com.br\/site\/tag\/justica\/\" class=\"tag-cloud-link tag-link-361 tag-link-position-23\" style=\"font-size: 10.582524271845pt;\" aria-label=\"Justi\u00e7a (33 itens)\">Justi\u00e7a<\/a>\n<a href=\"https:\/\/www.comunicarmais.com.br\/site\/tag\/lauro-de-freitas\/\" class=\"tag-cloud-link tag-link-594 tag-link-position-24\" style=\"font-size: 18.194174757282pt;\" aria-label=\"Lauro de Freitas (122 itens)\">Lauro de Freitas<\/a>\n<a href=\"https:\/\/www.comunicarmais.com.br\/site\/tag\/lazer\/\" class=\"tag-cloud-link tag-link-568 tag-link-position-25\" style=\"font-size: 9.2233009708738pt;\" aria-label=\"Lazer (26 itens)\">Lazer<\/a>\n<a href=\"https:\/\/www.comunicarmais.com.br\/site\/tag\/lula\/\" class=\"tag-cloud-link tag-link-416 tag-link-position-26\" style=\"font-size: 12.21359223301pt;\" aria-label=\"Lula (44 itens)\">Lula<\/a>\n<a href=\"https:\/\/www.comunicarmais.com.br\/site\/tag\/meio-ambiente\/\" class=\"tag-cloud-link tag-link-475 tag-link-position-27\" style=\"font-size: 12.21359223301pt;\" aria-label=\"Meio Ambiente (44 itens)\">Meio Ambiente<\/a>\n<a href=\"https:\/\/www.comunicarmais.com.br\/site\/tag\/mobilidade\/\" class=\"tag-cloud-link tag-link-278 tag-link-position-28\" style=\"font-size: 13.844660194175pt;\" aria-label=\"Mobilidade (58 itens)\">Mobilidade<\/a>\n<a href=\"https:\/\/www.comunicarmais.com.br\/site\/tag\/mulher\/\" class=\"tag-cloud-link tag-link-450 tag-link-position-29\" style=\"font-size: 13.300970873786pt;\" aria-label=\"mulher (53 itens)\">mulher<\/a>\n<a href=\"https:\/\/www.comunicarmais.com.br\/site\/tag\/musica-2\/\" class=\"tag-cloud-link tag-link-747 tag-link-position-30\" style=\"font-size: 12.21359223301pt;\" aria-label=\"M\u00fasica (44 itens)\">M\u00fasica<\/a>\n<a href=\"https:\/\/www.comunicarmais.com.br\/site\/tag\/pcba\/\" class=\"tag-cloud-link tag-link-1332 tag-link-position-31\" style=\"font-size: 15.067961165049pt;\" aria-label=\"PCBA (72 itens)\">PCBA<\/a>\n<a href=\"https:\/\/www.comunicarmais.com.br\/site\/tag\/pmba\/\" class=\"tag-cloud-link tag-link-53 tag-link-position-32\" style=\"font-size: 18.194174757282pt;\" aria-label=\"PMBA (122 itens)\">PMBA<\/a>\n<a href=\"https:\/\/www.comunicarmais.com.br\/site\/tag\/policia-federal\/\" class=\"tag-cloud-link tag-link-620 tag-link-position-33\" style=\"font-size: 8.9514563106796pt;\" aria-label=\"Pol\u00edcia Federal (25 itens)\">Pol\u00edcia Federal<\/a>\n<a href=\"https:\/\/www.comunicarmais.com.br\/site\/tag\/politica\/\" class=\"tag-cloud-link tag-link-495 tag-link-position-34\" style=\"font-size: 16.291262135922pt;\" aria-label=\"Pol\u00edtica (89 itens)\">Pol\u00edtica<\/a>\n<a href=\"https:\/\/www.comunicarmais.com.br\/site\/tag\/rio-de-janeiro\/\" class=\"tag-cloud-link tag-link-152 tag-link-position-35\" style=\"font-size: 9.9029126213592pt;\" aria-label=\"Rio de Janeiro (29 itens)\">Rio de Janeiro<\/a>\n<a href=\"https:\/\/www.comunicarmais.com.br\/site\/tag\/salvador\/\" class=\"tag-cloud-link tag-link-125 tag-link-position-36\" style=\"font-size: 22pt;\" aria-label=\"Salvador (233 itens)\">Salvador<\/a>\n<a href=\"https:\/\/www.comunicarmais.com.br\/site\/tag\/saude\/\" class=\"tag-cloud-link tag-link-42 tag-link-position-37\" style=\"font-size: 17.78640776699pt;\" aria-label=\"Sa\u00fade (115 itens)\">Sa\u00fade<\/a>\n<a href=\"https:\/\/www.comunicarmais.com.br\/site\/tag\/seguranca\/\" class=\"tag-cloud-link tag-link-48 tag-link-position-38\" style=\"font-size: 9.2233009708738pt;\" aria-label=\"Seguran\u00e7a (26 itens)\">Seguran\u00e7a<\/a>\n<a href=\"https:\/\/www.comunicarmais.com.br\/site\/tag\/ssp-ba\/\" class=\"tag-cloud-link tag-link-1937 tag-link-position-39\" style=\"font-size: 8.9514563106796pt;\" aria-label=\"SSP-BA (25 itens)\">SSP-BA<\/a>\n<a href=\"https:\/\/www.comunicarmais.com.br\/site\/tag\/sspba\/\" class=\"tag-cloud-link tag-link-144 tag-link-position-40\" style=\"font-size: 11.398058252427pt;\" aria-label=\"SSPBA (38 itens)\">SSPBA<\/a>\n<a href=\"https:\/\/www.comunicarmais.com.br\/site\/tag\/stf\/\" class=\"tag-cloud-link tag-link-68 tag-link-position-41\" style=\"font-size: 14.252427184466pt;\" aria-label=\"STF (62 itens)\">STF<\/a>\n<a href=\"https:\/\/www.comunicarmais.com.br\/site\/tag\/sao-paulo\/\" class=\"tag-cloud-link tag-link-612 tag-link-position-42\" style=\"font-size: 8pt;\" aria-label=\"S\u00e3o Paulo (21 itens)\">S\u00e3o Paulo<\/a>\n<a href=\"https:\/\/www.comunicarmais.com.br\/site\/tag\/transito-2\/\" class=\"tag-cloud-link tag-link-377 tag-link-position-43\" style=\"font-size: 8.2718446601942pt;\" aria-label=\"tr\u00e2nsito (22 itens)\">tr\u00e2nsito<\/a>\n<a href=\"https:\/\/www.comunicarmais.com.br\/site\/tag\/turismo\/\" class=\"tag-cloud-link tag-link-225 tag-link-position-44\" style=\"font-size: 9.631067961165pt;\" aria-label=\"Turismo (28 itens)\">Turismo<\/a>\n<a href=\"https:\/\/www.comunicarmais.com.br\/site\/tag\/uruguai\/\" class=\"tag-cloud-link tag-link-323 tag-link-position-45\" style=\"font-size: 9.631067961165pt;\" aria-label=\"Uruguai (28 itens)\">Uruguai<\/a><\/p>","protected":false},"excerpt":{"rendered":"<p>Festa Liter\u00e1ria dos Inventos acontece entre os dias 20 e 22 de novembro em Senhor do Bonfim<\/p>\n","protected":false},"author":2,"featured_media":11238,"comment_status":"open","ping_status":"open","sticky":false,"template":"","format":"standard","meta":{"_acf_changed":false,"footnotes":""},"categories":[4,11],"tags":[],"class_list":["post-11236","post","type-post","status-publish","format-standard","has-post-thumbnail","hentry","category-bahia","category-cultura-lazer"],"acf":[],"yoast_head":"<!-- This site is optimized with the Yoast SEO plugin v26.1.1 - https:\/\/yoast.com\/wordpress\/plugins\/seo\/ -->\n<title>Festa Liter\u00e1ria dos Inventos promove leitura ativa na Flis - Comunicar Mais<\/title>\n<meta name=\"description\" content=\"Festa Liter\u00e1ria dos Inventos acontece entre os dias 20 e 22 de novembro em Senhor do Bonfim\" \/>\n<meta name=\"robots\" content=\"index, follow, max-snippet:-1, max-image-preview:large, max-video-preview:-1\" \/>\n<link rel=\"canonical\" href=\"https:\/\/www.comunicarmais.com.br\/site\/2025\/11\/17\/festa-literaria-dos-inventos-promove-leitura-ativa-na-flis\/\" \/>\n<meta property=\"og:locale\" content=\"pt_BR\" \/>\n<meta property=\"og:type\" content=\"article\" \/>\n<meta property=\"og:title\" content=\"Festa Liter\u00e1ria dos Inventos promove leitura ativa na Flis - Comunicar Mais\" \/>\n<meta property=\"og:description\" content=\"Festa Liter\u00e1ria dos Inventos acontece entre os dias 20 e 22 de novembro em Senhor do Bonfim\" \/>\n<meta property=\"og:url\" content=\"https:\/\/www.comunicarmais.com.br\/site\/2025\/11\/17\/festa-literaria-dos-inventos-promove-leitura-ativa-na-flis\/\" \/>\n<meta property=\"og:site_name\" content=\"Comunicar Mais\" \/>\n<meta property=\"article:publisher\" content=\"https:\/\/www.facebook.com\/comunicarmais\/\" \/>\n<meta property=\"article:author\" content=\"https:\/\/www.facebook.com\/comunicarmais\/\" \/>\n<meta property=\"article:published_time\" content=\"2025-11-18T01:31:55+00:00\" \/>\n<meta property=\"article:modified_time\" content=\"2025-11-18T01:31:57+00:00\" \/>\n<meta property=\"og:image\" content=\"https:\/\/www.comunicarmais.com.br\/site\/wp-content\/uploads\/2025\/11\/WhatsApp-Image-2025-11-16-at-09.36.30.jpeg\" \/>\n\t<meta property=\"og:image:width\" content=\"1280\" \/>\n\t<meta property=\"og:image:height\" content=\"720\" \/>\n\t<meta property=\"og:image:type\" content=\"image\/jpeg\" \/>\n<meta name=\"author\" content=\"Comunicar Mais\" \/>\n<meta name=\"twitter:card\" content=\"summary_large_image\" \/>\n<meta name=\"twitter:creator\" content=\"@ComunicarmaisBA\" \/>\n<meta name=\"twitter:site\" content=\"@ComunicarmaisBA\" \/>\n<meta name=\"twitter:label1\" content=\"Escrito por\" \/>\n\t<meta name=\"twitter:data1\" content=\"Comunicar Mais\" \/>\n\t<meta name=\"twitter:label2\" content=\"Est. tempo de leitura\" \/>\n\t<meta name=\"twitter:data2\" content=\"5 minutos\" \/>\n<script type=\"application\/ld+json\" class=\"yoast-schema-graph\">{\"@context\":\"https:\/\/schema.org\",\"@graph\":[{\"@type\":\"WebPage\",\"@id\":\"https:\/\/www.comunicarmais.com.br\/site\/2025\/11\/17\/festa-literaria-dos-inventos-promove-leitura-ativa-na-flis\/\",\"url\":\"https:\/\/www.comunicarmais.com.br\/site\/2025\/11\/17\/festa-literaria-dos-inventos-promove-leitura-ativa-na-flis\/\",\"name\":\"Festa Liter\u00e1ria dos Inventos promove leitura ativa na Flis - Comunicar Mais\",\"isPartOf\":{\"@id\":\"https:\/\/www.comunicarmais.com.br\/site\/#website\"},\"primaryImageOfPage\":{\"@id\":\"https:\/\/www.comunicarmais.com.br\/site\/2025\/11\/17\/festa-literaria-dos-inventos-promove-leitura-ativa-na-flis\/#primaryimage\"},\"image\":{\"@id\":\"https:\/\/www.comunicarmais.com.br\/site\/2025\/11\/17\/festa-literaria-dos-inventos-promove-leitura-ativa-na-flis\/#primaryimage\"},\"thumbnailUrl\":\"https:\/\/www.comunicarmais.com.br\/site\/wp-content\/uploads\/2025\/11\/WhatsApp-Image-2025-11-16-at-09.36.30.jpeg\",\"datePublished\":\"2025-11-18T01:31:55+00:00\",\"dateModified\":\"2025-11-18T01:31:57+00:00\",\"author\":{\"@id\":\"https:\/\/www.comunicarmais.com.br\/site\/#\/schema\/person\/712f7b6b25b644e4a91c4173674cf284\"},\"description\":\"Festa Liter\u00e1ria dos Inventos acontece entre os dias 20 e 22 de novembro em Senhor do Bonfim\",\"breadcrumb\":{\"@id\":\"https:\/\/www.comunicarmais.com.br\/site\/2025\/11\/17\/festa-literaria-dos-inventos-promove-leitura-ativa-na-flis\/#breadcrumb\"},\"inLanguage\":\"pt-BR\",\"potentialAction\":[{\"@type\":\"ReadAction\",\"target\":[\"https:\/\/www.comunicarmais.com.br\/site\/2025\/11\/17\/festa-literaria-dos-inventos-promove-leitura-ativa-na-flis\/\"]}]},{\"@type\":\"ImageObject\",\"inLanguage\":\"pt-BR\",\"@id\":\"https:\/\/www.comunicarmais.com.br\/site\/2025\/11\/17\/festa-literaria-dos-inventos-promove-leitura-ativa-na-flis\/#primaryimage\",\"url\":\"https:\/\/www.comunicarmais.com.br\/site\/wp-content\/uploads\/2025\/11\/WhatsApp-Image-2025-11-16-at-09.36.30.jpeg\",\"contentUrl\":\"https:\/\/www.comunicarmais.com.br\/site\/wp-content\/uploads\/2025\/11\/WhatsApp-Image-2025-11-16-at-09.36.30.jpeg\",\"width\":1280,\"height\":720},{\"@type\":\"BreadcrumbList\",\"@id\":\"https:\/\/www.comunicarmais.com.br\/site\/2025\/11\/17\/festa-literaria-dos-inventos-promove-leitura-ativa-na-flis\/#breadcrumb\",\"itemListElement\":[{\"@type\":\"ListItem\",\"position\":1,\"name\":\"In\u00edcio\",\"item\":\"https:\/\/www.comunicarmais.com.br\/site\/\"},{\"@type\":\"ListItem\",\"position\":2,\"name\":\"Festa Liter\u00e1ria dos Inventos promove leitura ativa na Flis\"}]},{\"@type\":\"WebSite\",\"@id\":\"https:\/\/www.comunicarmais.com.br\/site\/#website\",\"url\":\"https:\/\/www.comunicarmais.com.br\/site\/\",\"name\":\"Comunicar Mais\",\"description\":\"\",\"potentialAction\":[{\"@type\":\"SearchAction\",\"target\":{\"@type\":\"EntryPoint\",\"urlTemplate\":\"https:\/\/www.comunicarmais.com.br\/site\/?s={search_term_string}\"},\"query-input\":{\"@type\":\"PropertyValueSpecification\",\"valueRequired\":true,\"valueName\":\"search_term_string\"}}],\"inLanguage\":\"pt-BR\"},{\"@type\":\"Person\",\"@id\":\"https:\/\/www.comunicarmais.com.br\/site\/#\/schema\/person\/712f7b6b25b644e4a91c4173674cf284\",\"name\":\"Comunicar Mais\",\"image\":{\"@type\":\"ImageObject\",\"inLanguage\":\"pt-BR\",\"@id\":\"https:\/\/www.comunicarmais.com.br\/site\/#\/schema\/person\/image\/\",\"url\":\"https:\/\/secure.gravatar.com\/avatar\/9803218072e2c0dc265d3d787b54c2c33325e79f79732707fddfbf1efd82c678?s=96&d=mm&r=g\",\"contentUrl\":\"https:\/\/secure.gravatar.com\/avatar\/9803218072e2c0dc265d3d787b54c2c33325e79f79732707fddfbf1efd82c678?s=96&d=mm&r=g\",\"caption\":\"Comunicar Mais\"},\"description\":\"Deixe as ideologias com os ide\u00f3logos. Noticiamos fatos, n\u00e3o brigamos com eles. Aqui, voc\u00ea fica bem informado do que acontece no seu bairro e no mundo. Informar com \u00e9tica e responsabilidade s\u00e3o as bandeiras do Comunicarmais.\",\"sameAs\":[\"https:\/\/www.comunicarmais.com.br\/site\/\",\"https:\/\/www.facebook.com\/comunicarmais\/\",\"https:\/\/www.instagram.com\/comunicarmaisba\/\",\"https:\/\/x.com\/ComunicarmaisBA\"],\"url\":\"https:\/\/www.comunicarmais.com.br\/site\/author\/gerenciador\/\"}]}<\/script>\n<!-- \/ Yoast SEO plugin. -->","yoast_head_json":{"title":"Festa Liter\u00e1ria dos Inventos promove leitura ativa na Flis - Comunicar Mais","description":"Festa Liter\u00e1ria dos Inventos acontece entre os dias 20 e 22 de novembro em Senhor do Bonfim","robots":{"index":"index","follow":"follow","max-snippet":"max-snippet:-1","max-image-preview":"max-image-preview:large","max-video-preview":"max-video-preview:-1"},"canonical":"https:\/\/www.comunicarmais.com.br\/site\/2025\/11\/17\/festa-literaria-dos-inventos-promove-leitura-ativa-na-flis\/","og_locale":"pt_BR","og_type":"article","og_title":"Festa Liter\u00e1ria dos Inventos promove leitura ativa na Flis - Comunicar Mais","og_description":"Festa Liter\u00e1ria dos Inventos acontece entre os dias 20 e 22 de novembro em Senhor do Bonfim","og_url":"https:\/\/www.comunicarmais.com.br\/site\/2025\/11\/17\/festa-literaria-dos-inventos-promove-leitura-ativa-na-flis\/","og_site_name":"Comunicar Mais","article_publisher":"https:\/\/www.facebook.com\/comunicarmais\/","article_author":"https:\/\/www.facebook.com\/comunicarmais\/","article_published_time":"2025-11-18T01:31:55+00:00","article_modified_time":"2025-11-18T01:31:57+00:00","og_image":[{"width":1280,"height":720,"url":"https:\/\/www.comunicarmais.com.br\/site\/wp-content\/uploads\/2025\/11\/WhatsApp-Image-2025-11-16-at-09.36.30.jpeg","type":"image\/jpeg"}],"author":"Comunicar Mais","twitter_card":"summary_large_image","twitter_creator":"@ComunicarmaisBA","twitter_site":"@ComunicarmaisBA","twitter_misc":{"Escrito por":"Comunicar Mais","Est. tempo de leitura":"5 minutos"},"schema":{"@context":"https:\/\/schema.org","@graph":[{"@type":"WebPage","@id":"https:\/\/www.comunicarmais.com.br\/site\/2025\/11\/17\/festa-literaria-dos-inventos-promove-leitura-ativa-na-flis\/","url":"https:\/\/www.comunicarmais.com.br\/site\/2025\/11\/17\/festa-literaria-dos-inventos-promove-leitura-ativa-na-flis\/","name":"Festa Liter\u00e1ria dos Inventos promove leitura ativa na Flis - Comunicar Mais","isPartOf":{"@id":"https:\/\/www.comunicarmais.com.br\/site\/#website"},"primaryImageOfPage":{"@id":"https:\/\/www.comunicarmais.com.br\/site\/2025\/11\/17\/festa-literaria-dos-inventos-promove-leitura-ativa-na-flis\/#primaryimage"},"image":{"@id":"https:\/\/www.comunicarmais.com.br\/site\/2025\/11\/17\/festa-literaria-dos-inventos-promove-leitura-ativa-na-flis\/#primaryimage"},"thumbnailUrl":"https:\/\/www.comunicarmais.com.br\/site\/wp-content\/uploads\/2025\/11\/WhatsApp-Image-2025-11-16-at-09.36.30.jpeg","datePublished":"2025-11-18T01:31:55+00:00","dateModified":"2025-11-18T01:31:57+00:00","author":{"@id":"https:\/\/www.comunicarmais.com.br\/site\/#\/schema\/person\/712f7b6b25b644e4a91c4173674cf284"},"description":"Festa Liter\u00e1ria dos Inventos acontece entre os dias 20 e 22 de novembro em Senhor do Bonfim","breadcrumb":{"@id":"https:\/\/www.comunicarmais.com.br\/site\/2025\/11\/17\/festa-literaria-dos-inventos-promove-leitura-ativa-na-flis\/#breadcrumb"},"inLanguage":"pt-BR","potentialAction":[{"@type":"ReadAction","target":["https:\/\/www.comunicarmais.com.br\/site\/2025\/11\/17\/festa-literaria-dos-inventos-promove-leitura-ativa-na-flis\/"]}]},{"@type":"ImageObject","inLanguage":"pt-BR","@id":"https:\/\/www.comunicarmais.com.br\/site\/2025\/11\/17\/festa-literaria-dos-inventos-promove-leitura-ativa-na-flis\/#primaryimage","url":"https:\/\/www.comunicarmais.com.br\/site\/wp-content\/uploads\/2025\/11\/WhatsApp-Image-2025-11-16-at-09.36.30.jpeg","contentUrl":"https:\/\/www.comunicarmais.com.br\/site\/wp-content\/uploads\/2025\/11\/WhatsApp-Image-2025-11-16-at-09.36.30.jpeg","width":1280,"height":720},{"@type":"BreadcrumbList","@id":"https:\/\/www.comunicarmais.com.br\/site\/2025\/11\/17\/festa-literaria-dos-inventos-promove-leitura-ativa-na-flis\/#breadcrumb","itemListElement":[{"@type":"ListItem","position":1,"name":"In\u00edcio","item":"https:\/\/www.comunicarmais.com.br\/site\/"},{"@type":"ListItem","position":2,"name":"Festa Liter\u00e1ria dos Inventos promove leitura ativa na Flis"}]},{"@type":"WebSite","@id":"https:\/\/www.comunicarmais.com.br\/site\/#website","url":"https:\/\/www.comunicarmais.com.br\/site\/","name":"Comunicar Mais","description":"","potentialAction":[{"@type":"SearchAction","target":{"@type":"EntryPoint","urlTemplate":"https:\/\/www.comunicarmais.com.br\/site\/?s={search_term_string}"},"query-input":{"@type":"PropertyValueSpecification","valueRequired":true,"valueName":"search_term_string"}}],"inLanguage":"pt-BR"},{"@type":"Person","@id":"https:\/\/www.comunicarmais.com.br\/site\/#\/schema\/person\/712f7b6b25b644e4a91c4173674cf284","name":"Comunicar Mais","image":{"@type":"ImageObject","inLanguage":"pt-BR","@id":"https:\/\/www.comunicarmais.com.br\/site\/#\/schema\/person\/image\/","url":"https:\/\/secure.gravatar.com\/avatar\/9803218072e2c0dc265d3d787b54c2c33325e79f79732707fddfbf1efd82c678?s=96&d=mm&r=g","contentUrl":"https:\/\/secure.gravatar.com\/avatar\/9803218072e2c0dc265d3d787b54c2c33325e79f79732707fddfbf1efd82c678?s=96&d=mm&r=g","caption":"Comunicar Mais"},"description":"Deixe as ideologias com os ide\u00f3logos. Noticiamos fatos, n\u00e3o brigamos com eles. Aqui, voc\u00ea fica bem informado do que acontece no seu bairro e no mundo. Informar com \u00e9tica e responsabilidade s\u00e3o as bandeiras do Comunicarmais.","sameAs":["https:\/\/www.comunicarmais.com.br\/site\/","https:\/\/www.facebook.com\/comunicarmais\/","https:\/\/www.instagram.com\/comunicarmaisba\/","https:\/\/x.com\/ComunicarmaisBA"],"url":"https:\/\/www.comunicarmais.com.br\/site\/author\/gerenciador\/"}]}},"_links":{"self":[{"href":"https:\/\/www.comunicarmais.com.br\/site\/wp-json\/wp\/v2\/posts\/11236","targetHints":{"allow":["GET"]}}],"collection":[{"href":"https:\/\/www.comunicarmais.com.br\/site\/wp-json\/wp\/v2\/posts"}],"about":[{"href":"https:\/\/www.comunicarmais.com.br\/site\/wp-json\/wp\/v2\/types\/post"}],"author":[{"embeddable":true,"href":"https:\/\/www.comunicarmais.com.br\/site\/wp-json\/wp\/v2\/users\/2"}],"replies":[{"embeddable":true,"href":"https:\/\/www.comunicarmais.com.br\/site\/wp-json\/wp\/v2\/comments?post=11236"}],"version-history":[{"count":1,"href":"https:\/\/www.comunicarmais.com.br\/site\/wp-json\/wp\/v2\/posts\/11236\/revisions"}],"predecessor-version":[{"id":11239,"href":"https:\/\/www.comunicarmais.com.br\/site\/wp-json\/wp\/v2\/posts\/11236\/revisions\/11239"}],"wp:featuredmedia":[{"embeddable":true,"href":"https:\/\/www.comunicarmais.com.br\/site\/wp-json\/wp\/v2\/media\/11238"}],"wp:attachment":[{"href":"https:\/\/www.comunicarmais.com.br\/site\/wp-json\/wp\/v2\/media?parent=11236"}],"wp:term":[{"taxonomy":"category","embeddable":true,"href":"https:\/\/www.comunicarmais.com.br\/site\/wp-json\/wp\/v2\/categories?post=11236"},{"taxonomy":"post_tag","embeddable":true,"href":"https:\/\/www.comunicarmais.com.br\/site\/wp-json\/wp\/v2\/tags?post=11236"}],"curies":[{"name":"wp","href":"https:\/\/api.w.org\/{rel}","templated":true}]}}