{"id":11231,"date":"2025-11-16T21:15:43","date_gmt":"2025-11-17T00:15:43","guid":{"rendered":"https:\/\/www.comunicarmais.com.br\/site\/?p=11231"},"modified":"2025-11-17T21:34:55","modified_gmt":"2025-11-18T00:34:55","slug":"mulher-que-fizer-falsa-denuncia-para-obter-medida-protetiva-pode-pegar-ate-oito-anos-de-prisao","status":"publish","type":"post","link":"https:\/\/www.comunicarmais.com.br\/site\/2025\/11\/16\/mulher-que-fizer-falsa-denuncia-para-obter-medida-protetiva-pode-pegar-ate-oito-anos-de-prisao\/","title":{"rendered":"Mulher que fizer falsa den\u00fancia para obter medida protetiva pode pegar at\u00e9 oito anos de pris\u00e3o"},"content":{"rendered":"\n<p><strong>Projeto da deputada J\u00falia Zanatta modifica o artigo 18 da\u00a0<strong>Lei Maria da Penha<\/strong>\u00a0e cria novas regras na fase inicial das medidas de urg\u00eancia<\/strong><\/p>\n\n\n\n<figure class=\"wp-block-image size-full\"><img decoding=\"async\" width=\"1000\" height=\"562\" data-src=\"https:\/\/www.comunicarmais.com.br\/site\/wp-content\/uploads\/2025\/11\/Julia-Zanatta.jpg\" alt=\"\" class=\"wp-image-11233 lazyload\" data-srcset=\"https:\/\/www.comunicarmais.com.br\/site\/wp-content\/uploads\/2025\/11\/Julia-Zanatta.jpg 1000w, https:\/\/www.comunicarmais.com.br\/site\/wp-content\/uploads\/2025\/11\/Julia-Zanatta-768x432.jpg 768w\" data-sizes=\"(max-width: 1000px) 100vw, 1000px\" src=\"data:image\/svg+xml;base64,PHN2ZyB3aWR0aD0iMSIgaGVpZ2h0PSIxIiB4bWxucz0iaHR0cDovL3d3dy53My5vcmcvMjAwMC9zdmciPjwvc3ZnPg==\" style=\"--smush-placeholder-width: 1000px; --smush-placeholder-aspect-ratio: 1000\/562;\" \/><figcaption class=\"wp-element-caption\"><em><sup>(Foto:\u00a0Vinicius Loures\/C\u00e2mara dos Deputados)<\/sup><\/em><\/figcaption><\/figure>\n\n\n\n<p><strong>Reda\u00e7\u00e3o Mais &#8211;<\/strong> Mulheres que realizarem den\u00fancias falsas\u00a0para obten\u00e7\u00e3o de medidas protetivas da Lei Maria da Penha poder\u00e3o ser enquadradas no crime de denuncia\u00e7\u00e3o caluniosa, cuja pena varia de\u00a0<strong>dois a oito anos de pris\u00e3o<\/strong>. A possibilidade est\u00e1 prevista no Projeto de Lei 5.128 de 2025, apresentado pela deputada J\u00falia Zanatta (PL-SC), que altera a legisla\u00e7\u00e3o ao obrigar o envio ao Minist\u00e9rio P\u00fablico de casos em que houver constata\u00e7\u00e3o de falsidade na acusa\u00e7\u00e3o.<\/p>\n\n\n\n<p>O texto altera o artigo 18 da\u00a0<strong>Lei Maria da Penha<\/strong>\u00a0e cria novas regras na fase inicial das medidas de urg\u00eancia. Pela proposta, a pessoa acusada dever\u00e1 ser notificada em at\u00e9 24 horas para apresentar manifesta\u00e7\u00e3o por escrito no prazo de sete dias. Ap\u00f3s o fim desse per\u00edodo, o juiz dever\u00e1 reavaliar as medidas protetivas concedidas ou mant\u00ea-las, no m\u00e1ximo em 48 horas. A justificativa afirma que o objetivo \u00e9 assegurar \u201ccontradit\u00f3rio e ampla defesa\u201d sem comprometer a celeridade do atendimento \u00e0 v\u00edtima.<\/p>\n\n\n\n<p>O projeto estabelece, ainda, dois novos dispositivos: o primeiro determina que, quando houver decis\u00e3o judicial transitada em julgado ou comprova\u00e7\u00e3o no curso do processo de que a acusa\u00e7\u00e3o foi apresentada de forma dolosa, o caso dever\u00e1 ser encaminhado ao Minist\u00e9rio P\u00fablico para eventual apura\u00e7\u00e3o dos crimes previstos nos artigos 339 e 340 do C\u00f3digo Penal. O artigo 339, citado na reda\u00e7\u00e3o, prev\u00ea pena de dois a oito anos para quem provoca investiga\u00e7\u00e3o contra algu\u00e9m atribuindo-lhe crime que sabe ser falso.<\/p>\n\n\n\n<p>O segundo dispositivo permite responsabiliza\u00e7\u00e3o civil quando ficar demonstrado que a den\u00fancia foi \u201cclaramente infundada\u201d, com inten\u00e7\u00e3o de obter vantagem, prejudicar a pessoa acusada ou influenciar disputas familiares, especialmente as que envolvem patrim\u00f4nio ou filhos. Nessas situa\u00e7\u00f5es, a parte denunciante poder\u00e1 responder por danos morais e materiais.<\/p>\n\n\n\n<p><strong>Caso Johnny Depp &#8211; <\/strong>Na justificativa, a deputada afirma que a Lei Maria da Penha representou um avan\u00e7o no combate \u00e0 viol\u00eancia dom\u00e9stica, mas sustenta que o acionamento indevido dos mecanismos de prote\u00e7\u00e3o pode gerar preju\u00edzos irrevers\u00edveis. O texto cita o caso de grande repercuss\u00e3o internacional envolvendo os atores Johnny Depp e Amber Heard e afirma que situa\u00e7\u00f5es de falsas imputa\u00e7\u00f5es de viol\u00eancia podem provocar \u201cdanos \u00e0 reputa\u00e7\u00e3o, danos morais, repercuss\u00e3o midi\u00e1tica e consequ\u00eancias pessoais irrevers\u00edveis\u201d mesmo ap\u00f3s decis\u00f5es favor\u00e1veis ao acusado.<\/p>\n\n\n\n<p>Para Zanatta, a proposta fortalece a credibilidade institucional ao prever instrumentos espec\u00edficos para responsabiliza\u00e7\u00e3o em casos de m\u00e1 f\u00e9. A justificativa argumenta que o ordenamento jur\u00eddico j\u00e1 disp\u00f5e de tipos penais aplic\u00e1veis, mas que eles seriam gen\u00e9ricos diante da complexidade das situa\u00e7\u00f5es relacionadas \u00e0s medidas protetivas e \u00e0s din\u00e2micas familiares. Segundo a parlamentar, ao prever investiga\u00e7\u00e3o e responsabiliza\u00e7\u00e3o formal, o projeto protegeria tanto o sistema quanto as v\u00edtimas reais de viol\u00eancia.<\/p>\n\n\n\n<p>________________________________________________________________________________________________________________<\/p>\n\n\n<p class=\"wp-block-tag-cloud\"><a href=\"https:\/\/www.comunicarmais.com.br\/site\/tag\/bahia\/\" class=\"tag-cloud-link tag-link-171 tag-link-position-1\" style=\"font-size: 17.922330097087pt;\" aria-label=\"Bahia (116 itens)\">Bahia<\/a>\n<a href=\"https:\/\/www.comunicarmais.com.br\/site\/tag\/bolsonaro\/\" class=\"tag-cloud-link tag-link-112 tag-link-position-2\" style=\"font-size: 11.533980582524pt;\" aria-label=\"Bolsonaro (39 itens)\">Bolsonaro<\/a>\n<a href=\"https:\/\/www.comunicarmais.com.br\/site\/tag\/brasil\/\" class=\"tag-cloud-link tag-link-335 tag-link-position-3\" style=\"font-size: 13.029126213592pt;\" aria-label=\"Brasil (50 itens)\">Brasil<\/a>\n<a href=\"https:\/\/www.comunicarmais.com.br\/site\/tag\/camacari\/\" class=\"tag-cloud-link tag-link-435 tag-link-position-4\" style=\"font-size: 8.8155339805825pt;\" aria-label=\"Cama\u00e7ari (24 itens)\">Cama\u00e7ari<\/a>\n<a href=\"https:\/\/www.comunicarmais.com.br\/site\/tag\/carnaval\/\" class=\"tag-cloud-link tag-link-508 tag-link-position-5\" style=\"font-size: 12.893203883495pt;\" aria-label=\"Carnaval (49 itens)\">Carnaval<\/a>\n<a href=\"https:\/\/www.comunicarmais.com.br\/site\/tag\/cbx\/\" class=\"tag-cloud-link tag-link-1602 tag-link-position-6\" style=\"font-size: 11.398058252427pt;\" aria-label=\"CBX (38 itens)\">CBX<\/a>\n<a href=\"https:\/\/www.comunicarmais.com.br\/site\/tag\/cidade-baixa\/\" class=\"tag-cloud-link tag-link-456 tag-link-position-7\" style=\"font-size: 9.9029126213592pt;\" aria-label=\"Cidade Baixa (29 itens)\">Cidade Baixa<\/a>\n<a href=\"https:\/\/www.comunicarmais.com.br\/site\/tag\/cinema\/\" class=\"tag-cloud-link tag-link-985 tag-link-position-8\" style=\"font-size: 11.126213592233pt;\" aria-label=\"Cinema (36 itens)\">Cinema<\/a>\n<a href=\"https:\/\/www.comunicarmais.com.br\/site\/tag\/cultura\/\" class=\"tag-cloud-link tag-link-231 tag-link-position-9\" style=\"font-size: 12.21359223301pt;\" aria-label=\"Cultura (44 itens)\">Cultura<\/a>\n<a href=\"https:\/\/www.comunicarmais.com.br\/site\/tag\/drogas\/\" class=\"tag-cloud-link tag-link-165 tag-link-position-10\" style=\"font-size: 12.757281553398pt;\" aria-label=\"Drogas (48 itens)\">Drogas<\/a>\n<a href=\"https:\/\/www.comunicarmais.com.br\/site\/tag\/educacao\/\" class=\"tag-cloud-link tag-link-228 tag-link-position-11\" style=\"font-size: 12.621359223301pt;\" aria-label=\"Educa\u00e7\u00e3o (47 itens)\">Educa\u00e7\u00e3o<\/a>\n<a href=\"https:\/\/www.comunicarmais.com.br\/site\/tag\/ensino\/\" class=\"tag-cloud-link tag-link-233 tag-link-position-12\" style=\"font-size: 10.446601941748pt;\" aria-label=\"Ensino (32 itens)\">Ensino<\/a>\n<a href=\"https:\/\/www.comunicarmais.com.br\/site\/tag\/escola\/\" class=\"tag-cloud-link tag-link-229 tag-link-position-13\" style=\"font-size: 9.631067961165pt;\" aria-label=\"Escola (28 itens)\">Escola<\/a>\n<a href=\"https:\/\/www.comunicarmais.com.br\/site\/tag\/eua\/\" class=\"tag-cloud-link tag-link-664 tag-link-position-14\" style=\"font-size: 12.077669902913pt;\" aria-label=\"EUA (43 itens)\">EUA<\/a>\n<a href=\"https:\/\/www.comunicarmais.com.br\/site\/tag\/feira-de-santana\/\" class=\"tag-cloud-link tag-link-642 tag-link-position-15\" style=\"font-size: 9.2233009708738pt;\" aria-label=\"Feira de Santana (26 itens)\">Feira de Santana<\/a>\n<a href=\"https:\/\/www.comunicarmais.com.br\/site\/tag\/ficco\/\" class=\"tag-cloud-link tag-link-143 tag-link-position-16\" style=\"font-size: 9.2233009708738pt;\" aria-label=\"Ficco (26 itens)\">Ficco<\/a>\n<a href=\"https:\/\/www.comunicarmais.com.br\/site\/tag\/folia\/\" class=\"tag-cloud-link tag-link-566 tag-link-position-17\" style=\"font-size: 9.2233009708738pt;\" aria-label=\"Folia (26 itens)\">Folia<\/a>\n<a href=\"https:\/\/www.comunicarmais.com.br\/site\/tag\/futebol\/\" class=\"tag-cloud-link tag-link-40 tag-link-position-18\" style=\"font-size: 13.029126213592pt;\" aria-label=\"Futebol (50 itens)\">Futebol<\/a>\n<a href=\"https:\/\/www.comunicarmais.com.br\/site\/tag\/homicidio\/\" class=\"tag-cloud-link tag-link-101 tag-link-position-19\" style=\"font-size: 10.582524271845pt;\" aria-label=\"Homic\u00eddio (33 itens)\">Homic\u00eddio<\/a>\n<a href=\"https:\/\/www.comunicarmais.com.br\/site\/tag\/itapagipe\/\" class=\"tag-cloud-link tag-link-471 tag-link-position-20\" style=\"font-size: 10.038834951456pt;\" aria-label=\"Itapagipe (30 itens)\">Itapagipe<\/a>\n<a href=\"https:\/\/www.comunicarmais.com.br\/site\/tag\/itaparica\/\" class=\"tag-cloud-link tag-link-301 tag-link-position-21\" style=\"font-size: 8pt;\" aria-label=\"Itaparica (21 itens)\">Itaparica<\/a>\n<a href=\"https:\/\/www.comunicarmais.com.br\/site\/tag\/jeronimo-rodrigues\/\" class=\"tag-cloud-link tag-link-668 tag-link-position-22\" style=\"font-size: 8.2718446601942pt;\" aria-label=\"Jer\u00f4nimo Rodrigues (22 itens)\">Jer\u00f4nimo Rodrigues<\/a>\n<a href=\"https:\/\/www.comunicarmais.com.br\/site\/tag\/justica\/\" class=\"tag-cloud-link tag-link-361 tag-link-position-23\" style=\"font-size: 10.582524271845pt;\" aria-label=\"Justi\u00e7a (33 itens)\">Justi\u00e7a<\/a>\n<a href=\"https:\/\/www.comunicarmais.com.br\/site\/tag\/lauro-de-freitas\/\" class=\"tag-cloud-link tag-link-594 tag-link-position-24\" style=\"font-size: 18.194174757282pt;\" aria-label=\"Lauro de Freitas (122 itens)\">Lauro de Freitas<\/a>\n<a href=\"https:\/\/www.comunicarmais.com.br\/site\/tag\/lazer\/\" class=\"tag-cloud-link tag-link-568 tag-link-position-25\" style=\"font-size: 9.2233009708738pt;\" aria-label=\"Lazer (26 itens)\">Lazer<\/a>\n<a href=\"https:\/\/www.comunicarmais.com.br\/site\/tag\/lula\/\" class=\"tag-cloud-link tag-link-416 tag-link-position-26\" style=\"font-size: 12.21359223301pt;\" aria-label=\"Lula (44 itens)\">Lula<\/a>\n<a href=\"https:\/\/www.comunicarmais.com.br\/site\/tag\/meio-ambiente\/\" class=\"tag-cloud-link tag-link-475 tag-link-position-27\" style=\"font-size: 12.21359223301pt;\" aria-label=\"Meio Ambiente (44 itens)\">Meio Ambiente<\/a>\n<a href=\"https:\/\/www.comunicarmais.com.br\/site\/tag\/mobilidade\/\" class=\"tag-cloud-link tag-link-278 tag-link-position-28\" style=\"font-size: 13.844660194175pt;\" aria-label=\"Mobilidade (58 itens)\">Mobilidade<\/a>\n<a href=\"https:\/\/www.comunicarmais.com.br\/site\/tag\/mulher\/\" class=\"tag-cloud-link tag-link-450 tag-link-position-29\" style=\"font-size: 13.300970873786pt;\" aria-label=\"mulher (53 itens)\">mulher<\/a>\n<a href=\"https:\/\/www.comunicarmais.com.br\/site\/tag\/musica-2\/\" class=\"tag-cloud-link tag-link-747 tag-link-position-30\" style=\"font-size: 12.21359223301pt;\" aria-label=\"M\u00fasica (44 itens)\">M\u00fasica<\/a>\n<a href=\"https:\/\/www.comunicarmais.com.br\/site\/tag\/pcba\/\" class=\"tag-cloud-link tag-link-1332 tag-link-position-31\" style=\"font-size: 15.067961165049pt;\" aria-label=\"PCBA (72 itens)\">PCBA<\/a>\n<a href=\"https:\/\/www.comunicarmais.com.br\/site\/tag\/pmba\/\" class=\"tag-cloud-link tag-link-53 tag-link-position-32\" style=\"font-size: 18.194174757282pt;\" aria-label=\"PMBA (123 itens)\">PMBA<\/a>\n<a href=\"https:\/\/www.comunicarmais.com.br\/site\/tag\/policia-federal\/\" class=\"tag-cloud-link tag-link-620 tag-link-position-33\" style=\"font-size: 8.9514563106796pt;\" aria-label=\"Pol\u00edcia Federal (25 itens)\">Pol\u00edcia Federal<\/a>\n<a href=\"https:\/\/www.comunicarmais.com.br\/site\/tag\/politica\/\" class=\"tag-cloud-link tag-link-495 tag-link-position-34\" style=\"font-size: 16.291262135922pt;\" aria-label=\"Pol\u00edtica (89 itens)\">Pol\u00edtica<\/a>\n<a href=\"https:\/\/www.comunicarmais.com.br\/site\/tag\/rio-de-janeiro\/\" class=\"tag-cloud-link tag-link-152 tag-link-position-35\" style=\"font-size: 9.9029126213592pt;\" aria-label=\"Rio de Janeiro (29 itens)\">Rio de Janeiro<\/a>\n<a href=\"https:\/\/www.comunicarmais.com.br\/site\/tag\/salvador\/\" class=\"tag-cloud-link tag-link-125 tag-link-position-36\" style=\"font-size: 22pt;\" aria-label=\"Salvador (234 itens)\">Salvador<\/a>\n<a href=\"https:\/\/www.comunicarmais.com.br\/site\/tag\/saude\/\" class=\"tag-cloud-link tag-link-42 tag-link-position-37\" style=\"font-size: 17.78640776699pt;\" aria-label=\"Sa\u00fade (115 itens)\">Sa\u00fade<\/a>\n<a href=\"https:\/\/www.comunicarmais.com.br\/site\/tag\/seguranca\/\" class=\"tag-cloud-link tag-link-48 tag-link-position-38\" style=\"font-size: 9.2233009708738pt;\" aria-label=\"Seguran\u00e7a (26 itens)\">Seguran\u00e7a<\/a>\n<a href=\"https:\/\/www.comunicarmais.com.br\/site\/tag\/ssp-ba\/\" class=\"tag-cloud-link tag-link-1937 tag-link-position-39\" style=\"font-size: 8.9514563106796pt;\" aria-label=\"SSP-BA (25 itens)\">SSP-BA<\/a>\n<a href=\"https:\/\/www.comunicarmais.com.br\/site\/tag\/sspba\/\" class=\"tag-cloud-link tag-link-144 tag-link-position-40\" style=\"font-size: 11.398058252427pt;\" aria-label=\"SSPBA (38 itens)\">SSPBA<\/a>\n<a href=\"https:\/\/www.comunicarmais.com.br\/site\/tag\/stf\/\" class=\"tag-cloud-link tag-link-68 tag-link-position-41\" style=\"font-size: 14.252427184466pt;\" aria-label=\"STF (62 itens)\">STF<\/a>\n<a href=\"https:\/\/www.comunicarmais.com.br\/site\/tag\/sao-paulo\/\" class=\"tag-cloud-link tag-link-612 tag-link-position-42\" style=\"font-size: 8pt;\" aria-label=\"S\u00e3o Paulo (21 itens)\">S\u00e3o Paulo<\/a>\n<a href=\"https:\/\/www.comunicarmais.com.br\/site\/tag\/transito-2\/\" class=\"tag-cloud-link tag-link-377 tag-link-position-43\" style=\"font-size: 8.2718446601942pt;\" aria-label=\"tr\u00e2nsito (22 itens)\">tr\u00e2nsito<\/a>\n<a href=\"https:\/\/www.comunicarmais.com.br\/site\/tag\/turismo\/\" class=\"tag-cloud-link tag-link-225 tag-link-position-44\" style=\"font-size: 9.631067961165pt;\" aria-label=\"Turismo (28 itens)\">Turismo<\/a>\n<a href=\"https:\/\/www.comunicarmais.com.br\/site\/tag\/uruguai\/\" class=\"tag-cloud-link tag-link-323 tag-link-position-45\" style=\"font-size: 9.631067961165pt;\" aria-label=\"Uruguai (28 itens)\">Uruguai<\/a><\/p>","protected":false},"excerpt":{"rendered":"<p>Projeto da deputada J\u00falia Zanatta modifica o artigo 18 da\u00a0Lei Maria da Penha\u00a0e cria novas regras na fase inicial das medidas de urg\u00eancia<\/p>\n","protected":false},"author":2,"featured_media":11234,"comment_status":"open","ping_status":"open","sticky":false,"template":"","format":"standard","meta":{"_acf_changed":false,"footnotes":""},"categories":[8],"tags":[3133,2890,1276,3132,3131,1580,450],"class_list":["post-11231","post","type-post","status-publish","format-standard","has-post-thumbnail","hentry","category-politica","tag-amber-heard","tag-denunciacao-caluniosa","tag-homem","tag-johnny-depp","tag-julia-zanatta","tag-maria-da-penha","tag-mulher"],"acf":[],"yoast_head":"<!-- This site is optimized with the Yoast SEO plugin v26.1.1 - https:\/\/yoast.com\/wordpress\/plugins\/seo\/ -->\n<title>Mulher que fizer falsa den\u00fancia para obter medida protetiva pode pegar at\u00e9 oito anos de pris\u00e3o - Comunicar Mais<\/title>\n<meta name=\"description\" content=\"Projeto da deputada J\u00falia Zanatta modifica o artigo 18 da\u00a0Lei Maria da Penha\u00a0e cria novas regras na fase inicial das medidas de urg\u00eancia\" \/>\n<meta name=\"robots\" content=\"index, follow, max-snippet:-1, max-image-preview:large, max-video-preview:-1\" \/>\n<link rel=\"canonical\" href=\"https:\/\/www.comunicarmais.com.br\/site\/2025\/11\/16\/mulher-que-fizer-falsa-denuncia-para-obter-medida-protetiva-pode-pegar-ate-oito-anos-de-prisao\/\" \/>\n<meta property=\"og:locale\" content=\"pt_BR\" \/>\n<meta property=\"og:type\" content=\"article\" \/>\n<meta property=\"og:title\" content=\"Mulher que fizer falsa den\u00fancia para obter medida protetiva pode pegar at\u00e9 oito anos de pris\u00e3o - Comunicar Mais\" \/>\n<meta property=\"og:description\" content=\"Projeto da deputada J\u00falia Zanatta modifica o artigo 18 da\u00a0Lei Maria da Penha\u00a0e cria novas regras na fase inicial das medidas de urg\u00eancia\" \/>\n<meta property=\"og:url\" content=\"https:\/\/www.comunicarmais.com.br\/site\/2025\/11\/16\/mulher-que-fizer-falsa-denuncia-para-obter-medida-protetiva-pode-pegar-ate-oito-anos-de-prisao\/\" \/>\n<meta property=\"og:site_name\" content=\"Comunicar Mais\" \/>\n<meta property=\"article:publisher\" content=\"https:\/\/www.facebook.com\/comunicarmais\/\" \/>\n<meta property=\"article:author\" content=\"https:\/\/www.facebook.com\/comunicarmais\/\" \/>\n<meta property=\"article:published_time\" content=\"2025-11-17T00:15:43+00:00\" \/>\n<meta property=\"article:modified_time\" content=\"2025-11-18T00:34:55+00:00\" \/>\n<meta property=\"og:image\" content=\"https:\/\/www.comunicarmais.com.br\/site\/wp-content\/uploads\/2025\/11\/depositphotos_9783797-stock-photo-worried-man-somber-portrait.webp\" \/>\n\t<meta property=\"og:image:width\" content=\"600\" \/>\n\t<meta property=\"og:image:height\" content=\"449\" \/>\n\t<meta property=\"og:image:type\" content=\"image\/webp\" \/>\n<meta name=\"author\" content=\"Comunicar Mais\" \/>\n<meta name=\"twitter:card\" content=\"summary_large_image\" \/>\n<meta name=\"twitter:creator\" content=\"@ComunicarmaisBA\" \/>\n<meta name=\"twitter:site\" content=\"@ComunicarmaisBA\" \/>\n<meta name=\"twitter:label1\" content=\"Escrito por\" \/>\n\t<meta name=\"twitter:data1\" content=\"Comunicar Mais\" \/>\n\t<meta name=\"twitter:label2\" content=\"Est. tempo de leitura\" \/>\n\t<meta name=\"twitter:data2\" content=\"3 minutos\" \/>\n<script type=\"application\/ld+json\" class=\"yoast-schema-graph\">{\"@context\":\"https:\/\/schema.org\",\"@graph\":[{\"@type\":\"WebPage\",\"@id\":\"https:\/\/www.comunicarmais.com.br\/site\/2025\/11\/16\/mulher-que-fizer-falsa-denuncia-para-obter-medida-protetiva-pode-pegar-ate-oito-anos-de-prisao\/\",\"url\":\"https:\/\/www.comunicarmais.com.br\/site\/2025\/11\/16\/mulher-que-fizer-falsa-denuncia-para-obter-medida-protetiva-pode-pegar-ate-oito-anos-de-prisao\/\",\"name\":\"Mulher que fizer falsa den\u00fancia para obter medida protetiva pode pegar at\u00e9 oito anos de pris\u00e3o - Comunicar Mais\",\"isPartOf\":{\"@id\":\"https:\/\/www.comunicarmais.com.br\/site\/#website\"},\"primaryImageOfPage\":{\"@id\":\"https:\/\/www.comunicarmais.com.br\/site\/2025\/11\/16\/mulher-que-fizer-falsa-denuncia-para-obter-medida-protetiva-pode-pegar-ate-oito-anos-de-prisao\/#primaryimage\"},\"image\":{\"@id\":\"https:\/\/www.comunicarmais.com.br\/site\/2025\/11\/16\/mulher-que-fizer-falsa-denuncia-para-obter-medida-protetiva-pode-pegar-ate-oito-anos-de-prisao\/#primaryimage\"},\"thumbnailUrl\":\"https:\/\/www.comunicarmais.com.br\/site\/wp-content\/uploads\/2025\/11\/depositphotos_9783797-stock-photo-worried-man-somber-portrait.webp\",\"datePublished\":\"2025-11-17T00:15:43+00:00\",\"dateModified\":\"2025-11-18T00:34:55+00:00\",\"author\":{\"@id\":\"https:\/\/www.comunicarmais.com.br\/site\/#\/schema\/person\/712f7b6b25b644e4a91c4173674cf284\"},\"description\":\"Projeto da deputada J\u00falia Zanatta modifica o artigo 18 da\u00a0Lei Maria da Penha\u00a0e cria novas regras na fase inicial das medidas de urg\u00eancia\",\"breadcrumb\":{\"@id\":\"https:\/\/www.comunicarmais.com.br\/site\/2025\/11\/16\/mulher-que-fizer-falsa-denuncia-para-obter-medida-protetiva-pode-pegar-ate-oito-anos-de-prisao\/#breadcrumb\"},\"inLanguage\":\"pt-BR\",\"potentialAction\":[{\"@type\":\"ReadAction\",\"target\":[\"https:\/\/www.comunicarmais.com.br\/site\/2025\/11\/16\/mulher-que-fizer-falsa-denuncia-para-obter-medida-protetiva-pode-pegar-ate-oito-anos-de-prisao\/\"]}]},{\"@type\":\"ImageObject\",\"inLanguage\":\"pt-BR\",\"@id\":\"https:\/\/www.comunicarmais.com.br\/site\/2025\/11\/16\/mulher-que-fizer-falsa-denuncia-para-obter-medida-protetiva-pode-pegar-ate-oito-anos-de-prisao\/#primaryimage\",\"url\":\"https:\/\/www.comunicarmais.com.br\/site\/wp-content\/uploads\/2025\/11\/depositphotos_9783797-stock-photo-worried-man-somber-portrait.webp\",\"contentUrl\":\"https:\/\/www.comunicarmais.com.br\/site\/wp-content\/uploads\/2025\/11\/depositphotos_9783797-stock-photo-worried-man-somber-portrait.webp\",\"width\":600,\"height\":449},{\"@type\":\"BreadcrumbList\",\"@id\":\"https:\/\/www.comunicarmais.com.br\/site\/2025\/11\/16\/mulher-que-fizer-falsa-denuncia-para-obter-medida-protetiva-pode-pegar-ate-oito-anos-de-prisao\/#breadcrumb\",\"itemListElement\":[{\"@type\":\"ListItem\",\"position\":1,\"name\":\"In\u00edcio\",\"item\":\"https:\/\/www.comunicarmais.com.br\/site\/\"},{\"@type\":\"ListItem\",\"position\":2,\"name\":\"Mulher que fizer falsa den\u00fancia para obter medida protetiva pode pegar at\u00e9 oito anos de pris\u00e3o\"}]},{\"@type\":\"WebSite\",\"@id\":\"https:\/\/www.comunicarmais.com.br\/site\/#website\",\"url\":\"https:\/\/www.comunicarmais.com.br\/site\/\",\"name\":\"Comunicar Mais\",\"description\":\"\",\"potentialAction\":[{\"@type\":\"SearchAction\",\"target\":{\"@type\":\"EntryPoint\",\"urlTemplate\":\"https:\/\/www.comunicarmais.com.br\/site\/?s={search_term_string}\"},\"query-input\":{\"@type\":\"PropertyValueSpecification\",\"valueRequired\":true,\"valueName\":\"search_term_string\"}}],\"inLanguage\":\"pt-BR\"},{\"@type\":\"Person\",\"@id\":\"https:\/\/www.comunicarmais.com.br\/site\/#\/schema\/person\/712f7b6b25b644e4a91c4173674cf284\",\"name\":\"Comunicar Mais\",\"image\":{\"@type\":\"ImageObject\",\"inLanguage\":\"pt-BR\",\"@id\":\"https:\/\/www.comunicarmais.com.br\/site\/#\/schema\/person\/image\/\",\"url\":\"https:\/\/secure.gravatar.com\/avatar\/9803218072e2c0dc265d3d787b54c2c33325e79f79732707fddfbf1efd82c678?s=96&d=mm&r=g\",\"contentUrl\":\"https:\/\/secure.gravatar.com\/avatar\/9803218072e2c0dc265d3d787b54c2c33325e79f79732707fddfbf1efd82c678?s=96&d=mm&r=g\",\"caption\":\"Comunicar Mais\"},\"description\":\"Deixe as ideologias com os ide\u00f3logos. Noticiamos fatos, n\u00e3o brigamos com eles. Aqui, voc\u00ea fica bem informado do que acontece no seu bairro e no mundo. Informar com \u00e9tica e responsabilidade s\u00e3o as bandeiras do Comunicarmais.\",\"sameAs\":[\"https:\/\/www.comunicarmais.com.br\/site\/\",\"https:\/\/www.facebook.com\/comunicarmais\/\",\"https:\/\/www.instagram.com\/comunicarmaisba\/\",\"https:\/\/x.com\/ComunicarmaisBA\"],\"url\":\"https:\/\/www.comunicarmais.com.br\/site\/author\/gerenciador\/\"}]}<\/script>\n<!-- \/ Yoast SEO plugin. -->","yoast_head_json":{"title":"Mulher que fizer falsa den\u00fancia para obter medida protetiva pode pegar at\u00e9 oito anos de pris\u00e3o - Comunicar Mais","description":"Projeto da deputada J\u00falia Zanatta modifica o artigo 18 da\u00a0Lei Maria da Penha\u00a0e cria novas regras na fase inicial das medidas de urg\u00eancia","robots":{"index":"index","follow":"follow","max-snippet":"max-snippet:-1","max-image-preview":"max-image-preview:large","max-video-preview":"max-video-preview:-1"},"canonical":"https:\/\/www.comunicarmais.com.br\/site\/2025\/11\/16\/mulher-que-fizer-falsa-denuncia-para-obter-medida-protetiva-pode-pegar-ate-oito-anos-de-prisao\/","og_locale":"pt_BR","og_type":"article","og_title":"Mulher que fizer falsa den\u00fancia para obter medida protetiva pode pegar at\u00e9 oito anos de pris\u00e3o - Comunicar Mais","og_description":"Projeto da deputada J\u00falia Zanatta modifica o artigo 18 da\u00a0Lei Maria da Penha\u00a0e cria novas regras na fase inicial das medidas de urg\u00eancia","og_url":"https:\/\/www.comunicarmais.com.br\/site\/2025\/11\/16\/mulher-que-fizer-falsa-denuncia-para-obter-medida-protetiva-pode-pegar-ate-oito-anos-de-prisao\/","og_site_name":"Comunicar Mais","article_publisher":"https:\/\/www.facebook.com\/comunicarmais\/","article_author":"https:\/\/www.facebook.com\/comunicarmais\/","article_published_time":"2025-11-17T00:15:43+00:00","article_modified_time":"2025-11-18T00:34:55+00:00","og_image":[{"width":600,"height":449,"url":"https:\/\/www.comunicarmais.com.br\/site\/wp-content\/uploads\/2025\/11\/depositphotos_9783797-stock-photo-worried-man-somber-portrait.webp","type":"image\/webp"}],"author":"Comunicar Mais","twitter_card":"summary_large_image","twitter_creator":"@ComunicarmaisBA","twitter_site":"@ComunicarmaisBA","twitter_misc":{"Escrito por":"Comunicar Mais","Est. tempo de leitura":"3 minutos"},"schema":{"@context":"https:\/\/schema.org","@graph":[{"@type":"WebPage","@id":"https:\/\/www.comunicarmais.com.br\/site\/2025\/11\/16\/mulher-que-fizer-falsa-denuncia-para-obter-medida-protetiva-pode-pegar-ate-oito-anos-de-prisao\/","url":"https:\/\/www.comunicarmais.com.br\/site\/2025\/11\/16\/mulher-que-fizer-falsa-denuncia-para-obter-medida-protetiva-pode-pegar-ate-oito-anos-de-prisao\/","name":"Mulher que fizer falsa den\u00fancia para obter medida protetiva pode pegar at\u00e9 oito anos de pris\u00e3o - Comunicar Mais","isPartOf":{"@id":"https:\/\/www.comunicarmais.com.br\/site\/#website"},"primaryImageOfPage":{"@id":"https:\/\/www.comunicarmais.com.br\/site\/2025\/11\/16\/mulher-que-fizer-falsa-denuncia-para-obter-medida-protetiva-pode-pegar-ate-oito-anos-de-prisao\/#primaryimage"},"image":{"@id":"https:\/\/www.comunicarmais.com.br\/site\/2025\/11\/16\/mulher-que-fizer-falsa-denuncia-para-obter-medida-protetiva-pode-pegar-ate-oito-anos-de-prisao\/#primaryimage"},"thumbnailUrl":"https:\/\/www.comunicarmais.com.br\/site\/wp-content\/uploads\/2025\/11\/depositphotos_9783797-stock-photo-worried-man-somber-portrait.webp","datePublished":"2025-11-17T00:15:43+00:00","dateModified":"2025-11-18T00:34:55+00:00","author":{"@id":"https:\/\/www.comunicarmais.com.br\/site\/#\/schema\/person\/712f7b6b25b644e4a91c4173674cf284"},"description":"Projeto da deputada J\u00falia Zanatta modifica o artigo 18 da\u00a0Lei Maria da Penha\u00a0e cria novas regras na fase inicial das medidas de urg\u00eancia","breadcrumb":{"@id":"https:\/\/www.comunicarmais.com.br\/site\/2025\/11\/16\/mulher-que-fizer-falsa-denuncia-para-obter-medida-protetiva-pode-pegar-ate-oito-anos-de-prisao\/#breadcrumb"},"inLanguage":"pt-BR","potentialAction":[{"@type":"ReadAction","target":["https:\/\/www.comunicarmais.com.br\/site\/2025\/11\/16\/mulher-que-fizer-falsa-denuncia-para-obter-medida-protetiva-pode-pegar-ate-oito-anos-de-prisao\/"]}]},{"@type":"ImageObject","inLanguage":"pt-BR","@id":"https:\/\/www.comunicarmais.com.br\/site\/2025\/11\/16\/mulher-que-fizer-falsa-denuncia-para-obter-medida-protetiva-pode-pegar-ate-oito-anos-de-prisao\/#primaryimage","url":"https:\/\/www.comunicarmais.com.br\/site\/wp-content\/uploads\/2025\/11\/depositphotos_9783797-stock-photo-worried-man-somber-portrait.webp","contentUrl":"https:\/\/www.comunicarmais.com.br\/site\/wp-content\/uploads\/2025\/11\/depositphotos_9783797-stock-photo-worried-man-somber-portrait.webp","width":600,"height":449},{"@type":"BreadcrumbList","@id":"https:\/\/www.comunicarmais.com.br\/site\/2025\/11\/16\/mulher-que-fizer-falsa-denuncia-para-obter-medida-protetiva-pode-pegar-ate-oito-anos-de-prisao\/#breadcrumb","itemListElement":[{"@type":"ListItem","position":1,"name":"In\u00edcio","item":"https:\/\/www.comunicarmais.com.br\/site\/"},{"@type":"ListItem","position":2,"name":"Mulher que fizer falsa den\u00fancia para obter medida protetiva pode pegar at\u00e9 oito anos de pris\u00e3o"}]},{"@type":"WebSite","@id":"https:\/\/www.comunicarmais.com.br\/site\/#website","url":"https:\/\/www.comunicarmais.com.br\/site\/","name":"Comunicar Mais","description":"","potentialAction":[{"@type":"SearchAction","target":{"@type":"EntryPoint","urlTemplate":"https:\/\/www.comunicarmais.com.br\/site\/?s={search_term_string}"},"query-input":{"@type":"PropertyValueSpecification","valueRequired":true,"valueName":"search_term_string"}}],"inLanguage":"pt-BR"},{"@type":"Person","@id":"https:\/\/www.comunicarmais.com.br\/site\/#\/schema\/person\/712f7b6b25b644e4a91c4173674cf284","name":"Comunicar Mais","image":{"@type":"ImageObject","inLanguage":"pt-BR","@id":"https:\/\/www.comunicarmais.com.br\/site\/#\/schema\/person\/image\/","url":"https:\/\/secure.gravatar.com\/avatar\/9803218072e2c0dc265d3d787b54c2c33325e79f79732707fddfbf1efd82c678?s=96&d=mm&r=g","contentUrl":"https:\/\/secure.gravatar.com\/avatar\/9803218072e2c0dc265d3d787b54c2c33325e79f79732707fddfbf1efd82c678?s=96&d=mm&r=g","caption":"Comunicar Mais"},"description":"Deixe as ideologias com os ide\u00f3logos. Noticiamos fatos, n\u00e3o brigamos com eles. Aqui, voc\u00ea fica bem informado do que acontece no seu bairro e no mundo. Informar com \u00e9tica e responsabilidade s\u00e3o as bandeiras do Comunicarmais.","sameAs":["https:\/\/www.comunicarmais.com.br\/site\/","https:\/\/www.facebook.com\/comunicarmais\/","https:\/\/www.instagram.com\/comunicarmaisba\/","https:\/\/x.com\/ComunicarmaisBA"],"url":"https:\/\/www.comunicarmais.com.br\/site\/author\/gerenciador\/"}]}},"_links":{"self":[{"href":"https:\/\/www.comunicarmais.com.br\/site\/wp-json\/wp\/v2\/posts\/11231","targetHints":{"allow":["GET"]}}],"collection":[{"href":"https:\/\/www.comunicarmais.com.br\/site\/wp-json\/wp\/v2\/posts"}],"about":[{"href":"https:\/\/www.comunicarmais.com.br\/site\/wp-json\/wp\/v2\/types\/post"}],"author":[{"embeddable":true,"href":"https:\/\/www.comunicarmais.com.br\/site\/wp-json\/wp\/v2\/users\/2"}],"replies":[{"embeddable":true,"href":"https:\/\/www.comunicarmais.com.br\/site\/wp-json\/wp\/v2\/comments?post=11231"}],"version-history":[{"count":1,"href":"https:\/\/www.comunicarmais.com.br\/site\/wp-json\/wp\/v2\/posts\/11231\/revisions"}],"predecessor-version":[{"id":11235,"href":"https:\/\/www.comunicarmais.com.br\/site\/wp-json\/wp\/v2\/posts\/11231\/revisions\/11235"}],"wp:featuredmedia":[{"embeddable":true,"href":"https:\/\/www.comunicarmais.com.br\/site\/wp-json\/wp\/v2\/media\/11234"}],"wp:attachment":[{"href":"https:\/\/www.comunicarmais.com.br\/site\/wp-json\/wp\/v2\/media?parent=11231"}],"wp:term":[{"taxonomy":"category","embeddable":true,"href":"https:\/\/www.comunicarmais.com.br\/site\/wp-json\/wp\/v2\/categories?post=11231"},{"taxonomy":"post_tag","embeddable":true,"href":"https:\/\/www.comunicarmais.com.br\/site\/wp-json\/wp\/v2\/tags?post=11231"}],"curies":[{"name":"wp","href":"https:\/\/api.w.org\/{rel}","templated":true}]}}