{"id":10993,"date":"2025-10-30T20:06:00","date_gmt":"2025-10-30T23:06:00","guid":{"rendered":"https:\/\/www.comunicarmais.com.br\/site\/?p=10993"},"modified":"2025-11-04T23:06:46","modified_gmt":"2025-11-05T02:06:46","slug":"prefeitura-de-salvador-inaugura-mundo-encantado-da-crianca-no-centro-de-interpretacao-da-mata-atlantica","status":"publish","type":"post","link":"https:\/\/www.comunicarmais.com.br\/site\/2025\/10\/30\/prefeitura-de-salvador-inaugura-mundo-encantado-da-crianca-no-centro-de-interpretacao-da-mata-atlantica\/","title":{"rendered":"Prefeitura de Salvador inaugura Mundo Encantado da Crian\u00e7a no Centro de Interpreta\u00e7\u00e3o da Mata Atl\u00e2ntica"},"content":{"rendered":"\n<p><strong>Novo espa\u00e7o chega para fortalecer o compromisso da cidade com o direito de brincar e com a valoriza\u00e7\u00e3o da inf\u00e2ncia<\/strong><\/p>\n\n\n\n<figure class=\"wp-block-image size-large\"><img decoding=\"async\" width=\"1433\" height=\"957\" data-src=\"https:\/\/www.comunicarmais.com.br\/site\/wp-content\/uploads\/2025\/11\/WhatsApp-Image-2025-10-30-at-19.46.44-1433x957.jpeg\" alt=\"\" class=\"wp-image-10995 lazyload\" data-srcset=\"https:\/\/www.comunicarmais.com.br\/site\/wp-content\/uploads\/2025\/11\/WhatsApp-Image-2025-10-30-at-19.46.44-1433x957.jpeg 1433w, https:\/\/www.comunicarmais.com.br\/site\/wp-content\/uploads\/2025\/11\/WhatsApp-Image-2025-10-30-at-19.46.44-1024x684.jpeg 1024w, https:\/\/www.comunicarmais.com.br\/site\/wp-content\/uploads\/2025\/11\/WhatsApp-Image-2025-10-30-at-19.46.44-768x513.jpeg 768w, https:\/\/www.comunicarmais.com.br\/site\/wp-content\/uploads\/2025\/11\/WhatsApp-Image-2025-10-30-at-19.46.44-1536x1025.jpeg 1536w, https:\/\/www.comunicarmais.com.br\/site\/wp-content\/uploads\/2025\/11\/WhatsApp-Image-2025-10-30-at-19.46.44.jpeg 1600w\" data-sizes=\"(max-width: 1433px) 100vw, 1433px\" src=\"data:image\/svg+xml;base64,PHN2ZyB3aWR0aD0iMSIgaGVpZ2h0PSIxIiB4bWxucz0iaHR0cDovL3d3dy53My5vcmcvMjAwMC9zdmciPjwvc3ZnPg==\" style=\"--smush-placeholder-width: 1433px; --smush-placeholder-aspect-ratio: 1433\/957;\" \/><figcaption class=\"wp-element-caption\"><em><sup>(Foto: Ot\u00e1vio Santos\/ Secom PMS)<\/sup><\/em><\/figcaption><\/figure>\n\n\n\n<p><strong>Reda\u00e7\u00e3o Mais &#8211; <\/strong>A capital baiana ganhou, na quinta-feira (30), um espa\u00e7o voltado ao universo da inf\u00e2ncia: o Mundo Encantado da Crian\u00e7a, inaugurado no Centro de Interpreta\u00e7\u00e3o da Mata Atl\u00e2ntica (Cima), no bairro do Bonfim. O equipamento, vinculado \u00e0 Secretaria Municipal de Sustentabilidade, Resili\u00eancia, Bem-estar e Prote\u00e7\u00e3o Animal (Secis), em parceria com a Secretaria Municipal de Cultura e Turismo (Secult), nasce como um ambiente de est\u00edmulo \u00e0 imagina\u00e7\u00e3o, \u00e0 arte e ao brincar, refor\u00e7ando o compromisso de Salvador com a cultura, a educa\u00e7\u00e3o e o desenvolvimento integral das crian\u00e7as.<\/p>\n\n\n\n<p>Segundo a vice-prefeita e secret\u00e1ria municipal de Cultura e Turismo, Ana Paula Matos, o novo espa\u00e7o chega para fortalecer o compromisso da cidade com o direito de brincar e com a valoriza\u00e7\u00e3o da inf\u00e2ncia. \u201cInaugurar o Mundo Encantado da Crian\u00e7a, justamente na semana em que celebramos a inf\u00e2ncia, \u00e9 simb\u00f3lico e inspirador. Este espa\u00e7o \u00e9 uma extens\u00e3o da nossa pol\u00edtica cultural voltada para o afeto, para o pertencimento e para o fortalecimento da nossa ancestralidade. Aqui, a imagina\u00e7\u00e3o se mistura \u00e0 natureza, e as crian\u00e7as se tornam protagonistas da experi\u00eancia cultural. \u00c9 tamb\u00e9m um passo importante dentro do nosso trabalho de dinamiza\u00e7\u00e3o do CIMA e da amplia\u00e7\u00e3o do calend\u00e1rio cultural da cidade\u201d, afirmou.<\/p>\n\n\n\n<figure class=\"wp-block-image size-large\"><img decoding=\"async\" width=\"1433\" height=\"957\" data-src=\"https:\/\/www.comunicarmais.com.br\/site\/wp-content\/uploads\/2025\/11\/WhatsApp-Image-2025-10-30-at-19.46.46-1433x957.jpeg\" alt=\"\" class=\"wp-image-10997 lazyload\" data-srcset=\"https:\/\/www.comunicarmais.com.br\/site\/wp-content\/uploads\/2025\/11\/WhatsApp-Image-2025-10-30-at-19.46.46-1433x957.jpeg 1433w, https:\/\/www.comunicarmais.com.br\/site\/wp-content\/uploads\/2025\/11\/WhatsApp-Image-2025-10-30-at-19.46.46-1024x684.jpeg 1024w, https:\/\/www.comunicarmais.com.br\/site\/wp-content\/uploads\/2025\/11\/WhatsApp-Image-2025-10-30-at-19.46.46-768x513.jpeg 768w, https:\/\/www.comunicarmais.com.br\/site\/wp-content\/uploads\/2025\/11\/WhatsApp-Image-2025-10-30-at-19.46.46-1536x1025.jpeg 1536w, https:\/\/www.comunicarmais.com.br\/site\/wp-content\/uploads\/2025\/11\/WhatsApp-Image-2025-10-30-at-19.46.46.jpeg 1600w\" data-sizes=\"(max-width: 1433px) 100vw, 1433px\" src=\"data:image\/svg+xml;base64,PHN2ZyB3aWR0aD0iMSIgaGVpZ2h0PSIxIiB4bWxucz0iaHR0cDovL3d3dy53My5vcmcvMjAwMC9zdmciPjwvc3ZnPg==\" style=\"--smush-placeholder-width: 1433px; --smush-placeholder-aspect-ratio: 1433\/957;\" \/><figcaption class=\"wp-element-caption\"><em><sup>(Foto: Ot\u00e1vio Santos\/ Secom PMS)<\/sup><\/em><\/figcaption><\/figure>\n\n\n\n<p>O espa\u00e7o j\u00e1 come\u00e7a a funcionar nesta quinta, reunindo ambientes l\u00fadicos e criativos que dialogam com a natureza e com o entorno do Cima, oferecendo experi\u00eancias que unem arte, aprendizado e sustentabilidade. O funcionamento ser\u00e1 de ter\u00e7a a s\u00e1bado, das 9h \u00e0s 17h e aos domingos, das 10h \u00e0s 13h.<\/p>\n\n\n\n<p>\u201cO Mundo Encantado da Crian\u00e7a \u00e9 mais do que um espa\u00e7o de lazer: \u00e9 uma ferramenta de sensibiliza\u00e7\u00e3o ambiental e de forma\u00e7\u00e3o cidad\u00e3 desde a inf\u00e2ncia. Aqui, as crian\u00e7as s\u00e3o convidadas a descobrir o valor da natureza, do brincar ao ar livre e da conviv\u00eancia harmoniosa com o meio ambiente. Quando unimos sustentabilidade, cultura e imagina\u00e7\u00e3o, plantamos as sementes de uma Salvador mais consciente, criativa e resiliente\u201d diz Ivan Euler, titular da Secis.<\/p>\n\n\n\n<p>A inaugura\u00e7\u00e3o do Mundo Encantado da Crian\u00e7a contou com uma tarde repleta de atividades para o p\u00fablico infantil, incluindo apresenta\u00e7\u00f5es circenses, oficinas, brincadeiras, pintura art\u00edstica, trancistas, e o espet\u00e1culo de Bia Gigante com a produ\u00e7\u00e3o de bolhas de sab\u00e3o enormes. Crian\u00e7as dos Centros Municipais de Educa\u00e7\u00e3o Infantil Baronesa de Sauipe, Nossa Senhora das Gra\u00e7as e da Escola Municipal Freire Filho participaram das atividades l\u00fadicas e se deliciaram tamb\u00e9m com a distribui\u00e7\u00e3o de algod\u00e3o-doce, picol\u00e9 e pipoca.<\/p>\n\n\n\n<figure class=\"wp-block-image size-large\"><img decoding=\"async\" width=\"1433\" height=\"957\" data-src=\"https:\/\/www.comunicarmais.com.br\/site\/wp-content\/uploads\/2025\/11\/WhatsApp-Image-2025-10-30-at-19.46.48-1433x957.jpeg\" alt=\"\" class=\"wp-image-10998 lazyload\" data-srcset=\"https:\/\/www.comunicarmais.com.br\/site\/wp-content\/uploads\/2025\/11\/WhatsApp-Image-2025-10-30-at-19.46.48-1433x957.jpeg 1433w, https:\/\/www.comunicarmais.com.br\/site\/wp-content\/uploads\/2025\/11\/WhatsApp-Image-2025-10-30-at-19.46.48-1024x684.jpeg 1024w, https:\/\/www.comunicarmais.com.br\/site\/wp-content\/uploads\/2025\/11\/WhatsApp-Image-2025-10-30-at-19.46.48-768x513.jpeg 768w, https:\/\/www.comunicarmais.com.br\/site\/wp-content\/uploads\/2025\/11\/WhatsApp-Image-2025-10-30-at-19.46.48-1536x1025.jpeg 1536w, https:\/\/www.comunicarmais.com.br\/site\/wp-content\/uploads\/2025\/11\/WhatsApp-Image-2025-10-30-at-19.46.48.jpeg 1600w\" data-sizes=\"(max-width: 1433px) 100vw, 1433px\" src=\"data:image\/svg+xml;base64,PHN2ZyB3aWR0aD0iMSIgaGVpZ2h0PSIxIiB4bWxucz0iaHR0cDovL3d3dy53My5vcmcvMjAwMC9zdmciPjwvc3ZnPg==\" style=\"--smush-placeholder-width: 1433px; --smush-placeholder-aspect-ratio: 1433\/957;\" \/><figcaption class=\"wp-element-caption\"><em><sup>(Foto: Ot\u00e1vio Santos\/ Secom PMS)<\/sup><\/em><\/figcaption><\/figure>\n\n\n\n<p><strong>Estrutura \u2013<\/strong> Alguns dos destaques do Mundo Encantado da Crian\u00e7a s\u00e3o a Casa do Brincar, um espa\u00e7o acolhedor que convida \u00e0 experimenta\u00e7\u00e3o livre e sensorial; a Bebeteca, inspirada na experi\u00eancia da Bebeteca Antirracista, dedicada ao contato das crian\u00e7as com a literatura desde os primeiros anos de vida; a exposi\u00e7\u00e3o permanente de brinquedos da artista Lydia Hort\u00e9lio, com curadoria da Urban95, que prop\u00f5e um mergulho ao imagin\u00e1rio da inf\u00e2ncia e \u00e0s diversas formas de brincar e o Boquinha de Brasa, ambiente destinado a a\u00e7\u00f5es formativas e apresenta\u00e7\u00f5es art\u00edsticas, al\u00e9m de encontros e oficinas voltados ao p\u00fablico infantojuvenil.<\/p>\n\n\n\n<p>A sala de exposi\u00e7\u00e3o de brinquedos da artista Lydia Hort\u00e9lio conta com brinquedos tradicionais da inf\u00e2ncia, a exemplo de pipa, pi\u00e3o, cinco pedrinhas, bonecas, panelas de barro, minim\u00f3veis de madeira e carrinhos. Toda a sala \u00e9 cercada de um quadro onde os pequenos podem soltar a imagina\u00e7\u00e3o enquanto escrevem e desenham com giz. As pe\u00e7as da exposi\u00e7\u00e3o t\u00eam 95 cent\u00edmetros de altura para que estejam compat\u00edveis com a altura das crian\u00e7as.<\/p>\n\n\n\n<figure class=\"wp-block-image size-large\"><img decoding=\"async\" width=\"1433\" height=\"896\" data-src=\"https:\/\/www.comunicarmais.com.br\/site\/wp-content\/uploads\/2025\/11\/WhatsApp-Image-2025-10-30-at-19.46.48-1-1433x896.jpeg\" alt=\"\" class=\"wp-image-10999 lazyload\" data-srcset=\"https:\/\/www.comunicarmais.com.br\/site\/wp-content\/uploads\/2025\/11\/WhatsApp-Image-2025-10-30-at-19.46.48-1-1433x896.jpeg 1433w, https:\/\/www.comunicarmais.com.br\/site\/wp-content\/uploads\/2025\/11\/WhatsApp-Image-2025-10-30-at-19.46.48-1-1024x640.jpeg 1024w, https:\/\/www.comunicarmais.com.br\/site\/wp-content\/uploads\/2025\/11\/WhatsApp-Image-2025-10-30-at-19.46.48-1-768x480.jpeg 768w, https:\/\/www.comunicarmais.com.br\/site\/wp-content\/uploads\/2025\/11\/WhatsApp-Image-2025-10-30-at-19.46.48-1-1536x960.jpeg 1536w, https:\/\/www.comunicarmais.com.br\/site\/wp-content\/uploads\/2025\/11\/WhatsApp-Image-2025-10-30-at-19.46.48-1.jpeg 1600w\" data-sizes=\"(max-width: 1433px) 100vw, 1433px\" src=\"data:image\/svg+xml;base64,PHN2ZyB3aWR0aD0iMSIgaGVpZ2h0PSIxIiB4bWxucz0iaHR0cDovL3d3dy53My5vcmcvMjAwMC9zdmciPjwvc3ZnPg==\" style=\"--smush-placeholder-width: 1433px; --smush-placeholder-aspect-ratio: 1433\/896;\" \/><figcaption class=\"wp-element-caption\"><em><sup>(Foto: Ot\u00e1vio Santos\/ Secom PMS)<\/sup><\/em><\/figcaption><\/figure>\n\n\n\n<p>Presente na inaugura\u00e7\u00e3o, Lydia Hort\u00e9lio, pesquisadora refer\u00eancia na valoriza\u00e7\u00e3o do brincar como express\u00e3o da identidade e da sabedoria popular, disse se sentir muito contente. \u201cEu acho que a Bahia inaugura hoje um tempo novo, tendo uma casa de cultura da crian\u00e7a. Eu tenho certeza absoluta que essa casa ser\u00e1 um bonito exemplo e eu acho que o mundo novo vir\u00e1 com as crian\u00e7as governando o mundo\u201d, destacou.<\/p>\n\n\n\n<p>A exposi\u00e7\u00e3o e as ambienta\u00e7\u00f5es do Mundo Encantado da Crian\u00e7a foram desenvolvidas em parceria com a Urban95, que assina a proposta curatorial, e contaram com ativa\u00e7\u00f5es l\u00fadicas da Google durante o evento de abertura.<\/p>\n\n\n\n<p>\u201cA nossa proposta aqui foi trazer Lydia, que \u00e9 uma refer\u00eancia para a gente sobre a cultura da inf\u00e2ncia, uma baiana. E eu acho que a grande quest\u00e3o desse espa\u00e7o \u00e9 aproximar a crian\u00e7a da natureza, porque Lydia mesmo nos diz que o brincar est\u00e1 diretamente relacionado com a natureza e n\u00e3o tem como estar separado, ent\u00e3o ela queria muito pensar em um lugar onde a crian\u00e7a pudesse brincar livremente em contato com a natureza, descobrindo a sua inteireza&#8221;, afirmou Marcelo Peroni, consultor da rede Urban95.<\/p>\n\n\n\n<p>\u201cEnt\u00e3o, trouxemos para esse espa\u00e7o algo fundamental: alguns brinquedos muito simples, mas com rela\u00e7\u00e3o com um brincar que \u00e0s vezes n\u00e3o temos visto mais t\u00e3o presentes na vida das pessoas. Muitas vezes elementos muito simples que se transformam num brincar e isso tem um grande valor. Para n\u00f3s da Rede Urban, o fundamental \u00e9 dizer que uma cidade melhor para a crian\u00e7a ser\u00e1 uma cidade melhor para todo o mundo e que n\u00f3s acreditamos que a cidade deva oferecer para a crian\u00e7a possibilidades na altura do olhar dela\u201d, complementou.<\/p>\n\n\n\n<figure class=\"wp-block-image size-large\"><img decoding=\"async\" width=\"1433\" height=\"905\" data-src=\"https:\/\/www.comunicarmais.com.br\/site\/wp-content\/uploads\/2025\/11\/WhatsApp-Image-2025-10-30-at-19.46.46-1-1-1433x905.jpeg\" alt=\"\" class=\"wp-image-11000 lazyload\" data-srcset=\"https:\/\/www.comunicarmais.com.br\/site\/wp-content\/uploads\/2025\/11\/WhatsApp-Image-2025-10-30-at-19.46.46-1-1-1433x905.jpeg 1433w, https:\/\/www.comunicarmais.com.br\/site\/wp-content\/uploads\/2025\/11\/WhatsApp-Image-2025-10-30-at-19.46.46-1-1-1024x646.jpeg 1024w, https:\/\/www.comunicarmais.com.br\/site\/wp-content\/uploads\/2025\/11\/WhatsApp-Image-2025-10-30-at-19.46.46-1-1-768x485.jpeg 768w, https:\/\/www.comunicarmais.com.br\/site\/wp-content\/uploads\/2025\/11\/WhatsApp-Image-2025-10-30-at-19.46.46-1-1-1536x970.jpeg 1536w, https:\/\/www.comunicarmais.com.br\/site\/wp-content\/uploads\/2025\/11\/WhatsApp-Image-2025-10-30-at-19.46.46-1-1.jpeg 1600w\" data-sizes=\"(max-width: 1433px) 100vw, 1433px\" src=\"data:image\/svg+xml;base64,PHN2ZyB3aWR0aD0iMSIgaGVpZ2h0PSIxIiB4bWxucz0iaHR0cDovL3d3dy53My5vcmcvMjAwMC9zdmciPjwvc3ZnPg==\" style=\"--smush-placeholder-width: 1433px; --smush-placeholder-aspect-ratio: 1433\/905;\" \/><figcaption class=\"wp-element-caption\"><em><sup>(Foto: Ot\u00e1vio Santos\/ Secom PMS)<\/sup><\/em><\/figcaption><\/figure>\n\n\n\n<p>Crian\u00e7as e adultos que forem ao Cima tamb\u00e9m poder\u00e3o ter uma experi\u00eancia enriquecedora na Sala Imersiva, onde proje\u00e7\u00f5es inserem os visitantes dentro da Mata Atl\u00e2ntica, em contato com animais, insetos e a vegeta\u00e7\u00e3o em movimento. Al\u00e9m disso, \u00e9 poss\u00edvel contemplar a vista do mar e da orla da Ribeira e de parte do Sub\u00farbio.<\/p>\n\n\n\n<p>\u201cAs crian\u00e7as ficaram super felizes. Muitos deles n\u00e3o t\u00eam acesso a determinadas brincadeiras, determinados espa\u00e7os. Desde a semana passada n\u00f3s comemoramos a semana da crian\u00e7a l\u00e1 na escola. Levamos brinquedos infl\u00e1veis, tobog\u00e3, entre outras recrea\u00e7\u00f5es e hoje culminou com toda essa experi\u00eancia l\u00fadica, ent\u00e3o eles est\u00e3o muito deslumbrados\u201d, contou Mary Martins, professora do 2\u00ba ano na Escola Municipal Professor Freire Filho.<\/p>\n\n\n\n<p>________________________________________________________________________________________________________________<\/p>\n\n\n<p class=\"wp-block-tag-cloud\"><a href=\"https:\/\/www.comunicarmais.com.br\/site\/tag\/bahia\/\" class=\"tag-cloud-link tag-link-171 tag-link-position-1\" style=\"font-size: 17.922330097087pt;\" aria-label=\"Bahia (116 itens)\">Bahia<\/a>\n<a href=\"https:\/\/www.comunicarmais.com.br\/site\/tag\/bolsonaro\/\" class=\"tag-cloud-link tag-link-112 tag-link-position-2\" style=\"font-size: 11.533980582524pt;\" aria-label=\"Bolsonaro (39 itens)\">Bolsonaro<\/a>\n<a href=\"https:\/\/www.comunicarmais.com.br\/site\/tag\/brasil\/\" class=\"tag-cloud-link tag-link-335 tag-link-position-3\" style=\"font-size: 13.029126213592pt;\" aria-label=\"Brasil (50 itens)\">Brasil<\/a>\n<a href=\"https:\/\/www.comunicarmais.com.br\/site\/tag\/camacari\/\" class=\"tag-cloud-link tag-link-435 tag-link-position-4\" style=\"font-size: 8.8155339805825pt;\" aria-label=\"Cama\u00e7ari (24 itens)\">Cama\u00e7ari<\/a>\n<a href=\"https:\/\/www.comunicarmais.com.br\/site\/tag\/carnaval\/\" class=\"tag-cloud-link tag-link-508 tag-link-position-5\" style=\"font-size: 12.893203883495pt;\" aria-label=\"Carnaval (49 itens)\">Carnaval<\/a>\n<a href=\"https:\/\/www.comunicarmais.com.br\/site\/tag\/cbx\/\" class=\"tag-cloud-link tag-link-1602 tag-link-position-6\" style=\"font-size: 11.398058252427pt;\" aria-label=\"CBX (38 itens)\">CBX<\/a>\n<a href=\"https:\/\/www.comunicarmais.com.br\/site\/tag\/cidade-baixa\/\" class=\"tag-cloud-link tag-link-456 tag-link-position-7\" style=\"font-size: 9.9029126213592pt;\" aria-label=\"Cidade Baixa (29 itens)\">Cidade Baixa<\/a>\n<a href=\"https:\/\/www.comunicarmais.com.br\/site\/tag\/cinema\/\" class=\"tag-cloud-link tag-link-985 tag-link-position-8\" style=\"font-size: 11.126213592233pt;\" aria-label=\"Cinema (36 itens)\">Cinema<\/a>\n<a href=\"https:\/\/www.comunicarmais.com.br\/site\/tag\/cultura\/\" class=\"tag-cloud-link tag-link-231 tag-link-position-9\" style=\"font-size: 12.21359223301pt;\" aria-label=\"Cultura (44 itens)\">Cultura<\/a>\n<a href=\"https:\/\/www.comunicarmais.com.br\/site\/tag\/drogas\/\" class=\"tag-cloud-link tag-link-165 tag-link-position-10\" style=\"font-size: 12.757281553398pt;\" aria-label=\"Drogas (48 itens)\">Drogas<\/a>\n<a href=\"https:\/\/www.comunicarmais.com.br\/site\/tag\/educacao\/\" class=\"tag-cloud-link tag-link-228 tag-link-position-11\" style=\"font-size: 12.621359223301pt;\" aria-label=\"Educa\u00e7\u00e3o (47 itens)\">Educa\u00e7\u00e3o<\/a>\n<a href=\"https:\/\/www.comunicarmais.com.br\/site\/tag\/ensino\/\" class=\"tag-cloud-link tag-link-233 tag-link-position-12\" style=\"font-size: 10.446601941748pt;\" aria-label=\"Ensino (32 itens)\">Ensino<\/a>\n<a href=\"https:\/\/www.comunicarmais.com.br\/site\/tag\/escola\/\" class=\"tag-cloud-link tag-link-229 tag-link-position-13\" style=\"font-size: 9.631067961165pt;\" aria-label=\"Escola (28 itens)\">Escola<\/a>\n<a href=\"https:\/\/www.comunicarmais.com.br\/site\/tag\/eua\/\" class=\"tag-cloud-link tag-link-664 tag-link-position-14\" style=\"font-size: 12.077669902913pt;\" aria-label=\"EUA (43 itens)\">EUA<\/a>\n<a href=\"https:\/\/www.comunicarmais.com.br\/site\/tag\/feira-de-santana\/\" class=\"tag-cloud-link tag-link-642 tag-link-position-15\" style=\"font-size: 9.2233009708738pt;\" aria-label=\"Feira de Santana (26 itens)\">Feira de Santana<\/a>\n<a href=\"https:\/\/www.comunicarmais.com.br\/site\/tag\/ficco\/\" class=\"tag-cloud-link tag-link-143 tag-link-position-16\" style=\"font-size: 9.2233009708738pt;\" aria-label=\"Ficco (26 itens)\">Ficco<\/a>\n<a href=\"https:\/\/www.comunicarmais.com.br\/site\/tag\/folia\/\" class=\"tag-cloud-link tag-link-566 tag-link-position-17\" style=\"font-size: 9.2233009708738pt;\" aria-label=\"Folia (26 itens)\">Folia<\/a>\n<a href=\"https:\/\/www.comunicarmais.com.br\/site\/tag\/futebol\/\" class=\"tag-cloud-link tag-link-40 tag-link-position-18\" style=\"font-size: 13.029126213592pt;\" aria-label=\"Futebol (50 itens)\">Futebol<\/a>\n<a href=\"https:\/\/www.comunicarmais.com.br\/site\/tag\/homicidio\/\" class=\"tag-cloud-link tag-link-101 tag-link-position-19\" style=\"font-size: 10.582524271845pt;\" aria-label=\"Homic\u00eddio (33 itens)\">Homic\u00eddio<\/a>\n<a href=\"https:\/\/www.comunicarmais.com.br\/site\/tag\/itapagipe\/\" class=\"tag-cloud-link tag-link-471 tag-link-position-20\" style=\"font-size: 10.038834951456pt;\" aria-label=\"Itapagipe (30 itens)\">Itapagipe<\/a>\n<a href=\"https:\/\/www.comunicarmais.com.br\/site\/tag\/itaparica\/\" class=\"tag-cloud-link tag-link-301 tag-link-position-21\" style=\"font-size: 8pt;\" aria-label=\"Itaparica (21 itens)\">Itaparica<\/a>\n<a href=\"https:\/\/www.comunicarmais.com.br\/site\/tag\/jeronimo-rodrigues\/\" class=\"tag-cloud-link tag-link-668 tag-link-position-22\" style=\"font-size: 8.2718446601942pt;\" aria-label=\"Jer\u00f4nimo Rodrigues (22 itens)\">Jer\u00f4nimo Rodrigues<\/a>\n<a href=\"https:\/\/www.comunicarmais.com.br\/site\/tag\/justica\/\" class=\"tag-cloud-link tag-link-361 tag-link-position-23\" style=\"font-size: 10.582524271845pt;\" aria-label=\"Justi\u00e7a (33 itens)\">Justi\u00e7a<\/a>\n<a href=\"https:\/\/www.comunicarmais.com.br\/site\/tag\/lauro-de-freitas\/\" class=\"tag-cloud-link tag-link-594 tag-link-position-24\" style=\"font-size: 18.194174757282pt;\" aria-label=\"Lauro de Freitas (122 itens)\">Lauro de Freitas<\/a>\n<a href=\"https:\/\/www.comunicarmais.com.br\/site\/tag\/lazer\/\" class=\"tag-cloud-link tag-link-568 tag-link-position-25\" style=\"font-size: 9.2233009708738pt;\" aria-label=\"Lazer (26 itens)\">Lazer<\/a>\n<a href=\"https:\/\/www.comunicarmais.com.br\/site\/tag\/lula\/\" class=\"tag-cloud-link tag-link-416 tag-link-position-26\" style=\"font-size: 12.21359223301pt;\" aria-label=\"Lula (44 itens)\">Lula<\/a>\n<a href=\"https:\/\/www.comunicarmais.com.br\/site\/tag\/meio-ambiente\/\" class=\"tag-cloud-link tag-link-475 tag-link-position-27\" style=\"font-size: 12.21359223301pt;\" aria-label=\"Meio Ambiente (44 itens)\">Meio Ambiente<\/a>\n<a href=\"https:\/\/www.comunicarmais.com.br\/site\/tag\/mobilidade\/\" class=\"tag-cloud-link tag-link-278 tag-link-position-28\" style=\"font-size: 13.844660194175pt;\" aria-label=\"Mobilidade (58 itens)\">Mobilidade<\/a>\n<a href=\"https:\/\/www.comunicarmais.com.br\/site\/tag\/mulher\/\" class=\"tag-cloud-link tag-link-450 tag-link-position-29\" style=\"font-size: 13.300970873786pt;\" aria-label=\"mulher (53 itens)\">mulher<\/a>\n<a href=\"https:\/\/www.comunicarmais.com.br\/site\/tag\/musica-2\/\" class=\"tag-cloud-link tag-link-747 tag-link-position-30\" style=\"font-size: 12.21359223301pt;\" aria-label=\"M\u00fasica (44 itens)\">M\u00fasica<\/a>\n<a href=\"https:\/\/www.comunicarmais.com.br\/site\/tag\/pcba\/\" class=\"tag-cloud-link tag-link-1332 tag-link-position-31\" style=\"font-size: 15.067961165049pt;\" aria-label=\"PCBA (72 itens)\">PCBA<\/a>\n<a href=\"https:\/\/www.comunicarmais.com.br\/site\/tag\/pmba\/\" class=\"tag-cloud-link tag-link-53 tag-link-position-32\" style=\"font-size: 18.194174757282pt;\" aria-label=\"PMBA (123 itens)\">PMBA<\/a>\n<a href=\"https:\/\/www.comunicarmais.com.br\/site\/tag\/policia-federal\/\" class=\"tag-cloud-link tag-link-620 tag-link-position-33\" style=\"font-size: 8.9514563106796pt;\" aria-label=\"Pol\u00edcia Federal (25 itens)\">Pol\u00edcia Federal<\/a>\n<a href=\"https:\/\/www.comunicarmais.com.br\/site\/tag\/politica\/\" class=\"tag-cloud-link tag-link-495 tag-link-position-34\" style=\"font-size: 16.291262135922pt;\" aria-label=\"Pol\u00edtica (89 itens)\">Pol\u00edtica<\/a>\n<a href=\"https:\/\/www.comunicarmais.com.br\/site\/tag\/rio-de-janeiro\/\" class=\"tag-cloud-link tag-link-152 tag-link-position-35\" style=\"font-size: 9.9029126213592pt;\" aria-label=\"Rio de Janeiro (29 itens)\">Rio de Janeiro<\/a>\n<a href=\"https:\/\/www.comunicarmais.com.br\/site\/tag\/salvador\/\" class=\"tag-cloud-link tag-link-125 tag-link-position-36\" style=\"font-size: 22pt;\" aria-label=\"Salvador (234 itens)\">Salvador<\/a>\n<a href=\"https:\/\/www.comunicarmais.com.br\/site\/tag\/saude\/\" class=\"tag-cloud-link tag-link-42 tag-link-position-37\" style=\"font-size: 17.78640776699pt;\" aria-label=\"Sa\u00fade (115 itens)\">Sa\u00fade<\/a>\n<a href=\"https:\/\/www.comunicarmais.com.br\/site\/tag\/seguranca\/\" class=\"tag-cloud-link tag-link-48 tag-link-position-38\" style=\"font-size: 9.2233009708738pt;\" aria-label=\"Seguran\u00e7a (26 itens)\">Seguran\u00e7a<\/a>\n<a href=\"https:\/\/www.comunicarmais.com.br\/site\/tag\/ssp-ba\/\" class=\"tag-cloud-link tag-link-1937 tag-link-position-39\" style=\"font-size: 8.9514563106796pt;\" aria-label=\"SSP-BA (25 itens)\">SSP-BA<\/a>\n<a href=\"https:\/\/www.comunicarmais.com.br\/site\/tag\/sspba\/\" class=\"tag-cloud-link tag-link-144 tag-link-position-40\" style=\"font-size: 11.398058252427pt;\" aria-label=\"SSPBA (38 itens)\">SSPBA<\/a>\n<a href=\"https:\/\/www.comunicarmais.com.br\/site\/tag\/stf\/\" class=\"tag-cloud-link tag-link-68 tag-link-position-41\" style=\"font-size: 14.252427184466pt;\" aria-label=\"STF (62 itens)\">STF<\/a>\n<a href=\"https:\/\/www.comunicarmais.com.br\/site\/tag\/sao-paulo\/\" class=\"tag-cloud-link tag-link-612 tag-link-position-42\" style=\"font-size: 8pt;\" aria-label=\"S\u00e3o Paulo (21 itens)\">S\u00e3o Paulo<\/a>\n<a href=\"https:\/\/www.comunicarmais.com.br\/site\/tag\/transito-2\/\" class=\"tag-cloud-link tag-link-377 tag-link-position-43\" style=\"font-size: 8.2718446601942pt;\" aria-label=\"tr\u00e2nsito (22 itens)\">tr\u00e2nsito<\/a>\n<a href=\"https:\/\/www.comunicarmais.com.br\/site\/tag\/turismo\/\" class=\"tag-cloud-link tag-link-225 tag-link-position-44\" style=\"font-size: 9.631067961165pt;\" aria-label=\"Turismo (28 itens)\">Turismo<\/a>\n<a href=\"https:\/\/www.comunicarmais.com.br\/site\/tag\/uruguai\/\" class=\"tag-cloud-link tag-link-323 tag-link-position-45\" style=\"font-size: 9.631067961165pt;\" aria-label=\"Uruguai (28 itens)\">Uruguai<\/a><\/p>","protected":false},"excerpt":{"rendered":"<p>Novo espa\u00e7o chega para fortalecer o compromisso da cidade com o direito de brincar e com a valoriza\u00e7\u00e3o da inf\u00e2ncia<\/p>\n","protected":false},"author":2,"featured_media":10996,"comment_status":"open","ping_status":"open","sticky":false,"template":"","format":"standard","meta":{"_acf_changed":false,"footnotes":""},"categories":[11],"tags":[1299,680,3097,982],"class_list":["post-10993","post","type-post","status-publish","format-standard","has-post-thumbnail","hentry","category-cultura-lazer","tag-crianca","tag-infancia-2","tag-mata-atlantica","tag-sustentabilidade"],"acf":[],"yoast_head":"<!-- This site is optimized with the Yoast SEO plugin v26.1.1 - https:\/\/yoast.com\/wordpress\/plugins\/seo\/ -->\n<title>Prefeitura de Salvador inaugura Mundo Encantado da Crian\u00e7a no Centro de Interpreta\u00e7\u00e3o da Mata Atl\u00e2ntica - Comunicar Mais<\/title>\n<meta name=\"description\" content=\"Novo espa\u00e7o chega para fortalecer o compromisso da cidade com o direito de brincar e com a valoriza\u00e7\u00e3o da inf\u00e2ncia\" \/>\n<meta name=\"robots\" content=\"index, follow, max-snippet:-1, max-image-preview:large, max-video-preview:-1\" \/>\n<link rel=\"canonical\" href=\"https:\/\/www.comunicarmais.com.br\/site\/2025\/10\/30\/prefeitura-de-salvador-inaugura-mundo-encantado-da-crianca-no-centro-de-interpretacao-da-mata-atlantica\/\" \/>\n<meta property=\"og:locale\" content=\"pt_BR\" \/>\n<meta property=\"og:type\" content=\"article\" \/>\n<meta property=\"og:title\" content=\"Prefeitura de Salvador inaugura Mundo Encantado da Crian\u00e7a no Centro de Interpreta\u00e7\u00e3o da Mata Atl\u00e2ntica - Comunicar Mais\" \/>\n<meta property=\"og:description\" content=\"Novo espa\u00e7o chega para fortalecer o compromisso da cidade com o direito de brincar e com a valoriza\u00e7\u00e3o da inf\u00e2ncia\" \/>\n<meta property=\"og:url\" content=\"https:\/\/www.comunicarmais.com.br\/site\/2025\/10\/30\/prefeitura-de-salvador-inaugura-mundo-encantado-da-crianca-no-centro-de-interpretacao-da-mata-atlantica\/\" \/>\n<meta property=\"og:site_name\" content=\"Comunicar Mais\" \/>\n<meta property=\"article:publisher\" content=\"https:\/\/www.facebook.com\/comunicarmais\/\" \/>\n<meta property=\"article:author\" content=\"https:\/\/www.facebook.com\/comunicarmais\/\" \/>\n<meta property=\"article:published_time\" content=\"2025-10-30T23:06:00+00:00\" \/>\n<meta property=\"article:modified_time\" content=\"2025-11-05T02:06:46+00:00\" \/>\n<meta property=\"og:image\" content=\"https:\/\/www.comunicarmais.com.br\/site\/wp-content\/uploads\/2025\/11\/WhatsApp-Image-2025-10-30-at-19.46.46-1.jpeg\" \/>\n\t<meta property=\"og:image:width\" content=\"1600\" \/>\n\t<meta property=\"og:image:height\" content=\"1010\" \/>\n\t<meta property=\"og:image:type\" content=\"image\/jpeg\" \/>\n<meta name=\"author\" content=\"Comunicar Mais\" \/>\n<meta name=\"twitter:card\" content=\"summary_large_image\" \/>\n<meta name=\"twitter:creator\" content=\"@ComunicarmaisBA\" \/>\n<meta name=\"twitter:site\" content=\"@ComunicarmaisBA\" \/>\n<meta name=\"twitter:label1\" content=\"Escrito por\" \/>\n\t<meta name=\"twitter:data1\" content=\"Comunicar Mais\" \/>\n\t<meta name=\"twitter:label2\" content=\"Est. tempo de leitura\" \/>\n\t<meta name=\"twitter:data2\" content=\"7 minutos\" \/>\n<script type=\"application\/ld+json\" class=\"yoast-schema-graph\">{\"@context\":\"https:\/\/schema.org\",\"@graph\":[{\"@type\":\"WebPage\",\"@id\":\"https:\/\/www.comunicarmais.com.br\/site\/2025\/10\/30\/prefeitura-de-salvador-inaugura-mundo-encantado-da-crianca-no-centro-de-interpretacao-da-mata-atlantica\/\",\"url\":\"https:\/\/www.comunicarmais.com.br\/site\/2025\/10\/30\/prefeitura-de-salvador-inaugura-mundo-encantado-da-crianca-no-centro-de-interpretacao-da-mata-atlantica\/\",\"name\":\"Prefeitura de Salvador inaugura Mundo Encantado da Crian\u00e7a no Centro de Interpreta\u00e7\u00e3o da Mata Atl\u00e2ntica - Comunicar Mais\",\"isPartOf\":{\"@id\":\"https:\/\/www.comunicarmais.com.br\/site\/#website\"},\"primaryImageOfPage\":{\"@id\":\"https:\/\/www.comunicarmais.com.br\/site\/2025\/10\/30\/prefeitura-de-salvador-inaugura-mundo-encantado-da-crianca-no-centro-de-interpretacao-da-mata-atlantica\/#primaryimage\"},\"image\":{\"@id\":\"https:\/\/www.comunicarmais.com.br\/site\/2025\/10\/30\/prefeitura-de-salvador-inaugura-mundo-encantado-da-crianca-no-centro-de-interpretacao-da-mata-atlantica\/#primaryimage\"},\"thumbnailUrl\":\"https:\/\/www.comunicarmais.com.br\/site\/wp-content\/uploads\/2025\/11\/WhatsApp-Image-2025-10-30-at-19.46.46-1.jpeg\",\"datePublished\":\"2025-10-30T23:06:00+00:00\",\"dateModified\":\"2025-11-05T02:06:46+00:00\",\"author\":{\"@id\":\"https:\/\/www.comunicarmais.com.br\/site\/#\/schema\/person\/712f7b6b25b644e4a91c4173674cf284\"},\"description\":\"Novo espa\u00e7o chega para fortalecer o compromisso da cidade com o direito de brincar e com a valoriza\u00e7\u00e3o da inf\u00e2ncia\",\"breadcrumb\":{\"@id\":\"https:\/\/www.comunicarmais.com.br\/site\/2025\/10\/30\/prefeitura-de-salvador-inaugura-mundo-encantado-da-crianca-no-centro-de-interpretacao-da-mata-atlantica\/#breadcrumb\"},\"inLanguage\":\"pt-BR\",\"potentialAction\":[{\"@type\":\"ReadAction\",\"target\":[\"https:\/\/www.comunicarmais.com.br\/site\/2025\/10\/30\/prefeitura-de-salvador-inaugura-mundo-encantado-da-crianca-no-centro-de-interpretacao-da-mata-atlantica\/\"]}]},{\"@type\":\"ImageObject\",\"inLanguage\":\"pt-BR\",\"@id\":\"https:\/\/www.comunicarmais.com.br\/site\/2025\/10\/30\/prefeitura-de-salvador-inaugura-mundo-encantado-da-crianca-no-centro-de-interpretacao-da-mata-atlantica\/#primaryimage\",\"url\":\"https:\/\/www.comunicarmais.com.br\/site\/wp-content\/uploads\/2025\/11\/WhatsApp-Image-2025-10-30-at-19.46.46-1.jpeg\",\"contentUrl\":\"https:\/\/www.comunicarmais.com.br\/site\/wp-content\/uploads\/2025\/11\/WhatsApp-Image-2025-10-30-at-19.46.46-1.jpeg\",\"width\":1600,\"height\":1010},{\"@type\":\"BreadcrumbList\",\"@id\":\"https:\/\/www.comunicarmais.com.br\/site\/2025\/10\/30\/prefeitura-de-salvador-inaugura-mundo-encantado-da-crianca-no-centro-de-interpretacao-da-mata-atlantica\/#breadcrumb\",\"itemListElement\":[{\"@type\":\"ListItem\",\"position\":1,\"name\":\"In\u00edcio\",\"item\":\"https:\/\/www.comunicarmais.com.br\/site\/\"},{\"@type\":\"ListItem\",\"position\":2,\"name\":\"Prefeitura de Salvador inaugura Mundo Encantado da Crian\u00e7a no Centro de Interpreta\u00e7\u00e3o da Mata Atl\u00e2ntica\"}]},{\"@type\":\"WebSite\",\"@id\":\"https:\/\/www.comunicarmais.com.br\/site\/#website\",\"url\":\"https:\/\/www.comunicarmais.com.br\/site\/\",\"name\":\"Comunicar Mais\",\"description\":\"\",\"potentialAction\":[{\"@type\":\"SearchAction\",\"target\":{\"@type\":\"EntryPoint\",\"urlTemplate\":\"https:\/\/www.comunicarmais.com.br\/site\/?s={search_term_string}\"},\"query-input\":{\"@type\":\"PropertyValueSpecification\",\"valueRequired\":true,\"valueName\":\"search_term_string\"}}],\"inLanguage\":\"pt-BR\"},{\"@type\":\"Person\",\"@id\":\"https:\/\/www.comunicarmais.com.br\/site\/#\/schema\/person\/712f7b6b25b644e4a91c4173674cf284\",\"name\":\"Comunicar Mais\",\"image\":{\"@type\":\"ImageObject\",\"inLanguage\":\"pt-BR\",\"@id\":\"https:\/\/www.comunicarmais.com.br\/site\/#\/schema\/person\/image\/\",\"url\":\"https:\/\/secure.gravatar.com\/avatar\/9803218072e2c0dc265d3d787b54c2c33325e79f79732707fddfbf1efd82c678?s=96&d=mm&r=g\",\"contentUrl\":\"https:\/\/secure.gravatar.com\/avatar\/9803218072e2c0dc265d3d787b54c2c33325e79f79732707fddfbf1efd82c678?s=96&d=mm&r=g\",\"caption\":\"Comunicar Mais\"},\"description\":\"Deixe as ideologias com os ide\u00f3logos. Noticiamos fatos, n\u00e3o brigamos com eles. Aqui, voc\u00ea fica bem informado do que acontece no seu bairro e no mundo. Informar com \u00e9tica e responsabilidade s\u00e3o as bandeiras do Comunicarmais.\",\"sameAs\":[\"https:\/\/www.comunicarmais.com.br\/site\/\",\"https:\/\/www.facebook.com\/comunicarmais\/\",\"https:\/\/www.instagram.com\/comunicarmaisba\/\",\"https:\/\/x.com\/ComunicarmaisBA\"],\"url\":\"https:\/\/www.comunicarmais.com.br\/site\/author\/gerenciador\/\"}]}<\/script>\n<!-- \/ Yoast SEO plugin. -->","yoast_head_json":{"title":"Prefeitura de Salvador inaugura Mundo Encantado da Crian\u00e7a no Centro de Interpreta\u00e7\u00e3o da Mata Atl\u00e2ntica - Comunicar Mais","description":"Novo espa\u00e7o chega para fortalecer o compromisso da cidade com o direito de brincar e com a valoriza\u00e7\u00e3o da inf\u00e2ncia","robots":{"index":"index","follow":"follow","max-snippet":"max-snippet:-1","max-image-preview":"max-image-preview:large","max-video-preview":"max-video-preview:-1"},"canonical":"https:\/\/www.comunicarmais.com.br\/site\/2025\/10\/30\/prefeitura-de-salvador-inaugura-mundo-encantado-da-crianca-no-centro-de-interpretacao-da-mata-atlantica\/","og_locale":"pt_BR","og_type":"article","og_title":"Prefeitura de Salvador inaugura Mundo Encantado da Crian\u00e7a no Centro de Interpreta\u00e7\u00e3o da Mata Atl\u00e2ntica - Comunicar Mais","og_description":"Novo espa\u00e7o chega para fortalecer o compromisso da cidade com o direito de brincar e com a valoriza\u00e7\u00e3o da inf\u00e2ncia","og_url":"https:\/\/www.comunicarmais.com.br\/site\/2025\/10\/30\/prefeitura-de-salvador-inaugura-mundo-encantado-da-crianca-no-centro-de-interpretacao-da-mata-atlantica\/","og_site_name":"Comunicar Mais","article_publisher":"https:\/\/www.facebook.com\/comunicarmais\/","article_author":"https:\/\/www.facebook.com\/comunicarmais\/","article_published_time":"2025-10-30T23:06:00+00:00","article_modified_time":"2025-11-05T02:06:46+00:00","og_image":[{"width":1600,"height":1010,"url":"https:\/\/www.comunicarmais.com.br\/site\/wp-content\/uploads\/2025\/11\/WhatsApp-Image-2025-10-30-at-19.46.46-1.jpeg","type":"image\/jpeg"}],"author":"Comunicar Mais","twitter_card":"summary_large_image","twitter_creator":"@ComunicarmaisBA","twitter_site":"@ComunicarmaisBA","twitter_misc":{"Escrito por":"Comunicar Mais","Est. tempo de leitura":"7 minutos"},"schema":{"@context":"https:\/\/schema.org","@graph":[{"@type":"WebPage","@id":"https:\/\/www.comunicarmais.com.br\/site\/2025\/10\/30\/prefeitura-de-salvador-inaugura-mundo-encantado-da-crianca-no-centro-de-interpretacao-da-mata-atlantica\/","url":"https:\/\/www.comunicarmais.com.br\/site\/2025\/10\/30\/prefeitura-de-salvador-inaugura-mundo-encantado-da-crianca-no-centro-de-interpretacao-da-mata-atlantica\/","name":"Prefeitura de Salvador inaugura Mundo Encantado da Crian\u00e7a no Centro de Interpreta\u00e7\u00e3o da Mata Atl\u00e2ntica - Comunicar Mais","isPartOf":{"@id":"https:\/\/www.comunicarmais.com.br\/site\/#website"},"primaryImageOfPage":{"@id":"https:\/\/www.comunicarmais.com.br\/site\/2025\/10\/30\/prefeitura-de-salvador-inaugura-mundo-encantado-da-crianca-no-centro-de-interpretacao-da-mata-atlantica\/#primaryimage"},"image":{"@id":"https:\/\/www.comunicarmais.com.br\/site\/2025\/10\/30\/prefeitura-de-salvador-inaugura-mundo-encantado-da-crianca-no-centro-de-interpretacao-da-mata-atlantica\/#primaryimage"},"thumbnailUrl":"https:\/\/www.comunicarmais.com.br\/site\/wp-content\/uploads\/2025\/11\/WhatsApp-Image-2025-10-30-at-19.46.46-1.jpeg","datePublished":"2025-10-30T23:06:00+00:00","dateModified":"2025-11-05T02:06:46+00:00","author":{"@id":"https:\/\/www.comunicarmais.com.br\/site\/#\/schema\/person\/712f7b6b25b644e4a91c4173674cf284"},"description":"Novo espa\u00e7o chega para fortalecer o compromisso da cidade com o direito de brincar e com a valoriza\u00e7\u00e3o da inf\u00e2ncia","breadcrumb":{"@id":"https:\/\/www.comunicarmais.com.br\/site\/2025\/10\/30\/prefeitura-de-salvador-inaugura-mundo-encantado-da-crianca-no-centro-de-interpretacao-da-mata-atlantica\/#breadcrumb"},"inLanguage":"pt-BR","potentialAction":[{"@type":"ReadAction","target":["https:\/\/www.comunicarmais.com.br\/site\/2025\/10\/30\/prefeitura-de-salvador-inaugura-mundo-encantado-da-crianca-no-centro-de-interpretacao-da-mata-atlantica\/"]}]},{"@type":"ImageObject","inLanguage":"pt-BR","@id":"https:\/\/www.comunicarmais.com.br\/site\/2025\/10\/30\/prefeitura-de-salvador-inaugura-mundo-encantado-da-crianca-no-centro-de-interpretacao-da-mata-atlantica\/#primaryimage","url":"https:\/\/www.comunicarmais.com.br\/site\/wp-content\/uploads\/2025\/11\/WhatsApp-Image-2025-10-30-at-19.46.46-1.jpeg","contentUrl":"https:\/\/www.comunicarmais.com.br\/site\/wp-content\/uploads\/2025\/11\/WhatsApp-Image-2025-10-30-at-19.46.46-1.jpeg","width":1600,"height":1010},{"@type":"BreadcrumbList","@id":"https:\/\/www.comunicarmais.com.br\/site\/2025\/10\/30\/prefeitura-de-salvador-inaugura-mundo-encantado-da-crianca-no-centro-de-interpretacao-da-mata-atlantica\/#breadcrumb","itemListElement":[{"@type":"ListItem","position":1,"name":"In\u00edcio","item":"https:\/\/www.comunicarmais.com.br\/site\/"},{"@type":"ListItem","position":2,"name":"Prefeitura de Salvador inaugura Mundo Encantado da Crian\u00e7a no Centro de Interpreta\u00e7\u00e3o da Mata Atl\u00e2ntica"}]},{"@type":"WebSite","@id":"https:\/\/www.comunicarmais.com.br\/site\/#website","url":"https:\/\/www.comunicarmais.com.br\/site\/","name":"Comunicar Mais","description":"","potentialAction":[{"@type":"SearchAction","target":{"@type":"EntryPoint","urlTemplate":"https:\/\/www.comunicarmais.com.br\/site\/?s={search_term_string}"},"query-input":{"@type":"PropertyValueSpecification","valueRequired":true,"valueName":"search_term_string"}}],"inLanguage":"pt-BR"},{"@type":"Person","@id":"https:\/\/www.comunicarmais.com.br\/site\/#\/schema\/person\/712f7b6b25b644e4a91c4173674cf284","name":"Comunicar Mais","image":{"@type":"ImageObject","inLanguage":"pt-BR","@id":"https:\/\/www.comunicarmais.com.br\/site\/#\/schema\/person\/image\/","url":"https:\/\/secure.gravatar.com\/avatar\/9803218072e2c0dc265d3d787b54c2c33325e79f79732707fddfbf1efd82c678?s=96&d=mm&r=g","contentUrl":"https:\/\/secure.gravatar.com\/avatar\/9803218072e2c0dc265d3d787b54c2c33325e79f79732707fddfbf1efd82c678?s=96&d=mm&r=g","caption":"Comunicar Mais"},"description":"Deixe as ideologias com os ide\u00f3logos. Noticiamos fatos, n\u00e3o brigamos com eles. Aqui, voc\u00ea fica bem informado do que acontece no seu bairro e no mundo. Informar com \u00e9tica e responsabilidade s\u00e3o as bandeiras do Comunicarmais.","sameAs":["https:\/\/www.comunicarmais.com.br\/site\/","https:\/\/www.facebook.com\/comunicarmais\/","https:\/\/www.instagram.com\/comunicarmaisba\/","https:\/\/x.com\/ComunicarmaisBA"],"url":"https:\/\/www.comunicarmais.com.br\/site\/author\/gerenciador\/"}]}},"_links":{"self":[{"href":"https:\/\/www.comunicarmais.com.br\/site\/wp-json\/wp\/v2\/posts\/10993","targetHints":{"allow":["GET"]}}],"collection":[{"href":"https:\/\/www.comunicarmais.com.br\/site\/wp-json\/wp\/v2\/posts"}],"about":[{"href":"https:\/\/www.comunicarmais.com.br\/site\/wp-json\/wp\/v2\/types\/post"}],"author":[{"embeddable":true,"href":"https:\/\/www.comunicarmais.com.br\/site\/wp-json\/wp\/v2\/users\/2"}],"replies":[{"embeddable":true,"href":"https:\/\/www.comunicarmais.com.br\/site\/wp-json\/wp\/v2\/comments?post=10993"}],"version-history":[{"count":1,"href":"https:\/\/www.comunicarmais.com.br\/site\/wp-json\/wp\/v2\/posts\/10993\/revisions"}],"predecessor-version":[{"id":11001,"href":"https:\/\/www.comunicarmais.com.br\/site\/wp-json\/wp\/v2\/posts\/10993\/revisions\/11001"}],"wp:featuredmedia":[{"embeddable":true,"href":"https:\/\/www.comunicarmais.com.br\/site\/wp-json\/wp\/v2\/media\/10996"}],"wp:attachment":[{"href":"https:\/\/www.comunicarmais.com.br\/site\/wp-json\/wp\/v2\/media?parent=10993"}],"wp:term":[{"taxonomy":"category","embeddable":true,"href":"https:\/\/www.comunicarmais.com.br\/site\/wp-json\/wp\/v2\/categories?post=10993"},{"taxonomy":"post_tag","embeddable":true,"href":"https:\/\/www.comunicarmais.com.br\/site\/wp-json\/wp\/v2\/tags?post=10993"}],"curies":[{"name":"wp","href":"https:\/\/api.w.org\/{rel}","templated":true}]}}