{"id":10597,"date":"2025-10-09T17:05:00","date_gmt":"2025-10-09T20:05:00","guid":{"rendered":"https:\/\/www.comunicarmais.com.br\/site\/?p=10597"},"modified":"2025-10-13T00:51:37","modified_gmt":"2025-10-13T03:51:37","slug":"nova-linha-de-onibus-com-saida-do-terminal-campinas-leva-mais-mobilidade-a-moradores-do-dique-do-cabrito","status":"publish","type":"post","link":"https:\/\/www.comunicarmais.com.br\/site\/2025\/10\/09\/nova-linha-de-onibus-com-saida-do-terminal-campinas-leva-mais-mobilidade-a-moradores-do-dique-do-cabrito\/","title":{"rendered":"Nova linha de \u00f4nibus com sa\u00edda do Terminal Campinas leva mais mobilidade a moradores do Dique do Cabrito"},"content":{"rendered":"\n<p><strong>Novo itiner\u00e1rio, que funciona das 5h \u00e0s 21h20 em dias \u00fateis e aos s\u00e1bados, atende a uma antiga reivindica\u00e7\u00e3o dos moradores<\/strong><\/p>\n\n\n\n<figure class=\"wp-block-image size-full\"><img decoding=\"async\" width=\"1280\" height=\"853\" data-src=\"https:\/\/www.comunicarmais.com.br\/site\/wp-content\/uploads\/2025\/10\/WhatsApp-Image-2025-10-09-at-16.13.48.jpeg\" alt=\"\" class=\"wp-image-10599 lazyload\" data-srcset=\"https:\/\/www.comunicarmais.com.br\/site\/wp-content\/uploads\/2025\/10\/WhatsApp-Image-2025-10-09-at-16.13.48.jpeg 1280w, https:\/\/www.comunicarmais.com.br\/site\/wp-content\/uploads\/2025\/10\/WhatsApp-Image-2025-10-09-at-16.13.48-1024x682.jpeg 1024w, https:\/\/www.comunicarmais.com.br\/site\/wp-content\/uploads\/2025\/10\/WhatsApp-Image-2025-10-09-at-16.13.48-768x512.jpeg 768w\" data-sizes=\"(max-width: 1280px) 100vw, 1280px\" src=\"data:image\/svg+xml;base64,PHN2ZyB3aWR0aD0iMSIgaGVpZ2h0PSIxIiB4bWxucz0iaHR0cDovL3d3dy53My5vcmcvMjAwMC9zdmciPjwvc3ZnPg==\" style=\"--smush-placeholder-width: 1280px; --smush-placeholder-aspect-ratio: 1280\/853;\" \/><figcaption class=\"wp-element-caption\"><em><sup>(Foto: Bruno Concha \/ Secom PMS)<\/sup><\/em><\/figcaption><\/figure>\n\n\n\n<p><strong>Reda\u00e7\u00e3o Mais &#8211; <\/strong>A linha de \u00f4nibus 1800 &#8211; Terminal Campinas x Oscar Seixas\/Dique do Cabrito entrou em opera\u00e7\u00e3o na manh\u00e3 de quinta-feira (9), trazendo mais uma op\u00e7\u00e3o de mobilidade para quem vive ou trabalha na regi\u00e3o de Piraj\u00e1, do Alto do Cabrito e adjac\u00eancias. O servi\u00e7o, que foi criado pela Prefeitura de Salvador, por meio da Secretaria de Mobilidade (Semob), come\u00e7ou a circular com sa\u00edda do Terminal Campinas de Piraj\u00e1, ao lado da esta\u00e7\u00e3o de metr\u00f4 de mesmo nome.<\/p>\n\n\n\n<p>A nova linha, que funciona das 5h \u00e0s 21h20 em dias \u00fateis e aos s\u00e1bados, atende a uma antiga reivindica\u00e7\u00e3o dos moradores. A partir de agora, os \u00f4nibus passam a ligar diretamente o Dique do Cabrito, a Rua Oscar Seixas e o Alto do Cabrito ao metr\u00f4, encurtando dist\u00e2ncias e devolvendo tempo e seguran\u00e7a a quem depende do transporte p\u00fablico todos os dias.<\/p>\n\n\n\n<p>Para o morador e rodovi\u00e1rio Pedro Souza, de 45 anos, o in\u00edcio da opera\u00e7\u00e3o vai mudar o cotidiano de quem antes precisava caminhar longos trechos at\u00e9 o ponto mais pr\u00f3ximo. \u201cAntes, a gente tinha muita dificuldade de acesso ao metr\u00f4. Agora, vai facilitar muito, porque teremos integra\u00e7\u00e3o com toda a cidade. O \u00f4nibus vai passar praticamente na porta de casa, o que d\u00e1 mais seguran\u00e7a, principalmente \u00e0 noite. Antes a gente andava muito, e agora podemos ir e voltar com tranquilidade\u201d, contou.<\/p>\n\n\n\n<p>De acordo com o secret\u00e1rio de Mobilidade, Pablo Souza, a cria\u00e7\u00e3o da linha 1800 simboliza uma conquista coletiva. \u201cA linha chega para atender aos anseios da comunidade, especialmente dos moradores da Rua Oscar Seixas, que pediam um atendimento para um terminal. Ser\u00e3o \u00f4nibus novos, com ar-condicionado, para dar mais conforto aos usu\u00e1rios\u201d, afirmou.<\/p>\n\n\n\n<p>O gestor destacou ainda que o in\u00edcio da opera\u00e7\u00e3o marca um avan\u00e7o no sistema de transporte da cidade. \u201cEsse \u00e9 um momento hist\u00f3rico para Salvador, porque tamb\u00e9m marca a inaugura\u00e7\u00e3o do Terminal Campinas de Piraj\u00e1, uma demanda antiga das comunidades do entorno. \u00c9 um atendimento importante que beneficia toda a regi\u00e3o do Alto do Cabrito e de Piraj\u00e1. Essa \u00e9 a 43\u00aa linha implementada este ano, cumprindo o compromisso do prefeito Bruno Reis de refor\u00e7ar o transporte p\u00fablico da capital\u201d, disse o secret\u00e1rio.<\/p>\n\n\n\n<figure class=\"wp-block-image size-full\"><img decoding=\"async\" width=\"1280\" height=\"853\" data-src=\"https:\/\/www.comunicarmais.com.br\/site\/wp-content\/uploads\/2025\/10\/WhatsApp-Image-2025-10-09-at-16.13.49.jpeg\" alt=\"\" class=\"wp-image-10600 lazyload\" data-srcset=\"https:\/\/www.comunicarmais.com.br\/site\/wp-content\/uploads\/2025\/10\/WhatsApp-Image-2025-10-09-at-16.13.49.jpeg 1280w, https:\/\/www.comunicarmais.com.br\/site\/wp-content\/uploads\/2025\/10\/WhatsApp-Image-2025-10-09-at-16.13.49-1024x682.jpeg 1024w, https:\/\/www.comunicarmais.com.br\/site\/wp-content\/uploads\/2025\/10\/WhatsApp-Image-2025-10-09-at-16.13.49-768x512.jpeg 768w\" data-sizes=\"(max-width: 1280px) 100vw, 1280px\" src=\"data:image\/svg+xml;base64,PHN2ZyB3aWR0aD0iMSIgaGVpZ2h0PSIxIiB4bWxucz0iaHR0cDovL3d3dy53My5vcmcvMjAwMC9zdmciPjwvc3ZnPg==\" style=\"--smush-placeholder-width: 1280px; --smush-placeholder-aspect-ratio: 1280\/853;\" \/><figcaption class=\"wp-element-caption\"><em><sup>(Foto: Bruno Concha \/ Secom PMS)<\/sup><\/em><\/figcaption><\/figure>\n\n\n\n<p><strong>Mulheres no Volante &#8211;<\/strong> Entre os detalhes que tornam o momento ainda mais significativo est\u00e1 a presen\u00e7a feminina no comando de um dos \u00f4nibus. Adriana de Jesus, integrante do programa Mulheres no Volante, celebra o in\u00edcio da nova etapa profissional conduzindo a linha 1800. \u201c\u00c9 uma satisfa\u00e7\u00e3o, porque \u00e9 a oportunidade de colocar meu sonho em pr\u00e1tica. Inaugurar essa linha hoje \u00e9 um prazer. Quando soube que rodaria aqui, foi algo novo, mas estou tirando de letra. \u00c9 uma emo\u00e7\u00e3o muito grande participar desse momento\u201d, disse Adriana, que h\u00e1 oito meses atua como motorista.<\/p>\n\n\n\n<p>A diretora de Transportes da Semob, Luciana Santana, ressaltou que a nova linha \u00e9 fruto de escuta e di\u00e1logo com a comunidade. \u201cEssa linha vem de um clamor muito grande da popula\u00e7\u00e3o do Alto do Cabrito. Vai fazer uma liga\u00e7\u00e3o curta e direta com o metr\u00f4, algo que era muito esperado\u201d, afirmou.<\/p>\n\n\n\n<figure class=\"wp-block-image size-full\"><img decoding=\"async\" width=\"1280\" height=\"853\" data-src=\"https:\/\/www.comunicarmais.com.br\/site\/wp-content\/uploads\/2025\/10\/WhatsApp-Image-2025-10-09-at-16.13.48-1.jpeg\" alt=\"\" class=\"wp-image-10601 lazyload\" data-srcset=\"https:\/\/www.comunicarmais.com.br\/site\/wp-content\/uploads\/2025\/10\/WhatsApp-Image-2025-10-09-at-16.13.48-1.jpeg 1280w, https:\/\/www.comunicarmais.com.br\/site\/wp-content\/uploads\/2025\/10\/WhatsApp-Image-2025-10-09-at-16.13.48-1-1024x682.jpeg 1024w, https:\/\/www.comunicarmais.com.br\/site\/wp-content\/uploads\/2025\/10\/WhatsApp-Image-2025-10-09-at-16.13.48-1-768x512.jpeg 768w\" data-sizes=\"(max-width: 1280px) 100vw, 1280px\" src=\"data:image\/svg+xml;base64,PHN2ZyB3aWR0aD0iMSIgaGVpZ2h0PSIxIiB4bWxucz0iaHR0cDovL3d3dy53My5vcmcvMjAwMC9zdmciPjwvc3ZnPg==\" style=\"--smush-placeholder-width: 1280px; --smush-placeholder-aspect-ratio: 1280\/853;\" \/><figcaption class=\"wp-element-caption\"><em><sup>(Foto: Bruno Concha \/ Secom PMS)<\/sup><\/em><\/figcaption><\/figure>\n\n\n\n<p><strong>Transporte Complementar &#8211; <\/strong>Luciana destacou tamb\u00e9m que, a partir de s\u00e1bado, tr\u00eas linhas do Sistema de Transporte Especial Complementar (STEC) passar\u00e3o a operar no Terminal Campinas, fortalecendo ainda mais a integra\u00e7\u00e3o do transporte p\u00fablico da capital. \u201c\u00c9 uma novidade importante, porque o STEC nunca tinha sido ligado a uma esta\u00e7\u00e3o de metr\u00f4. Duas dessas linhas far\u00e3o base no terminal e uma ser\u00e1 passante, ampliando as op\u00e7\u00f5es para a popula\u00e7\u00e3o\u201d, completou.<\/p>\n\n\n\n<p>As novas linhas v\u00e3o ampliar a integra\u00e7\u00e3o e as op\u00e7\u00f5es de deslocamento para os usu\u00e1rios da regi\u00e3o. Os tr\u00eas novos trajetos ser\u00e3o a linha L111 \u2013 Baixa do Fiscal\/Lobato \u2013 Terminal Campinas\/Brasilg\u00e1s; L210 \u2013 Terminal Campinas\/Brasilg\u00e1s \u2013 Aeroporto e L509 \u2013 Terminal Campinas\/Brasilg\u00e1s \u2013 Itapu\u00e3. A novidade representa um marco importante, j\u00e1 que \u00e9 a primeira vez que o sistema STEC \u00e9 ligado diretamente a uma esta\u00e7\u00e3o de metr\u00f4, oferecendo conex\u00f5es mais r\u00e1pidas e acess\u00edveis para diferentes \u00e1reas da cidade.<\/p>\n\n\n\n<p>Cerca de 20 outras linhas j\u00e1 atendem \u00e0 regi\u00e3o e ser\u00e3o gradualmente integradas \u00e0 circula\u00e7\u00e3o interna do novo terminal. A medida amplia as op\u00e7\u00f5es de deslocamento para bairros como Sussuarana, Paralela, Baixa do Fiscal e Avenida Pinto de Aguiar, aproximando ainda mais a popula\u00e7\u00e3o dos principais eixos de transporte da cidade.<\/p>\n\n\n\n<p>________________________________________________________________________________________________________________<\/p>\n\n\n<p class=\"wp-block-tag-cloud\"><a href=\"https:\/\/www.comunicarmais.com.br\/site\/tag\/bahia\/\" class=\"tag-cloud-link tag-link-171 tag-link-position-1\" style=\"font-size: 17.922330097087pt;\" aria-label=\"Bahia (116 itens)\">Bahia<\/a>\n<a href=\"https:\/\/www.comunicarmais.com.br\/site\/tag\/bolsonaro\/\" class=\"tag-cloud-link tag-link-112 tag-link-position-2\" style=\"font-size: 11.533980582524pt;\" aria-label=\"Bolsonaro (39 itens)\">Bolsonaro<\/a>\n<a href=\"https:\/\/www.comunicarmais.com.br\/site\/tag\/brasil\/\" class=\"tag-cloud-link tag-link-335 tag-link-position-3\" style=\"font-size: 13.029126213592pt;\" aria-label=\"Brasil (50 itens)\">Brasil<\/a>\n<a href=\"https:\/\/www.comunicarmais.com.br\/site\/tag\/camacari\/\" class=\"tag-cloud-link tag-link-435 tag-link-position-4\" style=\"font-size: 8.8155339805825pt;\" aria-label=\"Cama\u00e7ari (24 itens)\">Cama\u00e7ari<\/a>\n<a href=\"https:\/\/www.comunicarmais.com.br\/site\/tag\/carnaval\/\" class=\"tag-cloud-link tag-link-508 tag-link-position-5\" style=\"font-size: 12.893203883495pt;\" aria-label=\"Carnaval (49 itens)\">Carnaval<\/a>\n<a href=\"https:\/\/www.comunicarmais.com.br\/site\/tag\/cbx\/\" class=\"tag-cloud-link tag-link-1602 tag-link-position-6\" style=\"font-size: 11.398058252427pt;\" aria-label=\"CBX (38 itens)\">CBX<\/a>\n<a href=\"https:\/\/www.comunicarmais.com.br\/site\/tag\/cidade-baixa\/\" class=\"tag-cloud-link tag-link-456 tag-link-position-7\" style=\"font-size: 9.9029126213592pt;\" aria-label=\"Cidade Baixa (29 itens)\">Cidade Baixa<\/a>\n<a href=\"https:\/\/www.comunicarmais.com.br\/site\/tag\/cinema\/\" class=\"tag-cloud-link tag-link-985 tag-link-position-8\" style=\"font-size: 11.126213592233pt;\" aria-label=\"Cinema (36 itens)\">Cinema<\/a>\n<a href=\"https:\/\/www.comunicarmais.com.br\/site\/tag\/cultura\/\" class=\"tag-cloud-link tag-link-231 tag-link-position-9\" style=\"font-size: 12.21359223301pt;\" aria-label=\"Cultura (44 itens)\">Cultura<\/a>\n<a href=\"https:\/\/www.comunicarmais.com.br\/site\/tag\/drogas\/\" class=\"tag-cloud-link tag-link-165 tag-link-position-10\" style=\"font-size: 12.757281553398pt;\" aria-label=\"Drogas (48 itens)\">Drogas<\/a>\n<a href=\"https:\/\/www.comunicarmais.com.br\/site\/tag\/educacao\/\" class=\"tag-cloud-link tag-link-228 tag-link-position-11\" style=\"font-size: 12.485436893204pt;\" aria-label=\"Educa\u00e7\u00e3o (46 itens)\">Educa\u00e7\u00e3o<\/a>\n<a href=\"https:\/\/www.comunicarmais.com.br\/site\/tag\/ensino\/\" class=\"tag-cloud-link tag-link-233 tag-link-position-12\" style=\"font-size: 10.446601941748pt;\" aria-label=\"Ensino (32 itens)\">Ensino<\/a>\n<a href=\"https:\/\/www.comunicarmais.com.br\/site\/tag\/escola\/\" class=\"tag-cloud-link tag-link-229 tag-link-position-13\" style=\"font-size: 9.495145631068pt;\" aria-label=\"Escola (27 itens)\">Escola<\/a>\n<a href=\"https:\/\/www.comunicarmais.com.br\/site\/tag\/eua\/\" class=\"tag-cloud-link tag-link-664 tag-link-position-14\" style=\"font-size: 12.077669902913pt;\" aria-label=\"EUA (43 itens)\">EUA<\/a>\n<a href=\"https:\/\/www.comunicarmais.com.br\/site\/tag\/feira-de-santana\/\" class=\"tag-cloud-link tag-link-642 tag-link-position-15\" style=\"font-size: 9.2233009708738pt;\" aria-label=\"Feira de Santana (26 itens)\">Feira de Santana<\/a>\n<a href=\"https:\/\/www.comunicarmais.com.br\/site\/tag\/ficco\/\" class=\"tag-cloud-link tag-link-143 tag-link-position-16\" style=\"font-size: 9.2233009708738pt;\" aria-label=\"Ficco (26 itens)\">Ficco<\/a>\n<a href=\"https:\/\/www.comunicarmais.com.br\/site\/tag\/folia\/\" class=\"tag-cloud-link tag-link-566 tag-link-position-17\" style=\"font-size: 9.2233009708738pt;\" aria-label=\"Folia (26 itens)\">Folia<\/a>\n<a href=\"https:\/\/www.comunicarmais.com.br\/site\/tag\/futebol\/\" class=\"tag-cloud-link tag-link-40 tag-link-position-18\" style=\"font-size: 13.029126213592pt;\" aria-label=\"Futebol (50 itens)\">Futebol<\/a>\n<a href=\"https:\/\/www.comunicarmais.com.br\/site\/tag\/homicidio\/\" class=\"tag-cloud-link tag-link-101 tag-link-position-19\" style=\"font-size: 10.582524271845pt;\" aria-label=\"Homic\u00eddio (33 itens)\">Homic\u00eddio<\/a>\n<a href=\"https:\/\/www.comunicarmais.com.br\/site\/tag\/itapagipe\/\" class=\"tag-cloud-link tag-link-471 tag-link-position-20\" style=\"font-size: 10.038834951456pt;\" aria-label=\"Itapagipe (30 itens)\">Itapagipe<\/a>\n<a href=\"https:\/\/www.comunicarmais.com.br\/site\/tag\/itaparica\/\" class=\"tag-cloud-link tag-link-301 tag-link-position-21\" style=\"font-size: 8pt;\" aria-label=\"Itaparica (21 itens)\">Itaparica<\/a>\n<a href=\"https:\/\/www.comunicarmais.com.br\/site\/tag\/jeronimo-rodrigues\/\" class=\"tag-cloud-link tag-link-668 tag-link-position-22\" style=\"font-size: 8.2718446601942pt;\" aria-label=\"Jer\u00f4nimo Rodrigues (22 itens)\">Jer\u00f4nimo Rodrigues<\/a>\n<a href=\"https:\/\/www.comunicarmais.com.br\/site\/tag\/justica\/\" class=\"tag-cloud-link tag-link-361 tag-link-position-23\" style=\"font-size: 10.582524271845pt;\" aria-label=\"Justi\u00e7a (33 itens)\">Justi\u00e7a<\/a>\n<a href=\"https:\/\/www.comunicarmais.com.br\/site\/tag\/lauro-de-freitas\/\" class=\"tag-cloud-link tag-link-594 tag-link-position-24\" style=\"font-size: 18.194174757282pt;\" aria-label=\"Lauro de Freitas (122 itens)\">Lauro de Freitas<\/a>\n<a href=\"https:\/\/www.comunicarmais.com.br\/site\/tag\/lazer\/\" class=\"tag-cloud-link tag-link-568 tag-link-position-25\" style=\"font-size: 9.2233009708738pt;\" aria-label=\"Lazer (26 itens)\">Lazer<\/a>\n<a href=\"https:\/\/www.comunicarmais.com.br\/site\/tag\/lula\/\" class=\"tag-cloud-link tag-link-416 tag-link-position-26\" style=\"font-size: 12.21359223301pt;\" aria-label=\"Lula (44 itens)\">Lula<\/a>\n<a href=\"https:\/\/www.comunicarmais.com.br\/site\/tag\/meio-ambiente\/\" class=\"tag-cloud-link tag-link-475 tag-link-position-27\" style=\"font-size: 12.21359223301pt;\" aria-label=\"Meio Ambiente (44 itens)\">Meio Ambiente<\/a>\n<a href=\"https:\/\/www.comunicarmais.com.br\/site\/tag\/mobilidade\/\" class=\"tag-cloud-link tag-link-278 tag-link-position-28\" style=\"font-size: 13.844660194175pt;\" aria-label=\"Mobilidade (58 itens)\">Mobilidade<\/a>\n<a href=\"https:\/\/www.comunicarmais.com.br\/site\/tag\/mulher\/\" class=\"tag-cloud-link tag-link-450 tag-link-position-29\" style=\"font-size: 13.300970873786pt;\" aria-label=\"mulher (53 itens)\">mulher<\/a>\n<a href=\"https:\/\/www.comunicarmais.com.br\/site\/tag\/musica-2\/\" class=\"tag-cloud-link tag-link-747 tag-link-position-30\" style=\"font-size: 12.21359223301pt;\" aria-label=\"M\u00fasica (44 itens)\">M\u00fasica<\/a>\n<a href=\"https:\/\/www.comunicarmais.com.br\/site\/tag\/pcba\/\" class=\"tag-cloud-link tag-link-1332 tag-link-position-31\" style=\"font-size: 15.067961165049pt;\" aria-label=\"PCBA (72 itens)\">PCBA<\/a>\n<a href=\"https:\/\/www.comunicarmais.com.br\/site\/tag\/pmba\/\" class=\"tag-cloud-link tag-link-53 tag-link-position-32\" style=\"font-size: 18.194174757282pt;\" aria-label=\"PMBA (122 itens)\">PMBA<\/a>\n<a href=\"https:\/\/www.comunicarmais.com.br\/site\/tag\/policia-federal\/\" class=\"tag-cloud-link tag-link-620 tag-link-position-33\" style=\"font-size: 8.9514563106796pt;\" aria-label=\"Pol\u00edcia Federal (25 itens)\">Pol\u00edcia Federal<\/a>\n<a href=\"https:\/\/www.comunicarmais.com.br\/site\/tag\/politica\/\" class=\"tag-cloud-link tag-link-495 tag-link-position-34\" style=\"font-size: 16.291262135922pt;\" aria-label=\"Pol\u00edtica (89 itens)\">Pol\u00edtica<\/a>\n<a href=\"https:\/\/www.comunicarmais.com.br\/site\/tag\/rio-de-janeiro\/\" class=\"tag-cloud-link tag-link-152 tag-link-position-35\" style=\"font-size: 9.9029126213592pt;\" aria-label=\"Rio de Janeiro (29 itens)\">Rio de Janeiro<\/a>\n<a href=\"https:\/\/www.comunicarmais.com.br\/site\/tag\/salvador\/\" class=\"tag-cloud-link tag-link-125 tag-link-position-36\" style=\"font-size: 22pt;\" aria-label=\"Salvador (233 itens)\">Salvador<\/a>\n<a href=\"https:\/\/www.comunicarmais.com.br\/site\/tag\/saude\/\" class=\"tag-cloud-link tag-link-42 tag-link-position-37\" style=\"font-size: 17.78640776699pt;\" aria-label=\"Sa\u00fade (115 itens)\">Sa\u00fade<\/a>\n<a href=\"https:\/\/www.comunicarmais.com.br\/site\/tag\/seguranca\/\" class=\"tag-cloud-link tag-link-48 tag-link-position-38\" style=\"font-size: 9.2233009708738pt;\" aria-label=\"Seguran\u00e7a (26 itens)\">Seguran\u00e7a<\/a>\n<a href=\"https:\/\/www.comunicarmais.com.br\/site\/tag\/ssp-ba\/\" class=\"tag-cloud-link tag-link-1937 tag-link-position-39\" style=\"font-size: 8.9514563106796pt;\" aria-label=\"SSP-BA (25 itens)\">SSP-BA<\/a>\n<a href=\"https:\/\/www.comunicarmais.com.br\/site\/tag\/sspba\/\" class=\"tag-cloud-link tag-link-144 tag-link-position-40\" style=\"font-size: 11.398058252427pt;\" aria-label=\"SSPBA (38 itens)\">SSPBA<\/a>\n<a href=\"https:\/\/www.comunicarmais.com.br\/site\/tag\/stf\/\" class=\"tag-cloud-link tag-link-68 tag-link-position-41\" style=\"font-size: 14.252427184466pt;\" aria-label=\"STF (62 itens)\">STF<\/a>\n<a href=\"https:\/\/www.comunicarmais.com.br\/site\/tag\/sao-paulo\/\" class=\"tag-cloud-link tag-link-612 tag-link-position-42\" style=\"font-size: 8pt;\" aria-label=\"S\u00e3o Paulo (21 itens)\">S\u00e3o Paulo<\/a>\n<a href=\"https:\/\/www.comunicarmais.com.br\/site\/tag\/transito-2\/\" class=\"tag-cloud-link tag-link-377 tag-link-position-43\" style=\"font-size: 8.2718446601942pt;\" aria-label=\"tr\u00e2nsito (22 itens)\">tr\u00e2nsito<\/a>\n<a href=\"https:\/\/www.comunicarmais.com.br\/site\/tag\/turismo\/\" class=\"tag-cloud-link tag-link-225 tag-link-position-44\" style=\"font-size: 9.631067961165pt;\" aria-label=\"Turismo (28 itens)\">Turismo<\/a>\n<a href=\"https:\/\/www.comunicarmais.com.br\/site\/tag\/uruguai\/\" class=\"tag-cloud-link tag-link-323 tag-link-position-45\" style=\"font-size: 9.631067961165pt;\" aria-label=\"Uruguai (28 itens)\">Uruguai<\/a><\/p>","protected":false},"excerpt":{"rendered":"<p>Novo itiner\u00e1rio, que funciona das 5h \u00e0s 21h20 em dias \u00fateis e aos s\u00e1bados, atende a uma antiga reivindica\u00e7\u00e3o dos moradores<\/p>\n","protected":false},"author":2,"featured_media":10600,"comment_status":"open","ping_status":"open","sticky":false,"template":"","format":"standard","meta":{"_acf_changed":false,"footnotes":""},"categories":[5],"tags":[3016,3015,278,125],"class_list":["post-10597","post","type-post","status-publish","format-standard","has-post-thumbnail","hentry","category-grande-salvador","tag-campinas-de-piraja","tag-dique-do-cabrito","tag-mobilidade","tag-salvador"],"acf":[],"yoast_head":"<!-- This site is optimized with the Yoast SEO plugin v26.1.1 - https:\/\/yoast.com\/wordpress\/plugins\/seo\/ -->\n<title>Nova linha de \u00f4nibus com sa\u00edda do Terminal Campinas leva mais mobilidade a moradores do Dique do Cabrito - Comunicar Mais<\/title>\n<meta name=\"description\" content=\"Novo itiner\u00e1rio, que funciona das 5h \u00e0s 21h20 em dias \u00fateis e aos s\u00e1bados, atende a uma antiga reivindica\u00e7\u00e3o dos moradores\" \/>\n<meta name=\"robots\" content=\"index, follow, max-snippet:-1, max-image-preview:large, max-video-preview:-1\" \/>\n<link rel=\"canonical\" href=\"https:\/\/www.comunicarmais.com.br\/site\/2025\/10\/09\/nova-linha-de-onibus-com-saida-do-terminal-campinas-leva-mais-mobilidade-a-moradores-do-dique-do-cabrito\/\" \/>\n<meta property=\"og:locale\" content=\"pt_BR\" \/>\n<meta property=\"og:type\" content=\"article\" \/>\n<meta property=\"og:title\" content=\"Nova linha de \u00f4nibus com sa\u00edda do Terminal Campinas leva mais mobilidade a moradores do Dique do Cabrito - Comunicar Mais\" \/>\n<meta property=\"og:description\" content=\"Novo itiner\u00e1rio, que funciona das 5h \u00e0s 21h20 em dias \u00fateis e aos s\u00e1bados, atende a uma antiga reivindica\u00e7\u00e3o dos moradores\" \/>\n<meta property=\"og:url\" content=\"https:\/\/www.comunicarmais.com.br\/site\/2025\/10\/09\/nova-linha-de-onibus-com-saida-do-terminal-campinas-leva-mais-mobilidade-a-moradores-do-dique-do-cabrito\/\" \/>\n<meta property=\"og:site_name\" content=\"Comunicar Mais\" \/>\n<meta property=\"article:publisher\" content=\"https:\/\/www.facebook.com\/comunicarmais\/\" \/>\n<meta property=\"article:author\" content=\"https:\/\/www.facebook.com\/comunicarmais\/\" \/>\n<meta property=\"article:published_time\" content=\"2025-10-09T20:05:00+00:00\" \/>\n<meta property=\"article:modified_time\" content=\"2025-10-13T03:51:37+00:00\" \/>\n<meta property=\"og:image\" content=\"https:\/\/www.comunicarmais.com.br\/site\/wp-content\/uploads\/2025\/10\/WhatsApp-Image-2025-10-09-at-16.13.49.jpeg\" \/>\n\t<meta property=\"og:image:width\" content=\"1280\" \/>\n\t<meta property=\"og:image:height\" content=\"853\" \/>\n\t<meta property=\"og:image:type\" content=\"image\/jpeg\" \/>\n<meta name=\"author\" content=\"Comunicar Mais\" \/>\n<meta name=\"twitter:card\" content=\"summary_large_image\" \/>\n<meta name=\"twitter:creator\" content=\"@ComunicarmaisBA\" \/>\n<meta name=\"twitter:site\" content=\"@ComunicarmaisBA\" \/>\n<meta name=\"twitter:label1\" content=\"Escrito por\" \/>\n\t<meta name=\"twitter:data1\" content=\"Comunicar Mais\" \/>\n\t<meta name=\"twitter:label2\" content=\"Est. tempo de leitura\" \/>\n\t<meta name=\"twitter:data2\" content=\"5 minutos\" \/>\n<script type=\"application\/ld+json\" class=\"yoast-schema-graph\">{\"@context\":\"https:\/\/schema.org\",\"@graph\":[{\"@type\":\"WebPage\",\"@id\":\"https:\/\/www.comunicarmais.com.br\/site\/2025\/10\/09\/nova-linha-de-onibus-com-saida-do-terminal-campinas-leva-mais-mobilidade-a-moradores-do-dique-do-cabrito\/\",\"url\":\"https:\/\/www.comunicarmais.com.br\/site\/2025\/10\/09\/nova-linha-de-onibus-com-saida-do-terminal-campinas-leva-mais-mobilidade-a-moradores-do-dique-do-cabrito\/\",\"name\":\"Nova linha de \u00f4nibus com sa\u00edda do Terminal Campinas leva mais mobilidade a moradores do Dique do Cabrito - Comunicar Mais\",\"isPartOf\":{\"@id\":\"https:\/\/www.comunicarmais.com.br\/site\/#website\"},\"primaryImageOfPage\":{\"@id\":\"https:\/\/www.comunicarmais.com.br\/site\/2025\/10\/09\/nova-linha-de-onibus-com-saida-do-terminal-campinas-leva-mais-mobilidade-a-moradores-do-dique-do-cabrito\/#primaryimage\"},\"image\":{\"@id\":\"https:\/\/www.comunicarmais.com.br\/site\/2025\/10\/09\/nova-linha-de-onibus-com-saida-do-terminal-campinas-leva-mais-mobilidade-a-moradores-do-dique-do-cabrito\/#primaryimage\"},\"thumbnailUrl\":\"https:\/\/www.comunicarmais.com.br\/site\/wp-content\/uploads\/2025\/10\/WhatsApp-Image-2025-10-09-at-16.13.49.jpeg\",\"datePublished\":\"2025-10-09T20:05:00+00:00\",\"dateModified\":\"2025-10-13T03:51:37+00:00\",\"author\":{\"@id\":\"https:\/\/www.comunicarmais.com.br\/site\/#\/schema\/person\/712f7b6b25b644e4a91c4173674cf284\"},\"description\":\"Novo itiner\u00e1rio, que funciona das 5h \u00e0s 21h20 em dias \u00fateis e aos s\u00e1bados, atende a uma antiga reivindica\u00e7\u00e3o dos moradores\",\"breadcrumb\":{\"@id\":\"https:\/\/www.comunicarmais.com.br\/site\/2025\/10\/09\/nova-linha-de-onibus-com-saida-do-terminal-campinas-leva-mais-mobilidade-a-moradores-do-dique-do-cabrito\/#breadcrumb\"},\"inLanguage\":\"pt-BR\",\"potentialAction\":[{\"@type\":\"ReadAction\",\"target\":[\"https:\/\/www.comunicarmais.com.br\/site\/2025\/10\/09\/nova-linha-de-onibus-com-saida-do-terminal-campinas-leva-mais-mobilidade-a-moradores-do-dique-do-cabrito\/\"]}]},{\"@type\":\"ImageObject\",\"inLanguage\":\"pt-BR\",\"@id\":\"https:\/\/www.comunicarmais.com.br\/site\/2025\/10\/09\/nova-linha-de-onibus-com-saida-do-terminal-campinas-leva-mais-mobilidade-a-moradores-do-dique-do-cabrito\/#primaryimage\",\"url\":\"https:\/\/www.comunicarmais.com.br\/site\/wp-content\/uploads\/2025\/10\/WhatsApp-Image-2025-10-09-at-16.13.49.jpeg\",\"contentUrl\":\"https:\/\/www.comunicarmais.com.br\/site\/wp-content\/uploads\/2025\/10\/WhatsApp-Image-2025-10-09-at-16.13.49.jpeg\",\"width\":1280,\"height\":853},{\"@type\":\"BreadcrumbList\",\"@id\":\"https:\/\/www.comunicarmais.com.br\/site\/2025\/10\/09\/nova-linha-de-onibus-com-saida-do-terminal-campinas-leva-mais-mobilidade-a-moradores-do-dique-do-cabrito\/#breadcrumb\",\"itemListElement\":[{\"@type\":\"ListItem\",\"position\":1,\"name\":\"In\u00edcio\",\"item\":\"https:\/\/www.comunicarmais.com.br\/site\/\"},{\"@type\":\"ListItem\",\"position\":2,\"name\":\"Nova linha de \u00f4nibus com sa\u00edda do Terminal Campinas leva mais mobilidade a moradores do Dique do Cabrito\"}]},{\"@type\":\"WebSite\",\"@id\":\"https:\/\/www.comunicarmais.com.br\/site\/#website\",\"url\":\"https:\/\/www.comunicarmais.com.br\/site\/\",\"name\":\"Comunicar Mais\",\"description\":\"\",\"potentialAction\":[{\"@type\":\"SearchAction\",\"target\":{\"@type\":\"EntryPoint\",\"urlTemplate\":\"https:\/\/www.comunicarmais.com.br\/site\/?s={search_term_string}\"},\"query-input\":{\"@type\":\"PropertyValueSpecification\",\"valueRequired\":true,\"valueName\":\"search_term_string\"}}],\"inLanguage\":\"pt-BR\"},{\"@type\":\"Person\",\"@id\":\"https:\/\/www.comunicarmais.com.br\/site\/#\/schema\/person\/712f7b6b25b644e4a91c4173674cf284\",\"name\":\"Comunicar Mais\",\"image\":{\"@type\":\"ImageObject\",\"inLanguage\":\"pt-BR\",\"@id\":\"https:\/\/www.comunicarmais.com.br\/site\/#\/schema\/person\/image\/\",\"url\":\"https:\/\/secure.gravatar.com\/avatar\/9803218072e2c0dc265d3d787b54c2c33325e79f79732707fddfbf1efd82c678?s=96&d=mm&r=g\",\"contentUrl\":\"https:\/\/secure.gravatar.com\/avatar\/9803218072e2c0dc265d3d787b54c2c33325e79f79732707fddfbf1efd82c678?s=96&d=mm&r=g\",\"caption\":\"Comunicar Mais\"},\"description\":\"Deixe as ideologias com os ide\u00f3logos. Noticiamos fatos, n\u00e3o brigamos com eles. Aqui, voc\u00ea fica bem informado do que acontece no seu bairro e no mundo. Informar com \u00e9tica e responsabilidade s\u00e3o as bandeiras do Comunicarmais.\",\"sameAs\":[\"https:\/\/www.comunicarmais.com.br\/site\/\",\"https:\/\/www.facebook.com\/comunicarmais\/\",\"https:\/\/www.instagram.com\/comunicarmaisba\/\",\"https:\/\/x.com\/ComunicarmaisBA\"],\"url\":\"https:\/\/www.comunicarmais.com.br\/site\/author\/gerenciador\/\"}]}<\/script>\n<!-- \/ Yoast SEO plugin. -->","yoast_head_json":{"title":"Nova linha de \u00f4nibus com sa\u00edda do Terminal Campinas leva mais mobilidade a moradores do Dique do Cabrito - Comunicar Mais","description":"Novo itiner\u00e1rio, que funciona das 5h \u00e0s 21h20 em dias \u00fateis e aos s\u00e1bados, atende a uma antiga reivindica\u00e7\u00e3o dos moradores","robots":{"index":"index","follow":"follow","max-snippet":"max-snippet:-1","max-image-preview":"max-image-preview:large","max-video-preview":"max-video-preview:-1"},"canonical":"https:\/\/www.comunicarmais.com.br\/site\/2025\/10\/09\/nova-linha-de-onibus-com-saida-do-terminal-campinas-leva-mais-mobilidade-a-moradores-do-dique-do-cabrito\/","og_locale":"pt_BR","og_type":"article","og_title":"Nova linha de \u00f4nibus com sa\u00edda do Terminal Campinas leva mais mobilidade a moradores do Dique do Cabrito - Comunicar Mais","og_description":"Novo itiner\u00e1rio, que funciona das 5h \u00e0s 21h20 em dias \u00fateis e aos s\u00e1bados, atende a uma antiga reivindica\u00e7\u00e3o dos moradores","og_url":"https:\/\/www.comunicarmais.com.br\/site\/2025\/10\/09\/nova-linha-de-onibus-com-saida-do-terminal-campinas-leva-mais-mobilidade-a-moradores-do-dique-do-cabrito\/","og_site_name":"Comunicar Mais","article_publisher":"https:\/\/www.facebook.com\/comunicarmais\/","article_author":"https:\/\/www.facebook.com\/comunicarmais\/","article_published_time":"2025-10-09T20:05:00+00:00","article_modified_time":"2025-10-13T03:51:37+00:00","og_image":[{"width":1280,"height":853,"url":"https:\/\/www.comunicarmais.com.br\/site\/wp-content\/uploads\/2025\/10\/WhatsApp-Image-2025-10-09-at-16.13.49.jpeg","type":"image\/jpeg"}],"author":"Comunicar Mais","twitter_card":"summary_large_image","twitter_creator":"@ComunicarmaisBA","twitter_site":"@ComunicarmaisBA","twitter_misc":{"Escrito por":"Comunicar Mais","Est. tempo de leitura":"5 minutos"},"schema":{"@context":"https:\/\/schema.org","@graph":[{"@type":"WebPage","@id":"https:\/\/www.comunicarmais.com.br\/site\/2025\/10\/09\/nova-linha-de-onibus-com-saida-do-terminal-campinas-leva-mais-mobilidade-a-moradores-do-dique-do-cabrito\/","url":"https:\/\/www.comunicarmais.com.br\/site\/2025\/10\/09\/nova-linha-de-onibus-com-saida-do-terminal-campinas-leva-mais-mobilidade-a-moradores-do-dique-do-cabrito\/","name":"Nova linha de \u00f4nibus com sa\u00edda do Terminal Campinas leva mais mobilidade a moradores do Dique do Cabrito - Comunicar Mais","isPartOf":{"@id":"https:\/\/www.comunicarmais.com.br\/site\/#website"},"primaryImageOfPage":{"@id":"https:\/\/www.comunicarmais.com.br\/site\/2025\/10\/09\/nova-linha-de-onibus-com-saida-do-terminal-campinas-leva-mais-mobilidade-a-moradores-do-dique-do-cabrito\/#primaryimage"},"image":{"@id":"https:\/\/www.comunicarmais.com.br\/site\/2025\/10\/09\/nova-linha-de-onibus-com-saida-do-terminal-campinas-leva-mais-mobilidade-a-moradores-do-dique-do-cabrito\/#primaryimage"},"thumbnailUrl":"https:\/\/www.comunicarmais.com.br\/site\/wp-content\/uploads\/2025\/10\/WhatsApp-Image-2025-10-09-at-16.13.49.jpeg","datePublished":"2025-10-09T20:05:00+00:00","dateModified":"2025-10-13T03:51:37+00:00","author":{"@id":"https:\/\/www.comunicarmais.com.br\/site\/#\/schema\/person\/712f7b6b25b644e4a91c4173674cf284"},"description":"Novo itiner\u00e1rio, que funciona das 5h \u00e0s 21h20 em dias \u00fateis e aos s\u00e1bados, atende a uma antiga reivindica\u00e7\u00e3o dos moradores","breadcrumb":{"@id":"https:\/\/www.comunicarmais.com.br\/site\/2025\/10\/09\/nova-linha-de-onibus-com-saida-do-terminal-campinas-leva-mais-mobilidade-a-moradores-do-dique-do-cabrito\/#breadcrumb"},"inLanguage":"pt-BR","potentialAction":[{"@type":"ReadAction","target":["https:\/\/www.comunicarmais.com.br\/site\/2025\/10\/09\/nova-linha-de-onibus-com-saida-do-terminal-campinas-leva-mais-mobilidade-a-moradores-do-dique-do-cabrito\/"]}]},{"@type":"ImageObject","inLanguage":"pt-BR","@id":"https:\/\/www.comunicarmais.com.br\/site\/2025\/10\/09\/nova-linha-de-onibus-com-saida-do-terminal-campinas-leva-mais-mobilidade-a-moradores-do-dique-do-cabrito\/#primaryimage","url":"https:\/\/www.comunicarmais.com.br\/site\/wp-content\/uploads\/2025\/10\/WhatsApp-Image-2025-10-09-at-16.13.49.jpeg","contentUrl":"https:\/\/www.comunicarmais.com.br\/site\/wp-content\/uploads\/2025\/10\/WhatsApp-Image-2025-10-09-at-16.13.49.jpeg","width":1280,"height":853},{"@type":"BreadcrumbList","@id":"https:\/\/www.comunicarmais.com.br\/site\/2025\/10\/09\/nova-linha-de-onibus-com-saida-do-terminal-campinas-leva-mais-mobilidade-a-moradores-do-dique-do-cabrito\/#breadcrumb","itemListElement":[{"@type":"ListItem","position":1,"name":"In\u00edcio","item":"https:\/\/www.comunicarmais.com.br\/site\/"},{"@type":"ListItem","position":2,"name":"Nova linha de \u00f4nibus com sa\u00edda do Terminal Campinas leva mais mobilidade a moradores do Dique do Cabrito"}]},{"@type":"WebSite","@id":"https:\/\/www.comunicarmais.com.br\/site\/#website","url":"https:\/\/www.comunicarmais.com.br\/site\/","name":"Comunicar Mais","description":"","potentialAction":[{"@type":"SearchAction","target":{"@type":"EntryPoint","urlTemplate":"https:\/\/www.comunicarmais.com.br\/site\/?s={search_term_string}"},"query-input":{"@type":"PropertyValueSpecification","valueRequired":true,"valueName":"search_term_string"}}],"inLanguage":"pt-BR"},{"@type":"Person","@id":"https:\/\/www.comunicarmais.com.br\/site\/#\/schema\/person\/712f7b6b25b644e4a91c4173674cf284","name":"Comunicar Mais","image":{"@type":"ImageObject","inLanguage":"pt-BR","@id":"https:\/\/www.comunicarmais.com.br\/site\/#\/schema\/person\/image\/","url":"https:\/\/secure.gravatar.com\/avatar\/9803218072e2c0dc265d3d787b54c2c33325e79f79732707fddfbf1efd82c678?s=96&d=mm&r=g","contentUrl":"https:\/\/secure.gravatar.com\/avatar\/9803218072e2c0dc265d3d787b54c2c33325e79f79732707fddfbf1efd82c678?s=96&d=mm&r=g","caption":"Comunicar Mais"},"description":"Deixe as ideologias com os ide\u00f3logos. Noticiamos fatos, n\u00e3o brigamos com eles. Aqui, voc\u00ea fica bem informado do que acontece no seu bairro e no mundo. Informar com \u00e9tica e responsabilidade s\u00e3o as bandeiras do Comunicarmais.","sameAs":["https:\/\/www.comunicarmais.com.br\/site\/","https:\/\/www.facebook.com\/comunicarmais\/","https:\/\/www.instagram.com\/comunicarmaisba\/","https:\/\/x.com\/ComunicarmaisBA"],"url":"https:\/\/www.comunicarmais.com.br\/site\/author\/gerenciador\/"}]}},"_links":{"self":[{"href":"https:\/\/www.comunicarmais.com.br\/site\/wp-json\/wp\/v2\/posts\/10597","targetHints":{"allow":["GET"]}}],"collection":[{"href":"https:\/\/www.comunicarmais.com.br\/site\/wp-json\/wp\/v2\/posts"}],"about":[{"href":"https:\/\/www.comunicarmais.com.br\/site\/wp-json\/wp\/v2\/types\/post"}],"author":[{"embeddable":true,"href":"https:\/\/www.comunicarmais.com.br\/site\/wp-json\/wp\/v2\/users\/2"}],"replies":[{"embeddable":true,"href":"https:\/\/www.comunicarmais.com.br\/site\/wp-json\/wp\/v2\/comments?post=10597"}],"version-history":[{"count":1,"href":"https:\/\/www.comunicarmais.com.br\/site\/wp-json\/wp\/v2\/posts\/10597\/revisions"}],"predecessor-version":[{"id":10602,"href":"https:\/\/www.comunicarmais.com.br\/site\/wp-json\/wp\/v2\/posts\/10597\/revisions\/10602"}],"wp:featuredmedia":[{"embeddable":true,"href":"https:\/\/www.comunicarmais.com.br\/site\/wp-json\/wp\/v2\/media\/10600"}],"wp:attachment":[{"href":"https:\/\/www.comunicarmais.com.br\/site\/wp-json\/wp\/v2\/media?parent=10597"}],"wp:term":[{"taxonomy":"category","embeddable":true,"href":"https:\/\/www.comunicarmais.com.br\/site\/wp-json\/wp\/v2\/categories?post=10597"},{"taxonomy":"post_tag","embeddable":true,"href":"https:\/\/www.comunicarmais.com.br\/site\/wp-json\/wp\/v2\/tags?post=10597"}],"curies":[{"name":"wp","href":"https:\/\/api.w.org\/{rel}","templated":true}]}}