{"id":10516,"date":"2025-10-09T07:15:00","date_gmt":"2025-10-09T10:15:00","guid":{"rendered":"https:\/\/www.comunicarmais.com.br\/site\/?p=10516"},"modified":"2025-12-27T12:40:21","modified_gmt":"2025-12-27T15:40:21","slug":"policia-cumpre-mandados-de-prisao-contra-envolvidos-em-homicidio-de-entregador-por-aplicativo","status":"publish","type":"post","link":"https:\/\/www.comunicarmais.com.br\/site\/2025\/10\/09\/policia-cumpre-mandados-de-prisao-contra-envolvidos-em-homicidio-de-entregador-por-aplicativo\/","title":{"rendered":"Um morto e outro ferido durante cumprimento de mandado dos envolvidos em morte de entregador por APP"},"content":{"rendered":"\n<p><strong>V\u00edtima foi sequestrada, torturada e esquartejada em Salvador<\/strong><\/p>\n\n\n\n<figure class=\"wp-block-image size-full\"><img decoding=\"async\" width=\"1024\" height=\"768\" data-src=\"https:\/\/www.comunicarmais.com.br\/site\/wp-content\/uploads\/2025\/10\/WhatsApp-Image-2025-10-08-at-17.10.43.jpeg\" alt=\"\" class=\"wp-image-10518 lazyload\" data-srcset=\"https:\/\/www.comunicarmais.com.br\/site\/wp-content\/uploads\/2025\/10\/WhatsApp-Image-2025-10-08-at-17.10.43.jpeg 1024w, https:\/\/www.comunicarmais.com.br\/site\/wp-content\/uploads\/2025\/10\/WhatsApp-Image-2025-10-08-at-17.10.43-768x576.jpeg 768w\" data-sizes=\"(max-width: 1024px) 100vw, 1024px\" src=\"data:image\/svg+xml;base64,PHN2ZyB3aWR0aD0iMSIgaGVpZ2h0PSIxIiB4bWxucz0iaHR0cDovL3d3dy53My5vcmcvMjAwMC9zdmciPjwvc3ZnPg==\" style=\"--smush-placeholder-width: 1024px; --smush-placeholder-aspect-ratio: 1024\/768;\" \/><\/figure>\n\n\n\n<p><strong>Reda\u00e7\u00e3o Mais &#8211; <\/strong>A Pol\u00edcia Civil da Bahia deflagrou, na madrugada desta quinta-feira (9), a Opera\u00e7\u00e3o Foco Central, nos bairros de Nazar\u00e9 e Barroquinha, em Salvador, com o objetivo de cumprir seis mandados de busca e apreens\u00e3o e dois mandados de pris\u00e3o tempor\u00e1ria relacionados ao homic\u00eddio do entregador de aplicativo Augusto C\u00e9sar dos Santos Borges, de 28 anos.<\/p>\n\n\n\n<p>Durante a a\u00e7\u00e3o, um homem de 29 anos foi preso sem resist\u00eancia, no bairro de Nazar\u00e9. O segundo suspeito, Albino de Santana Sinval dos Santos, de 26 anos, foi localizado na Barroquinha, resistiu \u00e0 abordagem policial e, no confronto, foi atingido. Ele chegou a ser socorrido e encaminhado ao atendimento m\u00e9dico, por\u00e9m n\u00e3o resistiu aos ferimentos.<\/p>\n\n\n\n<p>Conforme as investiga\u00e7\u00f5es, conduzidas pela 3\u00aa Delegacia de Homic\u00eddios (BTS), ambos s\u00e3o apontados como respons\u00e1veis diretos pela morte do entregador. A v\u00edtima, moradora do bairro do Nordeste de Amaralina, foi sequestrada, torturada e executada por integrantes de uma organiza\u00e7\u00e3o criminosa que atua no centro da capital, ap\u00f3s entrar, durante uma entrega, em uma \u00e1rea com participa\u00e7\u00e3o dos criminosos.<\/p>\n\n\n\n<p>O corpo de Augusto C\u00e9sar foi encontrado no dia 22 de mar\u00e7o de 2025, esquartejado e acondicionado em sacos pl\u00e1sticos, na Avenida Reitor Miguel Calmon, no Vale do Canela. As dilig\u00eancias apontaram que o crime foi ordenado como repres\u00e1lia ao fato da v\u00edtima residir em um territ\u00f3rio com atua\u00e7\u00e3o do outro grupo.<\/p>\n\n\n\n<p>A Opera\u00e7\u00e3o Foco Central foi planejada e conduzida pela 3\u00aa Delegacia de Homic\u00eddios (BTS), unidade vinculada ao Departamento de Homic\u00eddios e Prote\u00e7\u00e3o \u00e0 Pessoa (DHPP), com o apoio de unidades operacionais e de intelig\u00eancia do Departamento. Ao todo, oito equipes participaram da execu\u00e7\u00e3o das ordens judiciais, expedidas pela 1\u00aa Vara do Tribunal do J\u00fari de Salvador.<\/p>\n","protected":false},"excerpt":{"rendered":"<p>V\u00edtima foi sequestrada, torturada e esquartejada em Salvador<\/p>\n","protected":false},"author":2,"featured_media":10518,"comment_status":"open","ping_status":"open","sticky":false,"template":"","format":"standard","meta":{"_acf_changed":false,"footnotes":""},"categories":[5,50],"tags":[3007,3005,101,733,3006],"class_list":["post-10516","post","type-post","status-publish","format-standard","has-post-thumbnail","hentry","category-grande-salvador","category-seguranca","tag-barroquinha","tag-entregador","tag-homicidio","tag-nazare","tag-vale-do-canela"],"acf":[],"yoast_head":"<!-- This site is optimized with the Yoast SEO plugin v26.1.1 - https:\/\/yoast.com\/wordpress\/plugins\/seo\/ -->\n<title>Um morto e outro ferido durante cumprimento de mandado dos envolvidos em morte de entregador por APP - Comunicar Mais<\/title>\n<meta name=\"description\" content=\"V\u00edtima foi sequestrada, torturada e esquartejada em Salvador\" \/>\n<meta name=\"robots\" content=\"index, follow, max-snippet:-1, max-image-preview:large, max-video-preview:-1\" \/>\n<link rel=\"canonical\" href=\"https:\/\/www.comunicarmais.com.br\/site\/2025\/10\/09\/policia-cumpre-mandados-de-prisao-contra-envolvidos-em-homicidio-de-entregador-por-aplicativo\/\" \/>\n<meta property=\"og:locale\" content=\"pt_BR\" \/>\n<meta property=\"og:type\" content=\"article\" \/>\n<meta property=\"og:title\" content=\"Um morto e outro ferido durante cumprimento de mandado dos envolvidos em morte de entregador por APP - Comunicar Mais\" \/>\n<meta property=\"og:description\" content=\"V\u00edtima foi sequestrada, torturada e esquartejada em Salvador\" \/>\n<meta property=\"og:url\" content=\"https:\/\/www.comunicarmais.com.br\/site\/2025\/10\/09\/policia-cumpre-mandados-de-prisao-contra-envolvidos-em-homicidio-de-entregador-por-aplicativo\/\" \/>\n<meta property=\"og:site_name\" content=\"Comunicar Mais\" \/>\n<meta property=\"article:publisher\" content=\"https:\/\/www.facebook.com\/comunicarmais\/\" \/>\n<meta property=\"article:author\" content=\"https:\/\/www.facebook.com\/comunicarmais\/\" \/>\n<meta property=\"article:published_time\" content=\"2025-10-09T10:15:00+00:00\" \/>\n<meta property=\"article:modified_time\" content=\"2025-12-27T15:40:21+00:00\" \/>\n<meta property=\"og:image\" content=\"https:\/\/www.comunicarmais.com.br\/site\/wp-content\/uploads\/2025\/10\/WhatsApp-Image-2025-10-08-at-17.10.43.jpeg\" \/>\n\t<meta property=\"og:image:width\" content=\"1024\" \/>\n\t<meta property=\"og:image:height\" content=\"768\" \/>\n\t<meta property=\"og:image:type\" content=\"image\/jpeg\" \/>\n<meta name=\"author\" content=\"Comunicar Mais\" \/>\n<meta name=\"twitter:card\" content=\"summary_large_image\" \/>\n<meta name=\"twitter:creator\" content=\"@ComunicarmaisBA\" \/>\n<meta name=\"twitter:site\" content=\"@ComunicarmaisBA\" \/>\n<meta name=\"twitter:label1\" content=\"Escrito por\" \/>\n\t<meta name=\"twitter:data1\" content=\"Comunicar Mais\" \/>\n\t<meta name=\"twitter:label2\" content=\"Est. tempo de leitura\" \/>\n\t<meta name=\"twitter:data2\" content=\"2 minutos\" \/>\n<script type=\"application\/ld+json\" class=\"yoast-schema-graph\">{\"@context\":\"https:\/\/schema.org\",\"@graph\":[{\"@type\":\"WebPage\",\"@id\":\"https:\/\/www.comunicarmais.com.br\/site\/2025\/10\/09\/policia-cumpre-mandados-de-prisao-contra-envolvidos-em-homicidio-de-entregador-por-aplicativo\/\",\"url\":\"https:\/\/www.comunicarmais.com.br\/site\/2025\/10\/09\/policia-cumpre-mandados-de-prisao-contra-envolvidos-em-homicidio-de-entregador-por-aplicativo\/\",\"name\":\"Um morto e outro ferido durante cumprimento de mandado dos envolvidos em morte de entregador por APP - Comunicar Mais\",\"isPartOf\":{\"@id\":\"https:\/\/www.comunicarmais.com.br\/site\/#website\"},\"primaryImageOfPage\":{\"@id\":\"https:\/\/www.comunicarmais.com.br\/site\/2025\/10\/09\/policia-cumpre-mandados-de-prisao-contra-envolvidos-em-homicidio-de-entregador-por-aplicativo\/#primaryimage\"},\"image\":{\"@id\":\"https:\/\/www.comunicarmais.com.br\/site\/2025\/10\/09\/policia-cumpre-mandados-de-prisao-contra-envolvidos-em-homicidio-de-entregador-por-aplicativo\/#primaryimage\"},\"thumbnailUrl\":\"https:\/\/www.comunicarmais.com.br\/site\/wp-content\/uploads\/2025\/10\/WhatsApp-Image-2025-10-08-at-17.10.43.jpeg\",\"datePublished\":\"2025-10-09T10:15:00+00:00\",\"dateModified\":\"2025-12-27T15:40:21+00:00\",\"author\":{\"@id\":\"https:\/\/www.comunicarmais.com.br\/site\/#\/schema\/person\/712f7b6b25b644e4a91c4173674cf284\"},\"description\":\"V\u00edtima foi sequestrada, torturada e esquartejada em Salvador\",\"breadcrumb\":{\"@id\":\"https:\/\/www.comunicarmais.com.br\/site\/2025\/10\/09\/policia-cumpre-mandados-de-prisao-contra-envolvidos-em-homicidio-de-entregador-por-aplicativo\/#breadcrumb\"},\"inLanguage\":\"pt-BR\",\"potentialAction\":[{\"@type\":\"ReadAction\",\"target\":[\"https:\/\/www.comunicarmais.com.br\/site\/2025\/10\/09\/policia-cumpre-mandados-de-prisao-contra-envolvidos-em-homicidio-de-entregador-por-aplicativo\/\"]}]},{\"@type\":\"ImageObject\",\"inLanguage\":\"pt-BR\",\"@id\":\"https:\/\/www.comunicarmais.com.br\/site\/2025\/10\/09\/policia-cumpre-mandados-de-prisao-contra-envolvidos-em-homicidio-de-entregador-por-aplicativo\/#primaryimage\",\"url\":\"https:\/\/www.comunicarmais.com.br\/site\/wp-content\/uploads\/2025\/10\/WhatsApp-Image-2025-10-08-at-17.10.43.jpeg\",\"contentUrl\":\"https:\/\/www.comunicarmais.com.br\/site\/wp-content\/uploads\/2025\/10\/WhatsApp-Image-2025-10-08-at-17.10.43.jpeg\",\"width\":1024,\"height\":768},{\"@type\":\"BreadcrumbList\",\"@id\":\"https:\/\/www.comunicarmais.com.br\/site\/2025\/10\/09\/policia-cumpre-mandados-de-prisao-contra-envolvidos-em-homicidio-de-entregador-por-aplicativo\/#breadcrumb\",\"itemListElement\":[{\"@type\":\"ListItem\",\"position\":1,\"name\":\"In\u00edcio\",\"item\":\"https:\/\/www.comunicarmais.com.br\/site\/\"},{\"@type\":\"ListItem\",\"position\":2,\"name\":\"Um morto e outro ferido durante cumprimento de mandado dos envolvidos em morte de entregador por APP\"}]},{\"@type\":\"WebSite\",\"@id\":\"https:\/\/www.comunicarmais.com.br\/site\/#website\",\"url\":\"https:\/\/www.comunicarmais.com.br\/site\/\",\"name\":\"Comunicar Mais\",\"description\":\"\",\"potentialAction\":[{\"@type\":\"SearchAction\",\"target\":{\"@type\":\"EntryPoint\",\"urlTemplate\":\"https:\/\/www.comunicarmais.com.br\/site\/?s={search_term_string}\"},\"query-input\":{\"@type\":\"PropertyValueSpecification\",\"valueRequired\":true,\"valueName\":\"search_term_string\"}}],\"inLanguage\":\"pt-BR\"},{\"@type\":\"Person\",\"@id\":\"https:\/\/www.comunicarmais.com.br\/site\/#\/schema\/person\/712f7b6b25b644e4a91c4173674cf284\",\"name\":\"Comunicar Mais\",\"image\":{\"@type\":\"ImageObject\",\"inLanguage\":\"pt-BR\",\"@id\":\"https:\/\/www.comunicarmais.com.br\/site\/#\/schema\/person\/image\/\",\"url\":\"https:\/\/secure.gravatar.com\/avatar\/9803218072e2c0dc265d3d787b54c2c33325e79f79732707fddfbf1efd82c678?s=96&d=mm&r=g\",\"contentUrl\":\"https:\/\/secure.gravatar.com\/avatar\/9803218072e2c0dc265d3d787b54c2c33325e79f79732707fddfbf1efd82c678?s=96&d=mm&r=g\",\"caption\":\"Comunicar Mais\"},\"description\":\"Deixe as ideologias com os ide\u00f3logos. Noticiamos fatos, n\u00e3o brigamos com eles. Aqui, voc\u00ea fica bem informado do que acontece no seu bairro e no mundo. Informar com \u00e9tica e responsabilidade s\u00e3o as bandeiras do Comunicarmais.\",\"sameAs\":[\"https:\/\/www.comunicarmais.com.br\/site\/\",\"https:\/\/www.facebook.com\/comunicarmais\/\",\"https:\/\/www.instagram.com\/comunicarmaisba\/\",\"https:\/\/x.com\/ComunicarmaisBA\"],\"url\":\"https:\/\/www.comunicarmais.com.br\/site\/author\/gerenciador\/\"}]}<\/script>\n<!-- \/ Yoast SEO plugin. -->","yoast_head_json":{"title":"Um morto e outro ferido durante cumprimento de mandado dos envolvidos em morte de entregador por APP - Comunicar Mais","description":"V\u00edtima foi sequestrada, torturada e esquartejada em Salvador","robots":{"index":"index","follow":"follow","max-snippet":"max-snippet:-1","max-image-preview":"max-image-preview:large","max-video-preview":"max-video-preview:-1"},"canonical":"https:\/\/www.comunicarmais.com.br\/site\/2025\/10\/09\/policia-cumpre-mandados-de-prisao-contra-envolvidos-em-homicidio-de-entregador-por-aplicativo\/","og_locale":"pt_BR","og_type":"article","og_title":"Um morto e outro ferido durante cumprimento de mandado dos envolvidos em morte de entregador por APP - Comunicar Mais","og_description":"V\u00edtima foi sequestrada, torturada e esquartejada em Salvador","og_url":"https:\/\/www.comunicarmais.com.br\/site\/2025\/10\/09\/policia-cumpre-mandados-de-prisao-contra-envolvidos-em-homicidio-de-entregador-por-aplicativo\/","og_site_name":"Comunicar Mais","article_publisher":"https:\/\/www.facebook.com\/comunicarmais\/","article_author":"https:\/\/www.facebook.com\/comunicarmais\/","article_published_time":"2025-10-09T10:15:00+00:00","article_modified_time":"2025-12-27T15:40:21+00:00","og_image":[{"width":1024,"height":768,"url":"https:\/\/www.comunicarmais.com.br\/site\/wp-content\/uploads\/2025\/10\/WhatsApp-Image-2025-10-08-at-17.10.43.jpeg","type":"image\/jpeg"}],"author":"Comunicar Mais","twitter_card":"summary_large_image","twitter_creator":"@ComunicarmaisBA","twitter_site":"@ComunicarmaisBA","twitter_misc":{"Escrito por":"Comunicar Mais","Est. tempo de leitura":"2 minutos"},"schema":{"@context":"https:\/\/schema.org","@graph":[{"@type":"WebPage","@id":"https:\/\/www.comunicarmais.com.br\/site\/2025\/10\/09\/policia-cumpre-mandados-de-prisao-contra-envolvidos-em-homicidio-de-entregador-por-aplicativo\/","url":"https:\/\/www.comunicarmais.com.br\/site\/2025\/10\/09\/policia-cumpre-mandados-de-prisao-contra-envolvidos-em-homicidio-de-entregador-por-aplicativo\/","name":"Um morto e outro ferido durante cumprimento de mandado dos envolvidos em morte de entregador por APP - Comunicar Mais","isPartOf":{"@id":"https:\/\/www.comunicarmais.com.br\/site\/#website"},"primaryImageOfPage":{"@id":"https:\/\/www.comunicarmais.com.br\/site\/2025\/10\/09\/policia-cumpre-mandados-de-prisao-contra-envolvidos-em-homicidio-de-entregador-por-aplicativo\/#primaryimage"},"image":{"@id":"https:\/\/www.comunicarmais.com.br\/site\/2025\/10\/09\/policia-cumpre-mandados-de-prisao-contra-envolvidos-em-homicidio-de-entregador-por-aplicativo\/#primaryimage"},"thumbnailUrl":"https:\/\/www.comunicarmais.com.br\/site\/wp-content\/uploads\/2025\/10\/WhatsApp-Image-2025-10-08-at-17.10.43.jpeg","datePublished":"2025-10-09T10:15:00+00:00","dateModified":"2025-12-27T15:40:21+00:00","author":{"@id":"https:\/\/www.comunicarmais.com.br\/site\/#\/schema\/person\/712f7b6b25b644e4a91c4173674cf284"},"description":"V\u00edtima foi sequestrada, torturada e esquartejada em Salvador","breadcrumb":{"@id":"https:\/\/www.comunicarmais.com.br\/site\/2025\/10\/09\/policia-cumpre-mandados-de-prisao-contra-envolvidos-em-homicidio-de-entregador-por-aplicativo\/#breadcrumb"},"inLanguage":"pt-BR","potentialAction":[{"@type":"ReadAction","target":["https:\/\/www.comunicarmais.com.br\/site\/2025\/10\/09\/policia-cumpre-mandados-de-prisao-contra-envolvidos-em-homicidio-de-entregador-por-aplicativo\/"]}]},{"@type":"ImageObject","inLanguage":"pt-BR","@id":"https:\/\/www.comunicarmais.com.br\/site\/2025\/10\/09\/policia-cumpre-mandados-de-prisao-contra-envolvidos-em-homicidio-de-entregador-por-aplicativo\/#primaryimage","url":"https:\/\/www.comunicarmais.com.br\/site\/wp-content\/uploads\/2025\/10\/WhatsApp-Image-2025-10-08-at-17.10.43.jpeg","contentUrl":"https:\/\/www.comunicarmais.com.br\/site\/wp-content\/uploads\/2025\/10\/WhatsApp-Image-2025-10-08-at-17.10.43.jpeg","width":1024,"height":768},{"@type":"BreadcrumbList","@id":"https:\/\/www.comunicarmais.com.br\/site\/2025\/10\/09\/policia-cumpre-mandados-de-prisao-contra-envolvidos-em-homicidio-de-entregador-por-aplicativo\/#breadcrumb","itemListElement":[{"@type":"ListItem","position":1,"name":"In\u00edcio","item":"https:\/\/www.comunicarmais.com.br\/site\/"},{"@type":"ListItem","position":2,"name":"Um morto e outro ferido durante cumprimento de mandado dos envolvidos em morte de entregador por APP"}]},{"@type":"WebSite","@id":"https:\/\/www.comunicarmais.com.br\/site\/#website","url":"https:\/\/www.comunicarmais.com.br\/site\/","name":"Comunicar Mais","description":"","potentialAction":[{"@type":"SearchAction","target":{"@type":"EntryPoint","urlTemplate":"https:\/\/www.comunicarmais.com.br\/site\/?s={search_term_string}"},"query-input":{"@type":"PropertyValueSpecification","valueRequired":true,"valueName":"search_term_string"}}],"inLanguage":"pt-BR"},{"@type":"Person","@id":"https:\/\/www.comunicarmais.com.br\/site\/#\/schema\/person\/712f7b6b25b644e4a91c4173674cf284","name":"Comunicar Mais","image":{"@type":"ImageObject","inLanguage":"pt-BR","@id":"https:\/\/www.comunicarmais.com.br\/site\/#\/schema\/person\/image\/","url":"https:\/\/secure.gravatar.com\/avatar\/9803218072e2c0dc265d3d787b54c2c33325e79f79732707fddfbf1efd82c678?s=96&d=mm&r=g","contentUrl":"https:\/\/secure.gravatar.com\/avatar\/9803218072e2c0dc265d3d787b54c2c33325e79f79732707fddfbf1efd82c678?s=96&d=mm&r=g","caption":"Comunicar Mais"},"description":"Deixe as ideologias com os ide\u00f3logos. Noticiamos fatos, n\u00e3o brigamos com eles. Aqui, voc\u00ea fica bem informado do que acontece no seu bairro e no mundo. Informar com \u00e9tica e responsabilidade s\u00e3o as bandeiras do Comunicarmais.","sameAs":["https:\/\/www.comunicarmais.com.br\/site\/","https:\/\/www.facebook.com\/comunicarmais\/","https:\/\/www.instagram.com\/comunicarmaisba\/","https:\/\/x.com\/ComunicarmaisBA"],"url":"https:\/\/www.comunicarmais.com.br\/site\/author\/gerenciador\/"}]}},"_links":{"self":[{"href":"https:\/\/www.comunicarmais.com.br\/site\/wp-json\/wp\/v2\/posts\/10516","targetHints":{"allow":["GET"]}}],"collection":[{"href":"https:\/\/www.comunicarmais.com.br\/site\/wp-json\/wp\/v2\/posts"}],"about":[{"href":"https:\/\/www.comunicarmais.com.br\/site\/wp-json\/wp\/v2\/types\/post"}],"author":[{"embeddable":true,"href":"https:\/\/www.comunicarmais.com.br\/site\/wp-json\/wp\/v2\/users\/2"}],"replies":[{"embeddable":true,"href":"https:\/\/www.comunicarmais.com.br\/site\/wp-json\/wp\/v2\/comments?post=10516"}],"version-history":[{"count":3,"href":"https:\/\/www.comunicarmais.com.br\/site\/wp-json\/wp\/v2\/posts\/10516\/revisions"}],"predecessor-version":[{"id":11964,"href":"https:\/\/www.comunicarmais.com.br\/site\/wp-json\/wp\/v2\/posts\/10516\/revisions\/11964"}],"wp:featuredmedia":[{"embeddable":true,"href":"https:\/\/www.comunicarmais.com.br\/site\/wp-json\/wp\/v2\/media\/10518"}],"wp:attachment":[{"href":"https:\/\/www.comunicarmais.com.br\/site\/wp-json\/wp\/v2\/media?parent=10516"}],"wp:term":[{"taxonomy":"category","embeddable":true,"href":"https:\/\/www.comunicarmais.com.br\/site\/wp-json\/wp\/v2\/categories?post=10516"},{"taxonomy":"post_tag","embeddable":true,"href":"https:\/\/www.comunicarmais.com.br\/site\/wp-json\/wp\/v2\/tags?post=10516"}],"curies":[{"name":"wp","href":"https:\/\/api.w.org\/{rel}","templated":true}]}}